{"id":10093,"date":"2012-04-12T07:20:21","date_gmt":"2012-04-12T05:20:21","guid":{"rendered":"https:\/\/www.redacteur.com\/blog\/?p=10093"},"modified":"2012-04-12T07:20:21","modified_gmt":"2012-04-12T05:20:21","slug":"faut-il-avoir-peur-de-la-semantique-de-google","status":"publish","type":"post","link":"https:\/\/www.redacteur.com\/blog\/faut-il-avoir-peur-de-la-semantique-de-google\/","title":{"rendered":"Faut-il avoir peur de la s\u00e9mantique de Google&nbsp;?"},"content":{"rendered":"<p><a href=\"https:\/\/www.redacteur.com\/blog\/faut-il-avoir-peur-de-la-semantique-de-google\/\" rel=\"attachment wp-att-1496\"><img decoding=\"async\" class=\"alignnone size-medium wp-image-1496\" title=\"google-recherche-semantique-moteur-web-internet\" alt=\"\" src=\"https:\/\/www.redacteur.com\/blog\/wp-content\/uploads\/fichiers\/2012\/04\/google-recherche-semantique-moteur-web-internet-212x134.jpg\" width=\"212\" height=\"134\" \/><\/a><br \/>\n<strong>Depuis le rachat de Metaweb Technologies en 2010, il est de notori\u00e9t\u00e9 publique que Google s\u2019int\u00e9resse \u00e0 la s\u00e9mantique et \u00e0 la possibilit\u00e9 que les internautes obtiennent des r\u00e9ponses directes \u00e0 leurs requ\u00eates. O\u00f9 en est ce projet aujourd\u2019hui&nbsp;?<\/strong><\/p>\n<h2>Ce qu\u2019il y avait avant\u2026<\/h2>\n<p>La s\u00e9mantique a toujours fait partie de Google. Le fait est qu\u2019il s\u2019agissait de petites r\u00e9ponses que g\u00e9n\u00e9rait Google comme la m\u00e9t\u00e9o, des horaires d\u2019avion, les derni\u00e8res s\u00e9ances de cin\u00e9ma ou encore des calculs math\u00e9matiques. Par exemple lorsque vous tapez \u00ab m\u00e9t\u00e9o \u00bb sur Google vous tombez sur&nbsp;:<\/p>\n<p><img decoding=\"async\" class=\"aligncenter size-large wp-image-1065\" title=\"google\" alt=\"\" src=\"https:\/\/www.redacteur.com\/blog\/wp-content\/uploads\/sites\/6\/2012\/04\/google-700x213.png\" width=\"640\" height=\"194\" \/><\/p>\n<p>Cette pol\u00e9mique subit une nouvelle actualit\u00e9 suite aux propos d\u2019<strong>Amit Singhal<\/strong>, figure de la Recherche et D\u00e9veloppement chez Google, publi\u00e9s dans le Wall Street Journal.<\/p>\n<h2>Les am\u00e9liorations en pr\u00e9vision\u2026<\/h2>\n<p>Selon David Degrelle, pr\u00e9sident de Premi\u00e8re Position, une agence de r\u00e9f\u00e9rencement, ces am\u00e9liorations apporteront un risque d\u2018<strong>impact entre 10 et 20%<\/strong> des requ\u00eates tap\u00e9es par les internautes. Ce risque pourra alors \u00e9galement impacter les autres sites sur des sujets en rapport aux diff\u00e9rentes requ\u00eates. Il faut voir comment cette s\u00e9mantique va \u00eatre int\u00e9gr\u00e9e et surtout comment vont r\u00e9agir les internautes face \u00e0 cela. A savoir s\u2019ils vont rester uniquement sur la r\u00e9ponse fournie par Google ou alors affiner leur recherche avec des d\u00e9finitions de mots cl\u00e9s ou autre. Un site en particulier est vis\u00e9&nbsp;: <strong>Wikip\u00e9dia<\/strong>, qui est devenu une marque depuis peu et qui appara\u00eet sur un grand nombre de recherche Google. Le but de cette mise \u00e0 jour est \u00e9galement de concurrencer <strong>Siri<\/strong> d\u2019Apple, en termes de recherches Internet intelligentes.<\/p>\n<p>Enfin, le d\u00e9veloppement de Facebook en tant que <strong>moteur de recherche<\/strong> dans quelques mois ou quelques ann\u00e9es est \u00e9galement probable. Face \u00e0 Facebook, N\u00b01 des r\u00e9seaux sociaux et r\u00e9seau sur lequel on passe le plus de temps, Google veut gagner des parts de march\u00e9 et le concurrencer en temps de pr\u00e9sence sur son site. Un internaute passe en moyenne <strong>3 minutes 30 sur Google+ par mois<\/strong> alors qu\u2019il passe pr\u00e8s de <strong>6h45 par mois sur Facebook<\/strong>. Il faudra suivre dans les prochaines semaines et les prochains mois l&#8217;\u00e9volution de Google et de son interface. Pour plus d\u2019informations, <a href=\"https:\/\/www.frenchweb.fr\/semantique-faut-il-craindre-le-moteur-intelligent-de-google-61097\" target=\"_blank\" rel=\"noopener noreferrer\">l\u2019interview de David Degrelle<\/a>, sur le site Frenchweb.<\/p>\n","protected":false},"excerpt":{"rendered":"<p>Depuis le rachat de Metaweb Technologies en 2010, il est de notori\u00e9t\u00e9 publique que Google s\u2019int\u00e9resse \u00e0 la s\u00e9mantique et \u00e0 la possibilit\u00e9 que les internautes obtiennent des r\u00e9ponses directes \u00e0 leurs requ\u00eates. O\u00f9 en est ce projet aujourd\u2019hui&nbsp;? Ce qu\u2019il y avait avant\u2026 La s\u00e9mantique a toujours fait partie de Google. Le fait est [&hellip;]<\/p>\n","protected":false},"author":1,"featured_media":0,"comment_status":"open","ping_status":"open","sticky":false,"template":"","format":"standard","meta":{"_acf_changed":false,"inline_featured_image":false,"footnotes":""},"categories":[26],"tags":[],"class_list":["post-10093","post","type-post","status-publish","format-standard","hentry","category-google"],"acf":[],"yoast_head":"<!-- This site is optimized with the Yoast SEO plugin v25.9 - https:\/\/yoast.com\/wordpress\/plugins\/seo\/ -->\n<title>Faut-il avoir peur de la s\u00e9mantique de Google ? - Redacteur Blog<\/title>\n<meta name=\"description\" content=\"Depuis le rachat de Metaweb Technologies en 2010, il est de notori\u00e9t\u00e9 publique que Google s\u2019int\u00e9resse \u00e0 la s\u00e9mantique et \u00e0 la possibilit\u00e9 que les\" \/>\n<meta name=\"robots\" content=\"index, follow, max-snippet:-1, max-image-preview:large, max-video-preview:-1\" \/>\n<link rel=\"canonical\" href=\"https:\/\/www.redacteur.com\/blog\/faut-il-avoir-peur-de-la-semantique-de-google\/\" \/>\n<meta property=\"og:locale\" content=\"fr_FR\" \/>\n<meta property=\"og:type\" content=\"article\" \/>\n<meta property=\"og:title\" content=\"Faut-il avoir peur de la s\u00e9mantique de Google ? - Redacteur Blog\" \/>\n<meta property=\"og:description\" content=\"Depuis le rachat de Metaweb Technologies en 2010, il est de notori\u00e9t\u00e9 publique que Google s\u2019int\u00e9resse \u00e0 la s\u00e9mantique et \u00e0 la possibilit\u00e9 que les\" \/>\n<meta property=\"og:url\" content=\"https:\/\/www.redacteur.com\/blog\/faut-il-avoir-peur-de-la-semantique-de-google\/\" \/>\n<meta property=\"og:site_name\" content=\"Redacteur.com\" \/>\n<meta property=\"article:publisher\" content=\"https:\/\/www.facebook.com\/redacteurcom\" \/>\n<meta property=\"article:published_time\" content=\"2012-04-12T05:20:21+00:00\" \/>\n<meta property=\"og:image\" content=\"https:\/\/www.redacteur.com\/blog\/wp-content\/uploads\/fichiers\/2012\/04\/google-recherche-semantique-moteur-web-internet-212x134.jpg\" \/>\n<meta name=\"author\" content=\"Laura Michaud\" \/>\n<meta name=\"twitter:card\" content=\"summary_large_image\" \/>\n<meta name=\"twitter:creator\" content=\"@Redacteurcom\" \/>\n<meta name=\"twitter:site\" content=\"@Redacteurcom\" \/>\n<meta name=\"twitter:label1\" content=\"\u00c9crit par\" \/>\n\t<meta name=\"twitter:data1\" content=\"Laura Michaud\" \/>\n\t<meta name=\"twitter:label2\" content=\"Dur\u00e9e de lecture estim\u00e9e\" \/>\n\t<meta name=\"twitter:data2\" content=\"2 minutes\" \/>\n<script type=\"application\/ld+json\" class=\"yoast-schema-graph\">{\"@context\":\"https:\/\/schema.org\",\"@graph\":[{\"@type\":\"Article\",\"@id\":\"https:\/\/www.redacteur.com\/blog\/faut-il-avoir-peur-de-la-semantique-de-google\/#article\",\"isPartOf\":{\"@id\":\"https:\/\/www.redacteur.com\/blog\/faut-il-avoir-peur-de-la-semantique-de-google\/\"},\"author\":{\"name\":\"Laura Michaud\",\"@id\":\"https:\/\/www.redacteur.com\/blog\/#\/schema\/person\/33c0ef04707fbe50a096f282050bb5f2\"},\"headline\":\"Faut-il avoir peur de la s\u00e9mantique de Google&nbsp;?\",\"datePublished\":\"2012-04-12T05:20:21+00:00\",\"mainEntityOfPage\":{\"@id\":\"https:\/\/www.redacteur.com\/blog\/faut-il-avoir-peur-de-la-semantique-de-google\/\"},\"wordCount\":413,\"commentCount\":0,\"publisher\":{\"@id\":\"https:\/\/www.redacteur.com\/blog\/#organization\"},\"image\":{\"@id\":\"https:\/\/www.redacteur.com\/blog\/faut-il-avoir-peur-de-la-semantique-de-google\/#primaryimage\"},\"thumbnailUrl\":\"https:\/\/www.redacteur.com\/blog\/wp-content\/uploads\/fichiers\/2012\/04\/google-recherche-semantique-moteur-web-internet-212x134.jpg\",\"articleSection\":[\"Google\"],\"inLanguage\":\"fr-FR\",\"potentialAction\":[{\"@type\":\"CommentAction\",\"name\":\"Comment\",\"target\":[\"https:\/\/www.redacteur.com\/blog\/faut-il-avoir-peur-de-la-semantique-de-google\/#respond\"]}]},{\"@type\":\"WebPage\",\"@id\":\"https:\/\/www.redacteur.com\/blog\/faut-il-avoir-peur-de-la-semantique-de-google\/\",\"url\":\"https:\/\/www.redacteur.com\/blog\/faut-il-avoir-peur-de-la-semantique-de-google\/\",\"name\":\"Faut-il avoir peur de la s\u00e9mantique de Google ? - Redacteur Blog\",\"isPartOf\":{\"@id\":\"https:\/\/www.redacteur.com\/blog\/#website\"},\"primaryImageOfPage\":{\"@id\":\"https:\/\/www.redacteur.com\/blog\/faut-il-avoir-peur-de-la-semantique-de-google\/#primaryimage\"},\"image\":{\"@id\":\"https:\/\/www.redacteur.com\/blog\/faut-il-avoir-peur-de-la-semantique-de-google\/#primaryimage\"},\"thumbnailUrl\":\"https:\/\/www.redacteur.com\/blog\/wp-content\/uploads\/fichiers\/2012\/04\/google-recherche-semantique-moteur-web-internet-212x134.jpg\",\"datePublished\":\"2012-04-12T05:20:21+00:00\",\"description\":\"Depuis le rachat de Metaweb Technologies en 2010, il est de notori\u00e9t\u00e9 publique que Google s\u2019int\u00e9resse \u00e0 la s\u00e9mantique et \u00e0 la possibilit\u00e9 que les\",\"breadcrumb\":{\"@id\":\"https:\/\/www.redacteur.com\/blog\/faut-il-avoir-peur-de-la-semantique-de-google\/#breadcrumb\"},\"inLanguage\":\"fr-FR\",\"potentialAction\":[{\"@type\":\"ReadAction\",\"target\":[\"https:\/\/www.redacteur.com\/blog\/faut-il-avoir-peur-de-la-semantique-de-google\/\"]}]},{\"@type\":\"ImageObject\",\"inLanguage\":\"fr-FR\",\"@id\":\"https:\/\/www.redacteur.com\/blog\/faut-il-avoir-peur-de-la-semantique-de-google\/#primaryimage\",\"url\":\"\",\"contentUrl\":\"\"},{\"@type\":\"BreadcrumbList\",\"@id\":\"https:\/\/www.redacteur.com\/blog\/faut-il-avoir-peur-de-la-semantique-de-google\/#breadcrumb\",\"itemListElement\":[{\"@type\":\"ListItem\",\"position\":1,\"name\":\"Blog\",\"item\":\"https:\/\/www.redacteur.com\/blog\/\"},{\"@type\":\"ListItem\",\"position\":2,\"name\":\"Strat\u00e9gie SEO\",\"item\":\"https:\/\/www.redacteur.com\/blog\/seo\/\"},{\"@type\":\"ListItem\",\"position\":3,\"name\":\"Google\",\"item\":\"https:\/\/www.redacteur.com\/blog\/seo\/google\/\"},{\"@type\":\"ListItem\",\"position\":4,\"name\":\"Faut-il avoir peur de la s\u00e9mantique de Google ?\"}]},{\"@type\":\"WebSite\",\"@id\":\"https:\/\/www.redacteur.com\/blog\/#website\",\"url\":\"https:\/\/www.redacteur.com\/blog\/\",\"name\":\"Redacteur.com\",\"description\":\"redacteur\",\"publisher\":{\"@id\":\"https:\/\/www.redacteur.com\/blog\/#organization\"},\"potentialAction\":[{\"@type\":\"SearchAction\",\"target\":{\"@type\":\"EntryPoint\",\"urlTemplate\":\"https:\/\/www.redacteur.com\/blog\/?s={search_term_string}\"},\"query-input\":{\"@type\":\"PropertyValueSpecification\",\"valueRequired\":true,\"valueName\":\"search_term_string\"}}],\"inLanguage\":\"fr-FR\"},{\"@type\":\"Organization\",\"@id\":\"https:\/\/www.redacteur.com\/blog\/#organization\",\"name\":\"Redacteur.com\",\"url\":\"https:\/\/www.redacteur.com\/blog\/\",\"logo\":{\"@type\":\"ImageObject\",\"inLanguage\":\"fr-FR\",\"@id\":\"https:\/\/www.redacteur.com\/blog\/#\/schema\/logo\/image\/\",\"url\":\"https:\/\/www.redacteur.com\/blog\/wp-content\/uploads\/sites\/6\/2022\/10\/logo-redacteur-blog.svg\",\"contentUrl\":\"https:\/\/www.redacteur.com\/blog\/wp-content\/uploads\/sites\/6\/2022\/10\/logo-redacteur-blog.svg\",\"width\":1,\"height\":1,\"caption\":\"Redacteur.com\"},\"image\":{\"@id\":\"https:\/\/www.redacteur.com\/blog\/#\/schema\/logo\/image\/\"},\"sameAs\":[\"https:\/\/www.facebook.com\/redacteurcom\",\"https:\/\/x.com\/Redacteurcom\",\"https:\/\/www.linkedin.com\/company\/redacteur-com\",\"https:\/\/www.youtube.com\/channel\/UCgj9ySM9xy3gdL8qBafl9Uw\/\"]},{\"@type\":\"Person\",\"@id\":\"https:\/\/www.redacteur.com\/blog\/#\/schema\/person\/33c0ef04707fbe50a096f282050bb5f2\",\"name\":\"Laura Michaud\",\"image\":{\"@type\":\"ImageObject\",\"inLanguage\":\"fr-FR\",\"@id\":\"https:\/\/www.redacteur.com\/blog\/#\/schema\/person\/image\/\",\"url\":\"https:\/\/secure.gravatar.com\/avatar\/c3328cc0c887f98cec6b2979af3311ab6333fc7cc2d4847514cfec6a56fa08a7?s=96&d=mm&r=g\",\"contentUrl\":\"https:\/\/secure.gravatar.com\/avatar\/c3328cc0c887f98cec6b2979af3311ab6333fc7cc2d4847514cfec6a56fa08a7?s=96&d=mm&r=g\",\"caption\":\"Laura Michaud\"},\"description\":\"Laura connait tous les meilleurs outils pour g\u00e9rer des projets et une entreprise. Cr\u00e9ative, c'est aussi une sp\u00e9cialiste des outils de cr\u00e9ation graphique pour faire briller une entreprise.\",\"sameAs\":[\"https:\/\/www.linkedin.com\/in\/michaudlaura\/\"],\"url\":\"https:\/\/www.redacteur.com\/blog\/author\/laura\/\"}]}<\/script>\n<!-- \/ Yoast SEO plugin. -->","yoast_head_json":{"title":"Faut-il avoir peur de la s\u00e9mantique de Google ? - Redacteur Blog","description":"Depuis le rachat de Metaweb Technologies en 2010, il est de notori\u00e9t\u00e9 publique que Google s\u2019int\u00e9resse \u00e0 la s\u00e9mantique et \u00e0 la possibilit\u00e9 que les","robots":{"index":"index","follow":"follow","max-snippet":"max-snippet:-1","max-image-preview":"max-image-preview:large","max-video-preview":"max-video-preview:-1"},"canonical":"https:\/\/www.redacteur.com\/blog\/faut-il-avoir-peur-de-la-semantique-de-google\/","og_locale":"fr_FR","og_type":"article","og_title":"Faut-il avoir peur de la s\u00e9mantique de Google ? - Redacteur Blog","og_description":"Depuis le rachat de Metaweb Technologies en 2010, il est de notori\u00e9t\u00e9 publique que Google s\u2019int\u00e9resse \u00e0 la s\u00e9mantique et \u00e0 la possibilit\u00e9 que les","og_url":"https:\/\/www.redacteur.com\/blog\/faut-il-avoir-peur-de-la-semantique-de-google\/","og_site_name":"Redacteur.com","article_publisher":"https:\/\/www.facebook.com\/redacteurcom","article_published_time":"2012-04-12T05:20:21+00:00","og_image":[{"url":"https:\/\/www.redacteur.com\/blog\/wp-content\/uploads\/fichiers\/2012\/04\/google-recherche-semantique-moteur-web-internet-212x134.jpg","type":"","width":"","height":""}],"author":"Laura Michaud","twitter_card":"summary_large_image","twitter_creator":"@Redacteurcom","twitter_site":"@Redacteurcom","twitter_misc":{"\u00c9crit par":"Laura Michaud","Dur\u00e9e de lecture estim\u00e9e":"2 minutes"},"schema":{"@context":"https:\/\/schema.org","@graph":[{"@type":"Article","@id":"https:\/\/www.redacteur.com\/blog\/faut-il-avoir-peur-de-la-semantique-de-google\/#article","isPartOf":{"@id":"https:\/\/www.redacteur.com\/blog\/faut-il-avoir-peur-de-la-semantique-de-google\/"},"author":{"name":"Laura Michaud","@id":"https:\/\/www.redacteur.com\/blog\/#\/schema\/person\/33c0ef04707fbe50a096f282050bb5f2"},"headline":"Faut-il avoir peur de la s\u00e9mantique de Google&nbsp;?","datePublished":"2012-04-12T05:20:21+00:00","mainEntityOfPage":{"@id":"https:\/\/www.redacteur.com\/blog\/faut-il-avoir-peur-de-la-semantique-de-google\/"},"wordCount":413,"commentCount":0,"publisher":{"@id":"https:\/\/www.redacteur.com\/blog\/#organization"},"image":{"@id":"https:\/\/www.redacteur.com\/blog\/faut-il-avoir-peur-de-la-semantique-de-google\/#primaryimage"},"thumbnailUrl":"https:\/\/www.redacteur.com\/blog\/wp-content\/uploads\/fichiers\/2012\/04\/google-recherche-semantique-moteur-web-internet-212x134.jpg","articleSection":["Google"],"inLanguage":"fr-FR","potentialAction":[{"@type":"CommentAction","name":"Comment","target":["https:\/\/www.redacteur.com\/blog\/faut-il-avoir-peur-de-la-semantique-de-google\/#respond"]}]},{"@type":"WebPage","@id":"https:\/\/www.redacteur.com\/blog\/faut-il-avoir-peur-de-la-semantique-de-google\/","url":"https:\/\/www.redacteur.com\/blog\/faut-il-avoir-peur-de-la-semantique-de-google\/","name":"Faut-il avoir peur de la s\u00e9mantique de Google ? - Redacteur Blog","isPartOf":{"@id":"https:\/\/www.redacteur.com\/blog\/#website"},"primaryImageOfPage":{"@id":"https:\/\/www.redacteur.com\/blog\/faut-il-avoir-peur-de-la-semantique-de-google\/#primaryimage"},"image":{"@id":"https:\/\/www.redacteur.com\/blog\/faut-il-avoir-peur-de-la-semantique-de-google\/#primaryimage"},"thumbnailUrl":"https:\/\/www.redacteur.com\/blog\/wp-content\/uploads\/fichiers\/2012\/04\/google-recherche-semantique-moteur-web-internet-212x134.jpg","datePublished":"2012-04-12T05:20:21+00:00","description":"Depuis le rachat de Metaweb Technologies en 2010, il est de notori\u00e9t\u00e9 publique que Google s\u2019int\u00e9resse \u00e0 la s\u00e9mantique et \u00e0 la possibilit\u00e9 que les","breadcrumb":{"@id":"https:\/\/www.redacteur.com\/blog\/faut-il-avoir-peur-de-la-semantique-de-google\/#breadcrumb"},"inLanguage":"fr-FR","potentialAction":[{"@type":"ReadAction","target":["https:\/\/www.redacteur.com\/blog\/faut-il-avoir-peur-de-la-semantique-de-google\/"]}]},{"@type":"ImageObject","inLanguage":"fr-FR","@id":"https:\/\/www.redacteur.com\/blog\/faut-il-avoir-peur-de-la-semantique-de-google\/#primaryimage","url":"","contentUrl":""},{"@type":"BreadcrumbList","@id":"https:\/\/www.redacteur.com\/blog\/faut-il-avoir-peur-de-la-semantique-de-google\/#breadcrumb","itemListElement":[{"@type":"ListItem","position":1,"name":"Blog","item":"https:\/\/www.redacteur.com\/blog\/"},{"@type":"ListItem","position":2,"name":"Strat\u00e9gie SEO","item":"https:\/\/www.redacteur.com\/blog\/seo\/"},{"@type":"ListItem","position":3,"name":"Google","item":"https:\/\/www.redacteur.com\/blog\/seo\/google\/"},{"@type":"ListItem","position":4,"name":"Faut-il avoir peur de la s\u00e9mantique de Google ?"}]},{"@type":"WebSite","@id":"https:\/\/www.redacteur.com\/blog\/#website","url":"https:\/\/www.redacteur.com\/blog\/","name":"Redacteur.com","description":"redacteur","publisher":{"@id":"https:\/\/www.redacteur.com\/blog\/#organization"},"potentialAction":[{"@type":"SearchAction","target":{"@type":"EntryPoint","urlTemplate":"https:\/\/www.redacteur.com\/blog\/?s={search_term_string}"},"query-input":{"@type":"PropertyValueSpecification","valueRequired":true,"valueName":"search_term_string"}}],"inLanguage":"fr-FR"},{"@type":"Organization","@id":"https:\/\/www.redacteur.com\/blog\/#organization","name":"Redacteur.com","url":"https:\/\/www.redacteur.com\/blog\/","logo":{"@type":"ImageObject","inLanguage":"fr-FR","@id":"https:\/\/www.redacteur.com\/blog\/#\/schema\/logo\/image\/","url":"https:\/\/www.redacteur.com\/blog\/wp-content\/uploads\/sites\/6\/2022\/10\/logo-redacteur-blog.svg","contentUrl":"https:\/\/www.redacteur.com\/blog\/wp-content\/uploads\/sites\/6\/2022\/10\/logo-redacteur-blog.svg","width":1,"height":1,"caption":"Redacteur.com"},"image":{"@id":"https:\/\/www.redacteur.com\/blog\/#\/schema\/logo\/image\/"},"sameAs":["https:\/\/www.facebook.com\/redacteurcom","https:\/\/x.com\/Redacteurcom","https:\/\/www.linkedin.com\/company\/redacteur-com","https:\/\/www.youtube.com\/channel\/UCgj9ySM9xy3gdL8qBafl9Uw\/"]},{"@type":"Person","@id":"https:\/\/www.redacteur.com\/blog\/#\/schema\/person\/33c0ef04707fbe50a096f282050bb5f2","name":"Laura Michaud","image":{"@type":"ImageObject","inLanguage":"fr-FR","@id":"https:\/\/www.redacteur.com\/blog\/#\/schema\/person\/image\/","url":"https:\/\/secure.gravatar.com\/avatar\/c3328cc0c887f98cec6b2979af3311ab6333fc7cc2d4847514cfec6a56fa08a7?s=96&d=mm&r=g","contentUrl":"https:\/\/secure.gravatar.com\/avatar\/c3328cc0c887f98cec6b2979af3311ab6333fc7cc2d4847514cfec6a56fa08a7?s=96&d=mm&r=g","caption":"Laura Michaud"},"description":"Laura connait tous les meilleurs outils pour g\u00e9rer des projets et une entreprise. Cr\u00e9ative, c'est aussi une sp\u00e9cialiste des outils de cr\u00e9ation graphique pour faire briller une entreprise.","sameAs":["https:\/\/www.linkedin.com\/in\/michaudlaura\/"],"url":"https:\/\/www.redacteur.com\/blog\/author\/laura\/"}]}},"_links":{"self":[{"href":"https:\/\/www.redacteur.com\/blog\/wp-json\/wp\/v2\/posts\/10093","targetHints":{"allow":["GET"]}}],"collection":[{"href":"https:\/\/www.redacteur.com\/blog\/wp-json\/wp\/v2\/posts"}],"about":[{"href":"https:\/\/www.redacteur.com\/blog\/wp-json\/wp\/v2\/types\/post"}],"author":[{"embeddable":true,"href":"https:\/\/www.redacteur.com\/blog\/wp-json\/wp\/v2\/users\/1"}],"replies":[{"embeddable":true,"href":"https:\/\/www.redacteur.com\/blog\/wp-json\/wp\/v2\/comments?post=10093"}],"version-history":[{"count":0,"href":"https:\/\/www.redacteur.com\/blog\/wp-json\/wp\/v2\/posts\/10093\/revisions"}],"wp:attachment":[{"href":"https:\/\/www.redacteur.com\/blog\/wp-json\/wp\/v2\/media?parent=10093"}],"wp:term":[{"taxonomy":"category","embeddable":true,"href":"https:\/\/www.redacteur.com\/blog\/wp-json\/wp\/v2\/categories?post=10093"},{"taxonomy":"post_tag","embeddable":true,"href":"https:\/\/www.redacteur.com\/blog\/wp-json\/wp\/v2\/tags?post=10093"}],"curies":[{"name":"wp","href":"https:\/\/api.w.org\/{rel}","templated":true}]}}