{"id":1018,"date":"2019-12-06T10:30:20","date_gmt":"2019-12-06T09:30:20","guid":{"rendered":"https:\/\/www.redacteur.com\/blog\/?p=1018"},"modified":"2019-12-06T10:30:20","modified_gmt":"2019-12-06T09:30:20","slug":"guide-sous-traiter-efficacement-redaction-web","status":"publish","type":"post","link":"https:\/\/www.redacteur.com\/blog\/guide-sous-traiter-efficacement-redaction-web\/","title":{"rendered":"Le guide pour sous-traiter efficacement votre r\u00e9daction web"},"content":{"rendered":"<p>Le marketing de contenu est aujourd&#8217;hui incontournable dans une strat\u00e9gie web.<\/p>\n<p><a href=\"https:\/\/www.demandmetric.com\/content\/content-marketing-infographic\" target=\"_blank\" rel=\"noopener noreferrer\">90% des entreprises l&#8217;utilisent dans leur strat\u00e9gie marketing<\/a><em> (Demand Metric).\u00a0<\/em>Cependant, une bonne strat\u00e9gie implique de produire des contenus de qualit\u00e9, optimis\u00e9s pour le web afin d&#8217;attirer de nouveaux clients. Il est donc imp\u00e9ratif de confier cette mission de <a href=\"https:\/\/www.redacteur.com\/\" target=\"_blank\" rel=\"noopener noreferrer\"><strong>r\u00e9daction web \u00e0 un professionnel<\/strong><\/a> qui maitrise toutes les sp\u00e9cificit\u00e9s de cet exercice.<\/p>\n<p>Pour diverses raisons de co\u00fbt et de comp\u00e9tences, beaucoup d&#8217;entreprises font le choix d&#8217;externaliser leur r\u00e9daction web, mais pour que cela soit efficace et corresponde aux besoins de l&#8217;entreprise, certaines r\u00e8gles sont primordiales.<\/p>\n<p>Voici donc un guide qui devrait vous aider \u00e0 sous-traiter efficacement votre <a href=\"https:\/\/www.redacteur.com\/blog\/la-regle-des-5w-en-redaction-web\/\">r\u00e9daction web<\/a>.<\/p>\n<p>&nbsp;<\/p>\n<h2>Pourquoi sous-traiter sa r\u00e9daction web&nbsp;?<\/h2>\n<p>La r\u00e9daction web est, \u00e0 ce jour, une chose qui prend de plus en plus d\u2019ampleur. Les raisons sont assez \u00e9videntes d\u2019un point de vue SEO mais aussi d\u2019un <a href=\"https:\/\/www.redacteur.com\/blog\/redaction-web-6-astuces-ecrire-linternaute\/\" target=\"_blank\" rel=\"noopener noreferrer\">point de vue consommateur<\/a>. Ces derniers pr\u00e9f\u00e8rent certainement un texte bien construit, agr\u00e9able \u00e0 lire et surtout beaucoup plus instructif qu\u2019un copier-coller.<\/p>\n<p><img decoding=\"async\" class=\"aligncenter wp-image-17875\" src=\"https:\/\/www.redacteur.com\/blog\/wp-content\/uploads\/sites\/6\/2017\/11\/redacteur-blog-img-piege-a-eviter.jpg\" alt=\"\" width=\"608\" height=\"429\" srcset=\"https:\/\/www.redacteur.com\/blog\/wp-content\/uploads\/sites\/6\/2017\/11\/redacteur-blog-img-piege-a-eviter.jpg 850w, https:\/\/www.redacteur.com\/blog\/wp-content\/uploads\/sites\/6\/2017\/11\/redacteur-blog-img-piege-a-eviter-300x212.jpg 300w, https:\/\/www.redacteur.com\/blog\/wp-content\/uploads\/sites\/6\/2017\/11\/redacteur-blog-img-piege-a-eviter-768x542.jpg 768w, https:\/\/www.redacteur.com\/blog\/wp-content\/uploads\/sites\/6\/2017\/11\/redacteur-blog-img-piege-a-eviter-60x42.jpg 60w, https:\/\/www.redacteur.com\/blog\/wp-content\/uploads\/sites\/6\/2017\/11\/redacteur-blog-img-piege-a-eviter-370x261.jpg 370w, https:\/\/www.redacteur.com\/blog\/wp-content\/uploads\/sites\/6\/2017\/11\/redacteur-blog-img-piege-a-eviter-270x191.jpg 270w, https:\/\/www.redacteur.com\/blog\/wp-content\/uploads\/sites\/6\/2017\/11\/redacteur-blog-img-piege-a-eviter-570x402.jpg 570w, https:\/\/www.redacteur.com\/blog\/wp-content\/uploads\/sites\/6\/2017\/11\/redacteur-blog-img-piege-a-eviter-740x522.jpg 740w\" sizes=\"(max-width: 608px) 100vw, 608px\" \/><\/p>\n<p>Cependant, il n\u2019est pas toujours facile de produire un texte de qualit\u00e9 mais surtout d&#8217;avoir le temps de le faire&nbsp;! C\u2019est pour cela que sous-traiter la r\u00e9daction web est de plus en plus courant.<\/p>\n<p>Cela nous permet souvent de pallier un manque de comp\u00e9tence en interne, que ce soit en mati\u00e8re de qualit\u00e9 r\u00e9dactionnelle mais \u00e9galement en termes de qualit\u00e9 pour les moteurs de recherche.<\/p>\n<blockquote><p>Une personne qualifi\u00e9e dans ces deux domaines vous permettra d\u2019obtenir un contenu de qualit\u00e9 mais aussi de gagner du temps, car oui r\u00e9diger du texte prend \u00e9norm\u00e9ment de temps&nbsp;!<\/p><\/blockquote>\n<p>En effet pour \u00e9crire un texte, il n\u2019est pas n\u00e9cessaire de sous-traiter mais la r\u00e9daction web est une activit\u00e9 qui doit \u00eatre faite avec de la r\u00e9gularit\u00e9 pour avoir un r\u00e9el impact. Il faudra soit avoir <strong>une personne en interne<\/strong> pour r\u00e9diger vos textes (\u00e0 plein temps) ou alors il vous faudra trouver un partenaire en externe.<\/p>\n<p><img decoding=\"async\" class=\"aligncenter size-full wp-image-17955\" src=\"https:\/\/www.redacteur.com\/blog\/wp-content\/uploads\/sites\/6\/2015\/09\/redactrice-freelance-web-redacteur-e1575298705592.jpg\" alt=\"\" width=\"650\" height=\"434\" srcset=\"https:\/\/www.redacteur.com\/blog\/wp-content\/uploads\/sites\/6\/2015\/09\/redactrice-freelance-web-redacteur-e1575298705592.jpg 650w, https:\/\/www.redacteur.com\/blog\/wp-content\/uploads\/sites\/6\/2015\/09\/redactrice-freelance-web-redacteur-e1575298705592-300x200.jpg 300w, https:\/\/www.redacteur.com\/blog\/wp-content\/uploads\/sites\/6\/2015\/09\/redactrice-freelance-web-redacteur-e1575298705592-60x40.jpg 60w, https:\/\/www.redacteur.com\/blog\/wp-content\/uploads\/sites\/6\/2015\/09\/redactrice-freelance-web-redacteur-e1575298705592-370x247.jpg 370w, https:\/\/www.redacteur.com\/blog\/wp-content\/uploads\/sites\/6\/2015\/09\/redactrice-freelance-web-redacteur-e1575298705592-270x180.jpg 270w, https:\/\/www.redacteur.com\/blog\/wp-content\/uploads\/sites\/6\/2015\/09\/redactrice-freelance-web-redacteur-e1575298705592-570x381.jpg 570w\" sizes=\"(max-width: 650px) 100vw, 650px\" \/><\/p>\n<p>De nos jours avoir une personne en interne \u00e0 plein temps pour r\u00e9diger des textes n\u2019est pas forc\u00e9ment envisageable pour toutes les entreprises, \u00e0 cause du co\u00fbt que cela engendre. Il est donc, parfois, bien plus int\u00e9ressant financi\u00e8rement d\u2019externaliser cette pratique en choisissant un partenaire de qualit\u00e9.<\/p>\n<p>Ce dernier doit \u00eatre capable de r\u00e9diger des textes de mani\u00e8re r\u00e9guli\u00e8re, qualitatifs en mati\u00e8re de r\u00e9dactionnel et optimis\u00e9s pour les moteurs de recherche, tout en collant \u00e0 l&#8217;image et au style de votre entreprise.<\/p>\n<p>Il convient donc de bien faire attention au <a href=\"https:\/\/www.redacteur.com\/blog\/5-conseils-choisir-redacteur-web\/\" target=\"_blank\" rel=\"noopener noreferrer\">choix de votre r\u00e9dacteur web<\/a>, un test peut par exemple \u00eatre conseill\u00e9 pour \u00e9viter toute erreur de casting.<\/p>\n<p>&nbsp;<\/p>\n<h2>Comment organiser la sous-traitance de vos textes&nbsp;?<\/h2>\n<p>Que ce soit pour pallier \u00e0 un manque de temps ou tout simplement pour accroitre la qualit\u00e9 r\u00e9dactionnelle d\u2019un site internet, nombreux sont aujourd\u2019hui les propri\u00e9taires de site internet et webmasters qui font appel \u00e0 des professionnels de la r\u00e9daction web.<\/p>\n<h3>Un brief pr\u00e9cis&nbsp;!<\/h3>\n<p>Afin d&#8217;\u00eatre efficace et utile \u00e0 l&#8217;entreprise, cette sous-traitance n\u00e9cessite un travail pr\u00e9paratoire qu\u2019il ne faut pas n\u00e9gliger. Sans un bon briefing de d\u00e9part, vous risquez de ne pas donner un cadre suffisamment pr\u00e9cis \u00e0 votre r\u00e9dacteur.<\/p>\n<p><a href=\"https:\/\/www.redacteur.com\/blog\/wp-content\/uploads\/sites\/6\/2015\/09\/brief-2-e1441177951659.jpg\"><img decoding=\"async\" class=\" size-full wp-image-1055 aligncenter\" src=\"https:\/\/www.redacteur.com\/blog\/wp-content\/uploads\/sites\/6\/2015\/09\/brief-2-e1441177951659.jpg\" alt=\"Sous-traitance r\u00e9daction web\" width=\"700\" height=\"467\" srcset=\"https:\/\/www.redacteur.com\/blog\/wp-content\/uploads\/sites\/6\/2015\/09\/brief-2-e1441177951659.jpg 700w, https:\/\/www.redacteur.com\/blog\/wp-content\/uploads\/sites\/6\/2015\/09\/brief-2-e1441177951659-300x200.jpg 300w, https:\/\/www.redacteur.com\/blog\/wp-content\/uploads\/sites\/6\/2015\/09\/brief-2-e1441177951659-60x40.jpg 60w, https:\/\/www.redacteur.com\/blog\/wp-content\/uploads\/sites\/6\/2015\/09\/brief-2-e1441177951659-370x247.jpg 370w, https:\/\/www.redacteur.com\/blog\/wp-content\/uploads\/sites\/6\/2015\/09\/brief-2-e1441177951659-270x180.jpg 270w, https:\/\/www.redacteur.com\/blog\/wp-content\/uploads\/sites\/6\/2015\/09\/brief-2-e1441177951659-570x380.jpg 570w\" sizes=\"(max-width: 700px) 100vw, 700px\" \/><\/a><\/p>\n<p>Tout d\u2019abord, sachez que la <a href=\"https:\/\/www.redacteur.com\/service\/creer-contenu-site\/\" target=\"_blank\" rel=\"noopener noreferrer\">cr\u00e9ation d\u2019un contenu de site internet<\/a> comporte trois phases&nbsp;: <\/p>\n<ul>\n<li>La pr\u00e9paration<\/li>\n<li>La r\u00e9daction<\/li>\n<li>La validation<\/li>\n<\/ul>\n<p>Plus vous pr\u00e9parerez la premi\u00e8re \u00e9tape et plus les deux autres r\u00e9pondront correctement \u00e0 vos besoins dans un laps de temps r\u00e9duit.<\/p>\n<p>Ainsi, certains points cruciaux doivent obligatoirement \u00eatre abord\u00e9s avec votre r\u00e9dacteur afin de lui donner une direction \u00e0 suivre et un cadre \u00e0 respecter&nbsp;: <\/p>\n<ul>\n<li>\u00c9voquez les valeurs de votre entreprise, vos produits et votre univers. N\u2019oubliez pas qu\u2019il s\u2019agit d\u2019un prestataire externe et qu\u2019il faut qu\u2019il s\u2019impr\u00e8gne de ces \u00e9l\u00e9ments pour vous rendre un travail qui corresponde au style de votre soci\u00e9t\u00e9.<\/li>\n<li>D\u00e9finissez pr\u00e9cis\u00e9ment vos besoins, vos attentes et les cibles que vous visez.<\/li>\n<li>Donnez-lui le titre de votre projet ainsi que celui du texte qu\u2019il doit r\u00e9diger.<\/li>\n<li>D\u00e9finissez le nombre de mots maximum et minimum, ainsi qu\u2019une date limite de rendu.<\/li>\n<li>Pr\u00e9cisez, si vous en avez, les mots cl\u00e9s pour lesquels le texte devra \u00eatre optimis\u00e9.<\/li>\n<li>Pr\u00e9cisez-lui s\u2019il doit vous rendre son texte dans un format particulier (XML, CSV, XLS\u2026).<\/li>\n<li>Indiquez-lui si votre site a une structure particuli\u00e8re (avec des titres et diff\u00e9rentes parties).<\/li>\n<li>Fournissez-lui un plan clair de ce que vous souhaitez, afin de laisser le moins de place possible \u00e0 l&#8217;improvisation.<\/li>\n<\/ul>\n<p>Ne n\u00e9gligez aucun d\u00e9tail et dites-vous bien qu\u2019il est pr\u00e9f\u00e9rable d\u2019en dire trop que pas assez.<\/p>\n<blockquote><p>Si vous avez une id\u00e9e pr\u00e9cise du texte \u00e0 recevoir, faites une description la plus d\u00e9taill\u00e9e possible \u00e0 votre r\u00e9dacteur. Si votre brief manque de pr\u00e9cision, votre r\u00e9dacteur improvisera \u00e0 sa mani\u00e8re.<\/p><\/blockquote>\n<p>&nbsp;<\/p>\n<h3>Contr\u00f4le et ajustement<\/h3>\n<p>La qualit\u00e9 du contenu est un \u00e9l\u00e9ment essentiel afin que votre site soit bien r\u00e9f\u00e9renc\u00e9 et en vue d\u2019attirer un maximum de visiteurs sur votre page. Il est donc extr\u00eamement important de contr\u00f4ler avec minutie le texte que vous livre votre r\u00e9dacteur web.<\/p>\n<p>En effet, m\u00eame avec un bon brief de pr\u00e9paration, la r\u00e9daction reste quelque chose de subjectif. De plus, le fait que cet intervenant soit externe \u00e0 l\u2019entreprise, ne vous assure pas qu\u2019il ait totalement cern\u00e9 les valeurs que vous souhaitez v\u00e9hiculer.<\/p>\n<p>Il convient donc de v\u00e9rifier que les consignes de d\u00e9part aient \u00e9t\u00e9 totalement respect\u00e9es. Assurez-vous \u00e9galement que le contenu soit int\u00e9ressant et qu\u2019il r\u00e9ponde \u00e0 vos attentes en terme qualitatif. Seules des informations qualifi\u00e9es assureront la p\u00e9rennit\u00e9 de votre site.<\/p>\n<p><img decoding=\"async\" class=\"aligncenter wp-image-13447\" src=\"https:\/\/www.redacteur.com\/blog\/wp-content\/uploads\/sites\/6\/2018\/08\/redacteur-rediger-rapidement.png\" alt=\"Conseils r\u00e9diger rapidement\" width=\"617\" height=\"435\" srcset=\"https:\/\/www.redacteur.com\/blog\/wp-content\/uploads\/sites\/6\/2018\/08\/redacteur-rediger-rapidement.png 850w, https:\/\/www.redacteur.com\/blog\/wp-content\/uploads\/sites\/6\/2018\/08\/redacteur-rediger-rapidement-300x212.png 300w, https:\/\/www.redacteur.com\/blog\/wp-content\/uploads\/sites\/6\/2018\/08\/redacteur-rediger-rapidement-768x542.png 768w, https:\/\/www.redacteur.com\/blog\/wp-content\/uploads\/sites\/6\/2018\/08\/redacteur-rediger-rapidement-60x42.png 60w, https:\/\/www.redacteur.com\/blog\/wp-content\/uploads\/sites\/6\/2018\/08\/redacteur-rediger-rapidement-370x261.png 370w, https:\/\/www.redacteur.com\/blog\/wp-content\/uploads\/sites\/6\/2018\/08\/redacteur-rediger-rapidement-270x191.png 270w, https:\/\/www.redacteur.com\/blog\/wp-content\/uploads\/sites\/6\/2018\/08\/redacteur-rediger-rapidement-570x402.png 570w, https:\/\/www.redacteur.com\/blog\/wp-content\/uploads\/sites\/6\/2018\/08\/redacteur-rediger-rapidement-740x522.png 740w\" sizes=\"(max-width: 617px) 100vw, 617px\" \/><\/p>\n<p>La structure est aussi tr\u00e8s importante. De bonnes id\u00e9es mal ordonn\u00e9es n&#8217;auront pas le m\u00eame impact sur le lecteur qu&#8217;un<a href=\"https:\/\/www.redacteur.com\/blog\/gras-italique-souligne-conseil-articles-blog\/\" target=\"_blank\" rel=\"noopener noreferrer\"> texte clair et lisible.<\/a><\/p>\n<p>De plus, n\u2019oublions pas que la capacit\u00e9 r\u00e9dactionnelle implique la facult\u00e9 de trouver des id\u00e9es pertinentes et originales. Autrement dit, le contenu se doit d\u2019\u00eatre<strong> authentique<\/strong>. Veillez donc \u00e0 ce qu\u2019il ne s\u2019agisse pas d\u2019un plagiat. Dans le m\u00eame temps, pensez \u00e0 v\u00e9rifier ses sources et l&#8217;exactitude des donn\u00e9es fournies.<\/p>\n<blockquote><p>Si besoin, n\u2019h\u00e9sitez pas \u00e0 revenir vers votre r\u00e9dacteur pour lui demander des ajustements. Mieux vaut perdre un peu temps avant le lancement de votre site plut\u00f4t que de faire paraitre une page dont vous n\u2019\u00eates que moyennement convaincu au risque de ternir votre image.<\/p><\/blockquote>\n<p>D\u2019autre part, le fait de demander quelques retouches ne veut pas forc\u00e9ment dire que votre sous-traitant a fourni un mauvais travail de d\u00e9part. Cette phase vous permettra aussi de juger sa capacit\u00e9 \u00e0 revoir ses id\u00e9es initiales ainsi que sa r\u00e9activit\u00e9.<\/p>\n<p>C\u2019est un tr\u00e8s bon moyen de l\u2019\u00e9valuer en vue de continuer \u00e0 collaborer avec lui. Ainsi, vous pourrez \u00e9toffer votre carnet d\u2019adresse, ce qui vous fera gagner un temps pr\u00e9cieux lors de la r\u00e9daction de vos futurs contenus.<\/p>\n<blockquote><p>\u00c0 lire aussi&nbsp;: <a href=\"https:\/\/www.redacteur.com\/blog\/redacteur-creer-portfolio\/\">R\u00e9dacteur&nbsp;: comment cr\u00e9er un portfolio qui fasse la diff\u00e9rence&nbsp;?<\/a><\/p><\/blockquote>\n<p>&nbsp;<\/p>\n<h2>Comment avons-nous r\u00e9dig\u00e9 cet article&nbsp;?<\/h2>\n<p>Pour cet article nous avons utilis\u00e9 les services de Redacteur.com, voici donc comment nous avons fait pour profiter au mieux de la sous-traitance de notre r\u00e9daction web&nbsp;:<\/p>\n<h3>1\u00e8re \u00e9tape&nbsp;: Nous avons d\u00e9fini notre besoin<\/h3>\n<p>Nous avons donc d\u00e9fini pr\u00e9cis\u00e9ment notre besoin et notre budget. Afin de travailler avec plusieurs r\u00e9dacteurs et gagner en temps de livraison nous avons opt\u00e9 pour une commande de 3 textes.<\/p>\n<p><img decoding=\"async\" class=\"aligncenter size-full wp-image-17948\" src=\"https:\/\/www.redacteur.com\/blog\/wp-content\/uploads\/sites\/6\/2015\/09\/redaction-web-sur-redacteur.png\" alt=\"\" width=\"1262\" height=\"726\" srcset=\"https:\/\/www.redacteur.com\/blog\/wp-content\/uploads\/sites\/6\/2015\/09\/redaction-web-sur-redacteur.png 1262w, https:\/\/www.redacteur.com\/blog\/wp-content\/uploads\/sites\/6\/2015\/09\/redaction-web-sur-redacteur-300x173.png 300w, https:\/\/www.redacteur.com\/blog\/wp-content\/uploads\/sites\/6\/2015\/09\/redaction-web-sur-redacteur-1024x589.png 1024w, https:\/\/www.redacteur.com\/blog\/wp-content\/uploads\/sites\/6\/2015\/09\/redaction-web-sur-redacteur-768x442.png 768w, https:\/\/www.redacteur.com\/blog\/wp-content\/uploads\/sites\/6\/2015\/09\/redaction-web-sur-redacteur-60x35.png 60w, https:\/\/www.redacteur.com\/blog\/wp-content\/uploads\/sites\/6\/2015\/09\/redaction-web-sur-redacteur-370x213.png 370w, https:\/\/www.redacteur.com\/blog\/wp-content\/uploads\/sites\/6\/2015\/09\/redaction-web-sur-redacteur-270x155.png 270w, https:\/\/www.redacteur.com\/blog\/wp-content\/uploads\/sites\/6\/2015\/09\/redaction-web-sur-redacteur-570x328.png 570w, https:\/\/www.redacteur.com\/blog\/wp-content\/uploads\/sites\/6\/2015\/09\/redaction-web-sur-redacteur-740x426.png 740w\" sizes=\"(max-width: 1262px) 100vw, 1262px\" \/><\/p>\n<p>Nous avons \u00e9galement s\u00e9lectionn\u00e9 le type de qualit\u00e9 qui convenait le mieux \u00e0 notre besoin.<\/p>\n<p>&nbsp;<\/p>\n<h3>2\u00e8me \u00e9tape&nbsp;: Nous avons d\u00e9crit clairement notre besoin<\/h3>\n<p>Une fois le le nombre de textes et la qualit\u00e9 s\u00e9lectionn\u00e9s, vient l&#8217;\u00e9tape de la description de nos attentes. Cette \u00e9tape est cruciale et nous permettra de gagner un temps pr\u00e9cieux lors du contr\u00f4le des textes.<\/p>\n<p><img decoding=\"async\" class=\"aligncenter size-full wp-image-17949\" src=\"https:\/\/www.redacteur.com\/blog\/wp-content\/uploads\/sites\/6\/2015\/09\/redaction-article-description-des-attentes.jpg\" alt=\"\" width=\"1621\" height=\"688\" srcset=\"https:\/\/www.redacteur.com\/blog\/wp-content\/uploads\/sites\/6\/2015\/09\/redaction-article-description-des-attentes.jpg 1621w, https:\/\/www.redacteur.com\/blog\/wp-content\/uploads\/sites\/6\/2015\/09\/redaction-article-description-des-attentes-300x127.jpg 300w, https:\/\/www.redacteur.com\/blog\/wp-content\/uploads\/sites\/6\/2015\/09\/redaction-article-description-des-attentes-1024x435.jpg 1024w, https:\/\/www.redacteur.com\/blog\/wp-content\/uploads\/sites\/6\/2015\/09\/redaction-article-description-des-attentes-768x326.jpg 768w, https:\/\/www.redacteur.com\/blog\/wp-content\/uploads\/sites\/6\/2015\/09\/redaction-article-description-des-attentes-1536x652.jpg 1536w, https:\/\/www.redacteur.com\/blog\/wp-content\/uploads\/sites\/6\/2015\/09\/redaction-article-description-des-attentes-60x25.jpg 60w, https:\/\/www.redacteur.com\/blog\/wp-content\/uploads\/sites\/6\/2015\/09\/redaction-article-description-des-attentes-370x157.jpg 370w, https:\/\/www.redacteur.com\/blog\/wp-content\/uploads\/sites\/6\/2015\/09\/redaction-article-description-des-attentes-270x115.jpg 270w, https:\/\/www.redacteur.com\/blog\/wp-content\/uploads\/sites\/6\/2015\/09\/redaction-article-description-des-attentes-570x242.jpg 570w, https:\/\/www.redacteur.com\/blog\/wp-content\/uploads\/sites\/6\/2015\/09\/redaction-article-description-des-attentes-740x314.jpg 740w\" sizes=\"(max-width: 1621px) 100vw, 1621px\" \/><\/p>\n<p>Pour chacun des textes command\u00e9s, nous avons donc d\u00e9crit pr\u00e9cis\u00e9ment nos attentes par rapport aux sujets que nos futurs r\u00e9dacteurs allaient devoir aborder. Nous avons donc fait un plan d\u00e9taill\u00e9 avec tous les points que nous souhaitions voir apparaitre dans chaque texte.<\/p>\n<p>&nbsp;<\/p>\n<h3>3\u00e8me \u00e9tape&nbsp;: La validation de notre commande<\/h3>\n<p>Nous avons re\u00e7u un mail de confirmation et notre demande est apparue sur Redacteur.com (sauf pour les commandes cach\u00e9es).<\/p>\n<p>&nbsp;<\/p>\n<h3>4\u00e8me \u00e9tape&nbsp;: La s\u00e9lection du r\u00e9dacteur<\/h3>\n<p>Quelques heures apr\u00e8s avoir pass\u00e9 notre commande, nous avons re\u00e7u des candidatures de r\u00e9dacteurs, nous avons donc s\u00e9lectionn\u00e9 celles qui correspondaient le mieux \u00e0 nos besoins et notre d\u00e9lai.<\/p>\n<p><img decoding=\"async\" class=\"aligncenter size-full wp-image-17950\" src=\"https:\/\/www.redacteur.com\/blog\/wp-content\/uploads\/sites\/6\/2015\/09\/candidatur-sur-redac.png\" alt=\"\" width=\"1179\" height=\"580\" srcset=\"https:\/\/www.redacteur.com\/blog\/wp-content\/uploads\/sites\/6\/2015\/09\/candidatur-sur-redac.png 1179w, https:\/\/www.redacteur.com\/blog\/wp-content\/uploads\/sites\/6\/2015\/09\/candidatur-sur-redac-300x148.png 300w, https:\/\/www.redacteur.com\/blog\/wp-content\/uploads\/sites\/6\/2015\/09\/candidatur-sur-redac-1024x504.png 1024w, https:\/\/www.redacteur.com\/blog\/wp-content\/uploads\/sites\/6\/2015\/09\/candidatur-sur-redac-768x378.png 768w, https:\/\/www.redacteur.com\/blog\/wp-content\/uploads\/sites\/6\/2015\/09\/candidatur-sur-redac-60x30.png 60w, https:\/\/www.redacteur.com\/blog\/wp-content\/uploads\/sites\/6\/2015\/09\/candidatur-sur-redac-370x182.png 370w, https:\/\/www.redacteur.com\/blog\/wp-content\/uploads\/sites\/6\/2015\/09\/candidatur-sur-redac-270x133.png 270w, https:\/\/www.redacteur.com\/blog\/wp-content\/uploads\/sites\/6\/2015\/09\/candidatur-sur-redac-570x280.png 570w, https:\/\/www.redacteur.com\/blog\/wp-content\/uploads\/sites\/6\/2015\/09\/candidatur-sur-redac-740x364.png 740w\" sizes=\"(max-width: 1179px) 100vw, 1179px\" \/><\/p>\n<p>&nbsp;<\/p>\n<h3>5\u00e8me \u00e9tape&nbsp;: La r\u00e9ception des textes<\/h3>\n<p>Dans le d\u00e9lai imparti, nos r\u00e9dacteurs nous ont envoy\u00e9 leur texte via une messagerie priv\u00e9e, nous avons pu valider les textes qui \u00e9taient satisfaisants et certifi\u00e9s non dupliqu\u00e9s.<\/p>\n<p><a href=\"https:\/\/www.redacteur.com\/blog\/wp-content\/uploads\/sites\/6\/2015\/09\/sous-traitance-redaction-web-6-e1441120651241.jpg\"><img decoding=\"async\" class=\" size-full wp-image-1049 aligncenter\" src=\"https:\/\/www.redacteur.com\/blog\/wp-content\/uploads\/sites\/6\/2015\/09\/sous-traitance-redaction-web-6-e1441120651241.jpg\" alt=\"Sous-traitance r\u00e9daction web\" width=\"700\" height=\"277\" srcset=\"https:\/\/www.redacteur.com\/blog\/wp-content\/uploads\/sites\/6\/2015\/09\/sous-traitance-redaction-web-6-e1441120651241.jpg 700w, https:\/\/www.redacteur.com\/blog\/wp-content\/uploads\/sites\/6\/2015\/09\/sous-traitance-redaction-web-6-e1441120651241-300x119.jpg 300w, https:\/\/www.redacteur.com\/blog\/wp-content\/uploads\/sites\/6\/2015\/09\/sous-traitance-redaction-web-6-e1441120651241-60x24.jpg 60w, https:\/\/www.redacteur.com\/blog\/wp-content\/uploads\/sites\/6\/2015\/09\/sous-traitance-redaction-web-6-e1441120651241-370x146.jpg 370w, https:\/\/www.redacteur.com\/blog\/wp-content\/uploads\/sites\/6\/2015\/09\/sous-traitance-redaction-web-6-e1441120651241-270x107.jpg 270w, https:\/\/www.redacteur.com\/blog\/wp-content\/uploads\/sites\/6\/2015\/09\/sous-traitance-redaction-web-6-e1441120651241-570x226.jpg 570w\" sizes=\"(max-width: 700px) 100vw, 700px\" \/><\/a>A l&#8217;inverse, nous avons \u00e9galement pu refuser les textes qui ne nous convenaient pas. Nous rentrons alors en contact avec le r\u00e9dacteur par une messagerie priv\u00e9e et indiquons les modifications qu&#8217;il devra apporter \u00e0 son texte.<\/p>\n<figure id=\"attachment_1039\" aria-describedby=\"caption-attachment-1039\" style=\"width: 568px\" class=\"wp-caption aligncenter\"><a href=\"https:\/\/www.redacteur.com\/blog\/wp-content\/uploads\/sites\/6\/2015\/09\/sous-traitance-redaction-web-7-e1441096559357.jpg\"><img decoding=\"async\" class=\" wp-image-1039\" src=\"https:\/\/www.redacteur.com\/blog\/wp-content\/uploads\/sites\/6\/2015\/09\/sous-traitance-redaction-web-7-e1441096559357.jpg\" alt=\"Sous-traitance r\u00e9daction web\" width=\"568\" height=\"416\" srcset=\"https:\/\/www.redacteur.com\/blog\/wp-content\/uploads\/sites\/6\/2015\/09\/sous-traitance-redaction-web-7-e1441096559357.jpg 700w, https:\/\/www.redacteur.com\/blog\/wp-content\/uploads\/sites\/6\/2015\/09\/sous-traitance-redaction-web-7-e1441096559357-300x220.jpg 300w, https:\/\/www.redacteur.com\/blog\/wp-content\/uploads\/sites\/6\/2015\/09\/sous-traitance-redaction-web-7-e1441096559357-60x44.jpg 60w, https:\/\/www.redacteur.com\/blog\/wp-content\/uploads\/sites\/6\/2015\/09\/sous-traitance-redaction-web-7-e1441096559357-370x271.jpg 370w, https:\/\/www.redacteur.com\/blog\/wp-content\/uploads\/sites\/6\/2015\/09\/sous-traitance-redaction-web-7-e1441096559357-270x198.jpg 270w, https:\/\/www.redacteur.com\/blog\/wp-content\/uploads\/sites\/6\/2015\/09\/sous-traitance-redaction-web-7-e1441096559357-570x418.jpg 570w, https:\/\/www.redacteur.com\/blog\/wp-content\/uploads\/sites\/6\/2015\/09\/sous-traitance-redaction-web-7-e1441096559357-80x60.jpg 80w\" sizes=\"(max-width: 568px) 100vw, 568px\" \/><\/a><figcaption id=\"caption-attachment-1039\" class=\"wp-caption-text\">Indiquez vos corrections via cette messagerie<\/figcaption><\/figure>\n<p>Afin de garantir l\u2019originalit\u00e9 des textes, une v\u00e9rification anti-plagiat Copyscape est effectu\u00e9e \u00e0 chaque envoi de texte par le r\u00e9dacteur.<\/p>\n<p>&nbsp;<\/p>\n<p><strong>En sous-traitant votre r\u00e9daction web avec Redacteur.com, vous vous assurez&nbsp;:<\/strong><\/p>\n<ul>\n<li>Une ma\u00eetrise de votre budget<\/li>\n<li>Une ma\u00eetrise des d\u00e9lais<\/li>\n<li>Trouvez un r\u00e9dacteur pertinent dans votre secteur d&#8217;activit\u00e9<\/li>\n<li>Des textes originaux, garantis anti-plagiat<\/li>\n<li>La confidentialit\u00e9 gr\u00e2ce \u00e0 des textes r\u00e9ceptionn\u00e9s via messagerie priv\u00e9e<\/li>\n<\/ul>\n<p class=\"btn btn-primary\"><a href=\"https:\/\/www.redacteur.com\" target=\"blank\" rel=\"noopener\">Commander un texte sur Redacteur.com<\/a><\/p>\n<p>&nbsp;<\/p>\n<p>Vous aussi faites-nous partager vos exp\u00e9riences et vos conseils dans la sous-traitance de la r\u00e9daction web, en laissant un petit commentaire en bas de cet article.<\/p>\n","protected":false},"excerpt":{"rendered":"<p>Le marketing de contenu est aujourd&#8217;hui incontournable dans une strat\u00e9gie web. 90% des entreprises l&#8217;utilisent dans leur strat\u00e9gie marketing (Demand Metric).\u00a0Cependant, une bonne strat\u00e9gie implique de produire des contenus de qualit\u00e9, optimis\u00e9s pour le web afin d&#8217;attirer de nouveaux clients. Il est donc imp\u00e9ratif de confier cette mission de r\u00e9daction web \u00e0 un professionnel qui [&hellip;]<\/p>\n","protected":false},"author":1,"featured_media":18328,"comment_status":"open","ping_status":"open","sticky":false,"template":"","format":"standard","meta":{"_acf_changed":false,"inline_featured_image":false,"footnotes":""},"categories":[11],"tags":[],"class_list":["post-1018","post","type-post","status-publish","format-standard","has-post-thumbnail","hentry","category-redaction-web"],"acf":[],"yoast_head":"<!-- This site is optimized with the Yoast SEO plugin v25.9 - https:\/\/yoast.com\/wordpress\/plugins\/seo\/ -->\n<title>Le guide pour sous-traiter efficacement votre r\u00e9daction web<\/title>\n<meta name=\"description\" content=\"La r\u00e9daction web prend une place importante dans la communication d&#039;une entreprise, voici le guide pour sous-traiter efficacement votre r\u00e9daction web.\" \/>\n<meta name=\"robots\" content=\"index, follow, max-snippet:-1, max-image-preview:large, max-video-preview:-1\" \/>\n<link rel=\"canonical\" href=\"https:\/\/www.redacteur.com\/blog\/guide-sous-traiter-efficacement-redaction-web\/\" \/>\n<meta property=\"og:locale\" content=\"fr_FR\" \/>\n<meta property=\"og:type\" content=\"article\" \/>\n<meta property=\"og:title\" content=\"Le guide pour sous-traiter efficacement votre r\u00e9daction web\" \/>\n<meta property=\"og:description\" content=\"La r\u00e9daction web prend une place importante dans la communication d&#039;une entreprise, voici le guide pour sous-traiter efficacement votre r\u00e9daction web.\" \/>\n<meta property=\"og:url\" content=\"https:\/\/www.redacteur.com\/blog\/guide-sous-traiter-efficacement-redaction-web\/\" \/>\n<meta property=\"og:site_name\" content=\"Redacteur.com\" \/>\n<meta property=\"article:publisher\" content=\"https:\/\/www.facebook.com\/redacteurcom\" \/>\n<meta property=\"article:published_time\" content=\"2019-12-06T09:30:20+00:00\" \/>\n<meta property=\"og:image\" content=\"https:\/\/www.redacteur.com\/blog\/wp-content\/uploads\/sites\/6\/2019\/12\/redacteur-blog-img-travailler-freelance-sous-traiter.jpg\" \/>\n\t<meta property=\"og:image:width\" content=\"850\" \/>\n\t<meta property=\"og:image:height\" content=\"600\" \/>\n\t<meta property=\"og:image:type\" content=\"image\/jpeg\" \/>\n<meta name=\"author\" content=\"Laura Michaud\" \/>\n<meta name=\"twitter:card\" content=\"summary_large_image\" \/>\n<meta name=\"twitter:creator\" content=\"@Redacteurcom\" \/>\n<meta name=\"twitter:site\" content=\"@Redacteurcom\" \/>\n<meta name=\"twitter:label1\" content=\"\u00c9crit par\" \/>\n\t<meta name=\"twitter:data1\" content=\"Laura Michaud\" \/>\n\t<meta name=\"twitter:label2\" content=\"Dur\u00e9e de lecture estim\u00e9e\" \/>\n\t<meta name=\"twitter:data2\" content=\"9 minutes\" \/>\n<script type=\"application\/ld+json\" class=\"yoast-schema-graph\">{\"@context\":\"https:\/\/schema.org\",\"@graph\":[{\"@type\":\"Article\",\"@id\":\"https:\/\/www.redacteur.com\/blog\/guide-sous-traiter-efficacement-redaction-web\/#article\",\"isPartOf\":{\"@id\":\"https:\/\/www.redacteur.com\/blog\/guide-sous-traiter-efficacement-redaction-web\/\"},\"author\":{\"name\":\"Laura Michaud\",\"@id\":\"https:\/\/www.redacteur.com\/blog\/#\/schema\/person\/33c0ef04707fbe50a096f282050bb5f2\"},\"headline\":\"Le guide pour sous-traiter efficacement votre r\u00e9daction web\",\"datePublished\":\"2019-12-06T09:30:20+00:00\",\"mainEntityOfPage\":{\"@id\":\"https:\/\/www.redacteur.com\/blog\/guide-sous-traiter-efficacement-redaction-web\/\"},\"wordCount\":1739,\"commentCount\":1,\"publisher\":{\"@id\":\"https:\/\/www.redacteur.com\/blog\/#organization\"},\"image\":{\"@id\":\"https:\/\/www.redacteur.com\/blog\/guide-sous-traiter-efficacement-redaction-web\/#primaryimage\"},\"thumbnailUrl\":\"https:\/\/www.redacteur.com\/blog\/wp-content\/uploads\/sites\/6\/2019\/12\/redacteur-blog-img-travailler-freelance-sous-traiter.jpg\",\"articleSection\":[\"R\u00e9daction web\"],\"inLanguage\":\"fr-FR\",\"potentialAction\":[{\"@type\":\"CommentAction\",\"name\":\"Comment\",\"target\":[\"https:\/\/www.redacteur.com\/blog\/guide-sous-traiter-efficacement-redaction-web\/#respond\"]}]},{\"@type\":\"WebPage\",\"@id\":\"https:\/\/www.redacteur.com\/blog\/guide-sous-traiter-efficacement-redaction-web\/\",\"url\":\"https:\/\/www.redacteur.com\/blog\/guide-sous-traiter-efficacement-redaction-web\/\",\"name\":\"Le guide pour sous-traiter efficacement votre r\u00e9daction web\",\"isPartOf\":{\"@id\":\"https:\/\/www.redacteur.com\/blog\/#website\"},\"primaryImageOfPage\":{\"@id\":\"https:\/\/www.redacteur.com\/blog\/guide-sous-traiter-efficacement-redaction-web\/#primaryimage\"},\"image\":{\"@id\":\"https:\/\/www.redacteur.com\/blog\/guide-sous-traiter-efficacement-redaction-web\/#primaryimage\"},\"thumbnailUrl\":\"https:\/\/www.redacteur.com\/blog\/wp-content\/uploads\/sites\/6\/2019\/12\/redacteur-blog-img-travailler-freelance-sous-traiter.jpg\",\"datePublished\":\"2019-12-06T09:30:20+00:00\",\"description\":\"La r\u00e9daction web prend une place importante dans la communication d'une entreprise, voici le guide pour sous-traiter efficacement votre r\u00e9daction web.\",\"breadcrumb\":{\"@id\":\"https:\/\/www.redacteur.com\/blog\/guide-sous-traiter-efficacement-redaction-web\/#breadcrumb\"},\"inLanguage\":\"fr-FR\",\"potentialAction\":[{\"@type\":\"ReadAction\",\"target\":[\"https:\/\/www.redacteur.com\/blog\/guide-sous-traiter-efficacement-redaction-web\/\"]}]},{\"@type\":\"ImageObject\",\"inLanguage\":\"fr-FR\",\"@id\":\"https:\/\/www.redacteur.com\/blog\/guide-sous-traiter-efficacement-redaction-web\/#primaryimage\",\"url\":\"https:\/\/www.redacteur.com\/blog\/wp-content\/uploads\/sites\/6\/2019\/12\/redacteur-blog-img-travailler-freelance-sous-traiter.jpg\",\"contentUrl\":\"https:\/\/www.redacteur.com\/blog\/wp-content\/uploads\/sites\/6\/2019\/12\/redacteur-blog-img-travailler-freelance-sous-traiter.jpg\",\"width\":850,\"height\":600},{\"@type\":\"BreadcrumbList\",\"@id\":\"https:\/\/www.redacteur.com\/blog\/guide-sous-traiter-efficacement-redaction-web\/#breadcrumb\",\"itemListElement\":[{\"@type\":\"ListItem\",\"position\":1,\"name\":\"Blog\",\"item\":\"https:\/\/www.redacteur.com\/blog\/\"},{\"@type\":\"ListItem\",\"position\":2,\"name\":\"R\u00e9daction web\",\"item\":\"https:\/\/www.redacteur.com\/blog\/redaction-web\/\"},{\"@type\":\"ListItem\",\"position\":3,\"name\":\"Le guide pour sous-traiter efficacement votre r\u00e9daction web\"}]},{\"@type\":\"WebSite\",\"@id\":\"https:\/\/www.redacteur.com\/blog\/#website\",\"url\":\"https:\/\/www.redacteur.com\/blog\/\",\"name\":\"Redacteur.com\",\"description\":\"redacteur\",\"publisher\":{\"@id\":\"https:\/\/www.redacteur.com\/blog\/#organization\"},\"potentialAction\":[{\"@type\":\"SearchAction\",\"target\":{\"@type\":\"EntryPoint\",\"urlTemplate\":\"https:\/\/www.redacteur.com\/blog\/?s={search_term_string}\"},\"query-input\":{\"@type\":\"PropertyValueSpecification\",\"valueRequired\":true,\"valueName\":\"search_term_string\"}}],\"inLanguage\":\"fr-FR\"},{\"@type\":\"Organization\",\"@id\":\"https:\/\/www.redacteur.com\/blog\/#organization\",\"name\":\"Redacteur.com\",\"url\":\"https:\/\/www.redacteur.com\/blog\/\",\"logo\":{\"@type\":\"ImageObject\",\"inLanguage\":\"fr-FR\",\"@id\":\"https:\/\/www.redacteur.com\/blog\/#\/schema\/logo\/image\/\",\"url\":\"https:\/\/www.redacteur.com\/blog\/wp-content\/uploads\/sites\/6\/2022\/10\/logo-redacteur-blog.svg\",\"contentUrl\":\"https:\/\/www.redacteur.com\/blog\/wp-content\/uploads\/sites\/6\/2022\/10\/logo-redacteur-blog.svg\",\"width\":1,\"height\":1,\"caption\":\"Redacteur.com\"},\"image\":{\"@id\":\"https:\/\/www.redacteur.com\/blog\/#\/schema\/logo\/image\/\"},\"sameAs\":[\"https:\/\/www.facebook.com\/redacteurcom\",\"https:\/\/x.com\/Redacteurcom\",\"https:\/\/www.linkedin.com\/company\/redacteur-com\",\"https:\/\/www.youtube.com\/channel\/UCgj9ySM9xy3gdL8qBafl9Uw\/\"]},{\"@type\":\"Person\",\"@id\":\"https:\/\/www.redacteur.com\/blog\/#\/schema\/person\/33c0ef04707fbe50a096f282050bb5f2\",\"name\":\"Laura Michaud\",\"image\":{\"@type\":\"ImageObject\",\"inLanguage\":\"fr-FR\",\"@id\":\"https:\/\/www.redacteur.com\/blog\/#\/schema\/person\/image\/\",\"url\":\"https:\/\/secure.gravatar.com\/avatar\/c3328cc0c887f98cec6b2979af3311ab6333fc7cc2d4847514cfec6a56fa08a7?s=96&d=mm&r=g\",\"contentUrl\":\"https:\/\/secure.gravatar.com\/avatar\/c3328cc0c887f98cec6b2979af3311ab6333fc7cc2d4847514cfec6a56fa08a7?s=96&d=mm&r=g\",\"caption\":\"Laura Michaud\"},\"description\":\"Laura connait tous les meilleurs outils pour g\u00e9rer des projets et une entreprise. Cr\u00e9ative, c'est aussi une sp\u00e9cialiste des outils de cr\u00e9ation graphique pour faire briller une entreprise.\",\"sameAs\":[\"https:\/\/www.linkedin.com\/in\/michaudlaura\/\"],\"url\":\"https:\/\/www.redacteur.com\/blog\/author\/laura\/\"}]}<\/script>\n<!-- \/ Yoast SEO plugin. -->","yoast_head_json":{"title":"Le guide pour sous-traiter efficacement votre r\u00e9daction web","description":"La r\u00e9daction web prend une place importante dans la communication d'une entreprise, voici le guide pour sous-traiter efficacement votre r\u00e9daction web.","robots":{"index":"index","follow":"follow","max-snippet":"max-snippet:-1","max-image-preview":"max-image-preview:large","max-video-preview":"max-video-preview:-1"},"canonical":"https:\/\/www.redacteur.com\/blog\/guide-sous-traiter-efficacement-redaction-web\/","og_locale":"fr_FR","og_type":"article","og_title":"Le guide pour sous-traiter efficacement votre r\u00e9daction web","og_description":"La r\u00e9daction web prend une place importante dans la communication d'une entreprise, voici le guide pour sous-traiter efficacement votre r\u00e9daction web.","og_url":"https:\/\/www.redacteur.com\/blog\/guide-sous-traiter-efficacement-redaction-web\/","og_site_name":"Redacteur.com","article_publisher":"https:\/\/www.facebook.com\/redacteurcom","article_published_time":"2019-12-06T09:30:20+00:00","og_image":[{"width":850,"height":600,"url":"https:\/\/www.redacteur.com\/blog\/wp-content\/uploads\/sites\/6\/2019\/12\/redacteur-blog-img-travailler-freelance-sous-traiter.jpg","type":"image\/jpeg"}],"author":"Laura Michaud","twitter_card":"summary_large_image","twitter_creator":"@Redacteurcom","twitter_site":"@Redacteurcom","twitter_misc":{"\u00c9crit par":"Laura Michaud","Dur\u00e9e de lecture estim\u00e9e":"9 minutes"},"schema":{"@context":"https:\/\/schema.org","@graph":[{"@type":"Article","@id":"https:\/\/www.redacteur.com\/blog\/guide-sous-traiter-efficacement-redaction-web\/#article","isPartOf":{"@id":"https:\/\/www.redacteur.com\/blog\/guide-sous-traiter-efficacement-redaction-web\/"},"author":{"name":"Laura Michaud","@id":"https:\/\/www.redacteur.com\/blog\/#\/schema\/person\/33c0ef04707fbe50a096f282050bb5f2"},"headline":"Le guide pour sous-traiter efficacement votre r\u00e9daction web","datePublished":"2019-12-06T09:30:20+00:00","mainEntityOfPage":{"@id":"https:\/\/www.redacteur.com\/blog\/guide-sous-traiter-efficacement-redaction-web\/"},"wordCount":1739,"commentCount":1,"publisher":{"@id":"https:\/\/www.redacteur.com\/blog\/#organization"},"image":{"@id":"https:\/\/www.redacteur.com\/blog\/guide-sous-traiter-efficacement-redaction-web\/#primaryimage"},"thumbnailUrl":"https:\/\/www.redacteur.com\/blog\/wp-content\/uploads\/sites\/6\/2019\/12\/redacteur-blog-img-travailler-freelance-sous-traiter.jpg","articleSection":["R\u00e9daction web"],"inLanguage":"fr-FR","potentialAction":[{"@type":"CommentAction","name":"Comment","target":["https:\/\/www.redacteur.com\/blog\/guide-sous-traiter-efficacement-redaction-web\/#respond"]}]},{"@type":"WebPage","@id":"https:\/\/www.redacteur.com\/blog\/guide-sous-traiter-efficacement-redaction-web\/","url":"https:\/\/www.redacteur.com\/blog\/guide-sous-traiter-efficacement-redaction-web\/","name":"Le guide pour sous-traiter efficacement votre r\u00e9daction web","isPartOf":{"@id":"https:\/\/www.redacteur.com\/blog\/#website"},"primaryImageOfPage":{"@id":"https:\/\/www.redacteur.com\/blog\/guide-sous-traiter-efficacement-redaction-web\/#primaryimage"},"image":{"@id":"https:\/\/www.redacteur.com\/blog\/guide-sous-traiter-efficacement-redaction-web\/#primaryimage"},"thumbnailUrl":"https:\/\/www.redacteur.com\/blog\/wp-content\/uploads\/sites\/6\/2019\/12\/redacteur-blog-img-travailler-freelance-sous-traiter.jpg","datePublished":"2019-12-06T09:30:20+00:00","description":"La r\u00e9daction web prend une place importante dans la communication d'une entreprise, voici le guide pour sous-traiter efficacement votre r\u00e9daction web.","breadcrumb":{"@id":"https:\/\/www.redacteur.com\/blog\/guide-sous-traiter-efficacement-redaction-web\/#breadcrumb"},"inLanguage":"fr-FR","potentialAction":[{"@type":"ReadAction","target":["https:\/\/www.redacteur.com\/blog\/guide-sous-traiter-efficacement-redaction-web\/"]}]},{"@type":"ImageObject","inLanguage":"fr-FR","@id":"https:\/\/www.redacteur.com\/blog\/guide-sous-traiter-efficacement-redaction-web\/#primaryimage","url":"https:\/\/www.redacteur.com\/blog\/wp-content\/uploads\/sites\/6\/2019\/12\/redacteur-blog-img-travailler-freelance-sous-traiter.jpg","contentUrl":"https:\/\/www.redacteur.com\/blog\/wp-content\/uploads\/sites\/6\/2019\/12\/redacteur-blog-img-travailler-freelance-sous-traiter.jpg","width":850,"height":600},{"@type":"BreadcrumbList","@id":"https:\/\/www.redacteur.com\/blog\/guide-sous-traiter-efficacement-redaction-web\/#breadcrumb","itemListElement":[{"@type":"ListItem","position":1,"name":"Blog","item":"https:\/\/www.redacteur.com\/blog\/"},{"@type":"ListItem","position":2,"name":"R\u00e9daction web","item":"https:\/\/www.redacteur.com\/blog\/redaction-web\/"},{"@type":"ListItem","position":3,"name":"Le guide pour sous-traiter efficacement votre r\u00e9daction web"}]},{"@type":"WebSite","@id":"https:\/\/www.redacteur.com\/blog\/#website","url":"https:\/\/www.redacteur.com\/blog\/","name":"Redacteur.com","description":"redacteur","publisher":{"@id":"https:\/\/www.redacteur.com\/blog\/#organization"},"potentialAction":[{"@type":"SearchAction","target":{"@type":"EntryPoint","urlTemplate":"https:\/\/www.redacteur.com\/blog\/?s={search_term_string}"},"query-input":{"@type":"PropertyValueSpecification","valueRequired":true,"valueName":"search_term_string"}}],"inLanguage":"fr-FR"},{"@type":"Organization","@id":"https:\/\/www.redacteur.com\/blog\/#organization","name":"Redacteur.com","url":"https:\/\/www.redacteur.com\/blog\/","logo":{"@type":"ImageObject","inLanguage":"fr-FR","@id":"https:\/\/www.redacteur.com\/blog\/#\/schema\/logo\/image\/","url":"https:\/\/www.redacteur.com\/blog\/wp-content\/uploads\/sites\/6\/2022\/10\/logo-redacteur-blog.svg","contentUrl":"https:\/\/www.redacteur.com\/blog\/wp-content\/uploads\/sites\/6\/2022\/10\/logo-redacteur-blog.svg","width":1,"height":1,"caption":"Redacteur.com"},"image":{"@id":"https:\/\/www.redacteur.com\/blog\/#\/schema\/logo\/image\/"},"sameAs":["https:\/\/www.facebook.com\/redacteurcom","https:\/\/x.com\/Redacteurcom","https:\/\/www.linkedin.com\/company\/redacteur-com","https:\/\/www.youtube.com\/channel\/UCgj9ySM9xy3gdL8qBafl9Uw\/"]},{"@type":"Person","@id":"https:\/\/www.redacteur.com\/blog\/#\/schema\/person\/33c0ef04707fbe50a096f282050bb5f2","name":"Laura Michaud","image":{"@type":"ImageObject","inLanguage":"fr-FR","@id":"https:\/\/www.redacteur.com\/blog\/#\/schema\/person\/image\/","url":"https:\/\/secure.gravatar.com\/avatar\/c3328cc0c887f98cec6b2979af3311ab6333fc7cc2d4847514cfec6a56fa08a7?s=96&d=mm&r=g","contentUrl":"https:\/\/secure.gravatar.com\/avatar\/c3328cc0c887f98cec6b2979af3311ab6333fc7cc2d4847514cfec6a56fa08a7?s=96&d=mm&r=g","caption":"Laura Michaud"},"description":"Laura connait tous les meilleurs outils pour g\u00e9rer des projets et une entreprise. Cr\u00e9ative, c'est aussi une sp\u00e9cialiste des outils de cr\u00e9ation graphique pour faire briller une entreprise.","sameAs":["https:\/\/www.linkedin.com\/in\/michaudlaura\/"],"url":"https:\/\/www.redacteur.com\/blog\/author\/laura\/"}]}},"_links":{"self":[{"href":"https:\/\/www.redacteur.com\/blog\/wp-json\/wp\/v2\/posts\/1018","targetHints":{"allow":["GET"]}}],"collection":[{"href":"https:\/\/www.redacteur.com\/blog\/wp-json\/wp\/v2\/posts"}],"about":[{"href":"https:\/\/www.redacteur.com\/blog\/wp-json\/wp\/v2\/types\/post"}],"author":[{"embeddable":true,"href":"https:\/\/www.redacteur.com\/blog\/wp-json\/wp\/v2\/users\/1"}],"replies":[{"embeddable":true,"href":"https:\/\/www.redacteur.com\/blog\/wp-json\/wp\/v2\/comments?post=1018"}],"version-history":[{"count":0,"href":"https:\/\/www.redacteur.com\/blog\/wp-json\/wp\/v2\/posts\/1018\/revisions"}],"wp:featuredmedia":[{"embeddable":true,"href":"https:\/\/www.redacteur.com\/blog\/wp-json\/wp\/v2\/media\/18328"}],"wp:attachment":[{"href":"https:\/\/www.redacteur.com\/blog\/wp-json\/wp\/v2\/media?parent=1018"}],"wp:term":[{"taxonomy":"category","embeddable":true,"href":"https:\/\/www.redacteur.com\/blog\/wp-json\/wp\/v2\/categories?post=1018"},{"taxonomy":"post_tag","embeddable":true,"href":"https:\/\/www.redacteur.com\/blog\/wp-json\/wp\/v2\/tags?post=1018"}],"curies":[{"name":"wp","href":"https:\/\/api.w.org\/{rel}","templated":true}]}}