{"id":11034,"date":"2022-04-14T10:50:09","date_gmt":"2022-04-14T08:50:09","guid":{"rendered":"https:\/\/www.redacteur.com\/blog\/?p=11034"},"modified":"2024-11-19T14:55:20","modified_gmt":"2024-11-19T13:55:20","slug":"construire-ligne-editoriale","status":"publish","type":"post","link":"https:\/\/www.redacteur.com\/blog\/construire-ligne-editoriale\/","title":{"rendered":"Comment construire votre ligne \u00e9ditoriale en 9 \u00e9tapes&nbsp;?"},"content":{"rendered":"<p>Noyau strat\u00e9gique de votre blog et de votre <span title=\"Dans un contexte formel des synonymes peuvent enrichir votre style.\">content<\/span> marketing, la ligne \u00e9ditoriale doit \u00eatre bien d\u00e9finie avant la publication du premier contenu. Pour la <a href=\"https:\/\/www.redacteur.com\/\">r\u00e9daction web<\/a>, ce fil conducteur d\u00e9termine d\u00e8s le d\u00e9part les id\u00e9es que vous traiterez, le(s) ton(s) que vous utiliserez et les points de vue \u00e0 adopter. Il vous sert de rep\u00e8res afin de proposer des contenus pertinents et coh\u00e9rents, dans le but d&#8217;affirmer l\u2019identit\u00e9 de votre entreprise aupr\u00e8s de vos lecteurs.<\/p>\n<p>C\u2019est \u00e0 travers cette ligne directrice que vous allez orienter la mani\u00e8re dont vous mettrez en avant l\u2019actualit\u00e9 de votre structure.<\/p>\n<p><span title=\"Cette phrase contient plus de 40 mots. Divisez-la comme les phrases courtes facilitent la lisibilit\u00e9.\">Dans cet objectif, il vous faut faire la diff\u00e9rence entre le fait d\u2019actualit\u00e9 qui peut-\u00eatre par exemple le lancement d\u2019un nouveau produit, ou une innovation d\u00e9couverte par votre entreprise et le traitement \u00e9ditorial que vous allez choisir par rapport \u00e0 cette actualit\u00e9<\/span>.<\/p>\n<p><span title=\"Cette phrase contient plus de 40 mots. Divisez-la comme les phrases courtes facilitent la lisibilit\u00e9.\"><em>Par exemple, vous choisissez de traiter le sujet de l\u2019innovation sous l\u2019aspect non pas du produit par lui-m\u00eame, mais des externalit\u00e9s positives qu\u2019il va engendrer pour votre soci\u00e9t\u00e9 (Cr\u00e9ation d\u2019emplois, budget suppl\u00e9mentaire pour la recherche et l\u2019innovation\u2026)<\/em><\/span><\/p>\n<h2><span title=\"Cette phrase contient plus de 40 mots. Divisez-la comme les phrases courtes facilitent la lisibilit\u00e9.\">La ligne \u00e9ditoriale au c\u0153ur du SEO <\/span><\/h2>\n<p><span title=\"Cette phrase contient plus de 40 mots. Divisez-la comme les phrases courtes facilitent la lisibilit\u00e9.\">Le d\u00e9veloppement du num\u00e9rique est en tr\u00e8s forte augmentation<\/span>. Pour les entreprises, la num\u00e9risation est une opportunit\u00e9 d&#8217;\u00e9volution capitale \u00e0 saisir et dans ce sens, il faut pour rencontrer le succ\u00e8s dans sa strat\u00e9gie marketing, \u00e0 travers le web. Pour ce faire, vous devez avoir recours \u00e0 des techniques de <span title=\"Une virgule semble \u00eatre requise.\">r\u00e9f\u00e9rencement,<\/span> en particulier le SEO. L\u2019id\u00e9e est de rendre votre site web, blog ou autres pages de r\u00e9seau social visibles par les robots qui d\u00e9terminent la place de chacun sur les moteurs de recherche tels que Google, Microsoft Edge ou Firefox. Votre objectif sera de vous approcher des premi\u00e8res lignes de recherche. Entre autres crit\u00e8res de visibilit\u00e9 utilis\u00e9s pour optimiser votre site, on retrouve la qualit\u00e9 de votre ligne \u00e9ditoriale.<\/p>\n<h3>La ligne \u00e9ditoriale, un plus pour la visibilit\u00e9 sur Internet<\/h3>\n<p>Une des directives importantes pour am\u00e9liorer son r\u00e9f\u00e9rencement sur Internet est la coh\u00e9rence entre les \u00e9l\u00e9ments que l\u2019on trouve sur votre site. Les titres doivent avoir un lien avec le contenu et le contenu de vos articles avec le site Internet de votre entreprise.<\/p>\n<p><em>Par exemple, si votre entreprise est sp\u00e9cialis\u00e9e dans les soins de beaut\u00e9, votre ligne \u00e9ditoriale devra \u00eatre en lien avec les soins de beaut\u00e9 comme&nbsp;: \u00ab les massages au service de l\u2019effacement de vos rides \u00bb ou \u00ab comment la m\u00e9ditation agit sur votre peau \u00bb. Le fait d\u2019actualit\u00e9 sera dans ce cas la vente d\u2019un nouveau produit pour lutter contre l\u2019apparition des rides et le traitement \u00e9ditorial lui sera fait sur les moyens compl\u00e9mentaires de se sentir mieux dans sa peau.<\/em><\/p>\n<p>Les experts du r\u00e9f\u00e9rencement naturel se concentrent sur la coh\u00e9rence et la qualit\u00e9 des contenus de vos articles de blog et autres sites Internet.<\/p>\n<p>Le choix de votre ligne \u00e9ditoriale doit \u00eatre ax\u00e9 sur les besoins des personnes susceptibles d\u2019utiliser vos services ou d\u2019acheter vos produits. C\u2019est aussi le cas pour les robots des moteurs de recherche qui vont assurer votre r\u00e9f\u00e9rencement. En effet, les moteurs de recherche ont pour objectif, de r\u00e9pondre aux attentes des internautes. Donc si votre ligne \u00e9ditoriale est bien construite, que votre blog r\u00e9pond de mani\u00e8re coh\u00e9rente et qualitative aux recherches des prospects, vous avez toutes vos chances de vous retrouver dans les premi\u00e8res pages.<\/p>\n<p>Pour vous servir de fa\u00e7on positive, et vous donner un avantage en termes de r\u00e9f\u00e9rencement SEO, votre ligne \u00e9ditoriale doit r\u00e9pondre \u00e0 quelques crit\u00e8res importants que les experts de redateur.com d\u00e9veloppent pour vous.<\/p>\n<h2>Comment d\u00e9finir clairement votre ligne \u00e9ditoriale\u00a0? En suivant ces 9 \u00e9tapes\u00a0!<\/h2>\n<h3>1. D\u00e9finir ses sujets d\u2019expertise<\/h3>\n<p>\u00c9voluant dans un domaine d\u2019activit\u00e9 pr\u00e9cis, vous le connaissez certainement jusqu\u2019au bout des doigts. Vous avez donc une id\u00e9e g\u00e9n\u00e9rale des diff\u00e9rents th\u00e8mes \u00e0 traiter pour alimenter votre blog d\u2019entreprise.<\/p>\n<div>\n<dl id=\"attachment_21970\">\n<dt><img decoding=\"async\" src=\"https:\/\/www.redacteur.com\/blog\/wp-content\/uploads\/sites\/6\/2016\/02\/1Calendrier-de-diffusion_calendrier-semiPlein-1.png\" alt=\"Exemple de calendrier \u00e9ditoriale\" width=\"1044\" height=\"502\" \/><\/dt>\n<dd>Exemple de calendrier \u00e9ditorial<\/dd>\n<\/dl>\n<\/div>\n<p>Cependant, vous devez aller plus loin en trouvant comment d\u00e9cliner toutes les strates de votre activit\u00e9. Pour y parvenir, posez-vous cette s\u00e9rie de questions&nbsp;:<\/p>\n<ul>\n<li>Quelles informations souhaitez-vous communiquer \u00e0 vos lecteurs\u00a0?<\/li>\n<li>Voulez-vous parler des coulisses de votre entreprise\u00a0?<\/li>\n<li>Aimeriez-vous leur faire part de vos coups de c\u0153ur\u00a0?<\/li>\n<li>D\u00e9sirez-vous leur apporter des r\u00e9ponses techniques li\u00e9es \u00e0 votre secteur\u00a0?<\/li>\n<li>Souhaitez-vous devenir un blog d\u2019information de r\u00e9f\u00e9rence dans votre secteur\u00a0?<\/li>\n<li>Voulez-vous proposer des conseils\u00a0?<\/li>\n<li>Souhaitez-vous commenter des \u00e9tudes de march\u00e9\u00a0?<\/li>\n<\/ul>\n<p>Pour le SEO, vos articles doivent \u00eatre r\u00e9alis\u00e9s selon certaines r\u00e8gles d\u00e9finies. La qualit\u00e9 de vos \u00e9crits, le lien avec votre site ou blog, mais aussi l\u2019accroche de vos titres.<\/p>\n<h3>2. D\u00e9finir les objectifs SMART de son blog professionnel<\/h3>\n<p>La cr\u00e9ation de votre blog correspond \u00e0 une strat\u00e9gie marketing que vous souhaitez mettre en place.<\/p>\n<p><img decoding=\"async\" src=\"https:\/\/www.redacteur.com\/blog\/wp-content\/uploads\/sites\/6\/2019\/08\/note-calendrier.jpg\" alt=\"\" width=\"450\" height=\"300\" \/><\/p>\n<p>Pour commencer, vous devez prendre les objectifs fix\u00e9s dans votre strat\u00e9gie \u00e9ditoriale, pour v\u00e9rifier qu&#8217;ils r\u00e9pondent au sch\u00e9ma SMART&nbsp;:<\/p>\n<ul>\n<li>Simples (ou sp\u00e9cifiques)<\/li>\n<li>Mesurables (pour conna\u00eetre votre retour sur investissement)<\/li>\n<li>Atteignables (pour \u00e9viter de fixer des objectifs trop hauts par rapport \u00e0 vos moyens)<\/li>\n<li>R\u00e9alistes (n\u2019esp\u00e9rez pas devenir n\u00b01 sur le march\u00e9 en 2 mois)<\/li>\n<li>Temporels (vos objectifs doivent \u00eatre atteints \u00e0 une date pr\u00e9cise)<\/li>\n<\/ul>\n<p>Votre calendrier devra alors \u00eatre construit en fonction des crit\u00e8res SMART de vos objectifs. D\u2019ailleurs, il devra lui-m\u00eame ob\u00e9ir \u00e0 ces facteurs. Par exemple, si vous ne savez pas r\u00e9aliser des vid\u00e9os ou infographies, ne les ajoutez pas imm\u00e9diatement \u00e0 votre calendrier.<\/p>\n<div>\n<figure style=\"width: 938px\" class=\"wp-caption alignnone\"><img decoding=\"async\" src=\"https:\/\/www.redacteur.com\/blog\/wp-content\/uploads\/sites\/6\/2016\/02\/exemple-2-calendrier-editoriale.png\" alt=\"exemple calendrier \u00e9ditorial \" width=\"938\" height=\"509\" \/><figcaption class=\"wp-caption-text\">Exemple d&#8217;un calendrier \u00e9ditorial sur Excel<\/figcaption><\/figure>\n<\/div>\n<p>Si vous \u00eates seul aux commandes, \u00e9vitez de vouloir produire plusieurs articles par jour, ce n\u2019est pas r\u00e9aliste.\u00a0Ce support de communication a donc plusieurs vocations que vous devez lister\u00a0:<\/p>\n<ul>\n<li>Partager des informations utiles et explicites par rapport \u00e0 vos produits, vos services\u2026<\/li>\n<li>Augmenter votre notori\u00e9t\u00e9 et votre visibilit\u00e9 sur les moteurs de recherche<\/li>\n<li>Accro\u00eetre le nombre de visiteurs puis les fid\u00e9liser<\/li>\n<li>Acqu\u00e9rir des contacts qualifi\u00e9s Booster le partage de contenus sur les r\u00e9seaux sociaux<\/li>\n<\/ul>\n<p>Enfin, pensez \u00e0 fixer un d\u00e9lai \u00e0 partir duquel la diffusion de vos contenus \u00e9ditoriaux doit remplir vos objectifs.<\/p>\n<h3>3. D\u00e9finir sa cible<\/h3>\n<p>En vous lan\u00e7ant dans votre aventure entrepreneuriale, vous avez d\u00fb faire une \u00e9tude de march\u00e9.<\/p>\n<p>Cette \u00e9tape inclut le choix du public cible auquel s\u2019adressent vos prestations. Servez-vous de ce profil pour d\u00e9finir la ligne \u00e9ditoriale, mais aussi choisir vos canaux de communication.<\/p>\n<p><img decoding=\"async\" src=\"https:\/\/www.redacteur.com\/blog\/wp-content\/uploads\/sites\/6\/2016\/03\/plan-marketing-persona-e1578903805920.png\" alt=\"\" width=\"800\" height=\"572\" \/><\/p>\n<p>Si vous n\u2019avez pas assez d\u2019informations pour choisir les meilleurs r\u00e9seaux sociaux et lister des id\u00e9es en ad\u00e9quation avec vos prospects, vous devrez pousser la connaissance de vos buyers persona.<\/p>\n<p>Vous connaissez leur profil, leur moyenne d\u2019\u00e2ge, ce qu\u2019ils font dans la vie et leurs aspirations. Mais savez-vous o\u00f9, comment et quand ils recherchent l\u2019information pour r\u00e9aliser leurs objectifs\u00a0? Par ailleurs, connaissez-vous le format de contenu qu\u2019ils privil\u00e9gient\u00a0?<\/p>\n<p>Ces renseignements vous permettront de placer les bons contenus, au bon moment dans votre calendrier \u00e9ditorial.<\/p>\n<blockquote><p>Observez les publications de vos concurrents\u00a0(heure, format et canaux de communication) pour construire votre propre planning. Il sera toujours possible de l\u2019optimiser lorsque vous aurez commenc\u00e9 la publication.<\/p><\/blockquote>\n<p>Recherchez davantage de renseignements sur eux, notamment de quelle fa\u00e7on ils communiquent, o\u00f9 ils recherchent des conseils, de quelle mani\u00e8re ils prennent contact\u2026<\/p>\n<h3>4.\u00a0\u00c9tudier leur parcours d\u2019achat<\/h3>\n<p>Vous ne proposerez pas le m\u00eame contenu \u00e0 un prospect qui d\u00e9bute sa qu\u00eate d\u2019informations qu\u2019\u00e0 un potentiel client qui a d\u00e9j\u00e0 s\u00e9lectionn\u00e9 2-3 entreprises pour l\u2019aider dans sa probl\u00e9matique.<\/p>\n<p>Votre calendrier \u00e9ditorial doit comporter plusieurs volets, qui accompagnent vos buyers persona dans leur cycle de d\u00e9cision, puis d\u2019achat. Si vous n\u2019avez encore jamais publi\u00e9 d\u2019articles, commencez par ceux qui posent les bases de votre activit\u00e9, avant d\u2019aller crescendo dans le degr\u00e9 d\u2019expertise.<\/p>\n<h2><\/h2>\n<h3>5. D\u00e9finir le type de contenu<\/h3>\n<p>Le type de contenus d\u00e9pend des messages \u00e0 communiquer et des lecteurs auxquels vous vous adressez. Vous avez alors le choix entre&nbsp;:<\/p>\n<ul>\n<li>Des photos<\/li>\n<li>Des vid\u00e9os<\/li>\n<li>Des guides<\/li>\n<li>Des articles<\/li>\n<li>Etc.<\/li>\n<\/ul>\n<p>Encore une fois, c\u2019est la connaissance de votre cible et de leurs habitudes en mati\u00e8re de recherche d\u2019information qui va vous aider \u00e0 choisir entre ces diff\u00e9rents formats.<\/p>\n<p>Veillez aussi \u00e0 vos ressources internes. Toutes les entreprises n\u2019ont pas les moyens (mat\u00e9riel, humain ou financier) de <a href=\"https:\/\/www.redacteur.com\/service\/creer-contenu-site\/\" target=\"_blank\" rel=\"noopener noreferrer\">cr\u00e9er\u00a0tous les types de contenu<\/a>.<\/p>\n<p>\u00c9videmment, rien ne vous emp\u00eache de proposer plusieurs formats pour r\u00e9pondre \u00e0 la plus large partie de votre cible.<\/p>\n<h3>6. \u00c9tudier la strat\u00e9gie de contenu de la concurrence<\/h3>\n<p>D\u2019autres entreprises ont d\u00e9j\u00e0 cr\u00e9\u00e9 leur blog professionnel et beaucoup d\u2019entre elles rencontrent du succ\u00e8s. Sans vous lancer dans l\u2019espionnage industriel, conna\u00eetre ce qu\u2019ils font peut vous \u00eatre utile.<\/p>\n<p>Pourquoi&nbsp;? Parce que vous pourrez faire diff\u00e9remment et mieux&nbsp;! Vous arriverez plus simplement d\u00e9finir votre valeur ajout\u00e9e par rapport \u00e0 ce qu\u2019ils proposent.<\/p>\n<h3>7. Varier les formes pour votre SEO<\/h3>\n<p>Afin de travailler votre ligne \u00e9ditoriale dans un objectif de r\u00e9f\u00e9rencement SEO, vous pouvez varier les formes. Cela fait partie int\u00e9grante de votre strat\u00e9gie \u00e9ditoriale. Voici quelques exemples&nbsp;:<\/p>\n<ul>\n<li>\u00c9crire sur un Blog&nbsp;: Vos articles seront de pr\u00e9f\u00e9rence cons\u00e9quents, de mani\u00e8re \u00e0 traiter un sujet qui passionnera votre cible et lui apportera de r\u00e9elles r\u00e9ponses.<\/li>\n<li>Les Br\u00e8ves ou les news&nbsp;: Ce sont des articles courts, construits autour de votre secteur d\u2019activit\u00e9. Ils donnent l\u2019information aux moteurs de recherche que vous \u00eates toujours l\u00e0\u2026 C\u2019est un excellent moyen de transmettre \u00e0 vos clients une information de derni\u00e8re minute telle que \u00ab la sortie du nouveau best-seller de\u2026. Avec la date \u00bb. Vous pouvez aussi vous en servir pour annoncer une promotion et cr\u00e9er un \u00ab clic ans connecte \u00bb<\/li>\n<li>Les photos sont essentielles dans vos articles, car elle donne de l\u2019a\u00e9ration \u00e0 vos \u00e9crits, elles illustrent et colorent la page. Elles apportent un plus pour le r\u00e9f\u00e9rencement \u00e0 condition de bien remplir les balises ALT.<\/li>\n<li>Vous pouvez mettre en avant vos expertises en \u00e9crivant des guides ou des tutos.<\/li>\n<li>Les vid\u00e9os sont la tendance du moment\u2026 En direct ou pas, elles vont donner du relief \u00e0 vos supports internet. Plus accessibles parfois pour les internautes et plus dynamiques, elles sont tr\u00e8s appr\u00e9ci\u00e9es par les moteurs de recherche.<\/li>\n<\/ul>\n<h3>8. Lister les id\u00e9es d\u2019articles \u00e0 produire<\/h3>\n<p>Vous avez maintenant toutes les cartes en main pour \u00e9tablir votre ligne \u00e9ditoriale. Vous avez aussi une partie des <a href=\"https:\/\/www.redacteur.com\/blog\/trouver-idees-articles-blog-facilement\/\">id\u00e9es d\u2019articles<\/a> que vous publierez sur votre blog.<\/p>\n<p>Notez les sujets qui vous semblent les plus pertinents et ajoutez quelques explications. Cette liste vous aide \u00e0 trouver l\u2019inspiration et \u00e0 cr\u00e9er une suite logique de vos contenus.<\/p>\n<blockquote><p>\u00c0 lire aussi&nbsp;: <a href=\"https:\/\/www.redacteur.com\/blog\/trouver-titre-article-rapidement\/\" target=\"_blank\" rel=\"noopener noreferrer\">2 minutes pour trouver le titre de votre prochain article de blog<\/a><\/p><\/blockquote>\n<h3>9. Placer les articles \u00e0 publier dans un calendrier \u00e9ditorial<\/h3>\n<p>Et voil\u00e0, nous arrivons \u00e0 la derni\u00e8re \u00e9tape d\u2019\u00e9laboration du <a href=\"https:\/\/www.redacteur.com\/blog\/comment-realiser-calendrier-editorial-5-min\/\">calendrier \u00e9ditorial<\/a>\u00a0! Munissez-vous d\u2019un tableau Excel ou d\u2019un outil comme Trello pour cr\u00e9er votre planning de publication. Class\u00e9 en mois, semaine, puis journ\u00e9e, ce dernier vous aide \u00e0 anticiper la r\u00e9daction de chaque contenu.<\/p>\n<p>Pour exister sur Internet, <span title=\"Dans un contexte formel des synonymes peuvent enrichir votre style.\">et<\/span> mettre en avant votre marque, il faut \u00eatre pr\u00e9sent de mani\u00e8re r\u00e9guli\u00e8re. \u00c9crire un article tous les <span title=\"Les chiffres s\u2019\u00e9crivent g\u00e9n\u00e9ralement en lettres.\">6<\/span> mois ne vous donnera pas beaucoup de valeur ajout\u00e9e. La r\u00e9gularit\u00e9 sera votre meilleur atout pour r\u00e9ussir dans votre strat\u00e9gie de \u00ab Web Marketing \u00bb. Concernant ce rythme, il n\u2019y a pas de r\u00e8gles. Cela d\u00e9pend de votre structure, et de vous. Il vaut mieux poster un article par semaine, mais tr\u00e8s r\u00e9guli\u00e8rement et de tr\u00e8s bonne qualit\u00e9 que d\u2019envahir Internet de \u00ab blabla \u00bb sans int\u00e9r\u00eat. Vous trouverez votre rythme en fonction de vos besoins et de vos capacit\u00e9s. Il est possible lorsque le temps ne vous l\u2019autorise pas de mettre en ligne un \u00e9crit plus court par exemple et r\u00e9server les reportages plus cons\u00e9quents pour une semaine moins charg\u00e9e.<\/p>\n<p>Votre calendrier \u00e9ditorial vous permet de programmer la cr\u00e9ation de vos contenus pour garder le rythme. Ce qui va profiter \u00e0 votre r\u00e9f\u00e9rencement naturel, mais aussi fid\u00e9liser votre audience. Plus vos prospects viendront consulter vos articles pertinents, plus ils auront de chance de se transformer en clients&nbsp;!<\/p>\n<p>Alors, placez vos diff\u00e9rentes id\u00e9es selon la saisonnalit\u00e9 des ventes et les \u00e9v\u00e9nements qui rythment g\u00e9n\u00e9ralement votre activit\u00e9 (p\u00e9riode de f\u00eate, vacances estivales, rentr\u00e9e\u2026).<\/p>\n<h2>Strat\u00e9gie de contenu SEO cl\u00e9 en main<\/h2>\n<p>Concevoir sa ligne \u00e9ditoriale demande un travail important et sollicite de nombreuses comp\u00e9tences. Redacteur.com propose de vous accompagner dans la mise en place de votre ligne \u00e9ditoriale avec 3 packs sur mesure pour vous proposer un service cl\u00e9 en main qui correspond \u00e0 vos ambitions.<\/p>\n<p>Les packs &#8220;Strat\u00e9gie de contenu SEO&#8221; de Redacteur.com proposent un audit s\u00e9mantique \u00e0 partir duquel un expert SEO d\u00e9tecte les meilleures opportunit\u00e9s SEO pour concevoir des articles ou des contenus.<\/p>\n<p>Une fois l&#8217;\u00e9laboration des contenus termin\u00e9e, les r\u00e9dacteurs professionnels de Redacteur.com r\u00e9digent vos textes, optimis\u00e9s pour le r\u00e9f\u00e9rencement naturel et format\u00e9s en HTML pour vous permettre une int\u00e9gration facile et rapide dans votre site.<\/p>\n<blockquote><p>Le pack le plus ambitieux propose la conception et la r\u00e9daction de 60 contenus de 800 mots, la cr\u00e9ation de 3 pages piliers de 2500 mots ainsi que la mise en place d&#8217;un maillage interne entre les nouveaux contenus et les pages piliers pour donner corps \u00e0 votre strat\u00e9gie de contenu SEO.<\/p><\/blockquote>\n<p>Pour en savoir plus sur la mise en place de votre ligne \u00e9ditoriale, consultez la page des <a href=\"https:\/\/www.redacteur.com\/packs-strategie-contenu-seo\/?source=redacteur&amp;medium=blog&amp;campaign=launch-packs-seo&amp;content=11034\">packs Strat\u00e9gie de contenu SEO de Redacteur.com<\/a> et prenez contact avec un chef de projet.<\/p>\n<h2>Notre astuce pour construire votre ligne \u00e9ditoriale<\/h2>\n<p>V\u00e9ritable fil d\u2019Ariane, la ligne \u00e9ditoriale vous aide \u00e0 mieux g\u00e9rer votre blog d\u2019entreprise. En respectant les diff\u00e9rentes \u00e9tapes de cet article, vous proposerez des contenus coh\u00e9rents, correspondant \u00e0 vos objectifs ainsi qu&#8217;aux attentes de vos prospects, mais cette conclusion ne serait pas totalement compl\u00e8te si les m\u00e9dias sociaux n\u2019y \u00e9taient pas abord\u00e9s&nbsp;!<\/p>\n<p>Incontournables de votre strat\u00e9gie de communication, les messages que vous passez sur Facebook, Instagram, Twitter et autres TikTok<span title=\"Il manque une espace apr\u00e8s le point.\">\u2026 doivent<\/span> faire l\u2019objet d\u2019une r\u00e9daction qui r\u00e9pond aux crit\u00e8res de votre ligne \u00e9ditoriale. Pour vivre sur les r\u00e9seaux, vous devez aussi r\u00e9pondre \u00e0 votre communaut\u00e9. Gardez votre strat\u00e9gie \u00e9ditoriale en t\u00eate m\u00eame lors des r\u00e9ponses faites aux abonn\u00e9s. L\u2019objectif, l\u00e0 encore est, de maintenir la coh\u00e9rence \u00e9ditoriale de votre marque.<\/p>\n<p>Et si vous avez besoin d\u2019aide pour cette mission, n\u2019h\u00e9sitez pas \u00e0 faire appel \u00e0 un r\u00e9dacteur web professionnel sur <a href=\"https:\/\/www.redacteur.com\/\">Redacteur.com<\/a>.<\/p>\n","protected":false},"excerpt":{"rendered":"<p>Noyau strat\u00e9gique de votre blog et de votre content marketing, la ligne \u00e9ditoriale doit \u00eatre bien d\u00e9finie avant la publication du premier contenu. Pour la r\u00e9daction web, ce fil conducteur d\u00e9termine d\u00e8s le d\u00e9part les id\u00e9es que vous traiterez, le(s) ton(s) que vous utiliserez et les points de vue \u00e0 adopter. Il vous sert de [&hellip;]<\/p>\n","protected":false},"author":1,"featured_media":16702,"comment_status":"open","ping_status":"open","sticky":false,"template":"","format":"standard","meta":{"_acf_changed":false,"inline_featured_image":false,"footnotes":""},"categories":[14],"tags":[],"class_list":["post-11034","post","type-post","status-publish","format-standard","has-post-thumbnail","hentry","category-strategie-editoriale"],"acf":[],"yoast_head":"<!-- This site is optimized with the Yoast SEO plugin v25.9 - https:\/\/yoast.com\/wordpress\/plugins\/seo\/ -->\n<title>Comment construire votre ligne \u00e9ditoriale en 9 \u00e9tapes<\/title>\n<meta name=\"description\" content=\"Noyau strat\u00e9gique de votre blog, la ligne \u00e9ditoriale doit \u00eatre bien d\u00e9finie avant la publication du premier contenu.\" \/>\n<meta name=\"robots\" content=\"index, follow, max-snippet:-1, max-image-preview:large, max-video-preview:-1\" \/>\n<link rel=\"canonical\" href=\"https:\/\/www.redacteur.com\/blog\/construire-ligne-editoriale\/\" \/>\n<meta property=\"og:locale\" content=\"fr_FR\" \/>\n<meta property=\"og:type\" content=\"article\" \/>\n<meta property=\"og:title\" content=\"Comment construire votre ligne \u00e9ditoriale en 9 \u00e9tapes\" \/>\n<meta property=\"og:description\" content=\"Noyau strat\u00e9gique de votre blog, la ligne \u00e9ditoriale doit \u00eatre bien d\u00e9finie avant la publication du premier contenu.\" \/>\n<meta property=\"og:url\" content=\"https:\/\/www.redacteur.com\/blog\/construire-ligne-editoriale\/\" \/>\n<meta property=\"og:site_name\" content=\"Redacteur.com\" \/>\n<meta property=\"article:publisher\" content=\"https:\/\/www.facebook.com\/redacteurcom\" \/>\n<meta property=\"article:published_time\" content=\"2022-04-14T08:50:09+00:00\" \/>\n<meta property=\"article:modified_time\" content=\"2024-11-19T13:55:20+00:00\" \/>\n<meta property=\"og:image\" content=\"https:\/\/www.redacteur.com\/blog\/wp-content\/uploads\/sites\/6\/2016\/02\/trouver-ligne-editoriale.jpg\" \/>\n\t<meta property=\"og:image:width\" content=\"850\" \/>\n\t<meta property=\"og:image:height\" content=\"600\" \/>\n\t<meta property=\"og:image:type\" content=\"image\/jpeg\" \/>\n<meta name=\"author\" content=\"Laura Michaud\" \/>\n<meta name=\"twitter:card\" content=\"summary_large_image\" \/>\n<meta name=\"twitter:creator\" content=\"@Redacteurcom\" \/>\n<meta name=\"twitter:site\" content=\"@Redacteurcom\" \/>\n<meta name=\"twitter:label1\" content=\"\u00c9crit par\" \/>\n\t<meta name=\"twitter:data1\" content=\"Laura Michaud\" \/>\n\t<meta name=\"twitter:label2\" content=\"Dur\u00e9e de lecture estim\u00e9e\" \/>\n\t<meta name=\"twitter:data2\" content=\"13 minutes\" \/>\n<script type=\"application\/ld+json\" class=\"yoast-schema-graph\">{\"@context\":\"https:\/\/schema.org\",\"@graph\":[{\"@type\":\"Article\",\"@id\":\"https:\/\/www.redacteur.com\/blog\/construire-ligne-editoriale\/#article\",\"isPartOf\":{\"@id\":\"https:\/\/www.redacteur.com\/blog\/construire-ligne-editoriale\/\"},\"author\":{\"name\":\"Laura Michaud\",\"@id\":\"https:\/\/www.redacteur.com\/blog\/#\/schema\/person\/33c0ef04707fbe50a096f282050bb5f2\"},\"headline\":\"Comment construire votre ligne \u00e9ditoriale en 9 \u00e9tapes&nbsp;?\",\"datePublished\":\"2022-04-14T08:50:09+00:00\",\"dateModified\":\"2024-11-19T13:55:20+00:00\",\"mainEntityOfPage\":{\"@id\":\"https:\/\/www.redacteur.com\/blog\/construire-ligne-editoriale\/\"},\"wordCount\":2571,\"commentCount\":5,\"publisher\":{\"@id\":\"https:\/\/www.redacteur.com\/blog\/#organization\"},\"image\":{\"@id\":\"https:\/\/www.redacteur.com\/blog\/construire-ligne-editoriale\/#primaryimage\"},\"thumbnailUrl\":\"https:\/\/www.redacteur.com\/blog\/wp-content\/uploads\/sites\/6\/2016\/02\/trouver-ligne-editoriale.jpg\",\"articleSection\":[\"Strat\u00e9gie \u00e9ditoriale\"],\"inLanguage\":\"fr-FR\",\"potentialAction\":[{\"@type\":\"CommentAction\",\"name\":\"Comment\",\"target\":[\"https:\/\/www.redacteur.com\/blog\/construire-ligne-editoriale\/#respond\"]}]},{\"@type\":\"WebPage\",\"@id\":\"https:\/\/www.redacteur.com\/blog\/construire-ligne-editoriale\/\",\"url\":\"https:\/\/www.redacteur.com\/blog\/construire-ligne-editoriale\/\",\"name\":\"Comment construire votre ligne \u00e9ditoriale en 9 \u00e9tapes\",\"isPartOf\":{\"@id\":\"https:\/\/www.redacteur.com\/blog\/#website\"},\"primaryImageOfPage\":{\"@id\":\"https:\/\/www.redacteur.com\/blog\/construire-ligne-editoriale\/#primaryimage\"},\"image\":{\"@id\":\"https:\/\/www.redacteur.com\/blog\/construire-ligne-editoriale\/#primaryimage\"},\"thumbnailUrl\":\"https:\/\/www.redacteur.com\/blog\/wp-content\/uploads\/sites\/6\/2016\/02\/trouver-ligne-editoriale.jpg\",\"datePublished\":\"2022-04-14T08:50:09+00:00\",\"dateModified\":\"2024-11-19T13:55:20+00:00\",\"description\":\"Noyau strat\u00e9gique de votre blog, la ligne \u00e9ditoriale doit \u00eatre bien d\u00e9finie avant la publication du premier contenu.\",\"breadcrumb\":{\"@id\":\"https:\/\/www.redacteur.com\/blog\/construire-ligne-editoriale\/#breadcrumb\"},\"inLanguage\":\"fr-FR\",\"potentialAction\":[{\"@type\":\"ReadAction\",\"target\":[\"https:\/\/www.redacteur.com\/blog\/construire-ligne-editoriale\/\"]}]},{\"@type\":\"ImageObject\",\"inLanguage\":\"fr-FR\",\"@id\":\"https:\/\/www.redacteur.com\/blog\/construire-ligne-editoriale\/#primaryimage\",\"url\":\"https:\/\/www.redacteur.com\/blog\/wp-content\/uploads\/sites\/6\/2016\/02\/trouver-ligne-editoriale.jpg\",\"contentUrl\":\"https:\/\/www.redacteur.com\/blog\/wp-content\/uploads\/sites\/6\/2016\/02\/trouver-ligne-editoriale.jpg\",\"width\":850,\"height\":600,\"caption\":\"Trouver la ligne \u00e9ditoriale\"},{\"@type\":\"BreadcrumbList\",\"@id\":\"https:\/\/www.redacteur.com\/blog\/construire-ligne-editoriale\/#breadcrumb\",\"itemListElement\":[{\"@type\":\"ListItem\",\"position\":1,\"name\":\"Blog\",\"item\":\"https:\/\/www.redacteur.com\/blog\/\"},{\"@type\":\"ListItem\",\"position\":2,\"name\":\"R\u00e9daction web\",\"item\":\"https:\/\/www.redacteur.com\/blog\/redaction-web\/\"},{\"@type\":\"ListItem\",\"position\":3,\"name\":\"Strat\u00e9gie \u00e9ditoriale\",\"item\":\"https:\/\/www.redacteur.com\/blog\/redaction-web\/strategie-editoriale\/\"},{\"@type\":\"ListItem\",\"position\":4,\"name\":\"Comment construire votre ligne \u00e9ditoriale en 9 \u00e9tapes&nbsp;?\"}]},{\"@type\":\"WebSite\",\"@id\":\"https:\/\/www.redacteur.com\/blog\/#website\",\"url\":\"https:\/\/www.redacteur.com\/blog\/\",\"name\":\"Redacteur.com\",\"description\":\"redacteur\",\"publisher\":{\"@id\":\"https:\/\/www.redacteur.com\/blog\/#organization\"},\"potentialAction\":[{\"@type\":\"SearchAction\",\"target\":{\"@type\":\"EntryPoint\",\"urlTemplate\":\"https:\/\/www.redacteur.com\/blog\/?s={search_term_string}\"},\"query-input\":{\"@type\":\"PropertyValueSpecification\",\"valueRequired\":true,\"valueName\":\"search_term_string\"}}],\"inLanguage\":\"fr-FR\"},{\"@type\":\"Organization\",\"@id\":\"https:\/\/www.redacteur.com\/blog\/#organization\",\"name\":\"Redacteur.com\",\"url\":\"https:\/\/www.redacteur.com\/blog\/\",\"logo\":{\"@type\":\"ImageObject\",\"inLanguage\":\"fr-FR\",\"@id\":\"https:\/\/www.redacteur.com\/blog\/#\/schema\/logo\/image\/\",\"url\":\"https:\/\/www.redacteur.com\/blog\/wp-content\/uploads\/sites\/6\/2022\/10\/logo-redacteur-blog.svg\",\"contentUrl\":\"https:\/\/www.redacteur.com\/blog\/wp-content\/uploads\/sites\/6\/2022\/10\/logo-redacteur-blog.svg\",\"width\":1,\"height\":1,\"caption\":\"Redacteur.com\"},\"image\":{\"@id\":\"https:\/\/www.redacteur.com\/blog\/#\/schema\/logo\/image\/\"},\"sameAs\":[\"https:\/\/www.facebook.com\/redacteurcom\",\"https:\/\/x.com\/Redacteurcom\",\"https:\/\/www.linkedin.com\/company\/redacteur-com\",\"https:\/\/www.youtube.com\/channel\/UCgj9ySM9xy3gdL8qBafl9Uw\/\"]},{\"@type\":\"Person\",\"@id\":\"https:\/\/www.redacteur.com\/blog\/#\/schema\/person\/33c0ef04707fbe50a096f282050bb5f2\",\"name\":\"Laura Michaud\",\"image\":{\"@type\":\"ImageObject\",\"inLanguage\":\"fr-FR\",\"@id\":\"https:\/\/www.redacteur.com\/blog\/#\/schema\/person\/image\/\",\"url\":\"https:\/\/secure.gravatar.com\/avatar\/c3328cc0c887f98cec6b2979af3311ab6333fc7cc2d4847514cfec6a56fa08a7?s=96&d=mm&r=g\",\"contentUrl\":\"https:\/\/secure.gravatar.com\/avatar\/c3328cc0c887f98cec6b2979af3311ab6333fc7cc2d4847514cfec6a56fa08a7?s=96&d=mm&r=g\",\"caption\":\"Laura Michaud\"},\"description\":\"Laura connait tous les meilleurs outils pour g\u00e9rer des projets et une entreprise. Cr\u00e9ative, c'est aussi une sp\u00e9cialiste des outils de cr\u00e9ation graphique pour faire briller une entreprise.\",\"sameAs\":[\"https:\/\/www.linkedin.com\/in\/michaudlaura\/\"],\"url\":\"https:\/\/www.redacteur.com\/blog\/author\/laura\/\"}]}<\/script>\n<!-- \/ Yoast SEO plugin. -->","yoast_head_json":{"title":"Comment construire votre ligne \u00e9ditoriale en 9 \u00e9tapes","description":"Noyau strat\u00e9gique de votre blog, la ligne \u00e9ditoriale doit \u00eatre bien d\u00e9finie avant la publication du premier contenu.","robots":{"index":"index","follow":"follow","max-snippet":"max-snippet:-1","max-image-preview":"max-image-preview:large","max-video-preview":"max-video-preview:-1"},"canonical":"https:\/\/www.redacteur.com\/blog\/construire-ligne-editoriale\/","og_locale":"fr_FR","og_type":"article","og_title":"Comment construire votre ligne \u00e9ditoriale en 9 \u00e9tapes","og_description":"Noyau strat\u00e9gique de votre blog, la ligne \u00e9ditoriale doit \u00eatre bien d\u00e9finie avant la publication du premier contenu.","og_url":"https:\/\/www.redacteur.com\/blog\/construire-ligne-editoriale\/","og_site_name":"Redacteur.com","article_publisher":"https:\/\/www.facebook.com\/redacteurcom","article_published_time":"2022-04-14T08:50:09+00:00","article_modified_time":"2024-11-19T13:55:20+00:00","og_image":[{"width":850,"height":600,"url":"https:\/\/www.redacteur.com\/blog\/wp-content\/uploads\/sites\/6\/2016\/02\/trouver-ligne-editoriale.jpg","type":"image\/jpeg"}],"author":"Laura Michaud","twitter_card":"summary_large_image","twitter_creator":"@Redacteurcom","twitter_site":"@Redacteurcom","twitter_misc":{"\u00c9crit par":"Laura Michaud","Dur\u00e9e de lecture estim\u00e9e":"13 minutes"},"schema":{"@context":"https:\/\/schema.org","@graph":[{"@type":"Article","@id":"https:\/\/www.redacteur.com\/blog\/construire-ligne-editoriale\/#article","isPartOf":{"@id":"https:\/\/www.redacteur.com\/blog\/construire-ligne-editoriale\/"},"author":{"name":"Laura Michaud","@id":"https:\/\/www.redacteur.com\/blog\/#\/schema\/person\/33c0ef04707fbe50a096f282050bb5f2"},"headline":"Comment construire votre ligne \u00e9ditoriale en 9 \u00e9tapes&nbsp;?","datePublished":"2022-04-14T08:50:09+00:00","dateModified":"2024-11-19T13:55:20+00:00","mainEntityOfPage":{"@id":"https:\/\/www.redacteur.com\/blog\/construire-ligne-editoriale\/"},"wordCount":2571,"commentCount":5,"publisher":{"@id":"https:\/\/www.redacteur.com\/blog\/#organization"},"image":{"@id":"https:\/\/www.redacteur.com\/blog\/construire-ligne-editoriale\/#primaryimage"},"thumbnailUrl":"https:\/\/www.redacteur.com\/blog\/wp-content\/uploads\/sites\/6\/2016\/02\/trouver-ligne-editoriale.jpg","articleSection":["Strat\u00e9gie \u00e9ditoriale"],"inLanguage":"fr-FR","potentialAction":[{"@type":"CommentAction","name":"Comment","target":["https:\/\/www.redacteur.com\/blog\/construire-ligne-editoriale\/#respond"]}]},{"@type":"WebPage","@id":"https:\/\/www.redacteur.com\/blog\/construire-ligne-editoriale\/","url":"https:\/\/www.redacteur.com\/blog\/construire-ligne-editoriale\/","name":"Comment construire votre ligne \u00e9ditoriale en 9 \u00e9tapes","isPartOf":{"@id":"https:\/\/www.redacteur.com\/blog\/#website"},"primaryImageOfPage":{"@id":"https:\/\/www.redacteur.com\/blog\/construire-ligne-editoriale\/#primaryimage"},"image":{"@id":"https:\/\/www.redacteur.com\/blog\/construire-ligne-editoriale\/#primaryimage"},"thumbnailUrl":"https:\/\/www.redacteur.com\/blog\/wp-content\/uploads\/sites\/6\/2016\/02\/trouver-ligne-editoriale.jpg","datePublished":"2022-04-14T08:50:09+00:00","dateModified":"2024-11-19T13:55:20+00:00","description":"Noyau strat\u00e9gique de votre blog, la ligne \u00e9ditoriale doit \u00eatre bien d\u00e9finie avant la publication du premier contenu.","breadcrumb":{"@id":"https:\/\/www.redacteur.com\/blog\/construire-ligne-editoriale\/#breadcrumb"},"inLanguage":"fr-FR","potentialAction":[{"@type":"ReadAction","target":["https:\/\/www.redacteur.com\/blog\/construire-ligne-editoriale\/"]}]},{"@type":"ImageObject","inLanguage":"fr-FR","@id":"https:\/\/www.redacteur.com\/blog\/construire-ligne-editoriale\/#primaryimage","url":"https:\/\/www.redacteur.com\/blog\/wp-content\/uploads\/sites\/6\/2016\/02\/trouver-ligne-editoriale.jpg","contentUrl":"https:\/\/www.redacteur.com\/blog\/wp-content\/uploads\/sites\/6\/2016\/02\/trouver-ligne-editoriale.jpg","width":850,"height":600,"caption":"Trouver la ligne \u00e9ditoriale"},{"@type":"BreadcrumbList","@id":"https:\/\/www.redacteur.com\/blog\/construire-ligne-editoriale\/#breadcrumb","itemListElement":[{"@type":"ListItem","position":1,"name":"Blog","item":"https:\/\/www.redacteur.com\/blog\/"},{"@type":"ListItem","position":2,"name":"R\u00e9daction web","item":"https:\/\/www.redacteur.com\/blog\/redaction-web\/"},{"@type":"ListItem","position":3,"name":"Strat\u00e9gie \u00e9ditoriale","item":"https:\/\/www.redacteur.com\/blog\/redaction-web\/strategie-editoriale\/"},{"@type":"ListItem","position":4,"name":"Comment construire votre ligne \u00e9ditoriale en 9 \u00e9tapes&nbsp;?"}]},{"@type":"WebSite","@id":"https:\/\/www.redacteur.com\/blog\/#website","url":"https:\/\/www.redacteur.com\/blog\/","name":"Redacteur.com","description":"redacteur","publisher":{"@id":"https:\/\/www.redacteur.com\/blog\/#organization"},"potentialAction":[{"@type":"SearchAction","target":{"@type":"EntryPoint","urlTemplate":"https:\/\/www.redacteur.com\/blog\/?s={search_term_string}"},"query-input":{"@type":"PropertyValueSpecification","valueRequired":true,"valueName":"search_term_string"}}],"inLanguage":"fr-FR"},{"@type":"Organization","@id":"https:\/\/www.redacteur.com\/blog\/#organization","name":"Redacteur.com","url":"https:\/\/www.redacteur.com\/blog\/","logo":{"@type":"ImageObject","inLanguage":"fr-FR","@id":"https:\/\/www.redacteur.com\/blog\/#\/schema\/logo\/image\/","url":"https:\/\/www.redacteur.com\/blog\/wp-content\/uploads\/sites\/6\/2022\/10\/logo-redacteur-blog.svg","contentUrl":"https:\/\/www.redacteur.com\/blog\/wp-content\/uploads\/sites\/6\/2022\/10\/logo-redacteur-blog.svg","width":1,"height":1,"caption":"Redacteur.com"},"image":{"@id":"https:\/\/www.redacteur.com\/blog\/#\/schema\/logo\/image\/"},"sameAs":["https:\/\/www.facebook.com\/redacteurcom","https:\/\/x.com\/Redacteurcom","https:\/\/www.linkedin.com\/company\/redacteur-com","https:\/\/www.youtube.com\/channel\/UCgj9ySM9xy3gdL8qBafl9Uw\/"]},{"@type":"Person","@id":"https:\/\/www.redacteur.com\/blog\/#\/schema\/person\/33c0ef04707fbe50a096f282050bb5f2","name":"Laura Michaud","image":{"@type":"ImageObject","inLanguage":"fr-FR","@id":"https:\/\/www.redacteur.com\/blog\/#\/schema\/person\/image\/","url":"https:\/\/secure.gravatar.com\/avatar\/c3328cc0c887f98cec6b2979af3311ab6333fc7cc2d4847514cfec6a56fa08a7?s=96&d=mm&r=g","contentUrl":"https:\/\/secure.gravatar.com\/avatar\/c3328cc0c887f98cec6b2979af3311ab6333fc7cc2d4847514cfec6a56fa08a7?s=96&d=mm&r=g","caption":"Laura Michaud"},"description":"Laura connait tous les meilleurs outils pour g\u00e9rer des projets et une entreprise. Cr\u00e9ative, c'est aussi une sp\u00e9cialiste des outils de cr\u00e9ation graphique pour faire briller une entreprise.","sameAs":["https:\/\/www.linkedin.com\/in\/michaudlaura\/"],"url":"https:\/\/www.redacteur.com\/blog\/author\/laura\/"}]}},"_links":{"self":[{"href":"https:\/\/www.redacteur.com\/blog\/wp-json\/wp\/v2\/posts\/11034","targetHints":{"allow":["GET"]}}],"collection":[{"href":"https:\/\/www.redacteur.com\/blog\/wp-json\/wp\/v2\/posts"}],"about":[{"href":"https:\/\/www.redacteur.com\/blog\/wp-json\/wp\/v2\/types\/post"}],"author":[{"embeddable":true,"href":"https:\/\/www.redacteur.com\/blog\/wp-json\/wp\/v2\/users\/1"}],"replies":[{"embeddable":true,"href":"https:\/\/www.redacteur.com\/blog\/wp-json\/wp\/v2\/comments?post=11034"}],"version-history":[{"count":0,"href":"https:\/\/www.redacteur.com\/blog\/wp-json\/wp\/v2\/posts\/11034\/revisions"}],"wp:featuredmedia":[{"embeddable":true,"href":"https:\/\/www.redacteur.com\/blog\/wp-json\/wp\/v2\/media\/16702"}],"wp:attachment":[{"href":"https:\/\/www.redacteur.com\/blog\/wp-json\/wp\/v2\/media?parent=11034"}],"wp:term":[{"taxonomy":"category","embeddable":true,"href":"https:\/\/www.redacteur.com\/blog\/wp-json\/wp\/v2\/categories?post=11034"},{"taxonomy":"post_tag","embeddable":true,"href":"https:\/\/www.redacteur.com\/blog\/wp-json\/wp\/v2\/tags?post=11034"}],"curies":[{"name":"wp","href":"https:\/\/api.w.org\/{rel}","templated":true}]}}