{"id":11465,"date":"2020-09-21T09:30:51","date_gmt":"2020-09-21T07:30:51","guid":{"rendered":"https:\/\/www.redacteur.com\/blog\/?p=11465"},"modified":"2020-09-21T09:30:51","modified_gmt":"2020-09-21T07:30:51","slug":"calibrage-editorial-interets-objectifs","status":"publish","type":"post","link":"https:\/\/www.redacteur.com\/blog\/calibrage-editorial-interets-objectifs\/","title":{"rendered":"Calibrage \u00e9ditorial&nbsp;: quels sont les int\u00e9r\u00eats et les objectifs&nbsp;?"},"content":{"rendered":"<p>Vous voulez r\u00e9utiliser les<a href=\"https:\/\/www.redacteur.com\/blog\/5-booster-content-marketing\/\"> contenus de votre site web<\/a> mais vous ne savez comment faire&nbsp;? Il existe plusieurs techniques pouvant aboutir \u00e0 un tel objectif&nbsp;! L\u2019une des m\u00e9thodes les plus connues consiste \u00e0 r\u00e9\u00e9crire le contenu en utilisant un calibrage \u00e9ditorial.<\/p>\n<p>C\u2019est une technique simple, mais \u00e0 forte valeur ajout\u00e9e, qui vous permet d\u2019apporter une touche singuli\u00e8re \u00e0 votre contenu gr\u00e2ce \u00e0 l\u2019ajout de nouveaux \u00e9l\u00e9ments pertinents.<\/p>\n<p>&nbsp;<\/p>\n<h2>Qu&#8217;est-ce que le calibrage \u00e9ditorial&nbsp;?<\/h2>\n<blockquote><p>C\u2019est une m\u00e9thode <a href=\"https:\/\/www.redacteur.com\/blog\/comment-rediger-un-editorial\/\">\u00e9ditoriale<\/a> dont le premier objectif est d\u2019am\u00e9liorer la qualit\u00e9 d\u2019un contenu d\u00e9j\u00e0 existant. Concr\u00e8tement, le calibrage \u00e9ditorial consiste \u00e0 optimiser l\u2019efficacit\u00e9 et la pertinence d\u2019un article en jouant sur la taille du texte, en modifiant l\u2019angle d\u2019approche du sujet ou en optimisant le call-to-action.<\/p><\/blockquote>\n<p><img decoding=\"async\" class=\"aligncenter wp-image-20849\" src=\"https:\/\/www.redacteur.com\/blog\/wp-content\/uploads\/sites\/6\/2013\/09\/ordi.jpg\" alt=\"\" width=\"600\" height=\"400\" srcset=\"https:\/\/www.redacteur.com\/blog\/wp-content\/uploads\/sites\/6\/2013\/09\/ordi.jpg 700w, https:\/\/www.redacteur.com\/blog\/wp-content\/uploads\/sites\/6\/2013\/09\/ordi-300x200.jpg 300w, https:\/\/www.redacteur.com\/blog\/wp-content\/uploads\/sites\/6\/2013\/09\/ordi-60x40.jpg 60w, https:\/\/www.redacteur.com\/blog\/wp-content\/uploads\/sites\/6\/2013\/09\/ordi-370x247.jpg 370w, https:\/\/www.redacteur.com\/blog\/wp-content\/uploads\/sites\/6\/2013\/09\/ordi-270x180.jpg 270w, https:\/\/www.redacteur.com\/blog\/wp-content\/uploads\/sites\/6\/2013\/09\/ordi-570x380.jpg 570w\" sizes=\"(max-width: 600px) 100vw, 600px\" \/><\/p>\n<p>Il s\u2019agit d\u2019une r\u00e9elle conversion du contenu sur le plan qualitatif, avec l\u2019apport de nouvelles informations pertinentes et d\u2019une structure plus lisible.<\/p>\n<blockquote><p>\u00c0 lire aussi&nbsp;: <a href=\"https:\/\/www.redacteur.com\/blog\/reecriture-texte\/\">Utiliser la r\u00e9\u00e9criture de texte pour \u00e9viter le duplicate content<\/a><\/p><\/blockquote>\n<p>&nbsp;<\/p>\n<h2>\u00c0 quels objectifs r\u00e9pond le calibrage \u00e9ditorial&nbsp;?<\/h2>\n<p>Le calibrage de contenu reprend l\u2019objectif principal du contenu corrig\u00e9&nbsp;:<\/p>\n<ul>\n<li>G\u00e9rer son image,<\/li>\n<li>Accro\u00eetre le trafic,<\/li>\n<li>Inciter au<a href=\"https:\/\/www.redacteur.com\/blog\/redaction-livre-blanc\/\"> t\u00e9l\u00e9chargement d\u2019un livre blanc<\/a>, etc.<\/li>\n<\/ul>\n<p><img decoding=\"async\" class=\"aligncenter size-full wp-image-22088\" src=\"https:\/\/www.redacteur.com\/blog\/wp-content\/uploads\/sites\/6\/2016\/07\/freelance.jpg\" alt=\"\" width=\"700\" height=\"467\" srcset=\"https:\/\/www.redacteur.com\/blog\/wp-content\/uploads\/sites\/6\/2016\/07\/freelance.jpg 700w, https:\/\/www.redacteur.com\/blog\/wp-content\/uploads\/sites\/6\/2016\/07\/freelance-300x200.jpg 300w, https:\/\/www.redacteur.com\/blog\/wp-content\/uploads\/sites\/6\/2016\/07\/freelance-60x40.jpg 60w, https:\/\/www.redacteur.com\/blog\/wp-content\/uploads\/sites\/6\/2016\/07\/freelance-370x247.jpg 370w, https:\/\/www.redacteur.com\/blog\/wp-content\/uploads\/sites\/6\/2016\/07\/freelance-270x180.jpg 270w, https:\/\/www.redacteur.com\/blog\/wp-content\/uploads\/sites\/6\/2016\/07\/freelance-570x380.jpg 570w\" sizes=\"(max-width: 700px) 100vw, 700px\" \/><\/p>\n<p>Mais au-del\u00e0 du but d\u00e9j\u00e0 \u00e9tabli par le contenu initial, cette technique vise \u00e0 booster le taux de conversion. Avec des informations \u00e0 jour et une meilleure compr\u00e9hension de sa cible, il est possible d\u2019optimiser chaque article pour augmenter leurs performances.<\/p>\n<blockquote><p>Avantage&nbsp;: Par ailleurs, le calibrage \u00e9ditorial s\u2019av\u00e8re efficace pour l\u2019optimisation de votre SEO. L\u2019apport de nouveaux mots-cl\u00e9s pertinents et l\u2019enrichissement du contenu facilitent un meilleur positionnement dans les r\u00e9sultats de recherche.<\/p><\/blockquote>\n<p>Et pour ceux qui tiennent un e-commerce, cette technique renforce l\u2019impact des fiches produit et limite le taux de rebond. Une reformulation de la description, un enrichissement de la fiche ou un changement dans l\u2019angle d\u2019approche sont autant d\u2019\u00e9l\u00e9ments susceptibles de fournir des raisons suppl\u00e9mentaires aux visiteurs de c\u00e9der \u00e0 l\u2019achat.<\/p>\n<blockquote><p>\u00c0 lire aussi&nbsp;: <a href=\"https:\/\/www.redacteur.com\/blog\/bestof-ressources-contre-duplicate-content\/\">Le guide complet pour lutter contre le Duplicate Content<\/a><\/p><\/blockquote>\n<p>&nbsp;<\/p>\n<h2>Comment r\u00e9\u00e9crire du contenu&nbsp;?<\/h2>\n<p>Dans le cadre d\u2019une r\u00e9\u00e9criture, le calibrage \u00e9ditorial n\u00e9cessite une bonne analyse de l\u2019article en amont. Cette op\u00e9ration vous aide \u00e0 cibler les composantes essentielles de votre contenu, c\u2019est-\u00e0-dire les \u00e9l\u00e9ments qui m\u00e9ritent un apport de valeur ajout\u00e9e ou une modernisation. C\u2019est aussi le moment d\u2019analyser les contenus qui fonctionnent et qu\u2019il ne faut pas modifier.<\/p>\n<p><img decoding=\"async\" class=\"aligncenter size-large wp-image-22089\" src=\"https:\/\/www.redacteur.com\/blog\/wp-content\/uploads\/sites\/6\/2016\/07\/freelance2-1024x683.jpg\" alt=\"\" width=\"770\" height=\"514\" \/><\/p>\n<p>Lorsque les \u00e9l\u00e9ments \u00e0 modifier sont connus, il est temps de proc\u00e9der \u00e0 la r\u00e9\u00e9criture. Dans un premier temps, le plus simple est de&nbsp;:<\/p>\n<ul>\n<li>Raccourcir les phrases<\/li>\n<li>Modifier la structure du texte (ajout ou suppression de sous-titres)<\/li>\n<li>Renouveler le maillage interne<\/li>\n<li>Et simplifier le vocabulaire employ\u00e9<\/li>\n<\/ul>\n<p>Quant au choix des contenus \u00e0 r\u00e9\u00e9quilibrer, commencez par&nbsp;:<\/p>\n<ul>\n<li>Les micro-contenus<\/li>\n<li>Les formulaires d\u2019inscription<\/li>\n<li>Les appels \u00e0 l\u2019action<\/li>\n<li><a href=\"https:\/\/www.redacteur.com\/service\/rediger-fiche-produit\/\">Les fiches produits<\/a> et<a href=\"https:\/\/www.redacteur.com\/service\/rediger-article-blog\/\"> les articles de blog<\/a><\/li>\n<\/ul>\n<p>Terminez par les contenus plus cons\u00e9quents comme les \u00e9tudes de cas, les livres blancs ou les articles de plus de 1 000 mots.<\/p>\n<blockquote><p>\u00c0 lire aussi&nbsp;: <a href=\"https:\/\/www.redacteur.com\/blog\/comment-creer-plus-de-contenu-pour-votre-content-marketing\/\">Content marketing&nbsp;: comment cr\u00e9er plus de contenu&nbsp;?<\/a><\/p><\/blockquote>\n<p>&nbsp;<\/p>\n<h2>Quelles pr\u00e9cautions \u00e0 prendre&nbsp;?<\/h2>\n<p>Votre travail de <a href=\"https:\/\/www.redacteur.com\/blog\/sites-reecritures-textes\/\">r\u00e9\u00e9criture<\/a> doit se faire de fa\u00e7on progressive.<\/p>\n<p><img decoding=\"async\" class=\"aligncenter size-full wp-image-22091\" src=\"https:\/\/www.redacteur.com\/blog\/wp-content\/uploads\/sites\/6\/2016\/07\/work.jpg\" alt=\"\" width=\"700\" height=\"467\" srcset=\"https:\/\/www.redacteur.com\/blog\/wp-content\/uploads\/sites\/6\/2016\/07\/work.jpg 700w, https:\/\/www.redacteur.com\/blog\/wp-content\/uploads\/sites\/6\/2016\/07\/work-300x200.jpg 300w, https:\/\/www.redacteur.com\/blog\/wp-content\/uploads\/sites\/6\/2016\/07\/work-60x40.jpg 60w, https:\/\/www.redacteur.com\/blog\/wp-content\/uploads\/sites\/6\/2016\/07\/work-370x247.jpg 370w, https:\/\/www.redacteur.com\/blog\/wp-content\/uploads\/sites\/6\/2016\/07\/work-270x180.jpg 270w, https:\/\/www.redacteur.com\/blog\/wp-content\/uploads\/sites\/6\/2016\/07\/work-570x380.jpg 570w\" sizes=\"(max-width: 700px) 100vw, 700px\" \/><\/p>\n<p>Dans un premier temps, vous devez pouvoir \u00eatre en capacit\u00e9 de mesurer les r\u00e9sultats pr\u00e9cis de votre r\u00e9\u00e9criture et ses effets sur vos statistiques.<\/p>\n<p>Ensuite, n\u2019h\u00e9sitez pas \u00e0 prendre des risques, raisonnables certes, mais qui permettront de constater des r\u00e9sultats assez rapides sur des contenus visibles et \u00e0 fort trafic.<\/p>\n<p>Enfin, choisissez des contenus ayant des objectifs pr\u00e9cis et un appel \u00e0 l\u2019action bien d\u00e9fini&nbsp;:<\/p>\n<ul>\n<li>Micro-contenus<\/li>\n<li>Boutons d\u2019actions<\/li>\n<li>Banni\u00e8res, etc.<\/li>\n<\/ul>\n<p>Vous aurez une meilleure vue d\u2019ensemble sur l\u2019avant\/apr\u00e8s de votre travail de calibrage \u00e9ditorial.<\/p>\n<blockquote><p>\u00c0 lire aussi&nbsp;: <a href=\"https:\/\/www.redacteur.com\/blog\/la-regle-des-5w-en-redaction-web\/\">La r\u00e8gle des 5W en r\u00e9daction web<\/a><\/p><\/blockquote>\n<p>&nbsp;<\/p>\n<p>\u00c0 terme, le calibrage \u00e9ditorial offre un contenu plus pertinent et utile pour vos lecteurs. En suivant les \u00e9tapes propos\u00e9es dans cet article, vous renforcez l\u2019impact de votre<a href=\"https:\/\/www.redacteur.com\/blog\/7-construire-ligne-editoriale\/\"> strat\u00e9gie \u00e9ditoriale<\/a> sur votre audience et augmentez le taux de conversion.<\/p>\n<p><strong>Si vous avez besoin d\u2019aide pour effectuer un calibrage \u00e9ditorial sur votre blog, d\u00e9posez d\u00e8s maintenant votre commande de textes sur<a href=\"https:\/\/www.redacteur.com\/\"> Redacteur.com<\/a>. Des centaines de r\u00e9dacteurs web professionnels sont pr\u00eats \u00e0 vous aider&nbsp;!<\/strong><\/p>\n<p>Avez-vous d\u00e9j\u00e0 organis\u00e9 un calibrage \u00e9ditorial&nbsp;? Partagez vos retours en commentaire&nbsp;!<\/p>\n","protected":false},"excerpt":{"rendered":"<p>Vous voulez r\u00e9utiliser les contenus de votre site web mais vous ne savez comment faire&nbsp;? Il existe plusieurs techniques pouvant aboutir \u00e0 un tel objectif&nbsp;! L\u2019une des m\u00e9thodes les plus connues consiste \u00e0 r\u00e9\u00e9crire le contenu en utilisant un calibrage \u00e9ditorial. C\u2019est une technique simple, mais \u00e0 forte valeur ajout\u00e9e, qui vous permet d\u2019apporter une [&hellip;]<\/p>\n","protected":false},"author":1,"featured_media":22087,"comment_status":"open","ping_status":"open","sticky":false,"template":"","format":"standard","meta":{"_acf_changed":false,"inline_featured_image":false,"footnotes":""},"categories":[14],"tags":[],"class_list":["post-11465","post","type-post","status-publish","format-standard","has-post-thumbnail","hentry","category-strategie-editoriale"],"acf":[],"yoast_head":"<!-- This site is optimized with the Yoast SEO plugin v25.9 - https:\/\/yoast.com\/wordpress\/plugins\/seo\/ -->\n<title>Calibrage \u00e9ditorial : quels sont les int\u00e9r\u00eats et les objectifs ? - Redacteur Blog<\/title>\n<meta name=\"description\" content=\"Vous voulez r\u00e9utiliser les contenus de votre site web mais vous ne savez comment faire ? Il existe plusieurs techniques pouvant aboutir \u00e0 un tel objectif\" \/>\n<meta name=\"robots\" content=\"index, follow, max-snippet:-1, max-image-preview:large, max-video-preview:-1\" \/>\n<link rel=\"canonical\" href=\"https:\/\/www.redacteur.com\/blog\/calibrage-editorial-interets-objectifs\/\" \/>\n<meta property=\"og:locale\" content=\"fr_FR\" \/>\n<meta property=\"og:type\" content=\"article\" \/>\n<meta property=\"og:title\" content=\"Calibrage \u00e9ditorial : quels sont les int\u00e9r\u00eats et les objectifs ? - Redacteur Blog\" \/>\n<meta property=\"og:description\" content=\"Vous voulez r\u00e9utiliser les contenus de votre site web mais vous ne savez comment faire ? Il existe plusieurs techniques pouvant aboutir \u00e0 un tel objectif\" \/>\n<meta property=\"og:url\" content=\"https:\/\/www.redacteur.com\/blog\/calibrage-editorial-interets-objectifs\/\" \/>\n<meta property=\"og:site_name\" content=\"Redacteur.com\" \/>\n<meta property=\"article:publisher\" content=\"https:\/\/www.facebook.com\/redacteurcom\" \/>\n<meta property=\"article:published_time\" content=\"2020-09-21T07:30:51+00:00\" \/>\n<meta property=\"og:image\" content=\"https:\/\/www.redacteur.com\/blog\/wp-content\/uploads\/sites\/6\/2016\/07\/redacteur-blog-img-une.jpg\" \/>\n\t<meta property=\"og:image:width\" content=\"850\" \/>\n\t<meta property=\"og:image:height\" content=\"600\" \/>\n\t<meta property=\"og:image:type\" content=\"image\/jpeg\" \/>\n<meta name=\"author\" content=\"Laura Michaud\" \/>\n<meta name=\"twitter:card\" content=\"summary_large_image\" \/>\n<meta name=\"twitter:creator\" content=\"@Redacteurcom\" \/>\n<meta name=\"twitter:site\" content=\"@Redacteurcom\" \/>\n<meta name=\"twitter:label1\" content=\"\u00c9crit par\" \/>\n\t<meta name=\"twitter:data1\" content=\"Laura Michaud\" \/>\n\t<meta name=\"twitter:label2\" content=\"Dur\u00e9e de lecture estim\u00e9e\" \/>\n\t<meta name=\"twitter:data2\" content=\"5 minutes\" \/>\n<script type=\"application\/ld+json\" class=\"yoast-schema-graph\">{\"@context\":\"https:\/\/schema.org\",\"@graph\":[{\"@type\":\"Article\",\"@id\":\"https:\/\/www.redacteur.com\/blog\/calibrage-editorial-interets-objectifs\/#article\",\"isPartOf\":{\"@id\":\"https:\/\/www.redacteur.com\/blog\/calibrage-editorial-interets-objectifs\/\"},\"author\":{\"name\":\"Laura Michaud\",\"@id\":\"https:\/\/www.redacteur.com\/blog\/#\/schema\/person\/33c0ef04707fbe50a096f282050bb5f2\"},\"headline\":\"Calibrage \u00e9ditorial&nbsp;: quels sont les int\u00e9r\u00eats et les objectifs&nbsp;?\",\"datePublished\":\"2020-09-21T07:30:51+00:00\",\"mainEntityOfPage\":{\"@id\":\"https:\/\/www.redacteur.com\/blog\/calibrage-editorial-interets-objectifs\/\"},\"wordCount\":770,\"commentCount\":0,\"publisher\":{\"@id\":\"https:\/\/www.redacteur.com\/blog\/#organization\"},\"image\":{\"@id\":\"https:\/\/www.redacteur.com\/blog\/calibrage-editorial-interets-objectifs\/#primaryimage\"},\"thumbnailUrl\":\"https:\/\/www.redacteur.com\/blog\/wp-content\/uploads\/sites\/6\/2016\/07\/redacteur-blog-img-une.jpg\",\"articleSection\":[\"Strat\u00e9gie \u00e9ditoriale\"],\"inLanguage\":\"fr-FR\",\"potentialAction\":[{\"@type\":\"CommentAction\",\"name\":\"Comment\",\"target\":[\"https:\/\/www.redacteur.com\/blog\/calibrage-editorial-interets-objectifs\/#respond\"]}]},{\"@type\":\"WebPage\",\"@id\":\"https:\/\/www.redacteur.com\/blog\/calibrage-editorial-interets-objectifs\/\",\"url\":\"https:\/\/www.redacteur.com\/blog\/calibrage-editorial-interets-objectifs\/\",\"name\":\"Calibrage \u00e9ditorial : quels sont les int\u00e9r\u00eats et les objectifs ? - Redacteur Blog\",\"isPartOf\":{\"@id\":\"https:\/\/www.redacteur.com\/blog\/#website\"},\"primaryImageOfPage\":{\"@id\":\"https:\/\/www.redacteur.com\/blog\/calibrage-editorial-interets-objectifs\/#primaryimage\"},\"image\":{\"@id\":\"https:\/\/www.redacteur.com\/blog\/calibrage-editorial-interets-objectifs\/#primaryimage\"},\"thumbnailUrl\":\"https:\/\/www.redacteur.com\/blog\/wp-content\/uploads\/sites\/6\/2016\/07\/redacteur-blog-img-une.jpg\",\"datePublished\":\"2020-09-21T07:30:51+00:00\",\"description\":\"Vous voulez r\u00e9utiliser les contenus de votre site web mais vous ne savez comment faire ? Il existe plusieurs techniques pouvant aboutir \u00e0 un tel objectif\",\"breadcrumb\":{\"@id\":\"https:\/\/www.redacteur.com\/blog\/calibrage-editorial-interets-objectifs\/#breadcrumb\"},\"inLanguage\":\"fr-FR\",\"potentialAction\":[{\"@type\":\"ReadAction\",\"target\":[\"https:\/\/www.redacteur.com\/blog\/calibrage-editorial-interets-objectifs\/\"]}]},{\"@type\":\"ImageObject\",\"inLanguage\":\"fr-FR\",\"@id\":\"https:\/\/www.redacteur.com\/blog\/calibrage-editorial-interets-objectifs\/#primaryimage\",\"url\":\"https:\/\/www.redacteur.com\/blog\/wp-content\/uploads\/sites\/6\/2016\/07\/redacteur-blog-img-une.jpg\",\"contentUrl\":\"https:\/\/www.redacteur.com\/blog\/wp-content\/uploads\/sites\/6\/2016\/07\/redacteur-blog-img-une.jpg\",\"width\":850,\"height\":600},{\"@type\":\"BreadcrumbList\",\"@id\":\"https:\/\/www.redacteur.com\/blog\/calibrage-editorial-interets-objectifs\/#breadcrumb\",\"itemListElement\":[{\"@type\":\"ListItem\",\"position\":1,\"name\":\"Blog\",\"item\":\"https:\/\/www.redacteur.com\/blog\/\"},{\"@type\":\"ListItem\",\"position\":2,\"name\":\"R\u00e9daction web\",\"item\":\"https:\/\/www.redacteur.com\/blog\/redaction-web\/\"},{\"@type\":\"ListItem\",\"position\":3,\"name\":\"Strat\u00e9gie \u00e9ditoriale\",\"item\":\"https:\/\/www.redacteur.com\/blog\/redaction-web\/strategie-editoriale\/\"},{\"@type\":\"ListItem\",\"position\":4,\"name\":\"Calibrage \u00e9ditorial : quels sont les int\u00e9r\u00eats et les objectifs ?\"}]},{\"@type\":\"WebSite\",\"@id\":\"https:\/\/www.redacteur.com\/blog\/#website\",\"url\":\"https:\/\/www.redacteur.com\/blog\/\",\"name\":\"Redacteur.com\",\"description\":\"redacteur\",\"publisher\":{\"@id\":\"https:\/\/www.redacteur.com\/blog\/#organization\"},\"potentialAction\":[{\"@type\":\"SearchAction\",\"target\":{\"@type\":\"EntryPoint\",\"urlTemplate\":\"https:\/\/www.redacteur.com\/blog\/?s={search_term_string}\"},\"query-input\":{\"@type\":\"PropertyValueSpecification\",\"valueRequired\":true,\"valueName\":\"search_term_string\"}}],\"inLanguage\":\"fr-FR\"},{\"@type\":\"Organization\",\"@id\":\"https:\/\/www.redacteur.com\/blog\/#organization\",\"name\":\"Redacteur.com\",\"url\":\"https:\/\/www.redacteur.com\/blog\/\",\"logo\":{\"@type\":\"ImageObject\",\"inLanguage\":\"fr-FR\",\"@id\":\"https:\/\/www.redacteur.com\/blog\/#\/schema\/logo\/image\/\",\"url\":\"https:\/\/www.redacteur.com\/blog\/wp-content\/uploads\/sites\/6\/2022\/10\/logo-redacteur-blog.svg\",\"contentUrl\":\"https:\/\/www.redacteur.com\/blog\/wp-content\/uploads\/sites\/6\/2022\/10\/logo-redacteur-blog.svg\",\"width\":1,\"height\":1,\"caption\":\"Redacteur.com\"},\"image\":{\"@id\":\"https:\/\/www.redacteur.com\/blog\/#\/schema\/logo\/image\/\"},\"sameAs\":[\"https:\/\/www.facebook.com\/redacteurcom\",\"https:\/\/x.com\/Redacteurcom\",\"https:\/\/www.linkedin.com\/company\/redacteur-com\",\"https:\/\/www.youtube.com\/channel\/UCgj9ySM9xy3gdL8qBafl9Uw\/\"]},{\"@type\":\"Person\",\"@id\":\"https:\/\/www.redacteur.com\/blog\/#\/schema\/person\/33c0ef04707fbe50a096f282050bb5f2\",\"name\":\"Laura Michaud\",\"image\":{\"@type\":\"ImageObject\",\"inLanguage\":\"fr-FR\",\"@id\":\"https:\/\/www.redacteur.com\/blog\/#\/schema\/person\/image\/\",\"url\":\"https:\/\/secure.gravatar.com\/avatar\/c3328cc0c887f98cec6b2979af3311ab6333fc7cc2d4847514cfec6a56fa08a7?s=96&d=mm&r=g\",\"contentUrl\":\"https:\/\/secure.gravatar.com\/avatar\/c3328cc0c887f98cec6b2979af3311ab6333fc7cc2d4847514cfec6a56fa08a7?s=96&d=mm&r=g\",\"caption\":\"Laura Michaud\"},\"description\":\"Laura connait tous les meilleurs outils pour g\u00e9rer des projets et une entreprise. Cr\u00e9ative, c'est aussi une sp\u00e9cialiste des outils de cr\u00e9ation graphique pour faire briller une entreprise.\",\"sameAs\":[\"https:\/\/www.linkedin.com\/in\/michaudlaura\/\"],\"url\":\"https:\/\/www.redacteur.com\/blog\/author\/laura\/\"}]}<\/script>\n<!-- \/ Yoast SEO plugin. -->","yoast_head_json":{"title":"Calibrage \u00e9ditorial : quels sont les int\u00e9r\u00eats et les objectifs ? - Redacteur Blog","description":"Vous voulez r\u00e9utiliser les contenus de votre site web mais vous ne savez comment faire ? Il existe plusieurs techniques pouvant aboutir \u00e0 un tel objectif","robots":{"index":"index","follow":"follow","max-snippet":"max-snippet:-1","max-image-preview":"max-image-preview:large","max-video-preview":"max-video-preview:-1"},"canonical":"https:\/\/www.redacteur.com\/blog\/calibrage-editorial-interets-objectifs\/","og_locale":"fr_FR","og_type":"article","og_title":"Calibrage \u00e9ditorial : quels sont les int\u00e9r\u00eats et les objectifs ? - Redacteur Blog","og_description":"Vous voulez r\u00e9utiliser les contenus de votre site web mais vous ne savez comment faire ? Il existe plusieurs techniques pouvant aboutir \u00e0 un tel objectif","og_url":"https:\/\/www.redacteur.com\/blog\/calibrage-editorial-interets-objectifs\/","og_site_name":"Redacteur.com","article_publisher":"https:\/\/www.facebook.com\/redacteurcom","article_published_time":"2020-09-21T07:30:51+00:00","og_image":[{"width":850,"height":600,"url":"https:\/\/www.redacteur.com\/blog\/wp-content\/uploads\/sites\/6\/2016\/07\/redacteur-blog-img-une.jpg","type":"image\/jpeg"}],"author":"Laura Michaud","twitter_card":"summary_large_image","twitter_creator":"@Redacteurcom","twitter_site":"@Redacteurcom","twitter_misc":{"\u00c9crit par":"Laura Michaud","Dur\u00e9e de lecture estim\u00e9e":"5 minutes"},"schema":{"@context":"https:\/\/schema.org","@graph":[{"@type":"Article","@id":"https:\/\/www.redacteur.com\/blog\/calibrage-editorial-interets-objectifs\/#article","isPartOf":{"@id":"https:\/\/www.redacteur.com\/blog\/calibrage-editorial-interets-objectifs\/"},"author":{"name":"Laura Michaud","@id":"https:\/\/www.redacteur.com\/blog\/#\/schema\/person\/33c0ef04707fbe50a096f282050bb5f2"},"headline":"Calibrage \u00e9ditorial&nbsp;: quels sont les int\u00e9r\u00eats et les objectifs&nbsp;?","datePublished":"2020-09-21T07:30:51+00:00","mainEntityOfPage":{"@id":"https:\/\/www.redacteur.com\/blog\/calibrage-editorial-interets-objectifs\/"},"wordCount":770,"commentCount":0,"publisher":{"@id":"https:\/\/www.redacteur.com\/blog\/#organization"},"image":{"@id":"https:\/\/www.redacteur.com\/blog\/calibrage-editorial-interets-objectifs\/#primaryimage"},"thumbnailUrl":"https:\/\/www.redacteur.com\/blog\/wp-content\/uploads\/sites\/6\/2016\/07\/redacteur-blog-img-une.jpg","articleSection":["Strat\u00e9gie \u00e9ditoriale"],"inLanguage":"fr-FR","potentialAction":[{"@type":"CommentAction","name":"Comment","target":["https:\/\/www.redacteur.com\/blog\/calibrage-editorial-interets-objectifs\/#respond"]}]},{"@type":"WebPage","@id":"https:\/\/www.redacteur.com\/blog\/calibrage-editorial-interets-objectifs\/","url":"https:\/\/www.redacteur.com\/blog\/calibrage-editorial-interets-objectifs\/","name":"Calibrage \u00e9ditorial : quels sont les int\u00e9r\u00eats et les objectifs ? - Redacteur Blog","isPartOf":{"@id":"https:\/\/www.redacteur.com\/blog\/#website"},"primaryImageOfPage":{"@id":"https:\/\/www.redacteur.com\/blog\/calibrage-editorial-interets-objectifs\/#primaryimage"},"image":{"@id":"https:\/\/www.redacteur.com\/blog\/calibrage-editorial-interets-objectifs\/#primaryimage"},"thumbnailUrl":"https:\/\/www.redacteur.com\/blog\/wp-content\/uploads\/sites\/6\/2016\/07\/redacteur-blog-img-une.jpg","datePublished":"2020-09-21T07:30:51+00:00","description":"Vous voulez r\u00e9utiliser les contenus de votre site web mais vous ne savez comment faire ? Il existe plusieurs techniques pouvant aboutir \u00e0 un tel objectif","breadcrumb":{"@id":"https:\/\/www.redacteur.com\/blog\/calibrage-editorial-interets-objectifs\/#breadcrumb"},"inLanguage":"fr-FR","potentialAction":[{"@type":"ReadAction","target":["https:\/\/www.redacteur.com\/blog\/calibrage-editorial-interets-objectifs\/"]}]},{"@type":"ImageObject","inLanguage":"fr-FR","@id":"https:\/\/www.redacteur.com\/blog\/calibrage-editorial-interets-objectifs\/#primaryimage","url":"https:\/\/www.redacteur.com\/blog\/wp-content\/uploads\/sites\/6\/2016\/07\/redacteur-blog-img-une.jpg","contentUrl":"https:\/\/www.redacteur.com\/blog\/wp-content\/uploads\/sites\/6\/2016\/07\/redacteur-blog-img-une.jpg","width":850,"height":600},{"@type":"BreadcrumbList","@id":"https:\/\/www.redacteur.com\/blog\/calibrage-editorial-interets-objectifs\/#breadcrumb","itemListElement":[{"@type":"ListItem","position":1,"name":"Blog","item":"https:\/\/www.redacteur.com\/blog\/"},{"@type":"ListItem","position":2,"name":"R\u00e9daction web","item":"https:\/\/www.redacteur.com\/blog\/redaction-web\/"},{"@type":"ListItem","position":3,"name":"Strat\u00e9gie \u00e9ditoriale","item":"https:\/\/www.redacteur.com\/blog\/redaction-web\/strategie-editoriale\/"},{"@type":"ListItem","position":4,"name":"Calibrage \u00e9ditorial : quels sont les int\u00e9r\u00eats et les objectifs ?"}]},{"@type":"WebSite","@id":"https:\/\/www.redacteur.com\/blog\/#website","url":"https:\/\/www.redacteur.com\/blog\/","name":"Redacteur.com","description":"redacteur","publisher":{"@id":"https:\/\/www.redacteur.com\/blog\/#organization"},"potentialAction":[{"@type":"SearchAction","target":{"@type":"EntryPoint","urlTemplate":"https:\/\/www.redacteur.com\/blog\/?s={search_term_string}"},"query-input":{"@type":"PropertyValueSpecification","valueRequired":true,"valueName":"search_term_string"}}],"inLanguage":"fr-FR"},{"@type":"Organization","@id":"https:\/\/www.redacteur.com\/blog\/#organization","name":"Redacteur.com","url":"https:\/\/www.redacteur.com\/blog\/","logo":{"@type":"ImageObject","inLanguage":"fr-FR","@id":"https:\/\/www.redacteur.com\/blog\/#\/schema\/logo\/image\/","url":"https:\/\/www.redacteur.com\/blog\/wp-content\/uploads\/sites\/6\/2022\/10\/logo-redacteur-blog.svg","contentUrl":"https:\/\/www.redacteur.com\/blog\/wp-content\/uploads\/sites\/6\/2022\/10\/logo-redacteur-blog.svg","width":1,"height":1,"caption":"Redacteur.com"},"image":{"@id":"https:\/\/www.redacteur.com\/blog\/#\/schema\/logo\/image\/"},"sameAs":["https:\/\/www.facebook.com\/redacteurcom","https:\/\/x.com\/Redacteurcom","https:\/\/www.linkedin.com\/company\/redacteur-com","https:\/\/www.youtube.com\/channel\/UCgj9ySM9xy3gdL8qBafl9Uw\/"]},{"@type":"Person","@id":"https:\/\/www.redacteur.com\/blog\/#\/schema\/person\/33c0ef04707fbe50a096f282050bb5f2","name":"Laura Michaud","image":{"@type":"ImageObject","inLanguage":"fr-FR","@id":"https:\/\/www.redacteur.com\/blog\/#\/schema\/person\/image\/","url":"https:\/\/secure.gravatar.com\/avatar\/c3328cc0c887f98cec6b2979af3311ab6333fc7cc2d4847514cfec6a56fa08a7?s=96&d=mm&r=g","contentUrl":"https:\/\/secure.gravatar.com\/avatar\/c3328cc0c887f98cec6b2979af3311ab6333fc7cc2d4847514cfec6a56fa08a7?s=96&d=mm&r=g","caption":"Laura Michaud"},"description":"Laura connait tous les meilleurs outils pour g\u00e9rer des projets et une entreprise. Cr\u00e9ative, c'est aussi une sp\u00e9cialiste des outils de cr\u00e9ation graphique pour faire briller une entreprise.","sameAs":["https:\/\/www.linkedin.com\/in\/michaudlaura\/"],"url":"https:\/\/www.redacteur.com\/blog\/author\/laura\/"}]}},"_links":{"self":[{"href":"https:\/\/www.redacteur.com\/blog\/wp-json\/wp\/v2\/posts\/11465","targetHints":{"allow":["GET"]}}],"collection":[{"href":"https:\/\/www.redacteur.com\/blog\/wp-json\/wp\/v2\/posts"}],"about":[{"href":"https:\/\/www.redacteur.com\/blog\/wp-json\/wp\/v2\/types\/post"}],"author":[{"embeddable":true,"href":"https:\/\/www.redacteur.com\/blog\/wp-json\/wp\/v2\/users\/1"}],"replies":[{"embeddable":true,"href":"https:\/\/www.redacteur.com\/blog\/wp-json\/wp\/v2\/comments?post=11465"}],"version-history":[{"count":0,"href":"https:\/\/www.redacteur.com\/blog\/wp-json\/wp\/v2\/posts\/11465\/revisions"}],"wp:featuredmedia":[{"embeddable":true,"href":"https:\/\/www.redacteur.com\/blog\/wp-json\/wp\/v2\/media\/22087"}],"wp:attachment":[{"href":"https:\/\/www.redacteur.com\/blog\/wp-json\/wp\/v2\/media?parent=11465"}],"wp:term":[{"taxonomy":"category","embeddable":true,"href":"https:\/\/www.redacteur.com\/blog\/wp-json\/wp\/v2\/categories?post=11465"},{"taxonomy":"post_tag","embeddable":true,"href":"https:\/\/www.redacteur.com\/blog\/wp-json\/wp\/v2\/tags?post=11465"}],"curies":[{"name":"wp","href":"https:\/\/api.w.org\/{rel}","templated":true}]}}