{"id":11551,"date":"2020-02-14T10:25:03","date_gmt":"2020-02-14T09:25:03","guid":{"rendered":"https:\/\/www.redacteur.com\/blog\/?p=11551"},"modified":"2020-02-14T10:25:03","modified_gmt":"2020-02-14T09:25:03","slug":"redaction-e-commerce","status":"publish","type":"post","link":"https:\/\/www.redacteur.com\/blog\/redaction-e-commerce\/","title":{"rendered":"E-commerce&nbsp;: 4 conseils de r\u00e9daction \u00e0 ne pas oublier"},"content":{"rendered":"<p>Comme tout site web, une boutique de vente en ligne n\u00e9cessite, avant sa publication, un travail de r\u00e9daction approfondi. Concr\u00e8tement, plusieurs \u00e9l\u00e9ments doivent \u00eatre inclus \u2013 sous la forme de texte \u2013 dans votre boutique.<\/p>\n<p>Il est important, pour r\u00e9aliser un site complet, de ne rien oublier et, surtout, de se fonder sur une strat\u00e9gie \u00e9ditoriale pr\u00e9cise, id\u00e9alement orient\u00e9e pour le r\u00e9f\u00e9rencement sur les moteurs de recherche, refl\u00e9tant votre mentalit\u00e9 et votre concept.<\/p>\n<p>&nbsp;<\/p>\n<h2>1. Planifier une strat\u00e9gie \u00e9ditoriale<\/h2>\n<p><span style=\"font-weight: 400\">Le contenu de votre site web vous permet d\u2019\u00eatre visible sur internet, d\u2019attirer plus de monde donc de vous faire conna\u00eetre, gagner de nouveaux clients et finalement am\u00e9liorer votre chiffre d\u2019affaires.\u00a0<\/span><\/p>\n<p><img decoding=\"async\" class=\"aligncenter wp-image-18217\" src=\"https:\/\/www.redacteur.com\/blog\/wp-content\/uploads\/sites\/6\/2020\/01\/redacteur-blog-img-calendrier-marketing-editorial-2020-telecharger-gratuitement.jpg\" alt=\"\" width=\"674\" height=\"476\" srcset=\"https:\/\/www.redacteur.com\/blog\/wp-content\/uploads\/sites\/6\/2020\/01\/redacteur-blog-img-calendrier-marketing-editorial-2020-telecharger-gratuitement.jpg 850w, https:\/\/www.redacteur.com\/blog\/wp-content\/uploads\/sites\/6\/2020\/01\/redacteur-blog-img-calendrier-marketing-editorial-2020-telecharger-gratuitement-300x212.jpg 300w, https:\/\/www.redacteur.com\/blog\/wp-content\/uploads\/sites\/6\/2020\/01\/redacteur-blog-img-calendrier-marketing-editorial-2020-telecharger-gratuitement-768x542.jpg 768w, https:\/\/www.redacteur.com\/blog\/wp-content\/uploads\/sites\/6\/2020\/01\/redacteur-blog-img-calendrier-marketing-editorial-2020-telecharger-gratuitement-60x42.jpg 60w, https:\/\/www.redacteur.com\/blog\/wp-content\/uploads\/sites\/6\/2020\/01\/redacteur-blog-img-calendrier-marketing-editorial-2020-telecharger-gratuitement-370x261.jpg 370w, https:\/\/www.redacteur.com\/blog\/wp-content\/uploads\/sites\/6\/2020\/01\/redacteur-blog-img-calendrier-marketing-editorial-2020-telecharger-gratuitement-270x191.jpg 270w, https:\/\/www.redacteur.com\/blog\/wp-content\/uploads\/sites\/6\/2020\/01\/redacteur-blog-img-calendrier-marketing-editorial-2020-telecharger-gratuitement-570x402.jpg 570w, https:\/\/www.redacteur.com\/blog\/wp-content\/uploads\/sites\/6\/2020\/01\/redacteur-blog-img-calendrier-marketing-editorial-2020-telecharger-gratuitement-740x522.jpg 740w\" sizes=\"(max-width: 674px) 100vw, 674px\" \/><\/p>\n<p><span style=\"font-weight: 400\">Face \u00e0 vos concurrents, il est donc primordial d\u2019\u00e9tablir <a href=\"https:\/\/www.redacteur.com\/blog\/construire-strategie-marketing-2020\/\" target=\"_blank\" rel=\"noopener noreferrer\">une strat\u00e9gie \u00e9ditoriale<\/a> pour la cr\u00e9ation de vos contenus. Pour cela, voici une liste de 5 points qui vous aideront \u00e0 respecter vos engagements de cr\u00e9ation de contenus&nbsp;: <\/span><\/p>\n<ul>\n<li><span style=\"font-weight: 400\">D\u00e9finissez vos objectifs apr\u00e8s en avoir fait l\u2019inventaire<\/span><\/li>\n<li><span style=\"font-weight: 400\">Identifiez le lectorat cibl\u00e9 par votre site web<\/span><\/li>\n<li><span style=\"font-weight: 400\">Etablissez un planning de diffusion de votre contenu\/articles<\/span><\/li>\n<li><span style=\"font-weight: 400\">Faites la promotion de ces contenus (r\u00e9seaux sociaux, call-to-action, newsletters\u2026)<\/span><\/li>\n<li><span style=\"font-weight: 400\">Analysez les r\u00e9sultats de vos actions (nombre de vues, taux de rebond\u2026)<\/span><\/li>\n<\/ul>\n<p><span style=\"font-weight: 400\"><\/span><\/p>\n<blockquote><p>\u00c0 lire aussi&nbsp;: <a href=\"https:\/\/www.redacteur.com\/blog\/quelles-sont-les-cles-dune-strategie-de-contenu-reussie\/\">Content Marketing&nbsp;: quelles sont les cl\u00e9s d\u2019une strat\u00e9gie de contenu r\u00e9ussie&nbsp;?<\/a><\/p><\/blockquote>\n<p>&nbsp;<\/p>\n<h2>2. Pr\u00e9senter son e-commerce et humaniser le site web<\/h2>\n<p>Comme pour une entreprise, un site e-commerce est forc\u00e9ment plus percutant s\u2019il poss\u00e8de une rubrique <a href=\"https:\/\/www.redacteur.com\/blog\/idees-contenu-evergreen\/\" target=\"_blank\" rel=\"noopener noreferrer\">\u00ab\u00a0Qui sommes-nous\u00a0?\u00a0\u00bb<\/a>. Cette derni\u00e8re est encore trop rare sur les plateformes de vente en ligne\u00a0: elle poss\u00e8de pourtant de nombreux avantages.<\/p>\n<p><img decoding=\"async\" class=\"aligncenter size-full wp-image-17455\" src=\"https:\/\/www.redacteur.com\/blog\/wp-content\/uploads\/sites\/6\/2019\/10\/online-shopping-e1570780633776.jpg\" alt=\"e commerce shopping\" width=\"650\" height=\"433\" srcset=\"https:\/\/www.redacteur.com\/blog\/wp-content\/uploads\/sites\/6\/2019\/10\/online-shopping-e1570780633776.jpg 650w, https:\/\/www.redacteur.com\/blog\/wp-content\/uploads\/sites\/6\/2019\/10\/online-shopping-e1570780633776-300x200.jpg 300w, https:\/\/www.redacteur.com\/blog\/wp-content\/uploads\/sites\/6\/2019\/10\/online-shopping-e1570780633776-60x40.jpg 60w, https:\/\/www.redacteur.com\/blog\/wp-content\/uploads\/sites\/6\/2019\/10\/online-shopping-e1570780633776-370x246.jpg 370w, https:\/\/www.redacteur.com\/blog\/wp-content\/uploads\/sites\/6\/2019\/10\/online-shopping-e1570780633776-270x180.jpg 270w, https:\/\/www.redacteur.com\/blog\/wp-content\/uploads\/sites\/6\/2019\/10\/online-shopping-e1570780633776-570x380.jpg 570w\" sizes=\"(max-width: 650px) 100vw, 650px\" \/><\/p>\n<p>En effet, avant de r\u00e9aliser leur commande, les internautes peuvent avoir envie de savoir qui se cache derri\u00e8re ces produits commercialis\u00e9s. Aujourd\u2019hui, la mode est au <a href=\"https:\/\/www.redacteur.com\/blog\/guide-devenir-pro-storytelling\/\" target=\"_blank\" rel=\"noopener noreferrer\"><em>storytelling<\/em><\/a>\u00a0: on aime lire l\u2019histoire d\u2019une entreprise, savoir qui s\u2019en occupe, d\u2019o\u00f9 est venu le concept ou encore o\u00f9 sont fabriqu\u00e9s les produits.<\/p>\n<p><img decoding=\"async\" class=\"aligncenter size-full wp-image-16863\" src=\"https:\/\/www.redacteur.com\/blog\/wp-content\/uploads\/sites\/6\/2019\/08\/Image-instagram-marque-storytelling-dior.jpg\" alt=\"instagram image storytelling Dior\" width=\"615\" height=\"452\" srcset=\"https:\/\/www.redacteur.com\/blog\/wp-content\/uploads\/sites\/6\/2019\/08\/Image-instagram-marque-storytelling-dior.jpg 615w, https:\/\/www.redacteur.com\/blog\/wp-content\/uploads\/sites\/6\/2019\/08\/Image-instagram-marque-storytelling-dior-300x220.jpg 300w, https:\/\/www.redacteur.com\/blog\/wp-content\/uploads\/sites\/6\/2019\/08\/Image-instagram-marque-storytelling-dior-60x44.jpg 60w, https:\/\/www.redacteur.com\/blog\/wp-content\/uploads\/sites\/6\/2019\/08\/Image-instagram-marque-storytelling-dior-370x272.jpg 370w, https:\/\/www.redacteur.com\/blog\/wp-content\/uploads\/sites\/6\/2019\/08\/Image-instagram-marque-storytelling-dior-270x198.jpg 270w, https:\/\/www.redacteur.com\/blog\/wp-content\/uploads\/sites\/6\/2019\/08\/Image-instagram-marque-storytelling-dior-570x419.jpg 570w, https:\/\/www.redacteur.com\/blog\/wp-content\/uploads\/sites\/6\/2019\/08\/Image-instagram-marque-storytelling-dior-80x60.jpg 80w\" sizes=\"(max-width: 615px) 100vw, 615px\" \/><\/p>\n<p>Naturellement, tous les internautes ne donnent pas la m\u00eame importance \u00e0 cette partie du site \u2013 et certains ne prendront pas le temps de la lire. Mais l\u2019occasion de pr\u00e9senter un concept novateur ou encore d\u2019appuyer sur vos atouts (fabrication locale, produits en vente nulle part ailleurs, innovation, d\u00e9marche respectueuse de la plan\u00e8te, etc.) doit \u00eatre saisie.<\/p>\n<p>Tout comme <a href=\"https:\/\/www.redacteur.com\/blog\/contenu-utiliser-efficacement-images\/\" target=\"_blank\" rel=\"noopener noreferrer\">les photographies des produits<\/a>, la partie r\u00e9dactionnelle sur votre identit\u00e9 et votre concept est un argument de vente.<\/p>\n<p>N\u2019h\u00e9sitez pas, lorsque c\u2019est possible, \u00e0 ajouter des photos des cr\u00e9ateurs de l\u2019entreprise, de vos locaux ou encore des infographies pour montrer les bases de votre fonctionnement.<\/p>\n<blockquote><p>\u00c0 lire aussi&nbsp;: <a href=\"https:\/\/www.redacteur.com\/blog\/storytelling-histoire-de-marque\/\">Storytelling&nbsp;: comment d\u00e9velopper l&#8217;histoire de votre marque&nbsp;?<\/a><\/p><\/blockquote>\n<p>&nbsp;<\/p>\n<h2>3. R\u00e9diger des fiches-produits compl\u00e8tes, orient\u00e9es SEO<\/h2>\n<p><a href=\"https:\/\/www.redacteur.com\/service\/rediger-fiche-produit\/\">Les fiches-produits<\/a> constituent un travail long et complexe. Si vous les r\u00e9alisez dans de bonnes conditions, vous pourrez parvenir \u00e0 vous d\u00e9marquer de la concurrence.<\/p>\n<p><img decoding=\"async\" class=\"aligncenter size-full wp-image-12077\" src=\"https:\/\/www.redacteur.com\/blog\/wp-content\/uploads\/sites\/6\/2017\/08\/fiche-produit-reussie-5.gif\" alt=\"inspiration de belle fiche produit\" width=\"496\" height=\"338\" \/><\/p>\n<p>Par exemple, si vous vendez les produits d\u2019un fournisseur, ne vous contentez jamais d\u2019un copier\/coller de sa description\u00a0: vous risqueriez d\u2019\u00eatre p\u00e9nalis\u00e9 par Google pour contenu dupliqu\u00e9. Chaque fiche-produit doit \u00eatre originale afin de vous permettre un positionnement optimal sur les moteurs de recherche.<\/p>\n<p>Comme dans vos pages descriptives, vous pouvez songer \u00e0 raconter des histoires\u00a0: n\u2019h\u00e9sitez pas \u00e0 mentionner des anecdotes autour de la cr\u00e9ation du produit ou de ses qualit\u00e9s particuli\u00e8res, par exemple. La fiche-produit peut \u00eatre une porte d\u2019entr\u00e9e sur votre site, lorsqu\u2019elle est bien r\u00e9f\u00e9renc\u00e9e. Elle doit donc donner une bonne impression, \u00eatre belle \u00e0 voir (avec un ou des visuels) \u2013 et, naturellement, comporter toutes les informations n\u00e9cessaires au consommateur.<\/p>\n<blockquote><p>La r\u00e9daction de fiches produits ou de pages descriptives peut \u00eatre d\u00e9l\u00e9gu\u00e9e \u00e0 <strong>des r\u00e9dacteurs professionnels.<\/strong> Gain de temps et d\u2019argent&nbsp;! Sur <a href=\"https:\/\/www.redacteur.com\/\" target=\"_blank\" rel=\"noopener noreferrer\">Redacteur.com<\/a>, vous serez mis en relation avec des r\u00e9dacteurs qui r\u00e9pondront \u00e0 vos consignes pour la r\u00e9daction d\u2019une<strong> multitude de fiches produits<\/strong> ou tout autre type de textes.<\/p><\/blockquote>\n<blockquote><p>\u00c0 lire aussi&nbsp;:\u00a0<a href=\"https:\/\/www.redacteur.com\/blog\/e-commerce-comment-rediger-vos-cgv\/\">E-commerce\u00a0: comment r\u00e9diger vos CGV\u00a0?<\/a><\/p><\/blockquote>\n<p><strong>Retrouvez d&#8217;autres astuces et conseils pertinents pour votre e-commerce <a href=\"https:\/\/www.redacteur.com\/blog\/e-commerce-erreurs-seo\/\" target=\"_blank\" rel=\"noopener noreferrer\">dans ce livre blanc gratuit&nbsp;!<\/a>\u00a0<\/strong><\/p>\n<p><a href=\"https:\/\/www.redacteur.com\/blog\/e-commerce-erreurs-seo\/\" target=\"_blank\" rel=\"noopener noreferrer\"><img decoding=\"async\" class=\"aligncenter wp-image-19323\" src=\"https:\/\/www.redacteur.com\/blog\/wp-content\/uploads\/sites\/6\/2020\/02\/livre-blanc-e-commerce-seo-erreurs-gratuit-compressor-scaled.jpg\" alt=\"livre blanc gratuit e-commerce erreurs seo\" width=\"628\" height=\"440\" \/><\/a><\/p>\n<p><span style=\"font-weight: 400\">N\u2019ayez pas peur du co\u00fbt de cette prestation&nbsp;: pour environ 250\u20ac, vous pouvez commander <strong>30 fiches produits de 150 mots<\/strong> et optimis\u00e9es SEO&nbsp;! Un investissement simple pour un r\u00e9f\u00e9rencement Google nettement am\u00e9lior\u00e9 et donc une meilleure visibilit\u00e9 de votre site web.\u00a0 <\/span><\/p>\n<p><img decoding=\"async\" class=\"aligncenter size-full wp-image-17974\" src=\"https:\/\/www.redacteur.com\/blog\/wp-content\/uploads\/sites\/6\/2019\/12\/fiche-produit-video-asos-e1575623495573.png\" alt=\"\" width=\"650\" height=\"414\" srcset=\"https:\/\/www.redacteur.com\/blog\/wp-content\/uploads\/sites\/6\/2019\/12\/fiche-produit-video-asos-e1575623495573.png 650w, https:\/\/www.redacteur.com\/blog\/wp-content\/uploads\/sites\/6\/2019\/12\/fiche-produit-video-asos-e1575623495573-300x191.png 300w, https:\/\/www.redacteur.com\/blog\/wp-content\/uploads\/sites\/6\/2019\/12\/fiche-produit-video-asos-e1575623495573-60x38.png 60w, https:\/\/www.redacteur.com\/blog\/wp-content\/uploads\/sites\/6\/2019\/12\/fiche-produit-video-asos-e1575623495573-370x236.png 370w, https:\/\/www.redacteur.com\/blog\/wp-content\/uploads\/sites\/6\/2019\/12\/fiche-produit-video-asos-e1575623495573-270x172.png 270w, https:\/\/www.redacteur.com\/blog\/wp-content\/uploads\/sites\/6\/2019\/12\/fiche-produit-video-asos-e1575623495573-470x300.png 470w, https:\/\/www.redacteur.com\/blog\/wp-content\/uploads\/sites\/6\/2019\/12\/fiche-produit-video-asos-e1575623495573-570x363.png 570w\" sizes=\"(max-width: 650px) 100vw, 650px\" \/><\/p>\n<p>En effet, dans la cr\u00e9ation de vos fiches-produits, mettez-vous toujours \u00e0 la place du consommateur\u00a0: <\/p>\n<ul>\n<li><span style=\"font-weight: 400\">facilit\u00e9 d\u2019utilisation <\/span><span style=\"font-weight: 400\">du produit d\u00e9crit<\/span><span style=\"font-weight: 400\">\u00a0<\/span><\/li>\n<li><span style=\"font-weight: 400\">mati\u00e8res premi\u00e8res <\/span><span style=\"font-weight: 400\">utilis\u00e9es<\/span><\/li>\n<li><span style=\"font-weight: 400\">fonctionnalit\u00e9s <\/span><span style=\"font-weight: 400\">mises en avant<\/span><\/li>\n<li><span style=\"font-weight: 400\">dimensions <\/span><span style=\"font-weight: 400\">pr\u00e9cises du produit<\/span><\/li>\n<\/ul>\n<p>Pour gagner en efficacit\u00e9, vous pouvez tout \u00e0 fait concevoir des fiches-produits en plusieurs onglets ou paragraphes. Invitez le consommateur \u00e0 lire <a href=\"https:\/\/www.redacteur.com\/blog\/ressources-reussir-fiches-produits\/\" target=\"_blank\" rel=\"noopener noreferrer\">l\u2019histoire de l\u2019objet en vente<\/a> \u2013 tout en restant relativement concis, on ne d\u00e9passe pas <strong>200 \u00e0 250 mots sur une fiche produit. <\/strong><\/p>\n<p>N\u2019oubliez jamais la description technique, facile d\u2019acc\u00e8s et compr\u00e9hensible, \u00e0 inclure sur chaque fiche produit\u00a0!<\/p>\n<blockquote><p>\u00c0 lire aussi&nbsp;: <a href=\"https:\/\/www.redacteur.com\/blog\/comment-optimiser-votre-fiche-produit-pour-la-recherche-vocale\/\">Ok Google&nbsp;: comment optimiser une fiche produit pour la recherche vocale&nbsp;?<\/a><\/p><\/blockquote>\n<p>&nbsp;<\/p>\n<h2>4. L\u2019imp\u00e9rative r\u00e9daction des conditions g\u00e9n\u00e9rales de vente (CGV)<\/h2>\n<p>Partie moins amusante \u00e0 r\u00e9diger, celle des conditions g\u00e9n\u00e9rales de vente est imp\u00e9rative et doit, absolument, figurer sur votre site de vente en ligne. Concr\u00e8tement, les <a href=\"https:\/\/www.redacteur.com\/blog\/monetiser-blog-obligations-legales\/\" target=\"_blank\" rel=\"noopener noreferrer\">CGV<\/a> se pr\u00e9sentent comme un contrat entre le marchand et le consommateur.<\/p>\n<p>Il ne s\u2019agit pas, pour vous, d\u2019imposer des directives au client \u2013 mais plut\u00f4t d\u2019utiliser la loi pour cadrer votre activit\u00e9 et prot\u00e9ger toutes les parties (et notamment les consommateurs).<\/p>\n<p><img decoding=\"async\" class=\"aligncenter size-full wp-image-18310\" src=\"https:\/\/www.redacteur.com\/blog\/wp-content\/uploads\/sites\/6\/2016\/09\/mateus-campos-felipe-zd8px974bC8-unsplash.jpg\" alt=\"lois ccv condition de vente justice\" width=\"650\" height=\"433\" srcset=\"https:\/\/www.redacteur.com\/blog\/wp-content\/uploads\/sites\/6\/2016\/09\/mateus-campos-felipe-zd8px974bC8-unsplash.jpg 650w, https:\/\/www.redacteur.com\/blog\/wp-content\/uploads\/sites\/6\/2016\/09\/mateus-campos-felipe-zd8px974bC8-unsplash-300x200.jpg 300w, https:\/\/www.redacteur.com\/blog\/wp-content\/uploads\/sites\/6\/2016\/09\/mateus-campos-felipe-zd8px974bC8-unsplash-60x40.jpg 60w, https:\/\/www.redacteur.com\/blog\/wp-content\/uploads\/sites\/6\/2016\/09\/mateus-campos-felipe-zd8px974bC8-unsplash-370x246.jpg 370w, https:\/\/www.redacteur.com\/blog\/wp-content\/uploads\/sites\/6\/2016\/09\/mateus-campos-felipe-zd8px974bC8-unsplash-270x180.jpg 270w, https:\/\/www.redacteur.com\/blog\/wp-content\/uploads\/sites\/6\/2016\/09\/mateus-campos-felipe-zd8px974bC8-unsplash-570x380.jpg 570w\" sizes=\"(max-width: 650px) 100vw, 650px\" \/><\/p>\n<blockquote><p>Il est obligatoire d\u2019indiquer une date limite de livraison sur votre e-boutique. Depuis la loi Hamon de 2014, le d\u00e9lai maximal de livraison est de 30 jours \u00e0 compter de la date de l\u2019achat en ligne.<\/p><\/blockquote>\n<p>Dans vos CGV, vous devez \u00e9galement parler de la politique des retours. La loi indique que le client dispose de 14 jours pour retourner son colis en cas d\u2019insatisfaction. Dans le m\u00eame esprit, le d\u00e9lai de r\u00e9tractation est de 14 jours pour le consommateur. <\/p>\n<ul>\n<li>Vous devez afficher cette mention sur votre site. La loi impose \u00e9galement de d\u00e9crire, dans les CGV, le processus d\u2019achat (cliquer sur les diff\u00e9rents boutons, r\u00e9gler le montant, etc.). La r\u00e9daction de cette partie de votre site constitue \u00e9galement une occasion, pour vous, de revendiquer <a href=\"https:\/\/www.redacteur.com\/blog\/5-choses-droit-dauteur\/\" target=\"_blank\" rel=\"noopener noreferrer\">vos droits d\u2019auteur<\/a> sur votre propre site\u00a0: vos textes, votre logo ou encore vos visuels vous appartiennent \u2013 et vous \u00eates en droit de refuser toute reproduction.<\/li>\n<li>Concernant le Service Apr\u00e8s-Vente, il est indispensable d\u2019indiquer comment le consommateur peut exprimer ses r\u00e9clamations (<a href=\"https:\/\/www.redacteur.com\/blog\/personnaliser-page-contact\/\" target=\"_blank\" rel=\"noopener noreferrer\">formulaire de contact<\/a>, num\u00e9ro de t\u00e9l\u00e9phone, adresse e-mail, courrier). Pour vous prot\u00e9ger, indiquez un d\u00e9lai de r\u00e9ponse.<\/li>\n<li>Enfin, la garantie de 2 ans est explicit\u00e9e dans les CGV\u00a0: il est conseill\u00e9 de pr\u00e9ciser ce qu\u2019elle couvre et d\u2019indiquer dans quelles situations on peut parler de d\u00e9faut.<\/li>\n<\/ul>\n<blockquote><p>\u00c0 lire aussi&nbsp;:<a href=\"https:\/\/www.redacteur.com\/service\/ecrire-conditions-generales-vente-cgv\/\" target=\"_blank\" rel=\"noopener noreferrer\">\u00c9crire vos conditions g\u00e9n\u00e9rales de vente<\/a><\/p><\/blockquote>\n<p>&nbsp;<\/p>\n<p><span style=\"font-weight: 400\">Pour conclure, il est n\u00e9cessaire voire indispensable de prendre le temps de d\u00e9finir les besoins en r\u00e9daction de votre site web&nbsp;: pr\u00e9sentation du site web et son origine, articles\/fiches produits optimis\u00e9s SEO, conditions g\u00e9n\u00e9rales de vente pr\u00e9cises et explicites, etc. <\/span><\/p>\n<p><span style=\"font-weight: 400\">N\u2019oubliez pas que ce type de textes peut \u00eatre r\u00e9dig\u00e9 par des professionnels qui sauront r\u00e9pondre \u00e0 vos besoins sur <a href=\"https:\/\/www.redacteur.com\/\" target=\"_blank\" rel=\"noopener noreferrer\">Redacteur.com<\/a>. Il s\u2019agit de d\u00e9terminer le temps et l\u2019argent que vous voulez investir dans la r\u00e9daction de votre site web pour d\u00e9l\u00e9guer, ou non, cette lourde t\u00e2che. <\/span><\/p>\n","protected":false},"excerpt":{"rendered":"<p>Comme tout site web, une boutique de vente en ligne n\u00e9cessite, avant sa publication, un travail de r\u00e9daction approfondi. Concr\u00e8tement, plusieurs \u00e9l\u00e9ments doivent \u00eatre inclus \u2013 sous la forme de texte \u2013 dans votre boutique. Il est important, pour r\u00e9aliser un site complet, de ne rien oublier et, surtout, de se fonder sur une strat\u00e9gie [&hellip;]<\/p>\n","protected":false},"author":1,"featured_media":18314,"comment_status":"open","ping_status":"open","sticky":false,"template":"","format":"standard","meta":{"_acf_changed":false,"inline_featured_image":false,"footnotes":""},"categories":[11],"tags":[],"class_list":["post-11551","post","type-post","status-publish","format-standard","has-post-thumbnail","hentry","category-redaction-web"],"acf":[],"yoast_head":"<!-- This site is optimized with the Yoast SEO plugin v25.9 - https:\/\/yoast.com\/wordpress\/plugins\/seo\/ -->\n<title>E-commerce : 4 conseils de r\u00e9daction \u00e0 ne pas oublier - Redacteur Blog<\/title>\n<meta name=\"description\" content=\"Comme tout site web, une boutique de vente en ligne n\u00e9cessite, avant sa publication, un travail de r\u00e9daction approfondi. Concr\u00e8tement, plusieurs \u00e9l\u00e9ments\" \/>\n<meta name=\"robots\" content=\"index, follow, max-snippet:-1, max-image-preview:large, max-video-preview:-1\" \/>\n<link rel=\"canonical\" href=\"https:\/\/www.redacteur.com\/blog\/redaction-e-commerce\/\" \/>\n<meta property=\"og:locale\" content=\"fr_FR\" \/>\n<meta property=\"og:type\" content=\"article\" \/>\n<meta property=\"og:title\" content=\"E-commerce : 4 conseils de r\u00e9daction \u00e0 ne pas oublier - Redacteur Blog\" \/>\n<meta property=\"og:description\" content=\"Comme tout site web, une boutique de vente en ligne n\u00e9cessite, avant sa publication, un travail de r\u00e9daction approfondi. Concr\u00e8tement, plusieurs \u00e9l\u00e9ments\" \/>\n<meta property=\"og:url\" content=\"https:\/\/www.redacteur.com\/blog\/redaction-e-commerce\/\" \/>\n<meta property=\"og:site_name\" content=\"Redacteur.com\" \/>\n<meta property=\"article:publisher\" content=\"https:\/\/www.facebook.com\/redacteurcom\" \/>\n<meta property=\"article:published_time\" content=\"2020-02-14T09:25:03+00:00\" \/>\n<meta property=\"og:image\" content=\"https:\/\/www.redacteur.com\/blog\/wp-content\/uploads\/sites\/6\/2016\/09\/redacteur-blog-img-e-commerce-conseils-redaction-ne-pas-oublier.jpg\" \/>\n\t<meta property=\"og:image:width\" content=\"850\" \/>\n\t<meta property=\"og:image:height\" content=\"600\" \/>\n\t<meta property=\"og:image:type\" content=\"image\/jpeg\" \/>\n<meta name=\"author\" content=\"Laura Michaud\" \/>\n<meta name=\"twitter:card\" content=\"summary_large_image\" \/>\n<meta name=\"twitter:creator\" content=\"@Redacteurcom\" \/>\n<meta name=\"twitter:site\" content=\"@Redacteurcom\" \/>\n<meta name=\"twitter:label1\" content=\"\u00c9crit par\" \/>\n\t<meta name=\"twitter:data1\" content=\"Laura Michaud\" \/>\n\t<meta name=\"twitter:label2\" content=\"Dur\u00e9e de lecture estim\u00e9e\" \/>\n\t<meta name=\"twitter:data2\" content=\"7 minutes\" \/>\n<script type=\"application\/ld+json\" class=\"yoast-schema-graph\">{\"@context\":\"https:\/\/schema.org\",\"@graph\":[{\"@type\":\"Article\",\"@id\":\"https:\/\/www.redacteur.com\/blog\/redaction-e-commerce\/#article\",\"isPartOf\":{\"@id\":\"https:\/\/www.redacteur.com\/blog\/redaction-e-commerce\/\"},\"author\":{\"name\":\"Laura Michaud\",\"@id\":\"https:\/\/www.redacteur.com\/blog\/#\/schema\/person\/33c0ef04707fbe50a096f282050bb5f2\"},\"headline\":\"E-commerce&nbsp;: 4 conseils de r\u00e9daction \u00e0 ne pas oublier\",\"datePublished\":\"2020-02-14T09:25:03+00:00\",\"mainEntityOfPage\":{\"@id\":\"https:\/\/www.redacteur.com\/blog\/redaction-e-commerce\/\"},\"wordCount\":1315,\"commentCount\":0,\"publisher\":{\"@id\":\"https:\/\/www.redacteur.com\/blog\/#organization\"},\"image\":{\"@id\":\"https:\/\/www.redacteur.com\/blog\/redaction-e-commerce\/#primaryimage\"},\"thumbnailUrl\":\"https:\/\/www.redacteur.com\/blog\/wp-content\/uploads\/sites\/6\/2016\/09\/redacteur-blog-img-e-commerce-conseils-redaction-ne-pas-oublier.jpg\",\"articleSection\":[\"R\u00e9daction web\"],\"inLanguage\":\"fr-FR\",\"potentialAction\":[{\"@type\":\"CommentAction\",\"name\":\"Comment\",\"target\":[\"https:\/\/www.redacteur.com\/blog\/redaction-e-commerce\/#respond\"]}]},{\"@type\":\"WebPage\",\"@id\":\"https:\/\/www.redacteur.com\/blog\/redaction-e-commerce\/\",\"url\":\"https:\/\/www.redacteur.com\/blog\/redaction-e-commerce\/\",\"name\":\"E-commerce : 4 conseils de r\u00e9daction \u00e0 ne pas oublier - Redacteur Blog\",\"isPartOf\":{\"@id\":\"https:\/\/www.redacteur.com\/blog\/#website\"},\"primaryImageOfPage\":{\"@id\":\"https:\/\/www.redacteur.com\/blog\/redaction-e-commerce\/#primaryimage\"},\"image\":{\"@id\":\"https:\/\/www.redacteur.com\/blog\/redaction-e-commerce\/#primaryimage\"},\"thumbnailUrl\":\"https:\/\/www.redacteur.com\/blog\/wp-content\/uploads\/sites\/6\/2016\/09\/redacteur-blog-img-e-commerce-conseils-redaction-ne-pas-oublier.jpg\",\"datePublished\":\"2020-02-14T09:25:03+00:00\",\"description\":\"Comme tout site web, une boutique de vente en ligne n\u00e9cessite, avant sa publication, un travail de r\u00e9daction approfondi. Concr\u00e8tement, plusieurs \u00e9l\u00e9ments\",\"breadcrumb\":{\"@id\":\"https:\/\/www.redacteur.com\/blog\/redaction-e-commerce\/#breadcrumb\"},\"inLanguage\":\"fr-FR\",\"potentialAction\":[{\"@type\":\"ReadAction\",\"target\":[\"https:\/\/www.redacteur.com\/blog\/redaction-e-commerce\/\"]}]},{\"@type\":\"ImageObject\",\"inLanguage\":\"fr-FR\",\"@id\":\"https:\/\/www.redacteur.com\/blog\/redaction-e-commerce\/#primaryimage\",\"url\":\"https:\/\/www.redacteur.com\/blog\/wp-content\/uploads\/sites\/6\/2016\/09\/redacteur-blog-img-e-commerce-conseils-redaction-ne-pas-oublier.jpg\",\"contentUrl\":\"https:\/\/www.redacteur.com\/blog\/wp-content\/uploads\/sites\/6\/2016\/09\/redacteur-blog-img-e-commerce-conseils-redaction-ne-pas-oublier.jpg\",\"width\":850,\"height\":600},{\"@type\":\"BreadcrumbList\",\"@id\":\"https:\/\/www.redacteur.com\/blog\/redaction-e-commerce\/#breadcrumb\",\"itemListElement\":[{\"@type\":\"ListItem\",\"position\":1,\"name\":\"Blog\",\"item\":\"https:\/\/www.redacteur.com\/blog\/\"},{\"@type\":\"ListItem\",\"position\":2,\"name\":\"R\u00e9daction web\",\"item\":\"https:\/\/www.redacteur.com\/blog\/redaction-web\/\"},{\"@type\":\"ListItem\",\"position\":3,\"name\":\"E-commerce : 4 conseils de r\u00e9daction \u00e0 ne pas oublier\"}]},{\"@type\":\"WebSite\",\"@id\":\"https:\/\/www.redacteur.com\/blog\/#website\",\"url\":\"https:\/\/www.redacteur.com\/blog\/\",\"name\":\"Redacteur.com\",\"description\":\"redacteur\",\"publisher\":{\"@id\":\"https:\/\/www.redacteur.com\/blog\/#organization\"},\"potentialAction\":[{\"@type\":\"SearchAction\",\"target\":{\"@type\":\"EntryPoint\",\"urlTemplate\":\"https:\/\/www.redacteur.com\/blog\/?s={search_term_string}\"},\"query-input\":{\"@type\":\"PropertyValueSpecification\",\"valueRequired\":true,\"valueName\":\"search_term_string\"}}],\"inLanguage\":\"fr-FR\"},{\"@type\":\"Organization\",\"@id\":\"https:\/\/www.redacteur.com\/blog\/#organization\",\"name\":\"Redacteur.com\",\"url\":\"https:\/\/www.redacteur.com\/blog\/\",\"logo\":{\"@type\":\"ImageObject\",\"inLanguage\":\"fr-FR\",\"@id\":\"https:\/\/www.redacteur.com\/blog\/#\/schema\/logo\/image\/\",\"url\":\"https:\/\/www.redacteur.com\/blog\/wp-content\/uploads\/sites\/6\/2022\/10\/logo-redacteur-blog.svg\",\"contentUrl\":\"https:\/\/www.redacteur.com\/blog\/wp-content\/uploads\/sites\/6\/2022\/10\/logo-redacteur-blog.svg\",\"width\":1,\"height\":1,\"caption\":\"Redacteur.com\"},\"image\":{\"@id\":\"https:\/\/www.redacteur.com\/blog\/#\/schema\/logo\/image\/\"},\"sameAs\":[\"https:\/\/www.facebook.com\/redacteurcom\",\"https:\/\/x.com\/Redacteurcom\",\"https:\/\/www.linkedin.com\/company\/redacteur-com\",\"https:\/\/www.youtube.com\/channel\/UCgj9ySM9xy3gdL8qBafl9Uw\/\"]},{\"@type\":\"Person\",\"@id\":\"https:\/\/www.redacteur.com\/blog\/#\/schema\/person\/33c0ef04707fbe50a096f282050bb5f2\",\"name\":\"Laura Michaud\",\"image\":{\"@type\":\"ImageObject\",\"inLanguage\":\"fr-FR\",\"@id\":\"https:\/\/www.redacteur.com\/blog\/#\/schema\/person\/image\/\",\"url\":\"https:\/\/secure.gravatar.com\/avatar\/c3328cc0c887f98cec6b2979af3311ab6333fc7cc2d4847514cfec6a56fa08a7?s=96&d=mm&r=g\",\"contentUrl\":\"https:\/\/secure.gravatar.com\/avatar\/c3328cc0c887f98cec6b2979af3311ab6333fc7cc2d4847514cfec6a56fa08a7?s=96&d=mm&r=g\",\"caption\":\"Laura Michaud\"},\"description\":\"Laura connait tous les meilleurs outils pour g\u00e9rer des projets et une entreprise. Cr\u00e9ative, c'est aussi une sp\u00e9cialiste des outils de cr\u00e9ation graphique pour faire briller une entreprise.\",\"sameAs\":[\"https:\/\/www.linkedin.com\/in\/michaudlaura\/\"],\"url\":\"https:\/\/www.redacteur.com\/blog\/author\/laura\/\"}]}<\/script>\n<!-- \/ Yoast SEO plugin. -->","yoast_head_json":{"title":"E-commerce : 4 conseils de r\u00e9daction \u00e0 ne pas oublier - Redacteur Blog","description":"Comme tout site web, une boutique de vente en ligne n\u00e9cessite, avant sa publication, un travail de r\u00e9daction approfondi. Concr\u00e8tement, plusieurs \u00e9l\u00e9ments","robots":{"index":"index","follow":"follow","max-snippet":"max-snippet:-1","max-image-preview":"max-image-preview:large","max-video-preview":"max-video-preview:-1"},"canonical":"https:\/\/www.redacteur.com\/blog\/redaction-e-commerce\/","og_locale":"fr_FR","og_type":"article","og_title":"E-commerce : 4 conseils de r\u00e9daction \u00e0 ne pas oublier - Redacteur Blog","og_description":"Comme tout site web, une boutique de vente en ligne n\u00e9cessite, avant sa publication, un travail de r\u00e9daction approfondi. Concr\u00e8tement, plusieurs \u00e9l\u00e9ments","og_url":"https:\/\/www.redacteur.com\/blog\/redaction-e-commerce\/","og_site_name":"Redacteur.com","article_publisher":"https:\/\/www.facebook.com\/redacteurcom","article_published_time":"2020-02-14T09:25:03+00:00","og_image":[{"width":850,"height":600,"url":"https:\/\/www.redacteur.com\/blog\/wp-content\/uploads\/sites\/6\/2016\/09\/redacteur-blog-img-e-commerce-conseils-redaction-ne-pas-oublier.jpg","type":"image\/jpeg"}],"author":"Laura Michaud","twitter_card":"summary_large_image","twitter_creator":"@Redacteurcom","twitter_site":"@Redacteurcom","twitter_misc":{"\u00c9crit par":"Laura Michaud","Dur\u00e9e de lecture estim\u00e9e":"7 minutes"},"schema":{"@context":"https:\/\/schema.org","@graph":[{"@type":"Article","@id":"https:\/\/www.redacteur.com\/blog\/redaction-e-commerce\/#article","isPartOf":{"@id":"https:\/\/www.redacteur.com\/blog\/redaction-e-commerce\/"},"author":{"name":"Laura Michaud","@id":"https:\/\/www.redacteur.com\/blog\/#\/schema\/person\/33c0ef04707fbe50a096f282050bb5f2"},"headline":"E-commerce&nbsp;: 4 conseils de r\u00e9daction \u00e0 ne pas oublier","datePublished":"2020-02-14T09:25:03+00:00","mainEntityOfPage":{"@id":"https:\/\/www.redacteur.com\/blog\/redaction-e-commerce\/"},"wordCount":1315,"commentCount":0,"publisher":{"@id":"https:\/\/www.redacteur.com\/blog\/#organization"},"image":{"@id":"https:\/\/www.redacteur.com\/blog\/redaction-e-commerce\/#primaryimage"},"thumbnailUrl":"https:\/\/www.redacteur.com\/blog\/wp-content\/uploads\/sites\/6\/2016\/09\/redacteur-blog-img-e-commerce-conseils-redaction-ne-pas-oublier.jpg","articleSection":["R\u00e9daction web"],"inLanguage":"fr-FR","potentialAction":[{"@type":"CommentAction","name":"Comment","target":["https:\/\/www.redacteur.com\/blog\/redaction-e-commerce\/#respond"]}]},{"@type":"WebPage","@id":"https:\/\/www.redacteur.com\/blog\/redaction-e-commerce\/","url":"https:\/\/www.redacteur.com\/blog\/redaction-e-commerce\/","name":"E-commerce : 4 conseils de r\u00e9daction \u00e0 ne pas oublier - Redacteur Blog","isPartOf":{"@id":"https:\/\/www.redacteur.com\/blog\/#website"},"primaryImageOfPage":{"@id":"https:\/\/www.redacteur.com\/blog\/redaction-e-commerce\/#primaryimage"},"image":{"@id":"https:\/\/www.redacteur.com\/blog\/redaction-e-commerce\/#primaryimage"},"thumbnailUrl":"https:\/\/www.redacteur.com\/blog\/wp-content\/uploads\/sites\/6\/2016\/09\/redacteur-blog-img-e-commerce-conseils-redaction-ne-pas-oublier.jpg","datePublished":"2020-02-14T09:25:03+00:00","description":"Comme tout site web, une boutique de vente en ligne n\u00e9cessite, avant sa publication, un travail de r\u00e9daction approfondi. Concr\u00e8tement, plusieurs \u00e9l\u00e9ments","breadcrumb":{"@id":"https:\/\/www.redacteur.com\/blog\/redaction-e-commerce\/#breadcrumb"},"inLanguage":"fr-FR","potentialAction":[{"@type":"ReadAction","target":["https:\/\/www.redacteur.com\/blog\/redaction-e-commerce\/"]}]},{"@type":"ImageObject","inLanguage":"fr-FR","@id":"https:\/\/www.redacteur.com\/blog\/redaction-e-commerce\/#primaryimage","url":"https:\/\/www.redacteur.com\/blog\/wp-content\/uploads\/sites\/6\/2016\/09\/redacteur-blog-img-e-commerce-conseils-redaction-ne-pas-oublier.jpg","contentUrl":"https:\/\/www.redacteur.com\/blog\/wp-content\/uploads\/sites\/6\/2016\/09\/redacteur-blog-img-e-commerce-conseils-redaction-ne-pas-oublier.jpg","width":850,"height":600},{"@type":"BreadcrumbList","@id":"https:\/\/www.redacteur.com\/blog\/redaction-e-commerce\/#breadcrumb","itemListElement":[{"@type":"ListItem","position":1,"name":"Blog","item":"https:\/\/www.redacteur.com\/blog\/"},{"@type":"ListItem","position":2,"name":"R\u00e9daction web","item":"https:\/\/www.redacteur.com\/blog\/redaction-web\/"},{"@type":"ListItem","position":3,"name":"E-commerce : 4 conseils de r\u00e9daction \u00e0 ne pas oublier"}]},{"@type":"WebSite","@id":"https:\/\/www.redacteur.com\/blog\/#website","url":"https:\/\/www.redacteur.com\/blog\/","name":"Redacteur.com","description":"redacteur","publisher":{"@id":"https:\/\/www.redacteur.com\/blog\/#organization"},"potentialAction":[{"@type":"SearchAction","target":{"@type":"EntryPoint","urlTemplate":"https:\/\/www.redacteur.com\/blog\/?s={search_term_string}"},"query-input":{"@type":"PropertyValueSpecification","valueRequired":true,"valueName":"search_term_string"}}],"inLanguage":"fr-FR"},{"@type":"Organization","@id":"https:\/\/www.redacteur.com\/blog\/#organization","name":"Redacteur.com","url":"https:\/\/www.redacteur.com\/blog\/","logo":{"@type":"ImageObject","inLanguage":"fr-FR","@id":"https:\/\/www.redacteur.com\/blog\/#\/schema\/logo\/image\/","url":"https:\/\/www.redacteur.com\/blog\/wp-content\/uploads\/sites\/6\/2022\/10\/logo-redacteur-blog.svg","contentUrl":"https:\/\/www.redacteur.com\/blog\/wp-content\/uploads\/sites\/6\/2022\/10\/logo-redacteur-blog.svg","width":1,"height":1,"caption":"Redacteur.com"},"image":{"@id":"https:\/\/www.redacteur.com\/blog\/#\/schema\/logo\/image\/"},"sameAs":["https:\/\/www.facebook.com\/redacteurcom","https:\/\/x.com\/Redacteurcom","https:\/\/www.linkedin.com\/company\/redacteur-com","https:\/\/www.youtube.com\/channel\/UCgj9ySM9xy3gdL8qBafl9Uw\/"]},{"@type":"Person","@id":"https:\/\/www.redacteur.com\/blog\/#\/schema\/person\/33c0ef04707fbe50a096f282050bb5f2","name":"Laura Michaud","image":{"@type":"ImageObject","inLanguage":"fr-FR","@id":"https:\/\/www.redacteur.com\/blog\/#\/schema\/person\/image\/","url":"https:\/\/secure.gravatar.com\/avatar\/c3328cc0c887f98cec6b2979af3311ab6333fc7cc2d4847514cfec6a56fa08a7?s=96&d=mm&r=g","contentUrl":"https:\/\/secure.gravatar.com\/avatar\/c3328cc0c887f98cec6b2979af3311ab6333fc7cc2d4847514cfec6a56fa08a7?s=96&d=mm&r=g","caption":"Laura Michaud"},"description":"Laura connait tous les meilleurs outils pour g\u00e9rer des projets et une entreprise. Cr\u00e9ative, c'est aussi une sp\u00e9cialiste des outils de cr\u00e9ation graphique pour faire briller une entreprise.","sameAs":["https:\/\/www.linkedin.com\/in\/michaudlaura\/"],"url":"https:\/\/www.redacteur.com\/blog\/author\/laura\/"}]}},"_links":{"self":[{"href":"https:\/\/www.redacteur.com\/blog\/wp-json\/wp\/v2\/posts\/11551","targetHints":{"allow":["GET"]}}],"collection":[{"href":"https:\/\/www.redacteur.com\/blog\/wp-json\/wp\/v2\/posts"}],"about":[{"href":"https:\/\/www.redacteur.com\/blog\/wp-json\/wp\/v2\/types\/post"}],"author":[{"embeddable":true,"href":"https:\/\/www.redacteur.com\/blog\/wp-json\/wp\/v2\/users\/1"}],"replies":[{"embeddable":true,"href":"https:\/\/www.redacteur.com\/blog\/wp-json\/wp\/v2\/comments?post=11551"}],"version-history":[{"count":0,"href":"https:\/\/www.redacteur.com\/blog\/wp-json\/wp\/v2\/posts\/11551\/revisions"}],"wp:featuredmedia":[{"embeddable":true,"href":"https:\/\/www.redacteur.com\/blog\/wp-json\/wp\/v2\/media\/18314"}],"wp:attachment":[{"href":"https:\/\/www.redacteur.com\/blog\/wp-json\/wp\/v2\/media?parent=11551"}],"wp:term":[{"taxonomy":"category","embeddable":true,"href":"https:\/\/www.redacteur.com\/blog\/wp-json\/wp\/v2\/categories?post=11551"},{"taxonomy":"post_tag","embeddable":true,"href":"https:\/\/www.redacteur.com\/blog\/wp-json\/wp\/v2\/tags?post=11551"}],"curies":[{"name":"wp","href":"https:\/\/api.w.org\/{rel}","templated":true}]}}