{"id":11559,"date":"2020-05-18T09:53:40","date_gmt":"2020-05-18T07:53:40","guid":{"rendered":"https:\/\/www.redacteur.com\/blog\/?p=11559"},"modified":"2020-05-18T09:53:40","modified_gmt":"2020-05-18T07:53:40","slug":"rediger-cahier-charges-redaction-web","status":"publish","type":"post","link":"https:\/\/www.redacteur.com\/blog\/rediger-cahier-charges-redaction-web\/","title":{"rendered":"Comment r\u00e9diger un cahier des charges pour la r\u00e9daction web&nbsp;?"},"content":{"rendered":"<p><span style=\"font-weight: 400\">Avant de d\u00e9l\u00e9guer la production de contenu, vous devez \u00e9laborer un cahier des charges d\u00e9di\u00e9 \u00e0 la r\u00e9daction web. Celui-ci vous permet de planifier vos besoins et de <\/span><a href=\"https:\/\/www.redacteur.com\/service\/creer-calendrier-editorial\/\"><span style=\"font-weight: 400\">cr\u00e9er un calendrier \u00e9ditorial<\/span><\/a><span style=\"font-weight: 400\"> destin\u00e9 \u00e0 remplir vos objectifs. <\/span><\/p>\n<p><span style=\"font-weight: 400\">Ce cahier des charges sera \u00e9galement tr\u00e8s utile pour le <a href=\"https:\/\/www.redacteur.com\/blog\/etapes-collaborer-efficacement-redacteur-freelance\/\">r\u00e9dacteur web<\/a> charg\u00e9 de produire les articles.<\/span><\/p>\n<p><span style=\"font-weight: 400\">Alors, quels sont les chapitres \u00e0 int\u00e9grer dans ce document&nbsp;?<\/span><\/p>\n<p>&nbsp;<\/p>\n<h2>Qu\u2019est-ce que c\u2019est&nbsp;?<\/h2>\n<p><span style=\"font-weight: 400\">Dans un premier temps, qu\u2019est-ce qu\u2019un (bon) cahier des charges&nbsp;?\u00a0<\/span><\/p>\n<p><span style=\"font-weight: 400\">Il s\u2019agit d\u2019un document, une liste de pr\u00e9cisions sur les attentes\/exigences du client, porteur de projet envers son r\u00e9dacteur, d\u00e9veloppeur, freelance web, etc., comportant tout \u00e9l\u00e9ment ayant pour objectif d\u2019exposer les exigences relatives au projet&nbsp;:<\/span><\/p>\n<p><span style=\"font-weight: 400\"><\/span><\/p>\n<ul>\n<li><span style=\"font-weight: 400\">Plans d\u2019un texte \u00e0 r\u00e9diger,<\/span><\/li>\n<li><span style=\"font-weight: 400\">Th\u00e8me, sujet du texte,<\/span><\/li>\n<li><span style=\"font-weight: 400\">Lectorat cibl\u00e9,<\/span><\/li>\n<li><span style=\"font-weight: 400\">Nombre de mots du texte, etc.<\/span><\/li>\n<\/ul>\n<p><span style=\"font-weight: 400\"><\/span><\/p>\n<p><span style=\"font-weight: 400\">Le cahier des charges d\u00e9limite le projet et ses conditions de r\u00e9alisation. Ce support est effectivement utilis\u00e9 pour synth\u00e9tiser toutes les informations utiles \u00e0 la r\u00e9alisation du projet en question pour que ce dernier soit \u00e9tabli selon les exigences du client.\u00a0<\/span><\/p>\n<p><span style=\"font-weight: 400\">Il permet finalement d\u2019encadrer les missions des acteurs du projet pour son bon d\u00e9roulement.\u00a0<\/span><\/p>\n<p><img decoding=\"async\" class=\"aligncenter size-full wp-image-20650\" src=\"https:\/\/www.redacteur.com\/blog\/wp-content\/uploads\/sites\/6\/2016\/09\/cahiersdescharges.jpg\" alt=\"\" width=\"700\" height=\"367\" srcset=\"https:\/\/www.redacteur.com\/blog\/wp-content\/uploads\/sites\/6\/2016\/09\/cahiersdescharges.jpg 700w, https:\/\/www.redacteur.com\/blog\/wp-content\/uploads\/sites\/6\/2016\/09\/cahiersdescharges-300x157.jpg 300w, https:\/\/www.redacteur.com\/blog\/wp-content\/uploads\/sites\/6\/2016\/09\/cahiersdescharges-60x31.jpg 60w, https:\/\/www.redacteur.com\/blog\/wp-content\/uploads\/sites\/6\/2016\/09\/cahiersdescharges-370x194.jpg 370w, https:\/\/www.redacteur.com\/blog\/wp-content\/uploads\/sites\/6\/2016\/09\/cahiersdescharges-270x142.jpg 270w, https:\/\/www.redacteur.com\/blog\/wp-content\/uploads\/sites\/6\/2016\/09\/cahiersdescharges-570x299.jpg 570w\" sizes=\"(max-width: 700px) 100vw, 700px\" \/><\/p>\n<p>&nbsp;<\/p>\n<h2>Vos besoins en r\u00e9daction web<\/h2>\n<p><span style=\"font-weight: 400\">Ce cahier des charges \u00e9ditorial doit d\u00e9finir vos besoins en mati\u00e8re de r\u00e9daction. \u00c9videmment, ceux-ci sont \u00e0 mettre en parall\u00e8le avec vos objectifs et votre cible. Vos besoins d\u00e9pendent \u00e9galement de l\u2019\u00e9tat de votre activit\u00e9. En effet, si vous d\u00e9butez, vous ne pourrez pas produire d\u2019\u00e9tudes de cas client ou d\u2019interviews client. Il sera aussi difficile de r\u00e9diger des retours d\u2019exp\u00e9rience.<\/span><\/p>\n<p><span style=\"font-weight: 400\"><\/p>\n<blockquote><p><\/span><span style=\"font-weight: 400\">Si votre activit\u00e9 d\u00e9marre, mieux vaut se concentrer sur des contenus SEO, des articles de blog ou des infographies, qui se produisent facilement et vous aident \u00e0 acqu\u00e9rir vos premi\u00e8res visites.<\/span><span style=\"font-weight: 400\"><\/p><\/blockquote>\n<p><\/span><\/p>\n<p><span style=\"font-weight: 400\">Par contre, si votre entreprise existe depuis plusieurs ann\u00e9es, vous aurez besoin de contenus qui valorisent votre expertise et, indirectement, vos atouts par rapport aux concurrents.<\/span><\/p>\n<p><img decoding=\"async\" class=\"aligncenter size-full wp-image-20651\" src=\"https:\/\/www.redacteur.com\/blog\/wp-content\/uploads\/sites\/6\/2016\/09\/blog.jpg\" alt=\"\" width=\"700\" height=\"416\" srcset=\"https:\/\/www.redacteur.com\/blog\/wp-content\/uploads\/sites\/6\/2016\/09\/blog.jpg 700w, https:\/\/www.redacteur.com\/blog\/wp-content\/uploads\/sites\/6\/2016\/09\/blog-300x178.jpg 300w, https:\/\/www.redacteur.com\/blog\/wp-content\/uploads\/sites\/6\/2016\/09\/blog-60x36.jpg 60w, https:\/\/www.redacteur.com\/blog\/wp-content\/uploads\/sites\/6\/2016\/09\/blog-370x220.jpg 370w, https:\/\/www.redacteur.com\/blog\/wp-content\/uploads\/sites\/6\/2016\/09\/blog-270x160.jpg 270w, https:\/\/www.redacteur.com\/blog\/wp-content\/uploads\/sites\/6\/2016\/09\/blog-570x339.jpg 570w\" sizes=\"(max-width: 700px) 100vw, 700px\" \/><\/p>\n<blockquote><p>\u00c0 lire aussi&nbsp;: <a href=\"https:\/\/www.redacteur.com\/blog\/meilleurs-outils-redaction-web\/\">Content marketing&nbsp;: 40 outils et conseils pour la r\u00e9daction web<\/a><\/p><\/blockquote>\n<p>&nbsp;<\/p>\n<h2>D\u00e9finissez le profil de votre cible<\/h2>\n<p><span style=\"font-weight: 400\">Pour qu\u2019un r\u00e9dacteur web vous propose une ligne \u00e9ditoriale coh\u00e9rente et des contenus de qualit\u00e9, il doit conna\u00eetre le profil de vos prospects. Vous vous doutez que l\u2019angle d\u2019attaque, le ton employ\u00e9, le langage utilis\u00e9 et la syntaxe diff\u00e8rent selon l\u2019audience.<\/span><\/p>\n<p><span style=\"font-weight: 400\">Ce qui nous am\u00e8ne au point suivant\u2026<\/span><\/p>\n<blockquote><p>\u00c0 lire aussi&nbsp;: <a href=\"https:\/\/www.redacteur.com\/blog\/cibler-votre-audience-ideale\/\">De quelles mani\u00e8res cibler votre audience id\u00e9ale&nbsp;?<\/a><\/p><\/blockquote>\n<p>&nbsp;<\/p>\n<h2>Le ton \u00e0 employer<\/h2>\n<p><span style=\"font-weight: 400\">M\u00eame si le profil de votre cible donne quelques indices concernant le ton \u00e0 employer, c\u2019est \u00e0 vous de d\u00e9finir l\u2019approche avec vos prospects.<\/span><\/p>\n<p><span style=\"font-weight: 400\"><\/span><\/p>\n<ul>\n<li><span style=\"font-weight: 400\">Souhaitez-vous personnifier votre communication en utilisant le \u00ab je \u00bb, plut\u00f4t que le \u00ab nous \u00bb&nbsp;?<\/span><\/li>\n<li><span style=\"font-weight: 400\">Acceptez-vous une dose d\u2019humour dans les textes&nbsp;?<\/span><\/li>\n<li><span style=\"font-weight: 400\">Avez-vous besoin que le r\u00e9dacteur s\u2019adresse directement aux lecteurs avec le \u00ab vous \u00bb ou qu\u2019il conserve un c\u00f4t\u00e9 informatif avec uniquement des articles \u00e0 la 3<\/span><span style=\"font-weight: 400\">e<\/span><span style=\"font-weight: 400\"> personne du singulier&nbsp;?<\/span><\/li>\n<\/ul>\n<p><span style=\"font-weight: 400\"><\/span><\/p>\n<p><span style=\"font-weight: 400\">Il est imp\u00e9ratif de r\u00e9pondre \u00e0 ces questions pour diriger la r\u00e9daction.<\/span><\/p>\n<p><img decoding=\"async\" class=\"aligncenter size-full wp-image-20653\" src=\"https:\/\/www.redacteur.com\/blog\/wp-content\/uploads\/sites\/6\/2016\/09\/writing.jpg\" alt=\"\" width=\"700\" height=\"466\" srcset=\"https:\/\/www.redacteur.com\/blog\/wp-content\/uploads\/sites\/6\/2016\/09\/writing.jpg 700w, https:\/\/www.redacteur.com\/blog\/wp-content\/uploads\/sites\/6\/2016\/09\/writing-300x200.jpg 300w, https:\/\/www.redacteur.com\/blog\/wp-content\/uploads\/sites\/6\/2016\/09\/writing-60x40.jpg 60w, https:\/\/www.redacteur.com\/blog\/wp-content\/uploads\/sites\/6\/2016\/09\/writing-370x246.jpg 370w, https:\/\/www.redacteur.com\/blog\/wp-content\/uploads\/sites\/6\/2016\/09\/writing-270x180.jpg 270w, https:\/\/www.redacteur.com\/blog\/wp-content\/uploads\/sites\/6\/2016\/09\/writing-570x379.jpg 570w\" sizes=\"(max-width: 700px) 100vw, 700px\" \/><\/p>\n<blockquote><p>\u00c0 lire aussi&nbsp;: <a href=\"https:\/\/www.redacteur.com\/blog\/redaction-web-5-conseils-rediger-introduction-percutante\/\">R\u00e9daction web&nbsp;: 6 conseils pour r\u00e9diger une introduction percutante<\/a><\/p><\/blockquote>\n<p>&nbsp;<\/p>\n<h2>Les types de formats \u00e0 traiter<\/h2>\n<p><span style=\"font-weight: 400\">Suite \u00e0 la r\u00e9flexion sur la cible et vos besoins, vous devrez lister les formats utiles pour votre communication. Vous aurez le choix entre&nbsp;:<\/span><\/p>\n<p><span style=\"font-weight: 400\"><\/span><\/p>\n<ul>\n<li><span style=\"font-weight: 400\">Checklist<\/span><\/li>\n<li><span style=\"font-weight: 400\">Enqu\u00eate<\/span><\/li>\n<li><span style=\"font-weight: 400\">Conseils<\/span><\/li>\n<li><span style=\"font-weight: 400\">Livre blanc<\/span><\/li>\n<li><span style=\"font-weight: 400\">\u00c9tude de cas<\/span><\/li>\n<li><span style=\"font-weight: 400\">Infographie<\/span><\/li>\n<li><span style=\"font-weight: 400\">Pr\u00e9sentation<\/span><\/li>\n<li><span style=\"font-weight: 400\">Vid\u00e9o<\/span><\/li>\n<li><span style=\"font-weight: 400\">Podcast, etc.<\/span><\/li>\n<\/ul>\n<p><span style=\"font-weight: 400\"><\/span><\/p>\n<p><span style=\"font-weight: 400\">Inutile de vouloir produire tous les formats&nbsp;!\u00a0<\/span><\/p>\n<p><span style=\"font-weight: 400\"><\/p>\n<blockquote><p><\/span><span style=\"font-weight: 400\">Concentrez-vous sur ceux que vous \u00eates en mesure de d\u00e9l\u00e9guer (ou de cr\u00e9er) et surtout, sur les contenus qui int\u00e9ressent votre cible.<\/span><span style=\"font-weight: 400\"><\/p><\/blockquote>\n<p><\/span><\/p>\n<p><a href=\"https:\/\/www.codeur.com\/blog\/reussir-son-site-ecommerce\/\"><img decoding=\"async\" class=\"aligncenter wp-image-20654 size-full\" src=\"https:\/\/www.redacteur.com\/blog\/wp-content\/uploads\/sites\/6\/2016\/09\/livre-blanc.jpg\" alt=\"\" width=\"700\" height=\"392\" srcset=\"https:\/\/www.redacteur.com\/blog\/wp-content\/uploads\/sites\/6\/2016\/09\/livre-blanc.jpg 700w, https:\/\/www.redacteur.com\/blog\/wp-content\/uploads\/sites\/6\/2016\/09\/livre-blanc-300x168.jpg 300w, https:\/\/www.redacteur.com\/blog\/wp-content\/uploads\/sites\/6\/2016\/09\/livre-blanc-60x34.jpg 60w, https:\/\/www.redacteur.com\/blog\/wp-content\/uploads\/sites\/6\/2016\/09\/livre-blanc-370x207.jpg 370w, https:\/\/www.redacteur.com\/blog\/wp-content\/uploads\/sites\/6\/2016\/09\/livre-blanc-270x151.jpg 270w, https:\/\/www.redacteur.com\/blog\/wp-content\/uploads\/sites\/6\/2016\/09\/livre-blanc-570x319.jpg 570w\" sizes=\"(max-width: 700px) 100vw, 700px\" \/><\/a><\/p>\n<p><span style=\"font-weight: 400\"><\/span><\/p>\n<ul>\n<li><a href=\"https:\/\/www.codeur.com\/blog\/reussir-son-site-ecommerce\/\"><span style=\"font-weight: 400\">T\u00e9l\u00e9charger ce livre blanc<\/span><\/a><\/li>\n<\/ul>\n<p><span style=\"font-weight: 400\"><\/span><\/p>\n<p>&nbsp;<\/p>\n<h2>Le planning de publication<\/h2>\n<p><span style=\"font-weight: 400\">Votre ligne \u00e9ditoriale commence \u00e0 prendre forme&nbsp;! Pour compl\u00e9ter votre cahier des charges, il convient de d\u00e9terminer la fr\u00e9quence de publication de vos contenus. L\u00e0 encore, vous devrez sonder&nbsp;:<\/span><\/p>\n<p><span style=\"font-weight: 400\"><\/span><\/p>\n<ul>\n<li><span style=\"font-weight: 400\">Vos capacit\u00e9s<\/span><\/li>\n<li><span style=\"font-weight: 400\">Votre budget<\/span><\/li>\n<li><span style=\"font-weight: 400\">Les attentes de votre audience<\/span><\/li>\n<\/ul>\n<p><span style=\"font-weight: 400\"><\/span><\/p>\n<p><span style=\"font-weight: 400\"><\/p>\n<blockquote><p><\/span><span style=\"font-weight: 400\">La qualit\u00e9 est toujours plus importante que la quantit\u00e9. Mieux vaut publier 1 seul article par semaine, mais avec une forte valeur ajout\u00e9e, qu\u2019une br\u00e8ve par jour.<\/span><span style=\"font-weight: 400\"><\/p><\/blockquote>\n<p><\/span><\/p>\n<p><img decoding=\"async\" class=\"aligncenter size-full wp-image-20655\" src=\"https:\/\/www.redacteur.com\/blog\/wp-content\/uploads\/sites\/6\/2016\/09\/Planning.jpg\" alt=\"\" width=\"700\" height=\"467\" srcset=\"https:\/\/www.redacteur.com\/blog\/wp-content\/uploads\/sites\/6\/2016\/09\/Planning.jpg 700w, https:\/\/www.redacteur.com\/blog\/wp-content\/uploads\/sites\/6\/2016\/09\/Planning-300x200.jpg 300w, https:\/\/www.redacteur.com\/blog\/wp-content\/uploads\/sites\/6\/2016\/09\/Planning-60x40.jpg 60w, https:\/\/www.redacteur.com\/blog\/wp-content\/uploads\/sites\/6\/2016\/09\/Planning-370x247.jpg 370w, https:\/\/www.redacteur.com\/blog\/wp-content\/uploads\/sites\/6\/2016\/09\/Planning-270x180.jpg 270w, https:\/\/www.redacteur.com\/blog\/wp-content\/uploads\/sites\/6\/2016\/09\/Planning-570x380.jpg 570w\" sizes=\"(max-width: 700px) 100vw, 700px\" \/><\/p>\n<p>&nbsp;<\/p>\n<h2>Le budget pr\u00e9visionnel<\/h2>\n<p><span style=\"font-weight: 400\">Pour conclure le cahier des charges, vous devrez envisager un budget pour la <a href=\"https:\/\/www.redacteur.com\/blog\/guide-complet-rediger-tout-type-contenu\/\">cr\u00e9ation de contenus<\/a>. Celui-ci va d\u00e9pendre&nbsp;:<\/span><\/p>\n<p><span style=\"font-weight: 400\"><\/span><\/p>\n<ul>\n<li><span style=\"font-weight: 400\">Des formats \u00e0 cr\u00e9er (<\/span><a href=\"https:\/\/www.redacteur.com\/blog\/10-conseils-ecrire-livre-blanc-efficace\/\"><span style=\"font-weight: 400\">r\u00e9diger un livre blanc<\/span><\/a><span style=\"font-weight: 400\"> est plus co\u00fbteux qu\u2019une checklist)<\/span><\/li>\n<li><span style=\"font-weight: 400\">Du nombre de contenus \u00e0 publier<\/span><\/li>\n<li><span style=\"font-weight: 400\">Du niveau d\u2019expertise des articles.\u00a0<\/span><\/li>\n<\/ul>\n<p><span style=\"font-weight: 400\"><\/span><\/p>\n<p><span style=\"font-weight: 400\">Vous conna\u00eetrez exactement l\u2019investissement effectu\u00e9 dans la production du contenu, pour ensuite calculer le fameux retour sur investissement.<\/span><\/p>\n<p><img decoding=\"async\" class=\"aligncenter size-full wp-image-20656\" src=\"https:\/\/www.redacteur.com\/blog\/wp-content\/uploads\/sites\/6\/2016\/09\/Capture-d\u2019\u00e9cran-2020-04-23-\u00e0-15.15.23.jpg\" alt=\"\" width=\"700\" height=\"392\" \/><\/p>\n<p>&nbsp;<\/p>\n<p><span style=\"font-weight: 400\">Et voil\u00e0, vous avez toutes les cartes en main pour vous lancer dans la r\u00e9daction web&nbsp;! Il ne vous reste plus qu\u2019\u00e0 t\u00e9l\u00e9charger un exemple de <\/span><a href=\"https:\/\/cahiersdescharges.com\/telechargement\/cahier-charges-redaction-contenus\/\"><span style=\"font-weight: 400\">cahier des charges pour la r\u00e9daction web<\/span><\/a><span style=\"font-weight: 400\"> et trouver un r\u00e9dacteur pour cr\u00e9er vos contenus.<\/span><\/p>\n<p><b>Qu\u2019attendez-vous pour <\/b><b>commander vos textes<\/b><b> d\u00e8s maintenant sur <\/b><a href=\"https:\/\/www.redacteur.com\/\"><b>Redacteur.com<\/b><\/a> <b>pour \u00eatre mis en relation avec des r\u00e9dacteurs web professionnels<\/b><b>&nbsp;?<\/b><\/p>\n","protected":false},"excerpt":{"rendered":"<p>Avant de d\u00e9l\u00e9guer la production de contenu, vous devez \u00e9laborer un cahier des charges d\u00e9di\u00e9 \u00e0 la r\u00e9daction web. Celui-ci vous permet de planifier vos besoins et de cr\u00e9er un calendrier \u00e9ditorial destin\u00e9 \u00e0 remplir vos objectifs. Ce cahier des charges sera \u00e9galement tr\u00e8s utile pour le r\u00e9dacteur web charg\u00e9 de produire les articles. Alors, [&hellip;]<\/p>\n","protected":false},"author":1,"featured_media":20649,"comment_status":"open","ping_status":"open","sticky":false,"template":"","format":"standard","meta":{"_acf_changed":false,"inline_featured_image":false,"footnotes":""},"categories":[11],"tags":[],"class_list":["post-11559","post","type-post","status-publish","format-standard","has-post-thumbnail","hentry","category-redaction-web"],"acf":[],"yoast_head":"<!-- This site is optimized with the Yoast SEO plugin v25.9 - https:\/\/yoast.com\/wordpress\/plugins\/seo\/ -->\n<title>Comment r\u00e9diger un cahier des charges pour la r\u00e9daction web ? - Redacteur Blog<\/title>\n<meta name=\"description\" content=\"Avant de d\u00e9l\u00e9guer la production de contenu, vous devez \u00e9laborer un cahier des charges d\u00e9di\u00e9 \u00e0 la r\u00e9daction web. Celui-ci vous permet de planifier vos\" \/>\n<meta name=\"robots\" content=\"index, follow, max-snippet:-1, max-image-preview:large, max-video-preview:-1\" \/>\n<link rel=\"canonical\" href=\"https:\/\/www.redacteur.com\/blog\/rediger-cahier-charges-redaction-web\/\" \/>\n<meta property=\"og:locale\" content=\"fr_FR\" \/>\n<meta property=\"og:type\" content=\"article\" \/>\n<meta property=\"og:title\" content=\"Comment r\u00e9diger un cahier des charges pour la r\u00e9daction web ? - Redacteur Blog\" \/>\n<meta property=\"og:description\" content=\"Avant de d\u00e9l\u00e9guer la production de contenu, vous devez \u00e9laborer un cahier des charges d\u00e9di\u00e9 \u00e0 la r\u00e9daction web. Celui-ci vous permet de planifier vos\" \/>\n<meta property=\"og:url\" content=\"https:\/\/www.redacteur.com\/blog\/rediger-cahier-charges-redaction-web\/\" \/>\n<meta property=\"og:site_name\" content=\"Redacteur.com\" \/>\n<meta property=\"article:publisher\" content=\"https:\/\/www.facebook.com\/redacteurcom\" \/>\n<meta property=\"article:published_time\" content=\"2020-05-18T07:53:40+00:00\" \/>\n<meta property=\"og:image\" content=\"https:\/\/www.redacteur.com\/blog\/wp-content\/uploads\/sites\/6\/2016\/09\/redacteur-blog-img-une.jpg\" \/>\n\t<meta property=\"og:image:width\" content=\"850\" \/>\n\t<meta property=\"og:image:height\" content=\"600\" \/>\n\t<meta property=\"og:image:type\" content=\"image\/jpeg\" \/>\n<meta name=\"author\" content=\"Laura Michaud\" \/>\n<meta name=\"twitter:card\" content=\"summary_large_image\" \/>\n<meta name=\"twitter:creator\" content=\"@Redacteurcom\" \/>\n<meta name=\"twitter:site\" content=\"@Redacteurcom\" \/>\n<meta name=\"twitter:label1\" content=\"\u00c9crit par\" \/>\n\t<meta name=\"twitter:data1\" content=\"Laura Michaud\" \/>\n\t<meta name=\"twitter:label2\" content=\"Dur\u00e9e de lecture estim\u00e9e\" \/>\n\t<meta name=\"twitter:data2\" content=\"4 minutes\" \/>\n<script type=\"application\/ld+json\" class=\"yoast-schema-graph\">{\"@context\":\"https:\/\/schema.org\",\"@graph\":[{\"@type\":\"Article\",\"@id\":\"https:\/\/www.redacteur.com\/blog\/rediger-cahier-charges-redaction-web\/#article\",\"isPartOf\":{\"@id\":\"https:\/\/www.redacteur.com\/blog\/rediger-cahier-charges-redaction-web\/\"},\"author\":{\"name\":\"Laura Michaud\",\"@id\":\"https:\/\/www.redacteur.com\/blog\/#\/schema\/person\/33c0ef04707fbe50a096f282050bb5f2\"},\"headline\":\"Comment r\u00e9diger un cahier des charges pour la r\u00e9daction web&nbsp;?\",\"datePublished\":\"2020-05-18T07:53:40+00:00\",\"mainEntityOfPage\":{\"@id\":\"https:\/\/www.redacteur.com\/blog\/rediger-cahier-charges-redaction-web\/\"},\"wordCount\":860,\"commentCount\":1,\"publisher\":{\"@id\":\"https:\/\/www.redacteur.com\/blog\/#organization\"},\"image\":{\"@id\":\"https:\/\/www.redacteur.com\/blog\/rediger-cahier-charges-redaction-web\/#primaryimage\"},\"thumbnailUrl\":\"https:\/\/www.redacteur.com\/blog\/wp-content\/uploads\/sites\/6\/2016\/09\/redacteur-blog-img-une.jpg\",\"articleSection\":[\"R\u00e9daction web\"],\"inLanguage\":\"fr-FR\",\"potentialAction\":[{\"@type\":\"CommentAction\",\"name\":\"Comment\",\"target\":[\"https:\/\/www.redacteur.com\/blog\/rediger-cahier-charges-redaction-web\/#respond\"]}]},{\"@type\":\"WebPage\",\"@id\":\"https:\/\/www.redacteur.com\/blog\/rediger-cahier-charges-redaction-web\/\",\"url\":\"https:\/\/www.redacteur.com\/blog\/rediger-cahier-charges-redaction-web\/\",\"name\":\"Comment r\u00e9diger un cahier des charges pour la r\u00e9daction web ? - Redacteur Blog\",\"isPartOf\":{\"@id\":\"https:\/\/www.redacteur.com\/blog\/#website\"},\"primaryImageOfPage\":{\"@id\":\"https:\/\/www.redacteur.com\/blog\/rediger-cahier-charges-redaction-web\/#primaryimage\"},\"image\":{\"@id\":\"https:\/\/www.redacteur.com\/blog\/rediger-cahier-charges-redaction-web\/#primaryimage\"},\"thumbnailUrl\":\"https:\/\/www.redacteur.com\/blog\/wp-content\/uploads\/sites\/6\/2016\/09\/redacteur-blog-img-une.jpg\",\"datePublished\":\"2020-05-18T07:53:40+00:00\",\"description\":\"Avant de d\u00e9l\u00e9guer la production de contenu, vous devez \u00e9laborer un cahier des charges d\u00e9di\u00e9 \u00e0 la r\u00e9daction web. Celui-ci vous permet de planifier vos\",\"breadcrumb\":{\"@id\":\"https:\/\/www.redacteur.com\/blog\/rediger-cahier-charges-redaction-web\/#breadcrumb\"},\"inLanguage\":\"fr-FR\",\"potentialAction\":[{\"@type\":\"ReadAction\",\"target\":[\"https:\/\/www.redacteur.com\/blog\/rediger-cahier-charges-redaction-web\/\"]}]},{\"@type\":\"ImageObject\",\"inLanguage\":\"fr-FR\",\"@id\":\"https:\/\/www.redacteur.com\/blog\/rediger-cahier-charges-redaction-web\/#primaryimage\",\"url\":\"https:\/\/www.redacteur.com\/blog\/wp-content\/uploads\/sites\/6\/2016\/09\/redacteur-blog-img-une.jpg\",\"contentUrl\":\"https:\/\/www.redacteur.com\/blog\/wp-content\/uploads\/sites\/6\/2016\/09\/redacteur-blog-img-une.jpg\",\"width\":850,\"height\":600},{\"@type\":\"BreadcrumbList\",\"@id\":\"https:\/\/www.redacteur.com\/blog\/rediger-cahier-charges-redaction-web\/#breadcrumb\",\"itemListElement\":[{\"@type\":\"ListItem\",\"position\":1,\"name\":\"Blog\",\"item\":\"https:\/\/www.redacteur.com\/blog\/\"},{\"@type\":\"ListItem\",\"position\":2,\"name\":\"R\u00e9daction web\",\"item\":\"https:\/\/www.redacteur.com\/blog\/redaction-web\/\"},{\"@type\":\"ListItem\",\"position\":3,\"name\":\"Comment r\u00e9diger un cahier des charges pour la r\u00e9daction web ?\"}]},{\"@type\":\"WebSite\",\"@id\":\"https:\/\/www.redacteur.com\/blog\/#website\",\"url\":\"https:\/\/www.redacteur.com\/blog\/\",\"name\":\"Redacteur.com\",\"description\":\"redacteur\",\"publisher\":{\"@id\":\"https:\/\/www.redacteur.com\/blog\/#organization\"},\"potentialAction\":[{\"@type\":\"SearchAction\",\"target\":{\"@type\":\"EntryPoint\",\"urlTemplate\":\"https:\/\/www.redacteur.com\/blog\/?s={search_term_string}\"},\"query-input\":{\"@type\":\"PropertyValueSpecification\",\"valueRequired\":true,\"valueName\":\"search_term_string\"}}],\"inLanguage\":\"fr-FR\"},{\"@type\":\"Organization\",\"@id\":\"https:\/\/www.redacteur.com\/blog\/#organization\",\"name\":\"Redacteur.com\",\"url\":\"https:\/\/www.redacteur.com\/blog\/\",\"logo\":{\"@type\":\"ImageObject\",\"inLanguage\":\"fr-FR\",\"@id\":\"https:\/\/www.redacteur.com\/blog\/#\/schema\/logo\/image\/\",\"url\":\"https:\/\/www.redacteur.com\/blog\/wp-content\/uploads\/sites\/6\/2022\/10\/logo-redacteur-blog.svg\",\"contentUrl\":\"https:\/\/www.redacteur.com\/blog\/wp-content\/uploads\/sites\/6\/2022\/10\/logo-redacteur-blog.svg\",\"width\":1,\"height\":1,\"caption\":\"Redacteur.com\"},\"image\":{\"@id\":\"https:\/\/www.redacteur.com\/blog\/#\/schema\/logo\/image\/\"},\"sameAs\":[\"https:\/\/www.facebook.com\/redacteurcom\",\"https:\/\/x.com\/Redacteurcom\",\"https:\/\/www.linkedin.com\/company\/redacteur-com\",\"https:\/\/www.youtube.com\/channel\/UCgj9ySM9xy3gdL8qBafl9Uw\/\"]},{\"@type\":\"Person\",\"@id\":\"https:\/\/www.redacteur.com\/blog\/#\/schema\/person\/33c0ef04707fbe50a096f282050bb5f2\",\"name\":\"Laura Michaud\",\"image\":{\"@type\":\"ImageObject\",\"inLanguage\":\"fr-FR\",\"@id\":\"https:\/\/www.redacteur.com\/blog\/#\/schema\/person\/image\/\",\"url\":\"https:\/\/secure.gravatar.com\/avatar\/c3328cc0c887f98cec6b2979af3311ab6333fc7cc2d4847514cfec6a56fa08a7?s=96&d=mm&r=g\",\"contentUrl\":\"https:\/\/secure.gravatar.com\/avatar\/c3328cc0c887f98cec6b2979af3311ab6333fc7cc2d4847514cfec6a56fa08a7?s=96&d=mm&r=g\",\"caption\":\"Laura Michaud\"},\"description\":\"Laura connait tous les meilleurs outils pour g\u00e9rer des projets et une entreprise. Cr\u00e9ative, c'est aussi une sp\u00e9cialiste des outils de cr\u00e9ation graphique pour faire briller une entreprise.\",\"sameAs\":[\"https:\/\/www.linkedin.com\/in\/michaudlaura\/\"],\"url\":\"https:\/\/www.redacteur.com\/blog\/author\/laura\/\"}]}<\/script>\n<!-- \/ Yoast SEO plugin. -->","yoast_head_json":{"title":"Comment r\u00e9diger un cahier des charges pour la r\u00e9daction web ? - Redacteur Blog","description":"Avant de d\u00e9l\u00e9guer la production de contenu, vous devez \u00e9laborer un cahier des charges d\u00e9di\u00e9 \u00e0 la r\u00e9daction web. Celui-ci vous permet de planifier vos","robots":{"index":"index","follow":"follow","max-snippet":"max-snippet:-1","max-image-preview":"max-image-preview:large","max-video-preview":"max-video-preview:-1"},"canonical":"https:\/\/www.redacteur.com\/blog\/rediger-cahier-charges-redaction-web\/","og_locale":"fr_FR","og_type":"article","og_title":"Comment r\u00e9diger un cahier des charges pour la r\u00e9daction web ? - Redacteur Blog","og_description":"Avant de d\u00e9l\u00e9guer la production de contenu, vous devez \u00e9laborer un cahier des charges d\u00e9di\u00e9 \u00e0 la r\u00e9daction web. Celui-ci vous permet de planifier vos","og_url":"https:\/\/www.redacteur.com\/blog\/rediger-cahier-charges-redaction-web\/","og_site_name":"Redacteur.com","article_publisher":"https:\/\/www.facebook.com\/redacteurcom","article_published_time":"2020-05-18T07:53:40+00:00","og_image":[{"width":850,"height":600,"url":"https:\/\/www.redacteur.com\/blog\/wp-content\/uploads\/sites\/6\/2016\/09\/redacteur-blog-img-une.jpg","type":"image\/jpeg"}],"author":"Laura Michaud","twitter_card":"summary_large_image","twitter_creator":"@Redacteurcom","twitter_site":"@Redacteurcom","twitter_misc":{"\u00c9crit par":"Laura Michaud","Dur\u00e9e de lecture estim\u00e9e":"4 minutes"},"schema":{"@context":"https:\/\/schema.org","@graph":[{"@type":"Article","@id":"https:\/\/www.redacteur.com\/blog\/rediger-cahier-charges-redaction-web\/#article","isPartOf":{"@id":"https:\/\/www.redacteur.com\/blog\/rediger-cahier-charges-redaction-web\/"},"author":{"name":"Laura Michaud","@id":"https:\/\/www.redacteur.com\/blog\/#\/schema\/person\/33c0ef04707fbe50a096f282050bb5f2"},"headline":"Comment r\u00e9diger un cahier des charges pour la r\u00e9daction web&nbsp;?","datePublished":"2020-05-18T07:53:40+00:00","mainEntityOfPage":{"@id":"https:\/\/www.redacteur.com\/blog\/rediger-cahier-charges-redaction-web\/"},"wordCount":860,"commentCount":1,"publisher":{"@id":"https:\/\/www.redacteur.com\/blog\/#organization"},"image":{"@id":"https:\/\/www.redacteur.com\/blog\/rediger-cahier-charges-redaction-web\/#primaryimage"},"thumbnailUrl":"https:\/\/www.redacteur.com\/blog\/wp-content\/uploads\/sites\/6\/2016\/09\/redacteur-blog-img-une.jpg","articleSection":["R\u00e9daction web"],"inLanguage":"fr-FR","potentialAction":[{"@type":"CommentAction","name":"Comment","target":["https:\/\/www.redacteur.com\/blog\/rediger-cahier-charges-redaction-web\/#respond"]}]},{"@type":"WebPage","@id":"https:\/\/www.redacteur.com\/blog\/rediger-cahier-charges-redaction-web\/","url":"https:\/\/www.redacteur.com\/blog\/rediger-cahier-charges-redaction-web\/","name":"Comment r\u00e9diger un cahier des charges pour la r\u00e9daction web ? - Redacteur Blog","isPartOf":{"@id":"https:\/\/www.redacteur.com\/blog\/#website"},"primaryImageOfPage":{"@id":"https:\/\/www.redacteur.com\/blog\/rediger-cahier-charges-redaction-web\/#primaryimage"},"image":{"@id":"https:\/\/www.redacteur.com\/blog\/rediger-cahier-charges-redaction-web\/#primaryimage"},"thumbnailUrl":"https:\/\/www.redacteur.com\/blog\/wp-content\/uploads\/sites\/6\/2016\/09\/redacteur-blog-img-une.jpg","datePublished":"2020-05-18T07:53:40+00:00","description":"Avant de d\u00e9l\u00e9guer la production de contenu, vous devez \u00e9laborer un cahier des charges d\u00e9di\u00e9 \u00e0 la r\u00e9daction web. Celui-ci vous permet de planifier vos","breadcrumb":{"@id":"https:\/\/www.redacteur.com\/blog\/rediger-cahier-charges-redaction-web\/#breadcrumb"},"inLanguage":"fr-FR","potentialAction":[{"@type":"ReadAction","target":["https:\/\/www.redacteur.com\/blog\/rediger-cahier-charges-redaction-web\/"]}]},{"@type":"ImageObject","inLanguage":"fr-FR","@id":"https:\/\/www.redacteur.com\/blog\/rediger-cahier-charges-redaction-web\/#primaryimage","url":"https:\/\/www.redacteur.com\/blog\/wp-content\/uploads\/sites\/6\/2016\/09\/redacteur-blog-img-une.jpg","contentUrl":"https:\/\/www.redacteur.com\/blog\/wp-content\/uploads\/sites\/6\/2016\/09\/redacteur-blog-img-une.jpg","width":850,"height":600},{"@type":"BreadcrumbList","@id":"https:\/\/www.redacteur.com\/blog\/rediger-cahier-charges-redaction-web\/#breadcrumb","itemListElement":[{"@type":"ListItem","position":1,"name":"Blog","item":"https:\/\/www.redacteur.com\/blog\/"},{"@type":"ListItem","position":2,"name":"R\u00e9daction web","item":"https:\/\/www.redacteur.com\/blog\/redaction-web\/"},{"@type":"ListItem","position":3,"name":"Comment r\u00e9diger un cahier des charges pour la r\u00e9daction web ?"}]},{"@type":"WebSite","@id":"https:\/\/www.redacteur.com\/blog\/#website","url":"https:\/\/www.redacteur.com\/blog\/","name":"Redacteur.com","description":"redacteur","publisher":{"@id":"https:\/\/www.redacteur.com\/blog\/#organization"},"potentialAction":[{"@type":"SearchAction","target":{"@type":"EntryPoint","urlTemplate":"https:\/\/www.redacteur.com\/blog\/?s={search_term_string}"},"query-input":{"@type":"PropertyValueSpecification","valueRequired":true,"valueName":"search_term_string"}}],"inLanguage":"fr-FR"},{"@type":"Organization","@id":"https:\/\/www.redacteur.com\/blog\/#organization","name":"Redacteur.com","url":"https:\/\/www.redacteur.com\/blog\/","logo":{"@type":"ImageObject","inLanguage":"fr-FR","@id":"https:\/\/www.redacteur.com\/blog\/#\/schema\/logo\/image\/","url":"https:\/\/www.redacteur.com\/blog\/wp-content\/uploads\/sites\/6\/2022\/10\/logo-redacteur-blog.svg","contentUrl":"https:\/\/www.redacteur.com\/blog\/wp-content\/uploads\/sites\/6\/2022\/10\/logo-redacteur-blog.svg","width":1,"height":1,"caption":"Redacteur.com"},"image":{"@id":"https:\/\/www.redacteur.com\/blog\/#\/schema\/logo\/image\/"},"sameAs":["https:\/\/www.facebook.com\/redacteurcom","https:\/\/x.com\/Redacteurcom","https:\/\/www.linkedin.com\/company\/redacteur-com","https:\/\/www.youtube.com\/channel\/UCgj9ySM9xy3gdL8qBafl9Uw\/"]},{"@type":"Person","@id":"https:\/\/www.redacteur.com\/blog\/#\/schema\/person\/33c0ef04707fbe50a096f282050bb5f2","name":"Laura Michaud","image":{"@type":"ImageObject","inLanguage":"fr-FR","@id":"https:\/\/www.redacteur.com\/blog\/#\/schema\/person\/image\/","url":"https:\/\/secure.gravatar.com\/avatar\/c3328cc0c887f98cec6b2979af3311ab6333fc7cc2d4847514cfec6a56fa08a7?s=96&d=mm&r=g","contentUrl":"https:\/\/secure.gravatar.com\/avatar\/c3328cc0c887f98cec6b2979af3311ab6333fc7cc2d4847514cfec6a56fa08a7?s=96&d=mm&r=g","caption":"Laura Michaud"},"description":"Laura connait tous les meilleurs outils pour g\u00e9rer des projets et une entreprise. Cr\u00e9ative, c'est aussi une sp\u00e9cialiste des outils de cr\u00e9ation graphique pour faire briller une entreprise.","sameAs":["https:\/\/www.linkedin.com\/in\/michaudlaura\/"],"url":"https:\/\/www.redacteur.com\/blog\/author\/laura\/"}]}},"_links":{"self":[{"href":"https:\/\/www.redacteur.com\/blog\/wp-json\/wp\/v2\/posts\/11559","targetHints":{"allow":["GET"]}}],"collection":[{"href":"https:\/\/www.redacteur.com\/blog\/wp-json\/wp\/v2\/posts"}],"about":[{"href":"https:\/\/www.redacteur.com\/blog\/wp-json\/wp\/v2\/types\/post"}],"author":[{"embeddable":true,"href":"https:\/\/www.redacteur.com\/blog\/wp-json\/wp\/v2\/users\/1"}],"replies":[{"embeddable":true,"href":"https:\/\/www.redacteur.com\/blog\/wp-json\/wp\/v2\/comments?post=11559"}],"version-history":[{"count":0,"href":"https:\/\/www.redacteur.com\/blog\/wp-json\/wp\/v2\/posts\/11559\/revisions"}],"wp:featuredmedia":[{"embeddable":true,"href":"https:\/\/www.redacteur.com\/blog\/wp-json\/wp\/v2\/media\/20649"}],"wp:attachment":[{"href":"https:\/\/www.redacteur.com\/blog\/wp-json\/wp\/v2\/media?parent=11559"}],"wp:term":[{"taxonomy":"category","embeddable":true,"href":"https:\/\/www.redacteur.com\/blog\/wp-json\/wp\/v2\/categories?post=11559"},{"taxonomy":"post_tag","embeddable":true,"href":"https:\/\/www.redacteur.com\/blog\/wp-json\/wp\/v2\/tags?post=11559"}],"curies":[{"name":"wp","href":"https:\/\/api.w.org\/{rel}","templated":true}]}}