{"id":11564,"date":"2019-12-20T10:00:12","date_gmt":"2019-12-20T09:00:12","guid":{"rendered":"https:\/\/www.redacteur.com\/blog\/?p=11564"},"modified":"2019-12-20T10:00:12","modified_gmt":"2019-12-20T09:00:12","slug":"5-questions-a-se-poser-creer-plan-dun-article","status":"publish","type":"post","link":"https:\/\/www.redacteur.com\/blog\/5-questions-a-se-poser-creer-plan-dun-article\/","title":{"rendered":"5 questions \u00e0 se poser pour cr\u00e9er le plan d&#8217;un article"},"content":{"rendered":"<p>Avant de vous mettre \u00e0 la <a href=\"https:\/\/www.redacteur.com\/blog\/titres-captivants\/\">r\u00e9daction d\u2019un texte<\/a>, il est n\u00e9cessaire d\u2019\u00e9laborer un plan. Celui-ci vous permet d\u2019ordonner vos id\u00e9es et vous aide \u00e0 partir dans le bon sens.<\/p>\n<p>Vous \u00eates s\u00fbr de captiver votre audience du d\u00e9but \u00e0 la fin et de vous d\u00e9barrasser d\u2019informations inutiles.\u00a0Pour cr\u00e9er un plan efficace, qui correspond \u00e0 votre audience et vos objectifs, posez-vous ces 5 questions.<\/p>\n<p>&nbsp;<\/p>\n<h2>1. \u00c0 qui s&#8217;adresse cet article&nbsp;?<\/h2>\n<p>\u00c0 vos lecteurs oui, mais lesquels\u00a0? Avez-vous plusieurs <a href=\"https:\/\/www.redacteur.com\/blog\/personas-marketing\/\">types de persona<\/a>\u00a0? Si c\u2019est le cas, cette question est particuli\u00e8rement importante pour s\u00e9lectionner les informations \u00e0 transmettre, le ton \u00e0 adopter et les exemples \u00e0 int\u00e9grer.<\/p>\n<p><img decoding=\"async\" class=\"aligncenter size-full wp-image-18025\" src=\"https:\/\/www.redacteur.com\/blog\/wp-content\/uploads\/sites\/6\/2016\/10\/persona-e1575986991948.png\" alt=\"\" width=\"700\" height=\"459\" srcset=\"https:\/\/www.redacteur.com\/blog\/wp-content\/uploads\/sites\/6\/2016\/10\/persona-e1575986991948.png 700w, https:\/\/www.redacteur.com\/blog\/wp-content\/uploads\/sites\/6\/2016\/10\/persona-e1575986991948-300x197.png 300w, https:\/\/www.redacteur.com\/blog\/wp-content\/uploads\/sites\/6\/2016\/10\/persona-e1575986991948-60x39.png 60w, https:\/\/www.redacteur.com\/blog\/wp-content\/uploads\/sites\/6\/2016\/10\/persona-e1575986991948-370x243.png 370w, https:\/\/www.redacteur.com\/blog\/wp-content\/uploads\/sites\/6\/2016\/10\/persona-e1575986991948-270x177.png 270w, https:\/\/www.redacteur.com\/blog\/wp-content\/uploads\/sites\/6\/2016\/10\/persona-e1575986991948-570x374.png 570w\" sizes=\"(max-width: 700px) 100vw, 700px\" \/><\/p>\n<p>En effet, vous ne communiquerez pas de la m\u00eame mani\u00e8re envers des professionnels, qu\u2019envers des particuliers. Vous ne direz pas la m\u00eame chose \u00e0 un client qu\u2019\u00e0 un prospect.<\/p>\n<p>Vous r\u00e9digerez une <a href=\"https:\/\/www.redacteur.com\/blog\/redaction-web-5-conseils-rediger-introduction-percutante\/\" target=\"_blank\" rel=\"noopener noreferrer\">introduction<\/a> diff\u00e9rente selon si l\u2019article s\u2019adresse \u00e0 des experts de votre domaine ou des d\u00e9butants. De m\u00eame pour la conclusion, la question \u00e0 la fin sera diff\u00e9rente en fonction de votre cible.<\/p>\n<p>Bref, vous l\u2019avez compris, avant d\u2019attaquer la r\u00e9daction d\u2019un article, vous devez conna\u00eetre <strong>le profil du lecteur cibl\u00e9.<\/strong><\/p>\n<blockquote><p>\u00c0 lire aussi&nbsp;:\u00a0<a href=\"https:\/\/www.redacteur.com\/blog\/astuces-rediger-rapidement\/\">5 astuces pour r\u00e9diger plus rapidement<\/a><\/p><\/blockquote>\n<p>&nbsp;<\/p>\n<h2>2. Quelle est l&#8217;action \u00e0 d\u00e9clencher en fin d&#8217;article&nbsp;?<\/h2>\n<p>Une autre question primordiale concerne l\u2019objectif de votre article. Qu\u2019attendez-vous du lecteur\u00a0? Qu\u2019il partage l\u2019article sur les r\u00e9seaux sociaux\u00a0? Dans ce cas, le plan devra \u00eatre clair et simple\u00a0!<\/p>\n<p><img decoding=\"async\" class=\"aligncenter wp-image-13767\" src=\"https:\/\/www.redacteur.com\/blog\/wp-content\/uploads\/sites\/6\/2018\/09\/article-blog-partage.jpg\" alt=\"article de blog partag\u00e9\" width=\"530\" height=\"374\" srcset=\"https:\/\/www.redacteur.com\/blog\/wp-content\/uploads\/sites\/6\/2018\/09\/article-blog-partage.jpg 850w, https:\/\/www.redacteur.com\/blog\/wp-content\/uploads\/sites\/6\/2018\/09\/article-blog-partage-300x212.jpg 300w, https:\/\/www.redacteur.com\/blog\/wp-content\/uploads\/sites\/6\/2018\/09\/article-blog-partage-768x542.jpg 768w, https:\/\/www.redacteur.com\/blog\/wp-content\/uploads\/sites\/6\/2018\/09\/article-blog-partage-60x42.jpg 60w, https:\/\/www.redacteur.com\/blog\/wp-content\/uploads\/sites\/6\/2018\/09\/article-blog-partage-370x261.jpg 370w, https:\/\/www.redacteur.com\/blog\/wp-content\/uploads\/sites\/6\/2018\/09\/article-blog-partage-270x191.jpg 270w, https:\/\/www.redacteur.com\/blog\/wp-content\/uploads\/sites\/6\/2018\/09\/article-blog-partage-570x402.jpg 570w, https:\/\/www.redacteur.com\/blog\/wp-content\/uploads\/sites\/6\/2018\/09\/article-blog-partage-740x522.jpg 740w\" sizes=\"(max-width: 530px) 100vw, 530px\" \/><\/p>\n<p>Vous souhaitez que le lecteur souscrive \u00e0 une offre d\u2019essai\u00a0? La structure devra comporter des arguments et des motivations.<\/p>\n<p>Le<a href=\"https:\/\/www.redacteur.com\/blog\/redaction-web-6-astuces-ecrire-linternaute\/\" target=\"_blank\" rel=\"noopener noreferrer\"> call-to-action<\/a> plac\u00e9 en fin de lecture invitera \u00e0 <a href=\"https:\/\/www.redacteur.com\/blog\/10-conseils-ecrire-livre-blanc-efficace\/\">t\u00e9l\u00e9charger un livre blanc\u00a0<\/a>? Le plan devra aller crescendo dans la d\u00e9couverte, pour donner envie au lecteur d\u2019en savoir encore plus.<\/p>\n<p>&nbsp;<\/p>\n<h2>3. Quelles sont les informations les plus importantes&nbsp;?<\/h2>\n<p>Pour <strong>structurer votre r\u00e9daction<\/strong>, vous devez conna\u00eetre les \u00e9l\u00e9ments qui vont retenir l\u2019attention de l\u2019internaute.<\/p>\n<blockquote><p>Autrement dit, quelles sont les informations importantes de votre sujet, qui vont imm\u00e9diatement capter le lecteur \u00a0?<\/p><\/blockquote>\n<p>Lorsque vous avez r\u00e9pondu \u00e0 cette interrogation, il est recommand\u00e9 de les classer <strong>par ordre d\u2019importance.<\/strong><\/p>\n<p>&nbsp;<\/p>\n<h2>4. Quelles sont les informations les moins importantes&nbsp;?<\/h2>\n<p>Sur le web, les lecteurs sont souvent tr\u00e8s press\u00e9s et scannent les articles. Il est rare qu\u2019ils lisent vraiment en entier un texte et c\u2019est d\u2019autant plus vrai s\u2019ils surfent depuis un mobile.<\/p>\n<p>Par cons\u00e9quent, \u00e9laborer un plan de votre article \u00e9vite de partir dans tous les sens et de vouloir en dire trop. Parmi toutes les informations \u00e0 passer, mettez de c\u00f4t\u00e9 celles qui sont peu pertinentes. Elles ne servent \u00e0 rien et vont alourdir le texte.<\/p>\n<blockquote><p>\u00c0 lire aussi&nbsp;: <a href=\"https:\/\/www.redacteur.com\/blog\/seo-5-erreurs-a-ne-pas-faire-en-redaction-web\/\">SEO&nbsp;: 5 erreurs \u00e0 ne pas faire en r\u00e9daction web<\/a><\/p><\/blockquote>\n<p>&nbsp;<\/p>\n<h2>5. Quelle est l&#8217;information qui captivera le lecteur&nbsp;?<\/h2>\n<p>Cette question sert \u00e0 d\u00e9terminer le th\u00e8me autour duquel va tourner l\u2019article. Ce sujet doit \u00eatre mis en valeur dans votre structure pour \u00eatre pr\u00e9sent dans le titre principal et dans les sous-titres. En arrivant sur l\u2019article, le lecteur doit imm\u00e9diatement comprendre sur <strong>quel sujet il va se renseigner.<\/strong><\/p>\n<p><img decoding=\"async\" class=\"aligncenter size-full wp-image-17235\" src=\"https:\/\/www.redacteur.com\/blog\/wp-content\/uploads\/sites\/6\/2019\/09\/redacteur-blog-articles-seo.jpg\" alt=\"redacteur blog articles livres blanc\" width=\"650\" height=\"433\" srcset=\"https:\/\/www.redacteur.com\/blog\/wp-content\/uploads\/sites\/6\/2019\/09\/redacteur-blog-articles-seo.jpg 650w, https:\/\/www.redacteur.com\/blog\/wp-content\/uploads\/sites\/6\/2019\/09\/redacteur-blog-articles-seo-300x200.jpg 300w, https:\/\/www.redacteur.com\/blog\/wp-content\/uploads\/sites\/6\/2019\/09\/redacteur-blog-articles-seo-60x40.jpg 60w, https:\/\/www.redacteur.com\/blog\/wp-content\/uploads\/sites\/6\/2019\/09\/redacteur-blog-articles-seo-370x246.jpg 370w, https:\/\/www.redacteur.com\/blog\/wp-content\/uploads\/sites\/6\/2019\/09\/redacteur-blog-articles-seo-270x180.jpg 270w, https:\/\/www.redacteur.com\/blog\/wp-content\/uploads\/sites\/6\/2019\/09\/redacteur-blog-articles-seo-570x380.jpg 570w\" sizes=\"(max-width: 650px) 100vw, 650px\" \/><\/p>\n<p>Si votre travail<strong> d\u2019acquisition de trafic<\/strong> est correctement effectu\u00e9, vous allez attirer une cible qualifi\u00e9e sur votre article.<\/p>\n<p>Lui mentionner imm\u00e9diatement le th\u00e8me principal de l\u2019article va donc avoir un impact sur son attention et lui donner envie de lire le texte jusqu\u2019au bout, pour s\u2019exposer au call-to-action.<\/p>\n<p>&nbsp;<\/p>\n<p>Apr\u00e8s avoir r\u00e9pondu \u00e0 ces 5 questions, vous \u00eates en mesure de construire une structure coh\u00e9rente, qui incite \u00e0 la lecture. \u00c0 terme, ce rituel pr\u00e9-r\u00e9daction vous aide \u00e0 <a href=\"https:\/\/www.redacteur.com\/blog\/content-marketing-augmenter-trafic-site\/\" target=\"_blank\" rel=\"noopener noreferrer\">augmenter votre trafic<\/a>, l\u2019engagement sur vos articles et votre <a href=\"https:\/\/www.redacteur.com\/blog\/inbound-marketing-converti-clients\/\" target=\"_blank\" rel=\"noopener noreferrer\">taux de conversion.<\/a><\/p>\n<p>Maintenant que vous avez vos plans, utilisez <a href=\"\/\">Redacteur.com<\/a> pour commander vos textes.<\/p>\n","protected":false},"excerpt":{"rendered":"<p>Avant de vous mettre \u00e0 la r\u00e9daction d\u2019un texte, il est n\u00e9cessaire d\u2019\u00e9laborer un plan. Celui-ci vous permet d\u2019ordonner vos id\u00e9es et vous aide \u00e0 partir dans le bon sens. Vous \u00eates s\u00fbr de captiver votre audience du d\u00e9but \u00e0 la fin et de vous d\u00e9barrasser d\u2019informations inutiles.\u00a0Pour cr\u00e9er un plan efficace, qui correspond \u00e0 [&hellip;]<\/p>\n","protected":false},"author":1,"featured_media":18024,"comment_status":"open","ping_status":"open","sticky":false,"template":"","format":"standard","meta":{"_acf_changed":false,"inline_featured_image":false,"footnotes":""},"categories":[22],"tags":[],"class_list":["post-11564","post","type-post","status-publish","format-standard","has-post-thumbnail","hentry","category-blog"],"acf":[],"yoast_head":"<!-- This site is optimized with the Yoast SEO plugin v25.9 - https:\/\/yoast.com\/wordpress\/plugins\/seo\/ -->\n<title>5 questions \u00e0 se poser pour cr\u00e9er le plan d&#039;un article - Redacteur Blog<\/title>\n<meta name=\"description\" content=\"Avant de vous mettre \u00e0 la r\u00e9daction d\u2019un texte, il est n\u00e9cessaire d\u2019\u00e9laborer un plan. Celui-ci vous permet d\u2019ordonner vos id\u00e9es et vous aide \u00e0 partir dans\" \/>\n<meta name=\"robots\" content=\"index, follow, max-snippet:-1, max-image-preview:large, max-video-preview:-1\" \/>\n<link rel=\"canonical\" href=\"https:\/\/www.redacteur.com\/blog\/5-questions-a-se-poser-creer-plan-dun-article\/\" \/>\n<meta property=\"og:locale\" content=\"fr_FR\" \/>\n<meta property=\"og:type\" content=\"article\" \/>\n<meta property=\"og:title\" content=\"5 questions \u00e0 se poser pour cr\u00e9er le plan d&#039;un article - Redacteur Blog\" \/>\n<meta property=\"og:description\" content=\"Avant de vous mettre \u00e0 la r\u00e9daction d\u2019un texte, il est n\u00e9cessaire d\u2019\u00e9laborer un plan. Celui-ci vous permet d\u2019ordonner vos id\u00e9es et vous aide \u00e0 partir dans\" \/>\n<meta property=\"og:url\" content=\"https:\/\/www.redacteur.com\/blog\/5-questions-a-se-poser-creer-plan-dun-article\/\" \/>\n<meta property=\"og:site_name\" content=\"Redacteur.com\" \/>\n<meta property=\"article:publisher\" content=\"https:\/\/www.facebook.com\/redacteurcom\" \/>\n<meta property=\"article:published_time\" content=\"2019-12-20T09:00:12+00:00\" \/>\n<meta property=\"og:image\" content=\"https:\/\/www.redacteur.com\/blog\/wp-content\/uploads\/sites\/6\/2016\/10\/redacteur-blog-img-plan-article-question-a-se-poser.jpg\" \/>\n\t<meta property=\"og:image:width\" content=\"850\" \/>\n\t<meta property=\"og:image:height\" content=\"600\" \/>\n\t<meta property=\"og:image:type\" content=\"image\/jpeg\" \/>\n<meta name=\"author\" content=\"Laura Michaud\" \/>\n<meta name=\"twitter:card\" content=\"summary_large_image\" \/>\n<meta name=\"twitter:creator\" content=\"@Redacteurcom\" \/>\n<meta name=\"twitter:site\" content=\"@Redacteurcom\" \/>\n<meta name=\"twitter:label1\" content=\"\u00c9crit par\" \/>\n\t<meta name=\"twitter:data1\" content=\"Laura Michaud\" \/>\n\t<meta name=\"twitter:label2\" content=\"Dur\u00e9e de lecture estim\u00e9e\" \/>\n\t<meta name=\"twitter:data2\" content=\"3 minutes\" \/>\n<script type=\"application\/ld+json\" class=\"yoast-schema-graph\">{\"@context\":\"https:\/\/schema.org\",\"@graph\":[{\"@type\":\"Article\",\"@id\":\"https:\/\/www.redacteur.com\/blog\/5-questions-a-se-poser-creer-plan-dun-article\/#article\",\"isPartOf\":{\"@id\":\"https:\/\/www.redacteur.com\/blog\/5-questions-a-se-poser-creer-plan-dun-article\/\"},\"author\":{\"name\":\"Laura Michaud\",\"@id\":\"https:\/\/www.redacteur.com\/blog\/#\/schema\/person\/33c0ef04707fbe50a096f282050bb5f2\"},\"headline\":\"5 questions \u00e0 se poser pour cr\u00e9er le plan d&#8217;un article\",\"datePublished\":\"2019-12-20T09:00:12+00:00\",\"mainEntityOfPage\":{\"@id\":\"https:\/\/www.redacteur.com\/blog\/5-questions-a-se-poser-creer-plan-dun-article\/\"},\"wordCount\":662,\"commentCount\":0,\"publisher\":{\"@id\":\"https:\/\/www.redacteur.com\/blog\/#organization\"},\"image\":{\"@id\":\"https:\/\/www.redacteur.com\/blog\/5-questions-a-se-poser-creer-plan-dun-article\/#primaryimage\"},\"thumbnailUrl\":\"https:\/\/www.redacteur.com\/blog\/wp-content\/uploads\/sites\/6\/2016\/10\/redacteur-blog-img-plan-article-question-a-se-poser.jpg\",\"articleSection\":[\"Blog\"],\"inLanguage\":\"fr-FR\",\"potentialAction\":[{\"@type\":\"CommentAction\",\"name\":\"Comment\",\"target\":[\"https:\/\/www.redacteur.com\/blog\/5-questions-a-se-poser-creer-plan-dun-article\/#respond\"]}]},{\"@type\":\"WebPage\",\"@id\":\"https:\/\/www.redacteur.com\/blog\/5-questions-a-se-poser-creer-plan-dun-article\/\",\"url\":\"https:\/\/www.redacteur.com\/blog\/5-questions-a-se-poser-creer-plan-dun-article\/\",\"name\":\"5 questions \u00e0 se poser pour cr\u00e9er le plan d'un article - Redacteur Blog\",\"isPartOf\":{\"@id\":\"https:\/\/www.redacteur.com\/blog\/#website\"},\"primaryImageOfPage\":{\"@id\":\"https:\/\/www.redacteur.com\/blog\/5-questions-a-se-poser-creer-plan-dun-article\/#primaryimage\"},\"image\":{\"@id\":\"https:\/\/www.redacteur.com\/blog\/5-questions-a-se-poser-creer-plan-dun-article\/#primaryimage\"},\"thumbnailUrl\":\"https:\/\/www.redacteur.com\/blog\/wp-content\/uploads\/sites\/6\/2016\/10\/redacteur-blog-img-plan-article-question-a-se-poser.jpg\",\"datePublished\":\"2019-12-20T09:00:12+00:00\",\"description\":\"Avant de vous mettre \u00e0 la r\u00e9daction d\u2019un texte, il est n\u00e9cessaire d\u2019\u00e9laborer un plan. Celui-ci vous permet d\u2019ordonner vos id\u00e9es et vous aide \u00e0 partir dans\",\"breadcrumb\":{\"@id\":\"https:\/\/www.redacteur.com\/blog\/5-questions-a-se-poser-creer-plan-dun-article\/#breadcrumb\"},\"inLanguage\":\"fr-FR\",\"potentialAction\":[{\"@type\":\"ReadAction\",\"target\":[\"https:\/\/www.redacteur.com\/blog\/5-questions-a-se-poser-creer-plan-dun-article\/\"]}]},{\"@type\":\"ImageObject\",\"inLanguage\":\"fr-FR\",\"@id\":\"https:\/\/www.redacteur.com\/blog\/5-questions-a-se-poser-creer-plan-dun-article\/#primaryimage\",\"url\":\"https:\/\/www.redacteur.com\/blog\/wp-content\/uploads\/sites\/6\/2016\/10\/redacteur-blog-img-plan-article-question-a-se-poser.jpg\",\"contentUrl\":\"https:\/\/www.redacteur.com\/blog\/wp-content\/uploads\/sites\/6\/2016\/10\/redacteur-blog-img-plan-article-question-a-se-poser.jpg\",\"width\":850,\"height\":600},{\"@type\":\"BreadcrumbList\",\"@id\":\"https:\/\/www.redacteur.com\/blog\/5-questions-a-se-poser-creer-plan-dun-article\/#breadcrumb\",\"itemListElement\":[{\"@type\":\"ListItem\",\"position\":1,\"name\":\"Blog\",\"item\":\"https:\/\/www.redacteur.com\/blog\/\"},{\"@type\":\"ListItem\",\"position\":2,\"name\":\"Content marketing\",\"item\":\"https:\/\/www.redacteur.com\/blog\/contenu-web\/\"},{\"@type\":\"ListItem\",\"position\":3,\"name\":\"Blog\",\"item\":\"https:\/\/www.redacteur.com\/blog\/contenu-web\/blog\/\"},{\"@type\":\"ListItem\",\"position\":4,\"name\":\"5 questions \u00e0 se poser pour cr\u00e9er le plan d&#8217;un article\"}]},{\"@type\":\"WebSite\",\"@id\":\"https:\/\/www.redacteur.com\/blog\/#website\",\"url\":\"https:\/\/www.redacteur.com\/blog\/\",\"name\":\"Redacteur.com\",\"description\":\"redacteur\",\"publisher\":{\"@id\":\"https:\/\/www.redacteur.com\/blog\/#organization\"},\"potentialAction\":[{\"@type\":\"SearchAction\",\"target\":{\"@type\":\"EntryPoint\",\"urlTemplate\":\"https:\/\/www.redacteur.com\/blog\/?s={search_term_string}\"},\"query-input\":{\"@type\":\"PropertyValueSpecification\",\"valueRequired\":true,\"valueName\":\"search_term_string\"}}],\"inLanguage\":\"fr-FR\"},{\"@type\":\"Organization\",\"@id\":\"https:\/\/www.redacteur.com\/blog\/#organization\",\"name\":\"Redacteur.com\",\"url\":\"https:\/\/www.redacteur.com\/blog\/\",\"logo\":{\"@type\":\"ImageObject\",\"inLanguage\":\"fr-FR\",\"@id\":\"https:\/\/www.redacteur.com\/blog\/#\/schema\/logo\/image\/\",\"url\":\"https:\/\/www.redacteur.com\/blog\/wp-content\/uploads\/sites\/6\/2022\/10\/logo-redacteur-blog.svg\",\"contentUrl\":\"https:\/\/www.redacteur.com\/blog\/wp-content\/uploads\/sites\/6\/2022\/10\/logo-redacteur-blog.svg\",\"width\":1,\"height\":1,\"caption\":\"Redacteur.com\"},\"image\":{\"@id\":\"https:\/\/www.redacteur.com\/blog\/#\/schema\/logo\/image\/\"},\"sameAs\":[\"https:\/\/www.facebook.com\/redacteurcom\",\"https:\/\/x.com\/Redacteurcom\",\"https:\/\/www.linkedin.com\/company\/redacteur-com\",\"https:\/\/www.youtube.com\/channel\/UCgj9ySM9xy3gdL8qBafl9Uw\/\"]},{\"@type\":\"Person\",\"@id\":\"https:\/\/www.redacteur.com\/blog\/#\/schema\/person\/33c0ef04707fbe50a096f282050bb5f2\",\"name\":\"Laura Michaud\",\"image\":{\"@type\":\"ImageObject\",\"inLanguage\":\"fr-FR\",\"@id\":\"https:\/\/www.redacteur.com\/blog\/#\/schema\/person\/image\/\",\"url\":\"https:\/\/secure.gravatar.com\/avatar\/c3328cc0c887f98cec6b2979af3311ab6333fc7cc2d4847514cfec6a56fa08a7?s=96&d=mm&r=g\",\"contentUrl\":\"https:\/\/secure.gravatar.com\/avatar\/c3328cc0c887f98cec6b2979af3311ab6333fc7cc2d4847514cfec6a56fa08a7?s=96&d=mm&r=g\",\"caption\":\"Laura Michaud\"},\"description\":\"Laura connait tous les meilleurs outils pour g\u00e9rer des projets et une entreprise. Cr\u00e9ative, c'est aussi une sp\u00e9cialiste des outils de cr\u00e9ation graphique pour faire briller une entreprise.\",\"sameAs\":[\"https:\/\/www.linkedin.com\/in\/michaudlaura\/\"],\"url\":\"https:\/\/www.redacteur.com\/blog\/author\/laura\/\"}]}<\/script>\n<!-- \/ Yoast SEO plugin. -->","yoast_head_json":{"title":"5 questions \u00e0 se poser pour cr\u00e9er le plan d'un article - Redacteur Blog","description":"Avant de vous mettre \u00e0 la r\u00e9daction d\u2019un texte, il est n\u00e9cessaire d\u2019\u00e9laborer un plan. Celui-ci vous permet d\u2019ordonner vos id\u00e9es et vous aide \u00e0 partir dans","robots":{"index":"index","follow":"follow","max-snippet":"max-snippet:-1","max-image-preview":"max-image-preview:large","max-video-preview":"max-video-preview:-1"},"canonical":"https:\/\/www.redacteur.com\/blog\/5-questions-a-se-poser-creer-plan-dun-article\/","og_locale":"fr_FR","og_type":"article","og_title":"5 questions \u00e0 se poser pour cr\u00e9er le plan d'un article - Redacteur Blog","og_description":"Avant de vous mettre \u00e0 la r\u00e9daction d\u2019un texte, il est n\u00e9cessaire d\u2019\u00e9laborer un plan. Celui-ci vous permet d\u2019ordonner vos id\u00e9es et vous aide \u00e0 partir dans","og_url":"https:\/\/www.redacteur.com\/blog\/5-questions-a-se-poser-creer-plan-dun-article\/","og_site_name":"Redacteur.com","article_publisher":"https:\/\/www.facebook.com\/redacteurcom","article_published_time":"2019-12-20T09:00:12+00:00","og_image":[{"width":850,"height":600,"url":"https:\/\/www.redacteur.com\/blog\/wp-content\/uploads\/sites\/6\/2016\/10\/redacteur-blog-img-plan-article-question-a-se-poser.jpg","type":"image\/jpeg"}],"author":"Laura Michaud","twitter_card":"summary_large_image","twitter_creator":"@Redacteurcom","twitter_site":"@Redacteurcom","twitter_misc":{"\u00c9crit par":"Laura Michaud","Dur\u00e9e de lecture estim\u00e9e":"3 minutes"},"schema":{"@context":"https:\/\/schema.org","@graph":[{"@type":"Article","@id":"https:\/\/www.redacteur.com\/blog\/5-questions-a-se-poser-creer-plan-dun-article\/#article","isPartOf":{"@id":"https:\/\/www.redacteur.com\/blog\/5-questions-a-se-poser-creer-plan-dun-article\/"},"author":{"name":"Laura Michaud","@id":"https:\/\/www.redacteur.com\/blog\/#\/schema\/person\/33c0ef04707fbe50a096f282050bb5f2"},"headline":"5 questions \u00e0 se poser pour cr\u00e9er le plan d&#8217;un article","datePublished":"2019-12-20T09:00:12+00:00","mainEntityOfPage":{"@id":"https:\/\/www.redacteur.com\/blog\/5-questions-a-se-poser-creer-plan-dun-article\/"},"wordCount":662,"commentCount":0,"publisher":{"@id":"https:\/\/www.redacteur.com\/blog\/#organization"},"image":{"@id":"https:\/\/www.redacteur.com\/blog\/5-questions-a-se-poser-creer-plan-dun-article\/#primaryimage"},"thumbnailUrl":"https:\/\/www.redacteur.com\/blog\/wp-content\/uploads\/sites\/6\/2016\/10\/redacteur-blog-img-plan-article-question-a-se-poser.jpg","articleSection":["Blog"],"inLanguage":"fr-FR","potentialAction":[{"@type":"CommentAction","name":"Comment","target":["https:\/\/www.redacteur.com\/blog\/5-questions-a-se-poser-creer-plan-dun-article\/#respond"]}]},{"@type":"WebPage","@id":"https:\/\/www.redacteur.com\/blog\/5-questions-a-se-poser-creer-plan-dun-article\/","url":"https:\/\/www.redacteur.com\/blog\/5-questions-a-se-poser-creer-plan-dun-article\/","name":"5 questions \u00e0 se poser pour cr\u00e9er le plan d'un article - Redacteur Blog","isPartOf":{"@id":"https:\/\/www.redacteur.com\/blog\/#website"},"primaryImageOfPage":{"@id":"https:\/\/www.redacteur.com\/blog\/5-questions-a-se-poser-creer-plan-dun-article\/#primaryimage"},"image":{"@id":"https:\/\/www.redacteur.com\/blog\/5-questions-a-se-poser-creer-plan-dun-article\/#primaryimage"},"thumbnailUrl":"https:\/\/www.redacteur.com\/blog\/wp-content\/uploads\/sites\/6\/2016\/10\/redacteur-blog-img-plan-article-question-a-se-poser.jpg","datePublished":"2019-12-20T09:00:12+00:00","description":"Avant de vous mettre \u00e0 la r\u00e9daction d\u2019un texte, il est n\u00e9cessaire d\u2019\u00e9laborer un plan. Celui-ci vous permet d\u2019ordonner vos id\u00e9es et vous aide \u00e0 partir dans","breadcrumb":{"@id":"https:\/\/www.redacteur.com\/blog\/5-questions-a-se-poser-creer-plan-dun-article\/#breadcrumb"},"inLanguage":"fr-FR","potentialAction":[{"@type":"ReadAction","target":["https:\/\/www.redacteur.com\/blog\/5-questions-a-se-poser-creer-plan-dun-article\/"]}]},{"@type":"ImageObject","inLanguage":"fr-FR","@id":"https:\/\/www.redacteur.com\/blog\/5-questions-a-se-poser-creer-plan-dun-article\/#primaryimage","url":"https:\/\/www.redacteur.com\/blog\/wp-content\/uploads\/sites\/6\/2016\/10\/redacteur-blog-img-plan-article-question-a-se-poser.jpg","contentUrl":"https:\/\/www.redacteur.com\/blog\/wp-content\/uploads\/sites\/6\/2016\/10\/redacteur-blog-img-plan-article-question-a-se-poser.jpg","width":850,"height":600},{"@type":"BreadcrumbList","@id":"https:\/\/www.redacteur.com\/blog\/5-questions-a-se-poser-creer-plan-dun-article\/#breadcrumb","itemListElement":[{"@type":"ListItem","position":1,"name":"Blog","item":"https:\/\/www.redacteur.com\/blog\/"},{"@type":"ListItem","position":2,"name":"Content marketing","item":"https:\/\/www.redacteur.com\/blog\/contenu-web\/"},{"@type":"ListItem","position":3,"name":"Blog","item":"https:\/\/www.redacteur.com\/blog\/contenu-web\/blog\/"},{"@type":"ListItem","position":4,"name":"5 questions \u00e0 se poser pour cr\u00e9er le plan d&#8217;un article"}]},{"@type":"WebSite","@id":"https:\/\/www.redacteur.com\/blog\/#website","url":"https:\/\/www.redacteur.com\/blog\/","name":"Redacteur.com","description":"redacteur","publisher":{"@id":"https:\/\/www.redacteur.com\/blog\/#organization"},"potentialAction":[{"@type":"SearchAction","target":{"@type":"EntryPoint","urlTemplate":"https:\/\/www.redacteur.com\/blog\/?s={search_term_string}"},"query-input":{"@type":"PropertyValueSpecification","valueRequired":true,"valueName":"search_term_string"}}],"inLanguage":"fr-FR"},{"@type":"Organization","@id":"https:\/\/www.redacteur.com\/blog\/#organization","name":"Redacteur.com","url":"https:\/\/www.redacteur.com\/blog\/","logo":{"@type":"ImageObject","inLanguage":"fr-FR","@id":"https:\/\/www.redacteur.com\/blog\/#\/schema\/logo\/image\/","url":"https:\/\/www.redacteur.com\/blog\/wp-content\/uploads\/sites\/6\/2022\/10\/logo-redacteur-blog.svg","contentUrl":"https:\/\/www.redacteur.com\/blog\/wp-content\/uploads\/sites\/6\/2022\/10\/logo-redacteur-blog.svg","width":1,"height":1,"caption":"Redacteur.com"},"image":{"@id":"https:\/\/www.redacteur.com\/blog\/#\/schema\/logo\/image\/"},"sameAs":["https:\/\/www.facebook.com\/redacteurcom","https:\/\/x.com\/Redacteurcom","https:\/\/www.linkedin.com\/company\/redacteur-com","https:\/\/www.youtube.com\/channel\/UCgj9ySM9xy3gdL8qBafl9Uw\/"]},{"@type":"Person","@id":"https:\/\/www.redacteur.com\/blog\/#\/schema\/person\/33c0ef04707fbe50a096f282050bb5f2","name":"Laura Michaud","image":{"@type":"ImageObject","inLanguage":"fr-FR","@id":"https:\/\/www.redacteur.com\/blog\/#\/schema\/person\/image\/","url":"https:\/\/secure.gravatar.com\/avatar\/c3328cc0c887f98cec6b2979af3311ab6333fc7cc2d4847514cfec6a56fa08a7?s=96&d=mm&r=g","contentUrl":"https:\/\/secure.gravatar.com\/avatar\/c3328cc0c887f98cec6b2979af3311ab6333fc7cc2d4847514cfec6a56fa08a7?s=96&d=mm&r=g","caption":"Laura Michaud"},"description":"Laura connait tous les meilleurs outils pour g\u00e9rer des projets et une entreprise. Cr\u00e9ative, c'est aussi une sp\u00e9cialiste des outils de cr\u00e9ation graphique pour faire briller une entreprise.","sameAs":["https:\/\/www.linkedin.com\/in\/michaudlaura\/"],"url":"https:\/\/www.redacteur.com\/blog\/author\/laura\/"}]}},"_links":{"self":[{"href":"https:\/\/www.redacteur.com\/blog\/wp-json\/wp\/v2\/posts\/11564","targetHints":{"allow":["GET"]}}],"collection":[{"href":"https:\/\/www.redacteur.com\/blog\/wp-json\/wp\/v2\/posts"}],"about":[{"href":"https:\/\/www.redacteur.com\/blog\/wp-json\/wp\/v2\/types\/post"}],"author":[{"embeddable":true,"href":"https:\/\/www.redacteur.com\/blog\/wp-json\/wp\/v2\/users\/1"}],"replies":[{"embeddable":true,"href":"https:\/\/www.redacteur.com\/blog\/wp-json\/wp\/v2\/comments?post=11564"}],"version-history":[{"count":0,"href":"https:\/\/www.redacteur.com\/blog\/wp-json\/wp\/v2\/posts\/11564\/revisions"}],"wp:featuredmedia":[{"embeddable":true,"href":"https:\/\/www.redacteur.com\/blog\/wp-json\/wp\/v2\/media\/18024"}],"wp:attachment":[{"href":"https:\/\/www.redacteur.com\/blog\/wp-json\/wp\/v2\/media?parent=11564"}],"wp:term":[{"taxonomy":"category","embeddable":true,"href":"https:\/\/www.redacteur.com\/blog\/wp-json\/wp\/v2\/categories?post=11564"},{"taxonomy":"post_tag","embeddable":true,"href":"https:\/\/www.redacteur.com\/blog\/wp-json\/wp\/v2\/tags?post=11564"}],"curies":[{"name":"wp","href":"https:\/\/api.w.org\/{rel}","templated":true}]}}