{"id":12194,"date":"2025-09-02T10:50:00","date_gmt":"2025-09-02T08:50:00","guid":{"rendered":"https:\/\/www.redacteur.com\/blog\/?p=12194"},"modified":"2025-09-02T10:50:00","modified_gmt":"2025-09-02T08:50:00","slug":"guide-image-article-blog","status":"publish","type":"post","link":"https:\/\/www.redacteur.com\/blog\/guide-image-article-blog\/","title":{"rendered":"Optimiser l&#8217;utilisation des images dans un article de blog"},"content":{"rendered":"<p>Vous avez le projet d\u2019utiliser des images dans vos articles de blog&nbsp;? Excellente id\u00e9e&nbsp;! Les images sont aujourd&#8217;hui le moyen le plus efficace pour faire passer une information. C&#8217;est aussi un tr\u00e8s bon moyen pour a\u00e9rer votre texte, lorsque celui-ci est trop important.<\/p>\n<p>M\u00eame si les images ne peuvent pas remplacer un texte impactant et parfaitement r\u00e9dig\u00e9, elles ne peuvent que l&#8217;embellir davantage. Mais alors, comment utiliser efficacement les images dans vos posts de blog&nbsp;?<\/p>\n<p>Qu&#8217;il s&#8217;agisse de photographies, de cr\u00e9ations graphiques originales, de <a href=\"https:\/\/nuagedemots.co\/\" target=\"_blank\" rel=\"noopener noreferrer\">nuages de mots<\/a> ou autres, voici 10 bonnes pratiques \u00e0 conna\u00eetre et \u00e0 reproduire d&#8217;urgence.<\/p>\n<h2>1. Utilisez les images pour structurer le texte<\/h2>\n<p>L&#8217;utilisation des sauts de ligne et des sous-titres est le b.a.-ba de la r\u00e9daction d&#8217;un texte a\u00e9r\u00e9 et bien structur\u00e9.<\/p>\n<p>Les sauts de lignes, alin\u00e9as et sous-titres syst\u00e9matiques pour les longs paragraphes (on pr\u00e9conise en g\u00e9n\u00e9ral un sous-titre obligatoire au-del\u00e0 de 300 mots en un seul bloc) participent bien s\u00fbr \u00e0 la structuration logique de votre article\u00a0: ils soulignent efficacement la d\u00e9marche de votre r\u00e9flexion.<\/p>\n<p>Mais force est de constater qu\u2019ils remplissent aussi un r\u00f4le moins objectif mais tout aussi important\u00a0: les sauts de ligne, alin\u00e9as et sous-titres ont pour raison d\u2019\u00eatre de faire respirer le texte, d\u2019y inclure des pauses, comme les silences et les soupirs en musique, si n\u00e9cessaires pour faire ressortir la m\u00e9lodie. Les images peuvent \u00e0 leur tour jouer brillamment ce r\u00f4le de \u00ab\u00a0respirations\u00a0\u00bb.<\/p>\n<p><img decoding=\"async\" class=\"wp-image-36775 aligncenter\" src=\"https:\/\/www.redacteur.com\/blog\/wp-content\/uploads\/sites\/6\/2022\/03\/Capture-decran-2023-04-04-a-14.09.13.png\" alt=\"\" width=\"522\" height=\"674\" srcset=\"https:\/\/www.redacteur.com\/blog\/wp-content\/uploads\/sites\/6\/2022\/03\/Capture-decran-2023-04-04-a-14.09.13.png 1078w, https:\/\/www.redacteur.com\/blog\/wp-content\/uploads\/sites\/6\/2022\/03\/Capture-decran-2023-04-04-a-14.09.13-232x300.png 232w, https:\/\/www.redacteur.com\/blog\/wp-content\/uploads\/sites\/6\/2022\/03\/Capture-decran-2023-04-04-a-14.09.13-793x1024.png 793w, https:\/\/www.redacteur.com\/blog\/wp-content\/uploads\/sites\/6\/2022\/03\/Capture-decran-2023-04-04-a-14.09.13-768x992.png 768w, https:\/\/www.redacteur.com\/blog\/wp-content\/uploads\/sites\/6\/2022\/03\/Capture-decran-2023-04-04-a-14.09.13-46x60.png 46w, https:\/\/www.redacteur.com\/blog\/wp-content\/uploads\/sites\/6\/2022\/03\/Capture-decran-2023-04-04-a-14.09.13-370x478.png 370w, https:\/\/www.redacteur.com\/blog\/wp-content\/uploads\/sites\/6\/2022\/03\/Capture-decran-2023-04-04-a-14.09.13-270x349.png 270w, https:\/\/www.redacteur.com\/blog\/wp-content\/uploads\/sites\/6\/2022\/03\/Capture-decran-2023-04-04-a-14.09.13-570x736.png 570w, https:\/\/www.redacteur.com\/blog\/wp-content\/uploads\/sites\/6\/2022\/03\/Capture-decran-2023-04-04-a-14.09.13-740x956.png 740w\" sizes=\"(max-width: 522px) 100vw, 522px\" \/><\/p>\n<p>En effet, en pla\u00e7ant vos images strat\u00e9giquement, vous pouvez \u00ab\u00a0rythmer\u00a0\u00bb votre texte et le rendre plus agr\u00e9able.<\/p>\n<p>Pour la fonction de connecteur logique, elles peuvent par exemple servir de transition entre deux sections. Pour la fonction d\u2019agr\u00e9ment de la lecture, les images renforcent le caract\u00e8re immersif de l\u2019univers que vous cherchez \u00e0 d\u00e9peindre.<\/p>\n<p>\u00ab\u00a0Captiv\u00e9s\u00a0\u00bb dans un univers, les internautes ont ainsi plus tendance \u00e0 y rester, vu qu\u2019en plus de leur cerveau analytique (n\u00e9cessaire \u00e0 la lecture textuelle), leur cerveau \u00e9motionnel est sollicit\u00e9 par votre article de blog.<\/p>\n<blockquote><p>\u00c0 lire aussi&nbsp;: <a href=\"https:\/\/www.redacteur.com\/blog\/augmenter-duree-session-visiteurs\/\">SEO&nbsp;: 10 astuces pour augmenter la dur\u00e9e de session de vos visiteurs<\/a><\/p><\/blockquote>\n<h2>2. Faites des captures d&#8217;\u00e9cran<\/h2>\n<p>Les captures d&#8217;\u00e9cran sont un moyen simple, rapide et tr\u00e8s parlant d&#8217;illustrer vos propos.<\/p>\n<p><img decoding=\"async\" class=\"aligncenter wp-image-36776 size-full\" src=\"https:\/\/www.redacteur.com\/blog\/wp-content\/uploads\/sites\/6\/2022\/03\/Capture-decran-2023-04-04-a-14.11.07-e1680610318576.png\" alt=\"\" width=\"2099\" height=\"1529\" srcset=\"https:\/\/www.redacteur.com\/blog\/wp-content\/uploads\/sites\/6\/2022\/03\/Capture-decran-2023-04-04-a-14.11.07-e1680610318576.png 2099w, https:\/\/www.redacteur.com\/blog\/wp-content\/uploads\/sites\/6\/2022\/03\/Capture-decran-2023-04-04-a-14.11.07-e1680610318576-300x219.png 300w, https:\/\/www.redacteur.com\/blog\/wp-content\/uploads\/sites\/6\/2022\/03\/Capture-decran-2023-04-04-a-14.11.07-e1680610318576-1024x746.png 1024w, https:\/\/www.redacteur.com\/blog\/wp-content\/uploads\/sites\/6\/2022\/03\/Capture-decran-2023-04-04-a-14.11.07-e1680610318576-768x559.png 768w, https:\/\/www.redacteur.com\/blog\/wp-content\/uploads\/sites\/6\/2022\/03\/Capture-decran-2023-04-04-a-14.11.07-e1680610318576-1536x1119.png 1536w, https:\/\/www.redacteur.com\/blog\/wp-content\/uploads\/sites\/6\/2022\/03\/Capture-decran-2023-04-04-a-14.11.07-e1680610318576-2048x1492.png 2048w, https:\/\/www.redacteur.com\/blog\/wp-content\/uploads\/sites\/6\/2022\/03\/Capture-decran-2023-04-04-a-14.11.07-e1680610318576-60x44.png 60w, https:\/\/www.redacteur.com\/blog\/wp-content\/uploads\/sites\/6\/2022\/03\/Capture-decran-2023-04-04-a-14.11.07-e1680610318576-370x270.png 370w, https:\/\/www.redacteur.com\/blog\/wp-content\/uploads\/sites\/6\/2022\/03\/Capture-decran-2023-04-04-a-14.11.07-e1680610318576-270x197.png 270w, https:\/\/www.redacteur.com\/blog\/wp-content\/uploads\/sites\/6\/2022\/03\/Capture-decran-2023-04-04-a-14.11.07-e1680610318576-570x415.png 570w, https:\/\/www.redacteur.com\/blog\/wp-content\/uploads\/sites\/6\/2022\/03\/Capture-decran-2023-04-04-a-14.11.07-e1680610318576-740x539.png 740w\" sizes=\"(max-width: 2099px) 100vw, 2099px\" \/><\/p>\n<p>Par exemple, si vous mentionnez un site ou un service en ligne dans votre article, une capture d&#8217;\u00e9cran de la page d&#8217;accueil fera une illustration efficace. Ainsi, votre lecteur s\u2019y projettera automatiquement, comme s\u2019il s\u2019\u00e9tait d\u00e9j\u00e0 rendu sur le site en question.<\/p>\n<p>Si vous faites la capture d\u2019\u00e9cran d\u2019une page d\u2019accueil bien fournie affichant clairement des avis clients \u00e9logieux, une photo de l\u2019\u00e9quipe et une proposition de rappel automatique, cela sera tr\u00e8s parlant pour votre lecteur.<\/p>\n<p>Ce sera une preuve qui appuiera avantageusement votre description textuelle&nbsp;: l\u2019adage \u00ab une image vaut mille mots \u00bb a encore de beaux jours devant lui \u00e0 l\u2019heure d\u2019internet&nbsp;!<\/p>\n<blockquote><p>\u00c0 lire aussi&nbsp;: <a href=\"https:\/\/graphiste.com\/blog\/outils-reduire-poids-fichiers-images\" target=\"_blank\" rel=\"noopener noreferrer\">5 outils pour r\u00e9duire le poids de vos fichiers et images rapidement<\/a><\/p><\/blockquote>\n<h2>3. Utilisez des images de bonne qualit\u00e9<\/h2>\n<p>Imaginez&nbsp;: vous tapez une recherche quelconque sur Google. Parmi les r\u00e9sultats se trouve un article de blog qui semble fort int\u00e9ressant.<\/p>\n<p>Vous d\u00e9cidez donc de cliquer. C&#8217;est alors que vous tombez nez \u00e0 nez avec ceci&nbsp;:<\/p>\n<p><img decoding=\"async\" class=\"aligncenter size-full wp-image-12197\" src=\"https:\/\/www.redacteur.com\/blog\/wp-content\/uploads\/sites\/6\/2017\/09\/image-flou-blog-e1506517990905.jpg\" alt=\"Inclure des images de qualit\u00e9 sur son blog\" width=\"550\" height=\"365\" srcset=\"https:\/\/www.redacteur.com\/blog\/wp-content\/uploads\/sites\/6\/2017\/09\/image-flou-blog-e1506517990905.jpg 550w, https:\/\/www.redacteur.com\/blog\/wp-content\/uploads\/sites\/6\/2017\/09\/image-flou-blog-e1506517990905-300x199.jpg 300w, https:\/\/www.redacteur.com\/blog\/wp-content\/uploads\/sites\/6\/2017\/09\/image-flou-blog-e1506517990905-60x40.jpg 60w, https:\/\/www.redacteur.com\/blog\/wp-content\/uploads\/sites\/6\/2017\/09\/image-flou-blog-e1506517990905-370x246.jpg 370w, https:\/\/www.redacteur.com\/blog\/wp-content\/uploads\/sites\/6\/2017\/09\/image-flou-blog-e1506517990905-270x179.jpg 270w\" sizes=\"(max-width: 550px) 100vw, 550px\" \/><\/p>\n<p>Quelle que soit la qualit\u00e9 de l&#8217;article, une image pixelis\u00e9e ou floue aura vite fait de vous refroidir, voire de vous faire fuir (m\u00eame si c&#8217;est une photo de chat).<\/p>\n<p>Ne reproduisez donc pas cette erreur sur votre propre blog et prenez garde \u00e0 la qualit\u00e9 et \u00e0 la lisibilit\u00e9 de <a href=\"https:\/\/www.redacteur.com\/blog\/strategie-contenu-integrer-visuels\/\">vos visuels<\/a>.<\/p>\n<p>De plus en plus de requ\u00eates passent directement par \u00ab\u00a0<a href=\"https:\/\/www.redacteur.com\/blog\/referencer-image-sur-google\/\">recherche Google Images<\/a>\u00a0\u00bb\u00a0: ainsi, la qualit\u00e9 de l\u2019image que vous choisirez pour votre blog rev\u00eat une importance capitale puisqu\u2019elle est comme une carte de visite, la premi\u00e8re impression que vous laisserez \u00e0 votre lecteur.<\/p>\n<blockquote><p>\u00c0 lire aussi&nbsp;: <a href=\"https:\/\/graphiste.com\/blog\/retoucher-ameliorer-image\" target=\"_blank\" rel=\"noopener noreferrer\">7 tactiques incontournables pour am\u00e9liorer vos images<\/a><\/p><\/blockquote>\n<h2>4. Attention aux sens de lecture<\/h2>\n<p><strong>Que regarde t-on en premier dans une image&nbsp;?<\/strong> Et bien votre cerveau va d&#8217;abord chercher \u00e0 identifier une figure humaine ou un \u00eatre vivant. Plus une personne sera situ\u00e9e \u00e0 droite ou \u00e0 gauche de l&#8217;image plus le sens de lecture va se modifier.<\/p>\n<p><img decoding=\"async\" class=\"aligncenter size-full wp-image-21612\" src=\"https:\/\/www.redacteur.com\/blog\/wp-content\/uploads\/sites\/6\/2017\/09\/Sens-de-lecture-photo-02-e1595857212738.jpg\" alt=\"\" width=\"650\" height=\"433\" srcset=\"https:\/\/www.redacteur.com\/blog\/wp-content\/uploads\/sites\/6\/2017\/09\/Sens-de-lecture-photo-02-e1595857212738.jpg 650w, https:\/\/www.redacteur.com\/blog\/wp-content\/uploads\/sites\/6\/2017\/09\/Sens-de-lecture-photo-02-e1595857212738-300x200.jpg 300w, https:\/\/www.redacteur.com\/blog\/wp-content\/uploads\/sites\/6\/2017\/09\/Sens-de-lecture-photo-02-e1595857212738-60x40.jpg 60w, https:\/\/www.redacteur.com\/blog\/wp-content\/uploads\/sites\/6\/2017\/09\/Sens-de-lecture-photo-02-e1595857212738-370x246.jpg 370w, https:\/\/www.redacteur.com\/blog\/wp-content\/uploads\/sites\/6\/2017\/09\/Sens-de-lecture-photo-02-e1595857212738-270x180.jpg 270w, https:\/\/www.redacteur.com\/blog\/wp-content\/uploads\/sites\/6\/2017\/09\/Sens-de-lecture-photo-02-e1595857212738-570x380.jpg 570w\" sizes=\"(max-width: 650px) 100vw, 650px\" \/><\/p>\n<p>Le sens et l&#8217;emplacement de votre sujet principal sont \u00e0 prendre en compte lors de l&#8217;int\u00e9gration de votre article. Attention \u00e0 ne pas faire de contresens malheureux&nbsp;!<\/p>\n<p>Le bon sens suffit le plus souvent\u00a0pour l\u2019\u00e9viter&nbsp;: une fois l\u2019image int\u00e9gr\u00e9e, relisez votre article avec un \u0153il neuf, comme si vous le d\u00e9couvriez, afin de v\u00e9rifier que la photo choisie renforce le sens de votre article et ne s\u00e8me pas le doute sur son contenu.<\/p>\n<p>Si l\u2019image choisie et le sujet de l\u2019article de blog sont particuli\u00e8rement complexes, il peut \u00eatre utile de mobiliser quelques notions de lecture d\u2019images issues de l\u2019histoire de l\u2019art, comme l\u2019identification de la perspective choisie, ou encore la d\u00e9termination du point de fuite d\u2019une image (la direction puis le point focal vers lesquels notre \u0153il est attir\u00e9 de par la composition d\u2019un tableau ou d\u2019une photo).<\/p>\n<h2>5. Int\u00e9grez des publications de r\u00e9seaux sociaux<\/h2>\n<p>Les r\u00e9seaux sociaux sont une source presque in\u00e9puisable de visuels de qualit\u00e9.\u00a0Il vous suffit d&#8217;utiliser la fonctionnalit\u00e9 &#8220;Int\u00e9grer&#8221;, pr\u00e9sente sur la majorit\u00e9 des m\u00e9dias sociaux, pour inclure une publication dans votre article.<\/p>\n<p><img decoding=\"async\" class=\"aligncenter wp-image-36777 \" src=\"https:\/\/www.redacteur.com\/blog\/wp-content\/uploads\/sites\/6\/2022\/03\/Capture-decran-2023-04-04-a-14.14.38.png\" alt=\"\" width=\"539\" height=\"615\" srcset=\"https:\/\/www.redacteur.com\/blog\/wp-content\/uploads\/sites\/6\/2022\/03\/Capture-decran-2023-04-04-a-14.14.38.png 830w, https:\/\/www.redacteur.com\/blog\/wp-content\/uploads\/sites\/6\/2022\/03\/Capture-decran-2023-04-04-a-14.14.38-263x300.png 263w, https:\/\/www.redacteur.com\/blog\/wp-content\/uploads\/sites\/6\/2022\/03\/Capture-decran-2023-04-04-a-14.14.38-768x877.png 768w, https:\/\/www.redacteur.com\/blog\/wp-content\/uploads\/sites\/6\/2022\/03\/Capture-decran-2023-04-04-a-14.14.38-53x60.png 53w, https:\/\/www.redacteur.com\/blog\/wp-content\/uploads\/sites\/6\/2022\/03\/Capture-decran-2023-04-04-a-14.14.38-370x423.png 370w, https:\/\/www.redacteur.com\/blog\/wp-content\/uploads\/sites\/6\/2022\/03\/Capture-decran-2023-04-04-a-14.14.38-270x308.png 270w, https:\/\/www.redacteur.com\/blog\/wp-content\/uploads\/sites\/6\/2022\/03\/Capture-decran-2023-04-04-a-14.14.38-570x651.png 570w, https:\/\/www.redacteur.com\/blog\/wp-content\/uploads\/sites\/6\/2022\/03\/Capture-decran-2023-04-04-a-14.14.38-740x845.png 740w\" sizes=\"(max-width: 539px) 100vw, 539px\" \/><\/p>\n<p>Si les classiques Twitter et Facebook sont toujours efficaces, pensez \u00e9galement \u00e0 Pinterest, qui est une source intarissable d&#8217;images. Pensez \u00e9galement \u00e0 int\u00e9grer des <a href=\"https:\/\/www.redacteur.com\/blog\/seo-comment-se-referencer-sur-youtube\/\" target=\"_blank\" rel=\"noopener noreferrer\">vid\u00e9os Youtube<\/a> dans vos posts quand cela est pertinent.<\/p>\n<p>La dimension dynamique des vid\u00e9os est un atout non n\u00e9gligeable, capable de prendre le pas sur les images, qui prennent elles-m\u00eames le pas sur le texte.<\/p>\n<p>Toutefois, l\u00e0 encore, il faut veiller \u00e0 la qualit\u00e9 intrins\u00e8que des vid\u00e9os&nbsp;: on oublie les films en selfie approximatif, ou les reportages b\u00e2cl\u00e9s cam\u00e9ra \u00e0 l\u2019\u00e9paule sans montage. Veillez \u00e9galement \u00e0 leur pertinence absolue par rapport au contenu texte de votre article de blog.<\/p>\n<p>Vous aimez bien telle vid\u00e9o, elle est de bonne qualit\u00e9, mais elle ne colle pas tout \u00e0 fait au sujet de votre article\u00a0? Alors un conseil\u00a0: oubliez-la. La coh\u00e9rence globale de votre article de blog doit primer sur tout le reste.<\/p>\n<blockquote><p>\u00c0 lire aussi&nbsp;: <a href=\"https:\/\/www.redacteur.com\/blog\/strategie-contenu-integrer-visuels\/\" target=\"_blank\" rel=\"noopener noreferrer\">5 types de visuels \u00e0 int\u00e9grer \u00e0 votre strat\u00e9gie de contenu<\/a><\/p><\/blockquote>\n<h2>6. Humanisez vos visuels<\/h2>\n<p>Une &#8220;touche d&#8217;humain&#8221; est toujours tr\u00e8s appr\u00e9ci\u00e9e dans les visuels d&#8217;un blog.\u00a0<strong>Pourquoi&nbsp;?<\/strong><\/p>\n<p><img decoding=\"async\" class=\"wp-image-36779 size-full aligncenter\" src=\"https:\/\/www.redacteur.com\/blog\/wp-content\/uploads\/sites\/6\/2022\/03\/Capture-decran-2023-04-04-a-14.18.01.png\" alt=\"\" width=\"1160\" height=\"1182\" srcset=\"https:\/\/www.redacteur.com\/blog\/wp-content\/uploads\/sites\/6\/2022\/03\/Capture-decran-2023-04-04-a-14.18.01.png 1160w, https:\/\/www.redacteur.com\/blog\/wp-content\/uploads\/sites\/6\/2022\/03\/Capture-decran-2023-04-04-a-14.18.01-294x300.png 294w, https:\/\/www.redacteur.com\/blog\/wp-content\/uploads\/sites\/6\/2022\/03\/Capture-decran-2023-04-04-a-14.18.01-1005x1024.png 1005w, https:\/\/www.redacteur.com\/blog\/wp-content\/uploads\/sites\/6\/2022\/03\/Capture-decran-2023-04-04-a-14.18.01-768x783.png 768w, https:\/\/www.redacteur.com\/blog\/wp-content\/uploads\/sites\/6\/2022\/03\/Capture-decran-2023-04-04-a-14.18.01-60x60.png 60w, https:\/\/www.redacteur.com\/blog\/wp-content\/uploads\/sites\/6\/2022\/03\/Capture-decran-2023-04-04-a-14.18.01-370x377.png 370w, https:\/\/www.redacteur.com\/blog\/wp-content\/uploads\/sites\/6\/2022\/03\/Capture-decran-2023-04-04-a-14.18.01-270x275.png 270w, https:\/\/www.redacteur.com\/blog\/wp-content\/uploads\/sites\/6\/2022\/03\/Capture-decran-2023-04-04-a-14.18.01-570x581.png 570w, https:\/\/www.redacteur.com\/blog\/wp-content\/uploads\/sites\/6\/2022\/03\/Capture-decran-2023-04-04-a-14.18.01-740x754.png 740w\" sizes=\"(max-width: 1160px) 100vw, 1160px\" \/><\/p>\n<p>Parce que les visages humains attirent naturellement notre regard, mais aussi parce qu&#8217;ils nous permettent de nous identifier \u00e0 ce que l&#8217;on est en train de nous raconter. Cela permet de cr\u00e9er une certaine proximit\u00e9 entre le lecteur et l&#8217;auteur (et de montrer qu&#8217;il y a bien un \u00eatre humain qui se cache derri\u00e8re chaque article).<\/p>\n<p>Cette humanisation cr\u00e9e d\u2019embl\u00e9e une certaine chaleur dans la relation avec votre lecteur, et c\u2019est pr\u00e9cieux car c\u2019est pr\u00e9cis\u00e9ment ce qui manque dans la communication par internet, qu\u2019on taxe volontiers d\u2019impersonnelle.<\/p>\n<blockquote><p>\u00c0 lire aussi&nbsp;: <a href=\"https:\/\/www.redacteur.com\/blog\/4-conseils-humaniser-contenu-communication\/\">4 conseils pour humaniser le contenu de votre communication<\/a><\/p><\/blockquote>\n<h2>7. Optimisez la taille de vos images<\/h2>\n<p>Lorsque vous t\u00e9l\u00e9chargez une photo sur internet, il peut arriver que vous vous retrouviez avec une image mesurant quelque chose comme 2750 x 1569 pixels <em>(voire beaucoup plus).<\/em><\/p>\n<p>Rien ne vous emp\u00eache d&#8217;uploader directement ces images sur votre blog. Ce qui ne veut pas dire que vous devriez le faire&#8230;\u00a0Sur la plupart des sites et blogs, il est parfaitement inutile de disposer d&#8217;images avec une r\u00e9solution aussi \u00e9lev\u00e9e.<\/p>\n<p>\u00c0 moins que vous ne soyez photographe et que vous souhaitiez exposer vos cr\u00e9ations avec une qualit\u00e9 tr\u00e8s \u00e9lev\u00e9e, prenez l&#8217;habitude de redimensionner vos images.<\/p>\n<p><img decoding=\"async\" class=\"aligncenter size-full wp-image-12201\" src=\"https:\/\/www.redacteur.com\/blog\/wp-content\/uploads\/sites\/6\/2017\/09\/reduire-taille-image-blog.png\" alt=\"Redimensionner ses images de blog\" width=\"500\" height=\"364\" srcset=\"https:\/\/www.redacteur.com\/blog\/wp-content\/uploads\/sites\/6\/2017\/09\/reduire-taille-image-blog.png 500w, https:\/\/www.redacteur.com\/blog\/wp-content\/uploads\/sites\/6\/2017\/09\/reduire-taille-image-blog-300x218.png 300w, https:\/\/www.redacteur.com\/blog\/wp-content\/uploads\/sites\/6\/2017\/09\/reduire-taille-image-blog-60x44.png 60w, https:\/\/www.redacteur.com\/blog\/wp-content\/uploads\/sites\/6\/2017\/09\/reduire-taille-image-blog-370x269.png 370w, https:\/\/www.redacteur.com\/blog\/wp-content\/uploads\/sites\/6\/2017\/09\/reduire-taille-image-blog-270x197.png 270w\" sizes=\"(max-width: 500px) 100vw, 500px\" \/><\/p>\n<ul>\n<li>600 pixels de largeur sont g\u00e9n\u00e9ralement une taille appropri\u00e9e, mais il convient d&#8217;effectuer des tests sur votre site pour trouver le format id\u00e9al.<\/li>\n<li>En redimensionnant vos images, voire en les compressant apr\u00e8s coup, vous all\u00e9gerez consid\u00e9rablement vos articles, r\u00e9duisant leur temps de chargement&nbsp;: une bonne chose pour vos lecteurs et pour votre r\u00e9f\u00e9rencement naturel. Gardez \u00e0 l\u2019esprit qu\u2019un temps trop long de t\u00e9l\u00e9chargement, c\u2019est un internaute qui s\u2019impatiente\u2026 et qui va voir ailleurs.<\/li>\n<\/ul>\n<blockquote><p>\u00c0 lire aussi&nbsp;:\u00a0<a href=\"https:\/\/graphiste.com\/blog\/comment-optimiser-images-web\" target=\"_blank\" rel=\"noopener noreferrer\">Comment optimiser vos images pour le web&nbsp;?<\/a><\/p><\/blockquote>\n<h2>8. Respectez les droits d&#8217;auteur<\/h2>\n<p>Cela m\u00e9rite d&#8217;\u00eatre rappel\u00e9&nbsp;:\u00a0<strong>Tout n&#8217;est pas gratuit sur internet<\/strong>, \u00e0 commencer par les images.<\/p>\n<p><img decoding=\"async\" class=\"aligncenter size-full wp-image-16243\" src=\"https:\/\/www.redacteur.com\/blog\/wp-content\/uploads\/sites\/6\/2019\/05\/unsplash.jpg\" alt=\"\" width=\"600\" height=\"315\" srcset=\"https:\/\/www.redacteur.com\/blog\/wp-content\/uploads\/sites\/6\/2019\/05\/unsplash.jpg 600w, https:\/\/www.redacteur.com\/blog\/wp-content\/uploads\/sites\/6\/2019\/05\/unsplash-300x158.jpg 300w, https:\/\/www.redacteur.com\/blog\/wp-content\/uploads\/sites\/6\/2019\/05\/unsplash-60x32.jpg 60w, https:\/\/www.redacteur.com\/blog\/wp-content\/uploads\/sites\/6\/2019\/05\/unsplash-370x194.jpg 370w, https:\/\/www.redacteur.com\/blog\/wp-content\/uploads\/sites\/6\/2019\/05\/unsplash-270x142.jpg 270w, https:\/\/www.redacteur.com\/blog\/wp-content\/uploads\/sites\/6\/2019\/05\/unsplash-570x299.jpg 570w\" sizes=\"(max-width: 600px) 100vw, 600px\" \/><\/p>\n<p>Employer une photo sans l&#8217;accord de son auteur, c&#8217;est s&#8217;exposer \u00e0 de nombreuses complications (et notamment des poursuites judiciaires). Pour \u00e9viter cela, vous pouvez utiliser les astuces cit\u00e9es pr\u00e9c\u00e9demment, mais aussi des banques d&#8217;images gratuites et <a href=\"https:\/\/www.redacteur.com\/blog\/sites-photos-libres-droits\/\">libres de droits<\/a> comme <a href=\"https:\/\/www.pexels.com\" target=\"_blank\" rel=\"noopener noreferrer\">Pexels<\/a> ou <a href=\"https:\/\/pixabay.com\/\" target=\"_blank\" rel=\"noopener noreferrer\">Pixabay, <\/a>ou <a href=\"https:\/\/unsplash.com\" target=\"_blank\" rel=\"noopener noreferrer\">Unsplash<\/a>.<\/p>\n<p>Mais les sites de photographies gratuites ont leurs limites, et vous n&#8217;y trouverez pas toujours votre bonheur.<\/p>\n<p>Attention\u00a0: que les photos soient libres de droit ou non, il y appara\u00eet souvent la marque visible de son origine. Ce peut \u00eatre sous la forme d\u2019un logo en filigrane en plein milieu de l\u2019image, ou par une signature lat\u00e9rale.<\/p>\n<p>L\u2019effet d\u2019une int\u00e9gration d\u2019un logo en filigrane ou d\u2019une signature non voulue pourrait \u00eatre mauvais pour l\u2019image de votre blog&nbsp;: \u00e0 la fois parce que le rendu de la photo en serait alt\u00e9r\u00e9, mais aussi parce que cela montrerait \u00e0 votre insu que vous ne respectez pas les droits d\u2019auteur. De l\u00e0 \u00e0 ce qu\u2019un client potentiel se dise que vous ne respecterez pas non plus la confidentialit\u00e9 de leurs donn\u00e9es\u2026<\/p>\n<blockquote><p>Autre possibilit\u00e9&nbsp;: cr\u00e9er vos propres visuels \u00e0 l&#8217;aide d&#8217;un logiciel de cr\u00e9ation graphique.<\/p><\/blockquote>\n<blockquote><p>\u00c0 lire aussi&nbsp;: <a href=\"https:\/\/www.redacteur.com\/blog\/contenu-utiliser-efficacement-images\/\">Strat\u00e9gie de contenu&nbsp;: comment utiliser efficacement les images&nbsp;?<\/a><\/p><\/blockquote>\n<h2>9. Misez sur le potentiel \u00e9motionnel des images<\/h2>\n<p>Une image doit servir votre texte&nbsp;!<\/p>\n<p>Par exemple, la photographie d&#8217;une tasse de caf\u00e9 fumante d\u00e9clenchera bien plus l&#8217;envie chez un consommateur plut\u00f4t qu&#8217;un texte de description sans illustration.<\/p>\n<p><img decoding=\"async\" class=\"aligncenter size-full wp-image-21611\" src=\"https:\/\/www.redacteur.com\/blog\/wp-content\/uploads\/sites\/6\/2017\/09\/coffee-cafe-image-emotion.jpg\" alt=\"description image inspiration declancher l'envie\" width=\"650\" height=\"494\" srcset=\"https:\/\/www.redacteur.com\/blog\/wp-content\/uploads\/sites\/6\/2017\/09\/coffee-cafe-image-emotion.jpg 650w, https:\/\/www.redacteur.com\/blog\/wp-content\/uploads\/sites\/6\/2017\/09\/coffee-cafe-image-emotion-300x228.jpg 300w, https:\/\/www.redacteur.com\/blog\/wp-content\/uploads\/sites\/6\/2017\/09\/coffee-cafe-image-emotion-60x46.jpg 60w, https:\/\/www.redacteur.com\/blog\/wp-content\/uploads\/sites\/6\/2017\/09\/coffee-cafe-image-emotion-370x281.jpg 370w, https:\/\/www.redacteur.com\/blog\/wp-content\/uploads\/sites\/6\/2017\/09\/coffee-cafe-image-emotion-270x205.jpg 270w, https:\/\/www.redacteur.com\/blog\/wp-content\/uploads\/sites\/6\/2017\/09\/coffee-cafe-image-emotion-570x433.jpg 570w, https:\/\/www.redacteur.com\/blog\/wp-content\/uploads\/sites\/6\/2017\/09\/coffee-cafe-image-emotion-80x60.jpg 80w\" sizes=\"(max-width: 650px) 100vw, 650px\" \/><\/p>\n<p>Exploitez au maximum vos visuels en les mettant en avant&nbsp;: en grand sur\u00a0<a href=\"https:\/\/graphiste.com\/blog\/hero-header-webdesign\" target=\"_blank\" rel=\"noopener noreferrer\">vos pages d\u2019accueil<\/a> et dans vos landing pages. Et pensez aussi \u00e0 inclure de nombreux effets&nbsp;: <a href=\"https:\/\/graphiste.com\/blog\/web-design-comment-utiliser-effet-parallax\" target=\"_blank\" rel=\"noopener noreferrer\">l&#8217;effet parallax<\/a>\u00a0ou alors une animation&#8230;<\/p>\n<h2>10. Balisez vos images<\/h2>\n<p>Pour finir, voici une derni\u00e8re chose \u00e0 ne pas oublier. \u00c0 l\u2019heure o\u00f9 la recherche visuelle a pris une ampleur sans pr\u00e9c\u00e9dent, n\u2019oubliez pas d\u2019optimiser le contenu de vos images pour faire remonter vos articles dans les SERP.<\/p>\n<p><img decoding=\"async\" class=\"aligncenter wp-image-36780 size-full\" src=\"https:\/\/www.redacteur.com\/blog\/wp-content\/uploads\/sites\/6\/2022\/03\/img-article-e1680610994288.png\" alt=\"\" width=\"1024\" height=\"366\" srcset=\"https:\/\/www.redacteur.com\/blog\/wp-content\/uploads\/sites\/6\/2022\/03\/img-article-e1680610994288.png 1024w, https:\/\/www.redacteur.com\/blog\/wp-content\/uploads\/sites\/6\/2022\/03\/img-article-e1680610994288-300x107.png 300w, https:\/\/www.redacteur.com\/blog\/wp-content\/uploads\/sites\/6\/2022\/03\/img-article-e1680610994288-768x275.png 768w, https:\/\/www.redacteur.com\/blog\/wp-content\/uploads\/sites\/6\/2022\/03\/img-article-e1680610994288-60x21.png 60w, https:\/\/www.redacteur.com\/blog\/wp-content\/uploads\/sites\/6\/2022\/03\/img-article-e1680610994288-370x132.png 370w, https:\/\/www.redacteur.com\/blog\/wp-content\/uploads\/sites\/6\/2022\/03\/img-article-e1680610994288-270x97.png 270w, https:\/\/www.redacteur.com\/blog\/wp-content\/uploads\/sites\/6\/2022\/03\/img-article-e1680610994288-570x204.png 570w, https:\/\/www.redacteur.com\/blog\/wp-content\/uploads\/sites\/6\/2022\/03\/img-article-e1680610994288-740x264.png 740w\" sizes=\"(max-width: 1024px) 100vw, 1024px\" \/><\/p>\n<p>Pensez \u00e0 bien renommer vos fichiers et \u00e0 remplir la description et la balise alt de l\u2019image, en incluant si possible vos mots-cl\u00e9s.<\/p>\n<p>Ce sera d\u00e9j\u00e0 l\u2019occasion de v\u00e9rifier l\u2019ad\u00e9quation parfaite de vos images et du contenu texte de votre article de blog. Si vous peinez \u00e0 ins\u00e9rer les mots-cl\u00e9s du texte dans la description HTML d\u2019une image, c\u2019est certainement que cette image n\u2019est pas si pertinente que cela pour illustrer votre propos.<\/p>\n<p>L\u2019int\u00e9r\u00eat de cette balise Alt bien pens\u00e9e sera double. D\u2019une part, elle facilitera la recherche par image, ce qui fera un canal de plus pour atteindre votre blog. D\u2019autre part, cette balise permettra aux spybots de prendre en compte vos images, d\u2019optimiser le crawling de votre site et, in fine, votre place dans les r\u00e9sultats de recherche.<\/p>\n<h2><strong>Qu&#8217;est-ce qu&#8217;un bon article de blog illustr\u00e9&nbsp;?<\/strong><\/h2>\n<p>Un texte bien \u00e9crit (avec un titre accrocheur), qui aborde un sujet pertinent pour vos lecteurs tout en \u00e9tant <a href=\"https:\/\/www.redacteur.com\/blog\/wordpress-optimisation-seo-simple\/\" target=\"_blank\" rel=\"noopener noreferrer\">optimis\u00e9 pour le r\u00e9f\u00e9rencement naturel<\/a>.\u00a0Certes, mais l&#8217;autre d\u00e9nominateur commun de tous les articles r\u00e9ussis, c&#8217;est qu&#8217;ils contiennent une ou plusieurs images.<\/p>\n<p>Voici une r\u00e9v\u00e9lation choc&nbsp;: les mots peuvent \u00eatre ennuyeux. Malgr\u00e9 la qualit\u00e9 et la profondeur de ce que vous \u00e9crivez, le texte n&#8217;est pas toujours suffisant pour capter l&#8217;attention d&#8217;un lecteur jusqu&#8217;au bout. C&#8217;est l\u00e0 qu&#8217;interviennent diff\u00e9rentes techniques destin\u00e9es \u00e0 <a href=\"https:\/\/www.redacteur.com\/blog\/contenu-lisible-digeste\/\" target=\"_blank\" rel=\"noopener noreferrer\">rendre vos textes plus digestes<\/a>, mais aussi et surtout <strong>les images<\/strong>, primordiales pour garder le lecteur \u00e9veill\u00e9.<\/p>\n<p>Bien s\u00fbr, on ne parle pas ici de litt\u00e9rature (la plupart des romans \u00e9tant d\u00e9pourvus d&#8217;images). Mais sur le web, la capacit\u00e9 d&#8217;attention des internautes est particuli\u00e8rement courte, d&#8217;o\u00f9 la n\u00e9cessit\u00e9 de raviver r\u00e9guli\u00e8rement leur int\u00e9r\u00eat.<\/p>\n<p>En effet, plusieurs \u00e9tudes actuelles se recoupent pour estimer la dur\u00e9e moyenne d\u2019attention soutenue d\u2019un internaute \u00e0 environ\u202610 secondes. Cela laisse songeur\u00a0! Et il faut savoir que cette dur\u00e9e est encore \u00e9court\u00e9e dans le cas d\u2019une consultation sur smartphone, particuli\u00e8rement propice au zapping intensif.<\/p>\n<p>\u00c0 l\u2019heure de l\u2019essor du \u00ab mobile first \u00bb qui n\u2019est pas pr\u00e8s de s\u2019arr\u00eater, il vous faut donc absolument prendre en compte cette notion centrale de l\u2019attention de votre lecteur potentiel. Or, les images, par leur aspect synth\u00e9tique et par leur potentiel d\u2019impact \u00e9motionnel, permettent \u00e0 la fois d\u2019attirer et de maintenir l\u2019attention de votre lecteur.<\/p>\n<p>Car \u00e0 quoi peuvent servir des textes, m\u00eame excellents, si votre internaute s\u2019en lasse d\u00e8s les premi\u00e8res lignes, au point de pr\u00e9f\u00e9rer se rendre sur un site concurrent de moindre qualit\u00e9, mais astucieusement illustr\u00e9&nbsp;? L\u2019importance des images pour capter et garder l\u2019attention de vos lecteurs est donc bel et bien capitale pour booster le trafic sur votre blog.<\/p>\n<h2>Notre astuce pour optimiser vos images<\/h2>\n<p>Avec ces quelques bonnes pratiques, vous pourrez tirer le meilleur de vos images et d\u00e9cupler l&#8217;efficacit\u00e9 de vos articles de blog.\u00a0Malgr\u00e9 tout, les illustrations ne remplacent pas des textes pertinents et parfaitement r\u00e9dig\u00e9s.<\/p>\n<p>Notre derni\u00e8re astuce pour optimiser vos images&nbsp;: utilisez un plugin de compression comme Imagify pour compresser les images automatiquement.<\/p>\n<p>Besoin d&#8217;aide pour la r\u00e9daction de vos articles&nbsp;? <a href=\"https:\/\/www.redacteur.com\/\">Trouvez un r\u00e9dacteur web freelance<\/a> sur Redacteur.com.<\/p>\n","protected":false},"excerpt":{"rendered":"<p>Vous avez le projet d\u2019utiliser des images dans vos articles de blog&nbsp;? Excellente id\u00e9e&nbsp;! Les images sont aujourd&#8217;hui le moyen le plus efficace pour faire passer une information. C&#8217;est aussi un tr\u00e8s bon moyen pour a\u00e9rer votre texte, lorsque celui-ci est trop important. M\u00eame si les images ne peuvent pas remplacer un texte impactant et [&hellip;]<\/p>\n","protected":false},"author":1,"featured_media":42066,"comment_status":"open","ping_status":"open","sticky":false,"template":"","format":"standard","meta":{"_acf_changed":false,"inline_featured_image":false,"footnotes":""},"categories":[22],"tags":[],"class_list":["post-12194","post","type-post","status-publish","format-standard","has-post-thumbnail","hentry","category-blog"],"acf":[],"yoast_head":"<!-- This site is optimized with the Yoast SEO plugin v25.9 - https:\/\/yoast.com\/wordpress\/plugins\/seo\/ -->\n<title>Optimiser l&#039;utilisation des images dans un article de blog<\/title>\n<meta name=\"description\" content=\"Un texte de qualit\u00e9 n&#039;est pas suffisant pour faire un bon article de blog. Voici 10 astuces pour optimiser les images dans vos publications.\" \/>\n<meta name=\"robots\" content=\"index, follow, max-snippet:-1, max-image-preview:large, max-video-preview:-1\" \/>\n<link rel=\"canonical\" href=\"https:\/\/www.redacteur.com\/blog\/guide-image-article-blog\/\" \/>\n<meta property=\"og:locale\" content=\"fr_FR\" \/>\n<meta property=\"og:type\" content=\"article\" \/>\n<meta property=\"og:title\" content=\"Optimiser l&#039;utilisation des images dans un article de blog\" \/>\n<meta property=\"og:description\" content=\"Un texte de qualit\u00e9 n&#039;est pas suffisant pour faire un bon article de blog. Voici 10 astuces pour optimiser les images dans vos publications.\" \/>\n<meta property=\"og:url\" content=\"https:\/\/www.redacteur.com\/blog\/guide-image-article-blog\/\" \/>\n<meta property=\"og:site_name\" content=\"Redacteur.com\" \/>\n<meta property=\"article:publisher\" content=\"https:\/\/www.facebook.com\/redacteurcom\" \/>\n<meta property=\"article:published_time\" content=\"2025-09-02T08:50:00+00:00\" \/>\n<meta property=\"og:image\" content=\"https:\/\/www.redacteur.com\/blog\/wp-content\/uploads\/sites\/6\/2023\/04\/images-blog.png\" \/>\n\t<meta property=\"og:image:width\" content=\"1200\" \/>\n\t<meta property=\"og:image:height\" content=\"675\" \/>\n\t<meta property=\"og:image:type\" content=\"image\/png\" \/>\n<meta name=\"author\" content=\"Laura Michaud\" \/>\n<meta name=\"twitter:card\" content=\"summary_large_image\" \/>\n<meta name=\"twitter:creator\" content=\"@Redacteurcom\" \/>\n<meta name=\"twitter:site\" content=\"@Redacteurcom\" \/>\n<meta name=\"twitter:label1\" content=\"\u00c9crit par\" \/>\n\t<meta name=\"twitter:data1\" content=\"Laura Michaud\" \/>\n\t<meta name=\"twitter:label2\" content=\"Dur\u00e9e de lecture estim\u00e9e\" \/>\n\t<meta name=\"twitter:data2\" content=\"13 minutes\" \/>\n<script type=\"application\/ld+json\" class=\"yoast-schema-graph\">{\"@context\":\"https:\/\/schema.org\",\"@graph\":[{\"@type\":\"Article\",\"@id\":\"https:\/\/www.redacteur.com\/blog\/guide-image-article-blog\/#article\",\"isPartOf\":{\"@id\":\"https:\/\/www.redacteur.com\/blog\/guide-image-article-blog\/\"},\"author\":{\"name\":\"Laura Michaud\",\"@id\":\"https:\/\/www.redacteur.com\/blog\/#\/schema\/person\/33c0ef04707fbe50a096f282050bb5f2\"},\"headline\":\"Optimiser l&#8217;utilisation des images dans un article de blog\",\"datePublished\":\"2025-09-02T08:50:00+00:00\",\"mainEntityOfPage\":{\"@id\":\"https:\/\/www.redacteur.com\/blog\/guide-image-article-blog\/\"},\"wordCount\":2390,\"commentCount\":7,\"publisher\":{\"@id\":\"https:\/\/www.redacteur.com\/blog\/#organization\"},\"image\":{\"@id\":\"https:\/\/www.redacteur.com\/blog\/guide-image-article-blog\/#primaryimage\"},\"thumbnailUrl\":\"https:\/\/www.redacteur.com\/blog\/wp-content\/uploads\/sites\/6\/2023\/04\/images-blog.png\",\"articleSection\":[\"Blog\"],\"inLanguage\":\"fr-FR\",\"potentialAction\":[{\"@type\":\"CommentAction\",\"name\":\"Comment\",\"target\":[\"https:\/\/www.redacteur.com\/blog\/guide-image-article-blog\/#respond\"]}]},{\"@type\":\"WebPage\",\"@id\":\"https:\/\/www.redacteur.com\/blog\/guide-image-article-blog\/\",\"url\":\"https:\/\/www.redacteur.com\/blog\/guide-image-article-blog\/\",\"name\":\"Optimiser l'utilisation des images dans un article de blog\",\"isPartOf\":{\"@id\":\"https:\/\/www.redacteur.com\/blog\/#website\"},\"primaryImageOfPage\":{\"@id\":\"https:\/\/www.redacteur.com\/blog\/guide-image-article-blog\/#primaryimage\"},\"image\":{\"@id\":\"https:\/\/www.redacteur.com\/blog\/guide-image-article-blog\/#primaryimage\"},\"thumbnailUrl\":\"https:\/\/www.redacteur.com\/blog\/wp-content\/uploads\/sites\/6\/2023\/04\/images-blog.png\",\"datePublished\":\"2025-09-02T08:50:00+00:00\",\"description\":\"Un texte de qualit\u00e9 n'est pas suffisant pour faire un bon article de blog. Voici 10 astuces pour optimiser les images dans vos publications.\",\"breadcrumb\":{\"@id\":\"https:\/\/www.redacteur.com\/blog\/guide-image-article-blog\/#breadcrumb\"},\"inLanguage\":\"fr-FR\",\"potentialAction\":[{\"@type\":\"ReadAction\",\"target\":[\"https:\/\/www.redacteur.com\/blog\/guide-image-article-blog\/\"]}]},{\"@type\":\"ImageObject\",\"inLanguage\":\"fr-FR\",\"@id\":\"https:\/\/www.redacteur.com\/blog\/guide-image-article-blog\/#primaryimage\",\"url\":\"https:\/\/www.redacteur.com\/blog\/wp-content\/uploads\/sites\/6\/2023\/04\/images-blog.png\",\"contentUrl\":\"https:\/\/www.redacteur.com\/blog\/wp-content\/uploads\/sites\/6\/2023\/04\/images-blog.png\",\"width\":1200,\"height\":675,\"caption\":\"image article de blog\"},{\"@type\":\"BreadcrumbList\",\"@id\":\"https:\/\/www.redacteur.com\/blog\/guide-image-article-blog\/#breadcrumb\",\"itemListElement\":[{\"@type\":\"ListItem\",\"position\":1,\"name\":\"Blog\",\"item\":\"https:\/\/www.redacteur.com\/blog\/\"},{\"@type\":\"ListItem\",\"position\":2,\"name\":\"Content marketing\",\"item\":\"https:\/\/www.redacteur.com\/blog\/contenu-web\/\"},{\"@type\":\"ListItem\",\"position\":3,\"name\":\"Blog\",\"item\":\"https:\/\/www.redacteur.com\/blog\/contenu-web\/blog\/\"},{\"@type\":\"ListItem\",\"position\":4,\"name\":\"Optimiser l&#8217;utilisation des images dans un article de blog\"}]},{\"@type\":\"WebSite\",\"@id\":\"https:\/\/www.redacteur.com\/blog\/#website\",\"url\":\"https:\/\/www.redacteur.com\/blog\/\",\"name\":\"Redacteur.com\",\"description\":\"redacteur\",\"publisher\":{\"@id\":\"https:\/\/www.redacteur.com\/blog\/#organization\"},\"potentialAction\":[{\"@type\":\"SearchAction\",\"target\":{\"@type\":\"EntryPoint\",\"urlTemplate\":\"https:\/\/www.redacteur.com\/blog\/?s={search_term_string}\"},\"query-input\":{\"@type\":\"PropertyValueSpecification\",\"valueRequired\":true,\"valueName\":\"search_term_string\"}}],\"inLanguage\":\"fr-FR\"},{\"@type\":\"Organization\",\"@id\":\"https:\/\/www.redacteur.com\/blog\/#organization\",\"name\":\"Redacteur.com\",\"url\":\"https:\/\/www.redacteur.com\/blog\/\",\"logo\":{\"@type\":\"ImageObject\",\"inLanguage\":\"fr-FR\",\"@id\":\"https:\/\/www.redacteur.com\/blog\/#\/schema\/logo\/image\/\",\"url\":\"https:\/\/www.redacteur.com\/blog\/wp-content\/uploads\/sites\/6\/2022\/10\/logo-redacteur-blog.svg\",\"contentUrl\":\"https:\/\/www.redacteur.com\/blog\/wp-content\/uploads\/sites\/6\/2022\/10\/logo-redacteur-blog.svg\",\"width\":1,\"height\":1,\"caption\":\"Redacteur.com\"},\"image\":{\"@id\":\"https:\/\/www.redacteur.com\/blog\/#\/schema\/logo\/image\/\"},\"sameAs\":[\"https:\/\/www.facebook.com\/redacteurcom\",\"https:\/\/x.com\/Redacteurcom\",\"https:\/\/www.linkedin.com\/company\/redacteur-com\",\"https:\/\/www.youtube.com\/channel\/UCgj9ySM9xy3gdL8qBafl9Uw\/\"]},{\"@type\":\"Person\",\"@id\":\"https:\/\/www.redacteur.com\/blog\/#\/schema\/person\/33c0ef04707fbe50a096f282050bb5f2\",\"name\":\"Laura Michaud\",\"image\":{\"@type\":\"ImageObject\",\"inLanguage\":\"fr-FR\",\"@id\":\"https:\/\/www.redacteur.com\/blog\/#\/schema\/person\/image\/\",\"url\":\"https:\/\/secure.gravatar.com\/avatar\/c3328cc0c887f98cec6b2979af3311ab6333fc7cc2d4847514cfec6a56fa08a7?s=96&d=mm&r=g\",\"contentUrl\":\"https:\/\/secure.gravatar.com\/avatar\/c3328cc0c887f98cec6b2979af3311ab6333fc7cc2d4847514cfec6a56fa08a7?s=96&d=mm&r=g\",\"caption\":\"Laura Michaud\"},\"description\":\"Laura connait tous les meilleurs outils pour g\u00e9rer des projets et une entreprise. Cr\u00e9ative, c'est aussi une sp\u00e9cialiste des outils de cr\u00e9ation graphique pour faire briller une entreprise.\",\"sameAs\":[\"https:\/\/www.linkedin.com\/in\/michaudlaura\/\"],\"url\":\"https:\/\/www.redacteur.com\/blog\/author\/laura\/\"}]}<\/script>\n<!-- \/ Yoast SEO plugin. -->","yoast_head_json":{"title":"Optimiser l'utilisation des images dans un article de blog","description":"Un texte de qualit\u00e9 n'est pas suffisant pour faire un bon article de blog. Voici 10 astuces pour optimiser les images dans vos publications.","robots":{"index":"index","follow":"follow","max-snippet":"max-snippet:-1","max-image-preview":"max-image-preview:large","max-video-preview":"max-video-preview:-1"},"canonical":"https:\/\/www.redacteur.com\/blog\/guide-image-article-blog\/","og_locale":"fr_FR","og_type":"article","og_title":"Optimiser l'utilisation des images dans un article de blog","og_description":"Un texte de qualit\u00e9 n'est pas suffisant pour faire un bon article de blog. Voici 10 astuces pour optimiser les images dans vos publications.","og_url":"https:\/\/www.redacteur.com\/blog\/guide-image-article-blog\/","og_site_name":"Redacteur.com","article_publisher":"https:\/\/www.facebook.com\/redacteurcom","article_published_time":"2025-09-02T08:50:00+00:00","og_image":[{"width":1200,"height":675,"url":"https:\/\/www.redacteur.com\/blog\/wp-content\/uploads\/sites\/6\/2023\/04\/images-blog.png","type":"image\/png"}],"author":"Laura Michaud","twitter_card":"summary_large_image","twitter_creator":"@Redacteurcom","twitter_site":"@Redacteurcom","twitter_misc":{"\u00c9crit par":"Laura Michaud","Dur\u00e9e de lecture estim\u00e9e":"13 minutes"},"schema":{"@context":"https:\/\/schema.org","@graph":[{"@type":"Article","@id":"https:\/\/www.redacteur.com\/blog\/guide-image-article-blog\/#article","isPartOf":{"@id":"https:\/\/www.redacteur.com\/blog\/guide-image-article-blog\/"},"author":{"name":"Laura Michaud","@id":"https:\/\/www.redacteur.com\/blog\/#\/schema\/person\/33c0ef04707fbe50a096f282050bb5f2"},"headline":"Optimiser l&#8217;utilisation des images dans un article de blog","datePublished":"2025-09-02T08:50:00+00:00","mainEntityOfPage":{"@id":"https:\/\/www.redacteur.com\/blog\/guide-image-article-blog\/"},"wordCount":2390,"commentCount":7,"publisher":{"@id":"https:\/\/www.redacteur.com\/blog\/#organization"},"image":{"@id":"https:\/\/www.redacteur.com\/blog\/guide-image-article-blog\/#primaryimage"},"thumbnailUrl":"https:\/\/www.redacteur.com\/blog\/wp-content\/uploads\/sites\/6\/2023\/04\/images-blog.png","articleSection":["Blog"],"inLanguage":"fr-FR","potentialAction":[{"@type":"CommentAction","name":"Comment","target":["https:\/\/www.redacteur.com\/blog\/guide-image-article-blog\/#respond"]}]},{"@type":"WebPage","@id":"https:\/\/www.redacteur.com\/blog\/guide-image-article-blog\/","url":"https:\/\/www.redacteur.com\/blog\/guide-image-article-blog\/","name":"Optimiser l'utilisation des images dans un article de blog","isPartOf":{"@id":"https:\/\/www.redacteur.com\/blog\/#website"},"primaryImageOfPage":{"@id":"https:\/\/www.redacteur.com\/blog\/guide-image-article-blog\/#primaryimage"},"image":{"@id":"https:\/\/www.redacteur.com\/blog\/guide-image-article-blog\/#primaryimage"},"thumbnailUrl":"https:\/\/www.redacteur.com\/blog\/wp-content\/uploads\/sites\/6\/2023\/04\/images-blog.png","datePublished":"2025-09-02T08:50:00+00:00","description":"Un texte de qualit\u00e9 n'est pas suffisant pour faire un bon article de blog. Voici 10 astuces pour optimiser les images dans vos publications.","breadcrumb":{"@id":"https:\/\/www.redacteur.com\/blog\/guide-image-article-blog\/#breadcrumb"},"inLanguage":"fr-FR","potentialAction":[{"@type":"ReadAction","target":["https:\/\/www.redacteur.com\/blog\/guide-image-article-blog\/"]}]},{"@type":"ImageObject","inLanguage":"fr-FR","@id":"https:\/\/www.redacteur.com\/blog\/guide-image-article-blog\/#primaryimage","url":"https:\/\/www.redacteur.com\/blog\/wp-content\/uploads\/sites\/6\/2023\/04\/images-blog.png","contentUrl":"https:\/\/www.redacteur.com\/blog\/wp-content\/uploads\/sites\/6\/2023\/04\/images-blog.png","width":1200,"height":675,"caption":"image article de blog"},{"@type":"BreadcrumbList","@id":"https:\/\/www.redacteur.com\/blog\/guide-image-article-blog\/#breadcrumb","itemListElement":[{"@type":"ListItem","position":1,"name":"Blog","item":"https:\/\/www.redacteur.com\/blog\/"},{"@type":"ListItem","position":2,"name":"Content marketing","item":"https:\/\/www.redacteur.com\/blog\/contenu-web\/"},{"@type":"ListItem","position":3,"name":"Blog","item":"https:\/\/www.redacteur.com\/blog\/contenu-web\/blog\/"},{"@type":"ListItem","position":4,"name":"Optimiser l&#8217;utilisation des images dans un article de blog"}]},{"@type":"WebSite","@id":"https:\/\/www.redacteur.com\/blog\/#website","url":"https:\/\/www.redacteur.com\/blog\/","name":"Redacteur.com","description":"redacteur","publisher":{"@id":"https:\/\/www.redacteur.com\/blog\/#organization"},"potentialAction":[{"@type":"SearchAction","target":{"@type":"EntryPoint","urlTemplate":"https:\/\/www.redacteur.com\/blog\/?s={search_term_string}"},"query-input":{"@type":"PropertyValueSpecification","valueRequired":true,"valueName":"search_term_string"}}],"inLanguage":"fr-FR"},{"@type":"Organization","@id":"https:\/\/www.redacteur.com\/blog\/#organization","name":"Redacteur.com","url":"https:\/\/www.redacteur.com\/blog\/","logo":{"@type":"ImageObject","inLanguage":"fr-FR","@id":"https:\/\/www.redacteur.com\/blog\/#\/schema\/logo\/image\/","url":"https:\/\/www.redacteur.com\/blog\/wp-content\/uploads\/sites\/6\/2022\/10\/logo-redacteur-blog.svg","contentUrl":"https:\/\/www.redacteur.com\/blog\/wp-content\/uploads\/sites\/6\/2022\/10\/logo-redacteur-blog.svg","width":1,"height":1,"caption":"Redacteur.com"},"image":{"@id":"https:\/\/www.redacteur.com\/blog\/#\/schema\/logo\/image\/"},"sameAs":["https:\/\/www.facebook.com\/redacteurcom","https:\/\/x.com\/Redacteurcom","https:\/\/www.linkedin.com\/company\/redacteur-com","https:\/\/www.youtube.com\/channel\/UCgj9ySM9xy3gdL8qBafl9Uw\/"]},{"@type":"Person","@id":"https:\/\/www.redacteur.com\/blog\/#\/schema\/person\/33c0ef04707fbe50a096f282050bb5f2","name":"Laura Michaud","image":{"@type":"ImageObject","inLanguage":"fr-FR","@id":"https:\/\/www.redacteur.com\/blog\/#\/schema\/person\/image\/","url":"https:\/\/secure.gravatar.com\/avatar\/c3328cc0c887f98cec6b2979af3311ab6333fc7cc2d4847514cfec6a56fa08a7?s=96&d=mm&r=g","contentUrl":"https:\/\/secure.gravatar.com\/avatar\/c3328cc0c887f98cec6b2979af3311ab6333fc7cc2d4847514cfec6a56fa08a7?s=96&d=mm&r=g","caption":"Laura Michaud"},"description":"Laura connait tous les meilleurs outils pour g\u00e9rer des projets et une entreprise. Cr\u00e9ative, c'est aussi une sp\u00e9cialiste des outils de cr\u00e9ation graphique pour faire briller une entreprise.","sameAs":["https:\/\/www.linkedin.com\/in\/michaudlaura\/"],"url":"https:\/\/www.redacteur.com\/blog\/author\/laura\/"}]}},"_links":{"self":[{"href":"https:\/\/www.redacteur.com\/blog\/wp-json\/wp\/v2\/posts\/12194","targetHints":{"allow":["GET"]}}],"collection":[{"href":"https:\/\/www.redacteur.com\/blog\/wp-json\/wp\/v2\/posts"}],"about":[{"href":"https:\/\/www.redacteur.com\/blog\/wp-json\/wp\/v2\/types\/post"}],"author":[{"embeddable":true,"href":"https:\/\/www.redacteur.com\/blog\/wp-json\/wp\/v2\/users\/1"}],"replies":[{"embeddable":true,"href":"https:\/\/www.redacteur.com\/blog\/wp-json\/wp\/v2\/comments?post=12194"}],"version-history":[{"count":0,"href":"https:\/\/www.redacteur.com\/blog\/wp-json\/wp\/v2\/posts\/12194\/revisions"}],"wp:featuredmedia":[{"embeddable":true,"href":"https:\/\/www.redacteur.com\/blog\/wp-json\/wp\/v2\/media\/42066"}],"wp:attachment":[{"href":"https:\/\/www.redacteur.com\/blog\/wp-json\/wp\/v2\/media?parent=12194"}],"wp:term":[{"taxonomy":"category","embeddable":true,"href":"https:\/\/www.redacteur.com\/blog\/wp-json\/wp\/v2\/categories?post=12194"},{"taxonomy":"post_tag","embeddable":true,"href":"https:\/\/www.redacteur.com\/blog\/wp-json\/wp\/v2\/tags?post=12194"}],"curies":[{"name":"wp","href":"https:\/\/api.w.org\/{rel}","templated":true}]}}