{"id":12304,"date":"2023-11-17T10:50:00","date_gmt":"2023-11-17T09:50:00","guid":{"rendered":"https:\/\/www.redacteur.com\/blog\/?p=12304"},"modified":"2023-11-17T10:50:03","modified_gmt":"2023-11-17T09:50:03","slug":"plus-partage-contenus-web","status":"publish","type":"post","link":"https:\/\/www.redacteur.com\/blog\/plus-partage-contenus-web\/","title":{"rendered":"Social media&nbsp;: 6 \u00e9tapes pour encourager le partage de vos contenus"},"content":{"rendered":"<p>Les r\u00e9seaux sociaux sont un moyen formidable de booster la visibilit\u00e9 de vos contenus web et de faire conna\u00eetre votre marque. Ce n\u2019est pas pour rien qu\u2019ils int\u00e8grent toute bonne <a href=\"https:\/\/www.redacteur.com\/blog\/definir-strategie-de-contenu\/\">strat\u00e9gie de content marketing<\/a>.<\/p>\n<p>L\u2019un des Graal que tout content marketeur cherche \u00e0 d\u00e9crocher est d\u2019obtenir des partages sur ces plateformes, car ces partages peuvent mener \u00e0 la viralit\u00e9 et au succ\u00e8s\u2009! Mais comment faire en sorte que <a href=\"https:\/\/www.redacteur.com\/blog\/articles-blog-partages\/\">vos contenus soient plus partag\u00e9s<\/a> par votre communaut\u00e9 (et par le web tout entier)\u2009?<\/p>\n<h2>1. Cr\u00e9er du contenu qui vaut le coup d\u2019\u00eatre partag\u00e9<\/h2>\n<p>\u00ab\u2009Pour obtenir des partages, il faut cr\u00e9er de bons contenus\u2009\u00bb&nbsp;: \u00e0 la lecture de ce premier point, vous vous dites peut-\u00eatre qu\u2019il s\u2019agit d\u2019une \u00e9vidence. Mais qu\u2019est-ce qu\u2019un contenu qui vaut le coup d\u2019\u00eatre partag\u00e9, exactement\u2009?<\/p>\n<p><img decoding=\"async\" class=\"alignnone wp-image-39097 size-full\" src=\"https:\/\/www.redacteur.com\/blog\/wp-content\/uploads\/sites\/6\/2022\/11\/Capture-decran-2023-11-13-a-09.48.49.png\" alt=\"\" width=\"1172\" height=\"962\" srcset=\"https:\/\/www.redacteur.com\/blog\/wp-content\/uploads\/sites\/6\/2022\/11\/Capture-decran-2023-11-13-a-09.48.49.png 1172w, https:\/\/www.redacteur.com\/blog\/wp-content\/uploads\/sites\/6\/2022\/11\/Capture-decran-2023-11-13-a-09.48.49-300x246.png 300w, https:\/\/www.redacteur.com\/blog\/wp-content\/uploads\/sites\/6\/2022\/11\/Capture-decran-2023-11-13-a-09.48.49-1024x841.png 1024w, https:\/\/www.redacteur.com\/blog\/wp-content\/uploads\/sites\/6\/2022\/11\/Capture-decran-2023-11-13-a-09.48.49-768x630.png 768w, https:\/\/www.redacteur.com\/blog\/wp-content\/uploads\/sites\/6\/2022\/11\/Capture-decran-2023-11-13-a-09.48.49-60x49.png 60w, https:\/\/www.redacteur.com\/blog\/wp-content\/uploads\/sites\/6\/2022\/11\/Capture-decran-2023-11-13-a-09.48.49-370x304.png 370w, https:\/\/www.redacteur.com\/blog\/wp-content\/uploads\/sites\/6\/2022\/11\/Capture-decran-2023-11-13-a-09.48.49-270x222.png 270w, https:\/\/www.redacteur.com\/blog\/wp-content\/uploads\/sites\/6\/2022\/11\/Capture-decran-2023-11-13-a-09.48.49-570x468.png 570w, https:\/\/www.redacteur.com\/blog\/wp-content\/uploads\/sites\/6\/2022\/11\/Capture-decran-2023-11-13-a-09.48.49-740x607.png 740w\" sizes=\"(max-width: 1172px) 100vw, 1172px\" \/><\/p>\n<p><a href=\"https:\/\/www.redacteur.com\/blog\/promouvoir-contenus-web\/\">La promotion d\u2019un contenu<\/a> ne suffit pas \u00e0 cr\u00e9er l\u2019engouement autour de celui-ci. Au contraire, s\u2019il n\u2019est pas \u00e0 la hauteur de sa communication, vous risquez de faire plus de d\u00e9\u00e7us que d\u2019heureux\u2009!<\/p>\n<p>Int\u00e9ressant, pertinent et utile pour votre audience&nbsp;: voil\u00e0 les ma\u00eetres mots que vos articles, livres blancs, vid\u00e9os et autres contenus doivent respecter pour attirer du trafic sur votre site internet.<\/p>\n<h2>2. Utiliser des images<\/h2>\n<p>Sur les r\u00e9seaux sociaux, l\u2019image est reine. Par exemple, les tweets contenant une image re\u00e7oivent en moyenne 150&nbsp;% de retweets en plus.<\/p>\n<p>Ne pas <a href=\"https:\/\/www.redacteur.com\/blog\/guide-image-article-blog\/\">inclure au moins une image dans vos articles de blog<\/a> et autres contenus revient \u00e0 vous tirer une balle dans le pied.<\/p>\n<p>Mieux encore, faites en sorte que l\u2019image soit le contenu\u2009! Une infographie, par exemple, combine les pouvoirs du contenu et de l\u2019image pour un potentiel de partage immense. N\u2019h\u00e9sitez pas \u00e0 <a href=\"https:\/\/www.redacteur.com\/blog\/pourquoi-et-comment-reutiliser-votre-contenu\/\">recycler vos contenus existants<\/a> pour en faire des visuels.<\/p>\n<blockquote><p>\u00c0 lire aussi&nbsp;: <a href=\"https:\/\/www.redacteur.com\/blog\/strategie-contenu-integrer-visuels\/\">Strat\u00e9gie de contenu visuel&nbsp;: exploitez vos images<\/a><\/p><\/blockquote>\n<p><img decoding=\"async\" class=\"aligncenter wp-image-39100 size-full\" src=\"https:\/\/www.redacteur.com\/blog\/wp-content\/uploads\/sites\/6\/2022\/11\/Capture-decran-2023-11-13-a-09.54.25.png\" alt=\"\" width=\"1628\" height=\"896\" srcset=\"https:\/\/www.redacteur.com\/blog\/wp-content\/uploads\/sites\/6\/2022\/11\/Capture-decran-2023-11-13-a-09.54.25.png 1628w, https:\/\/www.redacteur.com\/blog\/wp-content\/uploads\/sites\/6\/2022\/11\/Capture-decran-2023-11-13-a-09.54.25-300x165.png 300w, https:\/\/www.redacteur.com\/blog\/wp-content\/uploads\/sites\/6\/2022\/11\/Capture-decran-2023-11-13-a-09.54.25-1024x564.png 1024w, https:\/\/www.redacteur.com\/blog\/wp-content\/uploads\/sites\/6\/2022\/11\/Capture-decran-2023-11-13-a-09.54.25-768x423.png 768w, https:\/\/www.redacteur.com\/blog\/wp-content\/uploads\/sites\/6\/2022\/11\/Capture-decran-2023-11-13-a-09.54.25-1536x845.png 1536w, https:\/\/www.redacteur.com\/blog\/wp-content\/uploads\/sites\/6\/2022\/11\/Capture-decran-2023-11-13-a-09.54.25-60x33.png 60w, https:\/\/www.redacteur.com\/blog\/wp-content\/uploads\/sites\/6\/2022\/11\/Capture-decran-2023-11-13-a-09.54.25-370x204.png 370w, https:\/\/www.redacteur.com\/blog\/wp-content\/uploads\/sites\/6\/2022\/11\/Capture-decran-2023-11-13-a-09.54.25-270x149.png 270w, https:\/\/www.redacteur.com\/blog\/wp-content\/uploads\/sites\/6\/2022\/11\/Capture-decran-2023-11-13-a-09.54.25-570x314.png 570w, https:\/\/www.redacteur.com\/blog\/wp-content\/uploads\/sites\/6\/2022\/11\/Capture-decran-2023-11-13-a-09.54.25-740x407.png 740w\" sizes=\"(max-width: 1628px) 100vw, 1628px\" \/><\/p>\n<h2>3. \u00c9crire des titres captivants<\/h2>\n<blockquote><p>59&nbsp;% des liens partag\u00e9s sur les r\u00e9seaux sociaux n\u2019ont jamais \u00e9t\u00e9 cliqu\u00e9s.<\/p><\/blockquote>\n<p>Ce qui signifie, grosso modo, que 6&nbsp;personnes sur 10 ne se fient qu\u2019au titre (et \u00e0 l\u2019image) d\u2019une publication pour choisir de la partager \u00e0 leurs amis ou \u00e0 leur communaut\u00e9. Inutile d\u2019en dire plus&nbsp;:<a href=\"https:\/\/www.redacteur.com\/blog\/titres-engagement-reseaux-sociaux\/\"> \u00e9crivez des titres engageants<\/a>.<\/p>\n<p><img decoding=\"async\" class=\"wp-image-39099 size-full aligncenter\" src=\"https:\/\/www.redacteur.com\/blog\/wp-content\/uploads\/sites\/6\/2022\/11\/Capture-decran-2023-11-13-a-09.50.54.png\" alt=\"\" width=\"520\" height=\"430\" srcset=\"https:\/\/www.redacteur.com\/blog\/wp-content\/uploads\/sites\/6\/2022\/11\/Capture-decran-2023-11-13-a-09.50.54.png 520w, https:\/\/www.redacteur.com\/blog\/wp-content\/uploads\/sites\/6\/2022\/11\/Capture-decran-2023-11-13-a-09.50.54-300x248.png 300w, https:\/\/www.redacteur.com\/blog\/wp-content\/uploads\/sites\/6\/2022\/11\/Capture-decran-2023-11-13-a-09.50.54-60x50.png 60w, https:\/\/www.redacteur.com\/blog\/wp-content\/uploads\/sites\/6\/2022\/11\/Capture-decran-2023-11-13-a-09.50.54-370x306.png 370w, https:\/\/www.redacteur.com\/blog\/wp-content\/uploads\/sites\/6\/2022\/11\/Capture-decran-2023-11-13-a-09.50.54-270x223.png 270w\" sizes=\"(max-width: 520px) 100vw, 520px\" \/><\/p>\n<p>\u00c0 d\u00e9faut d\u2019inciter 100&nbsp;% des personnes expos\u00e9es \u00e0 votre contenu \u00e0 cliquer dessus, cela augmentera au moins la quantit\u00e9 de partages que vous recevrez.<\/p>\n<p>Si vous manquez d\u2019inspiration pour l\u2019\u00e9criture de vos titres, vous pouvez utiliser<a href=\"https:\/\/www.redacteur.com\/blog\/generateur-de-titre-blog\/\"> un g\u00e9n\u00e9rateur de titres<\/a> ou exploiter <a href=\"https:\/\/www.redacteur.com\/blog\/chiffres-titre-article-blog\/\">le pouvoir des nombres<\/a> pour captiver votre audience.<\/p>\n<blockquote><p>L\u2019objectif de vos articles de blog est de trouver des solutions aux probl\u00e8mes de vos internautes. Dans ce sens, commencez les titres de vos articles par \u00ab\u2009Comment&#8230;\u2009\u00bb Non seulement vos articles seront mieux r\u00e9f\u00e9renc\u00e9s, mais vous obtiendrez en plus davantage de visites, et donc davantage de partages sur les r\u00e9seaux sociaux\u2009!<\/p><\/blockquote>\n<blockquote><p>\u00c0 lire aussi&nbsp;: <a href=\"https:\/\/www.redacteur.com\/blog\/quest-ce-que-le-smo\/\">Qu\u2019est-ce que le Social Media Optimization (SMO)\u2009?<\/a><\/p><\/blockquote>\n<h2>4. Utiliser des boutons de partage<\/h2>\n<p>Ils ne vous ont pas \u00e9chapp\u00e9&nbsp;: ces quatre gros boutons sur la gauche de votre \u00e9cran vous invitent \u00e0 partager cet article sur&nbsp;:<\/p>\n<ul>\n<li>LinkedIn\u2009;<\/li>\n<li>Twitter\u2009;<\/li>\n<li>Facebook\u2009;<\/li>\n<li>Reddit ;<\/li>\n<li>Pinterest\u2009;<\/li>\n<li>WhatsApp.<\/li>\n<\/ul>\n<p>Les <a href=\"https:\/\/www.codeur.com\/blog\/social-media-boutons-partage\/?utm_source=linking-article&amp;utm_medium=encourager-partage-contenu&amp;utm_campaign=BlogRedacteur\">boutons de partage<\/a> de ce type font partie du b.a.-ba du content marketing. Ils doivent absolument trouver leur place sur votre blog ou votre site web.<\/p>\n<blockquote><p>Encore beaucoup de blogs ins\u00e8rent leurs boutons de partage au d\u00e9but de leurs articles. Sachez qu\u2019il s\u2019agit l\u00e0 d\u2019une erreur \u00e0 corriger rapidement\u2009!<\/p><\/blockquote>\n<p>En effet, votre lecteur aura plus de chance de partager votre article si vous le lui proposez \u00e0 la fin de sa lecture plut\u00f4t qu\u2019au d\u00e9but. En ins\u00e9rant vos boutons de partage en bas de l\u2019article, vous \u00e9vitez un scroll inutile au lecteur qui ne prendra probablement pas la peine de scroller si les boutons de partage sont situ\u00e9s en haut de l\u2019article.<\/p>\n<blockquote><p>Affichez le nombre de partages de l\u2019article \u00e0 c\u00f4t\u00e9 de vos boutons pour encourager vos lecteurs \u00e0 partager davantage vos contenus.<\/p><\/blockquote>\n<h2>5. Mentionner des influenceurs<\/h2>\n<p>Vous avez certainement entendu parler des influenceurs. Ces \u00ab\u2009c\u00e9l\u00e9brit\u00e9s\u2009\u00bb du web sont massivement suivies et relay\u00e9es, et leur parole vaut de l\u2019or sur les r\u00e9seaux sociaux.<\/p>\n<p>Si l\u2019un d\u2019eux venait \u00e0 partager l\u2019un de vos contenus, autant vous dire que ce dernier gagnerait une visibilit\u00e9 inesp\u00e9r\u00e9e.<\/p>\n<p><img decoding=\"async\" class=\"aligncenter size-full wp-image-24699\" src=\"https:\/\/www.redacteur.com\/blog\/wp-content\/uploads\/sites\/6\/2017\/11\/influenceur.jpg\" alt=\"\" width=\"700\" height=\"467\" srcset=\"https:\/\/www.redacteur.com\/blog\/wp-content\/uploads\/sites\/6\/2017\/11\/influenceur.jpg 700w, https:\/\/www.redacteur.com\/blog\/wp-content\/uploads\/sites\/6\/2017\/11\/influenceur-300x200.jpg 300w, https:\/\/www.redacteur.com\/blog\/wp-content\/uploads\/sites\/6\/2017\/11\/influenceur-60x40.jpg 60w, https:\/\/www.redacteur.com\/blog\/wp-content\/uploads\/sites\/6\/2017\/11\/influenceur-370x247.jpg 370w, https:\/\/www.redacteur.com\/blog\/wp-content\/uploads\/sites\/6\/2017\/11\/influenceur-270x180.jpg 270w, https:\/\/www.redacteur.com\/blog\/wp-content\/uploads\/sites\/6\/2017\/11\/influenceur-570x380.jpg 570w\" sizes=\"(max-width: 700px) 100vw, 700px\" \/><\/p>\n<blockquote><p>La meilleure fa\u00e7on d\u2019attirer l\u2019attention d\u2019un influenceur et de l\u2019inviter \u00e0 partager, c\u2019est encore de le mentionner dans votre contenu ou dans vos publications sur les r\u00e9seaux sociaux (\u00e0 condition que ce contenu soit de grande qualit\u00e9).<\/p><\/blockquote>\n<p>Par ailleurs, citer des personnes influentes et expertes <a href=\"https:\/\/www.redacteur.com\/blog\/credibilite-article-de-blog\/\">augmente la cr\u00e9dibilit\u00e9 de vos contenus<\/a>. En somme, vous avez tout \u00e0 y gagner\u2009!<\/p>\n<h2>6. Susciter l\u2019\u00e9motion dans vos contenus<\/h2>\n<p>D\u00e9couvrez dans notre article de blog <a href=\"https:\/\/www.redacteur.com\/blog\/emotions-ecriture-contenus\/\">comment utiliser les 6&nbsp;\u00e9motions fondamentales pour le content marketing.<\/a> Vous y retrouverez les \u00e9motions suivantes&nbsp;:<\/p>\n<ul>\n<li>La joie\u2009;<\/li>\n<li>La tristesse\u2009;<\/li>\n<li>La peur&nbsp;:<\/li>\n<li>La surprise\u2009;<\/li>\n<li>La col\u00e8re\u2009;<\/li>\n<li>Le d\u00e9go\u00fbt.<\/li>\n<\/ul>\n<p>En faisant passer ces \u00e9motions \u00e0 travers vos contenus et gr\u00e2ce \u00e0 des mots, expressions et formulations de phrases bien r\u00e9fl\u00e9chies, vous constaterez votre nombre de partages augmenter efficacement\u2009!<\/p>\n<blockquote><p>Pour cela, organisez votre contenu sous forme de storytelling\u2009!<\/p><\/blockquote>\n<blockquote><p>\u00c0 lire aussi&nbsp;: <a href=\"https:\/\/www.redacteur.com\/blog\/livre-blanc-ebook-storytelling-marque-gratuit-free\/\">Storytelling&nbsp;: l\u2019art de faire vivre votre marque<\/a><\/p><\/blockquote>\n<h2>Conclusion<\/h2>\n<p>Maintenant que vous poss\u00e9dez les cl\u00e9s pour encourager le partage de vos contenus web, encore faut-il assurer la base&nbsp;: cr\u00e9er des contenus de qualit\u00e9.<\/p>\n<p>Pour ce faire, vous avez tout int\u00e9r\u00eat \u00e0<a href=\"https:\/\/www.redacteur.com\/\"> faire appel \u00e0 un r\u00e9dacteur web professionnel<\/a> pour \u00e9crire vos articles de blog, livres blancs et autres contenus web, optimis\u00e9s SEO. Commandez vos textes en quelques clics sur <a href=\"https:\/\/www.redacteur.com\">Redacteur.com<\/a> et entrez en relation avec des r\u00e9dacteurs professionnels qualifi\u00e9s dans la th\u00e9matique de votre choix.<\/p>\n","protected":false},"excerpt":{"rendered":"<p>Les r\u00e9seaux sociaux sont un moyen formidable de booster la visibilit\u00e9 de vos contenus web et de faire conna\u00eetre votre marque. Ce n\u2019est pas pour rien qu\u2019ils int\u00e8grent toute bonne strat\u00e9gie de content marketing. L\u2019un des Graal que tout content marketeur cherche \u00e0 d\u00e9crocher est d\u2019obtenir des partages sur ces plateformes, car ces partages peuvent [&hellip;]<\/p>\n","protected":false},"author":1,"featured_media":39101,"comment_status":"open","ping_status":"open","sticky":false,"template":"","format":"standard","meta":{"_acf_changed":false,"inline_featured_image":false,"footnotes":""},"categories":[12],"tags":[],"class_list":["post-12304","post","type-post","status-publish","format-standard","has-post-thumbnail","hentry","category-reseaux-sociaux"],"acf":[],"yoast_head":"<!-- This site is optimized with the Yoast SEO plugin v25.9 - https:\/\/yoast.com\/wordpress\/plugins\/seo\/ -->\n<title>Social media : 6 \u00e9tapes pour encourager le partage de vos contenus - Redacteur Blog<\/title>\n<meta name=\"description\" content=\"Les r\u00e9seaux sociaux sont indissociables d&#039;une bonne strat\u00e9gie content marketing. Mais comment faire en sorte que vos contenus soient partag\u00e9s massivement ?\" \/>\n<meta name=\"robots\" content=\"index, follow, max-snippet:-1, max-image-preview:large, max-video-preview:-1\" \/>\n<link rel=\"canonical\" href=\"https:\/\/www.redacteur.com\/blog\/plus-partage-contenus-web\/\" \/>\n<meta property=\"og:locale\" content=\"fr_FR\" \/>\n<meta property=\"og:type\" content=\"article\" \/>\n<meta property=\"og:title\" content=\"Social media : 6 \u00e9tapes pour encourager le partage de vos contenus - Redacteur Blog\" \/>\n<meta property=\"og:description\" content=\"Les r\u00e9seaux sociaux sont indissociables d&#039;une bonne strat\u00e9gie content marketing. Mais comment faire en sorte que vos contenus soient partag\u00e9s massivement ?\" \/>\n<meta property=\"og:url\" content=\"https:\/\/www.redacteur.com\/blog\/plus-partage-contenus-web\/\" \/>\n<meta property=\"og:site_name\" content=\"Redacteur.com\" \/>\n<meta property=\"article:publisher\" content=\"https:\/\/www.facebook.com\/redacteurcom\" \/>\n<meta property=\"article:published_time\" content=\"2023-11-17T09:50:00+00:00\" \/>\n<meta property=\"article:modified_time\" content=\"2023-11-17T09:50:03+00:00\" \/>\n<meta property=\"og:image\" content=\"https:\/\/www.redacteur.com\/blog\/wp-content\/uploads\/sites\/6\/2022\/11\/Image-a-la-une-social-media-etape-partage.png\" \/>\n\t<meta property=\"og:image:width\" content=\"1024\" \/>\n\t<meta property=\"og:image:height\" content=\"618\" \/>\n\t<meta property=\"og:image:type\" content=\"image\/png\" \/>\n<meta name=\"author\" content=\"Laura Michaud\" \/>\n<meta name=\"twitter:card\" content=\"summary_large_image\" \/>\n<meta name=\"twitter:creator\" content=\"@Redacteurcom\" \/>\n<meta name=\"twitter:site\" content=\"@Redacteurcom\" \/>\n<meta name=\"twitter:label1\" content=\"\u00c9crit par\" \/>\n\t<meta name=\"twitter:data1\" content=\"Laura Michaud\" \/>\n\t<meta name=\"twitter:label2\" content=\"Dur\u00e9e de lecture estim\u00e9e\" \/>\n\t<meta name=\"twitter:data2\" content=\"6 minutes\" \/>\n<script type=\"application\/ld+json\" class=\"yoast-schema-graph\">{\"@context\":\"https:\/\/schema.org\",\"@graph\":[{\"@type\":\"Article\",\"@id\":\"https:\/\/www.redacteur.com\/blog\/plus-partage-contenus-web\/#article\",\"isPartOf\":{\"@id\":\"https:\/\/www.redacteur.com\/blog\/plus-partage-contenus-web\/\"},\"author\":{\"name\":\"Laura Michaud\",\"@id\":\"https:\/\/www.redacteur.com\/blog\/#\/schema\/person\/33c0ef04707fbe50a096f282050bb5f2\"},\"headline\":\"Social media&nbsp;: 6 \u00e9tapes pour encourager le partage de vos contenus\",\"datePublished\":\"2023-11-17T09:50:00+00:00\",\"dateModified\":\"2023-11-17T09:50:03+00:00\",\"mainEntityOfPage\":{\"@id\":\"https:\/\/www.redacteur.com\/blog\/plus-partage-contenus-web\/\"},\"wordCount\":1005,\"commentCount\":2,\"publisher\":{\"@id\":\"https:\/\/www.redacteur.com\/blog\/#organization\"},\"image\":{\"@id\":\"https:\/\/www.redacteur.com\/blog\/plus-partage-contenus-web\/#primaryimage\"},\"thumbnailUrl\":\"https:\/\/www.redacteur.com\/blog\/wp-content\/uploads\/sites\/6\/2022\/11\/Image-a-la-une-social-media-etape-partage.png\",\"articleSection\":[\"R\u00e9seaux sociaux\"],\"inLanguage\":\"fr-FR\",\"potentialAction\":[{\"@type\":\"CommentAction\",\"name\":\"Comment\",\"target\":[\"https:\/\/www.redacteur.com\/blog\/plus-partage-contenus-web\/#respond\"]}]},{\"@type\":\"WebPage\",\"@id\":\"https:\/\/www.redacteur.com\/blog\/plus-partage-contenus-web\/\",\"url\":\"https:\/\/www.redacteur.com\/blog\/plus-partage-contenus-web\/\",\"name\":\"Social media : 6 \u00e9tapes pour encourager le partage de vos contenus - Redacteur Blog\",\"isPartOf\":{\"@id\":\"https:\/\/www.redacteur.com\/blog\/#website\"},\"primaryImageOfPage\":{\"@id\":\"https:\/\/www.redacteur.com\/blog\/plus-partage-contenus-web\/#primaryimage\"},\"image\":{\"@id\":\"https:\/\/www.redacteur.com\/blog\/plus-partage-contenus-web\/#primaryimage\"},\"thumbnailUrl\":\"https:\/\/www.redacteur.com\/blog\/wp-content\/uploads\/sites\/6\/2022\/11\/Image-a-la-une-social-media-etape-partage.png\",\"datePublished\":\"2023-11-17T09:50:00+00:00\",\"dateModified\":\"2023-11-17T09:50:03+00:00\",\"description\":\"Les r\u00e9seaux sociaux sont indissociables d'une bonne strat\u00e9gie content marketing. Mais comment faire en sorte que vos contenus soient partag\u00e9s massivement ?\",\"breadcrumb\":{\"@id\":\"https:\/\/www.redacteur.com\/blog\/plus-partage-contenus-web\/#breadcrumb\"},\"inLanguage\":\"fr-FR\",\"potentialAction\":[{\"@type\":\"ReadAction\",\"target\":[\"https:\/\/www.redacteur.com\/blog\/plus-partage-contenus-web\/\"]}]},{\"@type\":\"ImageObject\",\"inLanguage\":\"fr-FR\",\"@id\":\"https:\/\/www.redacteur.com\/blog\/plus-partage-contenus-web\/#primaryimage\",\"url\":\"https:\/\/www.redacteur.com\/blog\/wp-content\/uploads\/sites\/6\/2022\/11\/Image-a-la-une-social-media-etape-partage.png\",\"contentUrl\":\"https:\/\/www.redacteur.com\/blog\/wp-content\/uploads\/sites\/6\/2022\/11\/Image-a-la-une-social-media-etape-partage.png\",\"width\":1024,\"height\":618},{\"@type\":\"BreadcrumbList\",\"@id\":\"https:\/\/www.redacteur.com\/blog\/plus-partage-contenus-web\/#breadcrumb\",\"itemListElement\":[{\"@type\":\"ListItem\",\"position\":1,\"name\":\"Blog\",\"item\":\"https:\/\/www.redacteur.com\/blog\/\"},{\"@type\":\"ListItem\",\"position\":2,\"name\":\"Content marketing\",\"item\":\"https:\/\/www.redacteur.com\/blog\/contenu-web\/\"},{\"@type\":\"ListItem\",\"position\":3,\"name\":\"R\u00e9seaux sociaux\",\"item\":\"https:\/\/www.redacteur.com\/blog\/contenu-web\/reseaux-sociaux\/\"},{\"@type\":\"ListItem\",\"position\":4,\"name\":\"Social media : 6 \u00e9tapes pour encourager le partage de vos contenus\"}]},{\"@type\":\"WebSite\",\"@id\":\"https:\/\/www.redacteur.com\/blog\/#website\",\"url\":\"https:\/\/www.redacteur.com\/blog\/\",\"name\":\"Redacteur.com\",\"description\":\"redacteur\",\"publisher\":{\"@id\":\"https:\/\/www.redacteur.com\/blog\/#organization\"},\"potentialAction\":[{\"@type\":\"SearchAction\",\"target\":{\"@type\":\"EntryPoint\",\"urlTemplate\":\"https:\/\/www.redacteur.com\/blog\/?s={search_term_string}\"},\"query-input\":{\"@type\":\"PropertyValueSpecification\",\"valueRequired\":true,\"valueName\":\"search_term_string\"}}],\"inLanguage\":\"fr-FR\"},{\"@type\":\"Organization\",\"@id\":\"https:\/\/www.redacteur.com\/blog\/#organization\",\"name\":\"Redacteur.com\",\"url\":\"https:\/\/www.redacteur.com\/blog\/\",\"logo\":{\"@type\":\"ImageObject\",\"inLanguage\":\"fr-FR\",\"@id\":\"https:\/\/www.redacteur.com\/blog\/#\/schema\/logo\/image\/\",\"url\":\"https:\/\/www.redacteur.com\/blog\/wp-content\/uploads\/sites\/6\/2022\/10\/logo-redacteur-blog.svg\",\"contentUrl\":\"https:\/\/www.redacteur.com\/blog\/wp-content\/uploads\/sites\/6\/2022\/10\/logo-redacteur-blog.svg\",\"width\":1,\"height\":1,\"caption\":\"Redacteur.com\"},\"image\":{\"@id\":\"https:\/\/www.redacteur.com\/blog\/#\/schema\/logo\/image\/\"},\"sameAs\":[\"https:\/\/www.facebook.com\/redacteurcom\",\"https:\/\/x.com\/Redacteurcom\",\"https:\/\/www.linkedin.com\/company\/redacteur-com\",\"https:\/\/www.youtube.com\/channel\/UCgj9ySM9xy3gdL8qBafl9Uw\/\"]},{\"@type\":\"Person\",\"@id\":\"https:\/\/www.redacteur.com\/blog\/#\/schema\/person\/33c0ef04707fbe50a096f282050bb5f2\",\"name\":\"Laura Michaud\",\"image\":{\"@type\":\"ImageObject\",\"inLanguage\":\"fr-FR\",\"@id\":\"https:\/\/www.redacteur.com\/blog\/#\/schema\/person\/image\/\",\"url\":\"https:\/\/secure.gravatar.com\/avatar\/c3328cc0c887f98cec6b2979af3311ab6333fc7cc2d4847514cfec6a56fa08a7?s=96&d=mm&r=g\",\"contentUrl\":\"https:\/\/secure.gravatar.com\/avatar\/c3328cc0c887f98cec6b2979af3311ab6333fc7cc2d4847514cfec6a56fa08a7?s=96&d=mm&r=g\",\"caption\":\"Laura Michaud\"},\"description\":\"Laura connait tous les meilleurs outils pour g\u00e9rer des projets et une entreprise. Cr\u00e9ative, c'est aussi une sp\u00e9cialiste des outils de cr\u00e9ation graphique pour faire briller une entreprise.\",\"sameAs\":[\"https:\/\/www.linkedin.com\/in\/michaudlaura\/\"],\"url\":\"https:\/\/www.redacteur.com\/blog\/author\/laura\/\"}]}<\/script>\n<!-- \/ Yoast SEO plugin. -->","yoast_head_json":{"title":"Social media : 6 \u00e9tapes pour encourager le partage de vos contenus - Redacteur Blog","description":"Les r\u00e9seaux sociaux sont indissociables d'une bonne strat\u00e9gie content marketing. Mais comment faire en sorte que vos contenus soient partag\u00e9s massivement ?","robots":{"index":"index","follow":"follow","max-snippet":"max-snippet:-1","max-image-preview":"max-image-preview:large","max-video-preview":"max-video-preview:-1"},"canonical":"https:\/\/www.redacteur.com\/blog\/plus-partage-contenus-web\/","og_locale":"fr_FR","og_type":"article","og_title":"Social media : 6 \u00e9tapes pour encourager le partage de vos contenus - Redacteur Blog","og_description":"Les r\u00e9seaux sociaux sont indissociables d'une bonne strat\u00e9gie content marketing. Mais comment faire en sorte que vos contenus soient partag\u00e9s massivement ?","og_url":"https:\/\/www.redacteur.com\/blog\/plus-partage-contenus-web\/","og_site_name":"Redacteur.com","article_publisher":"https:\/\/www.facebook.com\/redacteurcom","article_published_time":"2023-11-17T09:50:00+00:00","article_modified_time":"2023-11-17T09:50:03+00:00","og_image":[{"width":1024,"height":618,"url":"https:\/\/www.redacteur.com\/blog\/wp-content\/uploads\/sites\/6\/2022\/11\/Image-a-la-une-social-media-etape-partage.png","type":"image\/png"}],"author":"Laura Michaud","twitter_card":"summary_large_image","twitter_creator":"@Redacteurcom","twitter_site":"@Redacteurcom","twitter_misc":{"\u00c9crit par":"Laura Michaud","Dur\u00e9e de lecture estim\u00e9e":"6 minutes"},"schema":{"@context":"https:\/\/schema.org","@graph":[{"@type":"Article","@id":"https:\/\/www.redacteur.com\/blog\/plus-partage-contenus-web\/#article","isPartOf":{"@id":"https:\/\/www.redacteur.com\/blog\/plus-partage-contenus-web\/"},"author":{"name":"Laura Michaud","@id":"https:\/\/www.redacteur.com\/blog\/#\/schema\/person\/33c0ef04707fbe50a096f282050bb5f2"},"headline":"Social media&nbsp;: 6 \u00e9tapes pour encourager le partage de vos contenus","datePublished":"2023-11-17T09:50:00+00:00","dateModified":"2023-11-17T09:50:03+00:00","mainEntityOfPage":{"@id":"https:\/\/www.redacteur.com\/blog\/plus-partage-contenus-web\/"},"wordCount":1005,"commentCount":2,"publisher":{"@id":"https:\/\/www.redacteur.com\/blog\/#organization"},"image":{"@id":"https:\/\/www.redacteur.com\/blog\/plus-partage-contenus-web\/#primaryimage"},"thumbnailUrl":"https:\/\/www.redacteur.com\/blog\/wp-content\/uploads\/sites\/6\/2022\/11\/Image-a-la-une-social-media-etape-partage.png","articleSection":["R\u00e9seaux sociaux"],"inLanguage":"fr-FR","potentialAction":[{"@type":"CommentAction","name":"Comment","target":["https:\/\/www.redacteur.com\/blog\/plus-partage-contenus-web\/#respond"]}]},{"@type":"WebPage","@id":"https:\/\/www.redacteur.com\/blog\/plus-partage-contenus-web\/","url":"https:\/\/www.redacteur.com\/blog\/plus-partage-contenus-web\/","name":"Social media : 6 \u00e9tapes pour encourager le partage de vos contenus - Redacteur Blog","isPartOf":{"@id":"https:\/\/www.redacteur.com\/blog\/#website"},"primaryImageOfPage":{"@id":"https:\/\/www.redacteur.com\/blog\/plus-partage-contenus-web\/#primaryimage"},"image":{"@id":"https:\/\/www.redacteur.com\/blog\/plus-partage-contenus-web\/#primaryimage"},"thumbnailUrl":"https:\/\/www.redacteur.com\/blog\/wp-content\/uploads\/sites\/6\/2022\/11\/Image-a-la-une-social-media-etape-partage.png","datePublished":"2023-11-17T09:50:00+00:00","dateModified":"2023-11-17T09:50:03+00:00","description":"Les r\u00e9seaux sociaux sont indissociables d'une bonne strat\u00e9gie content marketing. Mais comment faire en sorte que vos contenus soient partag\u00e9s massivement ?","breadcrumb":{"@id":"https:\/\/www.redacteur.com\/blog\/plus-partage-contenus-web\/#breadcrumb"},"inLanguage":"fr-FR","potentialAction":[{"@type":"ReadAction","target":["https:\/\/www.redacteur.com\/blog\/plus-partage-contenus-web\/"]}]},{"@type":"ImageObject","inLanguage":"fr-FR","@id":"https:\/\/www.redacteur.com\/blog\/plus-partage-contenus-web\/#primaryimage","url":"https:\/\/www.redacteur.com\/blog\/wp-content\/uploads\/sites\/6\/2022\/11\/Image-a-la-une-social-media-etape-partage.png","contentUrl":"https:\/\/www.redacteur.com\/blog\/wp-content\/uploads\/sites\/6\/2022\/11\/Image-a-la-une-social-media-etape-partage.png","width":1024,"height":618},{"@type":"BreadcrumbList","@id":"https:\/\/www.redacteur.com\/blog\/plus-partage-contenus-web\/#breadcrumb","itemListElement":[{"@type":"ListItem","position":1,"name":"Blog","item":"https:\/\/www.redacteur.com\/blog\/"},{"@type":"ListItem","position":2,"name":"Content marketing","item":"https:\/\/www.redacteur.com\/blog\/contenu-web\/"},{"@type":"ListItem","position":3,"name":"R\u00e9seaux sociaux","item":"https:\/\/www.redacteur.com\/blog\/contenu-web\/reseaux-sociaux\/"},{"@type":"ListItem","position":4,"name":"Social media : 6 \u00e9tapes pour encourager le partage de vos contenus"}]},{"@type":"WebSite","@id":"https:\/\/www.redacteur.com\/blog\/#website","url":"https:\/\/www.redacteur.com\/blog\/","name":"Redacteur.com","description":"redacteur","publisher":{"@id":"https:\/\/www.redacteur.com\/blog\/#organization"},"potentialAction":[{"@type":"SearchAction","target":{"@type":"EntryPoint","urlTemplate":"https:\/\/www.redacteur.com\/blog\/?s={search_term_string}"},"query-input":{"@type":"PropertyValueSpecification","valueRequired":true,"valueName":"search_term_string"}}],"inLanguage":"fr-FR"},{"@type":"Organization","@id":"https:\/\/www.redacteur.com\/blog\/#organization","name":"Redacteur.com","url":"https:\/\/www.redacteur.com\/blog\/","logo":{"@type":"ImageObject","inLanguage":"fr-FR","@id":"https:\/\/www.redacteur.com\/blog\/#\/schema\/logo\/image\/","url":"https:\/\/www.redacteur.com\/blog\/wp-content\/uploads\/sites\/6\/2022\/10\/logo-redacteur-blog.svg","contentUrl":"https:\/\/www.redacteur.com\/blog\/wp-content\/uploads\/sites\/6\/2022\/10\/logo-redacteur-blog.svg","width":1,"height":1,"caption":"Redacteur.com"},"image":{"@id":"https:\/\/www.redacteur.com\/blog\/#\/schema\/logo\/image\/"},"sameAs":["https:\/\/www.facebook.com\/redacteurcom","https:\/\/x.com\/Redacteurcom","https:\/\/www.linkedin.com\/company\/redacteur-com","https:\/\/www.youtube.com\/channel\/UCgj9ySM9xy3gdL8qBafl9Uw\/"]},{"@type":"Person","@id":"https:\/\/www.redacteur.com\/blog\/#\/schema\/person\/33c0ef04707fbe50a096f282050bb5f2","name":"Laura Michaud","image":{"@type":"ImageObject","inLanguage":"fr-FR","@id":"https:\/\/www.redacteur.com\/blog\/#\/schema\/person\/image\/","url":"https:\/\/secure.gravatar.com\/avatar\/c3328cc0c887f98cec6b2979af3311ab6333fc7cc2d4847514cfec6a56fa08a7?s=96&d=mm&r=g","contentUrl":"https:\/\/secure.gravatar.com\/avatar\/c3328cc0c887f98cec6b2979af3311ab6333fc7cc2d4847514cfec6a56fa08a7?s=96&d=mm&r=g","caption":"Laura Michaud"},"description":"Laura connait tous les meilleurs outils pour g\u00e9rer des projets et une entreprise. Cr\u00e9ative, c'est aussi une sp\u00e9cialiste des outils de cr\u00e9ation graphique pour faire briller une entreprise.","sameAs":["https:\/\/www.linkedin.com\/in\/michaudlaura\/"],"url":"https:\/\/www.redacteur.com\/blog\/author\/laura\/"}]}},"_links":{"self":[{"href":"https:\/\/www.redacteur.com\/blog\/wp-json\/wp\/v2\/posts\/12304","targetHints":{"allow":["GET"]}}],"collection":[{"href":"https:\/\/www.redacteur.com\/blog\/wp-json\/wp\/v2\/posts"}],"about":[{"href":"https:\/\/www.redacteur.com\/blog\/wp-json\/wp\/v2\/types\/post"}],"author":[{"embeddable":true,"href":"https:\/\/www.redacteur.com\/blog\/wp-json\/wp\/v2\/users\/1"}],"replies":[{"embeddable":true,"href":"https:\/\/www.redacteur.com\/blog\/wp-json\/wp\/v2\/comments?post=12304"}],"version-history":[{"count":0,"href":"https:\/\/www.redacteur.com\/blog\/wp-json\/wp\/v2\/posts\/12304\/revisions"}],"wp:featuredmedia":[{"embeddable":true,"href":"https:\/\/www.redacteur.com\/blog\/wp-json\/wp\/v2\/media\/39101"}],"wp:attachment":[{"href":"https:\/\/www.redacteur.com\/blog\/wp-json\/wp\/v2\/media?parent=12304"}],"wp:term":[{"taxonomy":"category","embeddable":true,"href":"https:\/\/www.redacteur.com\/blog\/wp-json\/wp\/v2\/categories?post=12304"},{"taxonomy":"post_tag","embeddable":true,"href":"https:\/\/www.redacteur.com\/blog\/wp-json\/wp\/v2\/tags?post=12304"}],"curies":[{"name":"wp","href":"https:\/\/api.w.org\/{rel}","templated":true}]}}