{"id":12656,"date":"2021-04-17T10:30:18","date_gmt":"2021-04-17T08:30:18","guid":{"rendered":"https:\/\/www.redacteur.com\/blog\/?p=12656"},"modified":"2021-04-17T10:30:18","modified_gmt":"2021-04-17T08:30:18","slug":"organiser-bullet-journal","status":"publish","type":"post","link":"https:\/\/www.redacteur.com\/blog\/organiser-bullet-journal\/","title":{"rendered":"Comment s&#8217;organiser avec un bullet journal&nbsp;?"},"content":{"rendered":"<p><span style=\"font-weight: 400\">Tr\u00e8s pris\u00e9 des freelances, le bullet journal est un outil d&#8217;organisation bas\u00e9 sur le principe des listes. \u00c0 lui seul, il remplace vos applications de gestion, votre agenda et vos aide-m\u00e9moires.<\/span><\/p>\n<p><span style=\"font-weight: 400\">Et si nous vous parlons du bullet journal aujourd&#8217;hui, c&#8217;est parce qu&#8217;en plus, il booste votre productivit\u00e9&nbsp;! Alors, pourquoi s&#8217;en passer&nbsp;?<\/span><\/p>\n<p>&nbsp;<\/p>\n<h2>Qu\u2019est-ce qu\u2019un bullet journal&nbsp;?<\/h2>\n<p><span style=\"font-weight: 400\">On doit le bullet journal (ou BuJo pour les intimes) \u00e0 Ryder Carroll, un digital product designer am\u00e9ricain. Son id\u00e9e a \u00e9t\u00e9 de cr\u00e9er une m\u00e9thode d&#8217;organisation customisable.<\/span><\/p>\n<p><span style=\"font-weight: 400\"><\/p>\n<blockquote><p>Le concept est simple, retrouver dans un m\u00eame carnet toutes les informations n\u00e9cessaires \u00e0 votre activit\u00e9 professionnelle ou personnelle et pouvoir effectuer un suivi des choses \u00e0 faire et des choses accomplies.<\/p><\/blockquote>\n<p><\/span><\/p>\n<p>&nbsp;<\/p>\n<h2>Comment cr\u00e9er son bullet journal&nbsp;?<\/h2>\n<p><span style=\"font-weight: 400\">Les puristes vous diront que le bullet journal se cr\u00e9e dans un carnet vierge, si possible pointill\u00e9. Le carnet pr\u00e9f\u00e9r\u00e9 des accros au bullet journal est le Leuchturm 1917.<\/span><\/p>\n<p><span style=\"font-weight: 400\">Son papier de qualit\u00e9 et la solidit\u00e9 de sa reliure en font un mod\u00e8le tr\u00e8s pris\u00e9 des &#8220;bujoteurs&#8221; les plus cr\u00e9atifs. Pour \u00eatre franche, dans un but purement organisationnel, n&#8217;importe quel carnet convient.<\/span><\/p>\n<figure id=\"attachment_25582\" aria-describedby=\"caption-attachment-25582\" style=\"width: 700px\" class=\"wp-caption aligncenter\"><img decoding=\"async\" class=\"wp-image-25582 size-full\" src=\"https:\/\/www.redacteur.com\/blog\/wp-content\/uploads\/sites\/6\/2018\/02\/Capture-de\u0301cran-2021-03-23-a\u0300-11.25.36.png\" alt=\"\" width=\"700\" height=\"531\" srcset=\"https:\/\/www.redacteur.com\/blog\/wp-content\/uploads\/sites\/6\/2018\/02\/Capture-de\u0301cran-2021-03-23-a\u0300-11.25.36.png 700w, https:\/\/www.redacteur.com\/blog\/wp-content\/uploads\/sites\/6\/2018\/02\/Capture-de\u0301cran-2021-03-23-a\u0300-11.25.36-300x228.png 300w, https:\/\/www.redacteur.com\/blog\/wp-content\/uploads\/sites\/6\/2018\/02\/Capture-de\u0301cran-2021-03-23-a\u0300-11.25.36-60x46.png 60w, https:\/\/www.redacteur.com\/blog\/wp-content\/uploads\/sites\/6\/2018\/02\/Capture-de\u0301cran-2021-03-23-a\u0300-11.25.36-370x281.png 370w, https:\/\/www.redacteur.com\/blog\/wp-content\/uploads\/sites\/6\/2018\/02\/Capture-de\u0301cran-2021-03-23-a\u0300-11.25.36-270x205.png 270w, https:\/\/www.redacteur.com\/blog\/wp-content\/uploads\/sites\/6\/2018\/02\/Capture-de\u0301cran-2021-03-23-a\u0300-11.25.36-570x432.png 570w, https:\/\/www.redacteur.com\/blog\/wp-content\/uploads\/sites\/6\/2018\/02\/Capture-de\u0301cran-2021-03-23-a\u0300-11.25.36-80x60.png 80w\" sizes=\"(max-width: 700px) 100vw, 700px\" \/><figcaption id=\"caption-attachment-25582\" class=\"wp-caption-text\">Source&nbsp;: https:\/\/journaling.fr\/<\/figcaption><\/figure>\n<p>&nbsp;<\/p>\n<h3>1. Les titres et la num\u00e9rotation<\/h3>\n<p><b>Pensez que votre bullet journal doit \u00eatre simple \u00e0 utiliser.<\/b><span style=\"font-weight: 400\"> Plus vous serez synth\u00e9tique, plus le syst\u00e8me sera efficace.<\/span><\/p>\n<p><span style=\"font-weight: 400\">D\u00e9marrez votre bullet journal au jour de sa cr\u00e9ation. Chaque page doit \u00eatre num\u00e9rot\u00e9e et commencer par un titre. Par exemple &#8220;7 f\u00e9vrier 2018&#8221;. Vous allez ensuite diviser vos actions en 3 modules&nbsp;:\u00a0<\/span><\/p>\n<p><span style=\"font-weight: 400\"><\/span><\/p>\n<ul>\n<li><span style=\"font-weight: 400\">Les t\u00e2ches,<\/span><\/li>\n<li><span style=\"font-weight: 400\">Les \u00e9v\u00e8nements,<\/span><\/li>\n<li><span style=\"font-weight: 400\">Et les notes.<\/span><\/li>\n<\/ul>\n<p><span style=\"font-weight: 400\"><\/span><\/p>\n<p>&nbsp;<\/p>\n<h3>2. Les t\u00e2ches<\/h3>\n<p><span style=\"font-weight: 400\">Pour g\u00e9rer vos t\u00e2ches, vous allez utiliser des signes&nbsp;:<\/span><\/p>\n<p><span style=\"font-weight: 400\"><\/span><\/p>\n<ul>\n<li><span style=\"font-weight: 400\">X = T\u00e2che effectu\u00e9e<\/span><\/li>\n<li><span style=\"font-weight: 400\">. = T\u00e2che \u00e0 faire<\/span><\/li>\n<li><span style=\"font-weight: 400\">&gt; = T\u00e2che transf\u00e9r\u00e9e<\/span><\/li>\n<li><span style=\"font-weight: 400\">&lt; = T\u00e2che pr\u00e9vue<\/span><\/li>\n<\/ul>\n<p><span style=\"font-weight: 400\"><\/span><\/p>\n<p>&nbsp;<\/p>\n<h3>3. Les \u00e9v\u00e8nements<\/h3>\n<p><span style=\"font-weight: 400\">Les \u00e9v\u00e8nements du jour seront pr\u00e9c\u00e9d\u00e9s d&#8217;un &#8220;O&#8221;. Cela peut-\u00eatre un rendez-vous client, ou un lunch avec un coll\u00e8gue. Dans tous les cas, soyez bref&nbsp;: O Resto Mathieu.<\/span><\/p>\n<p>&nbsp;<\/p>\n<h3>4. Les notes<\/h3>\n<p><span style=\"font-weight: 400\">Les notes se distinguent par un tiret&nbsp;: \u201c-\u201d.<\/span><\/p>\n<p><span style=\"font-weight: 400\">Une note c&#8217;est tout ce que \u00e0 quoi vous pensez et dont vous souhaitez vous rappeler.<\/span><\/p>\n<p><span style=\"font-weight: 400\"><\/span><\/p>\n<ul>\n<li><span style=\"font-weight: 400\">Jour f\u00e9ri\u00e9 jeudi<\/span><\/li>\n<li><span style=\"font-weight: 400\">Sortie du nouveau Spielberg le 12\/02&#8230;<\/span><\/li>\n<\/ul>\n<p><span style=\"font-weight: 400\"><\/span><\/p>\n<p>&nbsp;<\/p>\n<h2>Les symboles du bullet journal<\/h2>\n<p><span style=\"font-weight: 400\">Les symboles sont \u00e0 accoler aux signes \u201cX\u201d, \u201c&lt;\u201d ou \u201c&gt;\u201d. \u201c*\u201d signifie important. Ainsi, &#8220;* Appeler Lucie&#8221; signifie&nbsp;: &#8220;Important, appeler Lucie&#8221;.<\/span><\/p>\n<p><span style=\"font-weight: 400\">Un \u0153il repr\u00e9sente un travail qui demande de la recherche. &#8220;\u0152il h\u00f4tel Strasbourg&#8221; veut donc dire &#8220;Trouver un h\u00f4tel \u00e0 Strasbourg&#8221;.<\/span><\/p>\n<p><img decoding=\"async\" class=\"aligncenter size-full wp-image-25583\" src=\"https:\/\/www.redacteur.com\/blog\/wp-content\/uploads\/sites\/6\/2018\/02\/bullet.jpeg\" alt=\"\" width=\"700\" height=\"468\" srcset=\"https:\/\/www.redacteur.com\/blog\/wp-content\/uploads\/sites\/6\/2018\/02\/bullet.jpeg 700w, https:\/\/www.redacteur.com\/blog\/wp-content\/uploads\/sites\/6\/2018\/02\/bullet-300x201.jpeg 300w, https:\/\/www.redacteur.com\/blog\/wp-content\/uploads\/sites\/6\/2018\/02\/bullet-60x40.jpeg 60w, https:\/\/www.redacteur.com\/blog\/wp-content\/uploads\/sites\/6\/2018\/02\/bullet-370x247.jpeg 370w, https:\/\/www.redacteur.com\/blog\/wp-content\/uploads\/sites\/6\/2018\/02\/bullet-270x181.jpeg 270w, https:\/\/www.redacteur.com\/blog\/wp-content\/uploads\/sites\/6\/2018\/02\/bullet-570x381.jpeg 570w\" sizes=\"(max-width: 700px) 100vw, 700px\" \/><\/p>\n<p>&nbsp;<\/p>\n<h2>Les modules<\/h2>\n<p><span style=\"font-weight: 400\">L&#8217;index est le module le plus important de votre bullet journal. Il permet de retrouver exactement \u00e0 quelle page de votre carnet se trouvent les informations concernant un m\u00eame sujet.<\/span><\/p>\n<p><span style=\"font-weight: 400\"><\/span><\/p>\n<ul>\n<li><span style=\"font-weight: 400\">Vacances Espagne&nbsp;: 38-39<\/span><\/li>\n<li><span style=\"font-weight: 400\">Anniversaire Marie&nbsp;: 12, 26, 27<\/span><\/li>\n<li><span style=\"font-weight: 400\">Juillet&nbsp;: 48 &#8211; 61<\/span><\/li>\n<\/ul>\n<p><span style=\"font-weight: 400\"><\/span><\/p>\n<p>&nbsp;<\/p>\n<h2>Les planifications futures<\/h2>\n<p><b>Le concept du bullet journal exige que l&#8217;on inscrive toutes les entr\u00e9es \u00e0 la suite les unes des autres. <\/b><span style=\"font-weight: 400\">Cependant, des pages de planifications peuvent \u00eatre inscrites. L\u00e0, c&#8217;est \u00e0 vous de d\u00e9finir ce dont vous avez besoin pour votre organisation.<\/span><\/p>\n<p><span style=\"font-weight: 400\">Semainier, planning mensuel, page de suivi pour le sport ou la publication d&#8217;articles de blog\u2026 Cr\u00e9ez vous-m\u00eame votre Bujo selon vos propres besoins.<\/span><\/p>\n<p><span style=\"font-weight: 400\"><\/p>\n<blockquote><p>Ayez toujours \u00e0 l&#8217;esprit que plus simple c&#8217;est, mieux c&#8217;est.<\/p><\/blockquote>\n<p><\/span><\/p>\n<p>&nbsp;<\/p>\n<h3>Les entr\u00e9es journali\u00e8res et mensuelles<\/h3>\n<p><span style=\"font-weight: 400\">Voici la partie qui semble \u00eatre la plus importante pour un entrepreneur ou un freelance&nbsp;: les entr\u00e9es journali\u00e8res et mensuelles.<\/span><\/p>\n<p><b>Elles consistent \u00e0 cr\u00e9er chaque jour une liste de t\u00e2ches, d&#8217;\u00e9v\u00e9nements ou de notes.<\/b><span style=\"font-weight: 400\"> Les t\u00e2ches qui n&#8217;auront pas \u00e9t\u00e9 faites seront transf\u00e9r\u00e9es \u00e0 un autre jour et pr\u00e9c\u00e9d\u00e9es du sigle &gt;. Celles qui ont \u00e9t\u00e9 r\u00e9alis\u00e9es seront pr\u00e9c\u00e9d\u00e9es du sigle X. (voir chapitre &#8220;Les t\u00e2ches&#8221;)<\/span><\/p>\n<p><span style=\"font-weight: 400\">Ce syst\u00e8me vous permet de voir l&#8217;avancement de vos t\u00e2ches journali\u00e8res, de les remettre \u00e0 plus tard et donc, de ne pas les oublier, d&#8217;avoir une vision en fin de journ\u00e9e de tout ce que vous avez accompli.<\/span><\/p>\n<p><span style=\"font-weight: 400\"><\/p>\n<blockquote><p>Les entr\u00e9es mensuelles, elles, peuvent servir \u00e0 noter des deadlines par exemple.<\/p><\/blockquote>\n<p><\/span><\/p>\n<p>&nbsp;<\/p>\n<h2>Pour finir<\/h2>\n<p><span style=\"font-weight: 400\">Le bullet journal est un outil qui peut para\u00eetre compliqu\u00e9 \u00e0 utiliser. Pourtant, s&#8217;il est cr\u00e9\u00e9 dans une logique de productivit\u00e9, il permet vraiment de gagner du temps et de ne plus prendre le risque d&#8217;oublier des rendez-vous.<\/span><\/p>\n<p><span style=\"font-weight: 400\">Gr\u00e2ce \u00e0 cet outil, vous pouvez mieux g\u00e9rer votre temps et \u00eatre plus r\u00e9aliste quant \u00e0 la charge de travail que vous pouvez r\u00e9aliser en un jour.<\/span><\/p>\n<p><b>N\u2019oubliez pas de <\/b><a href=\"https:\/\/www.redacteur.com\"><b>faire appel \u00e0 un r\u00e9dacteur freelance professionnel<\/b><\/a><b> pour vos besoins de r\u00e9daction de contenus web&nbsp;!<\/b><\/p>\n","protected":false},"excerpt":{"rendered":"<p>Tr\u00e8s pris\u00e9 des freelances, le bullet journal est un outil d&#8217;organisation bas\u00e9 sur le principe des listes. \u00c0 lui seul, il remplace vos applications de gestion, votre agenda et vos aide-m\u00e9moires. Et si nous vous parlons du bullet journal aujourd&#8217;hui, c&#8217;est parce qu&#8217;en plus, il booste votre productivit\u00e9&nbsp;! Alors, pourquoi s&#8217;en passer&nbsp;? &nbsp; Qu\u2019est-ce qu\u2019un [&hellip;]<\/p>\n","protected":false},"author":1,"featured_media":26039,"comment_status":"open","ping_status":"open","sticky":false,"template":"","format":"standard","meta":{"_acf_changed":false,"inline_featured_image":false,"footnotes":""},"categories":[14],"tags":[],"class_list":["post-12656","post","type-post","status-publish","format-standard","has-post-thumbnail","hentry","category-strategie-editoriale"],"acf":[],"yoast_head":"<!-- This site is optimized with the Yoast SEO plugin v25.9 - https:\/\/yoast.com\/wordpress\/plugins\/seo\/ -->\n<title>Comment s&#039;organiser avec un bullet journal ? - Redacteur Blog<\/title>\n<meta name=\"description\" content=\"Tr\u00e8s pris\u00e9 des freelances, le bullet journal est un outil d&#039;organisation bas\u00e9 sur le principe des listes. \u00c0 lui seul, il remplace vos applications de\" \/>\n<meta name=\"robots\" content=\"index, follow, max-snippet:-1, max-image-preview:large, max-video-preview:-1\" \/>\n<link rel=\"canonical\" href=\"https:\/\/www.redacteur.com\/blog\/organiser-bullet-journal\/\" \/>\n<meta property=\"og:locale\" content=\"fr_FR\" \/>\n<meta property=\"og:type\" content=\"article\" \/>\n<meta property=\"og:title\" content=\"Comment s&#039;organiser avec un bullet journal ? - Redacteur Blog\" \/>\n<meta property=\"og:description\" content=\"Tr\u00e8s pris\u00e9 des freelances, le bullet journal est un outil d&#039;organisation bas\u00e9 sur le principe des listes. \u00c0 lui seul, il remplace vos applications de\" \/>\n<meta property=\"og:url\" content=\"https:\/\/www.redacteur.com\/blog\/organiser-bullet-journal\/\" \/>\n<meta property=\"og:site_name\" content=\"Redacteur.com\" \/>\n<meta property=\"article:publisher\" content=\"https:\/\/www.facebook.com\/redacteurcom\" \/>\n<meta property=\"article:published_time\" content=\"2021-04-17T08:30:18+00:00\" \/>\n<meta property=\"og:image\" content=\"https:\/\/www.redacteur.com\/blog\/wp-content\/uploads\/sites\/6\/2021\/04\/redacteur-blog-img-une.jpg\" \/>\n\t<meta property=\"og:image:width\" content=\"850\" \/>\n\t<meta property=\"og:image:height\" content=\"600\" \/>\n\t<meta property=\"og:image:type\" content=\"image\/jpeg\" \/>\n<meta name=\"author\" content=\"Laura Michaud\" \/>\n<meta name=\"twitter:card\" content=\"summary_large_image\" \/>\n<meta name=\"twitter:creator\" content=\"@Redacteurcom\" \/>\n<meta name=\"twitter:site\" content=\"@Redacteurcom\" \/>\n<meta name=\"twitter:label1\" content=\"\u00c9crit par\" \/>\n\t<meta name=\"twitter:data1\" content=\"Laura Michaud\" \/>\n\t<meta name=\"twitter:label2\" content=\"Dur\u00e9e de lecture estim\u00e9e\" \/>\n\t<meta name=\"twitter:data2\" content=\"4 minutes\" \/>\n<script type=\"application\/ld+json\" class=\"yoast-schema-graph\">{\"@context\":\"https:\/\/schema.org\",\"@graph\":[{\"@type\":\"Article\",\"@id\":\"https:\/\/www.redacteur.com\/blog\/organiser-bullet-journal\/#article\",\"isPartOf\":{\"@id\":\"https:\/\/www.redacteur.com\/blog\/organiser-bullet-journal\/\"},\"author\":{\"name\":\"Laura Michaud\",\"@id\":\"https:\/\/www.redacteur.com\/blog\/#\/schema\/person\/33c0ef04707fbe50a096f282050bb5f2\"},\"headline\":\"Comment s&#8217;organiser avec un bullet journal&nbsp;?\",\"datePublished\":\"2021-04-17T08:30:18+00:00\",\"mainEntityOfPage\":{\"@id\":\"https:\/\/www.redacteur.com\/blog\/organiser-bullet-journal\/\"},\"wordCount\":814,\"commentCount\":0,\"publisher\":{\"@id\":\"https:\/\/www.redacteur.com\/blog\/#organization\"},\"image\":{\"@id\":\"https:\/\/www.redacteur.com\/blog\/organiser-bullet-journal\/#primaryimage\"},\"thumbnailUrl\":\"https:\/\/www.redacteur.com\/blog\/wp-content\/uploads\/sites\/6\/2021\/04\/redacteur-blog-img-une.jpg\",\"articleSection\":[\"Strat\u00e9gie \u00e9ditoriale\"],\"inLanguage\":\"fr-FR\",\"potentialAction\":[{\"@type\":\"CommentAction\",\"name\":\"Comment\",\"target\":[\"https:\/\/www.redacteur.com\/blog\/organiser-bullet-journal\/#respond\"]}]},{\"@type\":\"WebPage\",\"@id\":\"https:\/\/www.redacteur.com\/blog\/organiser-bullet-journal\/\",\"url\":\"https:\/\/www.redacteur.com\/blog\/organiser-bullet-journal\/\",\"name\":\"Comment s'organiser avec un bullet journal ? - Redacteur Blog\",\"isPartOf\":{\"@id\":\"https:\/\/www.redacteur.com\/blog\/#website\"},\"primaryImageOfPage\":{\"@id\":\"https:\/\/www.redacteur.com\/blog\/organiser-bullet-journal\/#primaryimage\"},\"image\":{\"@id\":\"https:\/\/www.redacteur.com\/blog\/organiser-bullet-journal\/#primaryimage\"},\"thumbnailUrl\":\"https:\/\/www.redacteur.com\/blog\/wp-content\/uploads\/sites\/6\/2021\/04\/redacteur-blog-img-une.jpg\",\"datePublished\":\"2021-04-17T08:30:18+00:00\",\"description\":\"Tr\u00e8s pris\u00e9 des freelances, le bullet journal est un outil d'organisation bas\u00e9 sur le principe des listes. \u00c0 lui seul, il remplace vos applications de\",\"breadcrumb\":{\"@id\":\"https:\/\/www.redacteur.com\/blog\/organiser-bullet-journal\/#breadcrumb\"},\"inLanguage\":\"fr-FR\",\"potentialAction\":[{\"@type\":\"ReadAction\",\"target\":[\"https:\/\/www.redacteur.com\/blog\/organiser-bullet-journal\/\"]}]},{\"@type\":\"ImageObject\",\"inLanguage\":\"fr-FR\",\"@id\":\"https:\/\/www.redacteur.com\/blog\/organiser-bullet-journal\/#primaryimage\",\"url\":\"https:\/\/www.redacteur.com\/blog\/wp-content\/uploads\/sites\/6\/2021\/04\/redacteur-blog-img-une.jpg\",\"contentUrl\":\"https:\/\/www.redacteur.com\/blog\/wp-content\/uploads\/sites\/6\/2021\/04\/redacteur-blog-img-une.jpg\",\"width\":850,\"height\":600,\"caption\":\"bullet journal\"},{\"@type\":\"BreadcrumbList\",\"@id\":\"https:\/\/www.redacteur.com\/blog\/organiser-bullet-journal\/#breadcrumb\",\"itemListElement\":[{\"@type\":\"ListItem\",\"position\":1,\"name\":\"Blog\",\"item\":\"https:\/\/www.redacteur.com\/blog\/\"},{\"@type\":\"ListItem\",\"position\":2,\"name\":\"R\u00e9daction web\",\"item\":\"https:\/\/www.redacteur.com\/blog\/redaction-web\/\"},{\"@type\":\"ListItem\",\"position\":3,\"name\":\"Strat\u00e9gie \u00e9ditoriale\",\"item\":\"https:\/\/www.redacteur.com\/blog\/redaction-web\/strategie-editoriale\/\"},{\"@type\":\"ListItem\",\"position\":4,\"name\":\"Comment s&#8217;organiser avec un bullet journal ?\"}]},{\"@type\":\"WebSite\",\"@id\":\"https:\/\/www.redacteur.com\/blog\/#website\",\"url\":\"https:\/\/www.redacteur.com\/blog\/\",\"name\":\"Redacteur.com\",\"description\":\"redacteur\",\"publisher\":{\"@id\":\"https:\/\/www.redacteur.com\/blog\/#organization\"},\"potentialAction\":[{\"@type\":\"SearchAction\",\"target\":{\"@type\":\"EntryPoint\",\"urlTemplate\":\"https:\/\/www.redacteur.com\/blog\/?s={search_term_string}\"},\"query-input\":{\"@type\":\"PropertyValueSpecification\",\"valueRequired\":true,\"valueName\":\"search_term_string\"}}],\"inLanguage\":\"fr-FR\"},{\"@type\":\"Organization\",\"@id\":\"https:\/\/www.redacteur.com\/blog\/#organization\",\"name\":\"Redacteur.com\",\"url\":\"https:\/\/www.redacteur.com\/blog\/\",\"logo\":{\"@type\":\"ImageObject\",\"inLanguage\":\"fr-FR\",\"@id\":\"https:\/\/www.redacteur.com\/blog\/#\/schema\/logo\/image\/\",\"url\":\"https:\/\/www.redacteur.com\/blog\/wp-content\/uploads\/sites\/6\/2022\/10\/logo-redacteur-blog.svg\",\"contentUrl\":\"https:\/\/www.redacteur.com\/blog\/wp-content\/uploads\/sites\/6\/2022\/10\/logo-redacteur-blog.svg\",\"width\":1,\"height\":1,\"caption\":\"Redacteur.com\"},\"image\":{\"@id\":\"https:\/\/www.redacteur.com\/blog\/#\/schema\/logo\/image\/\"},\"sameAs\":[\"https:\/\/www.facebook.com\/redacteurcom\",\"https:\/\/x.com\/Redacteurcom\",\"https:\/\/www.linkedin.com\/company\/redacteur-com\",\"https:\/\/www.youtube.com\/channel\/UCgj9ySM9xy3gdL8qBafl9Uw\/\"]},{\"@type\":\"Person\",\"@id\":\"https:\/\/www.redacteur.com\/blog\/#\/schema\/person\/33c0ef04707fbe50a096f282050bb5f2\",\"name\":\"Laura Michaud\",\"image\":{\"@type\":\"ImageObject\",\"inLanguage\":\"fr-FR\",\"@id\":\"https:\/\/www.redacteur.com\/blog\/#\/schema\/person\/image\/\",\"url\":\"https:\/\/secure.gravatar.com\/avatar\/c3328cc0c887f98cec6b2979af3311ab6333fc7cc2d4847514cfec6a56fa08a7?s=96&d=mm&r=g\",\"contentUrl\":\"https:\/\/secure.gravatar.com\/avatar\/c3328cc0c887f98cec6b2979af3311ab6333fc7cc2d4847514cfec6a56fa08a7?s=96&d=mm&r=g\",\"caption\":\"Laura Michaud\"},\"description\":\"Laura connait tous les meilleurs outils pour g\u00e9rer des projets et une entreprise. Cr\u00e9ative, c'est aussi une sp\u00e9cialiste des outils de cr\u00e9ation graphique pour faire briller une entreprise.\",\"sameAs\":[\"https:\/\/www.linkedin.com\/in\/michaudlaura\/\"],\"url\":\"https:\/\/www.redacteur.com\/blog\/author\/laura\/\"}]}<\/script>\n<!-- \/ Yoast SEO plugin. -->","yoast_head_json":{"title":"Comment s'organiser avec un bullet journal ? - Redacteur Blog","description":"Tr\u00e8s pris\u00e9 des freelances, le bullet journal est un outil d'organisation bas\u00e9 sur le principe des listes. \u00c0 lui seul, il remplace vos applications de","robots":{"index":"index","follow":"follow","max-snippet":"max-snippet:-1","max-image-preview":"max-image-preview:large","max-video-preview":"max-video-preview:-1"},"canonical":"https:\/\/www.redacteur.com\/blog\/organiser-bullet-journal\/","og_locale":"fr_FR","og_type":"article","og_title":"Comment s'organiser avec un bullet journal ? - Redacteur Blog","og_description":"Tr\u00e8s pris\u00e9 des freelances, le bullet journal est un outil d'organisation bas\u00e9 sur le principe des listes. \u00c0 lui seul, il remplace vos applications de","og_url":"https:\/\/www.redacteur.com\/blog\/organiser-bullet-journal\/","og_site_name":"Redacteur.com","article_publisher":"https:\/\/www.facebook.com\/redacteurcom","article_published_time":"2021-04-17T08:30:18+00:00","og_image":[{"width":850,"height":600,"url":"https:\/\/www.redacteur.com\/blog\/wp-content\/uploads\/sites\/6\/2021\/04\/redacteur-blog-img-une.jpg","type":"image\/jpeg"}],"author":"Laura Michaud","twitter_card":"summary_large_image","twitter_creator":"@Redacteurcom","twitter_site":"@Redacteurcom","twitter_misc":{"\u00c9crit par":"Laura Michaud","Dur\u00e9e de lecture estim\u00e9e":"4 minutes"},"schema":{"@context":"https:\/\/schema.org","@graph":[{"@type":"Article","@id":"https:\/\/www.redacteur.com\/blog\/organiser-bullet-journal\/#article","isPartOf":{"@id":"https:\/\/www.redacteur.com\/blog\/organiser-bullet-journal\/"},"author":{"name":"Laura Michaud","@id":"https:\/\/www.redacteur.com\/blog\/#\/schema\/person\/33c0ef04707fbe50a096f282050bb5f2"},"headline":"Comment s&#8217;organiser avec un bullet journal&nbsp;?","datePublished":"2021-04-17T08:30:18+00:00","mainEntityOfPage":{"@id":"https:\/\/www.redacteur.com\/blog\/organiser-bullet-journal\/"},"wordCount":814,"commentCount":0,"publisher":{"@id":"https:\/\/www.redacteur.com\/blog\/#organization"},"image":{"@id":"https:\/\/www.redacteur.com\/blog\/organiser-bullet-journal\/#primaryimage"},"thumbnailUrl":"https:\/\/www.redacteur.com\/blog\/wp-content\/uploads\/sites\/6\/2021\/04\/redacteur-blog-img-une.jpg","articleSection":["Strat\u00e9gie \u00e9ditoriale"],"inLanguage":"fr-FR","potentialAction":[{"@type":"CommentAction","name":"Comment","target":["https:\/\/www.redacteur.com\/blog\/organiser-bullet-journal\/#respond"]}]},{"@type":"WebPage","@id":"https:\/\/www.redacteur.com\/blog\/organiser-bullet-journal\/","url":"https:\/\/www.redacteur.com\/blog\/organiser-bullet-journal\/","name":"Comment s'organiser avec un bullet journal ? - Redacteur Blog","isPartOf":{"@id":"https:\/\/www.redacteur.com\/blog\/#website"},"primaryImageOfPage":{"@id":"https:\/\/www.redacteur.com\/blog\/organiser-bullet-journal\/#primaryimage"},"image":{"@id":"https:\/\/www.redacteur.com\/blog\/organiser-bullet-journal\/#primaryimage"},"thumbnailUrl":"https:\/\/www.redacteur.com\/blog\/wp-content\/uploads\/sites\/6\/2021\/04\/redacteur-blog-img-une.jpg","datePublished":"2021-04-17T08:30:18+00:00","description":"Tr\u00e8s pris\u00e9 des freelances, le bullet journal est un outil d'organisation bas\u00e9 sur le principe des listes. \u00c0 lui seul, il remplace vos applications de","breadcrumb":{"@id":"https:\/\/www.redacteur.com\/blog\/organiser-bullet-journal\/#breadcrumb"},"inLanguage":"fr-FR","potentialAction":[{"@type":"ReadAction","target":["https:\/\/www.redacteur.com\/blog\/organiser-bullet-journal\/"]}]},{"@type":"ImageObject","inLanguage":"fr-FR","@id":"https:\/\/www.redacteur.com\/blog\/organiser-bullet-journal\/#primaryimage","url":"https:\/\/www.redacteur.com\/blog\/wp-content\/uploads\/sites\/6\/2021\/04\/redacteur-blog-img-une.jpg","contentUrl":"https:\/\/www.redacteur.com\/blog\/wp-content\/uploads\/sites\/6\/2021\/04\/redacteur-blog-img-une.jpg","width":850,"height":600,"caption":"bullet journal"},{"@type":"BreadcrumbList","@id":"https:\/\/www.redacteur.com\/blog\/organiser-bullet-journal\/#breadcrumb","itemListElement":[{"@type":"ListItem","position":1,"name":"Blog","item":"https:\/\/www.redacteur.com\/blog\/"},{"@type":"ListItem","position":2,"name":"R\u00e9daction web","item":"https:\/\/www.redacteur.com\/blog\/redaction-web\/"},{"@type":"ListItem","position":3,"name":"Strat\u00e9gie \u00e9ditoriale","item":"https:\/\/www.redacteur.com\/blog\/redaction-web\/strategie-editoriale\/"},{"@type":"ListItem","position":4,"name":"Comment s&#8217;organiser avec un bullet journal ?"}]},{"@type":"WebSite","@id":"https:\/\/www.redacteur.com\/blog\/#website","url":"https:\/\/www.redacteur.com\/blog\/","name":"Redacteur.com","description":"redacteur","publisher":{"@id":"https:\/\/www.redacteur.com\/blog\/#organization"},"potentialAction":[{"@type":"SearchAction","target":{"@type":"EntryPoint","urlTemplate":"https:\/\/www.redacteur.com\/blog\/?s={search_term_string}"},"query-input":{"@type":"PropertyValueSpecification","valueRequired":true,"valueName":"search_term_string"}}],"inLanguage":"fr-FR"},{"@type":"Organization","@id":"https:\/\/www.redacteur.com\/blog\/#organization","name":"Redacteur.com","url":"https:\/\/www.redacteur.com\/blog\/","logo":{"@type":"ImageObject","inLanguage":"fr-FR","@id":"https:\/\/www.redacteur.com\/blog\/#\/schema\/logo\/image\/","url":"https:\/\/www.redacteur.com\/blog\/wp-content\/uploads\/sites\/6\/2022\/10\/logo-redacteur-blog.svg","contentUrl":"https:\/\/www.redacteur.com\/blog\/wp-content\/uploads\/sites\/6\/2022\/10\/logo-redacteur-blog.svg","width":1,"height":1,"caption":"Redacteur.com"},"image":{"@id":"https:\/\/www.redacteur.com\/blog\/#\/schema\/logo\/image\/"},"sameAs":["https:\/\/www.facebook.com\/redacteurcom","https:\/\/x.com\/Redacteurcom","https:\/\/www.linkedin.com\/company\/redacteur-com","https:\/\/www.youtube.com\/channel\/UCgj9ySM9xy3gdL8qBafl9Uw\/"]},{"@type":"Person","@id":"https:\/\/www.redacteur.com\/blog\/#\/schema\/person\/33c0ef04707fbe50a096f282050bb5f2","name":"Laura Michaud","image":{"@type":"ImageObject","inLanguage":"fr-FR","@id":"https:\/\/www.redacteur.com\/blog\/#\/schema\/person\/image\/","url":"https:\/\/secure.gravatar.com\/avatar\/c3328cc0c887f98cec6b2979af3311ab6333fc7cc2d4847514cfec6a56fa08a7?s=96&d=mm&r=g","contentUrl":"https:\/\/secure.gravatar.com\/avatar\/c3328cc0c887f98cec6b2979af3311ab6333fc7cc2d4847514cfec6a56fa08a7?s=96&d=mm&r=g","caption":"Laura Michaud"},"description":"Laura connait tous les meilleurs outils pour g\u00e9rer des projets et une entreprise. Cr\u00e9ative, c'est aussi une sp\u00e9cialiste des outils de cr\u00e9ation graphique pour faire briller une entreprise.","sameAs":["https:\/\/www.linkedin.com\/in\/michaudlaura\/"],"url":"https:\/\/www.redacteur.com\/blog\/author\/laura\/"}]}},"_links":{"self":[{"href":"https:\/\/www.redacteur.com\/blog\/wp-json\/wp\/v2\/posts\/12656","targetHints":{"allow":["GET"]}}],"collection":[{"href":"https:\/\/www.redacteur.com\/blog\/wp-json\/wp\/v2\/posts"}],"about":[{"href":"https:\/\/www.redacteur.com\/blog\/wp-json\/wp\/v2\/types\/post"}],"author":[{"embeddable":true,"href":"https:\/\/www.redacteur.com\/blog\/wp-json\/wp\/v2\/users\/1"}],"replies":[{"embeddable":true,"href":"https:\/\/www.redacteur.com\/blog\/wp-json\/wp\/v2\/comments?post=12656"}],"version-history":[{"count":0,"href":"https:\/\/www.redacteur.com\/blog\/wp-json\/wp\/v2\/posts\/12656\/revisions"}],"wp:featuredmedia":[{"embeddable":true,"href":"https:\/\/www.redacteur.com\/blog\/wp-json\/wp\/v2\/media\/26039"}],"wp:attachment":[{"href":"https:\/\/www.redacteur.com\/blog\/wp-json\/wp\/v2\/media?parent=12656"}],"wp:term":[{"taxonomy":"category","embeddable":true,"href":"https:\/\/www.redacteur.com\/blog\/wp-json\/wp\/v2\/categories?post=12656"},{"taxonomy":"post_tag","embeddable":true,"href":"https:\/\/www.redacteur.com\/blog\/wp-json\/wp\/v2\/tags?post=12656"}],"curies":[{"name":"wp","href":"https:\/\/api.w.org\/{rel}","templated":true}]}}