{"id":1272,"date":"2025-09-10T09:15:00","date_gmt":"2025-09-10T07:15:00","guid":{"rendered":"https:\/\/www.redacteur.com\/blog\/?p=1272"},"modified":"2025-09-10T09:15:00","modified_gmt":"2025-09-10T07:15:00","slug":"creation-charte-editoriale-web","status":"publish","type":"post","link":"https:\/\/www.redacteur.com\/blog\/creation-charte-editoriale-web\/","title":{"rendered":"Cr\u00e9er une charte \u00e9ditoriale en 7 \u00e9tapes"},"content":{"rendered":"\n<p>Avant de lancer votre blog professionnel, il est indispensable d\u2019\u00e9tablir une charte \u00e9ditoriale. Celle-ci vous aide \u00e0 clarifier vos besoins en r\u00e9daction et sera particuli\u00e8rement utile pour vous, comme pour les r\u00e9dacteurs qui seront en charge de l\u2019animation du blog.<\/p>\n\n\n\n<p>Focus sur ce document incontournable pour la <a href=\"https:\/\/www.redacteur.com\/service\/content-marketing\/\" target=\"_blank\" rel=\"noopener noreferrer\">r\u00e9ussite de votre Content Marketing<\/a>&nbsp;!<\/p>\n\n\n\n<h2 class=\"wp-block-heading\">Qu&#8217;est-ce qu&#8217;une charte \u00e9ditoriale&nbsp;?<\/h2>\n\n\n\n<p>La charte \u00e9ditoriale est un document officiel, pr\u00e9sent\u00e9 par l\u2019entreprise, qui fait office de briefing envers les r\u00e9dacteurs web.<\/p>\n\n\n\n<p>Ces r\u00e8gles ont pour but de donner tous les \u00e9l\u00e9ments essentiels aux r\u00e9dacteurs pour&nbsp;<a href=\"..\/..\/..\/service\/rediger-article-blog\/\" target=\"_blank\" rel=\"noopener noreferrer\">construire des billets de blog<\/a>&nbsp;qui r\u00e9pondront \u00e0 vos objectifs de fid\u00e9lisation, d\u2019acquisition, de vente et de r\u00e9f\u00e9rencement.<\/p>\n\n\n\n<p>Elles abordent aussi bien le fond que la forme des articles, afin de garantir \u00e0 votre blog un contenu homog\u00e9n\u00e9is\u00e9, qui v\u00e9hiculera&nbsp;<a href=\"..\/..\/..\/blog\/guide-devenir-pro-storytelling\/\" target=\"_blank\" rel=\"noopener noreferrer\">l\u2019identit\u00e9 de votre entreprise.<\/a><\/p>\n\n\n\n<p>Alors, quelles sont les informations essentielles que doit contenir la charte \u00e9ditoriale&nbsp;?<\/p>\n\n\n\n<h2 class=\"wp-block-heading\">Exemple de charte \u00e9ditoriale en 7 \u00e9tapes<\/h2>\n\n\n\n<p>D\u00e9couvrez un exemple pour cr\u00e9er votre charte \u00e9ditoriale en 7 \u00e9tapes simples \u00e0 suivre et \u00e0 mettre en oeuvre.<\/p>\n\n\n\n<h3 class=\"wp-block-heading\">\u00c9tape 1&nbsp;: Pr\u00e9sentez votre marque ou votre entreprise<\/h3>\n\n\n\n<p>Pour \u00eatre certain de partir dans la bonne direction, la premi\u00e8re \u00e9tape de la r\u00e9daction d&#8217;une <strong>charte \u00e9ditoriale<\/strong> consiste en la pr\u00e9sentation de votre marque ou de votre entreprise. En effet, ce document a pour vocation d&#8217;\u00eatre partag\u00e9 en interne au sein de l\u2019entreprise, mais aussi en externe si vous faites appel \u00e0 un prestataire ext\u00e9rieur.<\/p>\n\n\n\n<p>Commencez par d\u00e9crire les missions de votre entreprise en prenant le soin de parler de sa vision et de ses objectifs long terme et court terme. Il sera \u00e9galement n\u00e9cessaire de mettre l&#8217;accent sur les valeurs de votre entreprise pour comprendre la mani\u00e8re dont elle communique.<\/p>\n\n\n\n<p>Pour orienter vos potentiels prestataires externes, parlez de l\u2019ambition de l\u2019entreprise et des diff\u00e9rentes phases d\u2019\u00e9volution d\u00e9j\u00e0 rencontr\u00e9es. N&#8217;h\u00e9sitez pas non plus \u00e0 r\u00e9server une partie de la r\u00e9daction de votre <strong>charte \u00e9ditoriale<\/strong> \u00e0 l&#8217;organisation de votre \u00e9quipe en interne. Toutes les personnes associ\u00e9es \u00e0 la communication de l&#8217;entreprise doivent \u00eatre mentionn\u00e9es. De cette mani\u00e8re, vous pourrez donner un r\u00f4le \u00e0 chacun.<\/p>\n\n\n\n<h3 class=\"wp-block-heading\">\u00c9tape 2&nbsp;: D\u00e9finissez votre strat\u00e9gie \u00e9ditoriale<\/h3>\n\n\n\n<p>Dans un second temps, vous pouvez passer \u00e0 la d\u00e9finition de votre strat\u00e9gie \u00e9ditoriale. Cette strat\u00e9gie devra comprendre la mention de vos objectifs marketing en termes de communication. Voici des exemples&nbsp;:<\/p>\n\n\n\n<ul class=\"wp-block-list\">\n<li>Augmenter l\u2019engagement sur les posts des r\u00e9seaux sociaux ;<\/li>\n\n\n\n<li>Accro\u00eetre le trafic organique d\u2019un site internet par le biais des r\u00e9seaux sociaux ;<\/li>\n\n\n\n<li>Favoriser les ajouts au panier via un blog ;<\/li>\n\n\n\n<li>Diminuer le taux de rebond sur les articles de blog.<\/li>\n<\/ul>\n\n\n\n<p>Listez l&#8217;ensemble des r\u00e9seaux sociaux sur lesquels vous allez vous appuyer pour communiquer. L&#8217;id\u00e9al serait de se fixer des objectifs par r\u00e9seau social pour que tout le monde ait une vision claire et pr\u00e9cise des attentes escompt\u00e9es.<\/p>\n\n\n\n<p>D\u00e9finissez vos valeurs ajout\u00e9es ainsi que votre positionnement pour mettre en place une communication efficace, impactante, mais surtout unique. En r\u00e9sum\u00e9, listez tout ce qui vous permet de vous d\u00e9marquer de vos concurrents. Ces \u00e9l\u00e9ments diff\u00e9renciants doivent \u00eatre int\u00e9gr\u00e9s \u00e0 votre communication pour vous permettre de sortir du lot.<\/p>\n\n\n\n<p>Enfin, organisez toutes les actions \u00e0 mettre en place dans un calendrier \u00e9ditorial. Ce dernier est un outil pr\u00e9cieux pour piloter votre strat\u00e9gie marketing. En organisant toute la strat\u00e9gie de contenu de votre communication dans ce calendrier, vous aurez une vision globale des sujets \u00e0 traiter et des deadlines \u00e0 ne pas oublier.<\/p>\n\n\n\n<h3 class=\"wp-block-heading\">\u00c9tape 3&nbsp;: D\u00e9finissez vos cibles<\/h3>\n\n\n<div class=\"wp-block-image\">\n<figure class=\"aligncenter\"><img decoding=\"async\" width=\"700\" height=\"467\" src=\"https:\/\/www.redacteur.com\/blog\/wp-content\/uploads\/sites\/6\/2021\/09\/cible-audience.jpg\" alt=\"exemple charte editoriale\" class=\"wp-image-27632\" srcset=\"https:\/\/www.redacteur.com\/blog\/wp-content\/uploads\/sites\/6\/2021\/09\/cible-audience.jpg 700w, https:\/\/www.redacteur.com\/blog\/wp-content\/uploads\/sites\/6\/2021\/09\/cible-audience-300x200.jpg 300w, https:\/\/www.redacteur.com\/blog\/wp-content\/uploads\/sites\/6\/2021\/09\/cible-audience-60x40.jpg 60w, https:\/\/www.redacteur.com\/blog\/wp-content\/uploads\/sites\/6\/2021\/09\/cible-audience-370x247.jpg 370w, https:\/\/www.redacteur.com\/blog\/wp-content\/uploads\/sites\/6\/2021\/09\/cible-audience-270x180.jpg 270w, https:\/\/www.redacteur.com\/blog\/wp-content\/uploads\/sites\/6\/2021\/09\/cible-audience-570x380.jpg 570w\" sizes=\"(max-width: 700px) 100vw, 700px\" \/><\/figure><\/div>\n\n\n<p>L&#8217;\u00e9tape suivante consiste \u00e0 vous int\u00e9resser aux personnes qui consommeront votre contenu&nbsp;: vos cibles.<\/p>\n\n\n\n<p>Nous vous invitons vivement \u00e0 dresser des personae, c\u2019est-\u00e0-dire, des portraits types de vos cibles. Cette technique vous permettra de comprendre comment elles aiment consommer du contenu. Pour tenter de les toucher, int\u00e9ressez-vous aux r\u00e9seaux sociaux qu&#8217;elles utilisent, aux heures auxquelles elles ont l&#8217;habitude de se connecter et au type de contenu qu&#8217;elles aiment voir et partager (vid\u00e9o, photos, citations). Mieux vous conna\u00eetrez vos cibles, mieux vous parviendrez \u00e0 interagir avec elles au travers de votre contenu.<\/p>\n\n\n\n<p>Votre strat\u00e9gie de contenu doit s&#8217;adapter au type de contenu qu&#8217;aiment consommer vos cibles. Pour vous donner un exemple concret, si vous vous rendez compte que vos cibles appr\u00e9cient le format vid\u00e9o, vous avez tout int\u00e9r\u00eat \u00e0 vous concentrer sur ce type de format l\u00e0.<\/p>\n\n\n\n<p>D&#8217;autre part, si vous vous rendez compte que vos cibles aiment consommer du contenu sur le r\u00e9seau social TikTok, cr\u00e9ez le compte de l\u2019entreprise d\u00e8s maintenant sur ce r\u00e9seau.<\/p>\n\n\n\n<p>En effet, cr\u00e9er du contenu et en poster r\u00e9guli\u00e8rement c\u2019est super, mais \u00e7a ne sert \u00e0 rien si nous n&#8217;arrivons pas \u00e0 d\u00e9clencher des actions de la part des utilisateurs gr\u00e2ce \u00e0 ce contenu.<\/p>\n\n\n\n<h3 class=\"wp-block-heading\">\u00c9tape 4&nbsp;: Les \u00e9l\u00e9ments de langage de votre charte \u00e9ditoriale<\/h3>\n\n\n\n<p>D\u00e8s lors que vous aurez d\u00e9fini votre ciblage, interrogez-vous sur le ton \u00e0 adopter pour vous adresser \u00e0 vos cibles. Est-il pr\u00e9f\u00e9rable d&#8217;adopter un ton jovial, un ton neutre, ou un ton d\u00e9cal\u00e9&nbsp;? C&#8217;est \u00e0 vous de d\u00e9cider en fonction des r\u00e9actions que vous souhaitez susciter de la part des utilisateurs.<\/p>\n\n\n\n<p>De la m\u00eame mani\u00e8re que vous devez vous interroger sur la fa\u00e7on de vous adresser \u00e0 vos cibles, interrogez-vous sur la fa\u00e7on dont vous souhaitez parler de votre entreprise. Utiliserez-vous la premi\u00e8re personne du singulier ou la deuxi\u00e8me personne du pluriel&nbsp;? Tout cela doit \u00eatre d\u00e9fini au sein de votre <strong>charte \u00e9ditoriale<\/strong>.<\/p>\n\n\n\n<p>La partie d\u00e9di\u00e9e aux \u00e9l\u00e9ments de langages de votre <strong>charte \u00e9ditoriale<\/strong> devra \u00e9galement expliciter les r\u00e8gles r\u00e9dactionnelles adapt\u00e9es \u00e0 votre entreprise. Pour vous donner un exemple, on ne s&#8217;exprime pas de la m\u00eame mani\u00e8re sur Instagram, sur LinkedIn, sur des flyers ou encore sur des affiches. L&#8217;essentiel est de bien d\u00e9finir les usages de r\u00e9daction \u00e0 adopter sur vos diff\u00e9rents supports de communication.<\/p>\n\n\n\n<h3 class=\"wp-block-heading\">\u00c9tape 5&nbsp;: Lister les supports sur lesquels se d\u00e9clinera votre ligne \u00e9ditoriale<\/h3>\n\n\n\n<p>Apr\u00e8s avoir d\u00e9fini la fa\u00e7on dont vous allez vous exprimer sur vos diff\u00e9rents supports de communication, il est l&#8217;heure de d\u00e9finir les types de supports de communication que vous allez utiliser pour votre entreprise. Nous vous conseillons de s\u00e9parer vos supports en deux parties&nbsp;: la partie print et la partie web.<\/p>\n\n\n\n<p>Concernant votre communication print, souhaitez-vous parler de vous en distribuant des flyers&nbsp;? Avez-vous pour objectif d&#8217;imprimer des affiches pour une communication visuelle urbaine&nbsp;?<\/p>\n\n\n\n<p>\u00c0 l&#8217;heure o\u00f9 toutes les entreprises sont fortement digitalis\u00e9es, votre communication digitale doit \u00eatre un pilier de la strat\u00e9gie de votre entreprise. D\u00e9finissez donc bien les lieux o\u00f9 vous souhaitez \u00eatre pr\u00e9sent et fixez des objectifs \u00e0 suivre pour l&#8217;ensemble de vos supports de communication.<\/p>\n\n\n\n<h3 class=\"wp-block-heading\">\u00c9tape 6&nbsp;: Imposez des r\u00e8gles pour chaque type de contenu<\/h3>\n\n\n\n<p>Puisque votre <strong>charte \u00e9ditoriale<\/strong> a pour objectif d&#8217;harmoniser vos prises de parole, il est n\u00e9cessaire de fixer un certain nombre de r\u00e8gles pour garantir la coh\u00e9rence de la communication de votre entreprise.<\/p>\n\n\n\n<p>D\u00e9finissez les r\u00e8gles \u00e0 suivre pour chaque type de contenu. Pour rendre cette id\u00e9e plus compr\u00e9hensible, prenons un exemple concret. Si plusieurs r\u00e9dacteurs r\u00e9digent du contenu d\u00e9di\u00e9 au blog de votre site Internet, vous avez tout int\u00e9r\u00eat \u00e0 leur donner un document avec des r\u00e8gles \u00e0 suivre pour garantir l\u2019homog\u00e9n\u00e9it\u00e9 de votre blog.<\/p>\n\n\n\n<p>Vous pouvez tout \u00e0 fait d\u00e9finir la typologie des titres des articles en pr\u00e9cisant le nombre de caract\u00e8res et la police d&#8217;\u00e9criture. Nous vous conseillons \u00e9galement de r\u00e9glementer la structure des articles pour garder une coh\u00e9rence.&nbsp;\u00c0 titre d&#8217;exemple, vous pouvez d\u00e9finir le nombre de caract\u00e8res, le nombre de parties et de sous parties que devra contenir un article ainsi que l&#8217;obligation de r\u00e9diger un chap\u00f4 et une conclusion.<\/p>\n\n\n\n<p>Plus vous arrivez \u00e0 uniformiser votre discours, moins le message de votre entreprise sera dilu\u00e9 au gr\u00e9 des plumes des cr\u00e9ateurs de contenu. Vous parviendrez ainsi \u00e0 garder la mainmise sur votre communication.<\/p>\n\n\n\n<h3 class=\"wp-block-heading\">\u00c9tape 7&nbsp;: Votre strat\u00e9gie SEO<\/h3>\n\n\n\n<p>Le r\u00e9f\u00e9rencement naturel est une technique marketing incontournable pour toute entreprise. C&#8217;est une mani\u00e8re de gagner en visibilit\u00e9 sur les moteurs de recherche et de b\u00e9n\u00e9ficier d\u2019une hausse de trafic organique. Pour que chaque membre d&#8217;une \u00e9quipe puisse participer au travail de SEO d&#8217;une entreprise, il est n\u00e9cessaire d&#8217;inclure la strat\u00e9gie SEO au sein de votre <strong>charte \u00e9ditoriale<\/strong>.<\/p>\n\n\n\n<p>Si vous avez pr\u00e9alablement r\u00e9alis\u00e9 un audit SEO pour votre entreprise, n&#8217;h\u00e9sitez pas \u00e0 l&#8217;ins\u00e9rer directement dans votre <strong>charte \u00e9ditoriale<\/strong>. L&#8217;id\u00e9e est que toute l&#8217;\u00e9quipe puisse avoir en t\u00eate les opportunit\u00e9s de mots-cl\u00e9s \u00e0 utiliser pour rendre visible votre entreprise aux yeux des moteurs de recherche en travaillant son ranking. En effet, ces mots-cl\u00e9s pourront \u00eatre utilis\u00e9s au quotidien par les r\u00e9dacteurs web de votre \u00e9quipe dans des articles de blog par exemple.<\/p>\n\n\n\n<blockquote class=\"wp-block-quote is-layout-flow wp-block-quote-is-layout-flow\">\n<p>Envie de faire r\u00e9diger vos contenus web&nbsp;? Retrouvez <a href=\"https:\/\/www.redacteur.com\/service\/comparatif-redacteur-com-vs-textmaster\/\" target=\"_blank\" rel=\"noopener noreferrer\">notre article comparatif<\/a> sur TextMaster et Redacteur.com pour faire votre choix.<\/p>\n<\/blockquote>\n\n\n\n<h2 class=\"wp-block-heading\">La charte \u00e9ditoriale d\u00e9finit les objectifs du blog<\/h2>\n\n\n\n<p>Tout d\u2019abord, pour que vos r\u00e9dacteurs puissent trouver l\u2019angle d\u2019attaque parfait, ils doivent comprendre pr\u00e9cis\u00e9ment les objectifs de votre blog.<\/p>\n\n\n\n<p>Ceux-ci peuvent \u00eatre multiples, mais il faut les expliciter noir sur blanc pour diriger la r\u00e9daction&nbsp;:&nbsp;<strong>acqu\u00e9rir du trafic de qualit\u00e9, remonter dans les moteurs de recherche, aider les clients \u00e0 se servir de vos prestations, faire la promotion d\u2019un service, \u00e9duquer le prospect, etc.<\/strong><\/p>\n\n\n\n<p>\u00c9videmment, il est recommand\u00e9 de d\u00e9cliner les r\u00e8gles que nous verrons ci-apr\u00e8s par objectifs.<\/p>\n\n\n\n<blockquote class=\"wp-block-quote is-layout-flow wp-block-quote-is-layout-flow\">\n<p>\u00c0 lire aussi&nbsp;:&nbsp;<a href=\"https:\/\/www.redacteur.com\/blog\/les-metiers-du-web\/\">Tout savoir sur les m\u00e9tiers du web<\/a><\/p>\n<\/blockquote>\n\n\n\n<h2 class=\"wp-block-heading\">La charte \u00e9ditoriale d\u00e9termine les cibles<\/h2>\n\n\n\n<p>Les r\u00e8gles devront tenir compte du <a href=\"https:\/\/www.redacteur.com\/blog\/utiliser-personas-content-marketing\/\" target=\"_blank\" rel=\"noopener noreferrer\">profil des personnes<\/a> \u00e0 qui s\u2019adressent vos contenus.&nbsp;On n\u2019\u00e9crit pas de la m\u00eame mani\u00e8re pour des chefs d\u2019entreprise que pour des mamans au foyer. Il faut aussi d\u00e9finir le niveau d\u2019expertise de la cible.<\/p>\n\n\n\n<p>Ces \u00e9l\u00e9ments doivent donc \u00eatre suivis du ton \u00e0 employer&nbsp;:<\/p>\n\n\n\n<ul class=\"wp-block-list\">\n<li>Professionnel ou d\u00e9cal\u00e9 ;<\/li>\n\n\n\n<li>Tutoiement ou vouvoiement ;<\/li>\n\n\n\n<li>Jargon technique ou termes vulgaris\u00e9s&#8230;<\/li>\n<\/ul>\n\n\n\n<blockquote class=\"wp-block-quote is-layout-flow wp-block-quote-is-layout-flow\">\n<p>\u00c0 lire aussi&nbsp;: <a href=\"https:\/\/www.redacteur.com\/blog\/comment-definir-buyer-persona\/\">Comment d\u00e9finir votre buyer persona&nbsp;?<\/a><\/p>\n<\/blockquote>\n\n\n\n<h2 class=\"wp-block-heading\">La charte \u00e9ditoriale aborde le fond et la forme des articles<\/h2>\n\n\n\n<p>Dans cette section, listez les diff\u00e9rentes cat\u00e9gories du blog qui permettent de structurer vos contenus.<\/p>\n\n\n\n<p>D\u00e9taillez aussi <a href=\"https:\/\/www.redacteur.com\/service\/creer-contenu-site\/\" target=\"_blank\" rel=\"noopener noreferrer\">les types de contenus<\/a> attendus&nbsp;:<\/p>\n\n\n\n<ul class=\"wp-block-list\">\n<li>infographie ;<\/li>\n\n\n\n<li>article ;<\/li>\n\n\n\n<li>checklist ;<\/li>\n\n\n\n<li>vrai\/faux ;<\/li>\n\n\n\n<li>\u00e9tude de cas, etc.<\/li>\n<\/ul>\n\n\n\n<p>C\u2019est aussi dans cette section que vous devez indiquer le niveau de pr\u00e9cision requis&nbsp;: citation de chiffre-cl\u00e9, pr\u00e9sence de sources officielles, citation d\u2019\u00e9tudes de moins de 2 ans&#8230;<\/p>\n\n\n\n<p>Ce chapitre de la charte \u00e9ditoriale web comprend aussi les r\u00e8gles concernant les illustrations. Est-ce que les r\u00e9dacteurs devront fournir des visuels pour illustrer l\u2019article&nbsp;? Si oui, combien, dans quel format, \u00e0 quel endroit de l\u2019article&nbsp;?<\/p>\n\n\n\n<blockquote class=\"wp-block-quote is-layout-flow wp-block-quote-is-layout-flow\">\n<p>\u00c0 lire aussi&nbsp;: <a href=\"https:\/\/www.redacteur.com\/blog\/sites-photos-libres-droits\/\">10 sites de photos libres de droits pour illustrer vos contenus<\/a><\/p>\n<\/blockquote>\n\n\n\n<h2 class=\"wp-block-heading\">Cr\u00e9er des r\u00e8gles r\u00e9dactionnelles<\/h2>\n\n\n\n<p>Enfin, veillez \u00e0 donner la structure souhait\u00e9e pour chaque article, \u00e0 savoir un titre, une introduction (de combien de mots \u00e0 peu pr\u00e8s&nbsp;?), le nombre de sous-titres et paragraphes, une conclusion\u2026<\/p>\n\n\n\n<p>Il faudra aussi d\u00e9finir la longueur totale des articles&nbsp;: pr\u00e9f\u00e9rez-vous des <a href=\"https:\/\/www.redacteur.com\/blog\/choisir-format-court-contenu\/\" target=\"_blank\" rel=\"noopener noreferrer\">formats courts<\/a> de 300 mots, classiques de 500 mots ou de <a href=\"https:\/\/www.redacteur.com\/blog\/choisir-format-long-contenu\/\" target=\"_blank\" rel=\"noopener noreferrer\">longs billets<\/a> illustr\u00e9s de 1 200 mots&nbsp;?<\/p>\n\n\n\n<p>Il faut aussi penser aux mots-cl\u00e9s, comment doivent-ils \u00eatre int\u00e9gr\u00e9s dans les textes&nbsp;? Par exemple, vous pouvez demander aux r\u00e9dacteurs de les mettre dans le titre, dans au moins un sous-titre et 5 fois dans l\u2019article, en gras.<\/p>\n\n\n\n<blockquote class=\"wp-block-quote is-layout-flow wp-block-quote-is-layout-flow\">\n<p>\u00c0 lire aussi&nbsp;: <a href=\"https:\/\/www.redacteur.com\/blog\/gras-italique-souligne-conseil-articles-blog\/\">Gras, italique, soulign\u00e9&nbsp;: 8 conseils pour bien les utiliser dans vos articles de blog<\/a><\/p>\n<\/blockquote>\n\n\n\n<h2 class=\"wp-block-heading\">Charte \u00e9ditoriale et ligne \u00e9ditoriale&nbsp;: quelles diff\u00e9rences&nbsp;?<\/h2>\n\n\n\n<p>On a parfois tendance \u00e0 confondre une <strong>charte \u00e9ditoriale<\/strong> avec une ligne \u00e9ditoriale. Pourtant, il s&#8217;agit de deux documents bien distincts. Pour y voir plus clair, laissez-nous vous parler des diff\u00e9rences entre les deux.<\/p>\n\n\n\n<p>Pour commencer, d\u00e9finissons ce qu\u2019est \u00e0 proprement dit une <strong>charte \u00e9ditoriale<\/strong> et le cadre dans lequel on l\u2019utilise. Une <strong>charte \u00e9ditoriale<\/strong> est un document de r\u00e9f\u00e9rence d\u00e9finissant la mani\u00e8re dont doit \u00eatre produit le contenu destin\u00e9 \u00e0 la communication (print et web) d\u2019une entreprise. Ce document doit repr\u00e9senter l\u2019identit\u00e9 d&#8217;une entreprise en faisant transpirer ses valeurs. Son objectif est donc d&#8217;uniformiser les prises de parole d&#8217;une entreprise sur l&#8217;ensemble de ses supports de communication.<\/p>\n\n\n\n<p>\u00c0 c\u00f4t\u00e9 de la charte, on retrouve la ligne \u00e9ditoriale. C\u2019est un document qui d\u00e9finit les choix \u00e0 faire et les axes \u00e0 respecter dans le cadre de la cr\u00e9ation de contenu. On \u00e9labore une ligne \u00e9ditoriale pour veiller \u00e0 l&#8217;harmonisation de la communication d&#8217;une marque lorsque plusieurs professionnels produisent du contenu pour le m\u00eame m\u00e9dia.<\/p>\n\n\n\n<p>En r\u00e9sum\u00e9, on peut dire que la ligne \u00e9ditoriale d\u00e9coule de la <strong>charte \u00e9ditoriale<\/strong> et que ces deux documents participent \u00e0 l\u2019harmonisation de la communication d\u2019une marque\/entreprise.<\/p>\n\n\n\n<h2 class=\"wp-block-heading\">Les points cl\u00e9s pour r\u00e9diger une charte \u00e9ditoriale<\/h2>\n\n\n\n<p>Le r\u00f4le principal d\u2019une charte \u00e9ditoriale est de garantir une coh\u00e9rence, \u00ab une ligne de conduite \u00bb, des diff\u00e9rents contenus d\u2019un site. Alors comment r\u00e9aliser une bonne charte \u00e9ditoriale&nbsp;? Nos conseils.<\/p>\n\n\n<div class=\"wp-block-image\">\n<figure class=\"aligncenter\"><img decoding=\"async\" width=\"1080\" height=\"720\" src=\"https:\/\/www.redacteur.com\/blog\/wp-content\/uploads\/sites\/6\/2019\/03\/redacteur-writer-compressor.jpg\" alt=\"rediger une charte \u00e9ditoriale pour le web r\u00e9dacteur freelance\" class=\"wp-image-15806\" srcset=\"https:\/\/www.redacteur.com\/blog\/wp-content\/uploads\/sites\/6\/2019\/03\/redacteur-writer-compressor.jpg 1080w, https:\/\/www.redacteur.com\/blog\/wp-content\/uploads\/sites\/6\/2019\/03\/redacteur-writer-compressor-300x200.jpg 300w, https:\/\/www.redacteur.com\/blog\/wp-content\/uploads\/sites\/6\/2019\/03\/redacteur-writer-compressor-1024x683.jpg 1024w, https:\/\/www.redacteur.com\/blog\/wp-content\/uploads\/sites\/6\/2019\/03\/redacteur-writer-compressor-768x512.jpg 768w, https:\/\/www.redacteur.com\/blog\/wp-content\/uploads\/sites\/6\/2019\/03\/redacteur-writer-compressor-60x40.jpg 60w, https:\/\/www.redacteur.com\/blog\/wp-content\/uploads\/sites\/6\/2019\/03\/redacteur-writer-compressor-370x247.jpg 370w, https:\/\/www.redacteur.com\/blog\/wp-content\/uploads\/sites\/6\/2019\/03\/redacteur-writer-compressor-270x180.jpg 270w, https:\/\/www.redacteur.com\/blog\/wp-content\/uploads\/sites\/6\/2019\/03\/redacteur-writer-compressor-570x380.jpg 570w, https:\/\/www.redacteur.com\/blog\/wp-content\/uploads\/sites\/6\/2019\/03\/redacteur-writer-compressor-740x493.jpg 740w\" sizes=\"(max-width: 1080px) 100vw, 1080px\" \/><\/figure><\/div>\n\n\n<h4 class=\"wp-block-heading\">D\u00e9signer une personne&nbsp;responsable de la r\u00e9daction<\/h4>\n\n\n\n<p>Il convient avant toute chose de d\u00e9signer une personne qui sera <strong><a href=\"https:\/\/www.redacteur.com\/service\/devenir-redacteur-web\/\" target=\"_blank\" rel=\"noopener noreferrer\">responsable de la r\u00e9daction<\/a><\/strong> de cette charte mais aussi responsable du projet.<\/p>\n\n\n\n<p>Sa mission principale sera de <strong>rassembler<\/strong> et de <strong>clarifier<\/strong> les id\u00e9es de chacun afin de bien identifier <strong>l\u2019identit\u00e9<\/strong> du site sur un document \u00e9crit.<\/p>\n\n\n\n<h4 class=\"wp-block-heading\">D\u00e9terminer les principales lignes de la charte \u00e9ditoriale web<\/h4>\n\n\n\n<p>La premi\u00e8re \u00e9tape, qui n\u2019est pas des moindres, est de d\u00e9terminer<strong> les principales lignes<\/strong> de la charte \u00e9ditoriale web. Il est donc important de r\u00e9unir toute l\u2019\u00e9quipe, car c\u2019est le moment id\u00e9al pour \u00e9changer voire confronter ses id\u00e9es.<\/p>\n\n\n\n<p>Pour ce faire vous pouvez vous poser plusieurs questions comme&nbsp;:<\/p>\n\n\n\n<ul class=\"wp-block-list\">\n<li>Quelle est la mission du site Internet&nbsp;?<\/li>\n\n\n\n<li>\u00c0 qui s&#8217;adresse-t-il&nbsp;?<\/li>\n\n\n\n<li>Comment doit \u00eatre le style du contenu sur le site&nbsp;? etc.<\/li>\n<\/ul>\n\n\n\n<p>Et ensuite \u00e9laborer des id\u00e9es de r\u00e9ponses pour chacune d\u2019entre elles.<\/p>\n\n\n\n<p>Ensuite le chef de projet devra expliquer la <strong>structure<\/strong> du contenu \u00e9ditorial en privil\u00e9giant les images, les captures d\u2019\u00e9cran, etc. dans le but d\u2019\u00eatre plus parlant pour l\u2019\u00e9quipe.<\/p>\n\n\n\n<h4 class=\"wp-block-heading\">\u00c9noncer les r\u00e8gles r\u00e9dactionnelles<\/h4>\n\n\n\n<p>Une fois que le responsable de projet a expliqu\u00e9 la structure du contenu, il doit \u00e9noncer <strong>les r\u00e8gles r\u00e9dactionnelles<\/strong>.<\/p>\n\n\n\n<p>\u00c0 savoir le style \u00e0 utiliser en illustrant par des exemples, le format \u00e0 adapter \u00e0 tous les textes, les r\u00e8gles de r\u00e9daction concernant le r\u00e9f\u00e9rencement, les mots cl\u00e9s, les mots cl\u00e9s dans les titres, etc.<\/p>\n\n\n\n<p>Mais \u00e9galement les <strong>autres contenus<\/strong> comme les photos, vid\u00e9os, graphiques, etc. \u00e0 int\u00e9grer dans le site.<\/p>\n\n\n\n<h4 class=\"wp-block-heading\">Organiser la publication des contenus<\/h4>\n\n\n\n<p>L\u2019autre \u00e9tape consiste \u00e0 <strong><a href=\"https:\/\/www.redacteur.com\/blog\/comment-construire-la-planification-editoriale\/\">bien organiser la publication des contenus<\/a><\/strong>. Il faut donc se demander&nbsp;:<\/p>\n\n\n\n<ul class=\"wp-block-list\">\n<li>Qui va \u00e9crire quoi, quand&nbsp;?<\/li>\n\n\n\n<li>Qui va valider les textes&nbsp;?<\/li>\n\n\n\n<li>Qui s&#8217;occupera des images&nbsp;?<\/li>\n<\/ul>\n\n\n\n<p>Ce sera le moment parfait pour trouver une <strong>organisation r\u00e9aliste et rationnelle<\/strong> tout en r\u00e9partissant correctement les t\u00e2ches.<\/p>\n\n\n\n<h4 class=\"wp-block-heading\">Indiquer la mani\u00e8re de g\u00e9rer&nbsp;les \u00e9changes entre chacun<\/h4>\n\n\n\n<p>Il est possible que votre site g\u00e8re du <strong>contenu communautaire<\/strong> (forum, commentaires, etc.). Il est donc conseill\u00e9 d\u2019indiquer la mani\u00e8re dont doivent fonctionner les \u00e9changes entre chacun.<\/p>\n\n\n\n<p>Vous pouvez par exemple vous poser les questions suivantes&nbsp;:<\/p>\n\n\n\n<ul class=\"wp-block-list\">\n<li>Comment sont mod\u00e9r\u00e9es les discussions&nbsp;?<\/li>\n\n\n\n<li>Comment les commentaires sont-ils mis en avant sur le site&nbsp;?<\/li>\n<\/ul>\n\n\n\n<h2 class=\"wp-block-heading\">Notre astuce pour cr\u00e9er une charte \u00e9ditoriale<\/h2>\n\n\n\n<p>Avant de travailler avec un ou plusieurs r\u00e9dacteurs web, il s\u2019av\u00e8re pertinent de r\u00e9diger une charte \u00e9ditoriale pour transmettre des consignes pr\u00e9cises \u00e0 vos collaborateurs.&nbsp;Ils pourront alors vous proposer des contenus correspondant \u00e0 vos attentes et vous permettant de remplir les objectifs de votre strat\u00e9gie Content Marketing.<\/p>\n\n\n\n<p>Une fois la charte \u00e9ditoriale r\u00e9dig\u00e9e, l\u2019id\u00e9al est d\u2019envoyer un <strong><a href=\"https:\/\/www.redacteur.com\/blog\/bestof-brief-redactionnel\/\" target=\"_blank\" rel=\"noopener noreferrer\">brief<\/a> de 2 \u00e0 3 pages<\/strong> \u00e0 chacun des r\u00e9dacteurs. Celui-ci devra indiquer les <strong>r\u00e8gles de r\u00e9daction<\/strong> \u00e0 suivre afin de publier un texte adapt\u00e9 \u00e0 votre site web.<\/p>\n\n\n\n<p>Pour vos besoins en r\u00e9daction web, n&#8217;h\u00e9sitez pas \u00e0 faire appel \u00e0 des r\u00e9dacteurs professionnels sur <a href=\"https:\/\/www.redacteur.com\/\">Redacteur.com<\/a>.<\/p>\n","protected":false},"excerpt":{"rendered":"<p>Avant de lancer votre blog professionnel, il est indispensable d\u2019\u00e9tablir une charte \u00e9ditoriale. Celle-ci vous aide \u00e0 clarifier vos besoins en r\u00e9daction et sera particuli\u00e8rement utile pour vous, comme pour les r\u00e9dacteurs qui seront en charge de l\u2019animation du blog. Focus sur ce document incontournable pour la r\u00e9ussite de votre Content Marketing&nbsp;! Qu&#8217;est-ce qu&#8217;une charte [&hellip;]<\/p>\n","protected":false},"author":1,"featured_media":42093,"comment_status":"open","ping_status":"open","sticky":false,"template":"","format":"standard","meta":{"_acf_changed":false,"inline_featured_image":false,"footnotes":""},"categories":[14],"tags":[],"class_list":["post-1272","post","type-post","status-publish","format-standard","has-post-thumbnail","hentry","category-strategie-editoriale"],"acf":[],"yoast_head":"<!-- This site is optimized with the Yoast SEO plugin v25.9 - https:\/\/yoast.com\/wordpress\/plugins\/seo\/ -->\n<title>Comment r\u00e9diger une charte \u00e9ditoriale pour le web ?<\/title>\n<meta name=\"description\" content=\"Avant de lancer votre blog professionnel, il est indispensable de cr\u00e9er une charte \u00e9ditoriale. D\u00e9couvrez les conseils de Redacteur.com.\" \/>\n<meta name=\"robots\" content=\"index, follow, max-snippet:-1, max-image-preview:large, max-video-preview:-1\" \/>\n<link rel=\"canonical\" href=\"https:\/\/www.redacteur.com\/blog\/creation-charte-editoriale-web\/\" \/>\n<meta property=\"og:locale\" content=\"fr_FR\" \/>\n<meta property=\"og:type\" content=\"article\" \/>\n<meta property=\"og:title\" content=\"Comment r\u00e9diger une charte \u00e9ditoriale pour le web ?\" \/>\n<meta property=\"og:description\" content=\"Avant de lancer votre blog professionnel, il est indispensable de cr\u00e9er une charte \u00e9ditoriale. D\u00e9couvrez les conseils de Redacteur.com.\" \/>\n<meta property=\"og:url\" content=\"https:\/\/www.redacteur.com\/blog\/creation-charte-editoriale-web\/\" \/>\n<meta property=\"og:site_name\" content=\"Redacteur.com\" \/>\n<meta property=\"article:publisher\" content=\"https:\/\/www.facebook.com\/redacteurcom\" \/>\n<meta property=\"article:published_time\" content=\"2025-09-10T07:15:00+00:00\" \/>\n<meta property=\"og:image\" content=\"https:\/\/www.redacteur.com\/blog\/wp-content\/uploads\/sites\/6\/2025\/03\/creation-charte-editoriale-web.png\" \/>\n\t<meta property=\"og:image:width\" content=\"1200\" \/>\n\t<meta property=\"og:image:height\" content=\"675\" \/>\n\t<meta property=\"og:image:type\" content=\"image\/png\" \/>\n<meta name=\"author\" content=\"Laura Michaud\" \/>\n<meta name=\"twitter:card\" content=\"summary_large_image\" \/>\n<meta name=\"twitter:creator\" content=\"@Redacteurcom\" \/>\n<meta name=\"twitter:site\" content=\"@Redacteurcom\" \/>\n<meta name=\"twitter:label1\" content=\"\u00c9crit par\" \/>\n\t<meta name=\"twitter:data1\" content=\"Laura Michaud\" \/>\n\t<meta name=\"twitter:label2\" content=\"Dur\u00e9e de lecture estim\u00e9e\" \/>\n\t<meta name=\"twitter:data2\" content=\"14 minutes\" \/>\n<script type=\"application\/ld+json\" class=\"yoast-schema-graph\">{\"@context\":\"https:\/\/schema.org\",\"@graph\":[{\"@type\":\"Article\",\"@id\":\"https:\/\/www.redacteur.com\/blog\/creation-charte-editoriale-web\/#article\",\"isPartOf\":{\"@id\":\"https:\/\/www.redacteur.com\/blog\/creation-charte-editoriale-web\/\"},\"author\":{\"name\":\"Laura Michaud\",\"@id\":\"https:\/\/www.redacteur.com\/blog\/#\/schema\/person\/33c0ef04707fbe50a096f282050bb5f2\"},\"headline\":\"Cr\u00e9er une charte \u00e9ditoriale en 7 \u00e9tapes\",\"datePublished\":\"2025-09-10T07:15:00+00:00\",\"mainEntityOfPage\":{\"@id\":\"https:\/\/www.redacteur.com\/blog\/creation-charte-editoriale-web\/\"},\"wordCount\":2846,\"commentCount\":0,\"publisher\":{\"@id\":\"https:\/\/www.redacteur.com\/blog\/#organization\"},\"image\":{\"@id\":\"https:\/\/www.redacteur.com\/blog\/creation-charte-editoriale-web\/#primaryimage\"},\"thumbnailUrl\":\"https:\/\/www.redacteur.com\/blog\/wp-content\/uploads\/sites\/6\/2025\/03\/creation-charte-editoriale-web.png\",\"articleSection\":[\"Strat\u00e9gie \u00e9ditoriale\"],\"inLanguage\":\"fr-FR\",\"potentialAction\":[{\"@type\":\"CommentAction\",\"name\":\"Comment\",\"target\":[\"https:\/\/www.redacteur.com\/blog\/creation-charte-editoriale-web\/#respond\"]}]},{\"@type\":\"WebPage\",\"@id\":\"https:\/\/www.redacteur.com\/blog\/creation-charte-editoriale-web\/\",\"url\":\"https:\/\/www.redacteur.com\/blog\/creation-charte-editoriale-web\/\",\"name\":\"Comment r\u00e9diger une charte \u00e9ditoriale pour le web ?\",\"isPartOf\":{\"@id\":\"https:\/\/www.redacteur.com\/blog\/#website\"},\"primaryImageOfPage\":{\"@id\":\"https:\/\/www.redacteur.com\/blog\/creation-charte-editoriale-web\/#primaryimage\"},\"image\":{\"@id\":\"https:\/\/www.redacteur.com\/blog\/creation-charte-editoriale-web\/#primaryimage\"},\"thumbnailUrl\":\"https:\/\/www.redacteur.com\/blog\/wp-content\/uploads\/sites\/6\/2025\/03\/creation-charte-editoriale-web.png\",\"datePublished\":\"2025-09-10T07:15:00+00:00\",\"description\":\"Avant de lancer votre blog professionnel, il est indispensable de cr\u00e9er une charte \u00e9ditoriale. D\u00e9couvrez les conseils de Redacteur.com.\",\"breadcrumb\":{\"@id\":\"https:\/\/www.redacteur.com\/blog\/creation-charte-editoriale-web\/#breadcrumb\"},\"inLanguage\":\"fr-FR\",\"potentialAction\":[{\"@type\":\"ReadAction\",\"target\":[\"https:\/\/www.redacteur.com\/blog\/creation-charte-editoriale-web\/\"]}]},{\"@type\":\"ImageObject\",\"inLanguage\":\"fr-FR\",\"@id\":\"https:\/\/www.redacteur.com\/blog\/creation-charte-editoriale-web\/#primaryimage\",\"url\":\"https:\/\/www.redacteur.com\/blog\/wp-content\/uploads\/sites\/6\/2025\/03\/creation-charte-editoriale-web.png\",\"contentUrl\":\"https:\/\/www.redacteur.com\/blog\/wp-content\/uploads\/sites\/6\/2025\/03\/creation-charte-editoriale-web.png\",\"width\":1200,\"height\":675,\"caption\":\"cr\u00e9er une charte \u00e9ditoriale\"},{\"@type\":\"BreadcrumbList\",\"@id\":\"https:\/\/www.redacteur.com\/blog\/creation-charte-editoriale-web\/#breadcrumb\",\"itemListElement\":[{\"@type\":\"ListItem\",\"position\":1,\"name\":\"Blog\",\"item\":\"https:\/\/www.redacteur.com\/blog\/\"},{\"@type\":\"ListItem\",\"position\":2,\"name\":\"R\u00e9daction web\",\"item\":\"https:\/\/www.redacteur.com\/blog\/redaction-web\/\"},{\"@type\":\"ListItem\",\"position\":3,\"name\":\"Strat\u00e9gie \u00e9ditoriale\",\"item\":\"https:\/\/www.redacteur.com\/blog\/redaction-web\/strategie-editoriale\/\"},{\"@type\":\"ListItem\",\"position\":4,\"name\":\"Cr\u00e9er une charte \u00e9ditoriale en 7 \u00e9tapes\"}]},{\"@type\":\"WebSite\",\"@id\":\"https:\/\/www.redacteur.com\/blog\/#website\",\"url\":\"https:\/\/www.redacteur.com\/blog\/\",\"name\":\"Redacteur.com\",\"description\":\"redacteur\",\"publisher\":{\"@id\":\"https:\/\/www.redacteur.com\/blog\/#organization\"},\"potentialAction\":[{\"@type\":\"SearchAction\",\"target\":{\"@type\":\"EntryPoint\",\"urlTemplate\":\"https:\/\/www.redacteur.com\/blog\/?s={search_term_string}\"},\"query-input\":{\"@type\":\"PropertyValueSpecification\",\"valueRequired\":true,\"valueName\":\"search_term_string\"}}],\"inLanguage\":\"fr-FR\"},{\"@type\":\"Organization\",\"@id\":\"https:\/\/www.redacteur.com\/blog\/#organization\",\"name\":\"Redacteur.com\",\"url\":\"https:\/\/www.redacteur.com\/blog\/\",\"logo\":{\"@type\":\"ImageObject\",\"inLanguage\":\"fr-FR\",\"@id\":\"https:\/\/www.redacteur.com\/blog\/#\/schema\/logo\/image\/\",\"url\":\"https:\/\/www.redacteur.com\/blog\/wp-content\/uploads\/sites\/6\/2022\/10\/logo-redacteur-blog.svg\",\"contentUrl\":\"https:\/\/www.redacteur.com\/blog\/wp-content\/uploads\/sites\/6\/2022\/10\/logo-redacteur-blog.svg\",\"width\":1,\"height\":1,\"caption\":\"Redacteur.com\"},\"image\":{\"@id\":\"https:\/\/www.redacteur.com\/blog\/#\/schema\/logo\/image\/\"},\"sameAs\":[\"https:\/\/www.facebook.com\/redacteurcom\",\"https:\/\/x.com\/Redacteurcom\",\"https:\/\/www.linkedin.com\/company\/redacteur-com\",\"https:\/\/www.youtube.com\/channel\/UCgj9ySM9xy3gdL8qBafl9Uw\/\"]},{\"@type\":\"Person\",\"@id\":\"https:\/\/www.redacteur.com\/blog\/#\/schema\/person\/33c0ef04707fbe50a096f282050bb5f2\",\"name\":\"Laura Michaud\",\"image\":{\"@type\":\"ImageObject\",\"inLanguage\":\"fr-FR\",\"@id\":\"https:\/\/www.redacteur.com\/blog\/#\/schema\/person\/image\/\",\"url\":\"https:\/\/secure.gravatar.com\/avatar\/c3328cc0c887f98cec6b2979af3311ab6333fc7cc2d4847514cfec6a56fa08a7?s=96&d=mm&r=g\",\"contentUrl\":\"https:\/\/secure.gravatar.com\/avatar\/c3328cc0c887f98cec6b2979af3311ab6333fc7cc2d4847514cfec6a56fa08a7?s=96&d=mm&r=g\",\"caption\":\"Laura Michaud\"},\"description\":\"Laura connait tous les meilleurs outils pour g\u00e9rer des projets et une entreprise. Cr\u00e9ative, c'est aussi une sp\u00e9cialiste des outils de cr\u00e9ation graphique pour faire briller une entreprise.\",\"sameAs\":[\"https:\/\/www.linkedin.com\/in\/michaudlaura\/\"],\"url\":\"https:\/\/www.redacteur.com\/blog\/author\/laura\/\"}]}<\/script>\n<!-- \/ Yoast SEO plugin. -->","yoast_head_json":{"title":"Comment r\u00e9diger une charte \u00e9ditoriale pour le web ?","description":"Avant de lancer votre blog professionnel, il est indispensable de cr\u00e9er une charte \u00e9ditoriale. D\u00e9couvrez les conseils de Redacteur.com.","robots":{"index":"index","follow":"follow","max-snippet":"max-snippet:-1","max-image-preview":"max-image-preview:large","max-video-preview":"max-video-preview:-1"},"canonical":"https:\/\/www.redacteur.com\/blog\/creation-charte-editoriale-web\/","og_locale":"fr_FR","og_type":"article","og_title":"Comment r\u00e9diger une charte \u00e9ditoriale pour le web ?","og_description":"Avant de lancer votre blog professionnel, il est indispensable de cr\u00e9er une charte \u00e9ditoriale. D\u00e9couvrez les conseils de Redacteur.com.","og_url":"https:\/\/www.redacteur.com\/blog\/creation-charte-editoriale-web\/","og_site_name":"Redacteur.com","article_publisher":"https:\/\/www.facebook.com\/redacteurcom","article_published_time":"2025-09-10T07:15:00+00:00","og_image":[{"width":1200,"height":675,"url":"https:\/\/www.redacteur.com\/blog\/wp-content\/uploads\/sites\/6\/2025\/03\/creation-charte-editoriale-web.png","type":"image\/png"}],"author":"Laura Michaud","twitter_card":"summary_large_image","twitter_creator":"@Redacteurcom","twitter_site":"@Redacteurcom","twitter_misc":{"\u00c9crit par":"Laura Michaud","Dur\u00e9e de lecture estim\u00e9e":"14 minutes"},"schema":{"@context":"https:\/\/schema.org","@graph":[{"@type":"Article","@id":"https:\/\/www.redacteur.com\/blog\/creation-charte-editoriale-web\/#article","isPartOf":{"@id":"https:\/\/www.redacteur.com\/blog\/creation-charte-editoriale-web\/"},"author":{"name":"Laura Michaud","@id":"https:\/\/www.redacteur.com\/blog\/#\/schema\/person\/33c0ef04707fbe50a096f282050bb5f2"},"headline":"Cr\u00e9er une charte \u00e9ditoriale en 7 \u00e9tapes","datePublished":"2025-09-10T07:15:00+00:00","mainEntityOfPage":{"@id":"https:\/\/www.redacteur.com\/blog\/creation-charte-editoriale-web\/"},"wordCount":2846,"commentCount":0,"publisher":{"@id":"https:\/\/www.redacteur.com\/blog\/#organization"},"image":{"@id":"https:\/\/www.redacteur.com\/blog\/creation-charte-editoriale-web\/#primaryimage"},"thumbnailUrl":"https:\/\/www.redacteur.com\/blog\/wp-content\/uploads\/sites\/6\/2025\/03\/creation-charte-editoriale-web.png","articleSection":["Strat\u00e9gie \u00e9ditoriale"],"inLanguage":"fr-FR","potentialAction":[{"@type":"CommentAction","name":"Comment","target":["https:\/\/www.redacteur.com\/blog\/creation-charte-editoriale-web\/#respond"]}]},{"@type":"WebPage","@id":"https:\/\/www.redacteur.com\/blog\/creation-charte-editoriale-web\/","url":"https:\/\/www.redacteur.com\/blog\/creation-charte-editoriale-web\/","name":"Comment r\u00e9diger une charte \u00e9ditoriale pour le web ?","isPartOf":{"@id":"https:\/\/www.redacteur.com\/blog\/#website"},"primaryImageOfPage":{"@id":"https:\/\/www.redacteur.com\/blog\/creation-charte-editoriale-web\/#primaryimage"},"image":{"@id":"https:\/\/www.redacteur.com\/blog\/creation-charte-editoriale-web\/#primaryimage"},"thumbnailUrl":"https:\/\/www.redacteur.com\/blog\/wp-content\/uploads\/sites\/6\/2025\/03\/creation-charte-editoriale-web.png","datePublished":"2025-09-10T07:15:00+00:00","description":"Avant de lancer votre blog professionnel, il est indispensable de cr\u00e9er une charte \u00e9ditoriale. D\u00e9couvrez les conseils de Redacteur.com.","breadcrumb":{"@id":"https:\/\/www.redacteur.com\/blog\/creation-charte-editoriale-web\/#breadcrumb"},"inLanguage":"fr-FR","potentialAction":[{"@type":"ReadAction","target":["https:\/\/www.redacteur.com\/blog\/creation-charte-editoriale-web\/"]}]},{"@type":"ImageObject","inLanguage":"fr-FR","@id":"https:\/\/www.redacteur.com\/blog\/creation-charte-editoriale-web\/#primaryimage","url":"https:\/\/www.redacteur.com\/blog\/wp-content\/uploads\/sites\/6\/2025\/03\/creation-charte-editoriale-web.png","contentUrl":"https:\/\/www.redacteur.com\/blog\/wp-content\/uploads\/sites\/6\/2025\/03\/creation-charte-editoriale-web.png","width":1200,"height":675,"caption":"cr\u00e9er une charte \u00e9ditoriale"},{"@type":"BreadcrumbList","@id":"https:\/\/www.redacteur.com\/blog\/creation-charte-editoriale-web\/#breadcrumb","itemListElement":[{"@type":"ListItem","position":1,"name":"Blog","item":"https:\/\/www.redacteur.com\/blog\/"},{"@type":"ListItem","position":2,"name":"R\u00e9daction web","item":"https:\/\/www.redacteur.com\/blog\/redaction-web\/"},{"@type":"ListItem","position":3,"name":"Strat\u00e9gie \u00e9ditoriale","item":"https:\/\/www.redacteur.com\/blog\/redaction-web\/strategie-editoriale\/"},{"@type":"ListItem","position":4,"name":"Cr\u00e9er une charte \u00e9ditoriale en 7 \u00e9tapes"}]},{"@type":"WebSite","@id":"https:\/\/www.redacteur.com\/blog\/#website","url":"https:\/\/www.redacteur.com\/blog\/","name":"Redacteur.com","description":"redacteur","publisher":{"@id":"https:\/\/www.redacteur.com\/blog\/#organization"},"potentialAction":[{"@type":"SearchAction","target":{"@type":"EntryPoint","urlTemplate":"https:\/\/www.redacteur.com\/blog\/?s={search_term_string}"},"query-input":{"@type":"PropertyValueSpecification","valueRequired":true,"valueName":"search_term_string"}}],"inLanguage":"fr-FR"},{"@type":"Organization","@id":"https:\/\/www.redacteur.com\/blog\/#organization","name":"Redacteur.com","url":"https:\/\/www.redacteur.com\/blog\/","logo":{"@type":"ImageObject","inLanguage":"fr-FR","@id":"https:\/\/www.redacteur.com\/blog\/#\/schema\/logo\/image\/","url":"https:\/\/www.redacteur.com\/blog\/wp-content\/uploads\/sites\/6\/2022\/10\/logo-redacteur-blog.svg","contentUrl":"https:\/\/www.redacteur.com\/blog\/wp-content\/uploads\/sites\/6\/2022\/10\/logo-redacteur-blog.svg","width":1,"height":1,"caption":"Redacteur.com"},"image":{"@id":"https:\/\/www.redacteur.com\/blog\/#\/schema\/logo\/image\/"},"sameAs":["https:\/\/www.facebook.com\/redacteurcom","https:\/\/x.com\/Redacteurcom","https:\/\/www.linkedin.com\/company\/redacteur-com","https:\/\/www.youtube.com\/channel\/UCgj9ySM9xy3gdL8qBafl9Uw\/"]},{"@type":"Person","@id":"https:\/\/www.redacteur.com\/blog\/#\/schema\/person\/33c0ef04707fbe50a096f282050bb5f2","name":"Laura Michaud","image":{"@type":"ImageObject","inLanguage":"fr-FR","@id":"https:\/\/www.redacteur.com\/blog\/#\/schema\/person\/image\/","url":"https:\/\/secure.gravatar.com\/avatar\/c3328cc0c887f98cec6b2979af3311ab6333fc7cc2d4847514cfec6a56fa08a7?s=96&d=mm&r=g","contentUrl":"https:\/\/secure.gravatar.com\/avatar\/c3328cc0c887f98cec6b2979af3311ab6333fc7cc2d4847514cfec6a56fa08a7?s=96&d=mm&r=g","caption":"Laura Michaud"},"description":"Laura connait tous les meilleurs outils pour g\u00e9rer des projets et une entreprise. Cr\u00e9ative, c'est aussi une sp\u00e9cialiste des outils de cr\u00e9ation graphique pour faire briller une entreprise.","sameAs":["https:\/\/www.linkedin.com\/in\/michaudlaura\/"],"url":"https:\/\/www.redacteur.com\/blog\/author\/laura\/"}]}},"_links":{"self":[{"href":"https:\/\/www.redacteur.com\/blog\/wp-json\/wp\/v2\/posts\/1272","targetHints":{"allow":["GET"]}}],"collection":[{"href":"https:\/\/www.redacteur.com\/blog\/wp-json\/wp\/v2\/posts"}],"about":[{"href":"https:\/\/www.redacteur.com\/blog\/wp-json\/wp\/v2\/types\/post"}],"author":[{"embeddable":true,"href":"https:\/\/www.redacteur.com\/blog\/wp-json\/wp\/v2\/users\/1"}],"replies":[{"embeddable":true,"href":"https:\/\/www.redacteur.com\/blog\/wp-json\/wp\/v2\/comments?post=1272"}],"version-history":[{"count":0,"href":"https:\/\/www.redacteur.com\/blog\/wp-json\/wp\/v2\/posts\/1272\/revisions"}],"wp:featuredmedia":[{"embeddable":true,"href":"https:\/\/www.redacteur.com\/blog\/wp-json\/wp\/v2\/media\/42093"}],"wp:attachment":[{"href":"https:\/\/www.redacteur.com\/blog\/wp-json\/wp\/v2\/media?parent=1272"}],"wp:term":[{"taxonomy":"category","embeddable":true,"href":"https:\/\/www.redacteur.com\/blog\/wp-json\/wp\/v2\/categories?post=1272"},{"taxonomy":"post_tag","embeddable":true,"href":"https:\/\/www.redacteur.com\/blog\/wp-json\/wp\/v2\/tags?post=1272"}],"curies":[{"name":"wp","href":"https:\/\/api.w.org\/{rel}","templated":true}]}}