{"id":1300,"date":"2025-12-09T10:00:00","date_gmt":"2025-12-09T09:00:00","guid":{"rendered":"https:\/\/www.redacteur.com\/blog\/?p=1300"},"modified":"2025-12-09T10:00:02","modified_gmt":"2025-12-09T09:00:02","slug":"fautes-orthographe","status":"publish","type":"post","link":"https:\/\/www.redacteur.com\/blog\/fautes-orthographe\/","title":{"rendered":"Les fautes d\u2019orthographe courantes \u00e0 \u00e9viter"},"content":{"rendered":"<p>Les fautes d&#8217;orthographe les plus courantes sont aussi les plus faciles \u00e0 \u00e9viter. Syntaxe, r\u00e8gles d\u2019accord, de conjugaison ou de grammaire, quelques astuces simples permettent de savoir comment les \u00e9viter.<\/p>\n<p>En mati\u00e8re de <a href=\"https:\/\/www.redacteur.com\/\">r\u00e9daction web<\/a>, l&#8217;orthographe est primordiale pour garantir \u00e0 vos lecteurs des contenus de qualit\u00e9. Une mauvaise orthographe peut vous faire perdre des visiteurs qui pr\u00e9f\u00e9reront d&#8217;autres blogs plus qualitatifs.<\/p>\n<p>Pour vous aider, Redacteur.com vous propose de faire le point sur quelques fautes d\u2019orthographe courantes \u00e0 \u00e9viter pour am\u00e9liorer vos r\u00e9dactions.<\/p>\n<h2>Les fautes d&#8217;orthographe les plus courantes<\/h2>\n<p>Voici les fautes d&#8217;orthographes les plus courantes et les astuces pour les \u00e9viter.<\/p>\n<h3>La concordance des temps apr\u00e8s &#8220;si&#8221;<\/h3>\n<ul>\n<li>Lorsque la conjonction de subordination &#8220;si&#8221; est <strong>suivi du pr\u00e9sent<\/strong>, le verbe de la proposition principale se met au <strong>futur<\/strong>.<\/li>\n<\/ul>\n<p>Exemple\u00a0: Si je cherche sur R\u00e9dacteur, je trouverai le freelance qu\u2019il me faut.<\/p>\n<ul>\n<li>Quand &#8220;si&#8221; est <strong>suivi de l\u2019imparfait<\/strong>, le verbe de la proposition principale se met au <strong>conditionnel pr\u00e9sent<\/strong>\u00a0: Si je cherchais\u2026, je trouverais\u2026 .<\/li>\n<li>Lorsque &#8220;si&#8221; est <strong>suivi du plus-que-parfait<\/strong>, le verbe de la proposition principale est au c<strong>onditionnel pass\u00e9<\/strong>\u00a0: Si j\u2019avais cherch\u00e9 \u2026, j\u2019aurais trouv\u00e9\u2026 .<\/li>\n<\/ul>\n<blockquote><p>N\u2019oubliez jamais la r\u00e8gle fondamentale\u00a0: les \u00ab\u00a0si\u00a0\u00bb n\u2019aiment pas les \u00ab\u00a0rai\u00a0\u00bb. En aucun cas, vous ne devrez dire\u00a0: si je chercherai\u2026<\/p><\/blockquote>\n<h3>Comment accorder le mot \u00ab\u00a0tout\u00a0\u00bb<\/h3>\n<p>Un tout petit mot qui s\u2019accorde indistinctement selon sa nature.<\/p>\n<p><span title=\"Une autre structure peut enrichir votre style et sembler plus percutante.\">Si<\/span> \u00ab tout \u00bb est un nom, il faut l\u2019accorder en nombre. Par exemple&nbsp;: un tout, <span title=\"Le mot \u2018des\u2019 ne peut pas pr\u00e9c\u00e9der \u2018tous\u2019.\">des tous<\/span>.<\/p>\n<ul>\n<li><span title=\"Une autre structure peut enrichir votre style et sembler plus percutante.\">S\u2019<\/span>il est mis devant un nom, <strong>il devient d\u00e9terminant<\/strong>. \u00c0 ce moment-l\u00e0, <strong>vous devez l\u2019accorder en genre et en nombre avec le nom<\/strong> auquel il renvoie. Exemples\u00a0: tout humain, toute faiblesse, tous les soirs, toutes les journ\u00e9es.<\/li>\n<li><span title=\"Une autre structure peut enrichir votre style et sembler plus percutante.\">Si<\/span> \u00ab tout \u00bb est un pronom, <strong>il s\u2019accordera en genre et en nombre avec le nom auquel il renvoie<\/strong>. Par exemple&nbsp;: On ose tout ce qu\u2019il nous pla\u00eet. Tous ceux qui chantent sont pr\u00e9sents. Il les voit tous ensemble.<\/li>\n<li>\u00ab Tout \u00bb peut aussi <strong>\u00eatre un adverbe<\/strong>, il est <strong>alors invariable<\/strong>. On \u00e9crira&nbsp;: \u00ab il est tout entier affair\u00e9 \u00e0 son travail \u00bb mais aussi \u00ab Ils sont tout entiers affairer \u00e0 leur travail \u00bb.<\/li>\n<\/ul>\n<p>Il est possible de remplacer \u00ab tout entier(s) \u00bb \u00e0 ce moment-l\u00e0 par \u00ab tout \u00e0 fait \u00bb ou \u00ab compl\u00e8tement\u00bb.<\/p>\n<p><strong>ATTENTION&nbsp;: <\/strong>la liaison peut induire en erreur.<\/p>\n<p>Dans \u00ab cette femme est tout enti\u00e8re affair\u00e9e \u00e0 son travail, la liaison nous fait entendre \u00ab toute \u00bb mais c\u2019est aussi ici un adverbe et il reste donc invariable.<\/p>\n<p><strong>Une exception d\u2019accord <\/strong>est faite pour le \u00ab tout \u00bb plac\u00e9 devant un h muet.\u00a0 A ce moment l\u00e0, il reste invariable. Si le h est aspir\u00e9 le \u00ab tout \u00bb s\u2019accorde.<\/p>\n<p>Elle est <span title=\"L\u2019accord est de rigueur devant un adjectif f\u00e9minin commen\u00e7ant par une consonne.\">tout<\/span> h\u00e9sitante.<\/p>\n<p>Elle est toute sympathique.<\/p>\n<p>Elles sont toutes hyst\u00e9riques<\/p>\n<h3>Ce ou se&nbsp;?<\/h3>\n<p>On utilise \u00ab se \u00bb pour un verbe pronominal&nbsp;: Se coucher, se distraire, se m\u00ealer.<\/p>\n<p>Le \u00ab ce \u00bb est utilis\u00e9 comme pronom d\u00e9monstratif&nbsp;: Ce gobelet, ce cabas\u2026<\/p>\n<p>Certaines phrases peuvent soulever une <span title=\"Une virgule semble \u00eatre requise.\">question<\/span> par exemple&nbsp;:<\/p>\n<p>\u00ab L\u2019assembl\u00e9e s\u2019est dissoute vers 17 heures \u00bb mais il est aussi possible de dire \u00ab l\u2019assembl\u00e9e, c\u2019est termin\u00e9 et il est 17 heures \u00bb. La virgule joue un r\u00f4le fondamental dans la deuxi\u00e8me phrase.<\/p>\n<h3>S ou <span title=\"Faute de frappe possible trouv\u00e9e.\">\u00e7<\/span>&nbsp;?<\/h3>\n<p>(ce, se, \u00e7a, sa) En phon\u00e9tique, \u00ab s \u00bb et \u00ab <span title=\"Faute de frappe possible trouv\u00e9e.\">\u00e7<\/span> \u00bb donnent le m\u00eame son, d\u2019o\u00f9 la confusion qui a parfois cours lorsque l\u2019on \u00e9crit&nbsp;: \u00ab <span title=\"Le pronom d\u00e9monstratif \u00ab\u00a0\u00e7a\u00a0\u00bb est attendu devant un verbe.\">sa<\/span> se fait comme sa \u00bb au lieu de \u00ab \u00e7a se fait comme \u00e7a \u00bb.<\/p>\n<p>Une astuce permet de ne pas confondre le possessif \u00ab sa \u00bb et l\u2019adverbe \u00ab \u00e7a \u00bb. Il suffit de remplacer <span title=\"Le pronom d\u00e9monstratif \u2018\u00e7a\u2019 semble plus probable que le d\u00e9terminant \u2018sa\u2019.\">sa<\/span> <span title=\"Pour \u00e9voquer un lieu, un temps ou une situation, \u00e9crivez \u00ab\u00a0o\u00f9\u00a0\u00bb. La conjonction \u00ab\u00a0ou\u00a0\u00bb signale une alternative.\">ou \u00e7a<\/span> par cela pour savoir lequel des deux employer&nbsp;: \u00ab voil\u00e0 ce que \u00ab \u00e7a \u00bb donne \u00bb peut \u00eatre remplac\u00e9 par \u00ab voil\u00e0 ce que \u00ab cela \u00bb donne \u00bb.\u00a0Par cons\u00e9quent, c\u2019est le c c\u00e9dille qui l\u2019emporte.<\/p>\n<p>Pour ce qui est du bon emploi de \u00ab ce \u00bb et &#8220;se&#8221;, il faut retenir que le premier est un pronom d\u00e9monstratif qui se place avant un nom et le second un pronom personnel qui se place avant le verbe.<\/p>\n<h3>L\u2019accord des nombres<\/h3>\n<p>\u00c9crits en chiffres ou en toutes lettres, les nombres ont cette f\u00e2cheuse tendance \u00e0 nous rendre ch\u00e8vre. Sachez que les nombres sont g\u00e9n\u00e9ralement invariables \u00e0 quelques exceptions pr\u00e8s.<\/p>\n<p>Par exemple&nbsp;:<\/p>\n<ul>\n<li>Le chiffre \u00ab un \u00bb s\u2019accorde en genre, mais ne prend jamais la marque du pluriel&nbsp;: \u00ab ce sont les num\u00e9ros un des r\u00e9dacteurs \u00bb. Sauf dans ce type d\u2019expression&nbsp;: \u00ab les uns les autres \u00bb.<\/li>\n<li>Le z\u00e9ro employ\u00e9 comme un nom s\u2019accorde&nbsp;: \u00ab ce chiffre est suivi de trois z\u00e9ros \u00bb.<\/li>\n<li>Cent ne s\u2019accorde pas s\u2019il est suivi d\u2019un autre chiffre&nbsp;: \u00ab deux-cent-cinquante \u00bb et \u00ab deux-cents \u00bb.<\/li>\n<li>\u00ab Mille \u00bb reste toujours invariable.<\/li>\n<\/ul>\n<h3>\u00ab <span title=\"Cette phrase ne commence pas par une majuscule.\">ai<\/span> \u00bb ou \u00ab ais \u00bb&nbsp;?<\/h3>\n<p>Pour r\u00e9pondre \u00e0 cette question et bien diff\u00e9rencier le futur \u00ab ai \u00bb du conditionnel \u00ab ais \u00bb, il faut remplacer le sujet par la premi\u00e8re personne du singulier ou la premi\u00e8re personne du pluriel.<\/p>\n<p>Par exemple&nbsp;: \u00ab je prendrai le train \u00bb se remplace sans faute par \u00ab il prendra le train \u00bb ou \u00ab nous prendrons le train \u00bb, c\u2019est qu\u2019il s\u2019agit bien du futur simple, donc \u00ab ai \u00bb.<\/p>\n<p>L\u2019accord de base du participe pass\u00e9 Le participe pass\u00e9 s\u2019accorde selon les auxiliaires avoir et \u00eatre, la nature du compl\u00e9ment d\u2019objet et la place de ce dernier dans la phrase. Ainsi, dans le cas de l\u2019auxiliaire \u00ab avoir \u00bb, le participe pass\u00e9 s\u2019accorde en genre <span title=\"Dans un contexte formel des synonymes peuvent enrichir votre style.\">et<\/span> en nombre avec le compl\u00e9ment d\u2019objet si celui-ci est plac\u00e9 avant&nbsp;: \u00ab Ces entreprises, je les ai cr\u00e9\u00e9es \u00bb. Dans le cas o\u00f9 le compl\u00e9ment d\u2019objet est plac\u00e9 apr\u00e8s ou n\u2019existe pas, le participe pass\u00e9 conjugu\u00e9 avec \u00ab avoir \u00bb reste invariable&nbsp;: \u00ab J\u2019ai cr\u00e9\u00e9 ces entreprises \u00bb.<\/p>\n<p>Conjugu\u00e9 avec l\u2019auxiliaire \u00ab \u00eatre \u00bb, le participe pass\u00e9 s\u2019accorde en genre et en nombre avec le sujet du verbe&nbsp;: \u00ab Mes partenaires sont partis \u00bb. Sans auxiliaire, le participe pass\u00e9 prend la valeur d\u2019un adjectif.<\/p>\n<h3>Infinitif ou non&nbsp;?<\/h3>\n<p>Pour savoir quand mettre le verbe \u00e0 l\u2019infinitif dans une phrase, il faut retenir ces deux petites r\u00e8gles&nbsp;: Quand deux verbes se suivent, le second se met \u00e0 l\u2019infinitif. Exemple&nbsp;: je vais partir.<\/p>\n<p>Le verbe se met \u00e0 l\u2019infinitif apr\u00e8s les pr\u00e9positions \u00ab de \u00bb, \u00ab \u00e0 \u00bb, \u00ab pour \u00bb et \u00ab sans \u00bb. Exemple&nbsp;: je parle sans mentir.<\/p>\n<h3>L\u2019accord des adjectifs de couleur<\/h3>\n<ul>\n<li>Les couleurs aussi ob\u00e9issent \u00e0 des r\u00e8gles quelque peu compliqu\u00e9es&nbsp;!<\/li>\n<li>Si la couleur est d\u00e9sign\u00e9e par un nom, elle est invariable.<\/li>\n<\/ul>\n<p><strong><span title=\"Une virgule semble \u00eatre requise.\">Attention<\/span><\/strong><span title=\"Une virgule semble \u00eatre requise dans ce contexte.\">, il<\/span> existe cinq exceptions \u00e0 la r\u00e8gle qui s\u2019accordent toujours&nbsp;: <strong>mauve, pourpre, fauve, \u00e9carlate, rose. <\/strong><\/p>\n<p>Par exemple, vous direz des tasses orange et des assiettes mauves.<\/p>\n<ul>\n<li>Deux adjectifs utilis\u00e9s pour d\u00e9signer une m\u00eame couleur ne s\u2019accordent pas.<\/li>\n<\/ul>\n<p>Par exemple&nbsp;: des tissus vert fonc\u00e9.<\/p>\n<ul>\n<li>Les adjectifs de couleur compos\u00e9s restent aussi invariables.<\/li>\n<\/ul>\n<p>Par exemple&nbsp;: des yeux bleu clair.<\/p>\n<p>Toutefois, la couleur en tant qu\u2019adjectif s\u2019accorde en genre et en nombre avec le nom auquel il se rapporte. Par exemple, un gant bleu, des lunettes bleues.<\/p>\n<h3>Le verbe \u00ab appeler \u00bb<\/h3>\n<p>Nous retrouvons tr\u00e8s fr\u00e9quemment des fautes sur l\u2019orthographe du verbe appeler.<\/p>\n<p>Pour commencer, et cela ne fait pas d\u00e9bat, le verbe appeler prends toujours 2 P quelle que soit la personne \u00e0 laquelle il est conjugu\u00e9.<\/p>\n<p>Par contre, il ne prend pas \u00e0 chaque fois 2\u2009L. En effet, on dira \u00ab j\u2019appelle \u00bb mais \u00ab nous appelons \u00bb. Dans le premier cas, il y a <span title=\"Une espace ins\u00e9cable doit \u00eatre plac\u00e9e avant l\u2019unit\u00e9. Voulez-vous \u00e9crire \u00ab\u00a02\u2009L\u00a0\u00bb\u202f?\">2\u2009L<\/span> dans le second un seul.<\/p>\n<p>Au pr\u00e9sent, il ne prend qu\u2019un L \u00e0 la 1\u00e8re et la 2\u1d49 personne du pluriel. \u00ab Nous appelons \u00bb \u00ab Vous appelez \u00bb<\/p>\n<h3><span title=\"L\u2019adjectif \u2018sens\u00e9\u2019 semble plus appropri\u00e9 que le mot \u2018ou\u2019 qui signifie \u2018supposer\u2019.\">Cens\u00e9<\/span> ou Sens\u00e9&nbsp;?<\/h3>\n<ul>\n<li>Voil\u00e0 une faute que l\u2019on retrouve souvent aussi. &#8220;sens\u00e9&#8221; veut dire &#8220;qui a du sens&#8221;. Un individu sens\u00e9 ne me parlerait pas de cette mani\u00e8re ou c&#8217;est un \u00e9l\u00e9ment sens\u00e9.<\/li>\n<li>\u00c9crit de cette autre fa\u00e7on &#8220;cens\u00e9&#8221; il signifie &#8220;suppos\u00e9&#8221; ou &#8220;qui doit&#8221;. Je suis cens\u00e9e retourner au travail \u00e0 14 h ou bien il <span title=\"Dans un contexte formel, d\u2019autres structures peuvent \u00eatre utilis\u00e9es pour enrichir votre style.\">\u00e9tait<\/span> cens\u00e9 terminer son travail \u00e0 14\u00a0h.<\/li>\n<\/ul>\n<p>Pour ne pas vous tromper, remplacez le mot &#8220;sens\u00e9&#8221; par \u00ab qui a du sens \u00bb et le mot &#8220;cens\u00e9&#8221; par \u00ab suppos\u00e9 \u00bb<\/p>\n<p>Un individu qui a du sens ne me parlerait pas comme de cette <span title=\"Ce mot appara\u00eet d\u00e9j\u00e0 dans l\u2019une des phrases pr\u00e9c\u00e9dant imm\u00e9diatement celle-ci. Utilisez un synonyme pour apporter plus de vari\u00e9t\u00e9 \u00e0 votre texte, except\u00e9 si la r\u00e9p\u00e9tition est intentionnelle.\">mani\u00e8re<\/span> ou c\u2019est un \u00e9l\u00e9ment qui a du sens.<\/p>\n<p>Je suis suppos\u00e9e retourner au travail \u00e0 14:00 ou il est suppos\u00e9 terminer son travail \u00e0 14:00.<\/p>\n<h3>Les mots invariables<\/h3>\n<p>Les mots invariables sont une particularit\u00e9 dans la langue fran\u00e7aise. Cela peut s\u2019apparenter aux verbes irr\u00e9guliers de la langue Anglaise. Ils doivent \u00eatre appris par c\u0153ur.<\/p>\n<p><span title=\"Cette phrase contient plus de 40 mots. Divisez-la comme les phrases courtes facilitent la lisibilit\u00e9.\">En voici une liste (non exhaustive)&nbsp;: <\/span><\/p>\n<p><span title=\"Cette phrase contient plus de 40 mots. Divisez-la comme les phrases courtes facilitent la lisibilit\u00e9.\">\u00e0 cause de \/ \u00e0 peine \/ \u00e0 travers \/ absolument \/ ailleurs \/ ainsi \/ alors \/ apr\u00e8s \/ assez \/ au-dessus \/ au milieu de \/ aujourd\u2019hui \/ aussi \/ beaucoup \/ bien s\u00fbr \/ comme \/ comment \/ contre \/ d\u2019abord \/ demain \/ depuis \/ dessous \/ dessus \/ en train de \/ encore \/ enfin \/ facilement \/ finalement \/ forc\u00e9ment \/ hier \/ heureusement \/ justement \/ l\u00e0-haut \/ maintenant \/ mais \/ naturellement \/ parfois \/ parmi \/ partout \/ peu \/ peut-\u00eatre \/ pourquoi \/ quelqu\u2019un \/ soudain \/ tellement \/ toujours \/ vraimen<\/span>t\u2026<\/p>\n<p>Vous vous souviendrez peut-\u00eatre de cette phrase mn\u00e9motechnique que l\u2019on apprend aux enfants pour se souvenir que ces mots sont invariables\u2026<\/p>\n<p>Mais o\u00f9 est donc <span title=\"Faute de frappe possible trouv\u00e9e.\">Ornicar<\/span>&nbsp;? (Mais, ou, est, <span title=\"Ce mot appara\u00eet d\u00e9j\u00e0 dans l\u2019une des phrases pr\u00e9c\u00e9dant imm\u00e9diatement celle-ci. Utilisez un synonyme pour apporter plus de vari\u00e9t\u00e9 \u00e0 votre texte, except\u00e9 si la r\u00e9p\u00e9tition est intentionnelle.\">donc<\/span>, or, ni, car)<\/p>\n<p>Adam part pour Anvers avec deux cents sous \u00bb (\u00e0, dans, par, pour, en, vers, avec, de, sans, sous)<\/p>\n<h3>Hors et <span title=\"Une virgule semble \u00eatre requise dans ce contexte.\">or <\/span><\/h3>\n<p><span title=\"Une virgule semble \u00eatre requise dans ce contexte.\">Ils<\/span> <span title=\"Dans un contexte formel, d\u2019autres structures peuvent \u00eatre utilis\u00e9es pour enrichir votre style.\">sont<\/span> \u00e0 la fois invariables, mais surtout, ils ne s\u2019emploient pas pour exprimer les m\u00eames choses. Alors que \u00ab hors \u00bb veut dire &#8220;\u00e0 l\u2019ext\u00e9rieur de&#8221;, Or est une conjonction de coordination.<\/p>\n<p>Par exemple, on va dire&nbsp;: \u00ab or, \u00e0 ce moment-l\u00e0, il <span title=\"Dans un contexte formel, d\u2019autres structures peuvent \u00eatre utilis\u00e9es pour enrichir votre style.\">n\u2019\u00e9tait<\/span> pas disponible \u00bb, et \u00ab il est hors d\u2019atteinte \u00bb.<\/p>\n<h3>Les barbarismes lexicaux<\/h3>\n<p>Un barbarisme lexical correspond \u00e0 une d\u00e9formation des mots. Il y a barbarisme lexical lorsque le dommage provient de l\u2019inversion de lettres comme a\u00e9roport remplac\u00e9 par <span title=\"Une erreur d\u2019orthographe semble \u00eatre d\u00e9tect\u00e9e.\">ar\u00e9oport<\/span> ou <span title=\"Faute de frappe possible trouv\u00e9e.\">pestacle<\/span> pour spectacle. Il peut aussi y avoir un rajout de lettres ou d\u2019une similitude avec un autre mot Voici quelques exemples&nbsp;:<\/p>\n<ul>\n<li>\u00ab infatigable \u00bb ou \u00ab <span title=\"Faute de frappe possible trouv\u00e9e.\">infatiguable<\/span> \u00bb Fatiguer \u00e0 l\u2019infinitif prend un \u00ab u \u00bb. Cela peut induire en erreur et donner l\u2019envie de noter \u00ab <span title=\"Faute de frappe possible trouv\u00e9e.\">infatiguable<\/span> \u00bb. En r\u00e9alit\u00e9, c\u2019est bien \u00ab infatigable \u00bb sans u<\/li>\n<li>\u00ab <span title=\"Une erreur d\u2019orthographe semble \u00eatre d\u00e9tect\u00e9e.\">formenter<\/span> \u00bb ou \u00ab fomenter \u00bb La proximit\u00e9 phon\u00e9tique avec diff\u00e9rents mots tels que \u00ab ferment \u00bb ou \u00ab froment \u00bb, on peut donner l\u2019envie de mettre un \u00ab r \u00bb \u00e0 fomenter.<\/li>\n<li>\u00ab <span title=\"Cette phrase ne commence pas par une majuscule.\">aborig\u00e8ne<\/span> \u00bb ou \u00ab <span title=\"Une erreur d\u2019orthographe semble \u00eatre d\u00e9tect\u00e9e.\">arborig\u00e8ne<\/span> \u00bb&nbsp;? Le rapprochement avec le mot \u00ab arbre \u00bb, peut inciter \u00e0 \u00e9crire <span title=\"Une erreur d\u2019orthographe semble \u00eatre d\u00e9tect\u00e9e.\">arborig\u00e8ne<\/span> \u00e0 la place d\u2019aborig\u00e8ne.<\/li>\n<li>\u00ab <span title=\"Faute de frappe possible trouv\u00e9e.\">p\u00e9nitentier<\/span> \u00bb ou \u00ab p\u00e9nitentiaire \u00bb&nbsp;? L\u2019adjectif \u00ab <span title=\"Faute de frappe possible trouv\u00e9e.\">p\u00e9nitentier<\/span> \u00bb, \u00ab <span title=\"Faute de frappe possible trouv\u00e9e.\">p\u00e9nitenti\u00e8re<\/span> \u00bb n\u2019existe pas. On dit un \u00e9tablissement p\u00e9nitentiaire et la r\u00e9forme p\u00e9nitentiaire<\/li>\n<li>\u00ab obnubiler \u00bb, \u00ab <span title=\"Une erreur d\u2019orthographe semble \u00eatre d\u00e9tect\u00e9e, car ce terme n\u2019existe pas dans la langue fran\u00e7aise.\">omnibuler<\/span> \u00bb ou \u00ab <span title=\"Une erreur d\u2019orthographe semble \u00eatre d\u00e9tect\u00e9e, car ce terme n\u2019existe pas dans la langue fran\u00e7aise.\">omnubiler<\/span> \u00bb&nbsp;? On voit souvent les mots <span title=\"Une erreur d\u2019orthographe semble \u00eatre d\u00e9tect\u00e9e, car ce terme n\u2019existe pas dans la langue fran\u00e7aise.\">omnibuler<\/span> <span title=\"Dans un contexte formel des synonymes peuvent enrichir votre style.\">et<\/span> <span title=\"Une erreur d\u2019orthographe semble \u00eatre d\u00e9tect\u00e9e, car ce terme n\u2019existe pas dans la langue fran\u00e7aise.\">omnubiler<\/span> remplacer \u00ab <span title=\"Faute de frappe possible trouv\u00e9e.\">obnubilier<\/span>. C\u2019est en effet proche dans la prononciation.<\/li>\n<\/ul>\n<blockquote><p>\u00c0 lire aussi&nbsp;: <a href=\"https:\/\/www.redacteur.com\/blog\/regles-fautes-dorthographe\/\" target=\"_blank\" rel=\"noopener noreferrer\">R\u00e9daction&nbsp;: 7 r\u00e8gles orthographiques \u00e0 conna\u00eetre<\/a><\/p><\/blockquote>\n<h2><span title=\"Il est d\u00e9conseill\u00e9 de placer des chiffres en d\u00e9but de phrase. Souhaitez-vous reformuler la phrase\u202f?\">6<\/span> conseils pour \u00e9viter les coquilles et fautes d\u2019orthographe courantes<\/h2>\n<p>Quand \u00e9crire n\u2019est pas votre m\u00e9tier, faire des coquilles dans ses documents, e-mails ou rapports est courant. Cependant, la ma\u00eetrise de l\u2019orthographe est importante\u00a0pour faire correctement passer un message, mais aussi g\u00e9rer votre image. Si une petite faute d\u2019inattention arrive \u00e0 tout le monde de temps en temps, les coquilles \u00e0 r\u00e9p\u00e9tition deviennent lassantes. <span title=\"Une autre structure peut enrichir votre style et sembler plus percutante.\">Si<\/span> le fran\u00e7ais n\u2019est pas votre fort, nous vous proposons <span title=\"Les chiffres s\u2019\u00e9crivent g\u00e9n\u00e9ralement en lettres.\">6<\/span> conseils pour am\u00e9liorer vos textes&nbsp;!<\/p>\n<h3>1. Utiliser un correcteur (logiciel ou en ligne)<\/h3>\n<p>Les fautes d&#8217;orthographe les plus courantes peuvent \u00eatre \u00e9vit\u00e9es avec des outils gratuits. Il existe de nombreux <a href=\"https:\/\/www.redacteur.com\/blog\/correcteurs-orthographe-en-ligne\/\">correcteurs d&#8217;orthographe en ligne<\/a> qui rep\u00e8rent les fautes de frappe, les erreurs de conjugaison, les probl\u00e8mes de ponctuation et les mots erron\u00e9s. Cela vous prendra <span title=\"Les chiffres s\u2019\u00e9crivent g\u00e9n\u00e9ralement en lettres.\">2<\/span> minutes de plus par texte, mais c\u2019est une s\u00e9curit\u00e9 suppl\u00e9mentaire bien utile.<\/p>\n<h3>2. \u00c9viter de r\u00e9diger en fin de journ\u00e9e<\/h3>\n<p>Plus la journ\u00e9e passe, plus notre attention diminue. La fatigue favorise les fautes d&#8217;orthographe courantes et les fautes de frappe. Si vous avez des documents \u00e0 r\u00e9diger ou un article de blog \u00e0 \u00e9crire, essayez de le faire en matin\u00e9e. Vous serez plus \u00ab \u00e9veill\u00e9 \u00bb et vous \u00e9crirez plus vite, avec moins de fautes. Par ailleurs, au moment de la relecture, vous ferez davantage <span title=\"Une virgule semble \u00eatre requise.\">attention<\/span> ce qui vous aidera \u00e0 rep\u00e9rer les \u00e9ventuelles fautes.<\/p>\n<h3>3. Faire relire par un proche\/un coll\u00e8gue<\/h3>\n<p>\u00c9videmment, vous n\u2019allez pas faire relire vos e-mails par un coll\u00e8gue&nbsp;! Par contre, un article de blog, une pr\u00e9sentation PowerPoint, un <span title=\"S\u2019\u00e9crit sans trait d\u2019union.\">compte-rendu<\/span> de r\u00e9union ou tout texte important doit \u00eatre relu par un regard neuf. Une secr\u00e9taire de direction peut effectuer cette t\u00e2che, un coll\u00e8gue s\u2019il n\u2019a pas d\u2019urgence \u00e0 traiter ou votre conjoint(e) <span title=\"Une autre structure peut enrichir votre style et sembler plus percutante.\">si<\/span> vous pr\u00e9parez vos \u00e9crits \u00e0 la maison.<\/p>\n<h3>4. Relire au moins <span title=\"Les chiffres s\u2019\u00e9crivent g\u00e9n\u00e9ralement en lettres.\">2<\/span> fois<\/h3>\n<p>Ne vous contentez pas d\u2019une seule lecture, surtout en fin de journ\u00e9e. Relisez <span title=\"Les chiffres s\u2019\u00e9crivent g\u00e9n\u00e9ralement en lettres.\">2<\/span> fois pour \u00eatre certain d\u2019avoir un texte parfait. D\u2019ailleurs, relisez dans l\u2019ordre de lecture la premi\u00e8re fois, puis en partant de la fin la seconde fois. Pourquoi&nbsp;? Parce que votre concentration baisse au fur et \u00e0 mesure de la relecture. Vous risquez de laisser des coquilles en bas de page. Si vous inversez le sens, votre esprit sera plus vif lorsque vous lirez la conclusion, <span title=\"Dans un contexte formel, d\u2019autres structures peuvent \u00eatre utilis\u00e9es pour enrichir votre style.\">puis<\/span> l\u2019avant-dernier paragraphe, etc.<\/p>\n<h3>5. S\u2019entra\u00eener \u00e0 mieux <span title=\"Faute de frappe possible\u00a0: un mot est r\u00e9p\u00e9t\u00e9.\">\u00e9crire <\/span><\/h3>\n<p><span title=\"Faute de frappe possible\u00a0: un mot est r\u00e9p\u00e9t\u00e9.\">\u00c9crire<\/span> correctement en fran\u00e7ais est une comp\u00e9tence qui s\u2019entretient et qui s\u2019am\u00e9liore. <span title=\"Une autre structure peut enrichir votre style et sembler plus percutante.\">Si<\/span> vous souffrez r\u00e9ellement d\u2019un souci de grammaire et d\u2019orthographe, jouez \u00e0 des jeux comme le Scrabble, les mots crois\u00e9s, les mots fl\u00e9ch\u00e9s, les anagrammes\u2026 Le but est de m\u00e9moriser la construction des noms, adjectifs et verbes pour \u00e9viter les coquilles, mais aussi enrichir son vocabulaire.<\/p>\n<h3>6. Engager un r\u00e9dacteur freelance<\/h3>\n<p>Vous n\u2019avez pas le temps de mettre en \u0153uvre toutes ces bonnes pratiques pour mieux \u00e9crire&nbsp;? Alors, <a href=\"..\/..\/..\/\">faites appel \u00e0 un r\u00e9dacteur web<\/a>. Il peut r\u00e9diger vos documents et vos articles de blog, ou simplement les relire et les corriger pour \u00e9viter les fautes d&#8217;orthographes les plus courantes. Vous pourrez vous consacrer \u00e0 vos missions principales <span title=\"Dans un contexte formel des synonymes peuvent enrichir votre style.\">et<\/span> rendre des textes irr\u00e9prochables.<\/p>\n<blockquote><p>Pour aller plus loin&nbsp;: <a href=\"https:\/\/www.redacteur.com\/blog\/seo-utiliser-mots-cles-mal-orthographe\/\">SEO&nbsp;: faut-il utiliser les mots-cl\u00e9s mal orthographi\u00e9s&nbsp;?<\/a><\/p><\/blockquote>\n<h2>Notre astuce pour \u00e9viter les fautes d&#8217;orthographe courantes<\/h2>\n<p>Faire des fautes n\u2019est pas grave en soi, si vous faites le n\u00e9cessaire pour y rem\u00e9dier. \u00c0 travers ces diff\u00e9rents conseils et solutions, vous pourrez am\u00e9liorer vos dossiers, avoir un blog de qualit\u00e9 <span title=\"Dans un contexte formel des synonymes peuvent enrichir votre style.\">et<\/span> g\u00e9rer parfaitement votre image&nbsp;!<\/p>\n<p>Vous pouvez aussi confier les r\u00e9dactions importantes \u00e0 un r\u00e9dacteur en commandant vos textes, vos articles ou la relecture de vos documents importants sur <a href=\"https:\/\/www.redacteur.com\/\">Redacteur.com<\/a>&nbsp;!<\/p>\n","protected":false},"excerpt":{"rendered":"<p>Les fautes d&#8217;orthographe les plus courantes sont aussi les plus faciles \u00e0 \u00e9viter. Syntaxe, r\u00e8gles d\u2019accord, de conjugaison ou de grammaire, quelques astuces simples permettent de savoir comment les \u00e9viter. En mati\u00e8re de r\u00e9daction web, l&#8217;orthographe est primordiale pour garantir \u00e0 vos lecteurs des contenus de qualit\u00e9. Une mauvaise orthographe peut vous faire perdre des [&hellip;]<\/p>\n","protected":false},"author":1,"featured_media":41645,"comment_status":"open","ping_status":"open","sticky":false,"template":"","format":"standard","meta":{"_acf_changed":false,"inline_featured_image":false,"footnotes":""},"categories":[11],"tags":[],"class_list":["post-1300","post","type-post","status-publish","format-standard","has-post-thumbnail","hentry","category-redaction-web"],"acf":[],"yoast_head":"<!-- This site is optimized with the Yoast SEO plugin v25.9 - https:\/\/yoast.com\/wordpress\/plugins\/seo\/ -->\n<title>Les fautes d&#039;orthographe courantes \u00e0 ne plus commettre<\/title>\n<meta name=\"description\" content=\"Les fautes d&#039;orthographe courantes peuvent \u00eatre \u00e9vit\u00e9es si on connait la r\u00e8gle d&#039;orthographe associ\u00e9e. D\u00e9couvrez comment les rep\u00e9rer.\" \/>\n<meta name=\"robots\" content=\"index, follow, max-snippet:-1, max-image-preview:large, max-video-preview:-1\" \/>\n<link rel=\"canonical\" href=\"https:\/\/www.redacteur.com\/blog\/fautes-orthographe\/\" \/>\n<meta property=\"og:locale\" content=\"fr_FR\" \/>\n<meta property=\"og:type\" content=\"article\" \/>\n<meta property=\"og:title\" content=\"Les fautes d&#039;orthographe courantes \u00e0 ne plus commettre\" \/>\n<meta property=\"og:description\" content=\"Les fautes d&#039;orthographe courantes peuvent \u00eatre \u00e9vit\u00e9es si on connait la r\u00e8gle d&#039;orthographe associ\u00e9e. D\u00e9couvrez comment les rep\u00e9rer.\" \/>\n<meta property=\"og:url\" content=\"https:\/\/www.redacteur.com\/blog\/fautes-orthographe\/\" \/>\n<meta property=\"og:site_name\" content=\"Redacteur.com\" \/>\n<meta property=\"article:publisher\" content=\"https:\/\/www.facebook.com\/redacteurcom\" \/>\n<meta property=\"article:published_time\" content=\"2025-12-09T09:00:00+00:00\" \/>\n<meta property=\"article:modified_time\" content=\"2025-12-09T09:00:02+00:00\" \/>\n<meta property=\"og:image\" content=\"https:\/\/www.redacteur.com\/blog\/wp-content\/uploads\/sites\/6\/2022\/04\/fautes-orthographe.png\" \/>\n\t<meta property=\"og:image:width\" content=\"1200\" \/>\n\t<meta property=\"og:image:height\" content=\"675\" \/>\n\t<meta property=\"og:image:type\" content=\"image\/png\" \/>\n<meta name=\"author\" content=\"Laura Michaud\" \/>\n<meta name=\"twitter:card\" content=\"summary_large_image\" \/>\n<meta name=\"twitter:creator\" content=\"@Redacteurcom\" \/>\n<meta name=\"twitter:site\" content=\"@Redacteurcom\" \/>\n<meta name=\"twitter:label1\" content=\"\u00c9crit par\" \/>\n\t<meta name=\"twitter:data1\" content=\"Laura Michaud\" \/>\n\t<meta name=\"twitter:label2\" content=\"Dur\u00e9e de lecture estim\u00e9e\" \/>\n\t<meta name=\"twitter:data2\" content=\"12 minutes\" \/>\n<script type=\"application\/ld+json\" class=\"yoast-schema-graph\">{\"@context\":\"https:\/\/schema.org\",\"@graph\":[{\"@type\":\"Article\",\"@id\":\"https:\/\/www.redacteur.com\/blog\/fautes-orthographe\/#article\",\"isPartOf\":{\"@id\":\"https:\/\/www.redacteur.com\/blog\/fautes-orthographe\/\"},\"author\":{\"name\":\"Laura Michaud\",\"@id\":\"https:\/\/www.redacteur.com\/blog\/#\/schema\/person\/33c0ef04707fbe50a096f282050bb5f2\"},\"headline\":\"Les fautes d\u2019orthographe courantes \u00e0 \u00e9viter\",\"datePublished\":\"2025-12-09T09:00:00+00:00\",\"dateModified\":\"2025-12-09T09:00:02+00:00\",\"mainEntityOfPage\":{\"@id\":\"https:\/\/www.redacteur.com\/blog\/fautes-orthographe\/\"},\"wordCount\":2444,\"commentCount\":1,\"publisher\":{\"@id\":\"https:\/\/www.redacteur.com\/blog\/#organization\"},\"image\":{\"@id\":\"https:\/\/www.redacteur.com\/blog\/fautes-orthographe\/#primaryimage\"},\"thumbnailUrl\":\"https:\/\/www.redacteur.com\/blog\/wp-content\/uploads\/sites\/6\/2022\/04\/fautes-orthographe.png\",\"articleSection\":[\"R\u00e9daction web\"],\"inLanguage\":\"fr-FR\",\"potentialAction\":[{\"@type\":\"CommentAction\",\"name\":\"Comment\",\"target\":[\"https:\/\/www.redacteur.com\/blog\/fautes-orthographe\/#respond\"]}]},{\"@type\":\"WebPage\",\"@id\":\"https:\/\/www.redacteur.com\/blog\/fautes-orthographe\/\",\"url\":\"https:\/\/www.redacteur.com\/blog\/fautes-orthographe\/\",\"name\":\"Les fautes d'orthographe courantes \u00e0 ne plus commettre\",\"isPartOf\":{\"@id\":\"https:\/\/www.redacteur.com\/blog\/#website\"},\"primaryImageOfPage\":{\"@id\":\"https:\/\/www.redacteur.com\/blog\/fautes-orthographe\/#primaryimage\"},\"image\":{\"@id\":\"https:\/\/www.redacteur.com\/blog\/fautes-orthographe\/#primaryimage\"},\"thumbnailUrl\":\"https:\/\/www.redacteur.com\/blog\/wp-content\/uploads\/sites\/6\/2022\/04\/fautes-orthographe.png\",\"datePublished\":\"2025-12-09T09:00:00+00:00\",\"dateModified\":\"2025-12-09T09:00:02+00:00\",\"description\":\"Les fautes d'orthographe courantes peuvent \u00eatre \u00e9vit\u00e9es si on connait la r\u00e8gle d'orthographe associ\u00e9e. D\u00e9couvrez comment les rep\u00e9rer.\",\"breadcrumb\":{\"@id\":\"https:\/\/www.redacteur.com\/blog\/fautes-orthographe\/#breadcrumb\"},\"inLanguage\":\"fr-FR\",\"potentialAction\":[{\"@type\":\"ReadAction\",\"target\":[\"https:\/\/www.redacteur.com\/blog\/fautes-orthographe\/\"]}]},{\"@type\":\"ImageObject\",\"inLanguage\":\"fr-FR\",\"@id\":\"https:\/\/www.redacteur.com\/blog\/fautes-orthographe\/#primaryimage\",\"url\":\"https:\/\/www.redacteur.com\/blog\/wp-content\/uploads\/sites\/6\/2022\/04\/fautes-orthographe.png\",\"contentUrl\":\"https:\/\/www.redacteur.com\/blog\/wp-content\/uploads\/sites\/6\/2022\/04\/fautes-orthographe.png\",\"width\":1200,\"height\":675,\"caption\":\"fautes orthographe\"},{\"@type\":\"BreadcrumbList\",\"@id\":\"https:\/\/www.redacteur.com\/blog\/fautes-orthographe\/#breadcrumb\",\"itemListElement\":[{\"@type\":\"ListItem\",\"position\":1,\"name\":\"Blog\",\"item\":\"https:\/\/www.redacteur.com\/blog\/\"},{\"@type\":\"ListItem\",\"position\":2,\"name\":\"R\u00e9daction web\",\"item\":\"https:\/\/www.redacteur.com\/blog\/redaction-web\/\"},{\"@type\":\"ListItem\",\"position\":3,\"name\":\"Les fautes d\u2019orthographe courantes \u00e0 \u00e9viter\"}]},{\"@type\":\"WebSite\",\"@id\":\"https:\/\/www.redacteur.com\/blog\/#website\",\"url\":\"https:\/\/www.redacteur.com\/blog\/\",\"name\":\"Redacteur.com\",\"description\":\"redacteur\",\"publisher\":{\"@id\":\"https:\/\/www.redacteur.com\/blog\/#organization\"},\"potentialAction\":[{\"@type\":\"SearchAction\",\"target\":{\"@type\":\"EntryPoint\",\"urlTemplate\":\"https:\/\/www.redacteur.com\/blog\/?s={search_term_string}\"},\"query-input\":{\"@type\":\"PropertyValueSpecification\",\"valueRequired\":true,\"valueName\":\"search_term_string\"}}],\"inLanguage\":\"fr-FR\"},{\"@type\":\"Organization\",\"@id\":\"https:\/\/www.redacteur.com\/blog\/#organization\",\"name\":\"Redacteur.com\",\"url\":\"https:\/\/www.redacteur.com\/blog\/\",\"logo\":{\"@type\":\"ImageObject\",\"inLanguage\":\"fr-FR\",\"@id\":\"https:\/\/www.redacteur.com\/blog\/#\/schema\/logo\/image\/\",\"url\":\"https:\/\/www.redacteur.com\/blog\/wp-content\/uploads\/sites\/6\/2022\/10\/logo-redacteur-blog.svg\",\"contentUrl\":\"https:\/\/www.redacteur.com\/blog\/wp-content\/uploads\/sites\/6\/2022\/10\/logo-redacteur-blog.svg\",\"width\":1,\"height\":1,\"caption\":\"Redacteur.com\"},\"image\":{\"@id\":\"https:\/\/www.redacteur.com\/blog\/#\/schema\/logo\/image\/\"},\"sameAs\":[\"https:\/\/www.facebook.com\/redacteurcom\",\"https:\/\/x.com\/Redacteurcom\",\"https:\/\/www.linkedin.com\/company\/redacteur-com\",\"https:\/\/www.youtube.com\/channel\/UCgj9ySM9xy3gdL8qBafl9Uw\/\"]},{\"@type\":\"Person\",\"@id\":\"https:\/\/www.redacteur.com\/blog\/#\/schema\/person\/33c0ef04707fbe50a096f282050bb5f2\",\"name\":\"Laura Michaud\",\"image\":{\"@type\":\"ImageObject\",\"inLanguage\":\"fr-FR\",\"@id\":\"https:\/\/www.redacteur.com\/blog\/#\/schema\/person\/image\/\",\"url\":\"https:\/\/secure.gravatar.com\/avatar\/c3328cc0c887f98cec6b2979af3311ab6333fc7cc2d4847514cfec6a56fa08a7?s=96&d=mm&r=g\",\"contentUrl\":\"https:\/\/secure.gravatar.com\/avatar\/c3328cc0c887f98cec6b2979af3311ab6333fc7cc2d4847514cfec6a56fa08a7?s=96&d=mm&r=g\",\"caption\":\"Laura Michaud\"},\"description\":\"Laura connait tous les meilleurs outils pour g\u00e9rer des projets et une entreprise. Cr\u00e9ative, c'est aussi une sp\u00e9cialiste des outils de cr\u00e9ation graphique pour faire briller une entreprise.\",\"sameAs\":[\"https:\/\/www.linkedin.com\/in\/michaudlaura\/\"],\"url\":\"https:\/\/www.redacteur.com\/blog\/author\/laura\/\"}]}<\/script>\n<!-- \/ Yoast SEO plugin. -->","yoast_head_json":{"title":"Les fautes d'orthographe courantes \u00e0 ne plus commettre","description":"Les fautes d'orthographe courantes peuvent \u00eatre \u00e9vit\u00e9es si on connait la r\u00e8gle d'orthographe associ\u00e9e. D\u00e9couvrez comment les rep\u00e9rer.","robots":{"index":"index","follow":"follow","max-snippet":"max-snippet:-1","max-image-preview":"max-image-preview:large","max-video-preview":"max-video-preview:-1"},"canonical":"https:\/\/www.redacteur.com\/blog\/fautes-orthographe\/","og_locale":"fr_FR","og_type":"article","og_title":"Les fautes d'orthographe courantes \u00e0 ne plus commettre","og_description":"Les fautes d'orthographe courantes peuvent \u00eatre \u00e9vit\u00e9es si on connait la r\u00e8gle d'orthographe associ\u00e9e. D\u00e9couvrez comment les rep\u00e9rer.","og_url":"https:\/\/www.redacteur.com\/blog\/fautes-orthographe\/","og_site_name":"Redacteur.com","article_publisher":"https:\/\/www.facebook.com\/redacteurcom","article_published_time":"2025-12-09T09:00:00+00:00","article_modified_time":"2025-12-09T09:00:02+00:00","og_image":[{"width":1200,"height":675,"url":"https:\/\/www.redacteur.com\/blog\/wp-content\/uploads\/sites\/6\/2022\/04\/fautes-orthographe.png","type":"image\/png"}],"author":"Laura Michaud","twitter_card":"summary_large_image","twitter_creator":"@Redacteurcom","twitter_site":"@Redacteurcom","twitter_misc":{"\u00c9crit par":"Laura Michaud","Dur\u00e9e de lecture estim\u00e9e":"12 minutes"},"schema":{"@context":"https:\/\/schema.org","@graph":[{"@type":"Article","@id":"https:\/\/www.redacteur.com\/blog\/fautes-orthographe\/#article","isPartOf":{"@id":"https:\/\/www.redacteur.com\/blog\/fautes-orthographe\/"},"author":{"name":"Laura Michaud","@id":"https:\/\/www.redacteur.com\/blog\/#\/schema\/person\/33c0ef04707fbe50a096f282050bb5f2"},"headline":"Les fautes d\u2019orthographe courantes \u00e0 \u00e9viter","datePublished":"2025-12-09T09:00:00+00:00","dateModified":"2025-12-09T09:00:02+00:00","mainEntityOfPage":{"@id":"https:\/\/www.redacteur.com\/blog\/fautes-orthographe\/"},"wordCount":2444,"commentCount":1,"publisher":{"@id":"https:\/\/www.redacteur.com\/blog\/#organization"},"image":{"@id":"https:\/\/www.redacteur.com\/blog\/fautes-orthographe\/#primaryimage"},"thumbnailUrl":"https:\/\/www.redacteur.com\/blog\/wp-content\/uploads\/sites\/6\/2022\/04\/fautes-orthographe.png","articleSection":["R\u00e9daction web"],"inLanguage":"fr-FR","potentialAction":[{"@type":"CommentAction","name":"Comment","target":["https:\/\/www.redacteur.com\/blog\/fautes-orthographe\/#respond"]}]},{"@type":"WebPage","@id":"https:\/\/www.redacteur.com\/blog\/fautes-orthographe\/","url":"https:\/\/www.redacteur.com\/blog\/fautes-orthographe\/","name":"Les fautes d'orthographe courantes \u00e0 ne plus commettre","isPartOf":{"@id":"https:\/\/www.redacteur.com\/blog\/#website"},"primaryImageOfPage":{"@id":"https:\/\/www.redacteur.com\/blog\/fautes-orthographe\/#primaryimage"},"image":{"@id":"https:\/\/www.redacteur.com\/blog\/fautes-orthographe\/#primaryimage"},"thumbnailUrl":"https:\/\/www.redacteur.com\/blog\/wp-content\/uploads\/sites\/6\/2022\/04\/fautes-orthographe.png","datePublished":"2025-12-09T09:00:00+00:00","dateModified":"2025-12-09T09:00:02+00:00","description":"Les fautes d'orthographe courantes peuvent \u00eatre \u00e9vit\u00e9es si on connait la r\u00e8gle d'orthographe associ\u00e9e. D\u00e9couvrez comment les rep\u00e9rer.","breadcrumb":{"@id":"https:\/\/www.redacteur.com\/blog\/fautes-orthographe\/#breadcrumb"},"inLanguage":"fr-FR","potentialAction":[{"@type":"ReadAction","target":["https:\/\/www.redacteur.com\/blog\/fautes-orthographe\/"]}]},{"@type":"ImageObject","inLanguage":"fr-FR","@id":"https:\/\/www.redacteur.com\/blog\/fautes-orthographe\/#primaryimage","url":"https:\/\/www.redacteur.com\/blog\/wp-content\/uploads\/sites\/6\/2022\/04\/fautes-orthographe.png","contentUrl":"https:\/\/www.redacteur.com\/blog\/wp-content\/uploads\/sites\/6\/2022\/04\/fautes-orthographe.png","width":1200,"height":675,"caption":"fautes orthographe"},{"@type":"BreadcrumbList","@id":"https:\/\/www.redacteur.com\/blog\/fautes-orthographe\/#breadcrumb","itemListElement":[{"@type":"ListItem","position":1,"name":"Blog","item":"https:\/\/www.redacteur.com\/blog\/"},{"@type":"ListItem","position":2,"name":"R\u00e9daction web","item":"https:\/\/www.redacteur.com\/blog\/redaction-web\/"},{"@type":"ListItem","position":3,"name":"Les fautes d\u2019orthographe courantes \u00e0 \u00e9viter"}]},{"@type":"WebSite","@id":"https:\/\/www.redacteur.com\/blog\/#website","url":"https:\/\/www.redacteur.com\/blog\/","name":"Redacteur.com","description":"redacteur","publisher":{"@id":"https:\/\/www.redacteur.com\/blog\/#organization"},"potentialAction":[{"@type":"SearchAction","target":{"@type":"EntryPoint","urlTemplate":"https:\/\/www.redacteur.com\/blog\/?s={search_term_string}"},"query-input":{"@type":"PropertyValueSpecification","valueRequired":true,"valueName":"search_term_string"}}],"inLanguage":"fr-FR"},{"@type":"Organization","@id":"https:\/\/www.redacteur.com\/blog\/#organization","name":"Redacteur.com","url":"https:\/\/www.redacteur.com\/blog\/","logo":{"@type":"ImageObject","inLanguage":"fr-FR","@id":"https:\/\/www.redacteur.com\/blog\/#\/schema\/logo\/image\/","url":"https:\/\/www.redacteur.com\/blog\/wp-content\/uploads\/sites\/6\/2022\/10\/logo-redacteur-blog.svg","contentUrl":"https:\/\/www.redacteur.com\/blog\/wp-content\/uploads\/sites\/6\/2022\/10\/logo-redacteur-blog.svg","width":1,"height":1,"caption":"Redacteur.com"},"image":{"@id":"https:\/\/www.redacteur.com\/blog\/#\/schema\/logo\/image\/"},"sameAs":["https:\/\/www.facebook.com\/redacteurcom","https:\/\/x.com\/Redacteurcom","https:\/\/www.linkedin.com\/company\/redacteur-com","https:\/\/www.youtube.com\/channel\/UCgj9ySM9xy3gdL8qBafl9Uw\/"]},{"@type":"Person","@id":"https:\/\/www.redacteur.com\/blog\/#\/schema\/person\/33c0ef04707fbe50a096f282050bb5f2","name":"Laura Michaud","image":{"@type":"ImageObject","inLanguage":"fr-FR","@id":"https:\/\/www.redacteur.com\/blog\/#\/schema\/person\/image\/","url":"https:\/\/secure.gravatar.com\/avatar\/c3328cc0c887f98cec6b2979af3311ab6333fc7cc2d4847514cfec6a56fa08a7?s=96&d=mm&r=g","contentUrl":"https:\/\/secure.gravatar.com\/avatar\/c3328cc0c887f98cec6b2979af3311ab6333fc7cc2d4847514cfec6a56fa08a7?s=96&d=mm&r=g","caption":"Laura Michaud"},"description":"Laura connait tous les meilleurs outils pour g\u00e9rer des projets et une entreprise. Cr\u00e9ative, c'est aussi une sp\u00e9cialiste des outils de cr\u00e9ation graphique pour faire briller une entreprise.","sameAs":["https:\/\/www.linkedin.com\/in\/michaudlaura\/"],"url":"https:\/\/www.redacteur.com\/blog\/author\/laura\/"}]}},"_links":{"self":[{"href":"https:\/\/www.redacteur.com\/blog\/wp-json\/wp\/v2\/posts\/1300","targetHints":{"allow":["GET"]}}],"collection":[{"href":"https:\/\/www.redacteur.com\/blog\/wp-json\/wp\/v2\/posts"}],"about":[{"href":"https:\/\/www.redacteur.com\/blog\/wp-json\/wp\/v2\/types\/post"}],"author":[{"embeddable":true,"href":"https:\/\/www.redacteur.com\/blog\/wp-json\/wp\/v2\/users\/1"}],"replies":[{"embeddable":true,"href":"https:\/\/www.redacteur.com\/blog\/wp-json\/wp\/v2\/comments?post=1300"}],"version-history":[{"count":0,"href":"https:\/\/www.redacteur.com\/blog\/wp-json\/wp\/v2\/posts\/1300\/revisions"}],"wp:featuredmedia":[{"embeddable":true,"href":"https:\/\/www.redacteur.com\/blog\/wp-json\/wp\/v2\/media\/41645"}],"wp:attachment":[{"href":"https:\/\/www.redacteur.com\/blog\/wp-json\/wp\/v2\/media?parent=1300"}],"wp:term":[{"taxonomy":"category","embeddable":true,"href":"https:\/\/www.redacteur.com\/blog\/wp-json\/wp\/v2\/categories?post=1300"},{"taxonomy":"post_tag","embeddable":true,"href":"https:\/\/www.redacteur.com\/blog\/wp-json\/wp\/v2\/tags?post=1300"}],"curies":[{"name":"wp","href":"https:\/\/api.w.org\/{rel}","templated":true}]}}