{"id":14227,"date":"2023-11-08T10:50:00","date_gmt":"2023-11-08T09:50:00","guid":{"rendered":"https:\/\/www.redacteur.com\/blog\/?p=14227"},"modified":"2023-11-08T10:50:02","modified_gmt":"2023-11-08T09:50:02","slug":"preparer-ligne-editoriale-fin-annee","status":"publish","type":"post","link":"https:\/\/www.redacteur.com\/blog\/preparer-ligne-editoriale-fin-annee\/","title":{"rendered":"Comment pr\u00e9parer une ligne \u00e9ditoriale pour les f\u00eates de fin d&#8217;ann\u00e9e\u00a0?"},"content":{"rendered":"<p>Tous les pros du blogging vous le diront&nbsp;: un blogueur n\u2019est jamais vraiment en vacances.<\/p>\n<p>Publications saisonni\u00e8res obligent, la p\u00e9riode des f\u00eates de fin d\u2019ann\u00e9e est justement une p\u00e9riode o\u00f9 votre activit\u00e9 en ligne doit \u00eatre soutenue. Alors, faut-il r\u00e9ellement choisir entre profiter de ses proches ou publier pour ses lecteurs\u2009? Je vous rassure, c\u2019est non\u2009! Mais \u00e0 condition que vous anticipiez cette p\u00e9riode et planifiiez vos articles de blogs et autres publications.<\/p>\n<p>Voici tout ce que vous devez savoir pour pr\u00e9parer votre ligne \u00e9ditoriale pour les f\u00eates de fin d&#8217;ann\u00e9e en quelques \u00e9tapes&nbsp;!<\/p>\n<h2 id=\"contenu-saisonnier-important\">L\u2019importance du contenu saisonnier<\/h2>\n<p>Les f\u00eates de fin d\u2019ann\u00e9e correspondent \u00e0 une p\u00e9riode durant laquelle certains types de commerce r\u00e9alisent une part importante de leur chiffre d\u2019affaires. Que ce soit pour un commerce en ligne ou pour une boutique ayant pignon sur rue, il est conseill\u00e9 de communiquer sur son offre relative aux f\u00eates bien avant la mi-d\u00e9cembre.<\/p>\n<p>Id\u00e9alement, on commencera les publications cibl\u00e9es vers la <strong>fin novembre<\/strong>. L\u2019id\u00e9e \u00e9tant de ne pas attendre que les consommateurs aient d\u00e9pens\u00e9 une grosse partie de leur budget li\u00e9 aux f\u00eates avant de voir vos publications.<\/p>\n<p><a href=\"https:\/\/www.becquet.fr\/becquet\/index.jsp\" target=\"_blank\" rel=\"noopener noreferrer\"><img decoding=\"async\" class=\"aligncenter wp-image-14229 size-full\" src=\"https:\/\/www.redacteur.com\/blog\/wp-content\/uploads\/sites\/6\/2018\/11\/communication-noel.jpg\" alt=\"Communication No\u00ebl\" width=\"600\" height=\"344\" srcset=\"https:\/\/www.redacteur.com\/blog\/wp-content\/uploads\/sites\/6\/2018\/11\/communication-noel.jpg 600w, https:\/\/www.redacteur.com\/blog\/wp-content\/uploads\/sites\/6\/2018\/11\/communication-noel-300x172.jpg 300w, https:\/\/www.redacteur.com\/blog\/wp-content\/uploads\/sites\/6\/2018\/11\/communication-noel-60x34.jpg 60w, https:\/\/www.redacteur.com\/blog\/wp-content\/uploads\/sites\/6\/2018\/11\/communication-noel-370x212.jpg 370w, https:\/\/www.redacteur.com\/blog\/wp-content\/uploads\/sites\/6\/2018\/11\/communication-noel-270x155.jpg 270w, https:\/\/www.redacteur.com\/blog\/wp-content\/uploads\/sites\/6\/2018\/11\/communication-noel-570x327.jpg 570w\" sizes=\"(max-width: 600px) 100vw, 600px\" \/><\/a><\/p>\n<p>Ce qui s\u2019applique pour la p\u00e9riode de <a href=\"https:\/\/www.redacteur.com\/blog\/contenu-email-marketing-noel\/\">No\u00ebl<\/a> l\u2019est \u00e9galement pour tous les moments qui ont un impact important sur un certain type de produit.<\/p>\n<p>C\u2019est le cas des barbecues et des piscines au printemps, des fournitures scolaires dont il faut parler d\u00e8s la mi-juillet ou encore des po\u00eales d\u00e8s le d\u00e9but de l\u2019automne.<\/p>\n<h2 id=\"creer-calendrier-publications-saisonnieres\">Cr\u00e9er son calendrier de publications saisonni\u00e8res pour les f\u00eates<\/h2>\n<p>Le planning de publication va vous aider \u00e0 lister et \u00e0 planifier vos contenus.<\/p>\n<p>Il reprendra vos articles de blog, mais aussi toutes les publications que vous envisagez de faire sur vos r\u00e9seaux sociaux. Vous y int\u00e9grerez \u00e9galement le contenu de vos newsletters et m\u00eame vos publications imprim\u00e9es, si cela fait partie de votre strat\u00e9gie \u00e9ditoriale&nbsp;!<\/p>\n<blockquote><p>Ce calendrier peut \u00e9voluer, mais veillez \u00e0 avoir toujours <strong>10 \u00e0 15&nbsp;jours d\u2019avance<\/strong>. Id\u00e9alement, les publications de la premi\u00e8re quinzaine de d\u00e9cembre doivent \u00eatre planifi\u00e9es d\u00e8s la fin novembre.<\/p><\/blockquote>\n<p>Certaines applications sont parfaites pour g\u00e9rer votre planning saisonnier. On pense notamment \u00e0 Evernote&nbsp;! Vous pouvez aussi cr\u00e9er des listes fa\u00e7on <a href=\"https:\/\/www.redacteur.com\/blog\/organiser-bullet-journal\/\" target=\"_blank\" rel=\"noopener noreferrer\">bullet journal<\/a> \u00e0 \u00e9chelonner dans votre planning quotidien.<\/p>\n<h2 id=\"miser-sur-visuel\">Misez sur le visuel<\/h2>\n<p>Si vos articles et vos publications doivent \u00eatre int\u00e9ressants pour vos lecteurs, vos visuels doivent \u00eatre en accord avec la p\u00e9riode.<\/p>\n<p>No\u00ebl, c\u2019est justement le moment o\u00f9 vous pouvez sortir des codes de communication souvent tr\u00e8s corporate. Choisissez des visuels f\u00e9eriques et optez pour des tons festifs&nbsp;: les traditionnels vert et rouge, mais aussi le dor\u00e9, l\u2019argent\u00e9, le bleu givr\u00e9 ou encore le blanc.<\/p>\n<blockquote><p>Ressources&nbsp;: <a href=\"https:\/\/graphiste.com\/blog\/typographies-noel-gratuites?utm_source=BlogRedacteur&amp;utm_medium=linking-article&amp;utm_campaign=ligne-editorial-noel\" target=\"_blank\" rel=\"noopener noreferrer\">25 typographies de No\u00ebl \u00e0 t\u00e9l\u00e9charger gratuitement<\/a><\/p><\/blockquote>\n<h2 id=\"contenu-festif-et-bienveillant\">Soyez festif et bienveillant<\/h2>\n<p>Cr\u00e9ez des contenus en rapport avec cette p\u00e9riode. Les f\u00eates de fin d\u2019ann\u00e9es sont l\u2019occasion de proposer vos services et vos produits sous un autre jour.<\/p>\n<p><a href=\"https:\/\/www.instagram.com\/accounts\/login\/?next=\/p\/BqPYydVA1sn\/\" target=\"_blank\" rel=\"noopener noreferrer\"><img decoding=\"async\" class=\"aligncenter wp-image-14235 size-full\" src=\"https:\/\/www.redacteur.com\/blog\/wp-content\/uploads\/sites\/6\/2018\/11\/produit-noel.jpg\" alt=\"Produits noel\" width=\"600\" height=\"385\" srcset=\"https:\/\/www.redacteur.com\/blog\/wp-content\/uploads\/sites\/6\/2018\/11\/produit-noel.jpg 600w, https:\/\/www.redacteur.com\/blog\/wp-content\/uploads\/sites\/6\/2018\/11\/produit-noel-300x193.jpg 300w, https:\/\/www.redacteur.com\/blog\/wp-content\/uploads\/sites\/6\/2018\/11\/produit-noel-60x39.jpg 60w, https:\/\/www.redacteur.com\/blog\/wp-content\/uploads\/sites\/6\/2018\/11\/produit-noel-370x237.jpg 370w, https:\/\/www.redacteur.com\/blog\/wp-content\/uploads\/sites\/6\/2018\/11\/produit-noel-270x173.jpg 270w, https:\/\/www.redacteur.com\/blog\/wp-content\/uploads\/sites\/6\/2018\/11\/produit-noel-570x366.jpg 570w\" sizes=\"(max-width: 600px) 100vw, 600px\" \/><\/a><\/p>\n<p>Servez-vous \u00e9galement de cette p\u00e9riode pour travailler votre branding et humaniser votre image. Bienveillance, bonheur, g\u00e9n\u00e9rosit\u00e9 sont des \u00e9l\u00e9ments qui peuvent \u00eatre v\u00e9hicul\u00e9s au travers de votre contenu.<\/p>\n<h2 id=\"programmation-contenus\">Optez pour la programmation de vos contenus<\/h2>\n<p>Comme le r\u00e9dacteur web, le blogueur a lui aussi le droit de profiter des f\u00eates&nbsp;! On lui conseille de <a href=\"https:\/\/www.redacteur.com\/blog\/automatiser-reseaux-sociaux\/\" target=\"_blank\" rel=\"noopener noreferrer\">programmer ses contenus<\/a>.<\/p>\n<p>Cr\u00e9ez toutes vos publications \u00e0 l\u2019avance ainsi que vos campagnes d\u2019emailing. No\u00ebl est une p\u00e9riode o\u00f9 les consommateurs sont le plus sollicit\u00e9s. Il est donc important de publier utile et festif pour avoir un maximum de chance de voir vos emails ou vos articles lus.<\/p>\n<h2 id=\"adresse-aux-lecteurs\">Adressez-vous \u00e0 vos lecteurs<\/h2>\n<p>On ne vous dit pas de faire une allocution comme le pr\u00e9sident de la R\u00e9publique, mais plut\u00f4t de prendre le temps de r\u00e9diger un message sp\u00e9cialement adress\u00e9 \u00e0 vos lecteurs.<\/p>\n<p>Quelque chose qui n\u2019a pas vocation \u00e0 vendre, mais plut\u00f4t une publication qui marque votre int\u00e9r\u00eat pour les personnes qui vous suivent. Parlez-leur de cette ann\u00e9e, de votre ressenti, de vos projets, mais surtout, souhaitez-leur le meilleur pour l\u2019ann\u00e9e \u00e0 venir&nbsp;!<\/p>\n<h2>Conclusion<\/h2>\n<p>Vous l\u2019aurez compris&nbsp;: pr\u00e9parer votre <a href=\"https:\/\/www.redacteur.com\/blog\/7-construire-ligne-editoriale\/\">ligne \u00e9ditoriale<\/a> pour les f\u00eates vous aide \u00e0 r\u00e9pondre aux envies de vos lecteurs et de vos clients. Les <a href=\"https:\/\/www.redacteur.com\/blog\/contenu-saisonnier\/\" target=\"_blank\" rel=\"noopener noreferrer\">publications saisonni\u00e8res<\/a> attirent non seulement du public sur votre site, mais elles permettent aussi de cr\u00e9er du lien entre vous et vos lecteurs.<\/p>\n<p>Vous avez besoin d&#8217;aide pour r\u00e9diger du contenu pour votre planning de publications des f\u00eates de fin d\u2019ann\u00e9e&nbsp;? Faites appel \u00e0 un r\u00e9dacteur freelance sur <a href=\"https:\/\/www.redacteur.com\/redaction-textes\">Redacteur.com<\/a> pour faire part de votre projet \u00e0 des r\u00e9dacteurs professionnels.<\/p>\n","protected":false},"excerpt":{"rendered":"<p>Tous les pros du blogging vous le diront&nbsp;: un blogueur n\u2019est jamais vraiment en vacances. Publications saisonni\u00e8res obligent, la p\u00e9riode des f\u00eates de fin d\u2019ann\u00e9e est justement une p\u00e9riode o\u00f9 votre activit\u00e9 en ligne doit \u00eatre soutenue. Alors, faut-il r\u00e9ellement choisir entre profiter de ses proches ou publier pour ses lecteurs\u2009? Je vous rassure, c\u2019est [&hellip;]<\/p>\n","protected":false},"author":1,"featured_media":39020,"comment_status":"open","ping_status":"open","sticky":false,"template":"","format":"standard","meta":{"_acf_changed":false,"inline_featured_image":false,"footnotes":""},"categories":[14],"tags":[],"class_list":["post-14227","post","type-post","status-publish","format-standard","has-post-thumbnail","hentry","category-strategie-editoriale"],"acf":[],"yoast_head":"<!-- This site is optimized with the Yoast SEO plugin v25.9 - https:\/\/yoast.com\/wordpress\/plugins\/seo\/ -->\n<title>Comment pr\u00e9parer une ligne \u00e9ditoriale pour les f\u00eates de fin d&#039;ann\u00e9e\u00a0? - Redacteur Blog<\/title>\n<meta name=\"description\" content=\"Tous les pros du blogging vous le diront : un blogueur n\u2019est jamais vraiment en vacances. Publications saisonni\u00e8res obligent, la p\u00e9riode des f\u00eates de fin\" \/>\n<meta name=\"robots\" content=\"index, follow, max-snippet:-1, max-image-preview:large, max-video-preview:-1\" \/>\n<link rel=\"canonical\" href=\"https:\/\/www.redacteur.com\/blog\/preparer-ligne-editoriale-fin-annee\/\" \/>\n<meta property=\"og:locale\" content=\"fr_FR\" \/>\n<meta property=\"og:type\" content=\"article\" \/>\n<meta property=\"og:title\" content=\"Comment pr\u00e9parer une ligne \u00e9ditoriale pour les f\u00eates de fin d&#039;ann\u00e9e\u00a0? - Redacteur Blog\" \/>\n<meta property=\"og:description\" content=\"Tous les pros du blogging vous le diront : un blogueur n\u2019est jamais vraiment en vacances. Publications saisonni\u00e8res obligent, la p\u00e9riode des f\u00eates de fin\" \/>\n<meta property=\"og:url\" content=\"https:\/\/www.redacteur.com\/blog\/preparer-ligne-editoriale-fin-annee\/\" \/>\n<meta property=\"og:site_name\" content=\"Redacteur.com\" \/>\n<meta property=\"article:publisher\" content=\"https:\/\/www.facebook.com\/redacteurcom\" \/>\n<meta property=\"article:published_time\" content=\"2023-11-08T09:50:00+00:00\" \/>\n<meta property=\"article:modified_time\" content=\"2023-11-08T09:50:02+00:00\" \/>\n<meta property=\"og:image\" content=\"https:\/\/www.redacteur.com\/blog\/wp-content\/uploads\/sites\/6\/2022\/11\/Image-a-la-une-ligne-edito-noel.png\" \/>\n\t<meta property=\"og:image:width\" content=\"1024\" \/>\n\t<meta property=\"og:image:height\" content=\"618\" \/>\n\t<meta property=\"og:image:type\" content=\"image\/png\" \/>\n<meta name=\"author\" content=\"Laura Michaud\" \/>\n<meta name=\"twitter:card\" content=\"summary_large_image\" \/>\n<meta name=\"twitter:creator\" content=\"@Redacteurcom\" \/>\n<meta name=\"twitter:site\" content=\"@Redacteurcom\" \/>\n<meta name=\"twitter:label1\" content=\"\u00c9crit par\" \/>\n\t<meta name=\"twitter:data1\" content=\"Laura Michaud\" \/>\n\t<meta name=\"twitter:label2\" content=\"Dur\u00e9e de lecture estim\u00e9e\" \/>\n\t<meta name=\"twitter:data2\" content=\"5 minutes\" \/>\n<script type=\"application\/ld+json\" class=\"yoast-schema-graph\">{\"@context\":\"https:\/\/schema.org\",\"@graph\":[{\"@type\":\"Article\",\"@id\":\"https:\/\/www.redacteur.com\/blog\/preparer-ligne-editoriale-fin-annee\/#article\",\"isPartOf\":{\"@id\":\"https:\/\/www.redacteur.com\/blog\/preparer-ligne-editoriale-fin-annee\/\"},\"author\":{\"name\":\"Laura Michaud\",\"@id\":\"https:\/\/www.redacteur.com\/blog\/#\/schema\/person\/33c0ef04707fbe50a096f282050bb5f2\"},\"headline\":\"Comment pr\u00e9parer une ligne \u00e9ditoriale pour les f\u00eates de fin d&#8217;ann\u00e9e\u00a0?\",\"datePublished\":\"2023-11-08T09:50:00+00:00\",\"dateModified\":\"2023-11-08T09:50:02+00:00\",\"mainEntityOfPage\":{\"@id\":\"https:\/\/www.redacteur.com\/blog\/preparer-ligne-editoriale-fin-annee\/\"},\"wordCount\":841,\"commentCount\":0,\"publisher\":{\"@id\":\"https:\/\/www.redacteur.com\/blog\/#organization\"},\"image\":{\"@id\":\"https:\/\/www.redacteur.com\/blog\/preparer-ligne-editoriale-fin-annee\/#primaryimage\"},\"thumbnailUrl\":\"https:\/\/www.redacteur.com\/blog\/wp-content\/uploads\/sites\/6\/2022\/11\/Image-a-la-une-ligne-edito-noel.png\",\"articleSection\":[\"Strat\u00e9gie \u00e9ditoriale\"],\"inLanguage\":\"fr-FR\",\"potentialAction\":[{\"@type\":\"CommentAction\",\"name\":\"Comment\",\"target\":[\"https:\/\/www.redacteur.com\/blog\/preparer-ligne-editoriale-fin-annee\/#respond\"]}]},{\"@type\":\"WebPage\",\"@id\":\"https:\/\/www.redacteur.com\/blog\/preparer-ligne-editoriale-fin-annee\/\",\"url\":\"https:\/\/www.redacteur.com\/blog\/preparer-ligne-editoriale-fin-annee\/\",\"name\":\"Comment pr\u00e9parer une ligne \u00e9ditoriale pour les f\u00eates de fin d'ann\u00e9e\u00a0? - Redacteur Blog\",\"isPartOf\":{\"@id\":\"https:\/\/www.redacteur.com\/blog\/#website\"},\"primaryImageOfPage\":{\"@id\":\"https:\/\/www.redacteur.com\/blog\/preparer-ligne-editoriale-fin-annee\/#primaryimage\"},\"image\":{\"@id\":\"https:\/\/www.redacteur.com\/blog\/preparer-ligne-editoriale-fin-annee\/#primaryimage\"},\"thumbnailUrl\":\"https:\/\/www.redacteur.com\/blog\/wp-content\/uploads\/sites\/6\/2022\/11\/Image-a-la-une-ligne-edito-noel.png\",\"datePublished\":\"2023-11-08T09:50:00+00:00\",\"dateModified\":\"2023-11-08T09:50:02+00:00\",\"description\":\"Tous les pros du blogging vous le diront : un blogueur n\u2019est jamais vraiment en vacances. Publications saisonni\u00e8res obligent, la p\u00e9riode des f\u00eates de fin\",\"breadcrumb\":{\"@id\":\"https:\/\/www.redacteur.com\/blog\/preparer-ligne-editoriale-fin-annee\/#breadcrumb\"},\"inLanguage\":\"fr-FR\",\"potentialAction\":[{\"@type\":\"ReadAction\",\"target\":[\"https:\/\/www.redacteur.com\/blog\/preparer-ligne-editoriale-fin-annee\/\"]}]},{\"@type\":\"ImageObject\",\"inLanguage\":\"fr-FR\",\"@id\":\"https:\/\/www.redacteur.com\/blog\/preparer-ligne-editoriale-fin-annee\/#primaryimage\",\"url\":\"https:\/\/www.redacteur.com\/blog\/wp-content\/uploads\/sites\/6\/2022\/11\/Image-a-la-une-ligne-edito-noel.png\",\"contentUrl\":\"https:\/\/www.redacteur.com\/blog\/wp-content\/uploads\/sites\/6\/2022\/11\/Image-a-la-une-ligne-edito-noel.png\",\"width\":1024,\"height\":618},{\"@type\":\"BreadcrumbList\",\"@id\":\"https:\/\/www.redacteur.com\/blog\/preparer-ligne-editoriale-fin-annee\/#breadcrumb\",\"itemListElement\":[{\"@type\":\"ListItem\",\"position\":1,\"name\":\"Blog\",\"item\":\"https:\/\/www.redacteur.com\/blog\/\"},{\"@type\":\"ListItem\",\"position\":2,\"name\":\"R\u00e9daction web\",\"item\":\"https:\/\/www.redacteur.com\/blog\/redaction-web\/\"},{\"@type\":\"ListItem\",\"position\":3,\"name\":\"Strat\u00e9gie \u00e9ditoriale\",\"item\":\"https:\/\/www.redacteur.com\/blog\/redaction-web\/strategie-editoriale\/\"},{\"@type\":\"ListItem\",\"position\":4,\"name\":\"Comment pr\u00e9parer une ligne \u00e9ditoriale pour les f\u00eates de fin d&#8217;ann\u00e9e\u00a0?\"}]},{\"@type\":\"WebSite\",\"@id\":\"https:\/\/www.redacteur.com\/blog\/#website\",\"url\":\"https:\/\/www.redacteur.com\/blog\/\",\"name\":\"Redacteur.com\",\"description\":\"redacteur\",\"publisher\":{\"@id\":\"https:\/\/www.redacteur.com\/blog\/#organization\"},\"potentialAction\":[{\"@type\":\"SearchAction\",\"target\":{\"@type\":\"EntryPoint\",\"urlTemplate\":\"https:\/\/www.redacteur.com\/blog\/?s={search_term_string}\"},\"query-input\":{\"@type\":\"PropertyValueSpecification\",\"valueRequired\":true,\"valueName\":\"search_term_string\"}}],\"inLanguage\":\"fr-FR\"},{\"@type\":\"Organization\",\"@id\":\"https:\/\/www.redacteur.com\/blog\/#organization\",\"name\":\"Redacteur.com\",\"url\":\"https:\/\/www.redacteur.com\/blog\/\",\"logo\":{\"@type\":\"ImageObject\",\"inLanguage\":\"fr-FR\",\"@id\":\"https:\/\/www.redacteur.com\/blog\/#\/schema\/logo\/image\/\",\"url\":\"https:\/\/www.redacteur.com\/blog\/wp-content\/uploads\/sites\/6\/2022\/10\/logo-redacteur-blog.svg\",\"contentUrl\":\"https:\/\/www.redacteur.com\/blog\/wp-content\/uploads\/sites\/6\/2022\/10\/logo-redacteur-blog.svg\",\"width\":1,\"height\":1,\"caption\":\"Redacteur.com\"},\"image\":{\"@id\":\"https:\/\/www.redacteur.com\/blog\/#\/schema\/logo\/image\/\"},\"sameAs\":[\"https:\/\/www.facebook.com\/redacteurcom\",\"https:\/\/x.com\/Redacteurcom\",\"https:\/\/www.linkedin.com\/company\/redacteur-com\",\"https:\/\/www.youtube.com\/channel\/UCgj9ySM9xy3gdL8qBafl9Uw\/\"]},{\"@type\":\"Person\",\"@id\":\"https:\/\/www.redacteur.com\/blog\/#\/schema\/person\/33c0ef04707fbe50a096f282050bb5f2\",\"name\":\"Laura Michaud\",\"image\":{\"@type\":\"ImageObject\",\"inLanguage\":\"fr-FR\",\"@id\":\"https:\/\/www.redacteur.com\/blog\/#\/schema\/person\/image\/\",\"url\":\"https:\/\/secure.gravatar.com\/avatar\/c3328cc0c887f98cec6b2979af3311ab6333fc7cc2d4847514cfec6a56fa08a7?s=96&d=mm&r=g\",\"contentUrl\":\"https:\/\/secure.gravatar.com\/avatar\/c3328cc0c887f98cec6b2979af3311ab6333fc7cc2d4847514cfec6a56fa08a7?s=96&d=mm&r=g\",\"caption\":\"Laura Michaud\"},\"description\":\"Laura connait tous les meilleurs outils pour g\u00e9rer des projets et une entreprise. Cr\u00e9ative, c'est aussi une sp\u00e9cialiste des outils de cr\u00e9ation graphique pour faire briller une entreprise.\",\"sameAs\":[\"https:\/\/www.linkedin.com\/in\/michaudlaura\/\"],\"url\":\"https:\/\/www.redacteur.com\/blog\/author\/laura\/\"}]}<\/script>\n<!-- \/ Yoast SEO plugin. -->","yoast_head_json":{"title":"Comment pr\u00e9parer une ligne \u00e9ditoriale pour les f\u00eates de fin d'ann\u00e9e\u00a0? - Redacteur Blog","description":"Tous les pros du blogging vous le diront : un blogueur n\u2019est jamais vraiment en vacances. Publications saisonni\u00e8res obligent, la p\u00e9riode des f\u00eates de fin","robots":{"index":"index","follow":"follow","max-snippet":"max-snippet:-1","max-image-preview":"max-image-preview:large","max-video-preview":"max-video-preview:-1"},"canonical":"https:\/\/www.redacteur.com\/blog\/preparer-ligne-editoriale-fin-annee\/","og_locale":"fr_FR","og_type":"article","og_title":"Comment pr\u00e9parer une ligne \u00e9ditoriale pour les f\u00eates de fin d'ann\u00e9e\u00a0? - Redacteur Blog","og_description":"Tous les pros du blogging vous le diront : un blogueur n\u2019est jamais vraiment en vacances. Publications saisonni\u00e8res obligent, la p\u00e9riode des f\u00eates de fin","og_url":"https:\/\/www.redacteur.com\/blog\/preparer-ligne-editoriale-fin-annee\/","og_site_name":"Redacteur.com","article_publisher":"https:\/\/www.facebook.com\/redacteurcom","article_published_time":"2023-11-08T09:50:00+00:00","article_modified_time":"2023-11-08T09:50:02+00:00","og_image":[{"width":1024,"height":618,"url":"https:\/\/www.redacteur.com\/blog\/wp-content\/uploads\/sites\/6\/2022\/11\/Image-a-la-une-ligne-edito-noel.png","type":"image\/png"}],"author":"Laura Michaud","twitter_card":"summary_large_image","twitter_creator":"@Redacteurcom","twitter_site":"@Redacteurcom","twitter_misc":{"\u00c9crit par":"Laura Michaud","Dur\u00e9e de lecture estim\u00e9e":"5 minutes"},"schema":{"@context":"https:\/\/schema.org","@graph":[{"@type":"Article","@id":"https:\/\/www.redacteur.com\/blog\/preparer-ligne-editoriale-fin-annee\/#article","isPartOf":{"@id":"https:\/\/www.redacteur.com\/blog\/preparer-ligne-editoriale-fin-annee\/"},"author":{"name":"Laura Michaud","@id":"https:\/\/www.redacteur.com\/blog\/#\/schema\/person\/33c0ef04707fbe50a096f282050bb5f2"},"headline":"Comment pr\u00e9parer une ligne \u00e9ditoriale pour les f\u00eates de fin d&#8217;ann\u00e9e\u00a0?","datePublished":"2023-11-08T09:50:00+00:00","dateModified":"2023-11-08T09:50:02+00:00","mainEntityOfPage":{"@id":"https:\/\/www.redacteur.com\/blog\/preparer-ligne-editoriale-fin-annee\/"},"wordCount":841,"commentCount":0,"publisher":{"@id":"https:\/\/www.redacteur.com\/blog\/#organization"},"image":{"@id":"https:\/\/www.redacteur.com\/blog\/preparer-ligne-editoriale-fin-annee\/#primaryimage"},"thumbnailUrl":"https:\/\/www.redacteur.com\/blog\/wp-content\/uploads\/sites\/6\/2022\/11\/Image-a-la-une-ligne-edito-noel.png","articleSection":["Strat\u00e9gie \u00e9ditoriale"],"inLanguage":"fr-FR","potentialAction":[{"@type":"CommentAction","name":"Comment","target":["https:\/\/www.redacteur.com\/blog\/preparer-ligne-editoriale-fin-annee\/#respond"]}]},{"@type":"WebPage","@id":"https:\/\/www.redacteur.com\/blog\/preparer-ligne-editoriale-fin-annee\/","url":"https:\/\/www.redacteur.com\/blog\/preparer-ligne-editoriale-fin-annee\/","name":"Comment pr\u00e9parer une ligne \u00e9ditoriale pour les f\u00eates de fin d'ann\u00e9e\u00a0? - Redacteur Blog","isPartOf":{"@id":"https:\/\/www.redacteur.com\/blog\/#website"},"primaryImageOfPage":{"@id":"https:\/\/www.redacteur.com\/blog\/preparer-ligne-editoriale-fin-annee\/#primaryimage"},"image":{"@id":"https:\/\/www.redacteur.com\/blog\/preparer-ligne-editoriale-fin-annee\/#primaryimage"},"thumbnailUrl":"https:\/\/www.redacteur.com\/blog\/wp-content\/uploads\/sites\/6\/2022\/11\/Image-a-la-une-ligne-edito-noel.png","datePublished":"2023-11-08T09:50:00+00:00","dateModified":"2023-11-08T09:50:02+00:00","description":"Tous les pros du blogging vous le diront : un blogueur n\u2019est jamais vraiment en vacances. Publications saisonni\u00e8res obligent, la p\u00e9riode des f\u00eates de fin","breadcrumb":{"@id":"https:\/\/www.redacteur.com\/blog\/preparer-ligne-editoriale-fin-annee\/#breadcrumb"},"inLanguage":"fr-FR","potentialAction":[{"@type":"ReadAction","target":["https:\/\/www.redacteur.com\/blog\/preparer-ligne-editoriale-fin-annee\/"]}]},{"@type":"ImageObject","inLanguage":"fr-FR","@id":"https:\/\/www.redacteur.com\/blog\/preparer-ligne-editoriale-fin-annee\/#primaryimage","url":"https:\/\/www.redacteur.com\/blog\/wp-content\/uploads\/sites\/6\/2022\/11\/Image-a-la-une-ligne-edito-noel.png","contentUrl":"https:\/\/www.redacteur.com\/blog\/wp-content\/uploads\/sites\/6\/2022\/11\/Image-a-la-une-ligne-edito-noel.png","width":1024,"height":618},{"@type":"BreadcrumbList","@id":"https:\/\/www.redacteur.com\/blog\/preparer-ligne-editoriale-fin-annee\/#breadcrumb","itemListElement":[{"@type":"ListItem","position":1,"name":"Blog","item":"https:\/\/www.redacteur.com\/blog\/"},{"@type":"ListItem","position":2,"name":"R\u00e9daction web","item":"https:\/\/www.redacteur.com\/blog\/redaction-web\/"},{"@type":"ListItem","position":3,"name":"Strat\u00e9gie \u00e9ditoriale","item":"https:\/\/www.redacteur.com\/blog\/redaction-web\/strategie-editoriale\/"},{"@type":"ListItem","position":4,"name":"Comment pr\u00e9parer une ligne \u00e9ditoriale pour les f\u00eates de fin d&#8217;ann\u00e9e\u00a0?"}]},{"@type":"WebSite","@id":"https:\/\/www.redacteur.com\/blog\/#website","url":"https:\/\/www.redacteur.com\/blog\/","name":"Redacteur.com","description":"redacteur","publisher":{"@id":"https:\/\/www.redacteur.com\/blog\/#organization"},"potentialAction":[{"@type":"SearchAction","target":{"@type":"EntryPoint","urlTemplate":"https:\/\/www.redacteur.com\/blog\/?s={search_term_string}"},"query-input":{"@type":"PropertyValueSpecification","valueRequired":true,"valueName":"search_term_string"}}],"inLanguage":"fr-FR"},{"@type":"Organization","@id":"https:\/\/www.redacteur.com\/blog\/#organization","name":"Redacteur.com","url":"https:\/\/www.redacteur.com\/blog\/","logo":{"@type":"ImageObject","inLanguage":"fr-FR","@id":"https:\/\/www.redacteur.com\/blog\/#\/schema\/logo\/image\/","url":"https:\/\/www.redacteur.com\/blog\/wp-content\/uploads\/sites\/6\/2022\/10\/logo-redacteur-blog.svg","contentUrl":"https:\/\/www.redacteur.com\/blog\/wp-content\/uploads\/sites\/6\/2022\/10\/logo-redacteur-blog.svg","width":1,"height":1,"caption":"Redacteur.com"},"image":{"@id":"https:\/\/www.redacteur.com\/blog\/#\/schema\/logo\/image\/"},"sameAs":["https:\/\/www.facebook.com\/redacteurcom","https:\/\/x.com\/Redacteurcom","https:\/\/www.linkedin.com\/company\/redacteur-com","https:\/\/www.youtube.com\/channel\/UCgj9ySM9xy3gdL8qBafl9Uw\/"]},{"@type":"Person","@id":"https:\/\/www.redacteur.com\/blog\/#\/schema\/person\/33c0ef04707fbe50a096f282050bb5f2","name":"Laura Michaud","image":{"@type":"ImageObject","inLanguage":"fr-FR","@id":"https:\/\/www.redacteur.com\/blog\/#\/schema\/person\/image\/","url":"https:\/\/secure.gravatar.com\/avatar\/c3328cc0c887f98cec6b2979af3311ab6333fc7cc2d4847514cfec6a56fa08a7?s=96&d=mm&r=g","contentUrl":"https:\/\/secure.gravatar.com\/avatar\/c3328cc0c887f98cec6b2979af3311ab6333fc7cc2d4847514cfec6a56fa08a7?s=96&d=mm&r=g","caption":"Laura Michaud"},"description":"Laura connait tous les meilleurs outils pour g\u00e9rer des projets et une entreprise. Cr\u00e9ative, c'est aussi une sp\u00e9cialiste des outils de cr\u00e9ation graphique pour faire briller une entreprise.","sameAs":["https:\/\/www.linkedin.com\/in\/michaudlaura\/"],"url":"https:\/\/www.redacteur.com\/blog\/author\/laura\/"}]}},"_links":{"self":[{"href":"https:\/\/www.redacteur.com\/blog\/wp-json\/wp\/v2\/posts\/14227","targetHints":{"allow":["GET"]}}],"collection":[{"href":"https:\/\/www.redacteur.com\/blog\/wp-json\/wp\/v2\/posts"}],"about":[{"href":"https:\/\/www.redacteur.com\/blog\/wp-json\/wp\/v2\/types\/post"}],"author":[{"embeddable":true,"href":"https:\/\/www.redacteur.com\/blog\/wp-json\/wp\/v2\/users\/1"}],"replies":[{"embeddable":true,"href":"https:\/\/www.redacteur.com\/blog\/wp-json\/wp\/v2\/comments?post=14227"}],"version-history":[{"count":0,"href":"https:\/\/www.redacteur.com\/blog\/wp-json\/wp\/v2\/posts\/14227\/revisions"}],"wp:featuredmedia":[{"embeddable":true,"href":"https:\/\/www.redacteur.com\/blog\/wp-json\/wp\/v2\/media\/39020"}],"wp:attachment":[{"href":"https:\/\/www.redacteur.com\/blog\/wp-json\/wp\/v2\/media?parent=14227"}],"wp:term":[{"taxonomy":"category","embeddable":true,"href":"https:\/\/www.redacteur.com\/blog\/wp-json\/wp\/v2\/categories?post=14227"},{"taxonomy":"post_tag","embeddable":true,"href":"https:\/\/www.redacteur.com\/blog\/wp-json\/wp\/v2\/tags?post=14227"}],"curies":[{"name":"wp","href":"https:\/\/api.w.org\/{rel}","templated":true}]}}