{"id":14394,"date":"2024-01-15T10:50:00","date_gmt":"2024-01-15T09:50:00","guid":{"rendered":"https:\/\/www.redacteur.com\/blog\/?p=14394"},"modified":"2024-02-06T14:14:46","modified_gmt":"2024-02-06T13:14:46","slug":"creer-calendrier-editorial","status":"publish","type":"post","link":"https:\/\/www.redacteur.com\/blog\/creer-calendrier-editorial\/","title":{"rendered":"Comment cr\u00e9er un calendrier \u00e9ditorial en 2024&nbsp;? [+ notre calendrier \u00e9ditorial gratuit]"},"content":{"rendered":"<p>Le calendrier \u00e9ditorial est un outil indispensable pour mener \u00e0 bien votre strat\u00e9gie de contenu. Il vous permet de g\u00e9rer de fa\u00e7on plus efficace les contenus qui doivent \u00eatre cr\u00e9\u00e9s et publi\u00e9s sur vos diff\u00e9rentes plateformes.<\/p>\n<p>Pour gagner en efficacit\u00e9,\u00a0<a href=\"https:\/\/www.redacteur.com\/\">confier la r\u00e9daction<\/a> des articles de votre blog \u00e0 un r\u00e9dacteur professionnel est primordial. C&#8217;est la solution imparable pour vous organiser, avoir une bonne visibilit\u00e9 et tenir la cadence au fil des mois&nbsp;!<\/p>\n<p>Cette vision \u00e0 long terme est un v\u00e9ritable atout pour garder de la coh\u00e9rence dans <a href=\"https:\/\/www.redacteur.com\/blog\/construire-ligne-editoriale\/\">votre ligne \u00e9ditoriale<\/a> et atteindre plus facilement vos objectifs.\u00a0Mais pour que cet outil soit efficace, il doit \u00eatre bien construit. Voyons ensemble les champs qui doivent figurer dans votre <strong>calendrier \u00e9ditorial<\/strong>.<\/p>\n<h2>Les indispensables pour cr\u00e9er un calendrier \u00e9ditorial<\/h2>\n<p>Le but du calendrier \u00e9ditorial est de <a href=\"https:\/\/www.redacteur.com\/blog\/contenu-calendrier-editorial\/\">planifier\u00a0vos prochaines publications<\/a>, pour \u00e9viter les pannes d\u2019inspiration et organiser votre temps. Il convient pour diff\u00e9rents types de contenus&nbsp;:<\/p>\n<ul>\n<li>Les contenus de site&nbsp;: articles de blog, e-book, vid\u00e9o, infographie ;<\/li>\n<li>Les newsletters ;<\/li>\n<li>Les e-mails marketing ;<\/li>\n<li>Les publications sur les r\u00e9seaux sociaux&#8230;<\/li>\n<\/ul>\n<p>Votre calendrier vous permet de <strong>r\u00e9pertorier toutes les informations n\u00e9cessaires<\/strong> comme\u00a0:<\/p>\n<ul>\n<li>Les mots-cl\u00e9s ;<\/li>\n<li>Les diff\u00e9rentes sources d\u2019inspiration ;<\/li>\n<li>Vos fiches personas ;<\/li>\n<li>Vos partenariats&#8230;<\/li>\n<\/ul>\n<p>Plus besoin de <strong>chercher une id\u00e9e de contenu \u00e9ditorial<\/strong>&nbsp;: vous avez tout sous la main&nbsp;! L\u2019aspect purement strat\u00e9gique est \u00e9galement ind\u00e9niable&nbsp;: vous savez d\u00e9sormais quoi publier en fonction de vos <strong>objectifs commerciaux<\/strong>. Le calendrier \u00e9ditorial va vous apprendre \u00e0 mieux cibler vos mots-cl\u00e9s, et \u00e7a, c\u2019est excellent pour votre r\u00e9f\u00e9rencement naturel&nbsp;!<\/p>\n<p>Pour finir, vous allez avoir une <strong>vue d\u2019ensemble de vos publications<\/strong>, ce qui va vous \u00e9viter de publier 10 fois sur le m\u00eame sujet ou 15 infographies \u00e0 la suite&nbsp;!<\/p>\n<h3>Commencez par vous poser les bonnes questions\u00a0:<\/h3>\n<ul>\n<li>\u00c0 quelle fr\u00e9quence publier sur les r\u00e9seaux sociaux\u00a0? Sur votre blog\u00a0?<\/li>\n<li>Quel type de contenu allez-vous partager et pour quel m\u00e9dia\u00a0?<\/li>\n<li>Qui va avoir acc\u00e8s \u00e0 votre calendrier et quelles autorisations auront-ils\u00a0?<\/li>\n<\/ul>\n<p><img decoding=\"async\" class=\"aligncenter size-full wp-image-25473\" src=\"https:\/\/www.redacteur.com\/blog\/wp-content\/uploads\/sites\/6\/2021\/03\/calendar.jpg\" alt=\"\" width=\"700\" height=\"468\" srcset=\"https:\/\/www.redacteur.com\/blog\/wp-content\/uploads\/sites\/6\/2021\/03\/calendar.jpg 700w, https:\/\/www.redacteur.com\/blog\/wp-content\/uploads\/sites\/6\/2021\/03\/calendar-300x201.jpg 300w, https:\/\/www.redacteur.com\/blog\/wp-content\/uploads\/sites\/6\/2021\/03\/calendar-60x40.jpg 60w, https:\/\/www.redacteur.com\/blog\/wp-content\/uploads\/sites\/6\/2021\/03\/calendar-370x247.jpg 370w, https:\/\/www.redacteur.com\/blog\/wp-content\/uploads\/sites\/6\/2021\/03\/calendar-270x181.jpg 270w, https:\/\/www.redacteur.com\/blog\/wp-content\/uploads\/sites\/6\/2021\/03\/calendar-570x381.jpg 570w\" sizes=\"(max-width: 700px) 100vw, 700px\" \/><\/p>\n<h3>D\u00e9finissez vos objectifs marketing pour votre calendrier<\/h3>\n<p>Quel est le but de votre content marketing&nbsp;? Cherchez-vous \u00e0\u00a0:<\/p>\n<ul>\n<li>Attirer du trafic vers votre site\u00a0?<\/li>\n<li>Am\u00e9liorer votre r\u00e9f\u00e9rencement naturel\u00a0?<\/li>\n<li>Booster votre image de marque\u00a0?<\/li>\n<li>Obtenir de nouveaux clients\u00a0?<\/li>\n<li>Faire la promotion d\u2019un nouveau produit\u00a0?<\/li>\n<li>Fid\u00e9liser vos clients\u00a0?<\/li>\n<\/ul>\n<p>Des objectifs bien d\u00e9finis permettent de garder votre ligne directrice, et d&#8217;en mesurer l&#8217;efficacit\u00e9 ou l&#8217;avancement.<\/p>\n<h3>Adaptez vos contenus \u00e0 vos objectifs<\/h3>\n<p>Vos contenus seront diff\u00e9rents suivant leurs objectifs de trafic ou de conversion, par exemple avec&nbsp;:<\/p>\n<ul>\n<li>La cr\u00e9ation des articles de blog de qualit\u00e9 qui vont attirer les lecteurs.<\/li>\n<li>La diffusion des e-mails promotionnels pour lancer un produit.<\/li>\n<li>Le fait de miser sur des mots-cl\u00e9s cibl\u00e9s pour monter dans les moteurs de recherche\u2026<\/li>\n<\/ul>\n<p>Votre strat\u00e9gie marketing est au point&nbsp;? Alors il est temps de partir \u00e0 la p\u00eache aux id\u00e9es de contenus pour \u00e9toffer votre calendrier \u00e9ditorial&nbsp;!<\/p>\n<p>Pour <a href=\"https:\/\/www.redacteur.com\/devis\/sujets-articles-blog\">trouver des sujets d&#8217;articles de blog<\/a>, nos \u00e9quipes peuvent vous aider. Contactez-nous afin de mettre une strat\u00e9gie de contenu cl\u00e9 en main o\u00f9 nos sp\u00e9cialistes s&#8217;occupent de vous de trouver les sujets et de r\u00e9diger les contenus pour obtenir du trafic sur votre site.<\/p>\n<h3>Surfez sur les r\u00e9seaux sociaux<\/h3>\n<p>Suivez tous les <strong>influenceurs<\/strong> de votre branche d\u2019activit\u00e9, puis pistez les sujets qui font le buzz, ceux qui g\u00e9n\u00e8rent le plus de commentaires. Listez les questions et les r\u00e9ponses que les internautes ont apport\u00e9es et allez vite les noter dans votre calendrier. Vous serez surpris d\u2019y trouver autant de sources d\u2019inspiration\u00a0!<\/p>\n<h3>\u00c9tudiez la concurrence<\/h3>\n<p>Regardez ce que publient vos concurrents et \u00e0 quelle fr\u00e9quence. Notez leurs m\u00e9dias de pr\u00e9dilection, quels types de <strong>contenus g\u00e9n\u00e8rent le plus d\u2019interactions<\/strong> avec leurs prospects&#8230; Prenez le temps de lire les commentaires, eux aussi fourmillent de bonnes id\u00e9es&nbsp;!<\/p>\n<blockquote><p>Prendre exemple, ce n\u2019est pas copier&nbsp;! Vous pouvez prendre des id\u00e9es pour les int\u00e9grer ensuite dans votre calendrier \u00e9ditorial, mais vous devez <strong>cr\u00e9er des contenus uniques<\/strong>. Il en va de votre notori\u00e9t\u00e9 et le<strong> duplicate content<\/strong> est n\u00e9faste pour votre SEO.<\/p><\/blockquote>\n<h3>Demandez \u00e0 vos clients<\/h3>\n<p>Finalement, les plus \u00e0 m\u00eame de savoir ce qui les int\u00e9resse, c\u2019est bien vos clients\u00a0! Vous pouvez <strong>int\u00e9grer un questionnaire<\/strong> sur votre site ou sur les r\u00e9seaux sociaux.<\/p>\n<p>Si vous avez un <strong>chatbot<\/strong> sur votre site web, notez tous les probl\u00e8mes que rencontrent vos clients. Lorsqu\u2019ils vous donnent leur adresse mail, profitez-en pour leur <strong>demander leur avis<\/strong> et les am\u00e9liorations que vous pourriez leur apporter.<\/p>\n<p>Voici une liste de sites qui vont vous \u00eatre tr\u00e8s utiles\u00a0:<\/p>\n<h4><strong>Google Trends<\/strong><\/h4>\n<p>Dans l\u2019onglet \u00ab\u00a0Recherches du moment\u00a0\u00bb, vous trouverez l\u2019ensemble des sujets br\u00fblants qui animent la toile. Utilisez la section \u00ab\u00a0D\u00e9couvrir\u00a0\u00bb pour faire une recherche sur un th\u00e8me pr\u00e9cis.<\/p>\n<h4><strong>Answer the public<\/strong><\/h4>\n<p>Answer The Public va vous faciliter la t\u00e2che\u00a0! Entrez votre mot-cl\u00e9 et le site se chargera de vous d\u00e9livrer toutes les questions que se posent les internautes \u00e0 son sujet\u00a0!<\/p>\n<h4><strong>Quora<\/strong><\/h4>\n<p>Quora est un site de questions\/r\u00e9ponses. Tout le monde peut poser ses questions, vous avez ainsi acc\u00e8s \u00e0 une mine d\u2019id\u00e9es de contenus \u00e9ditoriaux. Filtrez les questions en fonction de votre public cible et profitez de cette manne\u00a0! En bonus, vous pouvez m\u00eame mettre votre site en lien dans les r\u00e9ponses que vous apportez\u00a0!<\/p>\n<p><img decoding=\"async\" class=\"aligncenter size-full wp-image-25474\" src=\"https:\/\/www.redacteur.com\/blog\/wp-content\/uploads\/sites\/6\/2021\/03\/tablette.jpg\" alt=\"\" width=\"700\" height=\"466\" srcset=\"https:\/\/www.redacteur.com\/blog\/wp-content\/uploads\/sites\/6\/2021\/03\/tablette.jpg 700w, https:\/\/www.redacteur.com\/blog\/wp-content\/uploads\/sites\/6\/2021\/03\/tablette-300x200.jpg 300w, https:\/\/www.redacteur.com\/blog\/wp-content\/uploads\/sites\/6\/2021\/03\/tablette-60x40.jpg 60w, https:\/\/www.redacteur.com\/blog\/wp-content\/uploads\/sites\/6\/2021\/03\/tablette-370x246.jpg 370w, https:\/\/www.redacteur.com\/blog\/wp-content\/uploads\/sites\/6\/2021\/03\/tablette-270x180.jpg 270w, https:\/\/www.redacteur.com\/blog\/wp-content\/uploads\/sites\/6\/2021\/03\/tablette-570x379.jpg 570w\" sizes=\"(max-width: 700px) 100vw, 700px\" \/><\/p>\n<h2>Cr\u00e9ez votre calendrier \u00e9ditorial en 4 \u00e9tapes<\/h2>\n<p>Il est temps de rassembler toutes ses informations dans votre <strong>calendrier \u00e9ditorial<\/strong>. Vous pouvez utiliser votre<strong> tableur<\/strong>, la <strong>plateforme <\/strong><strong>Trello<\/strong> est aussi tr\u00e8s fonctionnelle.<\/p>\n<blockquote><p>\u00c0 lire aussi&nbsp;: <a href=\"https:\/\/www.redacteur.com\/blog\/livre-blanc-creer-ligne-editoriale\/\">Cr\u00e9er votre ligne \u00e9ditoriale<\/a><\/p><\/blockquote>\n<h3>1. Les param\u00e8tres relatifs \u00e0 la publication<\/h3>\n<h4>La date de publication<\/h4>\n<p>Pr\u00e9voir une date de publication est essentiel pour prioriser vos sujets. Cette deadline est \u00e9galement utile pour les autres membres de votre \u00e9quipe&nbsp;: ces derniers pourront mieux s\u2019organiser.<\/p>\n<h4>Le titre<\/h4>\n<p>Dans la colonne \u00ab Titre \u00bb renseignez simplement le titre de votre publication ou de votre article de blog. Rappelez-vous&nbsp;: votre titre doit \u00eatre assez captivant pour donner envie aux internautes de cliquer.<\/p>\n<h4>Le type de contenu<\/h4>\n<p>Ce champ doit d\u00e9crire le type de contenu qui sera produit. Cette information vous sera d\u2019ailleurs utile lors de vos analyses. Vous pourrez voir quel type de contenu suscite le plus d\u2019engagements.<\/p>\n<p>Voici des exemples de contenu que vous pouvez int\u00e9grer \u00e0 votre calendrier \u00e9ditorial&nbsp;:<\/p>\n<ul>\n<li>Article de blog ;<\/li>\n<li>Infographie ;<\/li>\n<li>Curation de contenu ;<\/li>\n<li>Ebook \/ livre blanc ;<\/li>\n<li>SlideShare ;<\/li>\n<li>Webinar ;<\/li>\n<li>Mise \u00e0 jour&#8230;<\/li>\n<\/ul>\n<h4>La th\u00e9matique<\/h4>\n<p>En renseignant la th\u00e9matique, vous pourrez l\u00e0 encore voir les types de sujets qui int\u00e9ressent le plus vos lecteurs. La personne qui publiera l\u2019article pourra \u00e9galement savoir dans quelle cat\u00e9gorie de votre blog int\u00e9grer le contenu en question.<\/p>\n<h4>Le statut<\/h4>\n<p>N\u2019oubliez pas que votre calendrier \u00e9ditorial peut \u00eatre consult\u00e9 par plusieurs personnes. Chaque membre de votre \u00e9quipe doit savoir o\u00f9 en est la cr\u00e9ation des diff\u00e9rents contenus.<\/p>\n<p>Il est donc important de renseigner le champ \u00ab statut \u00bb avec l\u2019une de ces informations&nbsp;:<\/p>\n<ul>\n<li>Pas commenc\u00e9 ;<\/li>\n<li>Soumis ;<\/li>\n<li>Accept\u00e9 ;<\/li>\n<li>En cours ;<\/li>\n<li>Planifi\u00e9 ;<\/li>\n<li>Publi\u00e9&#8230;<\/li>\n<\/ul>\n<h4>La destination<\/h4>\n<p>Pour coordonner efficacement votre strat\u00e9gie de contenu, vous devez savoir o\u00f9 sera post\u00e9e chaque publication&nbsp;:<\/p>\n<ul>\n<li>Sur votre site internet&nbsp;?<\/li>\n<li>Sur votre blog&nbsp;?<\/li>\n<li>Sur Facebook&nbsp;?<\/li>\n<li>Sur Twitter&nbsp;?<\/li>\n<li>Sur LinkedIn&nbsp;?<\/li>\n<li>Sur un autre site \/ blog&nbsp;? Lequel&nbsp;?<\/li>\n<\/ul>\n<blockquote><p>\u00c0 lire aussi&nbsp;: <a href=\"https:\/\/www.redacteur.com\/blog\/quand-publier-facebook-instagram-twitter-linkedin\/\">Quand publier sur Facebook, Instagram, Twitter et LinkedIn&nbsp;?<\/a><\/p><\/blockquote>\n<h3>2. Les param\u00e8tres relatifs au r\u00e9dacteur et \u00e0 l\u2019auteur<\/h3>\n<p>Si vous \u00eates seul aux commandes, ces champs ne seront pas forc\u00e9ment utiles.\u00a0Par contre, si plusieurs personnes participent \u00e0 la cr\u00e9ation des contenus il convient de renseigner le r\u00e9dacteur.<\/p>\n<p>Vous pouvez aller plus loin en renseignant le nom de la personne charg\u00e9e de publier l\u2019article ou le post sur le m\u00e9dia renseign\u00e9 pr\u00e9c\u00e9demment.<\/p>\n<h3>3. Les param\u00e8tres relatifs \u00e0 votre cible et vos objectifs<\/h3>\n<p>Dans votre strat\u00e9gie de contenu, vous devez identifier vos personas. Ces derniers doivent repr\u00e9senter les diff\u00e9rents segments de votre audience et doivent vous permettre de mieux comprendre \u00e0 qui vous vous adressez.<\/p>\n<p>Une fois fait, pr\u00e9voyez dans votre calendrier \u00e9ditorial une colonne pour renseigner la cible de chacun de vos contenus. Indiquez ensuite l\u2019objectif que vous souhaitez atteindre&nbsp;: g\u00e9n\u00e9rer du trafic sur votre site ou une page sp\u00e9cifique, r\u00e9cup\u00e9rer des adresses emails, obtenir des abonn\u00e9s, etc\u2026<\/p>\n<p>La connaissance des objectifs sera \u00e0 prendre en compte lors de la r\u00e9daction.<\/p>\n<h3>4. Un champ pour le SEO<\/h3>\n<p>Si votre contenu est \u00e0 destination d\u2019un blog, de votre site vitrine ou e-commerce par exemple, je vous conseille de renseigner un champ \u00ab SEO \u00bb.<\/p>\n<p>Vous pourrez indiquer les mots-cl\u00e9s \u00e0 int\u00e9grer dans la publication.\u00a0Selon vos besoins et la taille de votre activit\u00e9, tous les champs cit\u00e9s ci-avant ne sont pas forc\u00e9ment n\u00e9cessaires. Peut-\u00eatre devrez-vous en rajouter&nbsp;?<\/p>\n<p>Quoiqu\u2019il en soit, votre <strong>calendrier \u00e9ditorial<\/strong> doit vous correspondre et doit \u00eatre un outil d\u2019aide \u00e0 la gestion et la planification de vos contenus.<\/p>\n<h2>Confier sa strat\u00e9gie \u00e9ditoriale pour maximiser sa visibilit\u00e9<\/h2>\n<p>Vous le voyez, mettre en place une strat\u00e9gie de contenu demande une organisation bien rod\u00e9e. Pour vous faire gagner du temps, Redacteur.com propose de vous accompagner dans la conception de votre strat\u00e9gie \u00e9ditoriale en vous aidant \u00e0 identifier les mots-cl\u00e9s les plus pertinents pour votre activit\u00e9 \u00e0 travers un audit s\u00e9mantique. Une fois les meilleures opportunit\u00e9s SEO trouv\u00e9es, un expert SEO con\u00e7oit des sujets de contenus et une \u00e9quipe de r\u00e9dacteurs professionnels r\u00e9dige vos nouveaux contenus.<\/p>\n<p>Les packs <a href=\"https:\/\/www.redacteur.com\/packs-strategie-contenu-seo\/?source=redacteur&amp;medium=blog&amp;campaign=launch-packs-seo&amp;content=14394\">Strat\u00e9gie de contenu SEO de Redacteur.com<\/a> les plus pouss\u00e9s comprennent \u00e9galement la r\u00e9daction de pages piliers, v\u00e9ritable \u00e9pine dorsale de votre strat\u00e9gie \u00e9ditoriale.<\/p>\n<p>3 packs sont disponibles en fonction de votre maturit\u00e9 \u00e9ditoriale. Le plus ambitieux inclut la r\u00e9daction de 60 contenus de 800 mots et la cr\u00e9ation de 3 pages piliers de 2500 mots.<\/p>\n<blockquote><p>Les contenus sont livr\u00e9s au format HTML pour vous permettre une int\u00e9gration rapide et facile dans votre CMS.<\/p><\/blockquote>\n<p>Gagnez du temps avec ce nouveau service cl\u00e9 en main, adapt\u00e9 \u00e0 toutes les entreprises qui souhaitent d\u00e9velopper leur visibilit\u00e9 sur Google tout en se simplifiant la gestion de la production de leur contenu.<\/p>\n<h2>Notre calendrier \u00e9ditorial 2024<\/h2>\n<p>Pour vous aider \u00e0 mettre en place votre strat\u00e9gie \u00e9ditoriale, nous vous partageons gratuitement notre calendrier \u00e9ditorial pour l&#8217;ann\u00e9e 2024.<\/p>\n<p>Vous y retrouverez de nombreux \u00e9v\u00e9nements, f\u00eates et c\u00e9l\u00e9brations qui feront vivre vos contenus social m\u00e9dia ainsi que ceux de votre site web.<\/p>\n<p><img decoding=\"async\" class=\"aligncenter wp-image-39579 size-full\" src=\"https:\/\/www.redacteur.com\/blog\/wp-content\/uploads\/sites\/6\/2021\/12\/Capture-decran-2024-01-12-a-14.15.30.png\" alt=\"\" width=\"2408\" height=\"1702\" srcset=\"https:\/\/www.redacteur.com\/blog\/wp-content\/uploads\/sites\/6\/2021\/12\/Capture-decran-2024-01-12-a-14.15.30.png 2408w, https:\/\/www.redacteur.com\/blog\/wp-content\/uploads\/sites\/6\/2021\/12\/Capture-decran-2024-01-12-a-14.15.30-300x212.png 300w, https:\/\/www.redacteur.com\/blog\/wp-content\/uploads\/sites\/6\/2021\/12\/Capture-decran-2024-01-12-a-14.15.30-1024x724.png 1024w, https:\/\/www.redacteur.com\/blog\/wp-content\/uploads\/sites\/6\/2021\/12\/Capture-decran-2024-01-12-a-14.15.30-768x543.png 768w, https:\/\/www.redacteur.com\/blog\/wp-content\/uploads\/sites\/6\/2021\/12\/Capture-decran-2024-01-12-a-14.15.30-1536x1086.png 1536w, https:\/\/www.redacteur.com\/blog\/wp-content\/uploads\/sites\/6\/2021\/12\/Capture-decran-2024-01-12-a-14.15.30-2048x1448.png 2048w, https:\/\/www.redacteur.com\/blog\/wp-content\/uploads\/sites\/6\/2021\/12\/Capture-decran-2024-01-12-a-14.15.30-60x42.png 60w, https:\/\/www.redacteur.com\/blog\/wp-content\/uploads\/sites\/6\/2021\/12\/Capture-decran-2024-01-12-a-14.15.30-370x262.png 370w, https:\/\/www.redacteur.com\/blog\/wp-content\/uploads\/sites\/6\/2021\/12\/Capture-decran-2024-01-12-a-14.15.30-270x191.png 270w, https:\/\/www.redacteur.com\/blog\/wp-content\/uploads\/sites\/6\/2021\/12\/Capture-decran-2024-01-12-a-14.15.30-570x403.png 570w, https:\/\/www.redacteur.com\/blog\/wp-content\/uploads\/sites\/6\/2021\/12\/Capture-decran-2024-01-12-a-14.15.30-740x523.png 740w\" sizes=\"(max-width: 2408px) 100vw, 2408px\" \/><\/p>\n<p class=\"btn btn-primary\"><a href=\"https:\/\/www.redacteur.com\/blog\/wp-content\/uploads\/sites\/6\/2024\/01\/calendrier_edito_2024.pdf\" target=\"blank\" rel=\"noopener\">T\u00e9l\u00e9charger le mod\u00e8le de calendrier \u00e9ditorial<\/a><\/p>\n<h2>Notre astuce<\/h2>\n<p>Afin d\u2019optimiser au mieux votre calendrier \u00e9ditorial, <strong>surveillez vos r\u00e9sultats<\/strong>.<\/p>\n<p>Si vous \u00eates d\u00e9bord\u00e9, vous pouvez <strong>d\u00e9l\u00e9guer la r\u00e9daction <\/strong>de vos contenus \u00e0 un r\u00e9dacteur web professionnel en <a href=\"https:\/\/www.redacteur.com\/steps\/orders\/new\">passant une premi\u00e8re commande de textes sur Redacteur.com<\/a>.<\/p>\n","protected":false},"excerpt":{"rendered":"<p>Le calendrier \u00e9ditorial est un outil indispensable pour mener \u00e0 bien votre strat\u00e9gie de contenu. Il vous permet de g\u00e9rer de fa\u00e7on plus efficace les contenus qui doivent \u00eatre cr\u00e9\u00e9s et publi\u00e9s sur vos diff\u00e9rentes plateformes. Pour gagner en efficacit\u00e9,\u00a0confier la r\u00e9daction des articles de votre blog \u00e0 un r\u00e9dacteur professionnel est primordial. C&#8217;est la [&hellip;]<\/p>\n","protected":false},"author":1,"featured_media":39580,"comment_status":"open","ping_status":"open","sticky":false,"template":"","format":"standard","meta":{"_acf_changed":false,"inline_featured_image":false,"footnotes":""},"categories":[14],"tags":[],"class_list":["post-14394","post","type-post","status-publish","format-standard","has-post-thumbnail","hentry","category-strategie-editoriale"],"acf":[],"yoast_head":"<!-- This site is optimized with the Yoast SEO plugin v25.9 - https:\/\/yoast.com\/wordpress\/plugins\/seo\/ -->\n<title>Comment cr\u00e9er un calendrier \u00e9ditorial en 2024 ? [+ notre calendrier \u00e9ditorial gratuit] - Redacteur Blog<\/title>\n<meta name=\"description\" content=\"Le calendrier \u00e9ditorial est un outil indispensable pour mener \u00e0 bien votre strat\u00e9gie de contenu. Il vous permet de g\u00e9rer de fa\u00e7on plus efficace les\" \/>\n<meta name=\"robots\" content=\"index, follow, max-snippet:-1, max-image-preview:large, max-video-preview:-1\" \/>\n<link rel=\"canonical\" href=\"https:\/\/www.redacteur.com\/blog\/creer-calendrier-editorial\/\" \/>\n<meta property=\"og:locale\" content=\"fr_FR\" \/>\n<meta property=\"og:type\" content=\"article\" \/>\n<meta property=\"og:title\" content=\"Comment cr\u00e9er un calendrier \u00e9ditorial en 2024 ? [+ notre calendrier \u00e9ditorial gratuit] - Redacteur Blog\" \/>\n<meta property=\"og:description\" content=\"Le calendrier \u00e9ditorial est un outil indispensable pour mener \u00e0 bien votre strat\u00e9gie de contenu. Il vous permet de g\u00e9rer de fa\u00e7on plus efficace les\" \/>\n<meta property=\"og:url\" content=\"https:\/\/www.redacteur.com\/blog\/creer-calendrier-editorial\/\" \/>\n<meta property=\"og:site_name\" content=\"Redacteur.com\" \/>\n<meta property=\"article:publisher\" content=\"https:\/\/www.facebook.com\/redacteurcom\" \/>\n<meta property=\"article:published_time\" content=\"2024-01-15T09:50:00+00:00\" \/>\n<meta property=\"article:modified_time\" content=\"2024-02-06T13:14:46+00:00\" \/>\n<meta property=\"og:image\" content=\"https:\/\/www.redacteur.com\/blog\/wp-content\/uploads\/sites\/6\/2021\/12\/Image-a-la-une-calendrier-edito.png\" \/>\n\t<meta property=\"og:image:width\" content=\"1024\" \/>\n\t<meta property=\"og:image:height\" content=\"618\" \/>\n\t<meta property=\"og:image:type\" content=\"image\/png\" \/>\n<meta name=\"author\" content=\"Laura Michaud\" \/>\n<meta name=\"twitter:card\" content=\"summary_large_image\" \/>\n<meta name=\"twitter:creator\" content=\"@Redacteurcom\" \/>\n<meta name=\"twitter:site\" content=\"@Redacteurcom\" \/>\n<meta name=\"twitter:label1\" content=\"\u00c9crit par\" \/>\n\t<meta name=\"twitter:data1\" content=\"Laura Michaud\" \/>\n\t<meta name=\"twitter:label2\" content=\"Dur\u00e9e de lecture estim\u00e9e\" \/>\n\t<meta name=\"twitter:data2\" content=\"10 minutes\" \/>\n<script type=\"application\/ld+json\" class=\"yoast-schema-graph\">{\"@context\":\"https:\/\/schema.org\",\"@graph\":[{\"@type\":\"Article\",\"@id\":\"https:\/\/www.redacteur.com\/blog\/creer-calendrier-editorial\/#article\",\"isPartOf\":{\"@id\":\"https:\/\/www.redacteur.com\/blog\/creer-calendrier-editorial\/\"},\"author\":{\"name\":\"Laura Michaud\",\"@id\":\"https:\/\/www.redacteur.com\/blog\/#\/schema\/person\/33c0ef04707fbe50a096f282050bb5f2\"},\"headline\":\"Comment cr\u00e9er un calendrier \u00e9ditorial en 2024&nbsp;? [+ notre calendrier \u00e9ditorial gratuit]\",\"datePublished\":\"2024-01-15T09:50:00+00:00\",\"dateModified\":\"2024-02-06T13:14:46+00:00\",\"mainEntityOfPage\":{\"@id\":\"https:\/\/www.redacteur.com\/blog\/creer-calendrier-editorial\/\"},\"wordCount\":1851,\"commentCount\":3,\"publisher\":{\"@id\":\"https:\/\/www.redacteur.com\/blog\/#organization\"},\"image\":{\"@id\":\"https:\/\/www.redacteur.com\/blog\/creer-calendrier-editorial\/#primaryimage\"},\"thumbnailUrl\":\"https:\/\/www.redacteur.com\/blog\/wp-content\/uploads\/sites\/6\/2021\/12\/Image-a-la-une-calendrier-edito.png\",\"articleSection\":[\"Strat\u00e9gie \u00e9ditoriale\"],\"inLanguage\":\"fr-FR\",\"potentialAction\":[{\"@type\":\"CommentAction\",\"name\":\"Comment\",\"target\":[\"https:\/\/www.redacteur.com\/blog\/creer-calendrier-editorial\/#respond\"]}]},{\"@type\":\"WebPage\",\"@id\":\"https:\/\/www.redacteur.com\/blog\/creer-calendrier-editorial\/\",\"url\":\"https:\/\/www.redacteur.com\/blog\/creer-calendrier-editorial\/\",\"name\":\"Comment cr\u00e9er un calendrier \u00e9ditorial en 2024 ? [+ notre calendrier \u00e9ditorial gratuit] - Redacteur Blog\",\"isPartOf\":{\"@id\":\"https:\/\/www.redacteur.com\/blog\/#website\"},\"primaryImageOfPage\":{\"@id\":\"https:\/\/www.redacteur.com\/blog\/creer-calendrier-editorial\/#primaryimage\"},\"image\":{\"@id\":\"https:\/\/www.redacteur.com\/blog\/creer-calendrier-editorial\/#primaryimage\"},\"thumbnailUrl\":\"https:\/\/www.redacteur.com\/blog\/wp-content\/uploads\/sites\/6\/2021\/12\/Image-a-la-une-calendrier-edito.png\",\"datePublished\":\"2024-01-15T09:50:00+00:00\",\"dateModified\":\"2024-02-06T13:14:46+00:00\",\"description\":\"Le calendrier \u00e9ditorial est un outil indispensable pour mener \u00e0 bien votre strat\u00e9gie de contenu. Il vous permet de g\u00e9rer de fa\u00e7on plus efficace les\",\"breadcrumb\":{\"@id\":\"https:\/\/www.redacteur.com\/blog\/creer-calendrier-editorial\/#breadcrumb\"},\"inLanguage\":\"fr-FR\",\"potentialAction\":[{\"@type\":\"ReadAction\",\"target\":[\"https:\/\/www.redacteur.com\/blog\/creer-calendrier-editorial\/\"]}]},{\"@type\":\"ImageObject\",\"inLanguage\":\"fr-FR\",\"@id\":\"https:\/\/www.redacteur.com\/blog\/creer-calendrier-editorial\/#primaryimage\",\"url\":\"https:\/\/www.redacteur.com\/blog\/wp-content\/uploads\/sites\/6\/2021\/12\/Image-a-la-une-calendrier-edito.png\",\"contentUrl\":\"https:\/\/www.redacteur.com\/blog\/wp-content\/uploads\/sites\/6\/2021\/12\/Image-a-la-une-calendrier-edito.png\",\"width\":1024,\"height\":618},{\"@type\":\"BreadcrumbList\",\"@id\":\"https:\/\/www.redacteur.com\/blog\/creer-calendrier-editorial\/#breadcrumb\",\"itemListElement\":[{\"@type\":\"ListItem\",\"position\":1,\"name\":\"Blog\",\"item\":\"https:\/\/www.redacteur.com\/blog\/\"},{\"@type\":\"ListItem\",\"position\":2,\"name\":\"R\u00e9daction web\",\"item\":\"https:\/\/www.redacteur.com\/blog\/redaction-web\/\"},{\"@type\":\"ListItem\",\"position\":3,\"name\":\"Strat\u00e9gie \u00e9ditoriale\",\"item\":\"https:\/\/www.redacteur.com\/blog\/redaction-web\/strategie-editoriale\/\"},{\"@type\":\"ListItem\",\"position\":4,\"name\":\"Comment cr\u00e9er un calendrier \u00e9ditorial en 2024 ? [+ notre calendrier \u00e9ditorial gratuit]\"}]},{\"@type\":\"WebSite\",\"@id\":\"https:\/\/www.redacteur.com\/blog\/#website\",\"url\":\"https:\/\/www.redacteur.com\/blog\/\",\"name\":\"Redacteur.com\",\"description\":\"redacteur\",\"publisher\":{\"@id\":\"https:\/\/www.redacteur.com\/blog\/#organization\"},\"potentialAction\":[{\"@type\":\"SearchAction\",\"target\":{\"@type\":\"EntryPoint\",\"urlTemplate\":\"https:\/\/www.redacteur.com\/blog\/?s={search_term_string}\"},\"query-input\":{\"@type\":\"PropertyValueSpecification\",\"valueRequired\":true,\"valueName\":\"search_term_string\"}}],\"inLanguage\":\"fr-FR\"},{\"@type\":\"Organization\",\"@id\":\"https:\/\/www.redacteur.com\/blog\/#organization\",\"name\":\"Redacteur.com\",\"url\":\"https:\/\/www.redacteur.com\/blog\/\",\"logo\":{\"@type\":\"ImageObject\",\"inLanguage\":\"fr-FR\",\"@id\":\"https:\/\/www.redacteur.com\/blog\/#\/schema\/logo\/image\/\",\"url\":\"https:\/\/www.redacteur.com\/blog\/wp-content\/uploads\/sites\/6\/2022\/10\/logo-redacteur-blog.svg\",\"contentUrl\":\"https:\/\/www.redacteur.com\/blog\/wp-content\/uploads\/sites\/6\/2022\/10\/logo-redacteur-blog.svg\",\"width\":1,\"height\":1,\"caption\":\"Redacteur.com\"},\"image\":{\"@id\":\"https:\/\/www.redacteur.com\/blog\/#\/schema\/logo\/image\/\"},\"sameAs\":[\"https:\/\/www.facebook.com\/redacteurcom\",\"https:\/\/x.com\/Redacteurcom\",\"https:\/\/www.linkedin.com\/company\/redacteur-com\",\"https:\/\/www.youtube.com\/channel\/UCgj9ySM9xy3gdL8qBafl9Uw\/\"]},{\"@type\":\"Person\",\"@id\":\"https:\/\/www.redacteur.com\/blog\/#\/schema\/person\/33c0ef04707fbe50a096f282050bb5f2\",\"name\":\"Laura Michaud\",\"image\":{\"@type\":\"ImageObject\",\"inLanguage\":\"fr-FR\",\"@id\":\"https:\/\/www.redacteur.com\/blog\/#\/schema\/person\/image\/\",\"url\":\"https:\/\/secure.gravatar.com\/avatar\/c3328cc0c887f98cec6b2979af3311ab6333fc7cc2d4847514cfec6a56fa08a7?s=96&d=mm&r=g\",\"contentUrl\":\"https:\/\/secure.gravatar.com\/avatar\/c3328cc0c887f98cec6b2979af3311ab6333fc7cc2d4847514cfec6a56fa08a7?s=96&d=mm&r=g\",\"caption\":\"Laura Michaud\"},\"description\":\"Laura connait tous les meilleurs outils pour g\u00e9rer des projets et une entreprise. Cr\u00e9ative, c'est aussi une sp\u00e9cialiste des outils de cr\u00e9ation graphique pour faire briller une entreprise.\",\"sameAs\":[\"https:\/\/www.linkedin.com\/in\/michaudlaura\/\"],\"url\":\"https:\/\/www.redacteur.com\/blog\/author\/laura\/\"}]}<\/script>\n<!-- \/ Yoast SEO plugin. -->","yoast_head_json":{"title":"Comment cr\u00e9er un calendrier \u00e9ditorial en 2024 ? [+ notre calendrier \u00e9ditorial gratuit] - Redacteur Blog","description":"Le calendrier \u00e9ditorial est un outil indispensable pour mener \u00e0 bien votre strat\u00e9gie de contenu. Il vous permet de g\u00e9rer de fa\u00e7on plus efficace les","robots":{"index":"index","follow":"follow","max-snippet":"max-snippet:-1","max-image-preview":"max-image-preview:large","max-video-preview":"max-video-preview:-1"},"canonical":"https:\/\/www.redacteur.com\/blog\/creer-calendrier-editorial\/","og_locale":"fr_FR","og_type":"article","og_title":"Comment cr\u00e9er un calendrier \u00e9ditorial en 2024 ? [+ notre calendrier \u00e9ditorial gratuit] - Redacteur Blog","og_description":"Le calendrier \u00e9ditorial est un outil indispensable pour mener \u00e0 bien votre strat\u00e9gie de contenu. Il vous permet de g\u00e9rer de fa\u00e7on plus efficace les","og_url":"https:\/\/www.redacteur.com\/blog\/creer-calendrier-editorial\/","og_site_name":"Redacteur.com","article_publisher":"https:\/\/www.facebook.com\/redacteurcom","article_published_time":"2024-01-15T09:50:00+00:00","article_modified_time":"2024-02-06T13:14:46+00:00","og_image":[{"width":1024,"height":618,"url":"https:\/\/www.redacteur.com\/blog\/wp-content\/uploads\/sites\/6\/2021\/12\/Image-a-la-une-calendrier-edito.png","type":"image\/png"}],"author":"Laura Michaud","twitter_card":"summary_large_image","twitter_creator":"@Redacteurcom","twitter_site":"@Redacteurcom","twitter_misc":{"\u00c9crit par":"Laura Michaud","Dur\u00e9e de lecture estim\u00e9e":"10 minutes"},"schema":{"@context":"https:\/\/schema.org","@graph":[{"@type":"Article","@id":"https:\/\/www.redacteur.com\/blog\/creer-calendrier-editorial\/#article","isPartOf":{"@id":"https:\/\/www.redacteur.com\/blog\/creer-calendrier-editorial\/"},"author":{"name":"Laura Michaud","@id":"https:\/\/www.redacteur.com\/blog\/#\/schema\/person\/33c0ef04707fbe50a096f282050bb5f2"},"headline":"Comment cr\u00e9er un calendrier \u00e9ditorial en 2024&nbsp;? [+ notre calendrier \u00e9ditorial gratuit]","datePublished":"2024-01-15T09:50:00+00:00","dateModified":"2024-02-06T13:14:46+00:00","mainEntityOfPage":{"@id":"https:\/\/www.redacteur.com\/blog\/creer-calendrier-editorial\/"},"wordCount":1851,"commentCount":3,"publisher":{"@id":"https:\/\/www.redacteur.com\/blog\/#organization"},"image":{"@id":"https:\/\/www.redacteur.com\/blog\/creer-calendrier-editorial\/#primaryimage"},"thumbnailUrl":"https:\/\/www.redacteur.com\/blog\/wp-content\/uploads\/sites\/6\/2021\/12\/Image-a-la-une-calendrier-edito.png","articleSection":["Strat\u00e9gie \u00e9ditoriale"],"inLanguage":"fr-FR","potentialAction":[{"@type":"CommentAction","name":"Comment","target":["https:\/\/www.redacteur.com\/blog\/creer-calendrier-editorial\/#respond"]}]},{"@type":"WebPage","@id":"https:\/\/www.redacteur.com\/blog\/creer-calendrier-editorial\/","url":"https:\/\/www.redacteur.com\/blog\/creer-calendrier-editorial\/","name":"Comment cr\u00e9er un calendrier \u00e9ditorial en 2024 ? [+ notre calendrier \u00e9ditorial gratuit] - Redacteur Blog","isPartOf":{"@id":"https:\/\/www.redacteur.com\/blog\/#website"},"primaryImageOfPage":{"@id":"https:\/\/www.redacteur.com\/blog\/creer-calendrier-editorial\/#primaryimage"},"image":{"@id":"https:\/\/www.redacteur.com\/blog\/creer-calendrier-editorial\/#primaryimage"},"thumbnailUrl":"https:\/\/www.redacteur.com\/blog\/wp-content\/uploads\/sites\/6\/2021\/12\/Image-a-la-une-calendrier-edito.png","datePublished":"2024-01-15T09:50:00+00:00","dateModified":"2024-02-06T13:14:46+00:00","description":"Le calendrier \u00e9ditorial est un outil indispensable pour mener \u00e0 bien votre strat\u00e9gie de contenu. Il vous permet de g\u00e9rer de fa\u00e7on plus efficace les","breadcrumb":{"@id":"https:\/\/www.redacteur.com\/blog\/creer-calendrier-editorial\/#breadcrumb"},"inLanguage":"fr-FR","potentialAction":[{"@type":"ReadAction","target":["https:\/\/www.redacteur.com\/blog\/creer-calendrier-editorial\/"]}]},{"@type":"ImageObject","inLanguage":"fr-FR","@id":"https:\/\/www.redacteur.com\/blog\/creer-calendrier-editorial\/#primaryimage","url":"https:\/\/www.redacteur.com\/blog\/wp-content\/uploads\/sites\/6\/2021\/12\/Image-a-la-une-calendrier-edito.png","contentUrl":"https:\/\/www.redacteur.com\/blog\/wp-content\/uploads\/sites\/6\/2021\/12\/Image-a-la-une-calendrier-edito.png","width":1024,"height":618},{"@type":"BreadcrumbList","@id":"https:\/\/www.redacteur.com\/blog\/creer-calendrier-editorial\/#breadcrumb","itemListElement":[{"@type":"ListItem","position":1,"name":"Blog","item":"https:\/\/www.redacteur.com\/blog\/"},{"@type":"ListItem","position":2,"name":"R\u00e9daction web","item":"https:\/\/www.redacteur.com\/blog\/redaction-web\/"},{"@type":"ListItem","position":3,"name":"Strat\u00e9gie \u00e9ditoriale","item":"https:\/\/www.redacteur.com\/blog\/redaction-web\/strategie-editoriale\/"},{"@type":"ListItem","position":4,"name":"Comment cr\u00e9er un calendrier \u00e9ditorial en 2024 ? [+ notre calendrier \u00e9ditorial gratuit]"}]},{"@type":"WebSite","@id":"https:\/\/www.redacteur.com\/blog\/#website","url":"https:\/\/www.redacteur.com\/blog\/","name":"Redacteur.com","description":"redacteur","publisher":{"@id":"https:\/\/www.redacteur.com\/blog\/#organization"},"potentialAction":[{"@type":"SearchAction","target":{"@type":"EntryPoint","urlTemplate":"https:\/\/www.redacteur.com\/blog\/?s={search_term_string}"},"query-input":{"@type":"PropertyValueSpecification","valueRequired":true,"valueName":"search_term_string"}}],"inLanguage":"fr-FR"},{"@type":"Organization","@id":"https:\/\/www.redacteur.com\/blog\/#organization","name":"Redacteur.com","url":"https:\/\/www.redacteur.com\/blog\/","logo":{"@type":"ImageObject","inLanguage":"fr-FR","@id":"https:\/\/www.redacteur.com\/blog\/#\/schema\/logo\/image\/","url":"https:\/\/www.redacteur.com\/blog\/wp-content\/uploads\/sites\/6\/2022\/10\/logo-redacteur-blog.svg","contentUrl":"https:\/\/www.redacteur.com\/blog\/wp-content\/uploads\/sites\/6\/2022\/10\/logo-redacteur-blog.svg","width":1,"height":1,"caption":"Redacteur.com"},"image":{"@id":"https:\/\/www.redacteur.com\/blog\/#\/schema\/logo\/image\/"},"sameAs":["https:\/\/www.facebook.com\/redacteurcom","https:\/\/x.com\/Redacteurcom","https:\/\/www.linkedin.com\/company\/redacteur-com","https:\/\/www.youtube.com\/channel\/UCgj9ySM9xy3gdL8qBafl9Uw\/"]},{"@type":"Person","@id":"https:\/\/www.redacteur.com\/blog\/#\/schema\/person\/33c0ef04707fbe50a096f282050bb5f2","name":"Laura Michaud","image":{"@type":"ImageObject","inLanguage":"fr-FR","@id":"https:\/\/www.redacteur.com\/blog\/#\/schema\/person\/image\/","url":"https:\/\/secure.gravatar.com\/avatar\/c3328cc0c887f98cec6b2979af3311ab6333fc7cc2d4847514cfec6a56fa08a7?s=96&d=mm&r=g","contentUrl":"https:\/\/secure.gravatar.com\/avatar\/c3328cc0c887f98cec6b2979af3311ab6333fc7cc2d4847514cfec6a56fa08a7?s=96&d=mm&r=g","caption":"Laura Michaud"},"description":"Laura connait tous les meilleurs outils pour g\u00e9rer des projets et une entreprise. Cr\u00e9ative, c'est aussi une sp\u00e9cialiste des outils de cr\u00e9ation graphique pour faire briller une entreprise.","sameAs":["https:\/\/www.linkedin.com\/in\/michaudlaura\/"],"url":"https:\/\/www.redacteur.com\/blog\/author\/laura\/"}]}},"_links":{"self":[{"href":"https:\/\/www.redacteur.com\/blog\/wp-json\/wp\/v2\/posts\/14394","targetHints":{"allow":["GET"]}}],"collection":[{"href":"https:\/\/www.redacteur.com\/blog\/wp-json\/wp\/v2\/posts"}],"about":[{"href":"https:\/\/www.redacteur.com\/blog\/wp-json\/wp\/v2\/types\/post"}],"author":[{"embeddable":true,"href":"https:\/\/www.redacteur.com\/blog\/wp-json\/wp\/v2\/users\/1"}],"replies":[{"embeddable":true,"href":"https:\/\/www.redacteur.com\/blog\/wp-json\/wp\/v2\/comments?post=14394"}],"version-history":[{"count":0,"href":"https:\/\/www.redacteur.com\/blog\/wp-json\/wp\/v2\/posts\/14394\/revisions"}],"wp:featuredmedia":[{"embeddable":true,"href":"https:\/\/www.redacteur.com\/blog\/wp-json\/wp\/v2\/media\/39580"}],"wp:attachment":[{"href":"https:\/\/www.redacteur.com\/blog\/wp-json\/wp\/v2\/media?parent=14394"}],"wp:term":[{"taxonomy":"category","embeddable":true,"href":"https:\/\/www.redacteur.com\/blog\/wp-json\/wp\/v2\/categories?post=14394"},{"taxonomy":"post_tag","embeddable":true,"href":"https:\/\/www.redacteur.com\/blog\/wp-json\/wp\/v2\/tags?post=14394"}],"curies":[{"name":"wp","href":"https:\/\/api.w.org\/{rel}","templated":true}]}}