{"id":14596,"date":"2019-01-30T10:30:15","date_gmt":"2019-01-30T09:30:15","guid":{"rendered":"https:\/\/www.redacteur.com\/blog\/?p=14596"},"modified":"2019-01-30T10:30:15","modified_gmt":"2019-01-30T09:30:15","slug":"redacteur-creer-portfolio","status":"publish","type":"post","link":"https:\/\/www.redacteur.com\/blog\/redacteur-creer-portfolio\/","title":{"rendered":"R\u00e9dacteur&nbsp;: comment cr\u00e9er un portfolio qui fasse la diff\u00e9rence\u2009?"},"content":{"rendered":"<p>\u00c0 l&#8217;heure o\u00f9 un nombre croissant de Fran\u00e7ais choisissent de <a href=\"https:\/\/www.redacteur.com\" target=\"_blank\" rel=\"noopener noreferrer\">se lancer dans une carri\u00e8re de r\u00e9dacteur freelance<\/a>, la concurrence est rude pour d\u00e9crocher de nouvelles missions.<\/p>\n<p>Afin de se d\u00e9marquer de ses rivaux, il peut \u00eatre judicieux pour un r\u00e9dacteur de disposer d&#8217;un portfolio mettant en avant la qualit\u00e9 de sa plume \u00e0 travers les principaux projets auxquels il a particip\u00e9.<\/p>\n<p>Bien \u00e9videmment, le meilleur endroit o\u00f9 afficher ce portfolio est le web et plus pr\u00e9cis\u00e9ment votre site Internet. Par cons\u00e9quent, sans tarder, voyons quelles sont les diff\u00e9rentes \u00e9tapes de cr\u00e9ation d&#8217;un portfolio performant.<\/p>\n<p>&nbsp;<\/p>\n<h2>1. Le choix et l&#8217;enregistrement d&#8217;un nom de domaine<\/h2>\n<p>Elle est la premi\u00e8re \u00e9tape de tout projet web. Aussi, la cr\u00e9ation d&#8217;un portfolio de r\u00e9dacteur n&#8217;y \u00e9chappe pas.<\/p>\n<p>Si vous avez cr\u00e9\u00e9 une entreprise pour votre activit\u00e9 de r\u00e9dacteur, il est pertinent que votre nom de domaine corresponde au nom de votre entreprise. Dans le cas contraire, sachez qu&#8217;il est recommand\u00e9 d&#8217;opter pour un nom de domaine court, \u00e9vocateur et facile \u00e0 m\u00e9moriser.<\/p>\n<p>D\u00e8s lors que vous l&#8217;avez d\u00e9termin\u00e9, rendez-vous aupr\u00e8s d&#8217;un bureau d&#8217;enregistrement pour r\u00e9server votre nom de domaine. Assurez-vous qu&#8217;il soit disponible et choisissez son extension en privil\u00e9giant le .com ou \u00e9ventuellement le. fr.<\/p>\n<blockquote><p>\u00c0 lire aussi&nbsp;: <a href=\"https:\/\/www.codeur.com\/blog\/reserver-nom-de-domaine\/?utm_source=linking-article&amp;utm_medium=portfolio-redacteur&amp;utm_campaign=BlogRedacteur\" target=\"_blank\" rel=\"noopener noreferrer\">6 bonnes pratiques pour r\u00e9server le nom de domaine id\u00e9al<\/a><\/p><\/blockquote>\n<h2>2. Le choix d&#8217;un h\u00e9bergement web<\/h2>\n<p>Afin de pouvoir pr\u00e9senter votre portfolio sur Internet, il est indispensable de souscrire un h\u00e9bergement web. Le plus souvent, cette souscription se fait en m\u00eame temps que l&#8217;acquisition du nom de domaine, les fournisseurs de solutions d&#8217;h\u00e9bergement \u00e9tant les m\u00eames acteurs que les bureaux d&#8217;enregistrement.<\/p>\n<blockquote><p>De pr\u00e9f\u00e9rence, optez pour un h\u00e9bergeur ayant pignon sur rue et proposant l&#8217;installation du CMS WordPress en un clic. <a href=\"https:\/\/www.ovh.com\/fr\/\" target=\"_blank\" rel=\"noopener noreferrer\">OVH<\/a>&nbsp;fait figure de r\u00e9f\u00e9rences sur ce march\u00e9.<\/p><\/blockquote>\n<h2>3. L&#8217;installation de WordPress et le choix d&#8217;un th\u00e8me<\/h2>\n<p>Si vous avez suivi nos conseils jusque-l\u00e0, l&#8217;<a href=\"https:\/\/www.codeur.com\/tuto\/wordpress\/creer-site-wordpress\/\" target=\"_blank\" rel=\"noopener noreferrer\">installation de WordPress<\/a>, un CMS extr\u00eamement pratique pour cr\u00e9er facilement un site web professionnel, ne vous posera pas de souci et sera boucl\u00e9e en quelques minutes puisqu&#8217;il vous suffira de suivre les directives affich\u00e9es sur votre \u00e9cran.<\/p>\n<p>WordPress install\u00e9, il sera temps de choisir le th\u00e8me de votre site. S&#8217;il existe des th\u00e8mes disponibles gratuitement, privil\u00e9giez un th\u00e8me payant puisqu&#8217;il renverra g\u00e9n\u00e9ralement une image plus professionnelle et surtout vous offrira davantage de fonctionnalit\u00e9s pour votre portfolio et pour votre site web.<\/p>\n<h2>4. La conception de votre site web<\/h2>\n<p>Avant de nous int\u00e9resser plus pr\u00e9cis\u00e9ment \u00e0 votre portfolio de r\u00e9dacteur, voyons rapidement quelles pages sont indispensables sur votre site web&nbsp;:<\/p>\n<ul>\n<li>Une page d&#8217;accueil permettant imm\u00e9diatement d&#8217;identifier que vous \u00eates r\u00e9dacteur et comprenant un menu clair pour naviguer sur votre site<\/li>\n<li>Une page &#8220;\u00c0 propos&#8221; pour pr\u00e9senter votre savoir-faire, votre expertise et vos &#8220;valeurs&#8221;<\/li>\n<li>Une page &#8220;Contacts&#8221; o\u00f9 les potentiels clients pourront trouver les coordonn\u00e9es pour vous joindre<\/li>\n<li>Une page &#8220;Portfolio&#8221;&nbsp;<\/li>\n<li>Une page &#8220;Tarifs&#8221; pr\u00e9sentant votre offre commerciale<\/li>\n<li>Une page &#8220;Blog&#8221;<\/li>\n<\/ul>\n<p>Bien \u00e9videmment, les contenus des pages de votre site Internet ne doivent pas \u00eatre n\u00e9glig\u00e9s. Ce serait tout de m\u00eame dommage de constater qu&#8217;un r\u00e9dacteur ne sait pas \u00e9crire\u2026<\/p>\n<h2>5. La cr\u00e9ation du portfolio<\/h2>\n<p>Pour que le portfolio donne envie \u00e0 des clients de vous confier des missions de r\u00e9daction, il va vous falloir accorder du temps \u00e0 sa cr\u00e9ation.<\/p>\n<p>D&#8217;abord, vous allez devoir prendre le temps de bien s\u00e9lectionner les meilleurs articles que vous avez \u00e9crits, c&#8217;est-\u00e0-dire ceux qui d\u00e9montrent le mieux vos talents et vos comp\u00e9tences.<\/p>\n<p>Bien \u00e9videmment, si vous souhaitez que votre portfolio mette en avant une th\u00e9matique particuli\u00e8re sur laquelle vous adorez \u00e9crire, vous le pouvez. Faites alors comprendre que vous disposez d&#8217;une vraie expertise dans cette th\u00e9matique m\u00eame si vous \u00eates un r\u00e9dacteur g\u00e9n\u00e9raliste.<\/p>\n<p>Ensuite, la s\u00e9lection r\u00e9alis\u00e9e, il est temps de mettre en valeur vos meilleurs articles <a href=\"https:\/\/www.redacteur.com\/blog\/guide-image-article-blog\/\" target=\"_blank\" rel=\"noopener noreferrer\">en les illustrant par de jolies photos<\/a> de couverture, ces derni\u00e8res \u00e9tant le premier contact de l&#8217;internaute avec vos r\u00e9dactions.<\/p>\n<blockquote><p>Veillez \u00e0 choisir des photos dont vous d\u00e9tenez les droits ou \u00e0 utiliser des images libres de droits que vous pourrez trouver sur le web.<\/p><\/blockquote>\n<p>Enfin, parce que vos potentiels clients ne se rendront pas sur Internet pour acheter simplement du r\u00eave, n&#8217;oubliez pas de leur donner la possibilit\u00e9 de lire les contenus que vous cr\u00e9ez. Le mieux est de les lier aux photos pr\u00e9c\u00e9demment \u00e9voqu\u00e9es. Ainsi, quand le client va cliquer sur les photos de votre portfolio, il va pouvoir lire vos textes. \u00c0 vous de voir si vos liens vont pointer vers les pages web de vos clients ou vers un fichier PDF ou Word qui aura le m\u00e9rite de toujours rester accessible.<\/p>\n<p>Sous votre portfolio, vous pouvez bien entendu inviter vos lecteurs \u00e0 se faire une meilleure id\u00e9e de vos talents en consultant les articles de votre blog, encore faut-il que ce dernier soit tenu \u00e0 jour.<\/p>\n<blockquote><p>Si vous avez choisi WordPress pour votre site web, sachez que des widgets proposent des portfolios que vous n&#8217;avez qu&#8217;\u00e0 personnaliser en ajoutant photos, titres et liens. Voil\u00e0 qui devrait en rassurer certains\u2026<\/p><\/blockquote>\n<p>&nbsp;<\/p>\n<p>Cr\u00e9er un portfolio de r\u00e9dacteur est une \u00e9tape essentielle dans votre qu\u00eate de nouveaux clients. Aussi, ne la n\u00e9gligez pas et veillez \u00e0 ce qu&#8217;il refl\u00e8te le plus parfaitement possible votre professionnalisme et la qualit\u00e9 de vos prestations de r\u00e9daction.<\/p>\n<p>Une bonne s\u00e9lection des articles qui le composent est bien souvent la cl\u00e9 du succ\u00e8s.<\/p>\n","protected":false},"excerpt":{"rendered":"<p>\u00c0 l&#8217;heure o\u00f9 un nombre croissant de Fran\u00e7ais choisissent de se lancer dans une carri\u00e8re de r\u00e9dacteur freelance, la concurrence est rude pour d\u00e9crocher de nouvelles missions. Afin de se d\u00e9marquer de ses rivaux, il peut \u00eatre judicieux pour un r\u00e9dacteur de disposer d&#8217;un portfolio mettant en avant la qualit\u00e9 de sa plume \u00e0 travers [&hellip;]<\/p>\n","protected":false},"author":1,"featured_media":14600,"comment_status":"open","ping_status":"open","sticky":false,"template":"","format":"standard","meta":{"_acf_changed":false,"inline_featured_image":false,"footnotes":""},"categories":[31],"tags":[],"class_list":["post-14596","post","type-post","status-publish","format-standard","has-post-thumbnail","hentry","category-redacteurs-freelances"],"acf":[],"yoast_head":"<!-- This site is optimized with the Yoast SEO plugin v25.9 - https:\/\/yoast.com\/wordpress\/plugins\/seo\/ -->\n<title>R\u00e9dacteur : comment cr\u00e9er un portfolio qui fasse la diff\u00e9rence\u2009? - Redacteur Blog<\/title>\n<meta name=\"description\" content=\"\u00c0 l&#039;heure o\u00f9 un nombre croissant de Fran\u00e7ais choisissent de se lancer dans une carri\u00e8re de r\u00e9dacteur freelance, la concurrence est rude pour d\u00e9crocher de\" \/>\n<meta name=\"robots\" content=\"index, follow, max-snippet:-1, max-image-preview:large, max-video-preview:-1\" \/>\n<link rel=\"canonical\" href=\"https:\/\/www.redacteur.com\/blog\/redacteur-creer-portfolio\/\" \/>\n<meta property=\"og:locale\" content=\"fr_FR\" \/>\n<meta property=\"og:type\" content=\"article\" \/>\n<meta property=\"og:title\" content=\"R\u00e9dacteur : comment cr\u00e9er un portfolio qui fasse la diff\u00e9rence\u2009? - Redacteur Blog\" \/>\n<meta property=\"og:description\" content=\"\u00c0 l&#039;heure o\u00f9 un nombre croissant de Fran\u00e7ais choisissent de se lancer dans une carri\u00e8re de r\u00e9dacteur freelance, la concurrence est rude pour d\u00e9crocher de\" \/>\n<meta property=\"og:url\" content=\"https:\/\/www.redacteur.com\/blog\/redacteur-creer-portfolio\/\" \/>\n<meta property=\"og:site_name\" content=\"Redacteur.com\" \/>\n<meta property=\"article:publisher\" content=\"https:\/\/www.facebook.com\/redacteurcom\" \/>\n<meta property=\"article:published_time\" content=\"2019-01-30T09:30:15+00:00\" \/>\n<meta property=\"og:image\" content=\"https:\/\/www.redacteur.com\/blog\/wp-content\/uploads\/sites\/6\/2019\/01\/portfolio-redacteur.jpg\" \/>\n\t<meta property=\"og:image:width\" content=\"850\" \/>\n\t<meta property=\"og:image:height\" content=\"600\" \/>\n\t<meta property=\"og:image:type\" content=\"image\/jpeg\" \/>\n<meta name=\"author\" content=\"Laura Michaud\" \/>\n<meta name=\"twitter:card\" content=\"summary_large_image\" \/>\n<meta name=\"twitter:creator\" content=\"@Redacteurcom\" \/>\n<meta name=\"twitter:site\" content=\"@Redacteurcom\" \/>\n<meta name=\"twitter:label1\" content=\"\u00c9crit par\" \/>\n\t<meta name=\"twitter:data1\" content=\"Laura Michaud\" \/>\n\t<meta name=\"twitter:label2\" content=\"Dur\u00e9e de lecture estim\u00e9e\" \/>\n\t<meta name=\"twitter:data2\" content=\"5 minutes\" \/>\n<script type=\"application\/ld+json\" class=\"yoast-schema-graph\">{\"@context\":\"https:\/\/schema.org\",\"@graph\":[{\"@type\":\"Article\",\"@id\":\"https:\/\/www.redacteur.com\/blog\/redacteur-creer-portfolio\/#article\",\"isPartOf\":{\"@id\":\"https:\/\/www.redacteur.com\/blog\/redacteur-creer-portfolio\/\"},\"author\":{\"name\":\"Laura Michaud\",\"@id\":\"https:\/\/www.redacteur.com\/blog\/#\/schema\/person\/33c0ef04707fbe50a096f282050bb5f2\"},\"headline\":\"R\u00e9dacteur&nbsp;: comment cr\u00e9er un portfolio qui fasse la diff\u00e9rence\u2009?\",\"datePublished\":\"2019-01-30T09:30:15+00:00\",\"mainEntityOfPage\":{\"@id\":\"https:\/\/www.redacteur.com\/blog\/redacteur-creer-portfolio\/\"},\"wordCount\":1002,\"commentCount\":0,\"publisher\":{\"@id\":\"https:\/\/www.redacteur.com\/blog\/#organization\"},\"image\":{\"@id\":\"https:\/\/www.redacteur.com\/blog\/redacteur-creer-portfolio\/#primaryimage\"},\"thumbnailUrl\":\"https:\/\/www.redacteur.com\/blog\/wp-content\/uploads\/sites\/6\/2019\/01\/portfolio-redacteur.jpg\",\"articleSection\":[\"R\u00e9dacteurs freelances\"],\"inLanguage\":\"fr-FR\",\"potentialAction\":[{\"@type\":\"CommentAction\",\"name\":\"Comment\",\"target\":[\"https:\/\/www.redacteur.com\/blog\/redacteur-creer-portfolio\/#respond\"]}]},{\"@type\":\"WebPage\",\"@id\":\"https:\/\/www.redacteur.com\/blog\/redacteur-creer-portfolio\/\",\"url\":\"https:\/\/www.redacteur.com\/blog\/redacteur-creer-portfolio\/\",\"name\":\"R\u00e9dacteur : comment cr\u00e9er un portfolio qui fasse la diff\u00e9rence\u2009? - Redacteur Blog\",\"isPartOf\":{\"@id\":\"https:\/\/www.redacteur.com\/blog\/#website\"},\"primaryImageOfPage\":{\"@id\":\"https:\/\/www.redacteur.com\/blog\/redacteur-creer-portfolio\/#primaryimage\"},\"image\":{\"@id\":\"https:\/\/www.redacteur.com\/blog\/redacteur-creer-portfolio\/#primaryimage\"},\"thumbnailUrl\":\"https:\/\/www.redacteur.com\/blog\/wp-content\/uploads\/sites\/6\/2019\/01\/portfolio-redacteur.jpg\",\"datePublished\":\"2019-01-30T09:30:15+00:00\",\"description\":\"\u00c0 l'heure o\u00f9 un nombre croissant de Fran\u00e7ais choisissent de se lancer dans une carri\u00e8re de r\u00e9dacteur freelance, la concurrence est rude pour d\u00e9crocher de\",\"breadcrumb\":{\"@id\":\"https:\/\/www.redacteur.com\/blog\/redacteur-creer-portfolio\/#breadcrumb\"},\"inLanguage\":\"fr-FR\",\"potentialAction\":[{\"@type\":\"ReadAction\",\"target\":[\"https:\/\/www.redacteur.com\/blog\/redacteur-creer-portfolio\/\"]}]},{\"@type\":\"ImageObject\",\"inLanguage\":\"fr-FR\",\"@id\":\"https:\/\/www.redacteur.com\/blog\/redacteur-creer-portfolio\/#primaryimage\",\"url\":\"https:\/\/www.redacteur.com\/blog\/wp-content\/uploads\/sites\/6\/2019\/01\/portfolio-redacteur.jpg\",\"contentUrl\":\"https:\/\/www.redacteur.com\/blog\/wp-content\/uploads\/sites\/6\/2019\/01\/portfolio-redacteur.jpg\",\"width\":850,\"height\":600,\"caption\":\"Cr\u00e9er portfolio r\u00e9dacteur\"},{\"@type\":\"BreadcrumbList\",\"@id\":\"https:\/\/www.redacteur.com\/blog\/redacteur-creer-portfolio\/#breadcrumb\",\"itemListElement\":[{\"@type\":\"ListItem\",\"position\":1,\"name\":\"Blog\",\"item\":\"https:\/\/www.redacteur.com\/blog\/\"},{\"@type\":\"ListItem\",\"position\":2,\"name\":\"R\u00e9daction web\",\"item\":\"https:\/\/www.redacteur.com\/blog\/redaction-web\/\"},{\"@type\":\"ListItem\",\"position\":3,\"name\":\"R\u00e9dacteurs freelances\",\"item\":\"https:\/\/www.redacteur.com\/blog\/redaction-web\/redacteurs-freelances\/\"},{\"@type\":\"ListItem\",\"position\":4,\"name\":\"R\u00e9dacteur : comment cr\u00e9er un portfolio qui fasse la diff\u00e9rence\u2009?\"}]},{\"@type\":\"WebSite\",\"@id\":\"https:\/\/www.redacteur.com\/blog\/#website\",\"url\":\"https:\/\/www.redacteur.com\/blog\/\",\"name\":\"Redacteur.com\",\"description\":\"redacteur\",\"publisher\":{\"@id\":\"https:\/\/www.redacteur.com\/blog\/#organization\"},\"potentialAction\":[{\"@type\":\"SearchAction\",\"target\":{\"@type\":\"EntryPoint\",\"urlTemplate\":\"https:\/\/www.redacteur.com\/blog\/?s={search_term_string}\"},\"query-input\":{\"@type\":\"PropertyValueSpecification\",\"valueRequired\":true,\"valueName\":\"search_term_string\"}}],\"inLanguage\":\"fr-FR\"},{\"@type\":\"Organization\",\"@id\":\"https:\/\/www.redacteur.com\/blog\/#organization\",\"name\":\"Redacteur.com\",\"url\":\"https:\/\/www.redacteur.com\/blog\/\",\"logo\":{\"@type\":\"ImageObject\",\"inLanguage\":\"fr-FR\",\"@id\":\"https:\/\/www.redacteur.com\/blog\/#\/schema\/logo\/image\/\",\"url\":\"https:\/\/www.redacteur.com\/blog\/wp-content\/uploads\/sites\/6\/2022\/10\/logo-redacteur-blog.svg\",\"contentUrl\":\"https:\/\/www.redacteur.com\/blog\/wp-content\/uploads\/sites\/6\/2022\/10\/logo-redacteur-blog.svg\",\"width\":1,\"height\":1,\"caption\":\"Redacteur.com\"},\"image\":{\"@id\":\"https:\/\/www.redacteur.com\/blog\/#\/schema\/logo\/image\/\"},\"sameAs\":[\"https:\/\/www.facebook.com\/redacteurcom\",\"https:\/\/x.com\/Redacteurcom\",\"https:\/\/www.linkedin.com\/company\/redacteur-com\",\"https:\/\/www.youtube.com\/channel\/UCgj9ySM9xy3gdL8qBafl9Uw\/\"]},{\"@type\":\"Person\",\"@id\":\"https:\/\/www.redacteur.com\/blog\/#\/schema\/person\/33c0ef04707fbe50a096f282050bb5f2\",\"name\":\"Laura Michaud\",\"image\":{\"@type\":\"ImageObject\",\"inLanguage\":\"fr-FR\",\"@id\":\"https:\/\/www.redacteur.com\/blog\/#\/schema\/person\/image\/\",\"url\":\"https:\/\/secure.gravatar.com\/avatar\/c3328cc0c887f98cec6b2979af3311ab6333fc7cc2d4847514cfec6a56fa08a7?s=96&d=mm&r=g\",\"contentUrl\":\"https:\/\/secure.gravatar.com\/avatar\/c3328cc0c887f98cec6b2979af3311ab6333fc7cc2d4847514cfec6a56fa08a7?s=96&d=mm&r=g\",\"caption\":\"Laura Michaud\"},\"description\":\"Laura connait tous les meilleurs outils pour g\u00e9rer des projets et une entreprise. Cr\u00e9ative, c'est aussi une sp\u00e9cialiste des outils de cr\u00e9ation graphique pour faire briller une entreprise.\",\"sameAs\":[\"https:\/\/www.linkedin.com\/in\/michaudlaura\/\"],\"url\":\"https:\/\/www.redacteur.com\/blog\/author\/laura\/\"}]}<\/script>\n<!-- \/ Yoast SEO plugin. -->","yoast_head_json":{"title":"R\u00e9dacteur : comment cr\u00e9er un portfolio qui fasse la diff\u00e9rence\u2009? - Redacteur Blog","description":"\u00c0 l'heure o\u00f9 un nombre croissant de Fran\u00e7ais choisissent de se lancer dans une carri\u00e8re de r\u00e9dacteur freelance, la concurrence est rude pour d\u00e9crocher de","robots":{"index":"index","follow":"follow","max-snippet":"max-snippet:-1","max-image-preview":"max-image-preview:large","max-video-preview":"max-video-preview:-1"},"canonical":"https:\/\/www.redacteur.com\/blog\/redacteur-creer-portfolio\/","og_locale":"fr_FR","og_type":"article","og_title":"R\u00e9dacteur : comment cr\u00e9er un portfolio qui fasse la diff\u00e9rence\u2009? - Redacteur Blog","og_description":"\u00c0 l'heure o\u00f9 un nombre croissant de Fran\u00e7ais choisissent de se lancer dans une carri\u00e8re de r\u00e9dacteur freelance, la concurrence est rude pour d\u00e9crocher de","og_url":"https:\/\/www.redacteur.com\/blog\/redacteur-creer-portfolio\/","og_site_name":"Redacteur.com","article_publisher":"https:\/\/www.facebook.com\/redacteurcom","article_published_time":"2019-01-30T09:30:15+00:00","og_image":[{"width":850,"height":600,"url":"https:\/\/www.redacteur.com\/blog\/wp-content\/uploads\/sites\/6\/2019\/01\/portfolio-redacteur.jpg","type":"image\/jpeg"}],"author":"Laura Michaud","twitter_card":"summary_large_image","twitter_creator":"@Redacteurcom","twitter_site":"@Redacteurcom","twitter_misc":{"\u00c9crit par":"Laura Michaud","Dur\u00e9e de lecture estim\u00e9e":"5 minutes"},"schema":{"@context":"https:\/\/schema.org","@graph":[{"@type":"Article","@id":"https:\/\/www.redacteur.com\/blog\/redacteur-creer-portfolio\/#article","isPartOf":{"@id":"https:\/\/www.redacteur.com\/blog\/redacteur-creer-portfolio\/"},"author":{"name":"Laura Michaud","@id":"https:\/\/www.redacteur.com\/blog\/#\/schema\/person\/33c0ef04707fbe50a096f282050bb5f2"},"headline":"R\u00e9dacteur&nbsp;: comment cr\u00e9er un portfolio qui fasse la diff\u00e9rence\u2009?","datePublished":"2019-01-30T09:30:15+00:00","mainEntityOfPage":{"@id":"https:\/\/www.redacteur.com\/blog\/redacteur-creer-portfolio\/"},"wordCount":1002,"commentCount":0,"publisher":{"@id":"https:\/\/www.redacteur.com\/blog\/#organization"},"image":{"@id":"https:\/\/www.redacteur.com\/blog\/redacteur-creer-portfolio\/#primaryimage"},"thumbnailUrl":"https:\/\/www.redacteur.com\/blog\/wp-content\/uploads\/sites\/6\/2019\/01\/portfolio-redacteur.jpg","articleSection":["R\u00e9dacteurs freelances"],"inLanguage":"fr-FR","potentialAction":[{"@type":"CommentAction","name":"Comment","target":["https:\/\/www.redacteur.com\/blog\/redacteur-creer-portfolio\/#respond"]}]},{"@type":"WebPage","@id":"https:\/\/www.redacteur.com\/blog\/redacteur-creer-portfolio\/","url":"https:\/\/www.redacteur.com\/blog\/redacteur-creer-portfolio\/","name":"R\u00e9dacteur : comment cr\u00e9er un portfolio qui fasse la diff\u00e9rence\u2009? - Redacteur Blog","isPartOf":{"@id":"https:\/\/www.redacteur.com\/blog\/#website"},"primaryImageOfPage":{"@id":"https:\/\/www.redacteur.com\/blog\/redacteur-creer-portfolio\/#primaryimage"},"image":{"@id":"https:\/\/www.redacteur.com\/blog\/redacteur-creer-portfolio\/#primaryimage"},"thumbnailUrl":"https:\/\/www.redacteur.com\/blog\/wp-content\/uploads\/sites\/6\/2019\/01\/portfolio-redacteur.jpg","datePublished":"2019-01-30T09:30:15+00:00","description":"\u00c0 l'heure o\u00f9 un nombre croissant de Fran\u00e7ais choisissent de se lancer dans une carri\u00e8re de r\u00e9dacteur freelance, la concurrence est rude pour d\u00e9crocher de","breadcrumb":{"@id":"https:\/\/www.redacteur.com\/blog\/redacteur-creer-portfolio\/#breadcrumb"},"inLanguage":"fr-FR","potentialAction":[{"@type":"ReadAction","target":["https:\/\/www.redacteur.com\/blog\/redacteur-creer-portfolio\/"]}]},{"@type":"ImageObject","inLanguage":"fr-FR","@id":"https:\/\/www.redacteur.com\/blog\/redacteur-creer-portfolio\/#primaryimage","url":"https:\/\/www.redacteur.com\/blog\/wp-content\/uploads\/sites\/6\/2019\/01\/portfolio-redacteur.jpg","contentUrl":"https:\/\/www.redacteur.com\/blog\/wp-content\/uploads\/sites\/6\/2019\/01\/portfolio-redacteur.jpg","width":850,"height":600,"caption":"Cr\u00e9er portfolio r\u00e9dacteur"},{"@type":"BreadcrumbList","@id":"https:\/\/www.redacteur.com\/blog\/redacteur-creer-portfolio\/#breadcrumb","itemListElement":[{"@type":"ListItem","position":1,"name":"Blog","item":"https:\/\/www.redacteur.com\/blog\/"},{"@type":"ListItem","position":2,"name":"R\u00e9daction web","item":"https:\/\/www.redacteur.com\/blog\/redaction-web\/"},{"@type":"ListItem","position":3,"name":"R\u00e9dacteurs freelances","item":"https:\/\/www.redacteur.com\/blog\/redaction-web\/redacteurs-freelances\/"},{"@type":"ListItem","position":4,"name":"R\u00e9dacteur : comment cr\u00e9er un portfolio qui fasse la diff\u00e9rence\u2009?"}]},{"@type":"WebSite","@id":"https:\/\/www.redacteur.com\/blog\/#website","url":"https:\/\/www.redacteur.com\/blog\/","name":"Redacteur.com","description":"redacteur","publisher":{"@id":"https:\/\/www.redacteur.com\/blog\/#organization"},"potentialAction":[{"@type":"SearchAction","target":{"@type":"EntryPoint","urlTemplate":"https:\/\/www.redacteur.com\/blog\/?s={search_term_string}"},"query-input":{"@type":"PropertyValueSpecification","valueRequired":true,"valueName":"search_term_string"}}],"inLanguage":"fr-FR"},{"@type":"Organization","@id":"https:\/\/www.redacteur.com\/blog\/#organization","name":"Redacteur.com","url":"https:\/\/www.redacteur.com\/blog\/","logo":{"@type":"ImageObject","inLanguage":"fr-FR","@id":"https:\/\/www.redacteur.com\/blog\/#\/schema\/logo\/image\/","url":"https:\/\/www.redacteur.com\/blog\/wp-content\/uploads\/sites\/6\/2022\/10\/logo-redacteur-blog.svg","contentUrl":"https:\/\/www.redacteur.com\/blog\/wp-content\/uploads\/sites\/6\/2022\/10\/logo-redacteur-blog.svg","width":1,"height":1,"caption":"Redacteur.com"},"image":{"@id":"https:\/\/www.redacteur.com\/blog\/#\/schema\/logo\/image\/"},"sameAs":["https:\/\/www.facebook.com\/redacteurcom","https:\/\/x.com\/Redacteurcom","https:\/\/www.linkedin.com\/company\/redacteur-com","https:\/\/www.youtube.com\/channel\/UCgj9ySM9xy3gdL8qBafl9Uw\/"]},{"@type":"Person","@id":"https:\/\/www.redacteur.com\/blog\/#\/schema\/person\/33c0ef04707fbe50a096f282050bb5f2","name":"Laura Michaud","image":{"@type":"ImageObject","inLanguage":"fr-FR","@id":"https:\/\/www.redacteur.com\/blog\/#\/schema\/person\/image\/","url":"https:\/\/secure.gravatar.com\/avatar\/c3328cc0c887f98cec6b2979af3311ab6333fc7cc2d4847514cfec6a56fa08a7?s=96&d=mm&r=g","contentUrl":"https:\/\/secure.gravatar.com\/avatar\/c3328cc0c887f98cec6b2979af3311ab6333fc7cc2d4847514cfec6a56fa08a7?s=96&d=mm&r=g","caption":"Laura Michaud"},"description":"Laura connait tous les meilleurs outils pour g\u00e9rer des projets et une entreprise. Cr\u00e9ative, c'est aussi une sp\u00e9cialiste des outils de cr\u00e9ation graphique pour faire briller une entreprise.","sameAs":["https:\/\/www.linkedin.com\/in\/michaudlaura\/"],"url":"https:\/\/www.redacteur.com\/blog\/author\/laura\/"}]}},"_links":{"self":[{"href":"https:\/\/www.redacteur.com\/blog\/wp-json\/wp\/v2\/posts\/14596","targetHints":{"allow":["GET"]}}],"collection":[{"href":"https:\/\/www.redacteur.com\/blog\/wp-json\/wp\/v2\/posts"}],"about":[{"href":"https:\/\/www.redacteur.com\/blog\/wp-json\/wp\/v2\/types\/post"}],"author":[{"embeddable":true,"href":"https:\/\/www.redacteur.com\/blog\/wp-json\/wp\/v2\/users\/1"}],"replies":[{"embeddable":true,"href":"https:\/\/www.redacteur.com\/blog\/wp-json\/wp\/v2\/comments?post=14596"}],"version-history":[{"count":0,"href":"https:\/\/www.redacteur.com\/blog\/wp-json\/wp\/v2\/posts\/14596\/revisions"}],"wp:featuredmedia":[{"embeddable":true,"href":"https:\/\/www.redacteur.com\/blog\/wp-json\/wp\/v2\/media\/14600"}],"wp:attachment":[{"href":"https:\/\/www.redacteur.com\/blog\/wp-json\/wp\/v2\/media?parent=14596"}],"wp:term":[{"taxonomy":"category","embeddable":true,"href":"https:\/\/www.redacteur.com\/blog\/wp-json\/wp\/v2\/categories?post=14596"},{"taxonomy":"post_tag","embeddable":true,"href":"https:\/\/www.redacteur.com\/blog\/wp-json\/wp\/v2\/tags?post=14596"}],"curies":[{"name":"wp","href":"https:\/\/api.w.org\/{rel}","templated":true}]}}