{"id":14632,"date":"2019-02-06T10:30:43","date_gmt":"2019-02-06T09:30:43","guid":{"rendered":"https:\/\/www.redacteur.com\/blog\/?p=14632"},"modified":"2019-02-06T10:30:43","modified_gmt":"2019-02-06T09:30:43","slug":"contenu-calendrier-editorial","status":"publish","type":"post","link":"https:\/\/www.redacteur.com\/blog\/contenu-calendrier-editorial\/","title":{"rendered":"Calendrier \u00e9ditorial&nbsp;: comment d\u00e9finir et organiser le contenu \u00e0 produire&nbsp;?"},"content":{"rendered":"<p>Si une bonne strat\u00e9gie de marketing de contenu permet de mieux positionner un site web sur les moteurs de recherche et de g\u00e9n\u00e9rer du trafic qualifi\u00e9, de bons outils sont n\u00e9cessaires pour la planifier et la d\u00e9ployer.<\/p>\n<p>Parmi eux, il est possible de citer le <a href=\"https:\/\/www.redacteur.com\/blog\/calendrier-editorial-2020-modele-telecharger-gratuitement\/\">calendrier \u00e9ditorial<\/a> qui va &#8220;\u2009aider\u2009&#8221; une entit\u00e9 \u00e0 publier du contenu de qualit\u00e9 \u00e0 un rythme r\u00e9gulier.<\/p>\n<p>En effet, cet outil contribue \u00e0 une meilleure gestion de la production et de la distribution de contenus et donc \u00e0 la parfaite mise en \u0153uvre de votre strat\u00e9gie de content marketing.<\/p>\n<p>Voyons donc ensemble comment mettre en place ce calendrier \u00e9ditorial \u00e0 travers les principales questions que se posent les internautes\u2026<\/p>\n<p>&nbsp;<\/p>\n<h2>Quel logiciel utiliser pour cr\u00e9er son calendrier \u00e9ditorial\u2009?<\/h2>\n<p>De nombreux internautes se demandent o\u00f9 concevoir son <a href=\"https:\/\/www.redacteur.com\/service\/creer-calendrier-editorial\/\">calendrier \u00e9ditorial<\/a>. Il est donc bon de savoir qu&#8217;il existe plusieurs possibilit\u00e9s.<\/p>\n<p>Si vous occupez un poste au sein d&#8217;une entreprise qui dispose d&#8217;un acc\u00e8s \u00e0 une plateforme de marketing de contenu (ou content factory), vous pouvez vous rendre sur cette derni\u00e8re puisque des outils int\u00e9gr\u00e9s vous permettront ais\u00e9ment de cr\u00e9er votre calendrier \u00e9ditorial.<\/p>\n<p>Si, en revanche, vous ne disposez pas d&#8217;un tel service, rassurez-vous, vous pourrez tout de m\u00eame cr\u00e9er un calendrier \u00e9ditorial performant. Il vous suffira d&#8217;ouvrir une feuille de calculs sur Google Sheet, sur Microsoft Excel ou sur n&#8217;importe quel tableur open source et le tour sera jou\u00e9.<\/p>\n<p>Notez que de nombreux <a href=\"https:\/\/www.redacteur.com\/blog\/creer-calendrier-editorial\/\" target=\"_blank\" rel=\"noopener noreferrer\">mod\u00e8les de calendriers \u00e9ditoriaux<\/a> sont disponibles gratuitement sur le web. Vous pouvez aussi utiliser quelques <a href=\"https:\/\/www.redacteur.com\/blog\/trouver-sujet-article-blog\/\">techniques pour trouver des sujets de contenu<\/a>. \u00c0 vous donc de savoir vous les approprier et de les personnaliser en fonction de vos besoins\u2026<\/p>\n<blockquote><p>\u00c0 lire aussi&nbsp;: <a href=\"https:\/\/www.redacteur.com\/blog\/calendrier-editorial-dates-2021\/\">Calendrier \u00e9ditorial&nbsp;: Les dates \u00e0 ne pas manquer en 2021<\/a><\/p><\/blockquote>\n<p>&nbsp;<\/p>\n<h2>Les grandes lignes de votre strat\u00e9gie de marketing de contenu doivent-elles appara\u00eetre dans votre calendrier \u00e9ditorial\u2009?<\/h2>\n<p>La cr\u00e9ation d&#8217;un calendrier \u00e9ditorial doit vous aider \u00e0 planifier la production, la distribution et la publication des contenus donc, bien \u00e9videmment, cet outil doit laisser appara\u00eetre les id\u00e9es directrices de votre strat\u00e9gie de marketing de contenu.<\/p>\n<p>Entre autres, il doit mettre en lumi\u00e8re les &#8220;piliers de contenu&#8221; que vous avez retenus. Le plus souvent, ils correspondent aux mots-cl\u00e9s de r\u00e9f\u00e9rencement sur lequel vous d\u00e9sirez positionner votre site web mais aussi \u00e0 l&#8217;essence m\u00eame et aux missions de votre marque.<\/p>\n<p>Par exemple, une salle de sport d\u00e9sireuse de communiquer sur le web va probablement axer ses contenus sur la &#8220;pratique sportive&#8221; mais aussi sur une &#8220;alimentation saine&#8221; et le &#8220;bien-\u00eatre&#8221;.<\/p>\n<blockquote><p>Il est pertinent de distinguer sur votre calendrier \u00e9ditorial les contenus ayant vocation \u00e0 g\u00e9n\u00e9rer du trafic et les contenus ayant vocation \u00e0 convertir l&#8217;internaute en client, l&#8217;un devant \u00eatre ax\u00e9 SEO et l&#8217;autre ax\u00e9 sur les &#8220;<a href=\"https:\/\/www.redacteur.com\/blog\/comment-definir-buyer-persona\/\" target=\"_blank\" rel=\"noopener noreferrer\">persona<\/a>&#8220;.<\/p><\/blockquote>\n<p>&nbsp;<\/p>\n<h2>Comment d\u00e9finir les contenus \u00e0 produire\u2009?<\/h2>\n<p>Parce que votre calendrier \u00e9ditorial va devoir inclure l&#8217;ensemble des contenus que vous envisagez de produire dans le cadre de votre strat\u00e9gie, il est primordial qu&#8217;une r\u00e9union avec votre \u00e9quipe marketing ait lieu pour clairement d\u00e9finir ce qui va \u00eatre r\u00e9alis\u00e9.<\/p>\n<p>Sous la forme d&#8217;un <a href=\"https:\/\/graphiste.com\/blog\/techniques-brainstorming-originales?utm_source=linking-article&amp;utm_medium=contenu-calendrier-editorial&amp;utm_campaign=BlogRedacteur\" target=\"_blank\" rel=\"noopener noreferrer\">brainstorming<\/a>, tous les membres vont pouvoir proposer leurs id\u00e9es et celles qui auront le plus convaincu seront retenues.<\/p>\n<p><img decoding=\"async\" class=\"aligncenter wp-image-14634 size-full\" src=\"https:\/\/www.redacteur.com\/blog\/wp-content\/uploads\/sites\/6\/2019\/01\/brainstorming-contenu.jpg\" alt=\"Brainstorming contenu\" width=\"600\" height=\"400\" srcset=\"https:\/\/www.redacteur.com\/blog\/wp-content\/uploads\/sites\/6\/2019\/01\/brainstorming-contenu.jpg 600w, https:\/\/www.redacteur.com\/blog\/wp-content\/uploads\/sites\/6\/2019\/01\/brainstorming-contenu-300x200.jpg 300w, https:\/\/www.redacteur.com\/blog\/wp-content\/uploads\/sites\/6\/2019\/01\/brainstorming-contenu-60x40.jpg 60w, https:\/\/www.redacteur.com\/blog\/wp-content\/uploads\/sites\/6\/2019\/01\/brainstorming-contenu-370x247.jpg 370w, https:\/\/www.redacteur.com\/blog\/wp-content\/uploads\/sites\/6\/2019\/01\/brainstorming-contenu-270x180.jpg 270w, https:\/\/www.redacteur.com\/blog\/wp-content\/uploads\/sites\/6\/2019\/01\/brainstorming-contenu-570x380.jpg 570w\" sizes=\"(max-width: 600px) 100vw, 600px\" \/><\/p>\n<p>Dans l&#8217;id\u00e9al, prenez soin de d\u00e9finir les contenus \u00e0 produire pour les 3 mois \u00e0 venir et d\u00e9terminez bien leur nombre afin de pouvoir planifier ais\u00e9ment leur production.<\/p>\n<p>De m\u00eame, ne perdez pas de vue que <a href=\"https:\/\/www.redacteur.com\/blog\/contenus-creer-pour-blog\/\" target=\"_blank\" rel=\"noopener noreferrer\">l&#8217;article de blog n&#8217;est pas le seul format<\/a> de contenu existant. Il est effectivement essentiel de proposer \u00e0 votre public des infographies, des vid\u00e9os, des ebooks, des diaporamas, des stories Instagram, des jeux-concours\u2026<\/p>\n<p>&nbsp;<\/p>\n<h2>Comment organiser le contenu \u00e0 produire\u2009?<\/h2>\n<p>Avant d&#8217;int\u00e9grer l&#8217;ensemble des contenus \u00e0 produire \u00e0 votre calendrier \u00e9ditorial, prenez soin de cr\u00e9er une petite fiche pour chacun d&#8217;eux.<\/p>\n<p>Celle-ci permettra de d\u00e9terminer le titre provisoire du contenu, une description g\u00e9n\u00e9rale mais aussi les mots-cl\u00e9s associ\u00e9s, des informations qui pourront s&#8217;av\u00e9rer pr\u00e9cieuses pour int\u00e9grer vos contenus \u00e0 votre calendrier.<\/p>\n<blockquote><p>\u00c0 lire aussi&nbsp;: <a href=\"https:\/\/www.redacteur.com\/blog\/content-marketing-astuces-optimiser-contenus-pendant-vacances\/\">Content marketing&nbsp;: 9 astuces pour optimiser vos contenus pendant les vacances<\/a><\/p><\/blockquote>\n<p>&nbsp;<\/p>\n<h2>Comment int\u00e9grer vos contenus \u00e0 produire \u00e0 votre calendrier \u00e9ditorial\u2009?<\/h2>\n<p>Il s&#8217;agit l\u00e0 d&#8217;une \u00e9tape cl\u00e9 dans la cr\u00e9ation de votre calendrier \u00e9ditorial et vous ne devez pas perdre de vue que les contenus sont produits pour le public.<\/p>\n<p>Aussi, avant de planifier les contenus, ayez le r\u00e9flexe de prendre en compte les p\u00e9riodes de vacances, les dates des grands \u00e9v\u00e9nements mondiaux mais aussi de lancement des produits concurrents. Il serait dommage de &#8220;sacrifier&#8221; un contenu parce que vous avez omis de tenir compte d&#8217;un \u00e9v\u00e9nement\u2009!<\/p>\n<p>Inversement, certaines journ\u00e9es &#8220;sp\u00e9ciales&#8221; comme la Saint-Valentin ou la F\u00eate des M\u00e8res peuvent \u00eatre propices au partage de contenus. Profitez-en donc pour fournir les bons contenus aux bons moments.<\/p>\n<p>Votre calendrier \u00e9ditorial doit inclure pour chaque contenu une date de production, une date de publication, le nom de la personne responsable de chaque t\u00e2che et le canal de distribution, et ce en plus des informations pr\u00e9alablement vues dans l&#8217;article.<\/p>\n<blockquote><p>\u00c0 lire aussi&nbsp;: <a href=\"https:\/\/www.redacteur.com\/blog\/comment-realiser-calendrier-editorial-5-min\/\">Comment r\u00e9aliser votre calendrier \u00e9ditorial en 5 min&nbsp;?<\/a><\/p><\/blockquote>\n<p>&nbsp;<\/p>\n<p>Cr\u00e9er un calendrier \u00e9ditorial est indispensable pour conduire efficacement une strat\u00e9gie de marketing de contenus. Si sa conception peut para\u00eetre complexe et chronophage, il faut surtout voir les nombreux avantages qu&#8217;il procure une fois r\u00e9alis\u00e9.<\/p>\n<p>Un calendrier \u00e9ditorial performant permet effectivement de cartographier le contenu, de planifier sa production et sa publication, d&#8217;\u00e9tablir des responsabilit\u00e9s et d&#8217;offrir une vision d&#8217;ensemble de la strat\u00e9gie content marketing men\u00e9e par une entreprise.<\/p>\n","protected":false},"excerpt":{"rendered":"<p>Si une bonne strat\u00e9gie de marketing de contenu permet de mieux positionner un site web sur les moteurs de recherche et de g\u00e9n\u00e9rer du trafic qualifi\u00e9, de bons outils sont n\u00e9cessaires pour la planifier et la d\u00e9ployer. Parmi eux, il est possible de citer le calendrier \u00e9ditorial qui va &#8220;\u2009aider\u2009&#8221; une entit\u00e9 \u00e0 publier du [&hellip;]<\/p>\n","protected":false},"author":1,"featured_media":14635,"comment_status":"open","ping_status":"open","sticky":false,"template":"","format":"standard","meta":{"_acf_changed":false,"inline_featured_image":false,"footnotes":""},"categories":[14],"tags":[],"class_list":["post-14632","post","type-post","status-publish","format-standard","has-post-thumbnail","hentry","category-strategie-editoriale"],"acf":[],"yoast_head":"<!-- This site is optimized with the Yoast SEO plugin v25.9 - https:\/\/yoast.com\/wordpress\/plugins\/seo\/ -->\n<title>Calendrier \u00e9ditorial : comment d\u00e9finir et organiser le contenu \u00e0 produire ? - Redacteur Blog<\/title>\n<meta name=\"description\" content=\"Si une bonne strat\u00e9gie de marketing de contenu permet de mieux positionner un site web sur les moteurs de recherche et de g\u00e9n\u00e9rer du trafic qualifi\u00e9, de\" \/>\n<meta name=\"robots\" content=\"index, follow, max-snippet:-1, max-image-preview:large, max-video-preview:-1\" \/>\n<link rel=\"canonical\" href=\"https:\/\/www.redacteur.com\/blog\/contenu-calendrier-editorial\/\" \/>\n<meta property=\"og:locale\" content=\"fr_FR\" \/>\n<meta property=\"og:type\" content=\"article\" \/>\n<meta property=\"og:title\" content=\"Calendrier \u00e9ditorial : comment d\u00e9finir et organiser le contenu \u00e0 produire ? - Redacteur Blog\" \/>\n<meta property=\"og:description\" content=\"Si une bonne strat\u00e9gie de marketing de contenu permet de mieux positionner un site web sur les moteurs de recherche et de g\u00e9n\u00e9rer du trafic qualifi\u00e9, de\" \/>\n<meta property=\"og:url\" content=\"https:\/\/www.redacteur.com\/blog\/contenu-calendrier-editorial\/\" \/>\n<meta property=\"og:site_name\" content=\"Redacteur.com\" \/>\n<meta property=\"article:publisher\" content=\"https:\/\/www.facebook.com\/redacteurcom\" \/>\n<meta property=\"article:published_time\" content=\"2019-02-06T09:30:43+00:00\" \/>\n<meta property=\"og:image\" content=\"https:\/\/www.redacteur.com\/blog\/wp-content\/uploads\/sites\/6\/2019\/01\/contenu-calendrier-editorial.jpg\" \/>\n\t<meta property=\"og:image:width\" content=\"850\" \/>\n\t<meta property=\"og:image:height\" content=\"600\" \/>\n\t<meta property=\"og:image:type\" content=\"image\/jpeg\" \/>\n<meta name=\"author\" content=\"Laura Michaud\" \/>\n<meta name=\"twitter:card\" content=\"summary_large_image\" \/>\n<meta name=\"twitter:creator\" content=\"@Redacteurcom\" \/>\n<meta name=\"twitter:site\" content=\"@Redacteurcom\" \/>\n<meta name=\"twitter:label1\" content=\"\u00c9crit par\" \/>\n\t<meta name=\"twitter:data1\" content=\"Laura Michaud\" \/>\n\t<meta name=\"twitter:label2\" content=\"Dur\u00e9e de lecture estim\u00e9e\" \/>\n\t<meta name=\"twitter:data2\" content=\"5 minutes\" \/>\n<script type=\"application\/ld+json\" class=\"yoast-schema-graph\">{\"@context\":\"https:\/\/schema.org\",\"@graph\":[{\"@type\":\"Article\",\"@id\":\"https:\/\/www.redacteur.com\/blog\/contenu-calendrier-editorial\/#article\",\"isPartOf\":{\"@id\":\"https:\/\/www.redacteur.com\/blog\/contenu-calendrier-editorial\/\"},\"author\":{\"name\":\"Laura Michaud\",\"@id\":\"https:\/\/www.redacteur.com\/blog\/#\/schema\/person\/33c0ef04707fbe50a096f282050bb5f2\"},\"headline\":\"Calendrier \u00e9ditorial&nbsp;: comment d\u00e9finir et organiser le contenu \u00e0 produire&nbsp;?\",\"datePublished\":\"2019-02-06T09:30:43+00:00\",\"mainEntityOfPage\":{\"@id\":\"https:\/\/www.redacteur.com\/blog\/contenu-calendrier-editorial\/\"},\"wordCount\":987,\"commentCount\":0,\"publisher\":{\"@id\":\"https:\/\/www.redacteur.com\/blog\/#organization\"},\"image\":{\"@id\":\"https:\/\/www.redacteur.com\/blog\/contenu-calendrier-editorial\/#primaryimage\"},\"thumbnailUrl\":\"https:\/\/www.redacteur.com\/blog\/wp-content\/uploads\/sites\/6\/2019\/01\/contenu-calendrier-editorial.jpg\",\"articleSection\":[\"Strat\u00e9gie \u00e9ditoriale\"],\"inLanguage\":\"fr-FR\",\"potentialAction\":[{\"@type\":\"CommentAction\",\"name\":\"Comment\",\"target\":[\"https:\/\/www.redacteur.com\/blog\/contenu-calendrier-editorial\/#respond\"]}]},{\"@type\":\"WebPage\",\"@id\":\"https:\/\/www.redacteur.com\/blog\/contenu-calendrier-editorial\/\",\"url\":\"https:\/\/www.redacteur.com\/blog\/contenu-calendrier-editorial\/\",\"name\":\"Calendrier \u00e9ditorial : comment d\u00e9finir et organiser le contenu \u00e0 produire ? - Redacteur Blog\",\"isPartOf\":{\"@id\":\"https:\/\/www.redacteur.com\/blog\/#website\"},\"primaryImageOfPage\":{\"@id\":\"https:\/\/www.redacteur.com\/blog\/contenu-calendrier-editorial\/#primaryimage\"},\"image\":{\"@id\":\"https:\/\/www.redacteur.com\/blog\/contenu-calendrier-editorial\/#primaryimage\"},\"thumbnailUrl\":\"https:\/\/www.redacteur.com\/blog\/wp-content\/uploads\/sites\/6\/2019\/01\/contenu-calendrier-editorial.jpg\",\"datePublished\":\"2019-02-06T09:30:43+00:00\",\"description\":\"Si une bonne strat\u00e9gie de marketing de contenu permet de mieux positionner un site web sur les moteurs de recherche et de g\u00e9n\u00e9rer du trafic qualifi\u00e9, de\",\"breadcrumb\":{\"@id\":\"https:\/\/www.redacteur.com\/blog\/contenu-calendrier-editorial\/#breadcrumb\"},\"inLanguage\":\"fr-FR\",\"potentialAction\":[{\"@type\":\"ReadAction\",\"target\":[\"https:\/\/www.redacteur.com\/blog\/contenu-calendrier-editorial\/\"]}]},{\"@type\":\"ImageObject\",\"inLanguage\":\"fr-FR\",\"@id\":\"https:\/\/www.redacteur.com\/blog\/contenu-calendrier-editorial\/#primaryimage\",\"url\":\"https:\/\/www.redacteur.com\/blog\/wp-content\/uploads\/sites\/6\/2019\/01\/contenu-calendrier-editorial.jpg\",\"contentUrl\":\"https:\/\/www.redacteur.com\/blog\/wp-content\/uploads\/sites\/6\/2019\/01\/contenu-calendrier-editorial.jpg\",\"width\":850,\"height\":600,\"caption\":\"Contenu calendrier \u00e9ditorial\"},{\"@type\":\"BreadcrumbList\",\"@id\":\"https:\/\/www.redacteur.com\/blog\/contenu-calendrier-editorial\/#breadcrumb\",\"itemListElement\":[{\"@type\":\"ListItem\",\"position\":1,\"name\":\"Blog\",\"item\":\"https:\/\/www.redacteur.com\/blog\/\"},{\"@type\":\"ListItem\",\"position\":2,\"name\":\"R\u00e9daction web\",\"item\":\"https:\/\/www.redacteur.com\/blog\/redaction-web\/\"},{\"@type\":\"ListItem\",\"position\":3,\"name\":\"Strat\u00e9gie \u00e9ditoriale\",\"item\":\"https:\/\/www.redacteur.com\/blog\/redaction-web\/strategie-editoriale\/\"},{\"@type\":\"ListItem\",\"position\":4,\"name\":\"Calendrier \u00e9ditorial : comment d\u00e9finir et organiser le contenu \u00e0 produire ?\"}]},{\"@type\":\"WebSite\",\"@id\":\"https:\/\/www.redacteur.com\/blog\/#website\",\"url\":\"https:\/\/www.redacteur.com\/blog\/\",\"name\":\"Redacteur.com\",\"description\":\"redacteur\",\"publisher\":{\"@id\":\"https:\/\/www.redacteur.com\/blog\/#organization\"},\"potentialAction\":[{\"@type\":\"SearchAction\",\"target\":{\"@type\":\"EntryPoint\",\"urlTemplate\":\"https:\/\/www.redacteur.com\/blog\/?s={search_term_string}\"},\"query-input\":{\"@type\":\"PropertyValueSpecification\",\"valueRequired\":true,\"valueName\":\"search_term_string\"}}],\"inLanguage\":\"fr-FR\"},{\"@type\":\"Organization\",\"@id\":\"https:\/\/www.redacteur.com\/blog\/#organization\",\"name\":\"Redacteur.com\",\"url\":\"https:\/\/www.redacteur.com\/blog\/\",\"logo\":{\"@type\":\"ImageObject\",\"inLanguage\":\"fr-FR\",\"@id\":\"https:\/\/www.redacteur.com\/blog\/#\/schema\/logo\/image\/\",\"url\":\"https:\/\/www.redacteur.com\/blog\/wp-content\/uploads\/sites\/6\/2022\/10\/logo-redacteur-blog.svg\",\"contentUrl\":\"https:\/\/www.redacteur.com\/blog\/wp-content\/uploads\/sites\/6\/2022\/10\/logo-redacteur-blog.svg\",\"width\":1,\"height\":1,\"caption\":\"Redacteur.com\"},\"image\":{\"@id\":\"https:\/\/www.redacteur.com\/blog\/#\/schema\/logo\/image\/\"},\"sameAs\":[\"https:\/\/www.facebook.com\/redacteurcom\",\"https:\/\/x.com\/Redacteurcom\",\"https:\/\/www.linkedin.com\/company\/redacteur-com\",\"https:\/\/www.youtube.com\/channel\/UCgj9ySM9xy3gdL8qBafl9Uw\/\"]},{\"@type\":\"Person\",\"@id\":\"https:\/\/www.redacteur.com\/blog\/#\/schema\/person\/33c0ef04707fbe50a096f282050bb5f2\",\"name\":\"Laura Michaud\",\"image\":{\"@type\":\"ImageObject\",\"inLanguage\":\"fr-FR\",\"@id\":\"https:\/\/www.redacteur.com\/blog\/#\/schema\/person\/image\/\",\"url\":\"https:\/\/secure.gravatar.com\/avatar\/c3328cc0c887f98cec6b2979af3311ab6333fc7cc2d4847514cfec6a56fa08a7?s=96&d=mm&r=g\",\"contentUrl\":\"https:\/\/secure.gravatar.com\/avatar\/c3328cc0c887f98cec6b2979af3311ab6333fc7cc2d4847514cfec6a56fa08a7?s=96&d=mm&r=g\",\"caption\":\"Laura Michaud\"},\"description\":\"Laura connait tous les meilleurs outils pour g\u00e9rer des projets et une entreprise. Cr\u00e9ative, c'est aussi une sp\u00e9cialiste des outils de cr\u00e9ation graphique pour faire briller une entreprise.\",\"sameAs\":[\"https:\/\/www.linkedin.com\/in\/michaudlaura\/\"],\"url\":\"https:\/\/www.redacteur.com\/blog\/author\/laura\/\"}]}<\/script>\n<!-- \/ Yoast SEO plugin. -->","yoast_head_json":{"title":"Calendrier \u00e9ditorial : comment d\u00e9finir et organiser le contenu \u00e0 produire ? - Redacteur Blog","description":"Si une bonne strat\u00e9gie de marketing de contenu permet de mieux positionner un site web sur les moteurs de recherche et de g\u00e9n\u00e9rer du trafic qualifi\u00e9, de","robots":{"index":"index","follow":"follow","max-snippet":"max-snippet:-1","max-image-preview":"max-image-preview:large","max-video-preview":"max-video-preview:-1"},"canonical":"https:\/\/www.redacteur.com\/blog\/contenu-calendrier-editorial\/","og_locale":"fr_FR","og_type":"article","og_title":"Calendrier \u00e9ditorial : comment d\u00e9finir et organiser le contenu \u00e0 produire ? - Redacteur Blog","og_description":"Si une bonne strat\u00e9gie de marketing de contenu permet de mieux positionner un site web sur les moteurs de recherche et de g\u00e9n\u00e9rer du trafic qualifi\u00e9, de","og_url":"https:\/\/www.redacteur.com\/blog\/contenu-calendrier-editorial\/","og_site_name":"Redacteur.com","article_publisher":"https:\/\/www.facebook.com\/redacteurcom","article_published_time":"2019-02-06T09:30:43+00:00","og_image":[{"width":850,"height":600,"url":"https:\/\/www.redacteur.com\/blog\/wp-content\/uploads\/sites\/6\/2019\/01\/contenu-calendrier-editorial.jpg","type":"image\/jpeg"}],"author":"Laura Michaud","twitter_card":"summary_large_image","twitter_creator":"@Redacteurcom","twitter_site":"@Redacteurcom","twitter_misc":{"\u00c9crit par":"Laura Michaud","Dur\u00e9e de lecture estim\u00e9e":"5 minutes"},"schema":{"@context":"https:\/\/schema.org","@graph":[{"@type":"Article","@id":"https:\/\/www.redacteur.com\/blog\/contenu-calendrier-editorial\/#article","isPartOf":{"@id":"https:\/\/www.redacteur.com\/blog\/contenu-calendrier-editorial\/"},"author":{"name":"Laura Michaud","@id":"https:\/\/www.redacteur.com\/blog\/#\/schema\/person\/33c0ef04707fbe50a096f282050bb5f2"},"headline":"Calendrier \u00e9ditorial&nbsp;: comment d\u00e9finir et organiser le contenu \u00e0 produire&nbsp;?","datePublished":"2019-02-06T09:30:43+00:00","mainEntityOfPage":{"@id":"https:\/\/www.redacteur.com\/blog\/contenu-calendrier-editorial\/"},"wordCount":987,"commentCount":0,"publisher":{"@id":"https:\/\/www.redacteur.com\/blog\/#organization"},"image":{"@id":"https:\/\/www.redacteur.com\/blog\/contenu-calendrier-editorial\/#primaryimage"},"thumbnailUrl":"https:\/\/www.redacteur.com\/blog\/wp-content\/uploads\/sites\/6\/2019\/01\/contenu-calendrier-editorial.jpg","articleSection":["Strat\u00e9gie \u00e9ditoriale"],"inLanguage":"fr-FR","potentialAction":[{"@type":"CommentAction","name":"Comment","target":["https:\/\/www.redacteur.com\/blog\/contenu-calendrier-editorial\/#respond"]}]},{"@type":"WebPage","@id":"https:\/\/www.redacteur.com\/blog\/contenu-calendrier-editorial\/","url":"https:\/\/www.redacteur.com\/blog\/contenu-calendrier-editorial\/","name":"Calendrier \u00e9ditorial : comment d\u00e9finir et organiser le contenu \u00e0 produire ? - Redacteur Blog","isPartOf":{"@id":"https:\/\/www.redacteur.com\/blog\/#website"},"primaryImageOfPage":{"@id":"https:\/\/www.redacteur.com\/blog\/contenu-calendrier-editorial\/#primaryimage"},"image":{"@id":"https:\/\/www.redacteur.com\/blog\/contenu-calendrier-editorial\/#primaryimage"},"thumbnailUrl":"https:\/\/www.redacteur.com\/blog\/wp-content\/uploads\/sites\/6\/2019\/01\/contenu-calendrier-editorial.jpg","datePublished":"2019-02-06T09:30:43+00:00","description":"Si une bonne strat\u00e9gie de marketing de contenu permet de mieux positionner un site web sur les moteurs de recherche et de g\u00e9n\u00e9rer du trafic qualifi\u00e9, de","breadcrumb":{"@id":"https:\/\/www.redacteur.com\/blog\/contenu-calendrier-editorial\/#breadcrumb"},"inLanguage":"fr-FR","potentialAction":[{"@type":"ReadAction","target":["https:\/\/www.redacteur.com\/blog\/contenu-calendrier-editorial\/"]}]},{"@type":"ImageObject","inLanguage":"fr-FR","@id":"https:\/\/www.redacteur.com\/blog\/contenu-calendrier-editorial\/#primaryimage","url":"https:\/\/www.redacteur.com\/blog\/wp-content\/uploads\/sites\/6\/2019\/01\/contenu-calendrier-editorial.jpg","contentUrl":"https:\/\/www.redacteur.com\/blog\/wp-content\/uploads\/sites\/6\/2019\/01\/contenu-calendrier-editorial.jpg","width":850,"height":600,"caption":"Contenu calendrier \u00e9ditorial"},{"@type":"BreadcrumbList","@id":"https:\/\/www.redacteur.com\/blog\/contenu-calendrier-editorial\/#breadcrumb","itemListElement":[{"@type":"ListItem","position":1,"name":"Blog","item":"https:\/\/www.redacteur.com\/blog\/"},{"@type":"ListItem","position":2,"name":"R\u00e9daction web","item":"https:\/\/www.redacteur.com\/blog\/redaction-web\/"},{"@type":"ListItem","position":3,"name":"Strat\u00e9gie \u00e9ditoriale","item":"https:\/\/www.redacteur.com\/blog\/redaction-web\/strategie-editoriale\/"},{"@type":"ListItem","position":4,"name":"Calendrier \u00e9ditorial : comment d\u00e9finir et organiser le contenu \u00e0 produire ?"}]},{"@type":"WebSite","@id":"https:\/\/www.redacteur.com\/blog\/#website","url":"https:\/\/www.redacteur.com\/blog\/","name":"Redacteur.com","description":"redacteur","publisher":{"@id":"https:\/\/www.redacteur.com\/blog\/#organization"},"potentialAction":[{"@type":"SearchAction","target":{"@type":"EntryPoint","urlTemplate":"https:\/\/www.redacteur.com\/blog\/?s={search_term_string}"},"query-input":{"@type":"PropertyValueSpecification","valueRequired":true,"valueName":"search_term_string"}}],"inLanguage":"fr-FR"},{"@type":"Organization","@id":"https:\/\/www.redacteur.com\/blog\/#organization","name":"Redacteur.com","url":"https:\/\/www.redacteur.com\/blog\/","logo":{"@type":"ImageObject","inLanguage":"fr-FR","@id":"https:\/\/www.redacteur.com\/blog\/#\/schema\/logo\/image\/","url":"https:\/\/www.redacteur.com\/blog\/wp-content\/uploads\/sites\/6\/2022\/10\/logo-redacteur-blog.svg","contentUrl":"https:\/\/www.redacteur.com\/blog\/wp-content\/uploads\/sites\/6\/2022\/10\/logo-redacteur-blog.svg","width":1,"height":1,"caption":"Redacteur.com"},"image":{"@id":"https:\/\/www.redacteur.com\/blog\/#\/schema\/logo\/image\/"},"sameAs":["https:\/\/www.facebook.com\/redacteurcom","https:\/\/x.com\/Redacteurcom","https:\/\/www.linkedin.com\/company\/redacteur-com","https:\/\/www.youtube.com\/channel\/UCgj9ySM9xy3gdL8qBafl9Uw\/"]},{"@type":"Person","@id":"https:\/\/www.redacteur.com\/blog\/#\/schema\/person\/33c0ef04707fbe50a096f282050bb5f2","name":"Laura Michaud","image":{"@type":"ImageObject","inLanguage":"fr-FR","@id":"https:\/\/www.redacteur.com\/blog\/#\/schema\/person\/image\/","url":"https:\/\/secure.gravatar.com\/avatar\/c3328cc0c887f98cec6b2979af3311ab6333fc7cc2d4847514cfec6a56fa08a7?s=96&d=mm&r=g","contentUrl":"https:\/\/secure.gravatar.com\/avatar\/c3328cc0c887f98cec6b2979af3311ab6333fc7cc2d4847514cfec6a56fa08a7?s=96&d=mm&r=g","caption":"Laura Michaud"},"description":"Laura connait tous les meilleurs outils pour g\u00e9rer des projets et une entreprise. Cr\u00e9ative, c'est aussi une sp\u00e9cialiste des outils de cr\u00e9ation graphique pour faire briller une entreprise.","sameAs":["https:\/\/www.linkedin.com\/in\/michaudlaura\/"],"url":"https:\/\/www.redacteur.com\/blog\/author\/laura\/"}]}},"_links":{"self":[{"href":"https:\/\/www.redacteur.com\/blog\/wp-json\/wp\/v2\/posts\/14632","targetHints":{"allow":["GET"]}}],"collection":[{"href":"https:\/\/www.redacteur.com\/blog\/wp-json\/wp\/v2\/posts"}],"about":[{"href":"https:\/\/www.redacteur.com\/blog\/wp-json\/wp\/v2\/types\/post"}],"author":[{"embeddable":true,"href":"https:\/\/www.redacteur.com\/blog\/wp-json\/wp\/v2\/users\/1"}],"replies":[{"embeddable":true,"href":"https:\/\/www.redacteur.com\/blog\/wp-json\/wp\/v2\/comments?post=14632"}],"version-history":[{"count":0,"href":"https:\/\/www.redacteur.com\/blog\/wp-json\/wp\/v2\/posts\/14632\/revisions"}],"wp:featuredmedia":[{"embeddable":true,"href":"https:\/\/www.redacteur.com\/blog\/wp-json\/wp\/v2\/media\/14635"}],"wp:attachment":[{"href":"https:\/\/www.redacteur.com\/blog\/wp-json\/wp\/v2\/media?parent=14632"}],"wp:term":[{"taxonomy":"category","embeddable":true,"href":"https:\/\/www.redacteur.com\/blog\/wp-json\/wp\/v2\/categories?post=14632"},{"taxonomy":"post_tag","embeddable":true,"href":"https:\/\/www.redacteur.com\/blog\/wp-json\/wp\/v2\/tags?post=14632"}],"curies":[{"name":"wp","href":"https:\/\/api.w.org\/{rel}","templated":true}]}}