{"id":14656,"date":"2025-08-07T14:58:00","date_gmt":"2025-08-07T12:58:00","guid":{"rendered":"https:\/\/www.redacteur.com\/blog\/?p=14656"},"modified":"2025-08-07T14:58:00","modified_gmt":"2025-08-07T12:58:00","slug":"rediger-biographie-professionnelle","status":"publish","type":"post","link":"https:\/\/www.redacteur.com\/blog\/rediger-biographie-professionnelle\/","title":{"rendered":"Comment r\u00e9diger une biographie professionnelle&nbsp;?"},"content":{"rendered":"\n<p>Que ce soit pour vous-m\u00eame, pour un client ou un coll\u00e8gue, une biographie professionnelle bien r\u00e9dig\u00e9e est un atout majeur. Utilis\u00e9e sur la page \u00ab \u00c0 propos \u00bb d\u2019un site web ou d\u2019un <a href=\"https:\/\/www.redacteur.com\/blog\/redacteur-creer-portfolio\/\" target=\"_blank\" rel=\"noopener noreferrer\">portfolio<\/a>, sur LinkedIn, dans les blogs ou encore dans les <a href=\"https:\/\/www.redacteur.com\/service\/comment-rediger-communique-de-presse\/\" target=\"_blank\" rel=\"noopener noreferrer\">communiqu\u00e9s de presse<\/a>, elle refl\u00e8te non seulement votre parcours, mais aussi votre personnalit\u00e9 et vos valeurs.<\/p>\n\n\n\n<h2 class=\"wp-block-heading\">Les points essentiels \u00e0 int\u00e9grer dans une biographie professionnelle<\/h2>\n\n\n\n<h3 class=\"wp-block-heading\">1. Votre poste actuel<\/h3>\n\n\n\n<p>Commencez par votre nom et votre poste actuel. C\u2019est la base de toute biographie professionnelle, car cela donne imm\u00e9diatement au lecteur une id\u00e9e de votre r\u00f4le.<\/p>\n\n\n\n<h3 class=\"wp-block-heading\">2. Votre parcours professionnel<\/h3>\n\n\n\n<p>Pr\u00e9sentez bri\u00e8vement vos exp\u00e9riences pass\u00e9es, en mettant en avant les \u00e9tapes marquantes de votre carri\u00e8re. Incluez&nbsp;:<\/p>\n\n\n\n<ul class=\"wp-block-list\">\n<li>Vos exp\u00e9riences significatives<\/li>\n\n\n\n<li>Les projets r\u00e9ussis ou marquants<\/li>\n\n\n\n<li>Les responsabilit\u00e9s occup\u00e9es<\/li>\n<\/ul>\n\n\n\n<h3 class=\"wp-block-heading\">3. Vos r\u00e9ussites et r\u00e9compenses<\/h3>\n\n\n\n<p>\u00c9voquez vos r\u00e9alisations pour asseoir votre cr\u00e9dibilit\u00e9. Cela peut inclure&nbsp;:<\/p>\n\n\n\n<ul class=\"wp-block-list\">\n<li>Les prix ou distinctions re\u00e7us<\/li>\n\n\n\n<li>Les r\u00e9sultats notables sur des projets<\/li>\n\n\n\n<li>Les publications, apparitions ou conf\u00e9rences<\/li>\n<\/ul>\n\n\n\n<h3 class=\"wp-block-heading\">4. Vos comp\u00e9tences cl\u00e9s<\/h3>\n\n\n\n<p>Identifiez vos domaines d&#8217;expertise en fonction de ce que vos lecteurs recherchent. Soyez pr\u00e9cis et pertinent.<\/p>\n\n\n\n<p>Ce n&#8217;est pas un CV&nbsp;! Ici, inutile de parler de votre ma\u00eetrise de Word et Excel. Expliquez quels sont sp\u00e9cialit\u00e9s et associez-les \u00e0 vos exp\u00e9riences professionnelles pass\u00e9es ou pr\u00e9sentes.<\/p>\n\n\n\n<h3 class=\"wp-block-heading\">5. Vos informations de contact<\/h3>\n\n\n\n<p>N\u2019oubliez pas d\u2019ajouter des moyens de contact comme des liens vers vos comptes sociaux, votre site internet ou votre blog.<\/p>\n\n\n\n<p>Cela peut-\u00eatre des liens au fil du textes ou des ic\u00f4nes de vos r\u00e9seaux professionnels \u00e0 la fin de la biographie.<\/p>\n\n\n<div class=\"wp-block-image\">\n<figure class=\"aligncenter\"><a href=\"https:\/\/www.redacteur.com\/blog\/wp-content\/uploads\/sites\/6\/2017\/01\/ssp095.jpg\"><img decoding=\"async\" width=\"700\" height=\"467\" src=\"https:\/\/www.redacteur.com\/blog\/wp-content\/uploads\/sites\/6\/2017\/01\/ssp095.jpg\" alt=\"R\u00e9daction d'une biographie professionnelle\" class=\"wp-image-28008\" srcset=\"https:\/\/www.redacteur.com\/blog\/wp-content\/uploads\/sites\/6\/2017\/01\/ssp095.jpg 700w, https:\/\/www.redacteur.com\/blog\/wp-content\/uploads\/sites\/6\/2017\/01\/ssp095-300x200.jpg 300w, https:\/\/www.redacteur.com\/blog\/wp-content\/uploads\/sites\/6\/2017\/01\/ssp095-60x40.jpg 60w, https:\/\/www.redacteur.com\/blog\/wp-content\/uploads\/sites\/6\/2017\/01\/ssp095-370x247.jpg 370w, https:\/\/www.redacteur.com\/blog\/wp-content\/uploads\/sites\/6\/2017\/01\/ssp095-270x180.jpg 270w, https:\/\/www.redacteur.com\/blog\/wp-content\/uploads\/sites\/6\/2017\/01\/ssp095-570x380.jpg 570w\" sizes=\"(max-width: 700px) 100vw, 700px\" \/><\/a><\/figure><\/div>\n\n\n<p><\/p>\n\n\n\n<h2 class=\"wp-block-heading\">Les \u00e9tapes \u00e0 suivre pour une biographie professionnelle r\u00e9ussie<\/h2>\n\n\n\n<p>Maintenant que vous savez les points essentiels \u00e0 aborder, voici les \u00e9tapes pour r\u00e9diger votre biographie professionnelle.<\/p>\n\n\n\n<h3 class=\"wp-block-heading\">1. Choisir entre la premi\u00e8re et la troisi\u00e8me personne<\/h3>\n\n\n\n<p>Le choix du pronom d\u00e9pend de l&#8217;objectif et du contexte&nbsp;:<\/p>\n\n\n\n<ul class=\"wp-block-list\">\n<li>La premi\u00e8re personne (\u00ab je \u00bb) cr\u00e9e une proximit\u00e9 et une authenticit\u00e9. Elle est souvent utilis\u00e9e pour les freelances ou entrepreneurs.<\/li>\n\n\n\n<li>La troisi\u00e8me personne (\u00ab il\/elle \u00bb) est plus formelle et convient aux biographies destin\u00e9es \u00e0 des entreprises ou des publications officielles.<\/li>\n<\/ul>\n\n\n\n<h3 class=\"wp-block-heading\">2. Structurer votre texte<\/h3>\n\n\n\n<p>Adoptez une structure claire pour guider le lecteur. Voici un plan simple&nbsp;:<\/p>\n\n\n\n<ol class=\"wp-block-list\">\n<li>Introduction&nbsp;: votre nom, poste et mission actuelle<\/li>\n\n\n\n<li>Parcours professionnel&nbsp;: exp\u00e9riences, r\u00e9ussites majeures<\/li>\n\n\n\n<li>R\u00e9alisations notables&nbsp;: r\u00e9compenses, distinctions, projets marquants<\/li>\n\n\n\n<li>Informations personnelles&nbsp;: passions, anecdotes pour humaniser le contenu<\/li>\n\n\n\n<li>Liens et contacts&nbsp;: r\u00e9seaux sociaux, site web, blog<\/li>\n<\/ol>\n\n\n\n<h3 class=\"wp-block-heading\">3. Adopter un ton adapt\u00e9<\/h3>\n\n\n\n<p>D\u00e9finissez un ton en ad\u00e9quation avec votre cible. En principe, le public cible des biographies professionnelles est li\u00e9 au monde du travail&nbsp;: clients, partenaires, professionnels.<\/p>\n\n\n\n<p>Un style formel est donc id\u00e9al pour des environnements professionnels traditionnels, tandis qu\u2019un ton plus l\u00e9ger conviendra \u00e0 des secteurs plus cr\u00e9atifs ou marketing.<\/p>\n\n\n\n<h3 class=\"wp-block-heading\">4. \u00catre concis et impactant<\/h3>\n\n\n\n<p>R\u00e9digez des phrases courtes (moins de 25 mots) et des paragraphes clairs pour une bio efficace.<\/p>\n\n\n\n<p>Un texte concis retient mieux l\u2019attention de votre public cible, en particulier pour les lecteurs sur mobile ou en lecture rapide pour une bio LinkedIn.<\/p>\n\n\n\n<h3 class=\"wp-block-heading\">5. Ajouter une touche personnelle<\/h3>\n\n\n\n<p>Ins\u00e9rez des informations personnelles comme vos hobbies ou des anecdotes pour rendre votre biographie plus humaine et accessible.<\/p>\n\n\n\n<p>Cela facilite l&#8217;identification du lecteur \u00e0 votre parcours professionnel. Parlez de vos exp\u00e9riences, de votre vie, de votre v\u00e9cu. Les internautes qui liront votre bio veulent en savoir plus sur votre histoire. Donnez des exemples concrets et sinc\u00e8res, partagez les grandes \u00e9tapes de votre parcours.<\/p>\n\n\n\n<h3 class=\"wp-block-heading\">6. Inclure des \u00e9l\u00e9ments visuels<\/h3>\n\n\n\n<p>Ajoutez des photos, des graphiques ou des ic\u00f4nes pour illustrer vos succ\u00e8s et rendre votre biographie plus attrayante visuellement.<\/p>\n\n\n\n<p>Tous les sites ne permettent pas une personnalisation totale, mais si vous en avez l&#8217;opportunit\u00e9, ajouter une image ou des exemples visuels sont un plus \u00e0 une bio \u00e9crite.<\/p>\n\n\n\n<h3 class=\"wp-block-heading\">7. Ajouter des liens strat\u00e9giques<\/h3>\n\n\n\n<p>Placez des boutons de partage ou des liens vers vos plateformes professionnelles (LinkedIn, blog, etc.) \u00e0 un endroit visible. Aidez les internautes \u00e0 partager votre histoire&nbsp;!<\/p>\n\n\n<div class=\"wp-block-image\">\n<figure class=\"aligncenter\"><a href=\"https:\/\/www.redacteur.com\/blog\/wp-content\/uploads\/sites\/6\/2016\/07\/glenn-carstens-peters-npxXWgQ33ZQ-unsplash.jpg\"><img decoding=\"async\" width=\"700\" height=\"466\" src=\"https:\/\/www.redacteur.com\/blog\/wp-content\/uploads\/sites\/6\/2016\/07\/glenn-carstens-peters-npxXWgQ33ZQ-unsplash.jpg\" alt=\"Homme en train de r\u00e9diger une biographie professionnelle\" class=\"wp-image-27268\" srcset=\"https:\/\/www.redacteur.com\/blog\/wp-content\/uploads\/sites\/6\/2016\/07\/glenn-carstens-peters-npxXWgQ33ZQ-unsplash.jpg 700w, https:\/\/www.redacteur.com\/blog\/wp-content\/uploads\/sites\/6\/2016\/07\/glenn-carstens-peters-npxXWgQ33ZQ-unsplash-300x200.jpg 300w, https:\/\/www.redacteur.com\/blog\/wp-content\/uploads\/sites\/6\/2016\/07\/glenn-carstens-peters-npxXWgQ33ZQ-unsplash-60x40.jpg 60w, https:\/\/www.redacteur.com\/blog\/wp-content\/uploads\/sites\/6\/2016\/07\/glenn-carstens-peters-npxXWgQ33ZQ-unsplash-370x246.jpg 370w, https:\/\/www.redacteur.com\/blog\/wp-content\/uploads\/sites\/6\/2016\/07\/glenn-carstens-peters-npxXWgQ33ZQ-unsplash-270x180.jpg 270w, https:\/\/www.redacteur.com\/blog\/wp-content\/uploads\/sites\/6\/2016\/07\/glenn-carstens-peters-npxXWgQ33ZQ-unsplash-570x379.jpg 570w\" sizes=\"(max-width: 700px) 100vw, 700px\" \/><\/a><\/figure><\/div>\n\n\n<h2 class=\"wp-block-heading\">Comment r\u00e9diger sa biographie professionnelle&nbsp;?<\/h2>\n\n\n\n<p>R\u00e9diger sa biographie professionnelle n&#8217;est pas forc\u00e9ment un exercice facile lorsqu&#8217;on souhaite se d\u00e9marquer. Vous pouvez la r\u00e9diger vous-m\u00eame si vous vous en sentez capable, mais il est aussi possible de faire appel \u00e0 un r\u00e9dacteur freelance.<\/p>\n\n\n\n<h3 class=\"wp-block-heading\">R\u00e9diger sa biographie professionnelle soi-m\u00eame<\/h3>\n\n\n\n<p>\u00c9crire une biographie professionnelle, ce n&#8217;est pas comme <a href=\"https:\/\/www.redacteur.com\/blog\/guide-complet-rediger-tout-type-contenu\/\">r\u00e9diger n&#8217;importe quel type de contenus<\/a>. Si vous voulez le faire vous-m\u00eame, inspirez-vous de ce qui se fait. Choisissez d&#8217;abord le format de votre biographie&nbsp;:<\/p>\n\n\n\n<ul class=\"wp-block-list\">\n<li>Biographie professionnelle courte<\/li>\n\n\n\n<li>Biographie professionnelle longue<\/li>\n<\/ul>\n\n\n\n<p>Choisissez \u00e0 quelle personne vous allez r\u00e9diger, puis suivez les \u00e9tapes pr\u00e9sent\u00e9es dans cet article pour r\u00e9ussir la r\u00e9daction de votre biographie professionnelle.<\/p>\n\n\n\n<p>Si vous sentez que votre texte manque de mordant, vous pouvez tout \u00e0 fait le faire relire, corriger et enrichir par un r\u00e9dacteur freelance.<\/p>\n\n\n\n<h3 class=\"wp-block-heading\">Commander votre biographie professionnelle \u00e0 un r\u00e9dacteur freelance<\/h3>\n\n\n\n<p>La r\u00e9daction est un m\u00e9tier \u00e0 part enti\u00e8re. Pour obtenir une biographie professionnelle qui mettra votre parcours et vos exp\u00e9riences pro en valeur, faire appel \u00e0 un pr\u00eate-plume est recommand\u00e9.<\/p>\n\n\n\n<p>Vous pouvez <a href=\"https:\/\/www.redacteur.com\/service\/commander-biographie\/\">commander une biographie<\/a> aupr\u00e8s d&#8217;un r\u00e9dacteur de m\u00e9tier pour un prix relativement abordable en fonction de la longueur de cette derni\u00e8re. Un texte court pour vos r\u00e9seaux sociaux ou la page de pr\u00e9sentation de votre site ne vous co\u00fbtera que quelques dizaines d&#8217;euros \u00e0 peine.<\/p>\n\n\n<div class=\"wp-block-image\">\n<figure class=\"aligncenter\"><a href=\"https:\/\/www.redacteur.com\/blog\/wp-content\/uploads\/sites\/6\/2021\/10\/redaction-guest-blog.jpg\"><img decoding=\"async\" width=\"700\" height=\"467\" src=\"https:\/\/www.redacteur.com\/blog\/wp-content\/uploads\/sites\/6\/2021\/10\/redaction-guest-blog.jpg\" alt=\"Personne qui r\u00e9dige une biographie professionnelle\" class=\"wp-image-28331\" srcset=\"https:\/\/www.redacteur.com\/blog\/wp-content\/uploads\/sites\/6\/2021\/10\/redaction-guest-blog.jpg 700w, https:\/\/www.redacteur.com\/blog\/wp-content\/uploads\/sites\/6\/2021\/10\/redaction-guest-blog-300x200.jpg 300w, https:\/\/www.redacteur.com\/blog\/wp-content\/uploads\/sites\/6\/2021\/10\/redaction-guest-blog-60x40.jpg 60w, https:\/\/www.redacteur.com\/blog\/wp-content\/uploads\/sites\/6\/2021\/10\/redaction-guest-blog-370x247.jpg 370w, https:\/\/www.redacteur.com\/blog\/wp-content\/uploads\/sites\/6\/2021\/10\/redaction-guest-blog-270x180.jpg 270w, https:\/\/www.redacteur.com\/blog\/wp-content\/uploads\/sites\/6\/2021\/10\/redaction-guest-blog-570x380.jpg 570w\" sizes=\"(max-width: 700px) 100vw, 700px\" \/><\/a><\/figure><\/div>\n\n\n<h2 class=\"wp-block-heading\">Quelle taille privil\u00e9gier pour une biographie professionnelle&nbsp;?<\/h2>\n\n\n\n<p>La <a href=\"https:\/\/www.redacteur.com\/blog\/nombre-mots-texte-web-blog\/\" target=\"_blank\" rel=\"noopener noreferrer\">taille d\u2019un texte<\/a> est un \u00e9l\u00e9ment souvent questionn\u00e9, que ce soit pour un article de blog ou un livre blanc par exemple. Alors qu\u2019en est-il pour une biographie professionnelle&nbsp;?<\/p>\n\n\n\n<p>\u00c0 vrai dire il n\u2019y a pas de r\u00e9ponse unique sur la longueur de votre bio.<\/p>\n\n\n\n<p>La plupart du temps les r\u00e9seaux sociaux fixent eux-m\u00eames une limite de caract\u00e8res. Dans le cas d\u2019un communiqu\u00e9 de presse, un paragraphe est g\u00e9n\u00e9ralement suffisant.<\/p>\n\n\n\n<p>En revanche, si vous comptez publier votre biographie sur un site Internet, il convient de prendre en compte plusieurs \u00e9l\u00e9ments pour choisir entre un texte concis et un texte qui entre plus dans les d\u00e9tails.<\/p>\n\n\n\n<h3 class=\"wp-block-heading\">Pourquoi r\u00e9diger une biographie professionnelle courte&nbsp;?<\/h3>\n\n\n\n<p>Aujourd\u2019hui, les internautes naviguent rapidement d\u2019un contenu \u00e0 un autre. Votre biographie professionnelle doit donc capter leur attention en quelques secondes, tout en refl\u00e9tant votre unicit\u00e9 et votre parcours.<\/p>\n\n\n\n<p>\u00c0 l\u2019\u00e8re du digital, les consommateurs comparent bien plus que les prix ou les caract\u00e9ristiques techniques. Ils cherchent du sens. Partager une exp\u00e9rience marquante, une r\u00e9orientation ou un point commun avec votre audience peut \u00e9tablir une connexion authentique et faire la diff\u00e9rence face \u00e0 des concurrents plus anonymes.<\/p>\n\n\n\n<p>Pour r\u00e9ussir, privil\u00e9giez des paragraphes courts et percutants. Chaque mot compte&nbsp;: allez \u00e0 l\u2019essentiel, sans superflu. Incorporez des liens pour approfondir si n\u00e9cessaire, mais veillez \u00e0 maintenir la clart\u00e9 et l\u2019int\u00e9r\u00eat.<\/p>\n\n\n\n<p>En moins de 200 mots, une biographie concise et bien pens\u00e9e peut marquer les esprits, vous positionnant comme un choix naturel et cr\u00e9dible pour vos prospects.<\/p>\n\n\n\n<h3 class=\"wp-block-heading\">Pourquoi \u00e9crire une biographie professionnelle plus longue&nbsp;?<\/h3>\n\n\n\n<p>Qu\u2019en est-il si vous avez de nombreuses exp\u00e9riences professionnelles \u00e0 raconter&nbsp;? Comment condenser des informations importantes&nbsp;?<\/p>\n\n\n\n<p>Dans ce cas de figure vous pouvez \u00e9crire un texte plus long, la <a href=\"https:\/\/problogger.com\/about-problogger\/?source=redacteur-com-blog&amp;utm_source=redacteur-com-blog\" target=\"_blank\" rel=\"nofollow noopener noreferrer\">biographie de Darren Rowse<\/a>, cr\u00e9ateur de ProBlogger \u00e9tant un bon exemple.<\/p>\n\n\n<div class=\"wp-block-image\">\n<figure class=\"aligncenter\"><img decoding=\"async\" width=\"1024\" height=\"884\" src=\"https:\/\/www.redacteur.com\/blog\/wp-content\/uploads\/sites\/6\/2021\/12\/biographie-professionnelle-longue-darren-rowse-1024x884.png\" alt=\"Biographie professionnelle longue de Darren Rowse\" class=\"wp-image-40920\" srcset=\"https:\/\/www.redacteur.com\/blog\/wp-content\/uploads\/sites\/6\/2021\/12\/biographie-professionnelle-longue-darren-rowse-1024x884.png 1024w, https:\/\/www.redacteur.com\/blog\/wp-content\/uploads\/sites\/6\/2021\/12\/biographie-professionnelle-longue-darren-rowse-300x259.png 300w, https:\/\/www.redacteur.com\/blog\/wp-content\/uploads\/sites\/6\/2021\/12\/biographie-professionnelle-longue-darren-rowse-768x663.png 768w, https:\/\/www.redacteur.com\/blog\/wp-content\/uploads\/sites\/6\/2021\/12\/biographie-professionnelle-longue-darren-rowse-60x52.png 60w, https:\/\/www.redacteur.com\/blog\/wp-content\/uploads\/sites\/6\/2021\/12\/biographie-professionnelle-longue-darren-rowse-370x319.png 370w, https:\/\/www.redacteur.com\/blog\/wp-content\/uploads\/sites\/6\/2021\/12\/biographie-professionnelle-longue-darren-rowse-270x233.png 270w, https:\/\/www.redacteur.com\/blog\/wp-content\/uploads\/sites\/6\/2021\/12\/biographie-professionnelle-longue-darren-rowse-570x492.png 570w, https:\/\/www.redacteur.com\/blog\/wp-content\/uploads\/sites\/6\/2021\/12\/biographie-professionnelle-longue-darren-rowse-740x639.png 740w, https:\/\/www.redacteur.com\/blog\/wp-content\/uploads\/sites\/6\/2021\/12\/biographie-professionnelle-longue-darren-rowse.png 1098w\" sizes=\"(max-width: 1024px) 100vw, 1024px\" \/><\/figure><\/div>\n\n\n<p>L&#8217;\u00e9criture d&#8217;une longue biographie peut \u00eatre un bon choix si votre parcours est particuli\u00e8rement atypique, et s\u2019il est n\u00e9cessaire de l\u2019\u00e9clairer pour que l\u2019internaute saisisse mieux les enjeux et l\u2019originalit\u00e9 de votre entreprise.<\/p>\n\n\n\n<p>On pense par exemple aux fortes bifurcations de parcours, aux reconversions professionnelles, mais aussi au changement de nom ou de statut d\u2019entreprise, voire \u00e0 son d\u00e9m\u00e9nagement.<\/p>\n\n\n\n<p>Pour maintenir l\u2019attention des lecteurs vous pouvez&nbsp;:<\/p>\n\n\n\n<ul class=\"wp-block-list\">\n<li>Faire des paragraphes courts \u00e9tape par \u00e9tape<\/li>\n\n\n\n<li>Inclure des m\u00e9dias (images, vid\u00e9os, etc)<\/li>\n\n\n\n<li>Ajouter des sous-titres pour structurer le contenu<\/li>\n\n\n\n<li>Ajouter des listes \u00e0 puces pour lister vos exp\u00e9riences et comp\u00e9tences<\/li>\n\n\n\n<li>Etc.<\/li>\n<\/ul>\n\n\n\n<blockquote class=\"wp-block-quote is-layout-flow wp-block-quote-is-layout-flow\">\n<p>\u00c9crire une biographie professionnelle de cette envergure peut contenir jusqu\u2019\u00e0 <strong>700 mots<\/strong>.<\/p>\n<\/blockquote>\n\n\n\n<h3 class=\"wp-block-heading\">\u00c9crire une bio sous forme de livre<\/h3>\n\n\n\n<p>La biographie professionnelle peut \u00e9galement \u00eatre l&#8217;objet d&#8217;un livre, ou \u00eatre contenu dans un livre.<\/p>\n\n\n\n<p>Si vous r\u00e9digez r\u00e9guli\u00e8rement des livres, quel que soit le domaine, il est normal d&#8217;inclure une petite bio pour vous pr\u00e9senter \u00e0 vos lecteurs. Pensez \u00e0 l&#8217;inclure d\u00e8s le d\u00e9but du livre, ou \u00e0 la toute fin pour les curieux qui souhaiteraient en apprendre plus sur votre vie, votre travail ou votre histoire. Une ou deux pages suffisent en g\u00e9n\u00e9ral.<\/p>\n\n\n\n<p>Pour d&#8217;autres, un livre peut \u00eatre le point d&#8217;orgue d&#8217;une carri\u00e8re pro bien remplie. Apr\u00e8s avoir accumul\u00e9 comp\u00e9tences et exp\u00e9rience, partager votre parcours personnel, des anecdotes de votre travail peut vous aider \u00e0 tourner la page. La biographie devient alors un v\u00e9ritable ouvrage ou vous partagez votre exp\u00e9rience, vos r\u00e9flexions.<\/p>\n\n\n\n<p>Dans ce dernier cas, pas de limite \u00e0 la taille de la bio. Selon la carri\u00e8re que vous avez men\u00e9e, vous pouvez m\u00eame imaginer publier plusieurs livres pour raconter votre histoire \u00e9tape par \u00e9tape.<\/p>\n\n\n\n<h2 class=\"wp-block-heading\">Notre astuce pour r\u00e9diger votre biographie professionnelle<\/h2>\n\n\n\n<p>Votre biographie doit vous ressembler tout en renvoyant une image professionnelle. La r\u00e9daction de ce type de texte n\u2019est donc pas toujours un exercice facile, d\u2019autant qu\u2019il s\u2019agit de s\u2019exposer soi-m\u00eame dans un contexte concurrentiel, aupr\u00e8s d&#8217;un public prompt \u00e0 la critique.<\/p>\n\n\n\n<p>Si vous n&#8217;avez pas l&#8217;\u00e2me d&#8217;un \u00e9crivain pour partager votre vie et votre parcours personnel et professionnel, pas de panique. Pour vous aider, vous pouvez faire confiance aux r\u00e9dacteurs professionnels de <a href=\"https:\/\/www.redacteur.com\" target=\"_blank\" rel=\"noopener noreferrer\">Redacteur.com<\/a>. Passez commande de votre biographie professionnelle et s\u00e9lectionnez le r\u00e9dacteur le plus adapt\u00e9 \u00e0 \u00e9crire votre biographie parmi les nombreux professionnels qui y postuleront.<\/p>\n","protected":false},"excerpt":{"rendered":"<p>Que ce soit pour vous-m\u00eame, pour un client ou un coll\u00e8gue, une biographie professionnelle bien r\u00e9dig\u00e9e est un atout majeur. Utilis\u00e9e sur la page \u00ab \u00c0 propos \u00bb d\u2019un site web ou d\u2019un portfolio, sur LinkedIn, dans les blogs ou encore dans les communiqu\u00e9s de presse, elle refl\u00e8te non seulement votre parcours, mais aussi votre [&hellip;]<\/p>\n","protected":false},"author":1,"featured_media":41496,"comment_status":"open","ping_status":"open","sticky":false,"template":"","format":"standard","meta":{"_acf_changed":false,"inline_featured_image":false,"footnotes":""},"categories":[2],"tags":[],"class_list":["post-14656","post","type-post","status-publish","format-standard","has-post-thumbnail","hentry","category-contenu-web"],"acf":[],"yoast_head":"<!-- This site is optimized with the Yoast SEO plugin v25.9 - https:\/\/yoast.com\/wordpress\/plugins\/seo\/ -->\n<title>Comment r\u00e9diger une biographie professionnelle ? - Redacteur Blog<\/title>\n<meta name=\"description\" content=\"La biographie professionnelle est comme un CV acc\u00e9l\u00e9r\u00e9. D\u00e9couvrez comment vous vendre en quelques lignes pour s\u00e9duire les internautes.\" \/>\n<meta name=\"robots\" content=\"index, follow, max-snippet:-1, max-image-preview:large, max-video-preview:-1\" \/>\n<link rel=\"canonical\" href=\"https:\/\/www.redacteur.com\/blog\/rediger-biographie-professionnelle\/\" \/>\n<meta property=\"og:locale\" content=\"fr_FR\" \/>\n<meta property=\"og:type\" content=\"article\" \/>\n<meta property=\"og:title\" content=\"Comment r\u00e9diger une biographie professionnelle ? - Redacteur Blog\" \/>\n<meta property=\"og:description\" content=\"La biographie professionnelle est comme un CV acc\u00e9l\u00e9r\u00e9. D\u00e9couvrez comment vous vendre en quelques lignes pour s\u00e9duire les internautes.\" \/>\n<meta property=\"og:url\" content=\"https:\/\/www.redacteur.com\/blog\/rediger-biographie-professionnelle\/\" \/>\n<meta property=\"og:site_name\" content=\"Redacteur.com\" \/>\n<meta property=\"article:publisher\" content=\"https:\/\/www.facebook.com\/redacteurcom\" \/>\n<meta property=\"article:published_time\" content=\"2025-08-07T12:58:00+00:00\" \/>\n<meta property=\"og:image\" content=\"https:\/\/www.redacteur.com\/blog\/wp-content\/uploads\/sites\/6\/2024\/11\/rediger-biographie-professionnelle.png\" \/>\n\t<meta property=\"og:image:width\" content=\"1200\" \/>\n\t<meta property=\"og:image:height\" content=\"675\" \/>\n\t<meta property=\"og:image:type\" content=\"image\/png\" \/>\n<meta name=\"author\" content=\"Laura Michaud\" \/>\n<meta name=\"twitter:card\" content=\"summary_large_image\" \/>\n<meta name=\"twitter:creator\" content=\"@Redacteurcom\" \/>\n<meta name=\"twitter:site\" content=\"@Redacteurcom\" \/>\n<meta name=\"twitter:label1\" content=\"\u00c9crit par\" \/>\n\t<meta name=\"twitter:data1\" content=\"Laura Michaud\" \/>\n\t<meta name=\"twitter:label2\" content=\"Dur\u00e9e de lecture estim\u00e9e\" \/>\n\t<meta name=\"twitter:data2\" content=\"9 minutes\" \/>\n<script type=\"application\/ld+json\" class=\"yoast-schema-graph\">{\"@context\":\"https:\/\/schema.org\",\"@graph\":[{\"@type\":\"Article\",\"@id\":\"https:\/\/www.redacteur.com\/blog\/rediger-biographie-professionnelle\/#article\",\"isPartOf\":{\"@id\":\"https:\/\/www.redacteur.com\/blog\/rediger-biographie-professionnelle\/\"},\"author\":{\"name\":\"Laura Michaud\",\"@id\":\"https:\/\/www.redacteur.com\/blog\/#\/schema\/person\/33c0ef04707fbe50a096f282050bb5f2\"},\"headline\":\"Comment r\u00e9diger une biographie professionnelle&nbsp;?\",\"datePublished\":\"2025-08-07T12:58:00+00:00\",\"mainEntityOfPage\":{\"@id\":\"https:\/\/www.redacteur.com\/blog\/rediger-biographie-professionnelle\/\"},\"wordCount\":1705,\"commentCount\":6,\"publisher\":{\"@id\":\"https:\/\/www.redacteur.com\/blog\/#organization\"},\"image\":{\"@id\":\"https:\/\/www.redacteur.com\/blog\/rediger-biographie-professionnelle\/#primaryimage\"},\"thumbnailUrl\":\"https:\/\/www.redacteur.com\/blog\/wp-content\/uploads\/sites\/6\/2024\/11\/rediger-biographie-professionnelle.png\",\"articleSection\":[\"Content marketing\"],\"inLanguage\":\"fr-FR\",\"potentialAction\":[{\"@type\":\"CommentAction\",\"name\":\"Comment\",\"target\":[\"https:\/\/www.redacteur.com\/blog\/rediger-biographie-professionnelle\/#respond\"]}]},{\"@type\":\"WebPage\",\"@id\":\"https:\/\/www.redacteur.com\/blog\/rediger-biographie-professionnelle\/\",\"url\":\"https:\/\/www.redacteur.com\/blog\/rediger-biographie-professionnelle\/\",\"name\":\"Comment r\u00e9diger une biographie professionnelle ? - Redacteur Blog\",\"isPartOf\":{\"@id\":\"https:\/\/www.redacteur.com\/blog\/#website\"},\"primaryImageOfPage\":{\"@id\":\"https:\/\/www.redacteur.com\/blog\/rediger-biographie-professionnelle\/#primaryimage\"},\"image\":{\"@id\":\"https:\/\/www.redacteur.com\/blog\/rediger-biographie-professionnelle\/#primaryimage\"},\"thumbnailUrl\":\"https:\/\/www.redacteur.com\/blog\/wp-content\/uploads\/sites\/6\/2024\/11\/rediger-biographie-professionnelle.png\",\"datePublished\":\"2025-08-07T12:58:00+00:00\",\"description\":\"La biographie professionnelle est comme un CV acc\u00e9l\u00e9r\u00e9. D\u00e9couvrez comment vous vendre en quelques lignes pour s\u00e9duire les internautes.\",\"breadcrumb\":{\"@id\":\"https:\/\/www.redacteur.com\/blog\/rediger-biographie-professionnelle\/#breadcrumb\"},\"inLanguage\":\"fr-FR\",\"potentialAction\":[{\"@type\":\"ReadAction\",\"target\":[\"https:\/\/www.redacteur.com\/blog\/rediger-biographie-professionnelle\/\"]}]},{\"@type\":\"ImageObject\",\"inLanguage\":\"fr-FR\",\"@id\":\"https:\/\/www.redacteur.com\/blog\/rediger-biographie-professionnelle\/#primaryimage\",\"url\":\"https:\/\/www.redacteur.com\/blog\/wp-content\/uploads\/sites\/6\/2024\/11\/rediger-biographie-professionnelle.png\",\"contentUrl\":\"https:\/\/www.redacteur.com\/blog\/wp-content\/uploads\/sites\/6\/2024\/11\/rediger-biographie-professionnelle.png\",\"width\":1200,\"height\":675,\"caption\":\"r\u00e9diger une biographie professionnelle\"},{\"@type\":\"BreadcrumbList\",\"@id\":\"https:\/\/www.redacteur.com\/blog\/rediger-biographie-professionnelle\/#breadcrumb\",\"itemListElement\":[{\"@type\":\"ListItem\",\"position\":1,\"name\":\"Blog\",\"item\":\"https:\/\/www.redacteur.com\/blog\/\"},{\"@type\":\"ListItem\",\"position\":2,\"name\":\"Content marketing\",\"item\":\"https:\/\/www.redacteur.com\/blog\/contenu-web\/\"},{\"@type\":\"ListItem\",\"position\":3,\"name\":\"Comment r\u00e9diger une biographie professionnelle&nbsp;?\"}]},{\"@type\":\"WebSite\",\"@id\":\"https:\/\/www.redacteur.com\/blog\/#website\",\"url\":\"https:\/\/www.redacteur.com\/blog\/\",\"name\":\"Redacteur.com\",\"description\":\"redacteur\",\"publisher\":{\"@id\":\"https:\/\/www.redacteur.com\/blog\/#organization\"},\"potentialAction\":[{\"@type\":\"SearchAction\",\"target\":{\"@type\":\"EntryPoint\",\"urlTemplate\":\"https:\/\/www.redacteur.com\/blog\/?s={search_term_string}\"},\"query-input\":{\"@type\":\"PropertyValueSpecification\",\"valueRequired\":true,\"valueName\":\"search_term_string\"}}],\"inLanguage\":\"fr-FR\"},{\"@type\":\"Organization\",\"@id\":\"https:\/\/www.redacteur.com\/blog\/#organization\",\"name\":\"Redacteur.com\",\"url\":\"https:\/\/www.redacteur.com\/blog\/\",\"logo\":{\"@type\":\"ImageObject\",\"inLanguage\":\"fr-FR\",\"@id\":\"https:\/\/www.redacteur.com\/blog\/#\/schema\/logo\/image\/\",\"url\":\"https:\/\/www.redacteur.com\/blog\/wp-content\/uploads\/sites\/6\/2022\/10\/logo-redacteur-blog.svg\",\"contentUrl\":\"https:\/\/www.redacteur.com\/blog\/wp-content\/uploads\/sites\/6\/2022\/10\/logo-redacteur-blog.svg\",\"width\":1,\"height\":1,\"caption\":\"Redacteur.com\"},\"image\":{\"@id\":\"https:\/\/www.redacteur.com\/blog\/#\/schema\/logo\/image\/\"},\"sameAs\":[\"https:\/\/www.facebook.com\/redacteurcom\",\"https:\/\/x.com\/Redacteurcom\",\"https:\/\/www.linkedin.com\/company\/redacteur-com\",\"https:\/\/www.youtube.com\/channel\/UCgj9ySM9xy3gdL8qBafl9Uw\/\"]},{\"@type\":\"Person\",\"@id\":\"https:\/\/www.redacteur.com\/blog\/#\/schema\/person\/33c0ef04707fbe50a096f282050bb5f2\",\"name\":\"Laura Michaud\",\"image\":{\"@type\":\"ImageObject\",\"inLanguage\":\"fr-FR\",\"@id\":\"https:\/\/www.redacteur.com\/blog\/#\/schema\/person\/image\/\",\"url\":\"https:\/\/secure.gravatar.com\/avatar\/c3328cc0c887f98cec6b2979af3311ab6333fc7cc2d4847514cfec6a56fa08a7?s=96&d=mm&r=g\",\"contentUrl\":\"https:\/\/secure.gravatar.com\/avatar\/c3328cc0c887f98cec6b2979af3311ab6333fc7cc2d4847514cfec6a56fa08a7?s=96&d=mm&r=g\",\"caption\":\"Laura Michaud\"},\"description\":\"Laura connait tous les meilleurs outils pour g\u00e9rer des projets et une entreprise. Cr\u00e9ative, c'est aussi une sp\u00e9cialiste des outils de cr\u00e9ation graphique pour faire briller une entreprise.\",\"sameAs\":[\"https:\/\/www.linkedin.com\/in\/michaudlaura\/\"],\"url\":\"https:\/\/www.redacteur.com\/blog\/author\/laura\/\"}]}<\/script>\n<!-- \/ Yoast SEO plugin. -->","yoast_head_json":{"title":"Comment r\u00e9diger une biographie professionnelle ? - Redacteur Blog","description":"La biographie professionnelle est comme un CV acc\u00e9l\u00e9r\u00e9. D\u00e9couvrez comment vous vendre en quelques lignes pour s\u00e9duire les internautes.","robots":{"index":"index","follow":"follow","max-snippet":"max-snippet:-1","max-image-preview":"max-image-preview:large","max-video-preview":"max-video-preview:-1"},"canonical":"https:\/\/www.redacteur.com\/blog\/rediger-biographie-professionnelle\/","og_locale":"fr_FR","og_type":"article","og_title":"Comment r\u00e9diger une biographie professionnelle ? - Redacteur Blog","og_description":"La biographie professionnelle est comme un CV acc\u00e9l\u00e9r\u00e9. D\u00e9couvrez comment vous vendre en quelques lignes pour s\u00e9duire les internautes.","og_url":"https:\/\/www.redacteur.com\/blog\/rediger-biographie-professionnelle\/","og_site_name":"Redacteur.com","article_publisher":"https:\/\/www.facebook.com\/redacteurcom","article_published_time":"2025-08-07T12:58:00+00:00","og_image":[{"width":1200,"height":675,"url":"https:\/\/www.redacteur.com\/blog\/wp-content\/uploads\/sites\/6\/2024\/11\/rediger-biographie-professionnelle.png","type":"image\/png"}],"author":"Laura Michaud","twitter_card":"summary_large_image","twitter_creator":"@Redacteurcom","twitter_site":"@Redacteurcom","twitter_misc":{"\u00c9crit par":"Laura Michaud","Dur\u00e9e de lecture estim\u00e9e":"9 minutes"},"schema":{"@context":"https:\/\/schema.org","@graph":[{"@type":"Article","@id":"https:\/\/www.redacteur.com\/blog\/rediger-biographie-professionnelle\/#article","isPartOf":{"@id":"https:\/\/www.redacteur.com\/blog\/rediger-biographie-professionnelle\/"},"author":{"name":"Laura Michaud","@id":"https:\/\/www.redacteur.com\/blog\/#\/schema\/person\/33c0ef04707fbe50a096f282050bb5f2"},"headline":"Comment r\u00e9diger une biographie professionnelle&nbsp;?","datePublished":"2025-08-07T12:58:00+00:00","mainEntityOfPage":{"@id":"https:\/\/www.redacteur.com\/blog\/rediger-biographie-professionnelle\/"},"wordCount":1705,"commentCount":6,"publisher":{"@id":"https:\/\/www.redacteur.com\/blog\/#organization"},"image":{"@id":"https:\/\/www.redacteur.com\/blog\/rediger-biographie-professionnelle\/#primaryimage"},"thumbnailUrl":"https:\/\/www.redacteur.com\/blog\/wp-content\/uploads\/sites\/6\/2024\/11\/rediger-biographie-professionnelle.png","articleSection":["Content marketing"],"inLanguage":"fr-FR","potentialAction":[{"@type":"CommentAction","name":"Comment","target":["https:\/\/www.redacteur.com\/blog\/rediger-biographie-professionnelle\/#respond"]}]},{"@type":"WebPage","@id":"https:\/\/www.redacteur.com\/blog\/rediger-biographie-professionnelle\/","url":"https:\/\/www.redacteur.com\/blog\/rediger-biographie-professionnelle\/","name":"Comment r\u00e9diger une biographie professionnelle ? - Redacteur Blog","isPartOf":{"@id":"https:\/\/www.redacteur.com\/blog\/#website"},"primaryImageOfPage":{"@id":"https:\/\/www.redacteur.com\/blog\/rediger-biographie-professionnelle\/#primaryimage"},"image":{"@id":"https:\/\/www.redacteur.com\/blog\/rediger-biographie-professionnelle\/#primaryimage"},"thumbnailUrl":"https:\/\/www.redacteur.com\/blog\/wp-content\/uploads\/sites\/6\/2024\/11\/rediger-biographie-professionnelle.png","datePublished":"2025-08-07T12:58:00+00:00","description":"La biographie professionnelle est comme un CV acc\u00e9l\u00e9r\u00e9. D\u00e9couvrez comment vous vendre en quelques lignes pour s\u00e9duire les internautes.","breadcrumb":{"@id":"https:\/\/www.redacteur.com\/blog\/rediger-biographie-professionnelle\/#breadcrumb"},"inLanguage":"fr-FR","potentialAction":[{"@type":"ReadAction","target":["https:\/\/www.redacteur.com\/blog\/rediger-biographie-professionnelle\/"]}]},{"@type":"ImageObject","inLanguage":"fr-FR","@id":"https:\/\/www.redacteur.com\/blog\/rediger-biographie-professionnelle\/#primaryimage","url":"https:\/\/www.redacteur.com\/blog\/wp-content\/uploads\/sites\/6\/2024\/11\/rediger-biographie-professionnelle.png","contentUrl":"https:\/\/www.redacteur.com\/blog\/wp-content\/uploads\/sites\/6\/2024\/11\/rediger-biographie-professionnelle.png","width":1200,"height":675,"caption":"r\u00e9diger une biographie professionnelle"},{"@type":"BreadcrumbList","@id":"https:\/\/www.redacteur.com\/blog\/rediger-biographie-professionnelle\/#breadcrumb","itemListElement":[{"@type":"ListItem","position":1,"name":"Blog","item":"https:\/\/www.redacteur.com\/blog\/"},{"@type":"ListItem","position":2,"name":"Content marketing","item":"https:\/\/www.redacteur.com\/blog\/contenu-web\/"},{"@type":"ListItem","position":3,"name":"Comment r\u00e9diger une biographie professionnelle&nbsp;?"}]},{"@type":"WebSite","@id":"https:\/\/www.redacteur.com\/blog\/#website","url":"https:\/\/www.redacteur.com\/blog\/","name":"Redacteur.com","description":"redacteur","publisher":{"@id":"https:\/\/www.redacteur.com\/blog\/#organization"},"potentialAction":[{"@type":"SearchAction","target":{"@type":"EntryPoint","urlTemplate":"https:\/\/www.redacteur.com\/blog\/?s={search_term_string}"},"query-input":{"@type":"PropertyValueSpecification","valueRequired":true,"valueName":"search_term_string"}}],"inLanguage":"fr-FR"},{"@type":"Organization","@id":"https:\/\/www.redacteur.com\/blog\/#organization","name":"Redacteur.com","url":"https:\/\/www.redacteur.com\/blog\/","logo":{"@type":"ImageObject","inLanguage":"fr-FR","@id":"https:\/\/www.redacteur.com\/blog\/#\/schema\/logo\/image\/","url":"https:\/\/www.redacteur.com\/blog\/wp-content\/uploads\/sites\/6\/2022\/10\/logo-redacteur-blog.svg","contentUrl":"https:\/\/www.redacteur.com\/blog\/wp-content\/uploads\/sites\/6\/2022\/10\/logo-redacteur-blog.svg","width":1,"height":1,"caption":"Redacteur.com"},"image":{"@id":"https:\/\/www.redacteur.com\/blog\/#\/schema\/logo\/image\/"},"sameAs":["https:\/\/www.facebook.com\/redacteurcom","https:\/\/x.com\/Redacteurcom","https:\/\/www.linkedin.com\/company\/redacteur-com","https:\/\/www.youtube.com\/channel\/UCgj9ySM9xy3gdL8qBafl9Uw\/"]},{"@type":"Person","@id":"https:\/\/www.redacteur.com\/blog\/#\/schema\/person\/33c0ef04707fbe50a096f282050bb5f2","name":"Laura Michaud","image":{"@type":"ImageObject","inLanguage":"fr-FR","@id":"https:\/\/www.redacteur.com\/blog\/#\/schema\/person\/image\/","url":"https:\/\/secure.gravatar.com\/avatar\/c3328cc0c887f98cec6b2979af3311ab6333fc7cc2d4847514cfec6a56fa08a7?s=96&d=mm&r=g","contentUrl":"https:\/\/secure.gravatar.com\/avatar\/c3328cc0c887f98cec6b2979af3311ab6333fc7cc2d4847514cfec6a56fa08a7?s=96&d=mm&r=g","caption":"Laura Michaud"},"description":"Laura connait tous les meilleurs outils pour g\u00e9rer des projets et une entreprise. Cr\u00e9ative, c'est aussi une sp\u00e9cialiste des outils de cr\u00e9ation graphique pour faire briller une entreprise.","sameAs":["https:\/\/www.linkedin.com\/in\/michaudlaura\/"],"url":"https:\/\/www.redacteur.com\/blog\/author\/laura\/"}]}},"_links":{"self":[{"href":"https:\/\/www.redacteur.com\/blog\/wp-json\/wp\/v2\/posts\/14656","targetHints":{"allow":["GET"]}}],"collection":[{"href":"https:\/\/www.redacteur.com\/blog\/wp-json\/wp\/v2\/posts"}],"about":[{"href":"https:\/\/www.redacteur.com\/blog\/wp-json\/wp\/v2\/types\/post"}],"author":[{"embeddable":true,"href":"https:\/\/www.redacteur.com\/blog\/wp-json\/wp\/v2\/users\/1"}],"replies":[{"embeddable":true,"href":"https:\/\/www.redacteur.com\/blog\/wp-json\/wp\/v2\/comments?post=14656"}],"version-history":[{"count":0,"href":"https:\/\/www.redacteur.com\/blog\/wp-json\/wp\/v2\/posts\/14656\/revisions"}],"wp:featuredmedia":[{"embeddable":true,"href":"https:\/\/www.redacteur.com\/blog\/wp-json\/wp\/v2\/media\/41496"}],"wp:attachment":[{"href":"https:\/\/www.redacteur.com\/blog\/wp-json\/wp\/v2\/media?parent=14656"}],"wp:term":[{"taxonomy":"category","embeddable":true,"href":"https:\/\/www.redacteur.com\/blog\/wp-json\/wp\/v2\/categories?post=14656"},{"taxonomy":"post_tag","embeddable":true,"href":"https:\/\/www.redacteur.com\/blog\/wp-json\/wp\/v2\/tags?post=14656"}],"curies":[{"name":"wp","href":"https:\/\/api.w.org\/{rel}","templated":true}]}}