{"id":14985,"date":"2023-06-16T10:30:00","date_gmt":"2023-06-16T08:30:00","guid":{"rendered":"https:\/\/www.redacteur.com\/blog\/?p=14985"},"modified":"2023-06-16T10:30:00","modified_gmt":"2023-06-16T08:30:00","slug":"strategie-contenu-integrer-visuels","status":"publish","type":"post","link":"https:\/\/www.redacteur.com\/blog\/strategie-contenu-integrer-visuels\/","title":{"rendered":"Strat\u00e9gie de contenu visuel\u00a0: exploitez vos images"},"content":{"rendered":"<p>Un bon contenu est compos\u00e9 d&#8217;un texte et d&#8217;un ou de plusieurs visuels. Le moteur de recherche Google est tr\u00e8s attentif \u00e0 l&#8217;exp\u00e9rience utilisateur, ou <a href=\"https:\/\/www.redacteur.com\/blog\/redaction-web-secrets-ecriture-ux\/\" target=\"_blank\" rel=\"noopener noreferrer\">UX pour les professionnels<\/a>.<\/p>\n<p>Plus attractifs, les articles, posts ou tweets avec visuels marquent plus les esprits que du contenu textuel seul. C&#8217;est pour cette raison qu&#8217;aujourd&#8217;hui, il est essentiel de porter une attention particuli\u00e8re \u00e0 la valorisation de vos visuels. Ces derniers peuvent impacter positivement, mais aussi n\u00e9gativement votre r\u00e9f\u00e9rencement.<\/p>\n<p>Voyons ensemble quel type de visuels utiliser pour <a href=\"https:\/\/www.redacteur.com\/blog\/integrer-twitter-strategie-contenu\/\">diff\u00e9rencier vos contenus<\/a> de ceux de vos concurrents et ainsi profiter d\u2019une meilleure visibilit\u00e9.<\/p>\n<h2>Pourquoi int\u00e9grer des visuels dans vos contenus&nbsp;?<\/h2>\n<p>Voici quelques raisons pour vous expliquer l&#8217;importance de proposer des visuels attractifs avec votre strat\u00e9gie de contenu&nbsp;:<\/p>\n<ul>\n<li>Saviez-vous qu&#8217;un contenu avec un visuel obtient <strong>94% de vues<\/strong> en plus qu&#8217;un texte seul&nbsp;?<\/li>\n<li>Saviez-vous qu&#8217;un tweet avec une image obtient un taux de retweet de <strong>150% sup\u00e9rieur<\/strong> \u00e0 un tweet sans image&nbsp;?<\/li>\n<li>Saviez-vous que <strong>65% des humains<\/strong> sont visuels et retiennent mieux un message s&#8217;il est accompagn\u00e9 d&#8217;une image&nbsp;?<\/li>\n<li>Saviez-vous que ces cinq derni\u00e8res ann\u00e9es, les recherches sur Google portant sur les sites de cr\u00e9ation d&#8217;infographies ont explos\u00e9&nbsp;?<\/li>\n<\/ul>\n<p><img decoding=\"async\" class=\"aligncenter wp-image-14987 size-full\" src=\"https:\/\/www.redacteur.com\/blog\/wp-content\/uploads\/sites\/6\/2019\/03\/chiffre-visuel-contenu.png\" alt=\"Chiffre recherche Canva Google Trends\" width=\"700\" height=\"283\" srcset=\"https:\/\/www.redacteur.com\/blog\/wp-content\/uploads\/sites\/6\/2019\/03\/chiffre-visuel-contenu.png 700w, https:\/\/www.redacteur.com\/blog\/wp-content\/uploads\/sites\/6\/2019\/03\/chiffre-visuel-contenu-300x121.png 300w, https:\/\/www.redacteur.com\/blog\/wp-content\/uploads\/sites\/6\/2019\/03\/chiffre-visuel-contenu-60x24.png 60w, https:\/\/www.redacteur.com\/blog\/wp-content\/uploads\/sites\/6\/2019\/03\/chiffre-visuel-contenu-370x150.png 370w, https:\/\/www.redacteur.com\/blog\/wp-content\/uploads\/sites\/6\/2019\/03\/chiffre-visuel-contenu-270x109.png 270w, https:\/\/www.redacteur.com\/blog\/wp-content\/uploads\/sites\/6\/2019\/03\/chiffre-visuel-contenu-570x230.png 570w\" sizes=\"(max-width: 700px) 100vw, 700px\" \/><\/p>\n<p>\u00c0 eux seuls, ces chiffres d\u00e9montrent que l&#8217;image est non seulement au service du texte, mais qu&#8217;elle apporte \u00e9galement une valeur ajout\u00e9e.<\/p>\n<p>Int\u00e9grer un ou plusieurs visuels dans un contenu \u00e9crit permet de <a href=\"https:\/\/www.redacteur.com\/blog\/guide-image-article-blog\/\" target=\"_blank\" rel=\"noopener noreferrer\">dynamiser une page web<\/a>, d&#8217;expliquer succinctement le texte ou encore de cr\u00e9er du lien avec les lecteurs au travers de photos, de vid\u00e9os ou de Gifs bien choisis.<\/p>\n<blockquote><p>\u00c0 lire aussi&nbsp;: <a href=\"https:\/\/www.redacteur.com\/blog\/pourquoi-integrer-medias-contenus\/\" target=\"_blank\" rel=\"noopener noreferrer\">6 raisons d\u2019int\u00e9grer des m\u00e9dias dans vos contenus<\/a><\/p><\/blockquote>\n<h2>Les 5 visuels \u00e0 int\u00e9grer dans vos contenus<\/h2>\n<p>Pour dynamiser vos articles et vos diff\u00e9rentes publications, vous pouvez choisir entre diff\u00e9rents types de visuels&nbsp;:<\/p>\n<h4>1. La photo<\/h4>\n<p>On la retrouve souvent pour <a href=\"https:\/\/www.redacteur.com\/blog\/guide-image-article-blog\/\">illustrer un article de blog<\/a>, un post Facebook ou un tweet.<\/p>\n<p>Attention toutefois \u00e0 utiliser des <a href=\"https:\/\/www.codeur.com\/blog\/5-sites-trouver-photos-gratuites\/?utm_source=linking-article&amp;utm_medium=visuel-contenu&amp;utm_campaign=BlogRedacteur\" target=\"_blank\" rel=\"noopener noreferrer\">photos libres de droits<\/a>. Plusieurs banques de photos <a href=\"https:\/\/www.redacteur.com\/blog\/sites-photos-libres-droits\/\">libres de droits<\/a> sont \u00e0 votre disposition&nbsp;: Pixabay, Flickr, BigFoto, MMT\u2026<\/p>\n<h4>2. Les captures d&#8217;\u00e9cran<\/h4>\n<p>Les captures d&#8217;\u00e9cran permettent de concr\u00e9tiser des explications. Elles peuvent \u00eatre d&#8217;une grande aide lors d&#8217;explications sur l&#8217;utilisation d&#8217;un logiciel par exemple.<\/p>\n<p>Ici, le cas de l&#8217;utilisation d&#8217;un outil d&#8217;aide \u00e0 la r\u00e9daction SEO&nbsp;: YourTextGuru.<\/p>\n<p><img decoding=\"async\" class=\"aligncenter wp-image-14988 size-full\" src=\"https:\/\/www.redacteur.com\/blog\/wp-content\/uploads\/sites\/6\/2019\/03\/capture-ecran-contenu.png\" alt=\"Capture d'\u00e9cran contenu\" width=\"700\" height=\"323\" srcset=\"https:\/\/www.redacteur.com\/blog\/wp-content\/uploads\/sites\/6\/2019\/03\/capture-ecran-contenu.png 700w, https:\/\/www.redacteur.com\/blog\/wp-content\/uploads\/sites\/6\/2019\/03\/capture-ecran-contenu-300x138.png 300w, https:\/\/www.redacteur.com\/blog\/wp-content\/uploads\/sites\/6\/2019\/03\/capture-ecran-contenu-60x28.png 60w, https:\/\/www.redacteur.com\/blog\/wp-content\/uploads\/sites\/6\/2019\/03\/capture-ecran-contenu-370x171.png 370w, https:\/\/www.redacteur.com\/blog\/wp-content\/uploads\/sites\/6\/2019\/03\/capture-ecran-contenu-270x125.png 270w, https:\/\/www.redacteur.com\/blog\/wp-content\/uploads\/sites\/6\/2019\/03\/capture-ecran-contenu-570x263.png 570w\" sizes=\"(max-width: 700px) 100vw, 700px\" \/><\/p>\n<h4>3. L&#8217;infographie<\/h4>\n<p>L&#8217;infographie a l&#8217;avantage de r\u00e9sumer en une seule vue les \u00e9l\u00e9ments cl\u00e9s d&#8217;un article. Elle peut notamment servir pour mettre en forme un article long et peu attrayant, comme nous le propose <a href=\"https:\/\/venngage.com\/blog\/graphic-design-trends \/?source=redacteur-com-blog&amp;utm_source=redacteur-com-blog\" target=\"_blank\" rel=\"nofollow noopener noreferrer\"> Venngage<\/a>.<\/p>\n<p><img decoding=\"async\" class=\"aligncenter wp-image-37497 size-full\" src=\"https:\/\/www.redacteur.com\/blog\/wp-content\/uploads\/sites\/6\/2022\/01\/tendances-graphiques-2023-e1686140128555.png\" alt=\"\" width=\"816\" height=\"1710\" srcset=\"https:\/\/www.redacteur.com\/blog\/wp-content\/uploads\/sites\/6\/2022\/01\/tendances-graphiques-2023-e1686140128555.png 816w, https:\/\/www.redacteur.com\/blog\/wp-content\/uploads\/sites\/6\/2022\/01\/tendances-graphiques-2023-e1686140128555-143x300.png 143w, https:\/\/www.redacteur.com\/blog\/wp-content\/uploads\/sites\/6\/2022\/01\/tendances-graphiques-2023-e1686140128555-489x1024.png 489w, https:\/\/www.redacteur.com\/blog\/wp-content\/uploads\/sites\/6\/2022\/01\/tendances-graphiques-2023-e1686140128555-768x1609.png 768w, https:\/\/www.redacteur.com\/blog\/wp-content\/uploads\/sites\/6\/2022\/01\/tendances-graphiques-2023-e1686140128555-733x1536.png 733w, https:\/\/www.redacteur.com\/blog\/wp-content\/uploads\/sites\/6\/2022\/01\/tendances-graphiques-2023-e1686140128555-29x60.png 29w, https:\/\/www.redacteur.com\/blog\/wp-content\/uploads\/sites\/6\/2022\/01\/tendances-graphiques-2023-e1686140128555-370x775.png 370w, https:\/\/www.redacteur.com\/blog\/wp-content\/uploads\/sites\/6\/2022\/01\/tendances-graphiques-2023-e1686140128555-270x566.png 270w, https:\/\/www.redacteur.com\/blog\/wp-content\/uploads\/sites\/6\/2022\/01\/tendances-graphiques-2023-e1686140128555-570x1194.png 570w, https:\/\/www.redacteur.com\/blog\/wp-content\/uploads\/sites\/6\/2022\/01\/tendances-graphiques-2023-e1686140128555-740x1551.png 740w\" sizes=\"(max-width: 816px) 100vw, 816px\" \/><\/p>\n<p>Elle se partage tr\u00e8s bien sur les r\u00e9seaux sociaux et a toute sa place sur Pinterest ou Instagram. Des sites comme Canva vous proposent des templates gratuits pour r\u00e9aliser facilement vos infographies.<\/p>\n<blockquote><p>Pour aller plus loin&nbsp;: <a href=\"https:\/\/www.redacteur.com\/blog\/optimiser-infographie-seo\/\" target=\"_blank\" rel=\"noopener noreferrer\">Comment optimiser votre infographie pour le SEO&nbsp;? (Infographie)<\/a><\/p><\/blockquote>\n<h4>4. Les photos de tuto<\/h4>\n<p><img decoding=\"async\" class=\"wp-image-37498 size-full aligncenter\" src=\"https:\/\/www.redacteur.com\/blog\/wp-content\/uploads\/sites\/6\/2022\/01\/Capture-decran-2023-06-07-a-14.18.26.png\" alt=\"\" width=\"2118\" height=\"1514\" srcset=\"https:\/\/www.redacteur.com\/blog\/wp-content\/uploads\/sites\/6\/2022\/01\/Capture-decran-2023-06-07-a-14.18.26.png 2118w, https:\/\/www.redacteur.com\/blog\/wp-content\/uploads\/sites\/6\/2022\/01\/Capture-decran-2023-06-07-a-14.18.26-300x214.png 300w, https:\/\/www.redacteur.com\/blog\/wp-content\/uploads\/sites\/6\/2022\/01\/Capture-decran-2023-06-07-a-14.18.26-1024x732.png 1024w, https:\/\/www.redacteur.com\/blog\/wp-content\/uploads\/sites\/6\/2022\/01\/Capture-decran-2023-06-07-a-14.18.26-768x549.png 768w, https:\/\/www.redacteur.com\/blog\/wp-content\/uploads\/sites\/6\/2022\/01\/Capture-decran-2023-06-07-a-14.18.26-1536x1098.png 1536w, https:\/\/www.redacteur.com\/blog\/wp-content\/uploads\/sites\/6\/2022\/01\/Capture-decran-2023-06-07-a-14.18.26-2048x1464.png 2048w, https:\/\/www.redacteur.com\/blog\/wp-content\/uploads\/sites\/6\/2022\/01\/Capture-decran-2023-06-07-a-14.18.26-60x43.png 60w, https:\/\/www.redacteur.com\/blog\/wp-content\/uploads\/sites\/6\/2022\/01\/Capture-decran-2023-06-07-a-14.18.26-370x264.png 370w, https:\/\/www.redacteur.com\/blog\/wp-content\/uploads\/sites\/6\/2022\/01\/Capture-decran-2023-06-07-a-14.18.26-270x193.png 270w, https:\/\/www.redacteur.com\/blog\/wp-content\/uploads\/sites\/6\/2022\/01\/Capture-decran-2023-06-07-a-14.18.26-570x407.png 570w, https:\/\/www.redacteur.com\/blog\/wp-content\/uploads\/sites\/6\/2022\/01\/Capture-decran-2023-06-07-a-14.18.26-740x529.png 740w\" sizes=\"(max-width: 2118px) 100vw, 2118px\" \/><\/p>\n<p>Id\u00e9ales pour illustrer un tutoriel, les photos sont un support \u00e0 l&#8217;explication textuelle. On les retrouve beaucoup sur les sites de DIY (Do It Yourself), de jardinage\u2026<\/p>\n<h4>5. La BD<\/h4>\n<p>Elle apporte un c\u00f4t\u00e9 ludique tr\u00e8s appr\u00e9ci\u00e9 des lecteurs.<\/p>\n<p>Ici, vous d\u00e9couvrez l&#8217;image d&#8217;introduction \u00e0 la BD sur la RSE cr\u00e9\u00e9e par la soci\u00e9t\u00e9, Cabinet de conseil en transformation organisationnelle et qualit\u00e9 de vie au travail. Au travers de son histoire et de ses images, la BD facilite la compr\u00e9hension des lecteurs de blogs d&#8217;entreprise.<\/p>\n<p><img decoding=\"async\" class=\"aligncenter wp-image-14990 size-full\" src=\"https:\/\/www.redacteur.com\/blog\/wp-content\/uploads\/sites\/6\/2019\/03\/bd-contenu-visuel.png\" alt=\"BD contenu visuel\" width=\"700\" height=\"403\" srcset=\"https:\/\/www.redacteur.com\/blog\/wp-content\/uploads\/sites\/6\/2019\/03\/bd-contenu-visuel.png 700w, https:\/\/www.redacteur.com\/blog\/wp-content\/uploads\/sites\/6\/2019\/03\/bd-contenu-visuel-300x173.png 300w, https:\/\/www.redacteur.com\/blog\/wp-content\/uploads\/sites\/6\/2019\/03\/bd-contenu-visuel-60x35.png 60w, https:\/\/www.redacteur.com\/blog\/wp-content\/uploads\/sites\/6\/2019\/03\/bd-contenu-visuel-370x213.png 370w, https:\/\/www.redacteur.com\/blog\/wp-content\/uploads\/sites\/6\/2019\/03\/bd-contenu-visuel-270x155.png 270w, https:\/\/www.redacteur.com\/blog\/wp-content\/uploads\/sites\/6\/2019\/03\/bd-contenu-visuel-570x328.png 570w\" sizes=\"(max-width: 700px) 100vw, 700px\" \/><\/p>\n<blockquote><p>Sur les r\u00e9seaux sociaux, vous pouvez utiliser diff\u00e9rentes photos pour un m\u00eame contenu. Cela vous permettra de partager un post plusieurs fois sans que vos followers aient l&#8217;impression de voir toujours les m\u00eames publications.<\/p><\/blockquote>\n<h2>L\u2019importance de l\u2019exp\u00e9rience utilisateur pour les moteurs de recherche<\/h2>\n<p>Les moteurs de recherche ont tous leurs propres r\u00e8gles de r\u00e9f\u00e9rencement. Pour s\u00e9duire un maximum d\u2019internautes et surtout pour les fid\u00e9liser, ils portent une attention particuli\u00e8re \u00e0 l\u2019exp\u00e9rience utilisateur aussi appel\u00e9e User experience (ou UX).<\/p>\n<p>Depuis plusieurs ann\u00e9es d\u00e9j\u00e0, nous sommes attentifs \u00e0 la notion de SEO, mais aujourd\u2019hui, nous entendons parler de SXO, Search eXperience Optimization, qui met l\u2019accent sur l\u2019exp\u00e9rience utilisateur en am\u00e9liorant la visibilit\u00e9 des sites responsives, mobile friendly ou encore des pages qui offriraient une plus-value comme des visuels de qualit\u00e9.<\/p>\n<p><img decoding=\"async\" class=\"aligncenter wp-image-23620 size-full\" src=\"https:\/\/www.redacteur.com\/blog\/wp-content\/uploads\/sites\/6\/2020\/10\/seo-image-visuel.jpg\" alt=\"Balisez vos visuels pour les rendre net pour Google\" width=\"626\" height=\"417\" srcset=\"https:\/\/www.redacteur.com\/blog\/wp-content\/uploads\/sites\/6\/2020\/10\/seo-image-visuel.jpg 626w, https:\/\/www.redacteur.com\/blog\/wp-content\/uploads\/sites\/6\/2020\/10\/seo-image-visuel-300x200.jpg 300w, https:\/\/www.redacteur.com\/blog\/wp-content\/uploads\/sites\/6\/2020\/10\/seo-image-visuel-60x40.jpg 60w, https:\/\/www.redacteur.com\/blog\/wp-content\/uploads\/sites\/6\/2020\/10\/seo-image-visuel-370x246.jpg 370w, https:\/\/www.redacteur.com\/blog\/wp-content\/uploads\/sites\/6\/2020\/10\/seo-image-visuel-270x180.jpg 270w, https:\/\/www.redacteur.com\/blog\/wp-content\/uploads\/sites\/6\/2020\/10\/seo-image-visuel-570x380.jpg 570w\" sizes=\"(max-width: 626px) 100vw, 626px\" \/><\/p>\n<p>La <a href=\"https:\/\/www.redacteur.com\/blog\/referencer-image-sur-google\/\">recherche d\u2019images<\/a> est elle aussi tr\u00e8s importante puisqu\u2019elle repr\u00e9sente, pour Google, une requ\u00eate sur 5. Les applications et les am\u00e9liorations se multiplient pour valoriser les images comme le <a href=\"https:\/\/www.redacteur.com\/blog\/swipe-to-visit-boost-seo-ux\/\" target=\"_blank\" rel=\"noopener noreferrer\">Swipe to Visit<\/a> que nous vous pr\u00e9sentions il y a quelques semaines.<\/p>\n<p>Vous l\u2019aurez compris, travailler sur le r\u00e9f\u00e9rencement des visuels est devenu indispensable&nbsp;! Pour y parvenir, il faut compl\u00e9ter tous les champs \u00e0 votre disposition dont les textes alternatifs (ou balise alt) et le nom de vos visuels.<\/p>\n<blockquote><p>\u00c0 lire aussi&nbsp;: <a href=\"https:\/\/www.redacteur.com\/blog\/guide-image-article-blog\/\" target=\"_blank\" rel=\"noopener noreferrer\">Blog&nbsp;: 10 bonnes pratiques pour utiliser des images dans vos articles<\/a><\/p><\/blockquote>\n<h2><strong>R\u00e9f\u00e9rencement des visuels&nbsp;: le balisage optimal selon Google<\/strong><\/h2>\n<figure id=\"attachment_37499\" aria-describedby=\"caption-attachment-37499\" style=\"width: 1010px\" class=\"wp-caption aligncenter\"><img decoding=\"async\" class=\"wp-image-37499 size-full\" src=\"https:\/\/www.redacteur.com\/blog\/wp-content\/uploads\/sites\/6\/2022\/01\/optimiser-le-rederencement-de-vos-images-chart-e1686140660260.png\" alt=\"\" width=\"1010\" height=\"749\" srcset=\"https:\/\/www.redacteur.com\/blog\/wp-content\/uploads\/sites\/6\/2022\/01\/optimiser-le-rederencement-de-vos-images-chart-e1686140660260.png 1010w, https:\/\/www.redacteur.com\/blog\/wp-content\/uploads\/sites\/6\/2022\/01\/optimiser-le-rederencement-de-vos-images-chart-e1686140660260-300x222.png 300w, https:\/\/www.redacteur.com\/blog\/wp-content\/uploads\/sites\/6\/2022\/01\/optimiser-le-rederencement-de-vos-images-chart-e1686140660260-768x570.png 768w, https:\/\/www.redacteur.com\/blog\/wp-content\/uploads\/sites\/6\/2022\/01\/optimiser-le-rederencement-de-vos-images-chart-e1686140660260-60x44.png 60w, https:\/\/www.redacteur.com\/blog\/wp-content\/uploads\/sites\/6\/2022\/01\/optimiser-le-rederencement-de-vos-images-chart-e1686140660260-370x274.png 370w, https:\/\/www.redacteur.com\/blog\/wp-content\/uploads\/sites\/6\/2022\/01\/optimiser-le-rederencement-de-vos-images-chart-e1686140660260-270x200.png 270w, https:\/\/www.redacteur.com\/blog\/wp-content\/uploads\/sites\/6\/2022\/01\/optimiser-le-rederencement-de-vos-images-chart-e1686140660260-570x423.png 570w, https:\/\/www.redacteur.com\/blog\/wp-content\/uploads\/sites\/6\/2022\/01\/optimiser-le-rederencement-de-vos-images-chart-e1686140660260-740x549.png 740w, https:\/\/www.redacteur.com\/blog\/wp-content\/uploads\/sites\/6\/2022\/01\/optimiser-le-rederencement-de-vos-images-chart-e1686140660260-80x60.png 80w\" sizes=\"(max-width: 1010px) 100vw, 1010px\" \/><figcaption id=\"caption-attachment-37499\" class=\"wp-caption-text\">Source&nbsp;: Semrush<\/figcaption><\/figure>\n<h3>1. Bien nommer le fichier<\/h3>\n<p>Bien nommer le fichier de votre image est d\u00e9j\u00e0 un tr\u00e8s bon d\u00e9part. Il faut savoir que ce nom donne des indications importantes sur le contenu du visuel. Il doit se composer de mots-cl\u00e9s pr\u00e9alablement s\u00e9lectionn\u00e9s.<\/p>\n<p>Choisissez-en 3 ou 4 et privil\u00e9giez ceux qui ont un rapport direct avec l\u2019image et id\u00e9alement avec le contenu qu\u2019elle accompagne. Le nom de la photo n\u2019est pas le titre&nbsp;! Il ne doit contenir ni <a href=\"https:\/\/www.redacteur.com\/blog\/regles-utiliser-majuscule\/\">majuscule<\/a> ni caract\u00e8res sp\u00e9ciaux. Chacun <a href=\"https:\/\/www.redacteur.com\/blog\/optimiser-mauvais-mot-cle\/\" target=\"_blank\" rel=\"noopener noreferrer\">des mots-cl\u00e9s<\/a> doit \u00eatre s\u00e9par\u00e9 des autres gr\u00e2ce \u00e0 un tiret.<\/p>\n<p>Voici un exemple&nbsp;: <em>fruits-smoothie-detox<\/em><\/p>\n<h3>2. R\u00e9diger les textes alternatifs<\/h3>\n<p>Une fois que vous aurez nomm\u00e9 votre visuel, avec les mots-cl\u00e9s principaux, il vous faudra r\u00e9diger un texte alternatif. Celui-ci est aussi appel\u00e9 balise alt. Il permet d\u2019expliquer \u00e0 Google le contenu du visuel, mais aussi la fonction. Une photo ne joue pas le m\u00eame r\u00f4le qu\u2019un sch\u00e9ma ou qu\u2019une infographie&nbsp;!<\/p>\n<p><img decoding=\"async\" class=\"aligncenter size-full wp-image-14840\" src=\"https:\/\/www.redacteur.com\/blog\/wp-content\/uploads\/sites\/6\/2019\/02\/balise-alt-image.jpg\" alt=\"\" width=\"800\" height=\"453\" srcset=\"https:\/\/www.redacteur.com\/blog\/wp-content\/uploads\/sites\/6\/2019\/02\/balise-alt-image.jpg 800w, https:\/\/www.redacteur.com\/blog\/wp-content\/uploads\/sites\/6\/2019\/02\/balise-alt-image-300x170.jpg 300w, https:\/\/www.redacteur.com\/blog\/wp-content\/uploads\/sites\/6\/2019\/02\/balise-alt-image-768x435.jpg 768w, https:\/\/www.redacteur.com\/blog\/wp-content\/uploads\/sites\/6\/2019\/02\/balise-alt-image-60x34.jpg 60w, https:\/\/www.redacteur.com\/blog\/wp-content\/uploads\/sites\/6\/2019\/02\/balise-alt-image-370x210.jpg 370w, https:\/\/www.redacteur.com\/blog\/wp-content\/uploads\/sites\/6\/2019\/02\/balise-alt-image-270x153.jpg 270w, https:\/\/www.redacteur.com\/blog\/wp-content\/uploads\/sites\/6\/2019\/02\/balise-alt-image-570x323.jpg 570w, https:\/\/www.redacteur.com\/blog\/wp-content\/uploads\/sites\/6\/2019\/02\/balise-alt-image-740x419.jpg 740w\" sizes=\"(max-width: 800px) 100vw, 800px\" \/><\/p>\n<p>La balise alt se compose d\u2019une phrase, tout simplement. Celle-ci doit \u00eatre courte et contenir des mots-cl\u00e9s. Parce que vous avez d\u00e9j\u00e0 utilis\u00e9 les mots-cl\u00e9s principaux dans le titre, vous pouvez maintenant miser sur les mots-cl\u00e9s de longue tra\u00eene. Cette d\u00e9marche est b\u00e9n\u00e9fique pour am\u00e9liorer le r\u00e9f\u00e9rencement et donc la visibilit\u00e9 de vos contenus.<\/p>\n<p>Les textes alternatifs jouent \u00e9galement un autre r\u00f4le. Si le t\u00e9l\u00e9chargement de la page est ralenti, le texte alternatif sera affich\u00e9.<\/p>\n<p>Voici un exemple&nbsp;: <em>selection-recettes-detox-minceur-smoothies-fruits<\/em><\/p>\n<blockquote><p>Si votre visuel comprend un texte, vous pouvez l\u2019utiliser comme texte alternatif. Si vous faites ce choix, il est important de ne pas utiliser \u00e0 nouveau ce texte dans vos contenus.<\/p><\/blockquote>\n<blockquote><p>\u00c0 lire aussi&nbsp;: <a href=\"https:\/\/www.redacteur.com\/blog\/seo-balise-alt-images\/\">SEO&nbsp;: 6 r\u00e8gles \u00e0 respecter pour la balise Alt de vos images<\/a><\/p><\/blockquote>\n<h3>3. Ajouter une l\u00e9gende<\/h3>\n<p>En plus de nommer le fichier et de r\u00e9diger un texte alternatif, vous devez ajouter une l\u00e9gende \u00e0 chaque visuel. Cette balise est tout aussi importante que les autres puisqu\u2019elle valorise vos illustrations.<\/p>\n<p>Elle permet \u00e0 Google d\u2019avoir les informations les plus pertinentes pour r\u00e9f\u00e9rencer vos contenus mais aussi de proposer les meilleurs r\u00e9sultats aux internautes.<\/p>\n<p>Voici un exemple&nbsp;: <em>Detox minceur&nbsp;: S\u00e9lection de recettes de smoothies aux fruits<\/em><\/p>\n<h3>4. Bien choisir le titre<\/h3>\n<p>Donner le bon titre \u00e0 un visuel est essentiel car si un internaute souhaite retrouver la photo, ou s\u2019il choisit de la t\u00e9l\u00e9charger, c\u2019est ce titre ou attribut Title qui appara\u00eetra. Il sera \u00e9galement indiqu\u00e9 si l\u2019utilisateur place le curseur de la souris sur le visuel.<\/p>\n<p><img decoding=\"async\" class=\"wp-image-23617 size-full aligncenter\" src=\"https:\/\/www.redacteur.com\/blog\/wp-content\/uploads\/sites\/6\/2020\/10\/illustration-business-illustration-with-seo-optimization-composition_89615-39.jpg\" alt=\"image seo r\u00e9f\u00e9rencement naturel web visuel\" width=\"535\" height=\"488\" srcset=\"https:\/\/www.redacteur.com\/blog\/wp-content\/uploads\/sites\/6\/2020\/10\/illustration-business-illustration-with-seo-optimization-composition_89615-39.jpg 535w, https:\/\/www.redacteur.com\/blog\/wp-content\/uploads\/sites\/6\/2020\/10\/illustration-business-illustration-with-seo-optimization-composition_89615-39-300x274.jpg 300w, https:\/\/www.redacteur.com\/blog\/wp-content\/uploads\/sites\/6\/2020\/10\/illustration-business-illustration-with-seo-optimization-composition_89615-39-60x55.jpg 60w, https:\/\/www.redacteur.com\/blog\/wp-content\/uploads\/sites\/6\/2020\/10\/illustration-business-illustration-with-seo-optimization-composition_89615-39-370x337.jpg 370w, https:\/\/www.redacteur.com\/blog\/wp-content\/uploads\/sites\/6\/2020\/10\/illustration-business-illustration-with-seo-optimization-composition_89615-39-270x246.jpg 270w\" sizes=\"(max-width: 535px) 100vw, 535px\" \/><\/p>\n<p>Cette information n\u2019impacte pas directement le r\u00e9f\u00e9rencement. Cependant, elle am\u00e9liore l\u2019exp\u00e9rience utilisateur et donc votre visibilit\u00e9, mais de mani\u00e8re indirecte.<\/p>\n<blockquote><p>\u00c0 lire aussi&nbsp;:&nbsp;<a href=\"https:\/\/www.redacteur.com\/blog\/outils-analyses-seo-gratuits\/\">5 outils gratuits pour analyser votre positionnement SEO<\/a><\/p><\/blockquote>\n<h3>5. Quel format de visuel choisir&nbsp;?<\/h3>\n<p>Choisir le bon format pour les visuels n\u2019est pas facile. Il est important que le t\u00e9l\u00e9chargement des images se fasse rapidement. Si ce n\u2019est pas le cas, le taux de rebond sera important et surtout votre<a href=\"https:\/\/www.redacteur.com\/blog\/bing-seo-optimiser-referencement\/\" target=\"_blank\" rel=\"noopener noreferrer\"> r\u00e9f\u00e9rencement sera p\u00e9nalis\u00e9<\/a> car votre site ne sera pas consid\u00e9r\u00e9 comme responsive.<\/p>\n<p>Parall\u00e8lement, il faut tout de m\u00eame privil\u00e9gier des visuels de qualit\u00e9 ayant un format int\u00e9ressant et adapt\u00e9 \u00e0 la composition de la page. Les formats wepP, <strong>JPEG et PNG sont pr\u00e9conis\u00e9s.<\/strong><\/p>\n<blockquote><p>Choisissez des visuels de qualit\u00e9 et qui mettront en valeur votre site, vos contenus et votre image de marque. Inutile de mettre trop de visuels&nbsp;! Limitez-vous \u00e0 l\u2019essentiel en choisissant ceux qui apportent une plus-value, un compl\u00e9ment d\u2019information ou qui illustrent vos propos.<\/p><\/blockquote>\n<h2>Quelles images dans votre strat\u00e9gie de contenu visuel&nbsp;?<\/h2>\n<p>Les images, quelles qu&#8217;elles soient, sont indispensables dans vos <a href=\"https:\/\/www.redacteur.com\/blog\/integrer-twitter-strategie-contenu\/\">contenus<\/a>. Comme nous l&#8217;avons vu dans un pr\u00e9c\u00e9dent article, elles boostent l&#8217;engagement des lecteurs et ont un impact positif sur le trafic.<\/p>\n<p>Mais encore faut-il que vos visuels soient int\u00e9gr\u00e9s correctement\u2026<\/p>\n<p>En respectant les r\u00e8gles qui suivent, vous serez en mesure d&#8217;utiliser efficacement les images pour tirer profit des <a href=\"https:\/\/www.redacteur.com\/blog\/pourquoi-integrer-medias-contenus\/\" target=\"_blank\" rel=\"noopener noreferrer\">nombreux avantages<\/a> qu&#8217;elles apportent.<\/p>\n<h3>Des images pertinentes et adapt\u00e9es au contenu<\/h3>\n<p>Si vous \u00eates du genre \u00e0 int\u00e9grer des images pour &#8220;d\u00e9corer&#8221; vos contenus, il est temps d&#8217;arr\u00eater cette pratique&nbsp;! Les visuels d\u00e9coratifs sont rarement positifs pour l&#8217;exp\u00e9rience utilisateur&nbsp;: ils sont souvent ignor\u00e9s et vont m\u00eame jusqu&#8217;\u00e0 d\u00e9concentrer les lecteurs.<\/p>\n<p>Par exemple, beaucoup d&#8217;entreprises mettent en avant des images de buildings sur leur site internet. Si l&#8217;id\u00e9e est de renvoyer une image moderne de la soci\u00e9t\u00e9, aucune information pertinente n&#8217;est donn\u00e9e aux visiteurs.<\/p>\n<p>Au lieu d&#8217;ajouter une image parce qu&#8217;elle est belle, pensez toujours au message que vous voulez faire passer et aux \u00e9motions que vous voulez provoquer.<\/p>\n<blockquote><p>\u00c0 lire aussi&nbsp;:&nbsp;<a href=\"https:\/\/www.redacteur.com\/blog\/pinterest-astuces-booster-strategie-marketing\/\">Pinterest&nbsp;: 6 astuces pour booster votre strat\u00e9gie marketing<\/a><\/p><\/blockquote>\n<h3>Des images qui ont du sens<\/h3>\n<p>Il est possible d&#8217;<a href=\"https:\/\/www.redacteur.com\/blog\/guide-image-article-blog\/\">utiliser des images<\/a> abstraites si celles-ci sont pertinentes pour le contenu que vous illustrez. Mais de mani\u00e8re g\u00e9n\u00e9rale, faites en sorte que votre visuel soit compris.<\/p>\n<blockquote><p>Id\u00e9alement, chaque image ne devrait contenir qu&#8217;un objet, ou qu&#8217;une personne, pour capter l&#8217;attention du lecteur.<\/p><\/blockquote>\n<h3>Des images de bonne qualit\u00e9<\/h3>\n<p>La qualit\u00e9&nbsp;: voil\u00e0 le ma\u00eetre-mot d&#8217;un contenu efficace, tant sur le fond que sur la forme.<\/p>\n<p>Si votre visuel doit appara\u00eetre sur un site internet (ou tout autre support web), vous devez faire attention \u00e0 son poids. S&#8217;il est trop lourd, son chargement ralentira la vitesse de votre site et aura un impact n\u00e9gatif sur votre SEO.<\/p>\n<p>En revanche, en r\u00e9duisant le poids de votre image vous devez aussi faire attention \u00e0 sa qualit\u00e9&nbsp;: elle ne doit pas devenir pix\u00e9lis\u00e9e. Vous devez trouver le juste-milieu entre poids et <a href=\"https:\/\/www.redacteur.com\/blog\/guide-image-article-blog\/\">qualit\u00e9 de l&#8217;image<\/a>.<\/p>\n<figure id=\"attachment_16144\" aria-describedby=\"caption-attachment-16144\" style=\"width: 800px\" class=\"wp-caption aligncenter\"><img decoding=\"async\" class=\"wp-image-16144 size-full\" src=\"https:\/\/www.redacteur.com\/blog\/wp-content\/uploads\/sites\/6\/2019\/04\/photo-qualite-site-web.jpg\" alt=\"Image de qualit\u00e9\" width=\"800\" height=\"319\" srcset=\"https:\/\/www.redacteur.com\/blog\/wp-content\/uploads\/sites\/6\/2019\/04\/photo-qualite-site-web.jpg 800w, https:\/\/www.redacteur.com\/blog\/wp-content\/uploads\/sites\/6\/2019\/04\/photo-qualite-site-web-300x120.jpg 300w, https:\/\/www.redacteur.com\/blog\/wp-content\/uploads\/sites\/6\/2019\/04\/photo-qualite-site-web-768x306.jpg 768w, https:\/\/www.redacteur.com\/blog\/wp-content\/uploads\/sites\/6\/2019\/04\/photo-qualite-site-web-60x24.jpg 60w, https:\/\/www.redacteur.com\/blog\/wp-content\/uploads\/sites\/6\/2019\/04\/photo-qualite-site-web-370x148.jpg 370w, https:\/\/www.redacteur.com\/blog\/wp-content\/uploads\/sites\/6\/2019\/04\/photo-qualite-site-web-270x108.jpg 270w, https:\/\/www.redacteur.com\/blog\/wp-content\/uploads\/sites\/6\/2019\/04\/photo-qualite-site-web-570x227.jpg 570w, https:\/\/www.redacteur.com\/blog\/wp-content\/uploads\/sites\/6\/2019\/04\/photo-qualite-site-web-740x295.jpg 740w\" sizes=\"(max-width: 800px) 100vw, 800px\" \/><figcaption id=\"caption-attachment-16144\" class=\"wp-caption-text\">Source&nbsp;: <a href=\"http:\/\/www.alexandretraiteur.com\/presentation\/?source=redacteur-com-blog&amp;utm_source=redacteur-com-blog\" target=\"_blank\" rel=\"nofollow noopener noreferrer\"> Alexandre Traiteur<\/a><\/figcaption><\/figure>\n<p>Si vous redimensionnez votre visuel, faites attention \u00e0 bien garder les m\u00eames proportions. Une photo tout \u00e9tir\u00e9e ne renvoie absolument pas une image professionnelle de votre marque.<\/p>\n<h3>Des images accessibles \u00e0 tous les lecteurs<\/h3>\n<p>Nous avons tendance \u00e0 l&#8217;oublier, mais le contenu peut \u00eatre consult\u00e9 par tout type d&#8217;utilisateurs&nbsp;: des malvoyants, des daltoniens, etc. De ce fait, vos images doivent \u00eatre accessibles et comprises de tous.<\/p>\n<p>La premi\u00e8re chose \u00e0 faire est de tester le contraste de votre visuel, notamment si du texte appara\u00eet par-dessus. Ce dernier doit \u00eatre lu facilement&nbsp;: hors de question que les lecteurs s&#8217;arrachent les yeux.<\/p>\n<p>Le <a href=\"https:\/\/www.w3.org\/TR\/UNDERSTANDING-WCAG20\/visual-audio-contrast-contrast.html\/?source=redacteur-com-blog&amp;utm_source=redacteur-com-blog\" target=\"_blank\" rel=\"nofollow noopener noreferrer\">W3C<\/a>, organisme en charge de d\u00e9velopper les standards \u00e0 respecter pour le web, recommande d&#8217;afficher votre texte dans les tailles suivantes&nbsp;:<\/p>\n<ul>\n<li>18 pts ou plus si aucune mise en forme n&#8217;est pr\u00e9vue<\/li>\n<li>14 pts minimum si le texte est en gras<\/li>\n<\/ul>\n<p>N&#8217;oubliez pas d&#8217;ajouter un texte alternatif \u00e0 votre image en renseignant sa <a href=\"https:\/\/www.redacteur.com\/blog\/10-conseils-pour-rediger-du-contenu-seo\/#referencement-image\" target=\"_blank\" rel=\"noopener noreferrer\">balise Alt<\/a>. Les personnes qui utilisent une synth\u00e8se vocale pour naviguer sur le web doivent pouvoir comprendre l&#8217;image qui est affich\u00e9e.<\/p>\n<h3>Des images &#8220;stock&#8221; dans la limite du raisonnable<\/h3>\n<p>Par manque de temps et de moyens nous sommes nombreux \u00e0 utiliser des <a href=\"https:\/\/www.redacteur.com\/blog\/sites-photos-libres-droits\/\">images libres de droit<\/a> issues de biblioth\u00e8ques en ligne.<\/p>\n<p>Ces images dites &#8220;stocks&#8221; doivent toutefois \u00eatre utilis\u00e9es avec prudence&nbsp;: elles ne sont pas toujours pertinentes et ont tendance \u00e0 d\u00e9shumaniser votre relation avec les lecteurs. Vous remarquerez \u00e9galement qu&#8217;elles sont largement utilis\u00e9es et emp\u00eachent votre entreprise de se d\u00e9marquer de vos concurrents.<\/p>\n<p>D\u00e8s que vous le pouvez, int\u00e9grez de vraies photographies de votre entreprise, de votre \u00e9quipe et de vos produits.<\/p>\n<p>Sinon, pour ajouter de la plus-value \u00e0 une image stock et surprendre vos lecteurs, essayez de la redimensionner et\/ou d&#8217;ajouter un filtre pour lui donner une allure originale et apporter du dynamisme.<\/p>\n<figure id=\"attachment_16145\" aria-describedby=\"caption-attachment-16145\" style=\"width: 800px\" class=\"wp-caption aligncenter\"><img decoding=\"async\" class=\"wp-image-16145 size-full\" src=\"https:\/\/www.redacteur.com\/blog\/wp-content\/uploads\/sites\/6\/2019\/04\/redimensionner-image-stock.jpg\" alt=\"Redimensionner image Stock\" width=\"800\" height=\"360\" srcset=\"https:\/\/www.redacteur.com\/blog\/wp-content\/uploads\/sites\/6\/2019\/04\/redimensionner-image-stock.jpg 800w, https:\/\/www.redacteur.com\/blog\/wp-content\/uploads\/sites\/6\/2019\/04\/redimensionner-image-stock-300x135.jpg 300w, https:\/\/www.redacteur.com\/blog\/wp-content\/uploads\/sites\/6\/2019\/04\/redimensionner-image-stock-768x346.jpg 768w, https:\/\/www.redacteur.com\/blog\/wp-content\/uploads\/sites\/6\/2019\/04\/redimensionner-image-stock-60x27.jpg 60w, https:\/\/www.redacteur.com\/blog\/wp-content\/uploads\/sites\/6\/2019\/04\/redimensionner-image-stock-370x167.jpg 370w, https:\/\/www.redacteur.com\/blog\/wp-content\/uploads\/sites\/6\/2019\/04\/redimensionner-image-stock-270x122.jpg 270w, https:\/\/www.redacteur.com\/blog\/wp-content\/uploads\/sites\/6\/2019\/04\/redimensionner-image-stock-570x257.jpg 570w, https:\/\/www.redacteur.com\/blog\/wp-content\/uploads\/sites\/6\/2019\/04\/redimensionner-image-stock-740x333.jpg 740w\" sizes=\"(max-width: 800px) 100vw, 800px\" \/><figcaption id=\"caption-attachment-16145\" class=\"wp-caption-text\">\u00c0 gauche&nbsp;: image stock de base \/ \u00c0 droite&nbsp;: image stock redimensionn\u00e9e<\/figcaption><\/figure>\n<h3><\/h3>\n<h3>Des images de grande taille<\/h3>\n<p>Apr\u00e8s tous vos efforts pour int\u00e9grer une image pertinente \u00e0 votre contenu, il serait dommage que celle-ci soit difficile \u00e0 comprendre du fait d&#8217;une taille trop petite.<\/p>\n<p>Donnez \u00e0 <a href=\"https:\/\/www.redacteur.com\/blog\/strategie-contenu-integrer-visuels\/\">vos visuels<\/a> la place qu&#8217;ils m\u00e9ritent&nbsp;: les photographies de paysage ou encore les infographies doivent \u00eatre suffisamment larges pour \u00eatre percutantes.<\/p>\n<p>Depuis le d\u00e9but de cet article nous parlons d&#8217;images, mais sachez qu&#8217;il existe diff\u00e9rents types de visuels&nbsp;: des photographies, mais aussi des impressions \u00e9crans, des citations, etc. Faites preuve de cr\u00e9ativit\u00e9 et optez pour la vari\u00e9t\u00e9 des contenus.<\/p>\n<h2>Notre astuce<\/h2>\n<p>Les visuels ont au moins autant d\u2019importance que les contenus r\u00e9dactionnels.<\/p>\n<p>Prenez le temps de bien les choisir et privil\u00e9giez toujours la qualit\u00e9 et l\u2019originalit\u00e9. Si vous avez besoin de contenus optimis\u00e9s, vous pouvez faire appel aux \u00e9quipes de <a href=\"https:\/\/www.redacteur.com\/\" target=\"_blank\" rel=\"noopener noreferrer\">Redacteur.com<\/a>&nbsp;!<\/p>\n","protected":false},"excerpt":{"rendered":"<p>Un bon contenu est compos\u00e9 d&#8217;un texte et d&#8217;un ou de plusieurs visuels. Le moteur de recherche Google est tr\u00e8s attentif \u00e0 l&#8217;exp\u00e9rience utilisateur, ou UX pour les professionnels. Plus attractifs, les articles, posts ou tweets avec visuels marquent plus les esprits que du contenu textuel seul. C&#8217;est pour cette raison qu&#8217;aujourd&#8217;hui, il est essentiel [&hellip;]<\/p>\n","protected":false},"author":1,"featured_media":37505,"comment_status":"open","ping_status":"open","sticky":false,"template":"","format":"standard","meta":{"_acf_changed":false,"inline_featured_image":false,"footnotes":""},"categories":[2],"tags":[],"class_list":["post-14985","post","type-post","status-publish","format-standard","has-post-thumbnail","hentry","category-contenu-web"],"acf":[],"yoast_head":"<!-- This site is optimized with the Yoast SEO plugin v25.9 - https:\/\/yoast.com\/wordpress\/plugins\/seo\/ -->\n<title>Strat\u00e9gie de contenu visuel\u00a0: exploitez vos images - Redacteur Blog<\/title>\n<meta name=\"description\" content=\"Un bon contenu est compos\u00e9 d&#039;un texte et d&#039;un ou de plusieurs visuels. Le moteur de recherche Google est tr\u00e8s attentif \u00e0 l&#039;exp\u00e9rience utilisateur, ou UX\" \/>\n<meta name=\"robots\" content=\"index, follow, max-snippet:-1, max-image-preview:large, max-video-preview:-1\" \/>\n<link rel=\"canonical\" href=\"https:\/\/www.redacteur.com\/blog\/strategie-contenu-integrer-visuels\/\" \/>\n<meta property=\"og:locale\" content=\"fr_FR\" \/>\n<meta property=\"og:type\" content=\"article\" \/>\n<meta property=\"og:title\" content=\"Strat\u00e9gie de contenu visuel\u00a0: exploitez vos images - Redacteur Blog\" \/>\n<meta property=\"og:description\" content=\"Un bon contenu est compos\u00e9 d&#039;un texte et d&#039;un ou de plusieurs visuels. Le moteur de recherche Google est tr\u00e8s attentif \u00e0 l&#039;exp\u00e9rience utilisateur, ou UX\" \/>\n<meta property=\"og:url\" content=\"https:\/\/www.redacteur.com\/blog\/strategie-contenu-integrer-visuels\/\" \/>\n<meta property=\"og:site_name\" content=\"Redacteur.com\" \/>\n<meta property=\"article:publisher\" content=\"https:\/\/www.facebook.com\/redacteurcom\" \/>\n<meta property=\"article:published_time\" content=\"2023-06-16T08:30:00+00:00\" \/>\n<meta property=\"og:image\" content=\"https:\/\/www.redacteur.com\/blog\/wp-content\/uploads\/sites\/6\/2022\/01\/Image-a-la-une-strat-contenu-image-1.png\" \/>\n\t<meta property=\"og:image:width\" content=\"1024\" \/>\n\t<meta property=\"og:image:height\" content=\"618\" \/>\n\t<meta property=\"og:image:type\" content=\"image\/png\" \/>\n<meta name=\"author\" content=\"Laura Michaud\" \/>\n<meta name=\"twitter:card\" content=\"summary_large_image\" \/>\n<meta name=\"twitter:creator\" content=\"@Redacteurcom\" \/>\n<meta name=\"twitter:site\" content=\"@Redacteurcom\" \/>\n<meta name=\"twitter:label1\" content=\"\u00c9crit par\" \/>\n\t<meta name=\"twitter:data1\" content=\"Laura Michaud\" \/>\n\t<meta name=\"twitter:label2\" content=\"Dur\u00e9e de lecture estim\u00e9e\" \/>\n\t<meta name=\"twitter:data2\" content=\"14 minutes\" \/>\n<script type=\"application\/ld+json\" class=\"yoast-schema-graph\">{\"@context\":\"https:\/\/schema.org\",\"@graph\":[{\"@type\":\"Article\",\"@id\":\"https:\/\/www.redacteur.com\/blog\/strategie-contenu-integrer-visuels\/#article\",\"isPartOf\":{\"@id\":\"https:\/\/www.redacteur.com\/blog\/strategie-contenu-integrer-visuels\/\"},\"author\":{\"name\":\"Laura Michaud\",\"@id\":\"https:\/\/www.redacteur.com\/blog\/#\/schema\/person\/33c0ef04707fbe50a096f282050bb5f2\"},\"headline\":\"Strat\u00e9gie de contenu visuel\u00a0: exploitez vos images\",\"datePublished\":\"2023-06-16T08:30:00+00:00\",\"mainEntityOfPage\":{\"@id\":\"https:\/\/www.redacteur.com\/blog\/strategie-contenu-integrer-visuels\/\"},\"wordCount\":2370,\"commentCount\":0,\"publisher\":{\"@id\":\"https:\/\/www.redacteur.com\/blog\/#organization\"},\"image\":{\"@id\":\"https:\/\/www.redacteur.com\/blog\/strategie-contenu-integrer-visuels\/#primaryimage\"},\"thumbnailUrl\":\"https:\/\/www.redacteur.com\/blog\/wp-content\/uploads\/sites\/6\/2022\/01\/Image-a-la-une-strat-contenu-image-1.png\",\"articleSection\":[\"Content marketing\"],\"inLanguage\":\"fr-FR\",\"potentialAction\":[{\"@type\":\"CommentAction\",\"name\":\"Comment\",\"target\":[\"https:\/\/www.redacteur.com\/blog\/strategie-contenu-integrer-visuels\/#respond\"]}]},{\"@type\":\"WebPage\",\"@id\":\"https:\/\/www.redacteur.com\/blog\/strategie-contenu-integrer-visuels\/\",\"url\":\"https:\/\/www.redacteur.com\/blog\/strategie-contenu-integrer-visuels\/\",\"name\":\"Strat\u00e9gie de contenu visuel\u00a0: exploitez vos images - Redacteur Blog\",\"isPartOf\":{\"@id\":\"https:\/\/www.redacteur.com\/blog\/#website\"},\"primaryImageOfPage\":{\"@id\":\"https:\/\/www.redacteur.com\/blog\/strategie-contenu-integrer-visuels\/#primaryimage\"},\"image\":{\"@id\":\"https:\/\/www.redacteur.com\/blog\/strategie-contenu-integrer-visuels\/#primaryimage\"},\"thumbnailUrl\":\"https:\/\/www.redacteur.com\/blog\/wp-content\/uploads\/sites\/6\/2022\/01\/Image-a-la-une-strat-contenu-image-1.png\",\"datePublished\":\"2023-06-16T08:30:00+00:00\",\"description\":\"Un bon contenu est compos\u00e9 d'un texte et d'un ou de plusieurs visuels. Le moteur de recherche Google est tr\u00e8s attentif \u00e0 l'exp\u00e9rience utilisateur, ou UX\",\"breadcrumb\":{\"@id\":\"https:\/\/www.redacteur.com\/blog\/strategie-contenu-integrer-visuels\/#breadcrumb\"},\"inLanguage\":\"fr-FR\",\"potentialAction\":[{\"@type\":\"ReadAction\",\"target\":[\"https:\/\/www.redacteur.com\/blog\/strategie-contenu-integrer-visuels\/\"]}]},{\"@type\":\"ImageObject\",\"inLanguage\":\"fr-FR\",\"@id\":\"https:\/\/www.redacteur.com\/blog\/strategie-contenu-integrer-visuels\/#primaryimage\",\"url\":\"https:\/\/www.redacteur.com\/blog\/wp-content\/uploads\/sites\/6\/2022\/01\/Image-a-la-une-strat-contenu-image-1.png\",\"contentUrl\":\"https:\/\/www.redacteur.com\/blog\/wp-content\/uploads\/sites\/6\/2022\/01\/Image-a-la-une-strat-contenu-image-1.png\",\"width\":1024,\"height\":618},{\"@type\":\"BreadcrumbList\",\"@id\":\"https:\/\/www.redacteur.com\/blog\/strategie-contenu-integrer-visuels\/#breadcrumb\",\"itemListElement\":[{\"@type\":\"ListItem\",\"position\":1,\"name\":\"Blog\",\"item\":\"https:\/\/www.redacteur.com\/blog\/\"},{\"@type\":\"ListItem\",\"position\":2,\"name\":\"Content marketing\",\"item\":\"https:\/\/www.redacteur.com\/blog\/contenu-web\/\"},{\"@type\":\"ListItem\",\"position\":3,\"name\":\"Strat\u00e9gie de contenu visuel\u00a0: exploitez vos images\"}]},{\"@type\":\"WebSite\",\"@id\":\"https:\/\/www.redacteur.com\/blog\/#website\",\"url\":\"https:\/\/www.redacteur.com\/blog\/\",\"name\":\"Redacteur.com\",\"description\":\"redacteur\",\"publisher\":{\"@id\":\"https:\/\/www.redacteur.com\/blog\/#organization\"},\"potentialAction\":[{\"@type\":\"SearchAction\",\"target\":{\"@type\":\"EntryPoint\",\"urlTemplate\":\"https:\/\/www.redacteur.com\/blog\/?s={search_term_string}\"},\"query-input\":{\"@type\":\"PropertyValueSpecification\",\"valueRequired\":true,\"valueName\":\"search_term_string\"}}],\"inLanguage\":\"fr-FR\"},{\"@type\":\"Organization\",\"@id\":\"https:\/\/www.redacteur.com\/blog\/#organization\",\"name\":\"Redacteur.com\",\"url\":\"https:\/\/www.redacteur.com\/blog\/\",\"logo\":{\"@type\":\"ImageObject\",\"inLanguage\":\"fr-FR\",\"@id\":\"https:\/\/www.redacteur.com\/blog\/#\/schema\/logo\/image\/\",\"url\":\"https:\/\/www.redacteur.com\/blog\/wp-content\/uploads\/sites\/6\/2022\/10\/logo-redacteur-blog.svg\",\"contentUrl\":\"https:\/\/www.redacteur.com\/blog\/wp-content\/uploads\/sites\/6\/2022\/10\/logo-redacteur-blog.svg\",\"width\":1,\"height\":1,\"caption\":\"Redacteur.com\"},\"image\":{\"@id\":\"https:\/\/www.redacteur.com\/blog\/#\/schema\/logo\/image\/\"},\"sameAs\":[\"https:\/\/www.facebook.com\/redacteurcom\",\"https:\/\/x.com\/Redacteurcom\",\"https:\/\/www.linkedin.com\/company\/redacteur-com\",\"https:\/\/www.youtube.com\/channel\/UCgj9ySM9xy3gdL8qBafl9Uw\/\"]},{\"@type\":\"Person\",\"@id\":\"https:\/\/www.redacteur.com\/blog\/#\/schema\/person\/33c0ef04707fbe50a096f282050bb5f2\",\"name\":\"Laura Michaud\",\"image\":{\"@type\":\"ImageObject\",\"inLanguage\":\"fr-FR\",\"@id\":\"https:\/\/www.redacteur.com\/blog\/#\/schema\/person\/image\/\",\"url\":\"https:\/\/secure.gravatar.com\/avatar\/c3328cc0c887f98cec6b2979af3311ab6333fc7cc2d4847514cfec6a56fa08a7?s=96&d=mm&r=g\",\"contentUrl\":\"https:\/\/secure.gravatar.com\/avatar\/c3328cc0c887f98cec6b2979af3311ab6333fc7cc2d4847514cfec6a56fa08a7?s=96&d=mm&r=g\",\"caption\":\"Laura Michaud\"},\"description\":\"Laura connait tous les meilleurs outils pour g\u00e9rer des projets et une entreprise. Cr\u00e9ative, c'est aussi une sp\u00e9cialiste des outils de cr\u00e9ation graphique pour faire briller une entreprise.\",\"sameAs\":[\"https:\/\/www.linkedin.com\/in\/michaudlaura\/\"],\"url\":\"https:\/\/www.redacteur.com\/blog\/author\/laura\/\"}]}<\/script>\n<!-- \/ Yoast SEO plugin. -->","yoast_head_json":{"title":"Strat\u00e9gie de contenu visuel\u00a0: exploitez vos images - Redacteur Blog","description":"Un bon contenu est compos\u00e9 d'un texte et d'un ou de plusieurs visuels. Le moteur de recherche Google est tr\u00e8s attentif \u00e0 l'exp\u00e9rience utilisateur, ou UX","robots":{"index":"index","follow":"follow","max-snippet":"max-snippet:-1","max-image-preview":"max-image-preview:large","max-video-preview":"max-video-preview:-1"},"canonical":"https:\/\/www.redacteur.com\/blog\/strategie-contenu-integrer-visuels\/","og_locale":"fr_FR","og_type":"article","og_title":"Strat\u00e9gie de contenu visuel\u00a0: exploitez vos images - Redacteur Blog","og_description":"Un bon contenu est compos\u00e9 d'un texte et d'un ou de plusieurs visuels. Le moteur de recherche Google est tr\u00e8s attentif \u00e0 l'exp\u00e9rience utilisateur, ou UX","og_url":"https:\/\/www.redacteur.com\/blog\/strategie-contenu-integrer-visuels\/","og_site_name":"Redacteur.com","article_publisher":"https:\/\/www.facebook.com\/redacteurcom","article_published_time":"2023-06-16T08:30:00+00:00","og_image":[{"width":1024,"height":618,"url":"https:\/\/www.redacteur.com\/blog\/wp-content\/uploads\/sites\/6\/2022\/01\/Image-a-la-une-strat-contenu-image-1.png","type":"image\/png"}],"author":"Laura Michaud","twitter_card":"summary_large_image","twitter_creator":"@Redacteurcom","twitter_site":"@Redacteurcom","twitter_misc":{"\u00c9crit par":"Laura Michaud","Dur\u00e9e de lecture estim\u00e9e":"14 minutes"},"schema":{"@context":"https:\/\/schema.org","@graph":[{"@type":"Article","@id":"https:\/\/www.redacteur.com\/blog\/strategie-contenu-integrer-visuels\/#article","isPartOf":{"@id":"https:\/\/www.redacteur.com\/blog\/strategie-contenu-integrer-visuels\/"},"author":{"name":"Laura Michaud","@id":"https:\/\/www.redacteur.com\/blog\/#\/schema\/person\/33c0ef04707fbe50a096f282050bb5f2"},"headline":"Strat\u00e9gie de contenu visuel\u00a0: exploitez vos images","datePublished":"2023-06-16T08:30:00+00:00","mainEntityOfPage":{"@id":"https:\/\/www.redacteur.com\/blog\/strategie-contenu-integrer-visuels\/"},"wordCount":2370,"commentCount":0,"publisher":{"@id":"https:\/\/www.redacteur.com\/blog\/#organization"},"image":{"@id":"https:\/\/www.redacteur.com\/blog\/strategie-contenu-integrer-visuels\/#primaryimage"},"thumbnailUrl":"https:\/\/www.redacteur.com\/blog\/wp-content\/uploads\/sites\/6\/2022\/01\/Image-a-la-une-strat-contenu-image-1.png","articleSection":["Content marketing"],"inLanguage":"fr-FR","potentialAction":[{"@type":"CommentAction","name":"Comment","target":["https:\/\/www.redacteur.com\/blog\/strategie-contenu-integrer-visuels\/#respond"]}]},{"@type":"WebPage","@id":"https:\/\/www.redacteur.com\/blog\/strategie-contenu-integrer-visuels\/","url":"https:\/\/www.redacteur.com\/blog\/strategie-contenu-integrer-visuels\/","name":"Strat\u00e9gie de contenu visuel\u00a0: exploitez vos images - Redacteur Blog","isPartOf":{"@id":"https:\/\/www.redacteur.com\/blog\/#website"},"primaryImageOfPage":{"@id":"https:\/\/www.redacteur.com\/blog\/strategie-contenu-integrer-visuels\/#primaryimage"},"image":{"@id":"https:\/\/www.redacteur.com\/blog\/strategie-contenu-integrer-visuels\/#primaryimage"},"thumbnailUrl":"https:\/\/www.redacteur.com\/blog\/wp-content\/uploads\/sites\/6\/2022\/01\/Image-a-la-une-strat-contenu-image-1.png","datePublished":"2023-06-16T08:30:00+00:00","description":"Un bon contenu est compos\u00e9 d'un texte et d'un ou de plusieurs visuels. Le moteur de recherche Google est tr\u00e8s attentif \u00e0 l'exp\u00e9rience utilisateur, ou UX","breadcrumb":{"@id":"https:\/\/www.redacteur.com\/blog\/strategie-contenu-integrer-visuels\/#breadcrumb"},"inLanguage":"fr-FR","potentialAction":[{"@type":"ReadAction","target":["https:\/\/www.redacteur.com\/blog\/strategie-contenu-integrer-visuels\/"]}]},{"@type":"ImageObject","inLanguage":"fr-FR","@id":"https:\/\/www.redacteur.com\/blog\/strategie-contenu-integrer-visuels\/#primaryimage","url":"https:\/\/www.redacteur.com\/blog\/wp-content\/uploads\/sites\/6\/2022\/01\/Image-a-la-une-strat-contenu-image-1.png","contentUrl":"https:\/\/www.redacteur.com\/blog\/wp-content\/uploads\/sites\/6\/2022\/01\/Image-a-la-une-strat-contenu-image-1.png","width":1024,"height":618},{"@type":"BreadcrumbList","@id":"https:\/\/www.redacteur.com\/blog\/strategie-contenu-integrer-visuels\/#breadcrumb","itemListElement":[{"@type":"ListItem","position":1,"name":"Blog","item":"https:\/\/www.redacteur.com\/blog\/"},{"@type":"ListItem","position":2,"name":"Content marketing","item":"https:\/\/www.redacteur.com\/blog\/contenu-web\/"},{"@type":"ListItem","position":3,"name":"Strat\u00e9gie de contenu visuel\u00a0: exploitez vos images"}]},{"@type":"WebSite","@id":"https:\/\/www.redacteur.com\/blog\/#website","url":"https:\/\/www.redacteur.com\/blog\/","name":"Redacteur.com","description":"redacteur","publisher":{"@id":"https:\/\/www.redacteur.com\/blog\/#organization"},"potentialAction":[{"@type":"SearchAction","target":{"@type":"EntryPoint","urlTemplate":"https:\/\/www.redacteur.com\/blog\/?s={search_term_string}"},"query-input":{"@type":"PropertyValueSpecification","valueRequired":true,"valueName":"search_term_string"}}],"inLanguage":"fr-FR"},{"@type":"Organization","@id":"https:\/\/www.redacteur.com\/blog\/#organization","name":"Redacteur.com","url":"https:\/\/www.redacteur.com\/blog\/","logo":{"@type":"ImageObject","inLanguage":"fr-FR","@id":"https:\/\/www.redacteur.com\/blog\/#\/schema\/logo\/image\/","url":"https:\/\/www.redacteur.com\/blog\/wp-content\/uploads\/sites\/6\/2022\/10\/logo-redacteur-blog.svg","contentUrl":"https:\/\/www.redacteur.com\/blog\/wp-content\/uploads\/sites\/6\/2022\/10\/logo-redacteur-blog.svg","width":1,"height":1,"caption":"Redacteur.com"},"image":{"@id":"https:\/\/www.redacteur.com\/blog\/#\/schema\/logo\/image\/"},"sameAs":["https:\/\/www.facebook.com\/redacteurcom","https:\/\/x.com\/Redacteurcom","https:\/\/www.linkedin.com\/company\/redacteur-com","https:\/\/www.youtube.com\/channel\/UCgj9ySM9xy3gdL8qBafl9Uw\/"]},{"@type":"Person","@id":"https:\/\/www.redacteur.com\/blog\/#\/schema\/person\/33c0ef04707fbe50a096f282050bb5f2","name":"Laura Michaud","image":{"@type":"ImageObject","inLanguage":"fr-FR","@id":"https:\/\/www.redacteur.com\/blog\/#\/schema\/person\/image\/","url":"https:\/\/secure.gravatar.com\/avatar\/c3328cc0c887f98cec6b2979af3311ab6333fc7cc2d4847514cfec6a56fa08a7?s=96&d=mm&r=g","contentUrl":"https:\/\/secure.gravatar.com\/avatar\/c3328cc0c887f98cec6b2979af3311ab6333fc7cc2d4847514cfec6a56fa08a7?s=96&d=mm&r=g","caption":"Laura Michaud"},"description":"Laura connait tous les meilleurs outils pour g\u00e9rer des projets et une entreprise. Cr\u00e9ative, c'est aussi une sp\u00e9cialiste des outils de cr\u00e9ation graphique pour faire briller une entreprise.","sameAs":["https:\/\/www.linkedin.com\/in\/michaudlaura\/"],"url":"https:\/\/www.redacteur.com\/blog\/author\/laura\/"}]}},"_links":{"self":[{"href":"https:\/\/www.redacteur.com\/blog\/wp-json\/wp\/v2\/posts\/14985","targetHints":{"allow":["GET"]}}],"collection":[{"href":"https:\/\/www.redacteur.com\/blog\/wp-json\/wp\/v2\/posts"}],"about":[{"href":"https:\/\/www.redacteur.com\/blog\/wp-json\/wp\/v2\/types\/post"}],"author":[{"embeddable":true,"href":"https:\/\/www.redacteur.com\/blog\/wp-json\/wp\/v2\/users\/1"}],"replies":[{"embeddable":true,"href":"https:\/\/www.redacteur.com\/blog\/wp-json\/wp\/v2\/comments?post=14985"}],"version-history":[{"count":0,"href":"https:\/\/www.redacteur.com\/blog\/wp-json\/wp\/v2\/posts\/14985\/revisions"}],"wp:featuredmedia":[{"embeddable":true,"href":"https:\/\/www.redacteur.com\/blog\/wp-json\/wp\/v2\/media\/37505"}],"wp:attachment":[{"href":"https:\/\/www.redacteur.com\/blog\/wp-json\/wp\/v2\/media?parent=14985"}],"wp:term":[{"taxonomy":"category","embeddable":true,"href":"https:\/\/www.redacteur.com\/blog\/wp-json\/wp\/v2\/categories?post=14985"},{"taxonomy":"post_tag","embeddable":true,"href":"https:\/\/www.redacteur.com\/blog\/wp-json\/wp\/v2\/tags?post=14985"}],"curies":[{"name":"wp","href":"https:\/\/api.w.org\/{rel}","templated":true}]}}