{"id":16165,"date":"2019-04-29T10:30:36","date_gmt":"2019-04-29T09:30:36","guid":{"rendered":"https:\/\/www.redacteur.com\/blog\/?p=16165"},"modified":"2019-04-29T10:30:36","modified_gmt":"2019-04-29T09:30:36","slug":"integrer-video-content-marketing","status":"publish","type":"post","link":"https:\/\/www.redacteur.com\/blog\/integrer-video-content-marketing\/","title":{"rendered":"5 raisons d&#8217;int\u00e9grer la vid\u00e9o \u00e0 votre strat\u00e9gie de content marketing"},"content":{"rendered":"<p>Lors de l&#8217;\u00e9laboration d&#8217;une strat\u00e9gie de content marketing, la vid\u00e9o est incontournable en 2019. En effet, \u00e0 l&#8217;heure o\u00f9 YouTube a su s&#8217;imposer comme le 2e plus important moteur de recherche du web, proposer des contenus vid\u00e9o est indispensable pour une marque, et ce quel que soit son secteur d&#8217;activit\u00e9.<\/p>\n<p>D&#8217;ailleurs, si vous comptez parmi les entreprises qui ont majoritairement recours aux contenus textuels dans le cadre de leur strat\u00e9gie de content marketing, voici 5 bonnes raisons qui doivent vous inciter \u00e0 y int\u00e9grer la vid\u00e9o.<\/p>\n<h2>1. Une meilleure conversion des internautes<\/h2>\n<p>Toute entreprise ou marque d\u00e9sireuse de se d\u00e9velopper se doit d&#8217;am\u00e9liorer son taux de conversion. Eh oui, une strat\u00e9gie de content marketing vise toujours &#8211; m\u00eame s&#8217;il ne s&#8217;agit pas de l&#8217;unique objectif &#8211; \u00e0 accro\u00eetre le taux de conversion des internautes. Autrement dit, les contenus cr\u00e9\u00e9s ont vocation \u00e0 transformer les visiteurs en prospects voire m\u00eame mieux, en clients.<\/p>\n<p>En utilisant la vid\u00e9o, vous devriez parvenir \u00e0 am\u00e9liorer votre taux de conversion puisque ce type de contenus est connu pour apporter davantage de clart\u00e9 et aide les internautes et les prospects dans leurs d\u00e9cisions.<\/p>\n<p>Que ce soit pour <a href=\"https:\/\/www.redacteur.com\/blog\/emailing-augmenter-liste-abonnes\/\">inciter les visiteurs \u00e0 s&#8217;abonner<\/a> \u00e0 une newsletter, \u00e0 se connecter \u00e0 une page web donn\u00e9e ou \u00e0 r\u00e9aliser un achat, un contenu vid\u00e9o se veut g\u00e9n\u00e9ralement beaucoup plus performant en mati\u00e8re de conversion que tout autre type de contenu.<\/p>\n<p>Selon la soci\u00e9t\u00e9 Aberdeen, le taux de conversion d&#8217;un site web utilisant la vid\u00e9o est ainsi de 4,8 % alors que celui d&#8217;un site n&#8217;y ayant pas recours est de 2,9 %.<\/p>\n<h2>2. Davantage d&#8217;engagement dans votre cible<\/h2>\n<p>Lorsqu&#8217;il est question de mobiliser sa cible commerciale, rien ne fonctionne mieux que les contenus vid\u00e9o. Il faut dire qu&#8217;une vid\u00e9o est souvent plus captivante qu&#8217;un simple texte ou qu&#8217;un article agr\u00e9ment\u00e9 de quelques photos.<\/p>\n<p>Les r\u00e9seaux sociaux sont d&#8217;ailleurs le meilleur endroit pour s&#8217;en rendre compte puisque les vid\u00e9os g\u00e9n\u00e8rent en moyenne davantage de commentaires et de partages que tout autre type de contenu, ce qui constitue une r\u00e9elle preuve de l&#8217;engagement des internautes.<\/p>\n<p>Sur un site web aussi, ce type de contenu fait un tabac et divers chiffres le d\u00e9montrent&nbsp;:<\/p>\n<ul>\n<li>Le taux de rebond est de 59 % pour une vid\u00e9o contre 86 % pour un article<\/li>\n<li>Le temps pass\u00e9 sur un site est 8 fois plus important lorsque des vid\u00e9os sont au rendez-vous<\/li>\n<li>La m\u00e9morisation de la marque approche les 50 % apr\u00e8s une lecture vid\u00e9o contre 23 % environ pour des contenus textuels<\/li>\n<\/ul>\n<h2>3. Un m\u00e9dia de plus en plus accessible<\/h2>\n<p>Pendant longtemps, la production de contenus vid\u00e9o a \u00e9t\u00e9 r\u00e9serv\u00e9e aux grandes entreprises ou marques disposant de solides budgets communication.<\/p>\n<p>Aujourd&#8217;hui, la donne a quelque peu chang\u00e9 puisqu&#8217;il n&#8217;est plus n\u00e9cessaire d&#8217;investir autant d&#8217;argent que par le pass\u00e9 pour obtenir des vid\u00e9os de qualit\u00e9.<\/p>\n<p><img decoding=\"async\" class=\"aligncenter wp-image-16166 size-full\" src=\"https:\/\/www.redacteur.com\/blog\/wp-content\/uploads\/sites\/6\/2019\/04\/realisation-video.jpg\" alt=\"R\u00e9alisation vid\u00e9o\" width=\"600\" height=\"429\" srcset=\"https:\/\/www.redacteur.com\/blog\/wp-content\/uploads\/sites\/6\/2019\/04\/realisation-video.jpg 600w, https:\/\/www.redacteur.com\/blog\/wp-content\/uploads\/sites\/6\/2019\/04\/realisation-video-300x215.jpg 300w, https:\/\/www.redacteur.com\/blog\/wp-content\/uploads\/sites\/6\/2019\/04\/realisation-video-60x43.jpg 60w, https:\/\/www.redacteur.com\/blog\/wp-content\/uploads\/sites\/6\/2019\/04\/realisation-video-370x265.jpg 370w, https:\/\/www.redacteur.com\/blog\/wp-content\/uploads\/sites\/6\/2019\/04\/realisation-video-270x193.jpg 270w, https:\/\/www.redacteur.com\/blog\/wp-content\/uploads\/sites\/6\/2019\/04\/realisation-video-570x408.jpg 570w\" sizes=\"(max-width: 600px) 100vw, 600px\" \/><\/p>\n<p>De m\u00eame, si les plus belles vid\u00e9os restent le fruit du travail d&#8217;experts, il est de plus en plus facile de pouvoir produire des contenus puisque <a href=\"https:\/\/www.codeur.com\/blog\/logiciel-montage-video-gratuit\/?utm_source=linking-article&amp;utm_campaign=BlogRedacteur\" target=\"_blank\" rel=\"noopener noreferrer\">des outils simples<\/a> \u00e0 prendre en main et parfois gratuits sont disponibles sur la toile.<\/p>\n<p>Cette meilleure accessibilit\u00e9 peut d&#8217;ailleurs vous permettre de justifier l&#8217;int\u00e9gration de la vid\u00e9o \u00e0 votre strat\u00e9gie de marketing content, surtout si vos budgets d\u00e9di\u00e9s sont limit\u00e9s.<\/p>\n<h2>4. Une meilleure connexion avec votre public<\/h2>\n<p>Il ne faut pas s&#8217;y tromper, si la vid\u00e9o suscite davantage d&#8217;engagement de la part du public, c&#8217;est aussi parce qu&#8217;il est plus ais\u00e9 de transmettre des \u00e9motions.<\/p>\n<p>Cette <a href=\"https:\/\/www.redacteur.com\/blog\/booster-content-marketing-emotions\/\" target=\"_blank\" rel=\"noopener noreferrer\">dimension \u00e9motionnelle<\/a> est essentielle et c&#8217;est elle qui va faire toute la diff\u00e9rence. En effet, si vous parvenez \u00e0 v\u00e9hiculer les \u00e9motions recherch\u00e9es par votre cible dans vos vid\u00e9os, vous pouvez \u00eatre certain que celle-ci va consommer, l&#8217;achat n&#8217;\u00e9tant toutefois pas imm\u00e9diat.<\/p>\n<p>La transmission de valeurs (respect, partage, solidarit\u00e9, engagement pour l&#8217;environnement) est aussi possible \u00e0 travers des contenus vid\u00e9o et peut, l\u00e0 aussi, favoriser la connexion entre la marque et son public.<\/p>\n<blockquote><p>\u00c0 lire aussi&nbsp;:\u00a0<a href=\"https:\/\/www.redacteur.com\/blog\/video-idees-creatives-collectivites\/\">Vid\u00e9o\u00a0: 9 id\u00e9es cr\u00e9atives pour les collectivit\u00e9s<\/a><\/p><\/blockquote>\n<h2>5. Un meilleur r\u00e9f\u00e9rencement<\/h2>\n<p>Si vous cherchez \u00e0 vous positionner sur des mots-cl\u00e9s pour lesquels la concurrence est rude, la production de vid\u00e9os peut faire toute la diff\u00e9rence.<\/p>\n<p>Les moteurs de recherche appr\u00e9cient ce type de contenus et la mise en ligne de contenus vid\u00e9o augmente de 53 % vos chances de figurer en premi\u00e8re page pour un mot-cl\u00e9 donn\u00e9. Aussi, ne manquez pas cette occasion de booster consid\u00e9rablement la visibilit\u00e9 de votre site web mais aussi son trafic.<\/p>\n<p>&nbsp;<\/p>\n<p>Les contenus vid\u00e9o sont indispensables \u00e0 une bonne strat\u00e9gie de content marketing puisqu&#8217;ils vont contribuer \u00e0 atteindre les objectifs de visibilit\u00e9, d&#8217;engagement et de conversion de votre site web.<\/p>\n<p>Toutefois, si ce format est incontournable, ne perdez pas de vue que la qualit\u00e9 doit \u00eatre au rendez-vous car &#8220;produire des vid\u00e9os&#8221; ne suffit pas toujours \u00e0 s\u00e9duire des internautes qui disposent d&#8217;un large choix de contenus \u00e0 consommer.<\/p>\n","protected":false},"excerpt":{"rendered":"<p>Lors de l&#8217;\u00e9laboration d&#8217;une strat\u00e9gie de content marketing, la vid\u00e9o est incontournable en 2019. En effet, \u00e0 l&#8217;heure o\u00f9 YouTube a su s&#8217;imposer comme le 2e plus important moteur de recherche du web, proposer des contenus vid\u00e9o est indispensable pour une marque, et ce quel que soit son secteur d&#8217;activit\u00e9. D&#8217;ailleurs, si vous comptez parmi [&hellip;]<\/p>\n","protected":false},"author":1,"featured_media":16169,"comment_status":"open","ping_status":"open","sticky":false,"template":"","format":"standard","meta":{"_acf_changed":false,"inline_featured_image":false,"footnotes":""},"categories":[14,17],"tags":[],"class_list":["post-16165","post","type-post","status-publish","format-standard","has-post-thumbnail","hentry","category-strategie-editoriale","category-video"],"acf":[],"yoast_head":"<!-- This site is optimized with the Yoast SEO plugin v25.9 - https:\/\/yoast.com\/wordpress\/plugins\/seo\/ -->\n<title>5 raisons d&#039;int\u00e9grer la vid\u00e9o \u00e0 votre strat\u00e9gie de content marketing - Redacteur Blog<\/title>\n<meta name=\"description\" content=\"Lors de l&#039;\u00e9laboration d&#039;une strat\u00e9gie de content marketing, la vid\u00e9o est incontournable en 2019. En effet, \u00e0 l&#039;heure o\u00f9 YouTube a su s&#039;imposer comme le 2e\" \/>\n<meta name=\"robots\" content=\"index, follow, max-snippet:-1, max-image-preview:large, max-video-preview:-1\" \/>\n<link rel=\"canonical\" href=\"https:\/\/www.redacteur.com\/blog\/integrer-video-content-marketing\/\" \/>\n<meta property=\"og:locale\" content=\"fr_FR\" \/>\n<meta property=\"og:type\" content=\"article\" \/>\n<meta property=\"og:title\" content=\"5 raisons d&#039;int\u00e9grer la vid\u00e9o \u00e0 votre strat\u00e9gie de content marketing - Redacteur Blog\" \/>\n<meta property=\"og:description\" content=\"Lors de l&#039;\u00e9laboration d&#039;une strat\u00e9gie de content marketing, la vid\u00e9o est incontournable en 2019. En effet, \u00e0 l&#039;heure o\u00f9 YouTube a su s&#039;imposer comme le 2e\" \/>\n<meta property=\"og:url\" content=\"https:\/\/www.redacteur.com\/blog\/integrer-video-content-marketing\/\" \/>\n<meta property=\"og:site_name\" content=\"Redacteur.com\" \/>\n<meta property=\"article:publisher\" content=\"https:\/\/www.facebook.com\/redacteurcom\" \/>\n<meta property=\"article:published_time\" content=\"2019-04-29T09:30:36+00:00\" \/>\n<meta property=\"og:image\" content=\"https:\/\/www.redacteur.com\/blog\/wp-content\/uploads\/sites\/6\/2019\/04\/integrer-video-content-marketing.jpg\" \/>\n\t<meta property=\"og:image:width\" content=\"850\" \/>\n\t<meta property=\"og:image:height\" content=\"600\" \/>\n\t<meta property=\"og:image:type\" content=\"image\/jpeg\" \/>\n<meta name=\"author\" content=\"Laura Michaud\" \/>\n<meta name=\"twitter:card\" content=\"summary_large_image\" \/>\n<meta name=\"twitter:creator\" content=\"@Redacteurcom\" \/>\n<meta name=\"twitter:site\" content=\"@Redacteurcom\" \/>\n<meta name=\"twitter:label1\" content=\"\u00c9crit par\" \/>\n\t<meta name=\"twitter:data1\" content=\"Laura Michaud\" \/>\n\t<meta name=\"twitter:label2\" content=\"Dur\u00e9e de lecture estim\u00e9e\" \/>\n\t<meta name=\"twitter:data2\" content=\"4 minutes\" \/>\n<script type=\"application\/ld+json\" class=\"yoast-schema-graph\">{\"@context\":\"https:\/\/schema.org\",\"@graph\":[{\"@type\":\"Article\",\"@id\":\"https:\/\/www.redacteur.com\/blog\/integrer-video-content-marketing\/#article\",\"isPartOf\":{\"@id\":\"https:\/\/www.redacteur.com\/blog\/integrer-video-content-marketing\/\"},\"author\":{\"name\":\"Laura Michaud\",\"@id\":\"https:\/\/www.redacteur.com\/blog\/#\/schema\/person\/33c0ef04707fbe50a096f282050bb5f2\"},\"headline\":\"5 raisons d&#8217;int\u00e9grer la vid\u00e9o \u00e0 votre strat\u00e9gie de content marketing\",\"datePublished\":\"2019-04-29T09:30:36+00:00\",\"mainEntityOfPage\":{\"@id\":\"https:\/\/www.redacteur.com\/blog\/integrer-video-content-marketing\/\"},\"wordCount\":890,\"commentCount\":0,\"publisher\":{\"@id\":\"https:\/\/www.redacteur.com\/blog\/#organization\"},\"image\":{\"@id\":\"https:\/\/www.redacteur.com\/blog\/integrer-video-content-marketing\/#primaryimage\"},\"thumbnailUrl\":\"https:\/\/www.redacteur.com\/blog\/wp-content\/uploads\/sites\/6\/2019\/04\/integrer-video-content-marketing.jpg\",\"articleSection\":[\"Strat\u00e9gie \u00e9ditoriale\",\"Vid\u00e9o\"],\"inLanguage\":\"fr-FR\",\"potentialAction\":[{\"@type\":\"CommentAction\",\"name\":\"Comment\",\"target\":[\"https:\/\/www.redacteur.com\/blog\/integrer-video-content-marketing\/#respond\"]}]},{\"@type\":\"WebPage\",\"@id\":\"https:\/\/www.redacteur.com\/blog\/integrer-video-content-marketing\/\",\"url\":\"https:\/\/www.redacteur.com\/blog\/integrer-video-content-marketing\/\",\"name\":\"5 raisons d'int\u00e9grer la vid\u00e9o \u00e0 votre strat\u00e9gie de content marketing - Redacteur Blog\",\"isPartOf\":{\"@id\":\"https:\/\/www.redacteur.com\/blog\/#website\"},\"primaryImageOfPage\":{\"@id\":\"https:\/\/www.redacteur.com\/blog\/integrer-video-content-marketing\/#primaryimage\"},\"image\":{\"@id\":\"https:\/\/www.redacteur.com\/blog\/integrer-video-content-marketing\/#primaryimage\"},\"thumbnailUrl\":\"https:\/\/www.redacteur.com\/blog\/wp-content\/uploads\/sites\/6\/2019\/04\/integrer-video-content-marketing.jpg\",\"datePublished\":\"2019-04-29T09:30:36+00:00\",\"description\":\"Lors de l'\u00e9laboration d'une strat\u00e9gie de content marketing, la vid\u00e9o est incontournable en 2019. En effet, \u00e0 l'heure o\u00f9 YouTube a su s'imposer comme le 2e\",\"breadcrumb\":{\"@id\":\"https:\/\/www.redacteur.com\/blog\/integrer-video-content-marketing\/#breadcrumb\"},\"inLanguage\":\"fr-FR\",\"potentialAction\":[{\"@type\":\"ReadAction\",\"target\":[\"https:\/\/www.redacteur.com\/blog\/integrer-video-content-marketing\/\"]}]},{\"@type\":\"ImageObject\",\"inLanguage\":\"fr-FR\",\"@id\":\"https:\/\/www.redacteur.com\/blog\/integrer-video-content-marketing\/#primaryimage\",\"url\":\"https:\/\/www.redacteur.com\/blog\/wp-content\/uploads\/sites\/6\/2019\/04\/integrer-video-content-marketing.jpg\",\"contentUrl\":\"https:\/\/www.redacteur.com\/blog\/wp-content\/uploads\/sites\/6\/2019\/04\/integrer-video-content-marketing.jpg\",\"width\":850,\"height\":600,\"caption\":\"Int\u00e9grer la vid\u00e9o au content marketing\"},{\"@type\":\"BreadcrumbList\",\"@id\":\"https:\/\/www.redacteur.com\/blog\/integrer-video-content-marketing\/#breadcrumb\",\"itemListElement\":[{\"@type\":\"ListItem\",\"position\":1,\"name\":\"Blog\",\"item\":\"https:\/\/www.redacteur.com\/blog\/\"},{\"@type\":\"ListItem\",\"position\":2,\"name\":\"R\u00e9daction web\",\"item\":\"https:\/\/www.redacteur.com\/blog\/redaction-web\/\"},{\"@type\":\"ListItem\",\"position\":3,\"name\":\"Strat\u00e9gie \u00e9ditoriale\",\"item\":\"https:\/\/www.redacteur.com\/blog\/redaction-web\/strategie-editoriale\/\"},{\"@type\":\"ListItem\",\"position\":4,\"name\":\"5 raisons d&#8217;int\u00e9grer la vid\u00e9o \u00e0 votre strat\u00e9gie de content marketing\"}]},{\"@type\":\"WebSite\",\"@id\":\"https:\/\/www.redacteur.com\/blog\/#website\",\"url\":\"https:\/\/www.redacteur.com\/blog\/\",\"name\":\"Redacteur.com\",\"description\":\"redacteur\",\"publisher\":{\"@id\":\"https:\/\/www.redacteur.com\/blog\/#organization\"},\"potentialAction\":[{\"@type\":\"SearchAction\",\"target\":{\"@type\":\"EntryPoint\",\"urlTemplate\":\"https:\/\/www.redacteur.com\/blog\/?s={search_term_string}\"},\"query-input\":{\"@type\":\"PropertyValueSpecification\",\"valueRequired\":true,\"valueName\":\"search_term_string\"}}],\"inLanguage\":\"fr-FR\"},{\"@type\":\"Organization\",\"@id\":\"https:\/\/www.redacteur.com\/blog\/#organization\",\"name\":\"Redacteur.com\",\"url\":\"https:\/\/www.redacteur.com\/blog\/\",\"logo\":{\"@type\":\"ImageObject\",\"inLanguage\":\"fr-FR\",\"@id\":\"https:\/\/www.redacteur.com\/blog\/#\/schema\/logo\/image\/\",\"url\":\"https:\/\/www.redacteur.com\/blog\/wp-content\/uploads\/sites\/6\/2022\/10\/logo-redacteur-blog.svg\",\"contentUrl\":\"https:\/\/www.redacteur.com\/blog\/wp-content\/uploads\/sites\/6\/2022\/10\/logo-redacteur-blog.svg\",\"width\":1,\"height\":1,\"caption\":\"Redacteur.com\"},\"image\":{\"@id\":\"https:\/\/www.redacteur.com\/blog\/#\/schema\/logo\/image\/\"},\"sameAs\":[\"https:\/\/www.facebook.com\/redacteurcom\",\"https:\/\/x.com\/Redacteurcom\",\"https:\/\/www.linkedin.com\/company\/redacteur-com\",\"https:\/\/www.youtube.com\/channel\/UCgj9ySM9xy3gdL8qBafl9Uw\/\"]},{\"@type\":\"Person\",\"@id\":\"https:\/\/www.redacteur.com\/blog\/#\/schema\/person\/33c0ef04707fbe50a096f282050bb5f2\",\"name\":\"Laura Michaud\",\"image\":{\"@type\":\"ImageObject\",\"inLanguage\":\"fr-FR\",\"@id\":\"https:\/\/www.redacteur.com\/blog\/#\/schema\/person\/image\/\",\"url\":\"https:\/\/secure.gravatar.com\/avatar\/c3328cc0c887f98cec6b2979af3311ab6333fc7cc2d4847514cfec6a56fa08a7?s=96&d=mm&r=g\",\"contentUrl\":\"https:\/\/secure.gravatar.com\/avatar\/c3328cc0c887f98cec6b2979af3311ab6333fc7cc2d4847514cfec6a56fa08a7?s=96&d=mm&r=g\",\"caption\":\"Laura Michaud\"},\"description\":\"Laura connait tous les meilleurs outils pour g\u00e9rer des projets et une entreprise. Cr\u00e9ative, c'est aussi une sp\u00e9cialiste des outils de cr\u00e9ation graphique pour faire briller une entreprise.\",\"sameAs\":[\"https:\/\/www.linkedin.com\/in\/michaudlaura\/\"],\"url\":\"https:\/\/www.redacteur.com\/blog\/author\/laura\/\"}]}<\/script>\n<!-- \/ Yoast SEO plugin. -->","yoast_head_json":{"title":"5 raisons d'int\u00e9grer la vid\u00e9o \u00e0 votre strat\u00e9gie de content marketing - Redacteur Blog","description":"Lors de l'\u00e9laboration d'une strat\u00e9gie de content marketing, la vid\u00e9o est incontournable en 2019. En effet, \u00e0 l'heure o\u00f9 YouTube a su s'imposer comme le 2e","robots":{"index":"index","follow":"follow","max-snippet":"max-snippet:-1","max-image-preview":"max-image-preview:large","max-video-preview":"max-video-preview:-1"},"canonical":"https:\/\/www.redacteur.com\/blog\/integrer-video-content-marketing\/","og_locale":"fr_FR","og_type":"article","og_title":"5 raisons d'int\u00e9grer la vid\u00e9o \u00e0 votre strat\u00e9gie de content marketing - Redacteur Blog","og_description":"Lors de l'\u00e9laboration d'une strat\u00e9gie de content marketing, la vid\u00e9o est incontournable en 2019. En effet, \u00e0 l'heure o\u00f9 YouTube a su s'imposer comme le 2e","og_url":"https:\/\/www.redacteur.com\/blog\/integrer-video-content-marketing\/","og_site_name":"Redacteur.com","article_publisher":"https:\/\/www.facebook.com\/redacteurcom","article_published_time":"2019-04-29T09:30:36+00:00","og_image":[{"width":850,"height":600,"url":"https:\/\/www.redacteur.com\/blog\/wp-content\/uploads\/sites\/6\/2019\/04\/integrer-video-content-marketing.jpg","type":"image\/jpeg"}],"author":"Laura Michaud","twitter_card":"summary_large_image","twitter_creator":"@Redacteurcom","twitter_site":"@Redacteurcom","twitter_misc":{"\u00c9crit par":"Laura Michaud","Dur\u00e9e de lecture estim\u00e9e":"4 minutes"},"schema":{"@context":"https:\/\/schema.org","@graph":[{"@type":"Article","@id":"https:\/\/www.redacteur.com\/blog\/integrer-video-content-marketing\/#article","isPartOf":{"@id":"https:\/\/www.redacteur.com\/blog\/integrer-video-content-marketing\/"},"author":{"name":"Laura Michaud","@id":"https:\/\/www.redacteur.com\/blog\/#\/schema\/person\/33c0ef04707fbe50a096f282050bb5f2"},"headline":"5 raisons d&#8217;int\u00e9grer la vid\u00e9o \u00e0 votre strat\u00e9gie de content marketing","datePublished":"2019-04-29T09:30:36+00:00","mainEntityOfPage":{"@id":"https:\/\/www.redacteur.com\/blog\/integrer-video-content-marketing\/"},"wordCount":890,"commentCount":0,"publisher":{"@id":"https:\/\/www.redacteur.com\/blog\/#organization"},"image":{"@id":"https:\/\/www.redacteur.com\/blog\/integrer-video-content-marketing\/#primaryimage"},"thumbnailUrl":"https:\/\/www.redacteur.com\/blog\/wp-content\/uploads\/sites\/6\/2019\/04\/integrer-video-content-marketing.jpg","articleSection":["Strat\u00e9gie \u00e9ditoriale","Vid\u00e9o"],"inLanguage":"fr-FR","potentialAction":[{"@type":"CommentAction","name":"Comment","target":["https:\/\/www.redacteur.com\/blog\/integrer-video-content-marketing\/#respond"]}]},{"@type":"WebPage","@id":"https:\/\/www.redacteur.com\/blog\/integrer-video-content-marketing\/","url":"https:\/\/www.redacteur.com\/blog\/integrer-video-content-marketing\/","name":"5 raisons d'int\u00e9grer la vid\u00e9o \u00e0 votre strat\u00e9gie de content marketing - Redacteur Blog","isPartOf":{"@id":"https:\/\/www.redacteur.com\/blog\/#website"},"primaryImageOfPage":{"@id":"https:\/\/www.redacteur.com\/blog\/integrer-video-content-marketing\/#primaryimage"},"image":{"@id":"https:\/\/www.redacteur.com\/blog\/integrer-video-content-marketing\/#primaryimage"},"thumbnailUrl":"https:\/\/www.redacteur.com\/blog\/wp-content\/uploads\/sites\/6\/2019\/04\/integrer-video-content-marketing.jpg","datePublished":"2019-04-29T09:30:36+00:00","description":"Lors de l'\u00e9laboration d'une strat\u00e9gie de content marketing, la vid\u00e9o est incontournable en 2019. En effet, \u00e0 l'heure o\u00f9 YouTube a su s'imposer comme le 2e","breadcrumb":{"@id":"https:\/\/www.redacteur.com\/blog\/integrer-video-content-marketing\/#breadcrumb"},"inLanguage":"fr-FR","potentialAction":[{"@type":"ReadAction","target":["https:\/\/www.redacteur.com\/blog\/integrer-video-content-marketing\/"]}]},{"@type":"ImageObject","inLanguage":"fr-FR","@id":"https:\/\/www.redacteur.com\/blog\/integrer-video-content-marketing\/#primaryimage","url":"https:\/\/www.redacteur.com\/blog\/wp-content\/uploads\/sites\/6\/2019\/04\/integrer-video-content-marketing.jpg","contentUrl":"https:\/\/www.redacteur.com\/blog\/wp-content\/uploads\/sites\/6\/2019\/04\/integrer-video-content-marketing.jpg","width":850,"height":600,"caption":"Int\u00e9grer la vid\u00e9o au content marketing"},{"@type":"BreadcrumbList","@id":"https:\/\/www.redacteur.com\/blog\/integrer-video-content-marketing\/#breadcrumb","itemListElement":[{"@type":"ListItem","position":1,"name":"Blog","item":"https:\/\/www.redacteur.com\/blog\/"},{"@type":"ListItem","position":2,"name":"R\u00e9daction web","item":"https:\/\/www.redacteur.com\/blog\/redaction-web\/"},{"@type":"ListItem","position":3,"name":"Strat\u00e9gie \u00e9ditoriale","item":"https:\/\/www.redacteur.com\/blog\/redaction-web\/strategie-editoriale\/"},{"@type":"ListItem","position":4,"name":"5 raisons d&#8217;int\u00e9grer la vid\u00e9o \u00e0 votre strat\u00e9gie de content marketing"}]},{"@type":"WebSite","@id":"https:\/\/www.redacteur.com\/blog\/#website","url":"https:\/\/www.redacteur.com\/blog\/","name":"Redacteur.com","description":"redacteur","publisher":{"@id":"https:\/\/www.redacteur.com\/blog\/#organization"},"potentialAction":[{"@type":"SearchAction","target":{"@type":"EntryPoint","urlTemplate":"https:\/\/www.redacteur.com\/blog\/?s={search_term_string}"},"query-input":{"@type":"PropertyValueSpecification","valueRequired":true,"valueName":"search_term_string"}}],"inLanguage":"fr-FR"},{"@type":"Organization","@id":"https:\/\/www.redacteur.com\/blog\/#organization","name":"Redacteur.com","url":"https:\/\/www.redacteur.com\/blog\/","logo":{"@type":"ImageObject","inLanguage":"fr-FR","@id":"https:\/\/www.redacteur.com\/blog\/#\/schema\/logo\/image\/","url":"https:\/\/www.redacteur.com\/blog\/wp-content\/uploads\/sites\/6\/2022\/10\/logo-redacteur-blog.svg","contentUrl":"https:\/\/www.redacteur.com\/blog\/wp-content\/uploads\/sites\/6\/2022\/10\/logo-redacteur-blog.svg","width":1,"height":1,"caption":"Redacteur.com"},"image":{"@id":"https:\/\/www.redacteur.com\/blog\/#\/schema\/logo\/image\/"},"sameAs":["https:\/\/www.facebook.com\/redacteurcom","https:\/\/x.com\/Redacteurcom","https:\/\/www.linkedin.com\/company\/redacteur-com","https:\/\/www.youtube.com\/channel\/UCgj9ySM9xy3gdL8qBafl9Uw\/"]},{"@type":"Person","@id":"https:\/\/www.redacteur.com\/blog\/#\/schema\/person\/33c0ef04707fbe50a096f282050bb5f2","name":"Laura Michaud","image":{"@type":"ImageObject","inLanguage":"fr-FR","@id":"https:\/\/www.redacteur.com\/blog\/#\/schema\/person\/image\/","url":"https:\/\/secure.gravatar.com\/avatar\/c3328cc0c887f98cec6b2979af3311ab6333fc7cc2d4847514cfec6a56fa08a7?s=96&d=mm&r=g","contentUrl":"https:\/\/secure.gravatar.com\/avatar\/c3328cc0c887f98cec6b2979af3311ab6333fc7cc2d4847514cfec6a56fa08a7?s=96&d=mm&r=g","caption":"Laura Michaud"},"description":"Laura connait tous les meilleurs outils pour g\u00e9rer des projets et une entreprise. Cr\u00e9ative, c'est aussi une sp\u00e9cialiste des outils de cr\u00e9ation graphique pour faire briller une entreprise.","sameAs":["https:\/\/www.linkedin.com\/in\/michaudlaura\/"],"url":"https:\/\/www.redacteur.com\/blog\/author\/laura\/"}]}},"_links":{"self":[{"href":"https:\/\/www.redacteur.com\/blog\/wp-json\/wp\/v2\/posts\/16165","targetHints":{"allow":["GET"]}}],"collection":[{"href":"https:\/\/www.redacteur.com\/blog\/wp-json\/wp\/v2\/posts"}],"about":[{"href":"https:\/\/www.redacteur.com\/blog\/wp-json\/wp\/v2\/types\/post"}],"author":[{"embeddable":true,"href":"https:\/\/www.redacteur.com\/blog\/wp-json\/wp\/v2\/users\/1"}],"replies":[{"embeddable":true,"href":"https:\/\/www.redacteur.com\/blog\/wp-json\/wp\/v2\/comments?post=16165"}],"version-history":[{"count":0,"href":"https:\/\/www.redacteur.com\/blog\/wp-json\/wp\/v2\/posts\/16165\/revisions"}],"wp:featuredmedia":[{"embeddable":true,"href":"https:\/\/www.redacteur.com\/blog\/wp-json\/wp\/v2\/media\/16169"}],"wp:attachment":[{"href":"https:\/\/www.redacteur.com\/blog\/wp-json\/wp\/v2\/media?parent=16165"}],"wp:term":[{"taxonomy":"category","embeddable":true,"href":"https:\/\/www.redacteur.com\/blog\/wp-json\/wp\/v2\/categories?post=16165"},{"taxonomy":"post_tag","embeddable":true,"href":"https:\/\/www.redacteur.com\/blog\/wp-json\/wp\/v2\/tags?post=16165"}],"curies":[{"name":"wp","href":"https:\/\/api.w.org\/{rel}","templated":true}]}}