{"id":16637,"date":"2026-01-16T10:00:00","date_gmt":"2026-01-16T09:00:00","guid":{"rendered":"https:\/\/www.redacteur.com\/blog\/?p=16637"},"modified":"2026-01-16T10:00:00","modified_gmt":"2026-01-16T09:00:00","slug":"mots-cles-principal-secondaire","status":"publish","type":"post","link":"https:\/\/www.redacteur.com\/blog\/mots-cles-principal-secondaire\/","title":{"rendered":"Mot-cl\u00e9 principal et mots-cl\u00e9s secondaires\u00a0: comment les utiliser\u00a0?"},"content":{"rendered":"<p>Si vous \u00eates un peu familier avec le r\u00e9f\u00e9rencement naturel, vous avez d\u00e9j\u00e0 entendu parler des mots-cl\u00e9s. Lorsque vous r\u00e9digez un article, une page de votre site ou encore une fiche produit, vous vous focalisez s\u00fbrement sur les mots-cl\u00e9s \u00e0 utiliser.<\/p>\n<p>Pour autant, faut-il vous concentrer sur un seul mot-cl\u00e9 par contenu&nbsp;? Comment employer les autres mots-cl\u00e9s associ\u00e9s \u00e0 un terme de recherche&nbsp;? Pourriez-vous vous d\u00e9marquer en utilisant des mots-cl\u00e9s secondaires&nbsp;? Nous allons voir quelques astuces pour optimiser votre strat\u00e9gie de mots-cl\u00e9s&nbsp;!<\/p>\n<h2>L\u2019importance de votre mot-cl\u00e9 principal<\/h2>\n<p><img decoding=\"async\" class=\"wp-image-16891 size-full aligncenter\" src=\"https:\/\/www.redacteur.com\/blog\/wp-content\/uploads\/sites\/6\/2019\/08\/courbe-mots-cles-e1566481361340.jpg\" alt=\"courbe de mot cl\u00e9s primaire secondaire de longue traine Google\" width=\"650\" height=\"377\" srcset=\"https:\/\/www.redacteur.com\/blog\/wp-content\/uploads\/sites\/6\/2019\/08\/courbe-mots-cles-e1566481361340.jpg 650w, https:\/\/www.redacteur.com\/blog\/wp-content\/uploads\/sites\/6\/2019\/08\/courbe-mots-cles-e1566481361340-300x174.jpg 300w, https:\/\/www.redacteur.com\/blog\/wp-content\/uploads\/sites\/6\/2019\/08\/courbe-mots-cles-e1566481361340-60x35.jpg 60w, https:\/\/www.redacteur.com\/blog\/wp-content\/uploads\/sites\/6\/2019\/08\/courbe-mots-cles-e1566481361340-370x215.jpg 370w, https:\/\/www.redacteur.com\/blog\/wp-content\/uploads\/sites\/6\/2019\/08\/courbe-mots-cles-e1566481361340-270x157.jpg 270w, https:\/\/www.redacteur.com\/blog\/wp-content\/uploads\/sites\/6\/2019\/08\/courbe-mots-cles-e1566481361340-570x331.jpg 570w\" sizes=\"(max-width: 650px) 100vw, 650px\" \/><\/p>\n<p>Pour chaque nouveau contenu produit, il vous faut identifier un mot-cl\u00e9 principal. Le concept de base du r\u00e9f\u00e9rencement naturel est simple&nbsp;: 1 mot-cl\u00e9&nbsp;= 1 page de votre site internet.<\/p>\n<p>Ce dernier doit \u00eatre choisi <strong>en fonction d\u2019une expression<\/strong> sur laquelle vous souhaitez positionner votre entreprise, mais surtout <strong>en rapport avec le contenu<\/strong> que vous allez r\u00e9diger.<\/p>\n<blockquote><p>N&#8217;essayez pas d\u2019attirer du trafic sur un sujet trop \u00e9loign\u00e9 de votre mot-cl\u00e9. Vous risqueriez de vous d\u00e9cr\u00e9dibiliser aux yeux de votre audience et d\u2019avoir un taux de rebond fort, ce qui serait nocif pour votre SEO.<\/p><\/blockquote>\n<p>Lorsque l\u2019on parle de mot-cl\u00e9 principal, il ne faut pas oublier que l&#8217;on parle d&#8217;une requ\u00eate. Le &#8220;mot-cl\u00e9&#8221; peut \u00eatre compos\u00e9 de plusieurs mots. On parle aussi d&#8217;expression-cl\u00e9 ou de requ\u00eate cible.<\/p>\n<p>Le mot-cl\u00e9 principal sera pr\u00e9sent dans le titre H1 de l&#8217;article, dans le meta title et la meta description ainsi que tout au long de votre contenu. En passant des titres H2 et H3 par le contenu en lui-m\u00eame. Sans aller jusqu&#8217;au bourrage de mot-cl\u00e9 (keyword stuffing), il est essentiel d&#8217;int\u00e9grer votre mot-cl\u00e9 principal \u00e0 de nombreuses reprises pour que votre contenu se r\u00e9f\u00e9rence correctement.<\/p>\n<h2>Les mots-cl\u00e9s secondaires sont-ils utiles \u00e0 votre strat\u00e9gie SEO&nbsp;?<\/h2>\n<p>Les mots-cl\u00e9s secondaires sont des mots-cl\u00e9s en rapport avec le mot-cl\u00e9 principal. Par exemple, si vous souhaitez vous positionner sur le mot-cl\u00e9 principal &#8220;chaussures ouvertes&#8221;, les mots-cl\u00e9s &#8220;sandales&#8221;, &#8220;tongs&#8221;, &#8220;birkenstock&#8221; et &#8220;crocs&#8221; peuvent \u00eatre consid\u00e9r\u00e9s comme des mots-cl\u00e9s secondaires.<\/p>\n<p>L&#8217;objectif des mots-cl\u00e9s secondaire est de faire comprendre aux moteurs de recherche que votre contenu est sp\u00e9cialis\u00e9 sur la th\u00e9matique que vous traitez. Utiliser un champ lexical riche permet d&#8217;int\u00e9grer naturellement des mots-cl\u00e9s secondaires \u00e0 vos contenus.<\/p>\n<p>L&#8217;objectif n&#8217;est pas de positionner un m\u00eame contenu sur plusieurs mots-cl\u00e9s, mais bien d&#8217;enrichir l&#8217;article avec des mots-cl\u00e9s associ\u00e9s. Il est tout de m\u00eame possible d\u2019imaginer une<strong> strat\u00e9gie SEO avec plusieurs mots-cl\u00e9s<\/strong> pour un seul contenu. Toutefois, vous risquez de diluer vos efforts avant m\u00eame d\u2019avoir r\u00e9ussi \u00e0 vous placer sur votre mot-cl\u00e9 principal&nbsp;!<\/p>\n<blockquote><p>Concentrez-vous d\u2019abord sur votre mot-cl\u00e9 principal, publiez votre contenu, puis utilisez les suggestions de Google ou des outils sp\u00e9cialis\u00e9s comme Yourtext.Guru pour <a href=\"https:\/\/www.redacteur.com\/blog\/generateur-mots-cles-seo\/\" target=\"_blank\" rel=\"noopener noreferrer\">d\u00e9terminer les mots-cl\u00e9s<\/a> secondaires pertinents.<\/p><\/blockquote>\n<p>Dans un deuxi\u00e8me temps, il peut \u00eatre int\u00e9ressant de cr\u00e9er un contenu sp\u00e9cifique pour chacun des mots-cl\u00e9s secondaires utilis\u00e9s. Cette strat\u00e9gie vous permettra de cr\u00e9er du maillage interne, c&#8217;est-\u00e0-dire de faire des liens entre vos articles appartenant \u00e0 une m\u00eame th\u00e9matique. On parle alors de clusters SEO ou de silos.<\/p>\n<h3>Boostez votre SEO s\u00e9mantique en pla\u00e7ant vos mots-cl\u00e9s secondaires aux bons endroits<\/h3>\n<p>Une fois que vous avez \u00e9tabli la liste de vos mots-cl\u00e9s secondaires, il va \u00eatre essentiel que ces derniers soient pr\u00e9sents sur votre site web.<\/p>\n<p>Mais, \u00e0 l\u2019instar du mot-cl\u00e9 principal, il y a des lieux o\u00f9 les mots-cl\u00e9s secondaires ont plus de <strong>\u00ab\u2009valeur\u2009\u00bb<\/strong> que d\u2019autres.&nbsp;Ainsi, n\u2019h\u00e9sitez pas \u00e0 utiliser ces derniers dans quelques lieux strat\u00e9giques que sont&nbsp;:<\/p>\n<ul>\n<li><strong>Les titres H2, H3 ou H4<\/strong>&nbsp;: les intertitres sont parfaits pour d\u00e9velopper des mots-cl\u00e9s secondaires et aller chercher du r\u00e9f\u00e9rencement sur des questions ou des mots-cl\u00e9s de la longue tra\u00eene.<\/li>\n<li><strong>Le corps de l&#8217;article<\/strong>&nbsp;: il faut int\u00e9grer dans votre contenu \u00e0 la fois votre mot-cl\u00e9 principal et vos mots-cl\u00e9s secondaires.<\/li>\n<li><strong>Les balises ALT de vos images<\/strong>&nbsp;: beaucoup oublient que les robots Google prennent aussi en consid\u00e9ration les images lorsqu\u2019ils scannent une page. Aussi, si la balise \u00ab\u2009ALT\u2009\u00bb de l\u2019image principale de l\u2019article doit inclure le mot-cl\u00e9 principal, celles des autres images de la page peuvent, peut-\u00eatre, inclure un mot-cl\u00e9 secondaire. Attention \u00e0 ce qui figure sur l\u2019image&nbsp;: le mot-cl\u00e9 doit avoir un minimum de rapport avec ce qui s\u2019affiche\u2009!<\/li>\n<\/ul>\n<p>\u00c9vitez les endroits trop importants pour le r\u00e9f\u00e9rencement afin d&#8217;\u00e9viter de cr\u00e9er de la confusion pour le moteur de recherche. R\u00e9servez ces emplacements pour votre mot-cl\u00e9 principal&nbsp;:<\/p>\n<ul>\n<li><strong>Le titre H1 et le meta title de la page&nbsp;: <\/strong>ce sont assur\u00e9ment eux qui ont le plus d\u2019importance pour un moteur de recherche.<\/li>\n<li><strong>L\u2019URL du site<\/strong>&nbsp;: certains sites font l\u2019erreur de ne pas accorder d\u2019attention aux URLs de leurs pages. Pourtant, il s\u2019agit d\u2019un \u00e9l\u00e9ment primordial qui doit \u00eatre optimis\u00e9 en mati\u00e8re de r\u00e9f\u00e9rencement.<\/li>\n<li><strong>La meta description<\/strong>&nbsp;: bien que le moteur de recherche Google n\u2019affiche plus syst\u00e9matiquement la meta description fournie par le site dans les r\u00e9sultats de recherche, il est important de la r\u00e9diger ne serait-ce que pour y int\u00e9grer des call-to-action qui correspondent \u00e0 vos attentes.<\/li>\n<\/ul>\n<h2>Comment utiliser efficacement les mots-cl\u00e9s principaux et secondaires dans vos contenus en 6 \u00e9tapes&nbsp;?<\/h2>\n<p>Comme Google le sugg\u00e8re r\u00e9guli\u00e8rement, il faut avant tout produire des contenus pour les internautes. Si vous cherchez \u00e0 produire un article complet et de qualit\u00e9, vous y int\u00e9grerez naturellement votre mot-cl\u00e9 principal et vos mots-cl\u00e9s secondaires.<\/p>\n<p>Pour vous aider \u00e0 identifier les mots-cl\u00e9s secondaires, vous pouvez \u00e9galement vous servir d&#8217;outils SEO. Mais gardez \u00e0 l&#8217;esprit que ce ne sont que des outils&nbsp;: il ne faut pas focaliser toute votre strat\u00e9gie SEO sur le fait d&#8217;atteindre des scores d&#8217;outils externes \u00e0 Google.<\/p>\n<h3>\u00c9tape 1&nbsp;: R\u00e9digez sur un sujet pr\u00e9cis<\/h3>\n<p>Au lieu de vous focaliser sur un ou plusieurs mots-cl\u00e9s, optez plut\u00f4t pour <strong>une th\u00e9matique pr\u00e9cise.<\/strong> \u00c9crivez votre contenu naturellement en utilisant un vocabulaire riche en lien avec votre sujet.<\/p>\n<h3>\u00c9tape 2&nbsp;: Analysez le r\u00e9f\u00e9rencement de vos contenus<\/h3>\n<p>Apr\u00e8s la publication de votre contenu, attendez quelques mois et <a href=\"https:\/\/www.redacteur.com\/blog\/mesure-performance-contenu-web\/\" target=\"_blank\" rel=\"noopener noreferrer\">faites un bilan<\/a> afin de d\u00e9terminer le r\u00e9f\u00e9rencement de votre article. Quelles sont les expressions cl\u00e9s qui g\u00e9n\u00e8rent du trafic sur votre article&nbsp;? Une expression en particulier am\u00e8ne-t-elle les internautes sur votre page&nbsp;?<\/p>\n<h3>\u00c9tape 3&nbsp;: Optimisez votre contenu en cons\u00e9quence<\/h3>\n<p>Apr\u00e8s avoir analys\u00e9 le mot-cl\u00e9 principal que les internautes recherchent dans leur navigateur avant d\u2019arriver sur votre site, vous pourrez optimiser votre article en fonction. Ce travail sera d\u2019autant plus pertinent qu\u2019il sera bas\u00e9 sur du r\u00e9el <em>a posteriori<\/em> et non sur des hypoth\u00e8ses.<\/p>\n<p>Ensuite, si vous souhaitez vous positionner sur des mots-cl\u00e9s secondaires, utilisez les expressions cl\u00e9s annexes qui drainent du trafic sur votre site soit pour enrichir vos contenus existants, soit pour cr\u00e9er de nouveaux contenus.<\/p>\n<h3>\u00c9tape 4&nbsp;: Incluez vos mots-cl\u00e9s secondaires dans vos sous-titres<\/h3>\n<p>Si vous r\u00e9digez des articles et que vous les optimisez pour les moteurs de recherche, vous devez avoir recours \u00e0 des sous-titres pour classer et hi\u00e9rarchiser vos informations. Eh bien, ces sous-titres peuvent vous servir \u00e0 placer des mots-cl\u00e9s secondaires&nbsp;! Si ces derniers sont bien choisis, cela devrait aider Google \u00e0 mieux comprendre de quoi traite votre contenu et donc \u00e0 mieux le r\u00e9f\u00e9rencer.<\/p>\n<p>Les sous-titres sont parfaits pour int\u00e9grer des questions. Certains internautes r\u00e9digent leurs requ\u00eates sur les moteurs de recherche sous forme de questions. N&#8217;h\u00e9sitez pas \u00e0 en faire autant avec vos sous-titres en incluant des mots-cl\u00e9s secondaires pour optimiser l&#8217;indexation de votre contenu par les robots de Google.<\/p>\n<h3>\u00c9tape 5&nbsp;: Posez le contexte en les utilisant dans l\u2019introduction<\/h3>\n<p>Selon certaines sources, Google accorde davantage d\u2019importance aux mots pr\u00e9sents dans le premier paragraphe de votre contenu ainsi qu&#8217;aux premiers liens pour transmettre du &#8220;jus SEO&#8221;. C\u2019est l\u00e0 que vous devez faire jouer le champ s\u00e9mantique.<\/p>\n<h3>\u00c9tape 6&nbsp;: Utilisez vos mots-cl\u00e9s secondaires comme texte d\u2019ancrage<\/h3>\n<p>D\u00e8s lors que ceci est pertinent, vous pouvez utiliser vos mots-cl\u00e9s dans les textes d\u2019ancrage servant \u00e0 lier les diff\u00e9rentes pages de votre site. Ainsi, vous aiderez Google \u00e0 comprendre de quoi parle la page de destination.<\/p>\n<h2>Notre astuce pour bien utiliser votre mot-cl\u00e9 principal et vos mots-cl\u00e9s secondaires<\/h2>\n<p>Au m\u00eame titre que votre mot-cl\u00e9 principal, les mots-cl\u00e9s secondaires font partie int\u00e9grante de votre strat\u00e9gie SEO. Il est essentiel de les travailler afin de bien r\u00e9f\u00e9rencer vos contenus sur Google. Mais il n&#8217;est pas toujours facile de r\u00e9diger de mani\u00e8re fluide et naturelle lorsqu&#8217;on doit r\u00e9fl\u00e9chir en m\u00eame temps au SEO.<\/p>\n<p><a href=\"https:\/\/www.redacteur.com\">Redacteur.com<\/a> vous permet d&#8217;obtenir des textes optimis\u00e9s SEO avec des mots-cl\u00e9s principaux et mots-cl\u00e9s secondaires correctement r\u00e9partis dans vos articles. Pr\u00e9parez simplement un brief avec la liste de vos mots-cl\u00e9s principaux et secondaires et faites r\u00e9diger vos contenus par des r\u00e9dacteurs sp\u00e9cialis\u00e9s dans votre th\u00e9matique.<\/p>\n","protected":false},"excerpt":{"rendered":"<p>Si vous \u00eates un peu familier avec le r\u00e9f\u00e9rencement naturel, vous avez d\u00e9j\u00e0 entendu parler des mots-cl\u00e9s. Lorsque vous r\u00e9digez un article, une page de votre site ou encore une fiche produit, vous vous focalisez s\u00fbrement sur les mots-cl\u00e9s \u00e0 utiliser. Pour autant, faut-il vous concentrer sur un seul mot-cl\u00e9 par contenu&nbsp;? Comment employer les [&hellip;]<\/p>\n","protected":false},"author":1,"featured_media":41389,"comment_status":"open","ping_status":"open","sticky":false,"template":"","format":"standard","meta":{"_acf_changed":false,"inline_featured_image":false,"footnotes":""},"categories":[28],"tags":[],"class_list":["post-16637","post","type-post","status-publish","format-standard","has-post-thumbnail","hentry","category-mots-cles"],"acf":[],"yoast_head":"<!-- This site is optimized with the Yoast SEO plugin v25.9 - https:\/\/yoast.com\/wordpress\/plugins\/seo\/ -->\n<title>Mot-cl\u00e9 principal et mots-cl\u00e9s secondaires\u00a0: comment les utiliser\u00a0?<\/title>\n<meta name=\"description\" content=\"Les mots-cl\u00e9s secondaires sont des mots-cl\u00e9s qui viennent enrichir le champ s\u00e9mantique de votre mot-cl\u00e9 principal.\" \/>\n<meta name=\"robots\" content=\"index, follow, max-snippet:-1, max-image-preview:large, max-video-preview:-1\" \/>\n<link rel=\"canonical\" href=\"https:\/\/www.redacteur.com\/blog\/mots-cles-principal-secondaire\/\" \/>\n<meta property=\"og:locale\" content=\"fr_FR\" \/>\n<meta property=\"og:type\" content=\"article\" \/>\n<meta property=\"og:title\" content=\"Mot-cl\u00e9 principal et mots-cl\u00e9s secondaires\u00a0: comment les utiliser\u00a0?\" \/>\n<meta property=\"og:description\" content=\"Les mots-cl\u00e9s secondaires sont des mots-cl\u00e9s qui viennent enrichir le champ s\u00e9mantique de votre mot-cl\u00e9 principal.\" \/>\n<meta property=\"og:url\" content=\"https:\/\/www.redacteur.com\/blog\/mots-cles-principal-secondaire\/\" \/>\n<meta property=\"og:site_name\" content=\"Redacteur.com\" \/>\n<meta property=\"article:publisher\" content=\"https:\/\/www.facebook.com\/redacteurcom\" \/>\n<meta property=\"article:published_time\" content=\"2026-01-16T09:00:00+00:00\" \/>\n<meta property=\"og:image\" content=\"https:\/\/www.redacteur.com\/blog\/wp-content\/uploads\/sites\/6\/2023\/10\/mots-cles-principal-secondaire.png\" \/>\n\t<meta property=\"og:image:width\" content=\"1200\" \/>\n\t<meta property=\"og:image:height\" content=\"675\" \/>\n\t<meta property=\"og:image:type\" content=\"image\/png\" \/>\n<meta name=\"author\" content=\"Laura Michaud\" \/>\n<meta name=\"twitter:card\" content=\"summary_large_image\" \/>\n<meta name=\"twitter:creator\" content=\"@Redacteurcom\" \/>\n<meta name=\"twitter:site\" content=\"@Redacteurcom\" \/>\n<meta name=\"twitter:label1\" content=\"\u00c9crit par\" \/>\n\t<meta name=\"twitter:data1\" content=\"Laura Michaud\" \/>\n\t<meta name=\"twitter:label2\" content=\"Dur\u00e9e de lecture estim\u00e9e\" \/>\n\t<meta name=\"twitter:data2\" content=\"8 minutes\" \/>\n<script type=\"application\/ld+json\" class=\"yoast-schema-graph\">{\"@context\":\"https:\/\/schema.org\",\"@graph\":[{\"@type\":\"Article\",\"@id\":\"https:\/\/www.redacteur.com\/blog\/mots-cles-principal-secondaire\/#article\",\"isPartOf\":{\"@id\":\"https:\/\/www.redacteur.com\/blog\/mots-cles-principal-secondaire\/\"},\"author\":{\"name\":\"Laura Michaud\",\"@id\":\"https:\/\/www.redacteur.com\/blog\/#\/schema\/person\/33c0ef04707fbe50a096f282050bb5f2\"},\"headline\":\"Mot-cl\u00e9 principal et mots-cl\u00e9s secondaires\u00a0: comment les utiliser\u00a0?\",\"datePublished\":\"2026-01-16T09:00:00+00:00\",\"mainEntityOfPage\":{\"@id\":\"https:\/\/www.redacteur.com\/blog\/mots-cles-principal-secondaire\/\"},\"wordCount\":1601,\"commentCount\":1,\"publisher\":{\"@id\":\"https:\/\/www.redacteur.com\/blog\/#organization\"},\"image\":{\"@id\":\"https:\/\/www.redacteur.com\/blog\/mots-cles-principal-secondaire\/#primaryimage\"},\"thumbnailUrl\":\"https:\/\/www.redacteur.com\/blog\/wp-content\/uploads\/sites\/6\/2023\/10\/mots-cles-principal-secondaire.png\",\"articleSection\":[\"Mots-cl\u00e9s\"],\"inLanguage\":\"fr-FR\",\"potentialAction\":[{\"@type\":\"CommentAction\",\"name\":\"Comment\",\"target\":[\"https:\/\/www.redacteur.com\/blog\/mots-cles-principal-secondaire\/#respond\"]}]},{\"@type\":\"WebPage\",\"@id\":\"https:\/\/www.redacteur.com\/blog\/mots-cles-principal-secondaire\/\",\"url\":\"https:\/\/www.redacteur.com\/blog\/mots-cles-principal-secondaire\/\",\"name\":\"Mot-cl\u00e9 principal et mots-cl\u00e9s secondaires\u00a0: comment les utiliser\u00a0?\",\"isPartOf\":{\"@id\":\"https:\/\/www.redacteur.com\/blog\/#website\"},\"primaryImageOfPage\":{\"@id\":\"https:\/\/www.redacteur.com\/blog\/mots-cles-principal-secondaire\/#primaryimage\"},\"image\":{\"@id\":\"https:\/\/www.redacteur.com\/blog\/mots-cles-principal-secondaire\/#primaryimage\"},\"thumbnailUrl\":\"https:\/\/www.redacteur.com\/blog\/wp-content\/uploads\/sites\/6\/2023\/10\/mots-cles-principal-secondaire.png\",\"datePublished\":\"2026-01-16T09:00:00+00:00\",\"description\":\"Les mots-cl\u00e9s secondaires sont des mots-cl\u00e9s qui viennent enrichir le champ s\u00e9mantique de votre mot-cl\u00e9 principal.\",\"breadcrumb\":{\"@id\":\"https:\/\/www.redacteur.com\/blog\/mots-cles-principal-secondaire\/#breadcrumb\"},\"inLanguage\":\"fr-FR\",\"potentialAction\":[{\"@type\":\"ReadAction\",\"target\":[\"https:\/\/www.redacteur.com\/blog\/mots-cles-principal-secondaire\/\"]}]},{\"@type\":\"ImageObject\",\"inLanguage\":\"fr-FR\",\"@id\":\"https:\/\/www.redacteur.com\/blog\/mots-cles-principal-secondaire\/#primaryimage\",\"url\":\"https:\/\/www.redacteur.com\/blog\/wp-content\/uploads\/sites\/6\/2023\/10\/mots-cles-principal-secondaire.png\",\"contentUrl\":\"https:\/\/www.redacteur.com\/blog\/wp-content\/uploads\/sites\/6\/2023\/10\/mots-cles-principal-secondaire.png\",\"width\":1200,\"height\":675,\"caption\":\"mot-cl\u00e9 principal mots-cl\u00e9s secondaires\"},{\"@type\":\"BreadcrumbList\",\"@id\":\"https:\/\/www.redacteur.com\/blog\/mots-cles-principal-secondaire\/#breadcrumb\",\"itemListElement\":[{\"@type\":\"ListItem\",\"position\":1,\"name\":\"Blog\",\"item\":\"https:\/\/www.redacteur.com\/blog\/\"},{\"@type\":\"ListItem\",\"position\":2,\"name\":\"Strat\u00e9gie SEO\",\"item\":\"https:\/\/www.redacteur.com\/blog\/seo\/\"},{\"@type\":\"ListItem\",\"position\":3,\"name\":\"Mots-cl\u00e9s\",\"item\":\"https:\/\/www.redacteur.com\/blog\/seo\/mots-cles\/\"},{\"@type\":\"ListItem\",\"position\":4,\"name\":\"Mot-cl\u00e9 principal et mots-cl\u00e9s secondaires\u00a0: comment les utiliser\u00a0?\"}]},{\"@type\":\"WebSite\",\"@id\":\"https:\/\/www.redacteur.com\/blog\/#website\",\"url\":\"https:\/\/www.redacteur.com\/blog\/\",\"name\":\"Redacteur.com\",\"description\":\"redacteur\",\"publisher\":{\"@id\":\"https:\/\/www.redacteur.com\/blog\/#organization\"},\"potentialAction\":[{\"@type\":\"SearchAction\",\"target\":{\"@type\":\"EntryPoint\",\"urlTemplate\":\"https:\/\/www.redacteur.com\/blog\/?s={search_term_string}\"},\"query-input\":{\"@type\":\"PropertyValueSpecification\",\"valueRequired\":true,\"valueName\":\"search_term_string\"}}],\"inLanguage\":\"fr-FR\"},{\"@type\":\"Organization\",\"@id\":\"https:\/\/www.redacteur.com\/blog\/#organization\",\"name\":\"Redacteur.com\",\"url\":\"https:\/\/www.redacteur.com\/blog\/\",\"logo\":{\"@type\":\"ImageObject\",\"inLanguage\":\"fr-FR\",\"@id\":\"https:\/\/www.redacteur.com\/blog\/#\/schema\/logo\/image\/\",\"url\":\"https:\/\/www.redacteur.com\/blog\/wp-content\/uploads\/sites\/6\/2022\/10\/logo-redacteur-blog.svg\",\"contentUrl\":\"https:\/\/www.redacteur.com\/blog\/wp-content\/uploads\/sites\/6\/2022\/10\/logo-redacteur-blog.svg\",\"width\":1,\"height\":1,\"caption\":\"Redacteur.com\"},\"image\":{\"@id\":\"https:\/\/www.redacteur.com\/blog\/#\/schema\/logo\/image\/\"},\"sameAs\":[\"https:\/\/www.facebook.com\/redacteurcom\",\"https:\/\/x.com\/Redacteurcom\",\"https:\/\/www.linkedin.com\/company\/redacteur-com\",\"https:\/\/www.youtube.com\/channel\/UCgj9ySM9xy3gdL8qBafl9Uw\/\"]},{\"@type\":\"Person\",\"@id\":\"https:\/\/www.redacteur.com\/blog\/#\/schema\/person\/33c0ef04707fbe50a096f282050bb5f2\",\"name\":\"Laura Michaud\",\"image\":{\"@type\":\"ImageObject\",\"inLanguage\":\"fr-FR\",\"@id\":\"https:\/\/www.redacteur.com\/blog\/#\/schema\/person\/image\/\",\"url\":\"https:\/\/secure.gravatar.com\/avatar\/c3328cc0c887f98cec6b2979af3311ab6333fc7cc2d4847514cfec6a56fa08a7?s=96&d=mm&r=g\",\"contentUrl\":\"https:\/\/secure.gravatar.com\/avatar\/c3328cc0c887f98cec6b2979af3311ab6333fc7cc2d4847514cfec6a56fa08a7?s=96&d=mm&r=g\",\"caption\":\"Laura Michaud\"},\"description\":\"Laura connait tous les meilleurs outils pour g\u00e9rer des projets et une entreprise. Cr\u00e9ative, c'est aussi une sp\u00e9cialiste des outils de cr\u00e9ation graphique pour faire briller une entreprise.\",\"sameAs\":[\"https:\/\/www.linkedin.com\/in\/michaudlaura\/\"],\"url\":\"https:\/\/www.redacteur.com\/blog\/author\/laura\/\"}]}<\/script>\n<!-- \/ Yoast SEO plugin. -->","yoast_head_json":{"title":"Mot-cl\u00e9 principal et mots-cl\u00e9s secondaires\u00a0: comment les utiliser\u00a0?","description":"Les mots-cl\u00e9s secondaires sont des mots-cl\u00e9s qui viennent enrichir le champ s\u00e9mantique de votre mot-cl\u00e9 principal.","robots":{"index":"index","follow":"follow","max-snippet":"max-snippet:-1","max-image-preview":"max-image-preview:large","max-video-preview":"max-video-preview:-1"},"canonical":"https:\/\/www.redacteur.com\/blog\/mots-cles-principal-secondaire\/","og_locale":"fr_FR","og_type":"article","og_title":"Mot-cl\u00e9 principal et mots-cl\u00e9s secondaires\u00a0: comment les utiliser\u00a0?","og_description":"Les mots-cl\u00e9s secondaires sont des mots-cl\u00e9s qui viennent enrichir le champ s\u00e9mantique de votre mot-cl\u00e9 principal.","og_url":"https:\/\/www.redacteur.com\/blog\/mots-cles-principal-secondaire\/","og_site_name":"Redacteur.com","article_publisher":"https:\/\/www.facebook.com\/redacteurcom","article_published_time":"2026-01-16T09:00:00+00:00","og_image":[{"width":1200,"height":675,"url":"https:\/\/www.redacteur.com\/blog\/wp-content\/uploads\/sites\/6\/2023\/10\/mots-cles-principal-secondaire.png","type":"image\/png"}],"author":"Laura Michaud","twitter_card":"summary_large_image","twitter_creator":"@Redacteurcom","twitter_site":"@Redacteurcom","twitter_misc":{"\u00c9crit par":"Laura Michaud","Dur\u00e9e de lecture estim\u00e9e":"8 minutes"},"schema":{"@context":"https:\/\/schema.org","@graph":[{"@type":"Article","@id":"https:\/\/www.redacteur.com\/blog\/mots-cles-principal-secondaire\/#article","isPartOf":{"@id":"https:\/\/www.redacteur.com\/blog\/mots-cles-principal-secondaire\/"},"author":{"name":"Laura Michaud","@id":"https:\/\/www.redacteur.com\/blog\/#\/schema\/person\/33c0ef04707fbe50a096f282050bb5f2"},"headline":"Mot-cl\u00e9 principal et mots-cl\u00e9s secondaires\u00a0: comment les utiliser\u00a0?","datePublished":"2026-01-16T09:00:00+00:00","mainEntityOfPage":{"@id":"https:\/\/www.redacteur.com\/blog\/mots-cles-principal-secondaire\/"},"wordCount":1601,"commentCount":1,"publisher":{"@id":"https:\/\/www.redacteur.com\/blog\/#organization"},"image":{"@id":"https:\/\/www.redacteur.com\/blog\/mots-cles-principal-secondaire\/#primaryimage"},"thumbnailUrl":"https:\/\/www.redacteur.com\/blog\/wp-content\/uploads\/sites\/6\/2023\/10\/mots-cles-principal-secondaire.png","articleSection":["Mots-cl\u00e9s"],"inLanguage":"fr-FR","potentialAction":[{"@type":"CommentAction","name":"Comment","target":["https:\/\/www.redacteur.com\/blog\/mots-cles-principal-secondaire\/#respond"]}]},{"@type":"WebPage","@id":"https:\/\/www.redacteur.com\/blog\/mots-cles-principal-secondaire\/","url":"https:\/\/www.redacteur.com\/blog\/mots-cles-principal-secondaire\/","name":"Mot-cl\u00e9 principal et mots-cl\u00e9s secondaires\u00a0: comment les utiliser\u00a0?","isPartOf":{"@id":"https:\/\/www.redacteur.com\/blog\/#website"},"primaryImageOfPage":{"@id":"https:\/\/www.redacteur.com\/blog\/mots-cles-principal-secondaire\/#primaryimage"},"image":{"@id":"https:\/\/www.redacteur.com\/blog\/mots-cles-principal-secondaire\/#primaryimage"},"thumbnailUrl":"https:\/\/www.redacteur.com\/blog\/wp-content\/uploads\/sites\/6\/2023\/10\/mots-cles-principal-secondaire.png","datePublished":"2026-01-16T09:00:00+00:00","description":"Les mots-cl\u00e9s secondaires sont des mots-cl\u00e9s qui viennent enrichir le champ s\u00e9mantique de votre mot-cl\u00e9 principal.","breadcrumb":{"@id":"https:\/\/www.redacteur.com\/blog\/mots-cles-principal-secondaire\/#breadcrumb"},"inLanguage":"fr-FR","potentialAction":[{"@type":"ReadAction","target":["https:\/\/www.redacteur.com\/blog\/mots-cles-principal-secondaire\/"]}]},{"@type":"ImageObject","inLanguage":"fr-FR","@id":"https:\/\/www.redacteur.com\/blog\/mots-cles-principal-secondaire\/#primaryimage","url":"https:\/\/www.redacteur.com\/blog\/wp-content\/uploads\/sites\/6\/2023\/10\/mots-cles-principal-secondaire.png","contentUrl":"https:\/\/www.redacteur.com\/blog\/wp-content\/uploads\/sites\/6\/2023\/10\/mots-cles-principal-secondaire.png","width":1200,"height":675,"caption":"mot-cl\u00e9 principal mots-cl\u00e9s secondaires"},{"@type":"BreadcrumbList","@id":"https:\/\/www.redacteur.com\/blog\/mots-cles-principal-secondaire\/#breadcrumb","itemListElement":[{"@type":"ListItem","position":1,"name":"Blog","item":"https:\/\/www.redacteur.com\/blog\/"},{"@type":"ListItem","position":2,"name":"Strat\u00e9gie SEO","item":"https:\/\/www.redacteur.com\/blog\/seo\/"},{"@type":"ListItem","position":3,"name":"Mots-cl\u00e9s","item":"https:\/\/www.redacteur.com\/blog\/seo\/mots-cles\/"},{"@type":"ListItem","position":4,"name":"Mot-cl\u00e9 principal et mots-cl\u00e9s secondaires\u00a0: comment les utiliser\u00a0?"}]},{"@type":"WebSite","@id":"https:\/\/www.redacteur.com\/blog\/#website","url":"https:\/\/www.redacteur.com\/blog\/","name":"Redacteur.com","description":"redacteur","publisher":{"@id":"https:\/\/www.redacteur.com\/blog\/#organization"},"potentialAction":[{"@type":"SearchAction","target":{"@type":"EntryPoint","urlTemplate":"https:\/\/www.redacteur.com\/blog\/?s={search_term_string}"},"query-input":{"@type":"PropertyValueSpecification","valueRequired":true,"valueName":"search_term_string"}}],"inLanguage":"fr-FR"},{"@type":"Organization","@id":"https:\/\/www.redacteur.com\/blog\/#organization","name":"Redacteur.com","url":"https:\/\/www.redacteur.com\/blog\/","logo":{"@type":"ImageObject","inLanguage":"fr-FR","@id":"https:\/\/www.redacteur.com\/blog\/#\/schema\/logo\/image\/","url":"https:\/\/www.redacteur.com\/blog\/wp-content\/uploads\/sites\/6\/2022\/10\/logo-redacteur-blog.svg","contentUrl":"https:\/\/www.redacteur.com\/blog\/wp-content\/uploads\/sites\/6\/2022\/10\/logo-redacteur-blog.svg","width":1,"height":1,"caption":"Redacteur.com"},"image":{"@id":"https:\/\/www.redacteur.com\/blog\/#\/schema\/logo\/image\/"},"sameAs":["https:\/\/www.facebook.com\/redacteurcom","https:\/\/x.com\/Redacteurcom","https:\/\/www.linkedin.com\/company\/redacteur-com","https:\/\/www.youtube.com\/channel\/UCgj9ySM9xy3gdL8qBafl9Uw\/"]},{"@type":"Person","@id":"https:\/\/www.redacteur.com\/blog\/#\/schema\/person\/33c0ef04707fbe50a096f282050bb5f2","name":"Laura Michaud","image":{"@type":"ImageObject","inLanguage":"fr-FR","@id":"https:\/\/www.redacteur.com\/blog\/#\/schema\/person\/image\/","url":"https:\/\/secure.gravatar.com\/avatar\/c3328cc0c887f98cec6b2979af3311ab6333fc7cc2d4847514cfec6a56fa08a7?s=96&d=mm&r=g","contentUrl":"https:\/\/secure.gravatar.com\/avatar\/c3328cc0c887f98cec6b2979af3311ab6333fc7cc2d4847514cfec6a56fa08a7?s=96&d=mm&r=g","caption":"Laura Michaud"},"description":"Laura connait tous les meilleurs outils pour g\u00e9rer des projets et une entreprise. Cr\u00e9ative, c'est aussi une sp\u00e9cialiste des outils de cr\u00e9ation graphique pour faire briller une entreprise.","sameAs":["https:\/\/www.linkedin.com\/in\/michaudlaura\/"],"url":"https:\/\/www.redacteur.com\/blog\/author\/laura\/"}]}},"_links":{"self":[{"href":"https:\/\/www.redacteur.com\/blog\/wp-json\/wp\/v2\/posts\/16637","targetHints":{"allow":["GET"]}}],"collection":[{"href":"https:\/\/www.redacteur.com\/blog\/wp-json\/wp\/v2\/posts"}],"about":[{"href":"https:\/\/www.redacteur.com\/blog\/wp-json\/wp\/v2\/types\/post"}],"author":[{"embeddable":true,"href":"https:\/\/www.redacteur.com\/blog\/wp-json\/wp\/v2\/users\/1"}],"replies":[{"embeddable":true,"href":"https:\/\/www.redacteur.com\/blog\/wp-json\/wp\/v2\/comments?post=16637"}],"version-history":[{"count":0,"href":"https:\/\/www.redacteur.com\/blog\/wp-json\/wp\/v2\/posts\/16637\/revisions"}],"wp:featuredmedia":[{"embeddable":true,"href":"https:\/\/www.redacteur.com\/blog\/wp-json\/wp\/v2\/media\/41389"}],"wp:attachment":[{"href":"https:\/\/www.redacteur.com\/blog\/wp-json\/wp\/v2\/media?parent=16637"}],"wp:term":[{"taxonomy":"category","embeddable":true,"href":"https:\/\/www.redacteur.com\/blog\/wp-json\/wp\/v2\/categories?post=16637"},{"taxonomy":"post_tag","embeddable":true,"href":"https:\/\/www.redacteur.com\/blog\/wp-json\/wp\/v2\/tags?post=16637"}],"curies":[{"name":"wp","href":"https:\/\/api.w.org\/{rel}","templated":true}]}}