{"id":17102,"date":"2025-01-01T09:09:00","date_gmt":"2025-01-01T08:09:00","guid":{"rendered":"https:\/\/www.redacteur.com\/blog\/?p=17102"},"modified":"2025-08-20T14:43:22","modified_gmt":"2025-08-20T12:43:22","slug":"quand-publier-facebook-instagram-twitter-linkedin","status":"publish","type":"post","link":"https:\/\/www.redacteur.com\/blog\/quand-publier-facebook-instagram-twitter-linkedin\/","title":{"rendered":"Quand publier sur Facebook, Instagram, Twitter et LinkedIn en 2025&nbsp;?"},"content":{"rendered":"<p>Les r\u00e9seaux sociaux sont nombreux et aujourd\u2019hui, il serait une erreur de les exclure de votre <a href=\"https:\/\/www.redacteur.com\/blog\/contenus-a-partager-reseaux-sociaux\/\">strat\u00e9gie de communication. <\/a><\/p>\n<p>Une fois que vous avez choisi le contenu \u00e0 partager, il vous faut d\u00e9terminer \u00e0 <strong>quel moment les publier<\/strong>. Celui-ci d\u00e9pend de la cible \u00e0 atteindre et du r\u00e9seau social concern\u00e9.<\/p>\n<p><strong>Voici quand publier sur <a href=\"https:\/\/www.redacteur.com\/blog\/facebook-page-entreprise-ou-groupe\/\">Facebook<\/a>, Instagram, Twitter et LinkedIn.<\/strong><\/p>\n<h2>1. Facebook, un algorithme \u00e0 contourner<\/h2>\n<p><img decoding=\"async\" class=\"aligncenter wp-image-39684 size-full\" src=\"https:\/\/www.redacteur.com\/blog\/wp-content\/uploads\/sites\/6\/2023\/01\/1200x680_sc_maxnewsfrfour830680.jpg\" alt=\"\" width=\"1200\" height=\"680\" srcset=\"https:\/\/www.redacteur.com\/blog\/wp-content\/uploads\/sites\/6\/2023\/01\/1200x680_sc_maxnewsfrfour830680.jpg 1200w, https:\/\/www.redacteur.com\/blog\/wp-content\/uploads\/sites\/6\/2023\/01\/1200x680_sc_maxnewsfrfour830680-300x170.jpg 300w, https:\/\/www.redacteur.com\/blog\/wp-content\/uploads\/sites\/6\/2023\/01\/1200x680_sc_maxnewsfrfour830680-1024x580.jpg 1024w, https:\/\/www.redacteur.com\/blog\/wp-content\/uploads\/sites\/6\/2023\/01\/1200x680_sc_maxnewsfrfour830680-768x435.jpg 768w, https:\/\/www.redacteur.com\/blog\/wp-content\/uploads\/sites\/6\/2023\/01\/1200x680_sc_maxnewsfrfour830680-60x34.jpg 60w, https:\/\/www.redacteur.com\/blog\/wp-content\/uploads\/sites\/6\/2023\/01\/1200x680_sc_maxnewsfrfour830680-370x210.jpg 370w, https:\/\/www.redacteur.com\/blog\/wp-content\/uploads\/sites\/6\/2023\/01\/1200x680_sc_maxnewsfrfour830680-270x153.jpg 270w, https:\/\/www.redacteur.com\/blog\/wp-content\/uploads\/sites\/6\/2023\/01\/1200x680_sc_maxnewsfrfour830680-570x323.jpg 570w, https:\/\/www.redacteur.com\/blog\/wp-content\/uploads\/sites\/6\/2023\/01\/1200x680_sc_maxnewsfrfour830680-740x419.jpg 740w\" sizes=\"(max-width: 1200px) 100vw, 1200px\" \/><\/p>\n<p><a href=\"https:\/\/www.redacteur.com\/blog\/engagement-fans-facebook\/\">Facebook<\/a> modifie r\u00e9guli\u00e8rement<strong>\u00a0son algorithme de flux d\u2019actualit\u00e9s.<\/strong> L\u2019objectif est de donner la priorit\u00e9 aux interactions dites significatives de la famille et des amis, par rapport au contenu des marques. Pour ces derni\u00e8res, il devient tr\u00e8s difficile de faire passer leur contenu sans mettre la main au porte-monnaie.<\/p>\n<blockquote><p>Facebook propose aux professionnels de payer pour une diffusion accrue de leur contenu et tend \u00e0 bannir les publications d\u2019entreprise. Le ph\u00e9nom\u00e8ne est r\u00e9duit si le contenu est de qualit\u00e9, mais il faut le plus souvent trouver des solutions alternatives pour \u00eatre lu.<\/p><\/blockquote>\n<p>En plus de <a href=\"https:\/\/www.redacteur.com\/steps\/orders\/new\" target=\"_blank\" rel=\"noopener noreferrer\">r\u00e9diger un contenu de grande qualit\u00e9<\/a>, pour \u00eatre lu, il faut publier au bon horaire.<\/p>\n<ul>\n<li>Les marques B2B ont tout int\u00e9r\u00eat \u00e0 publier leurs contenus entre <strong>9h00 et 14h00.<\/strong><\/li>\n<li>Les marques B2C devraient publier leurs contenus vers <strong>13 h et 16 h ; le week-end, id\u00e9alement entre 12 h et 13 h.<\/strong><\/li>\n<\/ul>\n<p>Le jour de la semaine a aussi une importance.<\/p>\n<ul>\n<li>Les marques B2B ont plus de chance d\u2019\u00eatre lues si les contenus sont publi\u00e9s le <strong>mardi, mercredi et jeudi.<\/strong><\/li>\n<li>Les marques B2C devraient quant \u00e0 elles publier leurs contenus <strong>le lundi, le mardi et le mercredi \u00e0 midi ; le jeudi et le vendredi possible.<\/strong><\/li>\n<\/ul>\n<p>Il faut savoir que<strong> 2 utilisateurs de Facebook sur 4<\/strong> vont sur ce r\u00e9seau social chaque jour et que pr\u00e8s de 9 utilisateurs sur 10 consultent leur profil via un appareil mobile.<\/p>\n<blockquote><p>\u00c0 lire aussi&nbsp;:\u00a0<a href=\"https:\/\/www.redacteur.com\/blog\/social-commerce-comment-vendre-reseaux-sociaux\/\">Social commerce\u00a0: comment vendre sur les r\u00e9seaux sociaux\u00a0?<\/a><\/p><\/blockquote>\n<h2>2. Instagram, toucher sa cible<\/h2>\n<p><img decoding=\"async\" class=\"aligncenter wp-image-39686 size-full\" src=\"https:\/\/www.redacteur.com\/blog\/wp-content\/uploads\/sites\/6\/2023\/01\/logo-instagram.jpg\" alt=\"\" width=\"1920\" height=\"1080\" srcset=\"https:\/\/www.redacteur.com\/blog\/wp-content\/uploads\/sites\/6\/2023\/01\/logo-instagram.jpg 1920w, https:\/\/www.redacteur.com\/blog\/wp-content\/uploads\/sites\/6\/2023\/01\/logo-instagram-300x169.jpg 300w, https:\/\/www.redacteur.com\/blog\/wp-content\/uploads\/sites\/6\/2023\/01\/logo-instagram-1024x576.jpg 1024w, https:\/\/www.redacteur.com\/blog\/wp-content\/uploads\/sites\/6\/2023\/01\/logo-instagram-768x432.jpg 768w, https:\/\/www.redacteur.com\/blog\/wp-content\/uploads\/sites\/6\/2023\/01\/logo-instagram-1536x864.jpg 1536w, https:\/\/www.redacteur.com\/blog\/wp-content\/uploads\/sites\/6\/2023\/01\/logo-instagram-60x34.jpg 60w, https:\/\/www.redacteur.com\/blog\/wp-content\/uploads\/sites\/6\/2023\/01\/logo-instagram-370x208.jpg 370w, https:\/\/www.redacteur.com\/blog\/wp-content\/uploads\/sites\/6\/2023\/01\/logo-instagram-270x152.jpg 270w, https:\/\/www.redacteur.com\/blog\/wp-content\/uploads\/sites\/6\/2023\/01\/logo-instagram-570x321.jpg 570w, https:\/\/www.redacteur.com\/blog\/wp-content\/uploads\/sites\/6\/2023\/01\/logo-instagram-740x416.jpg 740w\" sizes=\"(max-width: 1920px) 100vw, 1920px\" \/><\/p>\n<p><a href=\"https:\/\/www.redacteur.com\/blog\/strategie-content-marketing-instagram\/\">Instagram<\/a> est un r\u00e9seau social qui gagne en importance. Il est tr\u00e8s pris\u00e9 par l\u2019ensemble des g\u00e9n\u00e9rations. Sur ce support, qui met surtout en avant le visuel, le meilleur moment pour poster d\u00e9pend de votre activit\u00e9.<\/p>\n<p>Sur Instagram, les publications sont class\u00e9es par ordre chronologique. Pour atteindre le plus de personnes, il suffit de publier un contenu au moment o\u00f9 l\u2019audience est la plus importante.<\/p>\n<p>Voici quelques rep\u00e8res \u00e0 prendre en consid\u00e9ration&nbsp;:<\/p>\n<ul>\n<li>Les <a href=\"https:\/\/www.redacteur.com\/blog\/entreprise-comment-communiquer-instagram-b2b\/\">entreprises<\/a> du secteur de l\u2019alimentation ont tout int\u00e9r\u00eat \u00e0 publier vers<strong> 12h00.<\/strong><\/li>\n<li>Les entreprises li\u00e9es \u00e0 l\u2019activit\u00e9 scolaire ou aux services aux familles devraient poster entre <strong>16h00 et 17h00.<\/strong><\/li>\n<li>L\u2019industrie du tourisme doit se concentrer sur le vendredi, de pr\u00e9f\u00e9rence entre <strong>9h00 et 13h00.<\/strong><\/li>\n<li>Le monde des m\u00e9dias doit privil\u00e9gier les publications entre <strong>12h00 et 15h00.<\/strong><\/li>\n<li>Les services professionnels devraient poster les lundi, mardi et mercredi entre <strong>9h00 et 10h00.<\/strong><\/li>\n<li>Le monde de la sant\u00e9 doit favoriser les publications \u00e0 <strong>9h00,<\/strong> le mercredi et le dimanche.<\/li>\n<\/ul>\n<p>Si vous avez un doute sur le meilleur moment pour publier, <strong>postez vos contenus en semaine \u00e0 12h00<\/strong>. C\u2019est \u00e0 cet horaire que vous avez le plus de chance d\u2019\u00eatre vu&nbsp;!<\/p>\n<blockquote><p>\u00c0 lire aussi&nbsp;: <a href=\"https:\/\/www.redacteur.com\/blog\/social-media-astuces-generer-trafic-stories-instagram\/\">Social Media&nbsp;: 5 astuces pour g\u00e9n\u00e9rer du trafic sur vos stories Instagram<\/a><\/p><\/blockquote>\n<h2>3. X (ex-Twitter), les messages \u00e9ph\u00e9m\u00e8res<\/h2>\n<p><img decoding=\"async\" class=\"aligncenter wp-image-39687 size-full\" src=\"https:\/\/www.redacteur.com\/blog\/wp-content\/uploads\/sites\/6\/2023\/01\/0902171329515-web-tete.jpg\" alt=\"\" width=\"1280\" height=\"720\" srcset=\"https:\/\/www.redacteur.com\/blog\/wp-content\/uploads\/sites\/6\/2023\/01\/0902171329515-web-tete.jpg 1280w, https:\/\/www.redacteur.com\/blog\/wp-content\/uploads\/sites\/6\/2023\/01\/0902171329515-web-tete-300x169.jpg 300w, https:\/\/www.redacteur.com\/blog\/wp-content\/uploads\/sites\/6\/2023\/01\/0902171329515-web-tete-1024x576.jpg 1024w, https:\/\/www.redacteur.com\/blog\/wp-content\/uploads\/sites\/6\/2023\/01\/0902171329515-web-tete-768x432.jpg 768w, https:\/\/www.redacteur.com\/blog\/wp-content\/uploads\/sites\/6\/2023\/01\/0902171329515-web-tete-60x34.jpg 60w, https:\/\/www.redacteur.com\/blog\/wp-content\/uploads\/sites\/6\/2023\/01\/0902171329515-web-tete-370x208.jpg 370w, https:\/\/www.redacteur.com\/blog\/wp-content\/uploads\/sites\/6\/2023\/01\/0902171329515-web-tete-270x152.jpg 270w, https:\/\/www.redacteur.com\/blog\/wp-content\/uploads\/sites\/6\/2023\/01\/0902171329515-web-tete-570x321.jpg 570w, https:\/\/www.redacteur.com\/blog\/wp-content\/uploads\/sites\/6\/2023\/01\/0902171329515-web-tete-740x416.jpg 740w\" sizes=\"(max-width: 1280px) 100vw, 1280px\" \/><\/p>\n<p>La dur\u00e9e de vie d\u2019un tweet est tr\u00e8s faible. On estime qu\u2019un tweet est lu pendant <strong>15 \u00e0 20 minutes seulement.<\/strong> Aussi, si vous choisissez de communiquer sur <a href=\"https:\/\/www.redacteur.com\/blog\/integrer-twitter-strategie-contenu\/\">Twitter<\/a>, il faut poster votre message puis le retweeter r\u00e9guli\u00e8rement dans la journ\u00e9e afin de toucher une plus grande audience.<\/p>\n<h3>Quand tweeter&nbsp;?<\/h3>\n<ul>\n<li>Les entreprises B2B doivent tweeter entre <strong>9h00 et 16h00, le lundi et le jeudi.<\/strong> Si possible, il faut retweeter entre 11h00 et 13h00 pour profiter du pic d\u2019audience.<\/li>\n<li>Les entreprises B2C devraient privil\u00e9gier le <strong>lundi, le mardi et le mercredi entre 11h00 et 13h00.<\/strong><\/li>\n<\/ul>\n<p>Pour <a href=\"https:\/\/www.redacteur.com\/blog\/outils-twitter-indispensables-utiliser-urgence\/\" target=\"_blank\" rel=\"noopener noreferrer\">Twitter<\/a>, il est difficile de d\u00e9finir le moment. Sur ce r\u00e9seau social tr\u00e8s particulier, nous vous recommandons de suivre vos tweets, d\u2019identifier les plus populaires et de conserver cet horaire pour les prochaines publications.\u00a0Et nous ne le dirons jamais assez&nbsp;:<strong> retweeter r\u00e9guli\u00e8rement&nbsp;!<\/strong><\/p>\n<h2>4. LinkedIn, la particularit\u00e9 du r\u00e9seau professionnel<\/h2>\n<p><img decoding=\"async\" class=\"aligncenter wp-image-39688 size-full\" src=\"https:\/\/www.redacteur.com\/blog\/wp-content\/uploads\/sites\/6\/2023\/01\/linkedin-statistics.png\" alt=\"\" width=\"1460\" height=\"730\" srcset=\"https:\/\/www.redacteur.com\/blog\/wp-content\/uploads\/sites\/6\/2023\/01\/linkedin-statistics.png 1460w, https:\/\/www.redacteur.com\/blog\/wp-content\/uploads\/sites\/6\/2023\/01\/linkedin-statistics-300x150.png 300w, https:\/\/www.redacteur.com\/blog\/wp-content\/uploads\/sites\/6\/2023\/01\/linkedin-statistics-1024x512.png 1024w, https:\/\/www.redacteur.com\/blog\/wp-content\/uploads\/sites\/6\/2023\/01\/linkedin-statistics-768x384.png 768w, https:\/\/www.redacteur.com\/blog\/wp-content\/uploads\/sites\/6\/2023\/01\/linkedin-statistics-60x30.png 60w, https:\/\/www.redacteur.com\/blog\/wp-content\/uploads\/sites\/6\/2023\/01\/linkedin-statistics-370x185.png 370w, https:\/\/www.redacteur.com\/blog\/wp-content\/uploads\/sites\/6\/2023\/01\/linkedin-statistics-270x135.png 270w, https:\/\/www.redacteur.com\/blog\/wp-content\/uploads\/sites\/6\/2023\/01\/linkedin-statistics-570x285.png 570w, https:\/\/www.redacteur.com\/blog\/wp-content\/uploads\/sites\/6\/2023\/01\/linkedin-statistics-740x370.png 740w\" sizes=\"(max-width: 1460px) 100vw, 1460px\" \/><\/p>\n<p>Contrairement \u00e0 Facebook, Instagram et <a href=\"https:\/\/www.redacteur.com\/blog\/outils-twitter-indispensables-utiliser-urgence\/\">Twitter<\/a>, <a href=\"https:\/\/www.redacteur.com\/blog\/linkedin-strategie-content-marketing\/\">LinkedIn<\/a> est un r\u00e9seau social d\u00e9di\u00e9 aux professionnels. Il n\u2019y a pas un meilleur moment pour publier des contenus mais<strong> plusieurs.<\/strong><\/p>\n<p>Les professionnels consultent plus les r\u00e9seaux sociaux en d\u00e9but de semaine.\u00a0<span style=\"font-size: revert\">Pour \u00eatre lu, il faut publier en tenant compte de ces horaires&nbsp;:<\/span><\/p>\n<ul>\n<li>Les marques B2B&nbsp;: pendant les heures de travail, le mardi, le mercredi pour plus d\u2019engagements et le jeudi (de 7 h \u00e0 8 h, de 10 h \u00e0 11 h et de 17 h \u00e0 18 h)<\/li>\n<li>Les marques B2C devraient publier leurs contenus vers <strong>13 h et 16 h ; le week-end, id\u00e9alement entre 12 h et 13 h.<em>\u00a0<\/em><\/strong><\/li>\n<\/ul>\n<p><strong>Pourquoi&nbsp;?<\/strong> Et bien parce que les professionnels iront sur LinkedIn avant de partir au bureau ou dans les transports, avant une r\u00e9union, au moment du d\u00e9jeuner et avant de partir.<\/p>\n<p>Vous comprendrez aussi qu\u2019ils passent environ 15 minutes sur le r\u00e9seau social, le temps de prendre connaissance de leurs messages et \u00e9ventuellement de lire un article&nbsp;!<\/p>\n<blockquote><p>\u00c0 lire aussi&nbsp;:\u00a0<a href=\"https:\/\/www.redacteur.com\/blog\/linkedin-social-selling-entreprise\/\">LinkedIn\u00a0: faire du Social Selling pour son entreprise<\/a><\/p><\/blockquote>\n<h2>Notre conseil<\/h2>\n<p>Bien que nous vous donnions ici quelques rep\u00e8res, ces indications ne sont pas les m\u00eames pour toutes les entreprises.\u00a0Id\u00e9alement, vous devez analyser <strong>les retours en fonction du jour et de l\u2019horaire de publication<\/strong>, puis identifier le meilleur moment pour publier&nbsp;!<\/p>\n<p>Confiez-nous la r\u00e9daction de vos contenus ou de vos posts \u00e0 destination des r\u00e9seaux sociaux et profitez de <a href=\"https:\/\/www.redacteur.com\/\" target=\"_blank\" rel=\"noopener noreferrer\"><strong>l&#8217;expertise de nos r\u00e9dacteurs<\/strong><\/a>&nbsp;!<\/p>\n","protected":false},"excerpt":{"rendered":"<p>Les r\u00e9seaux sociaux sont nombreux et aujourd\u2019hui, il serait une erreur de les exclure de votre strat\u00e9gie de communication. Une fois que vous avez choisi le contenu \u00e0 partager, il vous faut d\u00e9terminer \u00e0 quel moment les publier. Celui-ci d\u00e9pend de la cible \u00e0 atteindre et du r\u00e9seau social concern\u00e9. Voici quand publier sur Facebook, [&hellip;]<\/p>\n","protected":false},"author":1,"featured_media":39690,"comment_status":"open","ping_status":"open","sticky":false,"template":"","format":"standard","meta":{"_acf_changed":false,"inline_featured_image":false,"footnotes":""},"categories":[12],"tags":[],"class_list":["post-17102","post","type-post","status-publish","format-standard","has-post-thumbnail","hentry","category-reseaux-sociaux"],"acf":[],"yoast_head":"<!-- This site is optimized with the Yoast SEO plugin v25.9 - https:\/\/yoast.com\/wordpress\/plugins\/seo\/ -->\n<title>Quand publier sur Facebook, Instagram, Twitter et LinkedIn en 2025 ? - Redacteur Blog<\/title>\n<meta name=\"description\" content=\"Les r\u00e9seaux sociaux sont nombreux et aujourd\u2019hui, il serait une erreur de les exclure de votre strat\u00e9gie de communication. Une fois que vous avez choisi\" \/>\n<meta name=\"robots\" content=\"index, follow, max-snippet:-1, max-image-preview:large, max-video-preview:-1\" \/>\n<link rel=\"canonical\" href=\"https:\/\/www.redacteur.com\/blog\/quand-publier-facebook-instagram-twitter-linkedin\/\" \/>\n<meta property=\"og:locale\" content=\"fr_FR\" \/>\n<meta property=\"og:type\" content=\"article\" \/>\n<meta property=\"og:title\" content=\"Quand publier sur Facebook, Instagram, Twitter et LinkedIn en 2025 ? - Redacteur Blog\" \/>\n<meta property=\"og:description\" content=\"Les r\u00e9seaux sociaux sont nombreux et aujourd\u2019hui, il serait une erreur de les exclure de votre strat\u00e9gie de communication. Une fois que vous avez choisi\" \/>\n<meta property=\"og:url\" content=\"https:\/\/www.redacteur.com\/blog\/quand-publier-facebook-instagram-twitter-linkedin\/\" \/>\n<meta property=\"og:site_name\" content=\"Redacteur.com\" \/>\n<meta property=\"article:publisher\" content=\"https:\/\/www.facebook.com\/redacteurcom\" \/>\n<meta property=\"article:published_time\" content=\"2025-01-01T08:09:00+00:00\" \/>\n<meta property=\"article:modified_time\" content=\"2025-08-20T12:43:22+00:00\" \/>\n<meta property=\"og:image\" content=\"https:\/\/www.redacteur.com\/blog\/wp-content\/uploads\/sites\/6\/2023\/01\/Image-a-la-une-quand-publier-RS.png\" \/>\n\t<meta property=\"og:image:width\" content=\"1024\" \/>\n\t<meta property=\"og:image:height\" content=\"618\" \/>\n\t<meta property=\"og:image:type\" content=\"image\/png\" \/>\n<meta name=\"author\" content=\"Laura Michaud\" \/>\n<meta name=\"twitter:card\" content=\"summary_large_image\" \/>\n<meta name=\"twitter:creator\" content=\"@Redacteurcom\" \/>\n<meta name=\"twitter:site\" content=\"@Redacteurcom\" \/>\n<meta name=\"twitter:label1\" content=\"\u00c9crit par\" \/>\n\t<meta name=\"twitter:data1\" content=\"Laura Michaud\" \/>\n\t<meta name=\"twitter:label2\" content=\"Dur\u00e9e de lecture estim\u00e9e\" \/>\n\t<meta name=\"twitter:data2\" content=\"6 minutes\" \/>\n<script type=\"application\/ld+json\" class=\"yoast-schema-graph\">{\"@context\":\"https:\/\/schema.org\",\"@graph\":[{\"@type\":\"Article\",\"@id\":\"https:\/\/www.redacteur.com\/blog\/quand-publier-facebook-instagram-twitter-linkedin\/#article\",\"isPartOf\":{\"@id\":\"https:\/\/www.redacteur.com\/blog\/quand-publier-facebook-instagram-twitter-linkedin\/\"},\"author\":{\"name\":\"Laura Michaud\",\"@id\":\"https:\/\/www.redacteur.com\/blog\/#\/schema\/person\/33c0ef04707fbe50a096f282050bb5f2\"},\"headline\":\"Quand publier sur Facebook, Instagram, Twitter et LinkedIn en 2025&nbsp;?\",\"datePublished\":\"2025-01-01T08:09:00+00:00\",\"dateModified\":\"2025-08-20T12:43:22+00:00\",\"mainEntityOfPage\":{\"@id\":\"https:\/\/www.redacteur.com\/blog\/quand-publier-facebook-instagram-twitter-linkedin\/\"},\"wordCount\":963,\"commentCount\":3,\"publisher\":{\"@id\":\"https:\/\/www.redacteur.com\/blog\/#organization\"},\"image\":{\"@id\":\"https:\/\/www.redacteur.com\/blog\/quand-publier-facebook-instagram-twitter-linkedin\/#primaryimage\"},\"thumbnailUrl\":\"https:\/\/www.redacteur.com\/blog\/wp-content\/uploads\/sites\/6\/2023\/01\/Image-a-la-une-quand-publier-RS.png\",\"articleSection\":[\"R\u00e9seaux sociaux\"],\"inLanguage\":\"fr-FR\",\"potentialAction\":[{\"@type\":\"CommentAction\",\"name\":\"Comment\",\"target\":[\"https:\/\/www.redacteur.com\/blog\/quand-publier-facebook-instagram-twitter-linkedin\/#respond\"]}]},{\"@type\":\"WebPage\",\"@id\":\"https:\/\/www.redacteur.com\/blog\/quand-publier-facebook-instagram-twitter-linkedin\/\",\"url\":\"https:\/\/www.redacteur.com\/blog\/quand-publier-facebook-instagram-twitter-linkedin\/\",\"name\":\"Quand publier sur Facebook, Instagram, Twitter et LinkedIn en 2025 ? - Redacteur Blog\",\"isPartOf\":{\"@id\":\"https:\/\/www.redacteur.com\/blog\/#website\"},\"primaryImageOfPage\":{\"@id\":\"https:\/\/www.redacteur.com\/blog\/quand-publier-facebook-instagram-twitter-linkedin\/#primaryimage\"},\"image\":{\"@id\":\"https:\/\/www.redacteur.com\/blog\/quand-publier-facebook-instagram-twitter-linkedin\/#primaryimage\"},\"thumbnailUrl\":\"https:\/\/www.redacteur.com\/blog\/wp-content\/uploads\/sites\/6\/2023\/01\/Image-a-la-une-quand-publier-RS.png\",\"datePublished\":\"2025-01-01T08:09:00+00:00\",\"dateModified\":\"2025-08-20T12:43:22+00:00\",\"description\":\"Les r\u00e9seaux sociaux sont nombreux et aujourd\u2019hui, il serait une erreur de les exclure de votre strat\u00e9gie de communication. Une fois que vous avez choisi\",\"breadcrumb\":{\"@id\":\"https:\/\/www.redacteur.com\/blog\/quand-publier-facebook-instagram-twitter-linkedin\/#breadcrumb\"},\"inLanguage\":\"fr-FR\",\"potentialAction\":[{\"@type\":\"ReadAction\",\"target\":[\"https:\/\/www.redacteur.com\/blog\/quand-publier-facebook-instagram-twitter-linkedin\/\"]}]},{\"@type\":\"ImageObject\",\"inLanguage\":\"fr-FR\",\"@id\":\"https:\/\/www.redacteur.com\/blog\/quand-publier-facebook-instagram-twitter-linkedin\/#primaryimage\",\"url\":\"https:\/\/www.redacteur.com\/blog\/wp-content\/uploads\/sites\/6\/2023\/01\/Image-a-la-une-quand-publier-RS.png\",\"contentUrl\":\"https:\/\/www.redacteur.com\/blog\/wp-content\/uploads\/sites\/6\/2023\/01\/Image-a-la-une-quand-publier-RS.png\",\"width\":1024,\"height\":618},{\"@type\":\"BreadcrumbList\",\"@id\":\"https:\/\/www.redacteur.com\/blog\/quand-publier-facebook-instagram-twitter-linkedin\/#breadcrumb\",\"itemListElement\":[{\"@type\":\"ListItem\",\"position\":1,\"name\":\"Blog\",\"item\":\"https:\/\/www.redacteur.com\/blog\/\"},{\"@type\":\"ListItem\",\"position\":2,\"name\":\"Content marketing\",\"item\":\"https:\/\/www.redacteur.com\/blog\/contenu-web\/\"},{\"@type\":\"ListItem\",\"position\":3,\"name\":\"R\u00e9seaux sociaux\",\"item\":\"https:\/\/www.redacteur.com\/blog\/contenu-web\/reseaux-sociaux\/\"},{\"@type\":\"ListItem\",\"position\":4,\"name\":\"Quand publier sur Facebook, Instagram, Twitter et LinkedIn en 2025&nbsp;?\"}]},{\"@type\":\"WebSite\",\"@id\":\"https:\/\/www.redacteur.com\/blog\/#website\",\"url\":\"https:\/\/www.redacteur.com\/blog\/\",\"name\":\"Redacteur.com\",\"description\":\"redacteur\",\"publisher\":{\"@id\":\"https:\/\/www.redacteur.com\/blog\/#organization\"},\"potentialAction\":[{\"@type\":\"SearchAction\",\"target\":{\"@type\":\"EntryPoint\",\"urlTemplate\":\"https:\/\/www.redacteur.com\/blog\/?s={search_term_string}\"},\"query-input\":{\"@type\":\"PropertyValueSpecification\",\"valueRequired\":true,\"valueName\":\"search_term_string\"}}],\"inLanguage\":\"fr-FR\"},{\"@type\":\"Organization\",\"@id\":\"https:\/\/www.redacteur.com\/blog\/#organization\",\"name\":\"Redacteur.com\",\"url\":\"https:\/\/www.redacteur.com\/blog\/\",\"logo\":{\"@type\":\"ImageObject\",\"inLanguage\":\"fr-FR\",\"@id\":\"https:\/\/www.redacteur.com\/blog\/#\/schema\/logo\/image\/\",\"url\":\"https:\/\/www.redacteur.com\/blog\/wp-content\/uploads\/sites\/6\/2022\/10\/logo-redacteur-blog.svg\",\"contentUrl\":\"https:\/\/www.redacteur.com\/blog\/wp-content\/uploads\/sites\/6\/2022\/10\/logo-redacteur-blog.svg\",\"width\":1,\"height\":1,\"caption\":\"Redacteur.com\"},\"image\":{\"@id\":\"https:\/\/www.redacteur.com\/blog\/#\/schema\/logo\/image\/\"},\"sameAs\":[\"https:\/\/www.facebook.com\/redacteurcom\",\"https:\/\/x.com\/Redacteurcom\",\"https:\/\/www.linkedin.com\/company\/redacteur-com\",\"https:\/\/www.youtube.com\/channel\/UCgj9ySM9xy3gdL8qBafl9Uw\/\"]},{\"@type\":\"Person\",\"@id\":\"https:\/\/www.redacteur.com\/blog\/#\/schema\/person\/33c0ef04707fbe50a096f282050bb5f2\",\"name\":\"Laura Michaud\",\"image\":{\"@type\":\"ImageObject\",\"inLanguage\":\"fr-FR\",\"@id\":\"https:\/\/www.redacteur.com\/blog\/#\/schema\/person\/image\/\",\"url\":\"https:\/\/secure.gravatar.com\/avatar\/c3328cc0c887f98cec6b2979af3311ab6333fc7cc2d4847514cfec6a56fa08a7?s=96&d=mm&r=g\",\"contentUrl\":\"https:\/\/secure.gravatar.com\/avatar\/c3328cc0c887f98cec6b2979af3311ab6333fc7cc2d4847514cfec6a56fa08a7?s=96&d=mm&r=g\",\"caption\":\"Laura Michaud\"},\"description\":\"Laura connait tous les meilleurs outils pour g\u00e9rer des projets et une entreprise. Cr\u00e9ative, c'est aussi une sp\u00e9cialiste des outils de cr\u00e9ation graphique pour faire briller une entreprise.\",\"sameAs\":[\"https:\/\/www.linkedin.com\/in\/michaudlaura\/\"],\"url\":\"https:\/\/www.redacteur.com\/blog\/author\/laura\/\"}]}<\/script>\n<!-- \/ Yoast SEO plugin. -->","yoast_head_json":{"title":"Quand publier sur Facebook, Instagram, Twitter et LinkedIn en 2025 ? - Redacteur Blog","description":"Les r\u00e9seaux sociaux sont nombreux et aujourd\u2019hui, il serait une erreur de les exclure de votre strat\u00e9gie de communication. Une fois que vous avez choisi","robots":{"index":"index","follow":"follow","max-snippet":"max-snippet:-1","max-image-preview":"max-image-preview:large","max-video-preview":"max-video-preview:-1"},"canonical":"https:\/\/www.redacteur.com\/blog\/quand-publier-facebook-instagram-twitter-linkedin\/","og_locale":"fr_FR","og_type":"article","og_title":"Quand publier sur Facebook, Instagram, Twitter et LinkedIn en 2025 ? - Redacteur Blog","og_description":"Les r\u00e9seaux sociaux sont nombreux et aujourd\u2019hui, il serait une erreur de les exclure de votre strat\u00e9gie de communication. Une fois que vous avez choisi","og_url":"https:\/\/www.redacteur.com\/blog\/quand-publier-facebook-instagram-twitter-linkedin\/","og_site_name":"Redacteur.com","article_publisher":"https:\/\/www.facebook.com\/redacteurcom","article_published_time":"2025-01-01T08:09:00+00:00","article_modified_time":"2025-08-20T12:43:22+00:00","og_image":[{"width":1024,"height":618,"url":"https:\/\/www.redacteur.com\/blog\/wp-content\/uploads\/sites\/6\/2023\/01\/Image-a-la-une-quand-publier-RS.png","type":"image\/png"}],"author":"Laura Michaud","twitter_card":"summary_large_image","twitter_creator":"@Redacteurcom","twitter_site":"@Redacteurcom","twitter_misc":{"\u00c9crit par":"Laura Michaud","Dur\u00e9e de lecture estim\u00e9e":"6 minutes"},"schema":{"@context":"https:\/\/schema.org","@graph":[{"@type":"Article","@id":"https:\/\/www.redacteur.com\/blog\/quand-publier-facebook-instagram-twitter-linkedin\/#article","isPartOf":{"@id":"https:\/\/www.redacteur.com\/blog\/quand-publier-facebook-instagram-twitter-linkedin\/"},"author":{"name":"Laura Michaud","@id":"https:\/\/www.redacteur.com\/blog\/#\/schema\/person\/33c0ef04707fbe50a096f282050bb5f2"},"headline":"Quand publier sur Facebook, Instagram, Twitter et LinkedIn en 2025&nbsp;?","datePublished":"2025-01-01T08:09:00+00:00","dateModified":"2025-08-20T12:43:22+00:00","mainEntityOfPage":{"@id":"https:\/\/www.redacteur.com\/blog\/quand-publier-facebook-instagram-twitter-linkedin\/"},"wordCount":963,"commentCount":3,"publisher":{"@id":"https:\/\/www.redacteur.com\/blog\/#organization"},"image":{"@id":"https:\/\/www.redacteur.com\/blog\/quand-publier-facebook-instagram-twitter-linkedin\/#primaryimage"},"thumbnailUrl":"https:\/\/www.redacteur.com\/blog\/wp-content\/uploads\/sites\/6\/2023\/01\/Image-a-la-une-quand-publier-RS.png","articleSection":["R\u00e9seaux sociaux"],"inLanguage":"fr-FR","potentialAction":[{"@type":"CommentAction","name":"Comment","target":["https:\/\/www.redacteur.com\/blog\/quand-publier-facebook-instagram-twitter-linkedin\/#respond"]}]},{"@type":"WebPage","@id":"https:\/\/www.redacteur.com\/blog\/quand-publier-facebook-instagram-twitter-linkedin\/","url":"https:\/\/www.redacteur.com\/blog\/quand-publier-facebook-instagram-twitter-linkedin\/","name":"Quand publier sur Facebook, Instagram, Twitter et LinkedIn en 2025 ? - Redacteur Blog","isPartOf":{"@id":"https:\/\/www.redacteur.com\/blog\/#website"},"primaryImageOfPage":{"@id":"https:\/\/www.redacteur.com\/blog\/quand-publier-facebook-instagram-twitter-linkedin\/#primaryimage"},"image":{"@id":"https:\/\/www.redacteur.com\/blog\/quand-publier-facebook-instagram-twitter-linkedin\/#primaryimage"},"thumbnailUrl":"https:\/\/www.redacteur.com\/blog\/wp-content\/uploads\/sites\/6\/2023\/01\/Image-a-la-une-quand-publier-RS.png","datePublished":"2025-01-01T08:09:00+00:00","dateModified":"2025-08-20T12:43:22+00:00","description":"Les r\u00e9seaux sociaux sont nombreux et aujourd\u2019hui, il serait une erreur de les exclure de votre strat\u00e9gie de communication. Une fois que vous avez choisi","breadcrumb":{"@id":"https:\/\/www.redacteur.com\/blog\/quand-publier-facebook-instagram-twitter-linkedin\/#breadcrumb"},"inLanguage":"fr-FR","potentialAction":[{"@type":"ReadAction","target":["https:\/\/www.redacteur.com\/blog\/quand-publier-facebook-instagram-twitter-linkedin\/"]}]},{"@type":"ImageObject","inLanguage":"fr-FR","@id":"https:\/\/www.redacteur.com\/blog\/quand-publier-facebook-instagram-twitter-linkedin\/#primaryimage","url":"https:\/\/www.redacteur.com\/blog\/wp-content\/uploads\/sites\/6\/2023\/01\/Image-a-la-une-quand-publier-RS.png","contentUrl":"https:\/\/www.redacteur.com\/blog\/wp-content\/uploads\/sites\/6\/2023\/01\/Image-a-la-une-quand-publier-RS.png","width":1024,"height":618},{"@type":"BreadcrumbList","@id":"https:\/\/www.redacteur.com\/blog\/quand-publier-facebook-instagram-twitter-linkedin\/#breadcrumb","itemListElement":[{"@type":"ListItem","position":1,"name":"Blog","item":"https:\/\/www.redacteur.com\/blog\/"},{"@type":"ListItem","position":2,"name":"Content marketing","item":"https:\/\/www.redacteur.com\/blog\/contenu-web\/"},{"@type":"ListItem","position":3,"name":"R\u00e9seaux sociaux","item":"https:\/\/www.redacteur.com\/blog\/contenu-web\/reseaux-sociaux\/"},{"@type":"ListItem","position":4,"name":"Quand publier sur Facebook, Instagram, Twitter et LinkedIn en 2025&nbsp;?"}]},{"@type":"WebSite","@id":"https:\/\/www.redacteur.com\/blog\/#website","url":"https:\/\/www.redacteur.com\/blog\/","name":"Redacteur.com","description":"redacteur","publisher":{"@id":"https:\/\/www.redacteur.com\/blog\/#organization"},"potentialAction":[{"@type":"SearchAction","target":{"@type":"EntryPoint","urlTemplate":"https:\/\/www.redacteur.com\/blog\/?s={search_term_string}"},"query-input":{"@type":"PropertyValueSpecification","valueRequired":true,"valueName":"search_term_string"}}],"inLanguage":"fr-FR"},{"@type":"Organization","@id":"https:\/\/www.redacteur.com\/blog\/#organization","name":"Redacteur.com","url":"https:\/\/www.redacteur.com\/blog\/","logo":{"@type":"ImageObject","inLanguage":"fr-FR","@id":"https:\/\/www.redacteur.com\/blog\/#\/schema\/logo\/image\/","url":"https:\/\/www.redacteur.com\/blog\/wp-content\/uploads\/sites\/6\/2022\/10\/logo-redacteur-blog.svg","contentUrl":"https:\/\/www.redacteur.com\/blog\/wp-content\/uploads\/sites\/6\/2022\/10\/logo-redacteur-blog.svg","width":1,"height":1,"caption":"Redacteur.com"},"image":{"@id":"https:\/\/www.redacteur.com\/blog\/#\/schema\/logo\/image\/"},"sameAs":["https:\/\/www.facebook.com\/redacteurcom","https:\/\/x.com\/Redacteurcom","https:\/\/www.linkedin.com\/company\/redacteur-com","https:\/\/www.youtube.com\/channel\/UCgj9ySM9xy3gdL8qBafl9Uw\/"]},{"@type":"Person","@id":"https:\/\/www.redacteur.com\/blog\/#\/schema\/person\/33c0ef04707fbe50a096f282050bb5f2","name":"Laura Michaud","image":{"@type":"ImageObject","inLanguage":"fr-FR","@id":"https:\/\/www.redacteur.com\/blog\/#\/schema\/person\/image\/","url":"https:\/\/secure.gravatar.com\/avatar\/c3328cc0c887f98cec6b2979af3311ab6333fc7cc2d4847514cfec6a56fa08a7?s=96&d=mm&r=g","contentUrl":"https:\/\/secure.gravatar.com\/avatar\/c3328cc0c887f98cec6b2979af3311ab6333fc7cc2d4847514cfec6a56fa08a7?s=96&d=mm&r=g","caption":"Laura Michaud"},"description":"Laura connait tous les meilleurs outils pour g\u00e9rer des projets et une entreprise. Cr\u00e9ative, c'est aussi une sp\u00e9cialiste des outils de cr\u00e9ation graphique pour faire briller une entreprise.","sameAs":["https:\/\/www.linkedin.com\/in\/michaudlaura\/"],"url":"https:\/\/www.redacteur.com\/blog\/author\/laura\/"}]}},"_links":{"self":[{"href":"https:\/\/www.redacteur.com\/blog\/wp-json\/wp\/v2\/posts\/17102","targetHints":{"allow":["GET"]}}],"collection":[{"href":"https:\/\/www.redacteur.com\/blog\/wp-json\/wp\/v2\/posts"}],"about":[{"href":"https:\/\/www.redacteur.com\/blog\/wp-json\/wp\/v2\/types\/post"}],"author":[{"embeddable":true,"href":"https:\/\/www.redacteur.com\/blog\/wp-json\/wp\/v2\/users\/1"}],"replies":[{"embeddable":true,"href":"https:\/\/www.redacteur.com\/blog\/wp-json\/wp\/v2\/comments?post=17102"}],"version-history":[{"count":0,"href":"https:\/\/www.redacteur.com\/blog\/wp-json\/wp\/v2\/posts\/17102\/revisions"}],"wp:featuredmedia":[{"embeddable":true,"href":"https:\/\/www.redacteur.com\/blog\/wp-json\/wp\/v2\/media\/39690"}],"wp:attachment":[{"href":"https:\/\/www.redacteur.com\/blog\/wp-json\/wp\/v2\/media?parent=17102"}],"wp:term":[{"taxonomy":"category","embeddable":true,"href":"https:\/\/www.redacteur.com\/blog\/wp-json\/wp\/v2\/categories?post=17102"},{"taxonomy":"post_tag","embeddable":true,"href":"https:\/\/www.redacteur.com\/blog\/wp-json\/wp\/v2\/tags?post=17102"}],"curies":[{"name":"wp","href":"https:\/\/api.w.org\/{rel}","templated":true}]}}