{"id":17323,"date":"2019-10-10T10:30:52","date_gmt":"2019-10-10T08:30:52","guid":{"rendered":"https:\/\/www.redacteur.com\/blog\/?p=17323"},"modified":"2022-10-04T15:50:31","modified_gmt":"2022-10-04T13:50:31","slug":"contenus-attentes-moteurs-recherche","status":"publish","type":"post","link":"https:\/\/www.redacteur.com\/blog\/contenus-attentes-moteurs-recherche\/","title":{"rendered":"Adaptez vos contenus aux attentes des moteurs de recherche"},"content":{"rendered":"<p>Dans l\u2019univers du SEO, il n\u2019est plus possible d\u2019abuser du m\u00eame mot-cl\u00e9 au sein d\u2019une page web.<\/p>\n<p>Si vous souhaitez am\u00e9liorer le r\u00e9f\u00e9rencement de votre site, vous devez travailler le <strong>mot-cl\u00e9 principal<\/strong> tout en d\u00e9veloppant votre champ lexical pour enrichir votre sujet&nbsp;!<\/p>\n<p>Pour travailler cette approche, nous allons utiliser l\u2019outil <a class=\"article-3-1fr\" href=\"https:\/\/1.fr\/\" target=\"_blank\" rel=\"sponsored noopener noreferrer\">1.fr.<\/a><\/p>\n<p><a class=\"btn-grid article-3-1fr\" href=\"https:\/\/1.fr\/\" target=\"_blank\" rel=\"sponsored noopener noreferrer\">Tester 1.fr<\/a>Nous l\u2019avons d\u00e9j\u00e0 pr\u00e9sent\u00e9 pour vous aider \u00e0 trouver le <a href=\"https:\/\/www.redacteur.com\/blog\/trouver-titre-article-rapidement\/\" target=\"_blank\" rel=\"sponsored noopener noreferrer\">titre de votre prochain article de blog<\/a>, mais aussi pour <a href=\"https:\/\/www.redacteur.com\/blog\/ameliorer-contenu-position-google\/\" target=\"_blank\" rel=\"sponsored noopener noreferrer\">am\u00e9liorer votre contenu ainsi que sa position<\/a> dans Google.<\/p>\n<p>Nous allons voir d\u00e9sormais comment 1.fr parcourt les contenus de votre site selon une approche <strong>d\u2019intention de requ\u00eate<\/strong> en se basant sur les r\u00e9sultats du moteur de recherche.<\/p>\n<p><strong>Sommaire<\/strong><\/p>\n<ul>\n<li><a href=\"#semantique\">Comment utiliser la s\u00e9mantique pour am\u00e9liorer votre contenu&nbsp;?<\/a><\/li>\n<li><a href=\"#intention\">D\u00e9finir les intentions de recherche des internautes<\/a><\/li>\n<li><a href=\"#champslexicaux\">Enrichir votre contenu avec les champs lexicaux<\/a><\/li>\n<\/ul>\n<p>&nbsp;<\/p>\n<h2 id=\"semantique\">1. Comment utiliser la s\u00e9mantique pour am\u00e9liorer votre contenu&nbsp;?<\/h2>\n<p>Pour commencer, sachez qu\u2019il est tr\u00e8s important d\u2019\u00e9largir le champ lexical autour de votre mot-cl\u00e9 principal.<\/p>\n<p><strong>Comment faire&nbsp;? En utilisant la s\u00e9mantique&nbsp;!<\/strong><\/p>\n<p>La s\u00e9mantique est l\u2019art d\u2019utiliser les moteurs de recherche, de type Google ou Bing, pour faire comprendre le contenu de votre site internet et l\u2019associer \u00e0 vos mots cl\u00e9s.<\/p>\n<p>Il ne suffit plus d\u2019utiliser seulement quelques mots cl\u00e9s et de les int\u00e9grer dans vos pages. Il est n\u00e9cessaire d\u2019aller plus loin en utilisant des expressions compl\u00e8tes et pertinentes recherch\u00e9es par vos futurs clients&nbsp;!<\/p>\n<p>Les requ\u00eates d\u2019intention des internautes sont donc essentielles dans le<strong> r\u00e9f\u00e9rencement naturel<\/strong> de votre site internet ou votre blog.<\/p>\n<p><img decoding=\"async\" class=\"aligncenter size-full wp-image-17327\" src=\"https:\/\/www.redacteur.com\/blog\/wp-content\/uploads\/sites\/6\/2019\/09\/screenshot153-e1569853153374.jpg\" alt=\"Google moteur de recherche pour s\u00e9mantique d\u00e9veloppeur web\" width=\"650\" height=\"512\" srcset=\"https:\/\/www.redacteur.com\/blog\/wp-content\/uploads\/sites\/6\/2019\/09\/screenshot153-e1569853153374.jpg 650w, https:\/\/www.redacteur.com\/blog\/wp-content\/uploads\/sites\/6\/2019\/09\/screenshot153-e1569853153374-300x236.jpg 300w, https:\/\/www.redacteur.com\/blog\/wp-content\/uploads\/sites\/6\/2019\/09\/screenshot153-e1569853153374-60x47.jpg 60w, https:\/\/www.redacteur.com\/blog\/wp-content\/uploads\/sites\/6\/2019\/09\/screenshot153-e1569853153374-370x291.jpg 370w, https:\/\/www.redacteur.com\/blog\/wp-content\/uploads\/sites\/6\/2019\/09\/screenshot153-e1569853153374-270x213.jpg 270w, https:\/\/www.redacteur.com\/blog\/wp-content\/uploads\/sites\/6\/2019\/09\/screenshot153-e1569853153374-570x449.jpg 570w\" sizes=\"(max-width: 650px) 100vw, 650px\" \/><\/p>\n<p>Pour mieux comprendre, voici un exemple du fonctionnement de <a class=\"article-3-1fr\" href=\"https:\/\/1.fr\/\" target=\"_blank\" rel=\"sponsored noopener noreferrer\">1.fr<\/a>&nbsp;: un internaute recherche \u00ab d\u00e9veloppeur web \u00bb sur son moteur de recherche. Il peut souhaiter plusieurs choses&nbsp;:<\/p>\n<ul>\n<li>une formation de \u00ab d\u00e9veloppeur web \u00bb<\/li>\n<li>un emploi dans le secteur du d\u00e9veloppement<\/li>\n<li>chercher \u00e0 recruter un \u00ab d\u00e9veloppeur web \u00bb pour la conception de son site&#8230;<\/li>\n<\/ul>\n<p>3 intentions diff\u00e9rentes pour <strong>une seule recherche.<\/strong><\/p>\n<p>Pour identifier ces intentions, les moteurs de recherches les classent dans des tables d\u2019intentions qui sont tri\u00e9es par une analyse s\u00e9mantique.<\/p>\n<p>Pour une recherche d\u2019intention sur le mot cl\u00e9 \u00ab r\u00e9ussir \u00bb&nbsp;:<\/p>\n<ul>\n<li>Bing sera plus \u00e0 m\u00eame de reconnaitre des intentions associ\u00e9es \u00e0 la conjugaison et \u00e0 l\u2019apprentissage<\/li>\n<li>Google lui, pr\u00e9f\u00e8rera des intentions li\u00e9es \u00e0 une d\u00e9finition, \u00e0 la r\u00e9ussite en g\u00e9n\u00e9ral, ou encore de r\u00e9ussir une formation ou un examen\u2026<\/li>\n<\/ul>\n<p><a class=\"article-3-1fr\" href=\"https:\/\/1.fr\" target=\"_blank\" rel=\"sponsored noopener noreferrer\"><img decoding=\"async\" class=\"aligncenter wp-image-17328 size-full\" src=\"https:\/\/www.redacteur.com\/blog\/wp-content\/uploads\/sites\/6\/2019\/09\/screenshot154-e1569853303514.jpg\" alt=\"optimiser moteur de recherche s\u00e9mantique\" width=\"650\" height=\"182\" srcset=\"https:\/\/www.redacteur.com\/blog\/wp-content\/uploads\/sites\/6\/2019\/09\/screenshot154-e1569853303514.jpg 650w, https:\/\/www.redacteur.com\/blog\/wp-content\/uploads\/sites\/6\/2019\/09\/screenshot154-e1569853303514-300x84.jpg 300w, https:\/\/www.redacteur.com\/blog\/wp-content\/uploads\/sites\/6\/2019\/09\/screenshot154-e1569853303514-60x17.jpg 60w, https:\/\/www.redacteur.com\/blog\/wp-content\/uploads\/sites\/6\/2019\/09\/screenshot154-e1569853303514-370x104.jpg 370w, https:\/\/www.redacteur.com\/blog\/wp-content\/uploads\/sites\/6\/2019\/09\/screenshot154-e1569853303514-270x76.jpg 270w, https:\/\/www.redacteur.com\/blog\/wp-content\/uploads\/sites\/6\/2019\/09\/screenshot154-e1569853303514-570x160.jpg 570w\" sizes=\"(max-width: 650px) 100vw, 650px\" \/><\/a><\/p>\n<blockquote><p>Il faut donc prendre en compte le moteur de recherche pour lequel vous r\u00e9digez afin de correspondre \u00e0 ses attentes.<\/p><\/blockquote>\n<blockquote><p>\u00c0 lire aussi&nbsp;:&nbsp;<a href=\"https:\/\/www.redacteur.com\/blog\/ameliorez-seo-grace-ux\/\">R\u00e9f\u00e9rencement web&nbsp;: am\u00e9liorez votre SEO gr\u00e2ce \u00e0 l\u2019UX<\/a><\/p><\/blockquote>\n<p>&nbsp;<\/p>\n<h2 id=\"intention\">2. D\u00e9finir les intentions de recherche des internautes<\/h2>\n<p>Quand vous r\u00e9digez un <a href=\"https:\/\/www.redacteur.com\/blog\/ameliorez-qualite-texte-plugin-chrome\/\">article de blog<\/a> ou un texte pour votre site, il faut avoir \u00e0 l\u2019esprit plusieurs questions&nbsp;:<\/p>\n<ul>\n<li>Quelles sont les <a href=\"https:\/\/www.redacteur.com\/blog\/seo-comment-utiliser-les-intentions-de-recherche-pour-votre-entreprise%e2%80%89\/\">intentions de recherche de ma cible<\/a>&nbsp;?<\/li>\n<li>Quelles sont les besoins de mes clients&nbsp;?<\/li>\n<li>De quels mots-cl\u00e9s de longue tra\u00eene ai-je besoin pour enrichir mes textes SEO&nbsp;?<\/li>\n<li>Sur quel mot cl\u00e9 mes concurrents sont-ils positionn\u00e9s&nbsp;?<\/li>\n<\/ul>\n<p><a class=\"article-3-1fr\" href=\"https:\/\/1.fr\" target=\"_blank\" rel=\"sponsored noopener noreferrer\"><img decoding=\"async\" class=\"aligncenter wp-image-17329 size-full\" src=\"https:\/\/www.redacteur.com\/blog\/wp-content\/uploads\/sites\/6\/2019\/09\/screenshot144-e1569853372779.jpg\" alt=\"s\u00e9mantique contenus redacteur seo\" width=\"650\" height=\"243\" srcset=\"https:\/\/www.redacteur.com\/blog\/wp-content\/uploads\/sites\/6\/2019\/09\/screenshot144-e1569853372779.jpg 650w, https:\/\/www.redacteur.com\/blog\/wp-content\/uploads\/sites\/6\/2019\/09\/screenshot144-e1569853372779-300x112.jpg 300w, https:\/\/www.redacteur.com\/blog\/wp-content\/uploads\/sites\/6\/2019\/09\/screenshot144-e1569853372779-60x22.jpg 60w, https:\/\/www.redacteur.com\/blog\/wp-content\/uploads\/sites\/6\/2019\/09\/screenshot144-e1569853372779-370x138.jpg 370w, https:\/\/www.redacteur.com\/blog\/wp-content\/uploads\/sites\/6\/2019\/09\/screenshot144-e1569853372779-270x101.jpg 270w, https:\/\/www.redacteur.com\/blog\/wp-content\/uploads\/sites\/6\/2019\/09\/screenshot144-e1569853372779-570x213.jpg 570w\" sizes=\"(max-width: 650px) 100vw, 650px\" \/><\/a><\/p>\n<p>Pour y r\u00e9pondre rapidement, 1.fr propose son outil \u00ab<strong><a class=\"article-3-1fr\" href=\"https:\/\/1.fr\/q\" target=\"_blank\" rel=\"sponsored noopener noreferrer\">ID\u00c9ES DE CONTENU<\/a>\u00bb<\/strong> pour mieux cerner les attentes et les besoins de vos internautes.<\/p>\n<p>Dans le moteur de recherche, vous pourrez saisir un<strong> mot cl\u00e9 sp\u00e9cifique<\/strong> \u00e0 votre texte pour voir appara\u00eetre les questions que les utilisateurs se posent par rapport au th\u00e8me explor\u00e9.<\/p>\n<p><a class=\"article-3-1fr\" href=\"https:\/\/1.fr\/\" target=\"_blank\" rel=\"sponsored noopener noreferrer\">1.fr<\/a> d\u00e9montre encore une fois son expertise en vous proposant litt\u00e9ralement <strong>des requ\u00eates sous forme de probl\u00e9matique&nbsp;!<\/strong><\/p>\n<p><a class=\"article-3-1fr\" href=\"https:\/\/1.fr\" target=\"_blank\" rel=\"sponsored noopener noreferrer\"><img decoding=\"async\" class=\"aligncenter wp-image-17330 size-full\" src=\"https:\/\/www.redacteur.com\/blog\/wp-content\/uploads\/sites\/6\/2019\/09\/screenshot155-e1569853502671.jpg\" alt=\"recherche de th\u00e9matique champ lexical seo\" width=\"650\" height=\"372\" srcset=\"https:\/\/www.redacteur.com\/blog\/wp-content\/uploads\/sites\/6\/2019\/09\/screenshot155-e1569853502671.jpg 650w, https:\/\/www.redacteur.com\/blog\/wp-content\/uploads\/sites\/6\/2019\/09\/screenshot155-e1569853502671-300x172.jpg 300w, https:\/\/www.redacteur.com\/blog\/wp-content\/uploads\/sites\/6\/2019\/09\/screenshot155-e1569853502671-60x34.jpg 60w, https:\/\/www.redacteur.com\/blog\/wp-content\/uploads\/sites\/6\/2019\/09\/screenshot155-e1569853502671-370x212.jpg 370w, https:\/\/www.redacteur.com\/blog\/wp-content\/uploads\/sites\/6\/2019\/09\/screenshot155-e1569853502671-270x155.jpg 270w, https:\/\/www.redacteur.com\/blog\/wp-content\/uploads\/sites\/6\/2019\/09\/screenshot155-e1569853502671-570x326.jpg 570w\" sizes=\"(max-width: 650px) 100vw, 650px\" \/><\/a><\/p>\n<p>Pour choisir quelle probl\u00e9matique vous convient le mieux, il faut prendre en compte <strong>le nombre d\u2019internautes<\/strong> qui posent la question, mais aussi le <strong>nombre de sites<\/strong> qui publient la r\u00e9ponse.<\/p>\n<p>Une fois votre probl\u00e9matique choisie, il faudra d\u00e9terminer les champs lexicaux \u00e0 int\u00e9grer dans votre texte.<\/p>\n<blockquote><p>\u00c0 lire aussi&nbsp;:&nbsp;<a href=\"https:\/\/www.redacteur.com\/blog\/social-commerce-comment-vendre-reseaux-sociaux\/\">SEO&nbsp;: comment utiliser les intentions de recherche pour votre entreprise&nbsp;?<\/a><\/p><\/blockquote>\n<p>&nbsp;<\/p>\n<h2 id=\"champslexicaux\">3. Enrichir votre contenu avec les champs lexicaux<\/h2>\n<p>Vous avez termin\u00e9 de r\u00e9diger votre article.<\/p>\n<p>Prenez une seconde pour bien v\u00e9rifier si vous pouvez aller plus loin dans votre optimisation. Si la r\u00e9ponse est \u00ab oui \u00bb, utilisez donc la fonction <strong>\u00ab <a class=\"article-3-1fr\" href=\"https:\/\/1.fr\/o\" target=\"_blank\" rel=\"sponsored noopener noreferrer\">OPTIMISER<\/a> \u00bb<\/strong> de 1.fr&nbsp;!<\/p>\n<p>Vous pouvez d\u00e9marrer votre optimisation en rentrant l\u2019adresse de votre page web ou en chargeant directement votre texte.<\/p>\n<p><a class=\"article-3-1fr\" href=\"https:\/\/1.fr\" target=\"_blank\" rel=\"sponsored noopener noreferrer\"><img decoding=\"async\" class=\"aligncenter wp-image-17331 size-full\" src=\"https:\/\/www.redacteur.com\/blog\/wp-content\/uploads\/sites\/6\/2019\/09\/screenshot146-e1569853558637.jpg\" alt=\"optimiser un texte champ lexical s\u00e9mantique pour redacteur\" width=\"650\" height=\"507\" srcset=\"https:\/\/www.redacteur.com\/blog\/wp-content\/uploads\/sites\/6\/2019\/09\/screenshot146-e1569853558637.jpg 650w, https:\/\/www.redacteur.com\/blog\/wp-content\/uploads\/sites\/6\/2019\/09\/screenshot146-e1569853558637-300x234.jpg 300w, https:\/\/www.redacteur.com\/blog\/wp-content\/uploads\/sites\/6\/2019\/09\/screenshot146-e1569853558637-60x47.jpg 60w, https:\/\/www.redacteur.com\/blog\/wp-content\/uploads\/sites\/6\/2019\/09\/screenshot146-e1569853558637-370x289.jpg 370w, https:\/\/www.redacteur.com\/blog\/wp-content\/uploads\/sites\/6\/2019\/09\/screenshot146-e1569853558637-270x211.jpg 270w, https:\/\/www.redacteur.com\/blog\/wp-content\/uploads\/sites\/6\/2019\/09\/screenshot146-e1569853558637-385x300.jpg 385w, https:\/\/www.redacteur.com\/blog\/wp-content\/uploads\/sites\/6\/2019\/09\/screenshot146-e1569853558637-570x445.jpg 570w\" sizes=\"(max-width: 650px) 100vw, 650px\" \/><\/a><\/p>\n<blockquote><p>Le champ lexical propos\u00e9 par 1.fr est assez riche pour vous placer au-devant de vos concurrents.<\/p>\n<p>Pour cela les expressions propos\u00e9es sont regroup\u00e9es par affinit\u00e9s. Dans cet exemple vous constatez que \u00ab d\u00e9veloppeur web \u00bb est en lien avec \u00ab langages \u00bb ou \u00ab informatique \u00bb.<\/p><\/blockquote>\n<p><a class=\"article-3-1fr\" href=\"https:\/\/1.fr\" target=\"_blank\" rel=\"sponsored noopener noreferrer\"><img decoding=\"async\" class=\"aligncenter wp-image-17333 size-full\" src=\"https:\/\/www.redacteur.com\/blog\/wp-content\/uploads\/sites\/6\/2019\/09\/screenshot149-e1569853676609.jpg\" alt=\"optimiser un texte champ lexical s\u00e9mantique pour redacteur usage courant\" width=\"650\" height=\"561\" srcset=\"https:\/\/www.redacteur.com\/blog\/wp-content\/uploads\/sites\/6\/2019\/09\/screenshot149-e1569853676609.jpg 650w, https:\/\/www.redacteur.com\/blog\/wp-content\/uploads\/sites\/6\/2019\/09\/screenshot149-e1569853676609-300x259.jpg 300w, https:\/\/www.redacteur.com\/blog\/wp-content\/uploads\/sites\/6\/2019\/09\/screenshot149-e1569853676609-60x52.jpg 60w, https:\/\/www.redacteur.com\/blog\/wp-content\/uploads\/sites\/6\/2019\/09\/screenshot149-e1569853676609-370x319.jpg 370w, https:\/\/www.redacteur.com\/blog\/wp-content\/uploads\/sites\/6\/2019\/09\/screenshot149-e1569853676609-270x233.jpg 270w, https:\/\/www.redacteur.com\/blog\/wp-content\/uploads\/sites\/6\/2019\/09\/screenshot149-e1569853676609-570x492.jpg 570w\" sizes=\"(max-width: 650px) 100vw, 650px\" \/><\/a><\/p>\n<p>L\u2019outil extrait lui-m\u00eame les diff\u00e9rents champs lexicaux appartenant au texte propos\u00e9.<\/p>\n<p>Il n\u2019y aura donc pas de risque que celui-ci vous propose des champs lexicaux aberrants sur les th\u00e8mes du voyage ou de l\u2019agriculture. L&#8217;outil vous montre aussi les mots-cl\u00e9s manquants dans votre contenu.<\/p>\n<p>\u00c0 partir de votre texte, 1.fr va analyser les champs lexicaux et le positionnement de la page dans le moteur de recherche choisi (Google ou Bing).<\/p>\n<p>Il vous donnera ensuite <strong>un score<\/strong> de ce que Google ou Bing comprend de votre texte.<\/p>\n<p><a class=\"article-3-1fr\" href=\"https:\/\/1.fr\" target=\"_blank\" rel=\"sponsored noopener noreferrer\"><img decoding=\"async\" class=\"aligncenter wp-image-17334 size-full\" src=\"https:\/\/www.redacteur.com\/blog\/wp-content\/uploads\/sites\/6\/2019\/09\/score-seo-1fr-referencement-e1569853752862.jpg\" alt=\"optimiser un texte champ lexical s\u00e9mantique pour redacteur\" width=\"650\" height=\"281\" srcset=\"https:\/\/www.redacteur.com\/blog\/wp-content\/uploads\/sites\/6\/2019\/09\/score-seo-1fr-referencement-e1569853752862.jpg 650w, https:\/\/www.redacteur.com\/blog\/wp-content\/uploads\/sites\/6\/2019\/09\/score-seo-1fr-referencement-e1569853752862-300x130.jpg 300w, https:\/\/www.redacteur.com\/blog\/wp-content\/uploads\/sites\/6\/2019\/09\/score-seo-1fr-referencement-e1569853752862-60x26.jpg 60w, https:\/\/www.redacteur.com\/blog\/wp-content\/uploads\/sites\/6\/2019\/09\/score-seo-1fr-referencement-e1569853752862-370x160.jpg 370w, https:\/\/www.redacteur.com\/blog\/wp-content\/uploads\/sites\/6\/2019\/09\/score-seo-1fr-referencement-e1569853752862-270x117.jpg 270w, https:\/\/www.redacteur.com\/blog\/wp-content\/uploads\/sites\/6\/2019\/09\/score-seo-1fr-referencement-e1569853752862-570x246.jpg 570w\" sizes=\"(max-width: 650px) 100vw, 650px\" \/><\/a><\/p>\n<p>Dans notre exemple un peu plus haut, le score est de 84% ce qui est plut\u00f4t bon&nbsp;! Le champ lexical est riche et les expressions ou mots-cl\u00e9s de longue tra\u00eene sont bien utilis\u00e9s.<\/p>\n<p>N\u2019oubliez pas que plus vous avez de pages profondes qui parlent de sujets sp\u00e9cialis\u00e9s, plus votre page sera <strong>facile \u00e0 positionner<\/strong>&nbsp;: en effet votre page utilisera des mots-cl\u00e9s avec peu de volume de recherche et donc moins concurrentiels&nbsp;!<\/p>\n<p><a class=\"article-3-1fr\" href=\"https:\/\/1.fr\/\" target=\"_blank\" rel=\"noopener sponsored noreferrer\"><img decoding=\"async\" class=\"aligncenter wp-image-17332 size-full\" src=\"https:\/\/www.redacteur.com\/blog\/wp-content\/uploads\/sites\/6\/2019\/09\/screenshot147-e1569853619958.jpg\" alt=\"optimiser un texte champ lexical s\u00e9mantique pour redacteur\" width=\"650\" height=\"191\" srcset=\"https:\/\/www.redacteur.com\/blog\/wp-content\/uploads\/sites\/6\/2019\/09\/screenshot147-e1569853619958.jpg 650w, https:\/\/www.redacteur.com\/blog\/wp-content\/uploads\/sites\/6\/2019\/09\/screenshot147-e1569853619958-300x88.jpg 300w, https:\/\/www.redacteur.com\/blog\/wp-content\/uploads\/sites\/6\/2019\/09\/screenshot147-e1569853619958-60x18.jpg 60w, https:\/\/www.redacteur.com\/blog\/wp-content\/uploads\/sites\/6\/2019\/09\/screenshot147-e1569853619958-370x109.jpg 370w, https:\/\/www.redacteur.com\/blog\/wp-content\/uploads\/sites\/6\/2019\/09\/screenshot147-e1569853619958-270x79.jpg 270w, https:\/\/www.redacteur.com\/blog\/wp-content\/uploads\/sites\/6\/2019\/09\/screenshot147-e1569853619958-570x167.jpg 570w\" sizes=\"(max-width: 650px) 100vw, 650px\" \/><\/a><\/p>\n<p>Un autre encart tout en bas, montre \u00e0 travers les yeux d\u2019un robot d\u2019indexation, pour qui s\u2019adresse notre texte. De quoi vous donner un aper\u00e7u de comment votre article sera per\u00e7u par Google&nbsp;!<\/p>\n<p>Vous avez maintenant <strong>toutes les cl\u00e9s en main<\/strong>, pour satisfaire l\u2019intention de recherche de votre visiteur mais aussi des navigateurs web.<\/p>\n<p>&nbsp;<\/p>\n<p>Lorsqu\u2019un r\u00e9dacteur souhaite r\u00e9diger un texte pour cibler une requ\u00eate pr\u00e9cise, il est n\u00e9cessaire que la r\u00e9daction comprenne un champ lexical riche et exhaustif autour de cette requ\u00eate.<\/p>\n<p>Compar\u00e9 \u00e0 de nombreux outils disponibles sur le march\u00e9, <a class=\"article-3-1fr\" href=\"https:\/\/1.fr\" target=\"_blank\" rel=\"sponsored noopener noreferrer\">1.fr<\/a> offre une exp\u00e9rience intuitive pour vous aider \u00e0 r\u00e9diger vos contenus gr\u00e2ce \u00e0 son outil int\u00e9gr\u00e9 d&#8217;assistance \u00e9ditoriale.<\/p>\n<p><a class=\"btn-grid article-3-1fr\" href=\"https:\/\/1.fr\/\" target=\"_blank\" rel=\"sponsored noopener noreferrer\">Tester 1.fr<\/a><\/p>\n","protected":false},"excerpt":{"rendered":"<p>Dans l\u2019univers du SEO, il n\u2019est plus possible d\u2019abuser du m\u00eame mot-cl\u00e9 au sein d\u2019une page web. Si vous souhaitez am\u00e9liorer le r\u00e9f\u00e9rencement de votre site, vous devez travailler le mot-cl\u00e9 principal tout en d\u00e9veloppant votre champ lexical pour enrichir votre sujet&nbsp;! Pour travailler cette approche, nous allons utiliser l\u2019outil 1.fr. Tester 1.frNous l\u2019avons d\u00e9j\u00e0 [&hellip;]<\/p>\n","protected":false},"author":1,"featured_media":17337,"comment_status":"open","ping_status":"open","sticky":false,"template":"","format":"standard","meta":{"_acf_changed":false,"inline_featured_image":false,"footnotes":""},"categories":[15],"tags":[33],"class_list":["post-17323","post","type-post","status-publish","format-standard","has-post-thumbnail","hentry","category-seo","tag-sponso"],"acf":[],"yoast_head":"<!-- This site is optimized with the Yoast SEO plugin v25.9 - https:\/\/yoast.com\/wordpress\/plugins\/seo\/ -->\n<title>Adaptez vos contenus aux attentes des moteurs de recherche - Redacteur Blog<\/title>\n<meta name=\"description\" content=\"Dans l\u2019univers du SEO, il n\u2019est plus possible d\u2019abuser du m\u00eame mot-cl\u00e9 au sein d\u2019une page web. Si vous souhaitez am\u00e9liorer le r\u00e9f\u00e9rencement de votre site,\" \/>\n<meta name=\"robots\" content=\"index, follow, max-snippet:-1, max-image-preview:large, max-video-preview:-1\" \/>\n<link rel=\"canonical\" href=\"https:\/\/www.redacteur.com\/blog\/contenus-attentes-moteurs-recherche\/\" \/>\n<meta property=\"og:locale\" content=\"fr_FR\" \/>\n<meta property=\"og:type\" content=\"article\" \/>\n<meta property=\"og:title\" content=\"Adaptez vos contenus aux attentes des moteurs de recherche - Redacteur Blog\" \/>\n<meta property=\"og:description\" content=\"Dans l\u2019univers du SEO, il n\u2019est plus possible d\u2019abuser du m\u00eame mot-cl\u00e9 au sein d\u2019une page web. Si vous souhaitez am\u00e9liorer le r\u00e9f\u00e9rencement de votre site,\" \/>\n<meta property=\"og:url\" content=\"https:\/\/www.redacteur.com\/blog\/contenus-attentes-moteurs-recherche\/\" \/>\n<meta property=\"og:site_name\" content=\"Redacteur.com\" \/>\n<meta property=\"article:publisher\" content=\"https:\/\/www.facebook.com\/redacteurcom\" \/>\n<meta property=\"article:published_time\" content=\"2019-10-10T08:30:52+00:00\" \/>\n<meta property=\"article:modified_time\" content=\"2022-10-04T13:50:31+00:00\" \/>\n<meta property=\"og:image\" content=\"https:\/\/www.redacteur.com\/blog\/wp-content\/uploads\/sites\/6\/2019\/09\/redacteur-blog-img-une-adapter-contenu-moteur-de-recherche.jpg\" \/>\n\t<meta property=\"og:image:width\" content=\"850\" \/>\n\t<meta property=\"og:image:height\" content=\"600\" \/>\n\t<meta property=\"og:image:type\" content=\"image\/jpeg\" \/>\n<meta name=\"author\" content=\"Laura Michaud\" \/>\n<meta name=\"twitter:card\" content=\"summary_large_image\" \/>\n<meta name=\"twitter:creator\" content=\"@Redacteurcom\" \/>\n<meta name=\"twitter:site\" content=\"@Redacteurcom\" \/>\n<meta name=\"twitter:label1\" content=\"\u00c9crit par\" \/>\n\t<meta name=\"twitter:data1\" content=\"Laura Michaud\" \/>\n\t<meta name=\"twitter:label2\" content=\"Dur\u00e9e de lecture estim\u00e9e\" \/>\n\t<meta name=\"twitter:data2\" content=\"7 minutes\" \/>\n<script type=\"application\/ld+json\" class=\"yoast-schema-graph\">{\"@context\":\"https:\/\/schema.org\",\"@graph\":[{\"@type\":\"Article\",\"@id\":\"https:\/\/www.redacteur.com\/blog\/contenus-attentes-moteurs-recherche\/#article\",\"isPartOf\":{\"@id\":\"https:\/\/www.redacteur.com\/blog\/contenus-attentes-moteurs-recherche\/\"},\"author\":{\"name\":\"Laura Michaud\",\"@id\":\"https:\/\/www.redacteur.com\/blog\/#\/schema\/person\/33c0ef04707fbe50a096f282050bb5f2\"},\"headline\":\"Adaptez vos contenus aux attentes des moteurs de recherche\",\"datePublished\":\"2019-10-10T08:30:52+00:00\",\"dateModified\":\"2022-10-04T13:50:31+00:00\",\"mainEntityOfPage\":{\"@id\":\"https:\/\/www.redacteur.com\/blog\/contenus-attentes-moteurs-recherche\/\"},\"wordCount\":1092,\"commentCount\":1,\"publisher\":{\"@id\":\"https:\/\/www.redacteur.com\/blog\/#organization\"},\"image\":{\"@id\":\"https:\/\/www.redacteur.com\/blog\/contenus-attentes-moteurs-recherche\/#primaryimage\"},\"thumbnailUrl\":\"https:\/\/www.redacteur.com\/blog\/wp-content\/uploads\/sites\/6\/2019\/09\/redacteur-blog-img-une-adapter-contenu-moteur-de-recherche.jpg\",\"keywords\":[\"Sponsoris\u00e9\"],\"articleSection\":[\"Strat\u00e9gie SEO\"],\"inLanguage\":\"fr-FR\",\"potentialAction\":[{\"@type\":\"CommentAction\",\"name\":\"Comment\",\"target\":[\"https:\/\/www.redacteur.com\/blog\/contenus-attentes-moteurs-recherche\/#respond\"]}]},{\"@type\":\"WebPage\",\"@id\":\"https:\/\/www.redacteur.com\/blog\/contenus-attentes-moteurs-recherche\/\",\"url\":\"https:\/\/www.redacteur.com\/blog\/contenus-attentes-moteurs-recherche\/\",\"name\":\"Adaptez vos contenus aux attentes des moteurs de recherche - Redacteur Blog\",\"isPartOf\":{\"@id\":\"https:\/\/www.redacteur.com\/blog\/#website\"},\"primaryImageOfPage\":{\"@id\":\"https:\/\/www.redacteur.com\/blog\/contenus-attentes-moteurs-recherche\/#primaryimage\"},\"image\":{\"@id\":\"https:\/\/www.redacteur.com\/blog\/contenus-attentes-moteurs-recherche\/#primaryimage\"},\"thumbnailUrl\":\"https:\/\/www.redacteur.com\/blog\/wp-content\/uploads\/sites\/6\/2019\/09\/redacteur-blog-img-une-adapter-contenu-moteur-de-recherche.jpg\",\"datePublished\":\"2019-10-10T08:30:52+00:00\",\"dateModified\":\"2022-10-04T13:50:31+00:00\",\"description\":\"Dans l\u2019univers du SEO, il n\u2019est plus possible d\u2019abuser du m\u00eame mot-cl\u00e9 au sein d\u2019une page web. Si vous souhaitez am\u00e9liorer le r\u00e9f\u00e9rencement de votre site,\",\"breadcrumb\":{\"@id\":\"https:\/\/www.redacteur.com\/blog\/contenus-attentes-moteurs-recherche\/#breadcrumb\"},\"inLanguage\":\"fr-FR\",\"potentialAction\":[{\"@type\":\"ReadAction\",\"target\":[\"https:\/\/www.redacteur.com\/blog\/contenus-attentes-moteurs-recherche\/\"]}]},{\"@type\":\"ImageObject\",\"inLanguage\":\"fr-FR\",\"@id\":\"https:\/\/www.redacteur.com\/blog\/contenus-attentes-moteurs-recherche\/#primaryimage\",\"url\":\"https:\/\/www.redacteur.com\/blog\/wp-content\/uploads\/sites\/6\/2019\/09\/redacteur-blog-img-une-adapter-contenu-moteur-de-recherche.jpg\",\"contentUrl\":\"https:\/\/www.redacteur.com\/blog\/wp-content\/uploads\/sites\/6\/2019\/09\/redacteur-blog-img-une-adapter-contenu-moteur-de-recherche.jpg\",\"width\":850,\"height\":600},{\"@type\":\"BreadcrumbList\",\"@id\":\"https:\/\/www.redacteur.com\/blog\/contenus-attentes-moteurs-recherche\/#breadcrumb\",\"itemListElement\":[{\"@type\":\"ListItem\",\"position\":1,\"name\":\"Blog\",\"item\":\"https:\/\/www.redacteur.com\/blog\/\"},{\"@type\":\"ListItem\",\"position\":2,\"name\":\"Strat\u00e9gie SEO\",\"item\":\"https:\/\/www.redacteur.com\/blog\/seo\/\"},{\"@type\":\"ListItem\",\"position\":3,\"name\":\"Adaptez vos contenus aux attentes des moteurs de recherche\"}]},{\"@type\":\"WebSite\",\"@id\":\"https:\/\/www.redacteur.com\/blog\/#website\",\"url\":\"https:\/\/www.redacteur.com\/blog\/\",\"name\":\"Redacteur.com\",\"description\":\"redacteur\",\"publisher\":{\"@id\":\"https:\/\/www.redacteur.com\/blog\/#organization\"},\"potentialAction\":[{\"@type\":\"SearchAction\",\"target\":{\"@type\":\"EntryPoint\",\"urlTemplate\":\"https:\/\/www.redacteur.com\/blog\/?s={search_term_string}\"},\"query-input\":{\"@type\":\"PropertyValueSpecification\",\"valueRequired\":true,\"valueName\":\"search_term_string\"}}],\"inLanguage\":\"fr-FR\"},{\"@type\":\"Organization\",\"@id\":\"https:\/\/www.redacteur.com\/blog\/#organization\",\"name\":\"Redacteur.com\",\"url\":\"https:\/\/www.redacteur.com\/blog\/\",\"logo\":{\"@type\":\"ImageObject\",\"inLanguage\":\"fr-FR\",\"@id\":\"https:\/\/www.redacteur.com\/blog\/#\/schema\/logo\/image\/\",\"url\":\"https:\/\/www.redacteur.com\/blog\/wp-content\/uploads\/sites\/6\/2022\/10\/logo-redacteur-blog.svg\",\"contentUrl\":\"https:\/\/www.redacteur.com\/blog\/wp-content\/uploads\/sites\/6\/2022\/10\/logo-redacteur-blog.svg\",\"width\":1,\"height\":1,\"caption\":\"Redacteur.com\"},\"image\":{\"@id\":\"https:\/\/www.redacteur.com\/blog\/#\/schema\/logo\/image\/\"},\"sameAs\":[\"https:\/\/www.facebook.com\/redacteurcom\",\"https:\/\/x.com\/Redacteurcom\",\"https:\/\/www.linkedin.com\/company\/redacteur-com\",\"https:\/\/www.youtube.com\/channel\/UCgj9ySM9xy3gdL8qBafl9Uw\/\"]},{\"@type\":\"Person\",\"@id\":\"https:\/\/www.redacteur.com\/blog\/#\/schema\/person\/33c0ef04707fbe50a096f282050bb5f2\",\"name\":\"Laura Michaud\",\"image\":{\"@type\":\"ImageObject\",\"inLanguage\":\"fr-FR\",\"@id\":\"https:\/\/www.redacteur.com\/blog\/#\/schema\/person\/image\/\",\"url\":\"https:\/\/secure.gravatar.com\/avatar\/c3328cc0c887f98cec6b2979af3311ab6333fc7cc2d4847514cfec6a56fa08a7?s=96&d=mm&r=g\",\"contentUrl\":\"https:\/\/secure.gravatar.com\/avatar\/c3328cc0c887f98cec6b2979af3311ab6333fc7cc2d4847514cfec6a56fa08a7?s=96&d=mm&r=g\",\"caption\":\"Laura Michaud\"},\"description\":\"Laura connait tous les meilleurs outils pour g\u00e9rer des projets et une entreprise. Cr\u00e9ative, c'est aussi une sp\u00e9cialiste des outils de cr\u00e9ation graphique pour faire briller une entreprise.\",\"sameAs\":[\"https:\/\/www.linkedin.com\/in\/michaudlaura\/\"],\"url\":\"https:\/\/www.redacteur.com\/blog\/author\/laura\/\"}]}<\/script>\n<!-- \/ Yoast SEO plugin. -->","yoast_head_json":{"title":"Adaptez vos contenus aux attentes des moteurs de recherche - Redacteur Blog","description":"Dans l\u2019univers du SEO, il n\u2019est plus possible d\u2019abuser du m\u00eame mot-cl\u00e9 au sein d\u2019une page web. Si vous souhaitez am\u00e9liorer le r\u00e9f\u00e9rencement de votre site,","robots":{"index":"index","follow":"follow","max-snippet":"max-snippet:-1","max-image-preview":"max-image-preview:large","max-video-preview":"max-video-preview:-1"},"canonical":"https:\/\/www.redacteur.com\/blog\/contenus-attentes-moteurs-recherche\/","og_locale":"fr_FR","og_type":"article","og_title":"Adaptez vos contenus aux attentes des moteurs de recherche - Redacteur Blog","og_description":"Dans l\u2019univers du SEO, il n\u2019est plus possible d\u2019abuser du m\u00eame mot-cl\u00e9 au sein d\u2019une page web. Si vous souhaitez am\u00e9liorer le r\u00e9f\u00e9rencement de votre site,","og_url":"https:\/\/www.redacteur.com\/blog\/contenus-attentes-moteurs-recherche\/","og_site_name":"Redacteur.com","article_publisher":"https:\/\/www.facebook.com\/redacteurcom","article_published_time":"2019-10-10T08:30:52+00:00","article_modified_time":"2022-10-04T13:50:31+00:00","og_image":[{"width":850,"height":600,"url":"https:\/\/www.redacteur.com\/blog\/wp-content\/uploads\/sites\/6\/2019\/09\/redacteur-blog-img-une-adapter-contenu-moteur-de-recherche.jpg","type":"image\/jpeg"}],"author":"Laura Michaud","twitter_card":"summary_large_image","twitter_creator":"@Redacteurcom","twitter_site":"@Redacteurcom","twitter_misc":{"\u00c9crit par":"Laura Michaud","Dur\u00e9e de lecture estim\u00e9e":"7 minutes"},"schema":{"@context":"https:\/\/schema.org","@graph":[{"@type":"Article","@id":"https:\/\/www.redacteur.com\/blog\/contenus-attentes-moteurs-recherche\/#article","isPartOf":{"@id":"https:\/\/www.redacteur.com\/blog\/contenus-attentes-moteurs-recherche\/"},"author":{"name":"Laura Michaud","@id":"https:\/\/www.redacteur.com\/blog\/#\/schema\/person\/33c0ef04707fbe50a096f282050bb5f2"},"headline":"Adaptez vos contenus aux attentes des moteurs de recherche","datePublished":"2019-10-10T08:30:52+00:00","dateModified":"2022-10-04T13:50:31+00:00","mainEntityOfPage":{"@id":"https:\/\/www.redacteur.com\/blog\/contenus-attentes-moteurs-recherche\/"},"wordCount":1092,"commentCount":1,"publisher":{"@id":"https:\/\/www.redacteur.com\/blog\/#organization"},"image":{"@id":"https:\/\/www.redacteur.com\/blog\/contenus-attentes-moteurs-recherche\/#primaryimage"},"thumbnailUrl":"https:\/\/www.redacteur.com\/blog\/wp-content\/uploads\/sites\/6\/2019\/09\/redacteur-blog-img-une-adapter-contenu-moteur-de-recherche.jpg","keywords":["Sponsoris\u00e9"],"articleSection":["Strat\u00e9gie SEO"],"inLanguage":"fr-FR","potentialAction":[{"@type":"CommentAction","name":"Comment","target":["https:\/\/www.redacteur.com\/blog\/contenus-attentes-moteurs-recherche\/#respond"]}]},{"@type":"WebPage","@id":"https:\/\/www.redacteur.com\/blog\/contenus-attentes-moteurs-recherche\/","url":"https:\/\/www.redacteur.com\/blog\/contenus-attentes-moteurs-recherche\/","name":"Adaptez vos contenus aux attentes des moteurs de recherche - Redacteur Blog","isPartOf":{"@id":"https:\/\/www.redacteur.com\/blog\/#website"},"primaryImageOfPage":{"@id":"https:\/\/www.redacteur.com\/blog\/contenus-attentes-moteurs-recherche\/#primaryimage"},"image":{"@id":"https:\/\/www.redacteur.com\/blog\/contenus-attentes-moteurs-recherche\/#primaryimage"},"thumbnailUrl":"https:\/\/www.redacteur.com\/blog\/wp-content\/uploads\/sites\/6\/2019\/09\/redacteur-blog-img-une-adapter-contenu-moteur-de-recherche.jpg","datePublished":"2019-10-10T08:30:52+00:00","dateModified":"2022-10-04T13:50:31+00:00","description":"Dans l\u2019univers du SEO, il n\u2019est plus possible d\u2019abuser du m\u00eame mot-cl\u00e9 au sein d\u2019une page web. Si vous souhaitez am\u00e9liorer le r\u00e9f\u00e9rencement de votre site,","breadcrumb":{"@id":"https:\/\/www.redacteur.com\/blog\/contenus-attentes-moteurs-recherche\/#breadcrumb"},"inLanguage":"fr-FR","potentialAction":[{"@type":"ReadAction","target":["https:\/\/www.redacteur.com\/blog\/contenus-attentes-moteurs-recherche\/"]}]},{"@type":"ImageObject","inLanguage":"fr-FR","@id":"https:\/\/www.redacteur.com\/blog\/contenus-attentes-moteurs-recherche\/#primaryimage","url":"https:\/\/www.redacteur.com\/blog\/wp-content\/uploads\/sites\/6\/2019\/09\/redacteur-blog-img-une-adapter-contenu-moteur-de-recherche.jpg","contentUrl":"https:\/\/www.redacteur.com\/blog\/wp-content\/uploads\/sites\/6\/2019\/09\/redacteur-blog-img-une-adapter-contenu-moteur-de-recherche.jpg","width":850,"height":600},{"@type":"BreadcrumbList","@id":"https:\/\/www.redacteur.com\/blog\/contenus-attentes-moteurs-recherche\/#breadcrumb","itemListElement":[{"@type":"ListItem","position":1,"name":"Blog","item":"https:\/\/www.redacteur.com\/blog\/"},{"@type":"ListItem","position":2,"name":"Strat\u00e9gie SEO","item":"https:\/\/www.redacteur.com\/blog\/seo\/"},{"@type":"ListItem","position":3,"name":"Adaptez vos contenus aux attentes des moteurs de recherche"}]},{"@type":"WebSite","@id":"https:\/\/www.redacteur.com\/blog\/#website","url":"https:\/\/www.redacteur.com\/blog\/","name":"Redacteur.com","description":"redacteur","publisher":{"@id":"https:\/\/www.redacteur.com\/blog\/#organization"},"potentialAction":[{"@type":"SearchAction","target":{"@type":"EntryPoint","urlTemplate":"https:\/\/www.redacteur.com\/blog\/?s={search_term_string}"},"query-input":{"@type":"PropertyValueSpecification","valueRequired":true,"valueName":"search_term_string"}}],"inLanguage":"fr-FR"},{"@type":"Organization","@id":"https:\/\/www.redacteur.com\/blog\/#organization","name":"Redacteur.com","url":"https:\/\/www.redacteur.com\/blog\/","logo":{"@type":"ImageObject","inLanguage":"fr-FR","@id":"https:\/\/www.redacteur.com\/blog\/#\/schema\/logo\/image\/","url":"https:\/\/www.redacteur.com\/blog\/wp-content\/uploads\/sites\/6\/2022\/10\/logo-redacteur-blog.svg","contentUrl":"https:\/\/www.redacteur.com\/blog\/wp-content\/uploads\/sites\/6\/2022\/10\/logo-redacteur-blog.svg","width":1,"height":1,"caption":"Redacteur.com"},"image":{"@id":"https:\/\/www.redacteur.com\/blog\/#\/schema\/logo\/image\/"},"sameAs":["https:\/\/www.facebook.com\/redacteurcom","https:\/\/x.com\/Redacteurcom","https:\/\/www.linkedin.com\/company\/redacteur-com","https:\/\/www.youtube.com\/channel\/UCgj9ySM9xy3gdL8qBafl9Uw\/"]},{"@type":"Person","@id":"https:\/\/www.redacteur.com\/blog\/#\/schema\/person\/33c0ef04707fbe50a096f282050bb5f2","name":"Laura Michaud","image":{"@type":"ImageObject","inLanguage":"fr-FR","@id":"https:\/\/www.redacteur.com\/blog\/#\/schema\/person\/image\/","url":"https:\/\/secure.gravatar.com\/avatar\/c3328cc0c887f98cec6b2979af3311ab6333fc7cc2d4847514cfec6a56fa08a7?s=96&d=mm&r=g","contentUrl":"https:\/\/secure.gravatar.com\/avatar\/c3328cc0c887f98cec6b2979af3311ab6333fc7cc2d4847514cfec6a56fa08a7?s=96&d=mm&r=g","caption":"Laura Michaud"},"description":"Laura connait tous les meilleurs outils pour g\u00e9rer des projets et une entreprise. Cr\u00e9ative, c'est aussi une sp\u00e9cialiste des outils de cr\u00e9ation graphique pour faire briller une entreprise.","sameAs":["https:\/\/www.linkedin.com\/in\/michaudlaura\/"],"url":"https:\/\/www.redacteur.com\/blog\/author\/laura\/"}]}},"_links":{"self":[{"href":"https:\/\/www.redacteur.com\/blog\/wp-json\/wp\/v2\/posts\/17323","targetHints":{"allow":["GET"]}}],"collection":[{"href":"https:\/\/www.redacteur.com\/blog\/wp-json\/wp\/v2\/posts"}],"about":[{"href":"https:\/\/www.redacteur.com\/blog\/wp-json\/wp\/v2\/types\/post"}],"author":[{"embeddable":true,"href":"https:\/\/www.redacteur.com\/blog\/wp-json\/wp\/v2\/users\/1"}],"replies":[{"embeddable":true,"href":"https:\/\/www.redacteur.com\/blog\/wp-json\/wp\/v2\/comments?post=17323"}],"version-history":[{"count":0,"href":"https:\/\/www.redacteur.com\/blog\/wp-json\/wp\/v2\/posts\/17323\/revisions"}],"wp:featuredmedia":[{"embeddable":true,"href":"https:\/\/www.redacteur.com\/blog\/wp-json\/wp\/v2\/media\/17337"}],"wp:attachment":[{"href":"https:\/\/www.redacteur.com\/blog\/wp-json\/wp\/v2\/media?parent=17323"}],"wp:term":[{"taxonomy":"category","embeddable":true,"href":"https:\/\/www.redacteur.com\/blog\/wp-json\/wp\/v2\/categories?post=17323"},{"taxonomy":"post_tag","embeddable":true,"href":"https:\/\/www.redacteur.com\/blog\/wp-json\/wp\/v2\/tags?post=17323"}],"curies":[{"name":"wp","href":"https:\/\/api.w.org\/{rel}","templated":true}]}}