{"id":17346,"date":"2022-11-30T10:50:00","date_gmt":"2022-11-30T09:50:00","guid":{"rendered":"https:\/\/www.redacteur.com\/blog\/?p=17346"},"modified":"2022-11-30T10:16:14","modified_gmt":"2022-11-30T09:16:14","slug":"guide-devenir-pro-storytelling","status":"publish","type":"post","link":"https:\/\/www.redacteur.com\/blog\/guide-devenir-pro-storytelling\/","title":{"rendered":"Le guide pour devenir un pro du storytelling"},"content":{"rendered":"<p>Tout le monde parle du <a href=\"https:\/\/www.redacteur.com\/blog\/livre-blanc-ebook-storytelling-marque-gratuit-free\/\">storytelling<\/a>, mais qu&#8217;en est-il r\u00e9ellement&nbsp;? Savez-vous comment vous diff\u00e9rencier de vos concurrents&nbsp;?<\/p>\n<p>Le storytelling est une m\u00e9thode de communication o\u00f9 une entreprise raconte son histoire dans le but de se cr\u00e9er et de vendre une <a href=\"https:\/\/www.redacteur.com\/blog\/content-marketing-marque-ennuyeuse\/\" target=\"_blank\" rel=\"noopener noreferrer\">image de marque<\/a>&nbsp;! Il permet aussi de remplacer les arguments d&#8217;un produit par un <strong>r\u00e9cit inspirant.<\/strong><\/p>\n<p>Vos consommateurs sont maintenant \u00e0 la recherche de &#8220;vrai&#8221; et d&#8217;une marque \u00e0 laquelle ils pourraient s&#8217;identifier. Cet article vous propose <strong>plusieurs solutions pour \u00e9laborer une belle histoire autour de votre marque&#8230;<\/strong><\/p>\n<p>Suivez le guide&nbsp;!<\/p>\n<ul>\n<li><a href=\"#6conseils\">6 conseils pour cr\u00e9er un bon storytelling de blog<\/a><\/li>\n<li><a href=\"#5r\u00e8gles\">5 r\u00e8gles \u00e0 respecter pour un storytelling captivant<\/a><\/li>\n<li><a href=\"#marque\">Les 5 meilleurs storytelling de marque<\/a><\/li>\n<li><a href=\"#histoire\">Storytelling&nbsp;: comment d\u00e9velopper l\u2019histoire de votre marque&nbsp;?<\/a><\/li>\n<li><a href=\"#reussir\">Comment construire un storytelling r\u00e9ussi&nbsp;?<\/a><\/li>\n<\/ul>\n<h2 id=\"6conseils\">6 conseils pour cr\u00e9er un bon storytelling de blog<\/h2>\n<p><img decoding=\"async\" class=\"aligncenter wp-image-17351 size-full\" src=\"https:\/\/www.redacteur.com\/blog\/wp-content\/uploads\/sites\/6\/2019\/10\/redacteur-blog-img-integrer-une-storytelling-e1569916571237.jpg\" alt=\" Le storytelling est un travail de fond qui ne se base pas sur les produits et services d\u2019une entreprise, mais sur ses valeurs et ses convictions. Plus qu\u2019au \u00ab&nbsp;comment&nbsp;?&nbsp;\u00bb, un bon storyteller s\u2019int\u00e9ressera tout d\u2019abord \u00e0 la gen\u00e8se de l\u2019entreprise et \u00e0 son \u00e9volution, c\u2019est-\u00e0-dire au \u00ab&nbsp;pourquoi&nbsp;?&nbsp;\u00bb. Qu\u2019est-ce qui a men\u00e9 les fondateurs \u00e0 cr\u00e9er cette entreprise et quels ont \u00e9t\u00e9 les \u00e9v\u00e9nements qui ont eu une influence significative sur son succ\u00e8s&nbsp;? Voil\u00e0, par quoi commence la cr\u00e9ation d\u2019un bon storytelling.\" width=\"650\" height=\"459\" srcset=\"https:\/\/www.redacteur.com\/blog\/wp-content\/uploads\/sites\/6\/2019\/10\/redacteur-blog-img-integrer-une-storytelling-e1569916571237.jpg 650w, https:\/\/www.redacteur.com\/blog\/wp-content\/uploads\/sites\/6\/2019\/10\/redacteur-blog-img-integrer-une-storytelling-e1569916571237-300x212.jpg 300w, https:\/\/www.redacteur.com\/blog\/wp-content\/uploads\/sites\/6\/2019\/10\/redacteur-blog-img-integrer-une-storytelling-e1569916571237-60x42.jpg 60w, https:\/\/www.redacteur.com\/blog\/wp-content\/uploads\/sites\/6\/2019\/10\/redacteur-blog-img-integrer-une-storytelling-e1569916571237-370x261.jpg 370w, https:\/\/www.redacteur.com\/blog\/wp-content\/uploads\/sites\/6\/2019\/10\/redacteur-blog-img-integrer-une-storytelling-e1569916571237-270x191.jpg 270w, https:\/\/www.redacteur.com\/blog\/wp-content\/uploads\/sites\/6\/2019\/10\/redacteur-blog-img-integrer-une-storytelling-e1569916571237-570x403.jpg 570w\" sizes=\"(max-width: 650px) 100vw, 650px\" \/><\/p>\n<p>Embarquer vos lecteurs avec <strong>la technique du storytelling&nbsp;!<\/strong><\/p>\n<p>Pour donner envie de faire revenir les internautes sur votre site, il faut les fid\u00e9liser et surtout vous d\u00e9marquer des autres blogs.<\/p>\n<p>Avec cette technique de <strong>content marketing<\/strong>, vous pourrez raconter de belles histoires, cr\u00e9er une r\u00e9currence dans l&#8217;usage de vos contenus par vos lecteurs et provoquer ainsi un attachement \u00e0 votre blog.<\/p>\n<p>\ud83d\udc49 <a href=\"https:\/\/www.redacteur.com\/blog\/conseils-storytelling-blog\/\" target=\"_blank\" rel=\"noopener noreferrer\">6 conseils pour cr\u00e9er un bon storytelling de blog<\/a><\/p>\n<h2 id=\"5r\u00e8gles\">5 r\u00e8gles \u00e0 respecter pour un storytelling captivant<\/h2>\n<p><img decoding=\"async\" class=\"aligncenter wp-image-17349 size-full\" src=\"https:\/\/www.redacteur.com\/blog\/wp-content\/uploads\/sites\/6\/2019\/10\/storytelling-captivant-740x522-e1569916693462.jpg\" alt=\"le guide pour devenir un pro du storytelling\" width=\"650\" height=\"459\" srcset=\"https:\/\/www.redacteur.com\/blog\/wp-content\/uploads\/sites\/6\/2019\/10\/storytelling-captivant-740x522-e1569916693462.jpg 650w, https:\/\/www.redacteur.com\/blog\/wp-content\/uploads\/sites\/6\/2019\/10\/storytelling-captivant-740x522-e1569916693462-300x212.jpg 300w, https:\/\/www.redacteur.com\/blog\/wp-content\/uploads\/sites\/6\/2019\/10\/storytelling-captivant-740x522-e1569916693462-60x42.jpg 60w, https:\/\/www.redacteur.com\/blog\/wp-content\/uploads\/sites\/6\/2019\/10\/storytelling-captivant-740x522-e1569916693462-370x261.jpg 370w, https:\/\/www.redacteur.com\/blog\/wp-content\/uploads\/sites\/6\/2019\/10\/storytelling-captivant-740x522-e1569916693462-270x191.jpg 270w, https:\/\/www.redacteur.com\/blog\/wp-content\/uploads\/sites\/6\/2019\/10\/storytelling-captivant-740x522-e1569916693462-570x403.jpg 570w\" sizes=\"(max-width: 650px) 100vw, 650px\" \/><\/p>\n<p>Maintenant que vous savez que le storytelling est incontournable, il est temps de regarder de plus pr\u00e8s comment l&#8217;utiliser.<\/p>\n<p>Comment arriver \u00e0 int\u00e9resser un <strong>maximum de personnes<\/strong> \u00e0 votre marque avec votre storytelling&nbsp;?<\/p>\n<p>Pour qu&#8217;il fonctionne et captive vos consommateurs, suivez ces quelques r\u00e8gles&#8230;<\/p>\n<p>\ud83d\udc49 <a href=\"https:\/\/www.redacteur.com\/blog\/regles-storytelling-captivant\/\" target=\"_blank\" rel=\"noopener noreferrer\">5 r\u00e8gles \u00e0 respecter pour un storytelling captivant<\/a><\/p>\n<h2 id=\"marque\">Les 5 meilleurs storytelling de marque<\/h2>\n<p><img decoding=\"async\" class=\"aligncenter wp-image-17347 size-full\" src=\"https:\/\/www.redacteur.com\/blog\/wp-content\/uploads\/sites\/6\/2019\/10\/meilleur-storytelling-marque-740x522-e1569916836402.jpg\" alt=\"le guide pour devenir un pro du storytelling\" width=\"650\" height=\"459\" srcset=\"https:\/\/www.redacteur.com\/blog\/wp-content\/uploads\/sites\/6\/2019\/10\/meilleur-storytelling-marque-740x522-e1569916836402.jpg 650w, https:\/\/www.redacteur.com\/blog\/wp-content\/uploads\/sites\/6\/2019\/10\/meilleur-storytelling-marque-740x522-e1569916836402-300x212.jpg 300w, https:\/\/www.redacteur.com\/blog\/wp-content\/uploads\/sites\/6\/2019\/10\/meilleur-storytelling-marque-740x522-e1569916836402-60x42.jpg 60w, https:\/\/www.redacteur.com\/blog\/wp-content\/uploads\/sites\/6\/2019\/10\/meilleur-storytelling-marque-740x522-e1569916836402-370x261.jpg 370w, https:\/\/www.redacteur.com\/blog\/wp-content\/uploads\/sites\/6\/2019\/10\/meilleur-storytelling-marque-740x522-e1569916836402-270x191.jpg 270w, https:\/\/www.redacteur.com\/blog\/wp-content\/uploads\/sites\/6\/2019\/10\/meilleur-storytelling-marque-740x522-e1569916836402-570x403.jpg 570w\" sizes=\"(max-width: 650px) 100vw, 650px\" \/><\/p>\n<p>Vous \u00eates maintenant un expert dans l&#8217;art de cr\u00e9er un fil rouge \u00e9motionnel&nbsp;: et si nous partions \u00e0 la d\u00e9couverte des <strong>meilleures strat\u00e9gies de storytelling<\/strong>&nbsp;?<\/p>\n<p>Les publicitaires n&#8217;h\u00e9sitent pas \u00e0 l&#8217;utiliser comme une arme marketing dans les domaines du luxe ou du sport.<\/p>\n<p>Voici 5 exemples de marque facilement transposables dans votre strat\u00e9gie de contenu.<\/p>\n<p>\ud83d\udc49 <a href=\"https:\/\/www.redacteur.com\/blog\/meilleurs-storytelling-de-marque\/\" target=\"_blank\" rel=\"noopener noreferrer\">Les 5 meilleurs storytelling de marque<\/a><\/p>\n<h2 id=\"histoire\">Storytelling&nbsp;: comment d\u00e9velopper l\u2019histoire de votre marque&nbsp;?<\/h2>\n<p><img decoding=\"async\" class=\"aligncenter wp-image-17350 size-full\" src=\"https:\/\/www.redacteur.com\/blog\/wp-content\/uploads\/sites\/6\/2019\/10\/storytelling-histoire-marque-740x522-e1569916827652.jpg\" alt=\"le guide pour devenir un pro du storytelling\" width=\"650\" height=\"459\" srcset=\"https:\/\/www.redacteur.com\/blog\/wp-content\/uploads\/sites\/6\/2019\/10\/storytelling-histoire-marque-740x522-e1569916827652.jpg 650w, https:\/\/www.redacteur.com\/blog\/wp-content\/uploads\/sites\/6\/2019\/10\/storytelling-histoire-marque-740x522-e1569916827652-300x212.jpg 300w, https:\/\/www.redacteur.com\/blog\/wp-content\/uploads\/sites\/6\/2019\/10\/storytelling-histoire-marque-740x522-e1569916827652-60x42.jpg 60w, https:\/\/www.redacteur.com\/blog\/wp-content\/uploads\/sites\/6\/2019\/10\/storytelling-histoire-marque-740x522-e1569916827652-370x261.jpg 370w, https:\/\/www.redacteur.com\/blog\/wp-content\/uploads\/sites\/6\/2019\/10\/storytelling-histoire-marque-740x522-e1569916827652-270x191.jpg 270w, https:\/\/www.redacteur.com\/blog\/wp-content\/uploads\/sites\/6\/2019\/10\/storytelling-histoire-marque-740x522-e1569916827652-570x403.jpg 570w\" sizes=\"(max-width: 650px) 100vw, 650px\" \/><\/p>\n<p>Pourquoi \u00e9laborer une strat\u00e9gie marketing ax\u00e9e autour du<strong> storytelling<\/strong>&nbsp;?<\/p>\n<p>Pour r\u00e9pondre \u00e0 cette question, vous d\u00e9couvrirez dans cet article que le storytelling est un travail de fond qui se base sur <strong>les valeurs et les convictions<\/strong> de son fondateur.<\/p>\n<p>\ud83d\udc49 <a href=\"https:\/\/www.redacteur.com\/blog\/storytelling-histoire-de-marque\/\" target=\"_blank\" rel=\"noopener noreferrer\">Storytelling&nbsp;: comment d\u00e9velopper l\u2019histoire de votre marque&nbsp;?<\/a><\/p>\n<h2 id=\"reussir\">Comment construire un storytelling r\u00e9ussi&nbsp;?<\/h2>\n<p><img decoding=\"async\" class=\"aligncenter wp-image-17348 size-full\" src=\"https:\/\/www.redacteur.com\/blog\/wp-content\/uploads\/sites\/6\/2019\/10\/redacteur-reussir-storytelling-740x368-1.png\" alt=\"le guide pour devenir un pro du storytelling\" width=\"740\" height=\"368\" srcset=\"https:\/\/www.redacteur.com\/blog\/wp-content\/uploads\/sites\/6\/2019\/10\/redacteur-reussir-storytelling-740x368-1.png 740w, https:\/\/www.redacteur.com\/blog\/wp-content\/uploads\/sites\/6\/2019\/10\/redacteur-reussir-storytelling-740x368-1-300x149.png 300w, https:\/\/www.redacteur.com\/blog\/wp-content\/uploads\/sites\/6\/2019\/10\/redacteur-reussir-storytelling-740x368-1-60x30.png 60w, https:\/\/www.redacteur.com\/blog\/wp-content\/uploads\/sites\/6\/2019\/10\/redacteur-reussir-storytelling-740x368-1-370x184.png 370w, https:\/\/www.redacteur.com\/blog\/wp-content\/uploads\/sites\/6\/2019\/10\/redacteur-reussir-storytelling-740x368-1-270x134.png 270w, https:\/\/www.redacteur.com\/blog\/wp-content\/uploads\/sites\/6\/2019\/10\/redacteur-reussir-storytelling-740x368-1-570x283.png 570w\" sizes=\"(max-width: 740px) 100vw, 740px\" \/><\/p>\n<p>Il est courant de dire qu&#8217;une image vaut mille mots&#8230;<\/p>\n<p>En effet, le storytelling ce n&#8217;est pas que du texte&nbsp;! C&#8217;est avant tout une identit\u00e9, des images, un ton \u00e9ditorial, des \u00e9v\u00e9nements, des valeurs port\u00e9es par l&#8217;ensemble des collaborateurs&#8230;<\/p>\n<p>Un storytelling bien construit deviendra alors votre meilleur atout dans votre <a href=\"\/blog\/5-astuces-marketing-contenu\/\" target=\"_blank\" rel=\"noopener noreferrer\">strat\u00e9gie de content marketing<\/a>.<\/p>\n<p>\ud83d\udc49 <a href=\"https:\/\/www.redacteur.com\/blog\/comment-reussir-storytelling\/\" target=\"_blank\" rel=\"noopener noreferrer\">Comment construire un storytelling r\u00e9ussi&nbsp;?<\/a><\/p>\n<blockquote><p>Si vous souhaitez faire appel \u00e0 un <a href=\"https:\/\/www.redacteur.com\/redaction-textes\" target=\"_blank\" rel=\"noopener noreferrer\">r\u00e9dacteur freelance<\/a> sp\u00e9cialiste dans l&#8217;\u00e9laboration de storytelling pour votre marque,&nbsp;n\u2019h\u00e9sitez pas \u00e0 commander vos prochains textes sur <a href=\"https:\/\/www.redacteur.com\/\" target=\"_blank\" rel=\"noopener noreferrer\">Redacteur.com<\/a><\/p><\/blockquote>\n","protected":false},"excerpt":{"rendered":"<p>Tout le monde parle du storytelling, mais qu&#8217;en est-il r\u00e9ellement&nbsp;? Savez-vous comment vous diff\u00e9rencier de vos concurrents&nbsp;? Le storytelling est une m\u00e9thode de communication o\u00f9 une entreprise raconte son histoire dans le but de se cr\u00e9er et de vendre une image de marque&nbsp;! Il permet aussi de remplacer les arguments d&#8217;un produit par un r\u00e9cit [&hellip;]<\/p>\n","protected":false},"author":1,"featured_media":17357,"comment_status":"open","ping_status":"open","sticky":false,"template":"","format":"standard","meta":{"_acf_changed":false,"inline_featured_image":false,"footnotes":""},"categories":[13],"tags":[],"class_list":["post-17346","post","type-post","status-publish","format-standard","has-post-thumbnail","hentry","category-storytelling"],"acf":[],"yoast_head":"<!-- This site is optimized with the Yoast SEO plugin v25.9 - https:\/\/yoast.com\/wordpress\/plugins\/seo\/ -->\n<title>Le guide pour devenir un pro du storytelling - Redacteur Blog<\/title>\n<meta name=\"description\" content=\"Tout le monde parle du storytelling, mais qu&#039;en est-il r\u00e9ellement ? Savez-vous comment vous diff\u00e9rencier de vos concurrents ? Le storytelling est une\" \/>\n<meta name=\"robots\" content=\"index, follow, max-snippet:-1, max-image-preview:large, max-video-preview:-1\" \/>\n<link rel=\"canonical\" href=\"https:\/\/www.redacteur.com\/blog\/guide-devenir-pro-storytelling\/\" \/>\n<meta property=\"og:locale\" content=\"fr_FR\" \/>\n<meta property=\"og:type\" content=\"article\" \/>\n<meta property=\"og:title\" content=\"Le guide pour devenir un pro du storytelling - Redacteur Blog\" \/>\n<meta property=\"og:description\" content=\"Tout le monde parle du storytelling, mais qu&#039;en est-il r\u00e9ellement ? Savez-vous comment vous diff\u00e9rencier de vos concurrents ? Le storytelling est une\" \/>\n<meta property=\"og:url\" content=\"https:\/\/www.redacteur.com\/blog\/guide-devenir-pro-storytelling\/\" \/>\n<meta property=\"og:site_name\" content=\"Redacteur.com\" \/>\n<meta property=\"article:publisher\" content=\"https:\/\/www.facebook.com\/redacteurcom\" \/>\n<meta property=\"article:published_time\" content=\"2022-11-30T09:50:00+00:00\" \/>\n<meta property=\"og:image\" content=\"https:\/\/www.redacteur.com\/blog\/wp-content\/uploads\/sites\/6\/2019\/10\/storytelling-pro-guide-devenir-redacteur.png\" \/>\n\t<meta property=\"og:image:width\" content=\"850\" \/>\n\t<meta property=\"og:image:height\" content=\"600\" \/>\n\t<meta property=\"og:image:type\" content=\"image\/png\" \/>\n<meta name=\"author\" content=\"Laura Michaud\" \/>\n<meta name=\"twitter:card\" content=\"summary_large_image\" \/>\n<meta name=\"twitter:creator\" content=\"@Redacteurcom\" \/>\n<meta name=\"twitter:site\" content=\"@Redacteurcom\" \/>\n<meta name=\"twitter:label1\" content=\"\u00c9crit par\" \/>\n\t<meta name=\"twitter:data1\" content=\"Laura Michaud\" \/>\n\t<meta name=\"twitter:label2\" content=\"Dur\u00e9e de lecture estim\u00e9e\" \/>\n\t<meta name=\"twitter:data2\" content=\"4 minutes\" \/>\n<script type=\"application\/ld+json\" class=\"yoast-schema-graph\">{\"@context\":\"https:\/\/schema.org\",\"@graph\":[{\"@type\":\"Article\",\"@id\":\"https:\/\/www.redacteur.com\/blog\/guide-devenir-pro-storytelling\/#article\",\"isPartOf\":{\"@id\":\"https:\/\/www.redacteur.com\/blog\/guide-devenir-pro-storytelling\/\"},\"author\":{\"name\":\"Laura Michaud\",\"@id\":\"https:\/\/www.redacteur.com\/blog\/#\/schema\/person\/33c0ef04707fbe50a096f282050bb5f2\"},\"headline\":\"Le guide pour devenir un pro du storytelling\",\"datePublished\":\"2022-11-30T09:50:00+00:00\",\"mainEntityOfPage\":{\"@id\":\"https:\/\/www.redacteur.com\/blog\/guide-devenir-pro-storytelling\/\"},\"wordCount\":525,\"commentCount\":0,\"publisher\":{\"@id\":\"https:\/\/www.redacteur.com\/blog\/#organization\"},\"image\":{\"@id\":\"https:\/\/www.redacteur.com\/blog\/guide-devenir-pro-storytelling\/#primaryimage\"},\"thumbnailUrl\":\"https:\/\/www.redacteur.com\/blog\/wp-content\/uploads\/sites\/6\/2019\/10\/storytelling-pro-guide-devenir-redacteur.png\",\"articleSection\":[\"Storytelling\"],\"inLanguage\":\"fr-FR\",\"potentialAction\":[{\"@type\":\"CommentAction\",\"name\":\"Comment\",\"target\":[\"https:\/\/www.redacteur.com\/blog\/guide-devenir-pro-storytelling\/#respond\"]}]},{\"@type\":\"WebPage\",\"@id\":\"https:\/\/www.redacteur.com\/blog\/guide-devenir-pro-storytelling\/\",\"url\":\"https:\/\/www.redacteur.com\/blog\/guide-devenir-pro-storytelling\/\",\"name\":\"Le guide pour devenir un pro du storytelling - Redacteur Blog\",\"isPartOf\":{\"@id\":\"https:\/\/www.redacteur.com\/blog\/#website\"},\"primaryImageOfPage\":{\"@id\":\"https:\/\/www.redacteur.com\/blog\/guide-devenir-pro-storytelling\/#primaryimage\"},\"image\":{\"@id\":\"https:\/\/www.redacteur.com\/blog\/guide-devenir-pro-storytelling\/#primaryimage\"},\"thumbnailUrl\":\"https:\/\/www.redacteur.com\/blog\/wp-content\/uploads\/sites\/6\/2019\/10\/storytelling-pro-guide-devenir-redacteur.png\",\"datePublished\":\"2022-11-30T09:50:00+00:00\",\"description\":\"Tout le monde parle du storytelling, mais qu'en est-il r\u00e9ellement ? Savez-vous comment vous diff\u00e9rencier de vos concurrents ? Le storytelling est une\",\"breadcrumb\":{\"@id\":\"https:\/\/www.redacteur.com\/blog\/guide-devenir-pro-storytelling\/#breadcrumb\"},\"inLanguage\":\"fr-FR\",\"potentialAction\":[{\"@type\":\"ReadAction\",\"target\":[\"https:\/\/www.redacteur.com\/blog\/guide-devenir-pro-storytelling\/\"]}]},{\"@type\":\"ImageObject\",\"inLanguage\":\"fr-FR\",\"@id\":\"https:\/\/www.redacteur.com\/blog\/guide-devenir-pro-storytelling\/#primaryimage\",\"url\":\"https:\/\/www.redacteur.com\/blog\/wp-content\/uploads\/sites\/6\/2019\/10\/storytelling-pro-guide-devenir-redacteur.png\",\"contentUrl\":\"https:\/\/www.redacteur.com\/blog\/wp-content\/uploads\/sites\/6\/2019\/10\/storytelling-pro-guide-devenir-redacteur.png\",\"width\":850,\"height\":600},{\"@type\":\"BreadcrumbList\",\"@id\":\"https:\/\/www.redacteur.com\/blog\/guide-devenir-pro-storytelling\/#breadcrumb\",\"itemListElement\":[{\"@type\":\"ListItem\",\"position\":1,\"name\":\"Blog\",\"item\":\"https:\/\/www.redacteur.com\/blog\/\"},{\"@type\":\"ListItem\",\"position\":2,\"name\":\"R\u00e9daction web\",\"item\":\"https:\/\/www.redacteur.com\/blog\/redaction-web\/\"},{\"@type\":\"ListItem\",\"position\":3,\"name\":\"Storytelling\",\"item\":\"https:\/\/www.redacteur.com\/blog\/redaction-web\/storytelling\/\"},{\"@type\":\"ListItem\",\"position\":4,\"name\":\"Le guide pour devenir un pro du storytelling\"}]},{\"@type\":\"WebSite\",\"@id\":\"https:\/\/www.redacteur.com\/blog\/#website\",\"url\":\"https:\/\/www.redacteur.com\/blog\/\",\"name\":\"Redacteur.com\",\"description\":\"redacteur\",\"publisher\":{\"@id\":\"https:\/\/www.redacteur.com\/blog\/#organization\"},\"potentialAction\":[{\"@type\":\"SearchAction\",\"target\":{\"@type\":\"EntryPoint\",\"urlTemplate\":\"https:\/\/www.redacteur.com\/blog\/?s={search_term_string}\"},\"query-input\":{\"@type\":\"PropertyValueSpecification\",\"valueRequired\":true,\"valueName\":\"search_term_string\"}}],\"inLanguage\":\"fr-FR\"},{\"@type\":\"Organization\",\"@id\":\"https:\/\/www.redacteur.com\/blog\/#organization\",\"name\":\"Redacteur.com\",\"url\":\"https:\/\/www.redacteur.com\/blog\/\",\"logo\":{\"@type\":\"ImageObject\",\"inLanguage\":\"fr-FR\",\"@id\":\"https:\/\/www.redacteur.com\/blog\/#\/schema\/logo\/image\/\",\"url\":\"https:\/\/www.redacteur.com\/blog\/wp-content\/uploads\/sites\/6\/2022\/10\/logo-redacteur-blog.svg\",\"contentUrl\":\"https:\/\/www.redacteur.com\/blog\/wp-content\/uploads\/sites\/6\/2022\/10\/logo-redacteur-blog.svg\",\"width\":1,\"height\":1,\"caption\":\"Redacteur.com\"},\"image\":{\"@id\":\"https:\/\/www.redacteur.com\/blog\/#\/schema\/logo\/image\/\"},\"sameAs\":[\"https:\/\/www.facebook.com\/redacteurcom\",\"https:\/\/x.com\/Redacteurcom\",\"https:\/\/www.linkedin.com\/company\/redacteur-com\",\"https:\/\/www.youtube.com\/channel\/UCgj9ySM9xy3gdL8qBafl9Uw\/\"]},{\"@type\":\"Person\",\"@id\":\"https:\/\/www.redacteur.com\/blog\/#\/schema\/person\/33c0ef04707fbe50a096f282050bb5f2\",\"name\":\"Laura Michaud\",\"image\":{\"@type\":\"ImageObject\",\"inLanguage\":\"fr-FR\",\"@id\":\"https:\/\/www.redacteur.com\/blog\/#\/schema\/person\/image\/\",\"url\":\"https:\/\/secure.gravatar.com\/avatar\/c3328cc0c887f98cec6b2979af3311ab6333fc7cc2d4847514cfec6a56fa08a7?s=96&d=mm&r=g\",\"contentUrl\":\"https:\/\/secure.gravatar.com\/avatar\/c3328cc0c887f98cec6b2979af3311ab6333fc7cc2d4847514cfec6a56fa08a7?s=96&d=mm&r=g\",\"caption\":\"Laura Michaud\"},\"description\":\"Laura connait tous les meilleurs outils pour g\u00e9rer des projets et une entreprise. Cr\u00e9ative, c'est aussi une sp\u00e9cialiste des outils de cr\u00e9ation graphique pour faire briller une entreprise.\",\"sameAs\":[\"https:\/\/www.linkedin.com\/in\/michaudlaura\/\"],\"url\":\"https:\/\/www.redacteur.com\/blog\/author\/laura\/\"}]}<\/script>\n<!-- \/ Yoast SEO plugin. -->","yoast_head_json":{"title":"Le guide pour devenir un pro du storytelling - Redacteur Blog","description":"Tout le monde parle du storytelling, mais qu'en est-il r\u00e9ellement ? Savez-vous comment vous diff\u00e9rencier de vos concurrents ? Le storytelling est une","robots":{"index":"index","follow":"follow","max-snippet":"max-snippet:-1","max-image-preview":"max-image-preview:large","max-video-preview":"max-video-preview:-1"},"canonical":"https:\/\/www.redacteur.com\/blog\/guide-devenir-pro-storytelling\/","og_locale":"fr_FR","og_type":"article","og_title":"Le guide pour devenir un pro du storytelling - Redacteur Blog","og_description":"Tout le monde parle du storytelling, mais qu'en est-il r\u00e9ellement ? Savez-vous comment vous diff\u00e9rencier de vos concurrents ? Le storytelling est une","og_url":"https:\/\/www.redacteur.com\/blog\/guide-devenir-pro-storytelling\/","og_site_name":"Redacteur.com","article_publisher":"https:\/\/www.facebook.com\/redacteurcom","article_published_time":"2022-11-30T09:50:00+00:00","og_image":[{"width":850,"height":600,"url":"https:\/\/www.redacteur.com\/blog\/wp-content\/uploads\/sites\/6\/2019\/10\/storytelling-pro-guide-devenir-redacteur.png","type":"image\/png"}],"author":"Laura Michaud","twitter_card":"summary_large_image","twitter_creator":"@Redacteurcom","twitter_site":"@Redacteurcom","twitter_misc":{"\u00c9crit par":"Laura Michaud","Dur\u00e9e de lecture estim\u00e9e":"4 minutes"},"schema":{"@context":"https:\/\/schema.org","@graph":[{"@type":"Article","@id":"https:\/\/www.redacteur.com\/blog\/guide-devenir-pro-storytelling\/#article","isPartOf":{"@id":"https:\/\/www.redacteur.com\/blog\/guide-devenir-pro-storytelling\/"},"author":{"name":"Laura Michaud","@id":"https:\/\/www.redacteur.com\/blog\/#\/schema\/person\/33c0ef04707fbe50a096f282050bb5f2"},"headline":"Le guide pour devenir un pro du storytelling","datePublished":"2022-11-30T09:50:00+00:00","mainEntityOfPage":{"@id":"https:\/\/www.redacteur.com\/blog\/guide-devenir-pro-storytelling\/"},"wordCount":525,"commentCount":0,"publisher":{"@id":"https:\/\/www.redacteur.com\/blog\/#organization"},"image":{"@id":"https:\/\/www.redacteur.com\/blog\/guide-devenir-pro-storytelling\/#primaryimage"},"thumbnailUrl":"https:\/\/www.redacteur.com\/blog\/wp-content\/uploads\/sites\/6\/2019\/10\/storytelling-pro-guide-devenir-redacteur.png","articleSection":["Storytelling"],"inLanguage":"fr-FR","potentialAction":[{"@type":"CommentAction","name":"Comment","target":["https:\/\/www.redacteur.com\/blog\/guide-devenir-pro-storytelling\/#respond"]}]},{"@type":"WebPage","@id":"https:\/\/www.redacteur.com\/blog\/guide-devenir-pro-storytelling\/","url":"https:\/\/www.redacteur.com\/blog\/guide-devenir-pro-storytelling\/","name":"Le guide pour devenir un pro du storytelling - Redacteur Blog","isPartOf":{"@id":"https:\/\/www.redacteur.com\/blog\/#website"},"primaryImageOfPage":{"@id":"https:\/\/www.redacteur.com\/blog\/guide-devenir-pro-storytelling\/#primaryimage"},"image":{"@id":"https:\/\/www.redacteur.com\/blog\/guide-devenir-pro-storytelling\/#primaryimage"},"thumbnailUrl":"https:\/\/www.redacteur.com\/blog\/wp-content\/uploads\/sites\/6\/2019\/10\/storytelling-pro-guide-devenir-redacteur.png","datePublished":"2022-11-30T09:50:00+00:00","description":"Tout le monde parle du storytelling, mais qu'en est-il r\u00e9ellement ? Savez-vous comment vous diff\u00e9rencier de vos concurrents ? Le storytelling est une","breadcrumb":{"@id":"https:\/\/www.redacteur.com\/blog\/guide-devenir-pro-storytelling\/#breadcrumb"},"inLanguage":"fr-FR","potentialAction":[{"@type":"ReadAction","target":["https:\/\/www.redacteur.com\/blog\/guide-devenir-pro-storytelling\/"]}]},{"@type":"ImageObject","inLanguage":"fr-FR","@id":"https:\/\/www.redacteur.com\/blog\/guide-devenir-pro-storytelling\/#primaryimage","url":"https:\/\/www.redacteur.com\/blog\/wp-content\/uploads\/sites\/6\/2019\/10\/storytelling-pro-guide-devenir-redacteur.png","contentUrl":"https:\/\/www.redacteur.com\/blog\/wp-content\/uploads\/sites\/6\/2019\/10\/storytelling-pro-guide-devenir-redacteur.png","width":850,"height":600},{"@type":"BreadcrumbList","@id":"https:\/\/www.redacteur.com\/blog\/guide-devenir-pro-storytelling\/#breadcrumb","itemListElement":[{"@type":"ListItem","position":1,"name":"Blog","item":"https:\/\/www.redacteur.com\/blog\/"},{"@type":"ListItem","position":2,"name":"R\u00e9daction web","item":"https:\/\/www.redacteur.com\/blog\/redaction-web\/"},{"@type":"ListItem","position":3,"name":"Storytelling","item":"https:\/\/www.redacteur.com\/blog\/redaction-web\/storytelling\/"},{"@type":"ListItem","position":4,"name":"Le guide pour devenir un pro du storytelling"}]},{"@type":"WebSite","@id":"https:\/\/www.redacteur.com\/blog\/#website","url":"https:\/\/www.redacteur.com\/blog\/","name":"Redacteur.com","description":"redacteur","publisher":{"@id":"https:\/\/www.redacteur.com\/blog\/#organization"},"potentialAction":[{"@type":"SearchAction","target":{"@type":"EntryPoint","urlTemplate":"https:\/\/www.redacteur.com\/blog\/?s={search_term_string}"},"query-input":{"@type":"PropertyValueSpecification","valueRequired":true,"valueName":"search_term_string"}}],"inLanguage":"fr-FR"},{"@type":"Organization","@id":"https:\/\/www.redacteur.com\/blog\/#organization","name":"Redacteur.com","url":"https:\/\/www.redacteur.com\/blog\/","logo":{"@type":"ImageObject","inLanguage":"fr-FR","@id":"https:\/\/www.redacteur.com\/blog\/#\/schema\/logo\/image\/","url":"https:\/\/www.redacteur.com\/blog\/wp-content\/uploads\/sites\/6\/2022\/10\/logo-redacteur-blog.svg","contentUrl":"https:\/\/www.redacteur.com\/blog\/wp-content\/uploads\/sites\/6\/2022\/10\/logo-redacteur-blog.svg","width":1,"height":1,"caption":"Redacteur.com"},"image":{"@id":"https:\/\/www.redacteur.com\/blog\/#\/schema\/logo\/image\/"},"sameAs":["https:\/\/www.facebook.com\/redacteurcom","https:\/\/x.com\/Redacteurcom","https:\/\/www.linkedin.com\/company\/redacteur-com","https:\/\/www.youtube.com\/channel\/UCgj9ySM9xy3gdL8qBafl9Uw\/"]},{"@type":"Person","@id":"https:\/\/www.redacteur.com\/blog\/#\/schema\/person\/33c0ef04707fbe50a096f282050bb5f2","name":"Laura Michaud","image":{"@type":"ImageObject","inLanguage":"fr-FR","@id":"https:\/\/www.redacteur.com\/blog\/#\/schema\/person\/image\/","url":"https:\/\/secure.gravatar.com\/avatar\/c3328cc0c887f98cec6b2979af3311ab6333fc7cc2d4847514cfec6a56fa08a7?s=96&d=mm&r=g","contentUrl":"https:\/\/secure.gravatar.com\/avatar\/c3328cc0c887f98cec6b2979af3311ab6333fc7cc2d4847514cfec6a56fa08a7?s=96&d=mm&r=g","caption":"Laura Michaud"},"description":"Laura connait tous les meilleurs outils pour g\u00e9rer des projets et une entreprise. Cr\u00e9ative, c'est aussi une sp\u00e9cialiste des outils de cr\u00e9ation graphique pour faire briller une entreprise.","sameAs":["https:\/\/www.linkedin.com\/in\/michaudlaura\/"],"url":"https:\/\/www.redacteur.com\/blog\/author\/laura\/"}]}},"_links":{"self":[{"href":"https:\/\/www.redacteur.com\/blog\/wp-json\/wp\/v2\/posts\/17346","targetHints":{"allow":["GET"]}}],"collection":[{"href":"https:\/\/www.redacteur.com\/blog\/wp-json\/wp\/v2\/posts"}],"about":[{"href":"https:\/\/www.redacteur.com\/blog\/wp-json\/wp\/v2\/types\/post"}],"author":[{"embeddable":true,"href":"https:\/\/www.redacteur.com\/blog\/wp-json\/wp\/v2\/users\/1"}],"replies":[{"embeddable":true,"href":"https:\/\/www.redacteur.com\/blog\/wp-json\/wp\/v2\/comments?post=17346"}],"version-history":[{"count":0,"href":"https:\/\/www.redacteur.com\/blog\/wp-json\/wp\/v2\/posts\/17346\/revisions"}],"wp:featuredmedia":[{"embeddable":true,"href":"https:\/\/www.redacteur.com\/blog\/wp-json\/wp\/v2\/media\/17357"}],"wp:attachment":[{"href":"https:\/\/www.redacteur.com\/blog\/wp-json\/wp\/v2\/media?parent=17346"}],"wp:term":[{"taxonomy":"category","embeddable":true,"href":"https:\/\/www.redacteur.com\/blog\/wp-json\/wp\/v2\/categories?post=17346"},{"taxonomy":"post_tag","embeddable":true,"href":"https:\/\/www.redacteur.com\/blog\/wp-json\/wp\/v2\/tags?post=17346"}],"curies":[{"name":"wp","href":"https:\/\/api.w.org\/{rel}","templated":true}]}}