{"id":17810,"date":"2019-11-25T10:30:55","date_gmt":"2019-11-25T09:30:55","guid":{"rendered":"https:\/\/www.redacteur.com\/blog\/?p=17810"},"modified":"2025-08-20T14:43:25","modified_gmt":"2025-08-20T12:43:25","slug":"redaction-web-comment-rythmer-texte","status":"publish","type":"post","link":"https:\/\/www.redacteur.com\/blog\/redaction-web-comment-rythmer-texte\/","title":{"rendered":"R\u00e9daction web&nbsp;: comment rythmer votre texte&nbsp;?"},"content":{"rendered":"<p>Vous r\u00e9digez des articles qui seront publi\u00e9s sur votre site Internet ou sur un blog\u00a0? Il est primordial de faire attention \u00e0 votre style. Mais la<a href=\"https:\/\/www.redacteur.com\/blog\/redaction-web-5-notions-seo\/\" target=\"_blank\" rel=\"noopener noreferrer\"> r\u00e9daction web<\/a> est tr\u00e8s diff\u00e9rente&nbsp;!<\/p>\n<p>Les contenus doivent \u00eatre r\u00e9dig\u00e9s dans le but de s\u00e9duire une <a href=\"https:\/\/www.redacteur.com\/blog\/mesurer-engagement-audience\/\" target=\"_blank\" rel=\"noopener noreferrer\">audience,<\/a> de vendre mais aussi d\u2019\u00eatre bien r\u00e9f\u00e9renc\u00e9s. Dans la <a href=\"https:\/\/www.redacteur.com\/blog\/la-regle-des-5w-en-redaction-web\/\">r\u00e9daction web<\/a>, il est important de bien rythmer vos textes.<\/p>\n<p>Comment proc\u00e9der\u00a0? Voici tous nos conseils\u00a0!<\/p>\n<p>&nbsp;<\/p>\n<h2>Un texte bien construit<\/h2>\n<p><img decoding=\"async\" class=\"aligncenter size-full wp-image-17813\" src=\"https:\/\/www.redacteur.com\/blog\/wp-content\/uploads\/sites\/6\/2019\/11\/text-rediger-site-redacteur.jpg\" alt=\"text blog redaction paragraphes sec \" width=\"650\" height=\"433\" srcset=\"https:\/\/www.redacteur.com\/blog\/wp-content\/uploads\/sites\/6\/2019\/11\/text-rediger-site-redacteur.jpg 650w, https:\/\/www.redacteur.com\/blog\/wp-content\/uploads\/sites\/6\/2019\/11\/text-rediger-site-redacteur-300x200.jpg 300w, https:\/\/www.redacteur.com\/blog\/wp-content\/uploads\/sites\/6\/2019\/11\/text-rediger-site-redacteur-60x40.jpg 60w, https:\/\/www.redacteur.com\/blog\/wp-content\/uploads\/sites\/6\/2019\/11\/text-rediger-site-redacteur-370x246.jpg 370w, https:\/\/www.redacteur.com\/blog\/wp-content\/uploads\/sites\/6\/2019\/11\/text-rediger-site-redacteur-270x180.jpg 270w, https:\/\/www.redacteur.com\/blog\/wp-content\/uploads\/sites\/6\/2019\/11\/text-rediger-site-redacteur-570x380.jpg 570w\" sizes=\"(max-width: 650px) 100vw, 650px\" \/><\/p>\n<p>Si vous devez r\u00e9diger un article web, vous devez vous assurer que celui-ci soit parfaitement construit. Il est important de respecter quelques r\u00e8gles de base comme\u00a0: <\/p>\n<ul>\n<li><strong>R\u00e9diger une <a href=\"https:\/\/www.redacteur.com\/blog\/redaction-web-5-conseils-rediger-introduction-percutante\/\" target=\"_blank\" rel=\"noopener noreferrer\">introduction<\/a><\/strong> qui annonce le th\u00e8me de l\u2019article et qui guide le r\u00e9dacteur sur les informations qu\u2019il y trouvera.<\/li>\n<li><strong>Faire des petits paragraphes<\/strong>. Chacun d\u2019entre eux ne doit pas proposer plus d\u2019une id\u00e9e. Il faut aller \u00e0 la ligne pour donner un exemple, une d\u00e9finition ou proposer une citation.<\/li>\n<li><a href=\"https:\/\/www.redacteur.com\/blog\/seo-5-erreurs-a-ne-pas-faire-en-redaction-web\/\" target=\"_blank\" rel=\"noopener noreferrer\"><strong>R\u00e9diger des titres et des sous-titres<\/strong><\/a> percutants qui aident le lecteur \u00e0 trouver les informations qu\u2019il recherche. Rappelons que les internautes ne lisent pas l\u2019ensemble des contenus mais des parties \u00e7a et l\u00e0. Il faut donc attirer l\u2019\u0153il.<\/li>\n<li><a href=\"https:\/\/www.redacteur.com\/blog\/seo-liens-penalisant-google\/\" target=\"_blank\" rel=\"noopener noreferrer\"><strong>Mettre des liens<\/strong><\/a> ou rappeler la pr\u00e9sence d\u2019autres articles sur des th\u00e9matiques similaires ou compl\u00e9mentaires.<\/li>\n<\/ul>\n<p><a href=\"https:\/\/www.redacteur.com\/blog\/redaction-web-5-astuces-conclusion-reussie\/\" target=\"_blank\" rel=\"noopener noreferrer\">La conclusion<\/a> peut \u00eatre importante. Pour qu\u2019elle fasse son effet, il est judicieux d\u2019y glisser une id\u00e9e plus d\u00e9cal\u00e9e pour \u00eatre m\u00e9morable ou d\u2019ouvrir vers une autre th\u00e9matique \u00e9galement pr\u00e9sente sur votre site. Ainsi, l\u2019internaute aura envie de rester connect\u00e9\u00a0!<\/p>\n<p>&nbsp;<\/p>\n<h2>Une alternance de longueur<\/h2>\n<p>Dans un texte, il faut des phrases courtes et des phrases longues. En effet, chacune d\u2019entre elle joue un r\u00f4le.<\/p>\n<ul>\n<li>La phrase courte est dynamique. Elle est parfaite pour exprimer l\u2019action.<\/li>\n<li>Les phrases longues quant \u00e0 elles offrent plus de s\u00e9r\u00e9nit\u00e9. Elles s\u2019utilisent pour l\u2019analyse et la description.<\/li>\n<\/ul>\n<p>Dans vos textes, il faut alterner les <strong>deux types de phrases<\/strong> pour maintenir l&#8217;attention du lecteur. Apr\u00e8s quelques phrases longues, placez des phrases courtes pour relancer la lecture et combattre la monotonie.<\/p>\n<blockquote><p>\u00c0 lire aussi&nbsp;: <a href=\"https:\/\/www.redacteur.com\/blog\/ameliorer-lisibilite-contenus\/\">5 conseils pour am\u00e9liorer la lisibilit\u00e9 de vos contenus<\/a><\/p><\/blockquote>\n<p>&nbsp;<\/p>\n<h2>Des phrases vari\u00e9es<\/h2>\n<p>Nous avons appris lors de notre scolarit\u00e9 qu\u2019une phrase se compose d\u2019un sujet, d\u2019un verbe et d\u2019un compl\u00e9ment. Cependant, il faut savoir varier la construction des phrases. Si elles se ressemblent toutes, vous aurez un contenu <strong>monotone et r\u00e9p\u00e9titif<\/strong>, ce qui est dangereux car les internautes sont tr\u00e8s volatiles.<\/p>\n<p>Variez la composition des phrases et changez r\u00e9guli\u00e8rement de structure. Osez interpeller votre audience avec des questions.<\/p>\n<blockquote><p>\u00c0 lire aussi&nbsp;: <a href=\"https:\/\/www.redacteur.com\/blog\/redaction-web-comment-miser-accessibilite\/\">R\u00e9daction web&nbsp;: comment miser sur l&#8217;accessibilit\u00e9&nbsp;?<\/a><\/p><\/blockquote>\n<p>&nbsp;<\/p>\n<h2>Une bonne ponctuation<\/h2>\n<p>La <a href=\"https:\/\/www.redacteur.com\/blog\/regles-ponctuation-typographie\/\" target=\"_blank\" rel=\"noopener noreferrer\">ponctuation<\/a> dans un texte est un peu comme les panneaux de circulation sur la route. La ponctuation est indispensable \u00e0 une bonne \u00e9criture. Elle indique aux lecteurs quand faire des <strong>pauses et rythme les textes.<\/strong><\/p>\n<p>Gr\u00e2ce \u00e0 la ponctuation, nous savons quel type de phrase nous lisons\u00a0: interrogative, exclamative\u2026 Nous identifions les citations mais aussi les dialogues.<\/p>\n<p>La ponctuation est \u00e9galement tr\u00e8s utile pour montrer <strong>l\u2019importance d\u2019une phrase<\/strong> par rapport \u00e0 une autre ou pour mieux se faire comprendre.<\/p>\n<p>&nbsp;<\/p>\n<h2>L\u2019importance de la virgule<\/h2>\n<p><img decoding=\"async\" class=\"aligncenter size-full wp-image-17814\" src=\"https:\/\/www.redacteur.com\/blog\/wp-content\/uploads\/sites\/6\/2019\/11\/virgule-ponctuation-e1574412285806.jpg\" alt=\"\" width=\"650\" height=\"336\" srcset=\"https:\/\/www.redacteur.com\/blog\/wp-content\/uploads\/sites\/6\/2019\/11\/virgule-ponctuation-e1574412285806.jpg 650w, https:\/\/www.redacteur.com\/blog\/wp-content\/uploads\/sites\/6\/2019\/11\/virgule-ponctuation-e1574412285806-300x155.jpg 300w, https:\/\/www.redacteur.com\/blog\/wp-content\/uploads\/sites\/6\/2019\/11\/virgule-ponctuation-e1574412285806-60x31.jpg 60w, https:\/\/www.redacteur.com\/blog\/wp-content\/uploads\/sites\/6\/2019\/11\/virgule-ponctuation-e1574412285806-370x191.jpg 370w, https:\/\/www.redacteur.com\/blog\/wp-content\/uploads\/sites\/6\/2019\/11\/virgule-ponctuation-e1574412285806-270x140.jpg 270w, https:\/\/www.redacteur.com\/blog\/wp-content\/uploads\/sites\/6\/2019\/11\/virgule-ponctuation-e1574412285806-570x295.jpg 570w\" sizes=\"(max-width: 650px) 100vw, 650px\" \/>Dans la r\u00e9daction web, c\u2019est la virgule qui est tr\u00e8s importante car elle permet de faire une pause. Il est par exemple judicieux de placer une <strong>virgule apr\u00e8s une id\u00e9e forte<\/strong>, pour que le lecteur ait le temps de la comprendre et, pourquoi pas, de la m\u00e9moriser.<\/p>\n<p><strong>La virgule rythme un texte, le structure et lui donne du sens. <\/strong><\/p>\n<ul>\n<li>Une virgule peut m\u00eame renforcer un groupe de mots et les rendre plus percutant. Normalement, une virgule ne s\u00e9pare pas un<strong> sujet d\u2019un verbe<\/strong> ou un <strong>verbe d\u2019un compl\u00e9ment.<\/strong><\/li>\n<li>Il est \u00e9galement judicieux de placer une virgule apr\u00e8s un verbe qui serait trop \u00e9loign\u00e9 du sujet.<\/li>\n<li>La virgule permet aussi d\u2019\u00e9num\u00e9rer, de s\u00e9parer un groupe de mots et de mettre en avant une t\u00eate de phrase.<\/li>\n<\/ul>\n<p>&nbsp;<\/p>\n<h2>Un texte agr\u00e9able \u00e0 lire<\/h2>\n<p>Donner du rythme \u00e0 un texte est possible gr\u00e2ce \u00e0 une bonne construction, un bon choix de phrase, la ponctuation ad\u00e9quate. Mais ce n\u2019est pas tout\u00a0! Il faut que chaque article soit agr\u00e9able \u00e0 lire.<\/p>\n<p>En plus d\u2019une id\u00e9e de sujet qui plait, il faut structurer le contenu principal.\u00a0Pour ce faire, vous avez le choix\u00a0!<\/p>\n<blockquote><p>Vous pouvez modifier la taille et le style de la police utilis\u00e9e pour que le lecteur puisse diff\u00e9rencier les titres, les sous-titres et le corps du texte. Il est \u00e9galement judicieux d\u2019utiliser les puces pour lister vos id\u00e9es.<\/p><\/blockquote>\n<p>La compr\u00e9hension est optimis\u00e9e et le lecteur retiendra plus facilement les informations donn\u00e9es. Si une phrase ou une partie de phrase vous semble importante, vous pouvez la mettre en gras afin qu\u2019elle soit visible.<\/p>\n<blockquote><p>\u00c0 lire aussi&nbsp;: <a href=\"https:\/\/www.redacteur.com\/blog\/gras-italique-souligne-conseil-articles-blog\/\">Gras, italique, soulign\u00e9&nbsp;: 8 conseils pour bien les utiliser dans vos articles de blog<\/a><\/p><\/blockquote>\n<p>&nbsp;<\/p>\n<h2>Illustrer, c\u2019est gagner\u00a0!<\/h2>\n<p><img decoding=\"async\" class=\"aligncenter size-full wp-image-17815\" src=\"https:\/\/www.redacteur.com\/blog\/wp-content\/uploads\/sites\/6\/2019\/11\/woman-at-work-taking-notes-e1574412329670.jpg\" alt=\"\" width=\"650\" height=\"433\" srcset=\"https:\/\/www.redacteur.com\/blog\/wp-content\/uploads\/sites\/6\/2019\/11\/woman-at-work-taking-notes-e1574412329670.jpg 650w, https:\/\/www.redacteur.com\/blog\/wp-content\/uploads\/sites\/6\/2019\/11\/woman-at-work-taking-notes-e1574412329670-300x200.jpg 300w, https:\/\/www.redacteur.com\/blog\/wp-content\/uploads\/sites\/6\/2019\/11\/woman-at-work-taking-notes-e1574412329670-60x40.jpg 60w, https:\/\/www.redacteur.com\/blog\/wp-content\/uploads\/sites\/6\/2019\/11\/woman-at-work-taking-notes-e1574412329670-370x246.jpg 370w, https:\/\/www.redacteur.com\/blog\/wp-content\/uploads\/sites\/6\/2019\/11\/woman-at-work-taking-notes-e1574412329670-270x180.jpg 270w, https:\/\/www.redacteur.com\/blog\/wp-content\/uploads\/sites\/6\/2019\/11\/woman-at-work-taking-notes-e1574412329670-570x380.jpg 570w\" sizes=\"(max-width: 650px) 100vw, 650px\" \/><\/p>\n<p>Il est essentiel de bien illustrer vos contenus. Les visuels sont aussi un moyen performant pour donner du rythme \u00e0 un texte. Ils permettent aux lecteurs de mieux se projeter ou parfois de mieux comprendre vos id\u00e9es.<\/p>\n<blockquote><p>Si vous choisissez de placer des <a href=\"https:\/\/www.redacteur.com\/blog\/content-marketing-utiliser-video\/\" target=\"_blank\" rel=\"noopener noreferrer\">vid\u00e9os<\/a>, soyez vigilant \u00e0 l\u2019emplacement choisi. Il n\u2019est pas rare que la lecture d\u2019un article soit abandonn\u00e9e apr\u00e8s que la vid\u00e9o ait \u00e9t\u00e9 visionn\u00e9e. Placez-l\u00e0 au<strong> d\u00e9but ou \u00e0 la fin<\/strong> de l\u2019article.<\/p><\/blockquote>\n<p>&nbsp;<\/p>\n<p>Rythmer un texte n\u2019est pas simple. Pour savoir si vos contenus sont int\u00e9ressants et non barbants, pensez \u00e0 lire votre texte \u00e0 haute voix. Vous identifierez imm\u00e9diatement les points \u00e0 retravailler.<\/p>\n<p>Vous pouvez aussi faire confiance au savoir-faire des <a href=\"https:\/\/www.redacteur.com\/\" target=\"_blank\" rel=\"noopener noreferrer\"><strong>\u00e9quipes de Redacteur.com<\/strong><\/a> et leur confier la r\u00e9daction de vos articles\u00a0!<\/p>\n","protected":false},"excerpt":{"rendered":"<p>Vous r\u00e9digez des articles qui seront publi\u00e9s sur votre site Internet ou sur un blog\u00a0? Il est primordial de faire attention \u00e0 votre style. Mais la r\u00e9daction web est tr\u00e8s diff\u00e9rente&nbsp;! Les contenus doivent \u00eatre r\u00e9dig\u00e9s dans le but de s\u00e9duire une audience, de vendre mais aussi d\u2019\u00eatre bien r\u00e9f\u00e9renc\u00e9s. Dans la r\u00e9daction web, il [&hellip;]<\/p>\n","protected":false},"author":1,"featured_media":17818,"comment_status":"open","ping_status":"open","sticky":false,"template":"","format":"standard","meta":{"_acf_changed":false,"inline_featured_image":false,"footnotes":""},"categories":[11],"tags":[],"class_list":["post-17810","post","type-post","status-publish","format-standard","has-post-thumbnail","hentry","category-redaction-web"],"acf":[],"yoast_head":"<!-- This site is optimized with the Yoast SEO plugin v25.9 - https:\/\/yoast.com\/wordpress\/plugins\/seo\/ -->\n<title>R\u00e9daction web : comment rythmer votre texte ? - Redacteur Blog<\/title>\n<meta name=\"description\" content=\"Vous r\u00e9digez des articles qui seront publi\u00e9s sur votre site Internet ou sur un blog\u00a0? Il est primordial de faire attention \u00e0 votre style. Mais la\" \/>\n<meta name=\"robots\" content=\"index, follow, max-snippet:-1, max-image-preview:large, max-video-preview:-1\" \/>\n<link rel=\"canonical\" href=\"https:\/\/www.redacteur.com\/blog\/redaction-web-comment-rythmer-texte\/\" \/>\n<meta property=\"og:locale\" content=\"fr_FR\" \/>\n<meta property=\"og:type\" content=\"article\" \/>\n<meta property=\"og:title\" content=\"R\u00e9daction web : comment rythmer votre texte ? - Redacteur Blog\" \/>\n<meta property=\"og:description\" content=\"Vous r\u00e9digez des articles qui seront publi\u00e9s sur votre site Internet ou sur un blog\u00a0? Il est primordial de faire attention \u00e0 votre style. Mais la\" \/>\n<meta property=\"og:url\" content=\"https:\/\/www.redacteur.com\/blog\/redaction-web-comment-rythmer-texte\/\" \/>\n<meta property=\"og:site_name\" content=\"Redacteur.com\" \/>\n<meta property=\"article:publisher\" content=\"https:\/\/www.facebook.com\/redacteurcom\" \/>\n<meta property=\"article:published_time\" content=\"2019-11-25T09:30:55+00:00\" \/>\n<meta property=\"article:modified_time\" content=\"2025-08-20T12:43:25+00:00\" \/>\n<meta property=\"og:image\" content=\"https:\/\/www.redacteur.com\/blog\/wp-content\/uploads\/sites\/6\/2019\/11\/redacteur-blog-img-une-comment-rythmer-texte.jpg\" \/>\n\t<meta property=\"og:image:width\" content=\"850\" \/>\n\t<meta property=\"og:image:height\" content=\"600\" \/>\n\t<meta property=\"og:image:type\" content=\"image\/jpeg\" \/>\n<meta name=\"author\" content=\"Laura Michaud\" \/>\n<meta name=\"twitter:card\" content=\"summary_large_image\" \/>\n<meta name=\"twitter:creator\" content=\"@Redacteurcom\" \/>\n<meta name=\"twitter:site\" content=\"@Redacteurcom\" \/>\n<meta name=\"twitter:label1\" content=\"\u00c9crit par\" \/>\n\t<meta name=\"twitter:data1\" content=\"Laura Michaud\" \/>\n\t<meta name=\"twitter:label2\" content=\"Dur\u00e9e de lecture estim\u00e9e\" \/>\n\t<meta name=\"twitter:data2\" content=\"5 minutes\" \/>\n<script type=\"application\/ld+json\" class=\"yoast-schema-graph\">{\"@context\":\"https:\/\/schema.org\",\"@graph\":[{\"@type\":\"Article\",\"@id\":\"https:\/\/www.redacteur.com\/blog\/redaction-web-comment-rythmer-texte\/#article\",\"isPartOf\":{\"@id\":\"https:\/\/www.redacteur.com\/blog\/redaction-web-comment-rythmer-texte\/\"},\"author\":{\"name\":\"Laura Michaud\",\"@id\":\"https:\/\/www.redacteur.com\/blog\/#\/schema\/person\/33c0ef04707fbe50a096f282050bb5f2\"},\"headline\":\"R\u00e9daction web&nbsp;: comment rythmer votre texte&nbsp;?\",\"datePublished\":\"2019-11-25T09:30:55+00:00\",\"dateModified\":\"2025-08-20T12:43:25+00:00\",\"mainEntityOfPage\":{\"@id\":\"https:\/\/www.redacteur.com\/blog\/redaction-web-comment-rythmer-texte\/\"},\"wordCount\":1018,\"commentCount\":0,\"publisher\":{\"@id\":\"https:\/\/www.redacteur.com\/blog\/#organization\"},\"image\":{\"@id\":\"https:\/\/www.redacteur.com\/blog\/redaction-web-comment-rythmer-texte\/#primaryimage\"},\"thumbnailUrl\":\"https:\/\/www.redacteur.com\/blog\/wp-content\/uploads\/sites\/6\/2019\/11\/redacteur-blog-img-une-comment-rythmer-texte.jpg\",\"articleSection\":[\"R\u00e9daction web\"],\"inLanguage\":\"fr-FR\",\"potentialAction\":[{\"@type\":\"CommentAction\",\"name\":\"Comment\",\"target\":[\"https:\/\/www.redacteur.com\/blog\/redaction-web-comment-rythmer-texte\/#respond\"]}]},{\"@type\":\"WebPage\",\"@id\":\"https:\/\/www.redacteur.com\/blog\/redaction-web-comment-rythmer-texte\/\",\"url\":\"https:\/\/www.redacteur.com\/blog\/redaction-web-comment-rythmer-texte\/\",\"name\":\"R\u00e9daction web : comment rythmer votre texte ? - Redacteur Blog\",\"isPartOf\":{\"@id\":\"https:\/\/www.redacteur.com\/blog\/#website\"},\"primaryImageOfPage\":{\"@id\":\"https:\/\/www.redacteur.com\/blog\/redaction-web-comment-rythmer-texte\/#primaryimage\"},\"image\":{\"@id\":\"https:\/\/www.redacteur.com\/blog\/redaction-web-comment-rythmer-texte\/#primaryimage\"},\"thumbnailUrl\":\"https:\/\/www.redacteur.com\/blog\/wp-content\/uploads\/sites\/6\/2019\/11\/redacteur-blog-img-une-comment-rythmer-texte.jpg\",\"datePublished\":\"2019-11-25T09:30:55+00:00\",\"dateModified\":\"2025-08-20T12:43:25+00:00\",\"description\":\"Vous r\u00e9digez des articles qui seront publi\u00e9s sur votre site Internet ou sur un blog\u00a0? Il est primordial de faire attention \u00e0 votre style. Mais la\",\"breadcrumb\":{\"@id\":\"https:\/\/www.redacteur.com\/blog\/redaction-web-comment-rythmer-texte\/#breadcrumb\"},\"inLanguage\":\"fr-FR\",\"potentialAction\":[{\"@type\":\"ReadAction\",\"target\":[\"https:\/\/www.redacteur.com\/blog\/redaction-web-comment-rythmer-texte\/\"]}]},{\"@type\":\"ImageObject\",\"inLanguage\":\"fr-FR\",\"@id\":\"https:\/\/www.redacteur.com\/blog\/redaction-web-comment-rythmer-texte\/#primaryimage\",\"url\":\"https:\/\/www.redacteur.com\/blog\/wp-content\/uploads\/sites\/6\/2019\/11\/redacteur-blog-img-une-comment-rythmer-texte.jpg\",\"contentUrl\":\"https:\/\/www.redacteur.com\/blog\/wp-content\/uploads\/sites\/6\/2019\/11\/redacteur-blog-img-une-comment-rythmer-texte.jpg\",\"width\":850,\"height\":600},{\"@type\":\"BreadcrumbList\",\"@id\":\"https:\/\/www.redacteur.com\/blog\/redaction-web-comment-rythmer-texte\/#breadcrumb\",\"itemListElement\":[{\"@type\":\"ListItem\",\"position\":1,\"name\":\"Blog\",\"item\":\"https:\/\/www.redacteur.com\/blog\/\"},{\"@type\":\"ListItem\",\"position\":2,\"name\":\"R\u00e9daction web\",\"item\":\"https:\/\/www.redacteur.com\/blog\/redaction-web\/\"},{\"@type\":\"ListItem\",\"position\":3,\"name\":\"R\u00e9daction web&nbsp;: comment rythmer votre texte&nbsp;?\"}]},{\"@type\":\"WebSite\",\"@id\":\"https:\/\/www.redacteur.com\/blog\/#website\",\"url\":\"https:\/\/www.redacteur.com\/blog\/\",\"name\":\"Redacteur.com\",\"description\":\"redacteur\",\"publisher\":{\"@id\":\"https:\/\/www.redacteur.com\/blog\/#organization\"},\"potentialAction\":[{\"@type\":\"SearchAction\",\"target\":{\"@type\":\"EntryPoint\",\"urlTemplate\":\"https:\/\/www.redacteur.com\/blog\/?s={search_term_string}\"},\"query-input\":{\"@type\":\"PropertyValueSpecification\",\"valueRequired\":true,\"valueName\":\"search_term_string\"}}],\"inLanguage\":\"fr-FR\"},{\"@type\":\"Organization\",\"@id\":\"https:\/\/www.redacteur.com\/blog\/#organization\",\"name\":\"Redacteur.com\",\"url\":\"https:\/\/www.redacteur.com\/blog\/\",\"logo\":{\"@type\":\"ImageObject\",\"inLanguage\":\"fr-FR\",\"@id\":\"https:\/\/www.redacteur.com\/blog\/#\/schema\/logo\/image\/\",\"url\":\"https:\/\/www.redacteur.com\/blog\/wp-content\/uploads\/sites\/6\/2022\/10\/logo-redacteur-blog.svg\",\"contentUrl\":\"https:\/\/www.redacteur.com\/blog\/wp-content\/uploads\/sites\/6\/2022\/10\/logo-redacteur-blog.svg\",\"width\":1,\"height\":1,\"caption\":\"Redacteur.com\"},\"image\":{\"@id\":\"https:\/\/www.redacteur.com\/blog\/#\/schema\/logo\/image\/\"},\"sameAs\":[\"https:\/\/www.facebook.com\/redacteurcom\",\"https:\/\/x.com\/Redacteurcom\",\"https:\/\/www.linkedin.com\/company\/redacteur-com\",\"https:\/\/www.youtube.com\/channel\/UCgj9ySM9xy3gdL8qBafl9Uw\/\"]},{\"@type\":\"Person\",\"@id\":\"https:\/\/www.redacteur.com\/blog\/#\/schema\/person\/33c0ef04707fbe50a096f282050bb5f2\",\"name\":\"Laura Michaud\",\"image\":{\"@type\":\"ImageObject\",\"inLanguage\":\"fr-FR\",\"@id\":\"https:\/\/www.redacteur.com\/blog\/#\/schema\/person\/image\/\",\"url\":\"https:\/\/secure.gravatar.com\/avatar\/c3328cc0c887f98cec6b2979af3311ab6333fc7cc2d4847514cfec6a56fa08a7?s=96&d=mm&r=g\",\"contentUrl\":\"https:\/\/secure.gravatar.com\/avatar\/c3328cc0c887f98cec6b2979af3311ab6333fc7cc2d4847514cfec6a56fa08a7?s=96&d=mm&r=g\",\"caption\":\"Laura Michaud\"},\"description\":\"Laura connait tous les meilleurs outils pour g\u00e9rer des projets et une entreprise. Cr\u00e9ative, c'est aussi une sp\u00e9cialiste des outils de cr\u00e9ation graphique pour faire briller une entreprise.\",\"sameAs\":[\"https:\/\/www.linkedin.com\/in\/michaudlaura\/\"],\"url\":\"https:\/\/www.redacteur.com\/blog\/author\/laura\/\"}]}<\/script>\n<!-- \/ Yoast SEO plugin. -->","yoast_head_json":{"title":"R\u00e9daction web : comment rythmer votre texte ? - Redacteur Blog","description":"Vous r\u00e9digez des articles qui seront publi\u00e9s sur votre site Internet ou sur un blog\u00a0? Il est primordial de faire attention \u00e0 votre style. Mais la","robots":{"index":"index","follow":"follow","max-snippet":"max-snippet:-1","max-image-preview":"max-image-preview:large","max-video-preview":"max-video-preview:-1"},"canonical":"https:\/\/www.redacteur.com\/blog\/redaction-web-comment-rythmer-texte\/","og_locale":"fr_FR","og_type":"article","og_title":"R\u00e9daction web : comment rythmer votre texte ? - Redacteur Blog","og_description":"Vous r\u00e9digez des articles qui seront publi\u00e9s sur votre site Internet ou sur un blog\u00a0? Il est primordial de faire attention \u00e0 votre style. Mais la","og_url":"https:\/\/www.redacteur.com\/blog\/redaction-web-comment-rythmer-texte\/","og_site_name":"Redacteur.com","article_publisher":"https:\/\/www.facebook.com\/redacteurcom","article_published_time":"2019-11-25T09:30:55+00:00","article_modified_time":"2025-08-20T12:43:25+00:00","og_image":[{"width":850,"height":600,"url":"https:\/\/www.redacteur.com\/blog\/wp-content\/uploads\/sites\/6\/2019\/11\/redacteur-blog-img-une-comment-rythmer-texte.jpg","type":"image\/jpeg"}],"author":"Laura Michaud","twitter_card":"summary_large_image","twitter_creator":"@Redacteurcom","twitter_site":"@Redacteurcom","twitter_misc":{"\u00c9crit par":"Laura Michaud","Dur\u00e9e de lecture estim\u00e9e":"5 minutes"},"schema":{"@context":"https:\/\/schema.org","@graph":[{"@type":"Article","@id":"https:\/\/www.redacteur.com\/blog\/redaction-web-comment-rythmer-texte\/#article","isPartOf":{"@id":"https:\/\/www.redacteur.com\/blog\/redaction-web-comment-rythmer-texte\/"},"author":{"name":"Laura Michaud","@id":"https:\/\/www.redacteur.com\/blog\/#\/schema\/person\/33c0ef04707fbe50a096f282050bb5f2"},"headline":"R\u00e9daction web&nbsp;: comment rythmer votre texte&nbsp;?","datePublished":"2019-11-25T09:30:55+00:00","dateModified":"2025-08-20T12:43:25+00:00","mainEntityOfPage":{"@id":"https:\/\/www.redacteur.com\/blog\/redaction-web-comment-rythmer-texte\/"},"wordCount":1018,"commentCount":0,"publisher":{"@id":"https:\/\/www.redacteur.com\/blog\/#organization"},"image":{"@id":"https:\/\/www.redacteur.com\/blog\/redaction-web-comment-rythmer-texte\/#primaryimage"},"thumbnailUrl":"https:\/\/www.redacteur.com\/blog\/wp-content\/uploads\/sites\/6\/2019\/11\/redacteur-blog-img-une-comment-rythmer-texte.jpg","articleSection":["R\u00e9daction web"],"inLanguage":"fr-FR","potentialAction":[{"@type":"CommentAction","name":"Comment","target":["https:\/\/www.redacteur.com\/blog\/redaction-web-comment-rythmer-texte\/#respond"]}]},{"@type":"WebPage","@id":"https:\/\/www.redacteur.com\/blog\/redaction-web-comment-rythmer-texte\/","url":"https:\/\/www.redacteur.com\/blog\/redaction-web-comment-rythmer-texte\/","name":"R\u00e9daction web : comment rythmer votre texte ? - Redacteur Blog","isPartOf":{"@id":"https:\/\/www.redacteur.com\/blog\/#website"},"primaryImageOfPage":{"@id":"https:\/\/www.redacteur.com\/blog\/redaction-web-comment-rythmer-texte\/#primaryimage"},"image":{"@id":"https:\/\/www.redacteur.com\/blog\/redaction-web-comment-rythmer-texte\/#primaryimage"},"thumbnailUrl":"https:\/\/www.redacteur.com\/blog\/wp-content\/uploads\/sites\/6\/2019\/11\/redacteur-blog-img-une-comment-rythmer-texte.jpg","datePublished":"2019-11-25T09:30:55+00:00","dateModified":"2025-08-20T12:43:25+00:00","description":"Vous r\u00e9digez des articles qui seront publi\u00e9s sur votre site Internet ou sur un blog\u00a0? Il est primordial de faire attention \u00e0 votre style. Mais la","breadcrumb":{"@id":"https:\/\/www.redacteur.com\/blog\/redaction-web-comment-rythmer-texte\/#breadcrumb"},"inLanguage":"fr-FR","potentialAction":[{"@type":"ReadAction","target":["https:\/\/www.redacteur.com\/blog\/redaction-web-comment-rythmer-texte\/"]}]},{"@type":"ImageObject","inLanguage":"fr-FR","@id":"https:\/\/www.redacteur.com\/blog\/redaction-web-comment-rythmer-texte\/#primaryimage","url":"https:\/\/www.redacteur.com\/blog\/wp-content\/uploads\/sites\/6\/2019\/11\/redacteur-blog-img-une-comment-rythmer-texte.jpg","contentUrl":"https:\/\/www.redacteur.com\/blog\/wp-content\/uploads\/sites\/6\/2019\/11\/redacteur-blog-img-une-comment-rythmer-texte.jpg","width":850,"height":600},{"@type":"BreadcrumbList","@id":"https:\/\/www.redacteur.com\/blog\/redaction-web-comment-rythmer-texte\/#breadcrumb","itemListElement":[{"@type":"ListItem","position":1,"name":"Blog","item":"https:\/\/www.redacteur.com\/blog\/"},{"@type":"ListItem","position":2,"name":"R\u00e9daction web","item":"https:\/\/www.redacteur.com\/blog\/redaction-web\/"},{"@type":"ListItem","position":3,"name":"R\u00e9daction web&nbsp;: comment rythmer votre texte&nbsp;?"}]},{"@type":"WebSite","@id":"https:\/\/www.redacteur.com\/blog\/#website","url":"https:\/\/www.redacteur.com\/blog\/","name":"Redacteur.com","description":"redacteur","publisher":{"@id":"https:\/\/www.redacteur.com\/blog\/#organization"},"potentialAction":[{"@type":"SearchAction","target":{"@type":"EntryPoint","urlTemplate":"https:\/\/www.redacteur.com\/blog\/?s={search_term_string}"},"query-input":{"@type":"PropertyValueSpecification","valueRequired":true,"valueName":"search_term_string"}}],"inLanguage":"fr-FR"},{"@type":"Organization","@id":"https:\/\/www.redacteur.com\/blog\/#organization","name":"Redacteur.com","url":"https:\/\/www.redacteur.com\/blog\/","logo":{"@type":"ImageObject","inLanguage":"fr-FR","@id":"https:\/\/www.redacteur.com\/blog\/#\/schema\/logo\/image\/","url":"https:\/\/www.redacteur.com\/blog\/wp-content\/uploads\/sites\/6\/2022\/10\/logo-redacteur-blog.svg","contentUrl":"https:\/\/www.redacteur.com\/blog\/wp-content\/uploads\/sites\/6\/2022\/10\/logo-redacteur-blog.svg","width":1,"height":1,"caption":"Redacteur.com"},"image":{"@id":"https:\/\/www.redacteur.com\/blog\/#\/schema\/logo\/image\/"},"sameAs":["https:\/\/www.facebook.com\/redacteurcom","https:\/\/x.com\/Redacteurcom","https:\/\/www.linkedin.com\/company\/redacteur-com","https:\/\/www.youtube.com\/channel\/UCgj9ySM9xy3gdL8qBafl9Uw\/"]},{"@type":"Person","@id":"https:\/\/www.redacteur.com\/blog\/#\/schema\/person\/33c0ef04707fbe50a096f282050bb5f2","name":"Laura Michaud","image":{"@type":"ImageObject","inLanguage":"fr-FR","@id":"https:\/\/www.redacteur.com\/blog\/#\/schema\/person\/image\/","url":"https:\/\/secure.gravatar.com\/avatar\/c3328cc0c887f98cec6b2979af3311ab6333fc7cc2d4847514cfec6a56fa08a7?s=96&d=mm&r=g","contentUrl":"https:\/\/secure.gravatar.com\/avatar\/c3328cc0c887f98cec6b2979af3311ab6333fc7cc2d4847514cfec6a56fa08a7?s=96&d=mm&r=g","caption":"Laura Michaud"},"description":"Laura connait tous les meilleurs outils pour g\u00e9rer des projets et une entreprise. Cr\u00e9ative, c'est aussi une sp\u00e9cialiste des outils de cr\u00e9ation graphique pour faire briller une entreprise.","sameAs":["https:\/\/www.linkedin.com\/in\/michaudlaura\/"],"url":"https:\/\/www.redacteur.com\/blog\/author\/laura\/"}]}},"_links":{"self":[{"href":"https:\/\/www.redacteur.com\/blog\/wp-json\/wp\/v2\/posts\/17810","targetHints":{"allow":["GET"]}}],"collection":[{"href":"https:\/\/www.redacteur.com\/blog\/wp-json\/wp\/v2\/posts"}],"about":[{"href":"https:\/\/www.redacteur.com\/blog\/wp-json\/wp\/v2\/types\/post"}],"author":[{"embeddable":true,"href":"https:\/\/www.redacteur.com\/blog\/wp-json\/wp\/v2\/users\/1"}],"replies":[{"embeddable":true,"href":"https:\/\/www.redacteur.com\/blog\/wp-json\/wp\/v2\/comments?post=17810"}],"version-history":[{"count":0,"href":"https:\/\/www.redacteur.com\/blog\/wp-json\/wp\/v2\/posts\/17810\/revisions"}],"wp:featuredmedia":[{"embeddable":true,"href":"https:\/\/www.redacteur.com\/blog\/wp-json\/wp\/v2\/media\/17818"}],"wp:attachment":[{"href":"https:\/\/www.redacteur.com\/blog\/wp-json\/wp\/v2\/media?parent=17810"}],"wp:term":[{"taxonomy":"category","embeddable":true,"href":"https:\/\/www.redacteur.com\/blog\/wp-json\/wp\/v2\/categories?post=17810"},{"taxonomy":"post_tag","embeddable":true,"href":"https:\/\/www.redacteur.com\/blog\/wp-json\/wp\/v2\/tags?post=17810"}],"curies":[{"name":"wp","href":"https:\/\/api.w.org\/{rel}","templated":true}]}}