{"id":18006,"date":"2019-12-12T10:30:09","date_gmt":"2019-12-12T09:30:09","guid":{"rendered":"https:\/\/www.redacteur.com\/blog\/?p=18006"},"modified":"2023-06-09T12:09:42","modified_gmt":"2023-06-09T10:09:42","slug":"seo-pourquoi-utiliser-semantique","status":"publish","type":"post","link":"https:\/\/www.redacteur.com\/blog\/seo-pourquoi-utiliser-semantique\/","title":{"rendered":"SEO&nbsp;: Pourquoi utiliser la s\u00e9mantique pour mieux se r\u00e9f\u00e9rencer\u2009?"},"content":{"rendered":"<p>Qu\u2019il est loin le temps o\u00f9 il suffisait d\u2019optimiser un article autour d\u2019un mot-cl\u00e9 principal pour \u00eatre certain d\u2019atteindre les premi\u00e8res places des r\u00e9sultats fournis par Google\u2009! Aujourd\u2019hui, il faut souvent consentir de <strong>gros efforts<\/strong> pour bien r\u00e9f\u00e9rencer un site sur Internet.<\/p>\n<p>Parmi les techniques existant pour mieux se r\u00e9f\u00e9rencer, il y a celle de la <a href=\"https:\/\/www.redacteur.com\/blog\/seo-semantique\/\" target=\"_blank\" rel=\"noopener noreferrer\">s\u00e9mantique<\/a> mais il faut admettre qu\u2019elle est encore tr\u00e8s peu utilis\u00e9e par les porteurs de projets dans le web.<\/p>\n<p>Pourtant, elle permet r\u00e9ellement d\u2019obtenir de bons r\u00e9sultats en mati\u00e8re de SEO. On vous explique comment\u2026<\/p>\n<h2>Utilisez la s\u00e9mantique pour vous positionner sur un grand nombre de requ\u00eates<\/h2>\n<p>Dans tout projet web, il est primordial de concevoir avant tout une page pilier qui va pr\u00e9senter la\/les th\u00e9matiques que vous allez traiter et vous allez g\u00e9n\u00e9ralement la \u00ab\u2009travailler\u2009\u00bb avec de <a href=\"https:\/\/www.redacteur.com\/blog\/seo-comment-eviter-la-cannibalisation-de-mots-cles\/\" target=\"_blank\" rel=\"noopener noreferrer\">2 \u00e0 4 mots-cl\u00e9s<\/a> plut\u00f4t g\u00e9n\u00e9ralistes et ayant un volume de recherches relativement \u00e9lev\u00e9.<\/p>\n<p>S\u2019il est \u00e9vident que cette page pilier est celle sur laquelle vous devez concentrer vos efforts SEO en d\u00e9but de projet, vous devrez rapidement proposer d\u2019autres contenus pour <a href=\"https:\/\/www.redacteur.com\/blog\/content-marketing-augmenter-trafic-site\/\" target=\"_blank\" rel=\"noopener noreferrer\">accro\u00eetre votre trafic<\/a> et alimenter Google tout en montrant que votre site est dynamique.<\/p>\n<p>C\u2019est l\u00e0 que la s\u00e9mantique va intervenir pour vous permettre d\u2019am\u00e9liorer lentement mais s\u00fbrement le <a href=\"https:\/\/www.redacteur.com\/blog\/seo-google-attributs-liens\/\" target=\"_blank\" rel=\"noopener noreferrer\">classement de votre page<\/a> pilier sur Google.<\/p>\n<blockquote><p>Le principe est tr\u00e8s simple. Vous allez devoir cr\u00e9er des contenus sur des mots-cl\u00e9s plus sp\u00e9cifiques et ayant donc un volume de recherches moins int\u00e9ressant.<\/p><\/blockquote>\n<blockquote><p>\u00c0 lire aussi&nbsp;:\u00a0<a href=\"https:\/\/www.redacteur.com\/blog\/les-metiers-du-web\/\">Tout savoir sur les m\u00e9tiers du web<\/a><\/p><\/blockquote>\n<p><img decoding=\"async\" class=\"aligncenter wp-image-18009 size-full\" src=\"https:\/\/www.redacteur.com\/blog\/wp-content\/uploads\/sites\/6\/2019\/12\/how-silos-help-search-engines-to-understand-context-e1575880008707.png\" alt=\"silo et s\u00e9mantique seo r\u00e9f\u00e9rencement web\" width=\"700\" height=\"679\" srcset=\"https:\/\/www.redacteur.com\/blog\/wp-content\/uploads\/sites\/6\/2019\/12\/how-silos-help-search-engines-to-understand-context-e1575880008707.png 700w, https:\/\/www.redacteur.com\/blog\/wp-content\/uploads\/sites\/6\/2019\/12\/how-silos-help-search-engines-to-understand-context-e1575880008707-300x291.png 300w, https:\/\/www.redacteur.com\/blog\/wp-content\/uploads\/sites\/6\/2019\/12\/how-silos-help-search-engines-to-understand-context-e1575880008707-60x58.png 60w, https:\/\/www.redacteur.com\/blog\/wp-content\/uploads\/sites\/6\/2019\/12\/how-silos-help-search-engines-to-understand-context-e1575880008707-370x359.png 370w, https:\/\/www.redacteur.com\/blog\/wp-content\/uploads\/sites\/6\/2019\/12\/how-silos-help-search-engines-to-understand-context-e1575880008707-270x262.png 270w, https:\/\/www.redacteur.com\/blog\/wp-content\/uploads\/sites\/6\/2019\/12\/how-silos-help-search-engines-to-understand-context-e1575880008707-570x553.png 570w\" sizes=\"(max-width: 700px) 100vw, 700px\" \/><\/p>\n<ul>\n<li>Par exemple, si vous \u00eates un infographiste, le mot-cl\u00e9 de votre page pilier sera <em>\u00ab\u2009agence conception graphique\u2009\u00bb<\/em> alors que vos autres pages viseront \u00e0 vous r\u00e9f\u00e9rencer sur des requ\u00eates moins recherch\u00e9es comme <em>\u00ab\u2009cr\u00e9ation de logo\u2009\u00bb<\/em>, <em>\u00ab\u2009identit\u00e9 visuelle\u2009\u00bb<\/em>, <em>\u00ab\u2009charte graphique\u2009\u00bb<\/em>, etc.<\/li>\n<li>Il suffira ensuite de bien lier les articles <em>\u00ab\u2009s\u00e9mantique\u2009\u00bb<\/em> \u00e0 votre page pilier et ce sont les diff\u00e9rentes pages de votre site qui devraient profiter de ce maillage interne pour grimper dans les r\u00e9sultats du moteur de recherche.<\/li>\n<\/ul>\n<p>D\u2019ailleurs, si vous \u00eates pr\u00eat \u00e0 vous engager dans une<a href=\"https:\/\/www.redacteur.com\/blog\/seo-tendances-2021\/\" target=\"_blank\" rel=\"noopener noreferrer\"> strat\u00e9gie SEO<\/a> de long terme \u2014 par exemple parce que vous savez que vos mots-cl\u00e9s principaux sont tr\u00e8s concurrentiels \u2014 il est pertinent de d\u00e9velopper une <strong>hi\u00e9rarchie de contenus.<\/strong><\/p>\n<p>Il est alors int\u00e9ressant de commencer par vous positionner sur des <a href=\"https:\/\/www.redacteur.com\/blog\/ameliorer-contenu-position-google\/\" target=\"_blank\" rel=\"noopener noreferrer\">mots-cl\u00e9s tr\u00e8s sp\u00e9cifiques<\/a> mais g\u00e9n\u00e9rant peu de volume de recherches.<\/p>\n<p>Ensuite, c\u2019est le principe des dominos \u00e0 savoir que ce contenu devra vous aider \u00e0 pousser un <strong>nouvel article sur un mot-cl\u00e9<\/strong> un peu plus g\u00e9n\u00e9raliste et ainsi de suite jusqu\u2019\u00e0 votre page pilier qui, elle, profitera de tout le <em>\u00ab\u2009jus\u2009\u00bb<\/em> apport\u00e9 par votre approche s\u00e9mantique.<\/p>\n<blockquote><p>\u00c0 lire aussi&nbsp;:\u00a0<a href=\"https:\/\/www.redacteur.com\/blog\/seo-on-page-parametres-creation-site\/\">SEO On-page&nbsp;: 4 param\u00e8tres \u00e0 prendre en compte sur votre site web<\/a><\/p><\/blockquote>\n<h2>La s\u00e9mantique pour aider Google \u00e0 mieux comprendre votre site web<\/h2>\n<p>Au-del\u00e0 du trafic suppl\u00e9mentaire li\u00e9 au positionnement sur des requ\u00eates peu formul\u00e9es, la s\u00e9mantique est aussi particuli\u00e8rement int\u00e9ressante pour un <strong>projet web<\/strong> dans le sens o\u00f9 elle peut aider Google \u00e0 mieux comprendre ce qu\u2019il a face \u00e0 lui.<\/p>\n<figure id=\"attachment_18019\" aria-describedby=\"caption-attachment-18019\" style=\"width: 856px\" class=\"wp-caption aligncenter\"><img decoding=\"async\" class=\"wp-image-18019 size-full\" src=\"https:\/\/www.redacteur.com\/blog\/wp-content\/uploads\/sites\/6\/2019\/12\/suggestions-google-seo.png\" alt=\"suggestion google seo r\u00e9f\u00e9rencement\" width=\"856\" height=\"565\" srcset=\"https:\/\/www.redacteur.com\/blog\/wp-content\/uploads\/sites\/6\/2019\/12\/suggestions-google-seo.png 856w, https:\/\/www.redacteur.com\/blog\/wp-content\/uploads\/sites\/6\/2019\/12\/suggestions-google-seo-300x198.png 300w, https:\/\/www.redacteur.com\/blog\/wp-content\/uploads\/sites\/6\/2019\/12\/suggestions-google-seo-768x507.png 768w, https:\/\/www.redacteur.com\/blog\/wp-content\/uploads\/sites\/6\/2019\/12\/suggestions-google-seo-60x40.png 60w, https:\/\/www.redacteur.com\/blog\/wp-content\/uploads\/sites\/6\/2019\/12\/suggestions-google-seo-370x244.png 370w, https:\/\/www.redacteur.com\/blog\/wp-content\/uploads\/sites\/6\/2019\/12\/suggestions-google-seo-270x178.png 270w, https:\/\/www.redacteur.com\/blog\/wp-content\/uploads\/sites\/6\/2019\/12\/suggestions-google-seo-570x376.png 570w, https:\/\/www.redacteur.com\/blog\/wp-content\/uploads\/sites\/6\/2019\/12\/suggestions-google-seo-740x488.png 740w\" sizes=\"(max-width: 856px) 100vw, 856px\" \/><figcaption id=\"caption-attachment-18019\" class=\"wp-caption-text\">Jouez avec la suggestion de Google<\/figcaption><\/figure>\n<p>Eh oui, si votre page pilier montre \u00e0 Google que votre site propose de <a href=\"https:\/\/www.redacteur.com\/blog\/strategie-contenu-methode-10x-content\/\" target=\"_blank\" rel=\"noopener noreferrer\">nombreux contenus<\/a> permettant d\u2019aller plus loin sur la th\u00e9matique via des liens pointant vers des pages internes o\u00f9 un r\u00e9el travail sur la s\u00e9mantique a \u00e9t\u00e9 r\u00e9alis\u00e9, le moteur de recherches va consid\u00e9rer que votre site offre une <strong>r\u00e9elle valeur ajout\u00e9e \u00e0 l\u2019internaute.<\/strong><\/p>\n<p>Aussi, Google va vouloir valoriser votre site et ce dernier va donc grimper dans les classements du moteur de recherches.<\/p>\n<blockquote><p>Charge \u00e0 vous, bien \u00e9videmment, d\u2019entretenir cette dynamique en proposant sur la base de la s\u00e9mantique du contenu frais qui peut prendre la forme de <strong>conseils<\/strong>, <strong>d\u2019actualit\u00e9s<\/strong> ou m\u00eame de <strong>citations d\u2019experts<\/strong> tri\u00e9es sur le volet.<\/p><\/blockquote>\n<p>En effet, si Google vient \u00e0 vous consid\u00e9rer comme un expert parce qu\u2019il juge que vous avez trait\u00e9 tous les aspects de la th\u00e9matique, votre r\u00e9f\u00e9rencement va <strong>bondir et le trafic de votre site devrait exploser.<\/strong><\/p>\n<blockquote><p>\u00c0 lire aussi&nbsp;: <a href=\"https:\/\/www.redacteur.com\/blog\/reussir-interview-creer-contenu\/\">Cr\u00e9ation de contenu&nbsp;: 6 conseils pour r\u00e9ussir l&#8217;interview d&#8217;un expert<\/a><\/p><\/blockquote>\n<h2>Notre astuce pour am\u00e9liorer votre SEO<\/h2>\n<p><a href=\"https:\/\/www.redacteur.com\/blog\/seo-semantique-comment-bien-utiliser-les-mots-cles-secondaires%e2%80%89\/\" target=\"_blank\" rel=\"noopener noreferrer\">Le travail sur la s\u00e9mantique<\/a> est complexe et s\u2019av\u00e8re tr\u00e8s chronophage. Toutefois, si vous veillez \u00e0 faire preuve de coh\u00e9rence, \u00e0 hi\u00e9rarchiser vos contenus et \u00e0 r\u00e9pondre \u00e0 des questions que se posent les internautes, Google devrait appr\u00e9cier.<\/p>\n<p>Or, si Google aime vos contenus et consid\u00e8re que vous traitez parfaitement votre th\u00e9matique, il vous r\u00e9compensera naturellement en vous faisant<strong> gagner des places<\/strong> dans le classement de son moteur de recherches.<\/p>\n<p>Pour vous simplifier la t\u00e2che, commandez vos articles, optimis\u00e9s pour le r\u00e9f\u00e9rencement naturel par nos <a href=\"https:\/\/www.redacteur.com\/redacteur-seo\">r\u00e9dacteurs web SEO<\/a>. Demandez un devis ou commandez vos textes directement en ligne&nbsp;!<\/p>\n","protected":false},"excerpt":{"rendered":"<p>Qu\u2019il est loin le temps o\u00f9 il suffisait d\u2019optimiser un article autour d\u2019un mot-cl\u00e9 principal pour \u00eatre certain d\u2019atteindre les premi\u00e8res places des r\u00e9sultats fournis par Google\u2009! Aujourd\u2019hui, il faut souvent consentir de gros efforts pour bien r\u00e9f\u00e9rencer un site sur Internet. Parmi les techniques existant pour mieux se r\u00e9f\u00e9rencer, il y a celle de [&hellip;]<\/p>\n","protected":false},"author":1,"featured_media":18017,"comment_status":"open","ping_status":"open","sticky":false,"template":"","format":"standard","meta":{"_acf_changed":false,"inline_featured_image":false,"footnotes":""},"categories":[23],"tags":[],"class_list":["post-18006","post","type-post","status-publish","format-standard","has-post-thumbnail","hentry","category-cocon-semantique"],"acf":[],"yoast_head":"<!-- This site is optimized with the Yoast SEO plugin v25.9 - https:\/\/yoast.com\/wordpress\/plugins\/seo\/ -->\n<title>SEO : Pourquoi utiliser la s\u00e9mantique pour mieux se r\u00e9f\u00e9rencer\u2009? - Redacteur Blog<\/title>\n<meta name=\"description\" content=\"Qu\u2019il est loin le temps o\u00f9 il suffisait d\u2019optimiser un article autour d\u2019un mot-cl\u00e9 principal pour \u00eatre certain d\u2019atteindre les premi\u00e8res places des\" \/>\n<meta name=\"robots\" content=\"index, follow, max-snippet:-1, max-image-preview:large, max-video-preview:-1\" \/>\n<link rel=\"canonical\" href=\"https:\/\/www.redacteur.com\/blog\/seo-pourquoi-utiliser-semantique\/\" \/>\n<meta property=\"og:locale\" content=\"fr_FR\" \/>\n<meta property=\"og:type\" content=\"article\" \/>\n<meta property=\"og:title\" content=\"SEO : Pourquoi utiliser la s\u00e9mantique pour mieux se r\u00e9f\u00e9rencer\u2009? - Redacteur Blog\" \/>\n<meta property=\"og:description\" content=\"Qu\u2019il est loin le temps o\u00f9 il suffisait d\u2019optimiser un article autour d\u2019un mot-cl\u00e9 principal pour \u00eatre certain d\u2019atteindre les premi\u00e8res places des\" \/>\n<meta property=\"og:url\" content=\"https:\/\/www.redacteur.com\/blog\/seo-pourquoi-utiliser-semantique\/\" \/>\n<meta property=\"og:site_name\" content=\"Redacteur.com\" \/>\n<meta property=\"article:publisher\" content=\"https:\/\/www.facebook.com\/redacteurcom\" \/>\n<meta property=\"article:published_time\" content=\"2019-12-12T09:30:09+00:00\" \/>\n<meta property=\"article:modified_time\" content=\"2023-06-09T10:09:42+00:00\" \/>\n<meta property=\"og:image\" content=\"https:\/\/www.redacteur.com\/blog\/wp-content\/uploads\/sites\/6\/2019\/12\/redacteur-blog-img-seo-pourquoi-utiliser-semantique.jpg\" \/>\n\t<meta property=\"og:image:width\" content=\"850\" \/>\n\t<meta property=\"og:image:height\" content=\"600\" \/>\n\t<meta property=\"og:image:type\" content=\"image\/jpeg\" \/>\n<meta name=\"author\" content=\"Laura Michaud\" \/>\n<meta name=\"twitter:card\" content=\"summary_large_image\" \/>\n<meta name=\"twitter:creator\" content=\"@Redacteurcom\" \/>\n<meta name=\"twitter:site\" content=\"@Redacteurcom\" \/>\n<meta name=\"twitter:label1\" content=\"\u00c9crit par\" \/>\n\t<meta name=\"twitter:data1\" content=\"Laura Michaud\" \/>\n\t<meta name=\"twitter:label2\" content=\"Dur\u00e9e de lecture estim\u00e9e\" \/>\n\t<meta name=\"twitter:data2\" content=\"5 minutes\" \/>\n<script type=\"application\/ld+json\" class=\"yoast-schema-graph\">{\"@context\":\"https:\/\/schema.org\",\"@graph\":[{\"@type\":\"Article\",\"@id\":\"https:\/\/www.redacteur.com\/blog\/seo-pourquoi-utiliser-semantique\/#article\",\"isPartOf\":{\"@id\":\"https:\/\/www.redacteur.com\/blog\/seo-pourquoi-utiliser-semantique\/\"},\"author\":{\"name\":\"Laura Michaud\",\"@id\":\"https:\/\/www.redacteur.com\/blog\/#\/schema\/person\/33c0ef04707fbe50a096f282050bb5f2\"},\"headline\":\"SEO&nbsp;: Pourquoi utiliser la s\u00e9mantique pour mieux se r\u00e9f\u00e9rencer\u2009?\",\"datePublished\":\"2019-12-12T09:30:09+00:00\",\"dateModified\":\"2023-06-09T10:09:42+00:00\",\"mainEntityOfPage\":{\"@id\":\"https:\/\/www.redacteur.com\/blog\/seo-pourquoi-utiliser-semantique\/\"},\"wordCount\":881,\"commentCount\":1,\"publisher\":{\"@id\":\"https:\/\/www.redacteur.com\/blog\/#organization\"},\"image\":{\"@id\":\"https:\/\/www.redacteur.com\/blog\/seo-pourquoi-utiliser-semantique\/#primaryimage\"},\"thumbnailUrl\":\"https:\/\/www.redacteur.com\/blog\/wp-content\/uploads\/sites\/6\/2019\/12\/redacteur-blog-img-seo-pourquoi-utiliser-semantique.jpg\",\"articleSection\":[\"Cocon s\u00e9mantique\"],\"inLanguage\":\"fr-FR\",\"potentialAction\":[{\"@type\":\"CommentAction\",\"name\":\"Comment\",\"target\":[\"https:\/\/www.redacteur.com\/blog\/seo-pourquoi-utiliser-semantique\/#respond\"]}]},{\"@type\":\"WebPage\",\"@id\":\"https:\/\/www.redacteur.com\/blog\/seo-pourquoi-utiliser-semantique\/\",\"url\":\"https:\/\/www.redacteur.com\/blog\/seo-pourquoi-utiliser-semantique\/\",\"name\":\"SEO : Pourquoi utiliser la s\u00e9mantique pour mieux se r\u00e9f\u00e9rencer\u2009? - Redacteur Blog\",\"isPartOf\":{\"@id\":\"https:\/\/www.redacteur.com\/blog\/#website\"},\"primaryImageOfPage\":{\"@id\":\"https:\/\/www.redacteur.com\/blog\/seo-pourquoi-utiliser-semantique\/#primaryimage\"},\"image\":{\"@id\":\"https:\/\/www.redacteur.com\/blog\/seo-pourquoi-utiliser-semantique\/#primaryimage\"},\"thumbnailUrl\":\"https:\/\/www.redacteur.com\/blog\/wp-content\/uploads\/sites\/6\/2019\/12\/redacteur-blog-img-seo-pourquoi-utiliser-semantique.jpg\",\"datePublished\":\"2019-12-12T09:30:09+00:00\",\"dateModified\":\"2023-06-09T10:09:42+00:00\",\"description\":\"Qu\u2019il est loin le temps o\u00f9 il suffisait d\u2019optimiser un article autour d\u2019un mot-cl\u00e9 principal pour \u00eatre certain d\u2019atteindre les premi\u00e8res places des\",\"breadcrumb\":{\"@id\":\"https:\/\/www.redacteur.com\/blog\/seo-pourquoi-utiliser-semantique\/#breadcrumb\"},\"inLanguage\":\"fr-FR\",\"potentialAction\":[{\"@type\":\"ReadAction\",\"target\":[\"https:\/\/www.redacteur.com\/blog\/seo-pourquoi-utiliser-semantique\/\"]}]},{\"@type\":\"ImageObject\",\"inLanguage\":\"fr-FR\",\"@id\":\"https:\/\/www.redacteur.com\/blog\/seo-pourquoi-utiliser-semantique\/#primaryimage\",\"url\":\"https:\/\/www.redacteur.com\/blog\/wp-content\/uploads\/sites\/6\/2019\/12\/redacteur-blog-img-seo-pourquoi-utiliser-semantique.jpg\",\"contentUrl\":\"https:\/\/www.redacteur.com\/blog\/wp-content\/uploads\/sites\/6\/2019\/12\/redacteur-blog-img-seo-pourquoi-utiliser-semantique.jpg\",\"width\":850,\"height\":600},{\"@type\":\"BreadcrumbList\",\"@id\":\"https:\/\/www.redacteur.com\/blog\/seo-pourquoi-utiliser-semantique\/#breadcrumb\",\"itemListElement\":[{\"@type\":\"ListItem\",\"position\":1,\"name\":\"Blog\",\"item\":\"https:\/\/www.redacteur.com\/blog\/\"},{\"@type\":\"ListItem\",\"position\":2,\"name\":\"Strat\u00e9gie SEO\",\"item\":\"https:\/\/www.redacteur.com\/blog\/seo\/\"},{\"@type\":\"ListItem\",\"position\":3,\"name\":\"Cocon s\u00e9mantique\",\"item\":\"https:\/\/www.redacteur.com\/blog\/seo\/cocon-semantique\/\"},{\"@type\":\"ListItem\",\"position\":4,\"name\":\"SEO : Pourquoi utiliser la s\u00e9mantique pour mieux se r\u00e9f\u00e9rencer\u2009?\"}]},{\"@type\":\"WebSite\",\"@id\":\"https:\/\/www.redacteur.com\/blog\/#website\",\"url\":\"https:\/\/www.redacteur.com\/blog\/\",\"name\":\"Redacteur.com\",\"description\":\"redacteur\",\"publisher\":{\"@id\":\"https:\/\/www.redacteur.com\/blog\/#organization\"},\"potentialAction\":[{\"@type\":\"SearchAction\",\"target\":{\"@type\":\"EntryPoint\",\"urlTemplate\":\"https:\/\/www.redacteur.com\/blog\/?s={search_term_string}\"},\"query-input\":{\"@type\":\"PropertyValueSpecification\",\"valueRequired\":true,\"valueName\":\"search_term_string\"}}],\"inLanguage\":\"fr-FR\"},{\"@type\":\"Organization\",\"@id\":\"https:\/\/www.redacteur.com\/blog\/#organization\",\"name\":\"Redacteur.com\",\"url\":\"https:\/\/www.redacteur.com\/blog\/\",\"logo\":{\"@type\":\"ImageObject\",\"inLanguage\":\"fr-FR\",\"@id\":\"https:\/\/www.redacteur.com\/blog\/#\/schema\/logo\/image\/\",\"url\":\"https:\/\/www.redacteur.com\/blog\/wp-content\/uploads\/sites\/6\/2022\/10\/logo-redacteur-blog.svg\",\"contentUrl\":\"https:\/\/www.redacteur.com\/blog\/wp-content\/uploads\/sites\/6\/2022\/10\/logo-redacteur-blog.svg\",\"width\":1,\"height\":1,\"caption\":\"Redacteur.com\"},\"image\":{\"@id\":\"https:\/\/www.redacteur.com\/blog\/#\/schema\/logo\/image\/\"},\"sameAs\":[\"https:\/\/www.facebook.com\/redacteurcom\",\"https:\/\/x.com\/Redacteurcom\",\"https:\/\/www.linkedin.com\/company\/redacteur-com\",\"https:\/\/www.youtube.com\/channel\/UCgj9ySM9xy3gdL8qBafl9Uw\/\"]},{\"@type\":\"Person\",\"@id\":\"https:\/\/www.redacteur.com\/blog\/#\/schema\/person\/33c0ef04707fbe50a096f282050bb5f2\",\"name\":\"Laura Michaud\",\"image\":{\"@type\":\"ImageObject\",\"inLanguage\":\"fr-FR\",\"@id\":\"https:\/\/www.redacteur.com\/blog\/#\/schema\/person\/image\/\",\"url\":\"https:\/\/secure.gravatar.com\/avatar\/c3328cc0c887f98cec6b2979af3311ab6333fc7cc2d4847514cfec6a56fa08a7?s=96&d=mm&r=g\",\"contentUrl\":\"https:\/\/secure.gravatar.com\/avatar\/c3328cc0c887f98cec6b2979af3311ab6333fc7cc2d4847514cfec6a56fa08a7?s=96&d=mm&r=g\",\"caption\":\"Laura Michaud\"},\"description\":\"Laura connait tous les meilleurs outils pour g\u00e9rer des projets et une entreprise. Cr\u00e9ative, c'est aussi une sp\u00e9cialiste des outils de cr\u00e9ation graphique pour faire briller une entreprise.\",\"sameAs\":[\"https:\/\/www.linkedin.com\/in\/michaudlaura\/\"],\"url\":\"https:\/\/www.redacteur.com\/blog\/author\/laura\/\"}]}<\/script>\n<!-- \/ Yoast SEO plugin. -->","yoast_head_json":{"title":"SEO : Pourquoi utiliser la s\u00e9mantique pour mieux se r\u00e9f\u00e9rencer\u2009? - Redacteur Blog","description":"Qu\u2019il est loin le temps o\u00f9 il suffisait d\u2019optimiser un article autour d\u2019un mot-cl\u00e9 principal pour \u00eatre certain d\u2019atteindre les premi\u00e8res places des","robots":{"index":"index","follow":"follow","max-snippet":"max-snippet:-1","max-image-preview":"max-image-preview:large","max-video-preview":"max-video-preview:-1"},"canonical":"https:\/\/www.redacteur.com\/blog\/seo-pourquoi-utiliser-semantique\/","og_locale":"fr_FR","og_type":"article","og_title":"SEO : Pourquoi utiliser la s\u00e9mantique pour mieux se r\u00e9f\u00e9rencer\u2009? - Redacteur Blog","og_description":"Qu\u2019il est loin le temps o\u00f9 il suffisait d\u2019optimiser un article autour d\u2019un mot-cl\u00e9 principal pour \u00eatre certain d\u2019atteindre les premi\u00e8res places des","og_url":"https:\/\/www.redacteur.com\/blog\/seo-pourquoi-utiliser-semantique\/","og_site_name":"Redacteur.com","article_publisher":"https:\/\/www.facebook.com\/redacteurcom","article_published_time":"2019-12-12T09:30:09+00:00","article_modified_time":"2023-06-09T10:09:42+00:00","og_image":[{"width":850,"height":600,"url":"https:\/\/www.redacteur.com\/blog\/wp-content\/uploads\/sites\/6\/2019\/12\/redacteur-blog-img-seo-pourquoi-utiliser-semantique.jpg","type":"image\/jpeg"}],"author":"Laura Michaud","twitter_card":"summary_large_image","twitter_creator":"@Redacteurcom","twitter_site":"@Redacteurcom","twitter_misc":{"\u00c9crit par":"Laura Michaud","Dur\u00e9e de lecture estim\u00e9e":"5 minutes"},"schema":{"@context":"https:\/\/schema.org","@graph":[{"@type":"Article","@id":"https:\/\/www.redacteur.com\/blog\/seo-pourquoi-utiliser-semantique\/#article","isPartOf":{"@id":"https:\/\/www.redacteur.com\/blog\/seo-pourquoi-utiliser-semantique\/"},"author":{"name":"Laura Michaud","@id":"https:\/\/www.redacteur.com\/blog\/#\/schema\/person\/33c0ef04707fbe50a096f282050bb5f2"},"headline":"SEO&nbsp;: Pourquoi utiliser la s\u00e9mantique pour mieux se r\u00e9f\u00e9rencer\u2009?","datePublished":"2019-12-12T09:30:09+00:00","dateModified":"2023-06-09T10:09:42+00:00","mainEntityOfPage":{"@id":"https:\/\/www.redacteur.com\/blog\/seo-pourquoi-utiliser-semantique\/"},"wordCount":881,"commentCount":1,"publisher":{"@id":"https:\/\/www.redacteur.com\/blog\/#organization"},"image":{"@id":"https:\/\/www.redacteur.com\/blog\/seo-pourquoi-utiliser-semantique\/#primaryimage"},"thumbnailUrl":"https:\/\/www.redacteur.com\/blog\/wp-content\/uploads\/sites\/6\/2019\/12\/redacteur-blog-img-seo-pourquoi-utiliser-semantique.jpg","articleSection":["Cocon s\u00e9mantique"],"inLanguage":"fr-FR","potentialAction":[{"@type":"CommentAction","name":"Comment","target":["https:\/\/www.redacteur.com\/blog\/seo-pourquoi-utiliser-semantique\/#respond"]}]},{"@type":"WebPage","@id":"https:\/\/www.redacteur.com\/blog\/seo-pourquoi-utiliser-semantique\/","url":"https:\/\/www.redacteur.com\/blog\/seo-pourquoi-utiliser-semantique\/","name":"SEO : Pourquoi utiliser la s\u00e9mantique pour mieux se r\u00e9f\u00e9rencer\u2009? - Redacteur Blog","isPartOf":{"@id":"https:\/\/www.redacteur.com\/blog\/#website"},"primaryImageOfPage":{"@id":"https:\/\/www.redacteur.com\/blog\/seo-pourquoi-utiliser-semantique\/#primaryimage"},"image":{"@id":"https:\/\/www.redacteur.com\/blog\/seo-pourquoi-utiliser-semantique\/#primaryimage"},"thumbnailUrl":"https:\/\/www.redacteur.com\/blog\/wp-content\/uploads\/sites\/6\/2019\/12\/redacteur-blog-img-seo-pourquoi-utiliser-semantique.jpg","datePublished":"2019-12-12T09:30:09+00:00","dateModified":"2023-06-09T10:09:42+00:00","description":"Qu\u2019il est loin le temps o\u00f9 il suffisait d\u2019optimiser un article autour d\u2019un mot-cl\u00e9 principal pour \u00eatre certain d\u2019atteindre les premi\u00e8res places des","breadcrumb":{"@id":"https:\/\/www.redacteur.com\/blog\/seo-pourquoi-utiliser-semantique\/#breadcrumb"},"inLanguage":"fr-FR","potentialAction":[{"@type":"ReadAction","target":["https:\/\/www.redacteur.com\/blog\/seo-pourquoi-utiliser-semantique\/"]}]},{"@type":"ImageObject","inLanguage":"fr-FR","@id":"https:\/\/www.redacteur.com\/blog\/seo-pourquoi-utiliser-semantique\/#primaryimage","url":"https:\/\/www.redacteur.com\/blog\/wp-content\/uploads\/sites\/6\/2019\/12\/redacteur-blog-img-seo-pourquoi-utiliser-semantique.jpg","contentUrl":"https:\/\/www.redacteur.com\/blog\/wp-content\/uploads\/sites\/6\/2019\/12\/redacteur-blog-img-seo-pourquoi-utiliser-semantique.jpg","width":850,"height":600},{"@type":"BreadcrumbList","@id":"https:\/\/www.redacteur.com\/blog\/seo-pourquoi-utiliser-semantique\/#breadcrumb","itemListElement":[{"@type":"ListItem","position":1,"name":"Blog","item":"https:\/\/www.redacteur.com\/blog\/"},{"@type":"ListItem","position":2,"name":"Strat\u00e9gie SEO","item":"https:\/\/www.redacteur.com\/blog\/seo\/"},{"@type":"ListItem","position":3,"name":"Cocon s\u00e9mantique","item":"https:\/\/www.redacteur.com\/blog\/seo\/cocon-semantique\/"},{"@type":"ListItem","position":4,"name":"SEO : Pourquoi utiliser la s\u00e9mantique pour mieux se r\u00e9f\u00e9rencer\u2009?"}]},{"@type":"WebSite","@id":"https:\/\/www.redacteur.com\/blog\/#website","url":"https:\/\/www.redacteur.com\/blog\/","name":"Redacteur.com","description":"redacteur","publisher":{"@id":"https:\/\/www.redacteur.com\/blog\/#organization"},"potentialAction":[{"@type":"SearchAction","target":{"@type":"EntryPoint","urlTemplate":"https:\/\/www.redacteur.com\/blog\/?s={search_term_string}"},"query-input":{"@type":"PropertyValueSpecification","valueRequired":true,"valueName":"search_term_string"}}],"inLanguage":"fr-FR"},{"@type":"Organization","@id":"https:\/\/www.redacteur.com\/blog\/#organization","name":"Redacteur.com","url":"https:\/\/www.redacteur.com\/blog\/","logo":{"@type":"ImageObject","inLanguage":"fr-FR","@id":"https:\/\/www.redacteur.com\/blog\/#\/schema\/logo\/image\/","url":"https:\/\/www.redacteur.com\/blog\/wp-content\/uploads\/sites\/6\/2022\/10\/logo-redacteur-blog.svg","contentUrl":"https:\/\/www.redacteur.com\/blog\/wp-content\/uploads\/sites\/6\/2022\/10\/logo-redacteur-blog.svg","width":1,"height":1,"caption":"Redacteur.com"},"image":{"@id":"https:\/\/www.redacteur.com\/blog\/#\/schema\/logo\/image\/"},"sameAs":["https:\/\/www.facebook.com\/redacteurcom","https:\/\/x.com\/Redacteurcom","https:\/\/www.linkedin.com\/company\/redacteur-com","https:\/\/www.youtube.com\/channel\/UCgj9ySM9xy3gdL8qBafl9Uw\/"]},{"@type":"Person","@id":"https:\/\/www.redacteur.com\/blog\/#\/schema\/person\/33c0ef04707fbe50a096f282050bb5f2","name":"Laura Michaud","image":{"@type":"ImageObject","inLanguage":"fr-FR","@id":"https:\/\/www.redacteur.com\/blog\/#\/schema\/person\/image\/","url":"https:\/\/secure.gravatar.com\/avatar\/c3328cc0c887f98cec6b2979af3311ab6333fc7cc2d4847514cfec6a56fa08a7?s=96&d=mm&r=g","contentUrl":"https:\/\/secure.gravatar.com\/avatar\/c3328cc0c887f98cec6b2979af3311ab6333fc7cc2d4847514cfec6a56fa08a7?s=96&d=mm&r=g","caption":"Laura Michaud"},"description":"Laura connait tous les meilleurs outils pour g\u00e9rer des projets et une entreprise. Cr\u00e9ative, c'est aussi une sp\u00e9cialiste des outils de cr\u00e9ation graphique pour faire briller une entreprise.","sameAs":["https:\/\/www.linkedin.com\/in\/michaudlaura\/"],"url":"https:\/\/www.redacteur.com\/blog\/author\/laura\/"}]}},"_links":{"self":[{"href":"https:\/\/www.redacteur.com\/blog\/wp-json\/wp\/v2\/posts\/18006","targetHints":{"allow":["GET"]}}],"collection":[{"href":"https:\/\/www.redacteur.com\/blog\/wp-json\/wp\/v2\/posts"}],"about":[{"href":"https:\/\/www.redacteur.com\/blog\/wp-json\/wp\/v2\/types\/post"}],"author":[{"embeddable":true,"href":"https:\/\/www.redacteur.com\/blog\/wp-json\/wp\/v2\/users\/1"}],"replies":[{"embeddable":true,"href":"https:\/\/www.redacteur.com\/blog\/wp-json\/wp\/v2\/comments?post=18006"}],"version-history":[{"count":0,"href":"https:\/\/www.redacteur.com\/blog\/wp-json\/wp\/v2\/posts\/18006\/revisions"}],"wp:featuredmedia":[{"embeddable":true,"href":"https:\/\/www.redacteur.com\/blog\/wp-json\/wp\/v2\/media\/18017"}],"wp:attachment":[{"href":"https:\/\/www.redacteur.com\/blog\/wp-json\/wp\/v2\/media?parent=18006"}],"wp:term":[{"taxonomy":"category","embeddable":true,"href":"https:\/\/www.redacteur.com\/blog\/wp-json\/wp\/v2\/categories?post=18006"},{"taxonomy":"post_tag","embeddable":true,"href":"https:\/\/www.redacteur.com\/blog\/wp-json\/wp\/v2\/tags?post=18006"}],"curies":[{"name":"wp","href":"https:\/\/api.w.org\/{rel}","templated":true}]}}