{"id":18394,"date":"2020-01-22T10:30:03","date_gmt":"2020-01-22T08:30:03","guid":{"rendered":"https:\/\/www.redacteur.com\/blog\/?p=18394"},"modified":"2025-08-20T14:43:25","modified_gmt":"2025-08-20T12:43:25","slug":"construire-strategie-content-marketing-evenements","status":"publish","type":"post","link":"https:\/\/www.redacteur.com\/blog\/construire-strategie-content-marketing-evenements\/","title":{"rendered":"Comment construire une strat\u00e9gie de content marketing pour vos \u00e9v\u00e9nements&nbsp;?"},"content":{"rendered":"<p>Votre activit\u00e9 est riche. Pour la mettre en valeur et garantir sa p\u00e9rennit\u00e9, vous \u00e9laborez des strat\u00e9gies marketing.<\/p>\n<p>Aujourd\u2019hui, nous allons vous expliquer comment construire une <a href=\"https:\/\/www.redacteur.com\/blog\/content-marketing\/\">strat\u00e9gie de Content Marketing<\/a> pour vos \u00e9v\u00e9nements en d\u00e9clinant vos contenus pour l\u2019occasion.<\/p>\n<p>&nbsp;<\/p>\n<h2>Commencer bien avant le jour J<\/h2>\n<p>La pr\u00e9paration d\u2019un <a href=\"https:\/\/www.redacteur.com\/blog\/guide-complet-communication-evenementielle\/\">\u00e9v\u00e9nement<\/a> commence des semaines voire des mois avant le jour j. Pour votre <a href=\"https:\/\/www.redacteur.com\/blog\/construire-strategie-marketing-2020\/\" target=\"_blank\" rel=\"noopener noreferrer\">strat\u00e9gie de marketing de contenu<\/a>, c\u2019est la m\u00eame chose\u00a0!<\/p>\n<p><img decoding=\"async\" class=\"aligncenter size-full wp-image-16691\" src=\"https:\/\/www.redacteur.com\/blog\/wp-content\/uploads\/sites\/6\/2019\/08\/note-calendrier.jpg\" alt=\"\" width=\"450\" height=\"300\" srcset=\"https:\/\/www.redacteur.com\/blog\/wp-content\/uploads\/sites\/6\/2019\/08\/note-calendrier.jpg 450w, https:\/\/www.redacteur.com\/blog\/wp-content\/uploads\/sites\/6\/2019\/08\/note-calendrier-300x200.jpg 300w, https:\/\/www.redacteur.com\/blog\/wp-content\/uploads\/sites\/6\/2019\/08\/note-calendrier-60x40.jpg 60w, https:\/\/www.redacteur.com\/blog\/wp-content\/uploads\/sites\/6\/2019\/08\/note-calendrier-370x247.jpg 370w, https:\/\/www.redacteur.com\/blog\/wp-content\/uploads\/sites\/6\/2019\/08\/note-calendrier-270x180.jpg 270w\" sizes=\"(max-width: 450px) 100vw, 450px\" \/><\/p>\n<p>Vous devez anticiper au maximum. Selon l\u2019importance de l\u2019\u00e9v\u00e9nement, vous pouvez commencer \u00e0 sonder votre audience, gr\u00e2ce \u00e0 un <a href=\"https:\/\/www.redacteur.com\/blog\/optimiser-content-marketing-questionnaires%e2%80%89\/\" target=\"_blank\" rel=\"noopener noreferrer\">questionnaire en ligne<\/a>, pour en savoir plus sur leur int\u00e9r\u00eat et leur disponibilit\u00e9.<\/p>\n<ul>\n<li>Cr\u00e9ez un d\u00e9compte en proposant chaque jour ou chaque semaine un article d\u00e9di\u00e9. Il faut attiser la curiosit\u00e9 des lecteurs\u00a0! Gr\u00e2ce \u00e0 cette d\u00e9marche, vous optimisez l\u2019audience des contenus qui seront publi\u00e9s pendant et apr\u00e8s vos \u00e9v\u00e9nements.<\/li>\n<\/ul>\n<blockquote><p>\u00c0 lire aussi&nbsp;:\u00a0<a href=\"https:\/\/www.redacteur.com\/blog\/calendrier-editorial-2020-modele-telecharger-gratuitement\/\">Calendrier \u00e9ditorial&nbsp;: 180 dates \u00e0 ne pas manquer en 2020 {mod\u00e8le \u00e0 t\u00e9l\u00e9charger}<\/a><\/p><\/blockquote>\n<p>&nbsp;<\/p>\n<h2>La diffusion en ligne pendant vos \u00e9v\u00e9nements<\/h2>\n<p>Vous souhaitez diffuser vos \u00e9v\u00e9nements\u00a0? C\u2019est une excellente id\u00e9e\u00a0! Avec les moyens d\u2019aujourd\u2019hui, vous pouvez proposer des webinars, des s\u00e9minaires en ligne, mais aussi diffuser en live vos \u00e9v\u00e9nements. Bien s\u00fbr, si vous choisissez cette option, il faut en informer votre audience afin qu\u2019elle soit au rendez-vous.<\/p>\n<p><img decoding=\"async\" class=\"aligncenter size-full wp-image-16056\" src=\"https:\/\/www.redacteur.com\/blog\/wp-content\/uploads\/sites\/6\/2019\/04\/contenu-video-partage.jpg\" alt=\"\" width=\"600\" height=\"561\" srcset=\"https:\/\/www.redacteur.com\/blog\/wp-content\/uploads\/sites\/6\/2019\/04\/contenu-video-partage.jpg 600w, https:\/\/www.redacteur.com\/blog\/wp-content\/uploads\/sites\/6\/2019\/04\/contenu-video-partage-300x281.jpg 300w, https:\/\/www.redacteur.com\/blog\/wp-content\/uploads\/sites\/6\/2019\/04\/contenu-video-partage-60x56.jpg 60w, https:\/\/www.redacteur.com\/blog\/wp-content\/uploads\/sites\/6\/2019\/04\/contenu-video-partage-370x346.jpg 370w, https:\/\/www.redacteur.com\/blog\/wp-content\/uploads\/sites\/6\/2019\/04\/contenu-video-partage-270x252.jpg 270w, https:\/\/www.redacteur.com\/blog\/wp-content\/uploads\/sites\/6\/2019\/04\/contenu-video-partage-570x533.jpg 570w\" sizes=\"(max-width: 600px) 100vw, 600px\" \/><\/p>\n<p>Pensez \u00e0 indiquer la date et l\u2019heure, mais aussi et surtout comment profiter de la retransmission des \u00e9v\u00e9nements. Si besoin, cr\u00e9ez un lien qui sera accessible sur votre site, votre blog et sur les r\u00e9seaux sociaux.<\/p>\n<blockquote><p>Si vous choisissez de retransmettre en direct vos \u00e9v\u00e9nements, il est judicieux de saluer la pr\u00e9sence des internautes. Peut-\u00eatre pouvez-vous indiquer le nombre de personnes connect\u00e9es\u00a0!<\/p><\/blockquote>\n<blockquote><p>\u00c0 lire aussi&nbsp;: <a href=\"https:\/\/www.redacteur.com\/blog\/7-outils-realiser-videos\/\">7 outils utiles pour r\u00e9aliser vos vid\u00e9os<\/a><\/p><\/blockquote>\n<p>&nbsp;<\/p>\n<h2>Des animations interactives<\/h2>\n<p>Pendants vos \u00e9v\u00e9nements, les personnes pr\u00e9sentes peuvent participer et communiquer. Il doit en \u00eatre de m\u00eame pour les internautes. Aussi, si vous diffusez les \u00e9v\u00e9nements, proposez \u00e0 votre audience de <strong>commenter en direct.<\/strong><\/p>\n<p><img decoding=\"async\" class=\"aligncenter size-full wp-image-18438\" src=\"https:\/\/www.redacteur.com\/blog\/wp-content\/uploads\/sites\/6\/2020\/01\/image-e1579259861385.png\" alt=\"live tweet evenement contenu social media twitter\" width=\"700\" height=\"525\" srcset=\"https:\/\/www.redacteur.com\/blog\/wp-content\/uploads\/sites\/6\/2020\/01\/image-e1579259861385.png 700w, https:\/\/www.redacteur.com\/blog\/wp-content\/uploads\/sites\/6\/2020\/01\/image-e1579259861385-300x225.png 300w, https:\/\/www.redacteur.com\/blog\/wp-content\/uploads\/sites\/6\/2020\/01\/image-e1579259861385-60x45.png 60w, https:\/\/www.redacteur.com\/blog\/wp-content\/uploads\/sites\/6\/2020\/01\/image-e1579259861385-370x278.png 370w, https:\/\/www.redacteur.com\/blog\/wp-content\/uploads\/sites\/6\/2020\/01\/image-e1579259861385-270x203.png 270w, https:\/\/www.redacteur.com\/blog\/wp-content\/uploads\/sites\/6\/2020\/01\/image-e1579259861385-570x428.png 570w, https:\/\/www.redacteur.com\/blog\/wp-content\/uploads\/sites\/6\/2020\/01\/image-e1579259861385-80x60.png 80w\" sizes=\"(max-width: 700px) 100vw, 700px\" \/><\/p>\n<p>Gr\u00e2ce au<a href=\"https:\/\/www.redacteur.com\/blog\/blogging-facebook-twitter-creer-communaute\/\" target=\"_blank\" rel=\"noopener noreferrer\"> live-tweeting<\/a>, vous pouvez m\u00eame faire participer tout le monde\u00a0! les personnes physiquement pr\u00e9sentes comme celles qui suivent les \u00e9v\u00e9nements en ligne.<\/p>\n<p>Cr\u00e9ez un hashtag qui sera \u00e0 la fois pertinent et facile \u00e0 retenir. Pensez \u00e0 l\u2019inclure dans toutes vos communications avant, pendant et m\u00eame apr\u00e8s l\u2019\u00e9v\u00e8nement. Ainsi, vous pourrez en mesurer la popularit\u00e9\u00a0et interagir.<\/p>\n<blockquote><p>\u00c0 lire aussi&nbsp;: C<a href=\"https:\/\/www.redacteur.com\/blog\/content-marketing-utiliser-hashtags%e2%80%89\/\">omment utiliser les hashtags pour booster votre visibilit\u00e9&nbsp;?<\/a><\/p><\/blockquote>\n<p>&nbsp;<\/p>\n<h2>Faire le point et maintenir la communication<\/h2>\n<p>Une fois les \u00e9v\u00e9nements termin\u00e9s, la strat\u00e9gie de contenu est toujours en place. Gr\u00e2ce aux animations physique et en ligne, vous avez beaucoup de mati\u00e8res pour cr\u00e9er des contenus.<\/p>\n<ul>\n<li>Commencez par faire le point sur <strong>le nombre de connections et de commentaires<\/strong>. Ces derniers peuvent \u00eatre analys\u00e9s, ils vous offriront de pr\u00e9cieuses informations sur votre audience et ce qu\u2019elle a pens\u00e9 des \u00e9v\u00e9nements.<\/li>\n<li>Vous pouvez faire un article dans le but de partager les chiffres, mettre en ligne quelques commentaires et m\u00eame proposer <a href=\"https:\/\/www.redacteur.com\/blog\/content-marketing-comment-utiliser-ugc\/\" target=\"_blank\" rel=\"noopener noreferrer\">un sondage<\/a> pour mesurer la satisfaction.<\/li>\n<\/ul>\n<blockquote><p>R\u00e9agissez vite pour maintenir l\u2019int\u00e9r\u00eat de votre audience et pensez \u00e0 l\u2019infographie qui sera parfaite pour partager toutes ces informations par mail\u00a0et sur les r\u00e9seaux sociaux\u00a0!<\/p><\/blockquote>\n<blockquote><p>\u00c0 lire aussi&nbsp;: <a href=\"https:\/\/www.redacteur.com\/blog\/content-marketing-utiliser-data-optimiser-strategie\/\">Utiliser les data pour optimiser votre strat\u00e9gie<\/a><\/p><\/blockquote>\n<p>&nbsp;<\/p>\n<h2>Proposer des contenus autour de l\u2019\u00e9v\u00e9nement<\/h2>\n<p>Gr\u00e2ce aux diff\u00e9rents commentaires, aux connections et aux retours que vous avez eu de votre \u00e9v\u00e9nement, vous savez ce qui a plu. Vous pouvez proposer des contenus sur ces th\u00e9matiques. Il peut s\u2019agir <strong>d\u2019articles classiques,<\/strong> bien r\u00e9dig\u00e9s et parfaitement illustr\u00e9s, mais aussi <a href=\"https:\/\/www.redacteur.com\/blog\/ebook-choisir-format\/\" target=\"_blank\" rel=\"noopener noreferrer\">d\u2019ebooks<\/a> pour approfondir le sujet.<\/p>\n<p><a href=\"https:\/\/www.facebook.com\/MobileOneEvents\/\" target=\"_blank\" rel=\"noopener noreferrer\"><img decoding=\"async\" class=\"aligncenter wp-image-18417 size-full\" src=\"https:\/\/www.redacteur.com\/blog\/wp-content\/uploads\/sites\/6\/2020\/01\/interview-mobileone-content-strategie-evenementiel.png\" alt=\"interview expert contenu evenementiel exemple \" width=\"503\" height=\"506\" srcset=\"https:\/\/www.redacteur.com\/blog\/wp-content\/uploads\/sites\/6\/2020\/01\/interview-mobileone-content-strategie-evenementiel.png 503w, https:\/\/www.redacteur.com\/blog\/wp-content\/uploads\/sites\/6\/2020\/01\/interview-mobileone-content-strategie-evenementiel-298x300.png 298w, https:\/\/www.redacteur.com\/blog\/wp-content\/uploads\/sites\/6\/2020\/01\/interview-mobileone-content-strategie-evenementiel-150x150.png 150w, https:\/\/www.redacteur.com\/blog\/wp-content\/uploads\/sites\/6\/2020\/01\/interview-mobileone-content-strategie-evenementiel-60x60.png 60w, https:\/\/www.redacteur.com\/blog\/wp-content\/uploads\/sites\/6\/2020\/01\/interview-mobileone-content-strategie-evenementiel-370x372.png 370w, https:\/\/www.redacteur.com\/blog\/wp-content\/uploads\/sites\/6\/2020\/01\/interview-mobileone-content-strategie-evenementiel-270x272.png 270w\" sizes=\"(max-width: 503px) 100vw, 503px\" \/><\/a><\/p>\n<p>Si des intervenants ont \u00e9t\u00e9 particuli\u00e8rement suivis, il est possible de proposer <a href=\"https:\/\/www.redacteur.com\/blog\/reussir-interview-creer-contenu\/\" target=\"_blank\" rel=\"noopener noreferrer\">une interview<\/a>. Une fois de plus, l\u2019objectif sera d\u2019aller plus loin et d\u2019approfondir un sujet tout en donnant des informations nouvelles \u00e0 votre audience. Il est possible d\u2019interviewer plusieurs intervenants et de publier les interviews \u00e0 diff\u00e9rents moments.<\/p>\n<p>Les plus populaires auront la priorit\u00e9\u00a0!<\/p>\n<blockquote><p>Pensez \u00e0 mettre des liens dans vos contenus afin que les internautes d\u00e9couvrent tout ce qui a \u00e9t\u00e9 fait \u00e0 l\u2019issue des \u00e9v\u00e9nements. Vous pouvez \u00e9galement cr\u00e9er sur votre site une page d\u00e9di\u00e9e.<\/p><\/blockquote>\n<p>&nbsp;<\/p>\n<h2>Des photos et des vid\u00e9os \u00e0 partager<\/h2>\n<p>Les visuels sont toujours tr\u00e8s appr\u00e9ci\u00e9s. Aussi, apr\u00e8s un \u00e9v\u00e9nement, pensez \u00e0 conserver les photos et les vid\u00e9os. A court terme, ces supports peuvent \u00eatre partag\u00e9s pour continuer la promotion des \u00e9v\u00e9nements et \u00e0 long terme, les photos et les vid\u00e9os viendront enrichir vos contenus en ligne.<\/p>\n<figure id=\"attachment_18413\" aria-describedby=\"caption-attachment-18413\" style=\"width: 555px\" class=\"wp-caption aligncenter\"><img decoding=\"async\" class=\"wp-image-18413 size-full\" src=\"https:\/\/www.redacteur.com\/blog\/wp-content\/uploads\/sites\/6\/2020\/01\/mobile-one-evenement-presse-image-content.png\" alt=\"\u00e9v\u00e9nement mobile one exemple de contenu r\u00e9dacteur image photo\" width=\"555\" height=\"755\" srcset=\"https:\/\/www.redacteur.com\/blog\/wp-content\/uploads\/sites\/6\/2020\/01\/mobile-one-evenement-presse-image-content.png 555w, https:\/\/www.redacteur.com\/blog\/wp-content\/uploads\/sites\/6\/2020\/01\/mobile-one-evenement-presse-image-content-221x300.png 221w, https:\/\/www.redacteur.com\/blog\/wp-content\/uploads\/sites\/6\/2020\/01\/mobile-one-evenement-presse-image-content-44x60.png 44w, https:\/\/www.redacteur.com\/blog\/wp-content\/uploads\/sites\/6\/2020\/01\/mobile-one-evenement-presse-image-content-370x503.png 370w, https:\/\/www.redacteur.com\/blog\/wp-content\/uploads\/sites\/6\/2020\/01\/mobile-one-evenement-presse-image-content-270x367.png 270w\" sizes=\"(max-width: 555px) 100vw, 555px\" \/><figcaption id=\"caption-attachment-18413\" class=\"wp-caption-text\">Evenement Mobile One<\/figcaption><\/figure>\n<p>Sur les r\u00e9seaux sociaux, les photos et les vid\u00e9os sont mises en valeur. Elles sont consult\u00e9es, partag\u00e9es et comment\u00e9es. Souvent, elles sont plus populaires que les textes\u00a0! Pensez donc \u00e0 pr\u00e9voir <strong>quelques montages<\/strong> pour communiquer sur les temps forts ou une intervention en particulier.<\/p>\n<blockquote><p>\u00c0 lire aussi&nbsp;: <a href=\"https:\/\/www.redacteur.com\/blog\/social-media-tendances-2021\/\" target=\"_blank\" rel=\"noopener noreferrer\">Social Media&nbsp;: les 8 tendances \u00e0 suivre en 2020<\/a><\/p><\/blockquote>\n<p>&nbsp;<\/p>\n<p>Enfin, quand vous travaillerez sur vos prochains \u00e9v\u00e9nements, vous pourrez rappeler ce succ\u00e8s aux internautes et les inviter \u00e0 nouveau \u00e0 participer. Gr\u00e2ce \u00e0 une bonne analyse, vous pourrez comprendre les points forts et les points faibles de la communication autour de chaque \u00e9v\u00e9nement et vous am\u00e9liorer\u00a0!<\/p>\n<p>Bien s\u00fbr, \u00e0 tout moment, vous pouvez faire appel au savoir-faire des <a href=\"https:\/\/www.redacteur.com\/\"><strong>\u00e9quipes de Redacteur.com<\/strong><\/a> pour vous accompagner et vous aider \u00e0 parfaire la strat\u00e9gie de content marketing qui entoure vos \u00e9v\u00e9nements.<\/p>\n","protected":false},"excerpt":{"rendered":"<p>Votre activit\u00e9 est riche. Pour la mettre en valeur et garantir sa p\u00e9rennit\u00e9, vous \u00e9laborez des strat\u00e9gies marketing. Aujourd\u2019hui, nous allons vous expliquer comment construire une strat\u00e9gie de Content Marketing pour vos \u00e9v\u00e9nements en d\u00e9clinant vos contenus pour l\u2019occasion. &nbsp; Commencer bien avant le jour J La pr\u00e9paration d\u2019un \u00e9v\u00e9nement commence des semaines voire des [&hellip;]<\/p>\n","protected":false},"author":1,"featured_media":18426,"comment_status":"open","ping_status":"open","sticky":false,"template":"","format":"standard","meta":{"_acf_changed":false,"inline_featured_image":false,"footnotes":""},"categories":[14],"tags":[],"class_list":["post-18394","post","type-post","status-publish","format-standard","has-post-thumbnail","hentry","category-strategie-editoriale"],"acf":[],"yoast_head":"<!-- This site is optimized with the Yoast SEO plugin v25.9 - https:\/\/yoast.com\/wordpress\/plugins\/seo\/ -->\n<title>Comment construire une strat\u00e9gie de content marketing pour vos \u00e9v\u00e9nements ? - Redacteur Blog<\/title>\n<meta name=\"description\" content=\"Votre activit\u00e9 est riche. Pour la mettre en valeur et garantir sa p\u00e9rennit\u00e9, vous \u00e9laborez des strat\u00e9gies marketing. Aujourd\u2019hui, nous allons vous\" \/>\n<meta name=\"robots\" content=\"index, follow, max-snippet:-1, max-image-preview:large, max-video-preview:-1\" \/>\n<link rel=\"canonical\" href=\"https:\/\/www.redacteur.com\/blog\/construire-strategie-content-marketing-evenements\/\" \/>\n<meta property=\"og:locale\" content=\"fr_FR\" \/>\n<meta property=\"og:type\" content=\"article\" \/>\n<meta property=\"og:title\" content=\"Comment construire une strat\u00e9gie de content marketing pour vos \u00e9v\u00e9nements ? - Redacteur Blog\" \/>\n<meta property=\"og:description\" content=\"Votre activit\u00e9 est riche. Pour la mettre en valeur et garantir sa p\u00e9rennit\u00e9, vous \u00e9laborez des strat\u00e9gies marketing. Aujourd\u2019hui, nous allons vous\" \/>\n<meta property=\"og:url\" content=\"https:\/\/www.redacteur.com\/blog\/construire-strategie-content-marketing-evenements\/\" \/>\n<meta property=\"og:site_name\" content=\"Redacteur.com\" \/>\n<meta property=\"article:publisher\" content=\"https:\/\/www.facebook.com\/redacteurcom\" \/>\n<meta property=\"article:published_time\" content=\"2020-01-22T08:30:03+00:00\" \/>\n<meta property=\"article:modified_time\" content=\"2025-08-20T12:43:25+00:00\" \/>\n<meta property=\"og:image\" content=\"https:\/\/www.redacteur.com\/blog\/wp-content\/uploads\/sites\/6\/2020\/01\/redacteur-blog-img-une-strategie-content-evenementiel.jpg\" \/>\n\t<meta property=\"og:image:width\" content=\"850\" \/>\n\t<meta property=\"og:image:height\" content=\"600\" \/>\n\t<meta property=\"og:image:type\" content=\"image\/jpeg\" \/>\n<meta name=\"author\" content=\"Laura Michaud\" \/>\n<meta name=\"twitter:card\" content=\"summary_large_image\" \/>\n<meta name=\"twitter:creator\" content=\"@Redacteurcom\" \/>\n<meta name=\"twitter:site\" content=\"@Redacteurcom\" \/>\n<meta name=\"twitter:label1\" content=\"\u00c9crit par\" \/>\n\t<meta name=\"twitter:data1\" content=\"Laura Michaud\" \/>\n\t<meta name=\"twitter:label2\" content=\"Dur\u00e9e de lecture estim\u00e9e\" \/>\n\t<meta name=\"twitter:data2\" content=\"5 minutes\" \/>\n<script type=\"application\/ld+json\" class=\"yoast-schema-graph\">{\"@context\":\"https:\/\/schema.org\",\"@graph\":[{\"@type\":\"Article\",\"@id\":\"https:\/\/www.redacteur.com\/blog\/construire-strategie-content-marketing-evenements\/#article\",\"isPartOf\":{\"@id\":\"https:\/\/www.redacteur.com\/blog\/construire-strategie-content-marketing-evenements\/\"},\"author\":{\"name\":\"Laura Michaud\",\"@id\":\"https:\/\/www.redacteur.com\/blog\/#\/schema\/person\/33c0ef04707fbe50a096f282050bb5f2\"},\"headline\":\"Comment construire une strat\u00e9gie de content marketing pour vos \u00e9v\u00e9nements&nbsp;?\",\"datePublished\":\"2020-01-22T08:30:03+00:00\",\"dateModified\":\"2025-08-20T12:43:25+00:00\",\"mainEntityOfPage\":{\"@id\":\"https:\/\/www.redacteur.com\/blog\/construire-strategie-content-marketing-evenements\/\"},\"wordCount\":976,\"commentCount\":0,\"publisher\":{\"@id\":\"https:\/\/www.redacteur.com\/blog\/#organization\"},\"image\":{\"@id\":\"https:\/\/www.redacteur.com\/blog\/construire-strategie-content-marketing-evenements\/#primaryimage\"},\"thumbnailUrl\":\"https:\/\/www.redacteur.com\/blog\/wp-content\/uploads\/sites\/6\/2020\/01\/redacteur-blog-img-une-strategie-content-evenementiel.jpg\",\"articleSection\":[\"Strat\u00e9gie \u00e9ditoriale\"],\"inLanguage\":\"fr-FR\",\"potentialAction\":[{\"@type\":\"CommentAction\",\"name\":\"Comment\",\"target\":[\"https:\/\/www.redacteur.com\/blog\/construire-strategie-content-marketing-evenements\/#respond\"]}]},{\"@type\":\"WebPage\",\"@id\":\"https:\/\/www.redacteur.com\/blog\/construire-strategie-content-marketing-evenements\/\",\"url\":\"https:\/\/www.redacteur.com\/blog\/construire-strategie-content-marketing-evenements\/\",\"name\":\"Comment construire une strat\u00e9gie de content marketing pour vos \u00e9v\u00e9nements ? - Redacteur Blog\",\"isPartOf\":{\"@id\":\"https:\/\/www.redacteur.com\/blog\/#website\"},\"primaryImageOfPage\":{\"@id\":\"https:\/\/www.redacteur.com\/blog\/construire-strategie-content-marketing-evenements\/#primaryimage\"},\"image\":{\"@id\":\"https:\/\/www.redacteur.com\/blog\/construire-strategie-content-marketing-evenements\/#primaryimage\"},\"thumbnailUrl\":\"https:\/\/www.redacteur.com\/blog\/wp-content\/uploads\/sites\/6\/2020\/01\/redacteur-blog-img-une-strategie-content-evenementiel.jpg\",\"datePublished\":\"2020-01-22T08:30:03+00:00\",\"dateModified\":\"2025-08-20T12:43:25+00:00\",\"description\":\"Votre activit\u00e9 est riche. Pour la mettre en valeur et garantir sa p\u00e9rennit\u00e9, vous \u00e9laborez des strat\u00e9gies marketing. Aujourd\u2019hui, nous allons vous\",\"breadcrumb\":{\"@id\":\"https:\/\/www.redacteur.com\/blog\/construire-strategie-content-marketing-evenements\/#breadcrumb\"},\"inLanguage\":\"fr-FR\",\"potentialAction\":[{\"@type\":\"ReadAction\",\"target\":[\"https:\/\/www.redacteur.com\/blog\/construire-strategie-content-marketing-evenements\/\"]}]},{\"@type\":\"ImageObject\",\"inLanguage\":\"fr-FR\",\"@id\":\"https:\/\/www.redacteur.com\/blog\/construire-strategie-content-marketing-evenements\/#primaryimage\",\"url\":\"https:\/\/www.redacteur.com\/blog\/wp-content\/uploads\/sites\/6\/2020\/01\/redacteur-blog-img-une-strategie-content-evenementiel.jpg\",\"contentUrl\":\"https:\/\/www.redacteur.com\/blog\/wp-content\/uploads\/sites\/6\/2020\/01\/redacteur-blog-img-une-strategie-content-evenementiel.jpg\",\"width\":850,\"height\":600},{\"@type\":\"BreadcrumbList\",\"@id\":\"https:\/\/www.redacteur.com\/blog\/construire-strategie-content-marketing-evenements\/#breadcrumb\",\"itemListElement\":[{\"@type\":\"ListItem\",\"position\":1,\"name\":\"Blog\",\"item\":\"https:\/\/www.redacteur.com\/blog\/\"},{\"@type\":\"ListItem\",\"position\":2,\"name\":\"R\u00e9daction web\",\"item\":\"https:\/\/www.redacteur.com\/blog\/redaction-web\/\"},{\"@type\":\"ListItem\",\"position\":3,\"name\":\"Strat\u00e9gie \u00e9ditoriale\",\"item\":\"https:\/\/www.redacteur.com\/blog\/redaction-web\/strategie-editoriale\/\"},{\"@type\":\"ListItem\",\"position\":4,\"name\":\"Comment construire une strat\u00e9gie de content marketing pour vos \u00e9v\u00e9nements&nbsp;?\"}]},{\"@type\":\"WebSite\",\"@id\":\"https:\/\/www.redacteur.com\/blog\/#website\",\"url\":\"https:\/\/www.redacteur.com\/blog\/\",\"name\":\"Redacteur.com\",\"description\":\"redacteur\",\"publisher\":{\"@id\":\"https:\/\/www.redacteur.com\/blog\/#organization\"},\"potentialAction\":[{\"@type\":\"SearchAction\",\"target\":{\"@type\":\"EntryPoint\",\"urlTemplate\":\"https:\/\/www.redacteur.com\/blog\/?s={search_term_string}\"},\"query-input\":{\"@type\":\"PropertyValueSpecification\",\"valueRequired\":true,\"valueName\":\"search_term_string\"}}],\"inLanguage\":\"fr-FR\"},{\"@type\":\"Organization\",\"@id\":\"https:\/\/www.redacteur.com\/blog\/#organization\",\"name\":\"Redacteur.com\",\"url\":\"https:\/\/www.redacteur.com\/blog\/\",\"logo\":{\"@type\":\"ImageObject\",\"inLanguage\":\"fr-FR\",\"@id\":\"https:\/\/www.redacteur.com\/blog\/#\/schema\/logo\/image\/\",\"url\":\"https:\/\/www.redacteur.com\/blog\/wp-content\/uploads\/sites\/6\/2022\/10\/logo-redacteur-blog.svg\",\"contentUrl\":\"https:\/\/www.redacteur.com\/blog\/wp-content\/uploads\/sites\/6\/2022\/10\/logo-redacteur-blog.svg\",\"width\":1,\"height\":1,\"caption\":\"Redacteur.com\"},\"image\":{\"@id\":\"https:\/\/www.redacteur.com\/blog\/#\/schema\/logo\/image\/\"},\"sameAs\":[\"https:\/\/www.facebook.com\/redacteurcom\",\"https:\/\/x.com\/Redacteurcom\",\"https:\/\/www.linkedin.com\/company\/redacteur-com\",\"https:\/\/www.youtube.com\/channel\/UCgj9ySM9xy3gdL8qBafl9Uw\/\"]},{\"@type\":\"Person\",\"@id\":\"https:\/\/www.redacteur.com\/blog\/#\/schema\/person\/33c0ef04707fbe50a096f282050bb5f2\",\"name\":\"Laura Michaud\",\"image\":{\"@type\":\"ImageObject\",\"inLanguage\":\"fr-FR\",\"@id\":\"https:\/\/www.redacteur.com\/blog\/#\/schema\/person\/image\/\",\"url\":\"https:\/\/secure.gravatar.com\/avatar\/c3328cc0c887f98cec6b2979af3311ab6333fc7cc2d4847514cfec6a56fa08a7?s=96&d=mm&r=g\",\"contentUrl\":\"https:\/\/secure.gravatar.com\/avatar\/c3328cc0c887f98cec6b2979af3311ab6333fc7cc2d4847514cfec6a56fa08a7?s=96&d=mm&r=g\",\"caption\":\"Laura Michaud\"},\"description\":\"Laura connait tous les meilleurs outils pour g\u00e9rer des projets et une entreprise. Cr\u00e9ative, c'est aussi une sp\u00e9cialiste des outils de cr\u00e9ation graphique pour faire briller une entreprise.\",\"sameAs\":[\"https:\/\/www.linkedin.com\/in\/michaudlaura\/\"],\"url\":\"https:\/\/www.redacteur.com\/blog\/author\/laura\/\"}]}<\/script>\n<!-- \/ Yoast SEO plugin. -->","yoast_head_json":{"title":"Comment construire une strat\u00e9gie de content marketing pour vos \u00e9v\u00e9nements ? - Redacteur Blog","description":"Votre activit\u00e9 est riche. Pour la mettre en valeur et garantir sa p\u00e9rennit\u00e9, vous \u00e9laborez des strat\u00e9gies marketing. Aujourd\u2019hui, nous allons vous","robots":{"index":"index","follow":"follow","max-snippet":"max-snippet:-1","max-image-preview":"max-image-preview:large","max-video-preview":"max-video-preview:-1"},"canonical":"https:\/\/www.redacteur.com\/blog\/construire-strategie-content-marketing-evenements\/","og_locale":"fr_FR","og_type":"article","og_title":"Comment construire une strat\u00e9gie de content marketing pour vos \u00e9v\u00e9nements ? - Redacteur Blog","og_description":"Votre activit\u00e9 est riche. Pour la mettre en valeur et garantir sa p\u00e9rennit\u00e9, vous \u00e9laborez des strat\u00e9gies marketing. Aujourd\u2019hui, nous allons vous","og_url":"https:\/\/www.redacteur.com\/blog\/construire-strategie-content-marketing-evenements\/","og_site_name":"Redacteur.com","article_publisher":"https:\/\/www.facebook.com\/redacteurcom","article_published_time":"2020-01-22T08:30:03+00:00","article_modified_time":"2025-08-20T12:43:25+00:00","og_image":[{"width":850,"height":600,"url":"https:\/\/www.redacteur.com\/blog\/wp-content\/uploads\/sites\/6\/2020\/01\/redacteur-blog-img-une-strategie-content-evenementiel.jpg","type":"image\/jpeg"}],"author":"Laura Michaud","twitter_card":"summary_large_image","twitter_creator":"@Redacteurcom","twitter_site":"@Redacteurcom","twitter_misc":{"\u00c9crit par":"Laura Michaud","Dur\u00e9e de lecture estim\u00e9e":"5 minutes"},"schema":{"@context":"https:\/\/schema.org","@graph":[{"@type":"Article","@id":"https:\/\/www.redacteur.com\/blog\/construire-strategie-content-marketing-evenements\/#article","isPartOf":{"@id":"https:\/\/www.redacteur.com\/blog\/construire-strategie-content-marketing-evenements\/"},"author":{"name":"Laura Michaud","@id":"https:\/\/www.redacteur.com\/blog\/#\/schema\/person\/33c0ef04707fbe50a096f282050bb5f2"},"headline":"Comment construire une strat\u00e9gie de content marketing pour vos \u00e9v\u00e9nements&nbsp;?","datePublished":"2020-01-22T08:30:03+00:00","dateModified":"2025-08-20T12:43:25+00:00","mainEntityOfPage":{"@id":"https:\/\/www.redacteur.com\/blog\/construire-strategie-content-marketing-evenements\/"},"wordCount":976,"commentCount":0,"publisher":{"@id":"https:\/\/www.redacteur.com\/blog\/#organization"},"image":{"@id":"https:\/\/www.redacteur.com\/blog\/construire-strategie-content-marketing-evenements\/#primaryimage"},"thumbnailUrl":"https:\/\/www.redacteur.com\/blog\/wp-content\/uploads\/sites\/6\/2020\/01\/redacteur-blog-img-une-strategie-content-evenementiel.jpg","articleSection":["Strat\u00e9gie \u00e9ditoriale"],"inLanguage":"fr-FR","potentialAction":[{"@type":"CommentAction","name":"Comment","target":["https:\/\/www.redacteur.com\/blog\/construire-strategie-content-marketing-evenements\/#respond"]}]},{"@type":"WebPage","@id":"https:\/\/www.redacteur.com\/blog\/construire-strategie-content-marketing-evenements\/","url":"https:\/\/www.redacteur.com\/blog\/construire-strategie-content-marketing-evenements\/","name":"Comment construire une strat\u00e9gie de content marketing pour vos \u00e9v\u00e9nements ? - Redacteur Blog","isPartOf":{"@id":"https:\/\/www.redacteur.com\/blog\/#website"},"primaryImageOfPage":{"@id":"https:\/\/www.redacteur.com\/blog\/construire-strategie-content-marketing-evenements\/#primaryimage"},"image":{"@id":"https:\/\/www.redacteur.com\/blog\/construire-strategie-content-marketing-evenements\/#primaryimage"},"thumbnailUrl":"https:\/\/www.redacteur.com\/blog\/wp-content\/uploads\/sites\/6\/2020\/01\/redacteur-blog-img-une-strategie-content-evenementiel.jpg","datePublished":"2020-01-22T08:30:03+00:00","dateModified":"2025-08-20T12:43:25+00:00","description":"Votre activit\u00e9 est riche. Pour la mettre en valeur et garantir sa p\u00e9rennit\u00e9, vous \u00e9laborez des strat\u00e9gies marketing. Aujourd\u2019hui, nous allons vous","breadcrumb":{"@id":"https:\/\/www.redacteur.com\/blog\/construire-strategie-content-marketing-evenements\/#breadcrumb"},"inLanguage":"fr-FR","potentialAction":[{"@type":"ReadAction","target":["https:\/\/www.redacteur.com\/blog\/construire-strategie-content-marketing-evenements\/"]}]},{"@type":"ImageObject","inLanguage":"fr-FR","@id":"https:\/\/www.redacteur.com\/blog\/construire-strategie-content-marketing-evenements\/#primaryimage","url":"https:\/\/www.redacteur.com\/blog\/wp-content\/uploads\/sites\/6\/2020\/01\/redacteur-blog-img-une-strategie-content-evenementiel.jpg","contentUrl":"https:\/\/www.redacteur.com\/blog\/wp-content\/uploads\/sites\/6\/2020\/01\/redacteur-blog-img-une-strategie-content-evenementiel.jpg","width":850,"height":600},{"@type":"BreadcrumbList","@id":"https:\/\/www.redacteur.com\/blog\/construire-strategie-content-marketing-evenements\/#breadcrumb","itemListElement":[{"@type":"ListItem","position":1,"name":"Blog","item":"https:\/\/www.redacteur.com\/blog\/"},{"@type":"ListItem","position":2,"name":"R\u00e9daction web","item":"https:\/\/www.redacteur.com\/blog\/redaction-web\/"},{"@type":"ListItem","position":3,"name":"Strat\u00e9gie \u00e9ditoriale","item":"https:\/\/www.redacteur.com\/blog\/redaction-web\/strategie-editoriale\/"},{"@type":"ListItem","position":4,"name":"Comment construire une strat\u00e9gie de content marketing pour vos \u00e9v\u00e9nements&nbsp;?"}]},{"@type":"WebSite","@id":"https:\/\/www.redacteur.com\/blog\/#website","url":"https:\/\/www.redacteur.com\/blog\/","name":"Redacteur.com","description":"redacteur","publisher":{"@id":"https:\/\/www.redacteur.com\/blog\/#organization"},"potentialAction":[{"@type":"SearchAction","target":{"@type":"EntryPoint","urlTemplate":"https:\/\/www.redacteur.com\/blog\/?s={search_term_string}"},"query-input":{"@type":"PropertyValueSpecification","valueRequired":true,"valueName":"search_term_string"}}],"inLanguage":"fr-FR"},{"@type":"Organization","@id":"https:\/\/www.redacteur.com\/blog\/#organization","name":"Redacteur.com","url":"https:\/\/www.redacteur.com\/blog\/","logo":{"@type":"ImageObject","inLanguage":"fr-FR","@id":"https:\/\/www.redacteur.com\/blog\/#\/schema\/logo\/image\/","url":"https:\/\/www.redacteur.com\/blog\/wp-content\/uploads\/sites\/6\/2022\/10\/logo-redacteur-blog.svg","contentUrl":"https:\/\/www.redacteur.com\/blog\/wp-content\/uploads\/sites\/6\/2022\/10\/logo-redacteur-blog.svg","width":1,"height":1,"caption":"Redacteur.com"},"image":{"@id":"https:\/\/www.redacteur.com\/blog\/#\/schema\/logo\/image\/"},"sameAs":["https:\/\/www.facebook.com\/redacteurcom","https:\/\/x.com\/Redacteurcom","https:\/\/www.linkedin.com\/company\/redacteur-com","https:\/\/www.youtube.com\/channel\/UCgj9ySM9xy3gdL8qBafl9Uw\/"]},{"@type":"Person","@id":"https:\/\/www.redacteur.com\/blog\/#\/schema\/person\/33c0ef04707fbe50a096f282050bb5f2","name":"Laura Michaud","image":{"@type":"ImageObject","inLanguage":"fr-FR","@id":"https:\/\/www.redacteur.com\/blog\/#\/schema\/person\/image\/","url":"https:\/\/secure.gravatar.com\/avatar\/c3328cc0c887f98cec6b2979af3311ab6333fc7cc2d4847514cfec6a56fa08a7?s=96&d=mm&r=g","contentUrl":"https:\/\/secure.gravatar.com\/avatar\/c3328cc0c887f98cec6b2979af3311ab6333fc7cc2d4847514cfec6a56fa08a7?s=96&d=mm&r=g","caption":"Laura Michaud"},"description":"Laura connait tous les meilleurs outils pour g\u00e9rer des projets et une entreprise. Cr\u00e9ative, c'est aussi une sp\u00e9cialiste des outils de cr\u00e9ation graphique pour faire briller une entreprise.","sameAs":["https:\/\/www.linkedin.com\/in\/michaudlaura\/"],"url":"https:\/\/www.redacteur.com\/blog\/author\/laura\/"}]}},"_links":{"self":[{"href":"https:\/\/www.redacteur.com\/blog\/wp-json\/wp\/v2\/posts\/18394","targetHints":{"allow":["GET"]}}],"collection":[{"href":"https:\/\/www.redacteur.com\/blog\/wp-json\/wp\/v2\/posts"}],"about":[{"href":"https:\/\/www.redacteur.com\/blog\/wp-json\/wp\/v2\/types\/post"}],"author":[{"embeddable":true,"href":"https:\/\/www.redacteur.com\/blog\/wp-json\/wp\/v2\/users\/1"}],"replies":[{"embeddable":true,"href":"https:\/\/www.redacteur.com\/blog\/wp-json\/wp\/v2\/comments?post=18394"}],"version-history":[{"count":0,"href":"https:\/\/www.redacteur.com\/blog\/wp-json\/wp\/v2\/posts\/18394\/revisions"}],"wp:featuredmedia":[{"embeddable":true,"href":"https:\/\/www.redacteur.com\/blog\/wp-json\/wp\/v2\/media\/18426"}],"wp:attachment":[{"href":"https:\/\/www.redacteur.com\/blog\/wp-json\/wp\/v2\/media?parent=18394"}],"wp:term":[{"taxonomy":"category","embeddable":true,"href":"https:\/\/www.redacteur.com\/blog\/wp-json\/wp\/v2\/categories?post=18394"},{"taxonomy":"post_tag","embeddable":true,"href":"https:\/\/www.redacteur.com\/blog\/wp-json\/wp\/v2\/tags?post=18394"}],"curies":[{"name":"wp","href":"https:\/\/api.w.org\/{rel}","templated":true}]}}