{"id":19212,"date":"2022-05-19T10:50:17","date_gmt":"2022-05-19T08:50:17","guid":{"rendered":"https:\/\/www.redacteur.com\/blog\/?p=19212"},"modified":"2025-08-20T14:43:23","modified_gmt":"2025-08-20T12:43:23","slug":"comment-faire-communication-ecologique","status":"publish","type":"post","link":"https:\/\/www.redacteur.com\/blog\/comment-faire-communication-ecologique\/","title":{"rendered":"Content marketing&nbsp;: comment faire une communication \u00e9cologique&nbsp;?"},"content":{"rendered":"<p><span title=\"La majuscule n\u2019est employ\u00e9e qu\u2019au d\u00e9but d\u2019une phrase ou pour les noms propres (noms, toponymes, etc.).\">Vous<\/span> pensez que le support num\u00e9rique ne pollue pas&nbsp;? Et bien la probl\u00e9matique environnementale concerne tout le monde, c&#8217;est pourquoi int\u00e9grer l&#8217;\u00e9cologie dans votre communication en faisant appel \u00e0 un <a href=\"https:\/\/www.redacteur.com\/redaction\/environnement-ecologie\">r\u00e9dacteur sp\u00e9cialis\u00e9 dans l&#8217;\u00e9cologie et l&#8217;environnement<\/a> est une bonne id\u00e9e. Un grand nombre d\u2019entreprises ont pris conscience de leur impact au niveau de l\u2019environnement et souhaitent \u0153uvrer pour trouver des solutions. Elles ont commenc\u00e9 \u00e0 s\u2019engager dans des d\u00e9marches li\u00e9es \u00e0 l\u2019environnement en diminuant leurs d\u00e9placements, en investissant dans des v\u00e9hicules \u00e9lectriques\u2026<\/p>\n<p>Dans cet objectif, elles sont de plus en plus nombreuses \u00e0 mettre en place une d\u00e9marche RSE car elle permet aux entreprises d\u2019int\u00e9grer le d\u00e9veloppement durable dans les pratiques et les activit\u00e9s de production. Toujours dans un but \u00e9cologique, vous souhaitez faire conna\u00eetre votre positionnement \u00e0 vos clients et prospects. Il est bien \u00e9vident que cela implique une campagne de communication.<\/p>\n<p>D\u2019autres parts, vous allez continuer \u00e0 promouvoir votre entreprise et vos produits et donc \u00e0 faire de la publicit\u00e9. Et c\u2019est l\u00e0 que les difficult\u00e9s commencent<span title=\"Une virgule est conseill\u00e9e dans ce contexte.\">, car<\/span>\u00a0quels que soient les outils utilis\u00e9s, vos campagnes vont polluer.\u00a0<span title=\"La pr\u00e9position \u2018\u00c0\u2019 plac\u00e9e en d\u00e9but de phrase poss\u00e8de un accent grave.\">\u00c0<\/span>\u00a0l\u2019heure o\u00f9 la d\u00e9mat\u00e9rialisation fait partie de notre quotidien pour des raisons \u00ab \u00e9cologiques \u00bb, nous pouvons penser qu\u2019un article ne pollue pas. C\u2019est faux&nbsp;!\u00a0<a href=\"https:\/\/start.lesechos.fr\/societe\/environnement\/cet-article-emet-autant-de-co2-que-manger-du-poulet-pendant-un-mois-1174945\">Selon un article paru dans Les\u00a0<span title=\"Faute de frappe possible trouv\u00e9e.\">\u00c9chos<\/span><\/a>\u00a0en novembre dernier, un article \u00e9met 34 kg de CO2.<\/p>\n<p>Et si on optait pour une\u00a0communication\u00a0\u00e9cologique&nbsp;! Voici nos conseils.<\/p>\n<h2>Qu\u2019appelle-t-on la communication \u00e9cologique\u00a0?<\/h2>\n<p>La communication \u00e9cologique, appel\u00e9e aussi\u00a0<span title=\"Le pr\u00e9fixe \u2018\u00e9co\u2019 est g\u00e9n\u00e9ralement associ\u00e9 au terme qu\u2019il pr\u00e9c\u00e8de.\">\u00e9co-communication<\/span>\u00a0consiste \u00e0 faire de la communication\u00a0<span title=\"Le pr\u00e9fixe \u2018\u00e9co\u2019 est g\u00e9n\u00e9ralement associ\u00e9 au terme qu\u2019il pr\u00e9c\u00e8de.\">\u00e9co responsable<\/span>. L\u2019id\u00e9e\u00a0<span title=\"Le verbe \u2018\u00eatre\u2019 semble plus appropri\u00e9.\">est<\/span>\u00a0d\u2019utiliser des outils et mettre en place des actions de communication visant \u00e0 diminuer les impacts sur l\u2019environnement qui sont li\u00e9s \u00e0 des pratiques utilis\u00e9es dans la communication traditionnelle&nbsp;: Utilisation d\u2019\u00e9nergie, de papiers, d\u2019emballages\u2026, Emploi de produits type solvants, encres qui sont de gros polluants, La multiplication de d\u00e9chets, Les transports qui sont une source importante de\u00a0<span title=\"Les points de suspension ne sont pas pr\u00e9c\u00e9d\u00e9s par une espace.\">pollution\u2026<\/span><\/p>\n<p><img decoding=\"async\" class=\"aligncenter wp-image-19217 size-full\" src=\"https:\/\/www.redacteur.com\/blog\/wp-content\/uploads\/sites\/6\/2020\/01\/redacteur-blog-img-une-communication-ecologique.jpg\" alt=\"\" width=\"850\" height=\"600\" srcset=\"https:\/\/www.redacteur.com\/blog\/wp-content\/uploads\/sites\/6\/2020\/01\/redacteur-blog-img-une-communication-ecologique.jpg 850w, https:\/\/www.redacteur.com\/blog\/wp-content\/uploads\/sites\/6\/2020\/01\/redacteur-blog-img-une-communication-ecologique-300x212.jpg 300w, https:\/\/www.redacteur.com\/blog\/wp-content\/uploads\/sites\/6\/2020\/01\/redacteur-blog-img-une-communication-ecologique-768x542.jpg 768w, https:\/\/www.redacteur.com\/blog\/wp-content\/uploads\/sites\/6\/2020\/01\/redacteur-blog-img-une-communication-ecologique-60x42.jpg 60w, https:\/\/www.redacteur.com\/blog\/wp-content\/uploads\/sites\/6\/2020\/01\/redacteur-blog-img-une-communication-ecologique-370x261.jpg 370w, https:\/\/www.redacteur.com\/blog\/wp-content\/uploads\/sites\/6\/2020\/01\/redacteur-blog-img-une-communication-ecologique-270x191.jpg 270w, https:\/\/www.redacteur.com\/blog\/wp-content\/uploads\/sites\/6\/2020\/01\/redacteur-blog-img-une-communication-ecologique-570x402.jpg 570w, https:\/\/www.redacteur.com\/blog\/wp-content\/uploads\/sites\/6\/2020\/01\/redacteur-blog-img-une-communication-ecologique-740x522.jpg 740w\" sizes=\"(max-width: 850px) 100vw, 850px\" \/><\/p>\n<h3>Les principes de la communication \u00e9cologique<\/h3>\n<p>Voici les grands principes sur lesquels s\u2019appuie la communication \u00e9cologique&nbsp;:<\/p>\n<ul>\n<li>La communication \u00e9cologique permet de faire passer des informations sur les valeurs qui sont celles de votre entreprise<\/li>\n<li>Mettre en place un discours transparent<\/li>\n<li>Engager l\u2019entreprise dans une d\u00e9marche de RSE<\/li>\n<li>Utiliser et mettre en avant aupr\u00e8s de vos clients et prospects votre d\u00e9marche de RSE<\/li>\n<li>Faire le choix de prestataires qui partagent vos id\u00e9es et vos engagements dans une politique de d\u00e9veloppement durable.<\/li>\n<\/ul>\n<p>L\u00e0, c\u2019est ce qui concerne le fond de la communication. Ensuite, il faut faire en sorte que les moyens mis en place soient coordonn\u00e9s avec le fond. Dans cet article, nous vous donnons quelques conseils pour communiquer de mani\u00e8re plus \u00e9cologique.<\/p>\n<h2>11 conseils pour r\u00e9ussir votre communication \u00e9cologique<\/h2>\n<h3>R\u00e9duire la pollution num\u00e9rique gr\u00e2ce aux contenus&nbsp;?<\/h3>\n<p>Incontestablement, le num\u00e9rique a un impact positif sur l\u2019\u00e9cologie en permettant de diminuer l\u2019utilisation de papier donc en limitant la coupe des\u00a0<span title=\"Les points de suspension sont au nombre de trois.\">arbres\u2026<\/span>\u00a0Mais il faut savoir que l\u2019utilisation du num\u00e9rique peut aussi avoir un impact n\u00e9gatif sur l\u2019environnemental. Dans cette partie, nous vous proposons quelques pistes pour r\u00e9duire votre pollution num\u00e9rique&nbsp;:<\/p>\n<ul>\n<li>Conservez vos appareils \u00e9lectroniques Oubliez les modes<span title=\"La virgule doit \u00eatre omise dans ce contexte.\">\u00a0et<\/span>\u00a0conservez vos appareils\u00a0<span title=\"Une virgule semble \u00eatre requise.\">\u00e9lectroniques,<\/span>\u00a0t\u00e9l\u00e9phones, ordinateurs\u2026 S\u2019ils tombent en panne, pensez \u00e0 v\u00e9rifier qu\u2019ils ne peuvent vraiment pas \u00eatre r\u00e9par\u00e9s avant d\u2019en acheter un nouveau. C\u2019est un moyen tr\u00e8s efficace pour\u00a0<span title=\"Ce mot appara\u00eet d\u00e9j\u00e0 dans l\u2019une des phrases pr\u00e9c\u00e9dant imm\u00e9diatement celle-ci. Utilisez un synonyme pour apporter plus de vari\u00e9t\u00e9 \u00e0 votre texte, except\u00e9 si la r\u00e9p\u00e9tition est intentionnelle.\">r\u00e9duire<\/span>\u00a0leurs impacts n\u00e9gatifs.<\/li>\n<li>Connectez-vous en Wifi plut\u00f4t qu\u2019en 4 ou 5G En effet le cout \u00e9nerg\u00e9tique de la 4 et 5G est tr\u00e8s \u00e9lev\u00e9. Selon une \u00e9tude r\u00e9alis\u00e9e par l\u2019universit\u00e9 du Michigan, elle consommerait 23 fois plus que le\u00a0<span title=\"Faute de frappe possible trouv\u00e9e.\">Wi<\/span>-fi. Voil\u00e0 de quoi faire r\u00e9fl\u00e9chir.<\/li>\n<li><span title=\"Faute de frappe possible trouv\u00e9e.\">\u00c9teignez<\/span>\u00a0les box\u00a0<span title=\"Dans l\u2019expression suivante, la pr\u00e9position \u2018a\u2019 poss\u00e8de un accent grave.\">\u00c0<\/span>\u00a0la maison comme au bureau, la consommation des appareils \u00e9lectroniques laiss\u00e9s en veille est tr\u00e8s importante.<\/li>\n<li>Faites le m\u00e9nage dans vos\u00a0<span title=\"\u00ab\u00a0Spam\u00a0\u00bb peut \u00eatre consid\u00e9r\u00e9 comme un anglicisme. Employez \u00ab\u00a0pourriels\u00a0\u00bb.\">spams<\/span>\u00a0Cela peut sembler \u00e9trange, mais si vous stockez vos mails inutiles, ils font tourner les serveurs (Gmail, Outlook\u2026) de mani\u00e8re continue. Cela a donc un impact n\u00e9gatif sur l\u2019environnement. Faites donc le m\u00e9nage, la plan\u00e8te vous remerciera\u2026<\/li>\n<\/ul>\n<p><img decoding=\"async\" class=\"wp-image-19214 size-full aligncenter\" src=\"https:\/\/www.redacteur.com\/blog\/wp-content\/uploads\/sites\/6\/2020\/01\/ecosysteme-content-marketing-semrush-e1580463582842.jpg\" alt=\"infographie semrsush \u00e9cologie contenu\" width=\"454\" height=\"800\" srcset=\"https:\/\/www.redacteur.com\/blog\/wp-content\/uploads\/sites\/6\/2020\/01\/ecosysteme-content-marketing-semrush-e1580463582842.jpg 454w, https:\/\/www.redacteur.com\/blog\/wp-content\/uploads\/sites\/6\/2020\/01\/ecosysteme-content-marketing-semrush-e1580463582842-170x300.jpg 170w, https:\/\/www.redacteur.com\/blog\/wp-content\/uploads\/sites\/6\/2020\/01\/ecosysteme-content-marketing-semrush-e1580463582842-34x60.jpg 34w, https:\/\/www.redacteur.com\/blog\/wp-content\/uploads\/sites\/6\/2020\/01\/ecosysteme-content-marketing-semrush-e1580463582842-370x652.jpg 370w, https:\/\/www.redacteur.com\/blog\/wp-content\/uploads\/sites\/6\/2020\/01\/ecosysteme-content-marketing-semrush-e1580463582842-270x476.jpg 270w\" sizes=\"(max-width: 454px) 100vw, 454px\" \/><\/p>\n<blockquote><p>\u00c0 lire aussi&nbsp;: <a href=\"https:\/\/graphiste.com\/blog\/leco-conception-en-graphisme-pourquoi-et-comment\" target=\"_blank\" rel=\"noopener noreferrer\">L\u2019\u00e9co-conception en graphisme&nbsp;: pourquoi et comment&nbsp;?<\/a><\/p><\/blockquote>\n<h3>G\u00e9rez vos recherches Internet<\/h3>\n<p>Et oui, lorsque vous faites des recherches sur Internet, vous consommez de l\u2019\u00e9nergie. Il faut savoir que faire\u00a0<span title=\"Les chiffres s\u2019\u00e9crivent g\u00e9n\u00e9ralement en lettres.\">2<\/span>\u00a0recherche sur Google consommerait autant que mettre \u00e0 bouillir une casserole d\u2019eau. 6. Attention aux Stream Si vous regardez un document en streaming, vous devez vous connecter \u00e0 un serveur et votre batterie va consommer\u2026 Encore une consommation d\u2019\u00e9nergie qui nuit \u00e0 votre d\u00e9marche\u00a0<span title=\"Le pr\u00e9fixe \u2018\u00e9co\u2019 est g\u00e9n\u00e9ralement associ\u00e9 au terme qu\u2019il pr\u00e9c\u00e8de.\">\u00e9co responsable<\/span>.<\/p>\n<h3>Am\u00e9liorez la fabrication de vos supports de communication<\/h3>\n<p>Pensez \u00e0 la d\u00e9mat\u00e9rialisation de vos supports de communication. Si la pollution n\u2019est pas supprim\u00e9e compl\u00e8tement, cela peut d\u00e9j\u00e0 permettre d\u2019entrer dans la d\u00e9marche \u00e9cologique en faisant des \u00e9conomies de papier. Si vous ne pouvez pas vous passer de papier, pensez \u00e0 la s\u00e9lection en ayant conscience de son impact environnemental.<\/p>\n<p>Privil\u00e9giez le papier recycl\u00e9<span title=\"La virgule doit \u00eatre omise dans ce contexte.\">\u00a0et<\/span>\u00a0choisissez le bon papier en fonction de votre besoin. Ne prenez pas du papier \u00e9pais pour faire des flyers par exemple. Lorsque vous choisissez d\u2019utiliser du papier recycl\u00e9, pensez \u00e0 le prendre certifi\u00e9\u00a0<span title=\"Faute de frappe possible trouv\u00e9e.\">PEFC<\/span>\u00a0car vous avez la certitude qu\u2019il participe \u00e0 la durabilit\u00e9 des for\u00eats. Vous pouvez aussi utiliser des encres v\u00e9g\u00e9tales moins polluantes que les encres \u00e0 base d\u2019hydrocarbures.<\/p>\n<blockquote><p>Depuis le 1er janvier 2015, il est obligatoire de mettre le logo\u00a0<span title=\"Faute de frappe possible trouv\u00e9e.\">Triman<\/span>\u00a0sur les supports de communication papier. C\u2019est aussi le cas pour ceux qui sont exon\u00e9r\u00e9s d\u2019<span title=\"Le pr\u00e9fixe \u2018\u00e9co\u2019 est g\u00e9n\u00e9ralement associ\u00e9 au terme qu\u2019il pr\u00e9c\u00e8de.\">\u00e9co-contribution<\/span>\u00a0(journaux, magazines, flyers, etc).<\/p><\/blockquote>\n<h3>Faites des partenariats\u00a0<span title=\"La majuscule n\u2019est employ\u00e9e qu\u2019au d\u00e9but d\u2019une phrase ou pour les noms propres (noms, toponymes, etc.).\">durables<\/span><\/h3>\n<p><span title=\"La majuscule n\u2019est employ\u00e9e qu\u2019au d\u00e9but d\u2019une phrase ou pour les noms propres (noms, toponymes, etc.).\">Il<\/span>\u00a0n\u2019est pas toujours \u00e9vident de travailler avec des partenaires ou fournisseurs locaux. Pourtant, c\u2019est un \u00e9l\u00e9ment fondamental de la d\u00e9marche\u00a0<span title=\"Le pr\u00e9fixe \u2018\u00e9co\u2019 est g\u00e9n\u00e9ralement associ\u00e9 au terme qu\u2019il pr\u00e9c\u00e8de.\">\u00e9co-responsable<\/span>. D\u00e8s que cela est possible, travaillez avec des partenaires locaux<span title=\"Une virgule est conseill\u00e9e dans ce contexte.\">, car<\/span>\u00a0vous \u00e9viterez les transports inutiles.<\/p>\n<p>D\u2019autre part, faites des associations avec des entreprises engag\u00e9es<span title=\"Des virgules semblent \u00eatre requises dans ce contexte.\">, elles aussi,<\/span>\u00a0dans une d\u00e9marche\u00a0<span title=\"Le pr\u00e9fixe \u2018\u00e9co\u2019 est g\u00e9n\u00e9ralement associ\u00e9 au terme qu\u2019il pr\u00e9c\u00e8de.\">\u00e9co responsable<\/span>. Ce type de partenariat valorise un peu plus votre engagement.<\/p>\n<h3>Valorisez votre engagement<\/h3>\n<p>Communiquez sur votre engagement est non seulement bon pour votre entreprise, en mettant en avant des valeurs\u00a0<span title=\"Le pr\u00e9fixe \u2018\u00e9co\u2019 est g\u00e9n\u00e9ralement associ\u00e9 au terme qu\u2019il pr\u00e9c\u00e8de.\">\u00e9co responsable<\/span><span title=\"Une virgule est conseill\u00e9e dans ce contexte.\">, mais<\/span>\u00a0peut aussi inciter les destinataires de votre communication \u00e0 en faire autant. Si vous utilisez du papier recycl\u00e9, n\u2019h\u00e9sitez pas \u00e0 le noter dessus. Vous\u00a0<span title=\"Un verbe conjugu\u00e9 est attendu.\">faites<\/span>\u00a0des partenariats avec un fournisseur\u00a0<span title=\"V\u00e9rifiez la concordance de \u00ab\u00a0locale\u00a0\u00bb avec les noms pr\u00e9c\u00e9dents.\">local<\/span><span title=\"La virgule doit \u00eatre omise dans ce contexte.\">\u00a0ou<\/span>\u00a0une entreprise engag\u00e9e<span title=\"Des virgules semblent \u00eatre requises dans ce contexte.\">, elle aussi,<\/span>\u00a0dans un processus de communication responsable, faite le savoir.<\/p>\n<h3>Triez vos contenus Les contenus num\u00e9riques utilisent de l\u2019\u00e9nergie.<\/h3>\n<p>Vous avez l\u2019habitude de trier vos d\u00e9chets&nbsp;? Faites de m\u00eame avec vos contenus. Au lieu de cr\u00e9er encore et toujours de nouveaux contenus, regardez parmi\u00a0<a href=\"..\/..\/..\/blog\/duree-de-vie-contenus-web\/\">vos anciens articles si certains peuvent \u00eatre recycl\u00e9s.<\/a>\u00a0<span title=\"Une autre structure peut enrichir votre style et sembler plus percutante.\">Si<\/span>\u00a0on prend le cas des articles saisonniers par exemple, il est possible de les actualiser au lieu de le stocker et d\u2019en cr\u00e9er un autre. En ce qui concerne un contenu promotionnel, il est possible de le supprimer.<\/p>\n<h3>Misez sur la qualit\u00e9 et non la quantit\u00e9<\/h3>\n<p>Ce n\u2019est pas parce que vous avez plus de contenus que vous serez mieux r\u00e9f\u00e9renc\u00e9. Au lieu de produire en quantit\u00e9, choisissez la qualit\u00e9.\u00a0Un article, peut-\u00eatre plus long, qui contient les bonnes informations et qui r\u00e9pond aux attentes des internautes\u00a0<span title=\"Dans un contexte formel, d\u2019autres structures peuvent \u00eatre utilis\u00e9es pour enrichir votre style.\">se r\u00e9v\u00e8le<\/span>\u00a0nettement plus b\u00e9n\u00e9fique\u00a0<span title=\"Dans un contexte formel des synonymes peuvent enrichir votre style.\">et<\/span>\u00a0surtout plus\u00a0<a href=\"..\/..\/..\/blog\/integrer-green-marketing-strategie\/\">\u00e9cologique<\/a>\u00a0!<\/p>\n<h3>Privil\u00e9giez les contenus <span title=\"Faute de frappe possible trouv\u00e9e.\">evergreen<\/span><\/h3>\n<p>Les contenus\u00a0<span title=\"Faute de frappe possible trouv\u00e9e.\">evergreen<\/span>\u00a0sont des contenus durables. Ils ne se p\u00e9riment pas au bout de quelques semaines ou de quelques mois. Ces articles\u00a0<span title=\"Dans un contexte formel, d\u2019autres structures peuvent \u00eatre utilis\u00e9es pour enrichir votre style.\">s&#8217;av\u00e8rent<\/span>\u00a0tr\u00e8s importants<span title=\"Une virgule est conseill\u00e9e dans ce contexte.\">, car<\/span>\u00a0ils assurent un volume r\u00e9gulier de consultation\u00a0<span title=\"Dans un contexte formel des synonymes peuvent enrichir votre style.\">et<\/span>\u00a0une base pour votre site. Ils sont aussi plus \u00e9cologiques&nbsp;!<\/p>\n<h3><span title=\"Faute de frappe possible trouv\u00e9e.\">Evitez<\/span>\u00a0les contenus inutiles<\/h3>\n<p>Inutile d\u2019enrichir vos contenus inutilement. Bien s\u00fbr, un article illustr\u00e9 et visuel\u00a0<span title=\"Dans un contexte formel, d\u2019autres structures peuvent \u00eatre utilis\u00e9es pour enrichir votre style.\">est<\/span>\u00a0agr\u00e9able<span title=\"Une virgule est conseill\u00e9e dans ce contexte.\">, mais<\/span>\u00a0limitez-vous aux contenus qui apportent une vraie plus-value. Si un sch\u00e9ma n\u2019est pas justifi\u00e9, autant ne pas le mettre.<\/p>\n<blockquote><p>\u00c0 lire aussi&nbsp;:\u00a0<a href=\"https:\/\/www.redacteur.com\/blog\/slow-content-vs-snack-content\/\">Slow content VS Snack content<\/a><\/p><\/blockquote>\n<h3>Utilisez des\u00a0<span title=\"Faute de frappe possible trouv\u00e9e.\">Goodies<\/span>\u00a0\u00e9cologiques<\/h3>\n<p>On l\u2019a vu pr\u00e9c\u00e9demment, le fond de votre d\u00e9marche doit-\u00eatre en ad\u00e9quation avec la forme et donc les outils utilis\u00e9s. Vous \u00eates\u00a0<span title=\"Ce mot appara\u00eet d\u00e9j\u00e0 dans l\u2019une des phrases pr\u00e9c\u00e9dant imm\u00e9diatement celle-ci. Utilisez un synonyme pour apporter plus de vari\u00e9t\u00e9 \u00e0 votre texte, except\u00e9 si la r\u00e9p\u00e9tition est intentionnelle.\">alors<\/span>\u00a0engag\u00e9s dans un processus de r\u00e9duction de l\u2019empreinte carbone, il vous faut donc choisir des cadeaux d\u2019entreprise<span title=\"La virgule doit \u00eatre omise dans ce contexte.\">\u00a0ou<\/span>\u00a0support de communication (goodies) con\u00e7us de mani\u00e8re \u00e9cologique avec des mat\u00e9riaux respectueux de l\u2019environnement. En faisant ce choix, vous prouvez de\u00a0<span title=\"Ce mot appara\u00eet d\u00e9j\u00e0 dans l\u2019une des phrases pr\u00e9c\u00e9dant imm\u00e9diatement celle-ci. Utilisez un synonyme pour apporter plus de vari\u00e9t\u00e9 \u00e0 votre texte, except\u00e9 si la r\u00e9p\u00e9tition est intentionnelle.\">fa\u00e7on<\/span>\u00a0concr\u00e8te votre engagement.<\/p>\n<p>Voici quelques id\u00e9es&nbsp;:<\/p>\n<ul>\n<li>Le made in France implique que vous\u00a0<span title=\"Un verbe conjugu\u00e9 \u00e0 la deuxi\u00e8me personne du pluriel est g\u00e9n\u00e9ralement attendu apr\u00e8s le pronom personnel sujet \u2018vous\u2019.\">fassiez<\/span>\u00a0appel \u00e0 des fournisseurs locaux.<\/li>\n<li>Des produits fabriqu\u00e9s avec des mat\u00e9riaux\u00a0<span title=\"Une virgule semble \u00eatre requise.\">\u00e9cologiques,<\/span>\u00a0cela\u00a0<span title=\"Ces deux verbes ne sont pas li\u00e9s par un trait d\u2019union.\">peut \u00eatre<\/span>\u00a0des cadeaux fabriqu\u00e9s en mati\u00e8res naturelles comme le bambou ou en plastique v\u00e9g\u00e9tal. Un grand choix se propose \u00e0 vous aujourd\u2019hui.<\/li>\n<li>Des cadeaux qui sensibilisent au respect de notre terre comme un sablier de douche qui a comme but de limiter sa consommation d\u2019eau. Vous pouvez aussi vous tourner vers des plantes d\u00e9polluantes telles que l\u2019<span title=\"Faute de frappe possible trouv\u00e9e.\">aloe<\/span>\u00a0<span title=\"Faute de frappe possible trouv\u00e9e.\">vera<\/span>.<\/li>\n<\/ul>\n<h3>Des actions en tant que consommateurs<\/h3>\n<p>En tant que professionnels, vous travaillez sans doute avec beaucoup d\u2019appareils comme les tablettes, les smartphones ou encore les ordinateurs.<\/p>\n<p><iframe title=\"\u00e9cologie \u00e9ditoriale\" width=\"770\" height=\"433\" src=\"https:\/\/www.youtube.com\/embed\/3Yjsm2z46-Y?feature=oembed\" frameborder=\"0\" allow=\"accelerometer; autoplay; clipboard-write; encrypted-media; gyroscope; picture-in-picture\" allowfullscreen><\/iframe><\/p>\n<p>Ces derniers jouent un r\u00f4le majeur <strong>dans la pollution num\u00e9rique<\/strong>. Au lieu de jeter vos anciens appareils, essayez de les faire r\u00e9parer. S\u2019ils sont obsol\u00e8tes ou qu\u2019ils ne sont plus adapt\u00e9s \u00e0 votre activit\u00e9, alors vous pouvez les donner \u00e0 une association ou encore \u00e0 une \u00e9cole.<\/p>\n<blockquote><p>De plus en plus d\u2019entreprises choisissent de donner leurs ordinateurs portables aux stagiaires. Ces derniers les utilisent le temps de leur stage puis pour la suite de leurs \u00e9tudes\u00a0!<\/p><\/blockquote>\n<p>Dans le choix de vos \u00e9quipements informatiques, privil\u00e9giez des \u00e9l\u00e9ments durables. Pr\u00e9f\u00e9rez les \u00e9quipements produits dans le respect de la nature et id\u00e9alement \u00e0 proximit\u00e9 de chez vous.<\/p>\n<p>Vous pouvez aussi\u00a0:<\/p>\n<ul>\n<li>Choisir des offres d\u2019\u00e9lectricit\u00e9 verte,<\/li>\n<li>Eteindre vos appareils en fin de journ\u00e9e au lieu de les mettre en veille,<\/li>\n<li>Revoir la configuration au profit d\u2019un mode \u00e9conomique d\u2019\u00e9nergie,<\/li>\n<li>Limiter le nombre de programme ouvert simultan\u00e9ment,<\/li>\n<li>Mieux g\u00e9rer vos emails, etc.<\/li>\n<\/ul>\n<h3>Et si vous optez pour un label&nbsp;?<\/h3>\n<p>Le label est outil de communication tr\u00e8s puissant qui permet d\u2019informer son public sur l\u2019une de vos forces. Si vous souhaitez adopter une communication \u00e9cologique, il peut donc \u00eatre tr\u00e8s int\u00e9ressant d\u2019avoir un label comme le <a href=\"https:\/\/label.greencodelab.org\" target=\"_blank\" rel=\"noopener noreferrer\">Green Code Label.<\/a><\/p>\n<p>Pour l\u2019obtenir, il faut r\u00e9duire votre emprunte carbone en adoptant de nouvelles pratiques en ligne mais aussi travailler en permanence et trouver des solutions vertes et durables.<\/p>\n<blockquote><p>\u00c0 lire aussi&nbsp;: <a href=\"https:\/\/www.redacteur.com\/blog\/seo-idees-green-marketing-ecologie\/\">SEO&nbsp;: 5 id\u00e9es \u00e0 retenir pour votre green marketing<\/a><\/p><\/blockquote>\n<h2>Les conseils de Redacteur.com<\/h2>\n<p>Soyez transparent dans votre discours. Vous n\u2019\u00eates pas encore tout \u00e0 fait \u00ab vert \u00bb\u2026\u00a0<span title=\"Un trait d\u2019union est n\u00e9cessaire entre le verbe et le pronom \u2018le\u2019 \u00e0 l\u2019imp\u00e9ratif.\">Reconnaissez-le<\/span>\u00a0et communiquez sur les am\u00e9liorations vis\u00e9es et ce que vous comptez mettre en place pour atteindre les objectifs. Pensez aussi \u00e0\u00a0<span title=\"Un verbe \u00e0 l\u2019infinitif est attendu apr\u00e8s la pr\u00e9position \u2018\u00e0\u2019.\">rester<\/span>\u00a0connect\u00e9s&nbsp;!<\/p>\n<p>Soyez inform\u00e9s des tendances dans le domaine et donnez la possibilit\u00e9 \u00e0 vos clients de s\u2019exprimer sur le sujet \u00e0 travers les r\u00e9seaux sociaux.<\/p>\n<p>Mettez en place des formations sur l\u2019\u00e9cologie pour vous\u00a0<span title=\"Dans un contexte formel des synonymes peuvent enrichir votre style.\">et<\/span>\u00a0pour vos salari\u00e9s.<\/p>\n<p>Si la tache vous semble trop complexe, n\u2019h\u00e9sitez pas \u00e0 faire appel \u00e0 une \u00ab agence \u00e9cologique \u00bb. En effet, certaines agences se sont sp\u00e9cialis\u00e9es dans le domaine\u00a0<span title=\"Le pr\u00e9fixe \u2018\u00e9co\u2019 est g\u00e9n\u00e9ralement associ\u00e9 au terme qu\u2019il pr\u00e9c\u00e8de.\">\u00e9co-responsable<\/span>\u00a0<span title=\"Dans un contexte formel des synonymes peuvent enrichir votre style.\">et<\/span>\u00a0vous offrent leurs expertises dans le domaine.<\/p>\n<p>Pour int\u00e9grer les th\u00e8mes de l\u2019\u00e9cologie dans votre strat\u00e9gie de communication, faites r\u00e9diger des articles de blog sur la plateforme de r\u00e9daction Redacteur.<span title=\"Un point est requis pour indiquer la fin de cette phrase.\">com<\/span><\/p>\n<p>La communication \u00e9cologique se d\u00e9mocratise et il peut \u00eatre important pour votre soci\u00e9t\u00e9 d\u2019adopter ces nouvelles pratiques. Vous pouvez bien s\u00fbr compter sur\u00a0<a href=\"..\/..\/..\/\">Redacteur.com<\/a>\u00a0pour vous proposer des contenus qui vous aideront \u00e0 atteindre vos objectifs\u00a0<span title=\"Cette expression fig\u00e9e s\u2019\u00e9crit toujours avec un s.\u00a0\">en termes de<\/span>\u00a0r\u00e9f\u00e9rencement et de qualit\u00e9&nbsp;!<\/p>\n","protected":false},"excerpt":{"rendered":"<p>Vous pensez que le support num\u00e9rique ne pollue pas&nbsp;? Et bien la probl\u00e9matique environnementale concerne tout le monde, c&#8217;est pourquoi int\u00e9grer l&#8217;\u00e9cologie dans votre communication en faisant appel \u00e0 un r\u00e9dacteur sp\u00e9cialis\u00e9 dans l&#8217;\u00e9cologie et l&#8217;environnement est une bonne id\u00e9e. Un grand nombre d\u2019entreprises ont pris conscience de leur impact au niveau de l\u2019environnement et [&hellip;]<\/p>\n","protected":false},"author":1,"featured_media":19218,"comment_status":"open","ping_status":"open","sticky":false,"template":"","format":"standard","meta":{"_acf_changed":false,"inline_featured_image":false,"footnotes":""},"categories":[2],"tags":[],"class_list":["post-19212","post","type-post","status-publish","format-standard","has-post-thumbnail","hentry","category-contenu-web"],"acf":[],"yoast_head":"<!-- This site is optimized with the Yoast SEO plugin v25.9 - https:\/\/yoast.com\/wordpress\/plugins\/seo\/ -->\n<title>Content marketing : comment faire une communication \u00e9cologique ? - Redacteur Blog<\/title>\n<meta name=\"description\" content=\"Vous pensez que le support num\u00e9rique ne pollue pas ? Et bien la probl\u00e9matique environnementale concerne tout le monde, c&#039;est pourquoi int\u00e9grer l&#039;\u00e9cologie\" \/>\n<meta name=\"robots\" content=\"index, follow, max-snippet:-1, max-image-preview:large, max-video-preview:-1\" \/>\n<link rel=\"canonical\" href=\"https:\/\/www.redacteur.com\/blog\/comment-faire-communication-ecologique\/\" \/>\n<meta property=\"og:locale\" content=\"fr_FR\" \/>\n<meta property=\"og:type\" content=\"article\" \/>\n<meta property=\"og:title\" content=\"Content marketing : comment faire une communication \u00e9cologique ? - Redacteur Blog\" \/>\n<meta property=\"og:description\" content=\"Vous pensez que le support num\u00e9rique ne pollue pas ? Et bien la probl\u00e9matique environnementale concerne tout le monde, c&#039;est pourquoi int\u00e9grer l&#039;\u00e9cologie\" \/>\n<meta property=\"og:url\" content=\"https:\/\/www.redacteur.com\/blog\/comment-faire-communication-ecologique\/\" \/>\n<meta property=\"og:site_name\" content=\"Redacteur.com\" \/>\n<meta property=\"article:publisher\" content=\"https:\/\/www.facebook.com\/redacteurcom\" \/>\n<meta property=\"article:published_time\" content=\"2022-05-19T08:50:17+00:00\" \/>\n<meta property=\"article:modified_time\" content=\"2025-08-20T12:43:23+00:00\" \/>\n<meta property=\"og:image\" content=\"https:\/\/www.redacteur.com\/blog\/wp-content\/uploads\/sites\/6\/2020\/01\/redacteur-blog-img-une-communication-ecologique-content-marketing.jpg\" \/>\n\t<meta property=\"og:image:width\" content=\"850\" \/>\n\t<meta property=\"og:image:height\" content=\"600\" \/>\n\t<meta property=\"og:image:type\" content=\"image\/jpeg\" \/>\n<meta name=\"author\" content=\"Laura Michaud\" \/>\n<meta name=\"twitter:card\" content=\"summary_large_image\" \/>\n<meta name=\"twitter:creator\" content=\"@Redacteurcom\" \/>\n<meta name=\"twitter:site\" content=\"@Redacteurcom\" \/>\n<meta name=\"twitter:label1\" content=\"\u00c9crit par\" \/>\n\t<meta name=\"twitter:data1\" content=\"Laura Michaud\" \/>\n\t<meta name=\"twitter:label2\" content=\"Dur\u00e9e de lecture estim\u00e9e\" \/>\n\t<meta name=\"twitter:data2\" content=\"10 minutes\" \/>\n<script type=\"application\/ld+json\" class=\"yoast-schema-graph\">{\"@context\":\"https:\/\/schema.org\",\"@graph\":[{\"@type\":\"Article\",\"@id\":\"https:\/\/www.redacteur.com\/blog\/comment-faire-communication-ecologique\/#article\",\"isPartOf\":{\"@id\":\"https:\/\/www.redacteur.com\/blog\/comment-faire-communication-ecologique\/\"},\"author\":{\"name\":\"Laura Michaud\",\"@id\":\"https:\/\/www.redacteur.com\/blog\/#\/schema\/person\/33c0ef04707fbe50a096f282050bb5f2\"},\"headline\":\"Content marketing&nbsp;: comment faire une communication \u00e9cologique&nbsp;?\",\"datePublished\":\"2022-05-19T08:50:17+00:00\",\"dateModified\":\"2025-08-20T12:43:23+00:00\",\"mainEntityOfPage\":{\"@id\":\"https:\/\/www.redacteur.com\/blog\/comment-faire-communication-ecologique\/\"},\"wordCount\":2058,\"commentCount\":0,\"publisher\":{\"@id\":\"https:\/\/www.redacteur.com\/blog\/#organization\"},\"image\":{\"@id\":\"https:\/\/www.redacteur.com\/blog\/comment-faire-communication-ecologique\/#primaryimage\"},\"thumbnailUrl\":\"https:\/\/www.redacteur.com\/blog\/wp-content\/uploads\/sites\/6\/2020\/01\/redacteur-blog-img-une-communication-ecologique-content-marketing.jpg\",\"articleSection\":[\"Content marketing\"],\"inLanguage\":\"fr-FR\",\"potentialAction\":[{\"@type\":\"CommentAction\",\"name\":\"Comment\",\"target\":[\"https:\/\/www.redacteur.com\/blog\/comment-faire-communication-ecologique\/#respond\"]}]},{\"@type\":\"WebPage\",\"@id\":\"https:\/\/www.redacteur.com\/blog\/comment-faire-communication-ecologique\/\",\"url\":\"https:\/\/www.redacteur.com\/blog\/comment-faire-communication-ecologique\/\",\"name\":\"Content marketing : comment faire une communication \u00e9cologique ? - Redacteur Blog\",\"isPartOf\":{\"@id\":\"https:\/\/www.redacteur.com\/blog\/#website\"},\"primaryImageOfPage\":{\"@id\":\"https:\/\/www.redacteur.com\/blog\/comment-faire-communication-ecologique\/#primaryimage\"},\"image\":{\"@id\":\"https:\/\/www.redacteur.com\/blog\/comment-faire-communication-ecologique\/#primaryimage\"},\"thumbnailUrl\":\"https:\/\/www.redacteur.com\/blog\/wp-content\/uploads\/sites\/6\/2020\/01\/redacteur-blog-img-une-communication-ecologique-content-marketing.jpg\",\"datePublished\":\"2022-05-19T08:50:17+00:00\",\"dateModified\":\"2025-08-20T12:43:23+00:00\",\"description\":\"Vous pensez que le support num\u00e9rique ne pollue pas ? Et bien la probl\u00e9matique environnementale concerne tout le monde, c'est pourquoi int\u00e9grer l'\u00e9cologie\",\"breadcrumb\":{\"@id\":\"https:\/\/www.redacteur.com\/blog\/comment-faire-communication-ecologique\/#breadcrumb\"},\"inLanguage\":\"fr-FR\",\"potentialAction\":[{\"@type\":\"ReadAction\",\"target\":[\"https:\/\/www.redacteur.com\/blog\/comment-faire-communication-ecologique\/\"]}]},{\"@type\":\"ImageObject\",\"inLanguage\":\"fr-FR\",\"@id\":\"https:\/\/www.redacteur.com\/blog\/comment-faire-communication-ecologique\/#primaryimage\",\"url\":\"https:\/\/www.redacteur.com\/blog\/wp-content\/uploads\/sites\/6\/2020\/01\/redacteur-blog-img-une-communication-ecologique-content-marketing.jpg\",\"contentUrl\":\"https:\/\/www.redacteur.com\/blog\/wp-content\/uploads\/sites\/6\/2020\/01\/redacteur-blog-img-une-communication-ecologique-content-marketing.jpg\",\"width\":850,\"height\":600},{\"@type\":\"BreadcrumbList\",\"@id\":\"https:\/\/www.redacteur.com\/blog\/comment-faire-communication-ecologique\/#breadcrumb\",\"itemListElement\":[{\"@type\":\"ListItem\",\"position\":1,\"name\":\"Blog\",\"item\":\"https:\/\/www.redacteur.com\/blog\/\"},{\"@type\":\"ListItem\",\"position\":2,\"name\":\"Content marketing\",\"item\":\"https:\/\/www.redacteur.com\/blog\/contenu-web\/\"},{\"@type\":\"ListItem\",\"position\":3,\"name\":\"Content marketing&nbsp;: comment faire une communication \u00e9cologique&nbsp;?\"}]},{\"@type\":\"WebSite\",\"@id\":\"https:\/\/www.redacteur.com\/blog\/#website\",\"url\":\"https:\/\/www.redacteur.com\/blog\/\",\"name\":\"Redacteur.com\",\"description\":\"redacteur\",\"publisher\":{\"@id\":\"https:\/\/www.redacteur.com\/blog\/#organization\"},\"potentialAction\":[{\"@type\":\"SearchAction\",\"target\":{\"@type\":\"EntryPoint\",\"urlTemplate\":\"https:\/\/www.redacteur.com\/blog\/?s={search_term_string}\"},\"query-input\":{\"@type\":\"PropertyValueSpecification\",\"valueRequired\":true,\"valueName\":\"search_term_string\"}}],\"inLanguage\":\"fr-FR\"},{\"@type\":\"Organization\",\"@id\":\"https:\/\/www.redacteur.com\/blog\/#organization\",\"name\":\"Redacteur.com\",\"url\":\"https:\/\/www.redacteur.com\/blog\/\",\"logo\":{\"@type\":\"ImageObject\",\"inLanguage\":\"fr-FR\",\"@id\":\"https:\/\/www.redacteur.com\/blog\/#\/schema\/logo\/image\/\",\"url\":\"https:\/\/www.redacteur.com\/blog\/wp-content\/uploads\/sites\/6\/2022\/10\/logo-redacteur-blog.svg\",\"contentUrl\":\"https:\/\/www.redacteur.com\/blog\/wp-content\/uploads\/sites\/6\/2022\/10\/logo-redacteur-blog.svg\",\"width\":1,\"height\":1,\"caption\":\"Redacteur.com\"},\"image\":{\"@id\":\"https:\/\/www.redacteur.com\/blog\/#\/schema\/logo\/image\/\"},\"sameAs\":[\"https:\/\/www.facebook.com\/redacteurcom\",\"https:\/\/x.com\/Redacteurcom\",\"https:\/\/www.linkedin.com\/company\/redacteur-com\",\"https:\/\/www.youtube.com\/channel\/UCgj9ySM9xy3gdL8qBafl9Uw\/\"]},{\"@type\":\"Person\",\"@id\":\"https:\/\/www.redacteur.com\/blog\/#\/schema\/person\/33c0ef04707fbe50a096f282050bb5f2\",\"name\":\"Laura Michaud\",\"image\":{\"@type\":\"ImageObject\",\"inLanguage\":\"fr-FR\",\"@id\":\"https:\/\/www.redacteur.com\/blog\/#\/schema\/person\/image\/\",\"url\":\"https:\/\/secure.gravatar.com\/avatar\/c3328cc0c887f98cec6b2979af3311ab6333fc7cc2d4847514cfec6a56fa08a7?s=96&d=mm&r=g\",\"contentUrl\":\"https:\/\/secure.gravatar.com\/avatar\/c3328cc0c887f98cec6b2979af3311ab6333fc7cc2d4847514cfec6a56fa08a7?s=96&d=mm&r=g\",\"caption\":\"Laura Michaud\"},\"description\":\"Laura connait tous les meilleurs outils pour g\u00e9rer des projets et une entreprise. Cr\u00e9ative, c'est aussi une sp\u00e9cialiste des outils de cr\u00e9ation graphique pour faire briller une entreprise.\",\"sameAs\":[\"https:\/\/www.linkedin.com\/in\/michaudlaura\/\"],\"url\":\"https:\/\/www.redacteur.com\/blog\/author\/laura\/\"}]}<\/script>\n<!-- \/ Yoast SEO plugin. -->","yoast_head_json":{"title":"Content marketing : comment faire une communication \u00e9cologique ? - Redacteur Blog","description":"Vous pensez que le support num\u00e9rique ne pollue pas ? Et bien la probl\u00e9matique environnementale concerne tout le monde, c'est pourquoi int\u00e9grer l'\u00e9cologie","robots":{"index":"index","follow":"follow","max-snippet":"max-snippet:-1","max-image-preview":"max-image-preview:large","max-video-preview":"max-video-preview:-1"},"canonical":"https:\/\/www.redacteur.com\/blog\/comment-faire-communication-ecologique\/","og_locale":"fr_FR","og_type":"article","og_title":"Content marketing : comment faire une communication \u00e9cologique ? - Redacteur Blog","og_description":"Vous pensez que le support num\u00e9rique ne pollue pas ? Et bien la probl\u00e9matique environnementale concerne tout le monde, c'est pourquoi int\u00e9grer l'\u00e9cologie","og_url":"https:\/\/www.redacteur.com\/blog\/comment-faire-communication-ecologique\/","og_site_name":"Redacteur.com","article_publisher":"https:\/\/www.facebook.com\/redacteurcom","article_published_time":"2022-05-19T08:50:17+00:00","article_modified_time":"2025-08-20T12:43:23+00:00","og_image":[{"width":850,"height":600,"url":"https:\/\/www.redacteur.com\/blog\/wp-content\/uploads\/sites\/6\/2020\/01\/redacteur-blog-img-une-communication-ecologique-content-marketing.jpg","type":"image\/jpeg"}],"author":"Laura Michaud","twitter_card":"summary_large_image","twitter_creator":"@Redacteurcom","twitter_site":"@Redacteurcom","twitter_misc":{"\u00c9crit par":"Laura Michaud","Dur\u00e9e de lecture estim\u00e9e":"10 minutes"},"schema":{"@context":"https:\/\/schema.org","@graph":[{"@type":"Article","@id":"https:\/\/www.redacteur.com\/blog\/comment-faire-communication-ecologique\/#article","isPartOf":{"@id":"https:\/\/www.redacteur.com\/blog\/comment-faire-communication-ecologique\/"},"author":{"name":"Laura Michaud","@id":"https:\/\/www.redacteur.com\/blog\/#\/schema\/person\/33c0ef04707fbe50a096f282050bb5f2"},"headline":"Content marketing&nbsp;: comment faire une communication \u00e9cologique&nbsp;?","datePublished":"2022-05-19T08:50:17+00:00","dateModified":"2025-08-20T12:43:23+00:00","mainEntityOfPage":{"@id":"https:\/\/www.redacteur.com\/blog\/comment-faire-communication-ecologique\/"},"wordCount":2058,"commentCount":0,"publisher":{"@id":"https:\/\/www.redacteur.com\/blog\/#organization"},"image":{"@id":"https:\/\/www.redacteur.com\/blog\/comment-faire-communication-ecologique\/#primaryimage"},"thumbnailUrl":"https:\/\/www.redacteur.com\/blog\/wp-content\/uploads\/sites\/6\/2020\/01\/redacteur-blog-img-une-communication-ecologique-content-marketing.jpg","articleSection":["Content marketing"],"inLanguage":"fr-FR","potentialAction":[{"@type":"CommentAction","name":"Comment","target":["https:\/\/www.redacteur.com\/blog\/comment-faire-communication-ecologique\/#respond"]}]},{"@type":"WebPage","@id":"https:\/\/www.redacteur.com\/blog\/comment-faire-communication-ecologique\/","url":"https:\/\/www.redacteur.com\/blog\/comment-faire-communication-ecologique\/","name":"Content marketing : comment faire une communication \u00e9cologique ? - Redacteur Blog","isPartOf":{"@id":"https:\/\/www.redacteur.com\/blog\/#website"},"primaryImageOfPage":{"@id":"https:\/\/www.redacteur.com\/blog\/comment-faire-communication-ecologique\/#primaryimage"},"image":{"@id":"https:\/\/www.redacteur.com\/blog\/comment-faire-communication-ecologique\/#primaryimage"},"thumbnailUrl":"https:\/\/www.redacteur.com\/blog\/wp-content\/uploads\/sites\/6\/2020\/01\/redacteur-blog-img-une-communication-ecologique-content-marketing.jpg","datePublished":"2022-05-19T08:50:17+00:00","dateModified":"2025-08-20T12:43:23+00:00","description":"Vous pensez que le support num\u00e9rique ne pollue pas ? Et bien la probl\u00e9matique environnementale concerne tout le monde, c'est pourquoi int\u00e9grer l'\u00e9cologie","breadcrumb":{"@id":"https:\/\/www.redacteur.com\/blog\/comment-faire-communication-ecologique\/#breadcrumb"},"inLanguage":"fr-FR","potentialAction":[{"@type":"ReadAction","target":["https:\/\/www.redacteur.com\/blog\/comment-faire-communication-ecologique\/"]}]},{"@type":"ImageObject","inLanguage":"fr-FR","@id":"https:\/\/www.redacteur.com\/blog\/comment-faire-communication-ecologique\/#primaryimage","url":"https:\/\/www.redacteur.com\/blog\/wp-content\/uploads\/sites\/6\/2020\/01\/redacteur-blog-img-une-communication-ecologique-content-marketing.jpg","contentUrl":"https:\/\/www.redacteur.com\/blog\/wp-content\/uploads\/sites\/6\/2020\/01\/redacteur-blog-img-une-communication-ecologique-content-marketing.jpg","width":850,"height":600},{"@type":"BreadcrumbList","@id":"https:\/\/www.redacteur.com\/blog\/comment-faire-communication-ecologique\/#breadcrumb","itemListElement":[{"@type":"ListItem","position":1,"name":"Blog","item":"https:\/\/www.redacteur.com\/blog\/"},{"@type":"ListItem","position":2,"name":"Content marketing","item":"https:\/\/www.redacteur.com\/blog\/contenu-web\/"},{"@type":"ListItem","position":3,"name":"Content marketing&nbsp;: comment faire une communication \u00e9cologique&nbsp;?"}]},{"@type":"WebSite","@id":"https:\/\/www.redacteur.com\/blog\/#website","url":"https:\/\/www.redacteur.com\/blog\/","name":"Redacteur.com","description":"redacteur","publisher":{"@id":"https:\/\/www.redacteur.com\/blog\/#organization"},"potentialAction":[{"@type":"SearchAction","target":{"@type":"EntryPoint","urlTemplate":"https:\/\/www.redacteur.com\/blog\/?s={search_term_string}"},"query-input":{"@type":"PropertyValueSpecification","valueRequired":true,"valueName":"search_term_string"}}],"inLanguage":"fr-FR"},{"@type":"Organization","@id":"https:\/\/www.redacteur.com\/blog\/#organization","name":"Redacteur.com","url":"https:\/\/www.redacteur.com\/blog\/","logo":{"@type":"ImageObject","inLanguage":"fr-FR","@id":"https:\/\/www.redacteur.com\/blog\/#\/schema\/logo\/image\/","url":"https:\/\/www.redacteur.com\/blog\/wp-content\/uploads\/sites\/6\/2022\/10\/logo-redacteur-blog.svg","contentUrl":"https:\/\/www.redacteur.com\/blog\/wp-content\/uploads\/sites\/6\/2022\/10\/logo-redacteur-blog.svg","width":1,"height":1,"caption":"Redacteur.com"},"image":{"@id":"https:\/\/www.redacteur.com\/blog\/#\/schema\/logo\/image\/"},"sameAs":["https:\/\/www.facebook.com\/redacteurcom","https:\/\/x.com\/Redacteurcom","https:\/\/www.linkedin.com\/company\/redacteur-com","https:\/\/www.youtube.com\/channel\/UCgj9ySM9xy3gdL8qBafl9Uw\/"]},{"@type":"Person","@id":"https:\/\/www.redacteur.com\/blog\/#\/schema\/person\/33c0ef04707fbe50a096f282050bb5f2","name":"Laura Michaud","image":{"@type":"ImageObject","inLanguage":"fr-FR","@id":"https:\/\/www.redacteur.com\/blog\/#\/schema\/person\/image\/","url":"https:\/\/secure.gravatar.com\/avatar\/c3328cc0c887f98cec6b2979af3311ab6333fc7cc2d4847514cfec6a56fa08a7?s=96&d=mm&r=g","contentUrl":"https:\/\/secure.gravatar.com\/avatar\/c3328cc0c887f98cec6b2979af3311ab6333fc7cc2d4847514cfec6a56fa08a7?s=96&d=mm&r=g","caption":"Laura Michaud"},"description":"Laura connait tous les meilleurs outils pour g\u00e9rer des projets et une entreprise. Cr\u00e9ative, c'est aussi une sp\u00e9cialiste des outils de cr\u00e9ation graphique pour faire briller une entreprise.","sameAs":["https:\/\/www.linkedin.com\/in\/michaudlaura\/"],"url":"https:\/\/www.redacteur.com\/blog\/author\/laura\/"}]}},"_links":{"self":[{"href":"https:\/\/www.redacteur.com\/blog\/wp-json\/wp\/v2\/posts\/19212","targetHints":{"allow":["GET"]}}],"collection":[{"href":"https:\/\/www.redacteur.com\/blog\/wp-json\/wp\/v2\/posts"}],"about":[{"href":"https:\/\/www.redacteur.com\/blog\/wp-json\/wp\/v2\/types\/post"}],"author":[{"embeddable":true,"href":"https:\/\/www.redacteur.com\/blog\/wp-json\/wp\/v2\/users\/1"}],"replies":[{"embeddable":true,"href":"https:\/\/www.redacteur.com\/blog\/wp-json\/wp\/v2\/comments?post=19212"}],"version-history":[{"count":0,"href":"https:\/\/www.redacteur.com\/blog\/wp-json\/wp\/v2\/posts\/19212\/revisions"}],"wp:featuredmedia":[{"embeddable":true,"href":"https:\/\/www.redacteur.com\/blog\/wp-json\/wp\/v2\/media\/19218"}],"wp:attachment":[{"href":"https:\/\/www.redacteur.com\/blog\/wp-json\/wp\/v2\/media?parent=19212"}],"wp:term":[{"taxonomy":"category","embeddable":true,"href":"https:\/\/www.redacteur.com\/blog\/wp-json\/wp\/v2\/categories?post=19212"},{"taxonomy":"post_tag","embeddable":true,"href":"https:\/\/www.redacteur.com\/blog\/wp-json\/wp\/v2\/tags?post=19212"}],"curies":[{"name":"wp","href":"https:\/\/api.w.org\/{rel}","templated":true}]}}