{"id":19905,"date":"2023-01-27T10:50:00","date_gmt":"2023-01-27T09:50:00","guid":{"rendered":"https:\/\/www.redacteur.com\/blog\/?p=19905"},"modified":"2025-08-20T14:43:23","modified_gmt":"2025-08-20T12:43:23","slug":"idees-marketing-tpe-pme","status":"publish","type":"post","link":"https:\/\/www.redacteur.com\/blog\/idees-marketing-tpe-pme\/","title":{"rendered":"7 id\u00e9es marketing pour TPE\/PME"},"content":{"rendered":"<p>Chaque ann\u00e9e, en France, <strong>200\u2009000\u00a0personnes tentent l\u2019aventure de l\u2019entrepreneuriat<\/strong>. Bien \u00e9videmment, toutes sont convaincues d\u2019avoir le concept de produit ou de service qui va cartonner sur le march\u00e9.<\/p>\n<p>Seulement voil\u00e0, m\u00eame si elles ont r\u00e9ussi ce pari, encore faut-il que leurs clients potentiels puissent les trouver. C\u2019est ici que le marketing doit intervenir pour vous donner un maximum de visibilit\u00e9.<\/p>\n<p>Bien \u00e9videmment, faute de budget, vous ne pourrez pas vous offrir une <a href=\"https:\/\/www.redacteur.com\/blog\/comment-faire-communication-ecologique\/\" target=\"_blank\" rel=\"noopener noreferrer\">vaste campagne de communication<\/a>\u00a0nationale. Mais rassurez-vous, m\u00eame avec de petits investissements, il est possible d\u2019atteindre de beaux objectifs.<\/p>\n<p>Voici d\u2019ailleurs 7\u00a0id\u00e9es marketing \u00e0 mettre en \u0153uvre pour votre TPE\/PME.<\/p>\n<h2>1. Donner une identit\u00e9 claire \u00e0 votre marque<\/h2>\n<p>D\u00e8s le lancement de votre entreprise, l\u2019un des premiers travaux \u00e0 r\u00e9aliser porte sur la cr\u00e9ation de votre marque.<\/p>\n<p><img decoding=\"async\" class=\"aligncenter wp-image-19791\" src=\"https:\/\/www.redacteur.com\/blog\/wp-content\/uploads\/sites\/6\/2020\/03\/ob_23c3bb_pub-smoothie-innocent-compliment2.jpg\" alt=\"\" width=\"678\" height=\"465\" srcset=\"https:\/\/www.redacteur.com\/blog\/wp-content\/uploads\/sites\/6\/2020\/03\/ob_23c3bb_pub-smoothie-innocent-compliment2.jpg 1024w, https:\/\/www.redacteur.com\/blog\/wp-content\/uploads\/sites\/6\/2020\/03\/ob_23c3bb_pub-smoothie-innocent-compliment2-300x206.jpg 300w, https:\/\/www.redacteur.com\/blog\/wp-content\/uploads\/sites\/6\/2020\/03\/ob_23c3bb_pub-smoothie-innocent-compliment2-768x527.jpg 768w, https:\/\/www.redacteur.com\/blog\/wp-content\/uploads\/sites\/6\/2020\/03\/ob_23c3bb_pub-smoothie-innocent-compliment2-60x41.jpg 60w, https:\/\/www.redacteur.com\/blog\/wp-content\/uploads\/sites\/6\/2020\/03\/ob_23c3bb_pub-smoothie-innocent-compliment2-370x254.jpg 370w, https:\/\/www.redacteur.com\/blog\/wp-content\/uploads\/sites\/6\/2020\/03\/ob_23c3bb_pub-smoothie-innocent-compliment2-270x185.jpg 270w, https:\/\/www.redacteur.com\/blog\/wp-content\/uploads\/sites\/6\/2020\/03\/ob_23c3bb_pub-smoothie-innocent-compliment2-570x391.jpg 570w, https:\/\/www.redacteur.com\/blog\/wp-content\/uploads\/sites\/6\/2020\/03\/ob_23c3bb_pub-smoothie-innocent-compliment2-740x507.jpg 740w\" sizes=\"(max-width: 678px) 100vw, 678px\" \/><\/p>\n<p>D\u00e9finissez ce que vous voulez qu\u2019elle soit et qu\u2019elle repr\u00e9sente. Prenez ensuite le temps de lui choisir un nom court, facile \u00e0 m\u00e9moriser et \u00e9vocateur puis confiez \u00e0 un graphiste la conception de <a href=\"https:\/\/www.redacteur.com\/blog\/comment-concevoir-identite-marque-forte\/\" target=\"_blank\" rel=\"noopener noreferrer\">votre logo et de votre charte graphique<\/a>.<\/p>\n<p>D\u00e8s lors que vous \u00eates satisfait du r\u00e9sultat, vous disposez de tous les \u00e9l\u00e9ments pour donner de la visibilit\u00e9 \u00e0 votre marque.<\/p>\n<p>Bien \u00e9videmment, il est fondamental que l<strong>\u2019identit\u00e9 de votre marque soit forte <\/strong>si vous d\u00e9sirez cr\u00e9er de l\u2019engagement autour d\u2019elle.<\/p>\n<blockquote><p>\u00c0 lire aussi\u00a0: <a href=\"https:\/\/www.redacteur.com\/blog\/content-marketing-utiliser-humour\/\">Content marketing\u00a0: comment utiliser l\u2019humour efficacement<\/a><\/p><\/blockquote>\n<h2>2. Clairement identifiez votre public cible<\/h2>\n<p>Il est tr\u00e8s fr\u00e9quent que des TPE et PME oublient un \u00e9l\u00e9ment cl\u00e9 lorsqu\u2019elles envisagent de se lancer dans le marketing\u00a0: <a href=\"https:\/\/www.redacteur.com\/blog\/cibler-votre-audience-ideale\/\" target=\"_blank\" rel=\"noopener noreferrer\">identifier leur cible.<\/a><\/p>\n<p>Il s\u2019agit bien s\u00fbr l\u00e0 d\u2019une grosse erreur puisque la strat\u00e9gie marketing est justement \u00e9tablie en fonction de cette cible.<\/p>\n<p><img decoding=\"async\" class=\"aligncenter size-full wp-image-18025\" src=\"https:\/\/www.redacteur.com\/blog\/wp-content\/uploads\/sites\/6\/2016\/10\/persona-e1575986991948.png\" alt=\"\" width=\"700\" height=\"459\" srcset=\"https:\/\/www.redacteur.com\/blog\/wp-content\/uploads\/sites\/6\/2016\/10\/persona-e1575986991948.png 700w, https:\/\/www.redacteur.com\/blog\/wp-content\/uploads\/sites\/6\/2016\/10\/persona-e1575986991948-300x197.png 300w, https:\/\/www.redacteur.com\/blog\/wp-content\/uploads\/sites\/6\/2016\/10\/persona-e1575986991948-60x39.png 60w, https:\/\/www.redacteur.com\/blog\/wp-content\/uploads\/sites\/6\/2016\/10\/persona-e1575986991948-370x243.png 370w, https:\/\/www.redacteur.com\/blog\/wp-content\/uploads\/sites\/6\/2016\/10\/persona-e1575986991948-270x177.png 270w, https:\/\/www.redacteur.com\/blog\/wp-content\/uploads\/sites\/6\/2016\/10\/persona-e1575986991948-570x374.png 570w\" sizes=\"(max-width: 700px) 100vw, 700px\" \/><\/p>\n<p>Aussi, prenez soin de d\u00e9finir clairement le profil type du consommateur que vous ciblez.<\/p>\n<p>Est-ce un homme ou une femme\u2009? Quel \u00e2ge a-t-il\u2009? \u00c0 quoi s\u2019int\u00e9resse-t-il\u2009? O\u00f9 vit-il\u2009? Quels sont ses comportements d\u2019achat\u2009?<\/p>\n<p>Ces donn\u00e9es sont essentielles puisque ce sont elles qui doivent vous aider \u00e0 d\u00e9finir les canaux \u00e0 utiliser pour communiquer sur votre produit, mais aussi pour le distribuer.<\/p>\n<blockquote><p>\u00c0 lire aussi\u00a0: <a href=\"https:\/\/www.redacteur.com\/blog\/personas-marketing\/\">Les personas\u00a0: d\u00e9finition et principe<\/a><\/p><\/blockquote>\n<h2>3. Avoir un site web professionnel adapt\u00e9 \u00e0 tous les \u00e9crans<\/h2>\n<p>En 2023, toute TPE et PME se doivent d\u2019avoir une <a href=\"https:\/\/www.redacteur.com\/blog\/astuces-booster-visibilite-contenu-reseaux-sociaux\/\" target=\"_blank\" rel=\"noopener noreferrer\">visibilit\u00e9 sur le web<\/a> gr\u00e2ce \u00e0 un site Internet d\u00e9di\u00e9.<\/p>\n<p>Selon vos besoins, il peut s\u2019agir d\u2019un simple <a href=\"https:\/\/www.redacteur.com\/blog\/reussir-page-accueil-blog\/\" target=\"_blank\" rel=\"noopener noreferrer\">site vitrine<\/a> pr\u00e9sentant l\u2019entreprise et ses valeurs ou bien d\u2019un site plus complet avec blog et, pourquoi pas, une boutique en ligne.<\/p>\n<p><img decoding=\"async\" class=\"aligncenter wp-image-960\" src=\"https:\/\/www.redacteur.com\/blog\/wp-content\/uploads\/sites\/6\/2015\/08\/responsive1.jpg\" alt=\"Bonnes pratiques content marketing JeLoueMonCampingCar\" width=\"607\" height=\"397\" srcset=\"https:\/\/www.redacteur.com\/blog\/wp-content\/uploads\/sites\/6\/2015\/08\/responsive1.jpg 584w, https:\/\/www.redacteur.com\/blog\/wp-content\/uploads\/sites\/6\/2015\/08\/responsive1-300x196.jpg 300w, https:\/\/www.redacteur.com\/blog\/wp-content\/uploads\/sites\/6\/2015\/08\/responsive1-60x39.jpg 60w, https:\/\/www.redacteur.com\/blog\/wp-content\/uploads\/sites\/6\/2015\/08\/responsive1-370x242.jpg 370w, https:\/\/www.redacteur.com\/blog\/wp-content\/uploads\/sites\/6\/2015\/08\/responsive1-270x177.jpg 270w, https:\/\/www.redacteur.com\/blog\/wp-content\/uploads\/sites\/6\/2015\/08\/responsive1-570x373.jpg 570w\" sizes=\"(max-width: 607px) 100vw, 607px\" \/><\/p>\n<blockquote><p>Dans tous les cas, vous devez accorder une vraie importance \u00e0 la conception de votre site web. Il est fondamental que les internautes puissent ais\u00e9ment y naviguer pour trouver les informations qu\u2019ils sont venus \u00e0 chercher. Il est aussi important qu\u2019il soit accessible depuis n\u2019importe quel terminal.<\/p><\/blockquote>\n<p>En effet, la majorit\u00e9 des requ\u00eates sont aujourd\u2019hui formul\u00e9es depuis les smartphones, il est donc \u00e9vident que votre site doit pouvoir accueillir <strong>les mobinautes<\/strong> et leur offrir une bonne exp\u00e9rience utilisateur.<\/p>\n<p>Votre visibilit\u00e9, votre notori\u00e9t\u00e9 et votre image ont tout \u00e0 gagner d\u2019un site Internet de qualit\u00e9\u2026<\/p>\n<h2>4. Mener une campagne de publicit\u00e9 sur Facebook<\/h2>\n<p>Avec des moyens limit\u00e9s, mettre en place une campagne de communication performante est souvent compliqu\u00e9.<\/p>\n<figure id=\"attachment_19908\" aria-describedby=\"caption-attachment-19908\" style=\"width: 600px\" class=\"wp-caption aligncenter\"><img decoding=\"async\" class=\"wp-image-19908 size-full\" src=\"https:\/\/www.redacteur.com\/blog\/wp-content\/uploads\/sites\/6\/2020\/03\/facebook-ads.png\" alt=\"Mener une campagne Facebook ads\" width=\"600\" height=\"583\" srcset=\"https:\/\/www.redacteur.com\/blog\/wp-content\/uploads\/sites\/6\/2020\/03\/facebook-ads.png 600w, https:\/\/www.redacteur.com\/blog\/wp-content\/uploads\/sites\/6\/2020\/03\/facebook-ads-300x292.png 300w, https:\/\/www.redacteur.com\/blog\/wp-content\/uploads\/sites\/6\/2020\/03\/facebook-ads-60x58.png 60w, https:\/\/www.redacteur.com\/blog\/wp-content\/uploads\/sites\/6\/2020\/03\/facebook-ads-370x360.png 370w, https:\/\/www.redacteur.com\/blog\/wp-content\/uploads\/sites\/6\/2020\/03\/facebook-ads-270x262.png 270w, https:\/\/www.redacteur.com\/blog\/wp-content\/uploads\/sites\/6\/2020\/03\/facebook-ads-570x554.png 570w\" sizes=\"(max-width: 600px) 100vw, 600px\" \/><figcaption id=\"caption-attachment-19908\" class=\"wp-caption-text\">Mener une campagne Facebook ads<\/figcaption><\/figure>\n<p>N\u00e9anmoins, si vous avez pris soin de bien identifier votre cible, les <a href=\"https:\/\/www.codeur.com\/blog\/facebook-ads-accroches-conversions\/\" target=\"_blank\" rel=\"noopener noreferrer\">Facebook Ads<\/a> peuvent vous permettre d\u2019y arriver. En effet, le r\u00e9seau social vous donne la possibilit\u00e9 de mener des campagnes tr\u00e8s cibl\u00e9es ce qui peut vous garantir de toucher le public que vous visez.<\/p>\n<p>Les prix \u00e9tant corrects, c\u2019est l\u00e0 un excellent moyen pour une marque de se faire conna\u00eetre de ses potentiels clients.<\/p>\n<blockquote><p>\u00c0 lire aussi\u00a0: <a href=\"https:\/\/www.redacteur.com\/blog\/blogging-facebook-twitter-creer-communaute\/\">Comment cr\u00e9er une communaut\u00e9 avec Facebook et Twitter\u2009?<\/a><\/p><\/blockquote>\n<h2>5. Travailler le r\u00e9f\u00e9rencement de votre site web<\/h2>\n<p>Votre site Internet n\u2019a d\u2019int\u00e9r\u00eat que si les internautes peuvent le trouver ais\u00e9ment.<\/p>\n<p>Aussi, m\u00eame si vous ne disposez pas des fonds pour vous offrir les services d\u2019un expert SEO, prenez le temps de choisir des <a href=\"https:\/\/www.redacteur.com\/blog\/6-outils-trouver-des-mots-cles\/\" target=\"_blank\" rel=\"noopener noreferrer\">mots-cl\u00e9s pertinents<\/a> pour chacune des pages de votre site Internet.<\/p>\n<p><img decoding=\"async\" class=\"aligncenter size-full wp-image-13265\" src=\"https:\/\/www.redacteur.com\/blog\/wp-content\/uploads\/sites\/6\/2018\/06\/bandeau-pub-site-ecommerce.jpg\" alt=\"bandeau publicitaire sur un site ecommerce\" width=\"700\" height=\"485\" srcset=\"https:\/\/www.redacteur.com\/blog\/wp-content\/uploads\/sites\/6\/2018\/06\/bandeau-pub-site-ecommerce.jpg 700w, https:\/\/www.redacteur.com\/blog\/wp-content\/uploads\/sites\/6\/2018\/06\/bandeau-pub-site-ecommerce-300x208.jpg 300w, https:\/\/www.redacteur.com\/blog\/wp-content\/uploads\/sites\/6\/2018\/06\/bandeau-pub-site-ecommerce-60x42.jpg 60w, https:\/\/www.redacteur.com\/blog\/wp-content\/uploads\/sites\/6\/2018\/06\/bandeau-pub-site-ecommerce-370x256.jpg 370w, https:\/\/www.redacteur.com\/blog\/wp-content\/uploads\/sites\/6\/2018\/06\/bandeau-pub-site-ecommerce-270x187.jpg 270w, https:\/\/www.redacteur.com\/blog\/wp-content\/uploads\/sites\/6\/2018\/06\/bandeau-pub-site-ecommerce-435x300.jpg 435w, https:\/\/www.redacteur.com\/blog\/wp-content\/uploads\/sites\/6\/2018\/06\/bandeau-pub-site-ecommerce-570x395.jpg 570w\" sizes=\"(max-width: 700px) 100vw, 700px\" \/><\/p>\n<p>Si cela ne s\u2019av\u00e8re pas trop chronophage, cr\u00e9ez un blog d\u00e9di\u00e9 \u00e0 votre marque et mettez en place une strat\u00e9gie de contenus autour de celle-ci.<\/p>\n<p><a href=\"https:\/\/www.redacteur.com\/blog\/5-questions-a-se-poser-creer-plan-dun-article\/\" target=\"_blank\" rel=\"noopener noreferrer\">R\u00e9digez des articles,<\/a> concevez des <a href=\"https:\/\/www.redacteur.com\/blog\/savoir-rediger-une-infographie\/\" target=\"_blank\" rel=\"noopener noreferrer\">infographies<\/a>, r\u00e9alisez des <a href=\"https:\/\/www.redacteur.com\/blog\/video-marketing-conseils-experts\/\" target=\"_blank\" rel=\"noopener noreferrer\">vid\u00e9os<\/a> et produisez n\u2019importe quel autre type de contenu pourvu qu\u2019il soit de qualit\u00e9.<\/p>\n<p>Si ces <strong>contenus sont optimis\u00e9s pour le SEO<\/strong> et de tr\u00e8s bonnes qualit\u00e9s pour l\u2019internaute, il est certain que votre site va vite gagner en visibilit\u00e9. De plus, vous allez pouvoir cr\u00e9er une vraie <a href=\"https:\/\/www.redacteur.com\/blog\/communaute-reseaux-sociaux\/\" target=\"_blank\" rel=\"noopener noreferrer\">communaut\u00e9 autour de la marque<\/a>, ce qui s\u2019av\u00e9rera un \u00e9norme atout\u2026<\/p>\n<h2>6. Se faire conna\u00eetre localement<\/h2>\n<p>S\u2019il est particuli\u00e8rement important pour vous d\u2019\u00eatre connu par la client\u00e8le locale, il est indispensable d\u2019utiliser le service gratuit <a href=\"https:\/\/www.redacteur.com\/blog\/seo-local-rester-tete-resultats-recherche\/\" target=\"_blank\" rel=\"noopener noreferrer\">Google My Business.<\/a><\/p>\n<p><img decoding=\"async\" class=\"aligncenter wp-image-17304 size-full\" src=\"https:\/\/www.redacteur.com\/blog\/wp-content\/uploads\/sites\/6\/2019\/09\/Capture-decran-2019-09-27-a-10.14.50-e1569572141974.png\" alt=\"smartphone SEO local fiche my google\" width=\"386\" height=\"634\" srcset=\"https:\/\/www.redacteur.com\/blog\/wp-content\/uploads\/sites\/6\/2019\/09\/Capture-decran-2019-09-27-a-10.14.50-e1569572141974.png 386w, https:\/\/www.redacteur.com\/blog\/wp-content\/uploads\/sites\/6\/2019\/09\/Capture-decran-2019-09-27-a-10.14.50-e1569572141974-183x300.png 183w, https:\/\/www.redacteur.com\/blog\/wp-content\/uploads\/sites\/6\/2019\/09\/Capture-decran-2019-09-27-a-10.14.50-e1569572141974-37x60.png 37w, https:\/\/www.redacteur.com\/blog\/wp-content\/uploads\/sites\/6\/2019\/09\/Capture-decran-2019-09-27-a-10.14.50-e1569572141974-370x608.png 370w, https:\/\/www.redacteur.com\/blog\/wp-content\/uploads\/sites\/6\/2019\/09\/Capture-decran-2019-09-27-a-10.14.50-e1569572141974-270x443.png 270w\" sizes=\"(max-width: 386px) 100vw, 386px\" \/><\/p>\n<p>Pour ce faire, rendez-vous sur le site d\u00e9di\u00e9 et prenez le temps de remplir scrupuleusement la fiche entreprise. Cette \u00e9tape franchie, vous gagnerez en visibilit\u00e9 sur les requ\u00eates locales.<\/p>\n<blockquote><p>Par exemple, si vous proposez des prestations de chauffeur VTC sur Cergy, votre site web profitera d\u2019un meilleur classement Google sur la requ\u00eate \u00ab\u2009chauffeur VTC Cergy\u2009\u00bb.<\/p><\/blockquote>\n<p>Mais il est bien \u00e9videmment possible d\u2019aller plus loin pour se faire conna\u00eetre en local. Vous pouvez ainsi vous impliquer dans <a href=\"https:\/\/www.redacteur.com\/blog\/construire-strategie-content-marketing-evenements\/\" target=\"_blank\" rel=\"noopener noreferrer\">des \u00e9v\u00e9nements<\/a> <em>(festival, d\u00e9fil\u00e9, kermesse, tournoi sportif, etc.)<\/em> en tant que b\u00e9n\u00e9vole, m\u00e9c\u00e8ne ou sponsor.<\/p>\n<p>Tout ce qui pourra permettre de valoriser votre image et de vous faire conna\u00eetre ne peut qu\u2019\u00eatre b\u00e9n\u00e9fique \u00e0 votre entreprise.<\/p>\n<blockquote><p>\u00c0 lire aussi\u00a0: <a href=\"https:\/\/www.redacteur.com\/blog\/referencement-local\/\">Le SEO local\u00a0: comment \u00e7a marche\u2009?<\/a><\/p><\/blockquote>\n<h2>7. Mettre en place un programme de parrainage<\/h2>\n<p>Qui peut mieux que vos clients parler en bien de vos produits et vous aider \u00e0 capter une nouvelle client\u00e8le\u2009? \u00c0 vrai dire, pas grand monde\u2009!<\/p>\n<p><img decoding=\"async\" class=\"aligncenter size-full wp-image-14928\" src=\"https:\/\/www.redacteur.com\/blog\/wp-content\/uploads\/sites\/6\/2019\/03\/concours-instagram.jpg\" alt=\"\" width=\"600\" height=\"388\" srcset=\"https:\/\/www.redacteur.com\/blog\/wp-content\/uploads\/sites\/6\/2019\/03\/concours-instagram.jpg 600w, https:\/\/www.redacteur.com\/blog\/wp-content\/uploads\/sites\/6\/2019\/03\/concours-instagram-300x194.jpg 300w, https:\/\/www.redacteur.com\/blog\/wp-content\/uploads\/sites\/6\/2019\/03\/concours-instagram-60x39.jpg 60w, https:\/\/www.redacteur.com\/blog\/wp-content\/uploads\/sites\/6\/2019\/03\/concours-instagram-370x239.jpg 370w, https:\/\/www.redacteur.com\/blog\/wp-content\/uploads\/sites\/6\/2019\/03\/concours-instagram-270x175.jpg 270w, https:\/\/www.redacteur.com\/blog\/wp-content\/uploads\/sites\/6\/2019\/03\/concours-instagram-570x369.jpg 570w\" sizes=\"(max-width: 600px) 100vw, 600px\" \/><\/p>\n<p>Aussi, pourquoi ne pas mettre en place un <strong>programme de parrainage\u2009<\/strong>? Il est effectivement certain que vos clients satisfaits seront ravis de vous faire conna\u00eetre en contrepartie de goodies, de remises ou d\u2019offres exclusives.<\/p>\n<p>Des <a href=\"https:\/\/www.redacteur.com\/blog\/exemples-blog-innovants-marques-voyage\/\" target=\"_blank\" rel=\"noopener noreferrer\">jeux-concours<\/a> sur les r\u00e9seaux sociaux invitant les participants \u00e0 partager votre marque ou vos contenus peuvent aussi \u00eatre un bon moyen de faire conna\u00eetre votre marque \u00e0 moindres frais.<\/p>\n<h2>Notre astuce<\/h2>\n<p>Contrairement \u00e0 ce que certains porteurs de projet d\u2019entreprise pensent, une bonne strat\u00e9gie marketing est indispensable pour pouvoir esp\u00e9rer d\u00e9velopper son activit\u00e9.<\/p>\n<p>Aussi, comme nous venons de le voir, il existe de nombreuses possibilit\u00e9s pour mener de petites actions marketing, et ce m\u00eame si votre budget est limit\u00e9. \u00c0 vous ensuite de voir lesquelles r\u00e9pondent le mieux \u00e0 vos besoins.<\/p>\n<p><strong><a href=\"https:\/\/www.redacteur.com\/\" target=\"_blank\" rel=\"noopener noreferrer\">Redacteur.com<\/a><\/strong> vous accompagne pour concevoir des textes \u00e0 votre demande.<\/p>\n","protected":false},"excerpt":{"rendered":"<p>Chaque ann\u00e9e, en France, 200\u2009000\u00a0personnes tentent l\u2019aventure de l\u2019entrepreneuriat. Bien \u00e9videmment, toutes sont convaincues d\u2019avoir le concept de produit ou de service qui va cartonner sur le march\u00e9. Seulement voil\u00e0, m\u00eame si elles ont r\u00e9ussi ce pari, encore faut-il que leurs clients potentiels puissent les trouver. C\u2019est ici que le marketing doit intervenir pour vous [&hellip;]<\/p>\n","protected":false},"author":1,"featured_media":19911,"comment_status":"open","ping_status":"open","sticky":false,"template":"","format":"standard","meta":{"_acf_changed":false,"inline_featured_image":false,"footnotes":""},"categories":[14],"tags":[],"class_list":["post-19905","post","type-post","status-publish","format-standard","has-post-thumbnail","hentry","category-strategie-editoriale"],"acf":[],"yoast_head":"<!-- This site is optimized with the Yoast SEO plugin v25.9 - https:\/\/yoast.com\/wordpress\/plugins\/seo\/ -->\n<title>7 id\u00e9es marketing pour TPE\/PME - Redacteur Blog<\/title>\n<meta name=\"description\" content=\"Chaque ann\u00e9e, en France, 200\u2009000\u00a0personnes tentent l\u2019aventure de l\u2019entrepreneuriat. Bien \u00e9videmment, toutes sont convaincues d\u2019avoir le concept de produit\" \/>\n<meta name=\"robots\" content=\"index, follow, max-snippet:-1, max-image-preview:large, max-video-preview:-1\" \/>\n<link rel=\"canonical\" href=\"https:\/\/www.redacteur.com\/blog\/idees-marketing-tpe-pme\/\" \/>\n<meta property=\"og:locale\" content=\"fr_FR\" \/>\n<meta property=\"og:type\" content=\"article\" \/>\n<meta property=\"og:title\" content=\"7 id\u00e9es marketing pour TPE\/PME - Redacteur Blog\" \/>\n<meta property=\"og:description\" content=\"Chaque ann\u00e9e, en France, 200\u2009000\u00a0personnes tentent l\u2019aventure de l\u2019entrepreneuriat. Bien \u00e9videmment, toutes sont convaincues d\u2019avoir le concept de produit\" \/>\n<meta property=\"og:url\" content=\"https:\/\/www.redacteur.com\/blog\/idees-marketing-tpe-pme\/\" \/>\n<meta property=\"og:site_name\" content=\"Redacteur.com\" \/>\n<meta property=\"article:publisher\" content=\"https:\/\/www.facebook.com\/redacteurcom\" \/>\n<meta property=\"article:published_time\" content=\"2023-01-27T09:50:00+00:00\" \/>\n<meta property=\"article:modified_time\" content=\"2025-08-20T12:43:23+00:00\" \/>\n<meta property=\"og:image\" content=\"https:\/\/www.redacteur.com\/blog\/wp-content\/uploads\/sites\/6\/2020\/03\/redacteur-blog-img-idees-marketing-TPE-PME-entreprise-petite.jpg\" \/>\n\t<meta property=\"og:image:width\" content=\"850\" \/>\n\t<meta property=\"og:image:height\" content=\"600\" \/>\n\t<meta property=\"og:image:type\" content=\"image\/jpeg\" \/>\n<meta name=\"author\" content=\"Laura Michaud\" \/>\n<meta name=\"twitter:card\" content=\"summary_large_image\" \/>\n<meta name=\"twitter:creator\" content=\"@Redacteurcom\" \/>\n<meta name=\"twitter:site\" content=\"@Redacteurcom\" \/>\n<meta name=\"twitter:label1\" content=\"\u00c9crit par\" \/>\n\t<meta name=\"twitter:data1\" content=\"Laura Michaud\" \/>\n\t<meta name=\"twitter:label2\" content=\"Dur\u00e9e de lecture estim\u00e9e\" \/>\n\t<meta name=\"twitter:data2\" content=\"7 minutes\" \/>\n<script type=\"application\/ld+json\" class=\"yoast-schema-graph\">{\"@context\":\"https:\/\/schema.org\",\"@graph\":[{\"@type\":\"Article\",\"@id\":\"https:\/\/www.redacteur.com\/blog\/idees-marketing-tpe-pme\/#article\",\"isPartOf\":{\"@id\":\"https:\/\/www.redacteur.com\/blog\/idees-marketing-tpe-pme\/\"},\"author\":{\"name\":\"Laura Michaud\",\"@id\":\"https:\/\/www.redacteur.com\/blog\/#\/schema\/person\/33c0ef04707fbe50a096f282050bb5f2\"},\"headline\":\"7 id\u00e9es marketing pour TPE\/PME\",\"datePublished\":\"2023-01-27T09:50:00+00:00\",\"dateModified\":\"2025-08-20T12:43:23+00:00\",\"mainEntityOfPage\":{\"@id\":\"https:\/\/www.redacteur.com\/blog\/idees-marketing-tpe-pme\/\"},\"wordCount\":1174,\"commentCount\":0,\"publisher\":{\"@id\":\"https:\/\/www.redacteur.com\/blog\/#organization\"},\"image\":{\"@id\":\"https:\/\/www.redacteur.com\/blog\/idees-marketing-tpe-pme\/#primaryimage\"},\"thumbnailUrl\":\"https:\/\/www.redacteur.com\/blog\/wp-content\/uploads\/sites\/6\/2020\/03\/redacteur-blog-img-idees-marketing-TPE-PME-entreprise-petite.jpg\",\"articleSection\":[\"Strat\u00e9gie \u00e9ditoriale\"],\"inLanguage\":\"fr-FR\",\"potentialAction\":[{\"@type\":\"CommentAction\",\"name\":\"Comment\",\"target\":[\"https:\/\/www.redacteur.com\/blog\/idees-marketing-tpe-pme\/#respond\"]}]},{\"@type\":\"WebPage\",\"@id\":\"https:\/\/www.redacteur.com\/blog\/idees-marketing-tpe-pme\/\",\"url\":\"https:\/\/www.redacteur.com\/blog\/idees-marketing-tpe-pme\/\",\"name\":\"7 id\u00e9es marketing pour TPE\/PME - Redacteur Blog\",\"isPartOf\":{\"@id\":\"https:\/\/www.redacteur.com\/blog\/#website\"},\"primaryImageOfPage\":{\"@id\":\"https:\/\/www.redacteur.com\/blog\/idees-marketing-tpe-pme\/#primaryimage\"},\"image\":{\"@id\":\"https:\/\/www.redacteur.com\/blog\/idees-marketing-tpe-pme\/#primaryimage\"},\"thumbnailUrl\":\"https:\/\/www.redacteur.com\/blog\/wp-content\/uploads\/sites\/6\/2020\/03\/redacteur-blog-img-idees-marketing-TPE-PME-entreprise-petite.jpg\",\"datePublished\":\"2023-01-27T09:50:00+00:00\",\"dateModified\":\"2025-08-20T12:43:23+00:00\",\"description\":\"Chaque ann\u00e9e, en France, 200\u2009000\u00a0personnes tentent l\u2019aventure de l\u2019entrepreneuriat. Bien \u00e9videmment, toutes sont convaincues d\u2019avoir le concept de produit\",\"breadcrumb\":{\"@id\":\"https:\/\/www.redacteur.com\/blog\/idees-marketing-tpe-pme\/#breadcrumb\"},\"inLanguage\":\"fr-FR\",\"potentialAction\":[{\"@type\":\"ReadAction\",\"target\":[\"https:\/\/www.redacteur.com\/blog\/idees-marketing-tpe-pme\/\"]}]},{\"@type\":\"ImageObject\",\"inLanguage\":\"fr-FR\",\"@id\":\"https:\/\/www.redacteur.com\/blog\/idees-marketing-tpe-pme\/#primaryimage\",\"url\":\"https:\/\/www.redacteur.com\/blog\/wp-content\/uploads\/sites\/6\/2020\/03\/redacteur-blog-img-idees-marketing-TPE-PME-entreprise-petite.jpg\",\"contentUrl\":\"https:\/\/www.redacteur.com\/blog\/wp-content\/uploads\/sites\/6\/2020\/03\/redacteur-blog-img-idees-marketing-TPE-PME-entreprise-petite.jpg\",\"width\":850,\"height\":600},{\"@type\":\"BreadcrumbList\",\"@id\":\"https:\/\/www.redacteur.com\/blog\/idees-marketing-tpe-pme\/#breadcrumb\",\"itemListElement\":[{\"@type\":\"ListItem\",\"position\":1,\"name\":\"Blog\",\"item\":\"https:\/\/www.redacteur.com\/blog\/\"},{\"@type\":\"ListItem\",\"position\":2,\"name\":\"R\u00e9daction web\",\"item\":\"https:\/\/www.redacteur.com\/blog\/redaction-web\/\"},{\"@type\":\"ListItem\",\"position\":3,\"name\":\"Strat\u00e9gie \u00e9ditoriale\",\"item\":\"https:\/\/www.redacteur.com\/blog\/redaction-web\/strategie-editoriale\/\"},{\"@type\":\"ListItem\",\"position\":4,\"name\":\"7 id\u00e9es marketing pour TPE\/PME\"}]},{\"@type\":\"WebSite\",\"@id\":\"https:\/\/www.redacteur.com\/blog\/#website\",\"url\":\"https:\/\/www.redacteur.com\/blog\/\",\"name\":\"Redacteur.com\",\"description\":\"redacteur\",\"publisher\":{\"@id\":\"https:\/\/www.redacteur.com\/blog\/#organization\"},\"potentialAction\":[{\"@type\":\"SearchAction\",\"target\":{\"@type\":\"EntryPoint\",\"urlTemplate\":\"https:\/\/www.redacteur.com\/blog\/?s={search_term_string}\"},\"query-input\":{\"@type\":\"PropertyValueSpecification\",\"valueRequired\":true,\"valueName\":\"search_term_string\"}}],\"inLanguage\":\"fr-FR\"},{\"@type\":\"Organization\",\"@id\":\"https:\/\/www.redacteur.com\/blog\/#organization\",\"name\":\"Redacteur.com\",\"url\":\"https:\/\/www.redacteur.com\/blog\/\",\"logo\":{\"@type\":\"ImageObject\",\"inLanguage\":\"fr-FR\",\"@id\":\"https:\/\/www.redacteur.com\/blog\/#\/schema\/logo\/image\/\",\"url\":\"https:\/\/www.redacteur.com\/blog\/wp-content\/uploads\/sites\/6\/2022\/10\/logo-redacteur-blog.svg\",\"contentUrl\":\"https:\/\/www.redacteur.com\/blog\/wp-content\/uploads\/sites\/6\/2022\/10\/logo-redacteur-blog.svg\",\"width\":1,\"height\":1,\"caption\":\"Redacteur.com\"},\"image\":{\"@id\":\"https:\/\/www.redacteur.com\/blog\/#\/schema\/logo\/image\/\"},\"sameAs\":[\"https:\/\/www.facebook.com\/redacteurcom\",\"https:\/\/x.com\/Redacteurcom\",\"https:\/\/www.linkedin.com\/company\/redacteur-com\",\"https:\/\/www.youtube.com\/channel\/UCgj9ySM9xy3gdL8qBafl9Uw\/\"]},{\"@type\":\"Person\",\"@id\":\"https:\/\/www.redacteur.com\/blog\/#\/schema\/person\/33c0ef04707fbe50a096f282050bb5f2\",\"name\":\"Laura Michaud\",\"image\":{\"@type\":\"ImageObject\",\"inLanguage\":\"fr-FR\",\"@id\":\"https:\/\/www.redacteur.com\/blog\/#\/schema\/person\/image\/\",\"url\":\"https:\/\/secure.gravatar.com\/avatar\/c3328cc0c887f98cec6b2979af3311ab6333fc7cc2d4847514cfec6a56fa08a7?s=96&d=mm&r=g\",\"contentUrl\":\"https:\/\/secure.gravatar.com\/avatar\/c3328cc0c887f98cec6b2979af3311ab6333fc7cc2d4847514cfec6a56fa08a7?s=96&d=mm&r=g\",\"caption\":\"Laura Michaud\"},\"description\":\"Laura connait tous les meilleurs outils pour g\u00e9rer des projets et une entreprise. Cr\u00e9ative, c'est aussi une sp\u00e9cialiste des outils de cr\u00e9ation graphique pour faire briller une entreprise.\",\"sameAs\":[\"https:\/\/www.linkedin.com\/in\/michaudlaura\/\"],\"url\":\"https:\/\/www.redacteur.com\/blog\/author\/laura\/\"}]}<\/script>\n<!-- \/ Yoast SEO plugin. -->","yoast_head_json":{"title":"7 id\u00e9es marketing pour TPE\/PME - Redacteur Blog","description":"Chaque ann\u00e9e, en France, 200\u2009000\u00a0personnes tentent l\u2019aventure de l\u2019entrepreneuriat. Bien \u00e9videmment, toutes sont convaincues d\u2019avoir le concept de produit","robots":{"index":"index","follow":"follow","max-snippet":"max-snippet:-1","max-image-preview":"max-image-preview:large","max-video-preview":"max-video-preview:-1"},"canonical":"https:\/\/www.redacteur.com\/blog\/idees-marketing-tpe-pme\/","og_locale":"fr_FR","og_type":"article","og_title":"7 id\u00e9es marketing pour TPE\/PME - Redacteur Blog","og_description":"Chaque ann\u00e9e, en France, 200\u2009000\u00a0personnes tentent l\u2019aventure de l\u2019entrepreneuriat. Bien \u00e9videmment, toutes sont convaincues d\u2019avoir le concept de produit","og_url":"https:\/\/www.redacteur.com\/blog\/idees-marketing-tpe-pme\/","og_site_name":"Redacteur.com","article_publisher":"https:\/\/www.facebook.com\/redacteurcom","article_published_time":"2023-01-27T09:50:00+00:00","article_modified_time":"2025-08-20T12:43:23+00:00","og_image":[{"width":850,"height":600,"url":"https:\/\/www.redacteur.com\/blog\/wp-content\/uploads\/sites\/6\/2020\/03\/redacteur-blog-img-idees-marketing-TPE-PME-entreprise-petite.jpg","type":"image\/jpeg"}],"author":"Laura Michaud","twitter_card":"summary_large_image","twitter_creator":"@Redacteurcom","twitter_site":"@Redacteurcom","twitter_misc":{"\u00c9crit par":"Laura Michaud","Dur\u00e9e de lecture estim\u00e9e":"7 minutes"},"schema":{"@context":"https:\/\/schema.org","@graph":[{"@type":"Article","@id":"https:\/\/www.redacteur.com\/blog\/idees-marketing-tpe-pme\/#article","isPartOf":{"@id":"https:\/\/www.redacteur.com\/blog\/idees-marketing-tpe-pme\/"},"author":{"name":"Laura Michaud","@id":"https:\/\/www.redacteur.com\/blog\/#\/schema\/person\/33c0ef04707fbe50a096f282050bb5f2"},"headline":"7 id\u00e9es marketing pour TPE\/PME","datePublished":"2023-01-27T09:50:00+00:00","dateModified":"2025-08-20T12:43:23+00:00","mainEntityOfPage":{"@id":"https:\/\/www.redacteur.com\/blog\/idees-marketing-tpe-pme\/"},"wordCount":1174,"commentCount":0,"publisher":{"@id":"https:\/\/www.redacteur.com\/blog\/#organization"},"image":{"@id":"https:\/\/www.redacteur.com\/blog\/idees-marketing-tpe-pme\/#primaryimage"},"thumbnailUrl":"https:\/\/www.redacteur.com\/blog\/wp-content\/uploads\/sites\/6\/2020\/03\/redacteur-blog-img-idees-marketing-TPE-PME-entreprise-petite.jpg","articleSection":["Strat\u00e9gie \u00e9ditoriale"],"inLanguage":"fr-FR","potentialAction":[{"@type":"CommentAction","name":"Comment","target":["https:\/\/www.redacteur.com\/blog\/idees-marketing-tpe-pme\/#respond"]}]},{"@type":"WebPage","@id":"https:\/\/www.redacteur.com\/blog\/idees-marketing-tpe-pme\/","url":"https:\/\/www.redacteur.com\/blog\/idees-marketing-tpe-pme\/","name":"7 id\u00e9es marketing pour TPE\/PME - Redacteur Blog","isPartOf":{"@id":"https:\/\/www.redacteur.com\/blog\/#website"},"primaryImageOfPage":{"@id":"https:\/\/www.redacteur.com\/blog\/idees-marketing-tpe-pme\/#primaryimage"},"image":{"@id":"https:\/\/www.redacteur.com\/blog\/idees-marketing-tpe-pme\/#primaryimage"},"thumbnailUrl":"https:\/\/www.redacteur.com\/blog\/wp-content\/uploads\/sites\/6\/2020\/03\/redacteur-blog-img-idees-marketing-TPE-PME-entreprise-petite.jpg","datePublished":"2023-01-27T09:50:00+00:00","dateModified":"2025-08-20T12:43:23+00:00","description":"Chaque ann\u00e9e, en France, 200\u2009000\u00a0personnes tentent l\u2019aventure de l\u2019entrepreneuriat. Bien \u00e9videmment, toutes sont convaincues d\u2019avoir le concept de produit","breadcrumb":{"@id":"https:\/\/www.redacteur.com\/blog\/idees-marketing-tpe-pme\/#breadcrumb"},"inLanguage":"fr-FR","potentialAction":[{"@type":"ReadAction","target":["https:\/\/www.redacteur.com\/blog\/idees-marketing-tpe-pme\/"]}]},{"@type":"ImageObject","inLanguage":"fr-FR","@id":"https:\/\/www.redacteur.com\/blog\/idees-marketing-tpe-pme\/#primaryimage","url":"https:\/\/www.redacteur.com\/blog\/wp-content\/uploads\/sites\/6\/2020\/03\/redacteur-blog-img-idees-marketing-TPE-PME-entreprise-petite.jpg","contentUrl":"https:\/\/www.redacteur.com\/blog\/wp-content\/uploads\/sites\/6\/2020\/03\/redacteur-blog-img-idees-marketing-TPE-PME-entreprise-petite.jpg","width":850,"height":600},{"@type":"BreadcrumbList","@id":"https:\/\/www.redacteur.com\/blog\/idees-marketing-tpe-pme\/#breadcrumb","itemListElement":[{"@type":"ListItem","position":1,"name":"Blog","item":"https:\/\/www.redacteur.com\/blog\/"},{"@type":"ListItem","position":2,"name":"R\u00e9daction web","item":"https:\/\/www.redacteur.com\/blog\/redaction-web\/"},{"@type":"ListItem","position":3,"name":"Strat\u00e9gie \u00e9ditoriale","item":"https:\/\/www.redacteur.com\/blog\/redaction-web\/strategie-editoriale\/"},{"@type":"ListItem","position":4,"name":"7 id\u00e9es marketing pour TPE\/PME"}]},{"@type":"WebSite","@id":"https:\/\/www.redacteur.com\/blog\/#website","url":"https:\/\/www.redacteur.com\/blog\/","name":"Redacteur.com","description":"redacteur","publisher":{"@id":"https:\/\/www.redacteur.com\/blog\/#organization"},"potentialAction":[{"@type":"SearchAction","target":{"@type":"EntryPoint","urlTemplate":"https:\/\/www.redacteur.com\/blog\/?s={search_term_string}"},"query-input":{"@type":"PropertyValueSpecification","valueRequired":true,"valueName":"search_term_string"}}],"inLanguage":"fr-FR"},{"@type":"Organization","@id":"https:\/\/www.redacteur.com\/blog\/#organization","name":"Redacteur.com","url":"https:\/\/www.redacteur.com\/blog\/","logo":{"@type":"ImageObject","inLanguage":"fr-FR","@id":"https:\/\/www.redacteur.com\/blog\/#\/schema\/logo\/image\/","url":"https:\/\/www.redacteur.com\/blog\/wp-content\/uploads\/sites\/6\/2022\/10\/logo-redacteur-blog.svg","contentUrl":"https:\/\/www.redacteur.com\/blog\/wp-content\/uploads\/sites\/6\/2022\/10\/logo-redacteur-blog.svg","width":1,"height":1,"caption":"Redacteur.com"},"image":{"@id":"https:\/\/www.redacteur.com\/blog\/#\/schema\/logo\/image\/"},"sameAs":["https:\/\/www.facebook.com\/redacteurcom","https:\/\/x.com\/Redacteurcom","https:\/\/www.linkedin.com\/company\/redacteur-com","https:\/\/www.youtube.com\/channel\/UCgj9ySM9xy3gdL8qBafl9Uw\/"]},{"@type":"Person","@id":"https:\/\/www.redacteur.com\/blog\/#\/schema\/person\/33c0ef04707fbe50a096f282050bb5f2","name":"Laura Michaud","image":{"@type":"ImageObject","inLanguage":"fr-FR","@id":"https:\/\/www.redacteur.com\/blog\/#\/schema\/person\/image\/","url":"https:\/\/secure.gravatar.com\/avatar\/c3328cc0c887f98cec6b2979af3311ab6333fc7cc2d4847514cfec6a56fa08a7?s=96&d=mm&r=g","contentUrl":"https:\/\/secure.gravatar.com\/avatar\/c3328cc0c887f98cec6b2979af3311ab6333fc7cc2d4847514cfec6a56fa08a7?s=96&d=mm&r=g","caption":"Laura Michaud"},"description":"Laura connait tous les meilleurs outils pour g\u00e9rer des projets et une entreprise. Cr\u00e9ative, c'est aussi une sp\u00e9cialiste des outils de cr\u00e9ation graphique pour faire briller une entreprise.","sameAs":["https:\/\/www.linkedin.com\/in\/michaudlaura\/"],"url":"https:\/\/www.redacteur.com\/blog\/author\/laura\/"}]}},"_links":{"self":[{"href":"https:\/\/www.redacteur.com\/blog\/wp-json\/wp\/v2\/posts\/19905","targetHints":{"allow":["GET"]}}],"collection":[{"href":"https:\/\/www.redacteur.com\/blog\/wp-json\/wp\/v2\/posts"}],"about":[{"href":"https:\/\/www.redacteur.com\/blog\/wp-json\/wp\/v2\/types\/post"}],"author":[{"embeddable":true,"href":"https:\/\/www.redacteur.com\/blog\/wp-json\/wp\/v2\/users\/1"}],"replies":[{"embeddable":true,"href":"https:\/\/www.redacteur.com\/blog\/wp-json\/wp\/v2\/comments?post=19905"}],"version-history":[{"count":0,"href":"https:\/\/www.redacteur.com\/blog\/wp-json\/wp\/v2\/posts\/19905\/revisions"}],"wp:featuredmedia":[{"embeddable":true,"href":"https:\/\/www.redacteur.com\/blog\/wp-json\/wp\/v2\/media\/19911"}],"wp:attachment":[{"href":"https:\/\/www.redacteur.com\/blog\/wp-json\/wp\/v2\/media?parent=19905"}],"wp:term":[{"taxonomy":"category","embeddable":true,"href":"https:\/\/www.redacteur.com\/blog\/wp-json\/wp\/v2\/categories?post=19905"},{"taxonomy":"post_tag","embeddable":true,"href":"https:\/\/www.redacteur.com\/blog\/wp-json\/wp\/v2\/tags?post=19905"}],"curies":[{"name":"wp","href":"https:\/\/api.w.org\/{rel}","templated":true}]}}