{"id":19913,"date":"2020-03-20T10:30:38","date_gmt":"2020-03-20T09:30:38","guid":{"rendered":"https:\/\/www.redacteur.com\/blog\/?p=19913"},"modified":"2020-03-20T10:30:38","modified_gmt":"2020-03-20T09:30:38","slug":"les-metiers-du-web","status":"publish","type":"post","link":"https:\/\/www.redacteur.com\/blog\/les-metiers-du-web\/","title":{"rendered":"Tout savoir sur les m\u00e9tiers du web"},"content":{"rendered":"<p>L\u2019\u00e9mergence d\u2019Internet en entreprise pousse celles-ci \u00e0 recruter de plus en plus de sp\u00e9cialistes web.<\/p>\n<p>D\u00e9couvrez quels sont les m\u00e9tiers d\u2019avenir et quelles sont les comp\u00e9tences n\u00e9cessaires.<\/p>\n<p>&nbsp;<\/p>\n<p><strong>Sommaires&nbsp;:<\/strong> <\/p>\n<ul>\n<li><a href=\"#seo\">Devenir r\u00e9f\u00e9renceur SEO<\/a><\/li>\n<li><a href=\"#sea\">Devenir r\u00e9f\u00e9rencement sponsoris\u00e9<\/a><\/li>\n<li><a href=\"#analytics\">Devenir responsable web analytics<\/a><\/li>\n<li><a href=\"#chef-de-projet\">Devenir chef de projet Web<\/a><\/li>\n<li><a href=\"#webmasteur\">Devenir webmasteur<\/a><\/li>\n<li><a href=\"#webdesigner\">Devenir webdesigner<\/a><\/li>\n<li><a href=\"#responsable-editorial\">Devenir responsable \u00e9ditorial<\/a><\/li>\n<li><a href=\"#responsable-affiliation\">Devenir responsable affiliation<\/a><\/li>\n<li><a href=\"#chef-de-projet-mobile\">Devenir chef de projet mobile<\/a><\/li>\n<li><a href=\"#responsable-e-crm\">Devenir responsable e-CRM<\/a><\/li>\n<li><a href=\"#webmarketeur\">Devenir webmarketeur<\/a><\/li>\n<li><a href=\"#responsable-e-commerce\">Devenir responsable e-commerce<\/a><\/li>\n<li><a href=\"#journaliste-web\">Devenir journaliste web<\/a><\/li>\n<li><a href=\"#community-manager\">Devenir community manager<\/a><\/li>\n<li><a href=\"#charge-communication\">Devenir charg\u00e9 de communication<\/a><\/li>\n<li><a href=\"#ux-writer\">Devenir UX Writer<\/a><\/li>\n<li><a href=\"#nouveaux-metiers\">L&#8217;avenir de ces\u00a0nouveaux m\u00e9tiers du Web<\/a><\/li>\n<\/ul>\n<p>&nbsp;<\/p>\n<h2 id=\"seo\">R\u00e9f\u00e9renceur SEO<\/h2>\n<p><img decoding=\"async\" class=\"aligncenter wp-image-17731\" src=\"https:\/\/www.redacteur.com\/blog\/wp-content\/uploads\/sites\/6\/2019\/11\/redacteur-blog-img-une-termes-a-connaitre-glossaire-du-referencement.jpg\" alt=\"\" width=\"565\" height=\"399\" srcset=\"https:\/\/www.redacteur.com\/blog\/wp-content\/uploads\/sites\/6\/2019\/11\/redacteur-blog-img-une-termes-a-connaitre-glossaire-du-referencement.jpg 850w, https:\/\/www.redacteur.com\/blog\/wp-content\/uploads\/sites\/6\/2019\/11\/redacteur-blog-img-une-termes-a-connaitre-glossaire-du-referencement-300x212.jpg 300w, https:\/\/www.redacteur.com\/blog\/wp-content\/uploads\/sites\/6\/2019\/11\/redacteur-blog-img-une-termes-a-connaitre-glossaire-du-referencement-768x542.jpg 768w, https:\/\/www.redacteur.com\/blog\/wp-content\/uploads\/sites\/6\/2019\/11\/redacteur-blog-img-une-termes-a-connaitre-glossaire-du-referencement-60x42.jpg 60w, https:\/\/www.redacteur.com\/blog\/wp-content\/uploads\/sites\/6\/2019\/11\/redacteur-blog-img-une-termes-a-connaitre-glossaire-du-referencement-370x261.jpg 370w, https:\/\/www.redacteur.com\/blog\/wp-content\/uploads\/sites\/6\/2019\/11\/redacteur-blog-img-une-termes-a-connaitre-glossaire-du-referencement-270x191.jpg 270w, https:\/\/www.redacteur.com\/blog\/wp-content\/uploads\/sites\/6\/2019\/11\/redacteur-blog-img-une-termes-a-connaitre-glossaire-du-referencement-570x402.jpg 570w, https:\/\/www.redacteur.com\/blog\/wp-content\/uploads\/sites\/6\/2019\/11\/redacteur-blog-img-une-termes-a-connaitre-glossaire-du-referencement-740x522.jpg 740w\" sizes=\"(max-width: 565px) 100vw, 565px\" \/><\/p>\n<p>Le r\u00e9f\u00e9renceur SEO a pour but d\u2019am\u00e9liorer le <strong>r\u00e9f\u00e9rencement naturel<\/strong> d\u2019un site web. Il a donc pour mission principale de faire appara\u00eetre, le mieux possible, les pages du site dans les <strong>r\u00e9sultats des moteurs de recherche<\/strong> sur un mot cl\u00e9 ou une expression donn\u00e9e. Tout cela en optimisant l&#8217;apport de trafic g\u00e9n\u00e9r\u00e9 par ces moteurs.<\/p>\n<p>Pour \u00eatre un bon r\u00e9f\u00e9renceur web, il faut maitriser certaines comp\u00e9tences techniques, \u00e0 savoir les bases du html ou encore les techniques de r\u00e9f\u00e9rencement sur les moteurs de recherches les plus utilis\u00e9s afin de pouvoir d\u00e9crypter le fonctionnement des algorithmes des moteurs de recherche. Ce sont en g\u00e9n\u00e9ral des personnes ayant une exp\u00e9rience en tant que d\u00e9veloppeur, programmeur ou webmaster.\u00a0Les principales qualit\u00e9s du r\u00e9f\u00e9renceur web sont la r\u00e9activit\u00e9 et la rigueur.<\/p>\n<p>A l\u2019heure d\u2019aujourd\u2019hui, il serait difficile de dire que le m\u00e9tier de <a href=\"https:\/\/www.codeur.com\/blog\/devenir-consultant-en-referencement\">r\u00e9f\u00e9renceur web<\/a> n\u2019est pas un m\u00e9tier d\u2019avenir. Avec 57,29 millions de Fran\u00e7ais connect\u00e9s \u00e0 Internet, les propri\u00e9taires de sites veulent tous \u00eatre bien r\u00e9f\u00e9renc\u00e9s sur les moteurs de recherche pour \u00eatre visibles.<\/p>\n<blockquote><p>L\u2019audience d\u2019un site web d\u00e9pend tr\u00e8s largement de la qualit\u00e9 de son r\u00e9f\u00e9rencement sur les moteurs de recherche tels que Google ou encore Bing, Qwant, Ecosia&#8230; Plus votre site sera bien positionn\u00e9 dans les r\u00e9sultats de recherche Google et plus il sera visit\u00e9.<\/p><\/blockquote>\n<p>N\u2019allez pas croire que votre position sur Google est hasardeuse. Celle-ci d\u00e9coule en grande partie du travail du r\u00e9f\u00e9renceur web. Les objectifs du <strong>r\u00e9f\u00e9renceur web<\/strong> sont multiples, il doit notamment accro\u00eetre la visibilit\u00e9 et l\u2019audience des sites internet.<\/p>\n<p>Pour cela, il va identifier les cibles et les concurrents directs puis \u00e9tablir une liste de mots cl\u00e9s en rapport avec le site. Son m\u00e9tier ne s\u2019arr\u00eate pas l\u00e0, il assure le suivi du r\u00e9f\u00e9rencement en l\u2019ajustant de jour en jour et en cherchant toujours plus \u00e0 l\u2019am\u00e9liorer. Le r\u00e9f\u00e9renceur web peut travailler \u00e0 la fois pour le <strong>r\u00e9f\u00e9rencement sponsoris\u00e9\u00a0<\/strong>(<em>lien article Google Adwords<\/em>) mais aussi pour<a href=\"https:\/\/www.redacteur.com\/blog\/ameliorez-qualite-texte-plugin-chrome\/\" target=\"_blank\" rel=\"noopener noreferrer\"> le r\u00e9f\u00e9rencement naturel.<\/a><\/p>\n<p>&nbsp;<\/p>\n<h2 id=\"sea\">Consultant en r\u00e9f\u00e9rencement sponsoris\u00e9<\/h2>\n<p>Le\u00a0m\u00e9tier de consultant en r\u00e9f\u00e9rencement sponsoris\u00e9 (SEA pour Search Engine Advertising<strong>) <\/strong>a pour mission de rendre un site web visible depuis un moteur de recherche et d\u2019augmenter son audience au moyen de campagnes publicitaires bas\u00e9es sur l\u2019achat de mots-cl\u00e9s.<\/p>\n<p><img decoding=\"async\" class=\"aligncenter size-full wp-image-17406\" src=\"https:\/\/www.redacteur.com\/blog\/wp-content\/uploads\/sites\/6\/2016\/09\/keyword-mot-cl\u00e9-google-referencement-seo-contenu.jpg\" alt=\"mot cl\u00e9 google r\u00e9f\u00e9rencement web\" width=\"650\" height=\"433\" \/><\/p>\n<p>Le r\u00f4le du <strong>consultant en r\u00e9f\u00e9rencement sponsoris\u00e9<\/strong>\u00a0est d\u2019\u00e9tudier et de proposer un plan d\u2019action le plus adapt\u00e9 possible aux objectifs et besoins formul\u00e9s par un client pour son site web. Pour cela, il va construire une strat\u00e9gie de <strong>r\u00e9f\u00e9rencement<\/strong> payante sur les moteurs de recherche tels que Google ou Yahoo&nbsp;!<\/p>\n<p>Une fois cette campagne r\u00e9alis\u00e9e, le consultant SEA\u00a0se doit de suivre celle-ci et de l\u2019optimiser en fonction des r\u00e9sultats obtenus et des r\u00e9sultats esp\u00e9r\u00e9s.<\/p>\n<p>Le travail du <strong>consultant SEA<\/strong>\u00a0consiste principalement \u00e0 remplir 3 missions&nbsp;:<\/p>\n<ul>\n<li>Garantir une bonne lisibilit\u00e9 du site web par les moteurs de recherche<\/li>\n<li>Rendre le contenu du site web attractif<\/li>\n<li>S\u2019assurer du respect des objectifs de performances des campagnes publicitaires<\/li>\n<\/ul>\n<p>Le <strong>consultant en r\u00e9f\u00e9rencement\u00a0sponsoris\u00e9<\/strong>\u00a0intervient en tant que consultant ind\u00e9pendant ou travaille au sein d\u2019une agence. Il collabore avec tous les acteurs touchant \u00e0 la gestion du site web.<\/p>\n<p>Le <strong>consultant en r\u00e9f\u00e9rencement payant<\/strong> doit avoir une grande connaissance en mati\u00e8re de communication mais surtout en mati\u00e8re de moteurs de recherche. Il doit savoir appr\u00e9hender l\u2019environnement du site web et ma\u00eetriser les outils web relatifs au <strong>r\u00e9f\u00e9rencement<\/strong>.<\/p>\n<blockquote><p>Le consultant en r\u00e9f\u00e9rencement payant est une personne polyvalente qui fait le lien entre la technique, le marketing et le commerce. C\u2019est une personne avenante qui doit avoir un grand sens relationnel.<\/p><\/blockquote>\n<blockquote><p>\u00c0 lire aussi&nbsp;: <a href=\"https:\/\/www.redacteur.com\/blog\/seo-pourquoi-utiliser-semantique\/\">SEO&nbsp;: Pourquoi utiliser la s\u00e9mantique pour mieux se r\u00e9f\u00e9rencer&nbsp;?<\/a><\/p><\/blockquote>\n<p>&nbsp;<\/p>\n<h2 id=\"analytics\">Responsable web analytics<\/h2>\n<p><img decoding=\"async\" class=\"aligncenter size-full wp-image-17177\" src=\"https:\/\/www.redacteur.com\/blog\/wp-content\/uploads\/sites\/6\/2019\/09\/google-website-analytics-picjumbo-com.jpg\" alt=\"id\u00e9es de contenus faciles sur evergreen content blog r\u00e9dacteur\" width=\"650\" height=\"433\" srcset=\"https:\/\/www.redacteur.com\/blog\/wp-content\/uploads\/sites\/6\/2019\/09\/google-website-analytics-picjumbo-com.jpg 650w, https:\/\/www.redacteur.com\/blog\/wp-content\/uploads\/sites\/6\/2019\/09\/google-website-analytics-picjumbo-com-300x200.jpg 300w, https:\/\/www.redacteur.com\/blog\/wp-content\/uploads\/sites\/6\/2019\/09\/google-website-analytics-picjumbo-com-60x40.jpg 60w, https:\/\/www.redacteur.com\/blog\/wp-content\/uploads\/sites\/6\/2019\/09\/google-website-analytics-picjumbo-com-370x246.jpg 370w, https:\/\/www.redacteur.com\/blog\/wp-content\/uploads\/sites\/6\/2019\/09\/google-website-analytics-picjumbo-com-270x180.jpg 270w, https:\/\/www.redacteur.com\/blog\/wp-content\/uploads\/sites\/6\/2019\/09\/google-website-analytics-picjumbo-com-570x380.jpg 570w\" sizes=\"(max-width: 650px) 100vw, 650px\" \/><\/p>\n<p>Le responsable web analytics <strong>analyse les comportements et les habitudes des internautes<\/strong>.<\/p>\n<p>De ce fait, il prend en compte plusieurs donn\u00e9es comme le nombre de visiteurs ayant vu telles pages, ayant cliqu\u00e9s sur tels liens, \u00e9tant rest\u00e9s tant de temps sur le site, etc. Gr\u00e2ce \u00e0 cela, il sera plus facile d\u2019analyser le <strong>taux de rebond<\/strong>, le <strong>taux d&#8217;ouverture d&#8217;une newsletter<\/strong>\u2026<\/p>\n<p>Un bon responsable web analytics doit \u00eatre expert en statistiques mais aussi <strong>\u00e0 l&#8217;\u00e9coute des besoins<\/strong> de chaque internaute.<\/p>\n<blockquote><p>\u00c0 lire aussi&nbsp;: <a href=\"https:\/\/www.redacteur.com\/blog\/google-analytics-trouver-idees-sujets\/\">Google Analytics&nbsp;: 4 astuces pour trouver des id\u00e9es de contenu<\/a><\/p><\/blockquote>\n<p>&nbsp;<\/p>\n<h2 id=\"chef-de-projet\">Chef de projet web<\/h2>\n<p>Le m\u00e9tier de chef de projet web inclut de <strong>f\u00e9d\u00e9rer toute une \u00e9quipe<\/strong> autour d\u2019un seul et m\u00eame projet, de sa conception \u00e0 sa r\u00e9alisation. Un chef de projet web joue le r\u00f4le d&#8217;interface entre les <strong>\u00e9quipes techniques et marketing<\/strong> et v\u00e9rifie aussi que les plannings ainsi que les budgets sont respect\u00e9s.<\/p>\n<p><img decoding=\"async\" class=\"aligncenter size-full wp-image-19834\" src=\"https:\/\/www.redacteur.com\/blog\/wp-content\/uploads\/sites\/6\/2015\/12\/3327598-e1583401480750.jpg\" alt=\"productivit\u00e9 freelance \u00e9crire plus vite\" width=\"650\" height=\"650\" srcset=\"https:\/\/www.redacteur.com\/blog\/wp-content\/uploads\/sites\/6\/2015\/12\/3327598-e1583401480750.jpg 650w, https:\/\/www.redacteur.com\/blog\/wp-content\/uploads\/sites\/6\/2015\/12\/3327598-e1583401480750-300x300.jpg 300w, https:\/\/www.redacteur.com\/blog\/wp-content\/uploads\/sites\/6\/2015\/12\/3327598-e1583401480750-150x150.jpg 150w, https:\/\/www.redacteur.com\/blog\/wp-content\/uploads\/sites\/6\/2015\/12\/3327598-e1583401480750-60x60.jpg 60w, https:\/\/www.redacteur.com\/blog\/wp-content\/uploads\/sites\/6\/2015\/12\/3327598-e1583401480750-370x370.jpg 370w, https:\/\/www.redacteur.com\/blog\/wp-content\/uploads\/sites\/6\/2015\/12\/3327598-e1583401480750-270x270.jpg 270w, https:\/\/www.redacteur.com\/blog\/wp-content\/uploads\/sites\/6\/2015\/12\/3327598-e1583401480750-570x570.jpg 570w\" sizes=\"(max-width: 650px) 100vw, 650px\" \/><\/p>\n<p>Il est donc primordial de savoir <strong>manager<\/strong>, mais \u00e9galement de savoir <strong>anticiper et g\u00e9rer les risques<\/strong>. De plus, avoir des connaissances techniques peut s\u2019av\u00e9rer \u00eatre un v\u00e9ritable atout lors d\u2019\u00e9changes avec l\u2019\u00e9quipe technique.<\/p>\n<blockquote><p>\u00c0 lire aussi&nbsp;:\u00a0<a href=\"https:\/\/www.redacteur.com\/blog\/comment-rediger-une-charte-editoriale-pour-le-web\/\">Comment r\u00e9diger une charte \u00e9ditoriale pour le web&nbsp;? <\/a><\/p><\/blockquote>\n<p>&nbsp;<\/p>\n<h2 id=\"webmasteur\">Webmasteur<\/h2>\n<p>La fonction de webmaster \u00e9ditorial s&#8217;exerce g\u00e9n\u00e9ralement <a href=\"https:\/\/www.redacteur.com\/blog\/idees-marketing-tpe-pme\/\" target=\"_blank\" rel=\"noopener noreferrer\">au sein de petites et moyennes entreprises<\/a>. Dans les soci\u00e9t\u00e9s de plus grande envergure, chaque fonction sp\u00e9cifique du Net a son repr\u00e9sentant attitr\u00e9 (responsable \u00e9ditorial, r\u00e9dacteurs, graphistes, vid\u00e9astes, etc.).<\/p>\n<p><img decoding=\"async\" class=\"aligncenter size-full wp-image-20032\" src=\"https:\/\/www.redacteur.com\/blog\/wp-content\/uploads\/sites\/6\/2020\/03\/flat-web-page-design-template-quality-content-homepage_124046-165.jpg\" alt=\"\" width=\"626\" height=\"375\" srcset=\"https:\/\/www.redacteur.com\/blog\/wp-content\/uploads\/sites\/6\/2020\/03\/flat-web-page-design-template-quality-content-homepage_124046-165.jpg 626w, https:\/\/www.redacteur.com\/blog\/wp-content\/uploads\/sites\/6\/2020\/03\/flat-web-page-design-template-quality-content-homepage_124046-165-300x180.jpg 300w, https:\/\/www.redacteur.com\/blog\/wp-content\/uploads\/sites\/6\/2020\/03\/flat-web-page-design-template-quality-content-homepage_124046-165-60x36.jpg 60w, https:\/\/www.redacteur.com\/blog\/wp-content\/uploads\/sites\/6\/2020\/03\/flat-web-page-design-template-quality-content-homepage_124046-165-370x222.jpg 370w, https:\/\/www.redacteur.com\/blog\/wp-content\/uploads\/sites\/6\/2020\/03\/flat-web-page-design-template-quality-content-homepage_124046-165-270x162.jpg 270w, https:\/\/www.redacteur.com\/blog\/wp-content\/uploads\/sites\/6\/2020\/03\/flat-web-page-design-template-quality-content-homepage_124046-165-570x341.jpg 570w\" sizes=\"(max-width: 626px) 100vw, 626px\" \/><\/p>\n<p>Le webmaster est \u00e0 lui seul la synth\u00e8se parfaite de tous ces nouveaux m\u00e9tiers du contenu. Il est \u00e0 la fois r\u00e9dacteur, webmaster, secr\u00e9taire de r\u00e9daction. Il est l&#8217;animateur du site Internet de l&#8217;entreprise, c&#8217;est lui qui g\u00e8re les r\u00e9ponses aux e-mails des internautes et publie r\u00e9guli\u00e8rement les actualit\u00e9s sur le site.<\/p>\n<p>Une connaissance parfaite de la culture de l&#8217;entreprise est \u00e9videmment requise, de m\u00eame que la ma\u00eetrise des techniques de r\u00e9daction en ligne et de publication des contenus. Il conna\u00eet parfaitement le Web et tous les principaux outils de gestion de contenus, il est rigoureux, dot\u00e9 d&#8217;une excellente plume et d&#8217;un bon esprit de synth\u00e8se.<\/p>\n<p>La ma\u00eetrise du langage html et des outils d&#8217;\u00e9dition web (Dreamweaver) et de graphisme (Photoshop) sont des atouts suppl\u00e9mentaires pour ce v\u00e9ritable maestro des contenus en ligne.<\/p>\n<blockquote><p>\u00c0 lire aussi&nbsp;: <a href=\"https:\/\/www.redacteur.com\/blog\/6-outils-trouver-des-mots-cles\/\">SEO&nbsp;: 5 outils gratuits pour trouver des mots-cl\u00e9s pertinents<\/a><\/p><\/blockquote>\n<p>&nbsp;<\/p>\n<h2 id=\"webdesigner\">Web Designer<\/h2>\n<p>Le r\u00f4le principal d\u2019un web designer est de <strong>d\u00e9finir l&#8217;identit\u00e9 visuelle<\/strong> d&#8217;un site Internet et de ses services associ\u00e9s tels que la newsletter, l\u2019e-mailing, etc. Il doit donc g\u00e9rer l&#8217;architecture interactionnelle, l&#8217;organisation des pages, l&#8217;arborescence et la navigation du site.<\/p>\n<p><img decoding=\"async\" class=\"aligncenter size-full wp-image-19206\" src=\"https:\/\/www.redacteur.com\/blog\/wp-content\/uploads\/sites\/6\/2020\/01\/fast-cart-website-page-design_153148-26.jpg\" alt=\"\" width=\"626\" height=\"417\" srcset=\"https:\/\/www.redacteur.com\/blog\/wp-content\/uploads\/sites\/6\/2020\/01\/fast-cart-website-page-design_153148-26.jpg 626w, https:\/\/www.redacteur.com\/blog\/wp-content\/uploads\/sites\/6\/2020\/01\/fast-cart-website-page-design_153148-26-300x200.jpg 300w, https:\/\/www.redacteur.com\/blog\/wp-content\/uploads\/sites\/6\/2020\/01\/fast-cart-website-page-design_153148-26-60x40.jpg 60w, https:\/\/www.redacteur.com\/blog\/wp-content\/uploads\/sites\/6\/2020\/01\/fast-cart-website-page-design_153148-26-370x246.jpg 370w, https:\/\/www.redacteur.com\/blog\/wp-content\/uploads\/sites\/6\/2020\/01\/fast-cart-website-page-design_153148-26-270x180.jpg 270w, https:\/\/www.redacteur.com\/blog\/wp-content\/uploads\/sites\/6\/2020\/01\/fast-cart-website-page-design_153148-26-570x380.jpg 570w\" sizes=\"(max-width: 626px) 100vw, 626px\" \/><\/p>\n<p>Un web designer doit \u00eatre dot\u00e9 d\u2019un <strong>esprit cr\u00e9atif<\/strong> et d\u2019un <strong>sens esth\u00e9tique<\/strong> tout en ayant de solides comp\u00e9tences techniques. Il doit favoriser pour cela les <strong>outils de programmation<\/strong> (html, Java,\u2026) et les <strong>logiciels de traitement d\u2019image<\/strong> (Photoshop, Indesign, Flash, etc.)<\/p>\n<blockquote><p>\u00c0 lire aussi&nbsp;: <a href=\"https:\/\/www.redacteur.com\/blog\/savoir-rediger-une-infographie\/\">8 choses \u00e0 savoir pour r\u00e9diger une infographie<\/a><\/p><\/blockquote>\n<p>&nbsp;<\/p>\n<h2 id=\"responsable-editorial\">Responsable \u00e9ditorial<\/h2>\n<p>Principal pilier de l&#8217;\u00e9difice \u00e9ditorial, le responsable \u00e9ditorial d&#8217;un site web s&#8217;apparente au r\u00e9dacteur en chef dans la presse \u00e9crite.<\/p>\n<p>Quelle que soit la nature du site, il \u00e9labore une ligne \u00e9ditoriale capable de r\u00e9pondre aux objectifs du site. Quel ton, quel style, quel calibrage des articles? Quelle p\u00e9riodicit\u00e9&nbsp;? etc.<\/p>\n<p><img decoding=\"async\" class=\"aligncenter wp-image-18260\" src=\"https:\/\/www.redacteur.com\/blog\/wp-content\/uploads\/sites\/6\/2015\/11\/redacteur-blog-img-rediger-une-charte-editoriale.jpg\" alt=\"rediger une charte \u00e9ditoriale definition aide content marketing\" width=\"550\" height=\"388\" srcset=\"https:\/\/www.redacteur.com\/blog\/wp-content\/uploads\/sites\/6\/2015\/11\/redacteur-blog-img-rediger-une-charte-editoriale.jpg 850w, https:\/\/www.redacteur.com\/blog\/wp-content\/uploads\/sites\/6\/2015\/11\/redacteur-blog-img-rediger-une-charte-editoriale-300x212.jpg 300w, https:\/\/www.redacteur.com\/blog\/wp-content\/uploads\/sites\/6\/2015\/11\/redacteur-blog-img-rediger-une-charte-editoriale-768x542.jpg 768w, https:\/\/www.redacteur.com\/blog\/wp-content\/uploads\/sites\/6\/2015\/11\/redacteur-blog-img-rediger-une-charte-editoriale-60x42.jpg 60w, https:\/\/www.redacteur.com\/blog\/wp-content\/uploads\/sites\/6\/2015\/11\/redacteur-blog-img-rediger-une-charte-editoriale-370x261.jpg 370w, https:\/\/www.redacteur.com\/blog\/wp-content\/uploads\/sites\/6\/2015\/11\/redacteur-blog-img-rediger-une-charte-editoriale-270x191.jpg 270w, https:\/\/www.redacteur.com\/blog\/wp-content\/uploads\/sites\/6\/2015\/11\/redacteur-blog-img-rediger-une-charte-editoriale-570x402.jpg 570w, https:\/\/www.redacteur.com\/blog\/wp-content\/uploads\/sites\/6\/2015\/11\/redacteur-blog-img-rediger-une-charte-editoriale-740x522.jpg 740w\" sizes=\"(max-width: 550px) 100vw, 550px\" \/><\/p>\n<p>Il est pr\u00e9sent \u00e0 tous les stades du projet&nbsp;: il participe souvent \u00e0 la conception du site et \u00e0 la d\u00e9finition de son arborescence ; il donne au site un style et un ton coh\u00e9rent par rapport aux objectifs de l&#8217;entreprise et \u00e0 son image ; il coordonne la r\u00e9daction de tous les contenus et met en place les processus \u00e9ditoriaux.<\/p>\n<blockquote><p>C&#8217;est lui qui pilote le comit\u00e9 \u00e9ditorial et d\u00e9cide des prochains sujets. A tout moment, il est le garant de la politique \u00e9ditoriale du site et le r\u00e9f\u00e9rent des r\u00e9dacteurs qui travaillent sous sa responsabilit\u00e9<\/p><\/blockquote>\n<p>De formation universitaire (Bac+4 ou +5) ou journalistique, le responsable \u00e9ditorial doit avoir un esprit curieux et cr\u00e9atif, une tr\u00e8s bonne culture g\u00e9n\u00e9rale et de tr\u00e8s bonnes aptitudes r\u00e9dactionnelles, analytiques et synth\u00e9tiques. Il doit savoir g\u00e9rer une \u00e9quipe de r\u00e9dacteurs et\/ou de pigistes externes. Il conna\u00eet parfaitement l&#8217;univers du Net. Son r\u00f4le de responsable implique de grandes capacit\u00e9s de d\u00e9cision, des qualit\u00e9s relationnelles, ainsi qu&#8217;une rigueur sans faille.<\/p>\n<blockquote><p>\u00c0 lire aussi&nbsp;: <a href=\"https:\/\/www.redacteur.com\/blog\/calendrier-editorial-2020-modele-telecharger-gratuitement\/\">Calendrier \u00e9ditorial&nbsp;: 180 dates \u00e0 ne pas manquer en 2020 {mod\u00e8le \u00e0 t\u00e9l\u00e9charger}<\/a><\/p><\/blockquote>\n<p>&nbsp;<\/p>\n<h2 id=\"responsable-affiliation\">Responsable affiliation<\/h2>\n<p>Un responsable affiliation s&#8217;occupe de la <strong>cr\u00e9ation de partenariats<\/strong> entre le site de son entreprise et un autre. Ce dernier aura pour but de <strong>promouvoir<\/strong> votre offre aupr\u00e8s de ses visiteurs.<\/p>\n<p>Par cons\u00e9quent, votre site augmente sa visibilit\u00e9 sur le web et l\u2019autre site enrichit son contenu en proposant de nouveaux services. Les deux sont donc <strong>gagnants<\/strong>.<\/p>\n<p><img decoding=\"async\" class=\"aligncenter wp-image-18114\" src=\"https:\/\/www.redacteur.com\/blog\/wp-content\/uploads\/sites\/6\/2019\/12\/redacteur-blog-img-deep-linking.jpg\" alt=\"\" width=\"657\" height=\"464\" srcset=\"https:\/\/www.redacteur.com\/blog\/wp-content\/uploads\/sites\/6\/2019\/12\/redacteur-blog-img-deep-linking.jpg 850w, https:\/\/www.redacteur.com\/blog\/wp-content\/uploads\/sites\/6\/2019\/12\/redacteur-blog-img-deep-linking-300x212.jpg 300w, https:\/\/www.redacteur.com\/blog\/wp-content\/uploads\/sites\/6\/2019\/12\/redacteur-blog-img-deep-linking-768x542.jpg 768w, https:\/\/www.redacteur.com\/blog\/wp-content\/uploads\/sites\/6\/2019\/12\/redacteur-blog-img-deep-linking-60x42.jpg 60w, https:\/\/www.redacteur.com\/blog\/wp-content\/uploads\/sites\/6\/2019\/12\/redacteur-blog-img-deep-linking-370x261.jpg 370w, https:\/\/www.redacteur.com\/blog\/wp-content\/uploads\/sites\/6\/2019\/12\/redacteur-blog-img-deep-linking-270x191.jpg 270w, https:\/\/www.redacteur.com\/blog\/wp-content\/uploads\/sites\/6\/2019\/12\/redacteur-blog-img-deep-linking-570x402.jpg 570w, https:\/\/www.redacteur.com\/blog\/wp-content\/uploads\/sites\/6\/2019\/12\/redacteur-blog-img-deep-linking-740x522.jpg 740w\" sizes=\"(max-width: 657px) 100vw, 657px\" \/><\/p>\n<p>Pour exercer ce m\u00e9tier il faut \u00eatre un <strong>tr\u00e8s bon commercial<\/strong>, avoir des connaissances en <strong>webmarketing<\/strong> et, dans la mesure du possible, avoir des notions de programmation.<\/p>\n<p>Enfin, comme un responsable affiliation doit optimiser des campagnes et identifier les partenaires id\u00e9aux, celui-ci doit bien <strong>connaitre le secteur<\/strong> o\u00f9 op\u00e8re son entreprise ainsi que sa cible de clients.<\/p>\n<blockquote><p>\u00c0 lire aussi&nbsp;: <a href=\"https:\/\/www.redacteur.com\/blog\/guide-affiliation-augmenter-revenus\/\">Marketing d&#8217;affiliation&nbsp;: le guide pour augmenter vos revenus<\/a><\/p><\/blockquote>\n<p>&nbsp;<\/p>\n<h2 id=\"chef-de-projet-mobile\">Chef de projet mobile<\/h2>\n<p>Le r\u00f4le premier du chef de projet mobile est d\u2019assurer la gestion de projets de d\u00e9veloppement de <strong>sites et\/ou d\u2019applications mobiles<\/strong> pour Internet.<\/p>\n<p><img decoding=\"async\" class=\"aligncenter wp-image-17585\" src=\"https:\/\/www.redacteur.com\/blog\/wp-content\/uploads\/sites\/6\/2019\/10\/redacteur-blog-img-contenu-pour-mobile-content.jpg\" alt=\"\" width=\"602\" height=\"425\" srcset=\"https:\/\/www.redacteur.com\/blog\/wp-content\/uploads\/sites\/6\/2019\/10\/redacteur-blog-img-contenu-pour-mobile-content.jpg 850w, https:\/\/www.redacteur.com\/blog\/wp-content\/uploads\/sites\/6\/2019\/10\/redacteur-blog-img-contenu-pour-mobile-content-300x212.jpg 300w, https:\/\/www.redacteur.com\/blog\/wp-content\/uploads\/sites\/6\/2019\/10\/redacteur-blog-img-contenu-pour-mobile-content-768x542.jpg 768w, https:\/\/www.redacteur.com\/blog\/wp-content\/uploads\/sites\/6\/2019\/10\/redacteur-blog-img-contenu-pour-mobile-content-60x42.jpg 60w, https:\/\/www.redacteur.com\/blog\/wp-content\/uploads\/sites\/6\/2019\/10\/redacteur-blog-img-contenu-pour-mobile-content-370x261.jpg 370w, https:\/\/www.redacteur.com\/blog\/wp-content\/uploads\/sites\/6\/2019\/10\/redacteur-blog-img-contenu-pour-mobile-content-270x191.jpg 270w, https:\/\/www.redacteur.com\/blog\/wp-content\/uploads\/sites\/6\/2019\/10\/redacteur-blog-img-contenu-pour-mobile-content-570x402.jpg 570w, https:\/\/www.redacteur.com\/blog\/wp-content\/uploads\/sites\/6\/2019\/10\/redacteur-blog-img-contenu-pour-mobile-content-740x522.jpg 740w\" sizes=\"(max-width: 602px) 100vw, 602px\" \/><\/p>\n<p>Pour cela, il \u00e9tudie la faisabilit\u00e9 du projet, g\u00e8re la r\u00e9partition des <strong>ressources humaines<\/strong> et <strong>techniques<\/strong> en conformit\u00e9 avec le cahier des charges. Il s\u2019assure que les d\u00e9lais sont bien respect\u00e9s, et v\u00e9rifie les performances et la qualit\u00e9 des services et produits r\u00e9alis\u00e9s.<\/p>\n<p>Son but \u00e9tant de d\u00e9livrer le <strong>meilleur produit<\/strong> pour l\u2019utilisateur, en prenant compte que celui-ci est en situation de <strong>mobilit\u00e9<\/strong>.<\/p>\n<p>Il effectue \u00e9galement une veille des <strong>r\u00e9centes \u00e9volutions<\/strong> qui ont lieu dans le domaine de l\u2019Internet mobile. Le chef de projet mobile peut exercer ce m\u00e9tier dans une agence web ou directement chez le client.<\/p>\n<blockquote><p>\u00c0 lire aussi&nbsp;: <a href=\"https:\/\/www.redacteur.com\/blog\/content-marketing-comment-optimiser-contenu-mobile%e2%80%89\/\">Content marketing&nbsp;: comment optimiser du contenu pour mobile&nbsp;?<\/a><\/p><\/blockquote>\n<p>&nbsp;<\/p>\n<h2 id=\"responsable-e-crm\">Responsable e-CRM<\/h2>\n<p><img decoding=\"async\" class=\"aligncenter wp-image-13254\" src=\"https:\/\/www.redacteur.com\/blog\/wp-content\/uploads\/sites\/6\/2018\/06\/conversion-emailing.jpg\" alt=\"conversion emailing\" width=\"588\" height=\"415\" srcset=\"https:\/\/www.redacteur.com\/blog\/wp-content\/uploads\/sites\/6\/2018\/06\/conversion-emailing.jpg 850w, https:\/\/www.redacteur.com\/blog\/wp-content\/uploads\/sites\/6\/2018\/06\/conversion-emailing-300x212.jpg 300w, https:\/\/www.redacteur.com\/blog\/wp-content\/uploads\/sites\/6\/2018\/06\/conversion-emailing-768x542.jpg 768w, https:\/\/www.redacteur.com\/blog\/wp-content\/uploads\/sites\/6\/2018\/06\/conversion-emailing-60x42.jpg 60w, https:\/\/www.redacteur.com\/blog\/wp-content\/uploads\/sites\/6\/2018\/06\/conversion-emailing-370x261.jpg 370w, https:\/\/www.redacteur.com\/blog\/wp-content\/uploads\/sites\/6\/2018\/06\/conversion-emailing-270x191.jpg 270w, https:\/\/www.redacteur.com\/blog\/wp-content\/uploads\/sites\/6\/2018\/06\/conversion-emailing-570x402.jpg 570w, https:\/\/www.redacteur.com\/blog\/wp-content\/uploads\/sites\/6\/2018\/06\/conversion-emailing-740x522.jpg 740w\" sizes=\"(max-width: 588px) 100vw, 588px\" \/><\/p>\n<p>Le responsable e-CRM (electronic Customer Relationship Management) s\u2019occupe de la <strong>relation client<\/strong> sur Internet. Il collabore avec les \u00e9quipes informatique, marketing et vente, et g\u00e8re ces trois principales missions&nbsp;: <\/p>\n<ul>\n<li>l\u2019am\u00e9lioration de la connaissance du client<\/li>\n<li>la fid\u00e9lisation du client<\/li>\n<li>le \u00ab d\u00e9veloppement de la valeur du client \u00bb<\/li>\n<\/ul>\n<p>Il doit donc avoir une tr\u00e8s bonne ma\u00eetrise des outils <strong>CRM et e-CRM<\/strong>. Mais aussi \u00eatre un expert en base de donn\u00e9es, et savoir manager les \u00e9quipes commerciales.<\/p>\n<p>Enfin, un responsable e-CRM doit savoir retranscrire les besoins des clients en messages Web, et mettre en place des strat\u00e9gies <strong>e-mailing<\/strong> originales.<\/p>\n<blockquote><p>\u00c0 lire aussi&nbsp;: <a href=\"https:\/\/www.redacteur.com\/blog\/optimisations-email-marketing\/\">15 optimisations pour des emails marketing performants (Infographie)<\/a><\/p><\/blockquote>\n<p>&nbsp;<\/p>\n<h2 id=\"webmarketeur\">Webmarketeur \/ Consultant Marketing<\/h2>\n<p>Le Webmarketeur est un professionnel du web qui a une connaissance approfondie des leviers du webmarketing. Son r\u00f4le&nbsp;: cr\u00e9er du trafic vers un site web et faire en sorte de l\u2019augmenter sans cesse pour d\u00e9velopper les ventes. Strat\u00e8ge et op\u00e9rationnel, le webmarketeur suit de pr\u00e8s les statistiques du site dont il s\u2019occupe.<\/p>\n<p><img decoding=\"async\" class=\"aligncenter wp-image-17860\" src=\"https:\/\/www.redacteur.com\/blog\/wp-content\/uploads\/sites\/6\/2016\/02\/redacteur-blog-img-une-petit-budget-conseils-content-marketing.jpg\" alt=\"\" width=\"545\" height=\"385\" srcset=\"https:\/\/www.redacteur.com\/blog\/wp-content\/uploads\/sites\/6\/2016\/02\/redacteur-blog-img-une-petit-budget-conseils-content-marketing.jpg 850w, https:\/\/www.redacteur.com\/blog\/wp-content\/uploads\/sites\/6\/2016\/02\/redacteur-blog-img-une-petit-budget-conseils-content-marketing-300x212.jpg 300w, https:\/\/www.redacteur.com\/blog\/wp-content\/uploads\/sites\/6\/2016\/02\/redacteur-blog-img-une-petit-budget-conseils-content-marketing-768x542.jpg 768w, https:\/\/www.redacteur.com\/blog\/wp-content\/uploads\/sites\/6\/2016\/02\/redacteur-blog-img-une-petit-budget-conseils-content-marketing-60x42.jpg 60w, https:\/\/www.redacteur.com\/blog\/wp-content\/uploads\/sites\/6\/2016\/02\/redacteur-blog-img-une-petit-budget-conseils-content-marketing-370x261.jpg 370w, https:\/\/www.redacteur.com\/blog\/wp-content\/uploads\/sites\/6\/2016\/02\/redacteur-blog-img-une-petit-budget-conseils-content-marketing-270x191.jpg 270w, https:\/\/www.redacteur.com\/blog\/wp-content\/uploads\/sites\/6\/2016\/02\/redacteur-blog-img-une-petit-budget-conseils-content-marketing-570x402.jpg 570w, https:\/\/www.redacteur.com\/blog\/wp-content\/uploads\/sites\/6\/2016\/02\/redacteur-blog-img-une-petit-budget-conseils-content-marketing-740x522.jpg 740w\" sizes=\"(max-width: 545px) 100vw, 545px\" \/><\/p>\n<p>Le webmarketeur va agir sur la strat\u00e9gie commerciale et marketing de l\u2019entreprise gr\u00e2ce \u00e0 une panoplie d\u2019outils web. Le webmarketeur est en charge d\u2019un grand nombre de missions qui visent \u00e0 garantir \u00e0 un site internet un trafic \u00e9lev\u00e9 et de belles ventes.<\/p>\n<p>Pour arriver \u00e0 ce r\u00e9sultat, un webmarketeur doit \u00eatre <strong>capable d\u2019identifier et de qualifier<\/strong> les demandes du consommateur et de leur apporter la r\u00e9ponse ad\u00e9quate.<\/p>\n<p>Les missions du webmarketeur sont multiples&nbsp;: <\/p>\n<ul>\n<li>Analyse de la concurrence, des tendances et des consommateurs<\/li>\n<li>D\u00e9finition de la strat\u00e9gie marketing<\/li>\n<li>Mise en \u0153uvre d\u2019actions de communication<\/li>\n<li>Elaboration, conception et mise en ligne du site<\/li>\n<li>Promotion du site<\/li>\n<li>Strat\u00e9gie de r\u00e9f\u00e9rencement du site<\/li>\n<li>Coordination des partenariats du site<\/li>\n<li>Suivi de l\u2019audience et du trafic du site + mise en place de mesures correctives<\/li>\n<\/ul>\n<p>Le webmarketeur doit poss\u00e9der trois qualit\u00e9s essentielles pour mener \u00e0 bien son travail&nbsp;:<\/p>\n<ul>\n<li>Une connaissance parfaite de l\u2019entreprise et de tout son environnement.<\/li>\n<li>Une connaissance de tous les outils marketing mis \u00e0 sa disposition.<\/li>\n<li>Un sens du management et des responsabilit\u00e9s pour toujours \u00eatre au top.<\/li>\n<\/ul>\n<blockquote><p>\u00c0 lire aussi&nbsp;: <a href=\"https:\/\/www.redacteur.com\/blog\/ecommerce-content-marketing-incompatibles\/\">E-commerce et content marketing sont-ils incompatibles&nbsp;?<\/a><\/p><\/blockquote>\n<p>&nbsp;<\/p>\n<h2 id=\"responsable-e-commerce\">Responsable e-commerce<\/h2>\n<p>Le responsable e-commerce s\u2019occupe du suivi d&#8217;un site internet d\u00e9di\u00e9 \u00e0 la vente. Son r\u00f4le principal est de cibler la client\u00e8le pr\u00e9sente sur le site, et de lui proposer des produits<strong> adapt\u00e9s \u00e0 ses attentes et \u00e0 ses besoins.<\/strong><\/p>\n<p><img decoding=\"async\" class=\"aligncenter wp-image-19800\" src=\"https:\/\/www.redacteur.com\/blog\/wp-content\/uploads\/sites\/6\/2020\/03\/redacteur-blog-img-une-e-commerce-taux-de-clic-boost.jpg\" alt=\"\" width=\"625\" height=\"441\" srcset=\"https:\/\/www.redacteur.com\/blog\/wp-content\/uploads\/sites\/6\/2020\/03\/redacteur-blog-img-une-e-commerce-taux-de-clic-boost.jpg 850w, https:\/\/www.redacteur.com\/blog\/wp-content\/uploads\/sites\/6\/2020\/03\/redacteur-blog-img-une-e-commerce-taux-de-clic-boost-300x212.jpg 300w, https:\/\/www.redacteur.com\/blog\/wp-content\/uploads\/sites\/6\/2020\/03\/redacteur-blog-img-une-e-commerce-taux-de-clic-boost-768x542.jpg 768w, https:\/\/www.redacteur.com\/blog\/wp-content\/uploads\/sites\/6\/2020\/03\/redacteur-blog-img-une-e-commerce-taux-de-clic-boost-60x42.jpg 60w, https:\/\/www.redacteur.com\/blog\/wp-content\/uploads\/sites\/6\/2020\/03\/redacteur-blog-img-une-e-commerce-taux-de-clic-boost-370x261.jpg 370w, https:\/\/www.redacteur.com\/blog\/wp-content\/uploads\/sites\/6\/2020\/03\/redacteur-blog-img-une-e-commerce-taux-de-clic-boost-270x191.jpg 270w, https:\/\/www.redacteur.com\/blog\/wp-content\/uploads\/sites\/6\/2020\/03\/redacteur-blog-img-une-e-commerce-taux-de-clic-boost-570x402.jpg 570w, https:\/\/www.redacteur.com\/blog\/wp-content\/uploads\/sites\/6\/2020\/03\/redacteur-blog-img-une-e-commerce-taux-de-clic-boost-740x522.jpg 740w\" sizes=\"(max-width: 625px) 100vw, 625px\" \/><\/p>\n<p>Pour exercer ce m\u00e9tier, il faut \u00eatre capable de d\u00e9finir une strat\u00e9gie marketing pour le site web, mais \u00e9galement de r\u00e9diger des rapports dans le but d\u2019am\u00e9liorer le <strong>r\u00e9f\u00e9rencement<\/strong> du site.<\/p>\n<p>Il faut proposer de nouvelles id\u00e9es afin d\u2019augmenter le nombre de visites et d\u2019achats sur le site. Un responsable e-commerce doit donc combiner des comp\u00e9tences en <strong>marketing et en commerce.<br \/>\n<\/strong><\/p>\n<blockquote><p>\u00c0 lire aussi&nbsp;: <a href=\"https:\/\/www.redacteur.com\/blog\/e-commerce-guide-demarage\/\">E-commerce pour les nuls&nbsp;: le guide pour d\u00e9marrer une boutique en ligne<\/a><\/p><\/blockquote>\n<p>&nbsp;<\/p>\n<h2 id=\"journaliste-web\">Journaliste web<\/h2>\n<p>Sous la direction du responsable \u00e9ditorial ou r\u00e9dacteur en chef, le journaliste web produit de l&#8217;information pour alimenter le contenu d&#8217;un m\u00e9dia.<\/p>\n<p>En cela, sa m\u00e9thodologie ne diff\u00e8re pas de celle de son homologue de la presse \u00e9crite. Etant avant tout un journaliste, sa mission premi\u00e8re est d&#8217;informer le lecteur en toute objectivit\u00e9, ce qui le distingue du r\u00e9dacteur web qui travaille en g\u00e9n\u00e9ral pour un service de communication.<\/p>\n<p><img decoding=\"async\" class=\"aligncenter size-full wp-image-17393\" src=\"https:\/\/www.redacteur.com\/blog\/wp-content\/uploads\/sites\/6\/2019\/10\/green-chameleon-s9CC2SKySJM-unsplash-e1570178062267.jpg\" alt=\"ajoutez une cat\u00e9gorie google actualit\u00e9s actualit\u00e9s sur votre site web\" width=\"650\" height=\"433\" srcset=\"https:\/\/www.redacteur.com\/blog\/wp-content\/uploads\/sites\/6\/2019\/10\/green-chameleon-s9CC2SKySJM-unsplash-e1570178062267.jpg 650w, https:\/\/www.redacteur.com\/blog\/wp-content\/uploads\/sites\/6\/2019\/10\/green-chameleon-s9CC2SKySJM-unsplash-e1570178062267-300x200.jpg 300w, https:\/\/www.redacteur.com\/blog\/wp-content\/uploads\/sites\/6\/2019\/10\/green-chameleon-s9CC2SKySJM-unsplash-e1570178062267-60x40.jpg 60w, https:\/\/www.redacteur.com\/blog\/wp-content\/uploads\/sites\/6\/2019\/10\/green-chameleon-s9CC2SKySJM-unsplash-e1570178062267-370x246.jpg 370w, https:\/\/www.redacteur.com\/blog\/wp-content\/uploads\/sites\/6\/2019\/10\/green-chameleon-s9CC2SKySJM-unsplash-e1570178062267-270x180.jpg 270w, https:\/\/www.redacteur.com\/blog\/wp-content\/uploads\/sites\/6\/2019\/10\/green-chameleon-s9CC2SKySJM-unsplash-e1570178062267-570x380.jpg 570w\" sizes=\"(max-width: 650px) 100vw, 650px\" \/><\/p>\n<p>Comme dans l&#8217;activit\u00e9 traditionnelle, le journaliste web doit recueillir l&#8217;information et la mettre en forme, v\u00e9rifier ses sources. Mais si le fond de son travail ne diff\u00e8re pas, il en va tout autrement pour la forme. Pour informer et int\u00e9resser son lecteur, il doit adapter son \u00e9criture au nouveau support.<\/p>\n<p>Sur Internet, son style d&#8217;\u00e9criture doit donc \u00eatre direct et concis, simple et clair. Pour captiver le lecteur et r\u00e9pondre \u00e0 ses attentes, il lui faudra utiliser le multim\u00e9dia \u00e0 bon escient.<\/p>\n<blockquote><p>En plus d&#8217;\u00eatre curieux, synth\u00e9tique et parfaitement \u00e0 l&#8217;aise \u00e0 l&#8217;\u00e9crit, le journaliste on-line est un internaute averti avec id\u00e9alement une formation journalistique. Il conna\u00eet les r\u00e8gles de lecture impos\u00e9es par l&#8217;\u00e9cran et les fonctionnalit\u00e9s du support Web, en particulier le langage HTML.<\/p><\/blockquote>\n<p>Il localise facilement les informations recherch\u00e9es sur le Web, conna\u00eet les sources s\u00fbres. Il connait bien les outils de gestion de contenus, est \u00e0 l&#8217;aise avec l&#8217;outil informatique et ma\u00eetrise l&#8217;anglais. G\u00e9n\u00e9ralement, on lui demande d&#8217;\u00eatre sp\u00e9cialis\u00e9 dans un domaine.<\/p>\n<blockquote><p>\u00c0 lire aussi&nbsp;: <a href=\"https:\/\/www.redacteur.com\/blog\/bases-html-wordpress\/\">Les bases du HTML sur WordPress<\/a><\/p><\/blockquote>\n<p>&nbsp;<\/p>\n<h2 id=\"community-manager\">Community manager<\/h2>\n<p>La majeure partie des community manager provient de fili\u00e8res sp\u00e9cialis\u00e9es en <strong>communication<\/strong>, avec un taux de 39,5% ou bien en <strong>marketing<\/strong> \u00e0 25,3%. Soit 52,5% des sond\u00e9s, majoritairement tous titulaires d\u2019un bac +5 voire plus.<\/p>\n<p><img decoding=\"async\" class=\"aligncenter wp-image-13131\" src=\"https:\/\/www.redacteur.com\/blog\/wp-content\/uploads\/sites\/6\/2018\/06\/communaute-reseaux-sociaux.jpg\" alt=\"communaut\u00e9 r\u00e9seaux sociaux\" width=\"731\" height=\"516\" srcset=\"https:\/\/www.redacteur.com\/blog\/wp-content\/uploads\/sites\/6\/2018\/06\/communaute-reseaux-sociaux.jpg 850w, https:\/\/www.redacteur.com\/blog\/wp-content\/uploads\/sites\/6\/2018\/06\/communaute-reseaux-sociaux-300x212.jpg 300w, https:\/\/www.redacteur.com\/blog\/wp-content\/uploads\/sites\/6\/2018\/06\/communaute-reseaux-sociaux-768x542.jpg 768w, https:\/\/www.redacteur.com\/blog\/wp-content\/uploads\/sites\/6\/2018\/06\/communaute-reseaux-sociaux-60x42.jpg 60w, https:\/\/www.redacteur.com\/blog\/wp-content\/uploads\/sites\/6\/2018\/06\/communaute-reseaux-sociaux-370x261.jpg 370w, https:\/\/www.redacteur.com\/blog\/wp-content\/uploads\/sites\/6\/2018\/06\/communaute-reseaux-sociaux-270x191.jpg 270w, https:\/\/www.redacteur.com\/blog\/wp-content\/uploads\/sites\/6\/2018\/06\/communaute-reseaux-sociaux-570x402.jpg 570w, https:\/\/www.redacteur.com\/blog\/wp-content\/uploads\/sites\/6\/2018\/06\/communaute-reseaux-sociaux-740x522.jpg 740w\" sizes=\"(max-width: 731px) 100vw, 731px\" \/><\/p>\n<p>Gr\u00e2ce \u00e0 ce sondage r\u00e9alis\u00e9 par <strong>R\u00e9gionsJob<\/strong>, on apprend \u00e9galement qu\u2019environ 84% des interrog\u00e9s exercent cette profession depuis 2 ans ou moins puisqu\u2019il s\u2019agit d\u2019un m\u00e9tier tr\u00e8s r\u00e9cent. On peut n\u00e9anmoins se demander pour qui travaillent-ils&nbsp;?<\/p>\n<p>A la grande surprise, ce ne sont pas les agences digitales ou de communication qui embauchent le plus de community manager mais <strong>les PME<\/strong>. En effet, ces derni\u00e8res rassemblent 27,4% des sond\u00e9s contre 22% pour les agences. En ce qui concerne les grandes entreprises, leur pourcentage s\u2019\u00e9l\u00e8ve seulement \u00e0 8,5%. Concernant les d\u00e9partements auxquels le community manager est principalement rattach\u00e9, arrive de nouveau en t\u00eate la communication (49,7%) et le marketing (30,2%). Pour finir ce sont les m\u00e9dias qui sont le plus demandeurs avec un taux de 20,5%.<\/p>\n<p>Leur principale responsabilit\u00e9 est d\u2019<strong>alimenter les r\u00e9seaux sociaux<\/strong> quotidiennement, puisque comme le montre ce sondage 94,7% des community manager animent une page Facebook contre 84% pour Twitter. Il s\u2019av\u00e8re \u00e9galement que 36% d\u2019entre eux consacrent 5 heures par semaine \u00e0 <strong>animer une communaut\u00e9<\/strong>, 31% passent la m\u00eame proportion de temps \u00e0 la <strong>veille<\/strong> et 30% \u00e0 la <strong>r\u00e9daction de contenus<\/strong>.<\/p>\n<p><img decoding=\"async\" class=\"aligncenter size-full wp-image-18072\" src=\"https:\/\/www.redacteur.com\/blog\/wp-content\/uploads\/sites\/6\/2019\/12\/2807950.jpg\" alt=\"influenceur blog celebriza ugc icc\" width=\"650\" height=\"586\" srcset=\"https:\/\/www.redacteur.com\/blog\/wp-content\/uploads\/sites\/6\/2019\/12\/2807950.jpg 650w, https:\/\/www.redacteur.com\/blog\/wp-content\/uploads\/sites\/6\/2019\/12\/2807950-300x270.jpg 300w, https:\/\/www.redacteur.com\/blog\/wp-content\/uploads\/sites\/6\/2019\/12\/2807950-60x54.jpg 60w, https:\/\/www.redacteur.com\/blog\/wp-content\/uploads\/sites\/6\/2019\/12\/2807950-370x334.jpg 370w, https:\/\/www.redacteur.com\/blog\/wp-content\/uploads\/sites\/6\/2019\/12\/2807950-270x243.jpg 270w, https:\/\/www.redacteur.com\/blog\/wp-content\/uploads\/sites\/6\/2019\/12\/2807950-570x514.jpg 570w\" sizes=\"(max-width: 650px) 100vw, 650px\" \/><\/p>\n<p>Leurs missions ne se r\u00e9sument pas seulement \u00e0 cela. Il s\u2019av\u00e8re que 65,3% des community manager tiennent \u00e0 jour <strong>un blog<\/strong>, 64% r\u00e9alisent des projets divers et vari\u00e9s, 58,5% <strong>entretiennent une relation avec des bloggeurs<\/strong>, 44% animent des espaces sur les r\u00e9seaux professionnels, 42,7% font de <strong>l\u2019\u00e9v\u00e8nementiel<\/strong> et 40% mettent en place des <strong>techniques d\u2019espaces<\/strong> sur les r\u00e9seaux sociaux.<\/p>\n<p>La fourchette de salaires s&#8217;\u00e9tire entre 20 000 et 50 000 euros brut annuel. Mais il s\u2019av\u00e8re que la majorit\u00e9 des community manager ont un salaire plut\u00f4t bas, puisque 29% d&#8217;entre eux gagnent moins de 20 000 euros.<\/p>\n<p>N\u00e9anmoins, <strong>ce montant varie en fonction du type d\u2019entreprise<\/strong> pour laquelle vous travaillez. On constate ainsi que les soci\u00e9t\u00e9s de plus de 250 salari\u00e9s sont les plus r\u00e9mun\u00e9ratrices. En effet, 47% des personnes interrog\u00e9es gagnent plus de 30 000 euros par an. Un chiffre qui tombe \u00e0 20% dans les <strong>agences de communication<\/strong> et 27% dans les <strong>PME<\/strong>. A vous donc de bien choisir l\u2019entreprise dans laquelle vous souhaitez exercer ce m\u00e9tier en tenant compte de ces crit\u00e8res.<\/p>\n<blockquote><p>\u00c0 lire aussi&nbsp;: <a href=\"https:\/\/www.redacteur.com\/blog\/cles-pour-campagne-influenceur-reussie\/\">Les 6 cl\u00e9s pour une campagne r\u00e9ussie avec un influenceur<\/a><\/p><\/blockquote>\n<p>&nbsp;<\/p>\n<h2 id=\"charge-communication\">Charg\u00e9 de communication web<\/h2>\n<p>Le charg\u00e9 de communication web doit s\u2019assurer de la promotion et de la valorisation de sites web. Il doit mettre en place une strat\u00e9gie de communication et mettre en \u0153uvre tous les moyens n\u00e9cessaires \u00e0 sa r\u00e9alisation.<\/p>\n<p><img decoding=\"async\" class=\"aligncenter wp-image-13245\" src=\"https:\/\/www.redacteur.com\/blog\/wp-content\/uploads\/sites\/6\/2018\/06\/redaction-fiche-produit-grand-volume.jpg\" alt=\"r\u00e9daction de grands volumes de fiches produits\" width=\"664\" height=\"469\" srcset=\"https:\/\/www.redacteur.com\/blog\/wp-content\/uploads\/sites\/6\/2018\/06\/redaction-fiche-produit-grand-volume.jpg 850w, https:\/\/www.redacteur.com\/blog\/wp-content\/uploads\/sites\/6\/2018\/06\/redaction-fiche-produit-grand-volume-300x212.jpg 300w, https:\/\/www.redacteur.com\/blog\/wp-content\/uploads\/sites\/6\/2018\/06\/redaction-fiche-produit-grand-volume-768x542.jpg 768w, https:\/\/www.redacteur.com\/blog\/wp-content\/uploads\/sites\/6\/2018\/06\/redaction-fiche-produit-grand-volume-60x42.jpg 60w, https:\/\/www.redacteur.com\/blog\/wp-content\/uploads\/sites\/6\/2018\/06\/redaction-fiche-produit-grand-volume-370x261.jpg 370w, https:\/\/www.redacteur.com\/blog\/wp-content\/uploads\/sites\/6\/2018\/06\/redaction-fiche-produit-grand-volume-270x191.jpg 270w, https:\/\/www.redacteur.com\/blog\/wp-content\/uploads\/sites\/6\/2018\/06\/redaction-fiche-produit-grand-volume-570x402.jpg 570w, https:\/\/www.redacteur.com\/blog\/wp-content\/uploads\/sites\/6\/2018\/06\/redaction-fiche-produit-grand-volume-740x522.jpg 740w\" sizes=\"(max-width: 664px) 100vw, 664px\" \/><\/p>\n<p>Le <strong>charg\u00e9 de communication web<\/strong> a un r\u00f4le d\u2019accompagnement et de conseil aupr\u00e8s de la direction. Il aide \u00e0 faire la promotion d\u2019un site web \u00e0 l\u2019aide de tous les outils mis \u00e0 sa disposition sur internet. Il va proposer une organisation de la <strong>communication<\/strong> de l\u2019entreprise afin d\u2019optimiser l\u2019utilisation des nouvelles technologies et nouveaux m\u00e9dias.<\/p>\n<p>Le <strong>charg\u00e9 de communication web<\/strong> a pour mission d\u2019organiser et de concevoir la <strong>communication num\u00e9rique<\/strong> de l\u2019entreprise avec des partenaires internes et externes. C\u2019est un travail qui demande un grand sens de l\u2019organisation et surtout de savoir travailler en \u00e9quipe.<\/p>\n<p>Le but est de valoriser l\u2019image de l\u2019entreprise tout en \u00e9tant en accord avec la <strong>strat\u00e9gie de communication<\/strong> globale, il va utiliser pour cela&nbsp;:<\/p>\n<ul>\n<li>La strat\u00e9gie d\u2019e-mailing<\/li>\n<li>La strat\u00e9gie e-marketing<\/li>\n<li>Les actions de r\u00e9f\u00e9rencement et de positionnement<\/li>\n<\/ul>\n<p>Le <strong>charg\u00e9 de communication web<\/strong> doit poss\u00e9der trois qualit\u00e9s essentielles pour mener \u00e0 bien son travail&nbsp;:<\/p>\n<ul>\n<li>Une connaissance parfaite de l\u2019entreprise et de tout son environnement.<\/li>\n<li>Une connaissance de tous les outils web mis \u00e0 sa disposition.<\/li>\n<li>Une certaine rigueur et un grand sens de l\u2019organisation.<\/li>\n<\/ul>\n<blockquote><p>\u00c0 lire aussi&nbsp;: <a href=\"https:\/\/www.redacteur.com\/blog\/contenu-calendrier-editorial\/\">Calendrier \u00e9ditorial&nbsp;: comment d\u00e9finir et organiser le contenu \u00e0 produire&nbsp;?<\/a><\/p><\/blockquote>\n<p>&nbsp;<\/p>\n<h2 id=\"ux-writer\">UX Writer<\/h2>\n<p>Issu de cette nouvelle discipline appel\u00e9e l&#8217;UX Writing, l&#8217;<strong>UX Writer<\/strong> travaille en \u00e9troite collaboration avec les UX\/UI designers lors de l&#8217;\u00e9laboration d&#8217;un produit digital.<\/p>\n<p>Devant l&#8217;importance de fournir une exp\u00e9rience utilisateur de qualit\u00e9, les entreprises d\u00e9cident aujourd&#8217;hui de confier leur production de contenu pour le digital \u00e0 un <strong>UX Writer<\/strong>. Son r\u00f4le est de mettre en place une communication claire sur des supports digitaux \u00e0 travers\u00a0des textes utiles et instructifs,\u00a0tout en respectant l&#8217;identit\u00e9 de la marque pour laquelle il travaille.<\/p>\n<p>L&#8217;<strong>UX Writer<\/strong> ne doit pas seulement avoir une belle plume, il doit&nbsp;: <\/p>\n<ul>\n<li>\u00catre emphatique pour pouvoir se mettre \u00e0 la place des utilisateurs<\/li>\n<li>Poss\u00e9dez des connaissances en SEO<\/li>\n<\/ul>\n<p>Les missions d&#8217;un <strong>UX Writer<\/strong> ne se r\u00e9sument pas seulement \u00e0 \u00e9crire des textes. Il peut intervenir sur des missions tr\u00e8s vari\u00e9es telles que&nbsp;: <\/p>\n<ul>\n<li>R\u00e9aliser un inventaire des contenus existants<\/li>\n<li>Conduire un benchmark \u00e9dotirial<\/li>\n<li>Clarifier la ligne \u00e9ditoriale<\/li>\n<li>Revoir les mots employ\u00e9s<\/li>\n<li>R\u00e9diger des textes (landing page, FAQ, fiche produit, etc.)<\/li>\n<\/ul>\n<p>L&#8217;<strong>UX Writer<\/strong> est un m\u00e9tier en plein essor et des postes sont surtout propos\u00e9s dans les grandes organisations.<\/p>\n<blockquote><p>\u00c0 lire aussi&nbsp;: <a href=\"https:\/\/www.redacteur.com\/blog\/ameliorez-seo-grace-ux\/\">R\u00e9f\u00e9rencement web&nbsp;: am\u00e9liorez votre SEO gr\u00e2ce \u00e0 l&#8217;UX<\/a><\/p><\/blockquote>\n<p>&nbsp;<\/p>\n<h2 id=\"nouveaux-metiers\">L&#8217;avenir de ces\u00a0nouveaux m\u00e9tiers du Web<\/h2>\n<p>Community manager, traffic manager, gestionnaire des m\u00e9dias sociaux ou encore consultant SMO, tout ces m\u00e9tiers n\u2019existaient presque pas il y a deux ans.<\/p>\n<p>Comment bien s\u2019y pr\u00e9parer&nbsp;? Qui recrute&nbsp;? Quelques \u00e9l\u00e9ments de r\u00e9ponses\u2026<\/p>\n<p><img decoding=\"async\" class=\"aligncenter size-full wp-image-13651\" src=\"https:\/\/www.redacteur.com\/blog\/wp-content\/uploads\/sites\/6\/2018\/09\/redacteur-redaction-web-ux-writer-e1571391298981.png\" alt=\"UX Writer&nbsp;: bien r\u00e9diger pour le web\" width=\"650\" height=\"459\" srcset=\"https:\/\/www.redacteur.com\/blog\/wp-content\/uploads\/sites\/6\/2018\/09\/redacteur-redaction-web-ux-writer-e1571391298981.png 650w, https:\/\/www.redacteur.com\/blog\/wp-content\/uploads\/sites\/6\/2018\/09\/redacteur-redaction-web-ux-writer-e1571391298981-300x212.png 300w, https:\/\/www.redacteur.com\/blog\/wp-content\/uploads\/sites\/6\/2018\/09\/redacteur-redaction-web-ux-writer-e1571391298981-60x42.png 60w, https:\/\/www.redacteur.com\/blog\/wp-content\/uploads\/sites\/6\/2018\/09\/redacteur-redaction-web-ux-writer-e1571391298981-370x261.png 370w, https:\/\/www.redacteur.com\/blog\/wp-content\/uploads\/sites\/6\/2018\/09\/redacteur-redaction-web-ux-writer-e1571391298981-270x191.png 270w, https:\/\/www.redacteur.com\/blog\/wp-content\/uploads\/sites\/6\/2018\/09\/redacteur-redaction-web-ux-writer-e1571391298981-570x403.png 570w\" sizes=\"(max-width: 650px) 100vw, 650px\" \/><\/p>\n<h4>Un secteur en constante augmentation<\/h4>\n<p>Tous les chefs d\u2019entreprise s\u2019accordent \u00e0 le dire, tout ces <strong>nouveaux m\u00e9tiers<\/strong> sont activement <strong>recherch\u00e9s<\/strong>, mais ils ne trouvent pas souvent des personnes assez <strong>qualifi\u00e9es<\/strong> ou avec assez d\u2019<strong>exp\u00e9rience<\/strong> pour exercer ces types de poste. Pour le moment, des \u00e9coles sont en train d\u2019int\u00e9grer ces nouvelles formations mais elles ne sont pas beaucoup.<\/p>\n<p>On retrouve par exemple l\u2019\u00e9cole <strong>Sup Internet \u00e0 Paris<\/strong>, filiale du groupe Ionis, ou encore des licences professionnelles commerce marketing et commerce sur Internet \u00e0 l\u2019<strong>IUT D\u2019Evry<\/strong>. Ce n\u2019est pas seulement le secteur de l\u2019Internet, c\u2019est tout le secteur des <strong>technologies de l\u2019information et de la communication<\/strong> (TIC).<\/p>\n<p>Une r\u00e9cente \u00e9tude men\u00e9e par l\u2019association pasc@line montre que ce sont les grandes <strong>soci\u00e9t\u00e9s de conseils en technologie<\/strong> qui recrutent le plus aujourd\u2019hui. Elles sont suivies de pr\u00e8s par les <strong>soci\u00e9t\u00e9s de service et d\u2019ing\u00e9nierie<\/strong> informatique (SSII) ainsi que les <strong>\u00e9diteurs de logiciels<\/strong>.<\/p>\n<p>&nbsp;<\/p>\n<h2>Les M\u00e9tiers qui recrutent<\/h2>\n<p>Toutes ces entreprises affirment rechercher des <strong>concepteurs et des d\u00e9veloppeurs<\/strong> ainsi que des sp\u00e9cialistes en <strong>recherche &amp; d\u00e9veloppement<\/strong>, et enfin des <strong>conseillers et architectes dans la conduite de projet<\/strong>.<\/p>\n<p><img decoding=\"async\" class=\"aligncenter wp-image-12585\" src=\"https:\/\/www.redacteur.com\/blog\/wp-content\/uploads\/sites\/6\/2018\/01\/page-accueil-redaction.jpg\" alt=\"r\u00e9daction d'une page d'accueil\" width=\"619\" height=\"437\" srcset=\"https:\/\/www.redacteur.com\/blog\/wp-content\/uploads\/sites\/6\/2018\/01\/page-accueil-redaction.jpg 850w, https:\/\/www.redacteur.com\/blog\/wp-content\/uploads\/sites\/6\/2018\/01\/page-accueil-redaction-300x212.jpg 300w, https:\/\/www.redacteur.com\/blog\/wp-content\/uploads\/sites\/6\/2018\/01\/page-accueil-redaction-768x542.jpg 768w, https:\/\/www.redacteur.com\/blog\/wp-content\/uploads\/sites\/6\/2018\/01\/page-accueil-redaction-60x42.jpg 60w, https:\/\/www.redacteur.com\/blog\/wp-content\/uploads\/sites\/6\/2018\/01\/page-accueil-redaction-370x261.jpg 370w, https:\/\/www.redacteur.com\/blog\/wp-content\/uploads\/sites\/6\/2018\/01\/page-accueil-redaction-270x191.jpg 270w, https:\/\/www.redacteur.com\/blog\/wp-content\/uploads\/sites\/6\/2018\/01\/page-accueil-redaction-570x402.jpg 570w, https:\/\/www.redacteur.com\/blog\/wp-content\/uploads\/sites\/6\/2018\/01\/page-accueil-redaction-740x522.jpg 740w\" sizes=\"(max-width: 619px) 100vw, 619px\" \/><\/p>\n<p>En ce moment, les profils se distinguent en deux parties, les concepteurs\/d\u00e9veloppeurs\/R&amp;D ainsi que les profils de conduite de projet. Ces m\u00e9tiers ont certes de l\u2019avenir pour les prochaines ann\u00e9es, mais il faut bien les appr\u00e9hender et surtout y \u00eatre pr\u00e9par\u00e9.<\/p>\n<p>Une personne dite du \u00ab <strong>digital native<\/strong> \u00bb, comprenez n\u00e9e dans la civilisation num\u00e9rique, n\u2019est pas pour autant plus <strong>comp\u00e9tente<\/strong>. L\u2019important est de bien <strong>comprendre le consommateur<\/strong>, pour se mettre \u00e0 son service. Les programmeurs doivent <strong>penser aux internautes<\/strong> qu\u2019ils veulent toucher avant m\u00eame de commencer la moindre maquette de site web.<\/p>\n<p>Cependant, pas de soucis \u00e0 se faire, les employeurs sont pour le moment <strong>assez satisfaits<\/strong> des jeunes dipl\u00f4m\u00e9s et de leurs capacit\u00e9s.<\/p>\n<p>&nbsp;<\/p>\n<p>Trouvez le parfait <strong>r\u00e9dacteur Freelance<\/strong> pour concevoir vos contenus print et digitaux sur <a href=\"https:\/\/www.redacteur.com\/\" target=\"_blank\" rel=\"noopener noreferrer\">Redacteur.com\u00a0<\/a><\/p>\n","protected":false},"excerpt":{"rendered":"<p>L\u2019\u00e9mergence d\u2019Internet en entreprise pousse celles-ci \u00e0 recruter de plus en plus de sp\u00e9cialistes web. D\u00e9couvrez quels sont les m\u00e9tiers d\u2019avenir et quelles sont les comp\u00e9tences n\u00e9cessaires. &nbsp; Sommaires&nbsp;: Devenir r\u00e9f\u00e9renceur SEO Devenir r\u00e9f\u00e9rencement sponsoris\u00e9 Devenir responsable web analytics Devenir chef de projet Web Devenir webmasteur Devenir webdesigner Devenir responsable \u00e9ditorial Devenir responsable affiliation Devenir [&hellip;]<\/p>\n","protected":false},"author":1,"featured_media":20114,"comment_status":"open","ping_status":"open","sticky":false,"template":"","format":"standard","meta":{"_acf_changed":false,"inline_featured_image":false,"footnotes":""},"categories":[11],"tags":[],"class_list":["post-19913","post","type-post","status-publish","format-standard","has-post-thumbnail","hentry","category-redaction-web"],"acf":[],"yoast_head":"<!-- This site is optimized with the Yoast SEO plugin v25.9 - https:\/\/yoast.com\/wordpress\/plugins\/seo\/ -->\n<title>Tout savoir sur les m\u00e9tiers du web - Redacteur Blog<\/title>\n<meta name=\"description\" content=\"L\u2019\u00e9mergence d\u2019Internet en entreprise pousse celles-ci \u00e0 recruter de plus en plus de sp\u00e9cialistes web. D\u00e9couvrez quels sont les m\u00e9tiers d\u2019avenir et quelles\" \/>\n<meta name=\"robots\" content=\"index, follow, max-snippet:-1, max-image-preview:large, max-video-preview:-1\" \/>\n<link rel=\"canonical\" href=\"https:\/\/www.redacteur.com\/blog\/les-metiers-du-web\/\" \/>\n<meta property=\"og:locale\" content=\"fr_FR\" \/>\n<meta property=\"og:type\" content=\"article\" \/>\n<meta property=\"og:title\" content=\"Tout savoir sur les m\u00e9tiers du web - Redacteur Blog\" \/>\n<meta property=\"og:description\" content=\"L\u2019\u00e9mergence d\u2019Internet en entreprise pousse celles-ci \u00e0 recruter de plus en plus de sp\u00e9cialistes web. D\u00e9couvrez quels sont les m\u00e9tiers d\u2019avenir et quelles\" \/>\n<meta property=\"og:url\" content=\"https:\/\/www.redacteur.com\/blog\/les-metiers-du-web\/\" \/>\n<meta property=\"og:site_name\" content=\"Redacteur.com\" \/>\n<meta property=\"article:publisher\" content=\"https:\/\/www.facebook.com\/redacteurcom\" \/>\n<meta property=\"article:published_time\" content=\"2020-03-20T09:30:38+00:00\" \/>\n<meta property=\"og:image\" content=\"https:\/\/www.redacteur.com\/blog\/wp-content\/uploads\/sites\/6\/2020\/03\/redacteur-blog-img-metier-du-web.jpg\" \/>\n\t<meta property=\"og:image:width\" content=\"850\" \/>\n\t<meta property=\"og:image:height\" content=\"600\" \/>\n\t<meta property=\"og:image:type\" content=\"image\/jpeg\" \/>\n<meta name=\"author\" content=\"Laura Michaud\" \/>\n<meta name=\"twitter:card\" content=\"summary_large_image\" \/>\n<meta name=\"twitter:creator\" content=\"@Redacteurcom\" \/>\n<meta name=\"twitter:site\" content=\"@Redacteurcom\" \/>\n<meta name=\"twitter:label1\" content=\"\u00c9crit par\" \/>\n\t<meta name=\"twitter:data1\" content=\"Laura Michaud\" \/>\n\t<meta name=\"twitter:label2\" content=\"Dur\u00e9e de lecture estim\u00e9e\" \/>\n\t<meta name=\"twitter:data2\" content=\"20 minutes\" \/>\n<script type=\"application\/ld+json\" class=\"yoast-schema-graph\">{\"@context\":\"https:\/\/schema.org\",\"@graph\":[{\"@type\":\"Article\",\"@id\":\"https:\/\/www.redacteur.com\/blog\/les-metiers-du-web\/#article\",\"isPartOf\":{\"@id\":\"https:\/\/www.redacteur.com\/blog\/les-metiers-du-web\/\"},\"author\":{\"name\":\"Laura Michaud\",\"@id\":\"https:\/\/www.redacteur.com\/blog\/#\/schema\/person\/33c0ef04707fbe50a096f282050bb5f2\"},\"headline\":\"Tout savoir sur les m\u00e9tiers du web\",\"datePublished\":\"2020-03-20T09:30:38+00:00\",\"mainEntityOfPage\":{\"@id\":\"https:\/\/www.redacteur.com\/blog\/les-metiers-du-web\/\"},\"wordCount\":4004,\"commentCount\":0,\"publisher\":{\"@id\":\"https:\/\/www.redacteur.com\/blog\/#organization\"},\"image\":{\"@id\":\"https:\/\/www.redacteur.com\/blog\/les-metiers-du-web\/#primaryimage\"},\"thumbnailUrl\":\"https:\/\/www.redacteur.com\/blog\/wp-content\/uploads\/sites\/6\/2020\/03\/redacteur-blog-img-metier-du-web.jpg\",\"articleSection\":[\"R\u00e9daction web\"],\"inLanguage\":\"fr-FR\",\"potentialAction\":[{\"@type\":\"CommentAction\",\"name\":\"Comment\",\"target\":[\"https:\/\/www.redacteur.com\/blog\/les-metiers-du-web\/#respond\"]}]},{\"@type\":\"WebPage\",\"@id\":\"https:\/\/www.redacteur.com\/blog\/les-metiers-du-web\/\",\"url\":\"https:\/\/www.redacteur.com\/blog\/les-metiers-du-web\/\",\"name\":\"Tout savoir sur les m\u00e9tiers du web - Redacteur Blog\",\"isPartOf\":{\"@id\":\"https:\/\/www.redacteur.com\/blog\/#website\"},\"primaryImageOfPage\":{\"@id\":\"https:\/\/www.redacteur.com\/blog\/les-metiers-du-web\/#primaryimage\"},\"image\":{\"@id\":\"https:\/\/www.redacteur.com\/blog\/les-metiers-du-web\/#primaryimage\"},\"thumbnailUrl\":\"https:\/\/www.redacteur.com\/blog\/wp-content\/uploads\/sites\/6\/2020\/03\/redacteur-blog-img-metier-du-web.jpg\",\"datePublished\":\"2020-03-20T09:30:38+00:00\",\"description\":\"L\u2019\u00e9mergence d\u2019Internet en entreprise pousse celles-ci \u00e0 recruter de plus en plus de sp\u00e9cialistes web. D\u00e9couvrez quels sont les m\u00e9tiers d\u2019avenir et quelles\",\"breadcrumb\":{\"@id\":\"https:\/\/www.redacteur.com\/blog\/les-metiers-du-web\/#breadcrumb\"},\"inLanguage\":\"fr-FR\",\"potentialAction\":[{\"@type\":\"ReadAction\",\"target\":[\"https:\/\/www.redacteur.com\/blog\/les-metiers-du-web\/\"]}]},{\"@type\":\"ImageObject\",\"inLanguage\":\"fr-FR\",\"@id\":\"https:\/\/www.redacteur.com\/blog\/les-metiers-du-web\/#primaryimage\",\"url\":\"https:\/\/www.redacteur.com\/blog\/wp-content\/uploads\/sites\/6\/2020\/03\/redacteur-blog-img-metier-du-web.jpg\",\"contentUrl\":\"https:\/\/www.redacteur.com\/blog\/wp-content\/uploads\/sites\/6\/2020\/03\/redacteur-blog-img-metier-du-web.jpg\",\"width\":850,\"height\":600},{\"@type\":\"BreadcrumbList\",\"@id\":\"https:\/\/www.redacteur.com\/blog\/les-metiers-du-web\/#breadcrumb\",\"itemListElement\":[{\"@type\":\"ListItem\",\"position\":1,\"name\":\"Blog\",\"item\":\"https:\/\/www.redacteur.com\/blog\/\"},{\"@type\":\"ListItem\",\"position\":2,\"name\":\"R\u00e9daction web\",\"item\":\"https:\/\/www.redacteur.com\/blog\/redaction-web\/\"},{\"@type\":\"ListItem\",\"position\":3,\"name\":\"Tout savoir sur les m\u00e9tiers du web\"}]},{\"@type\":\"WebSite\",\"@id\":\"https:\/\/www.redacteur.com\/blog\/#website\",\"url\":\"https:\/\/www.redacteur.com\/blog\/\",\"name\":\"Redacteur.com\",\"description\":\"redacteur\",\"publisher\":{\"@id\":\"https:\/\/www.redacteur.com\/blog\/#organization\"},\"potentialAction\":[{\"@type\":\"SearchAction\",\"target\":{\"@type\":\"EntryPoint\",\"urlTemplate\":\"https:\/\/www.redacteur.com\/blog\/?s={search_term_string}\"},\"query-input\":{\"@type\":\"PropertyValueSpecification\",\"valueRequired\":true,\"valueName\":\"search_term_string\"}}],\"inLanguage\":\"fr-FR\"},{\"@type\":\"Organization\",\"@id\":\"https:\/\/www.redacteur.com\/blog\/#organization\",\"name\":\"Redacteur.com\",\"url\":\"https:\/\/www.redacteur.com\/blog\/\",\"logo\":{\"@type\":\"ImageObject\",\"inLanguage\":\"fr-FR\",\"@id\":\"https:\/\/www.redacteur.com\/blog\/#\/schema\/logo\/image\/\",\"url\":\"https:\/\/www.redacteur.com\/blog\/wp-content\/uploads\/sites\/6\/2022\/10\/logo-redacteur-blog.svg\",\"contentUrl\":\"https:\/\/www.redacteur.com\/blog\/wp-content\/uploads\/sites\/6\/2022\/10\/logo-redacteur-blog.svg\",\"width\":1,\"height\":1,\"caption\":\"Redacteur.com\"},\"image\":{\"@id\":\"https:\/\/www.redacteur.com\/blog\/#\/schema\/logo\/image\/\"},\"sameAs\":[\"https:\/\/www.facebook.com\/redacteurcom\",\"https:\/\/x.com\/Redacteurcom\",\"https:\/\/www.linkedin.com\/company\/redacteur-com\",\"https:\/\/www.youtube.com\/channel\/UCgj9ySM9xy3gdL8qBafl9Uw\/\"]},{\"@type\":\"Person\",\"@id\":\"https:\/\/www.redacteur.com\/blog\/#\/schema\/person\/33c0ef04707fbe50a096f282050bb5f2\",\"name\":\"Laura Michaud\",\"image\":{\"@type\":\"ImageObject\",\"inLanguage\":\"fr-FR\",\"@id\":\"https:\/\/www.redacteur.com\/blog\/#\/schema\/person\/image\/\",\"url\":\"https:\/\/secure.gravatar.com\/avatar\/c3328cc0c887f98cec6b2979af3311ab6333fc7cc2d4847514cfec6a56fa08a7?s=96&d=mm&r=g\",\"contentUrl\":\"https:\/\/secure.gravatar.com\/avatar\/c3328cc0c887f98cec6b2979af3311ab6333fc7cc2d4847514cfec6a56fa08a7?s=96&d=mm&r=g\",\"caption\":\"Laura Michaud\"},\"description\":\"Laura connait tous les meilleurs outils pour g\u00e9rer des projets et une entreprise. Cr\u00e9ative, c'est aussi une sp\u00e9cialiste des outils de cr\u00e9ation graphique pour faire briller une entreprise.\",\"sameAs\":[\"https:\/\/www.linkedin.com\/in\/michaudlaura\/\"],\"url\":\"https:\/\/www.redacteur.com\/blog\/author\/laura\/\"}]}<\/script>\n<!-- \/ Yoast SEO plugin. -->","yoast_head_json":{"title":"Tout savoir sur les m\u00e9tiers du web - Redacteur Blog","description":"L\u2019\u00e9mergence d\u2019Internet en entreprise pousse celles-ci \u00e0 recruter de plus en plus de sp\u00e9cialistes web. D\u00e9couvrez quels sont les m\u00e9tiers d\u2019avenir et quelles","robots":{"index":"index","follow":"follow","max-snippet":"max-snippet:-1","max-image-preview":"max-image-preview:large","max-video-preview":"max-video-preview:-1"},"canonical":"https:\/\/www.redacteur.com\/blog\/les-metiers-du-web\/","og_locale":"fr_FR","og_type":"article","og_title":"Tout savoir sur les m\u00e9tiers du web - Redacteur Blog","og_description":"L\u2019\u00e9mergence d\u2019Internet en entreprise pousse celles-ci \u00e0 recruter de plus en plus de sp\u00e9cialistes web. D\u00e9couvrez quels sont les m\u00e9tiers d\u2019avenir et quelles","og_url":"https:\/\/www.redacteur.com\/blog\/les-metiers-du-web\/","og_site_name":"Redacteur.com","article_publisher":"https:\/\/www.facebook.com\/redacteurcom","article_published_time":"2020-03-20T09:30:38+00:00","og_image":[{"width":850,"height":600,"url":"https:\/\/www.redacteur.com\/blog\/wp-content\/uploads\/sites\/6\/2020\/03\/redacteur-blog-img-metier-du-web.jpg","type":"image\/jpeg"}],"author":"Laura Michaud","twitter_card":"summary_large_image","twitter_creator":"@Redacteurcom","twitter_site":"@Redacteurcom","twitter_misc":{"\u00c9crit par":"Laura Michaud","Dur\u00e9e de lecture estim\u00e9e":"20 minutes"},"schema":{"@context":"https:\/\/schema.org","@graph":[{"@type":"Article","@id":"https:\/\/www.redacteur.com\/blog\/les-metiers-du-web\/#article","isPartOf":{"@id":"https:\/\/www.redacteur.com\/blog\/les-metiers-du-web\/"},"author":{"name":"Laura Michaud","@id":"https:\/\/www.redacteur.com\/blog\/#\/schema\/person\/33c0ef04707fbe50a096f282050bb5f2"},"headline":"Tout savoir sur les m\u00e9tiers du web","datePublished":"2020-03-20T09:30:38+00:00","mainEntityOfPage":{"@id":"https:\/\/www.redacteur.com\/blog\/les-metiers-du-web\/"},"wordCount":4004,"commentCount":0,"publisher":{"@id":"https:\/\/www.redacteur.com\/blog\/#organization"},"image":{"@id":"https:\/\/www.redacteur.com\/blog\/les-metiers-du-web\/#primaryimage"},"thumbnailUrl":"https:\/\/www.redacteur.com\/blog\/wp-content\/uploads\/sites\/6\/2020\/03\/redacteur-blog-img-metier-du-web.jpg","articleSection":["R\u00e9daction web"],"inLanguage":"fr-FR","potentialAction":[{"@type":"CommentAction","name":"Comment","target":["https:\/\/www.redacteur.com\/blog\/les-metiers-du-web\/#respond"]}]},{"@type":"WebPage","@id":"https:\/\/www.redacteur.com\/blog\/les-metiers-du-web\/","url":"https:\/\/www.redacteur.com\/blog\/les-metiers-du-web\/","name":"Tout savoir sur les m\u00e9tiers du web - Redacteur Blog","isPartOf":{"@id":"https:\/\/www.redacteur.com\/blog\/#website"},"primaryImageOfPage":{"@id":"https:\/\/www.redacteur.com\/blog\/les-metiers-du-web\/#primaryimage"},"image":{"@id":"https:\/\/www.redacteur.com\/blog\/les-metiers-du-web\/#primaryimage"},"thumbnailUrl":"https:\/\/www.redacteur.com\/blog\/wp-content\/uploads\/sites\/6\/2020\/03\/redacteur-blog-img-metier-du-web.jpg","datePublished":"2020-03-20T09:30:38+00:00","description":"L\u2019\u00e9mergence d\u2019Internet en entreprise pousse celles-ci \u00e0 recruter de plus en plus de sp\u00e9cialistes web. D\u00e9couvrez quels sont les m\u00e9tiers d\u2019avenir et quelles","breadcrumb":{"@id":"https:\/\/www.redacteur.com\/blog\/les-metiers-du-web\/#breadcrumb"},"inLanguage":"fr-FR","potentialAction":[{"@type":"ReadAction","target":["https:\/\/www.redacteur.com\/blog\/les-metiers-du-web\/"]}]},{"@type":"ImageObject","inLanguage":"fr-FR","@id":"https:\/\/www.redacteur.com\/blog\/les-metiers-du-web\/#primaryimage","url":"https:\/\/www.redacteur.com\/blog\/wp-content\/uploads\/sites\/6\/2020\/03\/redacteur-blog-img-metier-du-web.jpg","contentUrl":"https:\/\/www.redacteur.com\/blog\/wp-content\/uploads\/sites\/6\/2020\/03\/redacteur-blog-img-metier-du-web.jpg","width":850,"height":600},{"@type":"BreadcrumbList","@id":"https:\/\/www.redacteur.com\/blog\/les-metiers-du-web\/#breadcrumb","itemListElement":[{"@type":"ListItem","position":1,"name":"Blog","item":"https:\/\/www.redacteur.com\/blog\/"},{"@type":"ListItem","position":2,"name":"R\u00e9daction web","item":"https:\/\/www.redacteur.com\/blog\/redaction-web\/"},{"@type":"ListItem","position":3,"name":"Tout savoir sur les m\u00e9tiers du web"}]},{"@type":"WebSite","@id":"https:\/\/www.redacteur.com\/blog\/#website","url":"https:\/\/www.redacteur.com\/blog\/","name":"Redacteur.com","description":"redacteur","publisher":{"@id":"https:\/\/www.redacteur.com\/blog\/#organization"},"potentialAction":[{"@type":"SearchAction","target":{"@type":"EntryPoint","urlTemplate":"https:\/\/www.redacteur.com\/blog\/?s={search_term_string}"},"query-input":{"@type":"PropertyValueSpecification","valueRequired":true,"valueName":"search_term_string"}}],"inLanguage":"fr-FR"},{"@type":"Organization","@id":"https:\/\/www.redacteur.com\/blog\/#organization","name":"Redacteur.com","url":"https:\/\/www.redacteur.com\/blog\/","logo":{"@type":"ImageObject","inLanguage":"fr-FR","@id":"https:\/\/www.redacteur.com\/blog\/#\/schema\/logo\/image\/","url":"https:\/\/www.redacteur.com\/blog\/wp-content\/uploads\/sites\/6\/2022\/10\/logo-redacteur-blog.svg","contentUrl":"https:\/\/www.redacteur.com\/blog\/wp-content\/uploads\/sites\/6\/2022\/10\/logo-redacteur-blog.svg","width":1,"height":1,"caption":"Redacteur.com"},"image":{"@id":"https:\/\/www.redacteur.com\/blog\/#\/schema\/logo\/image\/"},"sameAs":["https:\/\/www.facebook.com\/redacteurcom","https:\/\/x.com\/Redacteurcom","https:\/\/www.linkedin.com\/company\/redacteur-com","https:\/\/www.youtube.com\/channel\/UCgj9ySM9xy3gdL8qBafl9Uw\/"]},{"@type":"Person","@id":"https:\/\/www.redacteur.com\/blog\/#\/schema\/person\/33c0ef04707fbe50a096f282050bb5f2","name":"Laura Michaud","image":{"@type":"ImageObject","inLanguage":"fr-FR","@id":"https:\/\/www.redacteur.com\/blog\/#\/schema\/person\/image\/","url":"https:\/\/secure.gravatar.com\/avatar\/c3328cc0c887f98cec6b2979af3311ab6333fc7cc2d4847514cfec6a56fa08a7?s=96&d=mm&r=g","contentUrl":"https:\/\/secure.gravatar.com\/avatar\/c3328cc0c887f98cec6b2979af3311ab6333fc7cc2d4847514cfec6a56fa08a7?s=96&d=mm&r=g","caption":"Laura Michaud"},"description":"Laura connait tous les meilleurs outils pour g\u00e9rer des projets et une entreprise. Cr\u00e9ative, c'est aussi une sp\u00e9cialiste des outils de cr\u00e9ation graphique pour faire briller une entreprise.","sameAs":["https:\/\/www.linkedin.com\/in\/michaudlaura\/"],"url":"https:\/\/www.redacteur.com\/blog\/author\/laura\/"}]}},"_links":{"self":[{"href":"https:\/\/www.redacteur.com\/blog\/wp-json\/wp\/v2\/posts\/19913","targetHints":{"allow":["GET"]}}],"collection":[{"href":"https:\/\/www.redacteur.com\/blog\/wp-json\/wp\/v2\/posts"}],"about":[{"href":"https:\/\/www.redacteur.com\/blog\/wp-json\/wp\/v2\/types\/post"}],"author":[{"embeddable":true,"href":"https:\/\/www.redacteur.com\/blog\/wp-json\/wp\/v2\/users\/1"}],"replies":[{"embeddable":true,"href":"https:\/\/www.redacteur.com\/blog\/wp-json\/wp\/v2\/comments?post=19913"}],"version-history":[{"count":0,"href":"https:\/\/www.redacteur.com\/blog\/wp-json\/wp\/v2\/posts\/19913\/revisions"}],"wp:featuredmedia":[{"embeddable":true,"href":"https:\/\/www.redacteur.com\/blog\/wp-json\/wp\/v2\/media\/20114"}],"wp:attachment":[{"href":"https:\/\/www.redacteur.com\/blog\/wp-json\/wp\/v2\/media?parent=19913"}],"wp:term":[{"taxonomy":"category","embeddable":true,"href":"https:\/\/www.redacteur.com\/blog\/wp-json\/wp\/v2\/categories?post=19913"},{"taxonomy":"post_tag","embeddable":true,"href":"https:\/\/www.redacteur.com\/blog\/wp-json\/wp\/v2\/tags?post=19913"}],"curies":[{"name":"wp","href":"https:\/\/api.w.org\/{rel}","templated":true}]}}