{"id":20308,"date":"2020-04-10T10:30:13","date_gmt":"2020-04-10T08:30:13","guid":{"rendered":"https:\/\/www.redacteur.com\/blog\/?p=20308"},"modified":"2020-04-10T10:30:13","modified_gmt":"2020-04-10T08:30:13","slug":"pme-tpe-faites-vous-connaitre-relations-presse","status":"publish","type":"post","link":"https:\/\/www.redacteur.com\/blog\/pme-tpe-faites-vous-connaitre-relations-presse\/","title":{"rendered":"TPE\/PME&nbsp;: Faites-vous conna\u00eetre gr\u00e2ce aux relations presse"},"content":{"rendered":"<p>Lorsque vous \u00eates micro-entrepreneur ou dirigeant de PME, il n\u2019est pas simple de se faire conna\u00eetre avec un budget de communication souvent minimal.<\/p>\n<p>Savoir utiliser la presse \u00e0 bon escient peut s\u2019av\u00e9rer un excellent moyen pour faire parler de votre petite entreprise \u00e0 moindre co\u00fbt.<\/p>\n<p>&nbsp;<\/p>\n<h2>1. Mettez en place une strat\u00e9gie sp\u00e9cifique<\/h2>\n<p>&nbsp;<\/p>\n<h4>D\u00e9finissez le moment \u00ab\u00a0M\u00a0\u00bb pour communiquer<\/h4>\n<p>La phase de d\u00e9marrage de votre activit\u00e9 n\u2019est g\u00e9n\u00e9ralement pas le moment le plus indiqu\u00e9 pour communiquer. En effet, le produit ou le service que vous voulez mettre en avant doit imp\u00e9rativement \u00eatre au point et vos supports de communication aussi. Le but est de donner d\u00e8s le d\u00e9part l\u2019image d\u2019une entreprise s\u00e9rieuse, ordonn\u00e9e et qui sait exactement o\u00f9 elle va.<\/p>\n<p><img decoding=\"async\" class=\"aligncenter size-full wp-image-20311\" src=\"https:\/\/www.redacteur.com\/blog\/wp-content\/uploads\/sites\/6\/2020\/04\/pr-public-relations-business-corporate-concept-with-team-people-communicate-with-consumers-buyer-with-modern-flat-style-vector_25147-310.jpg\" alt=\"relation presse\" width=\"626\" height=\"385\" srcset=\"https:\/\/www.redacteur.com\/blog\/wp-content\/uploads\/sites\/6\/2020\/04\/pr-public-relations-business-corporate-concept-with-team-people-communicate-with-consumers-buyer-with-modern-flat-style-vector_25147-310.jpg 626w, https:\/\/www.redacteur.com\/blog\/wp-content\/uploads\/sites\/6\/2020\/04\/pr-public-relations-business-corporate-concept-with-team-people-communicate-with-consumers-buyer-with-modern-flat-style-vector_25147-310-300x185.jpg 300w, https:\/\/www.redacteur.com\/blog\/wp-content\/uploads\/sites\/6\/2020\/04\/pr-public-relations-business-corporate-concept-with-team-people-communicate-with-consumers-buyer-with-modern-flat-style-vector_25147-310-60x37.jpg 60w, https:\/\/www.redacteur.com\/blog\/wp-content\/uploads\/sites\/6\/2020\/04\/pr-public-relations-business-corporate-concept-with-team-people-communicate-with-consumers-buyer-with-modern-flat-style-vector_25147-310-370x228.jpg 370w, https:\/\/www.redacteur.com\/blog\/wp-content\/uploads\/sites\/6\/2020\/04\/pr-public-relations-business-corporate-concept-with-team-people-communicate-with-consumers-buyer-with-modern-flat-style-vector_25147-310-270x166.jpg 270w, https:\/\/www.redacteur.com\/blog\/wp-content\/uploads\/sites\/6\/2020\/04\/pr-public-relations-business-corporate-concept-with-team-people-communicate-with-consumers-buyer-with-modern-flat-style-vector_25147-310-570x351.jpg 570w\" sizes=\"(max-width: 626px) 100vw, 626px\" \/><\/p>\n<p>Le bon timing d\u00e9pendra \u00e9galement du type de m\u00e9dia que vous choisirez pour diffuser votre message. En presse magazine par exemple, il est important de savoir que, selon sa p\u00e9riodicit\u00e9, il faudra vous y prendre bien en amont pour adh\u00e9rer au calendrier des bouclages.<\/p>\n<p>Pr\u00eatez \u00e9galement attention aux \u00ab\u00a0marronniers\u00a0\u00bb, ces th\u00e9matiques r\u00e9currentes annuelles. Elles pourraient matcher avec ce que vous avez \u00e0 proposer&nbsp;: vacances, f\u00eate des m\u00e8res ou des p\u00e8res, rentr\u00e9e des classes, No\u00ebl, etc.<\/p>\n<p>Communiquez id\u00e9alement <strong>2 \u00e0 3 mois avant ces p\u00e9riodes cl\u00e9s.<\/strong> Il en sera de m\u00eame si un salon ou un autre \u00e9v\u00e8nement particulier s\u2019av\u00e8re int\u00e9ressant pour vous.<\/p>\n<blockquote><p>\u00c0 lire aussi&nbsp;: <a href=\"https:\/\/www.redacteur.com\/blog\/reussir-vos-communiques-de-presse-sur-internet\/\">7 conseils pour r\u00e9ussir vos communiqu\u00e9s de presse<\/a><\/p><\/blockquote>\n<p>&nbsp;<\/p>\n<h4>S\u00e9lectionnez les m\u00e9dias ad\u00e9quats<\/h4>\n<p>Pour que votre d\u00e9marche soit fructueuse, il faut prendre en compte le m\u00e9dia qui sera le plus appropri\u00e9 pour votre message, c\u2019est-\u00e0-dire miser sur le bon canal de diffusion. Ainsi, la presse \u00e9crite\u00a0aura l\u2019avantage de pouvoir d\u00e9velopper un sujet en d\u00e9tail tandis que la radio pr\u00e9f\u00e9rera les actualit\u00e9s chaudes.<\/p>\n<p><img decoding=\"async\" class=\"aligncenter size-full wp-image-20019\" src=\"https:\/\/www.redacteur.com\/blog\/wp-content\/uploads\/sites\/6\/2020\/03\/social-strategy-concept-illustration_114360-724.jpg\" alt=\"\" width=\"626\" height=\"417\" srcset=\"https:\/\/www.redacteur.com\/blog\/wp-content\/uploads\/sites\/6\/2020\/03\/social-strategy-concept-illustration_114360-724.jpg 626w, https:\/\/www.redacteur.com\/blog\/wp-content\/uploads\/sites\/6\/2020\/03\/social-strategy-concept-illustration_114360-724-300x200.jpg 300w, https:\/\/www.redacteur.com\/blog\/wp-content\/uploads\/sites\/6\/2020\/03\/social-strategy-concept-illustration_114360-724-60x40.jpg 60w, https:\/\/www.redacteur.com\/blog\/wp-content\/uploads\/sites\/6\/2020\/03\/social-strategy-concept-illustration_114360-724-370x246.jpg 370w, https:\/\/www.redacteur.com\/blog\/wp-content\/uploads\/sites\/6\/2020\/03\/social-strategy-concept-illustration_114360-724-270x180.jpg 270w, https:\/\/www.redacteur.com\/blog\/wp-content\/uploads\/sites\/6\/2020\/03\/social-strategy-concept-illustration_114360-724-570x380.jpg 570w\" sizes=\"(max-width: 626px) 100vw, 626px\" \/><\/p>\n<p>Une fois le canal appropri\u00e9 s\u00e9lectionn\u00e9, concentrez-vous sur votre<a href=\"https:\/\/www.redacteur.com\/blog\/cibler-votre-audience-ideale\/\" target=\"_blank\" rel=\"noopener noreferrer\"> public cible.<\/a><\/p>\n<p>Visez-vous des professionnels et\/ou des consommateurs\u00a0? Sont-ils locaux, r\u00e9gionaux ou nationaux\u00a0? Les th\u00e9matiques li\u00e9es \u00e0 votre activit\u00e9\u00a0sont-elles suffisamment sp\u00e9cifiques pour s\u00e9duire certains m\u00e9dias sp\u00e9cialis\u00e9s&nbsp;?<\/p>\n<blockquote><p>Quoiqu\u2019il en soit, pour pouvoir vous distinguer dans votre domaine, ciblez avant tout les m\u00e9dias de r\u00e9f\u00e9rence et non les g\u00e9n\u00e9ralistes. Qui sait, votre expertise pourrait peut-\u00eatre m\u00eame vous propulser (et par la m\u00eame occasion votre PME\/TPE) sur le devant de la sc\u00e8ne comme r\u00e9f\u00e9rent sur des sujets pr\u00e9cis\u00a0!<\/p><\/blockquote>\n<p>&nbsp;<\/p>\n<h4><strong>Ciblez les bons journalistes<\/strong><\/h4>\n<p>En presse \u00e9crite, il vous suffira de <strong>consulter l\u2019ours,<\/strong> ce petit paragraphe g\u00e9n\u00e9ralement situ\u00e9 dans les premi\u00e8res pages d\u2019une publication. Il r\u00e9pertorie en un clin d\u2019oeil les noms et les fonctions des contributeurs.<\/p>\n<p>Concernant les radios et les cha\u00eenes de t\u00e9l\u00e9vision, vous trouverez certainement sur leurs sites internet les mails des personnes que vous cherchez \u00e0 joindre. Ou ceux qui pourront vous aiguiller vers le bon contact (merci le webmaster).<\/p>\n<p>Etudiez ensuite quel genre d\u2019informations ces journalistes aiment relayer et de quelle mani\u00e8re ils le font.<\/p>\n<blockquote><p>\u00c0 lire aussi&nbsp;: <a href=\"https:\/\/www.redacteur.com\/blog\/convaincre-journaliste-publier-article\/\">Comment convaincre les journalistes et bloggers de publier votre article&nbsp;?<\/a><\/p><\/blockquote>\n<p>&nbsp;<\/p>\n<h2>2. Cr\u00e9ez et envoyez un communiqu\u00e9 de presse percutant<\/h2>\n<p><img decoding=\"async\" class=\"aligncenter size-full wp-image-17659\" src=\"https:\/\/www.redacteur.com\/blog\/wp-content\/uploads\/sites\/6\/2016\/08\/redacteur-blog-img-une-brand-journaliste-marque.jpg\" alt=\"\" width=\"850\" height=\"600\" srcset=\"https:\/\/www.redacteur.com\/blog\/wp-content\/uploads\/sites\/6\/2016\/08\/redacteur-blog-img-une-brand-journaliste-marque.jpg 850w, https:\/\/www.redacteur.com\/blog\/wp-content\/uploads\/sites\/6\/2016\/08\/redacteur-blog-img-une-brand-journaliste-marque-300x212.jpg 300w, https:\/\/www.redacteur.com\/blog\/wp-content\/uploads\/sites\/6\/2016\/08\/redacteur-blog-img-une-brand-journaliste-marque-768x542.jpg 768w, https:\/\/www.redacteur.com\/blog\/wp-content\/uploads\/sites\/6\/2016\/08\/redacteur-blog-img-une-brand-journaliste-marque-60x42.jpg 60w, https:\/\/www.redacteur.com\/blog\/wp-content\/uploads\/sites\/6\/2016\/08\/redacteur-blog-img-une-brand-journaliste-marque-370x261.jpg 370w, https:\/\/www.redacteur.com\/blog\/wp-content\/uploads\/sites\/6\/2016\/08\/redacteur-blog-img-une-brand-journaliste-marque-270x191.jpg 270w, https:\/\/www.redacteur.com\/blog\/wp-content\/uploads\/sites\/6\/2016\/08\/redacteur-blog-img-une-brand-journaliste-marque-570x402.jpg 570w, https:\/\/www.redacteur.com\/blog\/wp-content\/uploads\/sites\/6\/2016\/08\/redacteur-blog-img-une-brand-journaliste-marque-740x522.jpg 740w\" sizes=\"(max-width: 850px) 100vw, 850px\" \/><\/p>\n<h4>Soyez original<\/h4>\n<p>Les journalistes, quel que soit le m\u00e9dia dans lequel ils officient, croulent chaque jour sous les communiqu\u00e9s de presse. Il est imp\u00e9ratif d\u2019attirer imm\u00e9diatement leur attention sous peine de passer malheureusement \u00e0 la trappe.<\/p>\n<p>Si vous comptez envoyer votre dossier par voie postale, s\u00e9duisez-les avec un <a href=\"https:\/\/graphiste.com\/blog\/combien-coute-packaging-simulateur-prix\">packaging<\/a>\u00a0soign\u00e9 et personnalis\u00e9 autant que possible. Collez \u00e0 100% \u00e0 votre produit ou service tout en essayant de le rendre un peu \u00ab\u00a0sexy\u00a0\u00bb, surtout s\u2019il ne l\u2019est pas particuli\u00e8rement au d\u00e9part.<\/p>\n<blockquote><p>Par mail, prenez le temps de trouver un objet accrocheur. Soignez \u00e9galement le message qui accompagnera votre <a href=\"https:\/\/www.redacteur.com\/blog\/comment-mesurer-impact-retombees-presse\/\">communiqu\u00e9 de presse<\/a>. Un titre passe-partout, un mail insipide ou trop racoleur et vos pi\u00e8ces jointes ne seront jamais ouvertes.<\/p><\/blockquote>\n<p>&nbsp;<\/p>\n<h4>Racontez une belle histoire<\/h4>\n<p>Autrement dit, passez ma\u00eetre dans <a href=\"https:\/\/www.redacteur.com\/blog\/guide-devenir-pro-storytelling\/\" target=\"_blank\" rel=\"noopener noreferrer\">l\u2019art du storytelling\u00a0!<\/a><\/p>\n<p>La \u00ab\u00a0communication narrative\u00a0\u00bb consiste \u00e0 pr\u00e9f\u00e9rer utiliser une histoire plut\u00f4t que de brandir des arguments de vente de mani\u00e8re classique. En somme, enrobez la mise en avant de votre produit ou service de mani\u00e8re sympathique afin de capter l\u2019attention et susciter de l\u2019\u00e9motion.<\/p>\n<p><img decoding=\"async\" class=\"aligncenter size-full wp-image-19674\" src=\"https:\/\/www.redacteur.com\/blog\/wp-content\/uploads\/sites\/6\/2020\/02\/storytelling-business-concept-illustration_52246-296.jpg\" alt=\"\" width=\"626\" height=\"313\" srcset=\"https:\/\/www.redacteur.com\/blog\/wp-content\/uploads\/sites\/6\/2020\/02\/storytelling-business-concept-illustration_52246-296.jpg 626w, https:\/\/www.redacteur.com\/blog\/wp-content\/uploads\/sites\/6\/2020\/02\/storytelling-business-concept-illustration_52246-296-300x150.jpg 300w, https:\/\/www.redacteur.com\/blog\/wp-content\/uploads\/sites\/6\/2020\/02\/storytelling-business-concept-illustration_52246-296-60x30.jpg 60w, https:\/\/www.redacteur.com\/blog\/wp-content\/uploads\/sites\/6\/2020\/02\/storytelling-business-concept-illustration_52246-296-370x185.jpg 370w, https:\/\/www.redacteur.com\/blog\/wp-content\/uploads\/sites\/6\/2020\/02\/storytelling-business-concept-illustration_52246-296-270x135.jpg 270w, https:\/\/www.redacteur.com\/blog\/wp-content\/uploads\/sites\/6\/2020\/02\/storytelling-business-concept-illustration_52246-296-570x285.jpg 570w\" sizes=\"(max-width: 626px) 100vw, 626px\" \/><\/p>\n<p>Votre histoire peut \u00eatre r\u00e9elle ou fictive du moment qu\u2019elle se base sur les valeurs de votre marque. Vous tenez un bon filon\u00a0? Alors vous pourrez m\u00eame l\u2019exploiter par la suite dans une continuit\u00e9 de positionnement pour votre communication de marque.<\/p>\n<p>Enfin, si vous avez pris soin d\u2019\u00e9tudier les articles de tel ou tel journaliste \u00e0 qui vous souhaitez envoyer votre communiqu\u00e9 de presse, facilitez-lui la t\u00e2che\u00a0! En essayant d\u2019adopter le ton qu\u2019il emploie habituellement, vous lui permettrez de s\u2019approprier imm\u00e9diatement votre message.<\/p>\n<blockquote><p>\u00c0 lire aussi&nbsp;: <a href=\"https:\/\/www.redacteur.com\/blog\/erreurs-storytelling\/\">6 erreurs \u00e0 ne pas faire en Storytelling<\/a><\/p><\/blockquote>\n<p>&nbsp;<\/p>\n<h4>Soyez factuel, structur\u00e9 et qualitatif<\/h4>\n<p>Un communiqu\u00e9 de presse n\u2019a surtout pas vocation \u00e0 vendre ou \u00e0 promouvoir. Rappelez-vous que les journalistes ne sont pas l\u00e0 pour faire votre publicit\u00e9 mais pour offrir des informations int\u00e9ressantes \u00e0 leur public.<\/p>\n<p>Votre communiqu\u00e9 de presse devra se pr\u00e9senter sous la forme d\u2019un article d\u2019une page maximum. Cependant, n\u2019h\u00e9sitez pas \u00e0 l\u2019accompagner de visuels ou de photographies de qualit\u00e9 dont vous d\u00e9tenez les droits. Ils pourront ainsi \u00eatre repris pour la r\u00e9alisation du futur article.<\/p>\n<figure id=\"attachment_20312\" aria-describedby=\"caption-attachment-20312\" style=\"width: 750px\" class=\"wp-caption aligncenter\"><img decoding=\"async\" class=\"size-full wp-image-20312\" src=\"https:\/\/www.redacteur.com\/blog\/wp-content\/uploads\/sites\/6\/2020\/04\/exemple-communiqu\u00e9-de-presse-blablacar.png\" alt=\"Communiqu\u00e9 de presse\" width=\"750\" height=\"499\" \/><figcaption id=\"caption-attachment-20312\" class=\"wp-caption-text\"><a href=\"https:\/\/blog.blablacar.fr\/newsroom\/news\/blablalines\" target=\"_blank\" rel=\"noopener noreferrer\">Source<\/a><\/figcaption><\/figure>\n<p>D\u00e9butez par la mention \u00ab\u00a0communiqu\u00e9 de presse\u00a0\u00bb et indiquez la date. Suivra \u00e9videmment un titre percutant, un r\u00e9sum\u00e9 de l\u2019information essentielle avec notamment une accroche claire puis le corps du communiqu\u00e9.<\/p>\n<p>Donnez alors <a href=\"https:\/\/www.redacteur.com\/blog\/reseaux-sociaux-chiffres-incontournables-communication\/\" target=\"_blank\" rel=\"noopener noreferrer\">des chiffres,<\/a> des faits, des dates mais oubliez les superlatifs&nbsp;! Etayez vos dires en r\u00e9pondant en d\u00e9tail aux questions qui, quoi, o\u00f9, comment, pour qui, pourquoi, combien, etc. Terminez par la liste des moyens de vous contacter.<\/p>\n<blockquote><p>\u00c0 lire aussi&nbsp;: <a href=\"https:\/\/www.redacteur.com\/blog\/redaction-et-relation-de-presse-btob\/\">Comment entretenir vos relations de presse B2B avec des contenus de qualit\u00e9&nbsp;?<\/a><\/p><\/blockquote>\n<p>&nbsp;<\/p>\n<h2>Notre conseil<\/h2>\n<p>Si votre message est relay\u00e9 par le journaliste exactement de la m\u00eame fa\u00e7on que vous l\u2019avez \u00e9crit, c\u2019est que votre communiqu\u00e9 de presse \u00e9tait pertinent. A vous maintenant les retomb\u00e9es positives pour votre PME\/TPE.<\/p>\n<p><strong>Faites appel \u00e0 nos <a href=\"https:\/\/www.redacteur.com\/\" target=\"_blank\" rel=\"noopener noreferrer\">r\u00e9dacteurs et journalistes freelances<\/a> pour r\u00e9diger vos communiqu\u00e9s&nbsp;!<\/strong><\/p>\n","protected":false},"excerpt":{"rendered":"<p>Lorsque vous \u00eates micro-entrepreneur ou dirigeant de PME, il n\u2019est pas simple de se faire conna\u00eetre avec un budget de communication souvent minimal. Savoir utiliser la presse \u00e0 bon escient peut s\u2019av\u00e9rer un excellent moyen pour faire parler de votre petite entreprise \u00e0 moindre co\u00fbt. &nbsp; 1. Mettez en place une strat\u00e9gie sp\u00e9cifique &nbsp; D\u00e9finissez [&hellip;]<\/p>\n","protected":false},"author":1,"featured_media":20310,"comment_status":"open","ping_status":"open","sticky":false,"template":"","format":"standard","meta":{"_acf_changed":false,"inline_featured_image":false,"footnotes":""},"categories":[10],"tags":[],"class_list":["post-20308","post","type-post","status-publish","format-standard","has-post-thumbnail","hentry","category-presse"],"acf":[],"yoast_head":"<!-- This site is optimized with the Yoast SEO plugin v25.9 - https:\/\/yoast.com\/wordpress\/plugins\/seo\/ -->\n<title>TPE\/PME : Faites-vous conna\u00eetre gr\u00e2ce aux relations presse - Redacteur Blog<\/title>\n<meta name=\"description\" content=\"Lorsque vous \u00eates micro-entrepreneur ou dirigeant de PME, il n\u2019est pas simple de se faire conna\u00eetre avec un budget de communication souvent minimal.\" \/>\n<meta name=\"robots\" content=\"index, follow, max-snippet:-1, max-image-preview:large, max-video-preview:-1\" \/>\n<link rel=\"canonical\" href=\"https:\/\/www.redacteur.com\/blog\/pme-tpe-faites-vous-connaitre-relations-presse\/\" \/>\n<meta property=\"og:locale\" content=\"fr_FR\" \/>\n<meta property=\"og:type\" content=\"article\" \/>\n<meta property=\"og:title\" content=\"TPE\/PME : Faites-vous conna\u00eetre gr\u00e2ce aux relations presse - Redacteur Blog\" \/>\n<meta property=\"og:description\" content=\"Lorsque vous \u00eates micro-entrepreneur ou dirigeant de PME, il n\u2019est pas simple de se faire conna\u00eetre avec un budget de communication souvent minimal.\" \/>\n<meta property=\"og:url\" content=\"https:\/\/www.redacteur.com\/blog\/pme-tpe-faites-vous-connaitre-relations-presse\/\" \/>\n<meta property=\"og:site_name\" content=\"Redacteur.com\" \/>\n<meta property=\"article:publisher\" content=\"https:\/\/www.facebook.com\/redacteurcom\" \/>\n<meta property=\"article:published_time\" content=\"2020-04-10T08:30:13+00:00\" \/>\n<meta property=\"og:image\" content=\"https:\/\/www.redacteur.com\/blog\/wp-content\/uploads\/sites\/6\/2020\/04\/redacteur-blog-img-une-tpe-pme-relation-presse.jpg\" \/>\n\t<meta property=\"og:image:width\" content=\"850\" \/>\n\t<meta property=\"og:image:height\" content=\"600\" \/>\n\t<meta property=\"og:image:type\" content=\"image\/jpeg\" \/>\n<meta name=\"author\" content=\"Laura Michaud\" \/>\n<meta name=\"twitter:card\" content=\"summary_large_image\" \/>\n<meta name=\"twitter:creator\" content=\"@Redacteurcom\" \/>\n<meta name=\"twitter:site\" content=\"@Redacteurcom\" \/>\n<meta name=\"twitter:label1\" content=\"\u00c9crit par\" \/>\n\t<meta name=\"twitter:data1\" content=\"Laura Michaud\" \/>\n\t<meta name=\"twitter:label2\" content=\"Dur\u00e9e de lecture estim\u00e9e\" \/>\n\t<meta name=\"twitter:data2\" content=\"6 minutes\" \/>\n<script type=\"application\/ld+json\" class=\"yoast-schema-graph\">{\"@context\":\"https:\/\/schema.org\",\"@graph\":[{\"@type\":\"Article\",\"@id\":\"https:\/\/www.redacteur.com\/blog\/pme-tpe-faites-vous-connaitre-relations-presse\/#article\",\"isPartOf\":{\"@id\":\"https:\/\/www.redacteur.com\/blog\/pme-tpe-faites-vous-connaitre-relations-presse\/\"},\"author\":{\"name\":\"Laura Michaud\",\"@id\":\"https:\/\/www.redacteur.com\/blog\/#\/schema\/person\/33c0ef04707fbe50a096f282050bb5f2\"},\"headline\":\"TPE\/PME&nbsp;: Faites-vous conna\u00eetre gr\u00e2ce aux relations presse\",\"datePublished\":\"2020-04-10T08:30:13+00:00\",\"mainEntityOfPage\":{\"@id\":\"https:\/\/www.redacteur.com\/blog\/pme-tpe-faites-vous-connaitre-relations-presse\/\"},\"wordCount\":1108,\"commentCount\":0,\"publisher\":{\"@id\":\"https:\/\/www.redacteur.com\/blog\/#organization\"},\"image\":{\"@id\":\"https:\/\/www.redacteur.com\/blog\/pme-tpe-faites-vous-connaitre-relations-presse\/#primaryimage\"},\"thumbnailUrl\":\"https:\/\/www.redacteur.com\/blog\/wp-content\/uploads\/sites\/6\/2020\/04\/redacteur-blog-img-une-tpe-pme-relation-presse.jpg\",\"articleSection\":[\"Presse\"],\"inLanguage\":\"fr-FR\",\"potentialAction\":[{\"@type\":\"CommentAction\",\"name\":\"Comment\",\"target\":[\"https:\/\/www.redacteur.com\/blog\/pme-tpe-faites-vous-connaitre-relations-presse\/#respond\"]}]},{\"@type\":\"WebPage\",\"@id\":\"https:\/\/www.redacteur.com\/blog\/pme-tpe-faites-vous-connaitre-relations-presse\/\",\"url\":\"https:\/\/www.redacteur.com\/blog\/pme-tpe-faites-vous-connaitre-relations-presse\/\",\"name\":\"TPE\/PME : Faites-vous conna\u00eetre gr\u00e2ce aux relations presse - Redacteur Blog\",\"isPartOf\":{\"@id\":\"https:\/\/www.redacteur.com\/blog\/#website\"},\"primaryImageOfPage\":{\"@id\":\"https:\/\/www.redacteur.com\/blog\/pme-tpe-faites-vous-connaitre-relations-presse\/#primaryimage\"},\"image\":{\"@id\":\"https:\/\/www.redacteur.com\/blog\/pme-tpe-faites-vous-connaitre-relations-presse\/#primaryimage\"},\"thumbnailUrl\":\"https:\/\/www.redacteur.com\/blog\/wp-content\/uploads\/sites\/6\/2020\/04\/redacteur-blog-img-une-tpe-pme-relation-presse.jpg\",\"datePublished\":\"2020-04-10T08:30:13+00:00\",\"description\":\"Lorsque vous \u00eates micro-entrepreneur ou dirigeant de PME, il n\u2019est pas simple de se faire conna\u00eetre avec un budget de communication souvent minimal.\",\"breadcrumb\":{\"@id\":\"https:\/\/www.redacteur.com\/blog\/pme-tpe-faites-vous-connaitre-relations-presse\/#breadcrumb\"},\"inLanguage\":\"fr-FR\",\"potentialAction\":[{\"@type\":\"ReadAction\",\"target\":[\"https:\/\/www.redacteur.com\/blog\/pme-tpe-faites-vous-connaitre-relations-presse\/\"]}]},{\"@type\":\"ImageObject\",\"inLanguage\":\"fr-FR\",\"@id\":\"https:\/\/www.redacteur.com\/blog\/pme-tpe-faites-vous-connaitre-relations-presse\/#primaryimage\",\"url\":\"https:\/\/www.redacteur.com\/blog\/wp-content\/uploads\/sites\/6\/2020\/04\/redacteur-blog-img-une-tpe-pme-relation-presse.jpg\",\"contentUrl\":\"https:\/\/www.redacteur.com\/blog\/wp-content\/uploads\/sites\/6\/2020\/04\/redacteur-blog-img-une-tpe-pme-relation-presse.jpg\",\"width\":850,\"height\":600},{\"@type\":\"BreadcrumbList\",\"@id\":\"https:\/\/www.redacteur.com\/blog\/pme-tpe-faites-vous-connaitre-relations-presse\/#breadcrumb\",\"itemListElement\":[{\"@type\":\"ListItem\",\"position\":1,\"name\":\"Blog\",\"item\":\"https:\/\/www.redacteur.com\/blog\/\"},{\"@type\":\"ListItem\",\"position\":2,\"name\":\"Content marketing\",\"item\":\"https:\/\/www.redacteur.com\/blog\/contenu-web\/\"},{\"@type\":\"ListItem\",\"position\":3,\"name\":\"Presse\",\"item\":\"https:\/\/www.redacteur.com\/blog\/contenu-web\/presse\/\"},{\"@type\":\"ListItem\",\"position\":4,\"name\":\"TPE\/PME : Faites-vous conna\u00eetre gr\u00e2ce aux relations presse\"}]},{\"@type\":\"WebSite\",\"@id\":\"https:\/\/www.redacteur.com\/blog\/#website\",\"url\":\"https:\/\/www.redacteur.com\/blog\/\",\"name\":\"Redacteur.com\",\"description\":\"redacteur\",\"publisher\":{\"@id\":\"https:\/\/www.redacteur.com\/blog\/#organization\"},\"potentialAction\":[{\"@type\":\"SearchAction\",\"target\":{\"@type\":\"EntryPoint\",\"urlTemplate\":\"https:\/\/www.redacteur.com\/blog\/?s={search_term_string}\"},\"query-input\":{\"@type\":\"PropertyValueSpecification\",\"valueRequired\":true,\"valueName\":\"search_term_string\"}}],\"inLanguage\":\"fr-FR\"},{\"@type\":\"Organization\",\"@id\":\"https:\/\/www.redacteur.com\/blog\/#organization\",\"name\":\"Redacteur.com\",\"url\":\"https:\/\/www.redacteur.com\/blog\/\",\"logo\":{\"@type\":\"ImageObject\",\"inLanguage\":\"fr-FR\",\"@id\":\"https:\/\/www.redacteur.com\/blog\/#\/schema\/logo\/image\/\",\"url\":\"https:\/\/www.redacteur.com\/blog\/wp-content\/uploads\/sites\/6\/2022\/10\/logo-redacteur-blog.svg\",\"contentUrl\":\"https:\/\/www.redacteur.com\/blog\/wp-content\/uploads\/sites\/6\/2022\/10\/logo-redacteur-blog.svg\",\"width\":1,\"height\":1,\"caption\":\"Redacteur.com\"},\"image\":{\"@id\":\"https:\/\/www.redacteur.com\/blog\/#\/schema\/logo\/image\/\"},\"sameAs\":[\"https:\/\/www.facebook.com\/redacteurcom\",\"https:\/\/x.com\/Redacteurcom\",\"https:\/\/www.linkedin.com\/company\/redacteur-com\",\"https:\/\/www.youtube.com\/channel\/UCgj9ySM9xy3gdL8qBafl9Uw\/\"]},{\"@type\":\"Person\",\"@id\":\"https:\/\/www.redacteur.com\/blog\/#\/schema\/person\/33c0ef04707fbe50a096f282050bb5f2\",\"name\":\"Laura Michaud\",\"image\":{\"@type\":\"ImageObject\",\"inLanguage\":\"fr-FR\",\"@id\":\"https:\/\/www.redacteur.com\/blog\/#\/schema\/person\/image\/\",\"url\":\"https:\/\/secure.gravatar.com\/avatar\/c3328cc0c887f98cec6b2979af3311ab6333fc7cc2d4847514cfec6a56fa08a7?s=96&d=mm&r=g\",\"contentUrl\":\"https:\/\/secure.gravatar.com\/avatar\/c3328cc0c887f98cec6b2979af3311ab6333fc7cc2d4847514cfec6a56fa08a7?s=96&d=mm&r=g\",\"caption\":\"Laura Michaud\"},\"description\":\"Laura connait tous les meilleurs outils pour g\u00e9rer des projets et une entreprise. Cr\u00e9ative, c'est aussi une sp\u00e9cialiste des outils de cr\u00e9ation graphique pour faire briller une entreprise.\",\"sameAs\":[\"https:\/\/www.linkedin.com\/in\/michaudlaura\/\"],\"url\":\"https:\/\/www.redacteur.com\/blog\/author\/laura\/\"}]}<\/script>\n<!-- \/ Yoast SEO plugin. -->","yoast_head_json":{"title":"TPE\/PME : Faites-vous conna\u00eetre gr\u00e2ce aux relations presse - Redacteur Blog","description":"Lorsque vous \u00eates micro-entrepreneur ou dirigeant de PME, il n\u2019est pas simple de se faire conna\u00eetre avec un budget de communication souvent minimal.","robots":{"index":"index","follow":"follow","max-snippet":"max-snippet:-1","max-image-preview":"max-image-preview:large","max-video-preview":"max-video-preview:-1"},"canonical":"https:\/\/www.redacteur.com\/blog\/pme-tpe-faites-vous-connaitre-relations-presse\/","og_locale":"fr_FR","og_type":"article","og_title":"TPE\/PME : Faites-vous conna\u00eetre gr\u00e2ce aux relations presse - Redacteur Blog","og_description":"Lorsque vous \u00eates micro-entrepreneur ou dirigeant de PME, il n\u2019est pas simple de se faire conna\u00eetre avec un budget de communication souvent minimal.","og_url":"https:\/\/www.redacteur.com\/blog\/pme-tpe-faites-vous-connaitre-relations-presse\/","og_site_name":"Redacteur.com","article_publisher":"https:\/\/www.facebook.com\/redacteurcom","article_published_time":"2020-04-10T08:30:13+00:00","og_image":[{"width":850,"height":600,"url":"https:\/\/www.redacteur.com\/blog\/wp-content\/uploads\/sites\/6\/2020\/04\/redacteur-blog-img-une-tpe-pme-relation-presse.jpg","type":"image\/jpeg"}],"author":"Laura Michaud","twitter_card":"summary_large_image","twitter_creator":"@Redacteurcom","twitter_site":"@Redacteurcom","twitter_misc":{"\u00c9crit par":"Laura Michaud","Dur\u00e9e de lecture estim\u00e9e":"6 minutes"},"schema":{"@context":"https:\/\/schema.org","@graph":[{"@type":"Article","@id":"https:\/\/www.redacteur.com\/blog\/pme-tpe-faites-vous-connaitre-relations-presse\/#article","isPartOf":{"@id":"https:\/\/www.redacteur.com\/blog\/pme-tpe-faites-vous-connaitre-relations-presse\/"},"author":{"name":"Laura Michaud","@id":"https:\/\/www.redacteur.com\/blog\/#\/schema\/person\/33c0ef04707fbe50a096f282050bb5f2"},"headline":"TPE\/PME&nbsp;: Faites-vous conna\u00eetre gr\u00e2ce aux relations presse","datePublished":"2020-04-10T08:30:13+00:00","mainEntityOfPage":{"@id":"https:\/\/www.redacteur.com\/blog\/pme-tpe-faites-vous-connaitre-relations-presse\/"},"wordCount":1108,"commentCount":0,"publisher":{"@id":"https:\/\/www.redacteur.com\/blog\/#organization"},"image":{"@id":"https:\/\/www.redacteur.com\/blog\/pme-tpe-faites-vous-connaitre-relations-presse\/#primaryimage"},"thumbnailUrl":"https:\/\/www.redacteur.com\/blog\/wp-content\/uploads\/sites\/6\/2020\/04\/redacteur-blog-img-une-tpe-pme-relation-presse.jpg","articleSection":["Presse"],"inLanguage":"fr-FR","potentialAction":[{"@type":"CommentAction","name":"Comment","target":["https:\/\/www.redacteur.com\/blog\/pme-tpe-faites-vous-connaitre-relations-presse\/#respond"]}]},{"@type":"WebPage","@id":"https:\/\/www.redacteur.com\/blog\/pme-tpe-faites-vous-connaitre-relations-presse\/","url":"https:\/\/www.redacteur.com\/blog\/pme-tpe-faites-vous-connaitre-relations-presse\/","name":"TPE\/PME : Faites-vous conna\u00eetre gr\u00e2ce aux relations presse - Redacteur Blog","isPartOf":{"@id":"https:\/\/www.redacteur.com\/blog\/#website"},"primaryImageOfPage":{"@id":"https:\/\/www.redacteur.com\/blog\/pme-tpe-faites-vous-connaitre-relations-presse\/#primaryimage"},"image":{"@id":"https:\/\/www.redacteur.com\/blog\/pme-tpe-faites-vous-connaitre-relations-presse\/#primaryimage"},"thumbnailUrl":"https:\/\/www.redacteur.com\/blog\/wp-content\/uploads\/sites\/6\/2020\/04\/redacteur-blog-img-une-tpe-pme-relation-presse.jpg","datePublished":"2020-04-10T08:30:13+00:00","description":"Lorsque vous \u00eates micro-entrepreneur ou dirigeant de PME, il n\u2019est pas simple de se faire conna\u00eetre avec un budget de communication souvent minimal.","breadcrumb":{"@id":"https:\/\/www.redacteur.com\/blog\/pme-tpe-faites-vous-connaitre-relations-presse\/#breadcrumb"},"inLanguage":"fr-FR","potentialAction":[{"@type":"ReadAction","target":["https:\/\/www.redacteur.com\/blog\/pme-tpe-faites-vous-connaitre-relations-presse\/"]}]},{"@type":"ImageObject","inLanguage":"fr-FR","@id":"https:\/\/www.redacteur.com\/blog\/pme-tpe-faites-vous-connaitre-relations-presse\/#primaryimage","url":"https:\/\/www.redacteur.com\/blog\/wp-content\/uploads\/sites\/6\/2020\/04\/redacteur-blog-img-une-tpe-pme-relation-presse.jpg","contentUrl":"https:\/\/www.redacteur.com\/blog\/wp-content\/uploads\/sites\/6\/2020\/04\/redacteur-blog-img-une-tpe-pme-relation-presse.jpg","width":850,"height":600},{"@type":"BreadcrumbList","@id":"https:\/\/www.redacteur.com\/blog\/pme-tpe-faites-vous-connaitre-relations-presse\/#breadcrumb","itemListElement":[{"@type":"ListItem","position":1,"name":"Blog","item":"https:\/\/www.redacteur.com\/blog\/"},{"@type":"ListItem","position":2,"name":"Content marketing","item":"https:\/\/www.redacteur.com\/blog\/contenu-web\/"},{"@type":"ListItem","position":3,"name":"Presse","item":"https:\/\/www.redacteur.com\/blog\/contenu-web\/presse\/"},{"@type":"ListItem","position":4,"name":"TPE\/PME : Faites-vous conna\u00eetre gr\u00e2ce aux relations presse"}]},{"@type":"WebSite","@id":"https:\/\/www.redacteur.com\/blog\/#website","url":"https:\/\/www.redacteur.com\/blog\/","name":"Redacteur.com","description":"redacteur","publisher":{"@id":"https:\/\/www.redacteur.com\/blog\/#organization"},"potentialAction":[{"@type":"SearchAction","target":{"@type":"EntryPoint","urlTemplate":"https:\/\/www.redacteur.com\/blog\/?s={search_term_string}"},"query-input":{"@type":"PropertyValueSpecification","valueRequired":true,"valueName":"search_term_string"}}],"inLanguage":"fr-FR"},{"@type":"Organization","@id":"https:\/\/www.redacteur.com\/blog\/#organization","name":"Redacteur.com","url":"https:\/\/www.redacteur.com\/blog\/","logo":{"@type":"ImageObject","inLanguage":"fr-FR","@id":"https:\/\/www.redacteur.com\/blog\/#\/schema\/logo\/image\/","url":"https:\/\/www.redacteur.com\/blog\/wp-content\/uploads\/sites\/6\/2022\/10\/logo-redacteur-blog.svg","contentUrl":"https:\/\/www.redacteur.com\/blog\/wp-content\/uploads\/sites\/6\/2022\/10\/logo-redacteur-blog.svg","width":1,"height":1,"caption":"Redacteur.com"},"image":{"@id":"https:\/\/www.redacteur.com\/blog\/#\/schema\/logo\/image\/"},"sameAs":["https:\/\/www.facebook.com\/redacteurcom","https:\/\/x.com\/Redacteurcom","https:\/\/www.linkedin.com\/company\/redacteur-com","https:\/\/www.youtube.com\/channel\/UCgj9ySM9xy3gdL8qBafl9Uw\/"]},{"@type":"Person","@id":"https:\/\/www.redacteur.com\/blog\/#\/schema\/person\/33c0ef04707fbe50a096f282050bb5f2","name":"Laura Michaud","image":{"@type":"ImageObject","inLanguage":"fr-FR","@id":"https:\/\/www.redacteur.com\/blog\/#\/schema\/person\/image\/","url":"https:\/\/secure.gravatar.com\/avatar\/c3328cc0c887f98cec6b2979af3311ab6333fc7cc2d4847514cfec6a56fa08a7?s=96&d=mm&r=g","contentUrl":"https:\/\/secure.gravatar.com\/avatar\/c3328cc0c887f98cec6b2979af3311ab6333fc7cc2d4847514cfec6a56fa08a7?s=96&d=mm&r=g","caption":"Laura Michaud"},"description":"Laura connait tous les meilleurs outils pour g\u00e9rer des projets et une entreprise. Cr\u00e9ative, c'est aussi une sp\u00e9cialiste des outils de cr\u00e9ation graphique pour faire briller une entreprise.","sameAs":["https:\/\/www.linkedin.com\/in\/michaudlaura\/"],"url":"https:\/\/www.redacteur.com\/blog\/author\/laura\/"}]}},"_links":{"self":[{"href":"https:\/\/www.redacteur.com\/blog\/wp-json\/wp\/v2\/posts\/20308","targetHints":{"allow":["GET"]}}],"collection":[{"href":"https:\/\/www.redacteur.com\/blog\/wp-json\/wp\/v2\/posts"}],"about":[{"href":"https:\/\/www.redacteur.com\/blog\/wp-json\/wp\/v2\/types\/post"}],"author":[{"embeddable":true,"href":"https:\/\/www.redacteur.com\/blog\/wp-json\/wp\/v2\/users\/1"}],"replies":[{"embeddable":true,"href":"https:\/\/www.redacteur.com\/blog\/wp-json\/wp\/v2\/comments?post=20308"}],"version-history":[{"count":0,"href":"https:\/\/www.redacteur.com\/blog\/wp-json\/wp\/v2\/posts\/20308\/revisions"}],"wp:featuredmedia":[{"embeddable":true,"href":"https:\/\/www.redacteur.com\/blog\/wp-json\/wp\/v2\/media\/20310"}],"wp:attachment":[{"href":"https:\/\/www.redacteur.com\/blog\/wp-json\/wp\/v2\/media?parent=20308"}],"wp:term":[{"taxonomy":"category","embeddable":true,"href":"https:\/\/www.redacteur.com\/blog\/wp-json\/wp\/v2\/categories?post=20308"},{"taxonomy":"post_tag","embeddable":true,"href":"https:\/\/www.redacteur.com\/blog\/wp-json\/wp\/v2\/tags?post=20308"}],"curies":[{"name":"wp","href":"https:\/\/api.w.org\/{rel}","templated":true}]}}