{"id":20583,"date":"2022-06-18T10:50:33","date_gmt":"2022-06-18T08:50:33","guid":{"rendered":"https:\/\/www.redacteur.com\/blog\/?p=20583"},"modified":"2022-06-18T10:50:33","modified_gmt":"2022-06-18T08:50:33","slug":"e-commerce-comment-rediger-vos-cgv","status":"publish","type":"post","link":"https:\/\/www.redacteur.com\/blog\/e-commerce-comment-rediger-vos-cgv\/","title":{"rendered":"E-commerce\u00a0: comment r\u00e9diger vos CGV\u00a0?"},"content":{"rendered":"<p>Vous avez un e-commerce\u00a0? Vous souhaitez r\u00e9diger \u2013 ou faire r\u00e9diger &#8211; les conditions g\u00e9n\u00e9rales de vente (CGV)\u00a0?<\/p>\n<p>Les CGV sont obligatoires, car elles offrent un cadre juridique \u00e0 vos ventes et vous prot\u00e8gent juridiquement. Il est donc essentiel de les r\u00e9diger avant de mettre en ligne votre e-commerce.<\/p>\n<p>Comment faire pour <a href=\"https:\/\/www.redacteur.com\/blog\/guide-complet-rediger-tout-type-contenu\/\">r\u00e9diger convenablement vos CGV<\/a> e-commerce\u00a0?\u00a0 Voici quelques \u00e9l\u00e9ments de r\u00e9ponse.<\/p>\n<p>&nbsp;<\/p>\n<h2>Qu\u2019est-ce que sont les CGV d\u2019un e-commerce\u00a0?<\/h2>\n<p>Dans le cadre de votre e-commerce, les CGV sont incontournables\u00a0: vous \u00eates dans l\u2019obligation d\u2019\u00e9tablir un ensemble de <a href=\"https:\/\/www.redacteur.com\/blog\/comment-rediger-cgu-site\/\">r\u00e8gles commerciales<\/a> avant de mettre votre site en ligne. De plus, si vous n\u2019avez pas de CGV, vous \u00eates en infraction\u00a0!<\/p>\n<figure id=\"attachment_20591\" aria-describedby=\"caption-attachment-20591\" style=\"width: 800px\" class=\"wp-caption aligncenter\"><img decoding=\"async\" class=\"wp-image-20591 size-full\" src=\"https:\/\/www.redacteur.com\/blog\/wp-content\/uploads\/sites\/6\/2020\/05\/salomon-cgv-e1588845416909.png\" alt=\"\" width=\"800\" height=\"339\" srcset=\"https:\/\/www.redacteur.com\/blog\/wp-content\/uploads\/sites\/6\/2020\/05\/salomon-cgv-e1588845416909.png 800w, https:\/\/www.redacteur.com\/blog\/wp-content\/uploads\/sites\/6\/2020\/05\/salomon-cgv-e1588845416909-300x127.png 300w, https:\/\/www.redacteur.com\/blog\/wp-content\/uploads\/sites\/6\/2020\/05\/salomon-cgv-e1588845416909-768x325.png 768w, https:\/\/www.redacteur.com\/blog\/wp-content\/uploads\/sites\/6\/2020\/05\/salomon-cgv-e1588845416909-60x25.png 60w, https:\/\/www.redacteur.com\/blog\/wp-content\/uploads\/sites\/6\/2020\/05\/salomon-cgv-e1588845416909-370x157.png 370w, https:\/\/www.redacteur.com\/blog\/wp-content\/uploads\/sites\/6\/2020\/05\/salomon-cgv-e1588845416909-270x114.png 270w, https:\/\/www.redacteur.com\/blog\/wp-content\/uploads\/sites\/6\/2020\/05\/salomon-cgv-e1588845416909-570x242.png 570w, https:\/\/www.redacteur.com\/blog\/wp-content\/uploads\/sites\/6\/2020\/05\/salomon-cgv-e1588845416909-740x314.png 740w\" sizes=\"(max-width: 800px) 100vw, 800px\" \/><figcaption id=\"caption-attachment-20591\" class=\"wp-caption-text\"><a href=\"https:\/\/www.salomon.com\/fr-fr\/general-conditions-sales.html\" target=\"_blank\" rel=\"noopener noreferrer\">Salomon &#8211; CGV<\/a><\/figcaption><\/figure>\n<p>Les CGV sont la base de vos futures n\u00e9gociations commerciales, ainsi que de vos prochains contrats avec vos potentiels clients. Ces derniers doivent pouvoir les trouver facilement sur votre site, que ce soit pour acheter des biens courants (non r\u00e9glement\u00e9s) ou immat\u00e9riels.<\/p>\n<p>Puis, cela vous permet d\u2019\u00eatre prot\u00e9g\u00e9s d\u2019\u00e9ventuels litiges au cas ou&#8230; puisque ces conditions encadrent et s\u00e9curisent les relations commerciales avec vos clients, que ces derniers soient des demandeurs professionnels ou des acheteurs particuliers.<\/p>\n<blockquote><p>\u00c0 lire aussi&nbsp;: <a href=\"https:\/\/www.redacteur.com\/blog\/monetiser-blog-obligations-legales\/\">Mon\u00e9tiser son blog&nbsp;: les obligations l\u00e9gales \u00e0 respecter<\/a><\/p><\/blockquote>\n<p>&nbsp;<\/p>\n<h2>Quels objectifs pour les CGV d\u2019un e-commerce\u00a0?<\/h2>\n<p>Gr\u00e2ce aux CGV, les futurs consommateurs auront acc\u00e8s \u00e0 toutes les informations n\u00e9cessaires pour effectuer un achat sur votre e-commerce\u00a0: r\u00e8gles d\u2019achat et juridiques en cas de litige, responsabilit\u00e9 de l\u2019entreprise si le produit ne correspond pas ou si le service est d\u00e9faillant et informations essentielles sur le produit achet\u00e9 ou sur le processus d\u2019achat. De plus, retenez que les CGV vous prot\u00e8gent juridiquement en tant que e-commer\u00e7ant.<\/p>\n<p><img decoding=\"async\" class=\"aligncenter size-full wp-image-20586\" src=\"https:\/\/www.redacteur.com\/blog\/wp-content\/uploads\/sites\/6\/2020\/05\/CGV-asos-e1588844570174.png\" alt=\"\" width=\"700\" height=\"500\" srcset=\"https:\/\/www.redacteur.com\/blog\/wp-content\/uploads\/sites\/6\/2020\/05\/CGV-asos-e1588844570174.png 700w, https:\/\/www.redacteur.com\/blog\/wp-content\/uploads\/sites\/6\/2020\/05\/CGV-asos-e1588844570174-300x214.png 300w, https:\/\/www.redacteur.com\/blog\/wp-content\/uploads\/sites\/6\/2020\/05\/CGV-asos-e1588844570174-60x43.png 60w, https:\/\/www.redacteur.com\/blog\/wp-content\/uploads\/sites\/6\/2020\/05\/CGV-asos-e1588844570174-370x264.png 370w, https:\/\/www.redacteur.com\/blog\/wp-content\/uploads\/sites\/6\/2020\/05\/CGV-asos-e1588844570174-270x193.png 270w, https:\/\/www.redacteur.com\/blog\/wp-content\/uploads\/sites\/6\/2020\/05\/CGV-asos-e1588844570174-570x407.png 570w\" sizes=\"(max-width: 700px) 100vw, 700px\" \/><\/p>\n<p>Vous pouvez aussi r\u00e9diger plusieurs types de CGV \u2013 cat\u00e9gorielles &#8211; si vous avez simultan\u00e9ment des clients diff\u00e9rents comme des professionnels ou des consommateurs particuliers. Dans ces cas-l\u00e0, les tarifs ainsi que les conditions de paiements peuvent \u00eatre diff\u00e9rents.<\/p>\n<blockquote><p>\u00c0 lire aussi&nbsp;: <a href=\"https:\/\/www.redacteur.com\/blog\/redaction-e-commerce\/\">E-commerce&nbsp;: 4 conseils de r\u00e9daction \u00e0 ne pas oublier<\/a><\/p><\/blockquote>\n<p>&nbsp;<\/p>\n<h2>Que mettre dans les CGV e-commerce\u00a0?<\/h2>\n<p>Vous devez y trouver plusieurs types d\u2019informations essentielles pour conclure un <a href=\"https:\/\/www.redacteur.com\/blog\/rediger-contrat-de-vente\/\">contrat de vente<\/a> ou une prestation de service.<\/p>\n<p>Avant tout, il vous faudra r\u00e9diger une introduction g\u00e9n\u00e9rale pour pr\u00e9senter votre entreprise (nom de la soci\u00e9t\u00e9, coordonn\u00e9es, num\u00e9ro d\u2019immatriculation de la soci\u00e9t\u00e9, ect.) et les services propos\u00e9s.<\/p>\n<p><img decoding=\"async\" class=\"aligncenter size-full wp-image-20588\" src=\"https:\/\/www.redacteur.com\/blog\/wp-content\/uploads\/sites\/6\/2020\/05\/sales-vente-cgv.jpg\" alt=\"\" width=\"626\" height=\"416\" srcset=\"https:\/\/www.redacteur.com\/blog\/wp-content\/uploads\/sites\/6\/2020\/05\/sales-vente-cgv.jpg 626w, https:\/\/www.redacteur.com\/blog\/wp-content\/uploads\/sites\/6\/2020\/05\/sales-vente-cgv-300x199.jpg 300w, https:\/\/www.redacteur.com\/blog\/wp-content\/uploads\/sites\/6\/2020\/05\/sales-vente-cgv-60x40.jpg 60w, https:\/\/www.redacteur.com\/blog\/wp-content\/uploads\/sites\/6\/2020\/05\/sales-vente-cgv-370x246.jpg 370w, https:\/\/www.redacteur.com\/blog\/wp-content\/uploads\/sites\/6\/2020\/05\/sales-vente-cgv-270x179.jpg 270w, https:\/\/www.redacteur.com\/blog\/wp-content\/uploads\/sites\/6\/2020\/05\/sales-vente-cgv-570x379.jpg 570w\" sizes=\"(max-width: 626px) 100vw, 626px\" \/><\/p>\n<p>Ensuite, plusieurs types de clauses devront-\u00eatre indiqu\u00e9es\u00a0:<\/p>\n<ul>\n<li>Clause d\u2019acceptation\u00a0: en utilisant votre e-commerce, le client accepte les modalit\u00e9s de votre CGV.<\/li>\n<li>Garanties et limitation de responsabilit\u00e9\u00a0: cette \u00ab\u00a0d\u00e9charge\u00a0\u00bb vous d\u00e9responsabilise d\u2019\u00e9ventuelles pertes, dommages et pr\u00e9judices que le client pourrait subir en utilisant votre site et en achetant vos produits\/services.<\/li>\n<li>Propri\u00e9t\u00e9 intellectuelle\u00a0: le contenu de votre site ne doit pas \u00eatre utilis\u00e9, ni copi\u00e9, \u00e0 des fins commerciales ou professionnelles.<\/li>\n<li>La clause de confidentialit\u00e9 et de protection des donn\u00e9es\u00a0vise \u00e0 rassurer vos clients vis-\u00e0-vis des informations que vous r\u00e9coltez sur eux (conformes \u00e0 la r\u00e9glementation en vigueur (RGPD) et politique en mati\u00e8re de cookies).<\/li>\n<li>Conditions de paiement et de livraison\u00a0: comment vos produits\/services sont achet\u00e9s, mode de livraison, frais d\u2019exp\u00e9dition, d\u00e9lais et restriction d\u2019achat (si besoin), m\u00e9thodes de paiement.<\/li>\n<li>Retour, remboursement et r\u00e9tractation client\u00a0: la loi Hamon pr\u00e9voit un d\u00e9lai de r\u00e9tractation B to C de 14 jours, \u00e0 compter de la conclusion du contrat pour des prestations de service ou de la date de la r\u00e9ception du produit. Le remboursement du e-commer\u00e7ant comprend les frais de livraison.<\/li>\n<li>R\u00e9siliation.<\/li>\n<li>Contestation accompagn\u00e9e de quelques <a href=\"https:\/\/www.redacteur.com\/blog\/seo-astuces-redaction-cabinet-avocats\/\">informations juridiques<\/a><\/li>\n<li>Notification de modification\u00a0: vous pourrez modifier votre CGV \u00e0 tout moment.<\/li>\n<\/ul>\n<p>Pensez aussi aux mentions obligatoires\u00a0: les conditions de vente, le bar\u00e8me des prix unitaires, les r\u00e9ductions de prix et les conditions de r\u00e8glement (moyen de paiement du client).<\/p>\n<blockquote><p>\u00c0 lire aussi&nbsp;:<a href=\"https:\/\/traduc.com\/blog\/obligation-traduction-cgv-cgu\/\" target=\"_blank\" rel=\"noopener noreferrer\"> Faut-il traduire ses conditions g\u00e9n\u00e9rales en anglais&nbsp;?<\/a><\/p><\/blockquote>\n<p>&nbsp;<\/p>\n<h2>Valabilit\u00e9 des clauses limitatives de garanties dans les CGV<\/h2>\n<p>L\u2019objectif pour les e-commer\u00e7ants est de limiter leur responsabilit\u00e9 vis-\u00e0-vis du client.<\/p>\n<p><img decoding=\"async\" class=\"aligncenter size-full wp-image-20585\" src=\"https:\/\/www.redacteur.com\/blog\/wp-content\/uploads\/sites\/6\/2020\/05\/CGV-decathlon-e1588844383324.png\" alt=\"\" width=\"700\" height=\"282\" srcset=\"https:\/\/www.redacteur.com\/blog\/wp-content\/uploads\/sites\/6\/2020\/05\/CGV-decathlon-e1588844383324.png 700w, https:\/\/www.redacteur.com\/blog\/wp-content\/uploads\/sites\/6\/2020\/05\/CGV-decathlon-e1588844383324-300x121.png 300w, https:\/\/www.redacteur.com\/blog\/wp-content\/uploads\/sites\/6\/2020\/05\/CGV-decathlon-e1588844383324-60x24.png 60w, https:\/\/www.redacteur.com\/blog\/wp-content\/uploads\/sites\/6\/2020\/05\/CGV-decathlon-e1588844383324-370x149.png 370w, https:\/\/www.redacteur.com\/blog\/wp-content\/uploads\/sites\/6\/2020\/05\/CGV-decathlon-e1588844383324-270x109.png 270w, https:\/\/www.redacteur.com\/blog\/wp-content\/uploads\/sites\/6\/2020\/05\/CGV-decathlon-e1588844383324-570x230.png 570w\" sizes=\"(max-width: 700px) 100vw, 700px\" \/><\/p>\n<p>Mais attention, si les clients sont des particuliers, les clauses limitatives de responsabilit\u00e9 sont souvent jug\u00e9es comme abusives aux yeux de la loi. Pour celles qui concernent les professionnels, elles sont valables tant qu\u2019elles ne portent pas atteinte \u00e0 une responsabilit\u00e9 essentielle du vendeur.<\/p>\n<p>NB\u00a0: \u00c9vitez d\u2019utiliser des CGV g\u00e9n\u00e9rique ou de copier les CGV de vos concurrents\u00a0car chaque e-commerce est diff\u00e9rent (parasitisme \u00ab\u00e9conomique\u00a0\u00bb). Faites du \u00ab\u00a0sur-mesure\u00a0\u00bb\u00a0tout en \u00e9vitant que cela soit trop indigeste pour celui qui lit\u00a0!<\/p>\n<blockquote><p>\u00c0 lire aussi&nbsp;: <a href=\"https:\/\/www.redacteur.com\/blog\/e-commerce-astuces-retenir-attention-prospects\/\">E-commerce&nbsp;: 8 astuces pour retenir l&#8217;attention de vos prospects<\/a><\/p><\/blockquote>\n<p>&nbsp;<\/p>\n<h2>D\u00e9finition des CGV<\/h2>\n<p>Les conditions g\u00e9n\u00e9rales de vente (CGV) sont des clauses contractuelles, propres \u00e0 une entreprise. Elles font partie int\u00e9grante du contrat entre un client et une entreprise. Elles d\u00e9finissent les droits et obligations de chaque partie, ainsi que les moyens de r\u00e9gler les litiges qui peuvent survenir pendant la dur\u00e9e du contrat.<\/p>\n<p>Les CGV ont pour r\u00f4le de compl\u00e9ter les conditions g\u00e9n\u00e9rales, qui s&#8217;appliquent \u00e0 la plupart des contrats dans un secteur d&#8217;activit\u00e9 donn\u00e9. Par cons\u00e9quent, si vous vendez des biens ou des services sur votre site de commerce \u00e9lectronique ou votre place de march\u00e9, il est conseill\u00e9 d&#8217;\u00e9tablir vos propres CGV.<\/p>\n<p>&nbsp;<\/p>\n<h2>Quelles sont les obligations l\u00e9gales pour un vendeur sur un site d&#8217;ecommerce&nbsp;?<\/h2>\n<p>Vous \u00eates tenu de fournir certaines informations aux consommateurs avant qu&#8217;ils n&#8217;ach\u00e8tent. Il s&#8217;agit notamment des \u00e9l\u00e9ments suivants&nbsp;:<\/p>\n<ul>\n<li>Les principales caract\u00e9ristiques des biens ou services en question, leur prix et les \u00e9ventuels frais de livraison<\/li>\n<li>Les conditions de paiement, de livraison et d&#8217;ex\u00e9cution du contrat<\/li>\n<li>votre identit\u00e9 (c&#8217;est-\u00e0-dire le nom de votre entreprise), votre adresse et vos coordonn\u00e9es<\/li>\n<li>Une description de la proc\u00e9dure de traitement des plaintes<\/li>\n<li>des informations sur les garanties et le service apr\u00e8s-vente<\/li>\n<\/ul>\n<h2>Faut-il mettre \u00e0 jour ses conditions g\u00e9n\u00e9rales&nbsp;?<\/h2>\n<p>Vous devez mettre \u00e0 jour vos conditions g\u00e9n\u00e9rales r\u00e9guli\u00e8rement, en particulier si vous proposez quelque chose de nouveau. Soyez au courant des changements juridiques qui affectent votre activit\u00e9, comme les derni\u00e8res lois sur la protection des donn\u00e9es en Europe. Si vous basez vos conditions g\u00e9n\u00e9rales sur celles d&#8217;un concurrent, ne soyez pas surpris si les v\u00f4tres ne vous conviennent pas. Faites appel \u00e0 un service juridique r\u00e9put\u00e9 pour vous aider \u00e0 les r\u00e9diger correctement.<\/p>\n<p>&nbsp;<\/p>\n<h2>Comment cr\u00e9er vos CGV&nbsp;?<\/h2>\n<p>Vous devez cr\u00e9er vos CGV. Que devez-vous inclure&nbsp;?<\/p>\n<ul>\n<li>Vos CGV sont un texte juridique, elles ne doivent donc pas contenir de fautes d&#8217;orthographe ou de phrases r\u00e9p\u00e9titives. C&#8217;est tr\u00e8s simple&nbsp;: si le texte est mal \u00e9crit, et donc difficile \u00e0 comprendre, il manquera de cr\u00e9dibilit\u00e9 aux yeux des consommateurs. Vous devrez donc investir du temps dans leur r\u00e9daction.<\/li>\n<li>Les r\u00e8gles relatives \u00e0 votre activit\u00e9 que vous souhaitez \u00e9tablir (les droits et obligations des deux parties). Par exemple, une politique de remboursement (ou mieux encore, une garantie de satisfaction), les d\u00e9lais de livraison des produits que vous vendez, les r\u00e8gles concernant les retours et les \u00e9changes&#8230; etc.<\/li>\n<li>Le cas \u00e9ch\u00e9ant, les contrats li\u00e9s \u00e0 votre activit\u00e9 que les utilisateurs doivent accepter avant d&#8217;acheter vos produits ou services. Il peut s&#8217;agir de politiques de confidentialit\u00e9 ou de clauses de non-responsabilit\u00e9 sur certains types de produits comme les aliments ou les compl\u00e9ments alimentaires.<\/li>\n<li>La dur\u00e9e de ces contrats. Pour une entreprise de commerce \u00e9lectronique vendant des biens et\/ou des services physiques qui sont livr\u00e9s \u00e0 domicile ou en magasin, cette question n&#8217;a pas vraiment d&#8217;importance puisque vous pouvez toujours annuler une commande \u00e0 tout moment avant que la livraison ne soit effectu\u00e9e. En revanche, pour une entreprise de commerce \u00e9lectronique vendant des biens num\u00e9riques tels que des solutions logicielles par exemple&#8230; etc., vous devrez pr\u00e9ciser combien de temps les utilisateurs peuvent utiliser le service une fois qu&#8217;ils l&#8217;ont achet\u00e9 sur votre site web.<\/li>\n<li>Si applicable \u00e0 votre activit\u00e9&nbsp;: toutes les autres clauses n\u00e9cessaires pour vous prot\u00e9ger juridiquement de litiges futurs.<\/li>\n<\/ul>\n<h2>Qui est concern\u00e9&nbsp;?<\/h2>\n<p>Les diff\u00e9rentes entreprises pr\u00e9sentes sur Internet<\/p>\n<ul>\n<li>Les sites de commerce \u00e9lectronique sont les principaux acteurs de la vente en ligne. Directement en ligne, ils proposent un catalogue ou une gamme de produits, et les clients peuvent acheter les produits qui les int\u00e9ressent en quelques clics.<\/li>\n<li>Les sites commerciaux permettent aux entreprises de vendre leurs produits ou services sur leur propre site. Ils peuvent \u00eatre utilis\u00e9s par des commer\u00e7ants ind\u00e9pendants, des artisans ou des professionnels.<\/li>\n<li>Les places de march\u00e9 \u00e9lectroniques sont des lieux de rencontre virtuels o\u00f9 les particuliers et les professionnels peuvent se rencontrer pour \u00e9changer des biens ou des services, sans avoir besoin de passer par un tiers (service de s\u00e9questre par exemple).<\/li>\n<li>Les sites de vente aux ench\u00e8res favorisent l&#8217;achat et la vente aux ench\u00e8res entre particuliers. L&#8217;acheteur ach\u00e8te un objet vendu au prix le plus bas possible (eBay est l&#8217;un des exemples les plus c\u00e9l\u00e8bres).<\/li>\n<li>Les r\u00e9seaux sociaux sont de plus en plus utilis\u00e9s comme plateformes de vente (Facebook Marketplace, Instagram Shopping).<\/li>\n<\/ul>\n<h2>Les conditions g\u00e9n\u00e9rales de vente du professionnel\u00a0: quelles sont les clauses obligatoires\u00a0?<\/h2>\n<p>Vos CGV doivent comprendre, entre autres, les informations suivantes&nbsp;:<\/p>\n<ul>\n<li>L&#8217;indication de votre soci\u00e9t\u00e9 (ou, le cas \u00e9ch\u00e9ant, de votre nom), ainsi que son adresse et ses coordonn\u00e9es.<\/li>\n<li>L&#8217;indication de votre num\u00e9ro de TVA intracommunautaire.<\/li>\n<li>L&#8217;indication de la raison sociale du client (le cas \u00e9ch\u00e9ant), ainsi que son adresse et ses coordonn\u00e9es.<\/li>\n<li>L&#8217;indication des caract\u00e9ristiques des services ou produits que vous lui vendez.<\/li>\n<li>L&#8217;indication du ou des prix de ces services ou produits.<\/li>\n<\/ul>\n<h2>Les informations obligatoires li\u00e9es \u00e0 la commande, \u00e0 la vente ou au service fourni<\/h2>\n<ul>\n<li>Le prix de la vente ou du service, toutes taxes comprises.<\/li>\n<li>Les conditions de paiement et le moment o\u00f9 les marchandises doivent \u00eatre pay\u00e9es.<\/li>\n<li>Les conditions de livraison.<\/li>\n<li>L&#8217;existence d&#8217;un droit de r\u00e9tractation (qui doit \u00eatre mentionn\u00e9 dans une formule standard s&#8217;il existe) et les conditions d&#8217;exercice de ce droit.<\/li>\n<li>Les conditions d&#8217;exercice du droit de r\u00e9tractation&nbsp;: modalit\u00e9, d\u00e9lai, comment renvoyer le bien&#8230; Le client ne peut donc pas utiliser un simple refus comme mode de retour (et donc d&#8217;annulation) de sa commande.<\/li>\n<\/ul>\n<blockquote><p>Bon \u00e0 savoir&nbsp;: Le client dispose de 14 jours \u00e0 compter de la r\u00e9ception de sa commande pour exercer son droit de retour aupr\u00e8s de vous sans avoir \u00e0 se justifier ni \u00e0 payer de frais, sous peine de nullit\u00e9. Au-del\u00e0 de ces 14 jours, il peut encore annuler sa commande s&#8217;il apporte la preuve qu&#8217;il est dans l&#8217;impossibilit\u00e9 de respecter ce d\u00e9lai en raison de circonstances particuli\u00e8res telles qu&#8217;un accident ou une maladie (la charge de la preuve lui incombe).<\/p><\/blockquote>\n<p>&nbsp;<\/p>\n<h2>Obligations relatives \u00e0 la protection des donn\u00e9es personnelles<\/h2>\n<p>Veillez \u00e0 pr\u00e9ciser que les donn\u00e9es personnelles collect\u00e9es ne sont utilis\u00e9es que dans le but pour lequel elles ont \u00e9t\u00e9 collect\u00e9es. Vous devez \u00e9galement indiquer que les donn\u00e9es que vous collectez sont exactes et \u00e0 jour, et ne les conserver que si n\u00e9cessaire.<\/p>\n<p>&nbsp;<\/p>\n<h2>Notre astuce pour r\u00e9diger les CGV de votre site e-commerce<\/h2>\n<p>Auparavant, la loi applicable \u00e9tait bas\u00e9e sur le lieu d&#8217;ex\u00e9cution. Cependant, cette r\u00e8gle a \u00e9galement cr\u00e9\u00e9 des probl\u00e8mes quant \u00e0 savoir quelles r\u00e8gles de protection du pays devaient s&#8217;appliquer aux consommateurs.<\/p>\n<p>Par exemple, si votre entreprise est situ\u00e9e en France et que vous vendez un produit qui a \u00e9t\u00e9 fabriqu\u00e9 en Espagne mais livr\u00e9 directement depuis l&#8217;Espagne \u00e0 un client en Allemagne, comment pouvez-vous d\u00e9finir la loi applicable&nbsp;?<\/p>\n<p>La loi applicable est d\u00e9sormais d\u00e9termin\u00e9e par l&#8217;ordre de priorit\u00e9 suivant&nbsp;:<\/p>\n<ul>\n<li>la loi choisie par les parties lorsqu&#8217;elles concluent leur contrat. Il doit \u00eatre clairement indiqu\u00e9 par \u00e9crit (notamment dans vos CGV) que vous choisissez la loi fran\u00e7aise comme seule loi r\u00e9gissant vos contrats avec les consommateurs.<\/li>\n<li>le pays o\u00f9 votre entreprise est \u00e9tablie.<\/li>\n<li>le pays o\u00f9 le consommateur a sa r\u00e9sidence habituelle (\u00e0 condition qu&#8217;il ne soit pas li\u00e9 par un fournisseur professionnel).<\/li>\n<\/ul>\n<p>R\u00e9diger les CGV d&#8217;une boutique en ligne est particuli\u00e8rement complexe et \u00e9prouvant. Le plus simple reste encore de passer par un r\u00e9dacteur sp\u00e9cialis\u00e9 en la mati\u00e8re pour ne pas faire d&#8217;erreur.<\/p>\n<p>Mettez-vous en relation avec des r\u00e9dacteurs freelances professionnels qui sauront r\u00e9diger vos conditions g\u00e9n\u00e9rales de ventes pour vos sites e-commerce.\u00a0<strong>Pour cela, commandez vos textes ou faites une demande devis sur\u00a0<a href=\"..\/..\/..\/\">Redacteur.com<\/a>.\u00a0<\/strong><\/p>\n","protected":false},"excerpt":{"rendered":"<p>Vous avez un e-commerce\u00a0? Vous souhaitez r\u00e9diger \u2013 ou faire r\u00e9diger &#8211; les conditions g\u00e9n\u00e9rales de vente (CGV)\u00a0? Les CGV sont obligatoires, car elles offrent un cadre juridique \u00e0 vos ventes et vous prot\u00e8gent juridiquement. Il est donc essentiel de les r\u00e9diger avant de mettre en ligne votre e-commerce. Comment faire pour r\u00e9diger convenablement vos [&hellip;]<\/p>\n","protected":false},"author":1,"featured_media":20590,"comment_status":"open","ping_status":"open","sticky":false,"template":"","format":"standard","meta":{"_acf_changed":false,"inline_featured_image":false,"footnotes":""},"categories":[11],"tags":[],"class_list":["post-20583","post","type-post","status-publish","format-standard","has-post-thumbnail","hentry","category-redaction-web"],"acf":[],"yoast_head":"<!-- This site is optimized with the Yoast SEO plugin v25.9 - https:\/\/yoast.com\/wordpress\/plugins\/seo\/ -->\n<title>E-commerce\u00a0: comment r\u00e9diger vos CGV\u00a0? - Redacteur Blog<\/title>\n<meta name=\"description\" content=\"Vous avez un e-commerce\u00a0? Vous souhaitez r\u00e9diger \u2013 ou faire r\u00e9diger - les conditions g\u00e9n\u00e9rales de vente (CGV)\u00a0? Les CGV sont obligatoires, car elles\" \/>\n<meta name=\"robots\" content=\"index, follow, max-snippet:-1, max-image-preview:large, max-video-preview:-1\" \/>\n<link rel=\"canonical\" href=\"https:\/\/www.redacteur.com\/blog\/e-commerce-comment-rediger-vos-cgv\/\" \/>\n<meta property=\"og:locale\" content=\"fr_FR\" \/>\n<meta property=\"og:type\" content=\"article\" \/>\n<meta property=\"og:title\" content=\"E-commerce\u00a0: comment r\u00e9diger vos CGV\u00a0? - Redacteur Blog\" \/>\n<meta property=\"og:description\" content=\"Vous avez un e-commerce\u00a0? Vous souhaitez r\u00e9diger \u2013 ou faire r\u00e9diger - les conditions g\u00e9n\u00e9rales de vente (CGV)\u00a0? Les CGV sont obligatoires, car elles\" \/>\n<meta property=\"og:url\" content=\"https:\/\/www.redacteur.com\/blog\/e-commerce-comment-rediger-vos-cgv\/\" \/>\n<meta property=\"og:site_name\" content=\"Redacteur.com\" \/>\n<meta property=\"article:publisher\" content=\"https:\/\/www.facebook.com\/redacteurcom\" \/>\n<meta property=\"article:published_time\" content=\"2022-06-18T08:50:33+00:00\" \/>\n<meta property=\"og:image\" content=\"https:\/\/www.redacteur.com\/blog\/wp-content\/uploads\/sites\/6\/2020\/05\/redacteur-blog-img-conditions-generales-de-vente.jpg\" \/>\n\t<meta property=\"og:image:width\" content=\"850\" \/>\n\t<meta property=\"og:image:height\" content=\"600\" \/>\n\t<meta property=\"og:image:type\" content=\"image\/jpeg\" \/>\n<meta name=\"author\" content=\"Laura Michaud\" \/>\n<meta name=\"twitter:card\" content=\"summary_large_image\" \/>\n<meta name=\"twitter:creator\" content=\"@Redacteurcom\" \/>\n<meta name=\"twitter:site\" content=\"@Redacteurcom\" \/>\n<meta name=\"twitter:label1\" content=\"\u00c9crit par\" \/>\n\t<meta name=\"twitter:data1\" content=\"Laura Michaud\" \/>\n\t<meta name=\"twitter:label2\" content=\"Dur\u00e9e de lecture estim\u00e9e\" \/>\n\t<meta name=\"twitter:data2\" content=\"5 minutes\" \/>\n<script type=\"application\/ld+json\" class=\"yoast-schema-graph\">{\"@context\":\"https:\/\/schema.org\",\"@graph\":[{\"@type\":\"Article\",\"@id\":\"https:\/\/www.redacteur.com\/blog\/e-commerce-comment-rediger-vos-cgv\/#article\",\"isPartOf\":{\"@id\":\"https:\/\/www.redacteur.com\/blog\/e-commerce-comment-rediger-vos-cgv\/\"},\"author\":{\"name\":\"Laura Michaud\",\"@id\":\"https:\/\/www.redacteur.com\/blog\/#\/schema\/person\/33c0ef04707fbe50a096f282050bb5f2\"},\"headline\":\"E-commerce\u00a0: comment r\u00e9diger vos CGV\u00a0?\",\"datePublished\":\"2022-06-18T08:50:33+00:00\",\"mainEntityOfPage\":{\"@id\":\"https:\/\/www.redacteur.com\/blog\/e-commerce-comment-rediger-vos-cgv\/\"},\"wordCount\":2193,\"commentCount\":2,\"publisher\":{\"@id\":\"https:\/\/www.redacteur.com\/blog\/#organization\"},\"image\":{\"@id\":\"https:\/\/www.redacteur.com\/blog\/e-commerce-comment-rediger-vos-cgv\/#primaryimage\"},\"thumbnailUrl\":\"https:\/\/www.redacteur.com\/blog\/wp-content\/uploads\/sites\/6\/2020\/05\/redacteur-blog-img-conditions-generales-de-vente.jpg\",\"articleSection\":[\"R\u00e9daction web\"],\"inLanguage\":\"fr-FR\",\"potentialAction\":[{\"@type\":\"CommentAction\",\"name\":\"Comment\",\"target\":[\"https:\/\/www.redacteur.com\/blog\/e-commerce-comment-rediger-vos-cgv\/#respond\"]}]},{\"@type\":\"WebPage\",\"@id\":\"https:\/\/www.redacteur.com\/blog\/e-commerce-comment-rediger-vos-cgv\/\",\"url\":\"https:\/\/www.redacteur.com\/blog\/e-commerce-comment-rediger-vos-cgv\/\",\"name\":\"E-commerce\u00a0: comment r\u00e9diger vos CGV\u00a0? - Redacteur Blog\",\"isPartOf\":{\"@id\":\"https:\/\/www.redacteur.com\/blog\/#website\"},\"primaryImageOfPage\":{\"@id\":\"https:\/\/www.redacteur.com\/blog\/e-commerce-comment-rediger-vos-cgv\/#primaryimage\"},\"image\":{\"@id\":\"https:\/\/www.redacteur.com\/blog\/e-commerce-comment-rediger-vos-cgv\/#primaryimage\"},\"thumbnailUrl\":\"https:\/\/www.redacteur.com\/blog\/wp-content\/uploads\/sites\/6\/2020\/05\/redacteur-blog-img-conditions-generales-de-vente.jpg\",\"datePublished\":\"2022-06-18T08:50:33+00:00\",\"description\":\"Vous avez un e-commerce\u00a0? Vous souhaitez r\u00e9diger \u2013 ou faire r\u00e9diger - les conditions g\u00e9n\u00e9rales de vente (CGV)\u00a0? Les CGV sont obligatoires, car elles\",\"breadcrumb\":{\"@id\":\"https:\/\/www.redacteur.com\/blog\/e-commerce-comment-rediger-vos-cgv\/#breadcrumb\"},\"inLanguage\":\"fr-FR\",\"potentialAction\":[{\"@type\":\"ReadAction\",\"target\":[\"https:\/\/www.redacteur.com\/blog\/e-commerce-comment-rediger-vos-cgv\/\"]}]},{\"@type\":\"ImageObject\",\"inLanguage\":\"fr-FR\",\"@id\":\"https:\/\/www.redacteur.com\/blog\/e-commerce-comment-rediger-vos-cgv\/#primaryimage\",\"url\":\"https:\/\/www.redacteur.com\/blog\/wp-content\/uploads\/sites\/6\/2020\/05\/redacteur-blog-img-conditions-generales-de-vente.jpg\",\"contentUrl\":\"https:\/\/www.redacteur.com\/blog\/wp-content\/uploads\/sites\/6\/2020\/05\/redacteur-blog-img-conditions-generales-de-vente.jpg\",\"width\":850,\"height\":600},{\"@type\":\"BreadcrumbList\",\"@id\":\"https:\/\/www.redacteur.com\/blog\/e-commerce-comment-rediger-vos-cgv\/#breadcrumb\",\"itemListElement\":[{\"@type\":\"ListItem\",\"position\":1,\"name\":\"Blog\",\"item\":\"https:\/\/www.redacteur.com\/blog\/\"},{\"@type\":\"ListItem\",\"position\":2,\"name\":\"R\u00e9daction web\",\"item\":\"https:\/\/www.redacteur.com\/blog\/redaction-web\/\"},{\"@type\":\"ListItem\",\"position\":3,\"name\":\"E-commerce\u00a0: comment r\u00e9diger vos CGV\u00a0?\"}]},{\"@type\":\"WebSite\",\"@id\":\"https:\/\/www.redacteur.com\/blog\/#website\",\"url\":\"https:\/\/www.redacteur.com\/blog\/\",\"name\":\"Redacteur.com\",\"description\":\"redacteur\",\"publisher\":{\"@id\":\"https:\/\/www.redacteur.com\/blog\/#organization\"},\"potentialAction\":[{\"@type\":\"SearchAction\",\"target\":{\"@type\":\"EntryPoint\",\"urlTemplate\":\"https:\/\/www.redacteur.com\/blog\/?s={search_term_string}\"},\"query-input\":{\"@type\":\"PropertyValueSpecification\",\"valueRequired\":true,\"valueName\":\"search_term_string\"}}],\"inLanguage\":\"fr-FR\"},{\"@type\":\"Organization\",\"@id\":\"https:\/\/www.redacteur.com\/blog\/#organization\",\"name\":\"Redacteur.com\",\"url\":\"https:\/\/www.redacteur.com\/blog\/\",\"logo\":{\"@type\":\"ImageObject\",\"inLanguage\":\"fr-FR\",\"@id\":\"https:\/\/www.redacteur.com\/blog\/#\/schema\/logo\/image\/\",\"url\":\"https:\/\/www.redacteur.com\/blog\/wp-content\/uploads\/sites\/6\/2022\/10\/logo-redacteur-blog.svg\",\"contentUrl\":\"https:\/\/www.redacteur.com\/blog\/wp-content\/uploads\/sites\/6\/2022\/10\/logo-redacteur-blog.svg\",\"width\":1,\"height\":1,\"caption\":\"Redacteur.com\"},\"image\":{\"@id\":\"https:\/\/www.redacteur.com\/blog\/#\/schema\/logo\/image\/\"},\"sameAs\":[\"https:\/\/www.facebook.com\/redacteurcom\",\"https:\/\/x.com\/Redacteurcom\",\"https:\/\/www.linkedin.com\/company\/redacteur-com\",\"https:\/\/www.youtube.com\/channel\/UCgj9ySM9xy3gdL8qBafl9Uw\/\"]},{\"@type\":\"Person\",\"@id\":\"https:\/\/www.redacteur.com\/blog\/#\/schema\/person\/33c0ef04707fbe50a096f282050bb5f2\",\"name\":\"Laura Michaud\",\"image\":{\"@type\":\"ImageObject\",\"inLanguage\":\"fr-FR\",\"@id\":\"https:\/\/www.redacteur.com\/blog\/#\/schema\/person\/image\/\",\"url\":\"https:\/\/secure.gravatar.com\/avatar\/c3328cc0c887f98cec6b2979af3311ab6333fc7cc2d4847514cfec6a56fa08a7?s=96&d=mm&r=g\",\"contentUrl\":\"https:\/\/secure.gravatar.com\/avatar\/c3328cc0c887f98cec6b2979af3311ab6333fc7cc2d4847514cfec6a56fa08a7?s=96&d=mm&r=g\",\"caption\":\"Laura Michaud\"},\"description\":\"Laura connait tous les meilleurs outils pour g\u00e9rer des projets et une entreprise. Cr\u00e9ative, c'est aussi une sp\u00e9cialiste des outils de cr\u00e9ation graphique pour faire briller une entreprise.\",\"sameAs\":[\"https:\/\/www.linkedin.com\/in\/michaudlaura\/\"],\"url\":\"https:\/\/www.redacteur.com\/blog\/author\/laura\/\"}]}<\/script>\n<!-- \/ Yoast SEO plugin. -->","yoast_head_json":{"title":"E-commerce\u00a0: comment r\u00e9diger vos CGV\u00a0? - Redacteur Blog","description":"Vous avez un e-commerce\u00a0? Vous souhaitez r\u00e9diger \u2013 ou faire r\u00e9diger - les conditions g\u00e9n\u00e9rales de vente (CGV)\u00a0? Les CGV sont obligatoires, car elles","robots":{"index":"index","follow":"follow","max-snippet":"max-snippet:-1","max-image-preview":"max-image-preview:large","max-video-preview":"max-video-preview:-1"},"canonical":"https:\/\/www.redacteur.com\/blog\/e-commerce-comment-rediger-vos-cgv\/","og_locale":"fr_FR","og_type":"article","og_title":"E-commerce\u00a0: comment r\u00e9diger vos CGV\u00a0? - Redacteur Blog","og_description":"Vous avez un e-commerce\u00a0? Vous souhaitez r\u00e9diger \u2013 ou faire r\u00e9diger - les conditions g\u00e9n\u00e9rales de vente (CGV)\u00a0? Les CGV sont obligatoires, car elles","og_url":"https:\/\/www.redacteur.com\/blog\/e-commerce-comment-rediger-vos-cgv\/","og_site_name":"Redacteur.com","article_publisher":"https:\/\/www.facebook.com\/redacteurcom","article_published_time":"2022-06-18T08:50:33+00:00","og_image":[{"width":850,"height":600,"url":"https:\/\/www.redacteur.com\/blog\/wp-content\/uploads\/sites\/6\/2020\/05\/redacteur-blog-img-conditions-generales-de-vente.jpg","type":"image\/jpeg"}],"author":"Laura Michaud","twitter_card":"summary_large_image","twitter_creator":"@Redacteurcom","twitter_site":"@Redacteurcom","twitter_misc":{"\u00c9crit par":"Laura Michaud","Dur\u00e9e de lecture estim\u00e9e":"5 minutes"},"schema":{"@context":"https:\/\/schema.org","@graph":[{"@type":"Article","@id":"https:\/\/www.redacteur.com\/blog\/e-commerce-comment-rediger-vos-cgv\/#article","isPartOf":{"@id":"https:\/\/www.redacteur.com\/blog\/e-commerce-comment-rediger-vos-cgv\/"},"author":{"name":"Laura Michaud","@id":"https:\/\/www.redacteur.com\/blog\/#\/schema\/person\/33c0ef04707fbe50a096f282050bb5f2"},"headline":"E-commerce\u00a0: comment r\u00e9diger vos CGV\u00a0?","datePublished":"2022-06-18T08:50:33+00:00","mainEntityOfPage":{"@id":"https:\/\/www.redacteur.com\/blog\/e-commerce-comment-rediger-vos-cgv\/"},"wordCount":2193,"commentCount":2,"publisher":{"@id":"https:\/\/www.redacteur.com\/blog\/#organization"},"image":{"@id":"https:\/\/www.redacteur.com\/blog\/e-commerce-comment-rediger-vos-cgv\/#primaryimage"},"thumbnailUrl":"https:\/\/www.redacteur.com\/blog\/wp-content\/uploads\/sites\/6\/2020\/05\/redacteur-blog-img-conditions-generales-de-vente.jpg","articleSection":["R\u00e9daction web"],"inLanguage":"fr-FR","potentialAction":[{"@type":"CommentAction","name":"Comment","target":["https:\/\/www.redacteur.com\/blog\/e-commerce-comment-rediger-vos-cgv\/#respond"]}]},{"@type":"WebPage","@id":"https:\/\/www.redacteur.com\/blog\/e-commerce-comment-rediger-vos-cgv\/","url":"https:\/\/www.redacteur.com\/blog\/e-commerce-comment-rediger-vos-cgv\/","name":"E-commerce\u00a0: comment r\u00e9diger vos CGV\u00a0? - Redacteur Blog","isPartOf":{"@id":"https:\/\/www.redacteur.com\/blog\/#website"},"primaryImageOfPage":{"@id":"https:\/\/www.redacteur.com\/blog\/e-commerce-comment-rediger-vos-cgv\/#primaryimage"},"image":{"@id":"https:\/\/www.redacteur.com\/blog\/e-commerce-comment-rediger-vos-cgv\/#primaryimage"},"thumbnailUrl":"https:\/\/www.redacteur.com\/blog\/wp-content\/uploads\/sites\/6\/2020\/05\/redacteur-blog-img-conditions-generales-de-vente.jpg","datePublished":"2022-06-18T08:50:33+00:00","description":"Vous avez un e-commerce\u00a0? Vous souhaitez r\u00e9diger \u2013 ou faire r\u00e9diger - les conditions g\u00e9n\u00e9rales de vente (CGV)\u00a0? Les CGV sont obligatoires, car elles","breadcrumb":{"@id":"https:\/\/www.redacteur.com\/blog\/e-commerce-comment-rediger-vos-cgv\/#breadcrumb"},"inLanguage":"fr-FR","potentialAction":[{"@type":"ReadAction","target":["https:\/\/www.redacteur.com\/blog\/e-commerce-comment-rediger-vos-cgv\/"]}]},{"@type":"ImageObject","inLanguage":"fr-FR","@id":"https:\/\/www.redacteur.com\/blog\/e-commerce-comment-rediger-vos-cgv\/#primaryimage","url":"https:\/\/www.redacteur.com\/blog\/wp-content\/uploads\/sites\/6\/2020\/05\/redacteur-blog-img-conditions-generales-de-vente.jpg","contentUrl":"https:\/\/www.redacteur.com\/blog\/wp-content\/uploads\/sites\/6\/2020\/05\/redacteur-blog-img-conditions-generales-de-vente.jpg","width":850,"height":600},{"@type":"BreadcrumbList","@id":"https:\/\/www.redacteur.com\/blog\/e-commerce-comment-rediger-vos-cgv\/#breadcrumb","itemListElement":[{"@type":"ListItem","position":1,"name":"Blog","item":"https:\/\/www.redacteur.com\/blog\/"},{"@type":"ListItem","position":2,"name":"R\u00e9daction web","item":"https:\/\/www.redacteur.com\/blog\/redaction-web\/"},{"@type":"ListItem","position":3,"name":"E-commerce\u00a0: comment r\u00e9diger vos CGV\u00a0?"}]},{"@type":"WebSite","@id":"https:\/\/www.redacteur.com\/blog\/#website","url":"https:\/\/www.redacteur.com\/blog\/","name":"Redacteur.com","description":"redacteur","publisher":{"@id":"https:\/\/www.redacteur.com\/blog\/#organization"},"potentialAction":[{"@type":"SearchAction","target":{"@type":"EntryPoint","urlTemplate":"https:\/\/www.redacteur.com\/blog\/?s={search_term_string}"},"query-input":{"@type":"PropertyValueSpecification","valueRequired":true,"valueName":"search_term_string"}}],"inLanguage":"fr-FR"},{"@type":"Organization","@id":"https:\/\/www.redacteur.com\/blog\/#organization","name":"Redacteur.com","url":"https:\/\/www.redacteur.com\/blog\/","logo":{"@type":"ImageObject","inLanguage":"fr-FR","@id":"https:\/\/www.redacteur.com\/blog\/#\/schema\/logo\/image\/","url":"https:\/\/www.redacteur.com\/blog\/wp-content\/uploads\/sites\/6\/2022\/10\/logo-redacteur-blog.svg","contentUrl":"https:\/\/www.redacteur.com\/blog\/wp-content\/uploads\/sites\/6\/2022\/10\/logo-redacteur-blog.svg","width":1,"height":1,"caption":"Redacteur.com"},"image":{"@id":"https:\/\/www.redacteur.com\/blog\/#\/schema\/logo\/image\/"},"sameAs":["https:\/\/www.facebook.com\/redacteurcom","https:\/\/x.com\/Redacteurcom","https:\/\/www.linkedin.com\/company\/redacteur-com","https:\/\/www.youtube.com\/channel\/UCgj9ySM9xy3gdL8qBafl9Uw\/"]},{"@type":"Person","@id":"https:\/\/www.redacteur.com\/blog\/#\/schema\/person\/33c0ef04707fbe50a096f282050bb5f2","name":"Laura Michaud","image":{"@type":"ImageObject","inLanguage":"fr-FR","@id":"https:\/\/www.redacteur.com\/blog\/#\/schema\/person\/image\/","url":"https:\/\/secure.gravatar.com\/avatar\/c3328cc0c887f98cec6b2979af3311ab6333fc7cc2d4847514cfec6a56fa08a7?s=96&d=mm&r=g","contentUrl":"https:\/\/secure.gravatar.com\/avatar\/c3328cc0c887f98cec6b2979af3311ab6333fc7cc2d4847514cfec6a56fa08a7?s=96&d=mm&r=g","caption":"Laura Michaud"},"description":"Laura connait tous les meilleurs outils pour g\u00e9rer des projets et une entreprise. Cr\u00e9ative, c'est aussi une sp\u00e9cialiste des outils de cr\u00e9ation graphique pour faire briller une entreprise.","sameAs":["https:\/\/www.linkedin.com\/in\/michaudlaura\/"],"url":"https:\/\/www.redacteur.com\/blog\/author\/laura\/"}]}},"_links":{"self":[{"href":"https:\/\/www.redacteur.com\/blog\/wp-json\/wp\/v2\/posts\/20583","targetHints":{"allow":["GET"]}}],"collection":[{"href":"https:\/\/www.redacteur.com\/blog\/wp-json\/wp\/v2\/posts"}],"about":[{"href":"https:\/\/www.redacteur.com\/blog\/wp-json\/wp\/v2\/types\/post"}],"author":[{"embeddable":true,"href":"https:\/\/www.redacteur.com\/blog\/wp-json\/wp\/v2\/users\/1"}],"replies":[{"embeddable":true,"href":"https:\/\/www.redacteur.com\/blog\/wp-json\/wp\/v2\/comments?post=20583"}],"version-history":[{"count":0,"href":"https:\/\/www.redacteur.com\/blog\/wp-json\/wp\/v2\/posts\/20583\/revisions"}],"wp:featuredmedia":[{"embeddable":true,"href":"https:\/\/www.redacteur.com\/blog\/wp-json\/wp\/v2\/media\/20590"}],"wp:attachment":[{"href":"https:\/\/www.redacteur.com\/blog\/wp-json\/wp\/v2\/media?parent=20583"}],"wp:term":[{"taxonomy":"category","embeddable":true,"href":"https:\/\/www.redacteur.com\/blog\/wp-json\/wp\/v2\/categories?post=20583"},{"taxonomy":"post_tag","embeddable":true,"href":"https:\/\/www.redacteur.com\/blog\/wp-json\/wp\/v2\/tags?post=20583"}],"curies":[{"name":"wp","href":"https:\/\/api.w.org\/{rel}","templated":true}]}}