{"id":21107,"date":"2020-06-26T10:30:22","date_gmt":"2020-06-26T08:30:22","guid":{"rendered":"https:\/\/www.redacteur.com\/blog\/?p=21107"},"modified":"2020-06-26T10:30:22","modified_gmt":"2020-06-26T08:30:22","slug":"guide-complet-rediger-tout-type-contenu","status":"publish","type":"post","link":"https:\/\/www.redacteur.com\/blog\/guide-complet-rediger-tout-type-contenu\/","title":{"rendered":"Le guide ultime pour r\u00e9diger tous types de contenus"},"content":{"rendered":"<p>Vous vous lancez enfin dans la r\u00e9daction&#8230;.oui mais de quoi&nbsp;?<\/p>\n<p>Dans ce super guide, vous retrouverez toutes nos astuces et nos conseils sur la r\u00e9daction d&#8217;une charte \u00e9ditoriale, d&#8217;une biographie, d&#8217;une \u00e9tude de cas, de textes SEO&#8230;.<\/p>\n<p>&nbsp;<\/p>\n<p><strong>Sommaire<\/strong><\/p>\n<ul>\n<li><a href=\"#cahier\">1. Comment r\u00e9diger un cahier des charges pour la r\u00e9daction web\u00a0?<\/a><\/li>\n<li><a href=\"#charte\">2. Comment r\u00e9diger une charte \u00e9ditoriale pour le web&nbsp;?<\/a><\/li>\n<li><a href=\"#bio\">3. R\u00e9diger une biographie professionnelle<\/a><\/li>\n<li><a href=\"#fiche\">4. Cr\u00e9er une fiche produit&nbsp;: les bonnes pratiques<\/a><\/li>\n<li><a href=\"#etude\">5. Comment r\u00e9diger une \u00e9tude de cas\u00a0?<\/a><\/li>\n<li><a href=\"#page\">6. Comment r\u00e9diger une page de vente irr\u00e9sistible&nbsp;?<\/a><\/li>\n<li><a href=\"#cgv\">7. E-commerce\u00a0: comment r\u00e9diger vos CGV\u00a0?<\/a><\/li>\n<li><a href=\"#seo\">8. SEO pour les nuls&nbsp;: Comment r\u00e9diger du contenu SEO<\/a><\/li>\n<li><a href=\"#sponso\">9. Comment bien r\u00e9diger un article sponsoris\u00e9\u00a0?<\/a><\/li>\n<li><a href=\"#immo\">10. Comment r\u00e9diger un programme immobilier pertinent&nbsp;?<\/a><\/li>\n<li><a href=\"#plaquette\">11. Comment r\u00e9diger votre future plaquette commerciale&nbsp;?<\/a><\/li>\n<li><a href=\"#test\">12. R\u00e9dacteur\u00a0: comment r\u00e9diger un article test pour un client\u00a0?<\/a><\/li>\n<li><a href=\"#marche\">13. Comment faire une \u00e9tude de march\u00e9\u00a0?<\/a><\/li>\n<li><a href=\"#podcast\">14. Comment r\u00e9diger un bon podcast\u00a0?<\/a><\/li>\n<li><a href=\"#video\">15. Comment r\u00e9diger un bon script vid\u00e9o\u00a0?<\/a><\/li>\n<li><a href=\"#reseaux\">16. Comment \u00e9crire la publication parfaite sur les r\u00e9seaux sociaux\u00a0?<\/a><\/li>\n<li><a href=\"#tuto\">17. R\u00e9diger un tutoriel<\/a><\/li>\n<li><a href=\"#texte\">18. R\u00e9diger un texte sur un sujet technique<\/a><\/li>\n<li><a href=\"#info\">19. R\u00e9diger une infographie<\/a><\/li>\n<li><a href=\"#reporting\">20. R\u00e9diger son reporting de performance<\/a><\/li>\n<li><a href=\"#trad\">21. R\u00e9daction ou traduction\u00a0: quel est le meilleur choix pour votre Content Marketing\u00a0?<\/a><\/li>\n<\/ul>\n<p>&nbsp;<\/p>\n<h2 id=\"cahier\"><a href=\"https:\/\/www.redacteur.com\/blog\/rediger-cahier-charges-redaction-web\/\" target=\"_blank\" rel=\"noopener noreferrer\">1. Comment r\u00e9diger un cahier des charges pour la r\u00e9daction web\u00a0?<\/a><\/h2>\n<p><img decoding=\"async\" class=\"aligncenter size-full wp-image-21108\" src=\"https:\/\/www.redacteur.com\/blog\/wp-content\/uploads\/sites\/6\/2020\/06\/redacteur-blog-img-une-740x522-1.jpg\" alt=\"redacteur web cahier des charges\" width=\"740\" height=\"522\" srcset=\"https:\/\/www.redacteur.com\/blog\/wp-content\/uploads\/sites\/6\/2020\/06\/redacteur-blog-img-une-740x522-1.jpg 740w, https:\/\/www.redacteur.com\/blog\/wp-content\/uploads\/sites\/6\/2020\/06\/redacteur-blog-img-une-740x522-1-300x212.jpg 300w, https:\/\/www.redacteur.com\/blog\/wp-content\/uploads\/sites\/6\/2020\/06\/redacteur-blog-img-une-740x522-1-60x42.jpg 60w, https:\/\/www.redacteur.com\/blog\/wp-content\/uploads\/sites\/6\/2020\/06\/redacteur-blog-img-une-740x522-1-370x261.jpg 370w, https:\/\/www.redacteur.com\/blog\/wp-content\/uploads\/sites\/6\/2020\/06\/redacteur-blog-img-une-740x522-1-270x190.jpg 270w, https:\/\/www.redacteur.com\/blog\/wp-content\/uploads\/sites\/6\/2020\/06\/redacteur-blog-img-une-740x522-1-570x402.jpg 570w\" sizes=\"(max-width: 740px) 100vw, 740px\" \/><\/p>\n<p>Avant de vous lancer dans la conception de contenu, vous devez commencer par la premi\u00e8re \u00e9tape&nbsp;: le cahier des charges pour <a href=\"https:\/\/www.redacteur.com\/service\/creer-calendrier-editorial\/\" target=\"_blank\" rel=\"noopener noreferrer\">un calendrier \u00e9ditorial<\/a>. Celui-ci vous permettra de remplir vos objectifs et d&#8217;\u00e9tablir les besoins en articles, infographies, vid\u00e9os, posts sur les r\u00e9seaux sociaux&#8230;<\/p>\n<p>Inspirez-vous de nos meilleurs pratiques de conception de cahier des charges.<\/p>\n<ul>\n<li><a href=\"https:\/\/www.redacteur.com\/blog\/rediger-cahier-charges-redaction-web\/\" target=\"_blank\" rel=\"noopener noreferrer\">Comment r\u00e9diger un cahier des charges pour la r\u00e9daction web\u00a0?<\/a><\/li>\n<\/ul>\n<p>&nbsp;<\/p>\n<h2 id=\"charte\"><a href=\"https:\/\/www.redacteur.com\/blog\/comment-rediger-une-charte-editoriale-pour-le-web\/\" target=\"_blank\" rel=\"noopener noreferrer\">2. Comment r\u00e9diger une charte \u00e9ditoriale pour le web&nbsp;?<\/a><\/h2>\n<p><img decoding=\"async\" class=\"aligncenter size-full wp-image-18260\" src=\"https:\/\/www.redacteur.com\/blog\/wp-content\/uploads\/sites\/6\/2015\/11\/redacteur-blog-img-rediger-une-charte-editoriale.jpg\" alt=\"rediger une charte \u00e9ditoriale definition aide content marketing\" width=\"850\" height=\"600\" srcset=\"https:\/\/www.redacteur.com\/blog\/wp-content\/uploads\/sites\/6\/2015\/11\/redacteur-blog-img-rediger-une-charte-editoriale.jpg 850w, https:\/\/www.redacteur.com\/blog\/wp-content\/uploads\/sites\/6\/2015\/11\/redacteur-blog-img-rediger-une-charte-editoriale-300x212.jpg 300w, https:\/\/www.redacteur.com\/blog\/wp-content\/uploads\/sites\/6\/2015\/11\/redacteur-blog-img-rediger-une-charte-editoriale-768x542.jpg 768w, https:\/\/www.redacteur.com\/blog\/wp-content\/uploads\/sites\/6\/2015\/11\/redacteur-blog-img-rediger-une-charte-editoriale-60x42.jpg 60w, https:\/\/www.redacteur.com\/blog\/wp-content\/uploads\/sites\/6\/2015\/11\/redacteur-blog-img-rediger-une-charte-editoriale-370x261.jpg 370w, https:\/\/www.redacteur.com\/blog\/wp-content\/uploads\/sites\/6\/2015\/11\/redacteur-blog-img-rediger-une-charte-editoriale-270x191.jpg 270w, https:\/\/www.redacteur.com\/blog\/wp-content\/uploads\/sites\/6\/2015\/11\/redacteur-blog-img-rediger-une-charte-editoriale-570x402.jpg 570w, https:\/\/www.redacteur.com\/blog\/wp-content\/uploads\/sites\/6\/2015\/11\/redacteur-blog-img-rediger-une-charte-editoriale-740x522.jpg 740w\" sizes=\"(max-width: 850px) 100vw, 850px\" \/><\/p>\n<p>Si vous poss\u00e9dez un blog, il est indispensable d&#8217;\u00e9tablir sa charte \u00e9ditoriale. Ce document vous aidera \u00e0 clarifier vos besoins et d&#8217;\u00e9tablir le &#8220;bon ton&#8221; pour vos prochaines publications&nbsp;!<\/p>\n<ul>\n<li><a href=\"https:\/\/www.redacteur.com\/blog\/comment-rediger-une-charte-editoriale-pour-le-web\/\" target=\"_blank\" rel=\"noopener noreferrer\">Comment r\u00e9diger une charte \u00e9ditoriale pour le web&nbsp;?<\/a><\/li>\n<\/ul>\n<p>&nbsp;<\/p>\n<h2 id=\"bio\"><a href=\"https:\/\/www.redacteur.com\/blog\/rediger-biographie-professionnelle\/\" target=\"_blank\" rel=\"noopener noreferrer\">3. R\u00e9diger une biographie professionnelle<\/a><\/h2>\n<p><img decoding=\"async\" class=\"aligncenter size-full wp-image-14677\" src=\"https:\/\/www.redacteur.com\/blog\/wp-content\/uploads\/sites\/6\/2019\/02\/rediger-biographie-professionnelle.jpg\" alt=\"R\u00e9diger biographie professionnelle\" width=\"850\" height=\"600\" srcset=\"https:\/\/www.redacteur.com\/blog\/wp-content\/uploads\/sites\/6\/2019\/02\/rediger-biographie-professionnelle.jpg 850w, https:\/\/www.redacteur.com\/blog\/wp-content\/uploads\/sites\/6\/2019\/02\/rediger-biographie-professionnelle-300x212.jpg 300w, https:\/\/www.redacteur.com\/blog\/wp-content\/uploads\/sites\/6\/2019\/02\/rediger-biographie-professionnelle-768x542.jpg 768w, https:\/\/www.redacteur.com\/blog\/wp-content\/uploads\/sites\/6\/2019\/02\/rediger-biographie-professionnelle-60x42.jpg 60w, https:\/\/www.redacteur.com\/blog\/wp-content\/uploads\/sites\/6\/2019\/02\/rediger-biographie-professionnelle-370x261.jpg 370w, https:\/\/www.redacteur.com\/blog\/wp-content\/uploads\/sites\/6\/2019\/02\/rediger-biographie-professionnelle-270x191.jpg 270w, https:\/\/www.redacteur.com\/blog\/wp-content\/uploads\/sites\/6\/2019\/02\/rediger-biographie-professionnelle-570x402.jpg 570w, https:\/\/www.redacteur.com\/blog\/wp-content\/uploads\/sites\/6\/2019\/02\/rediger-biographie-professionnelle-740x522.jpg 740w\" sizes=\"(max-width: 850px) 100vw, 850px\" \/><\/p>\n<p>\u00c9crire une biographie pour un blog ou une page &#8220;\u00e0 propos&#8221; n&#8217;est pas quelque chose d&#8217;anodin. Elle demande un temps de r\u00e9flexion car il s&#8217;agit de mettre en avant votre parcours professionnel, vos exp\u00e9riences, vos comp\u00e9tences mais pas seulement&nbsp;! C&#8217;est aussi le reflet de votre personnalit\u00e9. D\u00e9couvrez comment l&#8217;\u00e9crire&#8230;<\/p>\n<ul>\n<li><a href=\"https:\/\/www.redacteur.com\/blog\/rediger-biographie-professionnelle\" target=\"_blank\" rel=\"noopener noreferrer\">R\u00e9diger une biographie professionnelle<\/a><\/li>\n<\/ul>\n<p>&nbsp;<\/p>\n<h2 id=\"fiche\"><a href=\"https:\/\/www.redacteur.com\/blog\/creer-une-fiche-produit-les-bonnes-pratiques\/\" target=\"_blank\" rel=\"noopener noreferrer\">4. Cr\u00e9er une fiche produit&nbsp;: les bonnes pratiques<\/a><\/h2>\n<p><img decoding=\"async\" class=\"aligncenter size-full wp-image-14318\" src=\"https:\/\/www.redacteur.com\/blog\/wp-content\/uploads\/sites\/6\/2015\/06\/redacteur-fiche-produit-conseil.jpg\" alt=\"Conseils r\u00e9diger fiche produits\" width=\"850\" height=\"600\" srcset=\"https:\/\/www.redacteur.com\/blog\/wp-content\/uploads\/sites\/6\/2015\/06\/redacteur-fiche-produit-conseil.jpg 850w, https:\/\/www.redacteur.com\/blog\/wp-content\/uploads\/sites\/6\/2015\/06\/redacteur-fiche-produit-conseil-300x212.jpg 300w, https:\/\/www.redacteur.com\/blog\/wp-content\/uploads\/sites\/6\/2015\/06\/redacteur-fiche-produit-conseil-768x542.jpg 768w, https:\/\/www.redacteur.com\/blog\/wp-content\/uploads\/sites\/6\/2015\/06\/redacteur-fiche-produit-conseil-60x42.jpg 60w, https:\/\/www.redacteur.com\/blog\/wp-content\/uploads\/sites\/6\/2015\/06\/redacteur-fiche-produit-conseil-370x261.jpg 370w, https:\/\/www.redacteur.com\/blog\/wp-content\/uploads\/sites\/6\/2015\/06\/redacteur-fiche-produit-conseil-270x191.jpg 270w, https:\/\/www.redacteur.com\/blog\/wp-content\/uploads\/sites\/6\/2015\/06\/redacteur-fiche-produit-conseil-570x402.jpg 570w, https:\/\/www.redacteur.com\/blog\/wp-content\/uploads\/sites\/6\/2015\/06\/redacteur-fiche-produit-conseil-740x522.jpg 740w\" sizes=\"(max-width: 850px) 100vw, 850px\" \/><\/p>\n<p>D\u00e9couvrez comment r\u00e9diger une fiche produit parfaite pour votre e-commerce, aussi bien pour donner envie \u00e0 vos visiteurs que pour r\u00e9pondre aux crit\u00e8res SEO de Google.<\/p>\n<ul>\n<li>\u00a0 <a href=\"https:\/\/www.redacteur.com\/blog\/creer-une-fiche-produit-les-bonnes-pratiques\/\" target=\"_blank\" rel=\"noopener noreferrer\">Cr\u00e9er une fiche produit&nbsp;: les bonnes pratiques<\/a><\/li>\n<\/ul>\n<p>&nbsp;<\/p>\n<h2 id=\"etude\"><a href=\"https:\/\/www.redacteur.com\/blog\/rediger-etude-de-cas\/\" target=\"_blank\" rel=\"noopener noreferrer\">5. Comment r\u00e9diger une \u00e9tude de cas\u00a0?<\/a><\/h2>\n<p><img decoding=\"async\" class=\"aligncenter size-full wp-image-12579\" src=\"https:\/\/www.redacteur.com\/blog\/wp-content\/uploads\/sites\/6\/2018\/01\/faire-etude-de-cas.jpg\" alt=\"\u00e9tude de cas\" width=\"850\" height=\"600\" srcset=\"https:\/\/www.redacteur.com\/blog\/wp-content\/uploads\/sites\/6\/2018\/01\/faire-etude-de-cas.jpg 850w, https:\/\/www.redacteur.com\/blog\/wp-content\/uploads\/sites\/6\/2018\/01\/faire-etude-de-cas-300x212.jpg 300w, https:\/\/www.redacteur.com\/blog\/wp-content\/uploads\/sites\/6\/2018\/01\/faire-etude-de-cas-768x542.jpg 768w, https:\/\/www.redacteur.com\/blog\/wp-content\/uploads\/sites\/6\/2018\/01\/faire-etude-de-cas-60x42.jpg 60w, https:\/\/www.redacteur.com\/blog\/wp-content\/uploads\/sites\/6\/2018\/01\/faire-etude-de-cas-370x261.jpg 370w, https:\/\/www.redacteur.com\/blog\/wp-content\/uploads\/sites\/6\/2018\/01\/faire-etude-de-cas-270x191.jpg 270w, https:\/\/www.redacteur.com\/blog\/wp-content\/uploads\/sites\/6\/2018\/01\/faire-etude-de-cas-570x402.jpg 570w, https:\/\/www.redacteur.com\/blog\/wp-content\/uploads\/sites\/6\/2018\/01\/faire-etude-de-cas-740x522.jpg 740w\" sizes=\"(max-width: 850px) 100vw, 850px\" \/><\/p>\n<p>Faites parler votre expertise en r\u00e9digeant des \u00e9tudes de cas pertinentes&nbsp;!\u00a0Plus approfondies qu\u2019un simple t\u00e9moignage, elles expliquent en d\u00e9tail comment votre entreprise a r\u00e9ussi \u00e0 trouver des solutions aux probl\u00e8mes d\u2019un client sp\u00e9cifique, d\u00e9montrant ainsi votre s\u00e9rieux.<\/p>\n<ul>\n<li><a href=\"https:\/\/www.redacteur.com\/blog\/etapes-rediger-etude-de-cas-efficace\/\" target=\"_blank\" rel=\"noopener noreferrer\">Comment r\u00e9diger une \u00e9tude de cas\u00a0?<\/a><\/li>\n<\/ul>\n<p>&nbsp;<\/p>\n<h2 id=\"page\"><a href=\"https:\/\/www.redacteur.com\/blog\/page-de-vente-conversion\/\" target=\"_blank\" rel=\"noopener noreferrer\">6. Comment r\u00e9diger une page de vente irr\u00e9sistible&nbsp;?<\/a><\/h2>\n<p><img decoding=\"async\" class=\"aligncenter size-full wp-image-18040\" src=\"https:\/\/www.redacteur.com\/blog\/wp-content\/uploads\/sites\/6\/2017\/10\/redacteur-blog-img-une-rediger-page-de-vente-irr\u00e9sitistible.jpg\" alt=\"\" width=\"850\" height=\"600\" \/><\/p>\n<p>Votre landing-page ou <strong>page de vente,\u00a0<\/strong>est la vitrine qui permettra de convaincre vos prospects d&#8217;acheter votre produit ou votre service. Autant la soigner pour convertir vos visiteurs en clients&nbsp;!<\/p>\n<ul>\n<li>\u00a0<a href=\"https:\/\/www.redacteur.com\/blog\/page-de-vente-conversion\/\">Comment r\u00e9diger une page de vente irr\u00e9sistible&nbsp;?<\/a><\/li>\n<\/ul>\n<p>&nbsp;<\/p>\n<h2 id=\"ccv\"><a href=\"https:\/\/www.redacteur.com\/blog\/e-commerce-comment-rediger-vos-cgv\/\" target=\"_blank\" rel=\"noopener noreferrer\">7. E-commerce\u00a0: comment r\u00e9diger vos CGV\u00a0?<\/a><\/h2>\n<p><img decoding=\"async\" class=\"aligncenter size-full wp-image-20590\" src=\"https:\/\/www.redacteur.com\/blog\/wp-content\/uploads\/sites\/6\/2020\/05\/redacteur-blog-img-conditions-generales-de-vente.jpg\" alt=\"\" width=\"850\" height=\"600\" srcset=\"https:\/\/www.redacteur.com\/blog\/wp-content\/uploads\/sites\/6\/2020\/05\/redacteur-blog-img-conditions-generales-de-vente.jpg 850w, https:\/\/www.redacteur.com\/blog\/wp-content\/uploads\/sites\/6\/2020\/05\/redacteur-blog-img-conditions-generales-de-vente-300x212.jpg 300w, https:\/\/www.redacteur.com\/blog\/wp-content\/uploads\/sites\/6\/2020\/05\/redacteur-blog-img-conditions-generales-de-vente-768x542.jpg 768w, https:\/\/www.redacteur.com\/blog\/wp-content\/uploads\/sites\/6\/2020\/05\/redacteur-blog-img-conditions-generales-de-vente-60x42.jpg 60w, https:\/\/www.redacteur.com\/blog\/wp-content\/uploads\/sites\/6\/2020\/05\/redacteur-blog-img-conditions-generales-de-vente-370x261.jpg 370w, https:\/\/www.redacteur.com\/blog\/wp-content\/uploads\/sites\/6\/2020\/05\/redacteur-blog-img-conditions-generales-de-vente-270x191.jpg 270w, https:\/\/www.redacteur.com\/blog\/wp-content\/uploads\/sites\/6\/2020\/05\/redacteur-blog-img-conditions-generales-de-vente-570x402.jpg 570w, https:\/\/www.redacteur.com\/blog\/wp-content\/uploads\/sites\/6\/2020\/05\/redacteur-blog-img-conditions-generales-de-vente-740x522.jpg 740w\" sizes=\"(max-width: 850px) 100vw, 850px\" \/><\/p>\n<p>Savez-vous que les CGV sont obligatoires, car elles offrent un <a href=\"https:\/\/www.redacteur.com\/blog\/seo-astuces-redaction-cabinet-avocats\/\">cadre juridique<\/a> \u00e0 vos ventes et vous prot\u00e8gent juridiquement&nbsp;? Voici quelques conseils pour\u00a0r\u00e9diger convenablement vos CGV e-commerce.<\/p>\n<ul>\n<li>\u00a0<a href=\"https:\/\/www.redacteur.com\/blog\/e-commerce-comment-rediger-vos-cgv\/\" target=\"_blank\" rel=\"noopener noreferrer\">E-commerce&nbsp;: comment r\u00e9diger vos CGV&nbsp;?<\/a><\/li>\n<\/ul>\n<p>&nbsp;<\/p>\n<h2 id=\"seo\"><a href=\"https:\/\/www.redacteur.com\/blog\/10-conseils-pour-rediger-du-contenu-seo\/\" target=\"_blank\" rel=\"noopener noreferrer\">8. SEO pour les nuls&nbsp;: Comment r\u00e9diger du contenu SEO<\/a><\/h2>\n<p><img decoding=\"async\" class=\"aligncenter size-full wp-image-13837\" src=\"https:\/\/www.redacteur.com\/blog\/wp-content\/uploads\/sites\/6\/2018\/09\/redacteur-rediger-contenu-seo.png\" alt=\"R\u00e9diger contenu SEO\" width=\"850\" height=\"600\" srcset=\"https:\/\/www.redacteur.com\/blog\/wp-content\/uploads\/sites\/6\/2018\/09\/redacteur-rediger-contenu-seo.png 850w, https:\/\/www.redacteur.com\/blog\/wp-content\/uploads\/sites\/6\/2018\/09\/redacteur-rediger-contenu-seo-300x212.png 300w, https:\/\/www.redacteur.com\/blog\/wp-content\/uploads\/sites\/6\/2018\/09\/redacteur-rediger-contenu-seo-768x542.png 768w, https:\/\/www.redacteur.com\/blog\/wp-content\/uploads\/sites\/6\/2018\/09\/redacteur-rediger-contenu-seo-60x42.png 60w, https:\/\/www.redacteur.com\/blog\/wp-content\/uploads\/sites\/6\/2018\/09\/redacteur-rediger-contenu-seo-370x261.png 370w, https:\/\/www.redacteur.com\/blog\/wp-content\/uploads\/sites\/6\/2018\/09\/redacteur-rediger-contenu-seo-270x191.png 270w, https:\/\/www.redacteur.com\/blog\/wp-content\/uploads\/sites\/6\/2018\/09\/redacteur-rediger-contenu-seo-570x402.png 570w, https:\/\/www.redacteur.com\/blog\/wp-content\/uploads\/sites\/6\/2018\/09\/redacteur-rediger-contenu-seo-740x522.png 740w\" sizes=\"(max-width: 850px) 100vw, 850px\" \/><\/p>\n<p>Retrouvez dans ce guide tr\u00e8s complet comment r\u00e9diger du contenu SEO sur votre site et toutes les astuces pour optimiser vos textes.<\/p>\n<ul>\n<li>\u00a0\u00a0<a href=\"https:\/\/www.redacteur.com\/blog\/10-conseils-pour-rediger-du-contenu-seo\/\">SEO pour les nuls&nbsp;: Comment r\u00e9diger du contenu SEO<\/a><\/li>\n<\/ul>\n<p>&nbsp;<\/p>\n<h2 id=\"sponso\"><a href=\"https:\/\/www.redacteur.com\/blog\/comment-rediger-article-sponsorise\/\">9. Comment bien r\u00e9diger un article sponsoris\u00e9\u00a0?<\/a><\/h2>\n<p><img decoding=\"async\" class=\"aligncenter size-full wp-image-17990\" src=\"https:\/\/www.redacteur.com\/blog\/wp-content\/uploads\/sites\/6\/2019\/12\/redacteur-blog-img-rediger-article-sponsorise.jpg\" alt=\"\" width=\"850\" height=\"600\" srcset=\"https:\/\/www.redacteur.com\/blog\/wp-content\/uploads\/sites\/6\/2019\/12\/redacteur-blog-img-rediger-article-sponsorise.jpg 850w, https:\/\/www.redacteur.com\/blog\/wp-content\/uploads\/sites\/6\/2019\/12\/redacteur-blog-img-rediger-article-sponsorise-300x212.jpg 300w, https:\/\/www.redacteur.com\/blog\/wp-content\/uploads\/sites\/6\/2019\/12\/redacteur-blog-img-rediger-article-sponsorise-768x542.jpg 768w, https:\/\/www.redacteur.com\/blog\/wp-content\/uploads\/sites\/6\/2019\/12\/redacteur-blog-img-rediger-article-sponsorise-60x42.jpg 60w, https:\/\/www.redacteur.com\/blog\/wp-content\/uploads\/sites\/6\/2019\/12\/redacteur-blog-img-rediger-article-sponsorise-370x261.jpg 370w, https:\/\/www.redacteur.com\/blog\/wp-content\/uploads\/sites\/6\/2019\/12\/redacteur-blog-img-rediger-article-sponsorise-270x191.jpg 270w, https:\/\/www.redacteur.com\/blog\/wp-content\/uploads\/sites\/6\/2019\/12\/redacteur-blog-img-rediger-article-sponsorise-570x402.jpg 570w, https:\/\/www.redacteur.com\/blog\/wp-content\/uploads\/sites\/6\/2019\/12\/redacteur-blog-img-rediger-article-sponsorise-740x522.jpg 740w\" sizes=\"(max-width: 850px) 100vw, 850px\" \/><\/p>\n<p>La r\u00e9daction d&#8217;un article sponsoris\u00e9 doit respecter quelques r\u00e8gles.\u00a0Voici tous nos conseils pour bien r\u00e9diger un article sponsoris\u00e9.<\/p>\n<ul>\n<li><a href=\"https:\/\/www.redacteur.com\/blog\/comment-rediger-article-sponsorise\/\">Comment bien r\u00e9diger un article sponsoris\u00e9&nbsp;?<\/a><\/li>\n<\/ul>\n<p>&nbsp;<\/p>\n<h2 id=\"immo\"><a href=\"https:\/\/www.redacteur.com\/blog\/comment-rediger-programme-immobilier-pertinent\/\">10. Comment r\u00e9diger un programme immobilier pertinent&nbsp;?<\/a><\/h2>\n<p><img decoding=\"async\" class=\"aligncenter size-full wp-image-20857\" src=\"https:\/\/www.redacteur.com\/blog\/wp-content\/uploads\/sites\/6\/2020\/06\/redacteur-blog-img-une-rediger-plaquette-immobiliere.jpg\" alt=\"\" width=\"850\" height=\"600\" srcset=\"https:\/\/www.redacteur.com\/blog\/wp-content\/uploads\/sites\/6\/2020\/06\/redacteur-blog-img-une-rediger-plaquette-immobiliere.jpg 850w, https:\/\/www.redacteur.com\/blog\/wp-content\/uploads\/sites\/6\/2020\/06\/redacteur-blog-img-une-rediger-plaquette-immobiliere-300x212.jpg 300w, https:\/\/www.redacteur.com\/blog\/wp-content\/uploads\/sites\/6\/2020\/06\/redacteur-blog-img-une-rediger-plaquette-immobiliere-768x542.jpg 768w, https:\/\/www.redacteur.com\/blog\/wp-content\/uploads\/sites\/6\/2020\/06\/redacteur-blog-img-une-rediger-plaquette-immobiliere-60x42.jpg 60w, https:\/\/www.redacteur.com\/blog\/wp-content\/uploads\/sites\/6\/2020\/06\/redacteur-blog-img-une-rediger-plaquette-immobiliere-370x261.jpg 370w, https:\/\/www.redacteur.com\/blog\/wp-content\/uploads\/sites\/6\/2020\/06\/redacteur-blog-img-une-rediger-plaquette-immobiliere-270x191.jpg 270w, https:\/\/www.redacteur.com\/blog\/wp-content\/uploads\/sites\/6\/2020\/06\/redacteur-blog-img-une-rediger-plaquette-immobiliere-570x402.jpg 570w, https:\/\/www.redacteur.com\/blog\/wp-content\/uploads\/sites\/6\/2020\/06\/redacteur-blog-img-une-rediger-plaquette-immobiliere-740x522.jpg 740w\" sizes=\"(max-width: 850px) 100vw, 850px\" \/><\/p>\n<p>Pour r\u00e9diger un programme immobilier, il est essentiel de se d\u00e9marquer\u00a0!\u00a0Voici quelques indices pour un \u00ab\u00a0content marketing\u00a0\u00bb efficace\u2026<\/p>\n<ul>\n<li>\n<p class=\"entry-title\"><a href=\"https:\/\/www.redacteur.com\/blog\/comment-rediger-programme-immobilier-pertinent\/\">R\u00e9ussir sa strat\u00e9gie marketing en immobilier&nbsp;: nos conseils et astuces<\/a><\/p>\n<\/li>\n<\/ul>\n<p>&nbsp;<\/p>\n<h2 id=\"plaquette\"><a href=\"https:\/\/www.redacteur.com\/blog\/comment-rediger-votre-future-plaquette-commerciale\/\" target=\"_blank\" rel=\"noopener noreferrer\">11. Comment r\u00e9diger votre future plaquette commerciale&nbsp;?<\/a><\/h2>\n<p><img decoding=\"async\" class=\"aligncenter size-full wp-image-20800\" src=\"https:\/\/www.redacteur.com\/blog\/wp-content\/uploads\/sites\/6\/2020\/05\/redacteur-blog-img-une-rediger-plaquette-commerciale.jpg\" alt=\"\" width=\"850\" height=\"600\" srcset=\"https:\/\/www.redacteur.com\/blog\/wp-content\/uploads\/sites\/6\/2020\/05\/redacteur-blog-img-une-rediger-plaquette-commerciale.jpg 850w, https:\/\/www.redacteur.com\/blog\/wp-content\/uploads\/sites\/6\/2020\/05\/redacteur-blog-img-une-rediger-plaquette-commerciale-300x212.jpg 300w, https:\/\/www.redacteur.com\/blog\/wp-content\/uploads\/sites\/6\/2020\/05\/redacteur-blog-img-une-rediger-plaquette-commerciale-768x542.jpg 768w, https:\/\/www.redacteur.com\/blog\/wp-content\/uploads\/sites\/6\/2020\/05\/redacteur-blog-img-une-rediger-plaquette-commerciale-60x42.jpg 60w, https:\/\/www.redacteur.com\/blog\/wp-content\/uploads\/sites\/6\/2020\/05\/redacteur-blog-img-une-rediger-plaquette-commerciale-370x261.jpg 370w, https:\/\/www.redacteur.com\/blog\/wp-content\/uploads\/sites\/6\/2020\/05\/redacteur-blog-img-une-rediger-plaquette-commerciale-270x191.jpg 270w, https:\/\/www.redacteur.com\/blog\/wp-content\/uploads\/sites\/6\/2020\/05\/redacteur-blog-img-une-rediger-plaquette-commerciale-570x402.jpg 570w, https:\/\/www.redacteur.com\/blog\/wp-content\/uploads\/sites\/6\/2020\/05\/redacteur-blog-img-une-rediger-plaquette-commerciale-740x522.jpg 740w\" sizes=\"(max-width: 850px) 100vw, 850px\" \/><\/p>\n<p>Ne n\u00e9gligez pas les contenus de votre plaquette commerciale&nbsp;! Aussi importants que vos images, les textes doivent r\u00e9ussir \u00e0 convaincre votre cible.<\/p>\n<ul>\n<li>\u00a0\u00a0<a href=\"https:\/\/www.redacteur.com\/blog\/comment-rediger-votre-future-plaquette-commerciale\/\">Comment r\u00e9diger votre future plaquette commerciale&nbsp;?<\/a><\/li>\n<\/ul>\n<p>&nbsp;<\/p>\n<h2 id=\"test\"><a href=\"https:\/\/www.redacteur.com\/blog\/comment-rediger-article-test-entreprise\/\" target=\"_blank\" rel=\"noopener noreferrer\">12. R\u00e9dacteur\u00a0: comment r\u00e9diger un article test pour un client\u00a0?<\/a><\/h2>\n<p><img decoding=\"async\" class=\"aligncenter size-full wp-image-20222\" src=\"https:\/\/www.redacteur.com\/blog\/wp-content\/uploads\/sites\/6\/2020\/03\/redacteur-blog-img-une-rediger-article-test.jpg\" alt=\"\" width=\"850\" height=\"600\" srcset=\"https:\/\/www.redacteur.com\/blog\/wp-content\/uploads\/sites\/6\/2020\/03\/redacteur-blog-img-une-rediger-article-test.jpg 850w, https:\/\/www.redacteur.com\/blog\/wp-content\/uploads\/sites\/6\/2020\/03\/redacteur-blog-img-une-rediger-article-test-300x212.jpg 300w, https:\/\/www.redacteur.com\/blog\/wp-content\/uploads\/sites\/6\/2020\/03\/redacteur-blog-img-une-rediger-article-test-768x542.jpg 768w, https:\/\/www.redacteur.com\/blog\/wp-content\/uploads\/sites\/6\/2020\/03\/redacteur-blog-img-une-rediger-article-test-60x42.jpg 60w, https:\/\/www.redacteur.com\/blog\/wp-content\/uploads\/sites\/6\/2020\/03\/redacteur-blog-img-une-rediger-article-test-370x261.jpg 370w, https:\/\/www.redacteur.com\/blog\/wp-content\/uploads\/sites\/6\/2020\/03\/redacteur-blog-img-une-rediger-article-test-270x191.jpg 270w, https:\/\/www.redacteur.com\/blog\/wp-content\/uploads\/sites\/6\/2020\/03\/redacteur-blog-img-une-rediger-article-test-570x402.jpg 570w, https:\/\/www.redacteur.com\/blog\/wp-content\/uploads\/sites\/6\/2020\/03\/redacteur-blog-img-une-rediger-article-test-740x522.jpg 740w\" sizes=\"(max-width: 850px) 100vw, 850px\" \/><\/p>\n<p>Dans un march\u00e9 de contenus satur\u00e9, il devient de plus en plus difficile pour un <a href=\"https:\/\/www.redacteur.com\/\" target=\"_blank\" rel=\"noopener noreferrer\">r\u00e9dacteur freelance<\/a> d\u2019obtenir de nouvelles commandes. Et il n&#8217;est pas rare que vos clients souhaitent commencer par la r\u00e9daction d&#8217;un article pour vous tester&nbsp;! Voici quelques conseils pour livrer un article test irr\u00e9prochable.<\/p>\n<ul>\n<li>\u00a0\u00a0<a href=\"https:\/\/www.redacteur.com\/blog\/comment-rediger-article-test-entreprise\/\">R\u00e9dacteur: comment r\u00e9diger un article test pour un client&nbsp;?<\/a><\/li>\n<\/ul>\n<p>&nbsp;<\/p>\n<h2 id=\"marche\"><a href=\"https:\/\/www.redacteur.com\/blog\/comment-faire-etude-de-marche\/\" target=\"_blank\" rel=\"noopener noreferrer\">13. Comment faire une \u00e9tude de march\u00e9\u00a0?<\/a><\/h2>\n<p><img decoding=\"async\" class=\"aligncenter size-full wp-image-20168\" src=\"https:\/\/www.redacteur.com\/blog\/wp-content\/uploads\/sites\/6\/2020\/03\/redacteur-blog-img-une-etude-de-marche.jpg\" alt=\"\" width=\"850\" height=\"600\" srcset=\"https:\/\/www.redacteur.com\/blog\/wp-content\/uploads\/sites\/6\/2020\/03\/redacteur-blog-img-une-etude-de-marche.jpg 850w, https:\/\/www.redacteur.com\/blog\/wp-content\/uploads\/sites\/6\/2020\/03\/redacteur-blog-img-une-etude-de-marche-300x212.jpg 300w, https:\/\/www.redacteur.com\/blog\/wp-content\/uploads\/sites\/6\/2020\/03\/redacteur-blog-img-une-etude-de-marche-768x542.jpg 768w, https:\/\/www.redacteur.com\/blog\/wp-content\/uploads\/sites\/6\/2020\/03\/redacteur-blog-img-une-etude-de-marche-60x42.jpg 60w, https:\/\/www.redacteur.com\/blog\/wp-content\/uploads\/sites\/6\/2020\/03\/redacteur-blog-img-une-etude-de-marche-370x261.jpg 370w, https:\/\/www.redacteur.com\/blog\/wp-content\/uploads\/sites\/6\/2020\/03\/redacteur-blog-img-une-etude-de-marche-270x191.jpg 270w, https:\/\/www.redacteur.com\/blog\/wp-content\/uploads\/sites\/6\/2020\/03\/redacteur-blog-img-une-etude-de-marche-570x402.jpg 570w, https:\/\/www.redacteur.com\/blog\/wp-content\/uploads\/sites\/6\/2020\/03\/redacteur-blog-img-une-etude-de-marche-740x522.jpg 740w\" sizes=\"(max-width: 850px) 100vw, 850px\" \/><\/p>\n<p>L\u2019\u00e9tude de march\u00e9 permet d\u2019analyser la faisabilit\u00e9 d\u2019un projet et se compose de plusieurs \u00e9tapes.\u00a0Voici tout ce que vous devez savoir sur le sujet.<\/p>\n<ul>\n<li><a href=\"https:\/\/www.redacteur.com\/blog\/comment-faire-etude-de-marche\/\" target=\"_blank\" rel=\"noopener noreferrer\">Comment faire une \u00e9tude de march\u00e9&nbsp;?<\/a><\/li>\n<\/ul>\n<p>&nbsp;<\/p>\n<h2 id=\"podcast\"><a href=\"https:\/\/www.redacteur.com\/blog\/comment-rediger-bon-podcast\/\" target=\"_blank\" rel=\"noopener noreferrer\">14. Comment r\u00e9diger un bon podcast\u00a0?<\/a><\/h2>\n<p><img decoding=\"async\" class=\"aligncenter size-full wp-image-19507\" src=\"https:\/\/www.redacteur.com\/blog\/wp-content\/uploads\/sites\/6\/2020\/02\/redacteur-blog-img-une-rediger-un-podcast.jpg\" alt=\"\" width=\"850\" height=\"600\" srcset=\"https:\/\/www.redacteur.com\/blog\/wp-content\/uploads\/sites\/6\/2020\/02\/redacteur-blog-img-une-rediger-un-podcast.jpg 850w, https:\/\/www.redacteur.com\/blog\/wp-content\/uploads\/sites\/6\/2020\/02\/redacteur-blog-img-une-rediger-un-podcast-300x212.jpg 300w, https:\/\/www.redacteur.com\/blog\/wp-content\/uploads\/sites\/6\/2020\/02\/redacteur-blog-img-une-rediger-un-podcast-768x542.jpg 768w, https:\/\/www.redacteur.com\/blog\/wp-content\/uploads\/sites\/6\/2020\/02\/redacteur-blog-img-une-rediger-un-podcast-60x42.jpg 60w, https:\/\/www.redacteur.com\/blog\/wp-content\/uploads\/sites\/6\/2020\/02\/redacteur-blog-img-une-rediger-un-podcast-370x261.jpg 370w, https:\/\/www.redacteur.com\/blog\/wp-content\/uploads\/sites\/6\/2020\/02\/redacteur-blog-img-une-rediger-un-podcast-270x191.jpg 270w, https:\/\/www.redacteur.com\/blog\/wp-content\/uploads\/sites\/6\/2020\/02\/redacteur-blog-img-une-rediger-un-podcast-570x402.jpg 570w, https:\/\/www.redacteur.com\/blog\/wp-content\/uploads\/sites\/6\/2020\/02\/redacteur-blog-img-une-rediger-un-podcast-740x522.jpg 740w\" sizes=\"(max-width: 850px) 100vw, 850px\" \/><\/p>\n<p>Savoir r\u00e9diger un podcast est devenu un incontournable pour votre strat\u00e9gie marketing. Attention \u00e0 bien suivre quelques r\u00e8gles pour profiter d&#8217;un bon r\u00e9f\u00e9rencement sur Google.<\/p>\n<ul>\n<li><a href=\"https:\/\/www.redacteur.com\/blog\/comment-rediger-bon-podcast\/\">Comment r\u00e9diger un bon podcast&nbsp;?<\/a><\/li>\n<\/ul>\n<p>&nbsp;<\/p>\n<h2 id=\"video\"><a href=\"https:\/\/www.redacteur.com\/blog\/rediger-script-video\/\" target=\"_blank\" rel=\"noopener noreferrer\">15. Comment r\u00e9diger un bon script vid\u00e9o\u00a0?<\/a><\/h2>\n<p><img decoding=\"async\" class=\"aligncenter size-full wp-image-12625\" src=\"https:\/\/www.redacteur.com\/blog\/wp-content\/uploads\/sites\/6\/2018\/02\/script-video.jpg\" alt=\"script vid\u00e9o\" width=\"850\" height=\"600\" srcset=\"https:\/\/www.redacteur.com\/blog\/wp-content\/uploads\/sites\/6\/2018\/02\/script-video.jpg 850w, https:\/\/www.redacteur.com\/blog\/wp-content\/uploads\/sites\/6\/2018\/02\/script-video-300x212.jpg 300w, https:\/\/www.redacteur.com\/blog\/wp-content\/uploads\/sites\/6\/2018\/02\/script-video-768x542.jpg 768w, https:\/\/www.redacteur.com\/blog\/wp-content\/uploads\/sites\/6\/2018\/02\/script-video-60x42.jpg 60w, https:\/\/www.redacteur.com\/blog\/wp-content\/uploads\/sites\/6\/2018\/02\/script-video-370x261.jpg 370w, https:\/\/www.redacteur.com\/blog\/wp-content\/uploads\/sites\/6\/2018\/02\/script-video-270x191.jpg 270w, https:\/\/www.redacteur.com\/blog\/wp-content\/uploads\/sites\/6\/2018\/02\/script-video-570x402.jpg 570w, https:\/\/www.redacteur.com\/blog\/wp-content\/uploads\/sites\/6\/2018\/02\/script-video-740x522.jpg 740w\" sizes=\"(max-width: 850px) 100vw, 850px\" \/><\/p>\n<p>La vid\u00e9o est tr\u00e8s appr\u00e9ci\u00e9e par les internautes, elles captivent et augmentent votre taux d&#8217;engagement&nbsp;! Alors il est important de soigner son script, pour profiter de ses nombreux atouts&nbsp;!<\/p>\n<ul>\n<li><a href=\"https:\/\/www.redacteur.com\/blog\/rediger-script-video\/\">Comment r\u00e9diger un bon script vid\u00e9o&nbsp;?<\/a><\/li>\n<\/ul>\n<p>&nbsp;<\/p>\n<h2 id=\"reseaux\"><a href=\"https:\/\/www.redacteur.com\/blog\/ecrire-post-reseaux-sociaux\/\" target=\"_blank\" rel=\"noopener noreferrer\">16. Comment \u00e9crire la publication parfaite sur les r\u00e9seaux sociaux\u00a0?<\/a><\/h2>\n<p><img decoding=\"async\" class=\"aligncenter size-full wp-image-12430\" src=\"https:\/\/www.redacteur.com\/blog\/wp-content\/uploads\/sites\/6\/2017\/12\/meilleure-publication-reseaux-sociaux.jpg\" alt=\"meilleure publication sur les r\u00e9seaux sociaux\" width=\"850\" height=\"600\" srcset=\"https:\/\/www.redacteur.com\/blog\/wp-content\/uploads\/sites\/6\/2017\/12\/meilleure-publication-reseaux-sociaux.jpg 850w, https:\/\/www.redacteur.com\/blog\/wp-content\/uploads\/sites\/6\/2017\/12\/meilleure-publication-reseaux-sociaux-300x212.jpg 300w, https:\/\/www.redacteur.com\/blog\/wp-content\/uploads\/sites\/6\/2017\/12\/meilleure-publication-reseaux-sociaux-768x542.jpg 768w, https:\/\/www.redacteur.com\/blog\/wp-content\/uploads\/sites\/6\/2017\/12\/meilleure-publication-reseaux-sociaux-60x42.jpg 60w, https:\/\/www.redacteur.com\/blog\/wp-content\/uploads\/sites\/6\/2017\/12\/meilleure-publication-reseaux-sociaux-370x261.jpg 370w, https:\/\/www.redacteur.com\/blog\/wp-content\/uploads\/sites\/6\/2017\/12\/meilleure-publication-reseaux-sociaux-270x191.jpg 270w, https:\/\/www.redacteur.com\/blog\/wp-content\/uploads\/sites\/6\/2017\/12\/meilleure-publication-reseaux-sociaux-570x402.jpg 570w, https:\/\/www.redacteur.com\/blog\/wp-content\/uploads\/sites\/6\/2017\/12\/meilleure-publication-reseaux-sociaux-740x522.jpg 740w\" sizes=\"(max-width: 850px) 100vw, 850px\" \/><\/p>\n<p>Un post sur les m\u00e9dia sociaux est un contenu \u00e0 part enti\u00e8re, et c\u2019est un savant m\u00e9lange de texte, d\u2019images ou encore d\u2019\u00e9mojis\u2026Retrouvez tous nos conseils et astuces dans cet article pour obtenir plus d&#8217;interactions avec votre communaut\u00e9&nbsp;!<\/p>\n<ul>\n<li><a href=\"https:\/\/www.redacteur.com\/blog\/ecrire-post-reseaux-sociaux\/\" target=\"_blank\" rel=\"noopener noreferrer\">Comment \u00e9crire la publication parfaite sur les r\u00e9seaux sociaux&nbsp;?<\/a><\/li>\n<\/ul>\n<p>&nbsp;<\/p>\n<h2 id=\"tuto\"><a href=\"https:\/\/www.redacteur.com\/blog\/rediger-un-tutoriel\/\" target=\"_blank\" rel=\"noopener noreferrer\">17. R\u00e9diger un tutoriel<\/a><\/h2>\n<p><img decoding=\"async\" class=\"aligncenter size-full wp-image-16563\" src=\"https:\/\/www.redacteur.com\/blog\/wp-content\/uploads\/sites\/6\/2019\/07\/rediger-tutoriel.jpg\" alt=\"R\u00e9diger tutoriel\" width=\"850\" height=\"600\" srcset=\"https:\/\/www.redacteur.com\/blog\/wp-content\/uploads\/sites\/6\/2019\/07\/rediger-tutoriel.jpg 850w, https:\/\/www.redacteur.com\/blog\/wp-content\/uploads\/sites\/6\/2019\/07\/rediger-tutoriel-300x212.jpg 300w, https:\/\/www.redacteur.com\/blog\/wp-content\/uploads\/sites\/6\/2019\/07\/rediger-tutoriel-768x542.jpg 768w, https:\/\/www.redacteur.com\/blog\/wp-content\/uploads\/sites\/6\/2019\/07\/rediger-tutoriel-60x42.jpg 60w, https:\/\/www.redacteur.com\/blog\/wp-content\/uploads\/sites\/6\/2019\/07\/rediger-tutoriel-370x261.jpg 370w, https:\/\/www.redacteur.com\/blog\/wp-content\/uploads\/sites\/6\/2019\/07\/rediger-tutoriel-270x191.jpg 270w, https:\/\/www.redacteur.com\/blog\/wp-content\/uploads\/sites\/6\/2019\/07\/rediger-tutoriel-570x402.jpg 570w, https:\/\/www.redacteur.com\/blog\/wp-content\/uploads\/sites\/6\/2019\/07\/rediger-tutoriel-740x522.jpg 740w\" sizes=\"(max-width: 850px) 100vw, 850px\" \/><\/p>\n<p>Il n&#8217;est pas rare de vouloir utiliser les tutoriels pour mettre en valeur votre expertise dans un domaine en particulier. Pour r\u00e9diger le tutoriel parfait, voici 7 conseils \u00e0 mettre en \u0153uvre\u2026<\/p>\n<ul>\n<li><a href=\"https:\/\/www.redacteur.com\/blog\/rediger-un-tutoriel\/\">7 conseils pour r\u00e9diger un tutoriel<\/a><\/li>\n<\/ul>\n<p>&nbsp;<\/p>\n<h2 id=\"texte\"><a href=\"https:\/\/www.redacteur.com\/blog\/rediger-texte-sujet-technique\/\" target=\"_blank\" rel=\"noopener noreferrer\">18. R\u00e9diger un texte sur un sujet technique<\/a><\/h2>\n<p><img decoding=\"async\" class=\"aligncenter size-full wp-image-14442\" src=\"https:\/\/www.redacteur.com\/blog\/wp-content\/uploads\/sites\/6\/2018\/12\/redacteur-sujet-technique.jpg\" alt=\"\" width=\"850\" height=\"600\" srcset=\"https:\/\/www.redacteur.com\/blog\/wp-content\/uploads\/sites\/6\/2018\/12\/redacteur-sujet-technique.jpg 850w, https:\/\/www.redacteur.com\/blog\/wp-content\/uploads\/sites\/6\/2018\/12\/redacteur-sujet-technique-300x212.jpg 300w, https:\/\/www.redacteur.com\/blog\/wp-content\/uploads\/sites\/6\/2018\/12\/redacteur-sujet-technique-768x542.jpg 768w, https:\/\/www.redacteur.com\/blog\/wp-content\/uploads\/sites\/6\/2018\/12\/redacteur-sujet-technique-60x42.jpg 60w, https:\/\/www.redacteur.com\/blog\/wp-content\/uploads\/sites\/6\/2018\/12\/redacteur-sujet-technique-370x261.jpg 370w, https:\/\/www.redacteur.com\/blog\/wp-content\/uploads\/sites\/6\/2018\/12\/redacteur-sujet-technique-270x191.jpg 270w, https:\/\/www.redacteur.com\/blog\/wp-content\/uploads\/sites\/6\/2018\/12\/redacteur-sujet-technique-570x402.jpg 570w, https:\/\/www.redacteur.com\/blog\/wp-content\/uploads\/sites\/6\/2018\/12\/redacteur-sujet-technique-740x522.jpg 740w\" sizes=\"(max-width: 850px) 100vw, 850px\" \/><\/p>\n<p>Science techniques, <a href=\"https:\/\/www.redacteur.com\/blog\/rediger-contenus-secteur-medical\/\">m\u00e9dical<\/a>, b\u00e2timent,\u2026 des domaines pour lesquels la r\u00e9daction de contenus techniques est courante.\u00a0Nous vous livrons 3 astuces pour r\u00e9diger un bon texte sur un sujet technique.<\/p>\n<ul>\n<li><a href=\"https:\/\/www.redacteur.com\/blog\/rediger-texte-sujet-technique\/\">3 astuces pour r\u00e9diger un texte sur un sujet technique<\/a><\/li>\n<\/ul>\n<p>&nbsp;<\/p>\n<h2 id=\"info\"><a href=\"https:\/\/www.redacteur.com\/blog\/savoir-rediger-une-infographie\/\" target=\"_blank\" rel=\"noopener noreferrer\">19. R\u00e9diger une infographie<\/a><\/h2>\n<p><img decoding=\"async\" class=\"aligncenter size-full wp-image-18100\" src=\"https:\/\/www.redacteur.com\/blog\/wp-content\/uploads\/sites\/6\/2019\/12\/redacteur-blog-img-rediger-une-infographie-astuces.jpg\" alt=\"\" width=\"850\" height=\"600\" srcset=\"https:\/\/www.redacteur.com\/blog\/wp-content\/uploads\/sites\/6\/2019\/12\/redacteur-blog-img-rediger-une-infographie-astuces.jpg 850w, https:\/\/www.redacteur.com\/blog\/wp-content\/uploads\/sites\/6\/2019\/12\/redacteur-blog-img-rediger-une-infographie-astuces-300x212.jpg 300w, https:\/\/www.redacteur.com\/blog\/wp-content\/uploads\/sites\/6\/2019\/12\/redacteur-blog-img-rediger-une-infographie-astuces-768x542.jpg 768w, https:\/\/www.redacteur.com\/blog\/wp-content\/uploads\/sites\/6\/2019\/12\/redacteur-blog-img-rediger-une-infographie-astuces-60x42.jpg 60w, https:\/\/www.redacteur.com\/blog\/wp-content\/uploads\/sites\/6\/2019\/12\/redacteur-blog-img-rediger-une-infographie-astuces-370x261.jpg 370w, https:\/\/www.redacteur.com\/blog\/wp-content\/uploads\/sites\/6\/2019\/12\/redacteur-blog-img-rediger-une-infographie-astuces-270x191.jpg 270w, https:\/\/www.redacteur.com\/blog\/wp-content\/uploads\/sites\/6\/2019\/12\/redacteur-blog-img-rediger-une-infographie-astuces-570x402.jpg 570w, https:\/\/www.redacteur.com\/blog\/wp-content\/uploads\/sites\/6\/2019\/12\/redacteur-blog-img-rediger-une-infographie-astuces-740x522.jpg 740w\" sizes=\"(max-width: 850px) 100vw, 850px\" \/><\/p>\n<p>les infographies sont courantes sur le web. Mais savez-vous comment les r\u00e9diger pour mettre en valeur toutes vos donn\u00e9es et vos informations&nbsp;? Voici 8 conseils pour r\u00e9diger une infographie.<\/p>\n<ul>\n<li><a href=\"https:\/\/www.redacteur.com\/blog\/savoir-rediger-une-infographie\/\">8 choses \u00e0 savoir pour r\u00e9diger une infographie<\/a><\/li>\n<\/ul>\n<p>&nbsp;<\/p>\n<h2 id=\"reporting\"><a href=\"https:\/\/www.redacteur.com\/blog\/seo-conseils-rediger-reporting-performance\/\" target=\"_blank\" rel=\"noopener noreferrer\">20. R\u00e9diger son reporting de performance<\/a><\/h2>\n<p><img decoding=\"async\" class=\"aligncenter size-full wp-image-20881\" src=\"https:\/\/www.redacteur.com\/blog\/wp-content\/uploads\/sites\/6\/2020\/06\/redacteur-blog-img-une-conseil-audit-de-performance-rediger.jpg\" alt=\"\" width=\"850\" height=\"600\" srcset=\"https:\/\/www.redacteur.com\/blog\/wp-content\/uploads\/sites\/6\/2020\/06\/redacteur-blog-img-une-conseil-audit-de-performance-rediger.jpg 850w, https:\/\/www.redacteur.com\/blog\/wp-content\/uploads\/sites\/6\/2020\/06\/redacteur-blog-img-une-conseil-audit-de-performance-rediger-300x212.jpg 300w, https:\/\/www.redacteur.com\/blog\/wp-content\/uploads\/sites\/6\/2020\/06\/redacteur-blog-img-une-conseil-audit-de-performance-rediger-768x542.jpg 768w, https:\/\/www.redacteur.com\/blog\/wp-content\/uploads\/sites\/6\/2020\/06\/redacteur-blog-img-une-conseil-audit-de-performance-rediger-60x42.jpg 60w, https:\/\/www.redacteur.com\/blog\/wp-content\/uploads\/sites\/6\/2020\/06\/redacteur-blog-img-une-conseil-audit-de-performance-rediger-370x261.jpg 370w, https:\/\/www.redacteur.com\/blog\/wp-content\/uploads\/sites\/6\/2020\/06\/redacteur-blog-img-une-conseil-audit-de-performance-rediger-270x191.jpg 270w, https:\/\/www.redacteur.com\/blog\/wp-content\/uploads\/sites\/6\/2020\/06\/redacteur-blog-img-une-conseil-audit-de-performance-rediger-570x402.jpg 570w, https:\/\/www.redacteur.com\/blog\/wp-content\/uploads\/sites\/6\/2020\/06\/redacteur-blog-img-une-conseil-audit-de-performance-rediger-740x522.jpg 740w\" sizes=\"(max-width: 850px) 100vw, 850px\" \/><\/p>\n<p>R\u00e9diger un reporting SEO est la cl\u00e9 pour am\u00e9liorer les performances de votre site internet. Ne n\u00e9gligez pas cette \u00e9tape qui pourra vous permettre de vous d\u00e9marquer de la concurrence&#8230;<\/p>\n<p>Que contient un <a href=\"https:\/\/www.redacteur.com\/blog\/strategie-contenu-reporting-editorial\/\">reporting<\/a>\u00a0de performance\u00a0? Comment bien le r\u00e9diger\u00a0?\u00a0Voici tous nos conseils\u00a0!<\/p>\n<ul>\n<li><a href=\"https:\/\/www.redacteur.com\/blog\/seo-conseils-rediger-reporting-performance\/\" target=\"_blank\" rel=\"noopener noreferrer\">SEO&nbsp;: 6 conseils pour r\u00e9diger son reporting de performance<\/a><\/li>\n<\/ul>\n<p>&nbsp;<\/p>\n<h2 id=\"trad\"><a href=\"https:\/\/traduc.com\/blog\/redaction-ou-traduction\/\" target=\"_blank\" rel=\"noopener noreferrer\">21.\u00a0R\u00e9daction ou traduction\u00a0: quel est le meilleur choix pour votre Content Marketing\u00a0?<\/a><\/h2>\n<p><img decoding=\"async\" class=\"aligncenter size-full wp-image-21112\" src=\"https:\/\/www.redacteur.com\/blog\/wp-content\/uploads\/sites\/6\/2020\/06\/traduction-ou-redaction-740x447-1.jpg\" alt=\"\" width=\"740\" height=\"447\" srcset=\"https:\/\/www.redacteur.com\/blog\/wp-content\/uploads\/sites\/6\/2020\/06\/traduction-ou-redaction-740x447-1.jpg 740w, https:\/\/www.redacteur.com\/blog\/wp-content\/uploads\/sites\/6\/2020\/06\/traduction-ou-redaction-740x447-1-300x181.jpg 300w, https:\/\/www.redacteur.com\/blog\/wp-content\/uploads\/sites\/6\/2020\/06\/traduction-ou-redaction-740x447-1-60x36.jpg 60w, https:\/\/www.redacteur.com\/blog\/wp-content\/uploads\/sites\/6\/2020\/06\/traduction-ou-redaction-740x447-1-370x224.jpg 370w, https:\/\/www.redacteur.com\/blog\/wp-content\/uploads\/sites\/6\/2020\/06\/traduction-ou-redaction-740x447-1-270x163.jpg 270w, https:\/\/www.redacteur.com\/blog\/wp-content\/uploads\/sites\/6\/2020\/06\/traduction-ou-redaction-740x447-1-570x344.jpg 570w\" sizes=\"(max-width: 740px) 100vw, 740px\" \/><\/p>\n<p>Vous souhaitez vous lancer sur la sc\u00e8ne internationale&nbsp;? F\u00e9licitations\u00a0! Vous avez d\u00e9j\u00e0 un site vitrine, un e-commerce ou encore\u00a0<a href=\"https:\/\/traduc.com\/blog\/comment-lancer-blog-anglais\/\">un blog<\/a>\u00a0et vous vous posez des questions sur votre\u00a0<a href=\"https:\/\/traduc.com\/blog\/strategie-content-marketing-international\/\"><strong>strat\u00e9gie content marketing<\/strong><\/a>&#8230; \u00c0 vous de choisir si vous devez traduire vos contenus existants ou commander <a href=\"https:\/\/www.redacteur.com\/\" target=\"_blank\" rel=\"noopener noreferrer\"><strong>des nouveaux textes \u00e0 des r\u00e9dacteurs<\/strong><\/a> pour votre nouvelle plateforme&#8230;<\/p>\n<ul>\n<li><a href=\"https:\/\/traduc.com\/blog\/redaction-ou-traduction\/\" target=\"_blank\" rel=\"noopener noreferrer\">R\u00e9daction ou traduction&nbsp;: quel est le meilleur choix pour votre Content Marketing&nbsp;?<\/a><\/li>\n<\/ul>\n<p>&nbsp;<\/p>\n<h2><a href=\"https:\/\/www.redacteur.com\/blog\/comment-rediger-un-memoire\/\">22. Comment r\u00e9diger un m\u00e9moire&nbsp;?<\/a><\/h2>\n<p><img decoding=\"async\" class=\"aligncenter size-full wp-image-21676\" src=\"https:\/\/www.redacteur.com\/blog\/wp-content\/uploads\/sites\/6\/2020\/07\/redacteur-blog-img-une-rediger-memoire-facilement.jpg\" alt=\"rediger m\u00e9moire facilement\" width=\"850\" height=\"600\" srcset=\"https:\/\/www.redacteur.com\/blog\/wp-content\/uploads\/sites\/6\/2020\/07\/redacteur-blog-img-une-rediger-memoire-facilement.jpg 850w, https:\/\/www.redacteur.com\/blog\/wp-content\/uploads\/sites\/6\/2020\/07\/redacteur-blog-img-une-rediger-memoire-facilement-300x212.jpg 300w, https:\/\/www.redacteur.com\/blog\/wp-content\/uploads\/sites\/6\/2020\/07\/redacteur-blog-img-une-rediger-memoire-facilement-768x542.jpg 768w, https:\/\/www.redacteur.com\/blog\/wp-content\/uploads\/sites\/6\/2020\/07\/redacteur-blog-img-une-rediger-memoire-facilement-60x42.jpg 60w, https:\/\/www.redacteur.com\/blog\/wp-content\/uploads\/sites\/6\/2020\/07\/redacteur-blog-img-une-rediger-memoire-facilement-370x261.jpg 370w, https:\/\/www.redacteur.com\/blog\/wp-content\/uploads\/sites\/6\/2020\/07\/redacteur-blog-img-une-rediger-memoire-facilement-270x191.jpg 270w, https:\/\/www.redacteur.com\/blog\/wp-content\/uploads\/sites\/6\/2020\/07\/redacteur-blog-img-une-rediger-memoire-facilement-570x402.jpg 570w, https:\/\/www.redacteur.com\/blog\/wp-content\/uploads\/sites\/6\/2020\/07\/redacteur-blog-img-une-rediger-memoire-facilement-740x522.jpg 740w\" sizes=\"(max-width: 850px) 100vw, 850px\" \/><\/p>\n<p>Retrouvez nos meilleurs conseils pour r\u00e9diger votre m\u00e9moire, qu&#8217;il soit professionnel ou \u00e9tudiant&nbsp;!<\/p>\n<blockquote><p>\u00c0 lire aussi&nbsp;: <a href=\"https:\/\/www.redacteur.com\/blog\/comment-rediger-un-memoire\/\">Comment r\u00e9diger un m\u00e9moire&nbsp;?<\/a><\/p><\/blockquote>\n<p>&nbsp;<\/p>\n<blockquote>\n<p>Si vous souhaitez faire appel \u00e0 un <a href=\"https:\/\/www.redacteur.com\/redaction-textes\" target=\"_blank\" rel=\"noopener noreferrer\">r\u00e9dacteur freelance<\/a> sp\u00e9cialis\u00e9 dans la r\u00e9daction de contenus authentiques et optimis\u00e9s SEO,\u00a0n\u2019h\u00e9sitez pas \u00e0 commander vos prochains textes sur <a href=\"https:\/\/www.redacteur.com\/\" target=\"_blank\" rel=\"noopener noreferrer\">Redacteur.com<\/a><\/p><\/blockquote>\n<blockquote><p>\u00c0 lire aussi&nbsp;:\u00a0 <a href=\"https:\/\/www.redacteur.com\/blog\/comment-rediger-appel-d-offres\/\">Comment r\u00e9diger un appel d&#8217;offres?<\/a><\/p><\/blockquote>\n","protected":false},"excerpt":{"rendered":"<p>Vous vous lancez enfin dans la r\u00e9daction&#8230;.oui mais de quoi&nbsp;? Dans ce super guide, vous retrouverez toutes nos astuces et nos conseils sur la r\u00e9daction d&#8217;une charte \u00e9ditoriale, d&#8217;une biographie, d&#8217;une \u00e9tude de cas, de textes SEO&#8230;. &nbsp; Sommaire 1. Comment r\u00e9diger un cahier des charges pour la r\u00e9daction web\u00a0? 2. Comment r\u00e9diger une charte [&hellip;]<\/p>\n","protected":false},"author":1,"featured_media":21122,"comment_status":"open","ping_status":"open","sticky":false,"template":"","format":"standard","meta":{"_acf_changed":false,"inline_featured_image":false,"footnotes":""},"categories":[11],"tags":[],"class_list":["post-21107","post","type-post","status-publish","format-standard","has-post-thumbnail","hentry","category-redaction-web"],"acf":[],"yoast_head":"<!-- This site is optimized with the Yoast SEO plugin v25.9 - https:\/\/yoast.com\/wordpress\/plugins\/seo\/ -->\n<title>Le guide ultime pour r\u00e9diger tous types de contenus - Redacteur Blog<\/title>\n<meta name=\"description\" content=\"Vous vous lancez enfin dans la r\u00e9daction....oui mais de quoi ? Dans ce super guide, vous retrouverez toutes nos astuces et nos conseils sur la r\u00e9daction\" \/>\n<meta name=\"robots\" content=\"index, follow, max-snippet:-1, max-image-preview:large, max-video-preview:-1\" \/>\n<link rel=\"canonical\" href=\"https:\/\/www.redacteur.com\/blog\/guide-complet-rediger-tout-type-contenu\/\" \/>\n<meta property=\"og:locale\" content=\"fr_FR\" \/>\n<meta property=\"og:type\" content=\"article\" \/>\n<meta property=\"og:title\" content=\"Le guide ultime pour r\u00e9diger tous types de contenus - Redacteur Blog\" \/>\n<meta property=\"og:description\" content=\"Vous vous lancez enfin dans la r\u00e9daction....oui mais de quoi ? Dans ce super guide, vous retrouverez toutes nos astuces et nos conseils sur la r\u00e9daction\" \/>\n<meta property=\"og:url\" content=\"https:\/\/www.redacteur.com\/blog\/guide-complet-rediger-tout-type-contenu\/\" \/>\n<meta property=\"og:site_name\" content=\"Redacteur.com\" \/>\n<meta property=\"article:publisher\" content=\"https:\/\/www.facebook.com\/redacteurcom\" \/>\n<meta property=\"article:published_time\" content=\"2020-06-26T08:30:22+00:00\" \/>\n<meta property=\"og:image\" content=\"https:\/\/www.redacteur.com\/blog\/wp-content\/uploads\/sites\/6\/2020\/06\/redacteur-blog-img-une-guide-ultime-de-la-redaction-de-contenu.jpg\" \/>\n\t<meta property=\"og:image:width\" content=\"850\" \/>\n\t<meta property=\"og:image:height\" content=\"600\" \/>\n\t<meta property=\"og:image:type\" content=\"image\/jpeg\" \/>\n<meta name=\"author\" content=\"Laura Michaud\" \/>\n<meta name=\"twitter:card\" content=\"summary_large_image\" \/>\n<meta name=\"twitter:creator\" content=\"@Redacteurcom\" \/>\n<meta name=\"twitter:site\" content=\"@Redacteurcom\" \/>\n<meta name=\"twitter:label1\" content=\"\u00c9crit par\" \/>\n\t<meta name=\"twitter:data1\" content=\"Laura Michaud\" \/>\n\t<meta name=\"twitter:label2\" content=\"Dur\u00e9e de lecture estim\u00e9e\" \/>\n\t<meta name=\"twitter:data2\" content=\"12 minutes\" \/>\n<script type=\"application\/ld+json\" class=\"yoast-schema-graph\">{\"@context\":\"https:\/\/schema.org\",\"@graph\":[{\"@type\":\"Article\",\"@id\":\"https:\/\/www.redacteur.com\/blog\/guide-complet-rediger-tout-type-contenu\/#article\",\"isPartOf\":{\"@id\":\"https:\/\/www.redacteur.com\/blog\/guide-complet-rediger-tout-type-contenu\/\"},\"author\":{\"name\":\"Laura Michaud\",\"@id\":\"https:\/\/www.redacteur.com\/blog\/#\/schema\/person\/33c0ef04707fbe50a096f282050bb5f2\"},\"headline\":\"Le guide ultime pour r\u00e9diger tous types de contenus\",\"datePublished\":\"2020-06-26T08:30:22+00:00\",\"mainEntityOfPage\":{\"@id\":\"https:\/\/www.redacteur.com\/blog\/guide-complet-rediger-tout-type-contenu\/\"},\"wordCount\":1421,\"commentCount\":0,\"publisher\":{\"@id\":\"https:\/\/www.redacteur.com\/blog\/#organization\"},\"image\":{\"@id\":\"https:\/\/www.redacteur.com\/blog\/guide-complet-rediger-tout-type-contenu\/#primaryimage\"},\"thumbnailUrl\":\"https:\/\/www.redacteur.com\/blog\/wp-content\/uploads\/sites\/6\/2020\/06\/redacteur-blog-img-une-guide-ultime-de-la-redaction-de-contenu.jpg\",\"articleSection\":[\"R\u00e9daction web\"],\"inLanguage\":\"fr-FR\",\"potentialAction\":[{\"@type\":\"CommentAction\",\"name\":\"Comment\",\"target\":[\"https:\/\/www.redacteur.com\/blog\/guide-complet-rediger-tout-type-contenu\/#respond\"]}]},{\"@type\":\"WebPage\",\"@id\":\"https:\/\/www.redacteur.com\/blog\/guide-complet-rediger-tout-type-contenu\/\",\"url\":\"https:\/\/www.redacteur.com\/blog\/guide-complet-rediger-tout-type-contenu\/\",\"name\":\"Le guide ultime pour r\u00e9diger tous types de contenus - Redacteur Blog\",\"isPartOf\":{\"@id\":\"https:\/\/www.redacteur.com\/blog\/#website\"},\"primaryImageOfPage\":{\"@id\":\"https:\/\/www.redacteur.com\/blog\/guide-complet-rediger-tout-type-contenu\/#primaryimage\"},\"image\":{\"@id\":\"https:\/\/www.redacteur.com\/blog\/guide-complet-rediger-tout-type-contenu\/#primaryimage\"},\"thumbnailUrl\":\"https:\/\/www.redacteur.com\/blog\/wp-content\/uploads\/sites\/6\/2020\/06\/redacteur-blog-img-une-guide-ultime-de-la-redaction-de-contenu.jpg\",\"datePublished\":\"2020-06-26T08:30:22+00:00\",\"description\":\"Vous vous lancez enfin dans la r\u00e9daction....oui mais de quoi ? Dans ce super guide, vous retrouverez toutes nos astuces et nos conseils sur la r\u00e9daction\",\"breadcrumb\":{\"@id\":\"https:\/\/www.redacteur.com\/blog\/guide-complet-rediger-tout-type-contenu\/#breadcrumb\"},\"inLanguage\":\"fr-FR\",\"potentialAction\":[{\"@type\":\"ReadAction\",\"target\":[\"https:\/\/www.redacteur.com\/blog\/guide-complet-rediger-tout-type-contenu\/\"]}]},{\"@type\":\"ImageObject\",\"inLanguage\":\"fr-FR\",\"@id\":\"https:\/\/www.redacteur.com\/blog\/guide-complet-rediger-tout-type-contenu\/#primaryimage\",\"url\":\"https:\/\/www.redacteur.com\/blog\/wp-content\/uploads\/sites\/6\/2020\/06\/redacteur-blog-img-une-guide-ultime-de-la-redaction-de-contenu.jpg\",\"contentUrl\":\"https:\/\/www.redacteur.com\/blog\/wp-content\/uploads\/sites\/6\/2020\/06\/redacteur-blog-img-une-guide-ultime-de-la-redaction-de-contenu.jpg\",\"width\":850,\"height\":600},{\"@type\":\"BreadcrumbList\",\"@id\":\"https:\/\/www.redacteur.com\/blog\/guide-complet-rediger-tout-type-contenu\/#breadcrumb\",\"itemListElement\":[{\"@type\":\"ListItem\",\"position\":1,\"name\":\"Blog\",\"item\":\"https:\/\/www.redacteur.com\/blog\/\"},{\"@type\":\"ListItem\",\"position\":2,\"name\":\"R\u00e9daction web\",\"item\":\"https:\/\/www.redacteur.com\/blog\/redaction-web\/\"},{\"@type\":\"ListItem\",\"position\":3,\"name\":\"Le guide ultime pour r\u00e9diger tous types de contenus\"}]},{\"@type\":\"WebSite\",\"@id\":\"https:\/\/www.redacteur.com\/blog\/#website\",\"url\":\"https:\/\/www.redacteur.com\/blog\/\",\"name\":\"Redacteur.com\",\"description\":\"redacteur\",\"publisher\":{\"@id\":\"https:\/\/www.redacteur.com\/blog\/#organization\"},\"potentialAction\":[{\"@type\":\"SearchAction\",\"target\":{\"@type\":\"EntryPoint\",\"urlTemplate\":\"https:\/\/www.redacteur.com\/blog\/?s={search_term_string}\"},\"query-input\":{\"@type\":\"PropertyValueSpecification\",\"valueRequired\":true,\"valueName\":\"search_term_string\"}}],\"inLanguage\":\"fr-FR\"},{\"@type\":\"Organization\",\"@id\":\"https:\/\/www.redacteur.com\/blog\/#organization\",\"name\":\"Redacteur.com\",\"url\":\"https:\/\/www.redacteur.com\/blog\/\",\"logo\":{\"@type\":\"ImageObject\",\"inLanguage\":\"fr-FR\",\"@id\":\"https:\/\/www.redacteur.com\/blog\/#\/schema\/logo\/image\/\",\"url\":\"https:\/\/www.redacteur.com\/blog\/wp-content\/uploads\/sites\/6\/2022\/10\/logo-redacteur-blog.svg\",\"contentUrl\":\"https:\/\/www.redacteur.com\/blog\/wp-content\/uploads\/sites\/6\/2022\/10\/logo-redacteur-blog.svg\",\"width\":1,\"height\":1,\"caption\":\"Redacteur.com\"},\"image\":{\"@id\":\"https:\/\/www.redacteur.com\/blog\/#\/schema\/logo\/image\/\"},\"sameAs\":[\"https:\/\/www.facebook.com\/redacteurcom\",\"https:\/\/x.com\/Redacteurcom\",\"https:\/\/www.linkedin.com\/company\/redacteur-com\",\"https:\/\/www.youtube.com\/channel\/UCgj9ySM9xy3gdL8qBafl9Uw\/\"]},{\"@type\":\"Person\",\"@id\":\"https:\/\/www.redacteur.com\/blog\/#\/schema\/person\/33c0ef04707fbe50a096f282050bb5f2\",\"name\":\"Laura Michaud\",\"image\":{\"@type\":\"ImageObject\",\"inLanguage\":\"fr-FR\",\"@id\":\"https:\/\/www.redacteur.com\/blog\/#\/schema\/person\/image\/\",\"url\":\"https:\/\/secure.gravatar.com\/avatar\/c3328cc0c887f98cec6b2979af3311ab6333fc7cc2d4847514cfec6a56fa08a7?s=96&d=mm&r=g\",\"contentUrl\":\"https:\/\/secure.gravatar.com\/avatar\/c3328cc0c887f98cec6b2979af3311ab6333fc7cc2d4847514cfec6a56fa08a7?s=96&d=mm&r=g\",\"caption\":\"Laura Michaud\"},\"description\":\"Laura connait tous les meilleurs outils pour g\u00e9rer des projets et une entreprise. Cr\u00e9ative, c'est aussi une sp\u00e9cialiste des outils de cr\u00e9ation graphique pour faire briller une entreprise.\",\"sameAs\":[\"https:\/\/www.linkedin.com\/in\/michaudlaura\/\"],\"url\":\"https:\/\/www.redacteur.com\/blog\/author\/laura\/\"}]}<\/script>\n<!-- \/ Yoast SEO plugin. -->","yoast_head_json":{"title":"Le guide ultime pour r\u00e9diger tous types de contenus - Redacteur Blog","description":"Vous vous lancez enfin dans la r\u00e9daction....oui mais de quoi ? Dans ce super guide, vous retrouverez toutes nos astuces et nos conseils sur la r\u00e9daction","robots":{"index":"index","follow":"follow","max-snippet":"max-snippet:-1","max-image-preview":"max-image-preview:large","max-video-preview":"max-video-preview:-1"},"canonical":"https:\/\/www.redacteur.com\/blog\/guide-complet-rediger-tout-type-contenu\/","og_locale":"fr_FR","og_type":"article","og_title":"Le guide ultime pour r\u00e9diger tous types de contenus - Redacteur Blog","og_description":"Vous vous lancez enfin dans la r\u00e9daction....oui mais de quoi ? Dans ce super guide, vous retrouverez toutes nos astuces et nos conseils sur la r\u00e9daction","og_url":"https:\/\/www.redacteur.com\/blog\/guide-complet-rediger-tout-type-contenu\/","og_site_name":"Redacteur.com","article_publisher":"https:\/\/www.facebook.com\/redacteurcom","article_published_time":"2020-06-26T08:30:22+00:00","og_image":[{"width":850,"height":600,"url":"https:\/\/www.redacteur.com\/blog\/wp-content\/uploads\/sites\/6\/2020\/06\/redacteur-blog-img-une-guide-ultime-de-la-redaction-de-contenu.jpg","type":"image\/jpeg"}],"author":"Laura Michaud","twitter_card":"summary_large_image","twitter_creator":"@Redacteurcom","twitter_site":"@Redacteurcom","twitter_misc":{"\u00c9crit par":"Laura Michaud","Dur\u00e9e de lecture estim\u00e9e":"12 minutes"},"schema":{"@context":"https:\/\/schema.org","@graph":[{"@type":"Article","@id":"https:\/\/www.redacteur.com\/blog\/guide-complet-rediger-tout-type-contenu\/#article","isPartOf":{"@id":"https:\/\/www.redacteur.com\/blog\/guide-complet-rediger-tout-type-contenu\/"},"author":{"name":"Laura Michaud","@id":"https:\/\/www.redacteur.com\/blog\/#\/schema\/person\/33c0ef04707fbe50a096f282050bb5f2"},"headline":"Le guide ultime pour r\u00e9diger tous types de contenus","datePublished":"2020-06-26T08:30:22+00:00","mainEntityOfPage":{"@id":"https:\/\/www.redacteur.com\/blog\/guide-complet-rediger-tout-type-contenu\/"},"wordCount":1421,"commentCount":0,"publisher":{"@id":"https:\/\/www.redacteur.com\/blog\/#organization"},"image":{"@id":"https:\/\/www.redacteur.com\/blog\/guide-complet-rediger-tout-type-contenu\/#primaryimage"},"thumbnailUrl":"https:\/\/www.redacteur.com\/blog\/wp-content\/uploads\/sites\/6\/2020\/06\/redacteur-blog-img-une-guide-ultime-de-la-redaction-de-contenu.jpg","articleSection":["R\u00e9daction web"],"inLanguage":"fr-FR","potentialAction":[{"@type":"CommentAction","name":"Comment","target":["https:\/\/www.redacteur.com\/blog\/guide-complet-rediger-tout-type-contenu\/#respond"]}]},{"@type":"WebPage","@id":"https:\/\/www.redacteur.com\/blog\/guide-complet-rediger-tout-type-contenu\/","url":"https:\/\/www.redacteur.com\/blog\/guide-complet-rediger-tout-type-contenu\/","name":"Le guide ultime pour r\u00e9diger tous types de contenus - Redacteur Blog","isPartOf":{"@id":"https:\/\/www.redacteur.com\/blog\/#website"},"primaryImageOfPage":{"@id":"https:\/\/www.redacteur.com\/blog\/guide-complet-rediger-tout-type-contenu\/#primaryimage"},"image":{"@id":"https:\/\/www.redacteur.com\/blog\/guide-complet-rediger-tout-type-contenu\/#primaryimage"},"thumbnailUrl":"https:\/\/www.redacteur.com\/blog\/wp-content\/uploads\/sites\/6\/2020\/06\/redacteur-blog-img-une-guide-ultime-de-la-redaction-de-contenu.jpg","datePublished":"2020-06-26T08:30:22+00:00","description":"Vous vous lancez enfin dans la r\u00e9daction....oui mais de quoi ? Dans ce super guide, vous retrouverez toutes nos astuces et nos conseils sur la r\u00e9daction","breadcrumb":{"@id":"https:\/\/www.redacteur.com\/blog\/guide-complet-rediger-tout-type-contenu\/#breadcrumb"},"inLanguage":"fr-FR","potentialAction":[{"@type":"ReadAction","target":["https:\/\/www.redacteur.com\/blog\/guide-complet-rediger-tout-type-contenu\/"]}]},{"@type":"ImageObject","inLanguage":"fr-FR","@id":"https:\/\/www.redacteur.com\/blog\/guide-complet-rediger-tout-type-contenu\/#primaryimage","url":"https:\/\/www.redacteur.com\/blog\/wp-content\/uploads\/sites\/6\/2020\/06\/redacteur-blog-img-une-guide-ultime-de-la-redaction-de-contenu.jpg","contentUrl":"https:\/\/www.redacteur.com\/blog\/wp-content\/uploads\/sites\/6\/2020\/06\/redacteur-blog-img-une-guide-ultime-de-la-redaction-de-contenu.jpg","width":850,"height":600},{"@type":"BreadcrumbList","@id":"https:\/\/www.redacteur.com\/blog\/guide-complet-rediger-tout-type-contenu\/#breadcrumb","itemListElement":[{"@type":"ListItem","position":1,"name":"Blog","item":"https:\/\/www.redacteur.com\/blog\/"},{"@type":"ListItem","position":2,"name":"R\u00e9daction web","item":"https:\/\/www.redacteur.com\/blog\/redaction-web\/"},{"@type":"ListItem","position":3,"name":"Le guide ultime pour r\u00e9diger tous types de contenus"}]},{"@type":"WebSite","@id":"https:\/\/www.redacteur.com\/blog\/#website","url":"https:\/\/www.redacteur.com\/blog\/","name":"Redacteur.com","description":"redacteur","publisher":{"@id":"https:\/\/www.redacteur.com\/blog\/#organization"},"potentialAction":[{"@type":"SearchAction","target":{"@type":"EntryPoint","urlTemplate":"https:\/\/www.redacteur.com\/blog\/?s={search_term_string}"},"query-input":{"@type":"PropertyValueSpecification","valueRequired":true,"valueName":"search_term_string"}}],"inLanguage":"fr-FR"},{"@type":"Organization","@id":"https:\/\/www.redacteur.com\/blog\/#organization","name":"Redacteur.com","url":"https:\/\/www.redacteur.com\/blog\/","logo":{"@type":"ImageObject","inLanguage":"fr-FR","@id":"https:\/\/www.redacteur.com\/blog\/#\/schema\/logo\/image\/","url":"https:\/\/www.redacteur.com\/blog\/wp-content\/uploads\/sites\/6\/2022\/10\/logo-redacteur-blog.svg","contentUrl":"https:\/\/www.redacteur.com\/blog\/wp-content\/uploads\/sites\/6\/2022\/10\/logo-redacteur-blog.svg","width":1,"height":1,"caption":"Redacteur.com"},"image":{"@id":"https:\/\/www.redacteur.com\/blog\/#\/schema\/logo\/image\/"},"sameAs":["https:\/\/www.facebook.com\/redacteurcom","https:\/\/x.com\/Redacteurcom","https:\/\/www.linkedin.com\/company\/redacteur-com","https:\/\/www.youtube.com\/channel\/UCgj9ySM9xy3gdL8qBafl9Uw\/"]},{"@type":"Person","@id":"https:\/\/www.redacteur.com\/blog\/#\/schema\/person\/33c0ef04707fbe50a096f282050bb5f2","name":"Laura Michaud","image":{"@type":"ImageObject","inLanguage":"fr-FR","@id":"https:\/\/www.redacteur.com\/blog\/#\/schema\/person\/image\/","url":"https:\/\/secure.gravatar.com\/avatar\/c3328cc0c887f98cec6b2979af3311ab6333fc7cc2d4847514cfec6a56fa08a7?s=96&d=mm&r=g","contentUrl":"https:\/\/secure.gravatar.com\/avatar\/c3328cc0c887f98cec6b2979af3311ab6333fc7cc2d4847514cfec6a56fa08a7?s=96&d=mm&r=g","caption":"Laura Michaud"},"description":"Laura connait tous les meilleurs outils pour g\u00e9rer des projets et une entreprise. Cr\u00e9ative, c'est aussi une sp\u00e9cialiste des outils de cr\u00e9ation graphique pour faire briller une entreprise.","sameAs":["https:\/\/www.linkedin.com\/in\/michaudlaura\/"],"url":"https:\/\/www.redacteur.com\/blog\/author\/laura\/"}]}},"_links":{"self":[{"href":"https:\/\/www.redacteur.com\/blog\/wp-json\/wp\/v2\/posts\/21107","targetHints":{"allow":["GET"]}}],"collection":[{"href":"https:\/\/www.redacteur.com\/blog\/wp-json\/wp\/v2\/posts"}],"about":[{"href":"https:\/\/www.redacteur.com\/blog\/wp-json\/wp\/v2\/types\/post"}],"author":[{"embeddable":true,"href":"https:\/\/www.redacteur.com\/blog\/wp-json\/wp\/v2\/users\/1"}],"replies":[{"embeddable":true,"href":"https:\/\/www.redacteur.com\/blog\/wp-json\/wp\/v2\/comments?post=21107"}],"version-history":[{"count":0,"href":"https:\/\/www.redacteur.com\/blog\/wp-json\/wp\/v2\/posts\/21107\/revisions"}],"wp:featuredmedia":[{"embeddable":true,"href":"https:\/\/www.redacteur.com\/blog\/wp-json\/wp\/v2\/media\/21122"}],"wp:attachment":[{"href":"https:\/\/www.redacteur.com\/blog\/wp-json\/wp\/v2\/media?parent=21107"}],"wp:term":[{"taxonomy":"category","embeddable":true,"href":"https:\/\/www.redacteur.com\/blog\/wp-json\/wp\/v2\/categories?post=21107"},{"taxonomy":"post_tag","embeddable":true,"href":"https:\/\/www.redacteur.com\/blog\/wp-json\/wp\/v2\/tags?post=21107"}],"curies":[{"name":"wp","href":"https:\/\/api.w.org\/{rel}","templated":true}]}}