{"id":21301,"date":"2020-07-11T10:30:58","date_gmt":"2020-07-11T08:30:58","guid":{"rendered":"https:\/\/www.redacteur.com\/blog\/?p=21301"},"modified":"2020-07-11T10:30:58","modified_gmt":"2020-07-11T08:30:58","slug":"le-bashtagging-bad-buzz-pour-les-marques","status":"publish","type":"post","link":"https:\/\/www.redacteur.com\/blog\/le-bashtagging-bad-buzz-pour-les-marques\/","title":{"rendered":"Social Media&nbsp;: 5 erreurs \u00e0 ne pas faire sur vos hashtags"},"content":{"rendered":"<p>Aujourd\u2019hui, les <a href=\"https:\/\/www.redacteur.com\/blog\/social-media-utiliser-hashtags-noel\/\">hashtags<\/a> se retrouvent sur tous les m\u00e9dias sociaux. Tr\u00e8s utile pour associer un sujet \u00e0 votre publication, ce mot-valise permet de regrouper l\u2019ensemble des sujets publi\u00e9s li\u00e9s au hashtag.<\/p>\n<p>Indispensable dans une<a href=\"https:\/\/www.redacteur.com\/blog\/conseils-creer-sa-marque-pme-independant\/\" target=\"_blank\" rel=\"noopener noreferrer\"> communication marketing de marque,<\/a> le hashtag peut vite vous porter pr\u00e9judice s\u2019il n\u2019est pas employ\u00e9 judicieusement. Les r\u00e9seaux sociaux sont impitoyables et un bad buzz est vite arriv\u00e9\u00a0!<\/p>\n<p>Pour que vos hashtags ne se transforment pas en bashtags, voici 5\u00a0erreurs \u00e0 ne pas faire\u00a0!<\/p>\n<p>&nbsp;<\/p>\n<h2>1. Ne pas se projeter lorsque vous lancez un hashtag pour une campagne publicitaire<\/h2>\n<p>Les m\u00e9dias sociaux sont parfaits pour diffuser une campagne publicitaire et promouvoir votre marque. L\u2019avantage des hashtags est qu\u2019ils sont facilement identifiables et qu\u2019ils peuvent \u00eatre repris par tous.\u00a0Oui, mais\u2026<\/p>\n<p>Votre hashtag peut aussi \u00eatre repris par des internautes malintentionn\u00e9s pour le<strong> transformer en bashtag<\/strong>, et l\u00e0, c\u2019est le<a href=\"https:\/\/www.redacteur.com\/blog\/bons-exemples-de-buzz-marketing\/\" target=\"_blank\" rel=\"noopener noreferrer\"> bad buzz assur\u00e9<\/a>\u00a0!\u00a0De grandes marques comme Coca-Cola et McDonald\u2019s en ont fait les frais\u00a0:<\/p>\n<p>En 2015, <a href=\"https:\/\/www.redacteur.com\/blog\/lexemple-coca-cola\/\" target=\"_blank\" rel=\"noopener noreferrer\">Coca-Cola<\/a> d\u00e9cide de lancer une campagne marketing originale. Associ\u00e9 au hashtag #MakeItHappy, le robot Twitter de Coca-Cola <strong>reprenait un commentaire n\u00e9gatif<\/strong> pour en faire une image d\u2019art ASCII souriante. D\u00e9tourner <a href=\"https:\/\/www.redacteur.com\/blog\/recevoir-avis-client\/\" target=\"_blank\" rel=\"noopener noreferrer\">un avis d\u00e9favorable<\/a> et jouer sur l\u2019autod\u00e9rision aurait pu permettre de v\u00e9hiculer une image positive de la marque.<\/p>\n<p><img decoding=\"async\" class=\"aligncenter wp-image-21303\" src=\"https:\/\/www.redacteur.com\/blog\/wp-content\/uploads\/sites\/6\/2020\/07\/image.png\" alt=\"cocoa cola hashtag bot robot bashtag\" width=\"738\" height=\"644\" srcset=\"https:\/\/www.redacteur.com\/blog\/wp-content\/uploads\/sites\/6\/2020\/07\/image.png 800w, https:\/\/www.redacteur.com\/blog\/wp-content\/uploads\/sites\/6\/2020\/07\/image-300x262.png 300w, https:\/\/www.redacteur.com\/blog\/wp-content\/uploads\/sites\/6\/2020\/07\/image-768x670.png 768w, https:\/\/www.redacteur.com\/blog\/wp-content\/uploads\/sites\/6\/2020\/07\/image-60x52.png 60w, https:\/\/www.redacteur.com\/blog\/wp-content\/uploads\/sites\/6\/2020\/07\/image-370x323.png 370w, https:\/\/www.redacteur.com\/blog\/wp-content\/uploads\/sites\/6\/2020\/07\/image-270x236.png 270w, https:\/\/www.redacteur.com\/blog\/wp-content\/uploads\/sites\/6\/2020\/07\/image-570x497.png 570w, https:\/\/www.redacteur.com\/blog\/wp-content\/uploads\/sites\/6\/2020\/07\/image-740x646.png 740w\" sizes=\"(max-width: 738px) 100vw, 738px\" \/><\/p>\n<p>Sauf que\u2026 Le site web Gawker d\u00e9cida de tester le robot Twitter de Coca-Cola et publia des extraits de Mein Kampf\u00a0! Lanc\u00e9e pour le Super Bowl, la campagne a <strong>dur\u00e9 3\u00a0jours<\/strong> avant d\u2019\u00eatre retir\u00e9e\u2026<\/p>\n<p>McDonald\u2019s n\u2019est pas en reste et a eu affaire aussi \u00e0 une campagne de <strong>bashtagging<\/strong>. Lorsque les marketeurs de l\u2019entreprise ont lanc\u00e9 le hashtag #McDStories pour promouvoir le lancement des Happy Meals, ils s\u2019attendaient \u00e0 de sympathiques et chaleureuses anecdotes.<\/p>\n<p><img decoding=\"async\" class=\"aligncenter wp-image-21304\" src=\"https:\/\/www.redacteur.com\/blog\/wp-content\/uploads\/sites\/6\/2020\/07\/image-1.png\" alt=\"mac Donald avis client bashtagging\" width=\"488\" height=\"204\" srcset=\"https:\/\/www.redacteur.com\/blog\/wp-content\/uploads\/sites\/6\/2020\/07\/image-1.png 589w, https:\/\/www.redacteur.com\/blog\/wp-content\/uploads\/sites\/6\/2020\/07\/image-1-300x125.png 300w, https:\/\/www.redacteur.com\/blog\/wp-content\/uploads\/sites\/6\/2020\/07\/image-1-60x25.png 60w, https:\/\/www.redacteur.com\/blog\/wp-content\/uploads\/sites\/6\/2020\/07\/image-1-370x155.png 370w, https:\/\/www.redacteur.com\/blog\/wp-content\/uploads\/sites\/6\/2020\/07\/image-1-270x113.png 270w, https:\/\/www.redacteur.com\/blog\/wp-content\/uploads\/sites\/6\/2020\/07\/image-1-585x246.png 585w, https:\/\/www.redacteur.com\/blog\/wp-content\/uploads\/sites\/6\/2020\/07\/image-1-570x238.png 570w\" sizes=\"(max-width: 488px) 100vw, 488px\" \/><\/p>\n<p><img decoding=\"async\" class=\"aligncenter wp-image-21305 \" src=\"https:\/\/www.redacteur.com\/blog\/wp-content\/uploads\/sites\/6\/2020\/07\/image-2.png\" alt=\"bashtagging hashtag hashtag\" width=\"480\" height=\"165\" srcset=\"https:\/\/www.redacteur.com\/blog\/wp-content\/uploads\/sites\/6\/2020\/07\/image-2.png 544w, https:\/\/www.redacteur.com\/blog\/wp-content\/uploads\/sites\/6\/2020\/07\/image-2-300x103.png 300w, https:\/\/www.redacteur.com\/blog\/wp-content\/uploads\/sites\/6\/2020\/07\/image-2-60x21.png 60w, https:\/\/www.redacteur.com\/blog\/wp-content\/uploads\/sites\/6\/2020\/07\/image-2-370x127.png 370w, https:\/\/www.redacteur.com\/blog\/wp-content\/uploads\/sites\/6\/2020\/07\/image-2-270x93.png 270w\" sizes=\"(max-width: 480px) 100vw, 480px\" \/><\/p>\n<p>Sauf que de nombreux internautes ont publi\u00e9 <strong>leurs mauvaises exp\u00e9riences,<\/strong> transformant la campagne marketing en un gigantesque bad buz\u00a0!<\/p>\n<blockquote><p>Pensez toujours que votre mot-cl\u00e9 peut aussi vous desservir, soyez vigilant et surveillez vos campagnes publicitaires\u00a0! <\/p><\/blockquote>\n<blockquote><p>\u00c0 lire aussi&nbsp;: <a href=\"https:\/\/www.redacteur.com\/blog\/social-media-erreurs-communication-fans\/\">Social Media&nbsp;: 6 erreurs \u00e0 ne pas faire pour communiquer avec vos fans<\/a><\/p><\/blockquote>\n<p>&nbsp;<\/p>\n<h2>2. Ne pas v\u00e9rifier l\u2019histoire et la port\u00e9e d\u2019un hashtag<\/h2>\n<p>Avant de publier votre publication, prenez le temps de v\u00e9rifier la provenance de vos hashtags, s\u2019ils sont associ\u00e9s \u00e0 une campagne de bashtagging ou qu\u2019ils vont \u00e0 l\u2019encontre de vos valeurs, vous courez au bad buzz\u00a0!<\/p>\n<ul>\n<li>V\u00e9rifier la port\u00e9e de vos hashtags est tout aussi utile pour optimiser votre contenu. Il existe de nombreux outils qui vous permettront de calculer et d\u2019analyser l\u2019impact de vos mots-cl\u00e9s.<\/li>\n<li>Vous pourrez utiliser le module de Twitter qui affiche les tendances \u00e0 la une ou encore faire une \u00e9tude marketing avec l\u2019outil (payant) <a href=\"https:\/\/www.talkwalker.com\/fr\/outil-analyse-web-reseaux-sociaux\">Talkwalker Social Search<\/a>. Il analyse non seulement la port\u00e9e de votre mot-cl\u00e9 di\u00e9s\u00e9, mais vous donne \u00e9galement la liste des sujets associ\u00e9s.<\/li>\n<\/ul>\n<blockquote><p>V\u00e9rifier vos mots-cl\u00e9s vous permettra aussi de ne pas utiliser des<strong> hashtags inactifs,<\/strong> donc inutiles\u00a0!<\/p><\/blockquote>\n<blockquote><p>\u00c0 lire aussi&nbsp;: <a href=\"https:\/\/www.redacteur.com\/blog\/social-media-tendances-2021\/\">Social Media&nbsp;: les 8 tendances \u00e0 suivre en 2020<\/a><\/p><\/blockquote>\n<p>&nbsp;<\/p>\n<h2>3. R\u00e9diger des hashtags trop longs et difficiles \u00e0 comprendre<\/h2>\n<p><em>#chezgraphiste.comontrouvelesmeilleursgraphistesduweb<\/em>, voil\u00e0 un hashtag qui en dit long, un peu trop, non\u00a0?<\/p>\n<p>Soyez concis, privil\u00e9giez une lecture rapide de vos <a href=\"https:\/\/www.redacteur.com\/blog\/comment-utiliser-hashtags-instagram\/\" target=\"_blank\" rel=\"noopener noreferrer\">hashtags<\/a>, ils n\u2019en seront que plus facilement m\u00e9morisables\u00a0!\u00a0Il en va de m\u00eame pour la compr\u00e9hension de vos mots-clics. Si l\u2019internaute doit passer du temps \u00e0 le d\u00e9chiffrer, sa mission ne sera pas atteinte.<\/p>\n<p><img decoding=\"async\" class=\"aligncenter size-full wp-image-16507\" src=\"https:\/\/www.redacteur.com\/blog\/wp-content\/uploads\/sites\/6\/2019\/06\/hashtag-populaire.jpg\" alt=\"\" width=\"600\" height=\"110\" srcset=\"https:\/\/www.redacteur.com\/blog\/wp-content\/uploads\/sites\/6\/2019\/06\/hashtag-populaire.jpg 600w, https:\/\/www.redacteur.com\/blog\/wp-content\/uploads\/sites\/6\/2019\/06\/hashtag-populaire-300x55.jpg 300w, https:\/\/www.redacteur.com\/blog\/wp-content\/uploads\/sites\/6\/2019\/06\/hashtag-populaire-60x11.jpg 60w, https:\/\/www.redacteur.com\/blog\/wp-content\/uploads\/sites\/6\/2019\/06\/hashtag-populaire-370x68.jpg 370w, https:\/\/www.redacteur.com\/blog\/wp-content\/uploads\/sites\/6\/2019\/06\/hashtag-populaire-270x50.jpg 270w, https:\/\/www.redacteur.com\/blog\/wp-content\/uploads\/sites\/6\/2019\/06\/hashtag-populaire-570x105.jpg 570w\" sizes=\"(max-width: 600px) 100vw, 600px\" \/><\/p>\n<p>R\u00e9digez des hashtags percutants et accrocheurs\u00a0! Le but est de fluidifier la lecture de vos publications marketing et que vos <strong>hashtags soient partag\u00e9s. <\/strong><\/p>\n<p>Si vous avez besoin d&#8217;engager un\u00a0Community manager ou un r\u00e9dacteur pour r\u00e9diger vos textes <a href=\"https:\/\/www.redacteur.com\/blog\/rediger-charte-social-media-entreprise\/\">social media<\/a>&nbsp;: faites appel \u00e0 <a href=\"https:\/\/www.redacteur.com\/\" target=\"_blank\" rel=\"noopener noreferrer\"><strong>des r\u00e9dacteurs\u00a0freelances\u00a0professionnels.\u00a0<\/strong><\/a><\/p>\n<blockquote><p>\u00c0 lire aussi&nbsp;: <a href=\"https:\/\/traduc.com\/blog\/traduction-hashtags\/\" target=\"_blank\" rel=\"noopener noreferrer\">Faut-il traduire les hashtags\u00a0\u00a0?<\/a><\/p><\/blockquote>\n<p>&nbsp;<\/p>\n<h2>4. Inonder vos publications de hashtags ou ne pas en mettre assez<\/h2>\n<p>Ni trop ni trop peu\u00a0! Tout est dans la nuance\u00a0!<\/p>\n<p><img decoding=\"async\" class=\"aligncenter size-full wp-image-16815\" src=\"https:\/\/www.redacteur.com\/blog\/wp-content\/uploads\/sites\/6\/2019\/08\/hashtag-instagram.jpg\" alt=\"\" width=\"700\" height=\"447\" srcset=\"https:\/\/www.redacteur.com\/blog\/wp-content\/uploads\/sites\/6\/2019\/08\/hashtag-instagram.jpg 700w, https:\/\/www.redacteur.com\/blog\/wp-content\/uploads\/sites\/6\/2019\/08\/hashtag-instagram-300x192.jpg 300w, https:\/\/www.redacteur.com\/blog\/wp-content\/uploads\/sites\/6\/2019\/08\/hashtag-instagram-60x38.jpg 60w, https:\/\/www.redacteur.com\/blog\/wp-content\/uploads\/sites\/6\/2019\/08\/hashtag-instagram-370x236.jpg 370w, https:\/\/www.redacteur.com\/blog\/wp-content\/uploads\/sites\/6\/2019\/08\/hashtag-instagram-270x172.jpg 270w, https:\/\/www.redacteur.com\/blog\/wp-content\/uploads\/sites\/6\/2019\/08\/hashtag-instagram-470x300.jpg 470w, https:\/\/www.redacteur.com\/blog\/wp-content\/uploads\/sites\/6\/2019\/08\/hashtag-instagram-570x364.jpg 570w\" sizes=\"(max-width: 700px) 100vw, 700px\" \/><\/p>\n<p>Plusieurs \u00e9tudes ont \u00e9t\u00e9 r\u00e9alis\u00e9es pour calculer le nombre id\u00e9al de hashtags \u00e0 inclure dans votre publication publicitaire. L\u2019engagement du lecteur ne sera pas le m\u00eame si vous inondez votre post de mots-cl\u00e9s.<\/p>\n<p>En faisant la synth\u00e8se des diff\u00e9rentes analyses, le nombre de vos hashtags doit \u00eatre compris en<strong> 8 et 11 pour susciter l\u2019engouement de votre cible.<\/strong><\/p>\n<blockquote><p>\u00c0 lire aussi&nbsp;: <a href=\"https:\/\/www.redacteur.com\/blog\/content-marketing-utiliser-hashtags%e2%80%89\/\">Content marketing&nbsp;: comment utiliser les hashtags pour booster votre visibilit\u00e9&nbsp;?<\/a><\/p><\/blockquote>\n<p>&nbsp;<\/p>\n<h2>5. Ne pas mettre syst\u00e9matiquement le hashtag de votre entreprise<\/h2>\n<p>L\u2019int\u00e9r\u00eat de votre publication est de faire conna\u00eetre votre marque.\u00a0Il n\u2019est pas conseill\u00e9 d\u2019utiliser plusieurs fois les m\u00eames mots-cl\u00e9s, votre audience risque de se lasser et vous perdez l\u2019opportunit\u00e9 de pouvoir optimiser vos publications et donc de les rendre plus visibles.<\/p>\n<p><img decoding=\"async\" class=\"aligncenter size-full wp-image-16508\" src=\"https:\/\/www.redacteur.com\/blog\/wp-content\/uploads\/sites\/6\/2019\/06\/hashtag-contenu.jpg\" alt=\"\" width=\"600\" height=\"519\" srcset=\"https:\/\/www.redacteur.com\/blog\/wp-content\/uploads\/sites\/6\/2019\/06\/hashtag-contenu.jpg 600w, https:\/\/www.redacteur.com\/blog\/wp-content\/uploads\/sites\/6\/2019\/06\/hashtag-contenu-300x260.jpg 300w, https:\/\/www.redacteur.com\/blog\/wp-content\/uploads\/sites\/6\/2019\/06\/hashtag-contenu-60x52.jpg 60w, https:\/\/www.redacteur.com\/blog\/wp-content\/uploads\/sites\/6\/2019\/06\/hashtag-contenu-370x320.jpg 370w, https:\/\/www.redacteur.com\/blog\/wp-content\/uploads\/sites\/6\/2019\/06\/hashtag-contenu-270x234.jpg 270w, https:\/\/www.redacteur.com\/blog\/wp-content\/uploads\/sites\/6\/2019\/06\/hashtag-contenu-570x493.jpg 570w\" sizes=\"(max-width: 600px) 100vw, 600px\" \/><\/p>\n<p>\u00c0 contrario, celui de votre marque est non seulement conseill\u00e9, mais recommand\u00e9\u00a0! <strong>Votre hashtag de marque<\/strong> doit \u00eatre pr\u00e9sent sur tous vos posts pour un r\u00e9f\u00e9rencement optimal de votre entreprise.<\/p>\n<blockquote><p>Si les hashtags sont devenus la cible des trolls en manquent de reconnaissance, ils n\u2019en restent pas moins un outil indispensable dans votre communication marketing.<\/p><\/blockquote>\n<p>Pr\u00e9sents sur l\u2019ensemble des m\u00e9dias sociaux, ils sont les garants d\u2019une large audience donc d\u2019un taux de conversion en progression.<\/p>\n","protected":false},"excerpt":{"rendered":"<p>Aujourd\u2019hui, les hashtags se retrouvent sur tous les m\u00e9dias sociaux. Tr\u00e8s utile pour associer un sujet \u00e0 votre publication, ce mot-valise permet de regrouper l\u2019ensemble des sujets publi\u00e9s li\u00e9s au hashtag. Indispensable dans une communication marketing de marque, le hashtag peut vite vous porter pr\u00e9judice s\u2019il n\u2019est pas employ\u00e9 judicieusement. Les r\u00e9seaux sociaux sont impitoyables [&hellip;]<\/p>\n","protected":false},"author":1,"featured_media":21308,"comment_status":"open","ping_status":"open","sticky":false,"template":"","format":"standard","meta":{"_acf_changed":false,"inline_featured_image":false,"footnotes":""},"categories":[12],"tags":[],"class_list":["post-21301","post","type-post","status-publish","format-standard","has-post-thumbnail","hentry","category-reseaux-sociaux"],"acf":[],"yoast_head":"<!-- This site is optimized with the Yoast SEO plugin v25.9 - https:\/\/yoast.com\/wordpress\/plugins\/seo\/ -->\n<title>Social Media : 5 erreurs \u00e0 ne pas faire sur vos hashtags - Redacteur Blog<\/title>\n<meta name=\"description\" content=\"Aujourd\u2019hui, les hashtags se retrouvent sur tous les m\u00e9dias sociaux. Tr\u00e8s utile pour associer un sujet \u00e0 votre publication, ce mot-valise permet de\" \/>\n<meta name=\"robots\" content=\"index, follow, max-snippet:-1, max-image-preview:large, max-video-preview:-1\" \/>\n<link rel=\"canonical\" href=\"https:\/\/www.redacteur.com\/blog\/le-bashtagging-bad-buzz-pour-les-marques\/\" \/>\n<meta property=\"og:locale\" content=\"fr_FR\" \/>\n<meta property=\"og:type\" content=\"article\" \/>\n<meta property=\"og:title\" content=\"Social Media : 5 erreurs \u00e0 ne pas faire sur vos hashtags - Redacteur Blog\" \/>\n<meta property=\"og:description\" content=\"Aujourd\u2019hui, les hashtags se retrouvent sur tous les m\u00e9dias sociaux. Tr\u00e8s utile pour associer un sujet \u00e0 votre publication, ce mot-valise permet de\" \/>\n<meta property=\"og:url\" content=\"https:\/\/www.redacteur.com\/blog\/le-bashtagging-bad-buzz-pour-les-marques\/\" \/>\n<meta property=\"og:site_name\" content=\"Redacteur.com\" \/>\n<meta property=\"article:publisher\" content=\"https:\/\/www.facebook.com\/redacteurcom\" \/>\n<meta property=\"article:published_time\" content=\"2020-07-11T08:30:58+00:00\" \/>\n<meta property=\"og:image\" content=\"https:\/\/www.redacteur.com\/blog\/wp-content\/uploads\/sites\/6\/2020\/07\/redacteur-blog-img-une-erreurs-bashtag-hashtag-social-media.jpg\" \/>\n\t<meta property=\"og:image:width\" content=\"850\" \/>\n\t<meta property=\"og:image:height\" content=\"600\" \/>\n\t<meta property=\"og:image:type\" content=\"image\/jpeg\" \/>\n<meta name=\"author\" content=\"Laura Michaud\" \/>\n<meta name=\"twitter:card\" content=\"summary_large_image\" \/>\n<meta name=\"twitter:creator\" content=\"@Redacteurcom\" \/>\n<meta name=\"twitter:site\" content=\"@Redacteurcom\" \/>\n<meta name=\"twitter:label1\" content=\"\u00c9crit par\" \/>\n\t<meta name=\"twitter:data1\" content=\"Laura Michaud\" \/>\n\t<meta name=\"twitter:label2\" content=\"Dur\u00e9e de lecture estim\u00e9e\" \/>\n\t<meta name=\"twitter:data2\" content=\"4 minutes\" \/>\n<script type=\"application\/ld+json\" class=\"yoast-schema-graph\">{\"@context\":\"https:\/\/schema.org\",\"@graph\":[{\"@type\":\"Article\",\"@id\":\"https:\/\/www.redacteur.com\/blog\/le-bashtagging-bad-buzz-pour-les-marques\/#article\",\"isPartOf\":{\"@id\":\"https:\/\/www.redacteur.com\/blog\/le-bashtagging-bad-buzz-pour-les-marques\/\"},\"author\":{\"name\":\"Laura Michaud\",\"@id\":\"https:\/\/www.redacteur.com\/blog\/#\/schema\/person\/33c0ef04707fbe50a096f282050bb5f2\"},\"headline\":\"Social Media&nbsp;: 5 erreurs \u00e0 ne pas faire sur vos hashtags\",\"datePublished\":\"2020-07-11T08:30:58+00:00\",\"mainEntityOfPage\":{\"@id\":\"https:\/\/www.redacteur.com\/blog\/le-bashtagging-bad-buzz-pour-les-marques\/\"},\"wordCount\":900,\"commentCount\":0,\"publisher\":{\"@id\":\"https:\/\/www.redacteur.com\/blog\/#organization\"},\"image\":{\"@id\":\"https:\/\/www.redacteur.com\/blog\/le-bashtagging-bad-buzz-pour-les-marques\/#primaryimage\"},\"thumbnailUrl\":\"https:\/\/www.redacteur.com\/blog\/wp-content\/uploads\/sites\/6\/2020\/07\/redacteur-blog-img-une-erreurs-bashtag-hashtag-social-media.jpg\",\"articleSection\":[\"R\u00e9seaux sociaux\"],\"inLanguage\":\"fr-FR\",\"potentialAction\":[{\"@type\":\"CommentAction\",\"name\":\"Comment\",\"target\":[\"https:\/\/www.redacteur.com\/blog\/le-bashtagging-bad-buzz-pour-les-marques\/#respond\"]}]},{\"@type\":\"WebPage\",\"@id\":\"https:\/\/www.redacteur.com\/blog\/le-bashtagging-bad-buzz-pour-les-marques\/\",\"url\":\"https:\/\/www.redacteur.com\/blog\/le-bashtagging-bad-buzz-pour-les-marques\/\",\"name\":\"Social Media : 5 erreurs \u00e0 ne pas faire sur vos hashtags - Redacteur Blog\",\"isPartOf\":{\"@id\":\"https:\/\/www.redacteur.com\/blog\/#website\"},\"primaryImageOfPage\":{\"@id\":\"https:\/\/www.redacteur.com\/blog\/le-bashtagging-bad-buzz-pour-les-marques\/#primaryimage\"},\"image\":{\"@id\":\"https:\/\/www.redacteur.com\/blog\/le-bashtagging-bad-buzz-pour-les-marques\/#primaryimage\"},\"thumbnailUrl\":\"https:\/\/www.redacteur.com\/blog\/wp-content\/uploads\/sites\/6\/2020\/07\/redacteur-blog-img-une-erreurs-bashtag-hashtag-social-media.jpg\",\"datePublished\":\"2020-07-11T08:30:58+00:00\",\"description\":\"Aujourd\u2019hui, les hashtags se retrouvent sur tous les m\u00e9dias sociaux. Tr\u00e8s utile pour associer un sujet \u00e0 votre publication, ce mot-valise permet de\",\"breadcrumb\":{\"@id\":\"https:\/\/www.redacteur.com\/blog\/le-bashtagging-bad-buzz-pour-les-marques\/#breadcrumb\"},\"inLanguage\":\"fr-FR\",\"potentialAction\":[{\"@type\":\"ReadAction\",\"target\":[\"https:\/\/www.redacteur.com\/blog\/le-bashtagging-bad-buzz-pour-les-marques\/\"]}]},{\"@type\":\"ImageObject\",\"inLanguage\":\"fr-FR\",\"@id\":\"https:\/\/www.redacteur.com\/blog\/le-bashtagging-bad-buzz-pour-les-marques\/#primaryimage\",\"url\":\"https:\/\/www.redacteur.com\/blog\/wp-content\/uploads\/sites\/6\/2020\/07\/redacteur-blog-img-une-erreurs-bashtag-hashtag-social-media.jpg\",\"contentUrl\":\"https:\/\/www.redacteur.com\/blog\/wp-content\/uploads\/sites\/6\/2020\/07\/redacteur-blog-img-une-erreurs-bashtag-hashtag-social-media.jpg\",\"width\":850,\"height\":600,\"caption\":\"hashtag bashtag\"},{\"@type\":\"BreadcrumbList\",\"@id\":\"https:\/\/www.redacteur.com\/blog\/le-bashtagging-bad-buzz-pour-les-marques\/#breadcrumb\",\"itemListElement\":[{\"@type\":\"ListItem\",\"position\":1,\"name\":\"Blog\",\"item\":\"https:\/\/www.redacteur.com\/blog\/\"},{\"@type\":\"ListItem\",\"position\":2,\"name\":\"Content marketing\",\"item\":\"https:\/\/www.redacteur.com\/blog\/contenu-web\/\"},{\"@type\":\"ListItem\",\"position\":3,\"name\":\"R\u00e9seaux sociaux\",\"item\":\"https:\/\/www.redacteur.com\/blog\/contenu-web\/reseaux-sociaux\/\"},{\"@type\":\"ListItem\",\"position\":4,\"name\":\"Social Media : 5 erreurs \u00e0 ne pas faire sur vos hashtags\"}]},{\"@type\":\"WebSite\",\"@id\":\"https:\/\/www.redacteur.com\/blog\/#website\",\"url\":\"https:\/\/www.redacteur.com\/blog\/\",\"name\":\"Redacteur.com\",\"description\":\"redacteur\",\"publisher\":{\"@id\":\"https:\/\/www.redacteur.com\/blog\/#organization\"},\"potentialAction\":[{\"@type\":\"SearchAction\",\"target\":{\"@type\":\"EntryPoint\",\"urlTemplate\":\"https:\/\/www.redacteur.com\/blog\/?s={search_term_string}\"},\"query-input\":{\"@type\":\"PropertyValueSpecification\",\"valueRequired\":true,\"valueName\":\"search_term_string\"}}],\"inLanguage\":\"fr-FR\"},{\"@type\":\"Organization\",\"@id\":\"https:\/\/www.redacteur.com\/blog\/#organization\",\"name\":\"Redacteur.com\",\"url\":\"https:\/\/www.redacteur.com\/blog\/\",\"logo\":{\"@type\":\"ImageObject\",\"inLanguage\":\"fr-FR\",\"@id\":\"https:\/\/www.redacteur.com\/blog\/#\/schema\/logo\/image\/\",\"url\":\"https:\/\/www.redacteur.com\/blog\/wp-content\/uploads\/sites\/6\/2022\/10\/logo-redacteur-blog.svg\",\"contentUrl\":\"https:\/\/www.redacteur.com\/blog\/wp-content\/uploads\/sites\/6\/2022\/10\/logo-redacteur-blog.svg\",\"width\":1,\"height\":1,\"caption\":\"Redacteur.com\"},\"image\":{\"@id\":\"https:\/\/www.redacteur.com\/blog\/#\/schema\/logo\/image\/\"},\"sameAs\":[\"https:\/\/www.facebook.com\/redacteurcom\",\"https:\/\/x.com\/Redacteurcom\",\"https:\/\/www.linkedin.com\/company\/redacteur-com\",\"https:\/\/www.youtube.com\/channel\/UCgj9ySM9xy3gdL8qBafl9Uw\/\"]},{\"@type\":\"Person\",\"@id\":\"https:\/\/www.redacteur.com\/blog\/#\/schema\/person\/33c0ef04707fbe50a096f282050bb5f2\",\"name\":\"Laura Michaud\",\"image\":{\"@type\":\"ImageObject\",\"inLanguage\":\"fr-FR\",\"@id\":\"https:\/\/www.redacteur.com\/blog\/#\/schema\/person\/image\/\",\"url\":\"https:\/\/secure.gravatar.com\/avatar\/c3328cc0c887f98cec6b2979af3311ab6333fc7cc2d4847514cfec6a56fa08a7?s=96&d=mm&r=g\",\"contentUrl\":\"https:\/\/secure.gravatar.com\/avatar\/c3328cc0c887f98cec6b2979af3311ab6333fc7cc2d4847514cfec6a56fa08a7?s=96&d=mm&r=g\",\"caption\":\"Laura Michaud\"},\"description\":\"Laura connait tous les meilleurs outils pour g\u00e9rer des projets et une entreprise. Cr\u00e9ative, c'est aussi une sp\u00e9cialiste des outils de cr\u00e9ation graphique pour faire briller une entreprise.\",\"sameAs\":[\"https:\/\/www.linkedin.com\/in\/michaudlaura\/\"],\"url\":\"https:\/\/www.redacteur.com\/blog\/author\/laura\/\"}]}<\/script>\n<!-- \/ Yoast SEO plugin. -->","yoast_head_json":{"title":"Social Media : 5 erreurs \u00e0 ne pas faire sur vos hashtags - Redacteur Blog","description":"Aujourd\u2019hui, les hashtags se retrouvent sur tous les m\u00e9dias sociaux. Tr\u00e8s utile pour associer un sujet \u00e0 votre publication, ce mot-valise permet de","robots":{"index":"index","follow":"follow","max-snippet":"max-snippet:-1","max-image-preview":"max-image-preview:large","max-video-preview":"max-video-preview:-1"},"canonical":"https:\/\/www.redacteur.com\/blog\/le-bashtagging-bad-buzz-pour-les-marques\/","og_locale":"fr_FR","og_type":"article","og_title":"Social Media : 5 erreurs \u00e0 ne pas faire sur vos hashtags - Redacteur Blog","og_description":"Aujourd\u2019hui, les hashtags se retrouvent sur tous les m\u00e9dias sociaux. Tr\u00e8s utile pour associer un sujet \u00e0 votre publication, ce mot-valise permet de","og_url":"https:\/\/www.redacteur.com\/blog\/le-bashtagging-bad-buzz-pour-les-marques\/","og_site_name":"Redacteur.com","article_publisher":"https:\/\/www.facebook.com\/redacteurcom","article_published_time":"2020-07-11T08:30:58+00:00","og_image":[{"width":850,"height":600,"url":"https:\/\/www.redacteur.com\/blog\/wp-content\/uploads\/sites\/6\/2020\/07\/redacteur-blog-img-une-erreurs-bashtag-hashtag-social-media.jpg","type":"image\/jpeg"}],"author":"Laura Michaud","twitter_card":"summary_large_image","twitter_creator":"@Redacteurcom","twitter_site":"@Redacteurcom","twitter_misc":{"\u00c9crit par":"Laura Michaud","Dur\u00e9e de lecture estim\u00e9e":"4 minutes"},"schema":{"@context":"https:\/\/schema.org","@graph":[{"@type":"Article","@id":"https:\/\/www.redacteur.com\/blog\/le-bashtagging-bad-buzz-pour-les-marques\/#article","isPartOf":{"@id":"https:\/\/www.redacteur.com\/blog\/le-bashtagging-bad-buzz-pour-les-marques\/"},"author":{"name":"Laura Michaud","@id":"https:\/\/www.redacteur.com\/blog\/#\/schema\/person\/33c0ef04707fbe50a096f282050bb5f2"},"headline":"Social Media&nbsp;: 5 erreurs \u00e0 ne pas faire sur vos hashtags","datePublished":"2020-07-11T08:30:58+00:00","mainEntityOfPage":{"@id":"https:\/\/www.redacteur.com\/blog\/le-bashtagging-bad-buzz-pour-les-marques\/"},"wordCount":900,"commentCount":0,"publisher":{"@id":"https:\/\/www.redacteur.com\/blog\/#organization"},"image":{"@id":"https:\/\/www.redacteur.com\/blog\/le-bashtagging-bad-buzz-pour-les-marques\/#primaryimage"},"thumbnailUrl":"https:\/\/www.redacteur.com\/blog\/wp-content\/uploads\/sites\/6\/2020\/07\/redacteur-blog-img-une-erreurs-bashtag-hashtag-social-media.jpg","articleSection":["R\u00e9seaux sociaux"],"inLanguage":"fr-FR","potentialAction":[{"@type":"CommentAction","name":"Comment","target":["https:\/\/www.redacteur.com\/blog\/le-bashtagging-bad-buzz-pour-les-marques\/#respond"]}]},{"@type":"WebPage","@id":"https:\/\/www.redacteur.com\/blog\/le-bashtagging-bad-buzz-pour-les-marques\/","url":"https:\/\/www.redacteur.com\/blog\/le-bashtagging-bad-buzz-pour-les-marques\/","name":"Social Media : 5 erreurs \u00e0 ne pas faire sur vos hashtags - Redacteur Blog","isPartOf":{"@id":"https:\/\/www.redacteur.com\/blog\/#website"},"primaryImageOfPage":{"@id":"https:\/\/www.redacteur.com\/blog\/le-bashtagging-bad-buzz-pour-les-marques\/#primaryimage"},"image":{"@id":"https:\/\/www.redacteur.com\/blog\/le-bashtagging-bad-buzz-pour-les-marques\/#primaryimage"},"thumbnailUrl":"https:\/\/www.redacteur.com\/blog\/wp-content\/uploads\/sites\/6\/2020\/07\/redacteur-blog-img-une-erreurs-bashtag-hashtag-social-media.jpg","datePublished":"2020-07-11T08:30:58+00:00","description":"Aujourd\u2019hui, les hashtags se retrouvent sur tous les m\u00e9dias sociaux. Tr\u00e8s utile pour associer un sujet \u00e0 votre publication, ce mot-valise permet de","breadcrumb":{"@id":"https:\/\/www.redacteur.com\/blog\/le-bashtagging-bad-buzz-pour-les-marques\/#breadcrumb"},"inLanguage":"fr-FR","potentialAction":[{"@type":"ReadAction","target":["https:\/\/www.redacteur.com\/blog\/le-bashtagging-bad-buzz-pour-les-marques\/"]}]},{"@type":"ImageObject","inLanguage":"fr-FR","@id":"https:\/\/www.redacteur.com\/blog\/le-bashtagging-bad-buzz-pour-les-marques\/#primaryimage","url":"https:\/\/www.redacteur.com\/blog\/wp-content\/uploads\/sites\/6\/2020\/07\/redacteur-blog-img-une-erreurs-bashtag-hashtag-social-media.jpg","contentUrl":"https:\/\/www.redacteur.com\/blog\/wp-content\/uploads\/sites\/6\/2020\/07\/redacteur-blog-img-une-erreurs-bashtag-hashtag-social-media.jpg","width":850,"height":600,"caption":"hashtag bashtag"},{"@type":"BreadcrumbList","@id":"https:\/\/www.redacteur.com\/blog\/le-bashtagging-bad-buzz-pour-les-marques\/#breadcrumb","itemListElement":[{"@type":"ListItem","position":1,"name":"Blog","item":"https:\/\/www.redacteur.com\/blog\/"},{"@type":"ListItem","position":2,"name":"Content marketing","item":"https:\/\/www.redacteur.com\/blog\/contenu-web\/"},{"@type":"ListItem","position":3,"name":"R\u00e9seaux sociaux","item":"https:\/\/www.redacteur.com\/blog\/contenu-web\/reseaux-sociaux\/"},{"@type":"ListItem","position":4,"name":"Social Media : 5 erreurs \u00e0 ne pas faire sur vos hashtags"}]},{"@type":"WebSite","@id":"https:\/\/www.redacteur.com\/blog\/#website","url":"https:\/\/www.redacteur.com\/blog\/","name":"Redacteur.com","description":"redacteur","publisher":{"@id":"https:\/\/www.redacteur.com\/blog\/#organization"},"potentialAction":[{"@type":"SearchAction","target":{"@type":"EntryPoint","urlTemplate":"https:\/\/www.redacteur.com\/blog\/?s={search_term_string}"},"query-input":{"@type":"PropertyValueSpecification","valueRequired":true,"valueName":"search_term_string"}}],"inLanguage":"fr-FR"},{"@type":"Organization","@id":"https:\/\/www.redacteur.com\/blog\/#organization","name":"Redacteur.com","url":"https:\/\/www.redacteur.com\/blog\/","logo":{"@type":"ImageObject","inLanguage":"fr-FR","@id":"https:\/\/www.redacteur.com\/blog\/#\/schema\/logo\/image\/","url":"https:\/\/www.redacteur.com\/blog\/wp-content\/uploads\/sites\/6\/2022\/10\/logo-redacteur-blog.svg","contentUrl":"https:\/\/www.redacteur.com\/blog\/wp-content\/uploads\/sites\/6\/2022\/10\/logo-redacteur-blog.svg","width":1,"height":1,"caption":"Redacteur.com"},"image":{"@id":"https:\/\/www.redacteur.com\/blog\/#\/schema\/logo\/image\/"},"sameAs":["https:\/\/www.facebook.com\/redacteurcom","https:\/\/x.com\/Redacteurcom","https:\/\/www.linkedin.com\/company\/redacteur-com","https:\/\/www.youtube.com\/channel\/UCgj9ySM9xy3gdL8qBafl9Uw\/"]},{"@type":"Person","@id":"https:\/\/www.redacteur.com\/blog\/#\/schema\/person\/33c0ef04707fbe50a096f282050bb5f2","name":"Laura Michaud","image":{"@type":"ImageObject","inLanguage":"fr-FR","@id":"https:\/\/www.redacteur.com\/blog\/#\/schema\/person\/image\/","url":"https:\/\/secure.gravatar.com\/avatar\/c3328cc0c887f98cec6b2979af3311ab6333fc7cc2d4847514cfec6a56fa08a7?s=96&d=mm&r=g","contentUrl":"https:\/\/secure.gravatar.com\/avatar\/c3328cc0c887f98cec6b2979af3311ab6333fc7cc2d4847514cfec6a56fa08a7?s=96&d=mm&r=g","caption":"Laura Michaud"},"description":"Laura connait tous les meilleurs outils pour g\u00e9rer des projets et une entreprise. Cr\u00e9ative, c'est aussi une sp\u00e9cialiste des outils de cr\u00e9ation graphique pour faire briller une entreprise.","sameAs":["https:\/\/www.linkedin.com\/in\/michaudlaura\/"],"url":"https:\/\/www.redacteur.com\/blog\/author\/laura\/"}]}},"_links":{"self":[{"href":"https:\/\/www.redacteur.com\/blog\/wp-json\/wp\/v2\/posts\/21301","targetHints":{"allow":["GET"]}}],"collection":[{"href":"https:\/\/www.redacteur.com\/blog\/wp-json\/wp\/v2\/posts"}],"about":[{"href":"https:\/\/www.redacteur.com\/blog\/wp-json\/wp\/v2\/types\/post"}],"author":[{"embeddable":true,"href":"https:\/\/www.redacteur.com\/blog\/wp-json\/wp\/v2\/users\/1"}],"replies":[{"embeddable":true,"href":"https:\/\/www.redacteur.com\/blog\/wp-json\/wp\/v2\/comments?post=21301"}],"version-history":[{"count":0,"href":"https:\/\/www.redacteur.com\/blog\/wp-json\/wp\/v2\/posts\/21301\/revisions"}],"wp:featuredmedia":[{"embeddable":true,"href":"https:\/\/www.redacteur.com\/blog\/wp-json\/wp\/v2\/media\/21308"}],"wp:attachment":[{"href":"https:\/\/www.redacteur.com\/blog\/wp-json\/wp\/v2\/media?parent=21301"}],"wp:term":[{"taxonomy":"category","embeddable":true,"href":"https:\/\/www.redacteur.com\/blog\/wp-json\/wp\/v2\/categories?post=21301"},{"taxonomy":"post_tag","embeddable":true,"href":"https:\/\/www.redacteur.com\/blog\/wp-json\/wp\/v2\/tags?post=21301"}],"curies":[{"name":"wp","href":"https:\/\/api.w.org\/{rel}","templated":true}]}}