{"id":21673,"date":"2025-10-15T14:00:00","date_gmt":"2025-10-15T12:00:00","guid":{"rendered":"https:\/\/www.redacteur.com\/blog\/?p=21673"},"modified":"2025-10-15T14:00:02","modified_gmt":"2025-10-15T12:00:02","slug":"comment-rediger-un-memoire","status":"publish","type":"post","link":"https:\/\/www.redacteur.com\/blog\/comment-rediger-un-memoire\/","title":{"rendered":"Comment r\u00e9diger un m\u00e9moire\u00a0?"},"content":{"rendered":"\n<p>Vous devez <strong>r\u00e9diger un m\u00e9moire<\/strong> et ne savez pas par o\u00f9 commencer&nbsp;? Rassurez-vous, c\u2019est un d\u00e9fi que tous les \u00e9tudiants doivent relever, mais avec une bonne m\u00e9thode, tout devient plus simple.<\/p>\n\n\n\n<p>Quel que soit l\u2019objectif ou la formation, les \u00e9tapes \u00e0 respecter pour <strong>faire un m\u00e9moire<\/strong> restent toujours les m\u00eames.<\/p>\n\n\n\n<p>Pour faciliter votre travail et \u00e9viter toute panique inutile, nous vous d\u00e9voilons en quelques points une m\u00e9thode \u00e0 suivre pour&nbsp;<strong>r\u00e9diger votre m\u00e9moire <\/strong>ainsi que les diff\u00e9rents types de m\u00e9moire. D\u00e9couvrez dans cet article nos <strong>conseils pour r\u00e9diger un m\u00e9moire<\/strong>.<\/p>\n\n\n\n<h2 class=\"wp-block-heading\">M\u00e9thodes \u00e0 suivre pour r\u00e9diger votre m\u00e9moire<\/h2>\n\n\n\n<h3 class=\"wp-block-heading\">1. D\u00e9finissez, au pr\u00e9alable, un projet de recherche<\/h3>\n\n\n\n<p>Un m\u00e9moire a pour principal objectif de valoriser votre expertise dans un domaine donn\u00e9 ou d\u2019analyser&nbsp;<strong>une probl\u00e9matique.<\/strong><\/p>\n\n\n<div class=\"wp-block-image\">\n<figure class=\"aligncenter\"><img decoding=\"async\" width=\"626\" height=\"369\" src=\"https:\/\/www.redacteur.com\/blog\/wp-content\/uploads\/sites\/6\/2020\/07\/rediger-memoire-etudiant.jpg\" alt=\"r\u00e9diger un m\u00e9moire \u00e9tudiant\" class=\"wp-image-21677\" srcset=\"https:\/\/www.redacteur.com\/blog\/wp-content\/uploads\/sites\/6\/2020\/07\/rediger-memoire-etudiant.jpg 626w, https:\/\/www.redacteur.com\/blog\/wp-content\/uploads\/sites\/6\/2020\/07\/rediger-memoire-etudiant-300x177.jpg 300w, https:\/\/www.redacteur.com\/blog\/wp-content\/uploads\/sites\/6\/2020\/07\/rediger-memoire-etudiant-60x35.jpg 60w, https:\/\/www.redacteur.com\/blog\/wp-content\/uploads\/sites\/6\/2020\/07\/rediger-memoire-etudiant-370x218.jpg 370w, https:\/\/www.redacteur.com\/blog\/wp-content\/uploads\/sites\/6\/2020\/07\/rediger-memoire-etudiant-270x159.jpg 270w, https:\/\/www.redacteur.com\/blog\/wp-content\/uploads\/sites\/6\/2020\/07\/rediger-memoire-etudiant-570x336.jpg 570w\" sizes=\"(max-width: 626px) 100vw, 626px\" \/><\/figure><\/div>\n\n\n<p>Vous allez \u00eatre jug\u00e9 sur le fond aussi bien que sur la forme de celui-ci. Pour ce faire, d\u00e9finissez le type de m\u00e9moire \u00e0 r\u00e9aliser&nbsp;pour utiliser la m\u00e9thode de recherche appropri\u00e9e&nbsp;: m\u00e9moire de recherche, m\u00e9moire universitaire, m\u00e9moire de fin d\u2019\u00e9tudes, m\u00e9moire de master, etc.<\/p>\n\n\n\n<p>Au pr\u00e9alable, \u00e9tablissez un projet de recherche en vous posant les bonnes questions&nbsp;:<\/p>\n\n\n\n<ul class=\"wp-block-list\">\n<li>Relisez les consignes et les m\u00e9thodes de recherche \u00e0 utiliser,<\/li>\n\n\n\n<li>D\u00e9finissez pr\u00e9cis\u00e9ment un sujet qui vous int\u00e9resse en vous demandant si celui-ci est r\u00e9alisable,<\/li>\n\n\n\n<li>Collectez des donn\u00e9es en amont gr\u00e2ce \u00e0 vos recherches (sur le terrain et\/ou documentaires),<\/li>\n\n\n\n<li>Analysez-les pour concevoir votre question centrale de recherche.<\/li>\n<\/ul>\n\n\n\n<blockquote class=\"wp-block-quote is-layout-flow wp-block-quote-is-layout-flow\">\n<p>\u00c9vitez de stresser&nbsp;! \u00c9tablissez <a href=\"https:\/\/www.redacteur.com\/blog\/contenu-calendrier-editorial\/\" target=\"_blank\" rel=\"noopener noreferrer\"><strong>un calendrier<\/strong><\/a> de travail pour planifier les futures \u00e9tapes de r\u00e9daction.<\/p>\n<\/blockquote>\n\n\n\n<blockquote class=\"wp-block-quote is-layout-flow wp-block-quote-is-layout-flow\">\n<p>\u00c0 lire aussi&nbsp;: <a href=\"https:\/\/www.redacteur.com\/blog\/tarif-retranscription-audio-video\/\">Combien co\u00fbte une retranscription audio ou vid\u00e9o&nbsp;?<\/a><\/p>\n<\/blockquote>\n\n\n\n<h3 class=\"wp-block-heading\">2. Les \u00e9tapes \u00e0 suivre pour r\u00e9diger votre m\u00e9moire<\/h3>\n\n\n<div class=\"wp-block-image\">\n<figure class=\"aligncenter\"><img decoding=\"async\" width=\"626\" height=\"417\" src=\"https:\/\/www.redacteur.com\/blog\/wp-content\/uploads\/sites\/6\/2020\/07\/rediger-memoire-facilement-how.jpg\" alt=\"r\u00e9daction m\u00e9moire\" class=\"wp-image-21678\" srcset=\"https:\/\/www.redacteur.com\/blog\/wp-content\/uploads\/sites\/6\/2020\/07\/rediger-memoire-facilement-how.jpg 626w, https:\/\/www.redacteur.com\/blog\/wp-content\/uploads\/sites\/6\/2020\/07\/rediger-memoire-facilement-how-300x200.jpg 300w, https:\/\/www.redacteur.com\/blog\/wp-content\/uploads\/sites\/6\/2020\/07\/rediger-memoire-facilement-how-60x40.jpg 60w, https:\/\/www.redacteur.com\/blog\/wp-content\/uploads\/sites\/6\/2020\/07\/rediger-memoire-facilement-how-370x246.jpg 370w, https:\/\/www.redacteur.com\/blog\/wp-content\/uploads\/sites\/6\/2020\/07\/rediger-memoire-facilement-how-270x180.jpg 270w, https:\/\/www.redacteur.com\/blog\/wp-content\/uploads\/sites\/6\/2020\/07\/rediger-memoire-facilement-how-570x380.jpg 570w\" sizes=\"(max-width: 626px) 100vw, 626px\" \/><\/figure><\/div>\n\n\n<h4 class=\"wp-block-heading\"><strong>Trouver une probl\u00e9matique sp\u00e9cifique<\/strong><\/h4>\n\n\n\n<p>La formulation d\u2019une bonne probl\u00e9matique est la base de l\u2019\u00e9laboration de votre m\u00e9moire&nbsp;! Trouvez le probl\u00e8me principal que soul\u00e8ve votre sujet et r\u00e9digez-le sous la forme affirmative. Ensuite, vous pourrez \u00e9laborer la question centrale de recherche qui est la suite logique de votre probl\u00e9matique.<\/p>\n\n\n\n<p>Votre m\u00e9moire devra y r\u00e9pondre en confirmant ou en infirmant des hypoth\u00e8ses ou des th\u00e9ories. Cette \u00e9tape est importante, car c\u2019est elle qui structure votre plan et votre d\u00e9veloppement.<\/p>\n\n\n\n<blockquote class=\"wp-block-quote is-layout-flow wp-block-quote-is-layout-flow\">\n<p><strong>Notre conseil<\/strong>&nbsp;: Choisissez une probl\u00e9matique \u00e0 la fois claire, r\u00e9alisable et stimulante. Inspirez-vous de vos lectures et de l\u2019actualit\u00e9 pour rep\u00e9rer une question encore d\u00e9battue. \u00c9vitez les sujets trop vastes ou trop simples, et assurez-vous qu\u2019il existe <strong>des sources fiables et r\u00e9centes<\/strong> pour \u00e9tayer votre r\u00e9flexion.<\/p>\n<\/blockquote>\n\n\n\n<h4 class=\"wp-block-heading\">\u00c9laborer le plan de m\u00e9moire<\/h4>\n\n\n\n<p><strong>Comment \u00e9laborer un plan de m\u00e9moire&nbsp;? <\/strong>Le plan compos\u00e9 de titre et de sous-titre sera la \u00ab colonne vert\u00e9brale \u00bb de votre m\u00e9moire. Chaque partie est \u00e9quilibr\u00e9e et met en exergue des sous-questions de recherche qui permettront de r\u00e9pondre, au final, \u00e0 votre question centrale de recherche. Ce d\u00e9roul\u00e9 doit \u00eatre fluide, argument\u00e9 et logique tout en \u00e9vitant les hors sujets&nbsp;!<\/p>\n\n\n\n<blockquote class=\"wp-block-quote is-layout-flow wp-block-quote-is-layout-flow\">\n<p>\u00c0 lire aussi&nbsp;: <a href=\"https:\/\/www.redacteur.com\/blog\/comment-rediger-un-texte-pour-une-revue-scientifique%e2%80%89\/\">Comment r\u00e9diger un texte pour une revue scientifique&nbsp;?<\/a><\/p>\n<\/blockquote>\n\n\n\n<h4 class=\"wp-block-heading\">\u00c9crire m\u00e9thodiquement une introduction<\/h4>\n\n\n\n<p>Point de d\u00e9part de votre m\u00e9moire, il s\u2019agit de ne pas rater l\u2019introduction. Celle-ci doit introduire clairement le sujet, pr\u00e9senter votre m\u00e9thode et d\u00e9finir les termes principaux utilis\u00e9s durant votre d\u00e9veloppement. Elle annonce aussi la probl\u00e9matique et doit d\u00e9rouler<strong>&nbsp;le plan.<\/strong><\/p>\n\n\n\n<blockquote class=\"wp-block-quote is-layout-flow wp-block-quote-is-layout-flow\">\n<p><strong>Notre conseil<\/strong>&nbsp;: Il est parfois conseill\u00e9 d&#8217;\u00e9crire l&#8217;introduction apr\u00e8s avoir r\u00e9dig\u00e9 le m\u00e9moire. Vous disposez ainsi d&#8217;une meilleure vue d&#8217;ensemble du travail et l&#8217;introduction est plus pertinente.<\/p>\n<\/blockquote>\n\n\n\n<h4 class=\"wp-block-heading\">R\u00e9diger le d\u00e9veloppement<\/h4>\n\n\n\n<p>M\u00ealant th\u00e9orie et pratique, votre d\u00e9veloppement permet de comprendre les th\u00e9ories et les concepts cl\u00e9s en lien avec votre sujet tout en prenant connaissance de vos diff\u00e9rentes recherches effectu\u00e9es sur le terrain ou documentaires. L\u2019aspect empirique de votre travail permet de nourrir la r\u00e9ponse \u00e0 votre probl\u00e9matique, il s\u2019agit donc de bien analyser vos observations, entretiens ou questionnaires.<\/p>\n\n\n\n<blockquote class=\"wp-block-quote is-layout-flow wp-block-quote-is-layout-flow\">\n<p>La r\u00e9daction des id\u00e9es et des hypoth\u00e8ses doit faire entre <strong>60 et 100 pages.<\/strong><\/p>\n<\/blockquote>\n\n\n\n<h4 class=\"wp-block-heading\">Formuler une conclusion pertinente<\/h4>\n\n\n\n<p>En reprenant les points essentiels de votre d\u00e9veloppement, la conclusion se construit en r\u00e9ponse \u00e0 la question centrale de recherche \u00e9nonc\u00e9e en introduction. Elle doit \u00eatre r\u00e9dig\u00e9e au pr\u00e9sent pour les faits et au pass\u00e9 pour les actions effectu\u00e9es, et ne doit pas d\u00e9passer entre 200 et 400 mots.<\/p>\n\n\n\n<p>Tout comme votre introduction,<strong> soignez votre <a href=\"https:\/\/www.redacteur.com\/blog\/redaction-web-5-astuces-conclusion-reussie\/\" target=\"_blank\" rel=\"noopener noreferrer\">conclusion<\/a><\/strong>. Certains lecteurs ne liront que ces deux parties de votre m\u00e9moire pour se faire une opinion de votre travail.<\/p>\n\n\n\n<h4 class=\"wp-block-heading\">Choisir un titre percutant<\/h4>\n\n\n\n<p>Le choix du <a href=\"https:\/\/www.redacteur.com\/blog\/generateur-de-titre-blog\/\" target=\"_blank\" rel=\"noopener noreferrer\">titre<\/a> peut se faire \u00e0 la fin de la r\u00e9daction du m\u00e9moire. Veillez \u00e0 ce qu\u2019il soit assez accrocheur pour retenir l\u2019attention de vos lecteurs.<\/p>\n\n\n\n<blockquote class=\"wp-block-quote is-layout-flow wp-block-quote-is-layout-flow\">\n<p>\u00c0 lire aussi&nbsp;:&nbsp;<a href=\"https:\/\/www.redacteur.com\/blog\/comment-rediger-votre-future-plaquette-commerciale\/\">Comment r\u00e9diger votre future plaquette commerciale&nbsp;?<\/a><\/p>\n<\/blockquote>\n\n\n\n<h3 class=\"wp-block-heading\">3. Soignez la forme de votre m\u00e9moire<\/h3>\n\n\n\n<p>La mise en page est aussi importante que la r\u00e9daction de votre contenu principal.<\/p>\n\n\n<div class=\"wp-block-image\">\n<figure class=\"aligncenter\"><img decoding=\"async\" width=\"626\" height=\"448\" src=\"https:\/\/www.redacteur.com\/blog\/wp-content\/uploads\/sites\/6\/2020\/07\/writing-content-paper-document-online-website_212005-12.jpg\" alt=\"r\u00e9diger un m\u00e9moire\" class=\"wp-image-21679\" srcset=\"https:\/\/www.redacteur.com\/blog\/wp-content\/uploads\/sites\/6\/2020\/07\/writing-content-paper-document-online-website_212005-12.jpg 626w, https:\/\/www.redacteur.com\/blog\/wp-content\/uploads\/sites\/6\/2020\/07\/writing-content-paper-document-online-website_212005-12-300x215.jpg 300w, https:\/\/www.redacteur.com\/blog\/wp-content\/uploads\/sites\/6\/2020\/07\/writing-content-paper-document-online-website_212005-12-60x43.jpg 60w, https:\/\/www.redacteur.com\/blog\/wp-content\/uploads\/sites\/6\/2020\/07\/writing-content-paper-document-online-website_212005-12-370x265.jpg 370w, https:\/\/www.redacteur.com\/blog\/wp-content\/uploads\/sites\/6\/2020\/07\/writing-content-paper-document-online-website_212005-12-270x193.jpg 270w, https:\/\/www.redacteur.com\/blog\/wp-content\/uploads\/sites\/6\/2020\/07\/writing-content-paper-document-online-website_212005-12-570x408.jpg 570w\" sizes=\"(max-width: 626px) 100vw, 626px\" \/><\/figure><\/div>\n\n\n<p>Pour un m\u00e9moire compr\u00e9hensible et logique, n\u2019oubliez pas de soigner&nbsp;:<\/p>\n\n\n\n<ul class=\"wp-block-list\">\n<li><strong>La couverture\u00a0:<\/strong> choisissez une forme sobre en lien avec votre sujet.<\/li>\n\n\n\n<li><strong>La page de garde\u00a0:<\/strong> pr\u00e9sente les informations principales pour identifier le sujet de votre m\u00e9moire.<\/li>\n\n\n\n<li><strong>Le sommaire\u00a0:<\/strong> gr\u00e2ce aux titres et \u00e0 la num\u00e9rotation des diff\u00e9rents chapitres et des pages, le lecteur visualise l\u2019ensemble de votre m\u00e9moire.<\/li>\n\n\n\n<li><strong>La pr\u00e9face\u00a0:<\/strong> plac\u00e9e avant l\u2019introduction, elle permet de mettre une petite touche personnelle \u00e0 votre travail.<\/li>\n\n\n\n<li><strong>Les remerciements\u00a0:<\/strong> permettent de remercier ceux qui vous ont aid\u00e9 dans la r\u00e9alisation de ce long travail (professeurs, amis, coll\u00e8gues ou sp\u00e9cialistes de votre domaine).<\/li>\n\n\n\n<li><strong>Le r\u00e9sum\u00e9\u00a0:<\/strong> synth\u00e9tise l\u2019objectif du m\u00e9moire avec les informations principales.<\/li>\n\n\n\n<li><strong>La bibliographie\u00a0:<\/strong> organisez la bibliographie par ordre alphab\u00e9tique selon le nom de l\u2019auteur, v\u00e9rifiez son orthographe, date de publication, maison d\u2019\u00e9dition.<\/li>\n\n\n\n<li><strong>Les annexes\u00a0:<\/strong> ajoutez les documents que vous avez utilis\u00e9s pour \u00e9laborer votre m\u00e9moire. Cela permet aux lecteurs de comprendre votre d\u00e9marche.<\/li>\n<\/ul>\n\n\n\n<p>De plus, pour la mise en page de votre m\u00e9moire, il existe des conventions \u00e0 suivre obligatoirement&nbsp;:<\/p>\n\n\n\n<ul class=\"wp-block-list\">\n<li>Le choix de la police\u00a0: times New <a href=\"https:\/\/www.redacteur.com\/blog\/cles-rediger-premier-roman\/\">Roman<\/a>, taille 12, interligne 1, (ou double),<\/li>\n\n\n\n<li>Texte justifi\u00e9,<\/li>\n\n\n\n<li>Alin\u00e9a\/indentation en d\u00e9but de paragraphe,<\/li>\n\n\n\n<li>Notes en bas de page,<\/li>\n\n\n\n<li>R\u00e9daction en recto de feuille seulement,<\/li>\n\n\n\n<li>Num\u00e9rotation des pages,<\/li>\n\n\n\n<li>Liste des abr\u00e9viations,<\/li>\n\n\n\n<li>Liste des tableaux et figures,<\/li>\n\n\n\n<li><a href=\"https:\/\/www.redacteur.com\/blog\/glossaire-referencement-termes-a-connaitre\/\" target=\"_blank\" rel=\"noopener noreferrer\">Le glossaire<\/a>,<\/li>\n\n\n\n<li>Les recommandations,<\/li>\n\n\n\n<li>Citations r\u00e9f\u00e9renc\u00e9es.<\/li>\n<\/ul>\n\n\n\n<blockquote class=\"wp-block-quote is-layout-flow wp-block-quote-is-layout-flow\">\n<p><strong>Notre conseil<\/strong>&nbsp;: Pensez \u00e0 vous r\u00e9f\u00e9rer au vade-mecum fourni par votre \u00e9tablissement pour \u00eatre certain de respecter les normes impos\u00e9es (longueur, forme, sujet&#8230;), qui peuvent parfois varier selon les formations.<\/p>\n<\/blockquote>\n\n\n\n<h2 class=\"wp-block-heading\">Types de m\u00e9moire<\/h2>\n\n\n\n<p><strong>Comment faire un m\u00e9moire<\/strong>&nbsp;? Il existe plusieurs types de m\u00e9moire en fonction du niveau d\u2019\u00e9tudes ou de la formation. Les m\u00e9thodes de r\u00e9daction, les r\u00e8gles et les conventions varient selon le type de m\u00e9moire.<\/p>\n\n\n\n<h3 class=\"wp-block-heading\">1. M\u00e9moire professionnel<\/h3>\n\n\n\n<p>Le <strong><a href=\"https:\/\/yohanpagnoux.fr\/comment-redige-t-on-un-memoire-professionnel-pour-valider-son-master%E2%80%89\/\">m\u00e9moire professionnel<\/a><\/strong> est ax\u00e9 vers la pratique, plut\u00f4t que vers la th\u00e9orie. Au cours d\u2019un stage, l\u2019\u00e9tudiant r\u00e9dige son m\u00e9moire sur l\u2019exp\u00e9rience professionnelle qu\u2019il a acquise. Le m\u00e9moire professionnel peut \u00eatre un m\u00e9moire de stage ou un m\u00e9moire de fin d\u2019\u00e9tudes.<\/p>\n\n\n\n<h3 class=\"wp-block-heading\"><strong>2. M\u00e9moire de stage <\/strong><\/h3>\n\n\n\n<p>Suite \u00e0 un stage en entreprise, le<strong> <a href=\"https:\/\/www.corep.fr\/le-guide-du-memoire\/les-types-de-memoire\/memoire-de-stage\/#:~:text=Le%20m%C3%A9moire%20de%20stage%20est%20un%20document%20%C3%A9crit%20%C3%A0%20la,au%20sein%20d'une%20%C3%A9quipe.\">m\u00e9moire de stage<\/a> <\/strong>reprend les activit\u00e9s r\u00e9alis\u00e9es et les exp\u00e9riences re\u00e7ues par le concern\u00e9 au cours de son stage. Plus explicite que le rapport de stage, le m\u00e9moire de stage permet de montrer la capacit\u00e9 d\u2019analyse de l\u2019\u00e9tudiant sur une probl\u00e9matique rencontr\u00e9e.<\/p>\n\n\n\n<h3 class=\"wp-block-heading\"><strong>3. M\u00e9moire de fin d\u2019\u00e9tudes<\/strong><\/h3>\n\n\n\n<p>\u00c0 la fin d\u2019\u00e9tudes sup\u00e9rieures, l\u2019\u00e9tudiant est amen\u00e9 \u00e0 effectuer un stage en entreprise pour pratiquer les th\u00e9ories re\u00e7ues \u00e0 l\u2019universit\u00e9. La r\u00e9flexion est mise en exergue plut\u00f4t que la recherche sur un sujet. L\u2019\u00e9tudiant doit d\u00e9montrer sa capacit\u00e9 de r\u00e9flexion, ainsi que sa ma\u00eetrise et ses connaissances sur le sujet.<\/p>\n\n\n\n<p>Le <strong>m\u00e9moire de Licence<\/strong>, effectu\u00e9 apr\u00e8s un Bac +3 est ax\u00e9 sur les recherches th\u00e9oriques et la contribution personnelle de l\u2019\u00e9tudiant pour r\u00e9soudre une probl\u00e9matique.<\/p>\n\n\n\n<p>Le m\u00e9moire de fin d\u2019\u00e9tudes en Master ou <strong>m\u00e9moire de master <\/strong>apr\u00e8s un bac +5 est plus orient\u00e9 sur la recherche ainsi que les \u00e9tudes qualitatives et les donn\u00e9es quantitatives. Il fait l\u2019objet d\u2019une recherche approfondie pour \u00e9valuer l\u2019esprit critique de l\u2019\u00e9tudiant.<\/p>\n\n\n\n<blockquote class=\"wp-block-quote is-layout-flow wp-block-quote-is-layout-flow\">\n<p>N\u2019oubliez surtout pas de faire relire votre m\u00e9moire pour <a href=\"https:\/\/www.redacteur.com\/blog\/7-fautes-orthographe\/\" target=\"_blank\" rel=\"noopener noreferrer\">bannir fautes orthographiques et grammaticales<\/a>&nbsp;!<\/p>\n<\/blockquote>\n\n\n\n<h3 class=\"wp-block-heading\"><strong>4. M\u00e9moire de recherche <\/strong><\/h3>\n\n\n\n<p>Aussi appel\u00e9 <strong>m\u00e9moire de doctorat<\/strong> ou <strong>th\u00e8se<\/strong>, ce m\u00e9moire est pratiquement un travail personnel effectu\u00e9 par l\u2019\u00e9tudiant. La d\u00e9marche de r\u00e9daction est g\u00e9n\u00e9ralement scientifique&nbsp;: l\u2019\u00e9tudiant doit pr\u00e9senter des th\u00e9ories ou des hypoth\u00e8ses et les d\u00e9montrer pour pouvoir en faire une conclusion.<\/p>\n\n\n\n<p><strong>Comment \u00e9crire un m\u00e9moire de recherche<\/strong><\/p>\n\n\n\n<p>Le <strong><a href=\"https:\/\/www.scriptor.fr\/boite-outils\/formaliser\/methodologie-du-memoire-de-recherche\">m\u00e9moire de recherche<\/a> <\/strong>doit contenir les objectifs du sujet de recherche, les d\u00e9marches scientifiques, notamment la probl\u00e9matique, le champ d\u2019\u00e9tudes et les hypoth\u00e8ses. Il est important d\u2019\u00e9laborer un plan de recherche divis\u00e9 en diff\u00e9rentes parties et sous-parties.<\/p>\n\n\n\n<h3 class=\"wp-block-heading\"><strong>5. M\u00e9moire de droit <\/strong><\/h3>\n\n\n\n<p>Le <strong>m\u00e9moire de droit <\/strong>consiste \u00e0 \u00e9valuer les connaissances de l\u2019\u00e9tudiant en termes de ressources l\u00e9gales et juridiques. L\u2019\u00e9tudiant doit mener un raisonnement juridique sur un sujet de droit.<\/p>\n\n\n\n<blockquote class=\"wp-block-quote is-layout-flow wp-block-quote-is-layout-flow\">\n<p>\u00c0 lire aussi&nbsp;: <a href=\"https:\/\/www.redacteur.com\/blog\/7-correcteurs-orthographiques-performants-en-ligne\/\">6 correcteurs orthographiques performants en ligne<\/a><\/p>\n<\/blockquote>\n\n\n\n<h2 class=\"wp-block-heading\">Comment r\u00e9diger un r\u00e9sum\u00e9 de m\u00e9moire&nbsp;?<\/h2>\n\n\n\n<p>La mani\u00e8re d\u2019<strong>introduire un m\u00e9moire <\/strong>est tr\u00e8s importante parce que le lecteur doit directement comprendre votre m\u00e9moire sans m\u00eame continuer de le lire. Vous devez attirer l\u2019attention du lecteur en choisissant bien votre accroche. Cette <strong>accroche<\/strong> peut \u00eatre une citation, une actualit\u00e9, une statistique ou une observation en relation avec le th\u00e8me de votre m\u00e9moire.<\/p>\n\n\n\n<h3 class=\"wp-block-heading\">Description du r\u00e9sum\u00e9 de m\u00e9moire<\/h3>\n\n\n\n<p>Le <strong>r\u00e9sum\u00e9 de m\u00e9moire<\/strong>, aussi appel\u00e9 \u00ab&nbsp;abstract&nbsp;\u00bb en anglais est indispensable puisqu\u2019il donne un premier aper\u00e7u du m\u00e9moire au lecteur, c\u2019est un extrait de votre m\u00e9moire. En lisant le r\u00e9sum\u00e9 de m\u00e9moire, le lecteur appr\u00e9ciera sommairement le contenu du m\u00e9moire. En effet, le r\u00e9sum\u00e9 de m\u00e9moire doit \u00eatre accrocheur pour inciter le lecteur \u00e0 lire la suite du m\u00e9moire. Des r\u00e8gles d\u2019\u00e9critures en mati\u00e8re de forme et de fond doivent \u00eatre respect\u00e9es pour \u00e9crire le r\u00e9sum\u00e9.<\/p>\n\n\n\n<h3 class=\"wp-block-heading\">Forme du r\u00e9sum\u00e9 du m\u00e9moire<\/h3>\n\n\n\n<p>Pour faciliter la lecture, le r\u00e9sum\u00e9 de m\u00e9moire ne doit g\u00e9n\u00e9ralement pas d\u00e9passer une page A4. Il est donc important de choisir les bons mots pour que les phrases soient claires et concises. Si l\u2019utilisation des acronymes ou des abr\u00e9viations est n\u00e9cessaire, il serait judicieux d\u2019expliquer leurs significations. Il est recommand\u00e9 de r\u00e9diger le r\u00e9sum\u00e9 de m\u00e9moire au pr\u00e9sent simple.<\/p>\n\n\n\n<p>Il doit \u00eatre plac\u00e9 entre la pr\u00e9face ou les remerciements et la table des mati\u00e8res ou le sommaire.<\/p>\n\n\n\n<h3 class=\"wp-block-heading\">Contenu du r\u00e9sum\u00e9 de m\u00e9moire<\/h3>\n\n\n\n<p>Pour que le lecteur poursuive sa lecture, le r\u00e9sum\u00e9 de m\u00e9moire doit \u00eatre bien r\u00e9dig\u00e9, le contenu doit donc l\u2019int\u00e9resser. Le r\u00e9sum\u00e9 de m\u00e9moire doit \u00e9voquer les raisons pour lesquelles le lecteur devrait lire le m\u00e9moire et contenir les informations suivantes&nbsp;:<\/p>\n\n\n\n<h4 class=\"wp-block-heading\"><strong>1. La probl\u00e9matique et le domaine d\u2019\u00e9tude<\/strong><\/h4>\n\n\n\n<p>Le premier paragraphe doit indiquer la probl\u00e9matique, exposer l\u2019objectif, indiquer l\u2019\u00e9nonc\u00e9 du probl\u00e8me \u00e0 r\u00e9soudre et mentionner les questions de recherche. La probl\u00e9matique est l\u2019angle d\u2019attaque du sujet.<\/p>\n\n\n\n<h4 class=\"wp-block-heading\"><strong>2. L\u2019approche m\u00e9thodologique de recherche<\/strong><\/h4>\n\n\n\n<p>Le deuxi\u00e8me paragraphe introduit les d\u00e9marches m\u00e9thodologiques et les approches utilis\u00e9es pour mener le travail de recherche. Il s\u2019agit des strat\u00e9gies adopt\u00e9es pour la collecte d\u2019informations, notamment les observations, les entretiens, les questionnaires, les \u00e9tudes de march\u00e9 et les diverses documentations.<\/p>\n\n\n\n<h4 class=\"wp-block-heading\"><strong>3. Les principaux r\u00e9sultats<\/strong><\/h4>\n\n\n\n<p>Ce paragraphe synth\u00e9tise les r\u00e9sultats obtenus et apporte une r\u00e9ponse \u00e0 la probl\u00e9matique pos\u00e9e.<\/p>\n\n\n\n<h4 class=\"wp-block-heading\"><strong>4. Les recommandations<\/strong><\/h4>\n\n\n\n<p>Apr\u00e8s avoir \u00e9voqu\u00e9 les points cl\u00e9s du m\u00e9moire, l\u2019auteur est tenu de pr\u00e9senter ses recommandations pour r\u00e9soudre la probl\u00e9matique.<\/p>\n\n\n\n<h2 class=\"wp-block-heading\">Notre astuce pour r\u00e9diger un m\u00e9moire<\/h2>\n\n\n\n<p>Pour r\u00e9ussir la r\u00e9daction de votre m\u00e9moire, vous devez r\u00e9pondre \u00e0 la probl\u00e9matique, citer toutes les sources et \u00e9viter les plagiats. Le m\u00e9moire est un travail strictement personnel, il d\u00e9montre la qualit\u00e9 de votre travail.<\/p>\n\n\n\n<p>Sur le fond, veillez \u00e0 mener des analyses bien structur\u00e9es pour en tirer des conclusions pertinentes. Une bonne r\u00e9flexion et des connaissances acad\u00e9miques vous aideront dans la r\u00e9daction de votre m\u00e9moire. Sur la forme, essayez de personnaliser votre \u00e9crit en vous inspirant des affirmations ou des citations des experts dans le sujet. Cela permettra d\u2019augmenter la cr\u00e9dibilit\u00e9 de vos propos. N&#8217;oubliez pas de vous relire et de corriger les fautes.<\/p>\n\n\n\n<p>Jetez un coup d\u2019\u0153il \u00e0 nos prestations sur le site de <a href=\"https:\/\/www.google.com\/search?q=redacteur.com&amp;sxsrf=ALiCzsZcqimQUMZ0Ur0vGX39Vf-D2g8UrQ%3A1651735881526&amp;source=hp&amp;ei=SX1zYuC1HsyJ8gLy5oqwDw&amp;iflsig=AJiK0e8AAAAAYnOLWTqIFhtQs_q9iqceLjTkTnmyEfdW&amp;oq=redacte&amp;gs_lcp=Cgdnd3Mtd2l6EAMYADIECCMQJzIECCMQJzIFCAAQywEyBQgAEMsBMgUIABDLATIFCAAQywEyBQgAEMsBMgUIABDLATIFCAAQywEyBQgAEMsBOgsILhDHARDRAxCRAjoFCAAQkQI6BQguEIAEOgUIABCABDoLCC4QgAQQxwEQ0QM6BwguENQCEEM6CggAEIAEEIcCEBRQAFiACWDMEWgAcAB4AIABtQSIAY0UkgEHMy02LjAuMZgBAKABAQ&amp;sclient=gws-wiz\" target=\"_blank\" rel=\"noopener\">Redacteur.com<\/a> et faites appel aux services de nos&nbsp;<strong>r\u00e9dacteurs professionnels<\/strong>&nbsp;pour vous aider \u00e0 <strong>\u00e9crire un m\u00e9moire<\/strong>.<\/p>\n","protected":false},"excerpt":{"rendered":"<p>Vous devez r\u00e9diger un m\u00e9moire et ne savez pas par o\u00f9 commencer&nbsp;? Rassurez-vous, c\u2019est un d\u00e9fi que tous les \u00e9tudiants doivent relever, mais avec une bonne m\u00e9thode, tout devient plus simple. Quel que soit l\u2019objectif ou la formation, les \u00e9tapes \u00e0 respecter pour faire un m\u00e9moire restent toujours les m\u00eames. Pour faciliter votre travail et [&hellip;]<\/p>\n","protected":false},"author":1,"featured_media":42254,"comment_status":"open","ping_status":"open","sticky":false,"template":"","format":"standard","meta":{"_acf_changed":false,"inline_featured_image":false,"footnotes":""},"categories":[27],"tags":[],"class_list":["post-21673","post","type-post","status-publish","format-standard","has-post-thumbnail","hentry","category-methodologie"],"acf":[],"yoast_head":"<!-- This site is optimized with the Yoast SEO plugin v25.9 - https:\/\/yoast.com\/wordpress\/plugins\/seo\/ -->\n<title>Comment r\u00e9diger un m\u00e9moire\u00a0? - Redacteur Blog<\/title>\n<meta name=\"description\" content=\"Apprenez comment r\u00e9diger un m\u00e9moire facilement. Toutes les \u00e9tapes d\u00e9crites pas \u00e0 pas pour la r\u00e9daction de votre m\u00e9moire.\" \/>\n<meta name=\"robots\" content=\"index, follow, max-snippet:-1, max-image-preview:large, max-video-preview:-1\" \/>\n<link rel=\"canonical\" href=\"https:\/\/www.redacteur.com\/blog\/comment-rediger-un-memoire\/\" \/>\n<meta property=\"og:locale\" content=\"fr_FR\" \/>\n<meta property=\"og:type\" content=\"article\" \/>\n<meta property=\"og:title\" content=\"Comment r\u00e9diger un m\u00e9moire\u00a0? - Redacteur Blog\" \/>\n<meta property=\"og:description\" content=\"Apprenez comment r\u00e9diger un m\u00e9moire facilement. Toutes les \u00e9tapes d\u00e9crites pas \u00e0 pas pour la r\u00e9daction de votre m\u00e9moire.\" \/>\n<meta property=\"og:url\" content=\"https:\/\/www.redacteur.com\/blog\/comment-rediger-un-memoire\/\" \/>\n<meta property=\"og:site_name\" content=\"Redacteur.com\" \/>\n<meta property=\"article:publisher\" content=\"https:\/\/www.facebook.com\/redacteurcom\" \/>\n<meta property=\"article:published_time\" content=\"2025-10-15T12:00:00+00:00\" \/>\n<meta property=\"article:modified_time\" content=\"2025-10-15T12:00:02+00:00\" \/>\n<meta property=\"og:image\" content=\"https:\/\/www.redacteur.com\/blog\/wp-content\/uploads\/sites\/6\/2025\/03\/comment-rediger-un-memoire.png\" \/>\n\t<meta property=\"og:image:width\" content=\"1200\" \/>\n\t<meta property=\"og:image:height\" content=\"675\" \/>\n\t<meta property=\"og:image:type\" content=\"image\/png\" \/>\n<meta name=\"author\" content=\"Laura Michaud\" \/>\n<meta name=\"twitter:card\" content=\"summary_large_image\" \/>\n<meta name=\"twitter:creator\" content=\"@Redacteurcom\" \/>\n<meta name=\"twitter:site\" content=\"@Redacteurcom\" \/>\n<meta name=\"twitter:label1\" content=\"\u00c9crit par\" \/>\n\t<meta name=\"twitter:data1\" content=\"Laura Michaud\" \/>\n\t<meta name=\"twitter:label2\" content=\"Dur\u00e9e de lecture estim\u00e9e\" \/>\n\t<meta name=\"twitter:data2\" content=\"10 minutes\" \/>\n<script type=\"application\/ld+json\" class=\"yoast-schema-graph\">{\"@context\":\"https:\/\/schema.org\",\"@graph\":[{\"@type\":\"Article\",\"@id\":\"https:\/\/www.redacteur.com\/blog\/comment-rediger-un-memoire\/#article\",\"isPartOf\":{\"@id\":\"https:\/\/www.redacteur.com\/blog\/comment-rediger-un-memoire\/\"},\"author\":{\"name\":\"Laura Michaud\",\"@id\":\"https:\/\/www.redacteur.com\/blog\/#\/schema\/person\/33c0ef04707fbe50a096f282050bb5f2\"},\"headline\":\"Comment r\u00e9diger un m\u00e9moire\u00a0?\",\"datePublished\":\"2025-10-15T12:00:00+00:00\",\"dateModified\":\"2025-10-15T12:00:02+00:00\",\"mainEntityOfPage\":{\"@id\":\"https:\/\/www.redacteur.com\/blog\/comment-rediger-un-memoire\/\"},\"wordCount\":2279,\"commentCount\":0,\"publisher\":{\"@id\":\"https:\/\/www.redacteur.com\/blog\/#organization\"},\"image\":{\"@id\":\"https:\/\/www.redacteur.com\/blog\/comment-rediger-un-memoire\/#primaryimage\"},\"thumbnailUrl\":\"https:\/\/www.redacteur.com\/blog\/wp-content\/uploads\/sites\/6\/2025\/03\/comment-rediger-un-memoire.png\",\"articleSection\":[\"M\u00e9thodologie\"],\"inLanguage\":\"fr-FR\",\"potentialAction\":[{\"@type\":\"CommentAction\",\"name\":\"Comment\",\"target\":[\"https:\/\/www.redacteur.com\/blog\/comment-rediger-un-memoire\/#respond\"]}]},{\"@type\":\"WebPage\",\"@id\":\"https:\/\/www.redacteur.com\/blog\/comment-rediger-un-memoire\/\",\"url\":\"https:\/\/www.redacteur.com\/blog\/comment-rediger-un-memoire\/\",\"name\":\"Comment r\u00e9diger un m\u00e9moire\u00a0? - Redacteur Blog\",\"isPartOf\":{\"@id\":\"https:\/\/www.redacteur.com\/blog\/#website\"},\"primaryImageOfPage\":{\"@id\":\"https:\/\/www.redacteur.com\/blog\/comment-rediger-un-memoire\/#primaryimage\"},\"image\":{\"@id\":\"https:\/\/www.redacteur.com\/blog\/comment-rediger-un-memoire\/#primaryimage\"},\"thumbnailUrl\":\"https:\/\/www.redacteur.com\/blog\/wp-content\/uploads\/sites\/6\/2025\/03\/comment-rediger-un-memoire.png\",\"datePublished\":\"2025-10-15T12:00:00+00:00\",\"dateModified\":\"2025-10-15T12:00:02+00:00\",\"description\":\"Apprenez comment r\u00e9diger un m\u00e9moire facilement. Toutes les \u00e9tapes d\u00e9crites pas \u00e0 pas pour la r\u00e9daction de votre m\u00e9moire.\",\"breadcrumb\":{\"@id\":\"https:\/\/www.redacteur.com\/blog\/comment-rediger-un-memoire\/#breadcrumb\"},\"inLanguage\":\"fr-FR\",\"potentialAction\":[{\"@type\":\"ReadAction\",\"target\":[\"https:\/\/www.redacteur.com\/blog\/comment-rediger-un-memoire\/\"]}]},{\"@type\":\"ImageObject\",\"inLanguage\":\"fr-FR\",\"@id\":\"https:\/\/www.redacteur.com\/blog\/comment-rediger-un-memoire\/#primaryimage\",\"url\":\"https:\/\/www.redacteur.com\/blog\/wp-content\/uploads\/sites\/6\/2025\/03\/comment-rediger-un-memoire.png\",\"contentUrl\":\"https:\/\/www.redacteur.com\/blog\/wp-content\/uploads\/sites\/6\/2025\/03\/comment-rediger-un-memoire.png\",\"width\":1200,\"height\":675,\"caption\":\"comment r\u00e9diger un m\u00e9moire\"},{\"@type\":\"BreadcrumbList\",\"@id\":\"https:\/\/www.redacteur.com\/blog\/comment-rediger-un-memoire\/#breadcrumb\",\"itemListElement\":[{\"@type\":\"ListItem\",\"position\":1,\"name\":\"Blog\",\"item\":\"https:\/\/www.redacteur.com\/blog\/\"},{\"@type\":\"ListItem\",\"position\":2,\"name\":\"R\u00e9daction web\",\"item\":\"https:\/\/www.redacteur.com\/blog\/redaction-web\/\"},{\"@type\":\"ListItem\",\"position\":3,\"name\":\"M\u00e9thodologie\",\"item\":\"https:\/\/www.redacteur.com\/blog\/redaction-web\/methodologie\/\"},{\"@type\":\"ListItem\",\"position\":4,\"name\":\"Comment r\u00e9diger un m\u00e9moire\u00a0?\"}]},{\"@type\":\"WebSite\",\"@id\":\"https:\/\/www.redacteur.com\/blog\/#website\",\"url\":\"https:\/\/www.redacteur.com\/blog\/\",\"name\":\"Redacteur.com\",\"description\":\"redacteur\",\"publisher\":{\"@id\":\"https:\/\/www.redacteur.com\/blog\/#organization\"},\"potentialAction\":[{\"@type\":\"SearchAction\",\"target\":{\"@type\":\"EntryPoint\",\"urlTemplate\":\"https:\/\/www.redacteur.com\/blog\/?s={search_term_string}\"},\"query-input\":{\"@type\":\"PropertyValueSpecification\",\"valueRequired\":true,\"valueName\":\"search_term_string\"}}],\"inLanguage\":\"fr-FR\"},{\"@type\":\"Organization\",\"@id\":\"https:\/\/www.redacteur.com\/blog\/#organization\",\"name\":\"Redacteur.com\",\"url\":\"https:\/\/www.redacteur.com\/blog\/\",\"logo\":{\"@type\":\"ImageObject\",\"inLanguage\":\"fr-FR\",\"@id\":\"https:\/\/www.redacteur.com\/blog\/#\/schema\/logo\/image\/\",\"url\":\"https:\/\/www.redacteur.com\/blog\/wp-content\/uploads\/sites\/6\/2022\/10\/logo-redacteur-blog.svg\",\"contentUrl\":\"https:\/\/www.redacteur.com\/blog\/wp-content\/uploads\/sites\/6\/2022\/10\/logo-redacteur-blog.svg\",\"width\":1,\"height\":1,\"caption\":\"Redacteur.com\"},\"image\":{\"@id\":\"https:\/\/www.redacteur.com\/blog\/#\/schema\/logo\/image\/\"},\"sameAs\":[\"https:\/\/www.facebook.com\/redacteurcom\",\"https:\/\/x.com\/Redacteurcom\",\"https:\/\/www.linkedin.com\/company\/redacteur-com\",\"https:\/\/www.youtube.com\/channel\/UCgj9ySM9xy3gdL8qBafl9Uw\/\"]},{\"@type\":\"Person\",\"@id\":\"https:\/\/www.redacteur.com\/blog\/#\/schema\/person\/33c0ef04707fbe50a096f282050bb5f2\",\"name\":\"Laura Michaud\",\"image\":{\"@type\":\"ImageObject\",\"inLanguage\":\"fr-FR\",\"@id\":\"https:\/\/www.redacteur.com\/blog\/#\/schema\/person\/image\/\",\"url\":\"https:\/\/secure.gravatar.com\/avatar\/c3328cc0c887f98cec6b2979af3311ab6333fc7cc2d4847514cfec6a56fa08a7?s=96&d=mm&r=g\",\"contentUrl\":\"https:\/\/secure.gravatar.com\/avatar\/c3328cc0c887f98cec6b2979af3311ab6333fc7cc2d4847514cfec6a56fa08a7?s=96&d=mm&r=g\",\"caption\":\"Laura Michaud\"},\"description\":\"Laura connait tous les meilleurs outils pour g\u00e9rer des projets et une entreprise. Cr\u00e9ative, c'est aussi une sp\u00e9cialiste des outils de cr\u00e9ation graphique pour faire briller une entreprise.\",\"sameAs\":[\"https:\/\/www.linkedin.com\/in\/michaudlaura\/\"],\"url\":\"https:\/\/www.redacteur.com\/blog\/author\/laura\/\"}]}<\/script>\n<!-- \/ Yoast SEO plugin. -->","yoast_head_json":{"title":"Comment r\u00e9diger un m\u00e9moire\u00a0? - Redacteur Blog","description":"Apprenez comment r\u00e9diger un m\u00e9moire facilement. Toutes les \u00e9tapes d\u00e9crites pas \u00e0 pas pour la r\u00e9daction de votre m\u00e9moire.","robots":{"index":"index","follow":"follow","max-snippet":"max-snippet:-1","max-image-preview":"max-image-preview:large","max-video-preview":"max-video-preview:-1"},"canonical":"https:\/\/www.redacteur.com\/blog\/comment-rediger-un-memoire\/","og_locale":"fr_FR","og_type":"article","og_title":"Comment r\u00e9diger un m\u00e9moire\u00a0? - Redacteur Blog","og_description":"Apprenez comment r\u00e9diger un m\u00e9moire facilement. Toutes les \u00e9tapes d\u00e9crites pas \u00e0 pas pour la r\u00e9daction de votre m\u00e9moire.","og_url":"https:\/\/www.redacteur.com\/blog\/comment-rediger-un-memoire\/","og_site_name":"Redacteur.com","article_publisher":"https:\/\/www.facebook.com\/redacteurcom","article_published_time":"2025-10-15T12:00:00+00:00","article_modified_time":"2025-10-15T12:00:02+00:00","og_image":[{"width":1200,"height":675,"url":"https:\/\/www.redacteur.com\/blog\/wp-content\/uploads\/sites\/6\/2025\/03\/comment-rediger-un-memoire.png","type":"image\/png"}],"author":"Laura Michaud","twitter_card":"summary_large_image","twitter_creator":"@Redacteurcom","twitter_site":"@Redacteurcom","twitter_misc":{"\u00c9crit par":"Laura Michaud","Dur\u00e9e de lecture estim\u00e9e":"10 minutes"},"schema":{"@context":"https:\/\/schema.org","@graph":[{"@type":"Article","@id":"https:\/\/www.redacteur.com\/blog\/comment-rediger-un-memoire\/#article","isPartOf":{"@id":"https:\/\/www.redacteur.com\/blog\/comment-rediger-un-memoire\/"},"author":{"name":"Laura Michaud","@id":"https:\/\/www.redacteur.com\/blog\/#\/schema\/person\/33c0ef04707fbe50a096f282050bb5f2"},"headline":"Comment r\u00e9diger un m\u00e9moire\u00a0?","datePublished":"2025-10-15T12:00:00+00:00","dateModified":"2025-10-15T12:00:02+00:00","mainEntityOfPage":{"@id":"https:\/\/www.redacteur.com\/blog\/comment-rediger-un-memoire\/"},"wordCount":2279,"commentCount":0,"publisher":{"@id":"https:\/\/www.redacteur.com\/blog\/#organization"},"image":{"@id":"https:\/\/www.redacteur.com\/blog\/comment-rediger-un-memoire\/#primaryimage"},"thumbnailUrl":"https:\/\/www.redacteur.com\/blog\/wp-content\/uploads\/sites\/6\/2025\/03\/comment-rediger-un-memoire.png","articleSection":["M\u00e9thodologie"],"inLanguage":"fr-FR","potentialAction":[{"@type":"CommentAction","name":"Comment","target":["https:\/\/www.redacteur.com\/blog\/comment-rediger-un-memoire\/#respond"]}]},{"@type":"WebPage","@id":"https:\/\/www.redacteur.com\/blog\/comment-rediger-un-memoire\/","url":"https:\/\/www.redacteur.com\/blog\/comment-rediger-un-memoire\/","name":"Comment r\u00e9diger un m\u00e9moire\u00a0? - Redacteur Blog","isPartOf":{"@id":"https:\/\/www.redacteur.com\/blog\/#website"},"primaryImageOfPage":{"@id":"https:\/\/www.redacteur.com\/blog\/comment-rediger-un-memoire\/#primaryimage"},"image":{"@id":"https:\/\/www.redacteur.com\/blog\/comment-rediger-un-memoire\/#primaryimage"},"thumbnailUrl":"https:\/\/www.redacteur.com\/blog\/wp-content\/uploads\/sites\/6\/2025\/03\/comment-rediger-un-memoire.png","datePublished":"2025-10-15T12:00:00+00:00","dateModified":"2025-10-15T12:00:02+00:00","description":"Apprenez comment r\u00e9diger un m\u00e9moire facilement. Toutes les \u00e9tapes d\u00e9crites pas \u00e0 pas pour la r\u00e9daction de votre m\u00e9moire.","breadcrumb":{"@id":"https:\/\/www.redacteur.com\/blog\/comment-rediger-un-memoire\/#breadcrumb"},"inLanguage":"fr-FR","potentialAction":[{"@type":"ReadAction","target":["https:\/\/www.redacteur.com\/blog\/comment-rediger-un-memoire\/"]}]},{"@type":"ImageObject","inLanguage":"fr-FR","@id":"https:\/\/www.redacteur.com\/blog\/comment-rediger-un-memoire\/#primaryimage","url":"https:\/\/www.redacteur.com\/blog\/wp-content\/uploads\/sites\/6\/2025\/03\/comment-rediger-un-memoire.png","contentUrl":"https:\/\/www.redacteur.com\/blog\/wp-content\/uploads\/sites\/6\/2025\/03\/comment-rediger-un-memoire.png","width":1200,"height":675,"caption":"comment r\u00e9diger un m\u00e9moire"},{"@type":"BreadcrumbList","@id":"https:\/\/www.redacteur.com\/blog\/comment-rediger-un-memoire\/#breadcrumb","itemListElement":[{"@type":"ListItem","position":1,"name":"Blog","item":"https:\/\/www.redacteur.com\/blog\/"},{"@type":"ListItem","position":2,"name":"R\u00e9daction web","item":"https:\/\/www.redacteur.com\/blog\/redaction-web\/"},{"@type":"ListItem","position":3,"name":"M\u00e9thodologie","item":"https:\/\/www.redacteur.com\/blog\/redaction-web\/methodologie\/"},{"@type":"ListItem","position":4,"name":"Comment r\u00e9diger un m\u00e9moire\u00a0?"}]},{"@type":"WebSite","@id":"https:\/\/www.redacteur.com\/blog\/#website","url":"https:\/\/www.redacteur.com\/blog\/","name":"Redacteur.com","description":"redacteur","publisher":{"@id":"https:\/\/www.redacteur.com\/blog\/#organization"},"potentialAction":[{"@type":"SearchAction","target":{"@type":"EntryPoint","urlTemplate":"https:\/\/www.redacteur.com\/blog\/?s={search_term_string}"},"query-input":{"@type":"PropertyValueSpecification","valueRequired":true,"valueName":"search_term_string"}}],"inLanguage":"fr-FR"},{"@type":"Organization","@id":"https:\/\/www.redacteur.com\/blog\/#organization","name":"Redacteur.com","url":"https:\/\/www.redacteur.com\/blog\/","logo":{"@type":"ImageObject","inLanguage":"fr-FR","@id":"https:\/\/www.redacteur.com\/blog\/#\/schema\/logo\/image\/","url":"https:\/\/www.redacteur.com\/blog\/wp-content\/uploads\/sites\/6\/2022\/10\/logo-redacteur-blog.svg","contentUrl":"https:\/\/www.redacteur.com\/blog\/wp-content\/uploads\/sites\/6\/2022\/10\/logo-redacteur-blog.svg","width":1,"height":1,"caption":"Redacteur.com"},"image":{"@id":"https:\/\/www.redacteur.com\/blog\/#\/schema\/logo\/image\/"},"sameAs":["https:\/\/www.facebook.com\/redacteurcom","https:\/\/x.com\/Redacteurcom","https:\/\/www.linkedin.com\/company\/redacteur-com","https:\/\/www.youtube.com\/channel\/UCgj9ySM9xy3gdL8qBafl9Uw\/"]},{"@type":"Person","@id":"https:\/\/www.redacteur.com\/blog\/#\/schema\/person\/33c0ef04707fbe50a096f282050bb5f2","name":"Laura Michaud","image":{"@type":"ImageObject","inLanguage":"fr-FR","@id":"https:\/\/www.redacteur.com\/blog\/#\/schema\/person\/image\/","url":"https:\/\/secure.gravatar.com\/avatar\/c3328cc0c887f98cec6b2979af3311ab6333fc7cc2d4847514cfec6a56fa08a7?s=96&d=mm&r=g","contentUrl":"https:\/\/secure.gravatar.com\/avatar\/c3328cc0c887f98cec6b2979af3311ab6333fc7cc2d4847514cfec6a56fa08a7?s=96&d=mm&r=g","caption":"Laura Michaud"},"description":"Laura connait tous les meilleurs outils pour g\u00e9rer des projets et une entreprise. Cr\u00e9ative, c'est aussi une sp\u00e9cialiste des outils de cr\u00e9ation graphique pour faire briller une entreprise.","sameAs":["https:\/\/www.linkedin.com\/in\/michaudlaura\/"],"url":"https:\/\/www.redacteur.com\/blog\/author\/laura\/"}]}},"_links":{"self":[{"href":"https:\/\/www.redacteur.com\/blog\/wp-json\/wp\/v2\/posts\/21673","targetHints":{"allow":["GET"]}}],"collection":[{"href":"https:\/\/www.redacteur.com\/blog\/wp-json\/wp\/v2\/posts"}],"about":[{"href":"https:\/\/www.redacteur.com\/blog\/wp-json\/wp\/v2\/types\/post"}],"author":[{"embeddable":true,"href":"https:\/\/www.redacteur.com\/blog\/wp-json\/wp\/v2\/users\/1"}],"replies":[{"embeddable":true,"href":"https:\/\/www.redacteur.com\/blog\/wp-json\/wp\/v2\/comments?post=21673"}],"version-history":[{"count":0,"href":"https:\/\/www.redacteur.com\/blog\/wp-json\/wp\/v2\/posts\/21673\/revisions"}],"wp:featuredmedia":[{"embeddable":true,"href":"https:\/\/www.redacteur.com\/blog\/wp-json\/wp\/v2\/media\/42254"}],"wp:attachment":[{"href":"https:\/\/www.redacteur.com\/blog\/wp-json\/wp\/v2\/media?parent=21673"}],"wp:term":[{"taxonomy":"category","embeddable":true,"href":"https:\/\/www.redacteur.com\/blog\/wp-json\/wp\/v2\/categories?post=21673"},{"taxonomy":"post_tag","embeddable":true,"href":"https:\/\/www.redacteur.com\/blog\/wp-json\/wp\/v2\/tags?post=21673"}],"curies":[{"name":"wp","href":"https:\/\/api.w.org\/{rel}","templated":true}]}}