{"id":22154,"date":"2020-09-12T10:30:08","date_gmt":"2020-09-12T08:30:08","guid":{"rendered":"https:\/\/www.redacteur.com\/blog\/?p=22154"},"modified":"2020-09-12T10:30:08","modified_gmt":"2020-09-12T08:30:08","slug":"stories-linkedin-idees-contenus","status":"publish","type":"post","link":"https:\/\/www.redacteur.com\/blog\/stories-linkedin-idees-contenus\/","title":{"rendered":"Stories LinkedIn&nbsp;: 6 id\u00e9es de contenus \u00e0 partager"},"content":{"rendered":"<p>Sur les m\u00e9dias sociaux, les stories ont le vent en poupe et les voici d\u00e9sormais sur <a href=\"https:\/\/www.redacteur.com\/blog\/linkedin-social-selling-entreprise\/\" target=\"_blank\" rel=\"noopener noreferrer\">LinkedIn,<\/a> le r\u00e9seau social professionnel n\u00b0\u00a01, sp\u00e9cialiste du B2B\u00a0!<\/p>\n<p>Avec leur format court et dynamique,<a href=\"https:\/\/www.redacteur.com\/blog\/content-marketing-integrer-stories-instagram\/\" target=\"_blank\" rel=\"noopener noreferrer\"> les stories<\/a> LinkedIn vont permettre aux entreprises de communiquer diff\u00e9remment.\u00a0Les stories sont des supports parfaits pour rester connect\u00e9 \u00e0 son public, cr\u00e9er de l\u2019interactivit\u00e9 et booster sa visibilit\u00e9.<\/p>\n<p>Pour vous d\u00e9marquer de vos concurrents, vous allez devoir \u00eatre cr\u00e9atifs. Rassurez-vous, voici 6\u00a0id\u00e9es de contenus \u00e0 <a href=\"https:\/\/www.redacteur.com\/blog\/plus-partage-contenus-web\/\">partager<\/a> pour des stories percutantes\u00a0!<\/p>\n<p>&nbsp;<\/p>\n<h2>Pourquoi les stories doivent-elles faire partie de votre strat\u00e9gie marketing\u00a0?<\/h2>\n<p>Si vous faites partie des entreprises qui pensent que les stories sont r\u00e9serv\u00e9es aux profils personnels et qu\u2019elles ne font pas tr\u00e8s professionnel, il est temps de chasser les fausses id\u00e9es\u00a0!<\/p>\n<p><img decoding=\"async\" class=\"aligncenter wp-image-22159 size-full\" src=\"https:\/\/www.redacteur.com\/blog\/wp-content\/uploads\/sites\/6\/2020\/09\/linkedin_stories_5ef3216809157.jpg\" alt=\"Linkedin linkedin exemple\" width=\"930\" height=\"530\" srcset=\"https:\/\/www.redacteur.com\/blog\/wp-content\/uploads\/sites\/6\/2020\/09\/linkedin_stories_5ef3216809157.jpg 930w, https:\/\/www.redacteur.com\/blog\/wp-content\/uploads\/sites\/6\/2020\/09\/linkedin_stories_5ef3216809157-300x171.jpg 300w, https:\/\/www.redacteur.com\/blog\/wp-content\/uploads\/sites\/6\/2020\/09\/linkedin_stories_5ef3216809157-768x438.jpg 768w, https:\/\/www.redacteur.com\/blog\/wp-content\/uploads\/sites\/6\/2020\/09\/linkedin_stories_5ef3216809157-60x34.jpg 60w, https:\/\/www.redacteur.com\/blog\/wp-content\/uploads\/sites\/6\/2020\/09\/linkedin_stories_5ef3216809157-370x211.jpg 370w, https:\/\/www.redacteur.com\/blog\/wp-content\/uploads\/sites\/6\/2020\/09\/linkedin_stories_5ef3216809157-270x154.jpg 270w, https:\/\/www.redacteur.com\/blog\/wp-content\/uploads\/sites\/6\/2020\/09\/linkedin_stories_5ef3216809157-570x325.jpg 570w, https:\/\/www.redacteur.com\/blog\/wp-content\/uploads\/sites\/6\/2020\/09\/linkedin_stories_5ef3216809157-740x422.jpg 740w\" sizes=\"(max-width: 930px) 100vw, 930px\" \/><\/p>\n<p>LinkedIn n\u2019est plus un simple annuaire \u00e0 CV, le r\u00e9seau social\u00a0B2B s\u2019est modernis\u00e9 et dynamis\u00e9. Il a suivi l\u2019\u00e9volution de la communication digitale qui, aujourd\u2019hui, met l\u2019accent sur la proximit\u00e9 et l\u2019interactivit\u00e9 avec une <strong>audience cible.<\/strong><\/p>\n<h4>Des stories pour se d\u00e9marquer<\/h4>\n<p>Les stories arrivent tout juste sur LinkedIn, elles n\u2019ont pas encore \u00e9t\u00e9 prises d\u2019assaut par la majorit\u00e9 des entreprises pr\u00e9sentes sur le r\u00e9seau social professionnel, c\u2019est donc le moment de vous d\u00e9marquer\u00a0! Il suffit de constater l\u2019engouement des <a href=\"https:\/\/www.redacteur.com\/blog\/tpe-pme-developper-marque-linkedin\/\">marques<\/a> \u00e0 utiliser les stories sur Instagram pour comprendre leur impact marketing\u00a0!<\/p>\n<blockquote><p>Les stories ne sont disponibles que sur l\u2019application mobile de LinkedIn. Pour cr\u00e9er une storie, il vous suffit de cliquer sur le \u00ab\u00a0+\u00a0\u00bb accol\u00e9 \u00e0 votre avatar et laissez vous guider\u00a0!<\/p><\/blockquote>\n<h4>Des stories LinkedIn pour \u00eatre plus proche de son audience<\/h4>\n<p><img decoding=\"async\" class=\"aligncenter wp-image-22160 size-full\" src=\"https:\/\/www.redacteur.com\/blog\/wp-content\/uploads\/sites\/6\/2020\/09\/linkedin-stories-1000x600-1-e1599224625543.jpg\" alt=\"Linkedin linkedin exemple\" width=\"700\" height=\"420\" srcset=\"https:\/\/www.redacteur.com\/blog\/wp-content\/uploads\/sites\/6\/2020\/09\/linkedin-stories-1000x600-1-e1599224625543.jpg 700w, https:\/\/www.redacteur.com\/blog\/wp-content\/uploads\/sites\/6\/2020\/09\/linkedin-stories-1000x600-1-e1599224625543-300x180.jpg 300w, https:\/\/www.redacteur.com\/blog\/wp-content\/uploads\/sites\/6\/2020\/09\/linkedin-stories-1000x600-1-e1599224625543-60x36.jpg 60w, https:\/\/www.redacteur.com\/blog\/wp-content\/uploads\/sites\/6\/2020\/09\/linkedin-stories-1000x600-1-e1599224625543-370x222.jpg 370w, https:\/\/www.redacteur.com\/blog\/wp-content\/uploads\/sites\/6\/2020\/09\/linkedin-stories-1000x600-1-e1599224625543-270x162.jpg 270w, https:\/\/www.redacteur.com\/blog\/wp-content\/uploads\/sites\/6\/2020\/09\/linkedin-stories-1000x600-1-e1599224625543-570x342.jpg 570w\" sizes=\"(max-width: 700px) 100vw, 700px\" \/><\/p>\n<p><strong>Attention proche, mais professionnel.<\/strong> N\u2019oubliez pas que vous \u00eates sur un r\u00e9seau d\u2019entreprises\u00a0B2B et votre audience attend de vous une posture professionnelle\u00a0! Vos stories devront apporter de la valeur ajout\u00e9e \u00e0 votre entreprise, donc \u00eatre <a href=\"https:\/\/www.redacteur.com\/blog\/identifier-contenu-en-perte-vitesse\/\">pertinentes<\/a>\u00a0!<\/p>\n<p>Cela ne doit pas vous emp\u00eacher de montrer le c\u00f4t\u00e9 humain de votre entreprise afin de cr\u00e9er une communaut\u00e9 qui puisse s\u2019identifier \u00e0 vous. L\u2019exp\u00e9rience utilisateur est au centre des strat\u00e9gies marketing et les stories sont un excellent vecteur d\u2019\u00e9motions.<\/p>\n<p>Qui dit <a href=\"https:\/\/www.redacteur.com\/blog\/social-media-astuces-generer-trafic-stories-instagram\/\" target=\"_blank\" rel=\"noopener noreferrer\">stories,<\/a> dit court\u00a0!<\/p>\n<ul>\n<li>Elles ont une dur\u00e9e de vie de 24\u00a0heures.<\/li>\n<li>Les vid\u00e9os sont limit\u00e9es \u00e0 20\u00a0secondes.<\/li>\n<\/ul>\n<blockquote><p>\u00c0 lire aussi&nbsp;: <a href=\"https:\/\/www.redacteur.com\/blog\/linkedin-booster-profil-entrepreneur\/\">LinkedIn&nbsp;: 8 id\u00e9es pour booster votre profil entrepreneur<\/a><\/p><\/blockquote>\n<p>&nbsp;<\/p>\n<h2>6 id\u00e9es de contenus pour des stories LinkedIn percutantes<\/h2>\n<p>Voici quelques id\u00e9es de contenu pour vos stories LinkedIn. Sachez n\u00e9anmoins que seul votre r\u00e9seau voit ces stories, donc pour qu\u2019elles soient efficaces vous allez devoir \u00eatre cr\u00e9atifs.<\/p>\n<p>Le but \u00e9tant de susciter de l\u2019engagement et aussi d\u2019inciter votre r\u00e9seau \u00e0 partager ces courts m\u00e9dias marketing.<\/p>\n<p>&nbsp;<\/p>\n<h4>1. Cr\u00e9ez des stories promotionnelles<\/h4>\n<p>Ces supports \u00e9ph\u00e9m\u00e8res vont vous permettre de mettre sur le devant de la sc\u00e8ne un produit ou un service. Agr\u00e9ment\u00e9e de stickers ou en vid\u00e9o, votre storie promotionnelle devra \u00eatre cr\u00e9ative et dynamique pour g\u00e9n\u00e9rer du trafic. Votre slogan doit \u00eatre concis et pertinent. N\u2019h\u00e9sitez pas \u00e0 faire appel \u00e0 un <a href=\"https:\/\/www.redacteur.com\/\">sp\u00e9cialiste de la r\u00e9daction<\/a> si vous ne ma\u00eetrisez pas les codes du storytelling\u00a0!<\/p>\n<p>&nbsp;<\/p>\n<h4>2. Utilisez la fonction FAQ pour rassurer vos prospects<\/h4>\n<p>Les stories LinkedIn poss\u00e8dent une fonction questions\/r\u00e9ponses. Cette<a href=\"https:\/\/www.redacteur.com\/blog\/comment-reussir-une-page-faq\/\" target=\"_blank\" rel=\"noopener noreferrer\"> br\u00e8ve FAQ<\/a> vous donne l\u2019opportunit\u00e9 de renseigner vos prospects sur vos produits et services.<\/p>\n<blockquote><p>\u00e0 travers ce jeu de questions\/r\u00e9ponses, si vous d\u00e9cidez de faire des vid\u00e9os, laissez aussi vos collaborateurs prendre la parole. Montrez ainsi que vous savez vous entourer d\u2019experts et que votre entreprise est corporate\u00a0!<\/p><\/blockquote>\n<p>&nbsp;<\/p>\n<h4>3. D\u00e9voilez les coulisses de votre entreprise dans vos stories<\/h4>\n<p><img decoding=\"async\" class=\"aligncenter wp-image-22163 size-full\" src=\"https:\/\/www.redacteur.com\/blog\/wp-content\/uploads\/sites\/6\/2020\/09\/LinkedIn-Stories-Student-612x545-1.png\" alt=\"Linkedin linkedin exemple\" width=\"612\" height=\"545\" srcset=\"https:\/\/www.redacteur.com\/blog\/wp-content\/uploads\/sites\/6\/2020\/09\/LinkedIn-Stories-Student-612x545-1.png 612w, https:\/\/www.redacteur.com\/blog\/wp-content\/uploads\/sites\/6\/2020\/09\/LinkedIn-Stories-Student-612x545-1-300x267.png 300w, https:\/\/www.redacteur.com\/blog\/wp-content\/uploads\/sites\/6\/2020\/09\/LinkedIn-Stories-Student-612x545-1-60x53.png 60w, https:\/\/www.redacteur.com\/blog\/wp-content\/uploads\/sites\/6\/2020\/09\/LinkedIn-Stories-Student-612x545-1-370x329.png 370w, https:\/\/www.redacteur.com\/blog\/wp-content\/uploads\/sites\/6\/2020\/09\/LinkedIn-Stories-Student-612x545-1-270x240.png 270w, https:\/\/www.redacteur.com\/blog\/wp-content\/uploads\/sites\/6\/2020\/09\/LinkedIn-Stories-Student-612x545-1-570x508.png 570w\" sizes=\"(max-width: 612px) 100vw, 612px\" \/><\/p>\n<p>Donnez un c\u00f4t\u00e9 humain \u00e0 votre entreprise en partageant des photos de votre \u00e9quipe. Immortalisez votre \u00e9quipe sur son lieu de travail, mais aussi lors d\u2019\u00e9v\u00e9nements ou de salons professionnels.<\/p>\n<blockquote><p>Racontez l\u2019histoire de votre marque \u00e0 vos prospects \u00e0 travers les personnes qui la font vivre et cr\u00e9ez ainsi de la proximit\u00e9 avec votre audience. Utilisez le <a href=\"https:\/\/www.redacteur.com\/blog\/guide-devenir-pro-storytelling\/\" target=\"_blank\" rel=\"noopener noreferrer\">storytelling<\/a>&nbsp;! <\/p><\/blockquote>\n<p>&nbsp;<\/p>\n<h4>4. Donnez des conseils et des astuces<\/h4>\n<p>Pure strat\u00e9gie commerciale, donner des astuces et des conseils assure toujours un retour gagnant\u00a0! Attention, vos contenus doivent \u00e9videmment \u00eatre pertinents et en corr\u00e9lation avec votre activit\u00e9.<\/p>\n<p>Ces stories, parce qu\u2019instructives, ont l\u2019immense avantage d\u2019\u00eatre \u00e9norm\u00e9ment partag\u00e9es. Vous gagnerez beaucoup en visibilit\u00e9\u00a0!<\/p>\n<blockquote><p>\u00c0 lire aussi&nbsp;: <a href=\"https:\/\/www.redacteur.com\/blog\/comment-avoir-meilleure-visibilite-pme\/\">Comment avoir une meilleure visibilit\u00e9 pour votre PME en 2020&nbsp;?<\/a><\/p><\/blockquote>\n<p>&nbsp;<\/p>\n<h4>5. Partagez votre expertise<\/h4>\n<figure id=\"attachment_22164\" aria-describedby=\"caption-attachment-22164\" style=\"width: 1400px\" class=\"wp-caption aligncenter\"><img decoding=\"async\" class=\"wp-image-22164 size-full\" src=\"https:\/\/www.redacteur.com\/blog\/wp-content\/uploads\/sites\/6\/2020\/09\/LinkedIn-Stories.jpg\" alt=\"Linkedin linkedin exemple\" width=\"1400\" height=\"600\" srcset=\"https:\/\/www.redacteur.com\/blog\/wp-content\/uploads\/sites\/6\/2020\/09\/LinkedIn-Stories.jpg 1400w, https:\/\/www.redacteur.com\/blog\/wp-content\/uploads\/sites\/6\/2020\/09\/LinkedIn-Stories-300x129.jpg 300w, https:\/\/www.redacteur.com\/blog\/wp-content\/uploads\/sites\/6\/2020\/09\/LinkedIn-Stories-1024x439.jpg 1024w, https:\/\/www.redacteur.com\/blog\/wp-content\/uploads\/sites\/6\/2020\/09\/LinkedIn-Stories-768x329.jpg 768w, https:\/\/www.redacteur.com\/blog\/wp-content\/uploads\/sites\/6\/2020\/09\/LinkedIn-Stories-60x26.jpg 60w, https:\/\/www.redacteur.com\/blog\/wp-content\/uploads\/sites\/6\/2020\/09\/LinkedIn-Stories-370x159.jpg 370w, https:\/\/www.redacteur.com\/blog\/wp-content\/uploads\/sites\/6\/2020\/09\/LinkedIn-Stories-270x116.jpg 270w, https:\/\/www.redacteur.com\/blog\/wp-content\/uploads\/sites\/6\/2020\/09\/LinkedIn-Stories-570x244.jpg 570w, https:\/\/www.redacteur.com\/blog\/wp-content\/uploads\/sites\/6\/2020\/09\/LinkedIn-Stories-740x317.jpg 740w\" sizes=\"(max-width: 1400px) 100vw, 1400px\" \/><figcaption id=\"caption-attachment-22164\" class=\"wp-caption-text\">Source: blogdumoderateur.com<\/figcaption><\/figure>\n<p>Partagez des contenus \u00ab\u00a0chauds\u00a0\u00bb dans vos stories LinkedIn qui peuvent \u00eatre utiles \u00e0 votre lectorat.<\/p>\n<p>Vous donnerez ainsi l\u2019image d\u2019une entreprise \u00e0 la pointe dans son domaine, toujours en veille des derni\u00e8res innovations ou des actualit\u00e9s et vous vous assurerez ainsi une <a href=\"https:\/\/www.redacteur.com\/blog\/idees-contenus-web-entreprise-b2b\/\" target=\"_blank\" rel=\"noopener noreferrer\">place d\u2019expert.<\/a><\/p>\n<p>&nbsp;<\/p>\n<h4>6. Anticipez les probl\u00e8mes et questions de vos prospects<\/h4>\n<p>Pour cette derni\u00e8re id\u00e9e de storie LinkedIn, il s\u2019agit d\u2019anticiper une probl\u00e9matique que votre prospect peut rencontrer afin d\u2019activer les leviers d\u2019achats. Mettez-vous dans la peau de votre <a href=\"https:\/\/www.redacteur.com\/blog\/utiliser-personas-content-marketing\/\" target=\"_blank\" rel=\"noopener noreferrer\">persona<\/a> et surprenez votre audience avec des r\u00e9ponses aux questions qui viennent \u00e0 peine d\u2019\u00e9merger dans leur esprit\u00a0!<\/p>\n<blockquote><p>bien que destin\u00e9es \u00e0 une audience professionnelle, vos stories doivent rester les plus naturelles possible, \u00e0 trop voil\u00e0 en faire, on rate souvent sa cible\u00a0!<\/p><\/blockquote>\n","protected":false},"excerpt":{"rendered":"<p>Sur les m\u00e9dias sociaux, les stories ont le vent en poupe et les voici d\u00e9sormais sur LinkedIn, le r\u00e9seau social professionnel n\u00b0\u00a01, sp\u00e9cialiste du B2B\u00a0! Avec leur format court et dynamique, les stories LinkedIn vont permettre aux entreprises de communiquer diff\u00e9remment.\u00a0Les stories sont des supports parfaits pour rester connect\u00e9 \u00e0 son public, cr\u00e9er de l\u2019interactivit\u00e9 [&hellip;]<\/p>\n","protected":false},"author":1,"featured_media":22167,"comment_status":"open","ping_status":"open","sticky":false,"template":"","format":"standard","meta":{"_acf_changed":false,"inline_featured_image":false,"footnotes":""},"categories":[12],"tags":[],"class_list":["post-22154","post","type-post","status-publish","format-standard","has-post-thumbnail","hentry","category-reseaux-sociaux"],"acf":[],"yoast_head":"<!-- This site is optimized with the Yoast SEO plugin v25.9 - https:\/\/yoast.com\/wordpress\/plugins\/seo\/ -->\n<title>Stories LinkedIn : 6 id\u00e9es de contenus \u00e0 partager - Redacteur Blog<\/title>\n<meta name=\"description\" content=\"Sur les m\u00e9dias sociaux, les stories ont le vent en poupe et les voici d\u00e9sormais sur LinkedIn, le r\u00e9seau social professionnel n\u00b0\u00a01, sp\u00e9cialiste du B2B\u00a0!\" \/>\n<meta name=\"robots\" content=\"index, follow, max-snippet:-1, max-image-preview:large, max-video-preview:-1\" \/>\n<link rel=\"canonical\" href=\"https:\/\/www.redacteur.com\/blog\/stories-linkedin-idees-contenus\/\" \/>\n<meta property=\"og:locale\" content=\"fr_FR\" \/>\n<meta property=\"og:type\" content=\"article\" \/>\n<meta property=\"og:title\" content=\"Stories LinkedIn : 6 id\u00e9es de contenus \u00e0 partager - Redacteur Blog\" \/>\n<meta property=\"og:description\" content=\"Sur les m\u00e9dias sociaux, les stories ont le vent en poupe et les voici d\u00e9sormais sur LinkedIn, le r\u00e9seau social professionnel n\u00b0\u00a01, sp\u00e9cialiste du B2B\u00a0!\" \/>\n<meta property=\"og:url\" content=\"https:\/\/www.redacteur.com\/blog\/stories-linkedin-idees-contenus\/\" \/>\n<meta property=\"og:site_name\" content=\"Redacteur.com\" \/>\n<meta property=\"article:publisher\" content=\"https:\/\/www.facebook.com\/redacteurcom\" \/>\n<meta property=\"article:published_time\" content=\"2020-09-12T08:30:08+00:00\" \/>\n<meta property=\"og:image\" content=\"https:\/\/www.redacteur.com\/blog\/wp-content\/uploads\/sites\/6\/2020\/09\/redacteur-blog-img-idee-exemple-stories-LinkedIn.jpg\" \/>\n\t<meta property=\"og:image:width\" content=\"850\" \/>\n\t<meta property=\"og:image:height\" content=\"600\" \/>\n\t<meta property=\"og:image:type\" content=\"image\/jpeg\" \/>\n<meta name=\"author\" content=\"Laura Michaud\" \/>\n<meta name=\"twitter:card\" content=\"summary_large_image\" \/>\n<meta name=\"twitter:creator\" content=\"@Redacteurcom\" \/>\n<meta name=\"twitter:site\" content=\"@Redacteurcom\" \/>\n<meta name=\"twitter:label1\" content=\"\u00c9crit par\" \/>\n\t<meta name=\"twitter:data1\" content=\"Laura Michaud\" \/>\n\t<meta name=\"twitter:label2\" content=\"Dur\u00e9e de lecture estim\u00e9e\" \/>\n\t<meta name=\"twitter:data2\" content=\"5 minutes\" \/>\n<script type=\"application\/ld+json\" class=\"yoast-schema-graph\">{\"@context\":\"https:\/\/schema.org\",\"@graph\":[{\"@type\":\"Article\",\"@id\":\"https:\/\/www.redacteur.com\/blog\/stories-linkedin-idees-contenus\/#article\",\"isPartOf\":{\"@id\":\"https:\/\/www.redacteur.com\/blog\/stories-linkedin-idees-contenus\/\"},\"author\":{\"name\":\"Laura Michaud\",\"@id\":\"https:\/\/www.redacteur.com\/blog\/#\/schema\/person\/33c0ef04707fbe50a096f282050bb5f2\"},\"headline\":\"Stories LinkedIn&nbsp;: 6 id\u00e9es de contenus \u00e0 partager\",\"datePublished\":\"2020-09-12T08:30:08+00:00\",\"mainEntityOfPage\":{\"@id\":\"https:\/\/www.redacteur.com\/blog\/stories-linkedin-idees-contenus\/\"},\"wordCount\":919,\"commentCount\":0,\"publisher\":{\"@id\":\"https:\/\/www.redacteur.com\/blog\/#organization\"},\"image\":{\"@id\":\"https:\/\/www.redacteur.com\/blog\/stories-linkedin-idees-contenus\/#primaryimage\"},\"thumbnailUrl\":\"https:\/\/www.redacteur.com\/blog\/wp-content\/uploads\/sites\/6\/2020\/09\/redacteur-blog-img-idee-exemple-stories-LinkedIn.jpg\",\"articleSection\":[\"R\u00e9seaux sociaux\"],\"inLanguage\":\"fr-FR\",\"potentialAction\":[{\"@type\":\"CommentAction\",\"name\":\"Comment\",\"target\":[\"https:\/\/www.redacteur.com\/blog\/stories-linkedin-idees-contenus\/#respond\"]}]},{\"@type\":\"WebPage\",\"@id\":\"https:\/\/www.redacteur.com\/blog\/stories-linkedin-idees-contenus\/\",\"url\":\"https:\/\/www.redacteur.com\/blog\/stories-linkedin-idees-contenus\/\",\"name\":\"Stories LinkedIn : 6 id\u00e9es de contenus \u00e0 partager - Redacteur Blog\",\"isPartOf\":{\"@id\":\"https:\/\/www.redacteur.com\/blog\/#website\"},\"primaryImageOfPage\":{\"@id\":\"https:\/\/www.redacteur.com\/blog\/stories-linkedin-idees-contenus\/#primaryimage\"},\"image\":{\"@id\":\"https:\/\/www.redacteur.com\/blog\/stories-linkedin-idees-contenus\/#primaryimage\"},\"thumbnailUrl\":\"https:\/\/www.redacteur.com\/blog\/wp-content\/uploads\/sites\/6\/2020\/09\/redacteur-blog-img-idee-exemple-stories-LinkedIn.jpg\",\"datePublished\":\"2020-09-12T08:30:08+00:00\",\"description\":\"Sur les m\u00e9dias sociaux, les stories ont le vent en poupe et les voici d\u00e9sormais sur LinkedIn, le r\u00e9seau social professionnel n\u00b0\u00a01, sp\u00e9cialiste du B2B\u00a0!\",\"breadcrumb\":{\"@id\":\"https:\/\/www.redacteur.com\/blog\/stories-linkedin-idees-contenus\/#breadcrumb\"},\"inLanguage\":\"fr-FR\",\"potentialAction\":[{\"@type\":\"ReadAction\",\"target\":[\"https:\/\/www.redacteur.com\/blog\/stories-linkedin-idees-contenus\/\"]}]},{\"@type\":\"ImageObject\",\"inLanguage\":\"fr-FR\",\"@id\":\"https:\/\/www.redacteur.com\/blog\/stories-linkedin-idees-contenus\/#primaryimage\",\"url\":\"https:\/\/www.redacteur.com\/blog\/wp-content\/uploads\/sites\/6\/2020\/09\/redacteur-blog-img-idee-exemple-stories-LinkedIn.jpg\",\"contentUrl\":\"https:\/\/www.redacteur.com\/blog\/wp-content\/uploads\/sites\/6\/2020\/09\/redacteur-blog-img-idee-exemple-stories-LinkedIn.jpg\",\"width\":850,\"height\":600},{\"@type\":\"BreadcrumbList\",\"@id\":\"https:\/\/www.redacteur.com\/blog\/stories-linkedin-idees-contenus\/#breadcrumb\",\"itemListElement\":[{\"@type\":\"ListItem\",\"position\":1,\"name\":\"Blog\",\"item\":\"https:\/\/www.redacteur.com\/blog\/\"},{\"@type\":\"ListItem\",\"position\":2,\"name\":\"Content marketing\",\"item\":\"https:\/\/www.redacteur.com\/blog\/contenu-web\/\"},{\"@type\":\"ListItem\",\"position\":3,\"name\":\"R\u00e9seaux sociaux\",\"item\":\"https:\/\/www.redacteur.com\/blog\/contenu-web\/reseaux-sociaux\/\"},{\"@type\":\"ListItem\",\"position\":4,\"name\":\"Stories LinkedIn : 6 id\u00e9es de contenus \u00e0 partager\"}]},{\"@type\":\"WebSite\",\"@id\":\"https:\/\/www.redacteur.com\/blog\/#website\",\"url\":\"https:\/\/www.redacteur.com\/blog\/\",\"name\":\"Redacteur.com\",\"description\":\"redacteur\",\"publisher\":{\"@id\":\"https:\/\/www.redacteur.com\/blog\/#organization\"},\"potentialAction\":[{\"@type\":\"SearchAction\",\"target\":{\"@type\":\"EntryPoint\",\"urlTemplate\":\"https:\/\/www.redacteur.com\/blog\/?s={search_term_string}\"},\"query-input\":{\"@type\":\"PropertyValueSpecification\",\"valueRequired\":true,\"valueName\":\"search_term_string\"}}],\"inLanguage\":\"fr-FR\"},{\"@type\":\"Organization\",\"@id\":\"https:\/\/www.redacteur.com\/blog\/#organization\",\"name\":\"Redacteur.com\",\"url\":\"https:\/\/www.redacteur.com\/blog\/\",\"logo\":{\"@type\":\"ImageObject\",\"inLanguage\":\"fr-FR\",\"@id\":\"https:\/\/www.redacteur.com\/blog\/#\/schema\/logo\/image\/\",\"url\":\"https:\/\/www.redacteur.com\/blog\/wp-content\/uploads\/sites\/6\/2022\/10\/logo-redacteur-blog.svg\",\"contentUrl\":\"https:\/\/www.redacteur.com\/blog\/wp-content\/uploads\/sites\/6\/2022\/10\/logo-redacteur-blog.svg\",\"width\":1,\"height\":1,\"caption\":\"Redacteur.com\"},\"image\":{\"@id\":\"https:\/\/www.redacteur.com\/blog\/#\/schema\/logo\/image\/\"},\"sameAs\":[\"https:\/\/www.facebook.com\/redacteurcom\",\"https:\/\/x.com\/Redacteurcom\",\"https:\/\/www.linkedin.com\/company\/redacteur-com\",\"https:\/\/www.youtube.com\/channel\/UCgj9ySM9xy3gdL8qBafl9Uw\/\"]},{\"@type\":\"Person\",\"@id\":\"https:\/\/www.redacteur.com\/blog\/#\/schema\/person\/33c0ef04707fbe50a096f282050bb5f2\",\"name\":\"Laura Michaud\",\"image\":{\"@type\":\"ImageObject\",\"inLanguage\":\"fr-FR\",\"@id\":\"https:\/\/www.redacteur.com\/blog\/#\/schema\/person\/image\/\",\"url\":\"https:\/\/secure.gravatar.com\/avatar\/c3328cc0c887f98cec6b2979af3311ab6333fc7cc2d4847514cfec6a56fa08a7?s=96&d=mm&r=g\",\"contentUrl\":\"https:\/\/secure.gravatar.com\/avatar\/c3328cc0c887f98cec6b2979af3311ab6333fc7cc2d4847514cfec6a56fa08a7?s=96&d=mm&r=g\",\"caption\":\"Laura Michaud\"},\"description\":\"Laura connait tous les meilleurs outils pour g\u00e9rer des projets et une entreprise. Cr\u00e9ative, c'est aussi une sp\u00e9cialiste des outils de cr\u00e9ation graphique pour faire briller une entreprise.\",\"sameAs\":[\"https:\/\/www.linkedin.com\/in\/michaudlaura\/\"],\"url\":\"https:\/\/www.redacteur.com\/blog\/author\/laura\/\"}]}<\/script>\n<!-- \/ Yoast SEO plugin. -->","yoast_head_json":{"title":"Stories LinkedIn : 6 id\u00e9es de contenus \u00e0 partager - Redacteur Blog","description":"Sur les m\u00e9dias sociaux, les stories ont le vent en poupe et les voici d\u00e9sormais sur LinkedIn, le r\u00e9seau social professionnel n\u00b0\u00a01, sp\u00e9cialiste du B2B\u00a0!","robots":{"index":"index","follow":"follow","max-snippet":"max-snippet:-1","max-image-preview":"max-image-preview:large","max-video-preview":"max-video-preview:-1"},"canonical":"https:\/\/www.redacteur.com\/blog\/stories-linkedin-idees-contenus\/","og_locale":"fr_FR","og_type":"article","og_title":"Stories LinkedIn : 6 id\u00e9es de contenus \u00e0 partager - Redacteur Blog","og_description":"Sur les m\u00e9dias sociaux, les stories ont le vent en poupe et les voici d\u00e9sormais sur LinkedIn, le r\u00e9seau social professionnel n\u00b0\u00a01, sp\u00e9cialiste du B2B\u00a0!","og_url":"https:\/\/www.redacteur.com\/blog\/stories-linkedin-idees-contenus\/","og_site_name":"Redacteur.com","article_publisher":"https:\/\/www.facebook.com\/redacteurcom","article_published_time":"2020-09-12T08:30:08+00:00","og_image":[{"width":850,"height":600,"url":"https:\/\/www.redacteur.com\/blog\/wp-content\/uploads\/sites\/6\/2020\/09\/redacteur-blog-img-idee-exemple-stories-LinkedIn.jpg","type":"image\/jpeg"}],"author":"Laura Michaud","twitter_card":"summary_large_image","twitter_creator":"@Redacteurcom","twitter_site":"@Redacteurcom","twitter_misc":{"\u00c9crit par":"Laura Michaud","Dur\u00e9e de lecture estim\u00e9e":"5 minutes"},"schema":{"@context":"https:\/\/schema.org","@graph":[{"@type":"Article","@id":"https:\/\/www.redacteur.com\/blog\/stories-linkedin-idees-contenus\/#article","isPartOf":{"@id":"https:\/\/www.redacteur.com\/blog\/stories-linkedin-idees-contenus\/"},"author":{"name":"Laura Michaud","@id":"https:\/\/www.redacteur.com\/blog\/#\/schema\/person\/33c0ef04707fbe50a096f282050bb5f2"},"headline":"Stories LinkedIn&nbsp;: 6 id\u00e9es de contenus \u00e0 partager","datePublished":"2020-09-12T08:30:08+00:00","mainEntityOfPage":{"@id":"https:\/\/www.redacteur.com\/blog\/stories-linkedin-idees-contenus\/"},"wordCount":919,"commentCount":0,"publisher":{"@id":"https:\/\/www.redacteur.com\/blog\/#organization"},"image":{"@id":"https:\/\/www.redacteur.com\/blog\/stories-linkedin-idees-contenus\/#primaryimage"},"thumbnailUrl":"https:\/\/www.redacteur.com\/blog\/wp-content\/uploads\/sites\/6\/2020\/09\/redacteur-blog-img-idee-exemple-stories-LinkedIn.jpg","articleSection":["R\u00e9seaux sociaux"],"inLanguage":"fr-FR","potentialAction":[{"@type":"CommentAction","name":"Comment","target":["https:\/\/www.redacteur.com\/blog\/stories-linkedin-idees-contenus\/#respond"]}]},{"@type":"WebPage","@id":"https:\/\/www.redacteur.com\/blog\/stories-linkedin-idees-contenus\/","url":"https:\/\/www.redacteur.com\/blog\/stories-linkedin-idees-contenus\/","name":"Stories LinkedIn : 6 id\u00e9es de contenus \u00e0 partager - Redacteur Blog","isPartOf":{"@id":"https:\/\/www.redacteur.com\/blog\/#website"},"primaryImageOfPage":{"@id":"https:\/\/www.redacteur.com\/blog\/stories-linkedin-idees-contenus\/#primaryimage"},"image":{"@id":"https:\/\/www.redacteur.com\/blog\/stories-linkedin-idees-contenus\/#primaryimage"},"thumbnailUrl":"https:\/\/www.redacteur.com\/blog\/wp-content\/uploads\/sites\/6\/2020\/09\/redacteur-blog-img-idee-exemple-stories-LinkedIn.jpg","datePublished":"2020-09-12T08:30:08+00:00","description":"Sur les m\u00e9dias sociaux, les stories ont le vent en poupe et les voici d\u00e9sormais sur LinkedIn, le r\u00e9seau social professionnel n\u00b0\u00a01, sp\u00e9cialiste du B2B\u00a0!","breadcrumb":{"@id":"https:\/\/www.redacteur.com\/blog\/stories-linkedin-idees-contenus\/#breadcrumb"},"inLanguage":"fr-FR","potentialAction":[{"@type":"ReadAction","target":["https:\/\/www.redacteur.com\/blog\/stories-linkedin-idees-contenus\/"]}]},{"@type":"ImageObject","inLanguage":"fr-FR","@id":"https:\/\/www.redacteur.com\/blog\/stories-linkedin-idees-contenus\/#primaryimage","url":"https:\/\/www.redacteur.com\/blog\/wp-content\/uploads\/sites\/6\/2020\/09\/redacteur-blog-img-idee-exemple-stories-LinkedIn.jpg","contentUrl":"https:\/\/www.redacteur.com\/blog\/wp-content\/uploads\/sites\/6\/2020\/09\/redacteur-blog-img-idee-exemple-stories-LinkedIn.jpg","width":850,"height":600},{"@type":"BreadcrumbList","@id":"https:\/\/www.redacteur.com\/blog\/stories-linkedin-idees-contenus\/#breadcrumb","itemListElement":[{"@type":"ListItem","position":1,"name":"Blog","item":"https:\/\/www.redacteur.com\/blog\/"},{"@type":"ListItem","position":2,"name":"Content marketing","item":"https:\/\/www.redacteur.com\/blog\/contenu-web\/"},{"@type":"ListItem","position":3,"name":"R\u00e9seaux sociaux","item":"https:\/\/www.redacteur.com\/blog\/contenu-web\/reseaux-sociaux\/"},{"@type":"ListItem","position":4,"name":"Stories LinkedIn : 6 id\u00e9es de contenus \u00e0 partager"}]},{"@type":"WebSite","@id":"https:\/\/www.redacteur.com\/blog\/#website","url":"https:\/\/www.redacteur.com\/blog\/","name":"Redacteur.com","description":"redacteur","publisher":{"@id":"https:\/\/www.redacteur.com\/blog\/#organization"},"potentialAction":[{"@type":"SearchAction","target":{"@type":"EntryPoint","urlTemplate":"https:\/\/www.redacteur.com\/blog\/?s={search_term_string}"},"query-input":{"@type":"PropertyValueSpecification","valueRequired":true,"valueName":"search_term_string"}}],"inLanguage":"fr-FR"},{"@type":"Organization","@id":"https:\/\/www.redacteur.com\/blog\/#organization","name":"Redacteur.com","url":"https:\/\/www.redacteur.com\/blog\/","logo":{"@type":"ImageObject","inLanguage":"fr-FR","@id":"https:\/\/www.redacteur.com\/blog\/#\/schema\/logo\/image\/","url":"https:\/\/www.redacteur.com\/blog\/wp-content\/uploads\/sites\/6\/2022\/10\/logo-redacteur-blog.svg","contentUrl":"https:\/\/www.redacteur.com\/blog\/wp-content\/uploads\/sites\/6\/2022\/10\/logo-redacteur-blog.svg","width":1,"height":1,"caption":"Redacteur.com"},"image":{"@id":"https:\/\/www.redacteur.com\/blog\/#\/schema\/logo\/image\/"},"sameAs":["https:\/\/www.facebook.com\/redacteurcom","https:\/\/x.com\/Redacteurcom","https:\/\/www.linkedin.com\/company\/redacteur-com","https:\/\/www.youtube.com\/channel\/UCgj9ySM9xy3gdL8qBafl9Uw\/"]},{"@type":"Person","@id":"https:\/\/www.redacteur.com\/blog\/#\/schema\/person\/33c0ef04707fbe50a096f282050bb5f2","name":"Laura Michaud","image":{"@type":"ImageObject","inLanguage":"fr-FR","@id":"https:\/\/www.redacteur.com\/blog\/#\/schema\/person\/image\/","url":"https:\/\/secure.gravatar.com\/avatar\/c3328cc0c887f98cec6b2979af3311ab6333fc7cc2d4847514cfec6a56fa08a7?s=96&d=mm&r=g","contentUrl":"https:\/\/secure.gravatar.com\/avatar\/c3328cc0c887f98cec6b2979af3311ab6333fc7cc2d4847514cfec6a56fa08a7?s=96&d=mm&r=g","caption":"Laura Michaud"},"description":"Laura connait tous les meilleurs outils pour g\u00e9rer des projets et une entreprise. Cr\u00e9ative, c'est aussi une sp\u00e9cialiste des outils de cr\u00e9ation graphique pour faire briller une entreprise.","sameAs":["https:\/\/www.linkedin.com\/in\/michaudlaura\/"],"url":"https:\/\/www.redacteur.com\/blog\/author\/laura\/"}]}},"_links":{"self":[{"href":"https:\/\/www.redacteur.com\/blog\/wp-json\/wp\/v2\/posts\/22154","targetHints":{"allow":["GET"]}}],"collection":[{"href":"https:\/\/www.redacteur.com\/blog\/wp-json\/wp\/v2\/posts"}],"about":[{"href":"https:\/\/www.redacteur.com\/blog\/wp-json\/wp\/v2\/types\/post"}],"author":[{"embeddable":true,"href":"https:\/\/www.redacteur.com\/blog\/wp-json\/wp\/v2\/users\/1"}],"replies":[{"embeddable":true,"href":"https:\/\/www.redacteur.com\/blog\/wp-json\/wp\/v2\/comments?post=22154"}],"version-history":[{"count":0,"href":"https:\/\/www.redacteur.com\/blog\/wp-json\/wp\/v2\/posts\/22154\/revisions"}],"wp:featuredmedia":[{"embeddable":true,"href":"https:\/\/www.redacteur.com\/blog\/wp-json\/wp\/v2\/media\/22167"}],"wp:attachment":[{"href":"https:\/\/www.redacteur.com\/blog\/wp-json\/wp\/v2\/media?parent=22154"}],"wp:term":[{"taxonomy":"category","embeddable":true,"href":"https:\/\/www.redacteur.com\/blog\/wp-json\/wp\/v2\/categories?post=22154"},{"taxonomy":"post_tag","embeddable":true,"href":"https:\/\/www.redacteur.com\/blog\/wp-json\/wp\/v2\/tags?post=22154"}],"curies":[{"name":"wp","href":"https:\/\/api.w.org\/{rel}","templated":true}]}}