{"id":22548,"date":"2020-10-15T10:30:36","date_gmt":"2020-10-15T08:30:36","guid":{"rendered":"https:\/\/www.redacteur.com\/blog\/?p=22548"},"modified":"2025-08-20T14:43:24","modified_gmt":"2025-08-20T12:43:24","slug":"tpe-pme-developper-marque-linkedin","status":"publish","type":"post","link":"https:\/\/www.redacteur.com\/blog\/tpe-pme-developper-marque-linkedin\/","title":{"rendered":"TPE\/PME&nbsp;: Comment d\u00e9velopper sa marque sur LinkedIn&nbsp;?"},"content":{"rendered":"<p>Les r\u00e9seaux sociaux sont devenus incontournables pour communiquer. Instagram, Facebook ou encore Twitter sont actuellement les plus exploit\u00e9s. Parce que<a href=\"https:\/\/www.redacteur.com\/blog\/quand-publier-facebook-instagram-twitter-linkedin\/\" target=\"_blank\" rel=\"noopener noreferrer\"> LinkedIn<\/a> est un r\u00e9seau professionnel, on ne pense pas \u00e0 y d\u00e9velopper sa marque.<\/p>\n<p>Pourtant, il rassemble plus de 16 millions de personnes en France dont pr\u00e8s de 10 millions d\u2019utilisateurs actifs. LinkedIn est donc massivement utilis\u00e9 et peut permettre de booster l\u2019activit\u00e9 d\u2019une entreprise.<\/p>\n<p>Comment\u00a0? Voici quelques conseils.<\/p>\n<p>&nbsp;<\/p>\n<h2>Une page entreprise bien remplie<\/h2>\n<p>La premi\u00e8re \u00e9tape pour d\u00e9velopper votre marque est de cr\u00e9er une page entreprise qui sera diff\u00e9rente de celle de votre profil. Votre page sera <strong>votre vitrine\u00a0!<\/strong> Il faut donc la remplir avec attention afin que votre <a href=\"https:\/\/www.redacteur.com\/blog\/livre-blanc-gratuit-e-reputation-maitriser-image-marque\/\">image de marque<\/a> et votre identit\u00e9 soient mises en valeur.<\/p>\n<figure id=\"attachment_22550\" aria-describedby=\"caption-attachment-22550\" style=\"width: 940px\" class=\"wp-caption aligncenter\"><img decoding=\"async\" class=\"wp-image-22550 size-full\" src=\"https:\/\/www.redacteur.com\/blog\/wp-content\/uploads\/sites\/6\/2020\/10\/linkedin-for-business-1-940x374-2.png\" alt=\"Source: LinkedIn pages entreprise TPE PME\" width=\"940\" height=\"374\" srcset=\"https:\/\/www.redacteur.com\/blog\/wp-content\/uploads\/sites\/6\/2020\/10\/linkedin-for-business-1-940x374-2.png 940w, https:\/\/www.redacteur.com\/blog\/wp-content\/uploads\/sites\/6\/2020\/10\/linkedin-for-business-1-940x374-2-300x119.png 300w, https:\/\/www.redacteur.com\/blog\/wp-content\/uploads\/sites\/6\/2020\/10\/linkedin-for-business-1-940x374-2-768x306.png 768w, https:\/\/www.redacteur.com\/blog\/wp-content\/uploads\/sites\/6\/2020\/10\/linkedin-for-business-1-940x374-2-60x24.png 60w, https:\/\/www.redacteur.com\/blog\/wp-content\/uploads\/sites\/6\/2020\/10\/linkedin-for-business-1-940x374-2-370x147.png 370w, https:\/\/www.redacteur.com\/blog\/wp-content\/uploads\/sites\/6\/2020\/10\/linkedin-for-business-1-940x374-2-270x107.png 270w, https:\/\/www.redacteur.com\/blog\/wp-content\/uploads\/sites\/6\/2020\/10\/linkedin-for-business-1-940x374-2-570x227.png 570w, https:\/\/www.redacteur.com\/blog\/wp-content\/uploads\/sites\/6\/2020\/10\/linkedin-for-business-1-940x374-2-740x294.png 740w\" sizes=\"(max-width: 940px) 100vw, 940px\" \/><figcaption id=\"caption-attachment-22550\" class=\"wp-caption-text\">Source: LinkedIn<\/figcaption><\/figure>\n<p>Prenez le temps de regarder la page entreprise de vos concurrents ainsi que les pages d\u2019entreprises qui ont r\u00e9ussi le pari de d\u00e9velopper leur marque sur LinkedIn. Identifiez les points forts et exploitez-les. Bien s\u00fbr, vous devez faire en sorte que votre page se distingue.<\/p>\n<p>Dans tous les cas, vous devez inclure certains \u00e9l\u00e9ments incontournables dans votre page entreprise.<\/p>\n<p>Voici quelques exemples.<\/p>\n<ul>\n<li>Nom<\/li>\n<li>Description de votre activit\u00e9<\/li>\n<li>Sp\u00e9cialit\u00e9s<\/li>\n<li>Coordonn\u00e9es<\/li>\n<li>Num\u00e9ro de t\u00e9l\u00e9phone<\/li>\n<li>E-mail<\/li>\n<li>Lien vers votre site internet<\/li>\n<li>Liens vers le profil des personnes qui travaillent pour l\u2019entreprise<\/li>\n<\/ul>\n<blockquote><p>Il est judicieux de travailler sur un <a href=\"https:\/\/www.redacteur.com\/blog\/exemples-slogans-inspirants-marque\/\">slogan<\/a> qui trouvera sa place sur la page de votre entreprise. Il peut s\u2019agir du slogan officiel si vous en avez d\u00e9j\u00e0 un\u00a0! Il peut aussi \u00e9voluer au fil de l\u2019ann\u00e9e en fonction des saisons mais aussi de vos objectifs. Dans tous les cas, le slogan doit \u00eatre accrocheur et marquer les esprits.<\/p><\/blockquote>\n<blockquote><p>\u00c0 lire aussi&nbsp;: <a href=\"https:\/\/www.redacteur.com\/blog\/stories-linkedin-idees-contenus\/\">Stories LinkedIn&nbsp;: 6 id\u00e9es de contenus \u00e0 partager<\/a><\/p><\/blockquote>\n<p>&nbsp;<\/p>\n<h2>Une pr\u00e9sentation soign\u00e9e sur LinkedIn<\/h2>\n<p>Sur LinkedIn, vous communiquez aupr\u00e8s de professionnels. Le ton est diff\u00e9rent de celui employ\u00e9 sur Facebook, il est plus formel. La description en est le parfait exemple. Elle doit permettre d\u2019identifier l\u2019activit\u00e9 de l\u2019entreprise mais aussi, \u00e9ventuellement, de connaitre son pass\u00e9 en quelques lignes seulement.<\/p>\n<p><a href=\"https:\/\/www.linkedin.com\/company\/codeur\/\" target=\"_blank\" rel=\"noopener noreferrer\"><img decoding=\"async\" class=\"aligncenter wp-image-22552 size-full\" src=\"https:\/\/www.redacteur.com\/blog\/wp-content\/uploads\/sites\/6\/2020\/10\/linkedin-codeur-e1602245495360.png\" alt=\"linkedin codeur\" width=\"750\" height=\"393\" srcset=\"https:\/\/www.redacteur.com\/blog\/wp-content\/uploads\/sites\/6\/2020\/10\/linkedin-codeur-e1602245495360.png 750w, https:\/\/www.redacteur.com\/blog\/wp-content\/uploads\/sites\/6\/2020\/10\/linkedin-codeur-e1602245495360-300x157.png 300w, https:\/\/www.redacteur.com\/blog\/wp-content\/uploads\/sites\/6\/2020\/10\/linkedin-codeur-e1602245495360-60x31.png 60w, https:\/\/www.redacteur.com\/blog\/wp-content\/uploads\/sites\/6\/2020\/10\/linkedin-codeur-e1602245495360-370x194.png 370w, https:\/\/www.redacteur.com\/blog\/wp-content\/uploads\/sites\/6\/2020\/10\/linkedin-codeur-e1602245495360-270x141.png 270w, https:\/\/www.redacteur.com\/blog\/wp-content\/uploads\/sites\/6\/2020\/10\/linkedin-codeur-e1602245495360-570x299.png 570w, https:\/\/www.redacteur.com\/blog\/wp-content\/uploads\/sites\/6\/2020\/10\/linkedin-codeur-e1602245495360-740x388.png 740w\" sizes=\"(max-width: 750px) 100vw, 750px\" \/><\/a><\/p>\n<p>Rassurez-vous, vos sp\u00e9cialit\u00e9s n\u2019ont pas \u00e0 \u00eatre list\u00e9es dans l\u2019espace d\u00e9di\u00e9 \u00e0 la description, une autre section est pr\u00e9vue \u00e0 cet effet. \u00a0Pour la remplir correctement, choisissez les bons mots-cl\u00e9s, autrement dit ce qui vous permettront d\u2019\u00eatre trouv\u00e9 par&nbsp;:<\/p>\n<ul>\n<li>les professionnels qui ont besoin de vos produits ou de vos services,<\/li>\n<li>des collaborateurs tels que des fournisseurs ou des prestataires,<\/li>\n<li>des professionnels qui souhaitent candidater aupr\u00e8s de votre entreprise.<\/li>\n<\/ul>\n<blockquote><p>\u00c0 lire aussi&nbsp;: <a href=\"https:\/\/www.redacteur.com\/blog\/linkedin-social-selling-entreprise\/\">LinkedIn&nbsp;: faire du Social Selling pour son entreprise<\/a><\/p><\/blockquote>\n<p>&nbsp;<\/p>\n<h2>Un bon choix de visuels<\/h2>\n<p>Les visuels sont tr\u00e8s importants sur <a href=\"https:\/\/www.redacteur.com\/blog\/entreprise-comment-utiliser-pinterest-commerce\/\" target=\"_blank\" rel=\"noopener noreferrer\">Pinterest<\/a> ou sur <a href=\"https:\/\/www.redacteur.com\/blog\/social-media-astuces-generer-trafic-stories-instagram\/\" target=\"_blank\" rel=\"noopener noreferrer\">Instagram<\/a>. Sachez qu\u2019ils le sont aussi sur LinkedIn. Une bonne communication inclut toujours des visuels de qualit\u00e9 et une charte graphique en accord avec votre activit\u00e9 comme avec votre image.<\/p>\n<p><a href=\"https:\/\/www.linkedin.com\/company\/lequipe1083\/\" target=\"_blank\" rel=\"noopener noreferrer\"><img decoding=\"async\" class=\"aligncenter wp-image-22553 size-full\" src=\"https:\/\/www.redacteur.com\/blog\/wp-content\/uploads\/sites\/6\/2020\/10\/1083-pme-tpe-e1602245593965.png\" alt=\"LinkedIn support visuel TPE PME\" width=\"565\" height=\"750\" srcset=\"https:\/\/www.redacteur.com\/blog\/wp-content\/uploads\/sites\/6\/2020\/10\/1083-pme-tpe-e1602245593965.png 565w, https:\/\/www.redacteur.com\/blog\/wp-content\/uploads\/sites\/6\/2020\/10\/1083-pme-tpe-e1602245593965-226x300.png 226w, https:\/\/www.redacteur.com\/blog\/wp-content\/uploads\/sites\/6\/2020\/10\/1083-pme-tpe-e1602245593965-45x60.png 45w, https:\/\/www.redacteur.com\/blog\/wp-content\/uploads\/sites\/6\/2020\/10\/1083-pme-tpe-e1602245593965-370x491.png 370w, https:\/\/www.redacteur.com\/blog\/wp-content\/uploads\/sites\/6\/2020\/10\/1083-pme-tpe-e1602245593965-270x358.png 270w\" sizes=\"(max-width: 565px) 100vw, 565px\" \/><\/a><\/p>\n<p>En plus de vos textes et des informations indispensables, vous devez inclure sur votre page\u00a0une photo de profil et une photo de couverture ou banni\u00e8re. Pour la photo de profil, le logo est le meilleur choix.<\/p>\n<p>Pour la banni\u00e8re, vous avez le choix. Vous pouvez choisir d\u2019int\u00e9grer une photo de vos \u00e9quipes, de vos locaux ou encore une photo qui rappelle votre site internet.<\/p>\n<blockquote><p>Les visuels sont tr\u00e8s importants car ils vous permettent de communiquer sur votre identit\u00e9. Ils peuvent \u00e9galement vous offrir la possibilit\u00e9 de d\u00e9velopper votre marque comme votre marque employeur. Dans tous les cas, une strat\u00e9gie bien men\u00e9e sera b\u00e9n\u00e9fique pour votre activit\u00e9.<\/p><\/blockquote>\n<blockquote><p>\u00c0 lire aussi&nbsp;: <a href=\"https:\/\/www.redacteur.com\/blog\/linkedin-booster-profil-entrepreneur\/\">LinkedIn&nbsp;: 8 id\u00e9es pour booster votre profil entrepreneur<\/a><\/p><\/blockquote>\n<p>&nbsp;<\/p>\n<h2>Les fonctionnalit\u00e9s de votre page entreprise sur LinkedIn<\/h2>\n<p>LinkedIn est pens\u00e9 pour les professionnels, le r\u00e9seau social propose donc des fonctionnalit\u00e9s pour vous aider \u00e0 vous d\u00e9velopper.\u00a0<\/p>\n<ul>\n<li><strong>La page Vitrine<\/strong> vous permet de pr\u00e9senter vos produits et vos services \u00e0 votre communaut\u00e9 mais aussi \u00e0 une cible d\u00e9finie.<\/li>\n<li><strong>La page Carri\u00e8res<\/strong> est id\u00e9ale pour mettre en valeur vos atouts en tant qu\u2019employeur et attirer des profils int\u00e9ressants. Vous pouvez \u00e9galement diffuser des offres d\u2019emploi.<\/li>\n<li><strong>La page Vie de l\u2019Organisation<\/strong> fonctionne comme un blog et permet de communiquer sur la vie de l\u2019entreprise comme sur l\u2019activit\u00e9 aupr\u00e8s de votre audience.<\/li>\n<li><strong>La publicit\u00e9<\/strong> est un atout pour \u00eatre visible aupr\u00e8s d\u2019une cible d\u00e9finie.<\/li>\n<\/ul>\n<blockquote><p>\u00c0 lire aussi&nbsp;: <a href=\"https:\/\/www.redacteur.com\/blog\/linkedin-publication-booster-conversions\/\">LinkedIn&nbsp;: 5 astuces pour booster vos conversions avec vos publications<\/a><\/p><\/blockquote>\n<p>&nbsp;<\/p>\n<h2>Une bonne gestion de la page LinkedIn<\/h2>\n<p>Pour d\u00e9velopper sa marque sur LinkedIn, il faut <a href=\"https:\/\/www.redacteur.com\/blog\/gerer-un-site-ou-un-blog\/\">animer la page<\/a> entreprise et \u00eatre tr\u00e8s r\u00e9actif. Il est par exemple int\u00e9ressant de publier r\u00e9guli\u00e8rement des contenus pertinents.<\/p>\n<p><img decoding=\"async\" class=\"aligncenter size-full wp-image-20337\" src=\"https:\/\/www.redacteur.com\/blog\/wp-content\/uploads\/sites\/6\/2020\/04\/livre-balnc-linkedIn.jpg\" alt=\"livre blanc exemple\" width=\"617\" height=\"585\" srcset=\"https:\/\/www.redacteur.com\/blog\/wp-content\/uploads\/sites\/6\/2020\/04\/livre-balnc-linkedIn.jpg 617w, https:\/\/www.redacteur.com\/blog\/wp-content\/uploads\/sites\/6\/2020\/04\/livre-balnc-linkedIn-300x284.jpg 300w, https:\/\/www.redacteur.com\/blog\/wp-content\/uploads\/sites\/6\/2020\/04\/livre-balnc-linkedIn-60x57.jpg 60w, https:\/\/www.redacteur.com\/blog\/wp-content\/uploads\/sites\/6\/2020\/04\/livre-balnc-linkedIn-370x351.jpg 370w, https:\/\/www.redacteur.com\/blog\/wp-content\/uploads\/sites\/6\/2020\/04\/livre-balnc-linkedIn-270x256.jpg 270w, https:\/\/www.redacteur.com\/blog\/wp-content\/uploads\/sites\/6\/2020\/04\/livre-balnc-linkedIn-570x540.jpg 570w\" sizes=\"(max-width: 617px) 100vw, 617px\" \/><\/p>\n<p>Il peut s\u2019agir d\u2019articles, <a href=\"https:\/\/www.redacteur.com\/blog\/guide-complet-rediger-livre-blanc\/\">des livres blancs,<\/a> de vid\u00e9os, d\u2019\u00e9tudes de cas, d\u2019interviews ou encore d\u2019infographies. La qualit\u00e9 doit \u00eatre au rendez-vous pour l\u2019ensemble des contenus, ainsi vous multipliez vos chances d\u2019\u00eatre lus et vos contenus seront peut-\u00eatre partag\u00e9s\u00a0!<\/p>\n<blockquote><p>Vous le savez, il est possible de faire de la publicit\u00e9 sur LinkedIn. Il est donc possible de partager un contenu qui apparaitra sur le fil d\u2019actualit\u00e9 de votre cible.<\/p><\/blockquote>\n<blockquote><p>\u00c0 lire aussi&nbsp;: <a href=\"https:\/\/www.redacteur.com\/blog\/gerer-un-site-ou-un-blog\/\">4 conseils pour animer votre site internet<\/a><\/p><\/blockquote>\n<p>&nbsp;<\/p>\n<p>LinkedIn est un r\u00e9seau social puissant et il serait dommage de s\u2019en passer. Inscrivez votre entreprise, distinguez-vous, mettez en valeur votre savoir-faire et votre identit\u00e9, et surtout, faites preuve d\u2019authenticit\u00e9.<\/p>\n<p>Pour la production de contenus, v<a href=\"https:\/\/www.redacteur.com\/\" target=\"_blank\" rel=\"noopener noreferrer\"><strong>ous pouvez compter sur Redacteur.com\u00a0!<\/strong><\/a><\/p>\n","protected":false},"excerpt":{"rendered":"<p>Les r\u00e9seaux sociaux sont devenus incontournables pour communiquer. Instagram, Facebook ou encore Twitter sont actuellement les plus exploit\u00e9s. Parce que LinkedIn est un r\u00e9seau professionnel, on ne pense pas \u00e0 y d\u00e9velopper sa marque. Pourtant, il rassemble plus de 16 millions de personnes en France dont pr\u00e8s de 10 millions d\u2019utilisateurs actifs. LinkedIn est donc [&hellip;]<\/p>\n","protected":false},"author":1,"featured_media":22556,"comment_status":"open","ping_status":"open","sticky":false,"template":"","format":"standard","meta":{"_acf_changed":false,"inline_featured_image":false,"footnotes":""},"categories":[12],"tags":[],"class_list":["post-22548","post","type-post","status-publish","format-standard","has-post-thumbnail","hentry","category-reseaux-sociaux"],"acf":[],"yoast_head":"<!-- This site is optimized with the Yoast SEO plugin v25.9 - https:\/\/yoast.com\/wordpress\/plugins\/seo\/ -->\n<title>TPE\/PME : Comment d\u00e9velopper sa marque sur LinkedIn ? - Redacteur Blog<\/title>\n<meta name=\"description\" content=\"Les r\u00e9seaux sociaux sont devenus incontournables pour communiquer. Instagram, Facebook ou encore Twitter sont actuellement les plus exploit\u00e9s. Parce que\" \/>\n<meta name=\"robots\" content=\"index, follow, max-snippet:-1, max-image-preview:large, max-video-preview:-1\" \/>\n<link rel=\"canonical\" href=\"https:\/\/www.redacteur.com\/blog\/tpe-pme-developper-marque-linkedin\/\" \/>\n<meta property=\"og:locale\" content=\"fr_FR\" \/>\n<meta property=\"og:type\" content=\"article\" \/>\n<meta property=\"og:title\" content=\"TPE\/PME : Comment d\u00e9velopper sa marque sur LinkedIn ? - Redacteur Blog\" \/>\n<meta property=\"og:description\" content=\"Les r\u00e9seaux sociaux sont devenus incontournables pour communiquer. Instagram, Facebook ou encore Twitter sont actuellement les plus exploit\u00e9s. Parce que\" \/>\n<meta property=\"og:url\" content=\"https:\/\/www.redacteur.com\/blog\/tpe-pme-developper-marque-linkedin\/\" \/>\n<meta property=\"og:site_name\" content=\"Redacteur.com\" \/>\n<meta property=\"article:publisher\" content=\"https:\/\/www.facebook.com\/redacteurcom\" \/>\n<meta property=\"article:published_time\" content=\"2020-10-15T08:30:36+00:00\" \/>\n<meta property=\"article:modified_time\" content=\"2025-08-20T12:43:24+00:00\" \/>\n<meta property=\"og:image\" content=\"https:\/\/www.redacteur.com\/blog\/wp-content\/uploads\/sites\/6\/2020\/10\/redacteur-blog-img-linkedin-pme-tpe-marque.jpg\" \/>\n\t<meta property=\"og:image:width\" content=\"850\" \/>\n\t<meta property=\"og:image:height\" content=\"600\" \/>\n\t<meta property=\"og:image:type\" content=\"image\/jpeg\" \/>\n<meta name=\"author\" content=\"Laura Michaud\" \/>\n<meta name=\"twitter:card\" content=\"summary_large_image\" \/>\n<meta name=\"twitter:creator\" content=\"@Redacteurcom\" \/>\n<meta name=\"twitter:site\" content=\"@Redacteurcom\" \/>\n<meta name=\"twitter:label1\" content=\"\u00c9crit par\" \/>\n\t<meta name=\"twitter:data1\" content=\"Laura Michaud\" \/>\n\t<meta name=\"twitter:label2\" content=\"Dur\u00e9e de lecture estim\u00e9e\" \/>\n\t<meta name=\"twitter:data2\" content=\"5 minutes\" \/>\n<script type=\"application\/ld+json\" class=\"yoast-schema-graph\">{\"@context\":\"https:\/\/schema.org\",\"@graph\":[{\"@type\":\"Article\",\"@id\":\"https:\/\/www.redacteur.com\/blog\/tpe-pme-developper-marque-linkedin\/#article\",\"isPartOf\":{\"@id\":\"https:\/\/www.redacteur.com\/blog\/tpe-pme-developper-marque-linkedin\/\"},\"author\":{\"name\":\"Laura Michaud\",\"@id\":\"https:\/\/www.redacteur.com\/blog\/#\/schema\/person\/33c0ef04707fbe50a096f282050bb5f2\"},\"headline\":\"TPE\/PME&nbsp;: Comment d\u00e9velopper sa marque sur LinkedIn&nbsp;?\",\"datePublished\":\"2020-10-15T08:30:36+00:00\",\"dateModified\":\"2025-08-20T12:43:24+00:00\",\"mainEntityOfPage\":{\"@id\":\"https:\/\/www.redacteur.com\/blog\/tpe-pme-developper-marque-linkedin\/\"},\"wordCount\":952,\"commentCount\":1,\"publisher\":{\"@id\":\"https:\/\/www.redacteur.com\/blog\/#organization\"},\"image\":{\"@id\":\"https:\/\/www.redacteur.com\/blog\/tpe-pme-developper-marque-linkedin\/#primaryimage\"},\"thumbnailUrl\":\"https:\/\/www.redacteur.com\/blog\/wp-content\/uploads\/sites\/6\/2020\/10\/redacteur-blog-img-linkedin-pme-tpe-marque.jpg\",\"articleSection\":[\"R\u00e9seaux sociaux\"],\"inLanguage\":\"fr-FR\",\"potentialAction\":[{\"@type\":\"CommentAction\",\"name\":\"Comment\",\"target\":[\"https:\/\/www.redacteur.com\/blog\/tpe-pme-developper-marque-linkedin\/#respond\"]}]},{\"@type\":\"WebPage\",\"@id\":\"https:\/\/www.redacteur.com\/blog\/tpe-pme-developper-marque-linkedin\/\",\"url\":\"https:\/\/www.redacteur.com\/blog\/tpe-pme-developper-marque-linkedin\/\",\"name\":\"TPE\/PME : Comment d\u00e9velopper sa marque sur LinkedIn ? - Redacteur Blog\",\"isPartOf\":{\"@id\":\"https:\/\/www.redacteur.com\/blog\/#website\"},\"primaryImageOfPage\":{\"@id\":\"https:\/\/www.redacteur.com\/blog\/tpe-pme-developper-marque-linkedin\/#primaryimage\"},\"image\":{\"@id\":\"https:\/\/www.redacteur.com\/blog\/tpe-pme-developper-marque-linkedin\/#primaryimage\"},\"thumbnailUrl\":\"https:\/\/www.redacteur.com\/blog\/wp-content\/uploads\/sites\/6\/2020\/10\/redacteur-blog-img-linkedin-pme-tpe-marque.jpg\",\"datePublished\":\"2020-10-15T08:30:36+00:00\",\"dateModified\":\"2025-08-20T12:43:24+00:00\",\"description\":\"Les r\u00e9seaux sociaux sont devenus incontournables pour communiquer. Instagram, Facebook ou encore Twitter sont actuellement les plus exploit\u00e9s. Parce que\",\"breadcrumb\":{\"@id\":\"https:\/\/www.redacteur.com\/blog\/tpe-pme-developper-marque-linkedin\/#breadcrumb\"},\"inLanguage\":\"fr-FR\",\"potentialAction\":[{\"@type\":\"ReadAction\",\"target\":[\"https:\/\/www.redacteur.com\/blog\/tpe-pme-developper-marque-linkedin\/\"]}]},{\"@type\":\"ImageObject\",\"inLanguage\":\"fr-FR\",\"@id\":\"https:\/\/www.redacteur.com\/blog\/tpe-pme-developper-marque-linkedin\/#primaryimage\",\"url\":\"https:\/\/www.redacteur.com\/blog\/wp-content\/uploads\/sites\/6\/2020\/10\/redacteur-blog-img-linkedin-pme-tpe-marque.jpg\",\"contentUrl\":\"https:\/\/www.redacteur.com\/blog\/wp-content\/uploads\/sites\/6\/2020\/10\/redacteur-blog-img-linkedin-pme-tpe-marque.jpg\",\"width\":850,\"height\":600},{\"@type\":\"BreadcrumbList\",\"@id\":\"https:\/\/www.redacteur.com\/blog\/tpe-pme-developper-marque-linkedin\/#breadcrumb\",\"itemListElement\":[{\"@type\":\"ListItem\",\"position\":1,\"name\":\"Blog\",\"item\":\"https:\/\/www.redacteur.com\/blog\/\"},{\"@type\":\"ListItem\",\"position\":2,\"name\":\"Content marketing\",\"item\":\"https:\/\/www.redacteur.com\/blog\/contenu-web\/\"},{\"@type\":\"ListItem\",\"position\":3,\"name\":\"R\u00e9seaux sociaux\",\"item\":\"https:\/\/www.redacteur.com\/blog\/contenu-web\/reseaux-sociaux\/\"},{\"@type\":\"ListItem\",\"position\":4,\"name\":\"TPE\/PME&nbsp;: Comment d\u00e9velopper sa marque sur LinkedIn&nbsp;?\"}]},{\"@type\":\"WebSite\",\"@id\":\"https:\/\/www.redacteur.com\/blog\/#website\",\"url\":\"https:\/\/www.redacteur.com\/blog\/\",\"name\":\"Redacteur.com\",\"description\":\"redacteur\",\"publisher\":{\"@id\":\"https:\/\/www.redacteur.com\/blog\/#organization\"},\"potentialAction\":[{\"@type\":\"SearchAction\",\"target\":{\"@type\":\"EntryPoint\",\"urlTemplate\":\"https:\/\/www.redacteur.com\/blog\/?s={search_term_string}\"},\"query-input\":{\"@type\":\"PropertyValueSpecification\",\"valueRequired\":true,\"valueName\":\"search_term_string\"}}],\"inLanguage\":\"fr-FR\"},{\"@type\":\"Organization\",\"@id\":\"https:\/\/www.redacteur.com\/blog\/#organization\",\"name\":\"Redacteur.com\",\"url\":\"https:\/\/www.redacteur.com\/blog\/\",\"logo\":{\"@type\":\"ImageObject\",\"inLanguage\":\"fr-FR\",\"@id\":\"https:\/\/www.redacteur.com\/blog\/#\/schema\/logo\/image\/\",\"url\":\"https:\/\/www.redacteur.com\/blog\/wp-content\/uploads\/sites\/6\/2022\/10\/logo-redacteur-blog.svg\",\"contentUrl\":\"https:\/\/www.redacteur.com\/blog\/wp-content\/uploads\/sites\/6\/2022\/10\/logo-redacteur-blog.svg\",\"width\":1,\"height\":1,\"caption\":\"Redacteur.com\"},\"image\":{\"@id\":\"https:\/\/www.redacteur.com\/blog\/#\/schema\/logo\/image\/\"},\"sameAs\":[\"https:\/\/www.facebook.com\/redacteurcom\",\"https:\/\/x.com\/Redacteurcom\",\"https:\/\/www.linkedin.com\/company\/redacteur-com\",\"https:\/\/www.youtube.com\/channel\/UCgj9ySM9xy3gdL8qBafl9Uw\/\"]},{\"@type\":\"Person\",\"@id\":\"https:\/\/www.redacteur.com\/blog\/#\/schema\/person\/33c0ef04707fbe50a096f282050bb5f2\",\"name\":\"Laura Michaud\",\"image\":{\"@type\":\"ImageObject\",\"inLanguage\":\"fr-FR\",\"@id\":\"https:\/\/www.redacteur.com\/blog\/#\/schema\/person\/image\/\",\"url\":\"https:\/\/secure.gravatar.com\/avatar\/c3328cc0c887f98cec6b2979af3311ab6333fc7cc2d4847514cfec6a56fa08a7?s=96&d=mm&r=g\",\"contentUrl\":\"https:\/\/secure.gravatar.com\/avatar\/c3328cc0c887f98cec6b2979af3311ab6333fc7cc2d4847514cfec6a56fa08a7?s=96&d=mm&r=g\",\"caption\":\"Laura Michaud\"},\"description\":\"Laura connait tous les meilleurs outils pour g\u00e9rer des projets et une entreprise. Cr\u00e9ative, c'est aussi une sp\u00e9cialiste des outils de cr\u00e9ation graphique pour faire briller une entreprise.\",\"sameAs\":[\"https:\/\/www.linkedin.com\/in\/michaudlaura\/\"],\"url\":\"https:\/\/www.redacteur.com\/blog\/author\/laura\/\"}]}<\/script>\n<!-- \/ Yoast SEO plugin. -->","yoast_head_json":{"title":"TPE\/PME : Comment d\u00e9velopper sa marque sur LinkedIn ? - Redacteur Blog","description":"Les r\u00e9seaux sociaux sont devenus incontournables pour communiquer. Instagram, Facebook ou encore Twitter sont actuellement les plus exploit\u00e9s. Parce que","robots":{"index":"index","follow":"follow","max-snippet":"max-snippet:-1","max-image-preview":"max-image-preview:large","max-video-preview":"max-video-preview:-1"},"canonical":"https:\/\/www.redacteur.com\/blog\/tpe-pme-developper-marque-linkedin\/","og_locale":"fr_FR","og_type":"article","og_title":"TPE\/PME : Comment d\u00e9velopper sa marque sur LinkedIn ? - Redacteur Blog","og_description":"Les r\u00e9seaux sociaux sont devenus incontournables pour communiquer. Instagram, Facebook ou encore Twitter sont actuellement les plus exploit\u00e9s. Parce que","og_url":"https:\/\/www.redacteur.com\/blog\/tpe-pme-developper-marque-linkedin\/","og_site_name":"Redacteur.com","article_publisher":"https:\/\/www.facebook.com\/redacteurcom","article_published_time":"2020-10-15T08:30:36+00:00","article_modified_time":"2025-08-20T12:43:24+00:00","og_image":[{"width":850,"height":600,"url":"https:\/\/www.redacteur.com\/blog\/wp-content\/uploads\/sites\/6\/2020\/10\/redacteur-blog-img-linkedin-pme-tpe-marque.jpg","type":"image\/jpeg"}],"author":"Laura Michaud","twitter_card":"summary_large_image","twitter_creator":"@Redacteurcom","twitter_site":"@Redacteurcom","twitter_misc":{"\u00c9crit par":"Laura Michaud","Dur\u00e9e de lecture estim\u00e9e":"5 minutes"},"schema":{"@context":"https:\/\/schema.org","@graph":[{"@type":"Article","@id":"https:\/\/www.redacteur.com\/blog\/tpe-pme-developper-marque-linkedin\/#article","isPartOf":{"@id":"https:\/\/www.redacteur.com\/blog\/tpe-pme-developper-marque-linkedin\/"},"author":{"name":"Laura Michaud","@id":"https:\/\/www.redacteur.com\/blog\/#\/schema\/person\/33c0ef04707fbe50a096f282050bb5f2"},"headline":"TPE\/PME&nbsp;: Comment d\u00e9velopper sa marque sur LinkedIn&nbsp;?","datePublished":"2020-10-15T08:30:36+00:00","dateModified":"2025-08-20T12:43:24+00:00","mainEntityOfPage":{"@id":"https:\/\/www.redacteur.com\/blog\/tpe-pme-developper-marque-linkedin\/"},"wordCount":952,"commentCount":1,"publisher":{"@id":"https:\/\/www.redacteur.com\/blog\/#organization"},"image":{"@id":"https:\/\/www.redacteur.com\/blog\/tpe-pme-developper-marque-linkedin\/#primaryimage"},"thumbnailUrl":"https:\/\/www.redacteur.com\/blog\/wp-content\/uploads\/sites\/6\/2020\/10\/redacteur-blog-img-linkedin-pme-tpe-marque.jpg","articleSection":["R\u00e9seaux sociaux"],"inLanguage":"fr-FR","potentialAction":[{"@type":"CommentAction","name":"Comment","target":["https:\/\/www.redacteur.com\/blog\/tpe-pme-developper-marque-linkedin\/#respond"]}]},{"@type":"WebPage","@id":"https:\/\/www.redacteur.com\/blog\/tpe-pme-developper-marque-linkedin\/","url":"https:\/\/www.redacteur.com\/blog\/tpe-pme-developper-marque-linkedin\/","name":"TPE\/PME : Comment d\u00e9velopper sa marque sur LinkedIn ? - Redacteur Blog","isPartOf":{"@id":"https:\/\/www.redacteur.com\/blog\/#website"},"primaryImageOfPage":{"@id":"https:\/\/www.redacteur.com\/blog\/tpe-pme-developper-marque-linkedin\/#primaryimage"},"image":{"@id":"https:\/\/www.redacteur.com\/blog\/tpe-pme-developper-marque-linkedin\/#primaryimage"},"thumbnailUrl":"https:\/\/www.redacteur.com\/blog\/wp-content\/uploads\/sites\/6\/2020\/10\/redacteur-blog-img-linkedin-pme-tpe-marque.jpg","datePublished":"2020-10-15T08:30:36+00:00","dateModified":"2025-08-20T12:43:24+00:00","description":"Les r\u00e9seaux sociaux sont devenus incontournables pour communiquer. Instagram, Facebook ou encore Twitter sont actuellement les plus exploit\u00e9s. Parce que","breadcrumb":{"@id":"https:\/\/www.redacteur.com\/blog\/tpe-pme-developper-marque-linkedin\/#breadcrumb"},"inLanguage":"fr-FR","potentialAction":[{"@type":"ReadAction","target":["https:\/\/www.redacteur.com\/blog\/tpe-pme-developper-marque-linkedin\/"]}]},{"@type":"ImageObject","inLanguage":"fr-FR","@id":"https:\/\/www.redacteur.com\/blog\/tpe-pme-developper-marque-linkedin\/#primaryimage","url":"https:\/\/www.redacteur.com\/blog\/wp-content\/uploads\/sites\/6\/2020\/10\/redacteur-blog-img-linkedin-pme-tpe-marque.jpg","contentUrl":"https:\/\/www.redacteur.com\/blog\/wp-content\/uploads\/sites\/6\/2020\/10\/redacteur-blog-img-linkedin-pme-tpe-marque.jpg","width":850,"height":600},{"@type":"BreadcrumbList","@id":"https:\/\/www.redacteur.com\/blog\/tpe-pme-developper-marque-linkedin\/#breadcrumb","itemListElement":[{"@type":"ListItem","position":1,"name":"Blog","item":"https:\/\/www.redacteur.com\/blog\/"},{"@type":"ListItem","position":2,"name":"Content marketing","item":"https:\/\/www.redacteur.com\/blog\/contenu-web\/"},{"@type":"ListItem","position":3,"name":"R\u00e9seaux sociaux","item":"https:\/\/www.redacteur.com\/blog\/contenu-web\/reseaux-sociaux\/"},{"@type":"ListItem","position":4,"name":"TPE\/PME&nbsp;: Comment d\u00e9velopper sa marque sur LinkedIn&nbsp;?"}]},{"@type":"WebSite","@id":"https:\/\/www.redacteur.com\/blog\/#website","url":"https:\/\/www.redacteur.com\/blog\/","name":"Redacteur.com","description":"redacteur","publisher":{"@id":"https:\/\/www.redacteur.com\/blog\/#organization"},"potentialAction":[{"@type":"SearchAction","target":{"@type":"EntryPoint","urlTemplate":"https:\/\/www.redacteur.com\/blog\/?s={search_term_string}"},"query-input":{"@type":"PropertyValueSpecification","valueRequired":true,"valueName":"search_term_string"}}],"inLanguage":"fr-FR"},{"@type":"Organization","@id":"https:\/\/www.redacteur.com\/blog\/#organization","name":"Redacteur.com","url":"https:\/\/www.redacteur.com\/blog\/","logo":{"@type":"ImageObject","inLanguage":"fr-FR","@id":"https:\/\/www.redacteur.com\/blog\/#\/schema\/logo\/image\/","url":"https:\/\/www.redacteur.com\/blog\/wp-content\/uploads\/sites\/6\/2022\/10\/logo-redacteur-blog.svg","contentUrl":"https:\/\/www.redacteur.com\/blog\/wp-content\/uploads\/sites\/6\/2022\/10\/logo-redacteur-blog.svg","width":1,"height":1,"caption":"Redacteur.com"},"image":{"@id":"https:\/\/www.redacteur.com\/blog\/#\/schema\/logo\/image\/"},"sameAs":["https:\/\/www.facebook.com\/redacteurcom","https:\/\/x.com\/Redacteurcom","https:\/\/www.linkedin.com\/company\/redacteur-com","https:\/\/www.youtube.com\/channel\/UCgj9ySM9xy3gdL8qBafl9Uw\/"]},{"@type":"Person","@id":"https:\/\/www.redacteur.com\/blog\/#\/schema\/person\/33c0ef04707fbe50a096f282050bb5f2","name":"Laura Michaud","image":{"@type":"ImageObject","inLanguage":"fr-FR","@id":"https:\/\/www.redacteur.com\/blog\/#\/schema\/person\/image\/","url":"https:\/\/secure.gravatar.com\/avatar\/c3328cc0c887f98cec6b2979af3311ab6333fc7cc2d4847514cfec6a56fa08a7?s=96&d=mm&r=g","contentUrl":"https:\/\/secure.gravatar.com\/avatar\/c3328cc0c887f98cec6b2979af3311ab6333fc7cc2d4847514cfec6a56fa08a7?s=96&d=mm&r=g","caption":"Laura Michaud"},"description":"Laura connait tous les meilleurs outils pour g\u00e9rer des projets et une entreprise. Cr\u00e9ative, c'est aussi une sp\u00e9cialiste des outils de cr\u00e9ation graphique pour faire briller une entreprise.","sameAs":["https:\/\/www.linkedin.com\/in\/michaudlaura\/"],"url":"https:\/\/www.redacteur.com\/blog\/author\/laura\/"}]}},"_links":{"self":[{"href":"https:\/\/www.redacteur.com\/blog\/wp-json\/wp\/v2\/posts\/22548","targetHints":{"allow":["GET"]}}],"collection":[{"href":"https:\/\/www.redacteur.com\/blog\/wp-json\/wp\/v2\/posts"}],"about":[{"href":"https:\/\/www.redacteur.com\/blog\/wp-json\/wp\/v2\/types\/post"}],"author":[{"embeddable":true,"href":"https:\/\/www.redacteur.com\/blog\/wp-json\/wp\/v2\/users\/1"}],"replies":[{"embeddable":true,"href":"https:\/\/www.redacteur.com\/blog\/wp-json\/wp\/v2\/comments?post=22548"}],"version-history":[{"count":0,"href":"https:\/\/www.redacteur.com\/blog\/wp-json\/wp\/v2\/posts\/22548\/revisions"}],"wp:featuredmedia":[{"embeddable":true,"href":"https:\/\/www.redacteur.com\/blog\/wp-json\/wp\/v2\/media\/22556"}],"wp:attachment":[{"href":"https:\/\/www.redacteur.com\/blog\/wp-json\/wp\/v2\/media?parent=22548"}],"wp:term":[{"taxonomy":"category","embeddable":true,"href":"https:\/\/www.redacteur.com\/blog\/wp-json\/wp\/v2\/categories?post=22548"},{"taxonomy":"post_tag","embeddable":true,"href":"https:\/\/www.redacteur.com\/blog\/wp-json\/wp\/v2\/tags?post=22548"}],"curies":[{"name":"wp","href":"https:\/\/api.w.org\/{rel}","templated":true}]}}