{"id":22678,"date":"2020-10-24T10:30:22","date_gmt":"2020-10-24T08:30:22","guid":{"rendered":"https:\/\/www.redacteur.com\/blog\/?p=22678"},"modified":"2025-08-20T14:43:24","modified_gmt":"2025-08-20T12:43:24","slug":"facebook-page-entreprise-ou-groupe","status":"publish","type":"post","link":"https:\/\/www.redacteur.com\/blog\/facebook-page-entreprise-ou-groupe\/","title":{"rendered":"Facebook&nbsp;: page entreprise ou groupe, comment choisir&nbsp;?"},"content":{"rendered":"<p>Vous avez votre propre entreprise\u00a0? Vous avez une activit\u00e9 professionnelle \u00e0 promouvoir\u00a0?<\/p>\n<p>La premi\u00e8re \u00e9tape pour y parvenir est d\u2019avoir une site web de qualit\u00e9, qui corresponde \u00e0 votre image de marque. Ensuite, vous devez g\u00e9n\u00e9rer du trafic sur votre site et vous faire connaitre.<\/p>\n<p>Pour y parvenir, vous pouvez miser sur <a href=\"https:\/\/www.redacteur.com\/blog\/blogging-facebook-twitter-creer-communaute\/\" target=\"_blank\" rel=\"noopener noreferrer\">Facebook<\/a>. Rappelons que le r\u00e9seau social rassemble pr\u00e8s de 40 millions d\u2019utilisateurs actifs en France. Sur Facebook, vous pouvez cr\u00e9er une page entreprise ou un groupe.<\/p>\n<p>Que choisir\u00a0? Voici tout ce que vous devez savoir pour faire le bon choix.<\/p>\n<p>&nbsp;<\/p>\n<h2>Pourquoi \u00eatre sur Facebook\u00a0?<\/h2>\n<p>Les r\u00e9seaux sociaux sont nombreux mais Facebook reste le leader incontest\u00e9 en France comme \u00e0 l\u2019international.<\/p>\n<p><img decoding=\"async\" class=\"aligncenter wp-image-22586\" src=\"https:\/\/www.redacteur.com\/blog\/wp-content\/uploads\/sites\/6\/2020\/10\/facebook.jpg\" alt=\"\" width=\"691\" height=\"460\" srcset=\"https:\/\/www.redacteur.com\/blog\/wp-content\/uploads\/sites\/6\/2020\/10\/facebook.jpg 750w, https:\/\/www.redacteur.com\/blog\/wp-content\/uploads\/sites\/6\/2020\/10\/facebook-300x200.jpg 300w, https:\/\/www.redacteur.com\/blog\/wp-content\/uploads\/sites\/6\/2020\/10\/facebook-60x40.jpg 60w, https:\/\/www.redacteur.com\/blog\/wp-content\/uploads\/sites\/6\/2020\/10\/facebook-370x247.jpg 370w, https:\/\/www.redacteur.com\/blog\/wp-content\/uploads\/sites\/6\/2020\/10\/facebook-270x180.jpg 270w, https:\/\/www.redacteur.com\/blog\/wp-content\/uploads\/sites\/6\/2020\/10\/facebook-570x380.jpg 570w, https:\/\/www.redacteur.com\/blog\/wp-content\/uploads\/sites\/6\/2020\/10\/facebook-740x493.jpg 740w\" sizes=\"(max-width: 691px) 100vw, 691px\" \/><\/p>\n<p>V\u00e9ritable g\u00e9n\u00e9rateur de communaut\u00e9s, il est aussi un puissant <a href=\"https:\/\/www.redacteur.com\/blog\/engagement-fans-facebook\/\" target=\"_blank\" rel=\"noopener noreferrer\">outil de communication<\/a> pour les entreprises et les professionnels.<br \/>\nSur Facebook, vous pouvez communiquer avec votre communaut\u00e9 mais aussi informer et faire de la promotion.<\/p>\n<p>Pour y parvenir, deux options s\u2019offrent \u00e0 vous\u00a0:<\/p>\n<ul>\n<li>Cr\u00e9er une page entreprise<\/li>\n<li>Cr\u00e9er un groupe<\/li>\n<\/ul>\n<blockquote><p>\u00c0 lire aussi&nbsp;: <a href=\"https:\/\/www.redacteur.com\/blog\/tpe-pme-optimisation-seo-site-dentreprise\/\">TPE\/PME&nbsp;: optimisez en 5 clics le SEO de votre site d\u2019entreprise<\/a><\/p><\/blockquote>\n<p>&nbsp;<\/p>\n<h2>Tout savoir sur la Page Facebook<\/h2>\n<p>Une <a href=\"https:\/\/www.redacteur.com\/blog\/comment-creer-strategie-marketing-facebook\/\">Page Facebook<\/a> peut \u00eatre cr\u00e9\u00e9e par une entreprise, une personnalit\u00e9 ou encore une organisation. Elle est index\u00e9e par les moteurs de recherche. Gr\u00e2ce \u00e0 elle, il est donc possible de jouir d\u2019une meilleure visibilit\u00e9, ce qui en fait un excellent compl\u00e9ment au site Internet.<\/p>\n<p><a href=\"https:\/\/www.facebook.com\/login\/?next=https%3A%2F%2Fwww.facebook.com%2Fredacteurcom%2F\" target=\"_blank\" rel=\"noopener noreferrer\"><img decoding=\"async\" class=\"aligncenter wp-image-22679 size-full\" src=\"https:\/\/www.redacteur.com\/blog\/wp-content\/uploads\/sites\/6\/2020\/10\/page-facebook-group-redacteur-e1602856666585.png\" alt=\"page Facebook\" width=\"750\" height=\"546\" srcset=\"https:\/\/www.redacteur.com\/blog\/wp-content\/uploads\/sites\/6\/2020\/10\/page-facebook-group-redacteur-e1602856666585.png 750w, https:\/\/www.redacteur.com\/blog\/wp-content\/uploads\/sites\/6\/2020\/10\/page-facebook-group-redacteur-e1602856666585-300x218.png 300w, https:\/\/www.redacteur.com\/blog\/wp-content\/uploads\/sites\/6\/2020\/10\/page-facebook-group-redacteur-e1602856666585-60x44.png 60w, https:\/\/www.redacteur.com\/blog\/wp-content\/uploads\/sites\/6\/2020\/10\/page-facebook-group-redacteur-e1602856666585-370x269.png 370w, https:\/\/www.redacteur.com\/blog\/wp-content\/uploads\/sites\/6\/2020\/10\/page-facebook-group-redacteur-e1602856666585-270x197.png 270w, https:\/\/www.redacteur.com\/blog\/wp-content\/uploads\/sites\/6\/2020\/10\/page-facebook-group-redacteur-e1602856666585-570x415.png 570w, https:\/\/www.redacteur.com\/blog\/wp-content\/uploads\/sites\/6\/2020\/10\/page-facebook-group-redacteur-e1602856666585-740x539.png 740w\" sizes=\"(max-width: 750px) 100vw, 750px\" \/><\/a><\/p>\n<p>La Page Facebook de votre entreprise est publique. Elle est par cons\u00e9quent ouverte et visible en dehors de Facebook en cas de requ\u00eate concluante. Pour vous suivre, les internautes cliquent sur le bouton \u201cJ\u2019aime\u201d ou \u201cFollow\u201d. La page peut \u00eatre sugg\u00e9r\u00e9e aux amis des visiteurs et des followers.<\/p>\n<blockquote><p>Selon la nature de votre activit\u00e9, vous pouvez choisir de filtrer les visiteurs en fonction de leur \u00e2ge, cette fonctionnalit\u00e9 est hautement recommand\u00e9e sur vous commercialisez de l\u2019alcool par exemple. Il est \u00e9galement possible de filtrer les visiteurs en fonction de leur pays pour des questions de droits.<\/p><\/blockquote>\n<p>Seul l\u2019administrateur de la page peut publier des contenus. S\u2019il souhaite contacter les abonn\u00e9s, il peut le faire via Messenger, le contact est individuel. Bien s\u00fbr, il peut y avoir plusieurs administrateurs\u00a0ainsi que des \u00e9diteurs, des annonceurs ou encore des mod\u00e9rateurs.<\/p>\n<p>L\u2019une des diff\u00e9rences majeures quand on opte pour la Page Facebook est que vous b\u00e9n\u00e9ficiez d\u2019une messagerie directement li\u00e9e \u00e0 la page. Les groupes Facebook n\u2019ont pas cette opportunit\u00e9, ils sont membres d\u2019un groupe et discutent en tant que membres.<\/p>\n<p>Donc si nous r\u00e9capitulons, avec une Page Facebook il est possible de\u00a0:<\/p>\n<ul>\n<li>Cr\u00e9er une page d\u00e9di\u00e9e \u00e0 son entreprise ou son activit\u00e9,<\/li>\n<li>\u00catre index\u00e9 par les moteurs de recherche,<\/li>\n<li>Avoir une page ouverte \u00e0 tous ou de filtrer,<\/li>\n<li>Publier sous le nom de l\u2019entreprise,<\/li>\n<li>Profiter d\u2019une messagerie,<\/li>\n<li>Cr\u00e9er des \u00e9v\u00e9nements.<\/li>\n<\/ul>\n<blockquote><p>\u00c0 lire aussi&nbsp;: <a href=\"https:\/\/www.redacteur.com\/blog\/quand-publier-facebook-instagram-twitter-linkedin\/\">Quand publier sur Facebook, Instagram, Twitter et LinkedIn en 2020&nbsp;?<\/a><\/p><\/blockquote>\n<p>&nbsp;<\/p>\n<h2>D\u00e9couvrir les fonctionnalit\u00e9s du Groupe Facebook<\/h2>\n<p>N\u2019importe quelle personne peut cr\u00e9er un Groupe Facebook. Il n\u2019est pas n\u00e9cessaire d\u2019\u00eatre professionnel ou d\u2019avoir une entreprise pour y parvenir. Un simple centre d\u2019int\u00e9r\u00eat suffit. Le groupe peut avoir plusieurs statuts.<\/p>\n<p><img decoding=\"async\" class=\"aligncenter wp-image-22681\" src=\"https:\/\/www.redacteur.com\/blog\/wp-content\/uploads\/sites\/6\/2020\/10\/comment-creer-un-groupe-facebook.png\" alt=\"\" width=\"818\" height=\"566\" srcset=\"https:\/\/www.redacteur.com\/blog\/wp-content\/uploads\/sites\/6\/2020\/10\/comment-creer-un-groupe-facebook.png 1080w, https:\/\/www.redacteur.com\/blog\/wp-content\/uploads\/sites\/6\/2020\/10\/comment-creer-un-groupe-facebook-300x208.png 300w, https:\/\/www.redacteur.com\/blog\/wp-content\/uploads\/sites\/6\/2020\/10\/comment-creer-un-groupe-facebook-1024x708.png 1024w, https:\/\/www.redacteur.com\/blog\/wp-content\/uploads\/sites\/6\/2020\/10\/comment-creer-un-groupe-facebook-768x531.png 768w, https:\/\/www.redacteur.com\/blog\/wp-content\/uploads\/sites\/6\/2020\/10\/comment-creer-un-groupe-facebook-60x42.png 60w, https:\/\/www.redacteur.com\/blog\/wp-content\/uploads\/sites\/6\/2020\/10\/comment-creer-un-groupe-facebook-370x256.png 370w, https:\/\/www.redacteur.com\/blog\/wp-content\/uploads\/sites\/6\/2020\/10\/comment-creer-un-groupe-facebook-270x187.png 270w, https:\/\/www.redacteur.com\/blog\/wp-content\/uploads\/sites\/6\/2020\/10\/comment-creer-un-groupe-facebook-435x300.png 435w, https:\/\/www.redacteur.com\/blog\/wp-content\/uploads\/sites\/6\/2020\/10\/comment-creer-un-groupe-facebook-570x394.png 570w, https:\/\/www.redacteur.com\/blog\/wp-content\/uploads\/sites\/6\/2020\/10\/comment-creer-un-groupe-facebook-740x512.png 740w\" sizes=\"(max-width: 818px) 100vw, 818px\" \/><\/p>\n<p>Il peut \u00eatre\u00a0:<\/p>\n<ul>\n<li>Ouvert \u00e0 tous, et donc public,<\/li>\n<li>Ferm\u00e9 avec la n\u00e9cessit\u00e9 de demander une autorisation,<\/li>\n<li>Secret et seulement sur invitation.<\/li>\n<\/ul>\n<p>Si le groupe est ouvert, comme la page Facebook, il est index\u00e9 par les r\u00e9seaux sociaux. Cependant, si vous choisissez de cr\u00e9er un groupe ferm\u00e9 ou secret, alors il ne sera pas index\u00e9. Votre choix aura donc un impact non n\u00e9gligeable sur votre visibilit\u00e9.<\/p>\n<p><img decoding=\"async\" class=\"aligncenter size-full wp-image-22682\" src=\"https:\/\/www.redacteur.com\/blog\/wp-content\/uploads\/sites\/6\/2020\/10\/facebook-groupes-664x460-1.jpg\" alt=\"\" width=\"664\" height=\"460\" srcset=\"https:\/\/www.redacteur.com\/blog\/wp-content\/uploads\/sites\/6\/2020\/10\/facebook-groupes-664x460-1.jpg 664w, https:\/\/www.redacteur.com\/blog\/wp-content\/uploads\/sites\/6\/2020\/10\/facebook-groupes-664x460-1-300x208.jpg 300w, https:\/\/www.redacteur.com\/blog\/wp-content\/uploads\/sites\/6\/2020\/10\/facebook-groupes-664x460-1-60x42.jpg 60w, https:\/\/www.redacteur.com\/blog\/wp-content\/uploads\/sites\/6\/2020\/10\/facebook-groupes-664x460-1-370x256.jpg 370w, https:\/\/www.redacteur.com\/blog\/wp-content\/uploads\/sites\/6\/2020\/10\/facebook-groupes-664x460-1-270x187.jpg 270w, https:\/\/www.redacteur.com\/blog\/wp-content\/uploads\/sites\/6\/2020\/10\/facebook-groupes-664x460-1-435x300.jpg 435w, https:\/\/www.redacteur.com\/blog\/wp-content\/uploads\/sites\/6\/2020\/10\/facebook-groupes-664x460-1-570x395.jpg 570w\" sizes=\"(max-width: 664px) 100vw, 664px\" \/><\/p>\n<p>Les personnes qui animent le groupe publient sous leur propre nom. Elles sont directement impliqu\u00e9es\u00a0! Si elles souhaitent contacter les membres, elles doivent passer par le mur du groupe ou par Messenger. Dans ce cas, les messages sont individuels.<\/p>\n<p>Les Groupes Facebook permettent de\u00a0:<\/p>\n<ul>\n<li>Cr\u00e9er une page pour <a href=\"https:\/\/www.redacteur.com\/blog\/tpe-pme-promouvoir-activite-gratuit\/\">promouvoir<\/a> une th\u00e9matique,<\/li>\n<li>\u00catre index\u00e9 par les moteurs de recherche, si vous \u00eates un groupe ouvert au public,<\/li>\n<li>Choisir les membres du groupe,<\/li>\n<li>Publier individuellement,<\/li>\n<li>Profiter d\u2019une messagerie,<\/li>\n<li>Cr\u00e9er des \u00e9v\u00e9nements.<\/li>\n<\/ul>\n<blockquote><p>\u00c0 lire aussi&nbsp;: <a href=\"https:\/\/www.redacteur.com\/blog\/social-media-comment-crise\/\">Social Media&nbsp;: comment agir en cas de crise&nbsp;?<\/a><\/p><\/blockquote>\n<p>&nbsp;<\/p>\n<h2>Page ou Groupe Facebook\u00a0: que choisir\u00a0?<\/h2>\n<p><img decoding=\"async\" class=\"aligncenter wp-image-22684 size-full\" src=\"https:\/\/www.redacteur.com\/blog\/wp-content\/uploads\/sites\/6\/2020\/10\/facebook-une-page-profil-groupe-e1602857072444.jpg\" alt=\"\" width=\"750\" height=\"329\" srcset=\"https:\/\/www.redacteur.com\/blog\/wp-content\/uploads\/sites\/6\/2020\/10\/facebook-une-page-profil-groupe-e1602857072444.jpg 750w, https:\/\/www.redacteur.com\/blog\/wp-content\/uploads\/sites\/6\/2020\/10\/facebook-une-page-profil-groupe-e1602857072444-300x132.jpg 300w, https:\/\/www.redacteur.com\/blog\/wp-content\/uploads\/sites\/6\/2020\/10\/facebook-une-page-profil-groupe-e1602857072444-60x26.jpg 60w, https:\/\/www.redacteur.com\/blog\/wp-content\/uploads\/sites\/6\/2020\/10\/facebook-une-page-profil-groupe-e1602857072444-370x162.jpg 370w, https:\/\/www.redacteur.com\/blog\/wp-content\/uploads\/sites\/6\/2020\/10\/facebook-une-page-profil-groupe-e1602857072444-270x118.jpg 270w, https:\/\/www.redacteur.com\/blog\/wp-content\/uploads\/sites\/6\/2020\/10\/facebook-une-page-profil-groupe-e1602857072444-570x250.jpg 570w, https:\/\/www.redacteur.com\/blog\/wp-content\/uploads\/sites\/6\/2020\/10\/facebook-une-page-profil-groupe-e1602857072444-740x325.jpg 740w\" sizes=\"(max-width: 750px) 100vw, 750px\" \/><\/p>\n<p>Page ou Groupe Facebook, vous h\u00e9sitez\u00a0? Pour faire le bon choix, il suffit de vous fixer des objectifs.<\/p>\n<p>En fonction de ces derniers, vous pourrez choisir entre les deux options.<\/p>\n<ul>\n<li>Si vous souhaitez mettre en valeur votre savoir-faire et votre activit\u00e9, la <strong>Page Facebook est une solution int\u00e9ressante.<\/strong><\/li>\n<li>Si vous souhaitez communiquer autour d\u2019une th\u00e9matique en rapport direct avec votre activit\u00e9, le <strong>Groupe Facebook est la meilleure alternative.<\/strong><\/li>\n<li>Si vous souhaitez <a href=\"https:\/\/www.redacteur.com\/blog\/gerer-un-site-ou-un-blog\/\">animer<\/a> une <a href=\"https:\/\/www.redacteur.com\/blog\/communaute-reseaux-sociaux\/\" target=\"_blank\" rel=\"noopener noreferrer\">communaut\u00e9<\/a> autour de votre activit\u00e9 ou votre th\u00e9matique, vous pouvez exploiter le Groupe Facebook comme la Page Facebook.<\/li>\n<\/ul>\n<p>Gr\u00e2ce \u00e0 ces deux options, vous pourrez multiplier les supports de communication et b\u00e9n\u00e9ficier d\u2019une <a href=\"https:\/\/www.redacteur.com\/blog\/astuces-booster-visibilite-contenu-reseaux-sociaux\/\" target=\"_blank\" rel=\"noopener noreferrer\">meilleure visibilit\u00e9.<\/a><\/p>\n<blockquote><p>Sachez aussi que gr\u00e2ce \u00e0 Facebook Ads, vous pourrez booster la popularit\u00e9 de votre page ou de votre groupe en g\u00e9n\u00e9rant des publicit\u00e9s.<\/p><\/blockquote>\n<blockquote><p>\u00c0 lire aussi&nbsp;: <a href=\"https:\/\/www.redacteur.com\/blog\/gerer-un-site-ou-un-blog\/\">4 conseils pour animer votre site internet<\/a><\/p><\/blockquote>\n<p>&nbsp;<\/p>\n<p><strong>Besoin de contenus pour votre page ou votre groupe Facebook\u00a0? Vous pouvez confier leur production <a href=\"https:\/\/www.redacteur.com\/\" target=\"_blank\" rel=\"noopener noreferrer\">aux \u00e9quipes de Redacteur.com.<\/a> Gr\u00e2ce \u00e0 leur savoir-faire, vous profiterez de contenus de qualit\u00e9.<\/strong><\/p>\n","protected":false},"excerpt":{"rendered":"<p>Vous avez votre propre entreprise\u00a0? Vous avez une activit\u00e9 professionnelle \u00e0 promouvoir\u00a0? La premi\u00e8re \u00e9tape pour y parvenir est d\u2019avoir une site web de qualit\u00e9, qui corresponde \u00e0 votre image de marque. Ensuite, vous devez g\u00e9n\u00e9rer du trafic sur votre site et vous faire connaitre. Pour y parvenir, vous pouvez miser sur Facebook. Rappelons que [&hellip;]<\/p>\n","protected":false},"author":1,"featured_media":22689,"comment_status":"open","ping_status":"open","sticky":false,"template":"","format":"standard","meta":{"_acf_changed":false,"inline_featured_image":false,"footnotes":""},"categories":[12],"tags":[],"class_list":["post-22678","post","type-post","status-publish","format-standard","has-post-thumbnail","hentry","category-reseaux-sociaux"],"acf":[],"yoast_head":"<!-- This site is optimized with the Yoast SEO plugin v25.9 - https:\/\/yoast.com\/wordpress\/plugins\/seo\/ -->\n<title>Facebook : page entreprise ou groupe, comment choisir ? - Redacteur Blog<\/title>\n<meta name=\"description\" content=\"Vous avez votre propre entreprise\u00a0? Vous avez une activit\u00e9 professionnelle \u00e0 promouvoir\u00a0? La premi\u00e8re \u00e9tape pour y parvenir est d\u2019avoir une site web de\" \/>\n<meta name=\"robots\" content=\"index, follow, max-snippet:-1, max-image-preview:large, max-video-preview:-1\" \/>\n<link rel=\"canonical\" href=\"https:\/\/www.redacteur.com\/blog\/facebook-page-entreprise-ou-groupe\/\" \/>\n<meta property=\"og:locale\" content=\"fr_FR\" \/>\n<meta property=\"og:type\" content=\"article\" \/>\n<meta property=\"og:title\" content=\"Facebook : page entreprise ou groupe, comment choisir ? - Redacteur Blog\" \/>\n<meta property=\"og:description\" content=\"Vous avez votre propre entreprise\u00a0? Vous avez une activit\u00e9 professionnelle \u00e0 promouvoir\u00a0? La premi\u00e8re \u00e9tape pour y parvenir est d\u2019avoir une site web de\" \/>\n<meta property=\"og:url\" content=\"https:\/\/www.redacteur.com\/blog\/facebook-page-entreprise-ou-groupe\/\" \/>\n<meta property=\"og:site_name\" content=\"Redacteur.com\" \/>\n<meta property=\"article:publisher\" content=\"https:\/\/www.facebook.com\/redacteurcom\" \/>\n<meta property=\"article:published_time\" content=\"2020-10-24T08:30:22+00:00\" \/>\n<meta property=\"article:modified_time\" content=\"2025-08-20T12:43:24+00:00\" \/>\n<meta property=\"og:image\" content=\"https:\/\/www.redacteur.com\/blog\/wp-content\/uploads\/sites\/6\/2020\/10\/redacteur-blog-img-facebook-page-groupe.jpg\" \/>\n\t<meta property=\"og:image:width\" content=\"850\" \/>\n\t<meta property=\"og:image:height\" content=\"600\" \/>\n\t<meta property=\"og:image:type\" content=\"image\/jpeg\" \/>\n<meta name=\"author\" content=\"Laura Michaud\" \/>\n<meta name=\"twitter:card\" content=\"summary_large_image\" \/>\n<meta name=\"twitter:creator\" content=\"@Redacteurcom\" \/>\n<meta name=\"twitter:site\" content=\"@Redacteurcom\" \/>\n<meta name=\"twitter:label1\" content=\"\u00c9crit par\" \/>\n\t<meta name=\"twitter:data1\" content=\"Laura Michaud\" \/>\n\t<meta name=\"twitter:label2\" content=\"Dur\u00e9e de lecture estim\u00e9e\" \/>\n\t<meta name=\"twitter:data2\" content=\"5 minutes\" \/>\n<script type=\"application\/ld+json\" class=\"yoast-schema-graph\">{\"@context\":\"https:\/\/schema.org\",\"@graph\":[{\"@type\":\"Article\",\"@id\":\"https:\/\/www.redacteur.com\/blog\/facebook-page-entreprise-ou-groupe\/#article\",\"isPartOf\":{\"@id\":\"https:\/\/www.redacteur.com\/blog\/facebook-page-entreprise-ou-groupe\/\"},\"author\":{\"name\":\"Laura Michaud\",\"@id\":\"https:\/\/www.redacteur.com\/blog\/#\/schema\/person\/33c0ef04707fbe50a096f282050bb5f2\"},\"headline\":\"Facebook&nbsp;: page entreprise ou groupe, comment choisir&nbsp;?\",\"datePublished\":\"2020-10-24T08:30:22+00:00\",\"dateModified\":\"2025-08-20T12:43:24+00:00\",\"mainEntityOfPage\":{\"@id\":\"https:\/\/www.redacteur.com\/blog\/facebook-page-entreprise-ou-groupe\/\"},\"wordCount\":917,\"commentCount\":1,\"publisher\":{\"@id\":\"https:\/\/www.redacteur.com\/blog\/#organization\"},\"image\":{\"@id\":\"https:\/\/www.redacteur.com\/blog\/facebook-page-entreprise-ou-groupe\/#primaryimage\"},\"thumbnailUrl\":\"https:\/\/www.redacteur.com\/blog\/wp-content\/uploads\/sites\/6\/2020\/10\/redacteur-blog-img-facebook-page-groupe.jpg\",\"articleSection\":[\"R\u00e9seaux sociaux\"],\"inLanguage\":\"fr-FR\",\"potentialAction\":[{\"@type\":\"CommentAction\",\"name\":\"Comment\",\"target\":[\"https:\/\/www.redacteur.com\/blog\/facebook-page-entreprise-ou-groupe\/#respond\"]}]},{\"@type\":\"WebPage\",\"@id\":\"https:\/\/www.redacteur.com\/blog\/facebook-page-entreprise-ou-groupe\/\",\"url\":\"https:\/\/www.redacteur.com\/blog\/facebook-page-entreprise-ou-groupe\/\",\"name\":\"Facebook : page entreprise ou groupe, comment choisir ? - Redacteur Blog\",\"isPartOf\":{\"@id\":\"https:\/\/www.redacteur.com\/blog\/#website\"},\"primaryImageOfPage\":{\"@id\":\"https:\/\/www.redacteur.com\/blog\/facebook-page-entreprise-ou-groupe\/#primaryimage\"},\"image\":{\"@id\":\"https:\/\/www.redacteur.com\/blog\/facebook-page-entreprise-ou-groupe\/#primaryimage\"},\"thumbnailUrl\":\"https:\/\/www.redacteur.com\/blog\/wp-content\/uploads\/sites\/6\/2020\/10\/redacteur-blog-img-facebook-page-groupe.jpg\",\"datePublished\":\"2020-10-24T08:30:22+00:00\",\"dateModified\":\"2025-08-20T12:43:24+00:00\",\"description\":\"Vous avez votre propre entreprise\u00a0? Vous avez une activit\u00e9 professionnelle \u00e0 promouvoir\u00a0? La premi\u00e8re \u00e9tape pour y parvenir est d\u2019avoir une site web de\",\"breadcrumb\":{\"@id\":\"https:\/\/www.redacteur.com\/blog\/facebook-page-entreprise-ou-groupe\/#breadcrumb\"},\"inLanguage\":\"fr-FR\",\"potentialAction\":[{\"@type\":\"ReadAction\",\"target\":[\"https:\/\/www.redacteur.com\/blog\/facebook-page-entreprise-ou-groupe\/\"]}]},{\"@type\":\"ImageObject\",\"inLanguage\":\"fr-FR\",\"@id\":\"https:\/\/www.redacteur.com\/blog\/facebook-page-entreprise-ou-groupe\/#primaryimage\",\"url\":\"https:\/\/www.redacteur.com\/blog\/wp-content\/uploads\/sites\/6\/2020\/10\/redacteur-blog-img-facebook-page-groupe.jpg\",\"contentUrl\":\"https:\/\/www.redacteur.com\/blog\/wp-content\/uploads\/sites\/6\/2020\/10\/redacteur-blog-img-facebook-page-groupe.jpg\",\"width\":850,\"height\":600},{\"@type\":\"BreadcrumbList\",\"@id\":\"https:\/\/www.redacteur.com\/blog\/facebook-page-entreprise-ou-groupe\/#breadcrumb\",\"itemListElement\":[{\"@type\":\"ListItem\",\"position\":1,\"name\":\"Blog\",\"item\":\"https:\/\/www.redacteur.com\/blog\/\"},{\"@type\":\"ListItem\",\"position\":2,\"name\":\"Content marketing\",\"item\":\"https:\/\/www.redacteur.com\/blog\/contenu-web\/\"},{\"@type\":\"ListItem\",\"position\":3,\"name\":\"R\u00e9seaux sociaux\",\"item\":\"https:\/\/www.redacteur.com\/blog\/contenu-web\/reseaux-sociaux\/\"},{\"@type\":\"ListItem\",\"position\":4,\"name\":\"Facebook&nbsp;: page entreprise ou groupe, comment choisir&nbsp;?\"}]},{\"@type\":\"WebSite\",\"@id\":\"https:\/\/www.redacteur.com\/blog\/#website\",\"url\":\"https:\/\/www.redacteur.com\/blog\/\",\"name\":\"Redacteur.com\",\"description\":\"redacteur\",\"publisher\":{\"@id\":\"https:\/\/www.redacteur.com\/blog\/#organization\"},\"potentialAction\":[{\"@type\":\"SearchAction\",\"target\":{\"@type\":\"EntryPoint\",\"urlTemplate\":\"https:\/\/www.redacteur.com\/blog\/?s={search_term_string}\"},\"query-input\":{\"@type\":\"PropertyValueSpecification\",\"valueRequired\":true,\"valueName\":\"search_term_string\"}}],\"inLanguage\":\"fr-FR\"},{\"@type\":\"Organization\",\"@id\":\"https:\/\/www.redacteur.com\/blog\/#organization\",\"name\":\"Redacteur.com\",\"url\":\"https:\/\/www.redacteur.com\/blog\/\",\"logo\":{\"@type\":\"ImageObject\",\"inLanguage\":\"fr-FR\",\"@id\":\"https:\/\/www.redacteur.com\/blog\/#\/schema\/logo\/image\/\",\"url\":\"https:\/\/www.redacteur.com\/blog\/wp-content\/uploads\/sites\/6\/2022\/10\/logo-redacteur-blog.svg\",\"contentUrl\":\"https:\/\/www.redacteur.com\/blog\/wp-content\/uploads\/sites\/6\/2022\/10\/logo-redacteur-blog.svg\",\"width\":1,\"height\":1,\"caption\":\"Redacteur.com\"},\"image\":{\"@id\":\"https:\/\/www.redacteur.com\/blog\/#\/schema\/logo\/image\/\"},\"sameAs\":[\"https:\/\/www.facebook.com\/redacteurcom\",\"https:\/\/x.com\/Redacteurcom\",\"https:\/\/www.linkedin.com\/company\/redacteur-com\",\"https:\/\/www.youtube.com\/channel\/UCgj9ySM9xy3gdL8qBafl9Uw\/\"]},{\"@type\":\"Person\",\"@id\":\"https:\/\/www.redacteur.com\/blog\/#\/schema\/person\/33c0ef04707fbe50a096f282050bb5f2\",\"name\":\"Laura Michaud\",\"image\":{\"@type\":\"ImageObject\",\"inLanguage\":\"fr-FR\",\"@id\":\"https:\/\/www.redacteur.com\/blog\/#\/schema\/person\/image\/\",\"url\":\"https:\/\/secure.gravatar.com\/avatar\/c3328cc0c887f98cec6b2979af3311ab6333fc7cc2d4847514cfec6a56fa08a7?s=96&d=mm&r=g\",\"contentUrl\":\"https:\/\/secure.gravatar.com\/avatar\/c3328cc0c887f98cec6b2979af3311ab6333fc7cc2d4847514cfec6a56fa08a7?s=96&d=mm&r=g\",\"caption\":\"Laura Michaud\"},\"description\":\"Laura connait tous les meilleurs outils pour g\u00e9rer des projets et une entreprise. Cr\u00e9ative, c'est aussi une sp\u00e9cialiste des outils de cr\u00e9ation graphique pour faire briller une entreprise.\",\"sameAs\":[\"https:\/\/www.linkedin.com\/in\/michaudlaura\/\"],\"url\":\"https:\/\/www.redacteur.com\/blog\/author\/laura\/\"}]}<\/script>\n<!-- \/ Yoast SEO plugin. -->","yoast_head_json":{"title":"Facebook : page entreprise ou groupe, comment choisir ? - Redacteur Blog","description":"Vous avez votre propre entreprise\u00a0? Vous avez une activit\u00e9 professionnelle \u00e0 promouvoir\u00a0? La premi\u00e8re \u00e9tape pour y parvenir est d\u2019avoir une site web de","robots":{"index":"index","follow":"follow","max-snippet":"max-snippet:-1","max-image-preview":"max-image-preview:large","max-video-preview":"max-video-preview:-1"},"canonical":"https:\/\/www.redacteur.com\/blog\/facebook-page-entreprise-ou-groupe\/","og_locale":"fr_FR","og_type":"article","og_title":"Facebook : page entreprise ou groupe, comment choisir ? - Redacteur Blog","og_description":"Vous avez votre propre entreprise\u00a0? Vous avez une activit\u00e9 professionnelle \u00e0 promouvoir\u00a0? La premi\u00e8re \u00e9tape pour y parvenir est d\u2019avoir une site web de","og_url":"https:\/\/www.redacteur.com\/blog\/facebook-page-entreprise-ou-groupe\/","og_site_name":"Redacteur.com","article_publisher":"https:\/\/www.facebook.com\/redacteurcom","article_published_time":"2020-10-24T08:30:22+00:00","article_modified_time":"2025-08-20T12:43:24+00:00","og_image":[{"width":850,"height":600,"url":"https:\/\/www.redacteur.com\/blog\/wp-content\/uploads\/sites\/6\/2020\/10\/redacteur-blog-img-facebook-page-groupe.jpg","type":"image\/jpeg"}],"author":"Laura Michaud","twitter_card":"summary_large_image","twitter_creator":"@Redacteurcom","twitter_site":"@Redacteurcom","twitter_misc":{"\u00c9crit par":"Laura Michaud","Dur\u00e9e de lecture estim\u00e9e":"5 minutes"},"schema":{"@context":"https:\/\/schema.org","@graph":[{"@type":"Article","@id":"https:\/\/www.redacteur.com\/blog\/facebook-page-entreprise-ou-groupe\/#article","isPartOf":{"@id":"https:\/\/www.redacteur.com\/blog\/facebook-page-entreprise-ou-groupe\/"},"author":{"name":"Laura Michaud","@id":"https:\/\/www.redacteur.com\/blog\/#\/schema\/person\/33c0ef04707fbe50a096f282050bb5f2"},"headline":"Facebook&nbsp;: page entreprise ou groupe, comment choisir&nbsp;?","datePublished":"2020-10-24T08:30:22+00:00","dateModified":"2025-08-20T12:43:24+00:00","mainEntityOfPage":{"@id":"https:\/\/www.redacteur.com\/blog\/facebook-page-entreprise-ou-groupe\/"},"wordCount":917,"commentCount":1,"publisher":{"@id":"https:\/\/www.redacteur.com\/blog\/#organization"},"image":{"@id":"https:\/\/www.redacteur.com\/blog\/facebook-page-entreprise-ou-groupe\/#primaryimage"},"thumbnailUrl":"https:\/\/www.redacteur.com\/blog\/wp-content\/uploads\/sites\/6\/2020\/10\/redacteur-blog-img-facebook-page-groupe.jpg","articleSection":["R\u00e9seaux sociaux"],"inLanguage":"fr-FR","potentialAction":[{"@type":"CommentAction","name":"Comment","target":["https:\/\/www.redacteur.com\/blog\/facebook-page-entreprise-ou-groupe\/#respond"]}]},{"@type":"WebPage","@id":"https:\/\/www.redacteur.com\/blog\/facebook-page-entreprise-ou-groupe\/","url":"https:\/\/www.redacteur.com\/blog\/facebook-page-entreprise-ou-groupe\/","name":"Facebook : page entreprise ou groupe, comment choisir ? - Redacteur Blog","isPartOf":{"@id":"https:\/\/www.redacteur.com\/blog\/#website"},"primaryImageOfPage":{"@id":"https:\/\/www.redacteur.com\/blog\/facebook-page-entreprise-ou-groupe\/#primaryimage"},"image":{"@id":"https:\/\/www.redacteur.com\/blog\/facebook-page-entreprise-ou-groupe\/#primaryimage"},"thumbnailUrl":"https:\/\/www.redacteur.com\/blog\/wp-content\/uploads\/sites\/6\/2020\/10\/redacteur-blog-img-facebook-page-groupe.jpg","datePublished":"2020-10-24T08:30:22+00:00","dateModified":"2025-08-20T12:43:24+00:00","description":"Vous avez votre propre entreprise\u00a0? Vous avez une activit\u00e9 professionnelle \u00e0 promouvoir\u00a0? La premi\u00e8re \u00e9tape pour y parvenir est d\u2019avoir une site web de","breadcrumb":{"@id":"https:\/\/www.redacteur.com\/blog\/facebook-page-entreprise-ou-groupe\/#breadcrumb"},"inLanguage":"fr-FR","potentialAction":[{"@type":"ReadAction","target":["https:\/\/www.redacteur.com\/blog\/facebook-page-entreprise-ou-groupe\/"]}]},{"@type":"ImageObject","inLanguage":"fr-FR","@id":"https:\/\/www.redacteur.com\/blog\/facebook-page-entreprise-ou-groupe\/#primaryimage","url":"https:\/\/www.redacteur.com\/blog\/wp-content\/uploads\/sites\/6\/2020\/10\/redacteur-blog-img-facebook-page-groupe.jpg","contentUrl":"https:\/\/www.redacteur.com\/blog\/wp-content\/uploads\/sites\/6\/2020\/10\/redacteur-blog-img-facebook-page-groupe.jpg","width":850,"height":600},{"@type":"BreadcrumbList","@id":"https:\/\/www.redacteur.com\/blog\/facebook-page-entreprise-ou-groupe\/#breadcrumb","itemListElement":[{"@type":"ListItem","position":1,"name":"Blog","item":"https:\/\/www.redacteur.com\/blog\/"},{"@type":"ListItem","position":2,"name":"Content marketing","item":"https:\/\/www.redacteur.com\/blog\/contenu-web\/"},{"@type":"ListItem","position":3,"name":"R\u00e9seaux sociaux","item":"https:\/\/www.redacteur.com\/blog\/contenu-web\/reseaux-sociaux\/"},{"@type":"ListItem","position":4,"name":"Facebook&nbsp;: page entreprise ou groupe, comment choisir&nbsp;?"}]},{"@type":"WebSite","@id":"https:\/\/www.redacteur.com\/blog\/#website","url":"https:\/\/www.redacteur.com\/blog\/","name":"Redacteur.com","description":"redacteur","publisher":{"@id":"https:\/\/www.redacteur.com\/blog\/#organization"},"potentialAction":[{"@type":"SearchAction","target":{"@type":"EntryPoint","urlTemplate":"https:\/\/www.redacteur.com\/blog\/?s={search_term_string}"},"query-input":{"@type":"PropertyValueSpecification","valueRequired":true,"valueName":"search_term_string"}}],"inLanguage":"fr-FR"},{"@type":"Organization","@id":"https:\/\/www.redacteur.com\/blog\/#organization","name":"Redacteur.com","url":"https:\/\/www.redacteur.com\/blog\/","logo":{"@type":"ImageObject","inLanguage":"fr-FR","@id":"https:\/\/www.redacteur.com\/blog\/#\/schema\/logo\/image\/","url":"https:\/\/www.redacteur.com\/blog\/wp-content\/uploads\/sites\/6\/2022\/10\/logo-redacteur-blog.svg","contentUrl":"https:\/\/www.redacteur.com\/blog\/wp-content\/uploads\/sites\/6\/2022\/10\/logo-redacteur-blog.svg","width":1,"height":1,"caption":"Redacteur.com"},"image":{"@id":"https:\/\/www.redacteur.com\/blog\/#\/schema\/logo\/image\/"},"sameAs":["https:\/\/www.facebook.com\/redacteurcom","https:\/\/x.com\/Redacteurcom","https:\/\/www.linkedin.com\/company\/redacteur-com","https:\/\/www.youtube.com\/channel\/UCgj9ySM9xy3gdL8qBafl9Uw\/"]},{"@type":"Person","@id":"https:\/\/www.redacteur.com\/blog\/#\/schema\/person\/33c0ef04707fbe50a096f282050bb5f2","name":"Laura Michaud","image":{"@type":"ImageObject","inLanguage":"fr-FR","@id":"https:\/\/www.redacteur.com\/blog\/#\/schema\/person\/image\/","url":"https:\/\/secure.gravatar.com\/avatar\/c3328cc0c887f98cec6b2979af3311ab6333fc7cc2d4847514cfec6a56fa08a7?s=96&d=mm&r=g","contentUrl":"https:\/\/secure.gravatar.com\/avatar\/c3328cc0c887f98cec6b2979af3311ab6333fc7cc2d4847514cfec6a56fa08a7?s=96&d=mm&r=g","caption":"Laura Michaud"},"description":"Laura connait tous les meilleurs outils pour g\u00e9rer des projets et une entreprise. Cr\u00e9ative, c'est aussi une sp\u00e9cialiste des outils de cr\u00e9ation graphique pour faire briller une entreprise.","sameAs":["https:\/\/www.linkedin.com\/in\/michaudlaura\/"],"url":"https:\/\/www.redacteur.com\/blog\/author\/laura\/"}]}},"_links":{"self":[{"href":"https:\/\/www.redacteur.com\/blog\/wp-json\/wp\/v2\/posts\/22678","targetHints":{"allow":["GET"]}}],"collection":[{"href":"https:\/\/www.redacteur.com\/blog\/wp-json\/wp\/v2\/posts"}],"about":[{"href":"https:\/\/www.redacteur.com\/blog\/wp-json\/wp\/v2\/types\/post"}],"author":[{"embeddable":true,"href":"https:\/\/www.redacteur.com\/blog\/wp-json\/wp\/v2\/users\/1"}],"replies":[{"embeddable":true,"href":"https:\/\/www.redacteur.com\/blog\/wp-json\/wp\/v2\/comments?post=22678"}],"version-history":[{"count":0,"href":"https:\/\/www.redacteur.com\/blog\/wp-json\/wp\/v2\/posts\/22678\/revisions"}],"wp:featuredmedia":[{"embeddable":true,"href":"https:\/\/www.redacteur.com\/blog\/wp-json\/wp\/v2\/media\/22689"}],"wp:attachment":[{"href":"https:\/\/www.redacteur.com\/blog\/wp-json\/wp\/v2\/media?parent=22678"}],"wp:term":[{"taxonomy":"category","embeddable":true,"href":"https:\/\/www.redacteur.com\/blog\/wp-json\/wp\/v2\/categories?post=22678"},{"taxonomy":"post_tag","embeddable":true,"href":"https:\/\/www.redacteur.com\/blog\/wp-json\/wp\/v2\/tags?post=22678"}],"curies":[{"name":"wp","href":"https:\/\/api.w.org\/{rel}","templated":true}]}}