{"id":23599,"date":"2025-06-05T12:30:00","date_gmt":"2025-06-05T10:30:00","guid":{"rendered":"https:\/\/www.redacteur.com\/blog\/?p=23599"},"modified":"2025-08-20T14:43:22","modified_gmt":"2025-08-20T12:43:22","slug":"comment-rediger-un-editorial","status":"publish","type":"post","link":"https:\/\/www.redacteur.com\/blog\/comment-rediger-un-editorial\/","title":{"rendered":"Comment r\u00e9diger un \u00e9ditorial&nbsp;?"},"content":{"rendered":"\n<p>Un \u00e9dito, ou \u00e9ditorial, est un petit texte pr\u00e9sent au d\u00e9but des journaux ou des magazines. Sa r\u00e9daction est particuli\u00e8rement importante car l\u2019\u00e9dito est lu en premier&nbsp;: confiez la \u00e0 un <a href=\"https:\/\/www.redacteur.com\/\">r\u00e9dacteur professionnel<\/a>&nbsp;!<\/p>\n\n\n\n<p>Il introduit et peut m\u00eame permettre \u00e0 l\u2019\u00e9ditorialiste de donner son point de vue ou renseigner le lecteur sur ce qu\u2019il va trouver dans le journal ou le magazine.<\/p>\n\n\n\n<p>Comment r\u00e9diger un \u00e9dito&nbsp;? Voici tout ce que vous devez savoir sur le sujet.<\/p>\n\n\n\n<h2 class=\"wp-block-heading\">C&#8217;est quoi un \u00e9ditorial&nbsp;?<\/h2>\n\n\n\n<p>Avant de r\u00e9diger un \u00e9dito, il est essentiel de rappeler ce qu\u2019est un \u00e9ditorial. Ce dernier se diff\u00e9rencie d\u2019un article qui se contente de relayer des faits, il exprime une opinion.<\/p>\n\n\n\n<p>Gr\u00e2ce \u00e0 un \u00e9dito, le lecteur en sait plus sur ce qu\u2019il va trouver dans le journal ou le magazine qu\u2019il introduit. Il donne&nbsp;des indications sur&nbsp;les sujets principaux qui sont trait\u00e9s mais aussi le style et la tonalit\u00e9.<\/p>\n\n\n\n<p>L\u2019\u00e9dito est toujours unique, il s\u2019adapte \u00e0 la saison et aux \u00e9v\u00e9nements qui ont un impact direct avec l\u2019activit\u00e9 concern\u00e9e. Selon le message que vous souhaitez faire passer, l\u2019\u00e9dito peut&nbsp;:<\/p>\n\n\n\n<ul class=\"wp-block-list\">\n<li>replacer un contexte,<\/li>\n\n\n\n<li>renseigner sur contenu,<\/li>\n\n\n\n<li>proposer un angle de lecture,<\/li>\n\n\n\n<li>traiter un sujet qui n\u2019est pas abord\u00e9,<\/li>\n\n\n\n<li>donner le point de vue du journal ou du magazine.<\/li>\n<\/ul>\n\n\n<div class=\"wp-block-image\">\n<figure class=\"aligncenter is-resized\"><img decoding=\"async\" width=\"700\" height=\"949\" src=\"https:\/\/www.redacteur.com\/blog\/wp-content\/uploads\/sites\/6\/2020\/10\/edito-ex3.jpg\" alt=\"\" class=\"wp-image-23607\" style=\"width:362px;height:auto\" srcset=\"https:\/\/www.redacteur.com\/blog\/wp-content\/uploads\/sites\/6\/2020\/10\/edito-ex3.jpg 700w, https:\/\/www.redacteur.com\/blog\/wp-content\/uploads\/sites\/6\/2020\/10\/edito-ex3-221x300.jpg 221w, https:\/\/www.redacteur.com\/blog\/wp-content\/uploads\/sites\/6\/2020\/10\/edito-ex3-44x60.jpg 44w, https:\/\/www.redacteur.com\/blog\/wp-content\/uploads\/sites\/6\/2020\/10\/edito-ex3-370x502.jpg 370w, https:\/\/www.redacteur.com\/blog\/wp-content\/uploads\/sites\/6\/2020\/10\/edito-ex3-270x366.jpg 270w, https:\/\/www.redacteur.com\/blog\/wp-content\/uploads\/sites\/6\/2020\/10\/edito-ex3-570x773.jpg 570w\" sizes=\"(max-width: 700px) 100vw, 700px\" \/><\/figure><\/div>\n\n\n<p>Rappelez-vous qu\u2019il faut attirer l\u2019attention du lecteur avec l\u2019\u00e9dito. Ce petit texte est tr\u00e8s puissant. Il peut m\u00eame vous permettre de fid\u00e9liser votre audience. Certains magazines et journaux sont populaires gr\u00e2ce \u00e0 leurs \u00e9ditos d\u00e9cal\u00e9s et toujours de grande qualit\u00e9.<\/p>\n\n\n\n<blockquote class=\"wp-block-quote is-layout-flow wp-block-quote-is-layout-flow\">\n<p>Un \u00e9dito est un article \u00e0 part enti\u00e8re. Avant de le r\u00e9diger, vous devez vous fixer des objectifs puis respecter certaines r\u00e8gles incontournables comme donner un titre accrocheur, travailler l\u2019accroche et finir en s\u2019ouvrant vers une th\u00e9matique plus vaste ou en marquant les esprits.<\/p>\n<\/blockquote>\n\n\n\n<blockquote class=\"wp-block-quote is-layout-flow wp-block-quote-is-layout-flow\">\n<p>\u00c0 lire aussi&nbsp;: <a href=\"https:\/\/www.redacteur.com\/blog\/5-astuces-pour-definir-votre-ligne-editoriale-en-b2b\/\">5 astuces pour d\u00e9finir votre ligne \u00e9ditoriale en B2B<\/a><\/p>\n<\/blockquote>\n\n\n\n<h2 class=\"wp-block-heading\">D\u00e9finir l\u2019angle de l\u2019\u00e9dito<\/h2>\n\n\n\n<p>La premi\u00e8re \u00e9tape de la r\u00e9daction de votre \u00e9dito est d\u2019en d\u00e9terminer l\u2019angle. Vous devez garder en t\u00eate qu\u2019avec cet \u00e9ditorial, vous pourrez influencer et convaincre.<\/p>\n\n\n<div class=\"wp-block-image\">\n<figure class=\"aligncenter\"><img decoding=\"async\" width=\"626\" height=\"260\" src=\"https:\/\/www.redacteur.com\/blog\/wp-content\/uploads\/sites\/6\/2020\/10\/business-woman-hand-is-writing-notebook-with-pen-using-laptop-computer-office_35708-939.jpg\" alt=\"r\u00e9diger un \u00e9dito\" class=\"wp-image-23604\" srcset=\"https:\/\/www.redacteur.com\/blog\/wp-content\/uploads\/sites\/6\/2020\/10\/business-woman-hand-is-writing-notebook-with-pen-using-laptop-computer-office_35708-939.jpg 626w, https:\/\/www.redacteur.com\/blog\/wp-content\/uploads\/sites\/6\/2020\/10\/business-woman-hand-is-writing-notebook-with-pen-using-laptop-computer-office_35708-939-300x125.jpg 300w, https:\/\/www.redacteur.com\/blog\/wp-content\/uploads\/sites\/6\/2020\/10\/business-woman-hand-is-writing-notebook-with-pen-using-laptop-computer-office_35708-939-60x25.jpg 60w, https:\/\/www.redacteur.com\/blog\/wp-content\/uploads\/sites\/6\/2020\/10\/business-woman-hand-is-writing-notebook-with-pen-using-laptop-computer-office_35708-939-370x154.jpg 370w, https:\/\/www.redacteur.com\/blog\/wp-content\/uploads\/sites\/6\/2020\/10\/business-woman-hand-is-writing-notebook-with-pen-using-laptop-computer-office_35708-939-270x112.jpg 270w, https:\/\/www.redacteur.com\/blog\/wp-content\/uploads\/sites\/6\/2020\/10\/business-woman-hand-is-writing-notebook-with-pen-using-laptop-computer-office_35708-939-570x237.jpg 570w\" sizes=\"(max-width: 626px) 100vw, 626px\" \/><\/figure><\/div>\n\n\n<p>Voici les diff\u00e9rents types d&#8217;\u00e9ditoriaux.<\/p>\n\n\n\n<ul class=\"wp-block-list\">\n<li><strong>L\u2019\u00e9ditorial explicatif.<\/strong> Il donne la position du journal ou du magazine, et l\u2019explique, sur un sujet qu\u2019il soit neutre ou controvers\u00e9.<\/li>\n\n\n\n<li><strong>L\u2019\u00e9ditorial critique.<\/strong> Il porte un jugement sur une action ou une d\u00e9cision et propose des alternatives plus efficaces.<\/li>\n\n\n\n<li><strong>L\u2019<a href=\"https:\/\/www.redacteur.com\/blog\/redaction-textes-persuasifs\/\">\u00e9ditorial persuasif<\/a><\/strong>. Il pousse le lecteur \u00e0 agir en lui proposant des solutions \u00e0 un probl\u00e8me identifi\u00e9.<\/li>\n\n\n\n<li><strong>L\u2019\u00e9ditorial \u00e9logieux.<\/strong> Il supporte des associations ou des organismes pour leurs actions aupr\u00e8s de la communaut\u00e9.<\/li>\n<\/ul>\n\n\n\n<blockquote class=\"wp-block-quote is-layout-flow wp-block-quote-is-layout-flow\">\n<p>\u00c0 lire aussi&nbsp;: <a href=\"https:\/\/www.redacteur.com\/blog\/comment-rediger-une-charte-editoriale-pour-le-web\/\">Comment r\u00e9diger une charte \u00e9ditoriale pour le web&nbsp;?<\/a><\/p>\n<\/blockquote>\n\n\n\n<h2 class=\"wp-block-heading\">Enrichir l\u2019\u00e9dito de faits marquants<\/h2>\n\n\n\n<p>Comme nous l\u2019avons d\u00e9j\u00e0 dit, r\u00e9diger un \u00e9ditorial, c&#8217;est comme r\u00e9diger un v\u00e9ritable article. D\u2019ailleurs, tout comme lui, il donne des faits. Ces derniers sont accompagn\u00e9s d\u2019une prise de position mais ils restent essentiels.<\/p>\n\n\n<div class=\"wp-block-image\">\n<figure class=\"aligncenter\"><img decoding=\"async\" width=\"750\" height=\"500\" src=\"https:\/\/www.redacteur.com\/blog\/wp-content\/uploads\/sites\/6\/2020\/10\/business-people-reading-newspaper-scaled-e1604064545853.jpg\" alt=\"r\u00e9diger un \u00e9ditorial\" class=\"wp-image-23603\" srcset=\"https:\/\/www.redacteur.com\/blog\/wp-content\/uploads\/sites\/6\/2020\/10\/business-people-reading-newspaper-scaled-e1604064545853.jpg 750w, https:\/\/www.redacteur.com\/blog\/wp-content\/uploads\/sites\/6\/2020\/10\/business-people-reading-newspaper-scaled-e1604064545853-300x200.jpg 300w, https:\/\/www.redacteur.com\/blog\/wp-content\/uploads\/sites\/6\/2020\/10\/business-people-reading-newspaper-scaled-e1604064545853-60x40.jpg 60w, https:\/\/www.redacteur.com\/blog\/wp-content\/uploads\/sites\/6\/2020\/10\/business-people-reading-newspaper-scaled-e1604064545853-370x247.jpg 370w, https:\/\/www.redacteur.com\/blog\/wp-content\/uploads\/sites\/6\/2020\/10\/business-people-reading-newspaper-scaled-e1604064545853-270x180.jpg 270w, https:\/\/www.redacteur.com\/blog\/wp-content\/uploads\/sites\/6\/2020\/10\/business-people-reading-newspaper-scaled-e1604064545853-570x380.jpg 570w, https:\/\/www.redacteur.com\/blog\/wp-content\/uploads\/sites\/6\/2020\/10\/business-people-reading-newspaper-scaled-e1604064545853-740x493.jpg 740w\" sizes=\"(max-width: 750px) 100vw, 750px\" \/><\/figure><\/div>\n\n\n<p>Pour que votre \u00e9dito soit r\u00e9ussi, vous devez proposer des faits marquants et v\u00e9ridiques. Id\u00e9alement, il doit donner un chiffre ou une citation unique et r\u00e9cente. Cette information peut faire le <a href=\"https:\/\/www.redacteur.com\/blog\/clickbait-buzz-methode-payante\/\" target=\"_blank\" rel=\"noopener noreferrer\">buzz<\/a> et participer \u00e0 votre succ\u00e8s.<\/p>\n\n\n\n<blockquote class=\"wp-block-quote is-layout-flow wp-block-quote-is-layout-flow\">\n<p>\u00c0 lire aussi&nbsp;: <a href=\"https:\/\/www.redacteur.com\/blog\/social-media-comment-crise\/\">Social Media&nbsp;: comment agir en cas de crise&nbsp;?<\/a><\/p>\n<\/blockquote>\n\n\n\n<h2 class=\"wp-block-heading\">Un \u00e9dito court et un ton convivial<\/h2>\n\n\n\n<p>Un \u00e9dito est plus puissant qu\u2019un article, il est aussi moins formel. R\u00e9diger un \u00e9ditorial vous permet d&#8217;adopter<a href=\"https:\/\/www.redacteur.com\/blog\/content-marketing-utiliser-humour\/\" target=\"_blank\" rel=\"noopener noreferrer\"> un ton convivial.<\/a><\/p>\n\n\n<div class=\"wp-block-image\">\n<figure class=\"aligncenter\"><img decoding=\"async\" width=\"556\" height=\"750\" src=\"https:\/\/www.redacteur.com\/blog\/wp-content\/uploads\/sites\/6\/2020\/10\/Page-edito-scaled-e1604064782104.jpg\" alt=\"exemple \u00e9dito\" class=\"wp-image-23606\" srcset=\"https:\/\/www.redacteur.com\/blog\/wp-content\/uploads\/sites\/6\/2020\/10\/Page-edito-scaled-e1604064782104.jpg 556w, https:\/\/www.redacteur.com\/blog\/wp-content\/uploads\/sites\/6\/2020\/10\/Page-edito-scaled-e1604064782104-222x300.jpg 222w, https:\/\/www.redacteur.com\/blog\/wp-content\/uploads\/sites\/6\/2020\/10\/Page-edito-scaled-e1604064782104-44x60.jpg 44w, https:\/\/www.redacteur.com\/blog\/wp-content\/uploads\/sites\/6\/2020\/10\/Page-edito-scaled-e1604064782104-370x499.jpg 370w, https:\/\/www.redacteur.com\/blog\/wp-content\/uploads\/sites\/6\/2020\/10\/Page-edito-scaled-e1604064782104-270x364.jpg 270w\" sizes=\"(max-width: 556px) 100vw, 556px\" \/><\/figure><\/div>\n\n\n<p>Pourquoi&nbsp;? Parce qu\u2019il se lit rapidement et qu\u2019il n\u2019est pas n\u00e9cessaire de s\u2019\u00e9tendre sur les sujets qui seront trait\u00e9s ensuite de mani\u00e8re approfondie. D\u2019ailleurs pour ces m\u00eames raisons, nous vous recommandons de limiter la longueur de votre \u00e9dito.<\/p>\n\n\n\n<p>Si celui-ci est trop long, les lecteurs ne s\u2019attarderont pas dessus. La longueur id\u00e9ale d\u2019un \u00e9dito est comprise entre <strong>500 et 800 mots<\/strong>. Plus l\u2019\u00e9dito est court, plus il doit \u00eatre percutant. Dans tous les cas, il doit \u00eatre original (non plagi\u00e9) car il repr\u00e9sente votre entreprise.<\/p>\n\n\n\n<blockquote class=\"wp-block-quote is-layout-flow wp-block-quote-is-layout-flow\">\n<p>M\u00eame si vous misez sur la convivialit\u00e9, il est hautement recommand\u00e9 de ne pas adopter de termes familiers. Vous \u00eates un professionnel&nbsp;!<\/p>\n<\/blockquote>\n\n\n\n<h2 class=\"wp-block-heading\">Edito&nbsp;: quelques conseils de r\u00e9daction<\/h2>\n\n\n\n<p>Voici des conseils pour r\u00e9diger un \u00e9ditorial pertinent et percutant pour vos lecteurs&nbsp;:<\/p>\n\n\n<div class=\"wp-block-image\">\n<figure class=\"aligncenter\"><img decoding=\"async\" width=\"670\" height=\"440\" src=\"https:\/\/www.redacteur.com\/blog\/wp-content\/uploads\/sites\/6\/2020\/10\/image_large.jpeg\" alt=\"exemple \u00e9dito\" class=\"wp-image-23600\" srcset=\"https:\/\/www.redacteur.com\/blog\/wp-content\/uploads\/sites\/6\/2020\/10\/image_large.jpeg 670w, https:\/\/www.redacteur.com\/blog\/wp-content\/uploads\/sites\/6\/2020\/10\/image_large-300x197.jpeg 300w, https:\/\/www.redacteur.com\/blog\/wp-content\/uploads\/sites\/6\/2020\/10\/image_large-60x39.jpeg 60w, https:\/\/www.redacteur.com\/blog\/wp-content\/uploads\/sites\/6\/2020\/10\/image_large-370x243.jpeg 370w, https:\/\/www.redacteur.com\/blog\/wp-content\/uploads\/sites\/6\/2020\/10\/image_large-270x177.jpeg 270w, https:\/\/www.redacteur.com\/blog\/wp-content\/uploads\/sites\/6\/2020\/10\/image_large-570x374.jpeg 570w\" sizes=\"(max-width: 670px) 100vw, 670px\" \/><\/figure><\/div>\n\n\n<ul class=\"wp-block-list\">\n<li>Un \u00e9ditorial doit avoir un titre percutant mais aussi une phrase d\u2019introduction qui permettra au lecteur d\u2019entrer directement dans le vif du sujet et de conna\u00eetre votre point de vue.<\/li>\n\n\n\n<li>L\u2019introduction doit attiser la curiosit\u00e9 des lecteurs et lui donner envie de lire l\u2019ensemble du magazine ou du journal. Si un article est \u00e0 l\u2019honneur, pr\u00e9cisez-le dans l\u2019\u00e9dito\u00a0!<\/li>\n\n\n\n<li>Si vous donnez des chiffres ou si vous partagez une citation, vous devez imp\u00e9rativement donner la source. Cette d\u00e9marche montre votre s\u00e9rieux.<\/li>\n\n\n\n<li>Dans un \u00e9dito, il est coutume de s\u2019adresser voire de se comparer \u00e0 ses adversaires ou ses concurrents. Si vous le faites, \u00e9vitez les propos calomnieux et d\u00e9montrez avec des faits vos atouts. La confrontation doit \u00eatre cordiale\u00a0!<\/li>\n<\/ul>\n\n\n\n<blockquote class=\"wp-block-quote is-layout-flow wp-block-quote-is-layout-flow\">\n<p>Les arguments que vous pr\u00e9sentez dans l\u2019\u00e9dito doivent \u00eatre clairs, tout comme votre objectif. Comme n\u2019importe quel article de qualit\u00e9, votre \u00e9ditorial doit r\u00e9pondre aux questions de base\u00a0: qui, quoi, o\u00f9, quand, pourquoi et comment.<\/p>\n<\/blockquote>\n\n\n\n<h2 class=\"wp-block-heading\">Notre astuce pour r\u00e9diger un \u00e9dito<\/h2>\n\n\n\n<p>Que vous travailliez l\u2019\u00e9ditorial en solo ou en \u00e9quipe, vous devez toujours vous assurer de la qualit\u00e9 de vos \u00e9crits. L\u2019\u00e9dito est la premi\u00e8re chose qui sera lue, vous serez jug\u00e9 dessus.<\/p>\n\n\n\n<p><strong>Besoin d\u2019aide pour r\u00e9diger votre \u00e9ditorial\u00a0?<\/strong> Vous pouvez compter sur le savoir-faire de <a href=\"https:\/\/www.redacteur.com\/\">Redacteur.com<\/a> pour profiter de contenus percutants et adapt\u00e9s \u00e0 vos besoins.<\/p>\n","protected":false},"excerpt":{"rendered":"<p>Un \u00e9dito, ou \u00e9ditorial, est un petit texte pr\u00e9sent au d\u00e9but des journaux ou des magazines. Sa r\u00e9daction est particuli\u00e8rement importante car l\u2019\u00e9dito est lu en premier&nbsp;: confiez la \u00e0 un r\u00e9dacteur professionnel&nbsp;! Il introduit et peut m\u00eame permettre \u00e0 l\u2019\u00e9ditorialiste de donner son point de vue ou renseigner le lecteur sur ce qu\u2019il va [&hellip;]<\/p>\n","protected":false},"author":1,"featured_media":41582,"comment_status":"open","ping_status":"open","sticky":false,"template":"","format":"standard","meta":{"_acf_changed":false,"inline_featured_image":false,"footnotes":""},"categories":[14],"tags":[],"class_list":["post-23599","post","type-post","status-publish","format-standard","has-post-thumbnail","hentry","category-strategie-editoriale"],"acf":[],"yoast_head":"<!-- This site is optimized with the Yoast SEO plugin v25.9 - https:\/\/yoast.com\/wordpress\/plugins\/seo\/ -->\n<title>Comment r\u00e9diger un \u00e9ditorial&nbsp;? - Redacteur Blog<\/title>\n<meta name=\"description\" content=\"R\u00e9diger un \u00e9ditorial ne s&#039;improvise pas. D\u00e9couvrez comment le concevoir et les astuces pour r\u00e9diger un \u00e9dito percutant.\" \/>\n<meta name=\"robots\" content=\"index, follow, max-snippet:-1, max-image-preview:large, max-video-preview:-1\" \/>\n<link rel=\"canonical\" href=\"https:\/\/www.redacteur.com\/blog\/comment-rediger-un-editorial\/\" \/>\n<meta property=\"og:locale\" content=\"fr_FR\" \/>\n<meta property=\"og:type\" content=\"article\" \/>\n<meta property=\"og:title\" content=\"Comment r\u00e9diger un \u00e9ditorial&nbsp;? - Redacteur Blog\" \/>\n<meta property=\"og:description\" content=\"R\u00e9diger un \u00e9ditorial ne s&#039;improvise pas. D\u00e9couvrez comment le concevoir et les astuces pour r\u00e9diger un \u00e9dito percutant.\" \/>\n<meta property=\"og:url\" content=\"https:\/\/www.redacteur.com\/blog\/comment-rediger-un-editorial\/\" \/>\n<meta property=\"og:site_name\" content=\"Redacteur.com\" \/>\n<meta property=\"article:publisher\" content=\"https:\/\/www.facebook.com\/redacteurcom\" \/>\n<meta property=\"article:published_time\" content=\"2025-06-05T10:30:00+00:00\" \/>\n<meta property=\"article:modified_time\" content=\"2025-08-20T12:43:22+00:00\" \/>\n<meta property=\"og:image\" content=\"https:\/\/www.redacteur.com\/blog\/wp-content\/uploads\/sites\/6\/2020\/11\/rediger-un-editorial.png\" \/>\n\t<meta property=\"og:image:width\" content=\"1200\" \/>\n\t<meta property=\"og:image:height\" content=\"675\" \/>\n\t<meta property=\"og:image:type\" content=\"image\/png\" \/>\n<meta name=\"author\" content=\"Laura Michaud\" \/>\n<meta name=\"twitter:card\" content=\"summary_large_image\" \/>\n<meta name=\"twitter:creator\" content=\"@Redacteurcom\" \/>\n<meta name=\"twitter:site\" content=\"@Redacteurcom\" \/>\n<meta name=\"twitter:label1\" content=\"\u00c9crit par\" \/>\n\t<meta name=\"twitter:data1\" content=\"Laura Michaud\" \/>\n\t<meta name=\"twitter:label2\" content=\"Dur\u00e9e de lecture estim\u00e9e\" \/>\n\t<meta name=\"twitter:data2\" content=\"6 minutes\" \/>\n<script type=\"application\/ld+json\" class=\"yoast-schema-graph\">{\"@context\":\"https:\/\/schema.org\",\"@graph\":[{\"@type\":\"Article\",\"@id\":\"https:\/\/www.redacteur.com\/blog\/comment-rediger-un-editorial\/#article\",\"isPartOf\":{\"@id\":\"https:\/\/www.redacteur.com\/blog\/comment-rediger-un-editorial\/\"},\"author\":{\"name\":\"Laura Michaud\",\"@id\":\"https:\/\/www.redacteur.com\/blog\/#\/schema\/person\/33c0ef04707fbe50a096f282050bb5f2\"},\"headline\":\"Comment r\u00e9diger un \u00e9ditorial&nbsp;?\",\"datePublished\":\"2025-06-05T10:30:00+00:00\",\"dateModified\":\"2025-08-20T12:43:22+00:00\",\"mainEntityOfPage\":{\"@id\":\"https:\/\/www.redacteur.com\/blog\/comment-rediger-un-editorial\/\"},\"wordCount\":998,\"commentCount\":0,\"publisher\":{\"@id\":\"https:\/\/www.redacteur.com\/blog\/#organization\"},\"image\":{\"@id\":\"https:\/\/www.redacteur.com\/blog\/comment-rediger-un-editorial\/#primaryimage\"},\"thumbnailUrl\":\"https:\/\/www.redacteur.com\/blog\/wp-content\/uploads\/sites\/6\/2020\/11\/rediger-un-editorial.png\",\"articleSection\":[\"Strat\u00e9gie \u00e9ditoriale\"],\"inLanguage\":\"fr-FR\",\"potentialAction\":[{\"@type\":\"CommentAction\",\"name\":\"Comment\",\"target\":[\"https:\/\/www.redacteur.com\/blog\/comment-rediger-un-editorial\/#respond\"]}]},{\"@type\":\"WebPage\",\"@id\":\"https:\/\/www.redacteur.com\/blog\/comment-rediger-un-editorial\/\",\"url\":\"https:\/\/www.redacteur.com\/blog\/comment-rediger-un-editorial\/\",\"name\":\"Comment r\u00e9diger un \u00e9ditorial&nbsp;? - Redacteur Blog\",\"isPartOf\":{\"@id\":\"https:\/\/www.redacteur.com\/blog\/#website\"},\"primaryImageOfPage\":{\"@id\":\"https:\/\/www.redacteur.com\/blog\/comment-rediger-un-editorial\/#primaryimage\"},\"image\":{\"@id\":\"https:\/\/www.redacteur.com\/blog\/comment-rediger-un-editorial\/#primaryimage\"},\"thumbnailUrl\":\"https:\/\/www.redacteur.com\/blog\/wp-content\/uploads\/sites\/6\/2020\/11\/rediger-un-editorial.png\",\"datePublished\":\"2025-06-05T10:30:00+00:00\",\"dateModified\":\"2025-08-20T12:43:22+00:00\",\"description\":\"R\u00e9diger un \u00e9ditorial ne s'improvise pas. D\u00e9couvrez comment le concevoir et les astuces pour r\u00e9diger un \u00e9dito percutant.\",\"breadcrumb\":{\"@id\":\"https:\/\/www.redacteur.com\/blog\/comment-rediger-un-editorial\/#breadcrumb\"},\"inLanguage\":\"fr-FR\",\"potentialAction\":[{\"@type\":\"ReadAction\",\"target\":[\"https:\/\/www.redacteur.com\/blog\/comment-rediger-un-editorial\/\"]}]},{\"@type\":\"ImageObject\",\"inLanguage\":\"fr-FR\",\"@id\":\"https:\/\/www.redacteur.com\/blog\/comment-rediger-un-editorial\/#primaryimage\",\"url\":\"https:\/\/www.redacteur.com\/blog\/wp-content\/uploads\/sites\/6\/2020\/11\/rediger-un-editorial.png\",\"contentUrl\":\"https:\/\/www.redacteur.com\/blog\/wp-content\/uploads\/sites\/6\/2020\/11\/rediger-un-editorial.png\",\"width\":1200,\"height\":675,\"caption\":\"r\u00e9diger un \u00e9ditorial\"},{\"@type\":\"BreadcrumbList\",\"@id\":\"https:\/\/www.redacteur.com\/blog\/comment-rediger-un-editorial\/#breadcrumb\",\"itemListElement\":[{\"@type\":\"ListItem\",\"position\":1,\"name\":\"Blog\",\"item\":\"https:\/\/www.redacteur.com\/blog\/\"},{\"@type\":\"ListItem\",\"position\":2,\"name\":\"R\u00e9daction web\",\"item\":\"https:\/\/www.redacteur.com\/blog\/redaction-web\/\"},{\"@type\":\"ListItem\",\"position\":3,\"name\":\"Strat\u00e9gie \u00e9ditoriale\",\"item\":\"https:\/\/www.redacteur.com\/blog\/redaction-web\/strategie-editoriale\/\"},{\"@type\":\"ListItem\",\"position\":4,\"name\":\"Comment r\u00e9diger un \u00e9ditorial&nbsp;?\"}]},{\"@type\":\"WebSite\",\"@id\":\"https:\/\/www.redacteur.com\/blog\/#website\",\"url\":\"https:\/\/www.redacteur.com\/blog\/\",\"name\":\"Redacteur.com\",\"description\":\"redacteur\",\"publisher\":{\"@id\":\"https:\/\/www.redacteur.com\/blog\/#organization\"},\"potentialAction\":[{\"@type\":\"SearchAction\",\"target\":{\"@type\":\"EntryPoint\",\"urlTemplate\":\"https:\/\/www.redacteur.com\/blog\/?s={search_term_string}\"},\"query-input\":{\"@type\":\"PropertyValueSpecification\",\"valueRequired\":true,\"valueName\":\"search_term_string\"}}],\"inLanguage\":\"fr-FR\"},{\"@type\":\"Organization\",\"@id\":\"https:\/\/www.redacteur.com\/blog\/#organization\",\"name\":\"Redacteur.com\",\"url\":\"https:\/\/www.redacteur.com\/blog\/\",\"logo\":{\"@type\":\"ImageObject\",\"inLanguage\":\"fr-FR\",\"@id\":\"https:\/\/www.redacteur.com\/blog\/#\/schema\/logo\/image\/\",\"url\":\"https:\/\/www.redacteur.com\/blog\/wp-content\/uploads\/sites\/6\/2022\/10\/logo-redacteur-blog.svg\",\"contentUrl\":\"https:\/\/www.redacteur.com\/blog\/wp-content\/uploads\/sites\/6\/2022\/10\/logo-redacteur-blog.svg\",\"width\":1,\"height\":1,\"caption\":\"Redacteur.com\"},\"image\":{\"@id\":\"https:\/\/www.redacteur.com\/blog\/#\/schema\/logo\/image\/\"},\"sameAs\":[\"https:\/\/www.facebook.com\/redacteurcom\",\"https:\/\/x.com\/Redacteurcom\",\"https:\/\/www.linkedin.com\/company\/redacteur-com\",\"https:\/\/www.youtube.com\/channel\/UCgj9ySM9xy3gdL8qBafl9Uw\/\"]},{\"@type\":\"Person\",\"@id\":\"https:\/\/www.redacteur.com\/blog\/#\/schema\/person\/33c0ef04707fbe50a096f282050bb5f2\",\"name\":\"Laura Michaud\",\"image\":{\"@type\":\"ImageObject\",\"inLanguage\":\"fr-FR\",\"@id\":\"https:\/\/www.redacteur.com\/blog\/#\/schema\/person\/image\/\",\"url\":\"https:\/\/secure.gravatar.com\/avatar\/c3328cc0c887f98cec6b2979af3311ab6333fc7cc2d4847514cfec6a56fa08a7?s=96&d=mm&r=g\",\"contentUrl\":\"https:\/\/secure.gravatar.com\/avatar\/c3328cc0c887f98cec6b2979af3311ab6333fc7cc2d4847514cfec6a56fa08a7?s=96&d=mm&r=g\",\"caption\":\"Laura Michaud\"},\"description\":\"Laura connait tous les meilleurs outils pour g\u00e9rer des projets et une entreprise. Cr\u00e9ative, c'est aussi une sp\u00e9cialiste des outils de cr\u00e9ation graphique pour faire briller une entreprise.\",\"sameAs\":[\"https:\/\/www.linkedin.com\/in\/michaudlaura\/\"],\"url\":\"https:\/\/www.redacteur.com\/blog\/author\/laura\/\"}]}<\/script>\n<!-- \/ Yoast SEO plugin. -->","yoast_head_json":{"title":"Comment r\u00e9diger un \u00e9ditorial&nbsp;? - Redacteur Blog","description":"R\u00e9diger un \u00e9ditorial ne s'improvise pas. D\u00e9couvrez comment le concevoir et les astuces pour r\u00e9diger un \u00e9dito percutant.","robots":{"index":"index","follow":"follow","max-snippet":"max-snippet:-1","max-image-preview":"max-image-preview:large","max-video-preview":"max-video-preview:-1"},"canonical":"https:\/\/www.redacteur.com\/blog\/comment-rediger-un-editorial\/","og_locale":"fr_FR","og_type":"article","og_title":"Comment r\u00e9diger un \u00e9ditorial&nbsp;? - Redacteur Blog","og_description":"R\u00e9diger un \u00e9ditorial ne s'improvise pas. D\u00e9couvrez comment le concevoir et les astuces pour r\u00e9diger un \u00e9dito percutant.","og_url":"https:\/\/www.redacteur.com\/blog\/comment-rediger-un-editorial\/","og_site_name":"Redacteur.com","article_publisher":"https:\/\/www.facebook.com\/redacteurcom","article_published_time":"2025-06-05T10:30:00+00:00","article_modified_time":"2025-08-20T12:43:22+00:00","og_image":[{"width":1200,"height":675,"url":"https:\/\/www.redacteur.com\/blog\/wp-content\/uploads\/sites\/6\/2020\/11\/rediger-un-editorial.png","type":"image\/png"}],"author":"Laura Michaud","twitter_card":"summary_large_image","twitter_creator":"@Redacteurcom","twitter_site":"@Redacteurcom","twitter_misc":{"\u00c9crit par":"Laura Michaud","Dur\u00e9e de lecture estim\u00e9e":"6 minutes"},"schema":{"@context":"https:\/\/schema.org","@graph":[{"@type":"Article","@id":"https:\/\/www.redacteur.com\/blog\/comment-rediger-un-editorial\/#article","isPartOf":{"@id":"https:\/\/www.redacteur.com\/blog\/comment-rediger-un-editorial\/"},"author":{"name":"Laura Michaud","@id":"https:\/\/www.redacteur.com\/blog\/#\/schema\/person\/33c0ef04707fbe50a096f282050bb5f2"},"headline":"Comment r\u00e9diger un \u00e9ditorial&nbsp;?","datePublished":"2025-06-05T10:30:00+00:00","dateModified":"2025-08-20T12:43:22+00:00","mainEntityOfPage":{"@id":"https:\/\/www.redacteur.com\/blog\/comment-rediger-un-editorial\/"},"wordCount":998,"commentCount":0,"publisher":{"@id":"https:\/\/www.redacteur.com\/blog\/#organization"},"image":{"@id":"https:\/\/www.redacteur.com\/blog\/comment-rediger-un-editorial\/#primaryimage"},"thumbnailUrl":"https:\/\/www.redacteur.com\/blog\/wp-content\/uploads\/sites\/6\/2020\/11\/rediger-un-editorial.png","articleSection":["Strat\u00e9gie \u00e9ditoriale"],"inLanguage":"fr-FR","potentialAction":[{"@type":"CommentAction","name":"Comment","target":["https:\/\/www.redacteur.com\/blog\/comment-rediger-un-editorial\/#respond"]}]},{"@type":"WebPage","@id":"https:\/\/www.redacteur.com\/blog\/comment-rediger-un-editorial\/","url":"https:\/\/www.redacteur.com\/blog\/comment-rediger-un-editorial\/","name":"Comment r\u00e9diger un \u00e9ditorial&nbsp;? - Redacteur Blog","isPartOf":{"@id":"https:\/\/www.redacteur.com\/blog\/#website"},"primaryImageOfPage":{"@id":"https:\/\/www.redacteur.com\/blog\/comment-rediger-un-editorial\/#primaryimage"},"image":{"@id":"https:\/\/www.redacteur.com\/blog\/comment-rediger-un-editorial\/#primaryimage"},"thumbnailUrl":"https:\/\/www.redacteur.com\/blog\/wp-content\/uploads\/sites\/6\/2020\/11\/rediger-un-editorial.png","datePublished":"2025-06-05T10:30:00+00:00","dateModified":"2025-08-20T12:43:22+00:00","description":"R\u00e9diger un \u00e9ditorial ne s'improvise pas. D\u00e9couvrez comment le concevoir et les astuces pour r\u00e9diger un \u00e9dito percutant.","breadcrumb":{"@id":"https:\/\/www.redacteur.com\/blog\/comment-rediger-un-editorial\/#breadcrumb"},"inLanguage":"fr-FR","potentialAction":[{"@type":"ReadAction","target":["https:\/\/www.redacteur.com\/blog\/comment-rediger-un-editorial\/"]}]},{"@type":"ImageObject","inLanguage":"fr-FR","@id":"https:\/\/www.redacteur.com\/blog\/comment-rediger-un-editorial\/#primaryimage","url":"https:\/\/www.redacteur.com\/blog\/wp-content\/uploads\/sites\/6\/2020\/11\/rediger-un-editorial.png","contentUrl":"https:\/\/www.redacteur.com\/blog\/wp-content\/uploads\/sites\/6\/2020\/11\/rediger-un-editorial.png","width":1200,"height":675,"caption":"r\u00e9diger un \u00e9ditorial"},{"@type":"BreadcrumbList","@id":"https:\/\/www.redacteur.com\/blog\/comment-rediger-un-editorial\/#breadcrumb","itemListElement":[{"@type":"ListItem","position":1,"name":"Blog","item":"https:\/\/www.redacteur.com\/blog\/"},{"@type":"ListItem","position":2,"name":"R\u00e9daction web","item":"https:\/\/www.redacteur.com\/blog\/redaction-web\/"},{"@type":"ListItem","position":3,"name":"Strat\u00e9gie \u00e9ditoriale","item":"https:\/\/www.redacteur.com\/blog\/redaction-web\/strategie-editoriale\/"},{"@type":"ListItem","position":4,"name":"Comment r\u00e9diger un \u00e9ditorial&nbsp;?"}]},{"@type":"WebSite","@id":"https:\/\/www.redacteur.com\/blog\/#website","url":"https:\/\/www.redacteur.com\/blog\/","name":"Redacteur.com","description":"redacteur","publisher":{"@id":"https:\/\/www.redacteur.com\/blog\/#organization"},"potentialAction":[{"@type":"SearchAction","target":{"@type":"EntryPoint","urlTemplate":"https:\/\/www.redacteur.com\/blog\/?s={search_term_string}"},"query-input":{"@type":"PropertyValueSpecification","valueRequired":true,"valueName":"search_term_string"}}],"inLanguage":"fr-FR"},{"@type":"Organization","@id":"https:\/\/www.redacteur.com\/blog\/#organization","name":"Redacteur.com","url":"https:\/\/www.redacteur.com\/blog\/","logo":{"@type":"ImageObject","inLanguage":"fr-FR","@id":"https:\/\/www.redacteur.com\/blog\/#\/schema\/logo\/image\/","url":"https:\/\/www.redacteur.com\/blog\/wp-content\/uploads\/sites\/6\/2022\/10\/logo-redacteur-blog.svg","contentUrl":"https:\/\/www.redacteur.com\/blog\/wp-content\/uploads\/sites\/6\/2022\/10\/logo-redacteur-blog.svg","width":1,"height":1,"caption":"Redacteur.com"},"image":{"@id":"https:\/\/www.redacteur.com\/blog\/#\/schema\/logo\/image\/"},"sameAs":["https:\/\/www.facebook.com\/redacteurcom","https:\/\/x.com\/Redacteurcom","https:\/\/www.linkedin.com\/company\/redacteur-com","https:\/\/www.youtube.com\/channel\/UCgj9ySM9xy3gdL8qBafl9Uw\/"]},{"@type":"Person","@id":"https:\/\/www.redacteur.com\/blog\/#\/schema\/person\/33c0ef04707fbe50a096f282050bb5f2","name":"Laura Michaud","image":{"@type":"ImageObject","inLanguage":"fr-FR","@id":"https:\/\/www.redacteur.com\/blog\/#\/schema\/person\/image\/","url":"https:\/\/secure.gravatar.com\/avatar\/c3328cc0c887f98cec6b2979af3311ab6333fc7cc2d4847514cfec6a56fa08a7?s=96&d=mm&r=g","contentUrl":"https:\/\/secure.gravatar.com\/avatar\/c3328cc0c887f98cec6b2979af3311ab6333fc7cc2d4847514cfec6a56fa08a7?s=96&d=mm&r=g","caption":"Laura Michaud"},"description":"Laura connait tous les meilleurs outils pour g\u00e9rer des projets et une entreprise. Cr\u00e9ative, c'est aussi une sp\u00e9cialiste des outils de cr\u00e9ation graphique pour faire briller une entreprise.","sameAs":["https:\/\/www.linkedin.com\/in\/michaudlaura\/"],"url":"https:\/\/www.redacteur.com\/blog\/author\/laura\/"}]}},"_links":{"self":[{"href":"https:\/\/www.redacteur.com\/blog\/wp-json\/wp\/v2\/posts\/23599","targetHints":{"allow":["GET"]}}],"collection":[{"href":"https:\/\/www.redacteur.com\/blog\/wp-json\/wp\/v2\/posts"}],"about":[{"href":"https:\/\/www.redacteur.com\/blog\/wp-json\/wp\/v2\/types\/post"}],"author":[{"embeddable":true,"href":"https:\/\/www.redacteur.com\/blog\/wp-json\/wp\/v2\/users\/1"}],"replies":[{"embeddable":true,"href":"https:\/\/www.redacteur.com\/blog\/wp-json\/wp\/v2\/comments?post=23599"}],"version-history":[{"count":0,"href":"https:\/\/www.redacteur.com\/blog\/wp-json\/wp\/v2\/posts\/23599\/revisions"}],"wp:featuredmedia":[{"embeddable":true,"href":"https:\/\/www.redacteur.com\/blog\/wp-json\/wp\/v2\/media\/41582"}],"wp:attachment":[{"href":"https:\/\/www.redacteur.com\/blog\/wp-json\/wp\/v2\/media?parent=23599"}],"wp:term":[{"taxonomy":"category","embeddable":true,"href":"https:\/\/www.redacteur.com\/blog\/wp-json\/wp\/v2\/categories?post=23599"},{"taxonomy":"post_tag","embeddable":true,"href":"https:\/\/www.redacteur.com\/blog\/wp-json\/wp\/v2\/tags?post=23599"}],"curies":[{"name":"wp","href":"https:\/\/api.w.org\/{rel}","templated":true}]}}