{"id":23664,"date":"2023-11-22T10:50:00","date_gmt":"2023-11-22T09:50:00","guid":{"rendered":"https:\/\/www.redacteur.com\/blog\/?p=23664"},"modified":"2023-11-22T14:04:36","modified_gmt":"2023-11-22T13:04:36","slug":"social-media-utiliser-hashtags-noel","status":"publish","type":"post","link":"https:\/\/www.redacteur.com\/blog\/social-media-utiliser-hashtags-noel\/","title":{"rendered":"Social Media&nbsp;: 5 mani\u00e8res d\u2019utiliser les hashtags pour No\u00ebl"},"content":{"rendered":"<p>Pour de nombreuses entreprises, la p\u00e9riode de No\u00ebl est la plus mouvement\u00e9e, la plus joyeuse et la plus fructueuse. En effet, les Fran\u00e7ais d\u00e9pensent sans compter et les ventes montent en fl\u00e8che. Mais cette ann\u00e9e, les entreprises vont devoir miser gros sur le marketing digital.<\/p>\n<p>En raison du fort d\u00e9veloppement des r\u00e9seaux sociaux depuis quelques ann\u00e9es, il va devenir essentiel d\u2019attirer l\u2019attention de ses clients en ligne. Pour ce faire, les m\u00e9dias sociaux sont le meilleur outil pour attirer ses clients pendant la <a href=\"https:\/\/www.redacteur.com\/blog\/contenu-email-marketing-noel\/\" target=\"_blank\" rel=\"noopener noreferrer\">p\u00e9riode de No\u00ebl.<\/a><\/p>\n<p>Dans cet article, vous d\u00e9couvrirez 5\u00a0mani\u00e8res d\u2019utiliser les hashtags pour No\u00ebl.<\/p>\n<h2>Le super pouvoir des m\u00e9dias sociaux<\/h2>\n<p>Aujourd\u2019hui, une strat\u00e9gie de marketing digital efficace va de pair avec les m\u00e9dias sociaux. Gr\u00e2ce \u00e0 eux, votre marque gagne en popularit\u00e9, votre entreprise s\u2019humanise et vos ventes augmentent. En effet, <a href=\"https:\/\/socialmediaweek.org\/blog\/2017\/05\/social-media-influencing-purchase-decisions\/\">74\u00a0% des acheteurs<\/a> se basent sur les m\u00e9dias sociaux pour orienter leurs d\u00e9cisions d\u2019achats.<\/p>\n<p><img decoding=\"async\" class=\"aligncenter size-full wp-image-14235\" src=\"https:\/\/www.redacteur.com\/blog\/wp-content\/uploads\/sites\/6\/2018\/11\/produit-noel.jpg\" alt=\"\" width=\"600\" height=\"385\" srcset=\"https:\/\/www.redacteur.com\/blog\/wp-content\/uploads\/sites\/6\/2018\/11\/produit-noel.jpg 600w, https:\/\/www.redacteur.com\/blog\/wp-content\/uploads\/sites\/6\/2018\/11\/produit-noel-300x193.jpg 300w, https:\/\/www.redacteur.com\/blog\/wp-content\/uploads\/sites\/6\/2018\/11\/produit-noel-60x39.jpg 60w, https:\/\/www.redacteur.com\/blog\/wp-content\/uploads\/sites\/6\/2018\/11\/produit-noel-370x237.jpg 370w, https:\/\/www.redacteur.com\/blog\/wp-content\/uploads\/sites\/6\/2018\/11\/produit-noel-270x173.jpg 270w, https:\/\/www.redacteur.com\/blog\/wp-content\/uploads\/sites\/6\/2018\/11\/produit-noel-570x366.jpg 570w\" sizes=\"(max-width: 600px) 100vw, 600px\" \/><\/p>\n<p>De plus, la p\u00e9riode de No\u00ebl est une excellente opportunit\u00e9 pour mettre votre marque en valeur \u00e0 travers les r\u00e9seaux sociaux. Si vous ne le faites pas, vos concurrents risquent de fournir plus de cadeaux que vous au P\u00e8re-No\u00ebl.<\/p>\n<blockquote><p>Notez \u00e9galement que les clients utilisent les m\u00e9dias sociaux afin de trouver de l\u2019inspiration. Ils recherchent des cadeaux plus originaux qu\u2019une bo\u00eete de chocolats ou qu\u2019une paire de chaussettes.<\/p><\/blockquote>\n<p>Voil\u00e0 pourquoi il est important pour les marques d\u2019innover et de capter l\u2019attention. Pour cela, il faut ma\u00eetriser <a href=\"https:\/\/www.redacteur.com\/blog\/content-marketing-utiliser-hashtags%e2%80%89\/\" target=\"_blank\" rel=\"noopener noreferrer\">l\u2019art des hashtags<\/a>. Ainsi, ces 5\u00a0mani\u00e8res d\u2019utiliser les hashtags pour No\u00ebl vous aideront \u00e0 sortir du lot.<\/p>\n<blockquote><p>\u00c0 lire aussi\u00a0: <a href=\"https:\/\/www.redacteur.com\/blog\/le-bashtagging-bad-buzz-pour-les-marques\/\">Social Media\u00a0: 5 erreurs \u00e0 ne pas faire sur vos hashtags<\/a><\/p><\/blockquote>\n<h2>1. Cr\u00e9er son propre hashtag de No\u00ebl<\/h2>\n<p>Cr\u00e9er un hashtag de No\u00ebl d\u00e9di\u00e9 \u00e0 votre entreprise a plusieurs b\u00e9n\u00e9fices. D\u2019abord, cela permettra aux internautes de retrouver toutes les publications en lien avec ce hashtag en une seule recherche. D\u2019autre part, cela donnera envie \u00e0 vos abonn\u00e9s de cr\u00e9er une publication \u00e0 leur tour, ce qui fera fonctionner le bouche-\u00e0-oreille.<\/p>\n<p><img decoding=\"async\" class=\"aligncenter wp-image-23666\" src=\"https:\/\/www.redacteur.com\/blog\/wp-content\/uploads\/sites\/6\/2020\/10\/instagram-noel-e1604080118859.png\" alt=\"\" width=\"687\" height=\"853\" srcset=\"https:\/\/www.redacteur.com\/blog\/wp-content\/uploads\/sites\/6\/2020\/10\/instagram-noel-e1604080118859-241x300.png 241w, https:\/\/www.redacteur.com\/blog\/wp-content\/uploads\/sites\/6\/2020\/10\/instagram-noel-e1604080118859-48x60.png 48w, https:\/\/www.redacteur.com\/blog\/wp-content\/uploads\/sites\/6\/2020\/10\/instagram-noel-e1604080118859-370x460.png 370w, https:\/\/www.redacteur.com\/blog\/wp-content\/uploads\/sites\/6\/2020\/10\/instagram-noel-e1604080118859-270x336.png 270w, https:\/\/www.redacteur.com\/blog\/wp-content\/uploads\/sites\/6\/2020\/10\/instagram-noel-e1604080118859-570x709.png 570w\" sizes=\"(max-width: 687px) 100vw, 687px\" \/><\/p>\n<p>Vinded pourrait, par exemple, inventer le hashtag \u00ab\u2009VintedF\u00eateNo\u00ebl\u2009\u00bb pour pousser ses clients \u00e0 poster des photos d\u2019eux avec des v\u00eatements achet\u00e9s sur Vinted pendant la p\u00e9riode de No\u00ebl. Apr\u00e8s tout, offrir de la seconde main pour No\u00ebl est une excellente id\u00e9e. C\u2019est moins cher et bon pour la plan\u00e8te\u2009!<\/p>\n<p>\u00c9videmment, vous pouvez accompagner votre hashtag, d\u2019autre hashtag comme\u00a0:<\/p>\n<ul>\n<li>#KdoNo\u00ebl<\/li>\n<li>#CadeauxdeNo\u00ebl<\/li>\n<li>#ShoppingdeNo\u00ebl<\/li>\n<li>#OffresdeNo\u00ebl<\/li>\n<li>#SousleSapin<\/li>\n<li>ou encore #WishList<\/li>\n<\/ul>\n<p>Ainsi, toutes les personnes abonn\u00e9es \u00e0 ces hashtags verront votre publication s\u2019afficher dans leur fil d\u2019actualit\u00e9 Instagram ou <a href=\"https:\/\/www.redacteur.com\/blog\/tpe-pme-developper-marque-linkedin\/\" target=\"_blank\" rel=\"noopener noreferrer\">LinkedIn<\/a>, entre autres.<\/p>\n<h2>2. Offrir des cadeaux<\/h2>\n<p>Il n\u2019y a pas de meilleure p\u00e9riode que celle de No\u00ebl pour offrir des cadeaux. Et \u00e7a, Air Canada l\u2019avait d\u00e9j\u00e0 compris en 2015. \u00c0 l\u2019\u00e9poque, ils ont offert aux Canadiens vivant \u00e0 l\u2019\u00e9tranger l\u2019un des plus beaux cadeaux.<\/p>\n<p><iframe title=\"Air Canada: Gift of Home for the Holidays #ACgiftofhome\" width=\"770\" height=\"433\" src=\"https:\/\/www.youtube.com\/embed\/r5YvVB1FJrs?feature=oembed\" frameborder=\"0\" allow=\"accelerometer; autoplay; clipboard-write; encrypted-media; gyroscope; picture-in-picture; web-share\" allowfullscreen><\/iframe><\/p>\n<blockquote><p>L\u2019histoire se passe dans un pub londonien. Alors que des Canadiens avaient l\u2019habitude de s\u2019y retrouver pour se sentir \u00ab\u2009comme \u00e0 la maison\u2009\u00bb, deux pilotes d\u2019Air Canada s\u2019y sont rendus pour offrir des billets aller-retour \u00e0 tout le monde pour qu\u2019ils puissent rentrer au Canada pendant les f\u00eates.<\/p><\/blockquote>\n<p>Une vid\u00e9o a \u00e9t\u00e9 r\u00e9alis\u00e9e ce soir-l\u00e0 et elle est devenue virale. En outre, la campagne invitait les gagnants \u00e0 partager leur histoire avec #ACgiftofhome. Avec ce cadeau, Air Canada a touch\u00e9 le c\u0153ur des Canadiens. Faites, vous aussi, une surprise \u00e0 vos clients\u2009!<\/p>\n<h2>3. Organiser un concours<\/h2>\n<p>Pour inciter vos followers \u00e0 utiliser votre nouveau hashtag, cr\u00e9er un jeu-concours est une excellente id\u00e9e. Qui plus est, de nombreux <a href=\"https:\/\/www.redacteur.com\/blog\/social-media-type-de-jeux-concours\/\">types de jeux-concours existent<\/a>. Faire gagner des produits, lancer un pari sportif, se prendre en photo tous les jours avec un fard \u00e0 paupi\u00e8res diff\u00e9rent, etc. En mati\u00e8re de concours, il n\u2019y a pas de limite \u00e0 la cr\u00e9ativit\u00e9.<\/p>\n<p><img decoding=\"async\" class=\"aligncenter size-full wp-image-23669\" src=\"https:\/\/www.redacteur.com\/blog\/wp-content\/uploads\/sites\/6\/2020\/10\/concours-instagram-e1604080426447.png\" alt=\"\" width=\"750\" height=\"441\" \/><\/p>\n<p>Pour effectuer un concours dans les r\u00e8gles de l\u2019art, 6\u00a0\u00e9tapes doivent \u00eatre respect\u00e9es\u00a0:<\/p>\n<ol>\n<li>D\u00e9terminer l\u2019objectif du concours\u00a0: vendre, promouvoir, inspirer, etc.<\/li>\n<li>Lui attribuer un hashtag et s\u2019y tenir (exemple\u00a0: #ConcoursNo\u00eblBlissim)<\/li>\n<li>D\u00e9finir une r\u00e9compense pour donner envie aux internautes d\u2019y participer.<\/li>\n<li>Diffuser le r\u00e8glement (sur une page \u00e0 part par exemple). Bien \u00e9videmment, ins\u00e9rer un hashtag sous sa publication peut faire partie des r\u00e8gles du jeu.<\/li>\n<li>Faire conna\u00eetre votre concours gr\u00e2ce \u00e0 de la publicit\u00e9 ou des influenceurs.<\/li>\n<li>\u00c9lire un. e gagnant. e\u2009!<\/li>\n<\/ol>\n<h2>4. Lancer une campagne de hashtag<\/h2>\n<p>Pendant la p\u00e9riode de No\u00ebl, les campagnes de hashtag sont de plus en plus utilis\u00e9es.<\/p>\n<p>Par exemple lorsque la marque Espirit avait lanc\u00e9 une campagne #EverydayAmazing. L\u2019id\u00e9e de cette campagne pour No\u00ebl \u00e9t\u00e9 d\u2019encourager les gens \u00e0 prendre le temps de penser \u00e0 celles et ceux qui comptaient le plus pour eux.<\/p>\n<p><img decoding=\"async\" class=\"aligncenter size-full wp-image-23670\" src=\"https:\/\/www.redacteur.com\/blog\/wp-content\/uploads\/sites\/6\/2020\/10\/instagram-hashtag2-e1604080522902.png\" alt=\"\" width=\"750\" height=\"439\" \/><\/p>\n<p>Cette id\u00e9e est tr\u00e8s pertinente pendant la p\u00e9riode de No\u00ebl, car passer du temps avec les gens qu\u2019on aime est la meilleure chose qui soit \u00e0 la fin de l\u2019ann\u00e9e.<\/p>\n<p>Voil\u00e0 pourquoi Espirit s\u2019est appuy\u00e9 sur des statistiques d\u00e9j\u00e0 existantes sur la fa\u00e7on dont les gens se comportent \u00e0 No\u00ebl pour \u00e9laborer sa campagne de hashtag de No\u00ebl.<\/p>\n<blockquote><p>\u00c0 lire aussi\u00a0: <a href=\"https:\/\/www.redacteur.com\/blog\/quand-publier-facebook-instagram-twitter-linkedin\/\">Quand publier sur Facebook, Instagram, Twitter et LinkedIn en 2023\u2009?<\/a><\/p><\/blockquote>\n<h2>5. R\u00e9diger un article de blog<\/h2>\n<p>Pour utiliser les hashtags pour No\u00ebl, il est essentiel de redoubler d\u2019inventivit\u00e9. Si vous avez une histoire en lien avec No\u00ebl \u00e0 raconter, faites-le de mani\u00e8re originale, attendrissante ou dr\u00f4le. Vous pouvez la raconter sous forme de <a href=\"https:\/\/www.redacteur.com\/blog\/video-faire-propres-tutoriels-marketing\/\" target=\"_blank\" rel=\"noopener noreferrer\">vid\u00e9o<\/a>, de <a href=\"https:\/\/www.redacteur.com\/blog\/comment-rediger-bon-podcast\/\" target=\"_blank\" rel=\"noopener noreferrer\">podcast<\/a> ou\u2026 d\u2019article de blog.<\/p>\n<p><img decoding=\"async\" class=\"aligncenter wp-image-39193 size-full\" src=\"https:\/\/www.redacteur.com\/blog\/wp-content\/uploads\/sites\/6\/2020\/11\/john-lewis-noel-2019-e1604080664970.png\" alt=\"\" width=\"750\" height=\"850\" srcset=\"https:\/\/www.redacteur.com\/blog\/wp-content\/uploads\/sites\/6\/2020\/11\/john-lewis-noel-2019-e1604080664970.png 750w, https:\/\/www.redacteur.com\/blog\/wp-content\/uploads\/sites\/6\/2020\/11\/john-lewis-noel-2019-e1604080664970-265x300.png 265w, https:\/\/www.redacteur.com\/blog\/wp-content\/uploads\/sites\/6\/2020\/11\/john-lewis-noel-2019-e1604080664970-53x60.png 53w, https:\/\/www.redacteur.com\/blog\/wp-content\/uploads\/sites\/6\/2020\/11\/john-lewis-noel-2019-e1604080664970-370x419.png 370w, https:\/\/www.redacteur.com\/blog\/wp-content\/uploads\/sites\/6\/2020\/11\/john-lewis-noel-2019-e1604080664970-270x306.png 270w, https:\/\/www.redacteur.com\/blog\/wp-content\/uploads\/sites\/6\/2020\/11\/john-lewis-noel-2019-e1604080664970-570x646.png 570w, https:\/\/www.redacteur.com\/blog\/wp-content\/uploads\/sites\/6\/2020\/11\/john-lewis-noel-2019-e1604080664970-740x839.png 740w\" sizes=\"(max-width: 750px) 100vw, 750px\" \/><\/p>\n<blockquote><p>En effet, un<a href=\"https:\/\/www.redacteur.com\/blog\/listes-article-de-blog\/\" target=\"_blank\" rel=\"noopener noreferrer\"> article de blog<\/a> apportera une forte visibilit\u00e9 \u00e0 votre propos, notamment si vous le relayez ensuite sur les m\u00e9dias sociaux. L\u2019histoire peut toucher \u00e0 des th\u00e9matiques en lien avec votre entreprise ou avec des sujets d\u2019actualit\u00e9 (comme No\u00ebl\u2009!).<\/p><\/blockquote>\n<p>Si vous proposez des produits pour personnes \u00e2g\u00e9es, sensibiliser votre lectorat au probl\u00e8me de la solitude et l\u2019encourager \u00e0 prendre soin des a\u00een\u00e9s de toutes les mani\u00e8res possibles peut \u00eatre une excellente id\u00e9e pour augmenter votre visibilit\u00e9.<\/p>\n<p>L\u2019avantage des articles de blog, c\u2019est qu\u2019ils donnent un acc\u00e8s direct \u00e0 vos produits ou services, via votre site. Vous pouvez ensuite le partager sur les m\u00e9dias sociaux accompagn\u00e9s de quelques hashtags\u2026 Cela donnera envie \u00e0 vos abonn\u00e9s de lire tout l\u2019article\u2009!<\/p>\n<blockquote><p>\u00c0 lire aussi\u00a0: <a href=\"https:\/\/www.redacteur.com\/blog\/noel-guide-communication-editorial-bestof\/\">No\u00ebl\u00a0: guide complet pour r\u00e9ussir votre communication de fin d\u2019ann\u00e9e<\/a><\/p><\/blockquote>\n<h3>Conclusion<\/h3>\n<p>No\u00ebl doit \u00eatre un moment fort pour vos m\u00e9dias sociaux. De nombreuses possibilit\u00e9s, notamment commerciale apparaissent et un contenu de mauvaise qualit\u00e9 peut tout g\u00e2cher.<\/p>\n<p>Et si vous n\u2019avez pas le temps de r\u00e9diger des articles optimis\u00e9s SEO, faites confiance \u00e0 l\u2019un des r\u00e9dacteurs web sp\u00e9cialis\u00e9s en e-commerce sur <a href=\"https:\/\/www.redacteur.com\/\">Redacteur.com<\/a>\u2009!<\/p>\n<blockquote><p>\u00c0 lire aussi\u00a0: <a href=\"https:\/\/www.redacteur.com\/blog\/social-media-tendances\/\">Social Media\u00a0: 16 tendances \u00e0 suivre en 2023<\/a><\/p><\/blockquote>\n","protected":false},"excerpt":{"rendered":"<p>Pour de nombreuses entreprises, la p\u00e9riode de No\u00ebl est la plus mouvement\u00e9e, la plus joyeuse et la plus fructueuse. En effet, les Fran\u00e7ais d\u00e9pensent sans compter et les ventes montent en fl\u00e8che. Mais cette ann\u00e9e, les entreprises vont devoir miser gros sur le marketing digital. En raison du fort d\u00e9veloppement des r\u00e9seaux sociaux depuis quelques [&hellip;]<\/p>\n","protected":false},"author":1,"featured_media":39195,"comment_status":"open","ping_status":"open","sticky":false,"template":"","format":"standard","meta":{"_acf_changed":false,"inline_featured_image":false,"footnotes":""},"categories":[12],"tags":[],"class_list":["post-23664","post","type-post","status-publish","format-standard","has-post-thumbnail","hentry","category-reseaux-sociaux"],"acf":[],"yoast_head":"<!-- This site is optimized with the Yoast SEO plugin v25.9 - https:\/\/yoast.com\/wordpress\/plugins\/seo\/ -->\n<title>Social Media : 5 mani\u00e8res d\u2019utiliser les hashtags pour No\u00ebl - Redacteur Blog<\/title>\n<meta name=\"description\" content=\"Pour de nombreuses entreprises, la p\u00e9riode de No\u00ebl est la plus mouvement\u00e9e, la plus joyeuse et la plus fructueuse. En effet, les Fran\u00e7ais d\u00e9pensent sans\" \/>\n<meta name=\"robots\" content=\"index, follow, max-snippet:-1, max-image-preview:large, max-video-preview:-1\" \/>\n<link rel=\"canonical\" href=\"https:\/\/www.redacteur.com\/blog\/social-media-utiliser-hashtags-noel\/\" \/>\n<meta property=\"og:locale\" content=\"fr_FR\" \/>\n<meta property=\"og:type\" content=\"article\" \/>\n<meta property=\"og:title\" content=\"Social Media : 5 mani\u00e8res d\u2019utiliser les hashtags pour No\u00ebl - Redacteur Blog\" \/>\n<meta property=\"og:description\" content=\"Pour de nombreuses entreprises, la p\u00e9riode de No\u00ebl est la plus mouvement\u00e9e, la plus joyeuse et la plus fructueuse. En effet, les Fran\u00e7ais d\u00e9pensent sans\" \/>\n<meta property=\"og:url\" content=\"https:\/\/www.redacteur.com\/blog\/social-media-utiliser-hashtags-noel\/\" \/>\n<meta property=\"og:site_name\" content=\"Redacteur.com\" \/>\n<meta property=\"article:publisher\" content=\"https:\/\/www.facebook.com\/redacteurcom\" \/>\n<meta property=\"article:published_time\" content=\"2023-11-22T09:50:00+00:00\" \/>\n<meta property=\"article:modified_time\" content=\"2023-11-22T13:04:36+00:00\" \/>\n<meta property=\"og:image\" content=\"https:\/\/www.redacteur.com\/blog\/wp-content\/uploads\/sites\/6\/2020\/11\/Image-a-la-une-social-media-noel.png\" \/>\n\t<meta property=\"og:image:width\" content=\"1024\" \/>\n\t<meta property=\"og:image:height\" content=\"618\" \/>\n\t<meta property=\"og:image:type\" content=\"image\/png\" \/>\n<meta name=\"author\" content=\"Laura Michaud\" \/>\n<meta name=\"twitter:card\" content=\"summary_large_image\" \/>\n<meta name=\"twitter:creator\" content=\"@Redacteurcom\" \/>\n<meta name=\"twitter:site\" content=\"@Redacteurcom\" \/>\n<meta name=\"twitter:label1\" content=\"\u00c9crit par\" \/>\n\t<meta name=\"twitter:data1\" content=\"Laura Michaud\" \/>\n\t<meta name=\"twitter:label2\" content=\"Dur\u00e9e de lecture estim\u00e9e\" \/>\n\t<meta name=\"twitter:data2\" content=\"7 minutes\" \/>\n<script type=\"application\/ld+json\" class=\"yoast-schema-graph\">{\"@context\":\"https:\/\/schema.org\",\"@graph\":[{\"@type\":\"Article\",\"@id\":\"https:\/\/www.redacteur.com\/blog\/social-media-utiliser-hashtags-noel\/#article\",\"isPartOf\":{\"@id\":\"https:\/\/www.redacteur.com\/blog\/social-media-utiliser-hashtags-noel\/\"},\"author\":{\"name\":\"Laura Michaud\",\"@id\":\"https:\/\/www.redacteur.com\/blog\/#\/schema\/person\/33c0ef04707fbe50a096f282050bb5f2\"},\"headline\":\"Social Media&nbsp;: 5 mani\u00e8res d\u2019utiliser les hashtags pour No\u00ebl\",\"datePublished\":\"2023-11-22T09:50:00+00:00\",\"dateModified\":\"2023-11-22T13:04:36+00:00\",\"mainEntityOfPage\":{\"@id\":\"https:\/\/www.redacteur.com\/blog\/social-media-utiliser-hashtags-noel\/\"},\"wordCount\":1224,\"commentCount\":0,\"publisher\":{\"@id\":\"https:\/\/www.redacteur.com\/blog\/#organization\"},\"image\":{\"@id\":\"https:\/\/www.redacteur.com\/blog\/social-media-utiliser-hashtags-noel\/#primaryimage\"},\"thumbnailUrl\":\"https:\/\/www.redacteur.com\/blog\/wp-content\/uploads\/sites\/6\/2020\/11\/Image-a-la-une-social-media-noel.png\",\"articleSection\":[\"R\u00e9seaux sociaux\"],\"inLanguage\":\"fr-FR\",\"potentialAction\":[{\"@type\":\"CommentAction\",\"name\":\"Comment\",\"target\":[\"https:\/\/www.redacteur.com\/blog\/social-media-utiliser-hashtags-noel\/#respond\"]}]},{\"@type\":\"WebPage\",\"@id\":\"https:\/\/www.redacteur.com\/blog\/social-media-utiliser-hashtags-noel\/\",\"url\":\"https:\/\/www.redacteur.com\/blog\/social-media-utiliser-hashtags-noel\/\",\"name\":\"Social Media : 5 mani\u00e8res d\u2019utiliser les hashtags pour No\u00ebl - Redacteur Blog\",\"isPartOf\":{\"@id\":\"https:\/\/www.redacteur.com\/blog\/#website\"},\"primaryImageOfPage\":{\"@id\":\"https:\/\/www.redacteur.com\/blog\/social-media-utiliser-hashtags-noel\/#primaryimage\"},\"image\":{\"@id\":\"https:\/\/www.redacteur.com\/blog\/social-media-utiliser-hashtags-noel\/#primaryimage\"},\"thumbnailUrl\":\"https:\/\/www.redacteur.com\/blog\/wp-content\/uploads\/sites\/6\/2020\/11\/Image-a-la-une-social-media-noel.png\",\"datePublished\":\"2023-11-22T09:50:00+00:00\",\"dateModified\":\"2023-11-22T13:04:36+00:00\",\"description\":\"Pour de nombreuses entreprises, la p\u00e9riode de No\u00ebl est la plus mouvement\u00e9e, la plus joyeuse et la plus fructueuse. En effet, les Fran\u00e7ais d\u00e9pensent sans\",\"breadcrumb\":{\"@id\":\"https:\/\/www.redacteur.com\/blog\/social-media-utiliser-hashtags-noel\/#breadcrumb\"},\"inLanguage\":\"fr-FR\",\"potentialAction\":[{\"@type\":\"ReadAction\",\"target\":[\"https:\/\/www.redacteur.com\/blog\/social-media-utiliser-hashtags-noel\/\"]}]},{\"@type\":\"ImageObject\",\"inLanguage\":\"fr-FR\",\"@id\":\"https:\/\/www.redacteur.com\/blog\/social-media-utiliser-hashtags-noel\/#primaryimage\",\"url\":\"https:\/\/www.redacteur.com\/blog\/wp-content\/uploads\/sites\/6\/2020\/11\/Image-a-la-une-social-media-noel.png\",\"contentUrl\":\"https:\/\/www.redacteur.com\/blog\/wp-content\/uploads\/sites\/6\/2020\/11\/Image-a-la-une-social-media-noel.png\",\"width\":1024,\"height\":618},{\"@type\":\"BreadcrumbList\",\"@id\":\"https:\/\/www.redacteur.com\/blog\/social-media-utiliser-hashtags-noel\/#breadcrumb\",\"itemListElement\":[{\"@type\":\"ListItem\",\"position\":1,\"name\":\"Blog\",\"item\":\"https:\/\/www.redacteur.com\/blog\/\"},{\"@type\":\"ListItem\",\"position\":2,\"name\":\"Content marketing\",\"item\":\"https:\/\/www.redacteur.com\/blog\/contenu-web\/\"},{\"@type\":\"ListItem\",\"position\":3,\"name\":\"R\u00e9seaux sociaux\",\"item\":\"https:\/\/www.redacteur.com\/blog\/contenu-web\/reseaux-sociaux\/\"},{\"@type\":\"ListItem\",\"position\":4,\"name\":\"Social Media : 5 mani\u00e8res d\u2019utiliser les hashtags pour No\u00ebl\"}]},{\"@type\":\"WebSite\",\"@id\":\"https:\/\/www.redacteur.com\/blog\/#website\",\"url\":\"https:\/\/www.redacteur.com\/blog\/\",\"name\":\"Redacteur.com\",\"description\":\"redacteur\",\"publisher\":{\"@id\":\"https:\/\/www.redacteur.com\/blog\/#organization\"},\"potentialAction\":[{\"@type\":\"SearchAction\",\"target\":{\"@type\":\"EntryPoint\",\"urlTemplate\":\"https:\/\/www.redacteur.com\/blog\/?s={search_term_string}\"},\"query-input\":{\"@type\":\"PropertyValueSpecification\",\"valueRequired\":true,\"valueName\":\"search_term_string\"}}],\"inLanguage\":\"fr-FR\"},{\"@type\":\"Organization\",\"@id\":\"https:\/\/www.redacteur.com\/blog\/#organization\",\"name\":\"Redacteur.com\",\"url\":\"https:\/\/www.redacteur.com\/blog\/\",\"logo\":{\"@type\":\"ImageObject\",\"inLanguage\":\"fr-FR\",\"@id\":\"https:\/\/www.redacteur.com\/blog\/#\/schema\/logo\/image\/\",\"url\":\"https:\/\/www.redacteur.com\/blog\/wp-content\/uploads\/sites\/6\/2022\/10\/logo-redacteur-blog.svg\",\"contentUrl\":\"https:\/\/www.redacteur.com\/blog\/wp-content\/uploads\/sites\/6\/2022\/10\/logo-redacteur-blog.svg\",\"width\":1,\"height\":1,\"caption\":\"Redacteur.com\"},\"image\":{\"@id\":\"https:\/\/www.redacteur.com\/blog\/#\/schema\/logo\/image\/\"},\"sameAs\":[\"https:\/\/www.facebook.com\/redacteurcom\",\"https:\/\/x.com\/Redacteurcom\",\"https:\/\/www.linkedin.com\/company\/redacteur-com\",\"https:\/\/www.youtube.com\/channel\/UCgj9ySM9xy3gdL8qBafl9Uw\/\"]},{\"@type\":\"Person\",\"@id\":\"https:\/\/www.redacteur.com\/blog\/#\/schema\/person\/33c0ef04707fbe50a096f282050bb5f2\",\"name\":\"Laura Michaud\",\"image\":{\"@type\":\"ImageObject\",\"inLanguage\":\"fr-FR\",\"@id\":\"https:\/\/www.redacteur.com\/blog\/#\/schema\/person\/image\/\",\"url\":\"https:\/\/secure.gravatar.com\/avatar\/c3328cc0c887f98cec6b2979af3311ab6333fc7cc2d4847514cfec6a56fa08a7?s=96&d=mm&r=g\",\"contentUrl\":\"https:\/\/secure.gravatar.com\/avatar\/c3328cc0c887f98cec6b2979af3311ab6333fc7cc2d4847514cfec6a56fa08a7?s=96&d=mm&r=g\",\"caption\":\"Laura Michaud\"},\"description\":\"Laura connait tous les meilleurs outils pour g\u00e9rer des projets et une entreprise. Cr\u00e9ative, c'est aussi une sp\u00e9cialiste des outils de cr\u00e9ation graphique pour faire briller une entreprise.\",\"sameAs\":[\"https:\/\/www.linkedin.com\/in\/michaudlaura\/\"],\"url\":\"https:\/\/www.redacteur.com\/blog\/author\/laura\/\"}]}<\/script>\n<!-- \/ Yoast SEO plugin. -->","yoast_head_json":{"title":"Social Media : 5 mani\u00e8res d\u2019utiliser les hashtags pour No\u00ebl - Redacteur Blog","description":"Pour de nombreuses entreprises, la p\u00e9riode de No\u00ebl est la plus mouvement\u00e9e, la plus joyeuse et la plus fructueuse. En effet, les Fran\u00e7ais d\u00e9pensent sans","robots":{"index":"index","follow":"follow","max-snippet":"max-snippet:-1","max-image-preview":"max-image-preview:large","max-video-preview":"max-video-preview:-1"},"canonical":"https:\/\/www.redacteur.com\/blog\/social-media-utiliser-hashtags-noel\/","og_locale":"fr_FR","og_type":"article","og_title":"Social Media : 5 mani\u00e8res d\u2019utiliser les hashtags pour No\u00ebl - Redacteur Blog","og_description":"Pour de nombreuses entreprises, la p\u00e9riode de No\u00ebl est la plus mouvement\u00e9e, la plus joyeuse et la plus fructueuse. En effet, les Fran\u00e7ais d\u00e9pensent sans","og_url":"https:\/\/www.redacteur.com\/blog\/social-media-utiliser-hashtags-noel\/","og_site_name":"Redacteur.com","article_publisher":"https:\/\/www.facebook.com\/redacteurcom","article_published_time":"2023-11-22T09:50:00+00:00","article_modified_time":"2023-11-22T13:04:36+00:00","og_image":[{"width":1024,"height":618,"url":"https:\/\/www.redacteur.com\/blog\/wp-content\/uploads\/sites\/6\/2020\/11\/Image-a-la-une-social-media-noel.png","type":"image\/png"}],"author":"Laura Michaud","twitter_card":"summary_large_image","twitter_creator":"@Redacteurcom","twitter_site":"@Redacteurcom","twitter_misc":{"\u00c9crit par":"Laura Michaud","Dur\u00e9e de lecture estim\u00e9e":"7 minutes"},"schema":{"@context":"https:\/\/schema.org","@graph":[{"@type":"Article","@id":"https:\/\/www.redacteur.com\/blog\/social-media-utiliser-hashtags-noel\/#article","isPartOf":{"@id":"https:\/\/www.redacteur.com\/blog\/social-media-utiliser-hashtags-noel\/"},"author":{"name":"Laura Michaud","@id":"https:\/\/www.redacteur.com\/blog\/#\/schema\/person\/33c0ef04707fbe50a096f282050bb5f2"},"headline":"Social Media&nbsp;: 5 mani\u00e8res d\u2019utiliser les hashtags pour No\u00ebl","datePublished":"2023-11-22T09:50:00+00:00","dateModified":"2023-11-22T13:04:36+00:00","mainEntityOfPage":{"@id":"https:\/\/www.redacteur.com\/blog\/social-media-utiliser-hashtags-noel\/"},"wordCount":1224,"commentCount":0,"publisher":{"@id":"https:\/\/www.redacteur.com\/blog\/#organization"},"image":{"@id":"https:\/\/www.redacteur.com\/blog\/social-media-utiliser-hashtags-noel\/#primaryimage"},"thumbnailUrl":"https:\/\/www.redacteur.com\/blog\/wp-content\/uploads\/sites\/6\/2020\/11\/Image-a-la-une-social-media-noel.png","articleSection":["R\u00e9seaux sociaux"],"inLanguage":"fr-FR","potentialAction":[{"@type":"CommentAction","name":"Comment","target":["https:\/\/www.redacteur.com\/blog\/social-media-utiliser-hashtags-noel\/#respond"]}]},{"@type":"WebPage","@id":"https:\/\/www.redacteur.com\/blog\/social-media-utiliser-hashtags-noel\/","url":"https:\/\/www.redacteur.com\/blog\/social-media-utiliser-hashtags-noel\/","name":"Social Media : 5 mani\u00e8res d\u2019utiliser les hashtags pour No\u00ebl - Redacteur Blog","isPartOf":{"@id":"https:\/\/www.redacteur.com\/blog\/#website"},"primaryImageOfPage":{"@id":"https:\/\/www.redacteur.com\/blog\/social-media-utiliser-hashtags-noel\/#primaryimage"},"image":{"@id":"https:\/\/www.redacteur.com\/blog\/social-media-utiliser-hashtags-noel\/#primaryimage"},"thumbnailUrl":"https:\/\/www.redacteur.com\/blog\/wp-content\/uploads\/sites\/6\/2020\/11\/Image-a-la-une-social-media-noel.png","datePublished":"2023-11-22T09:50:00+00:00","dateModified":"2023-11-22T13:04:36+00:00","description":"Pour de nombreuses entreprises, la p\u00e9riode de No\u00ebl est la plus mouvement\u00e9e, la plus joyeuse et la plus fructueuse. En effet, les Fran\u00e7ais d\u00e9pensent sans","breadcrumb":{"@id":"https:\/\/www.redacteur.com\/blog\/social-media-utiliser-hashtags-noel\/#breadcrumb"},"inLanguage":"fr-FR","potentialAction":[{"@type":"ReadAction","target":["https:\/\/www.redacteur.com\/blog\/social-media-utiliser-hashtags-noel\/"]}]},{"@type":"ImageObject","inLanguage":"fr-FR","@id":"https:\/\/www.redacteur.com\/blog\/social-media-utiliser-hashtags-noel\/#primaryimage","url":"https:\/\/www.redacteur.com\/blog\/wp-content\/uploads\/sites\/6\/2020\/11\/Image-a-la-une-social-media-noel.png","contentUrl":"https:\/\/www.redacteur.com\/blog\/wp-content\/uploads\/sites\/6\/2020\/11\/Image-a-la-une-social-media-noel.png","width":1024,"height":618},{"@type":"BreadcrumbList","@id":"https:\/\/www.redacteur.com\/blog\/social-media-utiliser-hashtags-noel\/#breadcrumb","itemListElement":[{"@type":"ListItem","position":1,"name":"Blog","item":"https:\/\/www.redacteur.com\/blog\/"},{"@type":"ListItem","position":2,"name":"Content marketing","item":"https:\/\/www.redacteur.com\/blog\/contenu-web\/"},{"@type":"ListItem","position":3,"name":"R\u00e9seaux sociaux","item":"https:\/\/www.redacteur.com\/blog\/contenu-web\/reseaux-sociaux\/"},{"@type":"ListItem","position":4,"name":"Social Media : 5 mani\u00e8res d\u2019utiliser les hashtags pour No\u00ebl"}]},{"@type":"WebSite","@id":"https:\/\/www.redacteur.com\/blog\/#website","url":"https:\/\/www.redacteur.com\/blog\/","name":"Redacteur.com","description":"redacteur","publisher":{"@id":"https:\/\/www.redacteur.com\/blog\/#organization"},"potentialAction":[{"@type":"SearchAction","target":{"@type":"EntryPoint","urlTemplate":"https:\/\/www.redacteur.com\/blog\/?s={search_term_string}"},"query-input":{"@type":"PropertyValueSpecification","valueRequired":true,"valueName":"search_term_string"}}],"inLanguage":"fr-FR"},{"@type":"Organization","@id":"https:\/\/www.redacteur.com\/blog\/#organization","name":"Redacteur.com","url":"https:\/\/www.redacteur.com\/blog\/","logo":{"@type":"ImageObject","inLanguage":"fr-FR","@id":"https:\/\/www.redacteur.com\/blog\/#\/schema\/logo\/image\/","url":"https:\/\/www.redacteur.com\/blog\/wp-content\/uploads\/sites\/6\/2022\/10\/logo-redacteur-blog.svg","contentUrl":"https:\/\/www.redacteur.com\/blog\/wp-content\/uploads\/sites\/6\/2022\/10\/logo-redacteur-blog.svg","width":1,"height":1,"caption":"Redacteur.com"},"image":{"@id":"https:\/\/www.redacteur.com\/blog\/#\/schema\/logo\/image\/"},"sameAs":["https:\/\/www.facebook.com\/redacteurcom","https:\/\/x.com\/Redacteurcom","https:\/\/www.linkedin.com\/company\/redacteur-com","https:\/\/www.youtube.com\/channel\/UCgj9ySM9xy3gdL8qBafl9Uw\/"]},{"@type":"Person","@id":"https:\/\/www.redacteur.com\/blog\/#\/schema\/person\/33c0ef04707fbe50a096f282050bb5f2","name":"Laura Michaud","image":{"@type":"ImageObject","inLanguage":"fr-FR","@id":"https:\/\/www.redacteur.com\/blog\/#\/schema\/person\/image\/","url":"https:\/\/secure.gravatar.com\/avatar\/c3328cc0c887f98cec6b2979af3311ab6333fc7cc2d4847514cfec6a56fa08a7?s=96&d=mm&r=g","contentUrl":"https:\/\/secure.gravatar.com\/avatar\/c3328cc0c887f98cec6b2979af3311ab6333fc7cc2d4847514cfec6a56fa08a7?s=96&d=mm&r=g","caption":"Laura Michaud"},"description":"Laura connait tous les meilleurs outils pour g\u00e9rer des projets et une entreprise. Cr\u00e9ative, c'est aussi une sp\u00e9cialiste des outils de cr\u00e9ation graphique pour faire briller une entreprise.","sameAs":["https:\/\/www.linkedin.com\/in\/michaudlaura\/"],"url":"https:\/\/www.redacteur.com\/blog\/author\/laura\/"}]}},"_links":{"self":[{"href":"https:\/\/www.redacteur.com\/blog\/wp-json\/wp\/v2\/posts\/23664","targetHints":{"allow":["GET"]}}],"collection":[{"href":"https:\/\/www.redacteur.com\/blog\/wp-json\/wp\/v2\/posts"}],"about":[{"href":"https:\/\/www.redacteur.com\/blog\/wp-json\/wp\/v2\/types\/post"}],"author":[{"embeddable":true,"href":"https:\/\/www.redacteur.com\/blog\/wp-json\/wp\/v2\/users\/1"}],"replies":[{"embeddable":true,"href":"https:\/\/www.redacteur.com\/blog\/wp-json\/wp\/v2\/comments?post=23664"}],"version-history":[{"count":0,"href":"https:\/\/www.redacteur.com\/blog\/wp-json\/wp\/v2\/posts\/23664\/revisions"}],"wp:featuredmedia":[{"embeddable":true,"href":"https:\/\/www.redacteur.com\/blog\/wp-json\/wp\/v2\/media\/39195"}],"wp:attachment":[{"href":"https:\/\/www.redacteur.com\/blog\/wp-json\/wp\/v2\/media?parent=23664"}],"wp:term":[{"taxonomy":"category","embeddable":true,"href":"https:\/\/www.redacteur.com\/blog\/wp-json\/wp\/v2\/categories?post=23664"},{"taxonomy":"post_tag","embeddable":true,"href":"https:\/\/www.redacteur.com\/blog\/wp-json\/wp\/v2\/tags?post=23664"}],"curies":[{"name":"wp","href":"https:\/\/api.w.org\/{rel}","templated":true}]}}