{"id":23770,"date":"2025-07-15T15:45:00","date_gmt":"2025-07-15T13:45:00","guid":{"rendered":"https:\/\/www.redacteur.com\/blog\/?p=23770"},"modified":"2025-08-20T14:43:22","modified_gmt":"2025-08-20T12:43:22","slug":"regles-utiliser-majuscule","status":"publish","type":"post","link":"https:\/\/www.redacteur.com\/blog\/regles-utiliser-majuscule\/","title":{"rendered":"Les 15 r\u00e8gles \u00e0 conna\u00eetre pour utiliser la majuscule"},"content":{"rendered":"\n<p>Dans la langue fran\u00e7aise, nous utilisons des minuscules et des majuscules. Il existe des r\u00e8gles strictes pour utiliser les majuscules et proposer un texte lisible et coh\u00e9rent.<\/p>\n\n\n\n<p>Les lettres majuscules ne sont pas plac\u00e9es au hasard, bien au contraire&nbsp;! Il existe de nombreuses r\u00e8gles \u00e0 respecter, quels que soit les \u00e9crits que vous produisez.<\/p>\n\n\n\n<p>Voici les 15 r\u00e8gles \u00e0 connaitre pour utiliser correctement la majuscule dans la langue fran\u00e7aise.<\/p>\n\n\n\n<h2 class=\"wp-block-heading\">1. Mettre une majuscule en d\u00e9but de phrase<\/h2>\n\n\n\n<p>C\u2019est une r\u00e8gle de base mais il faut tout de m\u00eame la rappeler. Une phrase commence par une majuscule et se termine par un point. En revanche, sachez que la majuscule n\u2019est pas utilis\u00e9e apr\u00e8s un point-virgule.<\/p>\n\n\n\n<p>Il faut mettre une majuscule apr\u00e8s un <a href=\"https:\/\/www.redacteur.com\/blog\/redaction-web-comment-rythmer-texte\/\" target=\"_blank\" rel=\"noopener noreferrer\">point d\u2019interrogation<\/a> mais aussi apr\u00e8s un point d\u2019exclamation. Une exception existe en cas d\u2019interjection.<\/p>\n\n\n\n<h2 class=\"wp-block-heading\">2. Mettre une majuscule pour un nom propre<\/h2>\n\n\n\n<p>Tout comme la majuscule en d\u00e9but de phrase, la majuscule pour les noms propres est une r\u00e8gle connue de tous, y compris des \u00e9coliers. Les pr\u00e9noms, les noms et m\u00eame les surnoms prennent une majuscule.<\/p>\n\n\n\n<p>Il est \u00e0 noter que les adjectifs employ\u00e9s comme surnoms doivent eux aussi prendre une majuscule. L\u2019exemple qui illustre parfaitement ce point est&nbsp;: Alexandre le Grand.<\/p>\n\n\n\n<blockquote class=\"wp-block-quote is-layout-flow wp-block-quote-is-layout-flow\">\n<p><strong>\u00c0 lire aussi&nbsp;:<\/strong> <a href=\"https:\/\/www.redacteur.com\/blog\/redaction-web-secrets-ecriture-ux\/\">R\u00e9daction web&nbsp;: 8 secrets de l&#8217;\u00e9criture UX<\/a><\/p>\n<\/blockquote>\n\n\n\n<h2 class=\"wp-block-heading\">3. Mettre une majuscule \u00e0 un nom commun utilis\u00e9 comme un nom propre<\/h2>\n\n\n\n<p>Si un nom commun est utilis\u00e9 comme un nom propre, la majuscule s\u2019impose.<\/p>\n\n\n\n<p>Nous connaissons de nombreux exemples&nbsp;: la couleur bordeaux, un bon bordeaux (vin), la ville de Bordeaux, des oranges juteuses, la ville d\u2019Orange\u2026<\/p>\n\n\n\n<h2 class=\"wp-block-heading\">4. Mettre une majuscule pour les titres et les sous-titres<\/h2>\n\n\n<div class=\"wp-block-image\">\n<figure class=\"aligncenter\"><img decoding=\"async\" width=\"850\" height=\"600\" src=\"https:\/\/www.redacteur.com\/blog\/wp-content\/uploads\/sites\/6\/2016\/10\/redacteur-blog-img-une-1.jpg\" alt=\"r\u00e8gles majuscules\" class=\"wp-image-22078\" srcset=\"https:\/\/www.redacteur.com\/blog\/wp-content\/uploads\/sites\/6\/2016\/10\/redacteur-blog-img-une-1.jpg 850w, https:\/\/www.redacteur.com\/blog\/wp-content\/uploads\/sites\/6\/2016\/10\/redacteur-blog-img-une-1-300x212.jpg 300w, https:\/\/www.redacteur.com\/blog\/wp-content\/uploads\/sites\/6\/2016\/10\/redacteur-blog-img-une-1-768x542.jpg 768w, https:\/\/www.redacteur.com\/blog\/wp-content\/uploads\/sites\/6\/2016\/10\/redacteur-blog-img-une-1-60x42.jpg 60w, https:\/\/www.redacteur.com\/blog\/wp-content\/uploads\/sites\/6\/2016\/10\/redacteur-blog-img-une-1-370x261.jpg 370w, https:\/\/www.redacteur.com\/blog\/wp-content\/uploads\/sites\/6\/2016\/10\/redacteur-blog-img-une-1-270x191.jpg 270w, https:\/\/www.redacteur.com\/blog\/wp-content\/uploads\/sites\/6\/2016\/10\/redacteur-blog-img-une-1-570x402.jpg 570w, https:\/\/www.redacteur.com\/blog\/wp-content\/uploads\/sites\/6\/2016\/10\/redacteur-blog-img-une-1-740x522.jpg 740w\" sizes=\"(max-width: 850px) 100vw, 850px\" \/><\/figure><\/div>\n\n\n<p>Lorsque vous r\u00e9digez vos contenus, vous ajoutez des titres et m\u00eame des sous-titres pour a\u00e9rer les textes, annoncer les id\u00e9es et guider les lecteurs.<\/p>\n\n\n\n<p>Ces titres et ces sous-titres prennent tous une majuscule sur le premier mot.<\/p>\n\n\n\n<h2 class=\"wp-block-heading\">5. Mettre une majuscule pour un titre ou une fonction<\/h2>\n\n\n\n<p>Certains titres et certaines fonctions prennent une majuscule.<\/p>\n\n\n\n<p>C\u2019est le cas de Majest\u00e9 ou encore de Pr\u00e9sident, lorsque l\u2019on parle du pr\u00e9sident de la R\u00e9publique. Une majuscule peut aussi \u00eatre ajout\u00e9e dans les termes qui caract\u00e9risent une fonction.<\/p>\n\n\n\n<p>Par exemple, le ministre de l\u2019Environnement.<\/p>\n\n\n\n<h2 class=\"wp-block-heading\">6. Mettre une majuscule aux noms g\u00e9ographiques<\/h2>\n\n\n\n<p>Lorsque l\u2019on parle d\u2019une ville ou d\u2019un pays, la majuscule s\u2019impose. Dans certains cas, une appellation g\u00e9ographique est associ\u00e9e \u00e0 un adjectif. Ce dernier peut prendre une majuscule.<\/p>\n\n\n\n<p>C\u2019est le cas du Sud-Ouest, de l\u2019Asie Mineure ou encore le Grand Nord.<\/p>\n\n\n\n<blockquote class=\"wp-block-quote is-layout-flow wp-block-quote-is-layout-flow\">\n<p>Les diff\u00e9rents \u00e9l\u00e9ments qui composent le syst\u00e8me solaire prennent une majuscule. C\u2019est le cas des plan\u00e8tes, des \u00e9toiles, des constellations\u2026<\/p>\n<\/blockquote>\n\n\n\n<h2 class=\"wp-block-heading\">7. Mettre une majuscule aux noms d\u2019organisations<\/h2>\n\n\n<div class=\"wp-block-image\">\n<figure class=\"aligncenter\"><img decoding=\"async\" width=\"700\" height=\"467\" src=\"https:\/\/www.redacteur.com\/blog\/wp-content\/uploads\/sites\/6\/2015\/02\/note.jpg\" alt=\"r\u00e8gle majuscule\" class=\"wp-image-23722\" srcset=\"https:\/\/www.redacteur.com\/blog\/wp-content\/uploads\/sites\/6\/2015\/02\/note.jpg 700w, https:\/\/www.redacteur.com\/blog\/wp-content\/uploads\/sites\/6\/2015\/02\/note-300x200.jpg 300w, https:\/\/www.redacteur.com\/blog\/wp-content\/uploads\/sites\/6\/2015\/02\/note-60x40.jpg 60w, https:\/\/www.redacteur.com\/blog\/wp-content\/uploads\/sites\/6\/2015\/02\/note-370x247.jpg 370w, https:\/\/www.redacteur.com\/blog\/wp-content\/uploads\/sites\/6\/2015\/02\/note-270x180.jpg 270w, https:\/\/www.redacteur.com\/blog\/wp-content\/uploads\/sites\/6\/2015\/02\/note-570x380.jpg 570w\" sizes=\"(max-width: 700px) 100vw, 700px\" \/><\/figure><\/div>\n\n\n<p><\/p>\n\n\n\n<p>Les noms d\u2019organisation ne prennent pas tous une majuscule. Cependant, lorsqu\u2019il s\u2019agit d\u2019une D\u00e9partement ou d\u2019un Secr\u00e9tariat, la majuscule s\u2019impose. Si un organisme est unique, il faut mettre une majuscule.<\/p>\n\n\n\n<p>Par exemple&nbsp;: Acad\u00e9mie fran\u00e7aise, Biblioth\u00e8que nationale\u2026<\/p>\n\n\n\n<blockquote class=\"wp-block-quote is-layout-flow wp-block-quote-is-layout-flow\">\n<p><strong>\u00c0 lire aussi&nbsp;:<\/strong> <a href=\"https:\/\/www.redacteur.com\/blog\/regles-fautes-dorthographe\/\">R\u00e9daction&nbsp;: 7 r\u00e8gles orthographiques \u00e0 conna\u00eetre<\/a><\/p>\n<\/blockquote>\n\n\n\n<h2 class=\"wp-block-heading\">8. Mettre une majuscule pour apporter du sens<\/h2>\n\n\n\n<p>Une majuscule peut \u00eatre utilis\u00e9e pour apporter du sens \u00e0 un nom propre. Nous devons mettre une majuscule sur les noms de peuples ou les habitants d\u2019une ville ou d\u2019une r\u00e9gion.<\/p>\n\n\n\n<p>Par exemple&nbsp;: les Normands, les Bretons, les Fran\u00e7ais, les Parisiens\u2026<\/p>\n\n\n\n<h2 class=\"wp-block-heading\">9. Mettre une majuscule aux sigles et aux acronymes<\/h2>\n\n\n\n<p>La majuscule s\u2019impose pour les sigles et les acronymes. Dans ces cas tr\u00e8s particulier, plusieurs majuscules se suivent comme OMS, organisation mondiale de la sant\u00e9.<\/p>\n\n\n\n<p>En revanche, les groupes religieux ne prennent pas de majuscules, on \u00e9crit donc les chr\u00e9tiens et les musulmans.<\/p>\n\n\n\n<h2 class=\"wp-block-heading\">10. Mettre une majuscule aux f\u00eates<\/h2>\n\n\n<div class=\"wp-block-image\">\n<figure class=\"aligncenter\"><img decoding=\"async\" width=\"750\" height=\"501\" src=\"https:\/\/www.redacteur.com\/blog\/wp-content\/uploads\/sites\/6\/2020\/09\/20155.jpg\" alt=\"redaction inclusive\" class=\"wp-image-22213\" srcset=\"https:\/\/www.redacteur.com\/blog\/wp-content\/uploads\/sites\/6\/2020\/09\/20155.jpg 750w, https:\/\/www.redacteur.com\/blog\/wp-content\/uploads\/sites\/6\/2020\/09\/20155-300x200.jpg 300w, https:\/\/www.redacteur.com\/blog\/wp-content\/uploads\/sites\/6\/2020\/09\/20155-60x40.jpg 60w, https:\/\/www.redacteur.com\/blog\/wp-content\/uploads\/sites\/6\/2020\/09\/20155-370x247.jpg 370w, https:\/\/www.redacteur.com\/blog\/wp-content\/uploads\/sites\/6\/2020\/09\/20155-270x180.jpg 270w, https:\/\/www.redacteur.com\/blog\/wp-content\/uploads\/sites\/6\/2020\/09\/20155-570x381.jpg 570w, https:\/\/www.redacteur.com\/blog\/wp-content\/uploads\/sites\/6\/2020\/09\/20155-740x494.jpg 740w\" sizes=\"(max-width: 750px) 100vw, 750px\" \/><\/figure><\/div>\n\n\n<p><\/p>\n\n\n\n<p>Les noms des jours et des mois de l\u2019ann\u00e9e ne prennent pas de majuscule. En revanche, certaines f\u00eates ou \u00e9v\u00e9nement du calendrier peuvent prendre une majuscule.<\/p>\n\n\n\n<p>C\u2019est le cas de la Semaine Sainte, No\u00ebl, P\u00e2ques\u2026<\/p>\n\n\n\n<blockquote class=\"wp-block-quote is-layout-flow wp-block-quote-is-layout-flow\">\n<p><strong>\u00c0 lire aussi&nbsp;:<\/strong> <a href=\"https:\/\/www.redacteur.com\/blog\/7-fautes-orthographe\/\">7 fautes d&#8217;orthographe courantes \u00e0 ne plus commettre<\/a><\/p>\n<\/blockquote>\n\n\n\n<h2 class=\"wp-block-heading\">11. Mettre une majuscule aux faits historiques<\/h2>\n\n\n\n<p>Les termes qui d\u00e9signent les diff\u00e9rentes p\u00e9riodes de l\u2019histoire prennent une majuscule. C\u2019est le cas pour la Renaissance ou encore l\u2019Antiquit\u00e9.<\/p>\n\n\n\n<p>Tout comme les grandes p\u00e9riodes de l\u2019histoire, les faits historiques peuvent prendre une majuscule comme la R\u00e9volution, la Premi\u00e8re Guerre mondiale ou encore la Lib\u00e9ration.<\/p>\n\n\n\n<h2 class=\"wp-block-heading\">12. Mettre une majuscule aux termes religieux<\/h2>\n\n\n<div class=\"wp-block-image\">\n<figure class=\"aligncenter\"><img decoding=\"async\" width=\"750\" height=\"500\" src=\"https:\/\/www.redacteur.com\/blog\/wp-content\/uploads\/sites\/6\/2016\/10\/ordi-scaled-e1600423401818.jpg\" alt=\"r\u00e8gles majuscules\" class=\"wp-image-22081\" srcset=\"https:\/\/www.redacteur.com\/blog\/wp-content\/uploads\/sites\/6\/2016\/10\/ordi-scaled-e1600423401818.jpg 750w, https:\/\/www.redacteur.com\/blog\/wp-content\/uploads\/sites\/6\/2016\/10\/ordi-scaled-e1600423401818-300x200.jpg 300w, https:\/\/www.redacteur.com\/blog\/wp-content\/uploads\/sites\/6\/2016\/10\/ordi-scaled-e1600423401818-60x40.jpg 60w, https:\/\/www.redacteur.com\/blog\/wp-content\/uploads\/sites\/6\/2016\/10\/ordi-scaled-e1600423401818-370x247.jpg 370w, https:\/\/www.redacteur.com\/blog\/wp-content\/uploads\/sites\/6\/2016\/10\/ordi-scaled-e1600423401818-270x180.jpg 270w, https:\/\/www.redacteur.com\/blog\/wp-content\/uploads\/sites\/6\/2016\/10\/ordi-scaled-e1600423401818-570x380.jpg 570w, https:\/\/www.redacteur.com\/blog\/wp-content\/uploads\/sites\/6\/2016\/10\/ordi-scaled-e1600423401818-740x493.jpg 740w\" sizes=\"(max-width: 750px) 100vw, 750px\" \/><\/figure><\/div>\n\n\n<p><\/p>\n\n\n\n<p>La plupart des termes religieux prennent une majuscule. Voici quelques exemples&nbsp;: Dieu, J\u00e9sus, Bouddha\u2026 Des exceptions existent, l\u2019\u00c9glise prend une majuscule quand elle d\u00e9signe l\u2019institution.<\/p>\n\n\n\n<p>Le b\u00e2timent, lui, n\u2019en prend pas&nbsp;: une \u00e9glise.<\/p>\n\n\n\n<h2 class=\"wp-block-heading\">13. Mettre une majuscule par politesse<\/h2>\n\n\n\n<p>Les majuscules peuvent \u00eatre utilis\u00e9es pour <a href=\"https:\/\/www.redacteur.com\/blog\/utiliser-formules-de-politesse\/\">marquer la politesse<\/a>. A la fin d\u2019un \u00e9change \u00e9crit, il est possible de trouver une formule de politesse avec une majuscule comme&nbsp;:<\/p>\n\n\n\n<p>Veuillez agr\u00e9er, Monsieur\/Madame, mes sinc\u00e8res salutations.<\/p>\n\n\n\n<blockquote class=\"wp-block-quote is-layout-flow wp-block-quote-is-layout-flow\">\n<p><strong>\u00c0 lire aussi&nbsp;:<\/strong> <a href=\"https:\/\/www.redacteur.com\/blog\/7-correcteurs-orthographiques-performants-en-ligne\/\">6 correcteurs orthographiques performants en ligne<\/a><\/p>\n<\/blockquote>\n\n\n\n<h2 class=\"wp-block-heading\">14. Noms de disciplines, mati\u00e8res scolaires ou artistiques<\/h2>\n\n\n\n<p>Bien qu&#8217;il soit parfois tentant d&#8217;y apposer une majuscule, il ne faut pas en mettre. Ainsi, on \u00e9crira qu&#8217;un \u00e9tudiant \u00e9tudie la philosophie et la biologie.<\/p>\n\n\n\n<p>Il en est de m\u00eame pour les langues \u00e9trang\u00e8re ou les sports. Il \u00e9tudie l&#8217;anglais et pratique le football.<\/p>\n\n\n\n<h2 class=\"wp-block-heading\">15. Les noms de marque<\/h2>\n\n\n\n<p>Pour terminer, un cas un peu plus complexe&nbsp;: les noms de marque. Par d\u00e9faut, un nom de marque doit s&#8217;\u00e9crire avec une majuscule, comme Peugeot, Nike, Microsoft ou Apple.<\/p>\n\n\n\n<p>Mais lorsqu&#8217;on utilise le nom de marque pour parler du produit lui-m\u00eame, il ne faut pas mettre de majuscule. Il conduit une peugeot et porte une paire de nike.<\/p>\n\n\n\n<p>Vous connaissiez sans doute certaines de ces r\u00e8gles, voire la totalit\u00e9. Cependant, un petit rappel est toujours b\u00e9n\u00e9fique. N\u2019h\u00e9sitez pas \u00e0 v\u00e9rifier la n\u00e9cessit\u00e9 ou non de mettre une majuscule si vous avez un doute&nbsp;!<\/p>\n\n\n\n<p>Et si vous avez besoin de contenus, avec les majuscules parfaitement plac\u00e9es, vous pouvez<a href=\"https:\/\/www.redacteur.com\/\" target=\"_blank\" rel=\"noopener noreferrer\"><strong> faire appel aux professionnels de Redacteur.com.<\/strong><\/a><\/p>\n","protected":false},"excerpt":{"rendered":"<p>Dans la langue fran\u00e7aise, nous utilisons des minuscules et des majuscules. Il existe des r\u00e8gles strictes pour utiliser les majuscules et proposer un texte lisible et coh\u00e9rent. Les lettres majuscules ne sont pas plac\u00e9es au hasard, bien au contraire&nbsp;! Il existe de nombreuses r\u00e8gles \u00e0 respecter, quels que soit les \u00e9crits que vous produisez. Voici [&hellip;]<\/p>\n","protected":false},"author":1,"featured_media":41742,"comment_status":"open","ping_status":"open","sticky":false,"template":"","format":"standard","meta":{"_acf_changed":false,"inline_featured_image":false,"footnotes":""},"categories":[27],"tags":[],"class_list":["post-23770","post","type-post","status-publish","format-standard","has-post-thumbnail","hentry","category-methodologie"],"acf":[],"yoast_head":"<!-- This site is optimized with the Yoast SEO plugin v25.9 - https:\/\/yoast.com\/wordpress\/plugins\/seo\/ -->\n<title>Les r\u00e8gles de majuscule \u00e0 conna\u00eetre pour \u00e9crire en fran\u00e7ais<\/title>\n<meta name=\"description\" content=\"L&#039;utilisation des majuscules est r\u00e9gie par des r\u00e8gles strictes. D\u00e9couvrez 13 r\u00e8gles pour savoir quand et comment utiliser les majuscules.\" \/>\n<meta name=\"robots\" content=\"index, follow, max-snippet:-1, max-image-preview:large, max-video-preview:-1\" \/>\n<link rel=\"canonical\" href=\"https:\/\/www.redacteur.com\/blog\/regles-utiliser-majuscule\/\" \/>\n<meta property=\"og:locale\" content=\"fr_FR\" \/>\n<meta property=\"og:type\" content=\"article\" \/>\n<meta property=\"og:title\" content=\"Les r\u00e8gles de majuscule \u00e0 conna\u00eetre pour \u00e9crire en fran\u00e7ais\" \/>\n<meta property=\"og:description\" content=\"L&#039;utilisation des majuscules est r\u00e9gie par des r\u00e8gles strictes. D\u00e9couvrez 13 r\u00e8gles pour savoir quand et comment utiliser les majuscules.\" \/>\n<meta property=\"og:url\" content=\"https:\/\/www.redacteur.com\/blog\/regles-utiliser-majuscule\/\" \/>\n<meta property=\"og:site_name\" content=\"Redacteur.com\" \/>\n<meta property=\"article:publisher\" content=\"https:\/\/www.facebook.com\/redacteurcom\" \/>\n<meta property=\"article:published_time\" content=\"2025-07-15T13:45:00+00:00\" \/>\n<meta property=\"article:modified_time\" content=\"2025-08-20T12:43:22+00:00\" \/>\n<meta property=\"og:image\" content=\"https:\/\/www.redacteur.com\/blog\/wp-content\/uploads\/sites\/6\/2020\/11\/regles-utiliser-majuscule.png\" \/>\n\t<meta property=\"og:image:width\" content=\"1200\" \/>\n\t<meta property=\"og:image:height\" content=\"675\" \/>\n\t<meta property=\"og:image:type\" content=\"image\/png\" \/>\n<meta name=\"author\" content=\"Laura Michaud\" \/>\n<meta name=\"twitter:card\" content=\"summary_large_image\" \/>\n<meta name=\"twitter:creator\" content=\"@Redacteurcom\" \/>\n<meta name=\"twitter:site\" content=\"@Redacteurcom\" \/>\n<meta name=\"twitter:label1\" content=\"\u00c9crit par\" \/>\n\t<meta name=\"twitter:data1\" content=\"Laura Michaud\" \/>\n\t<meta name=\"twitter:label2\" content=\"Dur\u00e9e de lecture estim\u00e9e\" \/>\n\t<meta name=\"twitter:data2\" content=\"6 minutes\" \/>\n<script type=\"application\/ld+json\" class=\"yoast-schema-graph\">{\"@context\":\"https:\/\/schema.org\",\"@graph\":[{\"@type\":\"Article\",\"@id\":\"https:\/\/www.redacteur.com\/blog\/regles-utiliser-majuscule\/#article\",\"isPartOf\":{\"@id\":\"https:\/\/www.redacteur.com\/blog\/regles-utiliser-majuscule\/\"},\"author\":{\"name\":\"Laura Michaud\",\"@id\":\"https:\/\/www.redacteur.com\/blog\/#\/schema\/person\/33c0ef04707fbe50a096f282050bb5f2\"},\"headline\":\"Les 15 r\u00e8gles \u00e0 conna\u00eetre pour utiliser la majuscule\",\"datePublished\":\"2025-07-15T13:45:00+00:00\",\"dateModified\":\"2025-08-20T12:43:22+00:00\",\"mainEntityOfPage\":{\"@id\":\"https:\/\/www.redacteur.com\/blog\/regles-utiliser-majuscule\/\"},\"wordCount\":1061,\"commentCount\":0,\"publisher\":{\"@id\":\"https:\/\/www.redacteur.com\/blog\/#organization\"},\"image\":{\"@id\":\"https:\/\/www.redacteur.com\/blog\/regles-utiliser-majuscule\/#primaryimage\"},\"thumbnailUrl\":\"https:\/\/www.redacteur.com\/blog\/wp-content\/uploads\/sites\/6\/2020\/11\/regles-utiliser-majuscule.png\",\"articleSection\":[\"M\u00e9thodologie\"],\"inLanguage\":\"fr-FR\",\"potentialAction\":[{\"@type\":\"CommentAction\",\"name\":\"Comment\",\"target\":[\"https:\/\/www.redacteur.com\/blog\/regles-utiliser-majuscule\/#respond\"]}]},{\"@type\":\"WebPage\",\"@id\":\"https:\/\/www.redacteur.com\/blog\/regles-utiliser-majuscule\/\",\"url\":\"https:\/\/www.redacteur.com\/blog\/regles-utiliser-majuscule\/\",\"name\":\"Les r\u00e8gles de majuscule \u00e0 conna\u00eetre pour \u00e9crire en fran\u00e7ais\",\"isPartOf\":{\"@id\":\"https:\/\/www.redacteur.com\/blog\/#website\"},\"primaryImageOfPage\":{\"@id\":\"https:\/\/www.redacteur.com\/blog\/regles-utiliser-majuscule\/#primaryimage\"},\"image\":{\"@id\":\"https:\/\/www.redacteur.com\/blog\/regles-utiliser-majuscule\/#primaryimage\"},\"thumbnailUrl\":\"https:\/\/www.redacteur.com\/blog\/wp-content\/uploads\/sites\/6\/2020\/11\/regles-utiliser-majuscule.png\",\"datePublished\":\"2025-07-15T13:45:00+00:00\",\"dateModified\":\"2025-08-20T12:43:22+00:00\",\"description\":\"L'utilisation des majuscules est r\u00e9gie par des r\u00e8gles strictes. D\u00e9couvrez 13 r\u00e8gles pour savoir quand et comment utiliser les majuscules.\",\"breadcrumb\":{\"@id\":\"https:\/\/www.redacteur.com\/blog\/regles-utiliser-majuscule\/#breadcrumb\"},\"inLanguage\":\"fr-FR\",\"potentialAction\":[{\"@type\":\"ReadAction\",\"target\":[\"https:\/\/www.redacteur.com\/blog\/regles-utiliser-majuscule\/\"]}]},{\"@type\":\"ImageObject\",\"inLanguage\":\"fr-FR\",\"@id\":\"https:\/\/www.redacteur.com\/blog\/regles-utiliser-majuscule\/#primaryimage\",\"url\":\"https:\/\/www.redacteur.com\/blog\/wp-content\/uploads\/sites\/6\/2020\/11\/regles-utiliser-majuscule.png\",\"contentUrl\":\"https:\/\/www.redacteur.com\/blog\/wp-content\/uploads\/sites\/6\/2020\/11\/regles-utiliser-majuscule.png\",\"width\":1200,\"height\":675,\"caption\":\"r\u00e8gles majuscule\"},{\"@type\":\"BreadcrumbList\",\"@id\":\"https:\/\/www.redacteur.com\/blog\/regles-utiliser-majuscule\/#breadcrumb\",\"itemListElement\":[{\"@type\":\"ListItem\",\"position\":1,\"name\":\"Blog\",\"item\":\"https:\/\/www.redacteur.com\/blog\/\"},{\"@type\":\"ListItem\",\"position\":2,\"name\":\"R\u00e9daction web\",\"item\":\"https:\/\/www.redacteur.com\/blog\/redaction-web\/\"},{\"@type\":\"ListItem\",\"position\":3,\"name\":\"M\u00e9thodologie\",\"item\":\"https:\/\/www.redacteur.com\/blog\/redaction-web\/methodologie\/\"},{\"@type\":\"ListItem\",\"position\":4,\"name\":\"Les 15 r\u00e8gles \u00e0 conna\u00eetre pour utiliser la majuscule\"}]},{\"@type\":\"WebSite\",\"@id\":\"https:\/\/www.redacteur.com\/blog\/#website\",\"url\":\"https:\/\/www.redacteur.com\/blog\/\",\"name\":\"Redacteur.com\",\"description\":\"redacteur\",\"publisher\":{\"@id\":\"https:\/\/www.redacteur.com\/blog\/#organization\"},\"potentialAction\":[{\"@type\":\"SearchAction\",\"target\":{\"@type\":\"EntryPoint\",\"urlTemplate\":\"https:\/\/www.redacteur.com\/blog\/?s={search_term_string}\"},\"query-input\":{\"@type\":\"PropertyValueSpecification\",\"valueRequired\":true,\"valueName\":\"search_term_string\"}}],\"inLanguage\":\"fr-FR\"},{\"@type\":\"Organization\",\"@id\":\"https:\/\/www.redacteur.com\/blog\/#organization\",\"name\":\"Redacteur.com\",\"url\":\"https:\/\/www.redacteur.com\/blog\/\",\"logo\":{\"@type\":\"ImageObject\",\"inLanguage\":\"fr-FR\",\"@id\":\"https:\/\/www.redacteur.com\/blog\/#\/schema\/logo\/image\/\",\"url\":\"https:\/\/www.redacteur.com\/blog\/wp-content\/uploads\/sites\/6\/2022\/10\/logo-redacteur-blog.svg\",\"contentUrl\":\"https:\/\/www.redacteur.com\/blog\/wp-content\/uploads\/sites\/6\/2022\/10\/logo-redacteur-blog.svg\",\"width\":1,\"height\":1,\"caption\":\"Redacteur.com\"},\"image\":{\"@id\":\"https:\/\/www.redacteur.com\/blog\/#\/schema\/logo\/image\/\"},\"sameAs\":[\"https:\/\/www.facebook.com\/redacteurcom\",\"https:\/\/x.com\/Redacteurcom\",\"https:\/\/www.linkedin.com\/company\/redacteur-com\",\"https:\/\/www.youtube.com\/channel\/UCgj9ySM9xy3gdL8qBafl9Uw\/\"]},{\"@type\":\"Person\",\"@id\":\"https:\/\/www.redacteur.com\/blog\/#\/schema\/person\/33c0ef04707fbe50a096f282050bb5f2\",\"name\":\"Laura Michaud\",\"image\":{\"@type\":\"ImageObject\",\"inLanguage\":\"fr-FR\",\"@id\":\"https:\/\/www.redacteur.com\/blog\/#\/schema\/person\/image\/\",\"url\":\"https:\/\/secure.gravatar.com\/avatar\/c3328cc0c887f98cec6b2979af3311ab6333fc7cc2d4847514cfec6a56fa08a7?s=96&d=mm&r=g\",\"contentUrl\":\"https:\/\/secure.gravatar.com\/avatar\/c3328cc0c887f98cec6b2979af3311ab6333fc7cc2d4847514cfec6a56fa08a7?s=96&d=mm&r=g\",\"caption\":\"Laura Michaud\"},\"description\":\"Laura connait tous les meilleurs outils pour g\u00e9rer des projets et une entreprise. Cr\u00e9ative, c'est aussi une sp\u00e9cialiste des outils de cr\u00e9ation graphique pour faire briller une entreprise.\",\"sameAs\":[\"https:\/\/www.linkedin.com\/in\/michaudlaura\/\"],\"url\":\"https:\/\/www.redacteur.com\/blog\/author\/laura\/\"}]}<\/script>\n<!-- \/ Yoast SEO plugin. -->","yoast_head_json":{"title":"Les r\u00e8gles de majuscule \u00e0 conna\u00eetre pour \u00e9crire en fran\u00e7ais","description":"L'utilisation des majuscules est r\u00e9gie par des r\u00e8gles strictes. D\u00e9couvrez 13 r\u00e8gles pour savoir quand et comment utiliser les majuscules.","robots":{"index":"index","follow":"follow","max-snippet":"max-snippet:-1","max-image-preview":"max-image-preview:large","max-video-preview":"max-video-preview:-1"},"canonical":"https:\/\/www.redacteur.com\/blog\/regles-utiliser-majuscule\/","og_locale":"fr_FR","og_type":"article","og_title":"Les r\u00e8gles de majuscule \u00e0 conna\u00eetre pour \u00e9crire en fran\u00e7ais","og_description":"L'utilisation des majuscules est r\u00e9gie par des r\u00e8gles strictes. D\u00e9couvrez 13 r\u00e8gles pour savoir quand et comment utiliser les majuscules.","og_url":"https:\/\/www.redacteur.com\/blog\/regles-utiliser-majuscule\/","og_site_name":"Redacteur.com","article_publisher":"https:\/\/www.facebook.com\/redacteurcom","article_published_time":"2025-07-15T13:45:00+00:00","article_modified_time":"2025-08-20T12:43:22+00:00","og_image":[{"width":1200,"height":675,"url":"https:\/\/www.redacteur.com\/blog\/wp-content\/uploads\/sites\/6\/2020\/11\/regles-utiliser-majuscule.png","type":"image\/png"}],"author":"Laura Michaud","twitter_card":"summary_large_image","twitter_creator":"@Redacteurcom","twitter_site":"@Redacteurcom","twitter_misc":{"\u00c9crit par":"Laura Michaud","Dur\u00e9e de lecture estim\u00e9e":"6 minutes"},"schema":{"@context":"https:\/\/schema.org","@graph":[{"@type":"Article","@id":"https:\/\/www.redacteur.com\/blog\/regles-utiliser-majuscule\/#article","isPartOf":{"@id":"https:\/\/www.redacteur.com\/blog\/regles-utiliser-majuscule\/"},"author":{"name":"Laura Michaud","@id":"https:\/\/www.redacteur.com\/blog\/#\/schema\/person\/33c0ef04707fbe50a096f282050bb5f2"},"headline":"Les 15 r\u00e8gles \u00e0 conna\u00eetre pour utiliser la majuscule","datePublished":"2025-07-15T13:45:00+00:00","dateModified":"2025-08-20T12:43:22+00:00","mainEntityOfPage":{"@id":"https:\/\/www.redacteur.com\/blog\/regles-utiliser-majuscule\/"},"wordCount":1061,"commentCount":0,"publisher":{"@id":"https:\/\/www.redacteur.com\/blog\/#organization"},"image":{"@id":"https:\/\/www.redacteur.com\/blog\/regles-utiliser-majuscule\/#primaryimage"},"thumbnailUrl":"https:\/\/www.redacteur.com\/blog\/wp-content\/uploads\/sites\/6\/2020\/11\/regles-utiliser-majuscule.png","articleSection":["M\u00e9thodologie"],"inLanguage":"fr-FR","potentialAction":[{"@type":"CommentAction","name":"Comment","target":["https:\/\/www.redacteur.com\/blog\/regles-utiliser-majuscule\/#respond"]}]},{"@type":"WebPage","@id":"https:\/\/www.redacteur.com\/blog\/regles-utiliser-majuscule\/","url":"https:\/\/www.redacteur.com\/blog\/regles-utiliser-majuscule\/","name":"Les r\u00e8gles de majuscule \u00e0 conna\u00eetre pour \u00e9crire en fran\u00e7ais","isPartOf":{"@id":"https:\/\/www.redacteur.com\/blog\/#website"},"primaryImageOfPage":{"@id":"https:\/\/www.redacteur.com\/blog\/regles-utiliser-majuscule\/#primaryimage"},"image":{"@id":"https:\/\/www.redacteur.com\/blog\/regles-utiliser-majuscule\/#primaryimage"},"thumbnailUrl":"https:\/\/www.redacteur.com\/blog\/wp-content\/uploads\/sites\/6\/2020\/11\/regles-utiliser-majuscule.png","datePublished":"2025-07-15T13:45:00+00:00","dateModified":"2025-08-20T12:43:22+00:00","description":"L'utilisation des majuscules est r\u00e9gie par des r\u00e8gles strictes. D\u00e9couvrez 13 r\u00e8gles pour savoir quand et comment utiliser les majuscules.","breadcrumb":{"@id":"https:\/\/www.redacteur.com\/blog\/regles-utiliser-majuscule\/#breadcrumb"},"inLanguage":"fr-FR","potentialAction":[{"@type":"ReadAction","target":["https:\/\/www.redacteur.com\/blog\/regles-utiliser-majuscule\/"]}]},{"@type":"ImageObject","inLanguage":"fr-FR","@id":"https:\/\/www.redacteur.com\/blog\/regles-utiliser-majuscule\/#primaryimage","url":"https:\/\/www.redacteur.com\/blog\/wp-content\/uploads\/sites\/6\/2020\/11\/regles-utiliser-majuscule.png","contentUrl":"https:\/\/www.redacteur.com\/blog\/wp-content\/uploads\/sites\/6\/2020\/11\/regles-utiliser-majuscule.png","width":1200,"height":675,"caption":"r\u00e8gles majuscule"},{"@type":"BreadcrumbList","@id":"https:\/\/www.redacteur.com\/blog\/regles-utiliser-majuscule\/#breadcrumb","itemListElement":[{"@type":"ListItem","position":1,"name":"Blog","item":"https:\/\/www.redacteur.com\/blog\/"},{"@type":"ListItem","position":2,"name":"R\u00e9daction web","item":"https:\/\/www.redacteur.com\/blog\/redaction-web\/"},{"@type":"ListItem","position":3,"name":"M\u00e9thodologie","item":"https:\/\/www.redacteur.com\/blog\/redaction-web\/methodologie\/"},{"@type":"ListItem","position":4,"name":"Les 15 r\u00e8gles \u00e0 conna\u00eetre pour utiliser la majuscule"}]},{"@type":"WebSite","@id":"https:\/\/www.redacteur.com\/blog\/#website","url":"https:\/\/www.redacteur.com\/blog\/","name":"Redacteur.com","description":"redacteur","publisher":{"@id":"https:\/\/www.redacteur.com\/blog\/#organization"},"potentialAction":[{"@type":"SearchAction","target":{"@type":"EntryPoint","urlTemplate":"https:\/\/www.redacteur.com\/blog\/?s={search_term_string}"},"query-input":{"@type":"PropertyValueSpecification","valueRequired":true,"valueName":"search_term_string"}}],"inLanguage":"fr-FR"},{"@type":"Organization","@id":"https:\/\/www.redacteur.com\/blog\/#organization","name":"Redacteur.com","url":"https:\/\/www.redacteur.com\/blog\/","logo":{"@type":"ImageObject","inLanguage":"fr-FR","@id":"https:\/\/www.redacteur.com\/blog\/#\/schema\/logo\/image\/","url":"https:\/\/www.redacteur.com\/blog\/wp-content\/uploads\/sites\/6\/2022\/10\/logo-redacteur-blog.svg","contentUrl":"https:\/\/www.redacteur.com\/blog\/wp-content\/uploads\/sites\/6\/2022\/10\/logo-redacteur-blog.svg","width":1,"height":1,"caption":"Redacteur.com"},"image":{"@id":"https:\/\/www.redacteur.com\/blog\/#\/schema\/logo\/image\/"},"sameAs":["https:\/\/www.facebook.com\/redacteurcom","https:\/\/x.com\/Redacteurcom","https:\/\/www.linkedin.com\/company\/redacteur-com","https:\/\/www.youtube.com\/channel\/UCgj9ySM9xy3gdL8qBafl9Uw\/"]},{"@type":"Person","@id":"https:\/\/www.redacteur.com\/blog\/#\/schema\/person\/33c0ef04707fbe50a096f282050bb5f2","name":"Laura Michaud","image":{"@type":"ImageObject","inLanguage":"fr-FR","@id":"https:\/\/www.redacteur.com\/blog\/#\/schema\/person\/image\/","url":"https:\/\/secure.gravatar.com\/avatar\/c3328cc0c887f98cec6b2979af3311ab6333fc7cc2d4847514cfec6a56fa08a7?s=96&d=mm&r=g","contentUrl":"https:\/\/secure.gravatar.com\/avatar\/c3328cc0c887f98cec6b2979af3311ab6333fc7cc2d4847514cfec6a56fa08a7?s=96&d=mm&r=g","caption":"Laura Michaud"},"description":"Laura connait tous les meilleurs outils pour g\u00e9rer des projets et une entreprise. Cr\u00e9ative, c'est aussi une sp\u00e9cialiste des outils de cr\u00e9ation graphique pour faire briller une entreprise.","sameAs":["https:\/\/www.linkedin.com\/in\/michaudlaura\/"],"url":"https:\/\/www.redacteur.com\/blog\/author\/laura\/"}]}},"_links":{"self":[{"href":"https:\/\/www.redacteur.com\/blog\/wp-json\/wp\/v2\/posts\/23770","targetHints":{"allow":["GET"]}}],"collection":[{"href":"https:\/\/www.redacteur.com\/blog\/wp-json\/wp\/v2\/posts"}],"about":[{"href":"https:\/\/www.redacteur.com\/blog\/wp-json\/wp\/v2\/types\/post"}],"author":[{"embeddable":true,"href":"https:\/\/www.redacteur.com\/blog\/wp-json\/wp\/v2\/users\/1"}],"replies":[{"embeddable":true,"href":"https:\/\/www.redacteur.com\/blog\/wp-json\/wp\/v2\/comments?post=23770"}],"version-history":[{"count":0,"href":"https:\/\/www.redacteur.com\/blog\/wp-json\/wp\/v2\/posts\/23770\/revisions"}],"wp:featuredmedia":[{"embeddable":true,"href":"https:\/\/www.redacteur.com\/blog\/wp-json\/wp\/v2\/media\/41742"}],"wp:attachment":[{"href":"https:\/\/www.redacteur.com\/blog\/wp-json\/wp\/v2\/media?parent=23770"}],"wp:term":[{"taxonomy":"category","embeddable":true,"href":"https:\/\/www.redacteur.com\/blog\/wp-json\/wp\/v2\/categories?post=23770"},{"taxonomy":"post_tag","embeddable":true,"href":"https:\/\/www.redacteur.com\/blog\/wp-json\/wp\/v2\/tags?post=23770"}],"curies":[{"name":"wp","href":"https:\/\/api.w.org\/{rel}","templated":true}]}}