{"id":24149,"date":"2023-12-04T10:50:00","date_gmt":"2023-12-04T09:50:00","guid":{"rendered":"https:\/\/www.redacteur.com\/blog\/?p=24149"},"modified":"2025-10-03T11:05:27","modified_gmt":"2025-10-03T09:05:27","slug":"noel-guide-communication-editorial-bestof","status":"publish","type":"post","link":"https:\/\/www.redacteur.com\/blog\/noel-guide-communication-editorial-bestof\/","title":{"rendered":"No\u00ebl&nbsp;: guide complet pour r\u00e9ussir votre communication de fin d&#8217;ann\u00e9e"},"content":{"rendered":"<p>No\u00ebl arrive et les f\u00eates de fin d\u2019ann\u00e9e approchent \u00e0 grands pas&nbsp;! Il est temps de pr\u00e9parer votre nouveau planning \u00e9ditorial ou de booster le SEO de votre site e-commerce pour am\u00e9liorer vos ventes\u2009!<\/p>\n<p>Strat\u00e9gie \u00e9ditoriale, id\u00e9es de contenu pour des e-mails \u00ab\u2009sp\u00e9cial No\u00ebl\u2009\u00bb, hashtags \u00e0 utiliser dans vos communications&#8230; Ce guide regroupe tous les <strong>conseils et ressources<\/strong> \u00e0 prendre en compte pour r\u00e9ussir votre communication&nbsp;!<\/p>\n<h2 class=\"entry-title\"><a href=\"https:\/\/www.redacteur.com\/blog\/preparer-ligne-editoriale-fin-annee\/\" target=\"_blank\" rel=\"noopener noreferrer\">Comment pr\u00e9parer une ligne \u00e9ditoriale pour les f\u00eates de fin d\u2019ann\u00e9e\u2009?<\/a><\/h2>\n<p><img decoding=\"async\" class=\"aligncenter wp-image-14237 size-full\" src=\"https:\/\/www.redacteur.com\/blog\/wp-content\/uploads\/sites\/6\/2018\/11\/redacteur-ligne-editoriale.jpg\" alt=\"Ligne \u00e9ditoriale fin d'ann\u00e9e\" width=\"850\" height=\"600\" srcset=\"https:\/\/www.redacteur.com\/blog\/wp-content\/uploads\/sites\/6\/2018\/11\/redacteur-ligne-editoriale.jpg 850w, https:\/\/www.redacteur.com\/blog\/wp-content\/uploads\/sites\/6\/2018\/11\/redacteur-ligne-editoriale-300x212.jpg 300w, https:\/\/www.redacteur.com\/blog\/wp-content\/uploads\/sites\/6\/2018\/11\/redacteur-ligne-editoriale-768x542.jpg 768w, https:\/\/www.redacteur.com\/blog\/wp-content\/uploads\/sites\/6\/2018\/11\/redacteur-ligne-editoriale-60x42.jpg 60w, https:\/\/www.redacteur.com\/blog\/wp-content\/uploads\/sites\/6\/2018\/11\/redacteur-ligne-editoriale-370x261.jpg 370w, https:\/\/www.redacteur.com\/blog\/wp-content\/uploads\/sites\/6\/2018\/11\/redacteur-ligne-editoriale-270x191.jpg 270w, https:\/\/www.redacteur.com\/blog\/wp-content\/uploads\/sites\/6\/2018\/11\/redacteur-ligne-editoriale-570x402.jpg 570w, https:\/\/www.redacteur.com\/blog\/wp-content\/uploads\/sites\/6\/2018\/11\/redacteur-ligne-editoriale-740x522.jpg 740w\" sizes=\"(max-width: 850px) 100vw, 850px\" \/><\/p>\n<h2><\/h2>\n<h2><a href=\"https:\/\/www.redacteur.com\/blog\/conseils-creer-ligne-editoriale-vacances\/\" target=\"_blank\" rel=\"noopener noreferrer\">8 conseils pour cr\u00e9er votre ligne \u00e9ditoriale de vacances<\/a><\/h2>\n<p><img decoding=\"async\" class=\"aligncenter wp-image-17634 size-full\" src=\"https:\/\/www.redacteur.com\/blog\/wp-content\/uploads\/sites\/6\/2019\/10\/redacteur-blog-img-une-conseil-ligne-editoriale-vacances.jpg\" alt=\"\" width=\"850\" height=\"600\" srcset=\"https:\/\/www.redacteur.com\/blog\/wp-content\/uploads\/sites\/6\/2019\/10\/redacteur-blog-img-une-conseil-ligne-editoriale-vacances.jpg 850w, https:\/\/www.redacteur.com\/blog\/wp-content\/uploads\/sites\/6\/2019\/10\/redacteur-blog-img-une-conseil-ligne-editoriale-vacances-300x212.jpg 300w, https:\/\/www.redacteur.com\/blog\/wp-content\/uploads\/sites\/6\/2019\/10\/redacteur-blog-img-une-conseil-ligne-editoriale-vacances-768x542.jpg 768w, https:\/\/www.redacteur.com\/blog\/wp-content\/uploads\/sites\/6\/2019\/10\/redacteur-blog-img-une-conseil-ligne-editoriale-vacances-60x42.jpg 60w, https:\/\/www.redacteur.com\/blog\/wp-content\/uploads\/sites\/6\/2019\/10\/redacteur-blog-img-une-conseil-ligne-editoriale-vacances-370x261.jpg 370w, https:\/\/www.redacteur.com\/blog\/wp-content\/uploads\/sites\/6\/2019\/10\/redacteur-blog-img-une-conseil-ligne-editoriale-vacances-270x191.jpg 270w, https:\/\/www.redacteur.com\/blog\/wp-content\/uploads\/sites\/6\/2019\/10\/redacteur-blog-img-une-conseil-ligne-editoriale-vacances-570x402.jpg 570w, https:\/\/www.redacteur.com\/blog\/wp-content\/uploads\/sites\/6\/2019\/10\/redacteur-blog-img-une-conseil-ligne-editoriale-vacances-740x522.jpg 740w\" sizes=\"(max-width: 850px) 100vw, 850px\" \/><\/p>\n<h2><\/h2>\n<h2><a href=\"https:\/\/www.redacteur.com\/blog\/contenu-email-marketing-noel\/\" target=\"_blank\" rel=\"noopener noreferrer\">Quel contenu pour vos e-mails marketing \u00e0 No\u00ebl\u2009?<\/a><\/h2>\n<p><img decoding=\"async\" class=\"wp-image-39106 size-full aligncenter\" src=\"https:\/\/www.redacteur.com\/blog\/wp-content\/uploads\/sites\/6\/2022\/11\/Image-a-la-une-noel-email.png\" alt=\"\" width=\"1024\" height=\"618\" srcset=\"https:\/\/www.redacteur.com\/blog\/wp-content\/uploads\/sites\/6\/2022\/11\/Image-a-la-une-noel-email.png 1024w, https:\/\/www.redacteur.com\/blog\/wp-content\/uploads\/sites\/6\/2022\/11\/Image-a-la-une-noel-email-300x181.png 300w, https:\/\/www.redacteur.com\/blog\/wp-content\/uploads\/sites\/6\/2022\/11\/Image-a-la-une-noel-email-768x464.png 768w, https:\/\/www.redacteur.com\/blog\/wp-content\/uploads\/sites\/6\/2022\/11\/Image-a-la-une-noel-email-60x36.png 60w, https:\/\/www.redacteur.com\/blog\/wp-content\/uploads\/sites\/6\/2022\/11\/Image-a-la-une-noel-email-370x223.png 370w, https:\/\/www.redacteur.com\/blog\/wp-content\/uploads\/sites\/6\/2022\/11\/Image-a-la-une-noel-email-270x163.png 270w, https:\/\/www.redacteur.com\/blog\/wp-content\/uploads\/sites\/6\/2022\/11\/Image-a-la-une-noel-email-570x344.png 570w, https:\/\/www.redacteur.com\/blog\/wp-content\/uploads\/sites\/6\/2022\/11\/Image-a-la-une-noel-email-740x447.png 740w\" sizes=\"(max-width: 1024px) 100vw, 1024px\" \/><\/p>\n<h2><a href=\"https:\/\/www.redacteur.com\/blog\/social-media-utiliser-hashtags-noel\/\">Social Media\u00a0: 5 mani\u00e8res d\u2019utiliser les hashtags pour No\u00ebl<\/a><\/h2>\n<h2><img decoding=\"async\" class=\"wp-image-39195 size-full aligncenter\" src=\"https:\/\/www.redacteur.com\/blog\/wp-content\/uploads\/sites\/6\/2020\/11\/Image-a-la-une-social-media-noel.png\" alt=\"\" width=\"1024\" height=\"618\" srcset=\"https:\/\/www.redacteur.com\/blog\/wp-content\/uploads\/sites\/6\/2020\/11\/Image-a-la-une-social-media-noel.png 1024w, https:\/\/www.redacteur.com\/blog\/wp-content\/uploads\/sites\/6\/2020\/11\/Image-a-la-une-social-media-noel-300x181.png 300w, https:\/\/www.redacteur.com\/blog\/wp-content\/uploads\/sites\/6\/2020\/11\/Image-a-la-une-social-media-noel-768x464.png 768w, https:\/\/www.redacteur.com\/blog\/wp-content\/uploads\/sites\/6\/2020\/11\/Image-a-la-une-social-media-noel-60x36.png 60w, https:\/\/www.redacteur.com\/blog\/wp-content\/uploads\/sites\/6\/2020\/11\/Image-a-la-une-social-media-noel-370x223.png 370w, https:\/\/www.redacteur.com\/blog\/wp-content\/uploads\/sites\/6\/2020\/11\/Image-a-la-une-social-media-noel-270x163.png 270w, https:\/\/www.redacteur.com\/blog\/wp-content\/uploads\/sites\/6\/2020\/11\/Image-a-la-une-social-media-noel-570x344.png 570w, https:\/\/www.redacteur.com\/blog\/wp-content\/uploads\/sites\/6\/2020\/11\/Image-a-la-une-social-media-noel-740x447.png 740w\" sizes=\"(max-width: 1024px) 100vw, 1024px\" \/><\/h2>\n<h2><\/h2>\n<h2><a href=\"https:\/\/www.redacteur.com\/blog\/7-idees-e-commerce-noel\/\" target=\"_blank\" rel=\"noopener noreferrer\">E-commerce\u00a0: 7 id\u00e9es pour pr\u00e9parer votre site pour No\u00ebl<\/a><\/h2>\n<p><img decoding=\"async\" class=\"wp-image-39246 size-full aligncenter\" src=\"https:\/\/www.redacteur.com\/blog\/wp-content\/uploads\/sites\/6\/2019\/11\/Image-a-la-une-noel-redacteur-ecommerce.png\" alt=\"\" width=\"1024\" height=\"618\" srcset=\"https:\/\/www.redacteur.com\/blog\/wp-content\/uploads\/sites\/6\/2019\/11\/Image-a-la-une-noel-redacteur-ecommerce.png 1024w, https:\/\/www.redacteur.com\/blog\/wp-content\/uploads\/sites\/6\/2019\/11\/Image-a-la-une-noel-redacteur-ecommerce-300x181.png 300w, https:\/\/www.redacteur.com\/blog\/wp-content\/uploads\/sites\/6\/2019\/11\/Image-a-la-une-noel-redacteur-ecommerce-768x464.png 768w, https:\/\/www.redacteur.com\/blog\/wp-content\/uploads\/sites\/6\/2019\/11\/Image-a-la-une-noel-redacteur-ecommerce-60x36.png 60w, https:\/\/www.redacteur.com\/blog\/wp-content\/uploads\/sites\/6\/2019\/11\/Image-a-la-une-noel-redacteur-ecommerce-370x223.png 370w, https:\/\/www.redacteur.com\/blog\/wp-content\/uploads\/sites\/6\/2019\/11\/Image-a-la-une-noel-redacteur-ecommerce-270x163.png 270w, https:\/\/www.redacteur.com\/blog\/wp-content\/uploads\/sites\/6\/2019\/11\/Image-a-la-une-noel-redacteur-ecommerce-570x344.png 570w, https:\/\/www.redacteur.com\/blog\/wp-content\/uploads\/sites\/6\/2019\/11\/Image-a-la-une-noel-redacteur-ecommerce-740x447.png 740w\" sizes=\"(max-width: 1024px) 100vw, 1024px\" \/><\/p>\n<h2><\/h2>\n<h2><a href=\"https:\/\/www.redacteur.com\/blog\/seo-preparer-site-e-commerce-fetes\/\" target=\"_blank\" rel=\"noopener noreferrer\">SEO\u00a0: pr\u00e9parer votre site e-commerce pour les f\u00eates\u2009!<\/a><\/h2>\n<p><img decoding=\"async\" class=\"aligncenter wp-image-17833 size-full\" src=\"https:\/\/www.redacteur.com\/blog\/wp-content\/uploads\/sites\/6\/2019\/11\/redacteur-blog-img-e-commerce-site-noel-fete.jpg\" alt=\"\" width=\"850\" height=\"600\" srcset=\"https:\/\/www.redacteur.com\/blog\/wp-content\/uploads\/sites\/6\/2019\/11\/redacteur-blog-img-e-commerce-site-noel-fete.jpg 850w, https:\/\/www.redacteur.com\/blog\/wp-content\/uploads\/sites\/6\/2019\/11\/redacteur-blog-img-e-commerce-site-noel-fete-300x212.jpg 300w, https:\/\/www.redacteur.com\/blog\/wp-content\/uploads\/sites\/6\/2019\/11\/redacteur-blog-img-e-commerce-site-noel-fete-768x542.jpg 768w, https:\/\/www.redacteur.com\/blog\/wp-content\/uploads\/sites\/6\/2019\/11\/redacteur-blog-img-e-commerce-site-noel-fete-60x42.jpg 60w, https:\/\/www.redacteur.com\/blog\/wp-content\/uploads\/sites\/6\/2019\/11\/redacteur-blog-img-e-commerce-site-noel-fete-370x261.jpg 370w, https:\/\/www.redacteur.com\/blog\/wp-content\/uploads\/sites\/6\/2019\/11\/redacteur-blog-img-e-commerce-site-noel-fete-270x191.jpg 270w, https:\/\/www.redacteur.com\/blog\/wp-content\/uploads\/sites\/6\/2019\/11\/redacteur-blog-img-e-commerce-site-noel-fete-570x402.jpg 570w, https:\/\/www.redacteur.com\/blog\/wp-content\/uploads\/sites\/6\/2019\/11\/redacteur-blog-img-e-commerce-site-noel-fete-740x522.jpg 740w\" sizes=\"(max-width: 850px) 100vw, 850px\" \/><\/p>\n<h2><\/h2>\n<h2><a href=\"https:\/\/www.redacteur.com\/blog\/pourquoi-rediger-carte-de-voeux\/\" target=\"_blank\" rel=\"noopener noreferrer\">Pourquoi r\u00e9diger une carte de v\u0153ux\u2009?<\/a><\/h2>\n<p><img decoding=\"async\" class=\"aligncenter wp-image-17763 size-full\" src=\"https:\/\/www.redacteur.com\/blog\/wp-content\/uploads\/sites\/6\/2019\/11\/redacteur-blog-img-pourquoi-rediger-carte-de-voeux-compressor.jpg\" alt=\"\" width=\"850\" height=\"600\" srcset=\"https:\/\/www.redacteur.com\/blog\/wp-content\/uploads\/sites\/6\/2019\/11\/redacteur-blog-img-pourquoi-rediger-carte-de-voeux-compressor.jpg 850w, https:\/\/www.redacteur.com\/blog\/wp-content\/uploads\/sites\/6\/2019\/11\/redacteur-blog-img-pourquoi-rediger-carte-de-voeux-compressor-300x212.jpg 300w, https:\/\/www.redacteur.com\/blog\/wp-content\/uploads\/sites\/6\/2019\/11\/redacteur-blog-img-pourquoi-rediger-carte-de-voeux-compressor-768x542.jpg 768w, https:\/\/www.redacteur.com\/blog\/wp-content\/uploads\/sites\/6\/2019\/11\/redacteur-blog-img-pourquoi-rediger-carte-de-voeux-compressor-60x42.jpg 60w, https:\/\/www.redacteur.com\/blog\/wp-content\/uploads\/sites\/6\/2019\/11\/redacteur-blog-img-pourquoi-rediger-carte-de-voeux-compressor-370x261.jpg 370w, https:\/\/www.redacteur.com\/blog\/wp-content\/uploads\/sites\/6\/2019\/11\/redacteur-blog-img-pourquoi-rediger-carte-de-voeux-compressor-270x191.jpg 270w, https:\/\/www.redacteur.com\/blog\/wp-content\/uploads\/sites\/6\/2019\/11\/redacteur-blog-img-pourquoi-rediger-carte-de-voeux-compressor-570x402.jpg 570w, https:\/\/www.redacteur.com\/blog\/wp-content\/uploads\/sites\/6\/2019\/11\/redacteur-blog-img-pourquoi-rediger-carte-de-voeux-compressor-740x522.jpg 740w\" sizes=\"(max-width: 850px) 100vw, 850px\" \/><\/p>\n<h2><a href=\"https:\/\/graphiste.com\/blog\/calendrier-avent-digital\/\">Cr\u00e9er votre calendrier de l&#8217;avent digital&nbsp;: 9 astuces<\/a><\/h2>\n<p><img decoding=\"async\" class=\"aligncenter wp-image-39273 size-full\" style=\"font-size: revert;\" src=\"https:\/\/www.redacteur.com\/blog\/wp-content\/uploads\/sites\/6\/2022\/11\/Image-a-la-une-calendrier-noel-graphiste.png\" alt=\"\" width=\"1024\" height=\"618\" srcset=\"https:\/\/www.redacteur.com\/blog\/wp-content\/uploads\/sites\/6\/2022\/11\/Image-a-la-une-calendrier-noel-graphiste.png 1024w, https:\/\/www.redacteur.com\/blog\/wp-content\/uploads\/sites\/6\/2022\/11\/Image-a-la-une-calendrier-noel-graphiste-300x181.png 300w, https:\/\/www.redacteur.com\/blog\/wp-content\/uploads\/sites\/6\/2022\/11\/Image-a-la-une-calendrier-noel-graphiste-768x464.png 768w, https:\/\/www.redacteur.com\/blog\/wp-content\/uploads\/sites\/6\/2022\/11\/Image-a-la-une-calendrier-noel-graphiste-60x36.png 60w, https:\/\/www.redacteur.com\/blog\/wp-content\/uploads\/sites\/6\/2022\/11\/Image-a-la-une-calendrier-noel-graphiste-370x223.png 370w, https:\/\/www.redacteur.com\/blog\/wp-content\/uploads\/sites\/6\/2022\/11\/Image-a-la-une-calendrier-noel-graphiste-270x163.png 270w, https:\/\/www.redacteur.com\/blog\/wp-content\/uploads\/sites\/6\/2022\/11\/Image-a-la-une-calendrier-noel-graphiste-570x344.png 570w, https:\/\/www.redacteur.com\/blog\/wp-content\/uploads\/sites\/6\/2022\/11\/Image-a-la-une-calendrier-noel-graphiste-740x447.png 740w\" sizes=\"(max-width: 1024px) 100vw, 1024px\" \/><\/p>\n<h2><\/h2>\n<h2><a href=\"https:\/\/graphiste.com\/blog\/idees-creatives-communication-noel\/\">10 id\u00e9es cr\u00e9atives pour votre communication de No\u00ebl<\/a><\/h2>\n<p><img decoding=\"async\" class=\"alignnone wp-image-39274 size-full\" src=\"https:\/\/www.redacteur.com\/blog\/wp-content\/uploads\/sites\/6\/2022\/11\/Image-a-la-une-idee-creation-noel.png\" alt=\"\" width=\"1024\" height=\"618\" srcset=\"https:\/\/www.redacteur.com\/blog\/wp-content\/uploads\/sites\/6\/2022\/11\/Image-a-la-une-idee-creation-noel.png 1024w, https:\/\/www.redacteur.com\/blog\/wp-content\/uploads\/sites\/6\/2022\/11\/Image-a-la-une-idee-creation-noel-300x181.png 300w, https:\/\/www.redacteur.com\/blog\/wp-content\/uploads\/sites\/6\/2022\/11\/Image-a-la-une-idee-creation-noel-768x464.png 768w, https:\/\/www.redacteur.com\/blog\/wp-content\/uploads\/sites\/6\/2022\/11\/Image-a-la-une-idee-creation-noel-60x36.png 60w, https:\/\/www.redacteur.com\/blog\/wp-content\/uploads\/sites\/6\/2022\/11\/Image-a-la-une-idee-creation-noel-370x223.png 370w, https:\/\/www.redacteur.com\/blog\/wp-content\/uploads\/sites\/6\/2022\/11\/Image-a-la-une-idee-creation-noel-270x163.png 270w, https:\/\/www.redacteur.com\/blog\/wp-content\/uploads\/sites\/6\/2022\/11\/Image-a-la-une-idee-creation-noel-570x344.png 570w, https:\/\/www.redacteur.com\/blog\/wp-content\/uploads\/sites\/6\/2022\/11\/Image-a-la-une-idee-creation-noel-740x447.png 740w\" sizes=\"(max-width: 1024px) 100vw, 1024px\" \/><\/p>\n","protected":false},"excerpt":{"rendered":"<p>No\u00ebl arrive et les f\u00eates de fin d\u2019ann\u00e9e approchent \u00e0 grands pas&nbsp;! Il est temps de pr\u00e9parer votre nouveau planning \u00e9ditorial ou de booster le SEO de votre site e-commerce pour am\u00e9liorer vos ventes\u2009! Strat\u00e9gie \u00e9ditoriale, id\u00e9es de contenu pour des e-mails \u00ab\u2009sp\u00e9cial No\u00ebl\u2009\u00bb, hashtags \u00e0 utiliser dans vos communications&#8230; Ce guide regroupe tous les [&hellip;]<\/p>\n","protected":false},"author":1,"featured_media":39276,"comment_status":"open","ping_status":"open","sticky":false,"template":"","format":"standard","meta":{"_acf_changed":false,"inline_featured_image":false,"footnotes":""},"categories":[14],"tags":[],"class_list":["post-24149","post","type-post","status-publish","format-standard","has-post-thumbnail","hentry","category-strategie-editoriale"],"acf":[],"yoast_head":"<!-- This site is optimized with the Yoast SEO plugin v25.9 - https:\/\/yoast.com\/wordpress\/plugins\/seo\/ -->\n<title>No\u00ebl : guide complet pour r\u00e9ussir votre communication de fin d&#039;ann\u00e9e - Redacteur Blog<\/title>\n<meta name=\"description\" content=\"No\u00ebl arrive et les f\u00eates de fin d\u2019ann\u00e9e approchent \u00e0 grands pas ! Il est temps de pr\u00e9parer votre nouveau planning \u00e9ditorial ou de booster le SEO de votre\" \/>\n<meta name=\"robots\" content=\"index, follow, max-snippet:-1, max-image-preview:large, max-video-preview:-1\" \/>\n<link rel=\"canonical\" href=\"https:\/\/www.redacteur.com\/blog\/noel-guide-communication-editorial-bestof\/\" \/>\n<meta property=\"og:locale\" content=\"fr_FR\" \/>\n<meta property=\"og:type\" content=\"article\" \/>\n<meta property=\"og:title\" content=\"No\u00ebl : guide complet pour r\u00e9ussir votre communication de fin d&#039;ann\u00e9e - Redacteur Blog\" \/>\n<meta property=\"og:description\" content=\"No\u00ebl arrive et les f\u00eates de fin d\u2019ann\u00e9e approchent \u00e0 grands pas ! Il est temps de pr\u00e9parer votre nouveau planning \u00e9ditorial ou de booster le SEO de votre\" \/>\n<meta property=\"og:url\" content=\"https:\/\/www.redacteur.com\/blog\/noel-guide-communication-editorial-bestof\/\" \/>\n<meta property=\"og:site_name\" content=\"Redacteur.com\" \/>\n<meta property=\"article:publisher\" content=\"https:\/\/www.facebook.com\/redacteurcom\" \/>\n<meta property=\"article:published_time\" content=\"2023-12-04T09:50:00+00:00\" \/>\n<meta property=\"article:modified_time\" content=\"2025-10-03T09:05:27+00:00\" \/>\n<meta property=\"og:image\" content=\"https:\/\/www.redacteur.com\/blog\/wp-content\/uploads\/sites\/6\/2022\/11\/Image-a-la-une-guide-noel-redac.png\" \/>\n\t<meta property=\"og:image:width\" content=\"1024\" \/>\n\t<meta property=\"og:image:height\" content=\"618\" \/>\n\t<meta property=\"og:image:type\" content=\"image\/png\" \/>\n<meta name=\"author\" content=\"Laura Michaud\" \/>\n<meta name=\"twitter:card\" content=\"summary_large_image\" \/>\n<meta name=\"twitter:creator\" content=\"@Redacteurcom\" \/>\n<meta name=\"twitter:site\" content=\"@Redacteurcom\" \/>\n<meta name=\"twitter:label1\" content=\"\u00c9crit par\" \/>\n\t<meta name=\"twitter:data1\" content=\"Laura Michaud\" \/>\n\t<meta name=\"twitter:label2\" content=\"Dur\u00e9e de lecture estim\u00e9e\" \/>\n\t<meta name=\"twitter:data2\" content=\"3 minutes\" \/>\n<script type=\"application\/ld+json\" class=\"yoast-schema-graph\">{\"@context\":\"https:\/\/schema.org\",\"@graph\":[{\"@type\":\"Article\",\"@id\":\"https:\/\/www.redacteur.com\/blog\/noel-guide-communication-editorial-bestof\/#article\",\"isPartOf\":{\"@id\":\"https:\/\/www.redacteur.com\/blog\/noel-guide-communication-editorial-bestof\/\"},\"author\":{\"name\":\"Laura Michaud\",\"@id\":\"https:\/\/www.redacteur.com\/blog\/#\/schema\/person\/33c0ef04707fbe50a096f282050bb5f2\"},\"headline\":\"No\u00ebl&nbsp;: guide complet pour r\u00e9ussir votre communication de fin d&#8217;ann\u00e9e\",\"datePublished\":\"2023-12-04T09:50:00+00:00\",\"dateModified\":\"2025-10-03T09:05:27+00:00\",\"mainEntityOfPage\":{\"@id\":\"https:\/\/www.redacteur.com\/blog\/noel-guide-communication-editorial-bestof\/\"},\"wordCount\":179,\"commentCount\":0,\"publisher\":{\"@id\":\"https:\/\/www.redacteur.com\/blog\/#organization\"},\"image\":{\"@id\":\"https:\/\/www.redacteur.com\/blog\/noel-guide-communication-editorial-bestof\/#primaryimage\"},\"thumbnailUrl\":\"https:\/\/www.redacteur.com\/blog\/wp-content\/uploads\/sites\/6\/2022\/11\/Image-a-la-une-guide-noel-redac.png\",\"articleSection\":[\"Strat\u00e9gie \u00e9ditoriale\"],\"inLanguage\":\"fr-FR\",\"potentialAction\":[{\"@type\":\"CommentAction\",\"name\":\"Comment\",\"target\":[\"https:\/\/www.redacteur.com\/blog\/noel-guide-communication-editorial-bestof\/#respond\"]}]},{\"@type\":\"WebPage\",\"@id\":\"https:\/\/www.redacteur.com\/blog\/noel-guide-communication-editorial-bestof\/\",\"url\":\"https:\/\/www.redacteur.com\/blog\/noel-guide-communication-editorial-bestof\/\",\"name\":\"No\u00ebl : guide complet pour r\u00e9ussir votre communication de fin d'ann\u00e9e - Redacteur Blog\",\"isPartOf\":{\"@id\":\"https:\/\/www.redacteur.com\/blog\/#website\"},\"primaryImageOfPage\":{\"@id\":\"https:\/\/www.redacteur.com\/blog\/noel-guide-communication-editorial-bestof\/#primaryimage\"},\"image\":{\"@id\":\"https:\/\/www.redacteur.com\/blog\/noel-guide-communication-editorial-bestof\/#primaryimage\"},\"thumbnailUrl\":\"https:\/\/www.redacteur.com\/blog\/wp-content\/uploads\/sites\/6\/2022\/11\/Image-a-la-une-guide-noel-redac.png\",\"datePublished\":\"2023-12-04T09:50:00+00:00\",\"dateModified\":\"2025-10-03T09:05:27+00:00\",\"description\":\"No\u00ebl arrive et les f\u00eates de fin d\u2019ann\u00e9e approchent \u00e0 grands pas ! Il est temps de pr\u00e9parer votre nouveau planning \u00e9ditorial ou de booster le SEO de votre\",\"breadcrumb\":{\"@id\":\"https:\/\/www.redacteur.com\/blog\/noel-guide-communication-editorial-bestof\/#breadcrumb\"},\"inLanguage\":\"fr-FR\",\"potentialAction\":[{\"@type\":\"ReadAction\",\"target\":[\"https:\/\/www.redacteur.com\/blog\/noel-guide-communication-editorial-bestof\/\"]}]},{\"@type\":\"ImageObject\",\"inLanguage\":\"fr-FR\",\"@id\":\"https:\/\/www.redacteur.com\/blog\/noel-guide-communication-editorial-bestof\/#primaryimage\",\"url\":\"https:\/\/www.redacteur.com\/blog\/wp-content\/uploads\/sites\/6\/2022\/11\/Image-a-la-une-guide-noel-redac.png\",\"contentUrl\":\"https:\/\/www.redacteur.com\/blog\/wp-content\/uploads\/sites\/6\/2022\/11\/Image-a-la-une-guide-noel-redac.png\",\"width\":1024,\"height\":618},{\"@type\":\"BreadcrumbList\",\"@id\":\"https:\/\/www.redacteur.com\/blog\/noel-guide-communication-editorial-bestof\/#breadcrumb\",\"itemListElement\":[{\"@type\":\"ListItem\",\"position\":1,\"name\":\"Blog\",\"item\":\"https:\/\/www.redacteur.com\/blog\/\"},{\"@type\":\"ListItem\",\"position\":2,\"name\":\"R\u00e9daction web\",\"item\":\"https:\/\/www.redacteur.com\/blog\/redaction-web\/\"},{\"@type\":\"ListItem\",\"position\":3,\"name\":\"Strat\u00e9gie \u00e9ditoriale\",\"item\":\"https:\/\/www.redacteur.com\/blog\/redaction-web\/strategie-editoriale\/\"},{\"@type\":\"ListItem\",\"position\":4,\"name\":\"No\u00ebl&nbsp;: guide complet pour r\u00e9ussir votre communication de fin d&#8217;ann\u00e9e\"}]},{\"@type\":\"WebSite\",\"@id\":\"https:\/\/www.redacteur.com\/blog\/#website\",\"url\":\"https:\/\/www.redacteur.com\/blog\/\",\"name\":\"Redacteur.com\",\"description\":\"redacteur\",\"publisher\":{\"@id\":\"https:\/\/www.redacteur.com\/blog\/#organization\"},\"potentialAction\":[{\"@type\":\"SearchAction\",\"target\":{\"@type\":\"EntryPoint\",\"urlTemplate\":\"https:\/\/www.redacteur.com\/blog\/?s={search_term_string}\"},\"query-input\":{\"@type\":\"PropertyValueSpecification\",\"valueRequired\":true,\"valueName\":\"search_term_string\"}}],\"inLanguage\":\"fr-FR\"},{\"@type\":\"Organization\",\"@id\":\"https:\/\/www.redacteur.com\/blog\/#organization\",\"name\":\"Redacteur.com\",\"url\":\"https:\/\/www.redacteur.com\/blog\/\",\"logo\":{\"@type\":\"ImageObject\",\"inLanguage\":\"fr-FR\",\"@id\":\"https:\/\/www.redacteur.com\/blog\/#\/schema\/logo\/image\/\",\"url\":\"https:\/\/www.redacteur.com\/blog\/wp-content\/uploads\/sites\/6\/2022\/10\/logo-redacteur-blog.svg\",\"contentUrl\":\"https:\/\/www.redacteur.com\/blog\/wp-content\/uploads\/sites\/6\/2022\/10\/logo-redacteur-blog.svg\",\"width\":1,\"height\":1,\"caption\":\"Redacteur.com\"},\"image\":{\"@id\":\"https:\/\/www.redacteur.com\/blog\/#\/schema\/logo\/image\/\"},\"sameAs\":[\"https:\/\/www.facebook.com\/redacteurcom\",\"https:\/\/x.com\/Redacteurcom\",\"https:\/\/www.linkedin.com\/company\/redacteur-com\",\"https:\/\/www.youtube.com\/channel\/UCgj9ySM9xy3gdL8qBafl9Uw\/\"]},{\"@type\":\"Person\",\"@id\":\"https:\/\/www.redacteur.com\/blog\/#\/schema\/person\/33c0ef04707fbe50a096f282050bb5f2\",\"name\":\"Laura Michaud\",\"image\":{\"@type\":\"ImageObject\",\"inLanguage\":\"fr-FR\",\"@id\":\"https:\/\/www.redacteur.com\/blog\/#\/schema\/person\/image\/\",\"url\":\"https:\/\/secure.gravatar.com\/avatar\/c3328cc0c887f98cec6b2979af3311ab6333fc7cc2d4847514cfec6a56fa08a7?s=96&d=mm&r=g\",\"contentUrl\":\"https:\/\/secure.gravatar.com\/avatar\/c3328cc0c887f98cec6b2979af3311ab6333fc7cc2d4847514cfec6a56fa08a7?s=96&d=mm&r=g\",\"caption\":\"Laura Michaud\"},\"description\":\"Laura connait tous les meilleurs outils pour g\u00e9rer des projets et une entreprise. Cr\u00e9ative, c'est aussi une sp\u00e9cialiste des outils de cr\u00e9ation graphique pour faire briller une entreprise.\",\"sameAs\":[\"https:\/\/www.linkedin.com\/in\/michaudlaura\/\"],\"url\":\"https:\/\/www.redacteur.com\/blog\/author\/laura\/\"}]}<\/script>\n<!-- \/ Yoast SEO plugin. -->","yoast_head_json":{"title":"No\u00ebl : guide complet pour r\u00e9ussir votre communication de fin d'ann\u00e9e - Redacteur Blog","description":"No\u00ebl arrive et les f\u00eates de fin d\u2019ann\u00e9e approchent \u00e0 grands pas ! Il est temps de pr\u00e9parer votre nouveau planning \u00e9ditorial ou de booster le SEO de votre","robots":{"index":"index","follow":"follow","max-snippet":"max-snippet:-1","max-image-preview":"max-image-preview:large","max-video-preview":"max-video-preview:-1"},"canonical":"https:\/\/www.redacteur.com\/blog\/noel-guide-communication-editorial-bestof\/","og_locale":"fr_FR","og_type":"article","og_title":"No\u00ebl : guide complet pour r\u00e9ussir votre communication de fin d'ann\u00e9e - Redacteur Blog","og_description":"No\u00ebl arrive et les f\u00eates de fin d\u2019ann\u00e9e approchent \u00e0 grands pas ! Il est temps de pr\u00e9parer votre nouveau planning \u00e9ditorial ou de booster le SEO de votre","og_url":"https:\/\/www.redacteur.com\/blog\/noel-guide-communication-editorial-bestof\/","og_site_name":"Redacteur.com","article_publisher":"https:\/\/www.facebook.com\/redacteurcom","article_published_time":"2023-12-04T09:50:00+00:00","article_modified_time":"2025-10-03T09:05:27+00:00","og_image":[{"width":1024,"height":618,"url":"https:\/\/www.redacteur.com\/blog\/wp-content\/uploads\/sites\/6\/2022\/11\/Image-a-la-une-guide-noel-redac.png","type":"image\/png"}],"author":"Laura Michaud","twitter_card":"summary_large_image","twitter_creator":"@Redacteurcom","twitter_site":"@Redacteurcom","twitter_misc":{"\u00c9crit par":"Laura Michaud","Dur\u00e9e de lecture estim\u00e9e":"3 minutes"},"schema":{"@context":"https:\/\/schema.org","@graph":[{"@type":"Article","@id":"https:\/\/www.redacteur.com\/blog\/noel-guide-communication-editorial-bestof\/#article","isPartOf":{"@id":"https:\/\/www.redacteur.com\/blog\/noel-guide-communication-editorial-bestof\/"},"author":{"name":"Laura Michaud","@id":"https:\/\/www.redacteur.com\/blog\/#\/schema\/person\/33c0ef04707fbe50a096f282050bb5f2"},"headline":"No\u00ebl&nbsp;: guide complet pour r\u00e9ussir votre communication de fin d&#8217;ann\u00e9e","datePublished":"2023-12-04T09:50:00+00:00","dateModified":"2025-10-03T09:05:27+00:00","mainEntityOfPage":{"@id":"https:\/\/www.redacteur.com\/blog\/noel-guide-communication-editorial-bestof\/"},"wordCount":179,"commentCount":0,"publisher":{"@id":"https:\/\/www.redacteur.com\/blog\/#organization"},"image":{"@id":"https:\/\/www.redacteur.com\/blog\/noel-guide-communication-editorial-bestof\/#primaryimage"},"thumbnailUrl":"https:\/\/www.redacteur.com\/blog\/wp-content\/uploads\/sites\/6\/2022\/11\/Image-a-la-une-guide-noel-redac.png","articleSection":["Strat\u00e9gie \u00e9ditoriale"],"inLanguage":"fr-FR","potentialAction":[{"@type":"CommentAction","name":"Comment","target":["https:\/\/www.redacteur.com\/blog\/noel-guide-communication-editorial-bestof\/#respond"]}]},{"@type":"WebPage","@id":"https:\/\/www.redacteur.com\/blog\/noel-guide-communication-editorial-bestof\/","url":"https:\/\/www.redacteur.com\/blog\/noel-guide-communication-editorial-bestof\/","name":"No\u00ebl : guide complet pour r\u00e9ussir votre communication de fin d'ann\u00e9e - Redacteur Blog","isPartOf":{"@id":"https:\/\/www.redacteur.com\/blog\/#website"},"primaryImageOfPage":{"@id":"https:\/\/www.redacteur.com\/blog\/noel-guide-communication-editorial-bestof\/#primaryimage"},"image":{"@id":"https:\/\/www.redacteur.com\/blog\/noel-guide-communication-editorial-bestof\/#primaryimage"},"thumbnailUrl":"https:\/\/www.redacteur.com\/blog\/wp-content\/uploads\/sites\/6\/2022\/11\/Image-a-la-une-guide-noel-redac.png","datePublished":"2023-12-04T09:50:00+00:00","dateModified":"2025-10-03T09:05:27+00:00","description":"No\u00ebl arrive et les f\u00eates de fin d\u2019ann\u00e9e approchent \u00e0 grands pas ! Il est temps de pr\u00e9parer votre nouveau planning \u00e9ditorial ou de booster le SEO de votre","breadcrumb":{"@id":"https:\/\/www.redacteur.com\/blog\/noel-guide-communication-editorial-bestof\/#breadcrumb"},"inLanguage":"fr-FR","potentialAction":[{"@type":"ReadAction","target":["https:\/\/www.redacteur.com\/blog\/noel-guide-communication-editorial-bestof\/"]}]},{"@type":"ImageObject","inLanguage":"fr-FR","@id":"https:\/\/www.redacteur.com\/blog\/noel-guide-communication-editorial-bestof\/#primaryimage","url":"https:\/\/www.redacteur.com\/blog\/wp-content\/uploads\/sites\/6\/2022\/11\/Image-a-la-une-guide-noel-redac.png","contentUrl":"https:\/\/www.redacteur.com\/blog\/wp-content\/uploads\/sites\/6\/2022\/11\/Image-a-la-une-guide-noel-redac.png","width":1024,"height":618},{"@type":"BreadcrumbList","@id":"https:\/\/www.redacteur.com\/blog\/noel-guide-communication-editorial-bestof\/#breadcrumb","itemListElement":[{"@type":"ListItem","position":1,"name":"Blog","item":"https:\/\/www.redacteur.com\/blog\/"},{"@type":"ListItem","position":2,"name":"R\u00e9daction web","item":"https:\/\/www.redacteur.com\/blog\/redaction-web\/"},{"@type":"ListItem","position":3,"name":"Strat\u00e9gie \u00e9ditoriale","item":"https:\/\/www.redacteur.com\/blog\/redaction-web\/strategie-editoriale\/"},{"@type":"ListItem","position":4,"name":"No\u00ebl&nbsp;: guide complet pour r\u00e9ussir votre communication de fin d&#8217;ann\u00e9e"}]},{"@type":"WebSite","@id":"https:\/\/www.redacteur.com\/blog\/#website","url":"https:\/\/www.redacteur.com\/blog\/","name":"Redacteur.com","description":"redacteur","publisher":{"@id":"https:\/\/www.redacteur.com\/blog\/#organization"},"potentialAction":[{"@type":"SearchAction","target":{"@type":"EntryPoint","urlTemplate":"https:\/\/www.redacteur.com\/blog\/?s={search_term_string}"},"query-input":{"@type":"PropertyValueSpecification","valueRequired":true,"valueName":"search_term_string"}}],"inLanguage":"fr-FR"},{"@type":"Organization","@id":"https:\/\/www.redacteur.com\/blog\/#organization","name":"Redacteur.com","url":"https:\/\/www.redacteur.com\/blog\/","logo":{"@type":"ImageObject","inLanguage":"fr-FR","@id":"https:\/\/www.redacteur.com\/blog\/#\/schema\/logo\/image\/","url":"https:\/\/www.redacteur.com\/blog\/wp-content\/uploads\/sites\/6\/2022\/10\/logo-redacteur-blog.svg","contentUrl":"https:\/\/www.redacteur.com\/blog\/wp-content\/uploads\/sites\/6\/2022\/10\/logo-redacteur-blog.svg","width":1,"height":1,"caption":"Redacteur.com"},"image":{"@id":"https:\/\/www.redacteur.com\/blog\/#\/schema\/logo\/image\/"},"sameAs":["https:\/\/www.facebook.com\/redacteurcom","https:\/\/x.com\/Redacteurcom","https:\/\/www.linkedin.com\/company\/redacteur-com","https:\/\/www.youtube.com\/channel\/UCgj9ySM9xy3gdL8qBafl9Uw\/"]},{"@type":"Person","@id":"https:\/\/www.redacteur.com\/blog\/#\/schema\/person\/33c0ef04707fbe50a096f282050bb5f2","name":"Laura Michaud","image":{"@type":"ImageObject","inLanguage":"fr-FR","@id":"https:\/\/www.redacteur.com\/blog\/#\/schema\/person\/image\/","url":"https:\/\/secure.gravatar.com\/avatar\/c3328cc0c887f98cec6b2979af3311ab6333fc7cc2d4847514cfec6a56fa08a7?s=96&d=mm&r=g","contentUrl":"https:\/\/secure.gravatar.com\/avatar\/c3328cc0c887f98cec6b2979af3311ab6333fc7cc2d4847514cfec6a56fa08a7?s=96&d=mm&r=g","caption":"Laura Michaud"},"description":"Laura connait tous les meilleurs outils pour g\u00e9rer des projets et une entreprise. Cr\u00e9ative, c'est aussi une sp\u00e9cialiste des outils de cr\u00e9ation graphique pour faire briller une entreprise.","sameAs":["https:\/\/www.linkedin.com\/in\/michaudlaura\/"],"url":"https:\/\/www.redacteur.com\/blog\/author\/laura\/"}]}},"_links":{"self":[{"href":"https:\/\/www.redacteur.com\/blog\/wp-json\/wp\/v2\/posts\/24149","targetHints":{"allow":["GET"]}}],"collection":[{"href":"https:\/\/www.redacteur.com\/blog\/wp-json\/wp\/v2\/posts"}],"about":[{"href":"https:\/\/www.redacteur.com\/blog\/wp-json\/wp\/v2\/types\/post"}],"author":[{"embeddable":true,"href":"https:\/\/www.redacteur.com\/blog\/wp-json\/wp\/v2\/users\/1"}],"replies":[{"embeddable":true,"href":"https:\/\/www.redacteur.com\/blog\/wp-json\/wp\/v2\/comments?post=24149"}],"version-history":[{"count":0,"href":"https:\/\/www.redacteur.com\/blog\/wp-json\/wp\/v2\/posts\/24149\/revisions"}],"wp:featuredmedia":[{"embeddable":true,"href":"https:\/\/www.redacteur.com\/blog\/wp-json\/wp\/v2\/media\/39276"}],"wp:attachment":[{"href":"https:\/\/www.redacteur.com\/blog\/wp-json\/wp\/v2\/media?parent=24149"}],"wp:term":[{"taxonomy":"category","embeddable":true,"href":"https:\/\/www.redacteur.com\/blog\/wp-json\/wp\/v2\/categories?post=24149"},{"taxonomy":"post_tag","embeddable":true,"href":"https:\/\/www.redacteur.com\/blog\/wp-json\/wp\/v2\/tags?post=24149"}],"curies":[{"name":"wp","href":"https:\/\/api.w.org\/{rel}","templated":true}]}}