{"id":25159,"date":"2021-02-17T10:50:20","date_gmt":"2021-02-17T09:50:20","guid":{"rendered":"https:\/\/www.redacteur.com\/blog\/?p=25159"},"modified":"2025-08-20T14:43:23","modified_gmt":"2025-08-20T12:43:23","slug":"conseils-guide-marque-complet","status":"publish","type":"post","link":"https:\/\/www.redacteur.com\/blog\/conseils-guide-marque-complet\/","title":{"rendered":"5 conseils pour r\u00e9diger un guide de marque complet"},"content":{"rendered":"<p>Il suffit de voir une pomme entam\u00e9e pour penser imm\u00e9diatement \u00e0 Apple. Pourquoi\u00a0? Parce que les grandes marques ont su cr\u00e9er une identit\u00e9 de marque forte autour de leur nom. Pour en arriver l\u00e0, ces entreprises ont communiqu\u00e9 sur leur branding en \u00e9laborant un guide de marque coh\u00e9rent.<\/p>\n<p>Nous allons voir aujourd\u2019hui, comment r\u00e9diger un guide de marque complet. Mais, au pr\u00e9alable, commen\u00e7ons par une d\u00e9finition.<\/p>\n<p>&nbsp;<\/p>\n<h2>Qu\u2019est-ce qu\u2019un guide de marque\u00a0?<\/h2>\n<blockquote><p>Un guide de marque est tout simplement un manuel d\u2019instruction \u00e0 destination des personnes qui vont communiquer sur votre marque. Cela peut \u00eatre les agences de marketing, les entreprises partenaires ou en interne, pour l\u2019\u00e9quipe qui travaille sur votre communication.<\/p><\/blockquote>\n<p>Ainsi, pour que chacun v\u00e9hicule votre image de marque de fa\u00e7on coh\u00e9rente, vous allez r\u00e9diger un guide de marque complet qui comprend tous les d\u00e9tails visuels de votre <a href=\"https:\/\/www.redacteur.com\/blog\/conseils-lancer-marque-post-covid-19\/\">marque<\/a>, mais aussi votre histoire et les valeurs que vous souhaitez transmettre.<\/p>\n<p>Vous allez cr\u00e9er en quelque sorte la carte d\u2019identit\u00e9 de votre marque.<\/p>\n<p>&nbsp;<\/p>\n<h2>1. Raconter l\u2019histoire de votre marque<\/h2>\n<p>C\u2019est la premi\u00e8re \u00e9tape de votre guide de marque, celle qui va v\u00e9hiculer vos valeurs, la mission de votre entreprise et la vision que vous avez d\u2019elle.<\/p>\n<p>Chaque entreprise a sa propre histoire, alors parlez de vous, de votre parcours. Personnalisez votre <a href=\"https:\/\/www.redacteur.com\/blog\/livre-blanc-ebook-storytelling-marque-gratuit-free\/\">histoire de marque<\/a> pour transmettre une identit\u00e9 forte qui parle \u00e0 votre cible.<\/p>\n<p><img decoding=\"async\" class=\"aligncenter size-full wp-image-25161\" src=\"https:\/\/www.redacteur.com\/blog\/wp-content\/uploads\/sites\/6\/2021\/02\/typology.jpg\" alt=\"\" width=\"700\" height=\"464\" srcset=\"https:\/\/www.redacteur.com\/blog\/wp-content\/uploads\/sites\/6\/2021\/02\/typology.jpg 700w, https:\/\/www.redacteur.com\/blog\/wp-content\/uploads\/sites\/6\/2021\/02\/typology-300x199.jpg 300w, https:\/\/www.redacteur.com\/blog\/wp-content\/uploads\/sites\/6\/2021\/02\/typology-60x40.jpg 60w, https:\/\/www.redacteur.com\/blog\/wp-content\/uploads\/sites\/6\/2021\/02\/typology-370x245.jpg 370w, https:\/\/www.redacteur.com\/blog\/wp-content\/uploads\/sites\/6\/2021\/02\/typology-270x179.jpg 270w, https:\/\/www.redacteur.com\/blog\/wp-content\/uploads\/sites\/6\/2021\/02\/typology-570x378.jpg 570w\" sizes=\"(max-width: 700px) 100vw, 700px\" \/><\/p>\n<h3>Quelles sont vos valeurs?<\/h3>\n<p><a href=\"https:\/\/www.redacteur.com\/blog\/definir-valeurs-entreprise\/\">D\u00e9terminez les valeurs<\/a> que vous souhaitez transmettre et comment vous voulez \u00eatre per\u00e7u par les consommateurs. Soyez coh\u00e9rent avec vous-m\u00eame.<\/p>\n<blockquote><p>Plus vous serez fid\u00e8le \u00e0 vos valeurs, plus vous s\u00e9duirez vos clients cibles.<\/p><\/blockquote>\n<p>&nbsp;<\/p>\n<h3>Quelle est votre mission\u00a0?<\/h3>\n<p>Expliquez votre activit\u00e9, la raison d\u2019\u00eatre de votre entreprise et quel est son objectif.<\/p>\n<p>&nbsp;<\/p>\n<h3>Quelle est votre vision?<\/h3>\n<p>Comment voyez-vous votre entreprise dans l\u2019avenir\u00a0? Sa situation future et ce que vous aspirez pour elle.<\/p>\n<blockquote><p>Pour raconter l\u2019histoire de votre marque, appliquez les codes du storytelling ou profitez de l\u2019expertise de nos <a href=\"https:\/\/www.redacteur.com\/\">r\u00e9dacteurs web professionnels<\/a>&nbsp;!<\/p><\/blockquote>\n<p>&nbsp;<\/p>\n<h2>2. D\u00e9tailler votre identit\u00e9 visuelle<\/h2>\n<p>Votre identit\u00e9 visuelle passe par votre logo. Transmettez votre logo principal en couleur et r\u00e9digez un guide de marque sur son bon usage&nbsp;:<\/p>\n<ul>\n<li>Peut il est rogn\u00e9\u00a0? Retourn\u00e9\u00a0?<\/li>\n<li>L\u2019image et le texte de votre logo peuvent-ils \u00eatre s\u00e9par\u00e9s\u00a0?<\/li>\n<li>Votre logo peut-il appara\u00eetre en noir et blanc\u00a0? En monochrome\u00a0?<\/li>\n<li>Votre slogan doit-il \u00eatre traduit\u00a0?<\/li>\n<li>A-t-il des variantes\u00a0?<\/li>\n<li>Votre logo est-il responsive\u00a0? S\u2019adapte-t-il \u00e0 tous les formats d\u2019\u00e9cran ou avez-vous une version adapt\u00e9e \u00e0 chaque format\u00a0?<\/li>\n<li>Quel doit-\u00eatre l\u2019espace laiss\u00e9 libre autour de votre logo\u00a0?<\/li>\n<li>Quelle est sa taille minimum en millim\u00e8tres et en pixels\u00a0?<\/li>\n<li>Quels sont ses limites et ses contextes d\u2019utilisation\u00a0?<\/li>\n<\/ul>\n<p>Votre identit\u00e9 graphique passe aussi par l\u2019utilisation d\u2019ic\u00f4nes, d\u2019illustrations, de photos\u2026 Dans votre guide de marque, communiquez toutes vos pr\u00e9f\u00e9rences sur l\u2019utilisation des photos (couleur, noir et blanc&nbsp;?), sur votre iconographie, sur l\u2019aspect des tableaux ou des graphiques contenus dans vos supports publicitaires ou sur votre site web.<\/p>\n<blockquote><p>Plus vous d\u00e9taillerez l\u2019ensemble de vos visuels et plus la diffusion de votre image de marque sera coh\u00e9rente \u00e0 votre attente.<\/p><\/blockquote>\n<p>&nbsp;<\/p>\n<h2>3. D\u00e9voiler vos couleurs de marque<\/h2>\n<p>Dans votre guide de marque, listez les couleurs associ\u00e9es \u00e0 votre marque. Les couleurs&nbsp;:<\/p>\n<ul>\n<li>Primaires<\/li>\n<li>Ssecondaires<\/li>\n<li>RVB pour le Web<\/li>\n<li>CMJN pour l\u2019impression<\/li>\n<\/ul>\n<p><img decoding=\"async\" class=\"aligncenter size-full wp-image-25162\" src=\"https:\/\/www.redacteur.com\/blog\/wp-content\/uploads\/sites\/6\/2021\/02\/couleurs.jpg\" alt=\"\" width=\"700\" height=\"875\" srcset=\"https:\/\/www.redacteur.com\/blog\/wp-content\/uploads\/sites\/6\/2021\/02\/couleurs.jpg 700w, https:\/\/www.redacteur.com\/blog\/wp-content\/uploads\/sites\/6\/2021\/02\/couleurs-240x300.jpg 240w, https:\/\/www.redacteur.com\/blog\/wp-content\/uploads\/sites\/6\/2021\/02\/couleurs-48x60.jpg 48w, https:\/\/www.redacteur.com\/blog\/wp-content\/uploads\/sites\/6\/2021\/02\/couleurs-370x463.jpg 370w, https:\/\/www.redacteur.com\/blog\/wp-content\/uploads\/sites\/6\/2021\/02\/couleurs-270x338.jpg 270w, https:\/\/www.redacteur.com\/blog\/wp-content\/uploads\/sites\/6\/2021\/02\/couleurs-570x713.jpg 570w\" sizes=\"(max-width: 700px) 100vw, 700px\" \/><\/p>\n<p>Notez leur code et leur utilisation\u00a0: telles couleurs pour votre logo, pour le fond de votre contenu web, pour vos cartes de visite, pour vos publications sur les r\u00e9seaux sociaux\u2026 L\u00e0 encore, soyez le plus pr\u00e9cis possible dans votre communication visuelle.<\/p>\n<blockquote><p>Une m\u00eame couleur n\u2019a pas la m\u00eame apparence sur Internet qu\u2019\u00e0 l\u2019impression&nbsp;! Pensez \u00e0 cr\u00e9er une palette de couleur sp\u00e9cifique pour votre communication papier.<\/p><\/blockquote>\n<p>&nbsp;<\/p>\n<h2>4. Sp\u00e9cifier votre typographie<\/h2>\n<p>Votre typographie doit elle aussi \u00eatre minutieusement document\u00e9e.<\/p>\n<p>Dans votre guide de marque, sp\u00e9cifiez la typographie de votre logo et de tous contenus relatifs \u00e0 votre marque. Inscrivez ainsi sur votre guide de marque quelle police doit \u00eatre utilis\u00e9e dans les\u00a0:<\/p>\n<ul>\n<li>Titres<\/li>\n<li>Sous-titres<\/li>\n<li>Paragraphes<\/li>\n<\/ul>\n<p>Pr\u00e9cisez quelles doivent \u00eatre sa mise en page et sa ponctuation. Si vous souhaitez une typographie diff\u00e9rente selon le support <a href=\"https:\/\/www.redacteur.com\/blog\/redaction-web-outils-content-marketing\/\">marketing<\/a>, inscrivez-le.<\/p>\n<blockquote><p>N\u2019oubliez pas \u00e9galement de notifier la taille et la couleur de votre police pour chaque document.<\/p><\/blockquote>\n<p>&nbsp;<\/p>\n<h2>5. Transmetter votre style<\/h2>\n<p>D\u00e9crivez avec pr\u00e9cision le style ou le ton qui vous correspond dans votre guide de marque afin que votre identit\u00e9 de marque soit diffus\u00e9e de fa\u00e7on coh\u00e9rente sur l\u2019ensemble des supports marketing.<\/p>\n<p><img decoding=\"async\" class=\"aligncenter size-full wp-image-25163\" src=\"https:\/\/www.redacteur.com\/blog\/wp-content\/uploads\/sites\/6\/2021\/02\/branding.jpg\" alt=\"\" width=\"700\" height=\"466\" srcset=\"https:\/\/www.redacteur.com\/blog\/wp-content\/uploads\/sites\/6\/2021\/02\/branding.jpg 700w, https:\/\/www.redacteur.com\/blog\/wp-content\/uploads\/sites\/6\/2021\/02\/branding-300x200.jpg 300w, https:\/\/www.redacteur.com\/blog\/wp-content\/uploads\/sites\/6\/2021\/02\/branding-60x40.jpg 60w, https:\/\/www.redacteur.com\/blog\/wp-content\/uploads\/sites\/6\/2021\/02\/branding-370x246.jpg 370w, https:\/\/www.redacteur.com\/blog\/wp-content\/uploads\/sites\/6\/2021\/02\/branding-270x180.jpg 270w, https:\/\/www.redacteur.com\/blog\/wp-content\/uploads\/sites\/6\/2021\/02\/branding-570x379.jpg 570w\" sizes=\"(max-width: 700px) 100vw, 700px\" \/><\/p>\n<p>Quel mot employer plut\u00f4t qu\u2019un autre\u00a0? Quel style r\u00e9dactionnel utiliser\u00a0?<\/p>\n<p>Bien s\u00fbr, vous n\u2019allez pas r\u00e9diger un listing de tous les mots ou termes du dictionnaire\u00a0! Toutefois, si vous voulez \u00eatre compris de tous, la meilleure chose \u00e0 faire est d\u2019illustrer votre guide de marque d\u2019exemples concrets.<\/p>\n<blockquote><p><strong>\u00c0 lire aussi<\/strong>&nbsp;: <a href=\"https:\/\/www.redacteur.com\/blog\/tpe-pme-guide-communication-entreprise-bestof\/\">TPE\/PME&nbsp;: guide complet pour g\u00e9rer votre communication d&#8217;entreprise<\/a><\/p><\/blockquote>\n<p>&nbsp;<\/p>\n<h2>Conclusion<\/h2>\n<p>Une marque n\u2019est pas un logo, ni un slogan, ni une couleur, ni une typographie, mais un ensemble coh\u00e9rent de tous ces \u00e9l\u00e9ments. Lorsque vous r\u00e9digerez votre guide de marque, gardez toujours ceci \u00e0 l\u2019esprit&nbsp;: la coh\u00e9rence b\u00e2tit les marques&nbsp;!<\/p>\n<p><strong>Faites appel \u00e0 un r\u00e9dacteur web freelance pour la r\u00e9daction de votre guide de marque&nbsp;! Pour cela, passez votre commande de textes en quelques clics sur <a href=\"https:\/\/www.redacteur.com\">Redacteur.com<\/a>.\u00a0<\/strong><\/p>\n","protected":false},"excerpt":{"rendered":"<p>Il suffit de voir une pomme entam\u00e9e pour penser imm\u00e9diatement \u00e0 Apple. Pourquoi\u00a0? Parce que les grandes marques ont su cr\u00e9er une identit\u00e9 de marque forte autour de leur nom. Pour en arriver l\u00e0, ces entreprises ont communiqu\u00e9 sur leur branding en \u00e9laborant un guide de marque coh\u00e9rent. Nous allons voir aujourd\u2019hui, comment r\u00e9diger un [&hellip;]<\/p>\n","protected":false},"author":1,"featured_media":25160,"comment_status":"open","ping_status":"open","sticky":false,"template":"","format":"standard","meta":{"_acf_changed":false,"inline_featured_image":false,"footnotes":""},"categories":[11],"tags":[],"class_list":["post-25159","post","type-post","status-publish","format-standard","has-post-thumbnail","hentry","category-redaction-web"],"acf":[],"yoast_head":"<!-- This site is optimized with the Yoast SEO plugin v25.9 - https:\/\/yoast.com\/wordpress\/plugins\/seo\/ -->\n<title>5 conseils pour r\u00e9diger un guide de marque complet - Redacteur Blog<\/title>\n<meta name=\"description\" content=\"Il suffit de voir une pomme entam\u00e9e pour penser imm\u00e9diatement \u00e0 Apple. Pourquoi\u00a0? Parce que les grandes marques ont su cr\u00e9er une identit\u00e9 de marque forte\" \/>\n<meta name=\"robots\" content=\"index, follow, max-snippet:-1, max-image-preview:large, max-video-preview:-1\" \/>\n<link rel=\"canonical\" href=\"https:\/\/www.redacteur.com\/blog\/conseils-guide-marque-complet\/\" \/>\n<meta property=\"og:locale\" content=\"fr_FR\" \/>\n<meta property=\"og:type\" content=\"article\" \/>\n<meta property=\"og:title\" content=\"5 conseils pour r\u00e9diger un guide de marque complet - Redacteur Blog\" \/>\n<meta property=\"og:description\" content=\"Il suffit de voir une pomme entam\u00e9e pour penser imm\u00e9diatement \u00e0 Apple. Pourquoi\u00a0? Parce que les grandes marques ont su cr\u00e9er une identit\u00e9 de marque forte\" \/>\n<meta property=\"og:url\" content=\"https:\/\/www.redacteur.com\/blog\/conseils-guide-marque-complet\/\" \/>\n<meta property=\"og:site_name\" content=\"Redacteur.com\" \/>\n<meta property=\"article:publisher\" content=\"https:\/\/www.facebook.com\/redacteurcom\" \/>\n<meta property=\"article:published_time\" content=\"2021-02-17T09:50:20+00:00\" \/>\n<meta property=\"article:modified_time\" content=\"2025-08-20T12:43:23+00:00\" \/>\n<meta property=\"og:image\" content=\"https:\/\/www.redacteur.com\/blog\/wp-content\/uploads\/sites\/6\/2021\/02\/redacteur-blog-img-une-branding.jpg\" \/>\n\t<meta property=\"og:image:width\" content=\"850\" \/>\n\t<meta property=\"og:image:height\" content=\"600\" \/>\n\t<meta property=\"og:image:type\" content=\"image\/jpeg\" \/>\n<meta name=\"author\" content=\"Laura Michaud\" \/>\n<meta name=\"twitter:card\" content=\"summary_large_image\" \/>\n<meta name=\"twitter:creator\" content=\"@Redacteurcom\" \/>\n<meta name=\"twitter:site\" content=\"@Redacteurcom\" \/>\n<meta name=\"twitter:label1\" content=\"\u00c9crit par\" \/>\n\t<meta name=\"twitter:data1\" content=\"Laura Michaud\" \/>\n\t<meta name=\"twitter:label2\" content=\"Dur\u00e9e de lecture estim\u00e9e\" \/>\n\t<meta name=\"twitter:data2\" content=\"5 minutes\" \/>\n<script type=\"application\/ld+json\" class=\"yoast-schema-graph\">{\"@context\":\"https:\/\/schema.org\",\"@graph\":[{\"@type\":\"Article\",\"@id\":\"https:\/\/www.redacteur.com\/blog\/conseils-guide-marque-complet\/#article\",\"isPartOf\":{\"@id\":\"https:\/\/www.redacteur.com\/blog\/conseils-guide-marque-complet\/\"},\"author\":{\"name\":\"Laura Michaud\",\"@id\":\"https:\/\/www.redacteur.com\/blog\/#\/schema\/person\/33c0ef04707fbe50a096f282050bb5f2\"},\"headline\":\"5 conseils pour r\u00e9diger un guide de marque complet\",\"datePublished\":\"2021-02-17T09:50:20+00:00\",\"dateModified\":\"2025-08-20T12:43:23+00:00\",\"mainEntityOfPage\":{\"@id\":\"https:\/\/www.redacteur.com\/blog\/conseils-guide-marque-complet\/\"},\"wordCount\":940,\"commentCount\":0,\"publisher\":{\"@id\":\"https:\/\/www.redacteur.com\/blog\/#organization\"},\"image\":{\"@id\":\"https:\/\/www.redacteur.com\/blog\/conseils-guide-marque-complet\/#primaryimage\"},\"thumbnailUrl\":\"https:\/\/www.redacteur.com\/blog\/wp-content\/uploads\/sites\/6\/2021\/02\/redacteur-blog-img-une-branding.jpg\",\"articleSection\":[\"R\u00e9daction web\"],\"inLanguage\":\"fr-FR\",\"potentialAction\":[{\"@type\":\"CommentAction\",\"name\":\"Comment\",\"target\":[\"https:\/\/www.redacteur.com\/blog\/conseils-guide-marque-complet\/#respond\"]}]},{\"@type\":\"WebPage\",\"@id\":\"https:\/\/www.redacteur.com\/blog\/conseils-guide-marque-complet\/\",\"url\":\"https:\/\/www.redacteur.com\/blog\/conseils-guide-marque-complet\/\",\"name\":\"5 conseils pour r\u00e9diger un guide de marque complet - Redacteur Blog\",\"isPartOf\":{\"@id\":\"https:\/\/www.redacteur.com\/blog\/#website\"},\"primaryImageOfPage\":{\"@id\":\"https:\/\/www.redacteur.com\/blog\/conseils-guide-marque-complet\/#primaryimage\"},\"image\":{\"@id\":\"https:\/\/www.redacteur.com\/blog\/conseils-guide-marque-complet\/#primaryimage\"},\"thumbnailUrl\":\"https:\/\/www.redacteur.com\/blog\/wp-content\/uploads\/sites\/6\/2021\/02\/redacteur-blog-img-une-branding.jpg\",\"datePublished\":\"2021-02-17T09:50:20+00:00\",\"dateModified\":\"2025-08-20T12:43:23+00:00\",\"description\":\"Il suffit de voir une pomme entam\u00e9e pour penser imm\u00e9diatement \u00e0 Apple. Pourquoi\u00a0? Parce que les grandes marques ont su cr\u00e9er une identit\u00e9 de marque forte\",\"breadcrumb\":{\"@id\":\"https:\/\/www.redacteur.com\/blog\/conseils-guide-marque-complet\/#breadcrumb\"},\"inLanguage\":\"fr-FR\",\"potentialAction\":[{\"@type\":\"ReadAction\",\"target\":[\"https:\/\/www.redacteur.com\/blog\/conseils-guide-marque-complet\/\"]}]},{\"@type\":\"ImageObject\",\"inLanguage\":\"fr-FR\",\"@id\":\"https:\/\/www.redacteur.com\/blog\/conseils-guide-marque-complet\/#primaryimage\",\"url\":\"https:\/\/www.redacteur.com\/blog\/wp-content\/uploads\/sites\/6\/2021\/02\/redacteur-blog-img-une-branding.jpg\",\"contentUrl\":\"https:\/\/www.redacteur.com\/blog\/wp-content\/uploads\/sites\/6\/2021\/02\/redacteur-blog-img-une-branding.jpg\",\"width\":850,\"height\":600},{\"@type\":\"BreadcrumbList\",\"@id\":\"https:\/\/www.redacteur.com\/blog\/conseils-guide-marque-complet\/#breadcrumb\",\"itemListElement\":[{\"@type\":\"ListItem\",\"position\":1,\"name\":\"Blog\",\"item\":\"https:\/\/www.redacteur.com\/blog\/\"},{\"@type\":\"ListItem\",\"position\":2,\"name\":\"R\u00e9daction web\",\"item\":\"https:\/\/www.redacteur.com\/blog\/redaction-web\/\"},{\"@type\":\"ListItem\",\"position\":3,\"name\":\"5 conseils pour r\u00e9diger un guide de marque complet\"}]},{\"@type\":\"WebSite\",\"@id\":\"https:\/\/www.redacteur.com\/blog\/#website\",\"url\":\"https:\/\/www.redacteur.com\/blog\/\",\"name\":\"Redacteur.com\",\"description\":\"redacteur\",\"publisher\":{\"@id\":\"https:\/\/www.redacteur.com\/blog\/#organization\"},\"potentialAction\":[{\"@type\":\"SearchAction\",\"target\":{\"@type\":\"EntryPoint\",\"urlTemplate\":\"https:\/\/www.redacteur.com\/blog\/?s={search_term_string}\"},\"query-input\":{\"@type\":\"PropertyValueSpecification\",\"valueRequired\":true,\"valueName\":\"search_term_string\"}}],\"inLanguage\":\"fr-FR\"},{\"@type\":\"Organization\",\"@id\":\"https:\/\/www.redacteur.com\/blog\/#organization\",\"name\":\"Redacteur.com\",\"url\":\"https:\/\/www.redacteur.com\/blog\/\",\"logo\":{\"@type\":\"ImageObject\",\"inLanguage\":\"fr-FR\",\"@id\":\"https:\/\/www.redacteur.com\/blog\/#\/schema\/logo\/image\/\",\"url\":\"https:\/\/www.redacteur.com\/blog\/wp-content\/uploads\/sites\/6\/2022\/10\/logo-redacteur-blog.svg\",\"contentUrl\":\"https:\/\/www.redacteur.com\/blog\/wp-content\/uploads\/sites\/6\/2022\/10\/logo-redacteur-blog.svg\",\"width\":1,\"height\":1,\"caption\":\"Redacteur.com\"},\"image\":{\"@id\":\"https:\/\/www.redacteur.com\/blog\/#\/schema\/logo\/image\/\"},\"sameAs\":[\"https:\/\/www.facebook.com\/redacteurcom\",\"https:\/\/x.com\/Redacteurcom\",\"https:\/\/www.linkedin.com\/company\/redacteur-com\",\"https:\/\/www.youtube.com\/channel\/UCgj9ySM9xy3gdL8qBafl9Uw\/\"]},{\"@type\":\"Person\",\"@id\":\"https:\/\/www.redacteur.com\/blog\/#\/schema\/person\/33c0ef04707fbe50a096f282050bb5f2\",\"name\":\"Laura Michaud\",\"image\":{\"@type\":\"ImageObject\",\"inLanguage\":\"fr-FR\",\"@id\":\"https:\/\/www.redacteur.com\/blog\/#\/schema\/person\/image\/\",\"url\":\"https:\/\/secure.gravatar.com\/avatar\/c3328cc0c887f98cec6b2979af3311ab6333fc7cc2d4847514cfec6a56fa08a7?s=96&d=mm&r=g\",\"contentUrl\":\"https:\/\/secure.gravatar.com\/avatar\/c3328cc0c887f98cec6b2979af3311ab6333fc7cc2d4847514cfec6a56fa08a7?s=96&d=mm&r=g\",\"caption\":\"Laura Michaud\"},\"description\":\"Laura connait tous les meilleurs outils pour g\u00e9rer des projets et une entreprise. Cr\u00e9ative, c'est aussi une sp\u00e9cialiste des outils de cr\u00e9ation graphique pour faire briller une entreprise.\",\"sameAs\":[\"https:\/\/www.linkedin.com\/in\/michaudlaura\/\"],\"url\":\"https:\/\/www.redacteur.com\/blog\/author\/laura\/\"}]}<\/script>\n<!-- \/ Yoast SEO plugin. -->","yoast_head_json":{"title":"5 conseils pour r\u00e9diger un guide de marque complet - Redacteur Blog","description":"Il suffit de voir une pomme entam\u00e9e pour penser imm\u00e9diatement \u00e0 Apple. Pourquoi\u00a0? Parce que les grandes marques ont su cr\u00e9er une identit\u00e9 de marque forte","robots":{"index":"index","follow":"follow","max-snippet":"max-snippet:-1","max-image-preview":"max-image-preview:large","max-video-preview":"max-video-preview:-1"},"canonical":"https:\/\/www.redacteur.com\/blog\/conseils-guide-marque-complet\/","og_locale":"fr_FR","og_type":"article","og_title":"5 conseils pour r\u00e9diger un guide de marque complet - Redacteur Blog","og_description":"Il suffit de voir une pomme entam\u00e9e pour penser imm\u00e9diatement \u00e0 Apple. Pourquoi\u00a0? Parce que les grandes marques ont su cr\u00e9er une identit\u00e9 de marque forte","og_url":"https:\/\/www.redacteur.com\/blog\/conseils-guide-marque-complet\/","og_site_name":"Redacteur.com","article_publisher":"https:\/\/www.facebook.com\/redacteurcom","article_published_time":"2021-02-17T09:50:20+00:00","article_modified_time":"2025-08-20T12:43:23+00:00","og_image":[{"width":850,"height":600,"url":"https:\/\/www.redacteur.com\/blog\/wp-content\/uploads\/sites\/6\/2021\/02\/redacteur-blog-img-une-branding.jpg","type":"image\/jpeg"}],"author":"Laura Michaud","twitter_card":"summary_large_image","twitter_creator":"@Redacteurcom","twitter_site":"@Redacteurcom","twitter_misc":{"\u00c9crit par":"Laura Michaud","Dur\u00e9e de lecture estim\u00e9e":"5 minutes"},"schema":{"@context":"https:\/\/schema.org","@graph":[{"@type":"Article","@id":"https:\/\/www.redacteur.com\/blog\/conseils-guide-marque-complet\/#article","isPartOf":{"@id":"https:\/\/www.redacteur.com\/blog\/conseils-guide-marque-complet\/"},"author":{"name":"Laura Michaud","@id":"https:\/\/www.redacteur.com\/blog\/#\/schema\/person\/33c0ef04707fbe50a096f282050bb5f2"},"headline":"5 conseils pour r\u00e9diger un guide de marque complet","datePublished":"2021-02-17T09:50:20+00:00","dateModified":"2025-08-20T12:43:23+00:00","mainEntityOfPage":{"@id":"https:\/\/www.redacteur.com\/blog\/conseils-guide-marque-complet\/"},"wordCount":940,"commentCount":0,"publisher":{"@id":"https:\/\/www.redacteur.com\/blog\/#organization"},"image":{"@id":"https:\/\/www.redacteur.com\/blog\/conseils-guide-marque-complet\/#primaryimage"},"thumbnailUrl":"https:\/\/www.redacteur.com\/blog\/wp-content\/uploads\/sites\/6\/2021\/02\/redacteur-blog-img-une-branding.jpg","articleSection":["R\u00e9daction web"],"inLanguage":"fr-FR","potentialAction":[{"@type":"CommentAction","name":"Comment","target":["https:\/\/www.redacteur.com\/blog\/conseils-guide-marque-complet\/#respond"]}]},{"@type":"WebPage","@id":"https:\/\/www.redacteur.com\/blog\/conseils-guide-marque-complet\/","url":"https:\/\/www.redacteur.com\/blog\/conseils-guide-marque-complet\/","name":"5 conseils pour r\u00e9diger un guide de marque complet - Redacteur Blog","isPartOf":{"@id":"https:\/\/www.redacteur.com\/blog\/#website"},"primaryImageOfPage":{"@id":"https:\/\/www.redacteur.com\/blog\/conseils-guide-marque-complet\/#primaryimage"},"image":{"@id":"https:\/\/www.redacteur.com\/blog\/conseils-guide-marque-complet\/#primaryimage"},"thumbnailUrl":"https:\/\/www.redacteur.com\/blog\/wp-content\/uploads\/sites\/6\/2021\/02\/redacteur-blog-img-une-branding.jpg","datePublished":"2021-02-17T09:50:20+00:00","dateModified":"2025-08-20T12:43:23+00:00","description":"Il suffit de voir une pomme entam\u00e9e pour penser imm\u00e9diatement \u00e0 Apple. Pourquoi\u00a0? Parce que les grandes marques ont su cr\u00e9er une identit\u00e9 de marque forte","breadcrumb":{"@id":"https:\/\/www.redacteur.com\/blog\/conseils-guide-marque-complet\/#breadcrumb"},"inLanguage":"fr-FR","potentialAction":[{"@type":"ReadAction","target":["https:\/\/www.redacteur.com\/blog\/conseils-guide-marque-complet\/"]}]},{"@type":"ImageObject","inLanguage":"fr-FR","@id":"https:\/\/www.redacteur.com\/blog\/conseils-guide-marque-complet\/#primaryimage","url":"https:\/\/www.redacteur.com\/blog\/wp-content\/uploads\/sites\/6\/2021\/02\/redacteur-blog-img-une-branding.jpg","contentUrl":"https:\/\/www.redacteur.com\/blog\/wp-content\/uploads\/sites\/6\/2021\/02\/redacteur-blog-img-une-branding.jpg","width":850,"height":600},{"@type":"BreadcrumbList","@id":"https:\/\/www.redacteur.com\/blog\/conseils-guide-marque-complet\/#breadcrumb","itemListElement":[{"@type":"ListItem","position":1,"name":"Blog","item":"https:\/\/www.redacteur.com\/blog\/"},{"@type":"ListItem","position":2,"name":"R\u00e9daction web","item":"https:\/\/www.redacteur.com\/blog\/redaction-web\/"},{"@type":"ListItem","position":3,"name":"5 conseils pour r\u00e9diger un guide de marque complet"}]},{"@type":"WebSite","@id":"https:\/\/www.redacteur.com\/blog\/#website","url":"https:\/\/www.redacteur.com\/blog\/","name":"Redacteur.com","description":"redacteur","publisher":{"@id":"https:\/\/www.redacteur.com\/blog\/#organization"},"potentialAction":[{"@type":"SearchAction","target":{"@type":"EntryPoint","urlTemplate":"https:\/\/www.redacteur.com\/blog\/?s={search_term_string}"},"query-input":{"@type":"PropertyValueSpecification","valueRequired":true,"valueName":"search_term_string"}}],"inLanguage":"fr-FR"},{"@type":"Organization","@id":"https:\/\/www.redacteur.com\/blog\/#organization","name":"Redacteur.com","url":"https:\/\/www.redacteur.com\/blog\/","logo":{"@type":"ImageObject","inLanguage":"fr-FR","@id":"https:\/\/www.redacteur.com\/blog\/#\/schema\/logo\/image\/","url":"https:\/\/www.redacteur.com\/blog\/wp-content\/uploads\/sites\/6\/2022\/10\/logo-redacteur-blog.svg","contentUrl":"https:\/\/www.redacteur.com\/blog\/wp-content\/uploads\/sites\/6\/2022\/10\/logo-redacteur-blog.svg","width":1,"height":1,"caption":"Redacteur.com"},"image":{"@id":"https:\/\/www.redacteur.com\/blog\/#\/schema\/logo\/image\/"},"sameAs":["https:\/\/www.facebook.com\/redacteurcom","https:\/\/x.com\/Redacteurcom","https:\/\/www.linkedin.com\/company\/redacteur-com","https:\/\/www.youtube.com\/channel\/UCgj9ySM9xy3gdL8qBafl9Uw\/"]},{"@type":"Person","@id":"https:\/\/www.redacteur.com\/blog\/#\/schema\/person\/33c0ef04707fbe50a096f282050bb5f2","name":"Laura Michaud","image":{"@type":"ImageObject","inLanguage":"fr-FR","@id":"https:\/\/www.redacteur.com\/blog\/#\/schema\/person\/image\/","url":"https:\/\/secure.gravatar.com\/avatar\/c3328cc0c887f98cec6b2979af3311ab6333fc7cc2d4847514cfec6a56fa08a7?s=96&d=mm&r=g","contentUrl":"https:\/\/secure.gravatar.com\/avatar\/c3328cc0c887f98cec6b2979af3311ab6333fc7cc2d4847514cfec6a56fa08a7?s=96&d=mm&r=g","caption":"Laura Michaud"},"description":"Laura connait tous les meilleurs outils pour g\u00e9rer des projets et une entreprise. Cr\u00e9ative, c'est aussi une sp\u00e9cialiste des outils de cr\u00e9ation graphique pour faire briller une entreprise.","sameAs":["https:\/\/www.linkedin.com\/in\/michaudlaura\/"],"url":"https:\/\/www.redacteur.com\/blog\/author\/laura\/"}]}},"_links":{"self":[{"href":"https:\/\/www.redacteur.com\/blog\/wp-json\/wp\/v2\/posts\/25159","targetHints":{"allow":["GET"]}}],"collection":[{"href":"https:\/\/www.redacteur.com\/blog\/wp-json\/wp\/v2\/posts"}],"about":[{"href":"https:\/\/www.redacteur.com\/blog\/wp-json\/wp\/v2\/types\/post"}],"author":[{"embeddable":true,"href":"https:\/\/www.redacteur.com\/blog\/wp-json\/wp\/v2\/users\/1"}],"replies":[{"embeddable":true,"href":"https:\/\/www.redacteur.com\/blog\/wp-json\/wp\/v2\/comments?post=25159"}],"version-history":[{"count":0,"href":"https:\/\/www.redacteur.com\/blog\/wp-json\/wp\/v2\/posts\/25159\/revisions"}],"wp:featuredmedia":[{"embeddable":true,"href":"https:\/\/www.redacteur.com\/blog\/wp-json\/wp\/v2\/media\/25160"}],"wp:attachment":[{"href":"https:\/\/www.redacteur.com\/blog\/wp-json\/wp\/v2\/media?parent=25159"}],"wp:term":[{"taxonomy":"category","embeddable":true,"href":"https:\/\/www.redacteur.com\/blog\/wp-json\/wp\/v2\/categories?post=25159"},{"taxonomy":"post_tag","embeddable":true,"href":"https:\/\/www.redacteur.com\/blog\/wp-json\/wp\/v2\/tags?post=25159"}],"curies":[{"name":"wp","href":"https:\/\/api.w.org\/{rel}","templated":true}]}}