{"id":25644,"date":"2025-09-09T11:10:00","date_gmt":"2025-09-09T09:10:00","guid":{"rendered":"https:\/\/www.redacteur.com\/blog\/?p=25644"},"modified":"2025-09-09T11:10:08","modified_gmt":"2025-09-09T09:10:08","slug":"rediger-une-autobiographie","status":"publish","type":"post","link":"https:\/\/www.redacteur.com\/blog\/rediger-une-autobiographie\/","title":{"rendered":"Comment r\u00e9diger son autobiographie en 6 \u00e9tapes&nbsp;?"},"content":{"rendered":"\n<p>R\u00e9diger une autobiographie est un formidable projet. Qu&#8217;il s&#8217;agisse d&#8217;un projet professionnel ou personnel, l&#8217;autobiographie peut&nbsp;\u00eatre un excellent moyen de <strong>raconter votre histoire<\/strong>, de vous replonger dans vos souvenirs et de cr\u00e9er quelque chose de personnel pour vos amis et votre famille.<\/p>\n\n\n\n<p>Il n&#8217;est pas n\u00e9cessaire d&#8217;\u00eatre c\u00e9l\u00e8bre pour vouloir <strong>\u00e9crire son autobiographie<\/strong>. Certaines personnes le font simplement parce qu&#8217;elles aiment \u00e9crire, tandis que d&#8217;autres veulent pr\u00e9server l&#8217;histoire de leur vie pour les g\u00e9n\u00e9rations futures. Il se peut, par exemple, que votre autobiographie ne soit destin\u00e9e qu\u2019\u00e0 vous et \u00e0 vos proches.<\/p>\n\n\n\n<p>Dans tous les cas, la d\u00e9marche se fera en plusieurs \u00e9tapes. Une bonne autobiographie n\u00e9cessite une introspection, elle doit aussi \u00eatre \u00e9crite avec le c\u0153ur. Comment \u00e9crire et surtout r\u00e9ussir une autobiographie&nbsp;? Voici tout ce que vous devez savoir sur le sujet&nbsp;!<\/p>\n\n\n\n<h2 class=\"wp-block-heading\">Qu\u2019est-ce qu\u2019une autobiographie&nbsp;?<\/h2>\n\n\n\n<p>Une autobiographie est un r\u00e9cit dans lequel une personne raconte sa vie. C\u2019est aussi un <strong>genre litt\u00e9raire \u00e0 part enti\u00e8re<\/strong>. De nombreux auteurs ont r\u00e9dig\u00e9 leur autobiographie, comme Jean-Jacques Rousseau avec ses <em>Confessions<\/em>, Anne Frank avec son journal ou de encore Marcel Pagnol \u00e0 travers <em>La Gloire de mon p\u00e8re<\/em>.<\/p>\n\n\n\n<p>Une autobiographie peut prendre diff\u00e9rentes formes. Il peut s\u2019agir&nbsp;:<\/p>\n\n\n\n<ul class=\"wp-block-list\">\n<li>Du r\u00e9cit d\u2019une vie ou seulement d\u2019une partie ,<\/li>\n\n\n\n<li>De confessions ;<\/li>\n\n\n\n<li>De m\u00e9moires ;<\/li>\n\n\n\n<li>D\u2019un autoportrait ;<\/li>\n\n\n\n<li>D\u2019une autobiographie artistique ou professionnelle ;<\/li>\n\n\n\n<li>D\u2019un t\u00e9moignage ;<\/li>\n\n\n\n<li>D\u2019un roman autobiographique.<\/li>\n<\/ul>\n\n\n\n<h2 class=\"wp-block-heading\">\u00c9tape 1&nbsp;: Pr\u00e9parer la r\u00e9daction de son autobiographie<\/h2>\n\n\n\n<p>Vous voulez \u00e9crire votre autobiographie&nbsp;? Sachez qu\u2019avant de r\u00e9diger les premi\u00e8res lignes de ce r\u00e9cit, vous devez vous pr\u00e9parer. Commencez par dessiner les contours de votre projet en vous posant quelques questions.<\/p>\n\n\n\n<ul class=\"wp-block-list\">\n<li>Pourquoi souhaitez-vous r\u00e9diger une autobiographie&nbsp;? Avez-vous un objectif&nbsp;? Avez-vous un message \u00e0 faire passer&nbsp;?<\/li>\n\n\n\n<li>Souhaitez-vous \u00e9crire sur votre vie enti\u00e8re, une partie, un \u00e9v\u00e9nement\u00a0?<\/li>\n\n\n\n<li>D\u00e9sirez-vous \u00e9crire un r\u00e9cit tr\u00e8s factuel ou au contraire romanc\u00e9\u00a0?<\/li>\n\n\n\n<li>\u00c0 qui s\u2019adresse votre autobiographie&nbsp;?<\/li>\n<\/ul>\n\n\n\n<p>Une fois que vous savez ce que vous voulez r\u00e9diger, il faut se lancer dans ce qui est l\u2019\u00e9tape la plus importante de ce projet, \u00e0 savoir&nbsp;: <strong>l\u2019introspection<\/strong>.<\/p>\n\n\n\n<p>Sachez que certains souvenirs vous sembleront plus beaux ou au contraire plus tristes, voire plus sombres. Il faut \u00eatre exigeant avec sa m\u00e9moire, mais aussi apprendre \u00e0 s\u00e9lectionner les souvenirs qui appara\u00eetront dans votre autobiographie.<\/p>\n\n\n\n<blockquote class=\"wp-block-quote is-layout-flow wp-block-quote-is-layout-flow\">\n<p>Lorsque l\u2019on r\u00e9dige une autobiographie, il est important de faire un petit tour dans le pass\u00e9. Parler avec sa famille, regarder de vieux albums ou encore voyager dans des lieux qui ont marqu\u00e9 votre vie sont autant de fa\u00e7ons de nourrir votre r\u00e9cit.<\/p>\n<\/blockquote>\n\n\n\n<h2 class=\"wp-block-heading\">\u00c9tape 2&nbsp;: Pour qui r\u00e9diger une autobiographie&nbsp;?<\/h2>\n\n\n\n<p>L&#8217;\u00e9tape suivante de votre processus d&#8217;\u00e9criture consiste \u00e0 d\u00e9terminer qui seront vos lecteurs. Si vous \u00e9crivez l&#8217;histoire de votre vie pour la donner \u00e0 vos petits-enfants comme souvenir, vos choix de mots et votre ton seront radicalement diff\u00e9rents de ceux que vous utiliserez si vous \u00e9crivez pour le grand public.<\/p>\n\n\n\n<p>Pour \u00e9crire \u00e0 l&#8217;intention des membres de votre famille, il faut moins de d\u00e9tails pour d\u00e9crire les personnes et les lieux familiers que vous connaissez tous.<\/p>\n\n\n\n<p>Vous devez plut\u00f4t fournir vos propres souvenirs et votre point de vue sur des \u00e9v\u00e9nements, et essayer d&#8217;inclure des faits int\u00e9ressants et des anecdotes que les membres de la famille ne connaissent peut-\u00eatre pas encore.<\/p>\n\n\n\n<p>\u00c0 l\u2019inverse, ceux qui ne font pas partie de votre groupe d&#8217;amis et de votre famille auront besoin d&#8217;une image plus d\u00e9taill\u00e9e pour comprendre les lieux et les personnages de votre histoire.<\/p>\n\n\n\n<blockquote class=\"wp-block-quote is-layout-flow wp-block-quote-is-layout-flow\">\n<p>Pensez \u00e0 la fa\u00e7on dont vous d\u00e9cririez ces personnes et ces \u00e9v\u00e9nements \u00e0 un \u00e9tranger.<\/p>\n<\/blockquote>\n\n\n\n<h2 class=\"wp-block-heading\">\u00c9tape 3&nbsp;:\u00a0Organiser votre histoire autobiographique<\/h2>\n\n\n\n<p>Dans cette \u00e9tape il va falloir \u00eatre sch\u00e9matique. Avant de commencer \u00e0 r\u00e9diger votre autobiographie, il vous faut un <strong>plan \u00e9crit<\/strong>. D\u00e9terminez o\u00f9 commencera votre voyage avec le lecteur. Commencerez-vous par votre naissance, ou sauterez-vous votre enfance pour commencer par votre premier grand \u00e9v\u00e9nement marquant&nbsp;?<\/p>\n\n\n\n<p>Certains \u00e9crivains choisissent de pr\u00e9senter leur histoire de mani\u00e8re chronologique (de leur enfance \u00e0 aujourd&#8217;hui), tandis que d&#8217;autres choisissent d&#8217;organiser leur livre en fonction de th\u00e8mes ou d&#8217;\u00e9v\u00e9nements majeurs ayant des liens entre eux.<\/p>\n\n\n\n<p>Quel que soit le format que vous choisissez, le fait d&#8217;avoir un plan \u00e9crit vous aidera \u00e0 rester organis\u00e9.<\/p>\n\n\n\n<blockquote class=\"wp-block-quote is-layout-flow wp-block-quote-is-layout-flow\">\n<p><strong>\u00c0 lire aussi&nbsp;:<\/strong> <a href=\"https:\/\/www.redacteur.com\/blog\/comment-ecrire-une-nouvelle\/\">Comment \u00e9crire une nouvelle&nbsp;?<\/a><\/p>\n<\/blockquote>\n\n\n\n<h2 class=\"wp-block-heading\">\u00c9tape 4&nbsp;:&nbsp;R\u00e9diger votre autobiographie<\/h2>\n\n\n<div class=\"wp-block-image\">\n<figure class=\"aligncenter\"><img decoding=\"async\" width=\"700\" height=\"466\" src=\"https:\/\/www.redacteur.com\/blog\/wp-content\/uploads\/sites\/6\/2021\/03\/writing-828911_1280-e1617115081278.jpg\" alt=\"r\u00e9diger son autobiographie\" class=\"wp-image-25656\" srcset=\"https:\/\/www.redacteur.com\/blog\/wp-content\/uploads\/sites\/6\/2021\/03\/writing-828911_1280-e1617115081278.jpg 700w, https:\/\/www.redacteur.com\/blog\/wp-content\/uploads\/sites\/6\/2021\/03\/writing-828911_1280-e1617115081278-300x200.jpg 300w, https:\/\/www.redacteur.com\/blog\/wp-content\/uploads\/sites\/6\/2021\/03\/writing-828911_1280-e1617115081278-60x40.jpg 60w, https:\/\/www.redacteur.com\/blog\/wp-content\/uploads\/sites\/6\/2021\/03\/writing-828911_1280-e1617115081278-370x246.jpg 370w, https:\/\/www.redacteur.com\/blog\/wp-content\/uploads\/sites\/6\/2021\/03\/writing-828911_1280-e1617115081278-270x180.jpg 270w, https:\/\/www.redacteur.com\/blog\/wp-content\/uploads\/sites\/6\/2021\/03\/writing-828911_1280-e1617115081278-570x379.jpg 570w\" sizes=\"(max-width: 700px) 100vw, 700px\" \/><\/figure><\/div>\n\n\n<p>Le travail de pr\u00e9paration touche \u00e0 sa fin&nbsp;: vous devez maintenant vous lancer dans l\u2019\u00e9criture de la biographie&nbsp;!<\/p>\n\n\n\n<p>Pour \u00eatre dans les meilleures conditions, vous devez <strong>trouver un lieu d\u2019\u00e9criture<\/strong>. Il doit \u00eatre paisible et ne pas vous distraire. R\u00e9diger devant la t\u00e9l\u00e9vision n\u2019est pas une bonne id\u00e9e&nbsp;! En revanche, vous pouvez \u00e9couter de la musique. Certains appr\u00e9cieront le calme d\u2019une biblioth\u00e8que, d\u2019autres le brouhaha d\u2019un caf\u00e9. N\u2019h\u00e9sitez pas \u00e0 changer de lieu pour relancer l\u2019inspiration.<\/p>\n\n\n\n<p>Faites un plan de votre r\u00e9cit, celui-ci sera un v\u00e9ritable guide qui vous accompagnera tout au long de la r\u00e9daction. N\u2019h\u00e9sitez pas \u00e0 vous fixer une <strong>date butoir<\/strong> pour la r\u00e9daction de chacune des parties mais aussi pour l\u2019\u00e9criture du premier jet. M\u00eame si vous pouvez prendre votre temps, se fixer des objectifs et des deadlines est important. Il est \u00e9galement hautement recommand\u00e9 de se d\u00e9gager des heures d\u2019\u00e9criture afin de pouvoir se d\u00e9dier \u00e0 l\u2019autobiographie.<\/p>\n\n\n\n<blockquote class=\"wp-block-quote is-layout-flow wp-block-quote-is-layout-flow\">\n<p>Comme pour tout type d&#8217;\u00e9criture, il est important de fixer une date de d\u00e9but ferme, ainsi qu&#8217;un objectif hebdomadaire pour vous aider \u00e0 rester sur la bonne voie. Fixez-vous un nombre de mots par jour \u00e0 respecter. D\u00e9terminez une date \u00e0 laquelle vous aimeriez avoir un premier jet termin\u00e9.<\/p>\n<\/blockquote>\n\n\n\n<h2 class=\"wp-block-heading\">\u00c9tape 5&nbsp;: retravailler la V1 de l\u2019autobiographie<\/h2>\n\n\n\n<p>Tous les coachs d\u2019\u00e9criture vous le diront&nbsp;: vous \u00e9crivez avec le c\u0153ur, mais relisez avec la t\u00eate&nbsp;! En d\u2019autres termes, <strong>la premi\u00e8re version qui sera r\u00e9dig\u00e9e est loin d\u2019\u00eatre la version finale<\/strong>.<\/p>\n\n\n\n<p>Elle est une formidable base de travail qui sera r\u00e9organis\u00e9e, partiellement r\u00e9\u00e9crite. Une fois que vous avez la version d\u00e9finitive, il est important de bien la relire. Cette relecture se fait en deux temps&nbsp;: apr\u00e8s la r\u00e9daction, puis quelques jours plus tard.<\/p>\n\n\n\n<blockquote class=\"wp-block-quote is-layout-flow wp-block-quote-is-layout-flow\">\n<p><strong>\u00c0 lire aussi&nbsp;:<\/strong> <a href=\"https:\/\/www.redacteur.com\/blog\/rediger-biographie-professionnelle\/\">5 \u00e9tapes pour r\u00e9diger une biographie professionnelle<\/a><\/p>\n<\/blockquote>\n\n\n\n<h2 class=\"wp-block-heading\">\u00c9tape 6&nbsp;: Mettre en page l&#8217;autobiographie<\/h2>\n\n\n<div class=\"wp-block-image\">\n<figure class=\"aligncenter\"><img decoding=\"async\" width=\"700\" height=\"466\" src=\"https:\/\/www.redacteur.com\/blog\/wp-content\/uploads\/sites\/6\/2021\/03\/student-849825_1280-e1617115143921.jpg\" alt=\"r\u00e9diger son autobiographie sur un ordinateur\" class=\"wp-image-25655\" srcset=\"https:\/\/www.redacteur.com\/blog\/wp-content\/uploads\/sites\/6\/2021\/03\/student-849825_1280-e1617115143921.jpg 700w, https:\/\/www.redacteur.com\/blog\/wp-content\/uploads\/sites\/6\/2021\/03\/student-849825_1280-e1617115143921-300x200.jpg 300w, https:\/\/www.redacteur.com\/blog\/wp-content\/uploads\/sites\/6\/2021\/03\/student-849825_1280-e1617115143921-60x40.jpg 60w, https:\/\/www.redacteur.com\/blog\/wp-content\/uploads\/sites\/6\/2021\/03\/student-849825_1280-e1617115143921-370x246.jpg 370w, https:\/\/www.redacteur.com\/blog\/wp-content\/uploads\/sites\/6\/2021\/03\/student-849825_1280-e1617115143921-270x180.jpg 270w, https:\/\/www.redacteur.com\/blog\/wp-content\/uploads\/sites\/6\/2021\/03\/student-849825_1280-e1617115143921-570x379.jpg 570w\" sizes=\"(max-width: 700px) 100vw, 700px\" \/><\/figure><\/div>\n\n\n<p>Une fois que votre autobiographie est r\u00e9dig\u00e9e, il est important de la <strong>mettre en page<\/strong>. Selon vos envies, vous pourrez nommer les chapitres et mettre des notes en bas de page. Il est \u00e9galement important de faire une introduction ou pr\u00e9face, ainsi qu\u2019un r\u00e9sum\u00e9.<\/p>\n\n\n\n<p>Pour la mise en page, mais aussi la suite de l\u2019aventure, il faut prendre contact avec un imprimeur. Celui-ci vous prodiguera de pr\u00e9cieux conseils pour publier votre r\u00e9cit et surtout, il vous imprimera des manuscrits \u00e0 envoyer aux \u00e9diteurs.<\/p>\n\n\n\n<blockquote class=\"wp-block-quote is-layout-flow wp-block-quote-is-layout-flow\">\n<p>N\u2019h\u00e9sitez pas \u00e0 faire relire votre autobiographie par vos proches. Il est important d\u2019avoir leur avis. Vous pouvez aussi faire appel \u00e0 des professionnels sur Redacteur.com pour une relecture avant de partir \u00e0 la recherche d\u2019\u00e9diteurs.<\/p>\n<\/blockquote>\n\n\n\n<h2 class=\"wp-block-heading\">Notre conseil pour r\u00e9ussir la r\u00e9daction d&#8217;une autobiographie<\/h2>\n\n\n\n<p>Votre autobiographie est finie. Que vous soyez publi\u00e9 ou en attente de publication, vous avez men\u00e9 \u00e0 bien votre projet. C\u2019est une forme de r\u00e9ussite&nbsp;! D\u2019ailleurs, vous b\u00e9n\u00e9ficiez maintenant d\u2019un savoir-faire nouveau que vous pourrez inclure sur votre CV. N\u2019h\u00e9sitez pas \u00e0 partager votre exp\u00e9rience. \u00c9crire une autobiographie est un beau projet.<\/p>\n\n\n\n<p>Pour vous aider \u00e0 le r\u00e9aliser, vous pouvez compter sur les \u00e9quipes de Redacteur.com, premi\u00e8re <a href=\"https:\/\/www.redacteur.com\/\">plateforme de r\u00e9daction<\/a> en France. Renseignez-vous&nbsp;!<\/p>\n","protected":false},"excerpt":{"rendered":"<p>R\u00e9diger une autobiographie est un formidable projet. Qu&#8217;il s&#8217;agisse d&#8217;un projet professionnel ou personnel, l&#8217;autobiographie peut&nbsp;\u00eatre un excellent moyen de raconter votre histoire, de vous replonger dans vos souvenirs et de cr\u00e9er quelque chose de personnel pour vos amis et votre famille. Il n&#8217;est pas n\u00e9cessaire d&#8217;\u00eatre c\u00e9l\u00e8bre pour vouloir \u00e9crire son autobiographie. Certaines personnes [&hellip;]<\/p>\n","protected":false},"author":1,"featured_media":42088,"comment_status":"open","ping_status":"open","sticky":false,"template":"","format":"standard","meta":{"_acf_changed":false,"inline_featured_image":false,"footnotes":""},"categories":[11],"tags":[],"class_list":["post-25644","post","type-post","status-publish","format-standard","has-post-thumbnail","hentry","category-redaction-web"],"acf":[],"yoast_head":"<!-- This site is optimized with the Yoast SEO plugin v25.9 - https:\/\/yoast.com\/wordpress\/plugins\/seo\/ -->\n<title>Comment \u00e9crire son autobiographie en 6 \u00e9tapes simples ?<\/title>\n<meta name=\"description\" content=\"Comment \u00e9crire une autobiographie\u00a0? Voici tout les conseils \u00e0 suivre et ce que vous devez savoir pour r\u00e9ussir \u00e0 r\u00e9diger une autobiographie.\" \/>\n<meta name=\"robots\" content=\"index, follow, max-snippet:-1, max-image-preview:large, max-video-preview:-1\" \/>\n<link rel=\"canonical\" href=\"https:\/\/www.redacteur.com\/blog\/rediger-une-autobiographie\/\" \/>\n<meta property=\"og:locale\" content=\"fr_FR\" \/>\n<meta property=\"og:type\" content=\"article\" \/>\n<meta property=\"og:title\" content=\"Comment \u00e9crire son autobiographie en 6 \u00e9tapes simples ?\" \/>\n<meta property=\"og:description\" content=\"Comment \u00e9crire une autobiographie\u00a0? Voici tout les conseils \u00e0 suivre et ce que vous devez savoir pour r\u00e9ussir \u00e0 r\u00e9diger une autobiographie.\" \/>\n<meta property=\"og:url\" content=\"https:\/\/www.redacteur.com\/blog\/rediger-une-autobiographie\/\" \/>\n<meta property=\"og:site_name\" content=\"Redacteur.com\" \/>\n<meta property=\"article:publisher\" content=\"https:\/\/www.facebook.com\/redacteurcom\" \/>\n<meta property=\"article:published_time\" content=\"2025-09-09T09:10:00+00:00\" \/>\n<meta property=\"article:modified_time\" content=\"2025-09-09T09:10:08+00:00\" \/>\n<meta property=\"og:image\" content=\"https:\/\/www.redacteur.com\/blog\/wp-content\/uploads\/sites\/6\/2025\/02\/rediger-une-autobiographie.png\" \/>\n\t<meta property=\"og:image:width\" content=\"1200\" \/>\n\t<meta property=\"og:image:height\" content=\"675\" \/>\n\t<meta property=\"og:image:type\" content=\"image\/png\" \/>\n<meta name=\"author\" content=\"Laura Michaud\" \/>\n<meta name=\"twitter:card\" content=\"summary_large_image\" \/>\n<meta name=\"twitter:creator\" content=\"@Redacteurcom\" \/>\n<meta name=\"twitter:site\" content=\"@Redacteurcom\" \/>\n<meta name=\"twitter:label1\" content=\"\u00c9crit par\" \/>\n\t<meta name=\"twitter:data1\" content=\"Laura Michaud\" \/>\n\t<meta name=\"twitter:label2\" content=\"Dur\u00e9e de lecture estim\u00e9e\" \/>\n\t<meta name=\"twitter:data2\" content=\"6 minutes\" \/>\n<script type=\"application\/ld+json\" class=\"yoast-schema-graph\">{\"@context\":\"https:\/\/schema.org\",\"@graph\":[{\"@type\":\"Article\",\"@id\":\"https:\/\/www.redacteur.com\/blog\/rediger-une-autobiographie\/#article\",\"isPartOf\":{\"@id\":\"https:\/\/www.redacteur.com\/blog\/rediger-une-autobiographie\/\"},\"author\":{\"name\":\"Laura Michaud\",\"@id\":\"https:\/\/www.redacteur.com\/blog\/#\/schema\/person\/33c0ef04707fbe50a096f282050bb5f2\"},\"headline\":\"Comment r\u00e9diger son autobiographie en 6 \u00e9tapes&nbsp;?\",\"datePublished\":\"2025-09-09T09:10:00+00:00\",\"dateModified\":\"2025-09-09T09:10:08+00:00\",\"mainEntityOfPage\":{\"@id\":\"https:\/\/www.redacteur.com\/blog\/rediger-une-autobiographie\/\"},\"wordCount\":1339,\"commentCount\":0,\"publisher\":{\"@id\":\"https:\/\/www.redacteur.com\/blog\/#organization\"},\"image\":{\"@id\":\"https:\/\/www.redacteur.com\/blog\/rediger-une-autobiographie\/#primaryimage\"},\"thumbnailUrl\":\"https:\/\/www.redacteur.com\/blog\/wp-content\/uploads\/sites\/6\/2025\/02\/rediger-une-autobiographie.png\",\"articleSection\":[\"R\u00e9daction web\"],\"inLanguage\":\"fr-FR\",\"potentialAction\":[{\"@type\":\"CommentAction\",\"name\":\"Comment\",\"target\":[\"https:\/\/www.redacteur.com\/blog\/rediger-une-autobiographie\/#respond\"]}]},{\"@type\":\"WebPage\",\"@id\":\"https:\/\/www.redacteur.com\/blog\/rediger-une-autobiographie\/\",\"url\":\"https:\/\/www.redacteur.com\/blog\/rediger-une-autobiographie\/\",\"name\":\"Comment \u00e9crire son autobiographie en 6 \u00e9tapes simples ?\",\"isPartOf\":{\"@id\":\"https:\/\/www.redacteur.com\/blog\/#website\"},\"primaryImageOfPage\":{\"@id\":\"https:\/\/www.redacteur.com\/blog\/rediger-une-autobiographie\/#primaryimage\"},\"image\":{\"@id\":\"https:\/\/www.redacteur.com\/blog\/rediger-une-autobiographie\/#primaryimage\"},\"thumbnailUrl\":\"https:\/\/www.redacteur.com\/blog\/wp-content\/uploads\/sites\/6\/2025\/02\/rediger-une-autobiographie.png\",\"datePublished\":\"2025-09-09T09:10:00+00:00\",\"dateModified\":\"2025-09-09T09:10:08+00:00\",\"description\":\"Comment \u00e9crire une autobiographie\u00a0? Voici tout les conseils \u00e0 suivre et ce que vous devez savoir pour r\u00e9ussir \u00e0 r\u00e9diger une autobiographie.\",\"breadcrumb\":{\"@id\":\"https:\/\/www.redacteur.com\/blog\/rediger-une-autobiographie\/#breadcrumb\"},\"inLanguage\":\"fr-FR\",\"potentialAction\":[{\"@type\":\"ReadAction\",\"target\":[\"https:\/\/www.redacteur.com\/blog\/rediger-une-autobiographie\/\"]}]},{\"@type\":\"ImageObject\",\"inLanguage\":\"fr-FR\",\"@id\":\"https:\/\/www.redacteur.com\/blog\/rediger-une-autobiographie\/#primaryimage\",\"url\":\"https:\/\/www.redacteur.com\/blog\/wp-content\/uploads\/sites\/6\/2025\/02\/rediger-une-autobiographie.png\",\"contentUrl\":\"https:\/\/www.redacteur.com\/blog\/wp-content\/uploads\/sites\/6\/2025\/02\/rediger-une-autobiographie.png\",\"width\":1200,\"height\":675,\"caption\":\"r\u00e9diger une autobiographie\"},{\"@type\":\"BreadcrumbList\",\"@id\":\"https:\/\/www.redacteur.com\/blog\/rediger-une-autobiographie\/#breadcrumb\",\"itemListElement\":[{\"@type\":\"ListItem\",\"position\":1,\"name\":\"Blog\",\"item\":\"https:\/\/www.redacteur.com\/blog\/\"},{\"@type\":\"ListItem\",\"position\":2,\"name\":\"R\u00e9daction web\",\"item\":\"https:\/\/www.redacteur.com\/blog\/redaction-web\/\"},{\"@type\":\"ListItem\",\"position\":3,\"name\":\"Comment r\u00e9diger son autobiographie en 6 \u00e9tapes&nbsp;?\"}]},{\"@type\":\"WebSite\",\"@id\":\"https:\/\/www.redacteur.com\/blog\/#website\",\"url\":\"https:\/\/www.redacteur.com\/blog\/\",\"name\":\"Redacteur.com\",\"description\":\"redacteur\",\"publisher\":{\"@id\":\"https:\/\/www.redacteur.com\/blog\/#organization\"},\"potentialAction\":[{\"@type\":\"SearchAction\",\"target\":{\"@type\":\"EntryPoint\",\"urlTemplate\":\"https:\/\/www.redacteur.com\/blog\/?s={search_term_string}\"},\"query-input\":{\"@type\":\"PropertyValueSpecification\",\"valueRequired\":true,\"valueName\":\"search_term_string\"}}],\"inLanguage\":\"fr-FR\"},{\"@type\":\"Organization\",\"@id\":\"https:\/\/www.redacteur.com\/blog\/#organization\",\"name\":\"Redacteur.com\",\"url\":\"https:\/\/www.redacteur.com\/blog\/\",\"logo\":{\"@type\":\"ImageObject\",\"inLanguage\":\"fr-FR\",\"@id\":\"https:\/\/www.redacteur.com\/blog\/#\/schema\/logo\/image\/\",\"url\":\"https:\/\/www.redacteur.com\/blog\/wp-content\/uploads\/sites\/6\/2022\/10\/logo-redacteur-blog.svg\",\"contentUrl\":\"https:\/\/www.redacteur.com\/blog\/wp-content\/uploads\/sites\/6\/2022\/10\/logo-redacteur-blog.svg\",\"width\":1,\"height\":1,\"caption\":\"Redacteur.com\"},\"image\":{\"@id\":\"https:\/\/www.redacteur.com\/blog\/#\/schema\/logo\/image\/\"},\"sameAs\":[\"https:\/\/www.facebook.com\/redacteurcom\",\"https:\/\/x.com\/Redacteurcom\",\"https:\/\/www.linkedin.com\/company\/redacteur-com\",\"https:\/\/www.youtube.com\/channel\/UCgj9ySM9xy3gdL8qBafl9Uw\/\"]},{\"@type\":\"Person\",\"@id\":\"https:\/\/www.redacteur.com\/blog\/#\/schema\/person\/33c0ef04707fbe50a096f282050bb5f2\",\"name\":\"Laura Michaud\",\"image\":{\"@type\":\"ImageObject\",\"inLanguage\":\"fr-FR\",\"@id\":\"https:\/\/www.redacteur.com\/blog\/#\/schema\/person\/image\/\",\"url\":\"https:\/\/secure.gravatar.com\/avatar\/c3328cc0c887f98cec6b2979af3311ab6333fc7cc2d4847514cfec6a56fa08a7?s=96&d=mm&r=g\",\"contentUrl\":\"https:\/\/secure.gravatar.com\/avatar\/c3328cc0c887f98cec6b2979af3311ab6333fc7cc2d4847514cfec6a56fa08a7?s=96&d=mm&r=g\",\"caption\":\"Laura Michaud\"},\"description\":\"Laura connait tous les meilleurs outils pour g\u00e9rer des projets et une entreprise. Cr\u00e9ative, c'est aussi une sp\u00e9cialiste des outils de cr\u00e9ation graphique pour faire briller une entreprise.\",\"sameAs\":[\"https:\/\/www.linkedin.com\/in\/michaudlaura\/\"],\"url\":\"https:\/\/www.redacteur.com\/blog\/author\/laura\/\"}]}<\/script>\n<!-- \/ Yoast SEO plugin. -->","yoast_head_json":{"title":"Comment \u00e9crire son autobiographie en 6 \u00e9tapes simples ?","description":"Comment \u00e9crire une autobiographie\u00a0? Voici tout les conseils \u00e0 suivre et ce que vous devez savoir pour r\u00e9ussir \u00e0 r\u00e9diger une autobiographie.","robots":{"index":"index","follow":"follow","max-snippet":"max-snippet:-1","max-image-preview":"max-image-preview:large","max-video-preview":"max-video-preview:-1"},"canonical":"https:\/\/www.redacteur.com\/blog\/rediger-une-autobiographie\/","og_locale":"fr_FR","og_type":"article","og_title":"Comment \u00e9crire son autobiographie en 6 \u00e9tapes simples ?","og_description":"Comment \u00e9crire une autobiographie\u00a0? Voici tout les conseils \u00e0 suivre et ce que vous devez savoir pour r\u00e9ussir \u00e0 r\u00e9diger une autobiographie.","og_url":"https:\/\/www.redacteur.com\/blog\/rediger-une-autobiographie\/","og_site_name":"Redacteur.com","article_publisher":"https:\/\/www.facebook.com\/redacteurcom","article_published_time":"2025-09-09T09:10:00+00:00","article_modified_time":"2025-09-09T09:10:08+00:00","og_image":[{"width":1200,"height":675,"url":"https:\/\/www.redacteur.com\/blog\/wp-content\/uploads\/sites\/6\/2025\/02\/rediger-une-autobiographie.png","type":"image\/png"}],"author":"Laura Michaud","twitter_card":"summary_large_image","twitter_creator":"@Redacteurcom","twitter_site":"@Redacteurcom","twitter_misc":{"\u00c9crit par":"Laura Michaud","Dur\u00e9e de lecture estim\u00e9e":"6 minutes"},"schema":{"@context":"https:\/\/schema.org","@graph":[{"@type":"Article","@id":"https:\/\/www.redacteur.com\/blog\/rediger-une-autobiographie\/#article","isPartOf":{"@id":"https:\/\/www.redacteur.com\/blog\/rediger-une-autobiographie\/"},"author":{"name":"Laura Michaud","@id":"https:\/\/www.redacteur.com\/blog\/#\/schema\/person\/33c0ef04707fbe50a096f282050bb5f2"},"headline":"Comment r\u00e9diger son autobiographie en 6 \u00e9tapes&nbsp;?","datePublished":"2025-09-09T09:10:00+00:00","dateModified":"2025-09-09T09:10:08+00:00","mainEntityOfPage":{"@id":"https:\/\/www.redacteur.com\/blog\/rediger-une-autobiographie\/"},"wordCount":1339,"commentCount":0,"publisher":{"@id":"https:\/\/www.redacteur.com\/blog\/#organization"},"image":{"@id":"https:\/\/www.redacteur.com\/blog\/rediger-une-autobiographie\/#primaryimage"},"thumbnailUrl":"https:\/\/www.redacteur.com\/blog\/wp-content\/uploads\/sites\/6\/2025\/02\/rediger-une-autobiographie.png","articleSection":["R\u00e9daction web"],"inLanguage":"fr-FR","potentialAction":[{"@type":"CommentAction","name":"Comment","target":["https:\/\/www.redacteur.com\/blog\/rediger-une-autobiographie\/#respond"]}]},{"@type":"WebPage","@id":"https:\/\/www.redacteur.com\/blog\/rediger-une-autobiographie\/","url":"https:\/\/www.redacteur.com\/blog\/rediger-une-autobiographie\/","name":"Comment \u00e9crire son autobiographie en 6 \u00e9tapes simples ?","isPartOf":{"@id":"https:\/\/www.redacteur.com\/blog\/#website"},"primaryImageOfPage":{"@id":"https:\/\/www.redacteur.com\/blog\/rediger-une-autobiographie\/#primaryimage"},"image":{"@id":"https:\/\/www.redacteur.com\/blog\/rediger-une-autobiographie\/#primaryimage"},"thumbnailUrl":"https:\/\/www.redacteur.com\/blog\/wp-content\/uploads\/sites\/6\/2025\/02\/rediger-une-autobiographie.png","datePublished":"2025-09-09T09:10:00+00:00","dateModified":"2025-09-09T09:10:08+00:00","description":"Comment \u00e9crire une autobiographie\u00a0? Voici tout les conseils \u00e0 suivre et ce que vous devez savoir pour r\u00e9ussir \u00e0 r\u00e9diger une autobiographie.","breadcrumb":{"@id":"https:\/\/www.redacteur.com\/blog\/rediger-une-autobiographie\/#breadcrumb"},"inLanguage":"fr-FR","potentialAction":[{"@type":"ReadAction","target":["https:\/\/www.redacteur.com\/blog\/rediger-une-autobiographie\/"]}]},{"@type":"ImageObject","inLanguage":"fr-FR","@id":"https:\/\/www.redacteur.com\/blog\/rediger-une-autobiographie\/#primaryimage","url":"https:\/\/www.redacteur.com\/blog\/wp-content\/uploads\/sites\/6\/2025\/02\/rediger-une-autobiographie.png","contentUrl":"https:\/\/www.redacteur.com\/blog\/wp-content\/uploads\/sites\/6\/2025\/02\/rediger-une-autobiographie.png","width":1200,"height":675,"caption":"r\u00e9diger une autobiographie"},{"@type":"BreadcrumbList","@id":"https:\/\/www.redacteur.com\/blog\/rediger-une-autobiographie\/#breadcrumb","itemListElement":[{"@type":"ListItem","position":1,"name":"Blog","item":"https:\/\/www.redacteur.com\/blog\/"},{"@type":"ListItem","position":2,"name":"R\u00e9daction web","item":"https:\/\/www.redacteur.com\/blog\/redaction-web\/"},{"@type":"ListItem","position":3,"name":"Comment r\u00e9diger son autobiographie en 6 \u00e9tapes&nbsp;?"}]},{"@type":"WebSite","@id":"https:\/\/www.redacteur.com\/blog\/#website","url":"https:\/\/www.redacteur.com\/blog\/","name":"Redacteur.com","description":"redacteur","publisher":{"@id":"https:\/\/www.redacteur.com\/blog\/#organization"},"potentialAction":[{"@type":"SearchAction","target":{"@type":"EntryPoint","urlTemplate":"https:\/\/www.redacteur.com\/blog\/?s={search_term_string}"},"query-input":{"@type":"PropertyValueSpecification","valueRequired":true,"valueName":"search_term_string"}}],"inLanguage":"fr-FR"},{"@type":"Organization","@id":"https:\/\/www.redacteur.com\/blog\/#organization","name":"Redacteur.com","url":"https:\/\/www.redacteur.com\/blog\/","logo":{"@type":"ImageObject","inLanguage":"fr-FR","@id":"https:\/\/www.redacteur.com\/blog\/#\/schema\/logo\/image\/","url":"https:\/\/www.redacteur.com\/blog\/wp-content\/uploads\/sites\/6\/2022\/10\/logo-redacteur-blog.svg","contentUrl":"https:\/\/www.redacteur.com\/blog\/wp-content\/uploads\/sites\/6\/2022\/10\/logo-redacteur-blog.svg","width":1,"height":1,"caption":"Redacteur.com"},"image":{"@id":"https:\/\/www.redacteur.com\/blog\/#\/schema\/logo\/image\/"},"sameAs":["https:\/\/www.facebook.com\/redacteurcom","https:\/\/x.com\/Redacteurcom","https:\/\/www.linkedin.com\/company\/redacteur-com","https:\/\/www.youtube.com\/channel\/UCgj9ySM9xy3gdL8qBafl9Uw\/"]},{"@type":"Person","@id":"https:\/\/www.redacteur.com\/blog\/#\/schema\/person\/33c0ef04707fbe50a096f282050bb5f2","name":"Laura Michaud","image":{"@type":"ImageObject","inLanguage":"fr-FR","@id":"https:\/\/www.redacteur.com\/blog\/#\/schema\/person\/image\/","url":"https:\/\/secure.gravatar.com\/avatar\/c3328cc0c887f98cec6b2979af3311ab6333fc7cc2d4847514cfec6a56fa08a7?s=96&d=mm&r=g","contentUrl":"https:\/\/secure.gravatar.com\/avatar\/c3328cc0c887f98cec6b2979af3311ab6333fc7cc2d4847514cfec6a56fa08a7?s=96&d=mm&r=g","caption":"Laura Michaud"},"description":"Laura connait tous les meilleurs outils pour g\u00e9rer des projets et une entreprise. Cr\u00e9ative, c'est aussi une sp\u00e9cialiste des outils de cr\u00e9ation graphique pour faire briller une entreprise.","sameAs":["https:\/\/www.linkedin.com\/in\/michaudlaura\/"],"url":"https:\/\/www.redacteur.com\/blog\/author\/laura\/"}]}},"_links":{"self":[{"href":"https:\/\/www.redacteur.com\/blog\/wp-json\/wp\/v2\/posts\/25644","targetHints":{"allow":["GET"]}}],"collection":[{"href":"https:\/\/www.redacteur.com\/blog\/wp-json\/wp\/v2\/posts"}],"about":[{"href":"https:\/\/www.redacteur.com\/blog\/wp-json\/wp\/v2\/types\/post"}],"author":[{"embeddable":true,"href":"https:\/\/www.redacteur.com\/blog\/wp-json\/wp\/v2\/users\/1"}],"replies":[{"embeddable":true,"href":"https:\/\/www.redacteur.com\/blog\/wp-json\/wp\/v2\/comments?post=25644"}],"version-history":[{"count":0,"href":"https:\/\/www.redacteur.com\/blog\/wp-json\/wp\/v2\/posts\/25644\/revisions"}],"wp:featuredmedia":[{"embeddable":true,"href":"https:\/\/www.redacteur.com\/blog\/wp-json\/wp\/v2\/media\/42088"}],"wp:attachment":[{"href":"https:\/\/www.redacteur.com\/blog\/wp-json\/wp\/v2\/media?parent=25644"}],"wp:term":[{"taxonomy":"category","embeddable":true,"href":"https:\/\/www.redacteur.com\/blog\/wp-json\/wp\/v2\/categories?post=25644"},{"taxonomy":"post_tag","embeddable":true,"href":"https:\/\/www.redacteur.com\/blog\/wp-json\/wp\/v2\/tags?post=25644"}],"curies":[{"name":"wp","href":"https:\/\/api.w.org\/{rel}","templated":true}]}}