{"id":26240,"date":"2021-06-01T10:50:46","date_gmt":"2021-06-01T08:50:46","guid":{"rendered":"https:\/\/www.redacteur.com\/blog\/?p=26240"},"modified":"2021-06-01T10:50:46","modified_gmt":"2021-06-01T08:50:46","slug":"optimisation-des-mises-a-jour-des-contenus","status":"publish","type":"post","link":"https:\/\/www.redacteur.com\/blog\/optimisation-des-mises-a-jour-des-contenus\/","title":{"rendered":"Comment optimiser la mise \u00e0 jour de vos contenus\u00a0?"},"content":{"rendered":"<p>Si vos recherches vous ont men\u00e9 \u00e0 cet article \u00ab\u00a0Comment optimiser la mise \u00e0 jour de vos contenus\u00a0\u00bb, c\u2019est que vous \u00eates d\u00e9j\u00e0 convaincu des atouts du content marketing. C\u2019est d\u00e9j\u00e0 une tr\u00e8s bonne chose.<\/p>\n<p>Mais dans cet article on est all\u00e9 plus loin, \u00e0 partir d\u2019une question faussement na\u00efve\u00a0: une fois le contenu cr\u00e9\u00e9 et publi\u00e9, qu\u2019est-ce qu\u2019on en fait\u00a0? Pourquoi et comment recycler vos contenus une fois cr\u00e9\u00e9s\u00a0?<\/p>\n<p>On vous r\u00e9pond en trois temps\u00a0: d\u2019abord, \u00e0 quoi bon mettre \u00e0 jour ses contenus, puis optimiser ses contenus en changeant de dimension, et enfin optimiser ses contenus en changeant de langage.<\/p>\n<p>&nbsp;<\/p>\n<h2>A quoi bon mettre \u00e0 jour ses contenus\u00a0?<\/h2>\n<figure id=\"attachment_26260\" aria-describedby=\"caption-attachment-26260\" style=\"width: 850px\" class=\"wp-caption aligncenter\"><a href=\"https:\/\/www.redacteur.com\/blog\/wp-content\/uploads\/sites\/6\/2021\/05\/19197559.jpg\"><img decoding=\"async\" class=\"size-full wp-image-26260\" src=\"https:\/\/www.redacteur.com\/blog\/wp-content\/uploads\/sites\/6\/2021\/05\/19197559.jpg\" alt=\"Mettre \u00e0 jour son site\" width=\"850\" height=\"600\" srcset=\"https:\/\/www.redacteur.com\/blog\/wp-content\/uploads\/sites\/6\/2021\/05\/19197559.jpg 850w, https:\/\/www.redacteur.com\/blog\/wp-content\/uploads\/sites\/6\/2021\/05\/19197559-300x212.jpg 300w, https:\/\/www.redacteur.com\/blog\/wp-content\/uploads\/sites\/6\/2021\/05\/19197559-768x542.jpg 768w, https:\/\/www.redacteur.com\/blog\/wp-content\/uploads\/sites\/6\/2021\/05\/19197559-60x42.jpg 60w, https:\/\/www.redacteur.com\/blog\/wp-content\/uploads\/sites\/6\/2021\/05\/19197559-370x261.jpg 370w, https:\/\/www.redacteur.com\/blog\/wp-content\/uploads\/sites\/6\/2021\/05\/19197559-270x191.jpg 270w, https:\/\/www.redacteur.com\/blog\/wp-content\/uploads\/sites\/6\/2021\/05\/19197559-570x402.jpg 570w, https:\/\/www.redacteur.com\/blog\/wp-content\/uploads\/sites\/6\/2021\/05\/19197559-740x522.jpg 740w\" sizes=\"(max-width: 850px) 100vw, 850px\" \/><\/a><figcaption id=\"caption-attachment-26260\" class=\"wp-caption-text\">\u00a9Freepik<\/figcaption><\/figure>\n<p>Il faut mettre \u00e0 jour ses contenus pour plaire \u00e0 la fois \u00e0 Google et aux clients. On le sait\u00a0: un contenu r\u00e9cent fait remonter l\u2019indexation de votre site dans les moteurs de recherche. Mais les clients finalement n\u2019ont pas un fonctionnement diff\u00e9rent\u00a0: ils recherchent la nouveaut\u00e9, et les informations les plus r\u00e9centes en particulier sur les sujets qui \u00e9voluent en permanence.<\/p>\n<p>L\u2019offre d\u2019information est si vaste sur internet, que la date de publication devient un crit\u00e8re de choix d\u00e9cisif dans les navigations des internautes.<\/p>\n<p>Une mise \u00e0 jour demande moins de temps que la r\u00e9daction d\u2019un nouvel article. Il vous suffit de reprendre les bases th\u00e9oriques de votre c\u0153ur de m\u00e9tier, et de les modifier ou de les faire dialoguer avec l\u2019actualit\u00e9 r\u00e9cente.<\/p>\n<p>Au-del\u00e0 du gain \u00e9vident de temps et d\u2019argent, le recyclage de contenu correspond aussi \u00e0 une philosophie \u00e9cologique plus profonde et bien de notre \u00e9poque. Il s\u2019agit de ne plus consid\u00e9rer l\u2019article \u00ab\u00a0p\u00e9rim\u00e9\u00a0\u00bb comme un d\u00e9chet, mais comme une mati\u00e8re premi\u00e8re \u00e0 valoriser.<\/p>\n<p>Puisqu\u2019un contenu demande de l\u2019\u00e9nergie, du temps, de l\u2019expertise pour \u00eatre r\u00e9dig\u00e9, ne gaspillons pas cette \u00e9nergie. Le ma\u00eetre-mot est donc la modularit\u00e9\u00a0: un m\u00eame contenu doit avoir plusieurs usages, sous des apparences diff\u00e9rentes.<\/p>\n<p>&nbsp;<\/p>\n<h2>Changer de dimension<\/h2>\n<p>Il existe de nombreuses d\u00e9clinaisons possibles pour mettre \u00e0 jour votre contenu r\u00e9guli\u00e8rement. Par exemple, vous pouvez partir d\u2019un <a href=\"https:\/\/www.redacteur.com\/blog\/guide-complet-rediger-livre-blanc\/\">livre blanc<\/a> g\u00e9n\u00e9ral pour le scinder en diff\u00e9rents articles sur des sujets tr\u00e8s pointus. C\u2019est un exemple parlant, car un livre blanc est un outil de communication \u00e0 forte valeur ajout\u00e9e, destin\u00e9 \u00e0 renvoyer une image d\u2019expertise de l\u2019entreprise.<\/p>\n<p>Il est donc long et co\u00fbteux \u00e0 \u00e9laborer&nbsp;: c\u2019est une bonne raison de mettre \u00e0 jour son contenu en le pr\u00e9sentant sous une forme diff\u00e9rente. Un livre blanc peut aussi se subdiviser en plusieurs livres blancs.<\/p>\n<blockquote><p><strong>\u00c0 lire aussi&nbsp;:<\/strong> <a href=\"https:\/\/www.redacteur.com\/blog\/content-marketing-trouver-idees-blog\/\">Content marketing&nbsp;: comment trouver des id\u00e9es de sujets pour vos articles de blog&nbsp;?<\/a><\/p><\/blockquote>\n<p>On peut tr\u00e8s bien faire le chemin en sens inverse\u00a0: compiler plusieurs <a href=\"https:\/\/www.redacteur.com\/blog\/blog-erreur-redaction-article\/\">articles de blog<\/a> sur un m\u00eame sujet par exemple, pour en faire un livre blanc. L\u2019id\u00e9e est aussi de naviguer du th\u00e9orique au pratique et du pratique au th\u00e9orique. Ainsi, un article de fond peut se transformer en guide pratique, ou une check-list devenir un glossaire de termes professionnels.<\/p>\n<p>Pour valoriser encore plus ces changements de dimension, il est utile de renvoyer le prospect d\u2019une dimension \u00e0 l\u2019autre. Par exemple, proposer de t\u00e9l\u00e9charger le livre blanc complet \u00e0 la fin de la lecture d\u2019un article. Ou au contraire proposer la version \u00ab\u00a0pense-b\u00eate\u00a0\u00bb abr\u00e9g\u00e9e d\u2019un article long.<\/p>\n<p>&nbsp;<\/p>\n<h2>Changer de langage<\/h2>\n<figure id=\"attachment_26261\" aria-describedby=\"caption-attachment-26261\" style=\"width: 700px\" class=\"wp-caption aligncenter\"><a href=\"https:\/\/www.redacteur.com\/blog\/wp-content\/uploads\/sites\/6\/2021\/05\/education-5578742_1280-e1620635690194.png\"><img decoding=\"async\" class=\"size-full wp-image-26261\" src=\"https:\/\/www.redacteur.com\/blog\/wp-content\/uploads\/sites\/6\/2021\/05\/education-5578742_1280-e1620635690194.png\" alt=\"Changer de langage\" width=\"700\" height=\"514\" srcset=\"https:\/\/www.redacteur.com\/blog\/wp-content\/uploads\/sites\/6\/2021\/05\/education-5578742_1280-e1620635690194.png 700w, https:\/\/www.redacteur.com\/blog\/wp-content\/uploads\/sites\/6\/2021\/05\/education-5578742_1280-e1620635690194-300x220.png 300w, https:\/\/www.redacteur.com\/blog\/wp-content\/uploads\/sites\/6\/2021\/05\/education-5578742_1280-e1620635690194-60x44.png 60w, https:\/\/www.redacteur.com\/blog\/wp-content\/uploads\/sites\/6\/2021\/05\/education-5578742_1280-e1620635690194-370x272.png 370w, https:\/\/www.redacteur.com\/blog\/wp-content\/uploads\/sites\/6\/2021\/05\/education-5578742_1280-e1620635690194-270x198.png 270w, https:\/\/www.redacteur.com\/blog\/wp-content\/uploads\/sites\/6\/2021\/05\/education-5578742_1280-e1620635690194-570x419.png 570w, https:\/\/www.redacteur.com\/blog\/wp-content\/uploads\/sites\/6\/2021\/05\/education-5578742_1280-e1620635690194-80x60.png 80w\" sizes=\"(max-width: 700px) 100vw, 700px\" \/><\/a><figcaption id=\"caption-attachment-26261\" class=\"wp-caption-text\">\u00a9Pixabay<\/figcaption><\/figure>\n<p>Mais on peut innover encore davantage dans l\u2019optimisation de la mise \u00e0 jour de ses contenus. On a vu qu\u2019on pouvait changer de dimension. On peut aussi changer de langage. D\u00e9j\u00e0, on peut passer du langage fixe \u00ab\u00a0site\u00a0\u00bb au langage viral \u00ab\u00a0r\u00e9seaux sociaux\u00a0\u00bb. C\u2019est une mani\u00e8re habile de \u00ab\u00a0d\u00e9l\u00e9guer\u00a0\u00bb la mise \u00e0 jour de son contenu\u00a0: partag\u00e9, transf\u00e9r\u00e9, republi\u00e9, votre contenu sera ainsi toujours \u00e0 la pointe de l\u2019actualit\u00e9 pour un internaute.<\/p>\n<p>Changer de langage peut \u00eatre aussi plus radical\u00a0: passer du texte \u00e0 l\u2019image et du texte \u00e0 la voix. Pour optimiser la mise \u00e0 jour de vos contenus, vous pouvez ainsi recycler une partie de vos articles en graphique ou en infographie. Cela aura pour effet d\u2019am\u00e9liorer votre positionnement dans les moteurs de recherche image.<\/p>\n<p>Pensez aussi \u00e0 la vid\u00e9o, voire au webinar\u00a0: une fois que vous avez la mati\u00e8re th\u00e9orique sous forme de texte, c\u2019est un format assez simple \u00e0 mettre en place et qui pr\u00e9sent un ROI int\u00e9ressant.<\/p>\n<p>Enfin, on y pense moins spontan\u00e9ment, mais le podcast est un support en plein essor\u00a0: mettez \u00e0 jour un de vos anciens articles sous forme d\u2019enregistrement audio pour cr\u00e9er un lien diff\u00e9rent avec vos clients.<\/p>\n<p>&nbsp;<\/p>\n<blockquote><p><strong>\u00c0 lire aussi&nbsp;:<\/strong> <a href=\"https:\/\/www.redacteur.com\/blog\/optimisation-video-seo\/\">Comment optimiser vos vid\u00e9os pour le SEO&nbsp;?<\/a><\/p><\/blockquote>\n<p>&nbsp;<\/p>\n<h3>Notre conseil<\/h3>\n<p>On a vu combien la mise \u00e0 jour de vos contenus pouvait passer par une nouvelle mise en forme. Vous pouvez choisir de prendre le temps de le faire vous-m\u00eame, ou pr\u00e9f\u00e9rer confier ce travail cl\u00e9 pour votre communication \u00e0 un r\u00e9dacteur professionnel, tel que vous pourrez le trouver sur <a href=\"http:\/\/Redacteur.com\">Redacteur.com<\/a>.<\/p>\n","protected":false},"excerpt":{"rendered":"<p>Si vos recherches vous ont men\u00e9 \u00e0 cet article \u00ab\u00a0Comment optimiser la mise \u00e0 jour de vos contenus\u00a0\u00bb, c\u2019est que vous \u00eates d\u00e9j\u00e0 convaincu des atouts du content marketing. C\u2019est d\u00e9j\u00e0 une tr\u00e8s bonne chose. Mais dans cet article on est all\u00e9 plus loin, \u00e0 partir d\u2019une question faussement na\u00efve\u00a0: une fois le contenu cr\u00e9\u00e9 [&hellip;]<\/p>\n","protected":false},"author":1,"featured_media":26263,"comment_status":"open","ping_status":"open","sticky":false,"template":"","format":"standard","meta":{"_acf_changed":false,"inline_featured_image":false,"footnotes":""},"categories":[2],"tags":[],"class_list":["post-26240","post","type-post","status-publish","format-standard","has-post-thumbnail","hentry","category-contenu-web"],"acf":[],"yoast_head":"<!-- This site is optimized with the Yoast SEO plugin v25.9 - https:\/\/yoast.com\/wordpress\/plugins\/seo\/ -->\n<title>Comment optimiser la mise \u00e0 jour de vos contenus\u00a0? - Redacteur Blog<\/title>\n<meta name=\"description\" content=\"Si vos recherches vous ont men\u00e9 \u00e0 cet article \u00ab\u00a0Comment optimiser la mise \u00e0 jour de vos contenus\u00a0\u00bb, c\u2019est que vous \u00eates d\u00e9j\u00e0 convaincu des atouts du\" \/>\n<meta name=\"robots\" content=\"index, follow, max-snippet:-1, max-image-preview:large, max-video-preview:-1\" \/>\n<link rel=\"canonical\" href=\"https:\/\/www.redacteur.com\/blog\/optimisation-des-mises-a-jour-des-contenus\/\" \/>\n<meta property=\"og:locale\" content=\"fr_FR\" \/>\n<meta property=\"og:type\" content=\"article\" \/>\n<meta property=\"og:title\" content=\"Comment optimiser la mise \u00e0 jour de vos contenus\u00a0? - Redacteur Blog\" \/>\n<meta property=\"og:description\" content=\"Si vos recherches vous ont men\u00e9 \u00e0 cet article \u00ab\u00a0Comment optimiser la mise \u00e0 jour de vos contenus\u00a0\u00bb, c\u2019est que vous \u00eates d\u00e9j\u00e0 convaincu des atouts du\" \/>\n<meta property=\"og:url\" content=\"https:\/\/www.redacteur.com\/blog\/optimisation-des-mises-a-jour-des-contenus\/\" \/>\n<meta property=\"og:site_name\" content=\"Redacteur.com\" \/>\n<meta property=\"article:publisher\" content=\"https:\/\/www.facebook.com\/redacteurcom\" \/>\n<meta property=\"article:published_time\" content=\"2021-06-01T08:50:46+00:00\" \/>\n<meta property=\"og:image\" content=\"https:\/\/www.redacteur.com\/blog\/wp-content\/uploads\/sites\/6\/2021\/05\/image-a-la-une-redacteur4.jpg\" \/>\n\t<meta property=\"og:image:width\" content=\"850\" \/>\n\t<meta property=\"og:image:height\" content=\"600\" \/>\n\t<meta property=\"og:image:type\" content=\"image\/jpeg\" \/>\n<meta name=\"author\" content=\"Laura Michaud\" \/>\n<meta name=\"twitter:card\" content=\"summary_large_image\" \/>\n<meta name=\"twitter:creator\" content=\"@Redacteurcom\" \/>\n<meta name=\"twitter:site\" content=\"@Redacteurcom\" \/>\n<meta name=\"twitter:label1\" content=\"\u00c9crit par\" \/>\n\t<meta name=\"twitter:data1\" content=\"Laura Michaud\" \/>\n\t<meta name=\"twitter:label2\" content=\"Dur\u00e9e de lecture estim\u00e9e\" \/>\n\t<meta name=\"twitter:data2\" content=\"4 minutes\" \/>\n<script type=\"application\/ld+json\" class=\"yoast-schema-graph\">{\"@context\":\"https:\/\/schema.org\",\"@graph\":[{\"@type\":\"Article\",\"@id\":\"https:\/\/www.redacteur.com\/blog\/optimisation-des-mises-a-jour-des-contenus\/#article\",\"isPartOf\":{\"@id\":\"https:\/\/www.redacteur.com\/blog\/optimisation-des-mises-a-jour-des-contenus\/\"},\"author\":{\"name\":\"Laura Michaud\",\"@id\":\"https:\/\/www.redacteur.com\/blog\/#\/schema\/person\/33c0ef04707fbe50a096f282050bb5f2\"},\"headline\":\"Comment optimiser la mise \u00e0 jour de vos contenus\u00a0?\",\"datePublished\":\"2021-06-01T08:50:46+00:00\",\"mainEntityOfPage\":{\"@id\":\"https:\/\/www.redacteur.com\/blog\/optimisation-des-mises-a-jour-des-contenus\/\"},\"wordCount\":896,\"commentCount\":0,\"publisher\":{\"@id\":\"https:\/\/www.redacteur.com\/blog\/#organization\"},\"image\":{\"@id\":\"https:\/\/www.redacteur.com\/blog\/optimisation-des-mises-a-jour-des-contenus\/#primaryimage\"},\"thumbnailUrl\":\"https:\/\/www.redacteur.com\/blog\/wp-content\/uploads\/sites\/6\/2021\/05\/image-a-la-une-redacteur4.jpg\",\"articleSection\":[\"Content marketing\"],\"inLanguage\":\"fr-FR\",\"potentialAction\":[{\"@type\":\"CommentAction\",\"name\":\"Comment\",\"target\":[\"https:\/\/www.redacteur.com\/blog\/optimisation-des-mises-a-jour-des-contenus\/#respond\"]}]},{\"@type\":\"WebPage\",\"@id\":\"https:\/\/www.redacteur.com\/blog\/optimisation-des-mises-a-jour-des-contenus\/\",\"url\":\"https:\/\/www.redacteur.com\/blog\/optimisation-des-mises-a-jour-des-contenus\/\",\"name\":\"Comment optimiser la mise \u00e0 jour de vos contenus\u00a0? - Redacteur Blog\",\"isPartOf\":{\"@id\":\"https:\/\/www.redacteur.com\/blog\/#website\"},\"primaryImageOfPage\":{\"@id\":\"https:\/\/www.redacteur.com\/blog\/optimisation-des-mises-a-jour-des-contenus\/#primaryimage\"},\"image\":{\"@id\":\"https:\/\/www.redacteur.com\/blog\/optimisation-des-mises-a-jour-des-contenus\/#primaryimage\"},\"thumbnailUrl\":\"https:\/\/www.redacteur.com\/blog\/wp-content\/uploads\/sites\/6\/2021\/05\/image-a-la-une-redacteur4.jpg\",\"datePublished\":\"2021-06-01T08:50:46+00:00\",\"description\":\"Si vos recherches vous ont men\u00e9 \u00e0 cet article \u00ab\u00a0Comment optimiser la mise \u00e0 jour de vos contenus\u00a0\u00bb, c\u2019est que vous \u00eates d\u00e9j\u00e0 convaincu des atouts du\",\"breadcrumb\":{\"@id\":\"https:\/\/www.redacteur.com\/blog\/optimisation-des-mises-a-jour-des-contenus\/#breadcrumb\"},\"inLanguage\":\"fr-FR\",\"potentialAction\":[{\"@type\":\"ReadAction\",\"target\":[\"https:\/\/www.redacteur.com\/blog\/optimisation-des-mises-a-jour-des-contenus\/\"]}]},{\"@type\":\"ImageObject\",\"inLanguage\":\"fr-FR\",\"@id\":\"https:\/\/www.redacteur.com\/blog\/optimisation-des-mises-a-jour-des-contenus\/#primaryimage\",\"url\":\"https:\/\/www.redacteur.com\/blog\/wp-content\/uploads\/sites\/6\/2021\/05\/image-a-la-une-redacteur4.jpg\",\"contentUrl\":\"https:\/\/www.redacteur.com\/blog\/wp-content\/uploads\/sites\/6\/2021\/05\/image-a-la-une-redacteur4.jpg\",\"width\":850,\"height\":600,\"caption\":\"Comment optimiser la mise \u00e0 jour de vos contenus\"},{\"@type\":\"BreadcrumbList\",\"@id\":\"https:\/\/www.redacteur.com\/blog\/optimisation-des-mises-a-jour-des-contenus\/#breadcrumb\",\"itemListElement\":[{\"@type\":\"ListItem\",\"position\":1,\"name\":\"Blog\",\"item\":\"https:\/\/www.redacteur.com\/blog\/\"},{\"@type\":\"ListItem\",\"position\":2,\"name\":\"Content marketing\",\"item\":\"https:\/\/www.redacteur.com\/blog\/contenu-web\/\"},{\"@type\":\"ListItem\",\"position\":3,\"name\":\"Comment optimiser la mise \u00e0 jour de vos contenus\u00a0?\"}]},{\"@type\":\"WebSite\",\"@id\":\"https:\/\/www.redacteur.com\/blog\/#website\",\"url\":\"https:\/\/www.redacteur.com\/blog\/\",\"name\":\"Redacteur.com\",\"description\":\"redacteur\",\"publisher\":{\"@id\":\"https:\/\/www.redacteur.com\/blog\/#organization\"},\"potentialAction\":[{\"@type\":\"SearchAction\",\"target\":{\"@type\":\"EntryPoint\",\"urlTemplate\":\"https:\/\/www.redacteur.com\/blog\/?s={search_term_string}\"},\"query-input\":{\"@type\":\"PropertyValueSpecification\",\"valueRequired\":true,\"valueName\":\"search_term_string\"}}],\"inLanguage\":\"fr-FR\"},{\"@type\":\"Organization\",\"@id\":\"https:\/\/www.redacteur.com\/blog\/#organization\",\"name\":\"Redacteur.com\",\"url\":\"https:\/\/www.redacteur.com\/blog\/\",\"logo\":{\"@type\":\"ImageObject\",\"inLanguage\":\"fr-FR\",\"@id\":\"https:\/\/www.redacteur.com\/blog\/#\/schema\/logo\/image\/\",\"url\":\"https:\/\/www.redacteur.com\/blog\/wp-content\/uploads\/sites\/6\/2022\/10\/logo-redacteur-blog.svg\",\"contentUrl\":\"https:\/\/www.redacteur.com\/blog\/wp-content\/uploads\/sites\/6\/2022\/10\/logo-redacteur-blog.svg\",\"width\":1,\"height\":1,\"caption\":\"Redacteur.com\"},\"image\":{\"@id\":\"https:\/\/www.redacteur.com\/blog\/#\/schema\/logo\/image\/\"},\"sameAs\":[\"https:\/\/www.facebook.com\/redacteurcom\",\"https:\/\/x.com\/Redacteurcom\",\"https:\/\/www.linkedin.com\/company\/redacteur-com\",\"https:\/\/www.youtube.com\/channel\/UCgj9ySM9xy3gdL8qBafl9Uw\/\"]},{\"@type\":\"Person\",\"@id\":\"https:\/\/www.redacteur.com\/blog\/#\/schema\/person\/33c0ef04707fbe50a096f282050bb5f2\",\"name\":\"Laura Michaud\",\"image\":{\"@type\":\"ImageObject\",\"inLanguage\":\"fr-FR\",\"@id\":\"https:\/\/www.redacteur.com\/blog\/#\/schema\/person\/image\/\",\"url\":\"https:\/\/secure.gravatar.com\/avatar\/c3328cc0c887f98cec6b2979af3311ab6333fc7cc2d4847514cfec6a56fa08a7?s=96&d=mm&r=g\",\"contentUrl\":\"https:\/\/secure.gravatar.com\/avatar\/c3328cc0c887f98cec6b2979af3311ab6333fc7cc2d4847514cfec6a56fa08a7?s=96&d=mm&r=g\",\"caption\":\"Laura Michaud\"},\"description\":\"Laura connait tous les meilleurs outils pour g\u00e9rer des projets et une entreprise. Cr\u00e9ative, c'est aussi une sp\u00e9cialiste des outils de cr\u00e9ation graphique pour faire briller une entreprise.\",\"sameAs\":[\"https:\/\/www.linkedin.com\/in\/michaudlaura\/\"],\"url\":\"https:\/\/www.redacteur.com\/blog\/author\/laura\/\"}]}<\/script>\n<!-- \/ Yoast SEO plugin. -->","yoast_head_json":{"title":"Comment optimiser la mise \u00e0 jour de vos contenus\u00a0? - Redacteur Blog","description":"Si vos recherches vous ont men\u00e9 \u00e0 cet article \u00ab\u00a0Comment optimiser la mise \u00e0 jour de vos contenus\u00a0\u00bb, c\u2019est que vous \u00eates d\u00e9j\u00e0 convaincu des atouts du","robots":{"index":"index","follow":"follow","max-snippet":"max-snippet:-1","max-image-preview":"max-image-preview:large","max-video-preview":"max-video-preview:-1"},"canonical":"https:\/\/www.redacteur.com\/blog\/optimisation-des-mises-a-jour-des-contenus\/","og_locale":"fr_FR","og_type":"article","og_title":"Comment optimiser la mise \u00e0 jour de vos contenus\u00a0? - Redacteur Blog","og_description":"Si vos recherches vous ont men\u00e9 \u00e0 cet article \u00ab\u00a0Comment optimiser la mise \u00e0 jour de vos contenus\u00a0\u00bb, c\u2019est que vous \u00eates d\u00e9j\u00e0 convaincu des atouts du","og_url":"https:\/\/www.redacteur.com\/blog\/optimisation-des-mises-a-jour-des-contenus\/","og_site_name":"Redacteur.com","article_publisher":"https:\/\/www.facebook.com\/redacteurcom","article_published_time":"2021-06-01T08:50:46+00:00","og_image":[{"width":850,"height":600,"url":"https:\/\/www.redacteur.com\/blog\/wp-content\/uploads\/sites\/6\/2021\/05\/image-a-la-une-redacteur4.jpg","type":"image\/jpeg"}],"author":"Laura Michaud","twitter_card":"summary_large_image","twitter_creator":"@Redacteurcom","twitter_site":"@Redacteurcom","twitter_misc":{"\u00c9crit par":"Laura Michaud","Dur\u00e9e de lecture estim\u00e9e":"4 minutes"},"schema":{"@context":"https:\/\/schema.org","@graph":[{"@type":"Article","@id":"https:\/\/www.redacteur.com\/blog\/optimisation-des-mises-a-jour-des-contenus\/#article","isPartOf":{"@id":"https:\/\/www.redacteur.com\/blog\/optimisation-des-mises-a-jour-des-contenus\/"},"author":{"name":"Laura Michaud","@id":"https:\/\/www.redacteur.com\/blog\/#\/schema\/person\/33c0ef04707fbe50a096f282050bb5f2"},"headline":"Comment optimiser la mise \u00e0 jour de vos contenus\u00a0?","datePublished":"2021-06-01T08:50:46+00:00","mainEntityOfPage":{"@id":"https:\/\/www.redacteur.com\/blog\/optimisation-des-mises-a-jour-des-contenus\/"},"wordCount":896,"commentCount":0,"publisher":{"@id":"https:\/\/www.redacteur.com\/blog\/#organization"},"image":{"@id":"https:\/\/www.redacteur.com\/blog\/optimisation-des-mises-a-jour-des-contenus\/#primaryimage"},"thumbnailUrl":"https:\/\/www.redacteur.com\/blog\/wp-content\/uploads\/sites\/6\/2021\/05\/image-a-la-une-redacteur4.jpg","articleSection":["Content marketing"],"inLanguage":"fr-FR","potentialAction":[{"@type":"CommentAction","name":"Comment","target":["https:\/\/www.redacteur.com\/blog\/optimisation-des-mises-a-jour-des-contenus\/#respond"]}]},{"@type":"WebPage","@id":"https:\/\/www.redacteur.com\/blog\/optimisation-des-mises-a-jour-des-contenus\/","url":"https:\/\/www.redacteur.com\/blog\/optimisation-des-mises-a-jour-des-contenus\/","name":"Comment optimiser la mise \u00e0 jour de vos contenus\u00a0? - Redacteur Blog","isPartOf":{"@id":"https:\/\/www.redacteur.com\/blog\/#website"},"primaryImageOfPage":{"@id":"https:\/\/www.redacteur.com\/blog\/optimisation-des-mises-a-jour-des-contenus\/#primaryimage"},"image":{"@id":"https:\/\/www.redacteur.com\/blog\/optimisation-des-mises-a-jour-des-contenus\/#primaryimage"},"thumbnailUrl":"https:\/\/www.redacteur.com\/blog\/wp-content\/uploads\/sites\/6\/2021\/05\/image-a-la-une-redacteur4.jpg","datePublished":"2021-06-01T08:50:46+00:00","description":"Si vos recherches vous ont men\u00e9 \u00e0 cet article \u00ab\u00a0Comment optimiser la mise \u00e0 jour de vos contenus\u00a0\u00bb, c\u2019est que vous \u00eates d\u00e9j\u00e0 convaincu des atouts du","breadcrumb":{"@id":"https:\/\/www.redacteur.com\/blog\/optimisation-des-mises-a-jour-des-contenus\/#breadcrumb"},"inLanguage":"fr-FR","potentialAction":[{"@type":"ReadAction","target":["https:\/\/www.redacteur.com\/blog\/optimisation-des-mises-a-jour-des-contenus\/"]}]},{"@type":"ImageObject","inLanguage":"fr-FR","@id":"https:\/\/www.redacteur.com\/blog\/optimisation-des-mises-a-jour-des-contenus\/#primaryimage","url":"https:\/\/www.redacteur.com\/blog\/wp-content\/uploads\/sites\/6\/2021\/05\/image-a-la-une-redacteur4.jpg","contentUrl":"https:\/\/www.redacteur.com\/blog\/wp-content\/uploads\/sites\/6\/2021\/05\/image-a-la-une-redacteur4.jpg","width":850,"height":600,"caption":"Comment optimiser la mise \u00e0 jour de vos contenus"},{"@type":"BreadcrumbList","@id":"https:\/\/www.redacteur.com\/blog\/optimisation-des-mises-a-jour-des-contenus\/#breadcrumb","itemListElement":[{"@type":"ListItem","position":1,"name":"Blog","item":"https:\/\/www.redacteur.com\/blog\/"},{"@type":"ListItem","position":2,"name":"Content marketing","item":"https:\/\/www.redacteur.com\/blog\/contenu-web\/"},{"@type":"ListItem","position":3,"name":"Comment optimiser la mise \u00e0 jour de vos contenus\u00a0?"}]},{"@type":"WebSite","@id":"https:\/\/www.redacteur.com\/blog\/#website","url":"https:\/\/www.redacteur.com\/blog\/","name":"Redacteur.com","description":"redacteur","publisher":{"@id":"https:\/\/www.redacteur.com\/blog\/#organization"},"potentialAction":[{"@type":"SearchAction","target":{"@type":"EntryPoint","urlTemplate":"https:\/\/www.redacteur.com\/blog\/?s={search_term_string}"},"query-input":{"@type":"PropertyValueSpecification","valueRequired":true,"valueName":"search_term_string"}}],"inLanguage":"fr-FR"},{"@type":"Organization","@id":"https:\/\/www.redacteur.com\/blog\/#organization","name":"Redacteur.com","url":"https:\/\/www.redacteur.com\/blog\/","logo":{"@type":"ImageObject","inLanguage":"fr-FR","@id":"https:\/\/www.redacteur.com\/blog\/#\/schema\/logo\/image\/","url":"https:\/\/www.redacteur.com\/blog\/wp-content\/uploads\/sites\/6\/2022\/10\/logo-redacteur-blog.svg","contentUrl":"https:\/\/www.redacteur.com\/blog\/wp-content\/uploads\/sites\/6\/2022\/10\/logo-redacteur-blog.svg","width":1,"height":1,"caption":"Redacteur.com"},"image":{"@id":"https:\/\/www.redacteur.com\/blog\/#\/schema\/logo\/image\/"},"sameAs":["https:\/\/www.facebook.com\/redacteurcom","https:\/\/x.com\/Redacteurcom","https:\/\/www.linkedin.com\/company\/redacteur-com","https:\/\/www.youtube.com\/channel\/UCgj9ySM9xy3gdL8qBafl9Uw\/"]},{"@type":"Person","@id":"https:\/\/www.redacteur.com\/blog\/#\/schema\/person\/33c0ef04707fbe50a096f282050bb5f2","name":"Laura Michaud","image":{"@type":"ImageObject","inLanguage":"fr-FR","@id":"https:\/\/www.redacteur.com\/blog\/#\/schema\/person\/image\/","url":"https:\/\/secure.gravatar.com\/avatar\/c3328cc0c887f98cec6b2979af3311ab6333fc7cc2d4847514cfec6a56fa08a7?s=96&d=mm&r=g","contentUrl":"https:\/\/secure.gravatar.com\/avatar\/c3328cc0c887f98cec6b2979af3311ab6333fc7cc2d4847514cfec6a56fa08a7?s=96&d=mm&r=g","caption":"Laura Michaud"},"description":"Laura connait tous les meilleurs outils pour g\u00e9rer des projets et une entreprise. Cr\u00e9ative, c'est aussi une sp\u00e9cialiste des outils de cr\u00e9ation graphique pour faire briller une entreprise.","sameAs":["https:\/\/www.linkedin.com\/in\/michaudlaura\/"],"url":"https:\/\/www.redacteur.com\/blog\/author\/laura\/"}]}},"_links":{"self":[{"href":"https:\/\/www.redacteur.com\/blog\/wp-json\/wp\/v2\/posts\/26240","targetHints":{"allow":["GET"]}}],"collection":[{"href":"https:\/\/www.redacteur.com\/blog\/wp-json\/wp\/v2\/posts"}],"about":[{"href":"https:\/\/www.redacteur.com\/blog\/wp-json\/wp\/v2\/types\/post"}],"author":[{"embeddable":true,"href":"https:\/\/www.redacteur.com\/blog\/wp-json\/wp\/v2\/users\/1"}],"replies":[{"embeddable":true,"href":"https:\/\/www.redacteur.com\/blog\/wp-json\/wp\/v2\/comments?post=26240"}],"version-history":[{"count":0,"href":"https:\/\/www.redacteur.com\/blog\/wp-json\/wp\/v2\/posts\/26240\/revisions"}],"wp:featuredmedia":[{"embeddable":true,"href":"https:\/\/www.redacteur.com\/blog\/wp-json\/wp\/v2\/media\/26263"}],"wp:attachment":[{"href":"https:\/\/www.redacteur.com\/blog\/wp-json\/wp\/v2\/media?parent=26240"}],"wp:term":[{"taxonomy":"category","embeddable":true,"href":"https:\/\/www.redacteur.com\/blog\/wp-json\/wp\/v2\/categories?post=26240"},{"taxonomy":"post_tag","embeddable":true,"href":"https:\/\/www.redacteur.com\/blog\/wp-json\/wp\/v2\/tags?post=26240"}],"curies":[{"name":"wp","href":"https:\/\/api.w.org\/{rel}","templated":true}]}}