{"id":28099,"date":"2023-10-16T10:50:00","date_gmt":"2023-10-16T08:50:00","guid":{"rendered":"https:\/\/www.redacteur.com\/blog\/?p=28099"},"modified":"2023-10-16T10:50:00","modified_gmt":"2023-10-16T08:50:00","slug":"strategie-editoriale-reseaux-sociaux","status":"publish","type":"post","link":"https:\/\/www.redacteur.com\/blog\/strategie-editoriale-reseaux-sociaux\/","title":{"rendered":"Social media\u00a0: 5 \u00e9tapes pour r\u00e9ussir une strat\u00e9gie \u00e9ditoriale"},"content":{"rendered":"<p>Les <a href=\"https:\/\/www.redacteur.com\/blog\/smo-guide-optimisation-reseaux-sociaux\/\">r\u00e9seaux sociaux<\/a> ont r\u00e9ussi \u00e0 occuper une place importante dans la strat\u00e9gie de communication des entreprises. En effet, ils permettent de promouvoir les offres, les produits et les \u00e9v\u00e9nements, de rester en contact avec les clients en permanence et de partager les actualit\u00e9s concernant l\u2019entreprise.<\/p>\n<p>La pr\u00e9sence sur ces plateformes est devenue fondamentale pour booster la notori\u00e9t\u00e9 et l\u2019image de marque. Cependant, il est crucial de bien g\u00e9rer vos comptes pour en tirer profit efficacement.<\/p>\n<p>D\u00e9couvrez les diff\u00e9rentes \u00e9tapes \u00e0 suivre pour mener \u00e0 bien une <a href=\"https:\/\/www.redacteur.com\/blog\/livre-blanc-creer-ligne-editoriale\/\">strat\u00e9gie \u00e9ditoriale<\/a> sur les r\u00e9seaux sociaux.<\/p>\n<h2>L\u2019importance d\u2019\u00e9tablir un calendrier \u00e9ditorial pour le social m\u00e9dia<\/h2>\n<p><a href=\"https:\/\/www.redacteur.com\/blog\/wp-content\/uploads\/sites\/6\/2021\/09\/calendar-1763587_1280-e1632155926135.png\"><img decoding=\"async\" class=\"size-full wp-image-28151 aligncenter\" src=\"https:\/\/www.redacteur.com\/blog\/wp-content\/uploads\/sites\/6\/2021\/09\/calendar-1763587_1280-e1632155926135.png\" alt=\"\" width=\"700\" height=\"511\" srcset=\"https:\/\/www.redacteur.com\/blog\/wp-content\/uploads\/sites\/6\/2021\/09\/calendar-1763587_1280-e1632155926135.png 700w, https:\/\/www.redacteur.com\/blog\/wp-content\/uploads\/sites\/6\/2021\/09\/calendar-1763587_1280-e1632155926135-300x219.png 300w, https:\/\/www.redacteur.com\/blog\/wp-content\/uploads\/sites\/6\/2021\/09\/calendar-1763587_1280-e1632155926135-60x44.png 60w, https:\/\/www.redacteur.com\/blog\/wp-content\/uploads\/sites\/6\/2021\/09\/calendar-1763587_1280-e1632155926135-370x270.png 370w, https:\/\/www.redacteur.com\/blog\/wp-content\/uploads\/sites\/6\/2021\/09\/calendar-1763587_1280-e1632155926135-270x197.png 270w, https:\/\/www.redacteur.com\/blog\/wp-content\/uploads\/sites\/6\/2021\/09\/calendar-1763587_1280-e1632155926135-570x416.png 570w\" sizes=\"(max-width: 700px) 100vw, 700px\" \/><\/a><\/p>\n<p>Que serait une strat\u00e9gie de communication sans les r\u00e9seaux sociaux\u2009? Pour g\u00e9rer vos comptes dans les meilleures conditions, il est capital d\u2019\u00e9tablir un <a href=\"https:\/\/www.redacteur.com\/blog\/comment-realiser-calendrier-editorial-5-min\/\">calendrier \u00e9ditorial<\/a>. Il vous permettra de planifier la publication r\u00e9guli\u00e8re de vos contenus, de mettre au point les campagnes sur les r\u00e9seaux sociaux et d\u2019essayer diverses strat\u00e9gies marketing. En outre, il vous sera plus simple d\u2019examiner vos publications.<\/p>\n<p>Ce calendrier optimisera l\u2019organisation de votre strat\u00e9gie \u00e9ditoriale. Tous les membres de l\u2019\u00e9quipe \u00e9ditoriale pourront prendre connaissance de leurs t\u00e2ches respectives. Cela leur permettra de pr\u00e9parer les posts en avance, pour qu\u2019ils soient pertinents et percutants.<\/p>\n<p>De plus, vous pouvez anticiper les jours f\u00e9ri\u00e9s et dates marquantes et pour cr\u00e9er des visuels captivants pour l\u2019occasion. De cette mani\u00e8re, vous aurez toutes les chances de marquer les esprits de vos cibles.<\/p>\n<p>Mais ce calendrier vous sert \u00e9galement d\u2019outil cl\u00e9 pour analyser le taux d\u2019engagement du public cibl\u00e9. Vous pourrez ainsi d\u00e9finir les horaires ad\u00e9quats pour publier les contenus, les centres d\u2019int\u00e9r\u00eat de vos cibles, les pr\u00e9f\u00e9rences de ces derniers, ou encore les CTA \u00e0 adopter.<\/p>\n<blockquote><p><strong>\u00c0 lire aussi&nbsp;:<\/strong> <a href=\"https:\/\/www.redacteur.com\/blog\/contenu-calendrier-editorial\/\">Calendrier \u00e9ditorial&nbsp;: comment d\u00e9finir et organiser le contenu \u00e0 produire\u2009?<\/a><\/p><\/blockquote>\n<h2>La strat\u00e9gie \u00e9ditoriale en 5&nbsp;\u00e9tapes<\/h2>\n<p><img decoding=\"async\" class=\"aligncenter wp-image-38836 size-full\" src=\"https:\/\/www.redacteur.com\/blog\/wp-content\/uploads\/sites\/6\/2022\/10\/meilleurs-outils-gestion-reseaux-sociaux.jpg\" alt=\"\" width=\"800\" height=\"533\" srcset=\"https:\/\/www.redacteur.com\/blog\/wp-content\/uploads\/sites\/6\/2022\/10\/meilleurs-outils-gestion-reseaux-sociaux.jpg 800w, https:\/\/www.redacteur.com\/blog\/wp-content\/uploads\/sites\/6\/2022\/10\/meilleurs-outils-gestion-reseaux-sociaux-300x200.jpg 300w, https:\/\/www.redacteur.com\/blog\/wp-content\/uploads\/sites\/6\/2022\/10\/meilleurs-outils-gestion-reseaux-sociaux-768x512.jpg 768w, https:\/\/www.redacteur.com\/blog\/wp-content\/uploads\/sites\/6\/2022\/10\/meilleurs-outils-gestion-reseaux-sociaux-60x40.jpg 60w, https:\/\/www.redacteur.com\/blog\/wp-content\/uploads\/sites\/6\/2022\/10\/meilleurs-outils-gestion-reseaux-sociaux-370x247.jpg 370w, https:\/\/www.redacteur.com\/blog\/wp-content\/uploads\/sites\/6\/2022\/10\/meilleurs-outils-gestion-reseaux-sociaux-270x180.jpg 270w, https:\/\/www.redacteur.com\/blog\/wp-content\/uploads\/sites\/6\/2022\/10\/meilleurs-outils-gestion-reseaux-sociaux-570x380.jpg 570w, https:\/\/www.redacteur.com\/blog\/wp-content\/uploads\/sites\/6\/2022\/10\/meilleurs-outils-gestion-reseaux-sociaux-740x493.jpg 740w\" sizes=\"(max-width: 800px) 100vw, 800px\" \/><\/p>\n<p>Vous l\u2019aurez compris, le calendrier \u00e9ditorial est le pilier de votre strat\u00e9gie de communication sur les r\u00e9seaux sociaux. Reste \u00e0 savoir comment l\u2019\u00e9tablir dans les r\u00e8gles de l\u2019art\u2009!<\/p>\n<h3>1. Cerner le public cible et d\u00e9finir les r\u00e9seaux sociaux \u00e0 utiliser<\/h3>\n<p>Cerner le public cible est n\u00e9cessaire pour pouvoir l\u2019atteindre efficacement. Il ne sert \u00e0 rien de poster du contenu sans avoir une id\u00e9e des profils \u00e0 qui vous souhaitez vous adresser. Pour ce faire, vous devez r\u00e9aliser une analyse sur les donn\u00e9es d\u00e9mographiques de vos cibles (\u00e2ge, sexe, go\u00fbts\u2026) et prendre connaissance de leur usage des r\u00e9seaux sociaux. Tout simplement parce que le choix des plateformes \u00e0 exploiter va en d\u00e9pendre.<\/p>\n<h3>2. Utiliser un mod\u00e8le de calendrier \u00e9ditorial<\/h3>\n<p>Pour \u00e9viter la perte de temps,&nbsp;les mod\u00e8les de <a href=\"https:\/\/www.redacteur.com\/blog\/contenu-calendrier-editorial\/\">calendrier \u00e9ditorial<\/a> pour les r\u00e9seaux sociaux seront vos meilleurs alli\u00e9s pour commencer. Que vous optiez pour <a href=\"https:\/\/www.redacteur.com\/blog\/conseils-redaction-publications-instagram\/\">Instagram<\/a>, <a href=\"https:\/\/www.redacteur.com\/blog\/linkedin-booster-profil-entrepreneur\/\">LinkedIn<\/a>, <a href=\"https:\/\/www.redacteur.com\/blog\/facebook-page-entreprise-ou-groupe\/\">Facebook<\/a> ou <a href=\"https:\/\/www.redacteur.com\/blog\/comment-faire-de-la-pub-sur-twitter\/\">Twitter<\/a>, il est facile de trouver le calendrier adapt\u00e9. Cet outil vous facilitera la programmation de vos campagnes et l\u2019organisation de la publication de contenus r\u00e9guliers.<\/p>\n<h3>3. D\u00e9finir le type de contenu \u00e0 poster<\/h3>\n<p>Il n\u2019est pas toujours \u00e9vident de choisir les contenus \u00e0 publier. Pourtant, la qualit\u00e9 des contenus a un impact direct sur le taux d\u2019engagement des cibles. Si vous venez de rejoindre une plateforme, analyser la concurrence est de mise pour choisir les <a href=\"https:\/\/www.redacteur.com\/blog\/seo-guide-des-mots-cles\/\">bons mots-cl\u00e9s<\/a> en fonction des cibles.<\/p>\n<p>Il est \u00e9galement essentiel de se tenir \u00e0 jour des derni\u00e8res <a href=\"https:\/\/www.redacteur.com\/blog\/tendances-social-media-2022\/\">tendances<\/a> dans votre secteur d\u2019activit\u00e9. Vous pourrez ensuite vous baser sur vos anciens posts qui ont g\u00e9n\u00e9r\u00e9 du trafic pour am\u00e9liorer davantage votre contenu. Les dates marquantes peuvent \u00e9galement vous aider \u00e0 d\u00e9finir le type de contenu \u00e0 poster.<\/p>\n<blockquote><p><strong>\u00c0 lire aussi&nbsp;:<\/strong> <a href=\"https:\/\/www.redacteur.com\/blog\/utilisation-motion-design-communication\/\">Social media&nbsp;: pourquoi utiliser des motions design dans votre communication\u2009?<\/a><\/p><\/blockquote>\n<h3>4. Mettre au point la r\u00e9gularit\u00e9 des posts<\/h3>\n<p>Apr\u00e8s avoir d\u00e9fini les r\u00e9seaux sociaux \u00e0 utiliser et le contenu \u00e0 partager, vous devez mettre au point la fr\u00e9quence de publication sur vos comptes. Vous pouvez le faire tous les jours, toutes les semaines ou tous les mois, selon la fr\u00e9quence de connexion de votre public. Sachez que la r\u00e9ussite de votre strat\u00e9gie \u00e9ditoriale ne d\u00e9pend pas de la quantit\u00e9 de posts publi\u00e9s.<\/p>\n<blockquote><p>\u00c0 lire aussi&nbsp;: <a href=\"https:\/\/www.redacteur.com\/blog\/social-media-tendances-2022\/\">Social Media&nbsp;: les 13&nbsp;tendances \u00e0 suivre en 2022<\/a><\/p><\/blockquote>\n<h3>5. Mesurer les impacts de votre pr\u00e9sence sur les r\u00e9seaux sociaux<\/h3>\n<p>Une fois votre strat\u00e9gie \u00e9ditoriale mise en place, il ne vous reste plus qu\u2019\u00e0 suivre les r\u00e9sultats et de mesurer leur efficacit\u00e9. De nombreux outils peuvent vous permettre d\u2019avoir acc\u00e8s aux informations cruciales concernant vos contenus publi\u00e9s. Vous pouvez m\u00eame les utiliser pour d\u00e9terminer le moment propice pour diffuser vos publications afin d\u2019augmenter le taux d\u2019engagement de vos cibles.<\/p>\n<h3>Notre conseil<\/h3>\n<p>Une fois la strat\u00e9gie \u00e9ditoriale de vos r\u00e9seaux sociaux d\u00e9finie, nous vous recommandons de confier la r\u00e9daction de vos publications \u00e0 des r\u00e9dacteurs web professionnels sur <a href=\"http:\/\/redacteur.com\">Redacteur.com<\/a>.<\/p>\n","protected":false},"excerpt":{"rendered":"<p>Les r\u00e9seaux sociaux ont r\u00e9ussi \u00e0 occuper une place importante dans la strat\u00e9gie de communication des entreprises. En effet, ils permettent de promouvoir les offres, les produits et les \u00e9v\u00e9nements, de rester en contact avec les clients en permanence et de partager les actualit\u00e9s concernant l\u2019entreprise. La pr\u00e9sence sur ces plateformes est devenue fondamentale pour [&hellip;]<\/p>\n","protected":false},"author":1,"featured_media":38833,"comment_status":"open","ping_status":"open","sticky":false,"template":"","format":"standard","meta":{"_acf_changed":false,"inline_featured_image":false,"footnotes":""},"categories":[12],"tags":[],"class_list":["post-28099","post","type-post","status-publish","format-standard","has-post-thumbnail","hentry","category-reseaux-sociaux"],"acf":[],"yoast_head":"<!-- This site is optimized with the Yoast SEO plugin v25.9 - https:\/\/yoast.com\/wordpress\/plugins\/seo\/ -->\n<title>Social media\u00a0: 5 \u00e9tapes pour r\u00e9ussir une strat\u00e9gie \u00e9ditoriale - Redacteur Blog<\/title>\n<meta name=\"description\" content=\"Les r\u00e9seaux sociaux ont r\u00e9ussi \u00e0 occuper une place importante dans la strat\u00e9gie de communication des entreprises. En effet, ils permettent de promouvoir\" \/>\n<meta name=\"robots\" content=\"index, follow, max-snippet:-1, max-image-preview:large, max-video-preview:-1\" \/>\n<link rel=\"canonical\" href=\"https:\/\/www.redacteur.com\/blog\/strategie-editoriale-reseaux-sociaux\/\" \/>\n<meta property=\"og:locale\" content=\"fr_FR\" \/>\n<meta property=\"og:type\" content=\"article\" \/>\n<meta property=\"og:title\" content=\"Social media\u00a0: 5 \u00e9tapes pour r\u00e9ussir une strat\u00e9gie \u00e9ditoriale - Redacteur Blog\" \/>\n<meta property=\"og:description\" content=\"Les r\u00e9seaux sociaux ont r\u00e9ussi \u00e0 occuper une place importante dans la strat\u00e9gie de communication des entreprises. En effet, ils permettent de promouvoir\" \/>\n<meta property=\"og:url\" content=\"https:\/\/www.redacteur.com\/blog\/strategie-editoriale-reseaux-sociaux\/\" \/>\n<meta property=\"og:site_name\" content=\"Redacteur.com\" \/>\n<meta property=\"article:publisher\" content=\"https:\/\/www.facebook.com\/redacteurcom\" \/>\n<meta property=\"article:published_time\" content=\"2023-10-16T08:50:00+00:00\" \/>\n<meta property=\"og:image\" content=\"https:\/\/www.redacteur.com\/blog\/wp-content\/uploads\/sites\/6\/2022\/10\/Image-a-la-une-5-etapes-ligne-edito.png\" \/>\n\t<meta property=\"og:image:width\" content=\"1024\" \/>\n\t<meta property=\"og:image:height\" content=\"618\" \/>\n\t<meta property=\"og:image:type\" content=\"image\/png\" \/>\n<meta name=\"author\" content=\"Laura Michaud\" \/>\n<meta name=\"twitter:card\" content=\"summary_large_image\" \/>\n<meta name=\"twitter:creator\" content=\"@Redacteurcom\" \/>\n<meta name=\"twitter:site\" content=\"@Redacteurcom\" \/>\n<meta name=\"twitter:label1\" content=\"\u00c9crit par\" \/>\n\t<meta name=\"twitter:data1\" content=\"Laura Michaud\" \/>\n\t<meta name=\"twitter:label2\" content=\"Dur\u00e9e de lecture estim\u00e9e\" \/>\n\t<meta name=\"twitter:data2\" content=\"5 minutes\" \/>\n<script type=\"application\/ld+json\" class=\"yoast-schema-graph\">{\"@context\":\"https:\/\/schema.org\",\"@graph\":[{\"@type\":\"Article\",\"@id\":\"https:\/\/www.redacteur.com\/blog\/strategie-editoriale-reseaux-sociaux\/#article\",\"isPartOf\":{\"@id\":\"https:\/\/www.redacteur.com\/blog\/strategie-editoriale-reseaux-sociaux\/\"},\"author\":{\"name\":\"Laura Michaud\",\"@id\":\"https:\/\/www.redacteur.com\/blog\/#\/schema\/person\/33c0ef04707fbe50a096f282050bb5f2\"},\"headline\":\"Social media\u00a0: 5 \u00e9tapes pour r\u00e9ussir une strat\u00e9gie \u00e9ditoriale\",\"datePublished\":\"2023-10-16T08:50:00+00:00\",\"mainEntityOfPage\":{\"@id\":\"https:\/\/www.redacteur.com\/blog\/strategie-editoriale-reseaux-sociaux\/\"},\"wordCount\":869,\"commentCount\":0,\"publisher\":{\"@id\":\"https:\/\/www.redacteur.com\/blog\/#organization\"},\"image\":{\"@id\":\"https:\/\/www.redacteur.com\/blog\/strategie-editoriale-reseaux-sociaux\/#primaryimage\"},\"thumbnailUrl\":\"https:\/\/www.redacteur.com\/blog\/wp-content\/uploads\/sites\/6\/2022\/10\/Image-a-la-une-5-etapes-ligne-edito.png\",\"articleSection\":[\"R\u00e9seaux sociaux\"],\"inLanguage\":\"fr-FR\",\"potentialAction\":[{\"@type\":\"CommentAction\",\"name\":\"Comment\",\"target\":[\"https:\/\/www.redacteur.com\/blog\/strategie-editoriale-reseaux-sociaux\/#respond\"]}]},{\"@type\":\"WebPage\",\"@id\":\"https:\/\/www.redacteur.com\/blog\/strategie-editoriale-reseaux-sociaux\/\",\"url\":\"https:\/\/www.redacteur.com\/blog\/strategie-editoriale-reseaux-sociaux\/\",\"name\":\"Social media\u00a0: 5 \u00e9tapes pour r\u00e9ussir une strat\u00e9gie \u00e9ditoriale - Redacteur Blog\",\"isPartOf\":{\"@id\":\"https:\/\/www.redacteur.com\/blog\/#website\"},\"primaryImageOfPage\":{\"@id\":\"https:\/\/www.redacteur.com\/blog\/strategie-editoriale-reseaux-sociaux\/#primaryimage\"},\"image\":{\"@id\":\"https:\/\/www.redacteur.com\/blog\/strategie-editoriale-reseaux-sociaux\/#primaryimage\"},\"thumbnailUrl\":\"https:\/\/www.redacteur.com\/blog\/wp-content\/uploads\/sites\/6\/2022\/10\/Image-a-la-une-5-etapes-ligne-edito.png\",\"datePublished\":\"2023-10-16T08:50:00+00:00\",\"description\":\"Les r\u00e9seaux sociaux ont r\u00e9ussi \u00e0 occuper une place importante dans la strat\u00e9gie de communication des entreprises. En effet, ils permettent de promouvoir\",\"breadcrumb\":{\"@id\":\"https:\/\/www.redacteur.com\/blog\/strategie-editoriale-reseaux-sociaux\/#breadcrumb\"},\"inLanguage\":\"fr-FR\",\"potentialAction\":[{\"@type\":\"ReadAction\",\"target\":[\"https:\/\/www.redacteur.com\/blog\/strategie-editoriale-reseaux-sociaux\/\"]}]},{\"@type\":\"ImageObject\",\"inLanguage\":\"fr-FR\",\"@id\":\"https:\/\/www.redacteur.com\/blog\/strategie-editoriale-reseaux-sociaux\/#primaryimage\",\"url\":\"https:\/\/www.redacteur.com\/blog\/wp-content\/uploads\/sites\/6\/2022\/10\/Image-a-la-une-5-etapes-ligne-edito.png\",\"contentUrl\":\"https:\/\/www.redacteur.com\/blog\/wp-content\/uploads\/sites\/6\/2022\/10\/Image-a-la-une-5-etapes-ligne-edito.png\",\"width\":1024,\"height\":618},{\"@type\":\"BreadcrumbList\",\"@id\":\"https:\/\/www.redacteur.com\/blog\/strategie-editoriale-reseaux-sociaux\/#breadcrumb\",\"itemListElement\":[{\"@type\":\"ListItem\",\"position\":1,\"name\":\"Blog\",\"item\":\"https:\/\/www.redacteur.com\/blog\/\"},{\"@type\":\"ListItem\",\"position\":2,\"name\":\"Content marketing\",\"item\":\"https:\/\/www.redacteur.com\/blog\/contenu-web\/\"},{\"@type\":\"ListItem\",\"position\":3,\"name\":\"R\u00e9seaux sociaux\",\"item\":\"https:\/\/www.redacteur.com\/blog\/contenu-web\/reseaux-sociaux\/\"},{\"@type\":\"ListItem\",\"position\":4,\"name\":\"Social media\u00a0: 5 \u00e9tapes pour r\u00e9ussir une strat\u00e9gie \u00e9ditoriale\"}]},{\"@type\":\"WebSite\",\"@id\":\"https:\/\/www.redacteur.com\/blog\/#website\",\"url\":\"https:\/\/www.redacteur.com\/blog\/\",\"name\":\"Redacteur.com\",\"description\":\"redacteur\",\"publisher\":{\"@id\":\"https:\/\/www.redacteur.com\/blog\/#organization\"},\"potentialAction\":[{\"@type\":\"SearchAction\",\"target\":{\"@type\":\"EntryPoint\",\"urlTemplate\":\"https:\/\/www.redacteur.com\/blog\/?s={search_term_string}\"},\"query-input\":{\"@type\":\"PropertyValueSpecification\",\"valueRequired\":true,\"valueName\":\"search_term_string\"}}],\"inLanguage\":\"fr-FR\"},{\"@type\":\"Organization\",\"@id\":\"https:\/\/www.redacteur.com\/blog\/#organization\",\"name\":\"Redacteur.com\",\"url\":\"https:\/\/www.redacteur.com\/blog\/\",\"logo\":{\"@type\":\"ImageObject\",\"inLanguage\":\"fr-FR\",\"@id\":\"https:\/\/www.redacteur.com\/blog\/#\/schema\/logo\/image\/\",\"url\":\"https:\/\/www.redacteur.com\/blog\/wp-content\/uploads\/sites\/6\/2022\/10\/logo-redacteur-blog.svg\",\"contentUrl\":\"https:\/\/www.redacteur.com\/blog\/wp-content\/uploads\/sites\/6\/2022\/10\/logo-redacteur-blog.svg\",\"width\":1,\"height\":1,\"caption\":\"Redacteur.com\"},\"image\":{\"@id\":\"https:\/\/www.redacteur.com\/blog\/#\/schema\/logo\/image\/\"},\"sameAs\":[\"https:\/\/www.facebook.com\/redacteurcom\",\"https:\/\/x.com\/Redacteurcom\",\"https:\/\/www.linkedin.com\/company\/redacteur-com\",\"https:\/\/www.youtube.com\/channel\/UCgj9ySM9xy3gdL8qBafl9Uw\/\"]},{\"@type\":\"Person\",\"@id\":\"https:\/\/www.redacteur.com\/blog\/#\/schema\/person\/33c0ef04707fbe50a096f282050bb5f2\",\"name\":\"Laura Michaud\",\"image\":{\"@type\":\"ImageObject\",\"inLanguage\":\"fr-FR\",\"@id\":\"https:\/\/www.redacteur.com\/blog\/#\/schema\/person\/image\/\",\"url\":\"https:\/\/secure.gravatar.com\/avatar\/c3328cc0c887f98cec6b2979af3311ab6333fc7cc2d4847514cfec6a56fa08a7?s=96&d=mm&r=g\",\"contentUrl\":\"https:\/\/secure.gravatar.com\/avatar\/c3328cc0c887f98cec6b2979af3311ab6333fc7cc2d4847514cfec6a56fa08a7?s=96&d=mm&r=g\",\"caption\":\"Laura Michaud\"},\"description\":\"Laura connait tous les meilleurs outils pour g\u00e9rer des projets et une entreprise. Cr\u00e9ative, c'est aussi une sp\u00e9cialiste des outils de cr\u00e9ation graphique pour faire briller une entreprise.\",\"sameAs\":[\"https:\/\/www.linkedin.com\/in\/michaudlaura\/\"],\"url\":\"https:\/\/www.redacteur.com\/blog\/author\/laura\/\"}]}<\/script>\n<!-- \/ Yoast SEO plugin. -->","yoast_head_json":{"title":"Social media\u00a0: 5 \u00e9tapes pour r\u00e9ussir une strat\u00e9gie \u00e9ditoriale - Redacteur Blog","description":"Les r\u00e9seaux sociaux ont r\u00e9ussi \u00e0 occuper une place importante dans la strat\u00e9gie de communication des entreprises. En effet, ils permettent de promouvoir","robots":{"index":"index","follow":"follow","max-snippet":"max-snippet:-1","max-image-preview":"max-image-preview:large","max-video-preview":"max-video-preview:-1"},"canonical":"https:\/\/www.redacteur.com\/blog\/strategie-editoriale-reseaux-sociaux\/","og_locale":"fr_FR","og_type":"article","og_title":"Social media\u00a0: 5 \u00e9tapes pour r\u00e9ussir une strat\u00e9gie \u00e9ditoriale - Redacteur Blog","og_description":"Les r\u00e9seaux sociaux ont r\u00e9ussi \u00e0 occuper une place importante dans la strat\u00e9gie de communication des entreprises. En effet, ils permettent de promouvoir","og_url":"https:\/\/www.redacteur.com\/blog\/strategie-editoriale-reseaux-sociaux\/","og_site_name":"Redacteur.com","article_publisher":"https:\/\/www.facebook.com\/redacteurcom","article_published_time":"2023-10-16T08:50:00+00:00","og_image":[{"width":1024,"height":618,"url":"https:\/\/www.redacteur.com\/blog\/wp-content\/uploads\/sites\/6\/2022\/10\/Image-a-la-une-5-etapes-ligne-edito.png","type":"image\/png"}],"author":"Laura Michaud","twitter_card":"summary_large_image","twitter_creator":"@Redacteurcom","twitter_site":"@Redacteurcom","twitter_misc":{"\u00c9crit par":"Laura Michaud","Dur\u00e9e de lecture estim\u00e9e":"5 minutes"},"schema":{"@context":"https:\/\/schema.org","@graph":[{"@type":"Article","@id":"https:\/\/www.redacteur.com\/blog\/strategie-editoriale-reseaux-sociaux\/#article","isPartOf":{"@id":"https:\/\/www.redacteur.com\/blog\/strategie-editoriale-reseaux-sociaux\/"},"author":{"name":"Laura Michaud","@id":"https:\/\/www.redacteur.com\/blog\/#\/schema\/person\/33c0ef04707fbe50a096f282050bb5f2"},"headline":"Social media\u00a0: 5 \u00e9tapes pour r\u00e9ussir une strat\u00e9gie \u00e9ditoriale","datePublished":"2023-10-16T08:50:00+00:00","mainEntityOfPage":{"@id":"https:\/\/www.redacteur.com\/blog\/strategie-editoriale-reseaux-sociaux\/"},"wordCount":869,"commentCount":0,"publisher":{"@id":"https:\/\/www.redacteur.com\/blog\/#organization"},"image":{"@id":"https:\/\/www.redacteur.com\/blog\/strategie-editoriale-reseaux-sociaux\/#primaryimage"},"thumbnailUrl":"https:\/\/www.redacteur.com\/blog\/wp-content\/uploads\/sites\/6\/2022\/10\/Image-a-la-une-5-etapes-ligne-edito.png","articleSection":["R\u00e9seaux sociaux"],"inLanguage":"fr-FR","potentialAction":[{"@type":"CommentAction","name":"Comment","target":["https:\/\/www.redacteur.com\/blog\/strategie-editoriale-reseaux-sociaux\/#respond"]}]},{"@type":"WebPage","@id":"https:\/\/www.redacteur.com\/blog\/strategie-editoriale-reseaux-sociaux\/","url":"https:\/\/www.redacteur.com\/blog\/strategie-editoriale-reseaux-sociaux\/","name":"Social media\u00a0: 5 \u00e9tapes pour r\u00e9ussir une strat\u00e9gie \u00e9ditoriale - Redacteur Blog","isPartOf":{"@id":"https:\/\/www.redacteur.com\/blog\/#website"},"primaryImageOfPage":{"@id":"https:\/\/www.redacteur.com\/blog\/strategie-editoriale-reseaux-sociaux\/#primaryimage"},"image":{"@id":"https:\/\/www.redacteur.com\/blog\/strategie-editoriale-reseaux-sociaux\/#primaryimage"},"thumbnailUrl":"https:\/\/www.redacteur.com\/blog\/wp-content\/uploads\/sites\/6\/2022\/10\/Image-a-la-une-5-etapes-ligne-edito.png","datePublished":"2023-10-16T08:50:00+00:00","description":"Les r\u00e9seaux sociaux ont r\u00e9ussi \u00e0 occuper une place importante dans la strat\u00e9gie de communication des entreprises. En effet, ils permettent de promouvoir","breadcrumb":{"@id":"https:\/\/www.redacteur.com\/blog\/strategie-editoriale-reseaux-sociaux\/#breadcrumb"},"inLanguage":"fr-FR","potentialAction":[{"@type":"ReadAction","target":["https:\/\/www.redacteur.com\/blog\/strategie-editoriale-reseaux-sociaux\/"]}]},{"@type":"ImageObject","inLanguage":"fr-FR","@id":"https:\/\/www.redacteur.com\/blog\/strategie-editoriale-reseaux-sociaux\/#primaryimage","url":"https:\/\/www.redacteur.com\/blog\/wp-content\/uploads\/sites\/6\/2022\/10\/Image-a-la-une-5-etapes-ligne-edito.png","contentUrl":"https:\/\/www.redacteur.com\/blog\/wp-content\/uploads\/sites\/6\/2022\/10\/Image-a-la-une-5-etapes-ligne-edito.png","width":1024,"height":618},{"@type":"BreadcrumbList","@id":"https:\/\/www.redacteur.com\/blog\/strategie-editoriale-reseaux-sociaux\/#breadcrumb","itemListElement":[{"@type":"ListItem","position":1,"name":"Blog","item":"https:\/\/www.redacteur.com\/blog\/"},{"@type":"ListItem","position":2,"name":"Content marketing","item":"https:\/\/www.redacteur.com\/blog\/contenu-web\/"},{"@type":"ListItem","position":3,"name":"R\u00e9seaux sociaux","item":"https:\/\/www.redacteur.com\/blog\/contenu-web\/reseaux-sociaux\/"},{"@type":"ListItem","position":4,"name":"Social media\u00a0: 5 \u00e9tapes pour r\u00e9ussir une strat\u00e9gie \u00e9ditoriale"}]},{"@type":"WebSite","@id":"https:\/\/www.redacteur.com\/blog\/#website","url":"https:\/\/www.redacteur.com\/blog\/","name":"Redacteur.com","description":"redacteur","publisher":{"@id":"https:\/\/www.redacteur.com\/blog\/#organization"},"potentialAction":[{"@type":"SearchAction","target":{"@type":"EntryPoint","urlTemplate":"https:\/\/www.redacteur.com\/blog\/?s={search_term_string}"},"query-input":{"@type":"PropertyValueSpecification","valueRequired":true,"valueName":"search_term_string"}}],"inLanguage":"fr-FR"},{"@type":"Organization","@id":"https:\/\/www.redacteur.com\/blog\/#organization","name":"Redacteur.com","url":"https:\/\/www.redacteur.com\/blog\/","logo":{"@type":"ImageObject","inLanguage":"fr-FR","@id":"https:\/\/www.redacteur.com\/blog\/#\/schema\/logo\/image\/","url":"https:\/\/www.redacteur.com\/blog\/wp-content\/uploads\/sites\/6\/2022\/10\/logo-redacteur-blog.svg","contentUrl":"https:\/\/www.redacteur.com\/blog\/wp-content\/uploads\/sites\/6\/2022\/10\/logo-redacteur-blog.svg","width":1,"height":1,"caption":"Redacteur.com"},"image":{"@id":"https:\/\/www.redacteur.com\/blog\/#\/schema\/logo\/image\/"},"sameAs":["https:\/\/www.facebook.com\/redacteurcom","https:\/\/x.com\/Redacteurcom","https:\/\/www.linkedin.com\/company\/redacteur-com","https:\/\/www.youtube.com\/channel\/UCgj9ySM9xy3gdL8qBafl9Uw\/"]},{"@type":"Person","@id":"https:\/\/www.redacteur.com\/blog\/#\/schema\/person\/33c0ef04707fbe50a096f282050bb5f2","name":"Laura Michaud","image":{"@type":"ImageObject","inLanguage":"fr-FR","@id":"https:\/\/www.redacteur.com\/blog\/#\/schema\/person\/image\/","url":"https:\/\/secure.gravatar.com\/avatar\/c3328cc0c887f98cec6b2979af3311ab6333fc7cc2d4847514cfec6a56fa08a7?s=96&d=mm&r=g","contentUrl":"https:\/\/secure.gravatar.com\/avatar\/c3328cc0c887f98cec6b2979af3311ab6333fc7cc2d4847514cfec6a56fa08a7?s=96&d=mm&r=g","caption":"Laura Michaud"},"description":"Laura connait tous les meilleurs outils pour g\u00e9rer des projets et une entreprise. Cr\u00e9ative, c'est aussi une sp\u00e9cialiste des outils de cr\u00e9ation graphique pour faire briller une entreprise.","sameAs":["https:\/\/www.linkedin.com\/in\/michaudlaura\/"],"url":"https:\/\/www.redacteur.com\/blog\/author\/laura\/"}]}},"_links":{"self":[{"href":"https:\/\/www.redacteur.com\/blog\/wp-json\/wp\/v2\/posts\/28099","targetHints":{"allow":["GET"]}}],"collection":[{"href":"https:\/\/www.redacteur.com\/blog\/wp-json\/wp\/v2\/posts"}],"about":[{"href":"https:\/\/www.redacteur.com\/blog\/wp-json\/wp\/v2\/types\/post"}],"author":[{"embeddable":true,"href":"https:\/\/www.redacteur.com\/blog\/wp-json\/wp\/v2\/users\/1"}],"replies":[{"embeddable":true,"href":"https:\/\/www.redacteur.com\/blog\/wp-json\/wp\/v2\/comments?post=28099"}],"version-history":[{"count":0,"href":"https:\/\/www.redacteur.com\/blog\/wp-json\/wp\/v2\/posts\/28099\/revisions"}],"wp:featuredmedia":[{"embeddable":true,"href":"https:\/\/www.redacteur.com\/blog\/wp-json\/wp\/v2\/media\/38833"}],"wp:attachment":[{"href":"https:\/\/www.redacteur.com\/blog\/wp-json\/wp\/v2\/media?parent=28099"}],"wp:term":[{"taxonomy":"category","embeddable":true,"href":"https:\/\/www.redacteur.com\/blog\/wp-json\/wp\/v2\/categories?post=28099"},{"taxonomy":"post_tag","embeddable":true,"href":"https:\/\/www.redacteur.com\/blog\/wp-json\/wp\/v2\/tags?post=28099"}],"curies":[{"name":"wp","href":"https:\/\/api.w.org\/{rel}","templated":true}]}}