{"id":28206,"date":"2021-10-20T10:50:19","date_gmt":"2021-10-20T08:50:19","guid":{"rendered":"https:\/\/www.redacteur.com\/blog\/?p=28206"},"modified":"2021-10-20T10:50:19","modified_gmt":"2021-10-20T08:50:19","slug":"ecriture-inclusive-conseils","status":"publish","type":"post","link":"https:\/\/www.redacteur.com\/blog\/ecriture-inclusive-conseils\/","title":{"rendered":"Ecriture inclusive\u00a0: nos conseils et exemple"},"content":{"rendered":"<p>L\u2019<a href=\"https:\/\/www.redacteur.com\/blog\/comment-pourquoi-utiliser-ecriture-inclusive\/\">\u00e9criture inclusive<\/a> est un th\u00e8me qui est souvent au centre de discussions vives. Ce style d\u2019\u00e9criture \u00e9galement connu comme le langage \u00e9pic\u00e8ne est de plus en plus d\u00e9nigr\u00e9 en France.<\/p>\n<p>Il vise \u00e0 optimiser la visibilit\u00e9 de la femme dans l\u2019\u00e9criture, mais est combattu par les adeptes de la langue \u00e0 l\u2019\u00e9tat pur.<\/p>\n<p>Fran\u00e7ois Jolivet lui-m\u00eame propose de promulguer une loi qui interdise ce type de langage dans les papiers administratifs.<\/p>\n<p>&nbsp;<\/p>\n<h2>L\u2019\u00e9criture inclusive, c\u2019est quoi\u00a0?<\/h2>\n<p>L\u2019\u00e9criture inclusive est un amas de pratiques visant \u00e0 gommer les diff\u00e9rents \u00e9l\u00e9ments du langage qui sont genr\u00e9s et sexistes.<\/p>\n<p>Ce qui passe par diff\u00e9rentes graphies et r\u00e8gles propres \u00e0 la mani\u00e8re d\u2019\u00e9crire le fran\u00e7ais.<\/p>\n<p>Le but est de revenir sur diff\u00e9rentes r\u00e8gles appartenant \u00e0 la langue et qui empruntent des st\u00e9r\u00e9otypes de genre. Les f\u00e9ministes ont d\u00e9fendu ces r\u00e8gles vers 1970-1980.<\/p>\n<p>Il n\u2019est pas \u00e9vident de d\u00e9crire l\u2019histoire de <a href=\"https:\/\/www.redacteur.com\/blog\/ecriture-inclusive-seo-est-ce-possible\/\">l\u2019\u00e9criture inclusive<\/a>. C\u2019est une expression regroupant diverses modalit\u00e9s qui divisent les tenants de l\u2019\u00e9criture inclusive.<\/p>\n<blockquote><p><strong>\u00c0 lire aussi&nbsp;:<\/strong> <a href=\"https:\/\/www.redacteur.com\/blog\/redaction-trouver-style-ecriture\/\">R\u00e9daction&nbsp;: comment trouver son style d\u2019\u00e9criture&nbsp;?<\/a><\/p><\/blockquote>\n<p>&nbsp;<\/p>\n<h2>Comment faire pour \u00e9crire de mani\u00e8re inclusive\u00a0?<\/h2>\n<p>Pour \u00e9crire de mani\u00e8re inclusive, il faut commencer par retirer les expressions sexistes (Mademoiselle). Cela consiste \u00e9galement \u00e0 \u00f4ter le nom de jeune fille.<\/p>\n<p>Les noms de fonction et de m\u00e9tier sont aussi f\u00e9minis\u00e9s. Les mots neutres sont pr\u00e9f\u00e9r\u00e9s aux noms masculins. On parle plus de droits humains que de droits de l\u2019homme.<\/p>\n<p>Par ailleurs, l\u2019\u00e9criture inclusive vise aussi \u00e0 user du masculin et du f\u00e9minin dans les messages r\u00e9serv\u00e9s au public mixte.<\/p>\n<p>Ainsi, \u00e0 l\u2019oral, on dit plut\u00f4t \u00ab les anglais et les anglaises \u00bb m\u00eame si les anglaises sont d\u00e9j\u00e0 comprises dans les anglais.<\/p>\n<p>Le masculin l\u2019emporte sur le f\u00e9minin, mais cette pratique, les d\u00e9fenseurs de l\u2019\u00e9criture inclusive la remettent en cause.<\/p>\n<p>Certes, le masculin est neutre. Certains optent pour l\u2019accord majoritaire. Ici, l\u2019accord le plus repr\u00e9sent\u00e9 s\u2019en sort vainqueur.<\/p>\n<p>De ce fait, on \u00e9crit \u00ab Marc et ses quatre filles sont parties \u00bb au lieu de \u00ab partis \u00bb.<\/p>\n<p>&nbsp;<\/p>\n<h2>Pourquoi faut-il d\u00e9fendre cette pratique\u00a0?<\/h2>\n<p>Les personnes qui militent pour l\u2019\u00e9criture inclusive proposent diff\u00e9rents arguments.<\/p>\n<p>L\u2019histoire de la langue fait partie de ces derniers. Ceux qui d\u00e9fendent l\u2019\u00e9criture inclusive commencent par rappeler diff\u00e9rentes r\u00e8gles. D\u00e9j\u00e0, ils confirment que le masculin l\u2019emporte sur le f\u00e9minin.<\/p>\n<p>Sinon, ils pr\u00f4nent \u00e9galement la neutralisation des diff\u00e9rentes professions et fonctions en utilisant le masculin. Ainsi, on \u00e9crit \u00ab Madame le maire \u00bb.<\/p>\n<p>Le genre masculin semble plus noble et pr\u00e9vaut contre diff\u00e9rents genres f\u00e9minins. Il semble plus proche des adjectifs que le genre f\u00e9minin.<\/p>\n<p>L\u2019exp\u00e9rience est le second argument qui est mis en avant. Certes, on dit souvent les infirmi\u00e8res alors qu\u2019on dit aussi les docteurs. De m\u00eame, on dit spontan\u00e9ment la secr\u00e9taire et l\u2019avocat.<\/p>\n<p>Ce qui semble renvoyer \u00e0 des pr\u00e9jug\u00e9s.<\/p>\n<p>Ainsi, en parlant d\u2019infirmi\u00e8res et de m\u00e9decins, on tend \u00e0 les inscrire dans un inconscient collectif. Ainsi, on finit par croire que m\u00e9decin est un m\u00e9tier pour homme et infirmier un travail de femme.<\/p>\n<p>Pourtant, cette hypoth\u00e8se est fausse.<\/p>\n<figure id=\"attachment_28209\" aria-describedby=\"caption-attachment-28209\" style=\"width: 700px\" class=\"wp-caption aligncenter\"><img decoding=\"async\" class=\"size-full wp-image-28209\" src=\"https:\/\/www.redacteur.com\/blog\/wp-content\/uploads\/sites\/6\/2021\/09\/inc-2.jpg\" alt=\"Ecriture inclusive\" width=\"700\" height=\"467\" srcset=\"https:\/\/www.redacteur.com\/blog\/wp-content\/uploads\/sites\/6\/2021\/09\/inc-2.jpg 700w, https:\/\/www.redacteur.com\/blog\/wp-content\/uploads\/sites\/6\/2021\/09\/inc-2-300x200.jpg 300w, https:\/\/www.redacteur.com\/blog\/wp-content\/uploads\/sites\/6\/2021\/09\/inc-2-60x40.jpg 60w, https:\/\/www.redacteur.com\/blog\/wp-content\/uploads\/sites\/6\/2021\/09\/inc-2-370x247.jpg 370w, https:\/\/www.redacteur.com\/blog\/wp-content\/uploads\/sites\/6\/2021\/09\/inc-2-270x180.jpg 270w, https:\/\/www.redacteur.com\/blog\/wp-content\/uploads\/sites\/6\/2021\/09\/inc-2-570x380.jpg 570w\" sizes=\"(max-width: 700px) 100vw, 700px\" \/><figcaption id=\"caption-attachment-28209\" class=\"wp-caption-text\">Source&nbsp;: freepik.com<\/figcaption><\/figure>\n<blockquote><p><strong>\u00c0 lire aussi&nbsp;:<\/strong> <a href=\"https:\/\/www.redacteur.com\/blog\/ecriture-inclusive-seo\/\">Faut-il int\u00e9grer l\u2019\u00e9criture inclusive dans vos r\u00e9dactions SEO&nbsp;?<\/a><\/p><\/blockquote>\n<h2><\/h2>\n<h2>Quid des reproches des opposants\u00a0?<\/h2>\n<p>L\u2019\u00e9criture inclusive peut aussi nous conduire \u00e0 nous confondre pendant les conversations.<\/p>\n<p>D\u2019apr\u00e8s les opposants, l\u2019\u00e9criture inclusive a tendance \u00e0 rendre l\u2019apprentissage beaucoup plus complexe. Pour d\u2019autres, cette pratique est assez \u00ab excluante \u00bb surtout avec les \u00ab e-s \u00bb.<\/p>\n<p>Quand on introduit une sp\u00e9cification sur le sexe, on se retrouve sur une dissociation. Ce qui est contraire \u00e0 l\u2019inclusion. On syst\u00e9matise l\u2019opposition de genre en essayant de l\u2019annuler.<\/p>\n<p>La nouvelle \u00e9criture peut avoir un effet d\u2019opposition des gar\u00e7ons et des filles. Ce qui finit par cr\u00e9er une exclusion pour les deux parties. Cela aggrave les difficult\u00e9s au sein des petites classes.<\/p>\n<p>&nbsp;<\/p>\n<h2>L\u2019\u00e9criture inclusive&nbsp;: qu\u2019est-ce que cela suscite\u00a0?<\/h2>\n<p>Int\u00e9grer des perspectives dans la langue fran\u00e7aise a caus\u00e9 de grandes effervescences. Des graphies et des n\u00e9ologismes commenc\u00e8rent \u00e0 faire leur apparition.<\/p>\n<p>Par ailleurs, les linguistes proposent de revenir \u00e0 diff\u00e9rentes formes de f\u00e9minisation qui furent interdites au 18<sup>e<\/sup> si\u00e8cle.<\/p>\n<p>On a d\u00fb attendre le 20<sup>e<\/sup> si\u00e8cle pour f\u00e9miniser les fonctions (professeure, docteure\u2026).<\/p>\n<p>&nbsp;<\/p>\n<h2>ESBC&nbsp;: quelles sont les strat\u00e9gies mises en avant\u00a0?<\/h2>\n<p>Il y a quelques strat\u00e9gies \u00e0 utiliser pour profiter d\u2019une \u00e9criture lisible et \u00e9pic\u00e8ne. Il est recommand\u00e9 de combiner diverses m\u00e9thodes.<\/p>\n<h3>Faire usage d\u2019une formulation neutre<\/h3>\n<p>Il est certes envisageable de substituer un mot genr\u00e9 en usant d\u2019un mot neutre. Il est possible d\u2019utiliser des noms neutres pour les noms de fonction, noms collectifs ou encore noms \u00e9pic\u00e8nes\u2026<\/p>\n<p>Il est aussi possible d\u2019utiliser les noms \u00e9pic\u00e8nes au pluriel. Ainsi, il vaut mieux dire \u00ab les biblioth\u00e9caires \u00bb au lieu d\u2019utiliser \u00ab le ou l\u00e0 \u00bb.<\/p>\n<p>Il est pr\u00e9conis\u00e9 de faire usage d\u2019adjectifs \u00e9pic\u00e8nes dont \u00ab un ou une candidate apte \u00bb au lieu de \u00ab un candidat comp\u00e9tent, une candidate comp\u00e9tente\u2026 \u00bb.<\/p>\n<p>Il vaut mieux user des pronoms \u00e9pic\u00e8nes dont \u00ab une personne \u00bb au lieu de dire \u00ab un participant, une participante \u00bb.<\/p>\n<blockquote><p>\u00c0 lire aussi&nbsp;:\u00a0<a href=\"https:\/\/www.redacteur.com\/blog\/integration-pronom-iel-textes\/\">Pronom IEL, comment l\u2019int\u00e9grer dans vos textes\u00a0?<\/a><\/p><\/blockquote>\n<p>&nbsp;<\/p>\n<h3>User de la forme tronqu\u00e9e ou du doublet<\/h3>\n<p>Il est conseill\u00e9 d\u2019utiliser le doublet pour permettre aux femmes et aux hommes d\u2019\u00eatre visibles dans le texte.<\/p>\n<p>La place des femmes est marqu\u00e9e de mani\u00e8re explicite. Il est pr\u00e9conis\u00e9 d\u2019user des mots avec une forme f\u00e9minine qui se reconnaissent ais\u00e9ment \u00e0 l\u2019oral.<\/p>\n<p>Ainsi, on dit chercheuse au lieu de chercheure.<\/p>\n<h3>Sur l\u2019adjectif et l\u2019article<\/h3>\n<p>En utilisant l\u2019article au singulier, il est envisageable de doubler l\u2019article. Si c\u2019est un exemple, il vaut mieux choisir une variation des personnes et des genres.<\/p>\n<p>Ainsi, au lieu d\u2019\u00e9crire \u00ab le journaliste \u00bb, on \u00e9crira \u00ab le ou la journaliste \u00bb.<\/p>\n<h3>Pr\u00e9ciser \u00ab les hommes et les femmes \u00bb<\/h3>\n<p>Il est pr\u00e9conis\u00e9 de parler des hommes et des femmes et d\u2019\u00e9crire \u00ab les chefs de file, femmes et hommes \u00bb au lieu d\u2019\u00e9crire \u00ab les chefs de file \u00bb tout court.<\/p>\n<figure id=\"attachment_28210\" aria-describedby=\"caption-attachment-28210\" style=\"width: 700px\" class=\"wp-caption aligncenter\"><img decoding=\"async\" class=\"size-full wp-image-28210\" src=\"https:\/\/www.redacteur.com\/blog\/wp-content\/uploads\/sites\/6\/2021\/09\/inc-3.jpg\" alt=\"Ecriture inclusive\" width=\"700\" height=\"700\" srcset=\"https:\/\/www.redacteur.com\/blog\/wp-content\/uploads\/sites\/6\/2021\/09\/inc-3.jpg 700w, https:\/\/www.redacteur.com\/blog\/wp-content\/uploads\/sites\/6\/2021\/09\/inc-3-300x300.jpg 300w, https:\/\/www.redacteur.com\/blog\/wp-content\/uploads\/sites\/6\/2021\/09\/inc-3-150x150.jpg 150w, https:\/\/www.redacteur.com\/blog\/wp-content\/uploads\/sites\/6\/2021\/09\/inc-3-60x60.jpg 60w, https:\/\/www.redacteur.com\/blog\/wp-content\/uploads\/sites\/6\/2021\/09\/inc-3-370x370.jpg 370w, https:\/\/www.redacteur.com\/blog\/wp-content\/uploads\/sites\/6\/2021\/09\/inc-3-270x270.jpg 270w, https:\/\/www.redacteur.com\/blog\/wp-content\/uploads\/sites\/6\/2021\/09\/inc-3-570x570.jpg 570w\" sizes=\"(max-width: 700px) 100vw, 700px\" \/><figcaption id=\"caption-attachment-28210\" class=\"wp-caption-text\">Source&nbsp;: freepik.com<\/figcaption><\/figure>\n<p>&nbsp;<\/p>\n<h2>Pourquoi user de l\u2019\u00e9criture inclusive dans la communication\u00a0?<\/h2>\n<p>Choisir l\u2019\u00e9criture inclusive est susceptible de faire peur \u00e0 certaines personnes. En effet, ce changement n\u2019est pas toujours accueilli comme il se doit.<\/p>\n<p>D\u2019ailleurs, de nombreuses enseignes en ont pay\u00e9 les frais.<\/p>\n<p>Certes, faire usage du point m\u00e9dian indique une prise de position \u00e0 privil\u00e9gier. Pour une entreprise, cela d\u00e9pend de la marque.<\/p>\n<p>Toutefois, force est de constater que cette pratique est point\u00e9e du doigt par les non-voyants \u00e9tant donn\u00e9 que les logiciels de lecture ne peuvent encore d\u00e9chiffrer ce type d\u2019\u00e9criture.<\/p>\n<p>Quoi qu\u2019il n\u2019est pas obligatoire de se servir de ce point m\u00e9dian qui n\u2019est pas une obligation pour r\u00e9diger un texte \u00e9galitaire. Il faudra juste se r\u00e9f\u00e9rer aux r\u00e8gles susmentionn\u00e9es.<\/p>\n<p>Actuellement, l\u2019\u00e9criture inclusive semble gagner du terrain. Dans un manuel scolaire de 2017, elle a \u00e9t\u00e9 \u00e0 la une des journaux. A partir d\u2019ao\u00fbt, Twitter g\u00e9n\u00e9ralise le pronom inclusif \u00ab iel \u00bb.<\/p>\n<p>On use de ce pronom quand on ne conna\u00eet pas le genre de la personne. Si les r\u00e9seaux usent de ce pronom, c\u2019est que le mouvement n\u2019est pas anodin.<\/p>\n<p>En utilisant l\u2019\u00e9criture inclusive en entreprise, les dirigeants s\u2019assurent de s\u2019exprimer de mani\u00e8re \u00e9galitaire.<\/p>\n<blockquote><p><strong>\u00c0 lire aussi&nbsp;:<\/strong> <a href=\"https:\/\/www.redacteur.com\/blog\/5-secrets-ecriture-redacteur-web\/\">5 secrets de r\u00e9dacteur pour une meilleure \u00e9criture web<\/a><\/p><\/blockquote>\n<p>&nbsp;<\/p>\n<h2>Qu\u2019en dit l\u2019Acad\u00e9mie Fran\u00e7aise\u00a0?<\/h2>\n<p>L\u2019Acad\u00e9mie Fran\u00e7aise prend aussi part \u00e0 ce d\u00e9bat. Les grammairiens auraient pr\u00e9f\u00e9r\u00e9 masculiniser la langue et ils, n\u2019ont eu de cesse de le prouver depuis la cr\u00e9ation de ladite acad\u00e9mie en 1634.<\/p>\n<p>En somme, il s\u2019agit d\u2019un acte d\u00e9lib\u00e9r\u00e9. Les mots f\u00e9minis\u00e9s ont exist\u00e9 jusqu\u2019au XVIIe si\u00e8cle et ils ont souvent \u00e9t\u00e9 employ\u00e9s \u00e0 c\u00f4t\u00e9 des formes masculines.<\/p>\n<p>Cette pratique remonte d\u2019ailleurs au Moyen-\u00e2ge et on disait plut\u00f4t auteurs et autrices ou encore professeurs et professeures.<\/p>\n<p>Ce groupe d\u2019hommes a ensuite pris une d\u00e9cision consistant \u00e0 dire que le masculin l\u2019emporte sur le f\u00e9minin pour les m\u00e9tiers.<\/p>\n<p>En 1651, l\u2019Acad\u00e9mie a d\u00e9cr\u00e9t\u00e9 que le genre masculin est plus empreint de noblesse. Il pr\u00e9vaut donc seul face \u00e0 plusieurs genres f\u00e9minins.<\/p>\n<p>Cette sup\u00e9riorit\u00e9 du m\u00e2le sur la femelle fera l\u2019objet d\u2019un enseignement pendant plus de 100 ans. Les \u00e9l\u00e8ves doivent saisir ce principe en \u00e9crivant.<\/p>\n<p>La circulaire visant \u00e0 f\u00e9miniser les noms des m\u00e9tiers a suscit\u00e9 la col\u00e8re de cette grande acad\u00e9mie qui se pense \u00eatre la seule gardienne de l\u2019usage de la langue.<\/p>\n<p>Elle r\u00e9voque le masculin g\u00e9n\u00e9rique et pense que les suffixes sont inutiles. M\u00e9decin reste donc invariable et il en est de m\u00eame de \u00ab maire \u00bb.<\/p>\n<p>Cette position demeurera la sienne jusqu\u2019en f\u00e9vrier 2019, p\u00e9riode \u00e0 laquelle l\u2019Acad\u00e9mie pr\u00e9f\u00e8re se retirer de ce d\u00e9bat. Elle laisse libre les politiques.<\/p>\n<p>&nbsp;<\/p>\n<h2>La circulaire d\u2019Edouard Philippe<\/h2>\n<p>Lionel Jospin et Laurent Fabius ont pris la d\u00e9cision d\u2019\u00e9diter des circulaires prenant partie pour la f\u00e9minisation des noms de fonction et de m\u00e9tiers au niveau de l\u2019administration.<\/p>\n<p>Pour sa part, \u00c9douard Philippe a pr\u00e9f\u00e9r\u00e9 une circulaire qui interdit l\u2019utilisation de l\u2019\u00e9criture inclusive dans le journal officiel.<\/p>\n<p>Ce premier ministre affirme que le masculin est une forme de neutralit\u00e9 convenant tant aux femmes qu\u2019aux hommes.<\/p>\n<p>Ce n\u2019est pas tout, car il demande \u00e0 ce que les services \u00e9tatiques ne fassent pas usage de ce mod\u00e8le d\u2019\u00e9criture.<\/p>\n<p>D\u2019apr\u00e8s Eliane Viennot qui est professeur de litt\u00e9rature, cette circulaire \u00e9tait une v\u00e9ritable b\u00eatise. Certes, le premier ministre a pris la d\u00e9cision de r\u00e9duire l\u2019\u00e9criture inclusive \u00e0 de la graphie.<\/p>\n<p>Elle n\u2019\u00e9voque pas le point m\u00e9dian, mais en parle dans des circonvolutions incluant les parenth\u00e8ses choisies par les administrations et le minist\u00e8re de l\u2019int\u00e9rieur.<\/p>\n<p>Cette circulaire n\u2019a aucune valeur contraignante. Sa d\u00e9finition limitative de l\u2019\u00e9criture inclusive n\u2019a pas suffi \u00e0 prohiber l\u2019utilisation des points m\u00e9dians.<\/p>\n<p>Dans les administrations locales et m\u00eame au niveau des universit\u00e9s, les expressions comme \u00ab citoyens.nes, tous.tes \u00bb restent d\u2019actualit\u00e9.<\/p>\n<p>C\u2019est pourquoi, les politiciens de droite qui se basent sur la circulaire d\u2019Edouard Philippe tentent d\u2019interdire l\u2019usage de l\u2019\u00e9criture inclusive qu\u2019elle esp\u00e8re r\u00e9duire au point m\u00e9dian.<\/p>\n","protected":false},"excerpt":{"rendered":"<p>L\u2019\u00e9criture inclusive est un th\u00e8me qui est souvent au centre de discussions vives. Ce style d\u2019\u00e9criture \u00e9galement connu comme le langage \u00e9pic\u00e8ne est de plus en plus d\u00e9nigr\u00e9 en France. Il vise \u00e0 optimiser la visibilit\u00e9 de la femme dans l\u2019\u00e9criture, mais est combattu par les adeptes de la langue \u00e0 l\u2019\u00e9tat pur. Fran\u00e7ois Jolivet [&hellip;]<\/p>\n","protected":false},"author":1,"featured_media":28208,"comment_status":"open","ping_status":"open","sticky":false,"template":"","format":"standard","meta":{"_acf_changed":false,"inline_featured_image":false,"footnotes":""},"categories":[11],"tags":[],"class_list":["post-28206","post","type-post","status-publish","format-standard","has-post-thumbnail","hentry","category-redaction-web"],"acf":[],"yoast_head":"<!-- This site is optimized with the Yoast SEO plugin v25.9 - https:\/\/yoast.com\/wordpress\/plugins\/seo\/ -->\n<title>Ecriture inclusive\u00a0: nos conseils et exemple - Redacteur Blog<\/title>\n<meta name=\"description\" content=\"L\u2019\u00e9criture inclusive est un th\u00e8me qui est souvent au centre de discussions vives. Ce style d\u2019\u00e9criture \u00e9galement connu comme le langage \u00e9pic\u00e8ne est de plus\" \/>\n<meta name=\"robots\" content=\"index, follow, max-snippet:-1, max-image-preview:large, max-video-preview:-1\" \/>\n<link rel=\"canonical\" href=\"https:\/\/www.redacteur.com\/blog\/ecriture-inclusive-conseils\/\" \/>\n<meta property=\"og:locale\" content=\"fr_FR\" \/>\n<meta property=\"og:type\" content=\"article\" \/>\n<meta property=\"og:title\" content=\"Ecriture inclusive\u00a0: nos conseils et exemple - Redacteur Blog\" \/>\n<meta property=\"og:description\" content=\"L\u2019\u00e9criture inclusive est un th\u00e8me qui est souvent au centre de discussions vives. Ce style d\u2019\u00e9criture \u00e9galement connu comme le langage \u00e9pic\u00e8ne est de plus\" \/>\n<meta property=\"og:url\" content=\"https:\/\/www.redacteur.com\/blog\/ecriture-inclusive-conseils\/\" \/>\n<meta property=\"og:site_name\" content=\"Redacteur.com\" \/>\n<meta property=\"article:publisher\" content=\"https:\/\/www.facebook.com\/redacteurcom\" \/>\n<meta property=\"article:published_time\" content=\"2021-10-20T08:50:19+00:00\" \/>\n<meta property=\"og:image\" content=\"https:\/\/www.redacteur.com\/blog\/wp-content\/uploads\/sites\/6\/2021\/09\/inc.jpg\" \/>\n\t<meta property=\"og:image:width\" content=\"850\" \/>\n\t<meta property=\"og:image:height\" content=\"600\" \/>\n\t<meta property=\"og:image:type\" content=\"image\/jpeg\" \/>\n<meta name=\"author\" content=\"Laura Michaud\" \/>\n<meta name=\"twitter:card\" content=\"summary_large_image\" \/>\n<meta name=\"twitter:creator\" content=\"@Redacteurcom\" \/>\n<meta name=\"twitter:site\" content=\"@Redacteurcom\" \/>\n<meta name=\"twitter:label1\" content=\"\u00c9crit par\" \/>\n\t<meta name=\"twitter:data1\" content=\"Laura Michaud\" \/>\n\t<meta name=\"twitter:label2\" content=\"Dur\u00e9e de lecture estim\u00e9e\" \/>\n\t<meta name=\"twitter:data2\" content=\"9 minutes\" \/>\n<script type=\"application\/ld+json\" class=\"yoast-schema-graph\">{\"@context\":\"https:\/\/schema.org\",\"@graph\":[{\"@type\":\"Article\",\"@id\":\"https:\/\/www.redacteur.com\/blog\/ecriture-inclusive-conseils\/#article\",\"isPartOf\":{\"@id\":\"https:\/\/www.redacteur.com\/blog\/ecriture-inclusive-conseils\/\"},\"author\":{\"name\":\"Laura Michaud\",\"@id\":\"https:\/\/www.redacteur.com\/blog\/#\/schema\/person\/33c0ef04707fbe50a096f282050bb5f2\"},\"headline\":\"Ecriture inclusive\u00a0: nos conseils et exemple\",\"datePublished\":\"2021-10-20T08:50:19+00:00\",\"mainEntityOfPage\":{\"@id\":\"https:\/\/www.redacteur.com\/blog\/ecriture-inclusive-conseils\/\"},\"wordCount\":1872,\"commentCount\":0,\"publisher\":{\"@id\":\"https:\/\/www.redacteur.com\/blog\/#organization\"},\"image\":{\"@id\":\"https:\/\/www.redacteur.com\/blog\/ecriture-inclusive-conseils\/#primaryimage\"},\"thumbnailUrl\":\"https:\/\/www.redacteur.com\/blog\/wp-content\/uploads\/sites\/6\/2021\/09\/inc.jpg\",\"articleSection\":[\"R\u00e9daction web\"],\"inLanguage\":\"fr-FR\",\"potentialAction\":[{\"@type\":\"CommentAction\",\"name\":\"Comment\",\"target\":[\"https:\/\/www.redacteur.com\/blog\/ecriture-inclusive-conseils\/#respond\"]}]},{\"@type\":\"WebPage\",\"@id\":\"https:\/\/www.redacteur.com\/blog\/ecriture-inclusive-conseils\/\",\"url\":\"https:\/\/www.redacteur.com\/blog\/ecriture-inclusive-conseils\/\",\"name\":\"Ecriture inclusive\u00a0: nos conseils et exemple - Redacteur Blog\",\"isPartOf\":{\"@id\":\"https:\/\/www.redacteur.com\/blog\/#website\"},\"primaryImageOfPage\":{\"@id\":\"https:\/\/www.redacteur.com\/blog\/ecriture-inclusive-conseils\/#primaryimage\"},\"image\":{\"@id\":\"https:\/\/www.redacteur.com\/blog\/ecriture-inclusive-conseils\/#primaryimage\"},\"thumbnailUrl\":\"https:\/\/www.redacteur.com\/blog\/wp-content\/uploads\/sites\/6\/2021\/09\/inc.jpg\",\"datePublished\":\"2021-10-20T08:50:19+00:00\",\"description\":\"L\u2019\u00e9criture inclusive est un th\u00e8me qui est souvent au centre de discussions vives. Ce style d\u2019\u00e9criture \u00e9galement connu comme le langage \u00e9pic\u00e8ne est de plus\",\"breadcrumb\":{\"@id\":\"https:\/\/www.redacteur.com\/blog\/ecriture-inclusive-conseils\/#breadcrumb\"},\"inLanguage\":\"fr-FR\",\"potentialAction\":[{\"@type\":\"ReadAction\",\"target\":[\"https:\/\/www.redacteur.com\/blog\/ecriture-inclusive-conseils\/\"]}]},{\"@type\":\"ImageObject\",\"inLanguage\":\"fr-FR\",\"@id\":\"https:\/\/www.redacteur.com\/blog\/ecriture-inclusive-conseils\/#primaryimage\",\"url\":\"https:\/\/www.redacteur.com\/blog\/wp-content\/uploads\/sites\/6\/2021\/09\/inc.jpg\",\"contentUrl\":\"https:\/\/www.redacteur.com\/blog\/wp-content\/uploads\/sites\/6\/2021\/09\/inc.jpg\",\"width\":850,\"height\":600,\"caption\":\"Source : adobe stock\"},{\"@type\":\"BreadcrumbList\",\"@id\":\"https:\/\/www.redacteur.com\/blog\/ecriture-inclusive-conseils\/#breadcrumb\",\"itemListElement\":[{\"@type\":\"ListItem\",\"position\":1,\"name\":\"Blog\",\"item\":\"https:\/\/www.redacteur.com\/blog\/\"},{\"@type\":\"ListItem\",\"position\":2,\"name\":\"R\u00e9daction web\",\"item\":\"https:\/\/www.redacteur.com\/blog\/redaction-web\/\"},{\"@type\":\"ListItem\",\"position\":3,\"name\":\"Ecriture inclusive\u00a0: nos conseils et exemple\"}]},{\"@type\":\"WebSite\",\"@id\":\"https:\/\/www.redacteur.com\/blog\/#website\",\"url\":\"https:\/\/www.redacteur.com\/blog\/\",\"name\":\"Redacteur.com\",\"description\":\"redacteur\",\"publisher\":{\"@id\":\"https:\/\/www.redacteur.com\/blog\/#organization\"},\"potentialAction\":[{\"@type\":\"SearchAction\",\"target\":{\"@type\":\"EntryPoint\",\"urlTemplate\":\"https:\/\/www.redacteur.com\/blog\/?s={search_term_string}\"},\"query-input\":{\"@type\":\"PropertyValueSpecification\",\"valueRequired\":true,\"valueName\":\"search_term_string\"}}],\"inLanguage\":\"fr-FR\"},{\"@type\":\"Organization\",\"@id\":\"https:\/\/www.redacteur.com\/blog\/#organization\",\"name\":\"Redacteur.com\",\"url\":\"https:\/\/www.redacteur.com\/blog\/\",\"logo\":{\"@type\":\"ImageObject\",\"inLanguage\":\"fr-FR\",\"@id\":\"https:\/\/www.redacteur.com\/blog\/#\/schema\/logo\/image\/\",\"url\":\"https:\/\/www.redacteur.com\/blog\/wp-content\/uploads\/sites\/6\/2022\/10\/logo-redacteur-blog.svg\",\"contentUrl\":\"https:\/\/www.redacteur.com\/blog\/wp-content\/uploads\/sites\/6\/2022\/10\/logo-redacteur-blog.svg\",\"width\":1,\"height\":1,\"caption\":\"Redacteur.com\"},\"image\":{\"@id\":\"https:\/\/www.redacteur.com\/blog\/#\/schema\/logo\/image\/\"},\"sameAs\":[\"https:\/\/www.facebook.com\/redacteurcom\",\"https:\/\/x.com\/Redacteurcom\",\"https:\/\/www.linkedin.com\/company\/redacteur-com\",\"https:\/\/www.youtube.com\/channel\/UCgj9ySM9xy3gdL8qBafl9Uw\/\"]},{\"@type\":\"Person\",\"@id\":\"https:\/\/www.redacteur.com\/blog\/#\/schema\/person\/33c0ef04707fbe50a096f282050bb5f2\",\"name\":\"Laura Michaud\",\"image\":{\"@type\":\"ImageObject\",\"inLanguage\":\"fr-FR\",\"@id\":\"https:\/\/www.redacteur.com\/blog\/#\/schema\/person\/image\/\",\"url\":\"https:\/\/secure.gravatar.com\/avatar\/c3328cc0c887f98cec6b2979af3311ab6333fc7cc2d4847514cfec6a56fa08a7?s=96&d=mm&r=g\",\"contentUrl\":\"https:\/\/secure.gravatar.com\/avatar\/c3328cc0c887f98cec6b2979af3311ab6333fc7cc2d4847514cfec6a56fa08a7?s=96&d=mm&r=g\",\"caption\":\"Laura Michaud\"},\"description\":\"Laura connait tous les meilleurs outils pour g\u00e9rer des projets et une entreprise. Cr\u00e9ative, c'est aussi une sp\u00e9cialiste des outils de cr\u00e9ation graphique pour faire briller une entreprise.\",\"sameAs\":[\"https:\/\/www.linkedin.com\/in\/michaudlaura\/\"],\"url\":\"https:\/\/www.redacteur.com\/blog\/author\/laura\/\"}]}<\/script>\n<!-- \/ Yoast SEO plugin. -->","yoast_head_json":{"title":"Ecriture inclusive\u00a0: nos conseils et exemple - Redacteur Blog","description":"L\u2019\u00e9criture inclusive est un th\u00e8me qui est souvent au centre de discussions vives. Ce style d\u2019\u00e9criture \u00e9galement connu comme le langage \u00e9pic\u00e8ne est de plus","robots":{"index":"index","follow":"follow","max-snippet":"max-snippet:-1","max-image-preview":"max-image-preview:large","max-video-preview":"max-video-preview:-1"},"canonical":"https:\/\/www.redacteur.com\/blog\/ecriture-inclusive-conseils\/","og_locale":"fr_FR","og_type":"article","og_title":"Ecriture inclusive\u00a0: nos conseils et exemple - Redacteur Blog","og_description":"L\u2019\u00e9criture inclusive est un th\u00e8me qui est souvent au centre de discussions vives. Ce style d\u2019\u00e9criture \u00e9galement connu comme le langage \u00e9pic\u00e8ne est de plus","og_url":"https:\/\/www.redacteur.com\/blog\/ecriture-inclusive-conseils\/","og_site_name":"Redacteur.com","article_publisher":"https:\/\/www.facebook.com\/redacteurcom","article_published_time":"2021-10-20T08:50:19+00:00","og_image":[{"width":850,"height":600,"url":"https:\/\/www.redacteur.com\/blog\/wp-content\/uploads\/sites\/6\/2021\/09\/inc.jpg","type":"image\/jpeg"}],"author":"Laura Michaud","twitter_card":"summary_large_image","twitter_creator":"@Redacteurcom","twitter_site":"@Redacteurcom","twitter_misc":{"\u00c9crit par":"Laura Michaud","Dur\u00e9e de lecture estim\u00e9e":"9 minutes"},"schema":{"@context":"https:\/\/schema.org","@graph":[{"@type":"Article","@id":"https:\/\/www.redacteur.com\/blog\/ecriture-inclusive-conseils\/#article","isPartOf":{"@id":"https:\/\/www.redacteur.com\/blog\/ecriture-inclusive-conseils\/"},"author":{"name":"Laura Michaud","@id":"https:\/\/www.redacteur.com\/blog\/#\/schema\/person\/33c0ef04707fbe50a096f282050bb5f2"},"headline":"Ecriture inclusive\u00a0: nos conseils et exemple","datePublished":"2021-10-20T08:50:19+00:00","mainEntityOfPage":{"@id":"https:\/\/www.redacteur.com\/blog\/ecriture-inclusive-conseils\/"},"wordCount":1872,"commentCount":0,"publisher":{"@id":"https:\/\/www.redacteur.com\/blog\/#organization"},"image":{"@id":"https:\/\/www.redacteur.com\/blog\/ecriture-inclusive-conseils\/#primaryimage"},"thumbnailUrl":"https:\/\/www.redacteur.com\/blog\/wp-content\/uploads\/sites\/6\/2021\/09\/inc.jpg","articleSection":["R\u00e9daction web"],"inLanguage":"fr-FR","potentialAction":[{"@type":"CommentAction","name":"Comment","target":["https:\/\/www.redacteur.com\/blog\/ecriture-inclusive-conseils\/#respond"]}]},{"@type":"WebPage","@id":"https:\/\/www.redacteur.com\/blog\/ecriture-inclusive-conseils\/","url":"https:\/\/www.redacteur.com\/blog\/ecriture-inclusive-conseils\/","name":"Ecriture inclusive\u00a0: nos conseils et exemple - Redacteur Blog","isPartOf":{"@id":"https:\/\/www.redacteur.com\/blog\/#website"},"primaryImageOfPage":{"@id":"https:\/\/www.redacteur.com\/blog\/ecriture-inclusive-conseils\/#primaryimage"},"image":{"@id":"https:\/\/www.redacteur.com\/blog\/ecriture-inclusive-conseils\/#primaryimage"},"thumbnailUrl":"https:\/\/www.redacteur.com\/blog\/wp-content\/uploads\/sites\/6\/2021\/09\/inc.jpg","datePublished":"2021-10-20T08:50:19+00:00","description":"L\u2019\u00e9criture inclusive est un th\u00e8me qui est souvent au centre de discussions vives. Ce style d\u2019\u00e9criture \u00e9galement connu comme le langage \u00e9pic\u00e8ne est de plus","breadcrumb":{"@id":"https:\/\/www.redacteur.com\/blog\/ecriture-inclusive-conseils\/#breadcrumb"},"inLanguage":"fr-FR","potentialAction":[{"@type":"ReadAction","target":["https:\/\/www.redacteur.com\/blog\/ecriture-inclusive-conseils\/"]}]},{"@type":"ImageObject","inLanguage":"fr-FR","@id":"https:\/\/www.redacteur.com\/blog\/ecriture-inclusive-conseils\/#primaryimage","url":"https:\/\/www.redacteur.com\/blog\/wp-content\/uploads\/sites\/6\/2021\/09\/inc.jpg","contentUrl":"https:\/\/www.redacteur.com\/blog\/wp-content\/uploads\/sites\/6\/2021\/09\/inc.jpg","width":850,"height":600,"caption":"Source : adobe stock"},{"@type":"BreadcrumbList","@id":"https:\/\/www.redacteur.com\/blog\/ecriture-inclusive-conseils\/#breadcrumb","itemListElement":[{"@type":"ListItem","position":1,"name":"Blog","item":"https:\/\/www.redacteur.com\/blog\/"},{"@type":"ListItem","position":2,"name":"R\u00e9daction web","item":"https:\/\/www.redacteur.com\/blog\/redaction-web\/"},{"@type":"ListItem","position":3,"name":"Ecriture inclusive\u00a0: nos conseils et exemple"}]},{"@type":"WebSite","@id":"https:\/\/www.redacteur.com\/blog\/#website","url":"https:\/\/www.redacteur.com\/blog\/","name":"Redacteur.com","description":"redacteur","publisher":{"@id":"https:\/\/www.redacteur.com\/blog\/#organization"},"potentialAction":[{"@type":"SearchAction","target":{"@type":"EntryPoint","urlTemplate":"https:\/\/www.redacteur.com\/blog\/?s={search_term_string}"},"query-input":{"@type":"PropertyValueSpecification","valueRequired":true,"valueName":"search_term_string"}}],"inLanguage":"fr-FR"},{"@type":"Organization","@id":"https:\/\/www.redacteur.com\/blog\/#organization","name":"Redacteur.com","url":"https:\/\/www.redacteur.com\/blog\/","logo":{"@type":"ImageObject","inLanguage":"fr-FR","@id":"https:\/\/www.redacteur.com\/blog\/#\/schema\/logo\/image\/","url":"https:\/\/www.redacteur.com\/blog\/wp-content\/uploads\/sites\/6\/2022\/10\/logo-redacteur-blog.svg","contentUrl":"https:\/\/www.redacteur.com\/blog\/wp-content\/uploads\/sites\/6\/2022\/10\/logo-redacteur-blog.svg","width":1,"height":1,"caption":"Redacteur.com"},"image":{"@id":"https:\/\/www.redacteur.com\/blog\/#\/schema\/logo\/image\/"},"sameAs":["https:\/\/www.facebook.com\/redacteurcom","https:\/\/x.com\/Redacteurcom","https:\/\/www.linkedin.com\/company\/redacteur-com","https:\/\/www.youtube.com\/channel\/UCgj9ySM9xy3gdL8qBafl9Uw\/"]},{"@type":"Person","@id":"https:\/\/www.redacteur.com\/blog\/#\/schema\/person\/33c0ef04707fbe50a096f282050bb5f2","name":"Laura Michaud","image":{"@type":"ImageObject","inLanguage":"fr-FR","@id":"https:\/\/www.redacteur.com\/blog\/#\/schema\/person\/image\/","url":"https:\/\/secure.gravatar.com\/avatar\/c3328cc0c887f98cec6b2979af3311ab6333fc7cc2d4847514cfec6a56fa08a7?s=96&d=mm&r=g","contentUrl":"https:\/\/secure.gravatar.com\/avatar\/c3328cc0c887f98cec6b2979af3311ab6333fc7cc2d4847514cfec6a56fa08a7?s=96&d=mm&r=g","caption":"Laura Michaud"},"description":"Laura connait tous les meilleurs outils pour g\u00e9rer des projets et une entreprise. Cr\u00e9ative, c'est aussi une sp\u00e9cialiste des outils de cr\u00e9ation graphique pour faire briller une entreprise.","sameAs":["https:\/\/www.linkedin.com\/in\/michaudlaura\/"],"url":"https:\/\/www.redacteur.com\/blog\/author\/laura\/"}]}},"_links":{"self":[{"href":"https:\/\/www.redacteur.com\/blog\/wp-json\/wp\/v2\/posts\/28206","targetHints":{"allow":["GET"]}}],"collection":[{"href":"https:\/\/www.redacteur.com\/blog\/wp-json\/wp\/v2\/posts"}],"about":[{"href":"https:\/\/www.redacteur.com\/blog\/wp-json\/wp\/v2\/types\/post"}],"author":[{"embeddable":true,"href":"https:\/\/www.redacteur.com\/blog\/wp-json\/wp\/v2\/users\/1"}],"replies":[{"embeddable":true,"href":"https:\/\/www.redacteur.com\/blog\/wp-json\/wp\/v2\/comments?post=28206"}],"version-history":[{"count":0,"href":"https:\/\/www.redacteur.com\/blog\/wp-json\/wp\/v2\/posts\/28206\/revisions"}],"wp:featuredmedia":[{"embeddable":true,"href":"https:\/\/www.redacteur.com\/blog\/wp-json\/wp\/v2\/media\/28208"}],"wp:attachment":[{"href":"https:\/\/www.redacteur.com\/blog\/wp-json\/wp\/v2\/media?parent=28206"}],"wp:term":[{"taxonomy":"category","embeddable":true,"href":"https:\/\/www.redacteur.com\/blog\/wp-json\/wp\/v2\/categories?post=28206"},{"taxonomy":"post_tag","embeddable":true,"href":"https:\/\/www.redacteur.com\/blog\/wp-json\/wp\/v2\/tags?post=28206"}],"curies":[{"name":"wp","href":"https:\/\/api.w.org\/{rel}","templated":true}]}}