{"id":28766,"date":"2022-12-30T10:50:00","date_gmt":"2022-12-30T09:50:00","guid":{"rendered":"https:\/\/www.redacteur.com\/blog\/?p=28766"},"modified":"2022-12-30T10:50:10","modified_gmt":"2022-12-30T09:50:10","slug":"rediger-textes-publicitaires","status":"publish","type":"post","link":"https:\/\/www.redacteur.com\/blog\/rediger-textes-publicitaires\/","title":{"rendered":"R\u00e9diger des textes publicitaires\u00a0: nos conseils et exemples"},"content":{"rendered":"<p>Il est loin, le temps o\u00f9 les <strong>publicit\u00e9s<\/strong> n\u2019\u00e9taient que de rares \u00ab\u2009r\u00e9clames\u2009\u00bb simples et explicites pour un produit, calibr\u00e9es pour une annonce dans un journal ou pour quelques secondes dans une cha\u00eene t\u00e9l\u00e9vis\u00e9e d\u2019\u00c9tat&nbsp;! Devant l\u2019inflation galopante du <strong>contenu publicitaire sur internet<\/strong> ces derni\u00e8res ann\u00e9es, la r\u00e9daction publicitaire (ou \u00ab\u2009copywriting\u2009\u00bb) est devenue un art \u00e0 part enti\u00e8re, entre psychologie et litt\u00e9rature, au croisement de la data et de l\u2019\u00e9motion.<\/p>\n<p>Aujourd\u2019hui, il faut cibler finement, se d\u00e9marquer, toucher son public, parler de son produit, mais pas trop directement pour ne pas agresser son lecteur\u2026 Une t\u00e2che ardue, en somme&nbsp;!<\/p>\n<p>Bonne nouvelle\u2009: il existe des techniques pour <strong>r\u00e9diger des textes publicitaires<\/strong> qui feront mouche. On d\u00e9cline pour vous les principales \u00e0 travers nos conseils et exemples&nbsp;!<\/p>\n<h2>1. Interpeller et adopter le langage de son public cible<\/h2>\n<p>Le premier conseil pour r\u00e9diger des textes publicitaires, c\u2019est d\u2019<strong>interpeller son public cible<\/strong> et d\u2019adopter son langage. Vous avez envie de vous mettre tout de suite \u00e0 \u00e9crire\u2009? Patience\u00a0: faites d\u2019abord une enqu\u00eate pouss\u00e9e pour d\u00e9finir votre public cible avec pr\u00e9cision.<\/p>\n<p>En effet, \u00e0 chaque \u00e2ge, \u00e0 chaque groupe social, voire \u00e0 chaque cat\u00e9gorie professionnelle correspondent des repr\u00e9sentations collectives, des habitudes de penser et des codes langagiers qui vont avec. Pourquoi est-ce si important\u2009? Parce que ces \u00ab\u2009<strong>tics de langage<\/strong>\u2009\u00bb partag\u00e9s cr\u00e9ent une complicit\u00e9 inconsciente entre les membres d\u2019un m\u00eame groupe. Pour vous qui \u00eates publicitaire, ils sont donc le pr\u00e9cieux s\u00e9same pour montrer \u00e0 votre public que vous \u00eates des leurs et que vous les comprenez.<\/p>\n<h3>Un exemple&nbsp;: la \u00ab\u2009Brasserie Georges\u2009\u00bb<\/h3>\n<p>La mythique \u00ab\u2009Brasserie Georges\u2009\u00bb est un \u00e9tablissement lyonnais qui, pour les connaisseurs et pour les amoureux de cette ville charg\u00e9e d\u2019histoire, est une r\u00e9f\u00e9rence gastronomique. Le c\u0153ur de sa client\u00e8le se compose de Lyonnais ais\u00e9s, cultiv\u00e9s et d\u2019\u00e2ge m\u00fbr. La publicit\u00e9 du restaurant est la suivante\u00a0: \u00ab\u2009Brasserie Georges\u00a0: bonne bi\u00e8re et bonne ch\u00e8re depuis 1836\u2009\u00bb.<\/p>\n<p>Comment fonctionne-t-elle\u2009? La continuation de la tradition est affich\u00e9e avec le chiffre \u00ab\u2009depuis 1836\u2009\u00bb. Ensuite, le clin d\u2019\u0153il \u00e0 la culture lexicale et gastronomique fran\u00e7aise (notamment \u00e0 Rabelais) via un mot ancien est assur\u00e9 par la \u00ab\u2009bonne ch\u00e8re\u2009\u00bb. Enfin, l\u2019allit\u00e9ration en [b] et l\u2019\u00e9quilibre rythmique \u00ab\u2009bonne bi\u00e8re\u2009\u00bb\/\u00ab\u2009bonne ch\u00e8re\u2009\u00bb donne une <strong>harmonie au message<\/strong>.<\/p>\n<p>C\u2019est ainsi qu\u2019en quelques mots, la \u00ab\u2009Brasserie Georges\u2009\u00bb cr\u00e9e une <strong>complicit\u00e9<\/strong> aussi solide qu\u2019inconsciente avec sa future client\u00e8le.<\/p>\n<h3>Autre exemple&nbsp;: le restaurant Big Fernand<\/h3>\n<p>Big Fernand est une enseigne qui s\u2019adresse \u00e0 une client\u00e8le urbaine jeune et plut\u00f4t ais\u00e9e, amatrice du go\u00fbt des hamburgers, mais distante des enseignes mainstream de fast-food comme Mac Donald\u2019s ou Burger King. C\u2019est pourquoi Big Fernand fait mouche en sous-titrant son enseigne \u201cl\u2019atelier du Hamburg\u00e9\u201d, ce qui d\u00e9sam\u00e9ricanise le \u201chamburger\u201d avec humour.<\/p>\n<p>Big Fernand a su aussi capter, \u00e0 l\u2019\u00e9crit, les <strong>tics de langage oraux<\/strong> du moment (\u201cdu coup\u201d) pour mieux faire passer les annonces gouvernementales de restrictions sanitaires&nbsp;: \u201cdu coup, comment \u00e7a se passe avec le pass\u2009? \u201d<\/p>\n<h3>Un cas de plus&nbsp;: la marque Ubac<\/h3>\n<p>Interpeller le public peut m\u00eame aller jusqu\u2019\u00e0 l\u2019inclure dans le processus de cr\u00e9ation du produit. C\u2019est le pari qu\u2019a fait la jeune marque de baskets \u00e9co-responsables en laine et en chanvre Ubac.<\/p>\n<p>Ubac met en avant la rubrique \u201c\u00c0 venir\u201d sur son site, avec le texte suivant\u00a0:<\/p>\n<blockquote><p>\u201cLe produit qui pollue le plus c\u2019est celui qui reste au fond du placard.<br \/>\nCr\u00e9er des produits que vous ne porterez pas ne nous int\u00e9resse pas\u2009!<br \/>\nNous souhaitons ainsi vous impliquer au c\u0153ur de nos nouveaux projets.<\/p>\n<p>Ici, vous pourrez donner votre avis sur le d\u00e9veloppement de nouvelles mati\u00e8res,<br \/>\ncouleurs et sur les formes des futurs produits Ubac.\u201d<\/p><\/blockquote>\n<p>Mani\u00e8re habile de s\u2019adresser \u00e0 des \u201cconsomm\u2019acteurs\u201d, et de mettre la cr\u00e9ativit\u00e9 du client \u00e0 l\u2019honneur en m\u00eame temps que ses propres produits.<\/p>\n<figure id=\"attachment_28768\" aria-describedby=\"caption-attachment-28768\" style=\"width: 700px\" class=\"wp-caption aligncenter\"><img decoding=\"async\" class=\"size-full wp-image-28768\" src=\"https:\/\/www.redacteur.com\/blog\/wp-content\/uploads\/sites\/6\/2021\/11\/add-2.jpg\" alt=\"R\u00e9diger des textes publicitaires\" width=\"700\" height=\"443\" srcset=\"https:\/\/www.redacteur.com\/blog\/wp-content\/uploads\/sites\/6\/2021\/11\/add-2.jpg 700w, https:\/\/www.redacteur.com\/blog\/wp-content\/uploads\/sites\/6\/2021\/11\/add-2-300x190.jpg 300w, https:\/\/www.redacteur.com\/blog\/wp-content\/uploads\/sites\/6\/2021\/11\/add-2-60x38.jpg 60w, https:\/\/www.redacteur.com\/blog\/wp-content\/uploads\/sites\/6\/2021\/11\/add-2-370x234.jpg 370w, https:\/\/www.redacteur.com\/blog\/wp-content\/uploads\/sites\/6\/2021\/11\/add-2-270x171.jpg 270w, https:\/\/www.redacteur.com\/blog\/wp-content\/uploads\/sites\/6\/2021\/11\/add-2-570x361.jpg 570w\" sizes=\"(max-width: 700px) 100vw, 700px\" \/><figcaption id=\"caption-attachment-28768\" class=\"wp-caption-text\">Source\u00a0: freepik.com<\/figcaption><\/figure>\n<h2><\/h2>\n<h2>2. Raccourcir le propos, pour un style direct<\/h2>\n<p>\u201cRaccourcir le propos\u201d&nbsp;: le conseil peut surprendre. Pourtant il correspond \u00e0 la cruelle r\u00e9alit\u00e9 d\u2019internet&nbsp;: il y a trop de contenus. <em>Less is more<\/em>\u00a0: pour ne pas lasser voire \u201caveugler\u201d votre lecteur, la simplicit\u00e9 du message devient le vrai luxe.<\/p>\n<p>Un exemple m\u00e9morable de message publicitaire tr\u00e8s bref a \u00e9t\u00e9 donn\u00e9 par Ikea dans un catalogue allemand.<\/p>\n<p>Sur une page montrant un salon Ikea cosy, on lisait ces deux mots d\u2019un dialogue\u00a0:<\/p>\n<blockquote><p>\u201c- Warum&nbsp;? \u2013 Darum&nbsp;! \u201d (\u201c Pourquoi\u2009? Parce que\u2009! \u201d).<\/p><\/blockquote>\n<p>Par ce message percutant, le confort est montr\u00e9 comme une \u00e9vidence. Ce message reprend aussi l\u2019arch\u00e9type d\u2019un dialogue entre un parent et un enfant \u00e0 l\u2019\u00e2ge des \u201cpourquoi\u2009? \u201d.<\/p>\n<p>Enfin, la rime interne en allemand conf\u00e8re une musicalit\u00e9 au message.<\/p>\n<p>Ce <strong>message publicitaire<\/strong> apparemment tout simple combine en fait la bri\u00e8vet\u00e9, la connaissance de son public (parents de la classe moyenne avec de jeunes enfants) et la musicalit\u00e9.<\/p>\n<blockquote><p><strong>\u00c0 lire aussi\u00a0:<\/strong> <a href=\"https:\/\/www.redacteur.com\/blog\/content-marketing-reussir-pitch-presentation\/\">8 mani\u00e8res de r\u00e9ussir son pitch de pr\u00e9sentation<\/a><\/p><\/blockquote>\n<h2>3. Convaincre par la raison<\/h2>\n<p>La po\u00e9sie du message et l\u2019imitation du langage de sa cible, c\u2019est tr\u00e8s bien. Mais il faut penser \u00e0 toutes les psychologies. Certains lecteurs vont \u00eatre plus rationnels que d\u2019autres. C\u2019est pourquoi il est int\u00e9ressant de <strong>joindre \u00e0 votre message publicitaire de courts \u00e9l\u00e9ments objectifs<\/strong> qui feront pencher la balance en votre faveur et qui d\u00e9clencheront un acte d\u2019achat.<\/p>\n<p>Des termes comme &#8220;Satisfait ou rembours\u00e9&#8221;, &#8220;Moins cher ailleurs\u2009? On vous rembourse la diff\u00e9rence&#8221; ne sont pas originaux, mais continuent de fonctionner.<\/p>\n<p>Pourquoi\u2009? Parce qu\u2019ils donnent lieu \u00e0 un rapide calcul inconscient b\u00e9n\u00e9fice\/risque chez le lecteur&nbsp;: &#8220;si le vendeur n\u2019\u00e9tait pas s\u00fbr de la qualit\u00e9 de son produit, il ne prendrait pas un tel risque, je peux donc acheter en toute confiance&#8221;.<\/p>\n<p>Vous pouvez rench\u00e9rir sur la validit\u00e9 rationnelle de votre promesse de remboursement&nbsp;: &#8220;remboursement soumis \u00e0 un acte notari\u00e9&#8221; pour emporter les derni\u00e8res r\u00e9sistances d\u2019un lecteur de type &#8220;analytique&#8221;.<\/p>\n<figure id=\"attachment_28767\" aria-describedby=\"caption-attachment-28767\" style=\"width: 700px\" class=\"wp-caption aligncenter\"><img decoding=\"async\" class=\"size-full wp-image-28767\" src=\"https:\/\/www.redacteur.com\/blog\/wp-content\/uploads\/sites\/6\/2021\/11\/add.jpg\" alt=\"R\u00e9diger des textes publicitaires\" width=\"700\" height=\"700\" srcset=\"https:\/\/www.redacteur.com\/blog\/wp-content\/uploads\/sites\/6\/2021\/11\/add.jpg 700w, https:\/\/www.redacteur.com\/blog\/wp-content\/uploads\/sites\/6\/2021\/11\/add-300x300.jpg 300w, https:\/\/www.redacteur.com\/blog\/wp-content\/uploads\/sites\/6\/2021\/11\/add-150x150.jpg 150w, https:\/\/www.redacteur.com\/blog\/wp-content\/uploads\/sites\/6\/2021\/11\/add-60x60.jpg 60w, https:\/\/www.redacteur.com\/blog\/wp-content\/uploads\/sites\/6\/2021\/11\/add-370x370.jpg 370w, https:\/\/www.redacteur.com\/blog\/wp-content\/uploads\/sites\/6\/2021\/11\/add-270x270.jpg 270w, https:\/\/www.redacteur.com\/blog\/wp-content\/uploads\/sites\/6\/2021\/11\/add-570x570.jpg 570w\" sizes=\"(max-width: 700px) 100vw, 700px\" \/><figcaption id=\"caption-attachment-28767\" class=\"wp-caption-text\">Source\u00a0: freepik.com<\/figcaption><\/figure>\n<h2>4. Toucher par l\u2019\u00e9motion<\/h2>\n<p>Cela va vous para\u00eetre provocateur, mais pour tirer votre \u00e9pingle du jeu dans la jungle publicitaire d\u2019internet, il faut parler d\u2019autre chose que de vos produits.<\/p>\n<p>Donnez aux gens ce qu\u2019ils veulent entendre\u00a0: des <strong>histoires<\/strong>. Les exigences actuelles des consommateurs s\u2019orientent vers une plus grande responsabilit\u00e9 sociale et environnementale. C\u2019est plus qu\u2019un produit qu\u2019ils ach\u00e8tent&nbsp;: c\u2019est l\u2019histoire que ce produit raconte. Ils veulent donner un sens \u00e0 leur achat\u00a0: il vous faut donc prendre en compte cette dimension dans la construction de votre message.<\/p>\n<p>\u00c0 ce titre, le <em>storytelling <\/em>(raconter la naissance d\u2019un projet, l\u2019histoire d\u2019une marque, son ancrage personnel, g\u00e9ographique et historique) est redoutable pour toucher le public par l\u2019\u00e9motion et cr\u00e9er un d\u00e9but d\u2019attachement.<\/p>\n<h3>Un exemple&nbsp;: MCD \u00e9b\u00e9niste agenceur<\/h3>\n<p>Prenons le cas d\u2019une entreprise locale d\u2019\u00e9b\u00e9nisterie&nbsp;: MCD \u00e9b\u00e9niste agenceur.<\/p>\n<p>Face \u00e0 la guerre des prix ouverte par les g\u00e9ants anonymes du meuble en s\u00e9rie, son atout est sa dimension humaine, locale et artisanale, comme le montre le <a href=\"https:\/\/www.redacteur.com\/blog\/livre-blanc-ebook-storytelling-marque-gratuit-free\/\">storytelling<\/a> de son site\u00a0:<\/p>\n<p>\u00c0 l\u2019\u00e2ge de l\u2019enfance d\u00e9j\u00e0, je portais le surnom de Marie-la-bricole.<\/p>\n<p><span style=\"font-size: revert;color: #5e5e5e;font-weight: 400\">Le jeu d\u2019alors allait prendre de l\u2019ampleur&nbsp;: \u00e0 l\u2019adolescence, la &#8220;bricole&#8221; s\u2019est transform\u00e9e en un go\u00fbt prononc\u00e9 pour le travail du bois et le placage d\u2019art.<\/span><\/p>\n<p><span style=\"font-size: revert;color: #5e5e5e;font-weight: 400\">Je suis d\u2019une \u00e9poque o\u00f9 l\u2019on dissuadait volontiers les adolescents de s\u2019engager dans un m\u00e9tier manuel\u00a0: me voil\u00e0 manager \u00e0 Lyon. Je gravis les \u00e9chelons. Les for\u00eats s\u2019\u00e9loignent.<\/span><\/p>\n<p>Ce contact avec la nature se r\u00e9tablit quand je\u00a0quitte tout pour choisir de m\u2019installer en Normandie en ao\u00fbt 2013.<\/p>\n<p>Je me sens pr\u00eate pour me reconvertir, m\u2019inscris au lyc\u00e9e Risle-Seine de Pont-Audemer et obtiens en un an mon CAP d\u2019\u00e9b\u00e9nisterie.<\/p>\n<p>En parall\u00e8le, je suis accept\u00e9e comme stagiaire chez Herv\u00e9-\u00e9b\u00e9niste, install\u00e9 \u00e0 Paris avenue Daumesnil sur le Viaduc des Arts.<\/p>\n<p>Au contact d\u2019un patron inventif form\u00e9 \u00e0 l\u2019\u00e9cole Boulle, et d\u2019un chef d\u2019atelier Compagnon du devoir, j\u2019apprends le go\u00fbt de la mati\u00e8re et le sens de l\u2019exigence.<\/p>\n<p>Apr\u00e8s trois ans \u00e0 leurs c\u00f4t\u00e9s, c\u2019est \u00e0 Bernay dans l\u2019Eure que j\u2019ai d\u00e9cid\u00e9 de m\u2019installer \u00e0 mon compte&nbsp;: MCD \u00e9b\u00e9nisterie est n\u00e9e en septembre 2018.<\/p>\n<h2>5. Risquer l\u2019humour<\/h2>\n<p>Enfin, les <strong>r\u00e9dacteurs publicitaires<\/strong> les plus aguerris se risqueront sur un terrain aussi dangereux que f\u00e9cond\u00a0: l\u2019humour\u2009! Il peut \u00eatre une arme redoutable pour contrer par avance les reproches.<\/p>\n<p>Ainsi, Citro\u00ebn choisit d\u2019afficher d\u2019embl\u00e9e l\u2019apparent d\u00e9faut de son mod\u00e8le sans permis Citro\u00ebn Ami, pour mieux le valoriser&nbsp;: &#8220;Oui, elle ressemble \u00e0 un grille-pain, c\u2019est pour \u00e7a que vous pouvez l\u2019acheter chez Darty&#8221;.<\/p>\n<p>La compagnie de location de v\u00e9hicules Sixt choisit de se d\u00e9marquer de la concurrence par un trait d\u2019humour audacieux surfant sur une actualit\u00e9 europ\u00e9enne pol\u00e9mique&nbsp;: &#8220;Chers Anglais, d\u00e9\u00e7us par le Brexit\u2009? Louez un Break Sixt\u2009!&#8221;.<\/p>\n<h2>Conclusion<\/h2>\n<p>Mim\u00e9tisme langagier, bri\u00e8vet\u00e9 &#8220;coupe de poing&#8221;, arguments rationnels, appel \u00e0 l\u2019\u00e9motion voire taquinerie humoristique&nbsp;: l\u2019ensemble de nos conseils et exemples pour r\u00e9diger des textes publicitaires va dans le sens de la compr\u00e9hension de son public et du plaisir de la lecture.<\/p>\n<p>Un texte r\u00e9dig\u00e9 non seulement selon les r\u00e8gles de la langue, mais aussi selon les ressorts cach\u00e9s de la psychologie a toutes les chances d\u2019\u00eatre un message publicitaire efficace.<\/p>\n<p><strong>Vous n\u2019avez pas le temps ou pas l\u2019inspiration pour vous lancer\u2009? Confiez votre projet de textes publicitaires \u00e0 des r\u00e9dacteurs professionnels et cr\u00e9atifs tels que vous les trouverez sur <a href=\"https:\/\/www.redacteur.com\/\">Redacteur.com<\/a>.<\/strong><\/p>\n<blockquote><p><strong>\u00c0 lire aussi\u00a0:<\/strong> <a href=\"https:\/\/www.redacteur.com\/blog\/content-marketing-utiliser-humour\/\">Content marketing\u00a0: comment utiliser l\u2019humour efficacement<\/a><\/p><\/blockquote>\n","protected":false},"excerpt":{"rendered":"<p>Il est loin, le temps o\u00f9 les publicit\u00e9s n\u2019\u00e9taient que de rares \u00ab\u2009r\u00e9clames\u2009\u00bb simples et explicites pour un produit, calibr\u00e9es pour une annonce dans un journal ou pour quelques secondes dans une cha\u00eene t\u00e9l\u00e9vis\u00e9e d\u2019\u00c9tat&nbsp;! Devant l\u2019inflation galopante du contenu publicitaire sur internet ces derni\u00e8res ann\u00e9es, la r\u00e9daction publicitaire (ou \u00ab\u2009copywriting\u2009\u00bb) est devenue un art [&hellip;]<\/p>\n","protected":false},"author":1,"featured_media":28769,"comment_status":"open","ping_status":"open","sticky":false,"template":"","format":"standard","meta":{"_acf_changed":false,"inline_featured_image":false,"footnotes":""},"categories":[16],"tags":[],"class_list":["post-28766","post","type-post","status-publish","format-standard","has-post-thumbnail","hentry","category-supports-commerciaux"],"acf":[],"yoast_head":"<!-- This site is optimized with the Yoast SEO plugin v25.9 - https:\/\/yoast.com\/wordpress\/plugins\/seo\/ -->\n<title>R\u00e9diger des textes publicitaires\u00a0: nos conseils et exemples - Redacteur Blog<\/title>\n<meta name=\"description\" content=\"Il est loin, le temps o\u00f9 les publicit\u00e9s n\u2019\u00e9taient que de rares \u00ab\u2009r\u00e9clames\u2009\u00bb simples et explicites pour un produit, calibr\u00e9es pour une annonce dans un\" \/>\n<meta name=\"robots\" content=\"index, follow, max-snippet:-1, max-image-preview:large, max-video-preview:-1\" \/>\n<link rel=\"canonical\" href=\"https:\/\/www.redacteur.com\/blog\/rediger-textes-publicitaires\/\" \/>\n<meta property=\"og:locale\" content=\"fr_FR\" \/>\n<meta property=\"og:type\" content=\"article\" \/>\n<meta property=\"og:title\" content=\"R\u00e9diger des textes publicitaires\u00a0: nos conseils et exemples - Redacteur Blog\" \/>\n<meta property=\"og:description\" content=\"Il est loin, le temps o\u00f9 les publicit\u00e9s n\u2019\u00e9taient que de rares \u00ab\u2009r\u00e9clames\u2009\u00bb simples et explicites pour un produit, calibr\u00e9es pour une annonce dans un\" \/>\n<meta property=\"og:url\" content=\"https:\/\/www.redacteur.com\/blog\/rediger-textes-publicitaires\/\" \/>\n<meta property=\"og:site_name\" content=\"Redacteur.com\" \/>\n<meta property=\"article:publisher\" content=\"https:\/\/www.facebook.com\/redacteurcom\" \/>\n<meta property=\"article:published_time\" content=\"2022-12-30T09:50:00+00:00\" \/>\n<meta property=\"article:modified_time\" content=\"2022-12-30T09:50:10+00:00\" \/>\n<meta property=\"og:image\" content=\"https:\/\/www.redacteur.com\/blog\/wp-content\/uploads\/sites\/6\/2021\/11\/add-3.jpg\" \/>\n\t<meta property=\"og:image:width\" content=\"850\" \/>\n\t<meta property=\"og:image:height\" content=\"600\" \/>\n\t<meta property=\"og:image:type\" content=\"image\/jpeg\" \/>\n<meta name=\"author\" content=\"Laura Michaud\" \/>\n<meta name=\"twitter:card\" content=\"summary_large_image\" \/>\n<meta name=\"twitter:creator\" content=\"@Redacteurcom\" \/>\n<meta name=\"twitter:site\" content=\"@Redacteurcom\" \/>\n<meta name=\"twitter:label1\" content=\"\u00c9crit par\" \/>\n\t<meta name=\"twitter:data1\" content=\"Laura Michaud\" \/>\n\t<meta name=\"twitter:label2\" content=\"Dur\u00e9e de lecture estim\u00e9e\" \/>\n\t<meta name=\"twitter:data2\" content=\"9 minutes\" \/>\n<script type=\"application\/ld+json\" class=\"yoast-schema-graph\">{\"@context\":\"https:\/\/schema.org\",\"@graph\":[{\"@type\":\"Article\",\"@id\":\"https:\/\/www.redacteur.com\/blog\/rediger-textes-publicitaires\/#article\",\"isPartOf\":{\"@id\":\"https:\/\/www.redacteur.com\/blog\/rediger-textes-publicitaires\/\"},\"author\":{\"name\":\"Laura Michaud\",\"@id\":\"https:\/\/www.redacteur.com\/blog\/#\/schema\/person\/33c0ef04707fbe50a096f282050bb5f2\"},\"headline\":\"R\u00e9diger des textes publicitaires\u00a0: nos conseils et exemples\",\"datePublished\":\"2022-12-30T09:50:00+00:00\",\"dateModified\":\"2022-12-30T09:50:10+00:00\",\"mainEntityOfPage\":{\"@id\":\"https:\/\/www.redacteur.com\/blog\/rediger-textes-publicitaires\/\"},\"wordCount\":1707,\"commentCount\":0,\"publisher\":{\"@id\":\"https:\/\/www.redacteur.com\/blog\/#organization\"},\"image\":{\"@id\":\"https:\/\/www.redacteur.com\/blog\/rediger-textes-publicitaires\/#primaryimage\"},\"thumbnailUrl\":\"https:\/\/www.redacteur.com\/blog\/wp-content\/uploads\/sites\/6\/2021\/11\/add-3.jpg\",\"articleSection\":[\"Supports commerciaux\"],\"inLanguage\":\"fr-FR\",\"potentialAction\":[{\"@type\":\"CommentAction\",\"name\":\"Comment\",\"target\":[\"https:\/\/www.redacteur.com\/blog\/rediger-textes-publicitaires\/#respond\"]}]},{\"@type\":\"WebPage\",\"@id\":\"https:\/\/www.redacteur.com\/blog\/rediger-textes-publicitaires\/\",\"url\":\"https:\/\/www.redacteur.com\/blog\/rediger-textes-publicitaires\/\",\"name\":\"R\u00e9diger des textes publicitaires\u00a0: nos conseils et exemples - Redacteur Blog\",\"isPartOf\":{\"@id\":\"https:\/\/www.redacteur.com\/blog\/#website\"},\"primaryImageOfPage\":{\"@id\":\"https:\/\/www.redacteur.com\/blog\/rediger-textes-publicitaires\/#primaryimage\"},\"image\":{\"@id\":\"https:\/\/www.redacteur.com\/blog\/rediger-textes-publicitaires\/#primaryimage\"},\"thumbnailUrl\":\"https:\/\/www.redacteur.com\/blog\/wp-content\/uploads\/sites\/6\/2021\/11\/add-3.jpg\",\"datePublished\":\"2022-12-30T09:50:00+00:00\",\"dateModified\":\"2022-12-30T09:50:10+00:00\",\"description\":\"Il est loin, le temps o\u00f9 les publicit\u00e9s n\u2019\u00e9taient que de rares \u00ab\u2009r\u00e9clames\u2009\u00bb simples et explicites pour un produit, calibr\u00e9es pour une annonce dans un\",\"breadcrumb\":{\"@id\":\"https:\/\/www.redacteur.com\/blog\/rediger-textes-publicitaires\/#breadcrumb\"},\"inLanguage\":\"fr-FR\",\"potentialAction\":[{\"@type\":\"ReadAction\",\"target\":[\"https:\/\/www.redacteur.com\/blog\/rediger-textes-publicitaires\/\"]}]},{\"@type\":\"ImageObject\",\"inLanguage\":\"fr-FR\",\"@id\":\"https:\/\/www.redacteur.com\/blog\/rediger-textes-publicitaires\/#primaryimage\",\"url\":\"https:\/\/www.redacteur.com\/blog\/wp-content\/uploads\/sites\/6\/2021\/11\/add-3.jpg\",\"contentUrl\":\"https:\/\/www.redacteur.com\/blog\/wp-content\/uploads\/sites\/6\/2021\/11\/add-3.jpg\",\"width\":850,\"height\":600,\"caption\":\"source : freepik.com\"},{\"@type\":\"BreadcrumbList\",\"@id\":\"https:\/\/www.redacteur.com\/blog\/rediger-textes-publicitaires\/#breadcrumb\",\"itemListElement\":[{\"@type\":\"ListItem\",\"position\":1,\"name\":\"Blog\",\"item\":\"https:\/\/www.redacteur.com\/blog\/\"},{\"@type\":\"ListItem\",\"position\":2,\"name\":\"Content marketing\",\"item\":\"https:\/\/www.redacteur.com\/blog\/contenu-web\/\"},{\"@type\":\"ListItem\",\"position\":3,\"name\":\"Supports commerciaux\",\"item\":\"https:\/\/www.redacteur.com\/blog\/contenu-web\/supports-commerciaux\/\"},{\"@type\":\"ListItem\",\"position\":4,\"name\":\"R\u00e9diger des textes publicitaires\u00a0: nos conseils et exemples\"}]},{\"@type\":\"WebSite\",\"@id\":\"https:\/\/www.redacteur.com\/blog\/#website\",\"url\":\"https:\/\/www.redacteur.com\/blog\/\",\"name\":\"Redacteur.com\",\"description\":\"redacteur\",\"publisher\":{\"@id\":\"https:\/\/www.redacteur.com\/blog\/#organization\"},\"potentialAction\":[{\"@type\":\"SearchAction\",\"target\":{\"@type\":\"EntryPoint\",\"urlTemplate\":\"https:\/\/www.redacteur.com\/blog\/?s={search_term_string}\"},\"query-input\":{\"@type\":\"PropertyValueSpecification\",\"valueRequired\":true,\"valueName\":\"search_term_string\"}}],\"inLanguage\":\"fr-FR\"},{\"@type\":\"Organization\",\"@id\":\"https:\/\/www.redacteur.com\/blog\/#organization\",\"name\":\"Redacteur.com\",\"url\":\"https:\/\/www.redacteur.com\/blog\/\",\"logo\":{\"@type\":\"ImageObject\",\"inLanguage\":\"fr-FR\",\"@id\":\"https:\/\/www.redacteur.com\/blog\/#\/schema\/logo\/image\/\",\"url\":\"https:\/\/www.redacteur.com\/blog\/wp-content\/uploads\/sites\/6\/2022\/10\/logo-redacteur-blog.svg\",\"contentUrl\":\"https:\/\/www.redacteur.com\/blog\/wp-content\/uploads\/sites\/6\/2022\/10\/logo-redacteur-blog.svg\",\"width\":1,\"height\":1,\"caption\":\"Redacteur.com\"},\"image\":{\"@id\":\"https:\/\/www.redacteur.com\/blog\/#\/schema\/logo\/image\/\"},\"sameAs\":[\"https:\/\/www.facebook.com\/redacteurcom\",\"https:\/\/x.com\/Redacteurcom\",\"https:\/\/www.linkedin.com\/company\/redacteur-com\",\"https:\/\/www.youtube.com\/channel\/UCgj9ySM9xy3gdL8qBafl9Uw\/\"]},{\"@type\":\"Person\",\"@id\":\"https:\/\/www.redacteur.com\/blog\/#\/schema\/person\/33c0ef04707fbe50a096f282050bb5f2\",\"name\":\"Laura Michaud\",\"image\":{\"@type\":\"ImageObject\",\"inLanguage\":\"fr-FR\",\"@id\":\"https:\/\/www.redacteur.com\/blog\/#\/schema\/person\/image\/\",\"url\":\"https:\/\/secure.gravatar.com\/avatar\/c3328cc0c887f98cec6b2979af3311ab6333fc7cc2d4847514cfec6a56fa08a7?s=96&d=mm&r=g\",\"contentUrl\":\"https:\/\/secure.gravatar.com\/avatar\/c3328cc0c887f98cec6b2979af3311ab6333fc7cc2d4847514cfec6a56fa08a7?s=96&d=mm&r=g\",\"caption\":\"Laura Michaud\"},\"description\":\"Laura connait tous les meilleurs outils pour g\u00e9rer des projets et une entreprise. Cr\u00e9ative, c'est aussi une sp\u00e9cialiste des outils de cr\u00e9ation graphique pour faire briller une entreprise.\",\"sameAs\":[\"https:\/\/www.linkedin.com\/in\/michaudlaura\/\"],\"url\":\"https:\/\/www.redacteur.com\/blog\/author\/laura\/\"}]}<\/script>\n<!-- \/ Yoast SEO plugin. -->","yoast_head_json":{"title":"R\u00e9diger des textes publicitaires\u00a0: nos conseils et exemples - Redacteur Blog","description":"Il est loin, le temps o\u00f9 les publicit\u00e9s n\u2019\u00e9taient que de rares \u00ab\u2009r\u00e9clames\u2009\u00bb simples et explicites pour un produit, calibr\u00e9es pour une annonce dans un","robots":{"index":"index","follow":"follow","max-snippet":"max-snippet:-1","max-image-preview":"max-image-preview:large","max-video-preview":"max-video-preview:-1"},"canonical":"https:\/\/www.redacteur.com\/blog\/rediger-textes-publicitaires\/","og_locale":"fr_FR","og_type":"article","og_title":"R\u00e9diger des textes publicitaires\u00a0: nos conseils et exemples - Redacteur Blog","og_description":"Il est loin, le temps o\u00f9 les publicit\u00e9s n\u2019\u00e9taient que de rares \u00ab\u2009r\u00e9clames\u2009\u00bb simples et explicites pour un produit, calibr\u00e9es pour une annonce dans un","og_url":"https:\/\/www.redacteur.com\/blog\/rediger-textes-publicitaires\/","og_site_name":"Redacteur.com","article_publisher":"https:\/\/www.facebook.com\/redacteurcom","article_published_time":"2022-12-30T09:50:00+00:00","article_modified_time":"2022-12-30T09:50:10+00:00","og_image":[{"width":850,"height":600,"url":"https:\/\/www.redacteur.com\/blog\/wp-content\/uploads\/sites\/6\/2021\/11\/add-3.jpg","type":"image\/jpeg"}],"author":"Laura Michaud","twitter_card":"summary_large_image","twitter_creator":"@Redacteurcom","twitter_site":"@Redacteurcom","twitter_misc":{"\u00c9crit par":"Laura Michaud","Dur\u00e9e de lecture estim\u00e9e":"9 minutes"},"schema":{"@context":"https:\/\/schema.org","@graph":[{"@type":"Article","@id":"https:\/\/www.redacteur.com\/blog\/rediger-textes-publicitaires\/#article","isPartOf":{"@id":"https:\/\/www.redacteur.com\/blog\/rediger-textes-publicitaires\/"},"author":{"name":"Laura Michaud","@id":"https:\/\/www.redacteur.com\/blog\/#\/schema\/person\/33c0ef04707fbe50a096f282050bb5f2"},"headline":"R\u00e9diger des textes publicitaires\u00a0: nos conseils et exemples","datePublished":"2022-12-30T09:50:00+00:00","dateModified":"2022-12-30T09:50:10+00:00","mainEntityOfPage":{"@id":"https:\/\/www.redacteur.com\/blog\/rediger-textes-publicitaires\/"},"wordCount":1707,"commentCount":0,"publisher":{"@id":"https:\/\/www.redacteur.com\/blog\/#organization"},"image":{"@id":"https:\/\/www.redacteur.com\/blog\/rediger-textes-publicitaires\/#primaryimage"},"thumbnailUrl":"https:\/\/www.redacteur.com\/blog\/wp-content\/uploads\/sites\/6\/2021\/11\/add-3.jpg","articleSection":["Supports commerciaux"],"inLanguage":"fr-FR","potentialAction":[{"@type":"CommentAction","name":"Comment","target":["https:\/\/www.redacteur.com\/blog\/rediger-textes-publicitaires\/#respond"]}]},{"@type":"WebPage","@id":"https:\/\/www.redacteur.com\/blog\/rediger-textes-publicitaires\/","url":"https:\/\/www.redacteur.com\/blog\/rediger-textes-publicitaires\/","name":"R\u00e9diger des textes publicitaires\u00a0: nos conseils et exemples - Redacteur Blog","isPartOf":{"@id":"https:\/\/www.redacteur.com\/blog\/#website"},"primaryImageOfPage":{"@id":"https:\/\/www.redacteur.com\/blog\/rediger-textes-publicitaires\/#primaryimage"},"image":{"@id":"https:\/\/www.redacteur.com\/blog\/rediger-textes-publicitaires\/#primaryimage"},"thumbnailUrl":"https:\/\/www.redacteur.com\/blog\/wp-content\/uploads\/sites\/6\/2021\/11\/add-3.jpg","datePublished":"2022-12-30T09:50:00+00:00","dateModified":"2022-12-30T09:50:10+00:00","description":"Il est loin, le temps o\u00f9 les publicit\u00e9s n\u2019\u00e9taient que de rares \u00ab\u2009r\u00e9clames\u2009\u00bb simples et explicites pour un produit, calibr\u00e9es pour une annonce dans un","breadcrumb":{"@id":"https:\/\/www.redacteur.com\/blog\/rediger-textes-publicitaires\/#breadcrumb"},"inLanguage":"fr-FR","potentialAction":[{"@type":"ReadAction","target":["https:\/\/www.redacteur.com\/blog\/rediger-textes-publicitaires\/"]}]},{"@type":"ImageObject","inLanguage":"fr-FR","@id":"https:\/\/www.redacteur.com\/blog\/rediger-textes-publicitaires\/#primaryimage","url":"https:\/\/www.redacteur.com\/blog\/wp-content\/uploads\/sites\/6\/2021\/11\/add-3.jpg","contentUrl":"https:\/\/www.redacteur.com\/blog\/wp-content\/uploads\/sites\/6\/2021\/11\/add-3.jpg","width":850,"height":600,"caption":"source : freepik.com"},{"@type":"BreadcrumbList","@id":"https:\/\/www.redacteur.com\/blog\/rediger-textes-publicitaires\/#breadcrumb","itemListElement":[{"@type":"ListItem","position":1,"name":"Blog","item":"https:\/\/www.redacteur.com\/blog\/"},{"@type":"ListItem","position":2,"name":"Content marketing","item":"https:\/\/www.redacteur.com\/blog\/contenu-web\/"},{"@type":"ListItem","position":3,"name":"Supports commerciaux","item":"https:\/\/www.redacteur.com\/blog\/contenu-web\/supports-commerciaux\/"},{"@type":"ListItem","position":4,"name":"R\u00e9diger des textes publicitaires\u00a0: nos conseils et exemples"}]},{"@type":"WebSite","@id":"https:\/\/www.redacteur.com\/blog\/#website","url":"https:\/\/www.redacteur.com\/blog\/","name":"Redacteur.com","description":"redacteur","publisher":{"@id":"https:\/\/www.redacteur.com\/blog\/#organization"},"potentialAction":[{"@type":"SearchAction","target":{"@type":"EntryPoint","urlTemplate":"https:\/\/www.redacteur.com\/blog\/?s={search_term_string}"},"query-input":{"@type":"PropertyValueSpecification","valueRequired":true,"valueName":"search_term_string"}}],"inLanguage":"fr-FR"},{"@type":"Organization","@id":"https:\/\/www.redacteur.com\/blog\/#organization","name":"Redacteur.com","url":"https:\/\/www.redacteur.com\/blog\/","logo":{"@type":"ImageObject","inLanguage":"fr-FR","@id":"https:\/\/www.redacteur.com\/blog\/#\/schema\/logo\/image\/","url":"https:\/\/www.redacteur.com\/blog\/wp-content\/uploads\/sites\/6\/2022\/10\/logo-redacteur-blog.svg","contentUrl":"https:\/\/www.redacteur.com\/blog\/wp-content\/uploads\/sites\/6\/2022\/10\/logo-redacteur-blog.svg","width":1,"height":1,"caption":"Redacteur.com"},"image":{"@id":"https:\/\/www.redacteur.com\/blog\/#\/schema\/logo\/image\/"},"sameAs":["https:\/\/www.facebook.com\/redacteurcom","https:\/\/x.com\/Redacteurcom","https:\/\/www.linkedin.com\/company\/redacteur-com","https:\/\/www.youtube.com\/channel\/UCgj9ySM9xy3gdL8qBafl9Uw\/"]},{"@type":"Person","@id":"https:\/\/www.redacteur.com\/blog\/#\/schema\/person\/33c0ef04707fbe50a096f282050bb5f2","name":"Laura Michaud","image":{"@type":"ImageObject","inLanguage":"fr-FR","@id":"https:\/\/www.redacteur.com\/blog\/#\/schema\/person\/image\/","url":"https:\/\/secure.gravatar.com\/avatar\/c3328cc0c887f98cec6b2979af3311ab6333fc7cc2d4847514cfec6a56fa08a7?s=96&d=mm&r=g","contentUrl":"https:\/\/secure.gravatar.com\/avatar\/c3328cc0c887f98cec6b2979af3311ab6333fc7cc2d4847514cfec6a56fa08a7?s=96&d=mm&r=g","caption":"Laura Michaud"},"description":"Laura connait tous les meilleurs outils pour g\u00e9rer des projets et une entreprise. Cr\u00e9ative, c'est aussi une sp\u00e9cialiste des outils de cr\u00e9ation graphique pour faire briller une entreprise.","sameAs":["https:\/\/www.linkedin.com\/in\/michaudlaura\/"],"url":"https:\/\/www.redacteur.com\/blog\/author\/laura\/"}]}},"_links":{"self":[{"href":"https:\/\/www.redacteur.com\/blog\/wp-json\/wp\/v2\/posts\/28766","targetHints":{"allow":["GET"]}}],"collection":[{"href":"https:\/\/www.redacteur.com\/blog\/wp-json\/wp\/v2\/posts"}],"about":[{"href":"https:\/\/www.redacteur.com\/blog\/wp-json\/wp\/v2\/types\/post"}],"author":[{"embeddable":true,"href":"https:\/\/www.redacteur.com\/blog\/wp-json\/wp\/v2\/users\/1"}],"replies":[{"embeddable":true,"href":"https:\/\/www.redacteur.com\/blog\/wp-json\/wp\/v2\/comments?post=28766"}],"version-history":[{"count":0,"href":"https:\/\/www.redacteur.com\/blog\/wp-json\/wp\/v2\/posts\/28766\/revisions"}],"wp:featuredmedia":[{"embeddable":true,"href":"https:\/\/www.redacteur.com\/blog\/wp-json\/wp\/v2\/media\/28769"}],"wp:attachment":[{"href":"https:\/\/www.redacteur.com\/blog\/wp-json\/wp\/v2\/media?parent=28766"}],"wp:term":[{"taxonomy":"category","embeddable":true,"href":"https:\/\/www.redacteur.com\/blog\/wp-json\/wp\/v2\/categories?post=28766"},{"taxonomy":"post_tag","embeddable":true,"href":"https:\/\/www.redacteur.com\/blog\/wp-json\/wp\/v2\/tags?post=28766"}],"curies":[{"name":"wp","href":"https:\/\/api.w.org\/{rel}","templated":true}]}}