{"id":30111,"date":"2025-11-27T10:00:00","date_gmt":"2025-11-27T09:00:00","guid":{"rendered":"https:\/\/www.redacteur.com\/blog\/?p=30111"},"modified":"2025-11-27T10:00:00","modified_gmt":"2025-11-27T09:00:00","slug":"mentions-legales-site-internet-modeles-gratuits","status":"publish","type":"post","link":"https:\/\/www.redacteur.com\/blog\/mentions-legales-site-internet-modeles-gratuits\/","title":{"rendered":"Comment r\u00e9diger les mention l\u00e9gales de votre site internet\u00a0?"},"content":{"rendered":"\n<p class=\"p1\">Tout possesseur d\u2019un site internet doit obligatoirement r\u00e9diger des mentions l\u00e9gales. Que vous poss\u00e9diez un site web professionnel ou un site personnel, la loi exige la publication d\u2019un certain nombre de mentions obligatoires.<\/p>\n\n\n\n<p class=\"p1\">Quelles sont exactement ces obligations&nbsp;? Quelles sont les sanctions en cas de non-respect de l\u2019affichage des <strong>mentions l\u00e9gales sur votre site internet<\/strong>&nbsp;?<\/p>\n\n\n\n<p class=\"p1\">Informez correctement vos utilisateurs en fonction du type de site internet que vous avez et d\u00e9couvrez les meilleurs g\u00e9n\u00e9rateurs de mentions l\u00e9gales gratuits.<\/p>\n\n\n\n<h2 class=\"wp-block-heading\">La l\u00e9gislation sur les mentions l\u00e9gales<\/h2>\n\n\n\n<p>Les mentions l\u00e9gales ont un but pr\u00e9cis&nbsp;: celui d\u2019<strong>informer les internautes et de responsabiliser le propri\u00e9taire du site web.<\/strong><\/p>\n\n\n\n<p>Plusieurs lois sont entr\u00e9es en vigueur, permettant de r\u00e9gir les diff\u00e9rentes obligations&nbsp;:<\/p>\n\n\n\n<ul class=\"wp-block-list\">\n<li>La loi Informatique et Libert\u00e9s du 6 janvier 1978 ;<\/li>\n\n\n\n<li>La loi pour la confiance dans l\u2019\u00e9conomie num\u00e9rique du 21 juin 2004 ;<\/li>\n\n\n\n<li>Le r\u00e8glement g\u00e9n\u00e9ral sur la protection des donn\u00e9es (RGPD) du 25 mai 2018.<\/li>\n<\/ul>\n\n\n\n<h2 class=\"wp-block-heading\">Les mentions l\u00e9gales de votre site professionnel<\/h2>\n\n\n\n<p>D\u00e8s lors que vous poss\u00e9dez un site pour mettre en valeur votre activit\u00e9 professionnelle ou pour vendre vos produits ou vos services, vous devez respecter un ensemble de r\u00e8gles.<\/p>\n\n\n\n<p>Celles-ci diff\u00e8rent en fonction du statut juridique de votre entreprise&nbsp;:<\/p>\n\n\n\n<ul class=\"wp-block-list\">\n<li>Si vous \u00eates une personne physique, donc un particulier&nbsp;: auto-entrepreneur, entreprise individuelle, EIRL\u2026<\/li>\n\n\n\n<li>Si vous \u00eates une personne morale, c\u2019est-\u00e0-dire une soci\u00e9t\u00e9&nbsp;: SAS, SARL, SA\u2026<\/li>\n<\/ul>\n\n\n\n<h3 class=\"wp-block-heading\">Les mentions obligatoires pour les personnes physiques<\/h3>\n\n\n\n<p>Doivent obligatoirement appara\u00eetre sur votre <strong>site professionnel<\/strong>, les mentions suivantes&nbsp;:<\/p>\n\n\n\n<ul class=\"wp-block-list sp-item-list\">\n<li>Identit\u00e9 de l&#8217;entreprise&nbsp;: votre nom, pr\u00e9nom et adresse. Si vous \u00eates entrepreneur individuel (y compris, micro-entrepreneur), vos nom et pr\u00e9nom sont accompagn\u00e9s de la mention entrepreneur individuel ou des initiales EI ;<\/li>\n\n\n\n<li>Num\u00e9ro d&#8217;immatriculation\u00a0au\u00a0<abbr class=\"tool-tip\" data-toggle=\"tooltip\" data-sigle=\"R24403\" data-original-title=\"RCS\u00a0:\u00a0Registre du commerce et des soci\u00e9t\u00e9s\">RCS (<span class=\"fr-sr-only\">Registre du commerce et des soci\u00e9t\u00e9s) ;<\/span><\/abbr><\/li>\n\n\n\n<li>Mail et num\u00e9ro de t\u00e9l\u00e9phone pour contacter votre entreprise ;<\/li>\n\n\n\n<li>Num\u00e9ro d&#8217;identification \u00e0 la TVA ;<\/li>\n\n\n\n<li>Identit\u00e9 de\u00a0<span class=\"tool-tip\" title=\"\" data-toggle=\"tooltip\" data-definition=\"R61596\" data-original-title=\"Entreprise en charge de stocker sur ses serveurs les donn\u00e9es du site internet\">l&#8217;h\u00e9bergeur <span class=\"fr-sr-only\" data-test=\"titleContentForDefinition\">: Entreprise en charge de stocker sur ses serveurs les donn\u00e9es du site internet<\/span><\/span> du site&nbsp;: nom ou d\u00e9nomination sociale, adresse et num\u00e9ro de t\u00e9l\u00e9phone ;<\/li>\n\n\n\n<li>Si vous exercez une activit\u00e9 r\u00e9glement\u00e9e et soumise \u00e0 autorisation (pharmacie ou d\u00e9bit de boissons, par exemple)&nbsp;: nom et adresse de l&#8217;autorit\u00e9 qui a d\u00e9livr\u00e9 l&#8217;autorisation ;<\/li>\n\n\n\n<li>L\u2019ensemble des mentions relatives \u00e0 la<a href=\"https:\/\/www.redacteur.com\/blog\/5-choses-droit-dauteur\/\"> propri\u00e9t\u00e9 intellectuelle<\/a>&nbsp;: pour toute utilisation de visuels (images, photographies et illustrations), vous devez notifier le nom de leur propri\u00e9taire. Il en va de m\u00eame pour les textes dont vous n\u2019\u00eates pas l\u2019auteur. Vous devez recueillir son autorisation avant de publier ou tout au moins citer vos sources.<\/li>\n<\/ul>\n\n\n\n<blockquote class=\"wp-block-quote is-layout-flow wp-block-quote-is-layout-flow\">\n<p>\u00c0 lire aussi&nbsp;: <a href=\"https:\/\/www.redacteur.com\/blog\/comment-rediger-cgu-site\/\">Comment r\u00e9diger les CGU de votre site&nbsp;?<\/a><\/p>\n<\/blockquote>\n\n\n\n<h3 class=\"wp-block-heading\">Les mentions obligatoires pour les personnes morales<\/h3>\n\n\n\n<p>Pour tout propri\u00e9taire du site <strong>exer\u00e7ant \u00e0 titre moral<\/strong>, les mentions l\u00e9gales sont les suivantes&nbsp;:<\/p>\n\n\n\n<ul class=\"wp-block-list\">\n<li>Votre identit\u00e9&nbsp;: la raison sociale de votre entreprise, sa forme juridique et le montant du capital social ;<\/li>\n\n\n\n<li>Vos coordonn\u00e9es&nbsp;: l\u2019adresse du si\u00e8ge social ;<\/li>\n\n\n\n<li>Les mentions relatives \u00e0 la propri\u00e9t\u00e9 intellectuelle et \u00e0 l\u2019h\u00e9bergement de votre site web sont les m\u00eames que pour une personne physique.<\/li>\n<\/ul>\n\n\n\n<h3 class=\"wp-block-heading\">Les mentions sp\u00e9cifiques selon votre domaine d\u2019activit\u00e9<\/h3>\n\n\n\n<p>Que vous soyez une personne physique ou morale, en fonction de votre secteur d\u2019activit\u00e9, vous devrez ajouter aux mentions l\u00e9gales obligatoires de base, les informations suivantes&nbsp;:<\/p>\n\n\n\n<ul class=\"wp-block-list\">\n<li>Activit\u00e9s commerciales&nbsp;: num\u00e9ro d\u2019inscription au registre du commerce et des soci\u00e9t\u00e9s (RCS) ;<\/li>\n\n\n\n<li>Sites marchands&nbsp;: <a href=\"https:\/\/www.redacteur.com\/blog\/e-commerce-comment-rediger-vos-cgv\/\">conditions g\u00e9n\u00e9rales de vente (CGV)<\/a> ;<\/li>\n\n\n\n<li>Activit\u00e9s artisanales&nbsp;: num\u00e9ro d\u2019immatriculation au r\u00e9pertoire des m\u00e9tiers (RM) ;<\/li>\n\n\n\n<li>Sites d\u2019informations&nbsp;: le nom du directeur de la publication et celui du responsable de la r\u00e9daction s\u2019il y a lieu ;<\/li>\n\n\n\n<li>Activit\u00e9s soumises \u00e0 r\u00e9gime d\u2019autorisation&nbsp;: nom et adresse de l\u2019autorit\u00e9 ayant d\u00e9livr\u00e9 l\u2019autorisation d\u2019exercer ;<\/li>\n\n\n\n<li>Activit\u00e9s r\u00e9glement\u00e9es (avocat, m\u00e9decin\u2026)&nbsp;: les r\u00e9f\u00e9rences aux r\u00e8gles professionnelles, votre titre professionnel, le pays dans lequel vous ont \u00e9t\u00e9 octroy\u00e9s le titre et le nom de l\u2019organisme ou de l\u2019ordre professionnel aupr\u00e8s duquel votre activit\u00e9 est inscrite.<\/li>\n<\/ul>\n\n\n\n<h2 class=\"wp-block-heading\">Les mentions l\u00e9gales de votre site personnel<\/h2>\n\n\n\n<p>Si vous poss\u00e9dez un site \u00e0 <strong>titre personnel<\/strong>, comme un blog, un forum ou encore un album photo, la r\u00e9glementation est beaucoup plus souple.<\/p>\n\n\n\n<p>Vous avez deux possibilit\u00e9s, soit&nbsp;:<\/p>\n\n\n\n<ul class=\"wp-block-list\">\n<li>Afficher vos mentions l\u00e9gales, ainsi que celles de votre h\u00e9bergeur ;<\/li>\n\n\n\n<li>Garder l\u2019anonymat et n\u2019afficher alors que les mentions l\u00e9gales de votre h\u00e9bergeur&nbsp;: son nom, sa d\u00e9nomination ou sa raison sociale et ses coordonn\u00e9es. Toutefois, si vous choisissez cette option, vous devez transmettre vos informations personnelles \u00e0 votre h\u00e9bergeur afin de pouvoir \u00eatre identifi\u00e9 en cas de proc\u00e9dure judiciaire.<\/li>\n<\/ul>\n\n\n<div class=\"wp-block-image size-full wp-image-30130\">\n<figure class=\"aligncenter\"><img decoding=\"async\" width=\"700\" height=\"500\" src=\"https:\/\/www.redacteur.com\/blog\/wp-content\/uploads\/sites\/6\/2022\/02\/rgpd.jpg\" alt=\"RGPD et mentions l\u00e9gales de site internet\" class=\"wp-image-30130\" srcset=\"https:\/\/www.redacteur.com\/blog\/wp-content\/uploads\/sites\/6\/2022\/02\/rgpd.jpg 700w, https:\/\/www.redacteur.com\/blog\/wp-content\/uploads\/sites\/6\/2022\/02\/rgpd-300x214.jpg 300w, https:\/\/www.redacteur.com\/blog\/wp-content\/uploads\/sites\/6\/2022\/02\/rgpd-60x43.jpg 60w, https:\/\/www.redacteur.com\/blog\/wp-content\/uploads\/sites\/6\/2022\/02\/rgpd-370x264.jpg 370w, https:\/\/www.redacteur.com\/blog\/wp-content\/uploads\/sites\/6\/2022\/02\/rgpd-270x193.jpg 270w, https:\/\/www.redacteur.com\/blog\/wp-content\/uploads\/sites\/6\/2022\/02\/rgpd-570x407.jpg 570w\" sizes=\"(max-width: 700px) 100vw, 700px\" \/><figcaption class=\"wp-element-caption\">Source&nbsp;: Freepik<\/figcaption><\/figure><\/div>\n\n\n<h2 class=\"wp-block-heading\">RGPD\u00a0: quelles sont vos obligations\u00a0?<\/h2>\n\n\n\n<p>C\u2019est donc le RGPD qui est en charge d\u2019encadrer le traitement des donn\u00e9es personnelles sur l\u2019ensemble du territoire de l\u2019Union europ\u00e9enne. Ce r\u00e8glement vient renforcer le contr\u00f4le par les citoyens de l\u2019utilisation de leurs informations priv\u00e9es et s\u2019inscrit dans la continuit\u00e9 des lois fran\u00e7aises r\u00e9gissant les libert\u00e9s des utilisateurs sur le Web.<\/p>\n\n\n\n<p>L\u2019encadrement du recueil des donn\u00e9es personnelles est tr\u00e8s strict. Si vous collectez les donn\u00e9es personnelles de vos visiteurs, vous serez donc soumis \u00e0 des obligations.<\/p>\n\n\n\n<h3 class=\"wp-block-heading\">Les obligations li\u00e9es aux cookies<\/h3>\n\n\n\n<p>Vous devez obtenir le consentement de l\u2019internaute pour l\u2019utilisation&nbsp;:<\/p>\n\n\n\n<ul class=\"wp-block-list\">\n<li>Des cookies publicitaires ;<\/li>\n\n\n\n<li>Ceux destin\u00e9s \u00e0 mesurer l\u2019audience de votre site ;<\/li>\n\n\n\n<li>Des cookies li\u00e9s \u00e0 des fonctionnalit\u00e9s de partage sur les r\u00e9seaux sociaux.<\/li>\n<\/ul>\n\n\n\n<p>De plus, vous devez expliquer \u00e0 vos visiteurs leur utilit\u00e9 et leur donner le moyen de les refuser.<\/p>\n\n\n\n<h3 class=\"wp-block-heading\">Les obligations li\u00e9es aux newsletters<\/h3>\n\n\n\n<p>Vous devez \u00e9galement obtenir le consentement de l&#8217;internaute pour&nbsp;:<\/p>\n\n\n\n<ul class=\"wp-block-list\">\n<li>Le recueil des informations personnels dans votre base de donn\u00e9es \u00e0 destination de la publicit\u00e9 ;<\/li>\n\n\n\n<li>L&#8217;envoi de mail \u00e0 l&#8217;adresse \u00e0 caract\u00e8re commercial.<\/li>\n<\/ul>\n\n\n\n<p>De plus, vous devez \u00e9galement ajouter une partie d\u00e9sinscription sur votre site afin qu&#8217;il puisse \u00e0 tout moment se retirer de cette base de donn\u00e9es.<\/p>\n\n\n\n<h3 class=\"wp-block-heading\">Les obligations sur l\u2019ensemble des donn\u00e9es personnelles<\/h3>\n\n\n\n<p>D\u00e8s lors que vous effectuez une collecte de donn\u00e9es \u00e0 caract\u00e8re personnel directe (formulaire d\u2019inscription par exemple) ou indirecte (donn\u00e9es recueillies aupr\u00e8s de partenaires commerciaux par exemple), vous devez informer votre visiteur de ses droits.<\/p>\n\n\n\n<p>Ainsi, il doit savoir que, sur simple demande, il peut&nbsp;:<\/p>\n\n\n\n<ul class=\"wp-block-list\">\n<li>Acc\u00e9der \u00e0 l\u2019ensemble de ses donn\u00e9es ;<\/li>\n\n\n\n<li>Demander la rectification ou l\u2019effacement de celles-ci ;<\/li>\n\n\n\n<li>Retirer son consentement ;<\/li>\n\n\n\n<li>Faire une r\u00e9clamation aupr\u00e8s de la CNIL.<\/li>\n<\/ul>\n\n\n\n<p>Si un internaute en fait la demande, vous devez donc lui fournir notamment les informations suivantes&nbsp;:<\/p>\n\n\n\n<ul class=\"wp-block-list\">\n<li>Les coordonn\u00e9es de l\u2019organisme responsable du traitement des donn\u00e9es et celles du d\u00e9l\u00e9gu\u00e9 \u00e0 la protection des donn\u00e9es ;<\/li>\n\n\n\n<li>La ou les finalit\u00e9s des donn\u00e9es collect\u00e9es ;<\/li>\n\n\n\n<li>La dur\u00e9e de conservation des donn\u00e9es ;<\/li>\n\n\n\n<li>La base juridique du traitement des donn\u00e9es\u2026<\/li>\n<\/ul>\n\n\n\n<blockquote class=\"wp-block-quote is-layout-flow wp-block-quote-is-layout-flow\">\n<p>L\u2019envoi d\u2019emails commerciaux (newsletter) est \u00e9galement soumis \u00e0 des obligations. En effet, il n\u2019est autoris\u00e9 que si le destinataire vous a donn\u00e9 son accord au pr\u00e9alable.<\/p>\n<\/blockquote>\n\n\n\n<h2 class=\"wp-block-heading\">Comment afficher vos mentions l\u00e9gales&nbsp;?<\/h2>\n\n\n\n<p>L\u2019ensemble de vos informations obligatoires doivent \u00eatre facilement accessibles. L\u2019id\u00e9al est de cr\u00e9er des pages sp\u00e9cifiques et d\u2019inclure leurs liens soit dans votre menu de navigation, soit dans le footer de votre site internet.<\/p>\n\n\n\n<p>Vous \u00eates \u00e9galement tenu de r\u00e9diger les informations de fa\u00e7on claire et compr\u00e9hensible par tous, et \u00e0 actualiser r\u00e9guli\u00e8rement vos mentions l\u00e9gales.<\/p>\n\n\n<div class=\"wp-block-image size-full wp-image-30132\">\n<figure class=\"aligncenter\"><img decoding=\"async\" width=\"700\" height=\"500\" src=\"https:\/\/www.redacteur.com\/blog\/wp-content\/uploads\/sites\/6\/2022\/02\/mentions-le\u0301gales-site-internet.jpg\" alt=\"mentions l\u00e9gales site internet\" class=\"wp-image-30132\" srcset=\"https:\/\/www.redacteur.com\/blog\/wp-content\/uploads\/sites\/6\/2022\/02\/mentions-le\u0301gales-site-internet.jpg 700w, https:\/\/www.redacteur.com\/blog\/wp-content\/uploads\/sites\/6\/2022\/02\/mentions-le\u0301gales-site-internet-300x214.jpg 300w, https:\/\/www.redacteur.com\/blog\/wp-content\/uploads\/sites\/6\/2022\/02\/mentions-le\u0301gales-site-internet-60x43.jpg 60w, https:\/\/www.redacteur.com\/blog\/wp-content\/uploads\/sites\/6\/2022\/02\/mentions-le\u0301gales-site-internet-370x264.jpg 370w, https:\/\/www.redacteur.com\/blog\/wp-content\/uploads\/sites\/6\/2022\/02\/mentions-le\u0301gales-site-internet-270x193.jpg 270w, https:\/\/www.redacteur.com\/blog\/wp-content\/uploads\/sites\/6\/2022\/02\/mentions-le\u0301gales-site-internet-570x407.jpg 570w\" sizes=\"(max-width: 700px) 100vw, 700px\" \/><figcaption class=\"wp-element-caption\">Source&nbsp;: Freepik<\/figcaption><\/figure><\/div>\n\n\n<h2 class=\"wp-block-heading\">Quelles sont les sanctions en cas de manquement&nbsp;?<\/h2>\n\n\n\n<p>Sachez que si vos mentions obligatoires ne sont pas affich\u00e9es sur votre site web, les sanctions sont tr\u00e8s lourdes.<\/p>\n\n\n\n<p>Vous risquez en effet, jusqu\u2019\u00e0 un an d\u2019emprisonnement et une amende de 75&nbsp;000&nbsp;\u20ac pour une personne physique et de 375&nbsp;000&nbsp;\u20ac pour une personne morale.<\/p>\n\n\n\n<p>En ce qui concerne le traitement des donn\u00e9es personnelles, l\u2019absence d\u2019information obligatoire est sanctionn\u00e9e d\u2019une amende de 1500&nbsp;\u20ac et tout traitement informatique des donn\u00e9es non consenti est puni de 5&nbsp;ans de prison et de 300&nbsp;000&nbsp;\u20ac d\u2019amende.<\/p>\n\n\n\n<h2 class=\"wp-block-heading\">G\u00e9n\u00e9rateurs gratuits et mod\u00e8les de mentions l\u00e9gales<\/h2>\n\n\n\n<p>La r\u00e9daction de vos mentions l\u00e9gales est assez libre. La loi n\u2019impose aucun formalisme tant que les informations obligatoires sont r\u00e9dig\u00e9es explicitement.<\/p>\n\n\n\n<p>Toutefois, pour \u00e9viter les erreurs, voici des g\u00e9n\u00e9rateurs de mentions l\u00e9gales qui vont vous permettre de r\u00e9diger vos pages obligatoires, et ce, gratuitement.<\/p>\n\n\n\n<h3 class=\"wp-block-heading\">G\u00e9n\u00e9rateur de mentions l\u00e9gales de Legalstart<\/h3>\n\n\n\n<figure class=\"wp-block-image size-large\"><img decoding=\"async\" width=\"1024\" height=\"615\" src=\"https:\/\/www.redacteur.com\/blog\/wp-content\/uploads\/sites\/6\/2023\/05\/generateur-mentions-legales-legalstart-1024x615.png\" alt=\"g\u00e9n\u00e9rateur de mentions l\u00e9gales legalstart\" class=\"wp-image-41668\" srcset=\"https:\/\/www.redacteur.com\/blog\/wp-content\/uploads\/sites\/6\/2023\/05\/generateur-mentions-legales-legalstart-1024x615.png 1024w, https:\/\/www.redacteur.com\/blog\/wp-content\/uploads\/sites\/6\/2023\/05\/generateur-mentions-legales-legalstart-300x180.png 300w, https:\/\/www.redacteur.com\/blog\/wp-content\/uploads\/sites\/6\/2023\/05\/generateur-mentions-legales-legalstart-768x462.png 768w, https:\/\/www.redacteur.com\/blog\/wp-content\/uploads\/sites\/6\/2023\/05\/generateur-mentions-legales-legalstart-60x36.png 60w, https:\/\/www.redacteur.com\/blog\/wp-content\/uploads\/sites\/6\/2023\/05\/generateur-mentions-legales-legalstart-370x222.png 370w, https:\/\/www.redacteur.com\/blog\/wp-content\/uploads\/sites\/6\/2023\/05\/generateur-mentions-legales-legalstart-270x162.png 270w, https:\/\/www.redacteur.com\/blog\/wp-content\/uploads\/sites\/6\/2023\/05\/generateur-mentions-legales-legalstart-570x343.png 570w, https:\/\/www.redacteur.com\/blog\/wp-content\/uploads\/sites\/6\/2023\/05\/generateur-mentions-legales-legalstart-740x445.png 740w, https:\/\/www.redacteur.com\/blog\/wp-content\/uploads\/sites\/6\/2023\/05\/generateur-mentions-legales-legalstart.png 1391w\" sizes=\"(max-width: 1024px) 100vw, 1024px\" \/><\/figure>\n\n\n\n<p>Legalstart propose un <a href=\"https:\/\/www.legalstart.fr\/generateur-mentions-legales\/\" target=\"_blank\" rel=\"noreferrer noopener\">g\u00e9n\u00e9rateur de mentions l\u00e9gales<\/a> qui vous permet en quelques minutes de r\u00e9diger vos mentions l\u00e9gales pour votre site internet.<\/p>\n\n\n\n<h3 class=\"wp-block-heading\">SubDelirium&nbsp;: g\u00e9n\u00e9rateur de mentions l\u00e9gales sans inscription<\/h3>\n\n\n<div class=\"wp-block-image\">\n<figure class=\"aligncenter\"><img decoding=\"async\" width=\"2560\" height=\"1229\" src=\"https:\/\/www.redacteur.com\/blog\/wp-content\/uploads\/sites\/6\/2022\/02\/Capture-decran-2023-04-26-a-16.03.13.png\" alt=\"g\u00e9n\u00e9rateur de mentions l\u00e9gales gratuit\" class=\"wp-image-37032\" srcset=\"https:\/\/www.redacteur.com\/blog\/wp-content\/uploads\/sites\/6\/2022\/02\/Capture-decran-2023-04-26-a-16.03.13.png 2560w, https:\/\/www.redacteur.com\/blog\/wp-content\/uploads\/sites\/6\/2022\/02\/Capture-decran-2023-04-26-a-16.03.13-300x144.png 300w, https:\/\/www.redacteur.com\/blog\/wp-content\/uploads\/sites\/6\/2022\/02\/Capture-decran-2023-04-26-a-16.03.13-1024x492.png 1024w, https:\/\/www.redacteur.com\/blog\/wp-content\/uploads\/sites\/6\/2022\/02\/Capture-decran-2023-04-26-a-16.03.13-768x369.png 768w, https:\/\/www.redacteur.com\/blog\/wp-content\/uploads\/sites\/6\/2022\/02\/Capture-decran-2023-04-26-a-16.03.13-1536x737.png 1536w, https:\/\/www.redacteur.com\/blog\/wp-content\/uploads\/sites\/6\/2022\/02\/Capture-decran-2023-04-26-a-16.03.13-2048x983.png 2048w, https:\/\/www.redacteur.com\/blog\/wp-content\/uploads\/sites\/6\/2022\/02\/Capture-decran-2023-04-26-a-16.03.13-60x29.png 60w, https:\/\/www.redacteur.com\/blog\/wp-content\/uploads\/sites\/6\/2022\/02\/Capture-decran-2023-04-26-a-16.03.13-370x178.png 370w, https:\/\/www.redacteur.com\/blog\/wp-content\/uploads\/sites\/6\/2022\/02\/Capture-decran-2023-04-26-a-16.03.13-270x130.png 270w, https:\/\/www.redacteur.com\/blog\/wp-content\/uploads\/sites\/6\/2022\/02\/Capture-decran-2023-04-26-a-16.03.13-570x274.png 570w, https:\/\/www.redacteur.com\/blog\/wp-content\/uploads\/sites\/6\/2022\/02\/Capture-decran-2023-04-26-a-16.03.13-740x355.png 740w\" sizes=\"(max-width: 2560px) 100vw, 2560px\" \/><\/figure><\/div>\n\n\n<p>Le fonctionnement de ce <a href=\"https:\/\/la-webeuse.com\/generateur-mentions-legales\/#lwptoc15\" target=\"_blank\" rel=\"noreferrer noopener\">g\u00e9n\u00e9rateur de mentions l\u00e9gales<\/a> est simple et efficace. Il vous suffit de remplir les diff\u00e9rents champs du formulaire et l\u2019outil vous exp\u00e9die vos mentions l\u00e9gales par mail.<\/p>\n\n\n\n<h3 class=\"wp-block-heading\">G\u00e9n\u00e9rateur de mentions l\u00e9gales<\/h3>\n\n\n<div class=\"wp-block-image\">\n<figure class=\"aligncenter\"><img decoding=\"async\" width=\"2560\" height=\"1361\" src=\"https:\/\/www.redacteur.com\/blog\/wp-content\/uploads\/sites\/6\/2022\/02\/Capture-decran-2023-04-26-a-16.03.51.png\" alt=\"g\u00e9n\u00e9rateur de mentions l\u00e9gales en ligne\" class=\"wp-image-37033\" srcset=\"https:\/\/www.redacteur.com\/blog\/wp-content\/uploads\/sites\/6\/2022\/02\/Capture-decran-2023-04-26-a-16.03.51.png 2560w, https:\/\/www.redacteur.com\/blog\/wp-content\/uploads\/sites\/6\/2022\/02\/Capture-decran-2023-04-26-a-16.03.51-300x159.png 300w, https:\/\/www.redacteur.com\/blog\/wp-content\/uploads\/sites\/6\/2022\/02\/Capture-decran-2023-04-26-a-16.03.51-1024x544.png 1024w, https:\/\/www.redacteur.com\/blog\/wp-content\/uploads\/sites\/6\/2022\/02\/Capture-decran-2023-04-26-a-16.03.51-768x408.png 768w, https:\/\/www.redacteur.com\/blog\/wp-content\/uploads\/sites\/6\/2022\/02\/Capture-decran-2023-04-26-a-16.03.51-1536x816.png 1536w, https:\/\/www.redacteur.com\/blog\/wp-content\/uploads\/sites\/6\/2022\/02\/Capture-decran-2023-04-26-a-16.03.51-2048x1088.png 2048w, https:\/\/www.redacteur.com\/blog\/wp-content\/uploads\/sites\/6\/2022\/02\/Capture-decran-2023-04-26-a-16.03.51-60x32.png 60w, https:\/\/www.redacteur.com\/blog\/wp-content\/uploads\/sites\/6\/2022\/02\/Capture-decran-2023-04-26-a-16.03.51-370x197.png 370w, https:\/\/www.redacteur.com\/blog\/wp-content\/uploads\/sites\/6\/2022\/02\/Capture-decran-2023-04-26-a-16.03.51-270x143.png 270w, https:\/\/www.redacteur.com\/blog\/wp-content\/uploads\/sites\/6\/2022\/02\/Capture-decran-2023-04-26-a-16.03.51-570x303.png 570w, https:\/\/www.redacteur.com\/blog\/wp-content\/uploads\/sites\/6\/2022\/02\/Capture-decran-2023-04-26-a-16.03.51-740x393.png 740w\" sizes=\"(max-width: 2560px) 100vw, 2560px\" \/><\/figure><\/div>\n\n\n<p>Tout comme le site pr\u00e9c\u00e9dent, ce <a href=\"https:\/\/www.generateur-de-mentions-legales.com\/#generateur\" target=\"_blank\" rel=\"noreferrer noopener\">g\u00e9n\u00e9rateur gratuit<\/a> vous permet de g\u00e9n\u00e9rer gratuitement vos mentions l\u00e9gales. Elles vous sont ensuite envoy\u00e9es par mail au format HTML et vous n\u2019aurez plus qu\u2019\u00e0 les copier-coller sur votre site web.<\/p>\n\n\n\n<p>Petit avantage suppl\u00e9mentaire, l\u2019utilitaire permet d\u2019\u00e9diter deux types de fichiers&nbsp;: l&#8217;un pour les sites professionnels, l\u2019autre pour les sites personnels.<\/p>\n\n\n\n<blockquote class=\"wp-block-quote is-layout-flow wp-block-quote-is-layout-flow\">\n<p>\u00c0 lire aussi&nbsp;: <a href=\"https:\/\/www.redacteur.com\/blog\/e-commerce-comment-rediger-vos-cgv\/\">E-commerce&nbsp;: comment r\u00e9diger vos CGV&nbsp;?<\/a><\/p>\n<\/blockquote>\n\n\n\n<h3 class=\"wp-block-heading\">Orson.io<\/h3>\n\n\n<div class=\"wp-block-image\">\n<figure class=\"aligncenter\"><img decoding=\"async\" width=\"2360\" height=\"1692\" src=\"https:\/\/www.redacteur.com\/blog\/wp-content\/uploads\/sites\/6\/2022\/02\/Capture-decran-2023-04-26-a-16.04.35.png\" alt=\"g\u00e9n\u00e9rateur de mentions l\u00e9gales Orson.io\" class=\"wp-image-37034\" srcset=\"https:\/\/www.redacteur.com\/blog\/wp-content\/uploads\/sites\/6\/2022\/02\/Capture-decran-2023-04-26-a-16.04.35.png 2360w, https:\/\/www.redacteur.com\/blog\/wp-content\/uploads\/sites\/6\/2022\/02\/Capture-decran-2023-04-26-a-16.04.35-300x215.png 300w, https:\/\/www.redacteur.com\/blog\/wp-content\/uploads\/sites\/6\/2022\/02\/Capture-decran-2023-04-26-a-16.04.35-1024x734.png 1024w, https:\/\/www.redacteur.com\/blog\/wp-content\/uploads\/sites\/6\/2022\/02\/Capture-decran-2023-04-26-a-16.04.35-768x551.png 768w, https:\/\/www.redacteur.com\/blog\/wp-content\/uploads\/sites\/6\/2022\/02\/Capture-decran-2023-04-26-a-16.04.35-1536x1101.png 1536w, https:\/\/www.redacteur.com\/blog\/wp-content\/uploads\/sites\/6\/2022\/02\/Capture-decran-2023-04-26-a-16.04.35-2048x1468.png 2048w, https:\/\/www.redacteur.com\/blog\/wp-content\/uploads\/sites\/6\/2022\/02\/Capture-decran-2023-04-26-a-16.04.35-60x43.png 60w, https:\/\/www.redacteur.com\/blog\/wp-content\/uploads\/sites\/6\/2022\/02\/Capture-decran-2023-04-26-a-16.04.35-370x265.png 370w, https:\/\/www.redacteur.com\/blog\/wp-content\/uploads\/sites\/6\/2022\/02\/Capture-decran-2023-04-26-a-16.04.35-270x194.png 270w, https:\/\/www.redacteur.com\/blog\/wp-content\/uploads\/sites\/6\/2022\/02\/Capture-decran-2023-04-26-a-16.04.35-570x409.png 570w, https:\/\/www.redacteur.com\/blog\/wp-content\/uploads\/sites\/6\/2022\/02\/Capture-decran-2023-04-26-a-16.04.35-740x531.png 740w\" sizes=\"(max-width: 2360px) 100vw, 2360px\" \/><\/figure><\/div>\n\n\n<p>100\u00a0% gratuit, le <a href=\"https:\/\/fr.orson.io\/1371\/generateur-mentions-legales\" target=\"_blank\" rel=\"noreferrer noopener\">g\u00e9n\u00e9rateur de mentions l\u00e9gales Orson.io<\/a> peut \u00eatre utilis\u00e9 pour tous vos projets, m\u00eame commerciaux. Vos mentions l\u00e9gales sont g\u00e9n\u00e9r\u00e9es en 4\u00a0\u00e9tapes seulement et vous sont envoy\u00e9es \u00e9galement par mail au format HTML.<\/p>\n\n\n\n<h2 class=\"wp-block-heading\">Notre astuce pour r\u00e9diger vos mentions l\u00e9gales<\/h2>\n\n\n\n<p>R\u00e9diger les mentions l\u00e9gales de votre site internet \u00e0 l\u2019aide des g\u00e9n\u00e9rateurs peut \u00eatre pertinent pour la plupart des sites internet.<\/p>\n\n\n\n<p>Toutefois, si votre activit\u00e9 professionnelle est sp\u00e9cifique, il est pr\u00e9f\u00e9rable de demander les conseils d\u2019un juriste et de d\u00e9l\u00e9guer la r\u00e9daction de vos mentions obligatoires \u00e0 des <a href=\"https:\/\/www.redacteur.com\/\">r\u00e9dacteurs professionnels<\/a>.<\/p>\n","protected":false},"excerpt":{"rendered":"<p>Tout possesseur d\u2019un site internet doit obligatoirement r\u00e9diger des mentions l\u00e9gales. Que vous poss\u00e9diez un site web professionnel ou un site personnel, la loi exige la publication d\u2019un certain nombre de mentions obligatoires. Quelles sont exactement ces obligations&nbsp;? Quelles sont les sanctions en cas de non-respect de l\u2019affichage des mentions l\u00e9gales sur votre site internet&nbsp;? [&hellip;]<\/p>\n","protected":false},"author":1,"featured_media":41665,"comment_status":"open","ping_status":"open","sticky":false,"template":"","format":"standard","meta":{"_acf_changed":false,"inline_featured_image":false,"footnotes":""},"categories":[11],"tags":[],"class_list":["post-30111","post","type-post","status-publish","format-standard","has-post-thumbnail","hentry","category-redaction-web"],"acf":[],"yoast_head":"<!-- This site is optimized with the Yoast SEO plugin v25.9 - https:\/\/yoast.com\/wordpress\/plugins\/seo\/ -->\n<title>Comment r\u00e9diger les mention l\u00e9gales de votre site internet\u00a0?<\/title>\n<meta name=\"description\" content=\"D\u00e9couvrez comment r\u00e9diger les mentions l\u00e9gales de votre site internet. Utilisez un des meilleurs g\u00e9n\u00e9rateur en ligne de mentions l\u00e9gales.\" \/>\n<meta name=\"robots\" content=\"index, follow, max-snippet:-1, max-image-preview:large, max-video-preview:-1\" \/>\n<link rel=\"canonical\" href=\"https:\/\/www.redacteur.com\/blog\/mentions-legales-site-internet-modeles-gratuits\/\" \/>\n<meta property=\"og:locale\" content=\"fr_FR\" \/>\n<meta property=\"og:type\" content=\"article\" \/>\n<meta property=\"og:title\" content=\"Comment r\u00e9diger les mention l\u00e9gales de votre site internet\u00a0?\" \/>\n<meta property=\"og:description\" content=\"D\u00e9couvrez comment r\u00e9diger les mentions l\u00e9gales de votre site internet. Utilisez un des meilleurs g\u00e9n\u00e9rateur en ligne de mentions l\u00e9gales.\" \/>\n<meta property=\"og:url\" content=\"https:\/\/www.redacteur.com\/blog\/mentions-legales-site-internet-modeles-gratuits\/\" \/>\n<meta property=\"og:site_name\" content=\"Redacteur.com\" \/>\n<meta property=\"article:publisher\" content=\"https:\/\/www.facebook.com\/redacteurcom\" \/>\n<meta property=\"article:published_time\" content=\"2025-11-27T09:00:00+00:00\" \/>\n<meta property=\"og:image\" content=\"https:\/\/www.redacteur.com\/blog\/wp-content\/uploads\/sites\/6\/2023\/05\/mentions-legales-site-internet-modeles.png\" \/>\n\t<meta property=\"og:image:width\" content=\"1200\" \/>\n\t<meta property=\"og:image:height\" content=\"675\" \/>\n\t<meta property=\"og:image:type\" content=\"image\/png\" \/>\n<meta name=\"author\" content=\"Laura Michaud\" \/>\n<meta name=\"twitter:card\" content=\"summary_large_image\" \/>\n<meta name=\"twitter:creator\" content=\"@Redacteurcom\" \/>\n<meta name=\"twitter:site\" content=\"@Redacteurcom\" \/>\n<meta name=\"twitter:label1\" content=\"\u00c9crit par\" \/>\n\t<meta name=\"twitter:data1\" content=\"Laura Michaud\" \/>\n\t<meta name=\"twitter:label2\" content=\"Dur\u00e9e de lecture estim\u00e9e\" \/>\n\t<meta name=\"twitter:data2\" content=\"9 minutes\" \/>\n<script type=\"application\/ld+json\" class=\"yoast-schema-graph\">{\"@context\":\"https:\/\/schema.org\",\"@graph\":[{\"@type\":\"Article\",\"@id\":\"https:\/\/www.redacteur.com\/blog\/mentions-legales-site-internet-modeles-gratuits\/#article\",\"isPartOf\":{\"@id\":\"https:\/\/www.redacteur.com\/blog\/mentions-legales-site-internet-modeles-gratuits\/\"},\"author\":{\"name\":\"Laura Michaud\",\"@id\":\"https:\/\/www.redacteur.com\/blog\/#\/schema\/person\/33c0ef04707fbe50a096f282050bb5f2\"},\"headline\":\"Comment r\u00e9diger les mention l\u00e9gales de votre site internet\u00a0?\",\"datePublished\":\"2025-11-27T09:00:00+00:00\",\"mainEntityOfPage\":{\"@id\":\"https:\/\/www.redacteur.com\/blog\/mentions-legales-site-internet-modeles-gratuits\/\"},\"wordCount\":1773,\"commentCount\":0,\"publisher\":{\"@id\":\"https:\/\/www.redacteur.com\/blog\/#organization\"},\"image\":{\"@id\":\"https:\/\/www.redacteur.com\/blog\/mentions-legales-site-internet-modeles-gratuits\/#primaryimage\"},\"thumbnailUrl\":\"https:\/\/www.redacteur.com\/blog\/wp-content\/uploads\/sites\/6\/2023\/05\/mentions-legales-site-internet-modeles.png\",\"articleSection\":[\"R\u00e9daction web\"],\"inLanguage\":\"fr-FR\",\"potentialAction\":[{\"@type\":\"CommentAction\",\"name\":\"Comment\",\"target\":[\"https:\/\/www.redacteur.com\/blog\/mentions-legales-site-internet-modeles-gratuits\/#respond\"]}]},{\"@type\":\"WebPage\",\"@id\":\"https:\/\/www.redacteur.com\/blog\/mentions-legales-site-internet-modeles-gratuits\/\",\"url\":\"https:\/\/www.redacteur.com\/blog\/mentions-legales-site-internet-modeles-gratuits\/\",\"name\":\"Comment r\u00e9diger les mention l\u00e9gales de votre site internet\u00a0?\",\"isPartOf\":{\"@id\":\"https:\/\/www.redacteur.com\/blog\/#website\"},\"primaryImageOfPage\":{\"@id\":\"https:\/\/www.redacteur.com\/blog\/mentions-legales-site-internet-modeles-gratuits\/#primaryimage\"},\"image\":{\"@id\":\"https:\/\/www.redacteur.com\/blog\/mentions-legales-site-internet-modeles-gratuits\/#primaryimage\"},\"thumbnailUrl\":\"https:\/\/www.redacteur.com\/blog\/wp-content\/uploads\/sites\/6\/2023\/05\/mentions-legales-site-internet-modeles.png\",\"datePublished\":\"2025-11-27T09:00:00+00:00\",\"description\":\"D\u00e9couvrez comment r\u00e9diger les mentions l\u00e9gales de votre site internet. Utilisez un des meilleurs g\u00e9n\u00e9rateur en ligne de mentions l\u00e9gales.\",\"breadcrumb\":{\"@id\":\"https:\/\/www.redacteur.com\/blog\/mentions-legales-site-internet-modeles-gratuits\/#breadcrumb\"},\"inLanguage\":\"fr-FR\",\"potentialAction\":[{\"@type\":\"ReadAction\",\"target\":[\"https:\/\/www.redacteur.com\/blog\/mentions-legales-site-internet-modeles-gratuits\/\"]}]},{\"@type\":\"ImageObject\",\"inLanguage\":\"fr-FR\",\"@id\":\"https:\/\/www.redacteur.com\/blog\/mentions-legales-site-internet-modeles-gratuits\/#primaryimage\",\"url\":\"https:\/\/www.redacteur.com\/blog\/wp-content\/uploads\/sites\/6\/2023\/05\/mentions-legales-site-internet-modeles.png\",\"contentUrl\":\"https:\/\/www.redacteur.com\/blog\/wp-content\/uploads\/sites\/6\/2023\/05\/mentions-legales-site-internet-modeles.png\",\"width\":1200,\"height\":675,\"caption\":\"mentions l\u00e9gales exemple\"},{\"@type\":\"BreadcrumbList\",\"@id\":\"https:\/\/www.redacteur.com\/blog\/mentions-legales-site-internet-modeles-gratuits\/#breadcrumb\",\"itemListElement\":[{\"@type\":\"ListItem\",\"position\":1,\"name\":\"Blog\",\"item\":\"https:\/\/www.redacteur.com\/blog\/\"},{\"@type\":\"ListItem\",\"position\":2,\"name\":\"R\u00e9daction web\",\"item\":\"https:\/\/www.redacteur.com\/blog\/redaction-web\/\"},{\"@type\":\"ListItem\",\"position\":3,\"name\":\"Comment r\u00e9diger les mention l\u00e9gales de votre site internet\u00a0?\"}]},{\"@type\":\"WebSite\",\"@id\":\"https:\/\/www.redacteur.com\/blog\/#website\",\"url\":\"https:\/\/www.redacteur.com\/blog\/\",\"name\":\"Redacteur.com\",\"description\":\"redacteur\",\"publisher\":{\"@id\":\"https:\/\/www.redacteur.com\/blog\/#organization\"},\"potentialAction\":[{\"@type\":\"SearchAction\",\"target\":{\"@type\":\"EntryPoint\",\"urlTemplate\":\"https:\/\/www.redacteur.com\/blog\/?s={search_term_string}\"},\"query-input\":{\"@type\":\"PropertyValueSpecification\",\"valueRequired\":true,\"valueName\":\"search_term_string\"}}],\"inLanguage\":\"fr-FR\"},{\"@type\":\"Organization\",\"@id\":\"https:\/\/www.redacteur.com\/blog\/#organization\",\"name\":\"Redacteur.com\",\"url\":\"https:\/\/www.redacteur.com\/blog\/\",\"logo\":{\"@type\":\"ImageObject\",\"inLanguage\":\"fr-FR\",\"@id\":\"https:\/\/www.redacteur.com\/blog\/#\/schema\/logo\/image\/\",\"url\":\"https:\/\/www.redacteur.com\/blog\/wp-content\/uploads\/sites\/6\/2022\/10\/logo-redacteur-blog.svg\",\"contentUrl\":\"https:\/\/www.redacteur.com\/blog\/wp-content\/uploads\/sites\/6\/2022\/10\/logo-redacteur-blog.svg\",\"width\":1,\"height\":1,\"caption\":\"Redacteur.com\"},\"image\":{\"@id\":\"https:\/\/www.redacteur.com\/blog\/#\/schema\/logo\/image\/\"},\"sameAs\":[\"https:\/\/www.facebook.com\/redacteurcom\",\"https:\/\/x.com\/Redacteurcom\",\"https:\/\/www.linkedin.com\/company\/redacteur-com\",\"https:\/\/www.youtube.com\/channel\/UCgj9ySM9xy3gdL8qBafl9Uw\/\"]},{\"@type\":\"Person\",\"@id\":\"https:\/\/www.redacteur.com\/blog\/#\/schema\/person\/33c0ef04707fbe50a096f282050bb5f2\",\"name\":\"Laura Michaud\",\"image\":{\"@type\":\"ImageObject\",\"inLanguage\":\"fr-FR\",\"@id\":\"https:\/\/www.redacteur.com\/blog\/#\/schema\/person\/image\/\",\"url\":\"https:\/\/secure.gravatar.com\/avatar\/c3328cc0c887f98cec6b2979af3311ab6333fc7cc2d4847514cfec6a56fa08a7?s=96&d=mm&r=g\",\"contentUrl\":\"https:\/\/secure.gravatar.com\/avatar\/c3328cc0c887f98cec6b2979af3311ab6333fc7cc2d4847514cfec6a56fa08a7?s=96&d=mm&r=g\",\"caption\":\"Laura Michaud\"},\"description\":\"Laura connait tous les meilleurs outils pour g\u00e9rer des projets et une entreprise. Cr\u00e9ative, c'est aussi une sp\u00e9cialiste des outils de cr\u00e9ation graphique pour faire briller une entreprise.\",\"sameAs\":[\"https:\/\/www.linkedin.com\/in\/michaudlaura\/\"],\"url\":\"https:\/\/www.redacteur.com\/blog\/author\/laura\/\"}]}<\/script>\n<!-- \/ Yoast SEO plugin. -->","yoast_head_json":{"title":"Comment r\u00e9diger les mention l\u00e9gales de votre site internet\u00a0?","description":"D\u00e9couvrez comment r\u00e9diger les mentions l\u00e9gales de votre site internet. Utilisez un des meilleurs g\u00e9n\u00e9rateur en ligne de mentions l\u00e9gales.","robots":{"index":"index","follow":"follow","max-snippet":"max-snippet:-1","max-image-preview":"max-image-preview:large","max-video-preview":"max-video-preview:-1"},"canonical":"https:\/\/www.redacteur.com\/blog\/mentions-legales-site-internet-modeles-gratuits\/","og_locale":"fr_FR","og_type":"article","og_title":"Comment r\u00e9diger les mention l\u00e9gales de votre site internet\u00a0?","og_description":"D\u00e9couvrez comment r\u00e9diger les mentions l\u00e9gales de votre site internet. Utilisez un des meilleurs g\u00e9n\u00e9rateur en ligne de mentions l\u00e9gales.","og_url":"https:\/\/www.redacteur.com\/blog\/mentions-legales-site-internet-modeles-gratuits\/","og_site_name":"Redacteur.com","article_publisher":"https:\/\/www.facebook.com\/redacteurcom","article_published_time":"2025-11-27T09:00:00+00:00","og_image":[{"width":1200,"height":675,"url":"https:\/\/www.redacteur.com\/blog\/wp-content\/uploads\/sites\/6\/2023\/05\/mentions-legales-site-internet-modeles.png","type":"image\/png"}],"author":"Laura Michaud","twitter_card":"summary_large_image","twitter_creator":"@Redacteurcom","twitter_site":"@Redacteurcom","twitter_misc":{"\u00c9crit par":"Laura Michaud","Dur\u00e9e de lecture estim\u00e9e":"9 minutes"},"schema":{"@context":"https:\/\/schema.org","@graph":[{"@type":"Article","@id":"https:\/\/www.redacteur.com\/blog\/mentions-legales-site-internet-modeles-gratuits\/#article","isPartOf":{"@id":"https:\/\/www.redacteur.com\/blog\/mentions-legales-site-internet-modeles-gratuits\/"},"author":{"name":"Laura Michaud","@id":"https:\/\/www.redacteur.com\/blog\/#\/schema\/person\/33c0ef04707fbe50a096f282050bb5f2"},"headline":"Comment r\u00e9diger les mention l\u00e9gales de votre site internet\u00a0?","datePublished":"2025-11-27T09:00:00+00:00","mainEntityOfPage":{"@id":"https:\/\/www.redacteur.com\/blog\/mentions-legales-site-internet-modeles-gratuits\/"},"wordCount":1773,"commentCount":0,"publisher":{"@id":"https:\/\/www.redacteur.com\/blog\/#organization"},"image":{"@id":"https:\/\/www.redacteur.com\/blog\/mentions-legales-site-internet-modeles-gratuits\/#primaryimage"},"thumbnailUrl":"https:\/\/www.redacteur.com\/blog\/wp-content\/uploads\/sites\/6\/2023\/05\/mentions-legales-site-internet-modeles.png","articleSection":["R\u00e9daction web"],"inLanguage":"fr-FR","potentialAction":[{"@type":"CommentAction","name":"Comment","target":["https:\/\/www.redacteur.com\/blog\/mentions-legales-site-internet-modeles-gratuits\/#respond"]}]},{"@type":"WebPage","@id":"https:\/\/www.redacteur.com\/blog\/mentions-legales-site-internet-modeles-gratuits\/","url":"https:\/\/www.redacteur.com\/blog\/mentions-legales-site-internet-modeles-gratuits\/","name":"Comment r\u00e9diger les mention l\u00e9gales de votre site internet\u00a0?","isPartOf":{"@id":"https:\/\/www.redacteur.com\/blog\/#website"},"primaryImageOfPage":{"@id":"https:\/\/www.redacteur.com\/blog\/mentions-legales-site-internet-modeles-gratuits\/#primaryimage"},"image":{"@id":"https:\/\/www.redacteur.com\/blog\/mentions-legales-site-internet-modeles-gratuits\/#primaryimage"},"thumbnailUrl":"https:\/\/www.redacteur.com\/blog\/wp-content\/uploads\/sites\/6\/2023\/05\/mentions-legales-site-internet-modeles.png","datePublished":"2025-11-27T09:00:00+00:00","description":"D\u00e9couvrez comment r\u00e9diger les mentions l\u00e9gales de votre site internet. Utilisez un des meilleurs g\u00e9n\u00e9rateur en ligne de mentions l\u00e9gales.","breadcrumb":{"@id":"https:\/\/www.redacteur.com\/blog\/mentions-legales-site-internet-modeles-gratuits\/#breadcrumb"},"inLanguage":"fr-FR","potentialAction":[{"@type":"ReadAction","target":["https:\/\/www.redacteur.com\/blog\/mentions-legales-site-internet-modeles-gratuits\/"]}]},{"@type":"ImageObject","inLanguage":"fr-FR","@id":"https:\/\/www.redacteur.com\/blog\/mentions-legales-site-internet-modeles-gratuits\/#primaryimage","url":"https:\/\/www.redacteur.com\/blog\/wp-content\/uploads\/sites\/6\/2023\/05\/mentions-legales-site-internet-modeles.png","contentUrl":"https:\/\/www.redacteur.com\/blog\/wp-content\/uploads\/sites\/6\/2023\/05\/mentions-legales-site-internet-modeles.png","width":1200,"height":675,"caption":"mentions l\u00e9gales exemple"},{"@type":"BreadcrumbList","@id":"https:\/\/www.redacteur.com\/blog\/mentions-legales-site-internet-modeles-gratuits\/#breadcrumb","itemListElement":[{"@type":"ListItem","position":1,"name":"Blog","item":"https:\/\/www.redacteur.com\/blog\/"},{"@type":"ListItem","position":2,"name":"R\u00e9daction web","item":"https:\/\/www.redacteur.com\/blog\/redaction-web\/"},{"@type":"ListItem","position":3,"name":"Comment r\u00e9diger les mention l\u00e9gales de votre site internet\u00a0?"}]},{"@type":"WebSite","@id":"https:\/\/www.redacteur.com\/blog\/#website","url":"https:\/\/www.redacteur.com\/blog\/","name":"Redacteur.com","description":"redacteur","publisher":{"@id":"https:\/\/www.redacteur.com\/blog\/#organization"},"potentialAction":[{"@type":"SearchAction","target":{"@type":"EntryPoint","urlTemplate":"https:\/\/www.redacteur.com\/blog\/?s={search_term_string}"},"query-input":{"@type":"PropertyValueSpecification","valueRequired":true,"valueName":"search_term_string"}}],"inLanguage":"fr-FR"},{"@type":"Organization","@id":"https:\/\/www.redacteur.com\/blog\/#organization","name":"Redacteur.com","url":"https:\/\/www.redacteur.com\/blog\/","logo":{"@type":"ImageObject","inLanguage":"fr-FR","@id":"https:\/\/www.redacteur.com\/blog\/#\/schema\/logo\/image\/","url":"https:\/\/www.redacteur.com\/blog\/wp-content\/uploads\/sites\/6\/2022\/10\/logo-redacteur-blog.svg","contentUrl":"https:\/\/www.redacteur.com\/blog\/wp-content\/uploads\/sites\/6\/2022\/10\/logo-redacteur-blog.svg","width":1,"height":1,"caption":"Redacteur.com"},"image":{"@id":"https:\/\/www.redacteur.com\/blog\/#\/schema\/logo\/image\/"},"sameAs":["https:\/\/www.facebook.com\/redacteurcom","https:\/\/x.com\/Redacteurcom","https:\/\/www.linkedin.com\/company\/redacteur-com","https:\/\/www.youtube.com\/channel\/UCgj9ySM9xy3gdL8qBafl9Uw\/"]},{"@type":"Person","@id":"https:\/\/www.redacteur.com\/blog\/#\/schema\/person\/33c0ef04707fbe50a096f282050bb5f2","name":"Laura Michaud","image":{"@type":"ImageObject","inLanguage":"fr-FR","@id":"https:\/\/www.redacteur.com\/blog\/#\/schema\/person\/image\/","url":"https:\/\/secure.gravatar.com\/avatar\/c3328cc0c887f98cec6b2979af3311ab6333fc7cc2d4847514cfec6a56fa08a7?s=96&d=mm&r=g","contentUrl":"https:\/\/secure.gravatar.com\/avatar\/c3328cc0c887f98cec6b2979af3311ab6333fc7cc2d4847514cfec6a56fa08a7?s=96&d=mm&r=g","caption":"Laura Michaud"},"description":"Laura connait tous les meilleurs outils pour g\u00e9rer des projets et une entreprise. Cr\u00e9ative, c'est aussi une sp\u00e9cialiste des outils de cr\u00e9ation graphique pour faire briller une entreprise.","sameAs":["https:\/\/www.linkedin.com\/in\/michaudlaura\/"],"url":"https:\/\/www.redacteur.com\/blog\/author\/laura\/"}]}},"_links":{"self":[{"href":"https:\/\/www.redacteur.com\/blog\/wp-json\/wp\/v2\/posts\/30111","targetHints":{"allow":["GET"]}}],"collection":[{"href":"https:\/\/www.redacteur.com\/blog\/wp-json\/wp\/v2\/posts"}],"about":[{"href":"https:\/\/www.redacteur.com\/blog\/wp-json\/wp\/v2\/types\/post"}],"author":[{"embeddable":true,"href":"https:\/\/www.redacteur.com\/blog\/wp-json\/wp\/v2\/users\/1"}],"replies":[{"embeddable":true,"href":"https:\/\/www.redacteur.com\/blog\/wp-json\/wp\/v2\/comments?post=30111"}],"version-history":[{"count":0,"href":"https:\/\/www.redacteur.com\/blog\/wp-json\/wp\/v2\/posts\/30111\/revisions"}],"wp:featuredmedia":[{"embeddable":true,"href":"https:\/\/www.redacteur.com\/blog\/wp-json\/wp\/v2\/media\/41665"}],"wp:attachment":[{"href":"https:\/\/www.redacteur.com\/blog\/wp-json\/wp\/v2\/media?parent=30111"}],"wp:term":[{"taxonomy":"category","embeddable":true,"href":"https:\/\/www.redacteur.com\/blog\/wp-json\/wp\/v2\/categories?post=30111"},{"taxonomy":"post_tag","embeddable":true,"href":"https:\/\/www.redacteur.com\/blog\/wp-json\/wp\/v2\/tags?post=30111"}],"curies":[{"name":"wp","href":"https:\/\/api.w.org\/{rel}","templated":true}]}}