{"id":32726,"date":"2022-10-31T10:50:00","date_gmt":"2022-10-31T09:50:00","guid":{"rendered":"https:\/\/www.redacteur.com\/blog\/?p=32726"},"modified":"2022-10-31T10:41:56","modified_gmt":"2022-10-31T09:41:56","slug":"comment-creer-une-ligne-editoriale-facebook","status":"publish","type":"post","link":"https:\/\/www.redacteur.com\/blog\/comment-creer-une-ligne-editoriale-facebook\/","title":{"rendered":"Comment cr\u00e9er une ligne \u00e9ditoriale pour Facebook\u00a0?"},"content":{"rendered":"<p>De nos jours, les r\u00e9seaux sociaux constituent un excellent levier marketing. Mais pour exploiter pleinement leurs potentiels, il est imp\u00e9ratif d\u2019\u00e9tablir une ligne \u00e9ditoriale. Et cet imp\u00e9ratif concerne \u00e9galement le Facebook de votre entreprise&nbsp;!<\/p>\n<p>Voici les \u00e9tapes de ce qu&#8217;il faut savoir sur la cr\u00e9ation de votre ligne \u00e9ditoriale pour Facebook&nbsp;:<\/p>\n<ul>\n<li><a href=\"#ligne-editoriale\">Qu&#8217;est-ce qu&#8217;une ligne \u00e9ditoriale&nbsp;?<\/a><\/li>\n<li><a href=\"#pourquoi-creer-ligne-editoriale-facebook\">Pourquoi cr\u00e9er une ligne \u00e9ditoriale pour Facebook&nbsp;?<\/a><\/li>\n<li><a href=\"#specificites-ligne-editoriale-reseaux-sociaux-et-facebook\">Les sp\u00e9cificit\u00e9s d&#8217;une ligne \u00e9ditoriale pour les r\u00e9seaux sociaux et en particulier Facebook<\/a><\/li>\n<li><a href=\"#etapes-creation-ligne-editoriale-facebook\">Cinq \u00e9tapes pour cr\u00e9er votre ligne \u00e9ditoriale sur Facebook<\/a><\/li>\n<\/ul>\n<h2 id=\"ligne-editoriale\">Qu\u2019est-ce qu\u2019une ligne \u00e9ditoriale\u2009?<\/h2>\n<p><img decoding=\"async\" class=\"aligncenter size-full wp-image-30618\" src=\"https:\/\/www.redacteur.com\/blog\/wp-content\/uploads\/sites\/6\/2022\/03\/ligne-editoriale.jpg\" alt=\"D\u00e9finition ligne \u00e9ditoriale\" width=\"622\" height=\"238\" srcset=\"https:\/\/www.redacteur.com\/blog\/wp-content\/uploads\/sites\/6\/2022\/03\/ligne-editoriale.jpg 622w, https:\/\/www.redacteur.com\/blog\/wp-content\/uploads\/sites\/6\/2022\/03\/ligne-editoriale-300x115.jpg 300w, https:\/\/www.redacteur.com\/blog\/wp-content\/uploads\/sites\/6\/2022\/03\/ligne-editoriale-60x23.jpg 60w, https:\/\/www.redacteur.com\/blog\/wp-content\/uploads\/sites\/6\/2022\/03\/ligne-editoriale-370x142.jpg 370w, https:\/\/www.redacteur.com\/blog\/wp-content\/uploads\/sites\/6\/2022\/03\/ligne-editoriale-270x103.jpg 270w, https:\/\/www.redacteur.com\/blog\/wp-content\/uploads\/sites\/6\/2022\/03\/ligne-editoriale-570x218.jpg 570w\" sizes=\"(max-width: 622px) 100vw, 622px\" \/><\/p>\n<p>Une ligne \u00e9ditoriale correspond \u00e0 l\u2019ensemble des r\u00e8gles que vous avez d\u00e9finies en collaboration avec votre service de r\u00e9daction. Peu importent les contenus que vous allez publier (articles, communiqu\u00e9s, etc), vous avez la certitude d\u2019avoir une harmonie entre eux en vous basant sur une strat\u00e9gie marketing en trois axes&nbsp;:<\/p>\n<ul>\n<li>Tout d\u2019abord, l\u2019instauration d\u2019un cadre sp\u00e9cifique impliquant d\u2019avoir un contr\u00f4le en interne pour \u00e9viter de vous retrouver avec du contenu dissonant ou beaucoup trop proche.<\/li>\n<li>Ensuite, avoir un mod\u00e8le de r\u00e9f\u00e9rence pour que les r\u00e9dacteurs au sein de la m\u00eame \u00e9quipe puissent facilement se rep\u00e9rer et prioriser les sujets. Par ailleurs, ce document permet de d\u00e9finir le r\u00f4le de chacun en fonction de son niveau de comp\u00e9tence et de son implication.<\/li>\n<li>Le dernier axe s\u2019attarde sur le cadre r\u00e9dactionnel. Vous d\u00e9finissez votre positionnement par rapport \u00e0 l\u2019image que vous souhaitez v\u00e9hiculer, vous permettant d\u2019\u00eatre beaucoup plus cr\u00e9dible et visible aupr\u00e8s de vos cibles.<\/li>\n<\/ul>\n<p>Dans ce contexte, il faut voir la ligne \u00e9ditoriale comme le reflet de vos choix par rapport \u00e0 votre identit\u00e9. Avant la mise en production d\u2019un contenu, vous devez donc prendre tout le temps n\u00e9cessaire pour r\u00e9fl\u00e9chir \u00e0 votre fa\u00e7on de communiquer.<\/p>\n<h2 id=\"pourquoi-creer-ligne-editoriale-facebook\">Pourquoi cr\u00e9er une ligne \u00e9ditoriale pour Facebook\u2009?<\/h2>\n<p>Aujourd\u2019hui, Facebook est un r\u00e9seau social incontournable. Bien que son utilisation reste moins intense chez les jeunes, la plateforme ne doit pas \u00eatre n\u00e9glig\u00e9e afin de cr\u00e9er une communaut\u00e9 et de communiquer avec elle.<\/p>\n<p>Si Facebook demeure un r\u00e9seau social important, c\u2019est gr\u00e2ce \u00e0 sa large base d\u2019utilisateurs et \u00e0 leurs activit\u00e9s. Mais ce n\u2019est pas tout, de nombreux outils ont \u00e9t\u00e9 mis \u00e0 votre disposition pour que vous puissiez assurer une communication efficace. Par exemple, vous pouvez mettre en place des sondages, utiliser la Marketplace ou encore publier des vid\u00e9os.<\/p>\n<p>Alors pour promouvoir vos services et vos produits, Facebook conviendra parfaitement, d\u2019autant plus que vous pouvez toucher une large audience. Un avantage ind\u00e9niable \u00e0 condition bien \u00e9videmment d\u2019avoir \u00e9tabli une ligne \u00e9ditoriale sur le m\u00e9dia Facebook.<\/p>\n<p>Si vous y parvenez, vous serez en mesure de diffuser un message clair et concis, tout en d\u00e9veloppant votre marque et en fid\u00e9lisant vos nouveaux clients.<\/p>\n<p>Mais attention, rien ne vous emp\u00eache en parall\u00e8le d\u2019utiliser d\u2019autres r\u00e9seaux pour maximiser votre visibilit\u00e9 et de d\u00e9velopper votre trafic web. N\u2019oubliez pas non plus l\u2019importance de publier des articles sur votre blog.<\/p>\n<h2 id=\"specificites-ligne-editoriale-reseaux-sociaux-et-facebook\">Les sp\u00e9cificit\u00e9s d\u2019une ligne \u00e9ditoriale pour les r\u00e9seaux sociaux et en particulier Facebook<\/h2>\n<figure id=\"attachment_31002\" aria-describedby=\"caption-attachment-31002\" style=\"width: 700px\" class=\"wp-caption aligncenter\"><img decoding=\"async\" class=\"size-full wp-image-31002\" src=\"https:\/\/www.redacteur.com\/blog\/wp-content\/uploads\/sites\/6\/2022\/03\/strategie-editoriale-reseaux-sociaux.jpg\" alt=\"strat\u00e9gie \u00e9ditoriale pertinente\" width=\"700\" height=\"427\" srcset=\"https:\/\/www.redacteur.com\/blog\/wp-content\/uploads\/sites\/6\/2022\/03\/strategie-editoriale-reseaux-sociaux.jpg 700w, https:\/\/www.redacteur.com\/blog\/wp-content\/uploads\/sites\/6\/2022\/03\/strategie-editoriale-reseaux-sociaux-300x183.jpg 300w, https:\/\/www.redacteur.com\/blog\/wp-content\/uploads\/sites\/6\/2022\/03\/strategie-editoriale-reseaux-sociaux-60x37.jpg 60w, https:\/\/www.redacteur.com\/blog\/wp-content\/uploads\/sites\/6\/2022\/03\/strategie-editoriale-reseaux-sociaux-370x226.jpg 370w, https:\/\/www.redacteur.com\/blog\/wp-content\/uploads\/sites\/6\/2022\/03\/strategie-editoriale-reseaux-sociaux-270x165.jpg 270w, https:\/\/www.redacteur.com\/blog\/wp-content\/uploads\/sites\/6\/2022\/03\/strategie-editoriale-reseaux-sociaux-570x348.jpg 570w\" sizes=\"(max-width: 700px) 100vw, 700px\" \/><figcaption id=\"caption-attachment-31002\" class=\"wp-caption-text\">Source&nbsp;: freepik.com<\/figcaption><\/figure>\n<p>Choisir un r\u00e9seau social comme Facebook permet de d\u00e9velopper votre visibilit\u00e9. Mais comme vous pouvez vous en douter, ce sont des plateformes avides de contenus. Alors avant de franchir le pas et de commencer \u00e0 publier, il est imp\u00e9ratif de d\u00e9finir une ligne \u00e9ditoriale&nbsp;!<\/p>\n<p>Voyez celle-ci comme votre r\u00e8glement int\u00e9rieur. C&#8217;est le fil rouge qui vous servira syst\u00e9matiquement pour les r\u00e9dactions. Attardez-vous sur le style r\u00e9dactionnel que vous employez. Vous pouvez varier le ton en fonction de votre public cible&nbsp;: ton informatif, humoristique ou engag\u00e9.<\/p>\n<p>Pensez \u00e9galement \u00e0 une liste de sujets sur lesquels vous allez pouvoir r\u00e9diger r\u00e9guli\u00e8rement. De mani\u00e8re r\u00e9currente, vous utiliserez des champs lexicaux ainsi que des \u00e9mojis. Allez-vous tutoyer ou vouvoyer votre audience\u2009? Pr\u00e9f\u00e9rez-vous la voix active ou la voix passive\u2009?<\/p>\n<p>Enfin, il y a peut-\u00eatre certaines expressions sur lesquelles vous souhaitez concentrer votre travail ou que vous souhaitez proscrire. C&#8217;est le moment de les d\u00e9finir&nbsp;!<\/p>\n<p>Concernant Facebook, il faut garder \u00e0 l\u2019esprit qu\u2019il s\u2019agit d\u2019un m\u00e9dia de divertissement. Pour vous distinguer de la concurrence dans les newsfeed, il est particuli\u00e8rement judicieux de vous concentrer sur les \u00e9motions. La cr\u00e9ativit\u00e9 sera le ma\u00eetre mot et c\u2019est par elle que vous allez pouvoir interagir avec votre audience.<\/p>\n<p>Soyez imaginatif en proposant des tests de connaissances, en organisant des jeux ou en faisant la promotion de vos services, mais toujours en employant un ton l\u00e9ger. N\u2019h\u00e9sitez pas \u00e0 mettre en avant des informations pratiques, des conseils ou \u00e0 montrer les coulisses de votre organisation.<\/p>\n<h2 id=\"etapes-creation-ligne-editoriale-facebook\">Cinq \u00e9tapes pour cr\u00e9er votre ligne \u00e9ditoriale sur Facebook<\/h2>\n<h3>1. D\u00e9finir vos objectifs et votre cible<\/h3>\n<p><img decoding=\"async\" class=\"aligncenter size-full wp-image-32648\" src=\"https:\/\/www.redacteur.com\/blog\/wp-content\/uploads\/sites\/6\/2013\/03\/generateur-mots-cles.jpg\" alt=\"G\u00e9n\u00e9rateur de mots-cl\u00e9s\" width=\"850\" height=\"600\" srcset=\"https:\/\/www.redacteur.com\/blog\/wp-content\/uploads\/sites\/6\/2013\/03\/generateur-mots-cles.jpg 850w, https:\/\/www.redacteur.com\/blog\/wp-content\/uploads\/sites\/6\/2013\/03\/generateur-mots-cles-300x212.jpg 300w, https:\/\/www.redacteur.com\/blog\/wp-content\/uploads\/sites\/6\/2013\/03\/generateur-mots-cles-768x542.jpg 768w, https:\/\/www.redacteur.com\/blog\/wp-content\/uploads\/sites\/6\/2013\/03\/generateur-mots-cles-60x42.jpg 60w, https:\/\/www.redacteur.com\/blog\/wp-content\/uploads\/sites\/6\/2013\/03\/generateur-mots-cles-370x261.jpg 370w, https:\/\/www.redacteur.com\/blog\/wp-content\/uploads\/sites\/6\/2013\/03\/generateur-mots-cles-270x191.jpg 270w, https:\/\/www.redacteur.com\/blog\/wp-content\/uploads\/sites\/6\/2013\/03\/generateur-mots-cles-570x402.jpg 570w, https:\/\/www.redacteur.com\/blog\/wp-content\/uploads\/sites\/6\/2013\/03\/generateur-mots-cles-740x522.jpg 740w\" sizes=\"(max-width: 850px) 100vw, 850px\" \/><\/p>\n<p>Pour partir sur la bonne base, c\u2019est-\u00e0-dire en misant sur une ligne \u00e9ditoriale forte, il est indispensable de se poser certaines questions. Par exemple, quelles sont vos attentes concernant votre pr\u00e9sence sur ce r\u00e9seau social\u2009? D\u00e8s le d\u00e9part, d\u00e9finissez votre objectif et gardez-le en t\u00eate. Il peut s\u2019agir d\u2019un renforcement de votre identit\u00e9, de d\u00e9velopper votre notori\u00e9t\u00e9 ou de gagner des prospects suppl\u00e9mentaires.<\/p>\n<p>Le deuxi\u00e8me \u00e9l\u00e9ment concerne votre cible. \u00c0 quel type d\u2019utilisateurs vous adressez-vous et quel comportement adoptent-t-ils sur Facebook\u2009? En fonction de leurs centres d\u2019int\u00e9r\u00eat, de leur sexe, de leur localisation ou de leur \u00e2ge, les attentes ne sont pas toujours les m\u00eames.<\/p>\n<p>Il vous faudra donc analyser ces diff\u00e9rents crit\u00e8res pour choisir le ton le plus appropri\u00e9 et ainsi l\u2019utiliser sur votre ligne \u00e9ditoriale.<\/p>\n<h3>2. L\u2019importance du style r\u00e9dactionnel<\/h3>\n<p>Maintenant, vous allez pouvoir entrer dans le vif du sujet en d\u00e9terminant le ton et le style pour votre ligne \u00e9ditoriale. Par d\u00e9finition, Facebook reste le r\u00e9seau social ma\u00eetre de l\u2019\u00e9motion. Cependant, avoir un langage professionnel ne sera pas d\u00e9plaisant pour votre audience. Le tout \u00e9tant d\u2019employer un discours et un style qui correspondent parfaitement \u00e0 l\u2019image que vous souhaitez renvoyer pour votre marque.<\/p>\n<p>Souhaitez-vous vous positionner comme un expert en utilisant un champ lexical sp\u00e9cialis\u00e9 ou au contraire comme un ami livrant des conseils\u2009?<\/p>\n<p>Une fois que vous avez r\u00e9pondu \u00e0 ces interrogations, vous savez quel niveau de langue vous utiliserez ainsi que le champ lexical. Pour que vos messages soient plus impactant, n\u2019oubliez pas d\u2019utiliser des hashtags et des \u00e9mojis. C\u2019est de cette fa\u00e7on que vous allez d\u00e9finir votre relation avec votre communaut\u00e9.<\/p>\n<h3>3. Choisissez syst\u00e9matiquement des formats percutants<\/h3>\n<p>Au cours de cette \u00e9tape, vous d\u00e9finissez le type de contenu le plus appropri\u00e9. Gardez \u00e0 l\u2019esprit que Facebook est un r\u00e9seau social favorisant la d\u00e9tente. Dans cette optique, le carrousel de photos, les vid\u00e9os, les infographies ou les animations en motion design sont \u00e0 pl\u00e9bisciter pour un marketing percutant.<\/p>\n<p>Le point commun entre ces diff\u00e9rents \u00e9l\u00e9ments\u2009? Le visuel. Mais pour exploiter la port\u00e9e organique de vos contenus, n\u2019h\u00e9sitez pas \u00e0 investir dans du contenu vid\u00e9o.<\/p>\n<p>N\u2019oubliez pas non plus d\u2019incorporer vos r\u00e8gles d\u2019imagerie au niveau de la charte graphique que vous \u00e9tablissez sur Facebook.<\/p>\n<h3>4. Trouvez les bonnes th\u00e9matiques<\/h3>\n<p>La quatri\u00e8me \u00e9tape pour \u00e9tablir une ligne \u00e9ditoriale sur Facebook consiste \u00e0 publier sur vos th\u00e8mes de pr\u00e9dilection. Pour faire simple, ce sont des sujets qui int\u00e9resseront vos lecteurs dans le but d\u2019encourager l\u2019engagement.<\/p>\n<p>Inutile de vous disperser, vous travaillez sur des axes d\u00e9finis en amont avec des sujets inh\u00e9rents \u00e0 votre activit\u00e9. C\u2019est de cette mani\u00e8re que vous resterez cr\u00e9dible, tout en maintenant vos objectifs.<\/p>\n<p>Par exemple, si vous \u00eates une entreprise sp\u00e9cialis\u00e9e dans la vente de chaussures, inutile de publier un sujet sur les derni\u00e8res tendances en mati\u00e8re de potager.<\/p>\n<h3>5. La planification du contenu<\/h3>\n<p><img decoding=\"async\" class=\"aligncenter wp-image-18318 size-full\" src=\"https:\/\/www.redacteur.com\/blog\/wp-content\/uploads\/sites\/6\/2019\/01\/redacteur-calendrier-edito-e1579017811485.png\" alt=\"\" width=\"800\" height=\"403\" srcset=\"https:\/\/www.redacteur.com\/blog\/wp-content\/uploads\/sites\/6\/2019\/01\/redacteur-calendrier-edito-e1579017811485.png 800w, https:\/\/www.redacteur.com\/blog\/wp-content\/uploads\/sites\/6\/2019\/01\/redacteur-calendrier-edito-e1579017811485-300x151.png 300w, https:\/\/www.redacteur.com\/blog\/wp-content\/uploads\/sites\/6\/2019\/01\/redacteur-calendrier-edito-e1579017811485-768x387.png 768w, https:\/\/www.redacteur.com\/blog\/wp-content\/uploads\/sites\/6\/2019\/01\/redacteur-calendrier-edito-e1579017811485-60x30.png 60w, https:\/\/www.redacteur.com\/blog\/wp-content\/uploads\/sites\/6\/2019\/01\/redacteur-calendrier-edito-e1579017811485-370x186.png 370w, https:\/\/www.redacteur.com\/blog\/wp-content\/uploads\/sites\/6\/2019\/01\/redacteur-calendrier-edito-e1579017811485-270x136.png 270w, https:\/\/www.redacteur.com\/blog\/wp-content\/uploads\/sites\/6\/2019\/01\/redacteur-calendrier-edito-e1579017811485-570x287.png 570w, https:\/\/www.redacteur.com\/blog\/wp-content\/uploads\/sites\/6\/2019\/01\/redacteur-calendrier-edito-e1579017811485-740x373.png 740w\" sizes=\"(max-width: 800px) 100vw, 800px\" \/><\/p>\n<p>Voici la derni\u00e8re \u00e9tape pour vous constituer une ligne \u00e9ditoriale sur Facebook. Pour tenir le rythme des publications, il est primordial de mettre en place un calendrier \u00e9ditorial. Pour cela, un juste milieu s\u2019impose pour \u00e9viter le silence total, mais \u00e9galement pour ne pas \u00eatre vu comme du contenu ind\u00e9sirable.<\/p>\n<p>Pour \u00e9viter de vous tromper, le planning sera l\u00e0 pour vous aider. En moyenne, effectuez trois publications par semaine avec un maximum d\u2019une publication par jour sur Facebook. Ce n\u2019est pas tellement la quantit\u00e9 qui est importante, mais plut\u00f4t votre r\u00e9gularit\u00e9.<\/p>\n<p>Facebook demande des publications r\u00e9guli\u00e8res et bien \u00e9videmment de qualit\u00e9 pour que vous puissiez d\u00e9velopper du trafic qualitatif, mais \u00e9galement pour g\u00e9n\u00e9rer de la notori\u00e9t\u00e9. Si vous vous montrez rigoureux dans cette d\u00e9marche, vous allez appara\u00eetre comme une v\u00e9ritable r\u00e9f\u00e9rence dans votre domaine. Alors, ne n\u00e9gligez pas l\u2019importance d\u2019un planning \u00e9ditorial en vous posant la question de savoir \u00e0 quel moment de la journ\u00e9e vous \u00eates le plus susceptible d\u2019atteindre votre cible.<\/p>\n<p>D\u2019ailleurs, sachez qu\u2019il existe des outils sp\u00e9cifiques vous permettant de programmer vos publications pour \u00e9viter d\u2019intervenir manuellement. Un outil utile dans le but de gagner du temps.<\/p>\n<h2>Nos conseils pour avoir une ligne \u00e9ditoriale irr\u00e9prochable sur Facebook<\/h2>\n<p>D\u00e9sormais, vous connaissez l\u2019importance d\u2019une ligne \u00e9ditoriale sur les r\u00e9seaux sociaux et comment en \u00e9tablir une. Mais un dernier conseil s\u2019impose par rapport \u00e0 la mod\u00e9ration. Peu importent les publications, vous recevrez forc\u00e9ment des avis n\u00e9gatifs et positifs.<\/p>\n<p>M\u00eame si le commentaire n\u2019est pas toujours plaisant \u00e0 entendre, il est important d\u2019y accorder de l\u2019importance en apportant une r\u00e9ponse. C\u2019est de cette fa\u00e7on que vous tisserez un lien avec votre communaut\u00e9 en vous montrant attentif au bien-\u00eatre de votre cible.<\/p>\n<p>Par ailleurs, si vous n\u2019avez pas le temps ou les comp\u00e9tences d\u2019un community management pour suivre une ligne \u00e9ditoriale sur les r\u00e9seaux sociaux, n\u2019h\u00e9sitez pas \u00e0 commander votre contenu sur <a href=\"..\/..\/..\/\">Redacteur.com<\/a>. En effet, la plateforme dispose de plusieurs milliers de r\u00e9dacteurs professionnels capables de g\u00e9rer parfaitement votre strat\u00e9gie de communication aussi bien sur Facebook que sur d\u2019autres r\u00e9seaux sociaux et sur les blogs.<\/p>\n","protected":false},"excerpt":{"rendered":"<p>De nos jours, les r\u00e9seaux sociaux constituent un excellent levier marketing. Mais pour exploiter pleinement leurs potentiels, il est imp\u00e9ratif d\u2019\u00e9tablir une ligne \u00e9ditoriale. Et cet imp\u00e9ratif concerne \u00e9galement le Facebook de votre entreprise&nbsp;! Voici les \u00e9tapes de ce qu&#8217;il faut savoir sur la cr\u00e9ation de votre ligne \u00e9ditoriale pour Facebook&nbsp;: Qu&#8217;est-ce qu&#8217;une ligne \u00e9ditoriale&nbsp;? [&hellip;]<\/p>\n","protected":false},"author":1,"featured_media":32728,"comment_status":"open","ping_status":"closed","sticky":false,"template":"","format":"standard","meta":{"_acf_changed":false,"inline_featured_image":false,"footnotes":""},"categories":[12],"tags":[],"class_list":["post-32726","post","type-post","status-publish","format-standard","has-post-thumbnail","hentry","category-reseaux-sociaux"],"acf":[],"yoast_head":"<!-- This site is optimized with the Yoast SEO plugin v25.9 - https:\/\/yoast.com\/wordpress\/plugins\/seo\/ -->\n<title>Comment cr\u00e9er une ligne \u00e9ditoriale pour Facebook\u00a0? - Redacteur Blog<\/title>\n<meta name=\"description\" content=\"De nos jours, les r\u00e9seaux sociaux constituent un excellent levier marketing. Mais pour exploiter pleinement leurs potentiels, il est imp\u00e9ratif d\u2019\u00e9tablir\" \/>\n<meta name=\"robots\" content=\"index, follow, max-snippet:-1, max-image-preview:large, max-video-preview:-1\" \/>\n<link rel=\"canonical\" href=\"https:\/\/www.redacteur.com\/blog\/comment-creer-une-ligne-editoriale-facebook\/\" \/>\n<meta property=\"og:locale\" content=\"fr_FR\" \/>\n<meta property=\"og:type\" content=\"article\" \/>\n<meta property=\"og:title\" content=\"Comment cr\u00e9er une ligne \u00e9ditoriale pour Facebook\u00a0? - Redacteur Blog\" \/>\n<meta property=\"og:description\" content=\"De nos jours, les r\u00e9seaux sociaux constituent un excellent levier marketing. Mais pour exploiter pleinement leurs potentiels, il est imp\u00e9ratif d\u2019\u00e9tablir\" \/>\n<meta property=\"og:url\" content=\"https:\/\/www.redacteur.com\/blog\/comment-creer-une-ligne-editoriale-facebook\/\" \/>\n<meta property=\"og:site_name\" content=\"Redacteur.com\" \/>\n<meta property=\"article:publisher\" content=\"https:\/\/www.facebook.com\/redacteurcom\" \/>\n<meta property=\"article:published_time\" content=\"2022-10-31T09:50:00+00:00\" \/>\n<meta property=\"og:image\" content=\"https:\/\/www.redacteur.com\/blog\/wp-content\/uploads\/sites\/6\/2022\/08\/creer-ligne-editoriale-facebook.jpg\" \/>\n\t<meta property=\"og:image:width\" content=\"850\" \/>\n\t<meta property=\"og:image:height\" content=\"600\" \/>\n\t<meta property=\"og:image:type\" content=\"image\/jpeg\" \/>\n<meta name=\"author\" content=\"Laura Michaud\" \/>\n<meta name=\"twitter:card\" content=\"summary_large_image\" \/>\n<meta name=\"twitter:creator\" content=\"@Redacteurcom\" \/>\n<meta name=\"twitter:site\" content=\"@Redacteurcom\" \/>\n<meta name=\"twitter:label1\" content=\"\u00c9crit par\" \/>\n\t<meta name=\"twitter:data1\" content=\"Laura Michaud\" \/>\n\t<meta name=\"twitter:label2\" content=\"Dur\u00e9e de lecture estim\u00e9e\" \/>\n\t<meta name=\"twitter:data2\" content=\"9 minutes\" \/>\n<script type=\"application\/ld+json\" class=\"yoast-schema-graph\">{\"@context\":\"https:\/\/schema.org\",\"@graph\":[{\"@type\":\"Article\",\"@id\":\"https:\/\/www.redacteur.com\/blog\/comment-creer-une-ligne-editoriale-facebook\/#article\",\"isPartOf\":{\"@id\":\"https:\/\/www.redacteur.com\/blog\/comment-creer-une-ligne-editoriale-facebook\/\"},\"author\":{\"name\":\"Laura Michaud\",\"@id\":\"https:\/\/www.redacteur.com\/blog\/#\/schema\/person\/33c0ef04707fbe50a096f282050bb5f2\"},\"headline\":\"Comment cr\u00e9er une ligne \u00e9ditoriale pour Facebook\u00a0?\",\"datePublished\":\"2022-10-31T09:50:00+00:00\",\"mainEntityOfPage\":{\"@id\":\"https:\/\/www.redacteur.com\/blog\/comment-creer-une-ligne-editoriale-facebook\/\"},\"wordCount\":1797,\"commentCount\":0,\"publisher\":{\"@id\":\"https:\/\/www.redacteur.com\/blog\/#organization\"},\"image\":{\"@id\":\"https:\/\/www.redacteur.com\/blog\/comment-creer-une-ligne-editoriale-facebook\/#primaryimage\"},\"thumbnailUrl\":\"https:\/\/www.redacteur.com\/blog\/wp-content\/uploads\/sites\/6\/2022\/08\/creer-ligne-editoriale-facebook.jpg\",\"articleSection\":[\"R\u00e9seaux sociaux\"],\"inLanguage\":\"fr-FR\",\"potentialAction\":[{\"@type\":\"CommentAction\",\"name\":\"Comment\",\"target\":[\"https:\/\/www.redacteur.com\/blog\/comment-creer-une-ligne-editoriale-facebook\/#respond\"]}]},{\"@type\":\"WebPage\",\"@id\":\"https:\/\/www.redacteur.com\/blog\/comment-creer-une-ligne-editoriale-facebook\/\",\"url\":\"https:\/\/www.redacteur.com\/blog\/comment-creer-une-ligne-editoriale-facebook\/\",\"name\":\"Comment cr\u00e9er une ligne \u00e9ditoriale pour Facebook\u00a0? - Redacteur Blog\",\"isPartOf\":{\"@id\":\"https:\/\/www.redacteur.com\/blog\/#website\"},\"primaryImageOfPage\":{\"@id\":\"https:\/\/www.redacteur.com\/blog\/comment-creer-une-ligne-editoriale-facebook\/#primaryimage\"},\"image\":{\"@id\":\"https:\/\/www.redacteur.com\/blog\/comment-creer-une-ligne-editoriale-facebook\/#primaryimage\"},\"thumbnailUrl\":\"https:\/\/www.redacteur.com\/blog\/wp-content\/uploads\/sites\/6\/2022\/08\/creer-ligne-editoriale-facebook.jpg\",\"datePublished\":\"2022-10-31T09:50:00+00:00\",\"description\":\"De nos jours, les r\u00e9seaux sociaux constituent un excellent levier marketing. Mais pour exploiter pleinement leurs potentiels, il est imp\u00e9ratif d\u2019\u00e9tablir\",\"breadcrumb\":{\"@id\":\"https:\/\/www.redacteur.com\/blog\/comment-creer-une-ligne-editoriale-facebook\/#breadcrumb\"},\"inLanguage\":\"fr-FR\",\"potentialAction\":[{\"@type\":\"ReadAction\",\"target\":[\"https:\/\/www.redacteur.com\/blog\/comment-creer-une-ligne-editoriale-facebook\/\"]}]},{\"@type\":\"ImageObject\",\"inLanguage\":\"fr-FR\",\"@id\":\"https:\/\/www.redacteur.com\/blog\/comment-creer-une-ligne-editoriale-facebook\/#primaryimage\",\"url\":\"https:\/\/www.redacteur.com\/blog\/wp-content\/uploads\/sites\/6\/2022\/08\/creer-ligne-editoriale-facebook.jpg\",\"contentUrl\":\"https:\/\/www.redacteur.com\/blog\/wp-content\/uploads\/sites\/6\/2022\/08\/creer-ligne-editoriale-facebook.jpg\",\"width\":850,\"height\":600,\"caption\":\"Cr\u00e9er une ligne \u00e9ditoriale pour Facebook\"},{\"@type\":\"BreadcrumbList\",\"@id\":\"https:\/\/www.redacteur.com\/blog\/comment-creer-une-ligne-editoriale-facebook\/#breadcrumb\",\"itemListElement\":[{\"@type\":\"ListItem\",\"position\":1,\"name\":\"Blog\",\"item\":\"https:\/\/www.redacteur.com\/blog\/\"},{\"@type\":\"ListItem\",\"position\":2,\"name\":\"Content marketing\",\"item\":\"https:\/\/www.redacteur.com\/blog\/contenu-web\/\"},{\"@type\":\"ListItem\",\"position\":3,\"name\":\"R\u00e9seaux sociaux\",\"item\":\"https:\/\/www.redacteur.com\/blog\/contenu-web\/reseaux-sociaux\/\"},{\"@type\":\"ListItem\",\"position\":4,\"name\":\"Comment cr\u00e9er une ligne \u00e9ditoriale pour Facebook\u00a0?\"}]},{\"@type\":\"WebSite\",\"@id\":\"https:\/\/www.redacteur.com\/blog\/#website\",\"url\":\"https:\/\/www.redacteur.com\/blog\/\",\"name\":\"Redacteur.com\",\"description\":\"redacteur\",\"publisher\":{\"@id\":\"https:\/\/www.redacteur.com\/blog\/#organization\"},\"potentialAction\":[{\"@type\":\"SearchAction\",\"target\":{\"@type\":\"EntryPoint\",\"urlTemplate\":\"https:\/\/www.redacteur.com\/blog\/?s={search_term_string}\"},\"query-input\":{\"@type\":\"PropertyValueSpecification\",\"valueRequired\":true,\"valueName\":\"search_term_string\"}}],\"inLanguage\":\"fr-FR\"},{\"@type\":\"Organization\",\"@id\":\"https:\/\/www.redacteur.com\/blog\/#organization\",\"name\":\"Redacteur.com\",\"url\":\"https:\/\/www.redacteur.com\/blog\/\",\"logo\":{\"@type\":\"ImageObject\",\"inLanguage\":\"fr-FR\",\"@id\":\"https:\/\/www.redacteur.com\/blog\/#\/schema\/logo\/image\/\",\"url\":\"https:\/\/www.redacteur.com\/blog\/wp-content\/uploads\/sites\/6\/2022\/10\/logo-redacteur-blog.svg\",\"contentUrl\":\"https:\/\/www.redacteur.com\/blog\/wp-content\/uploads\/sites\/6\/2022\/10\/logo-redacteur-blog.svg\",\"width\":1,\"height\":1,\"caption\":\"Redacteur.com\"},\"image\":{\"@id\":\"https:\/\/www.redacteur.com\/blog\/#\/schema\/logo\/image\/\"},\"sameAs\":[\"https:\/\/www.facebook.com\/redacteurcom\",\"https:\/\/x.com\/Redacteurcom\",\"https:\/\/www.linkedin.com\/company\/redacteur-com\",\"https:\/\/www.youtube.com\/channel\/UCgj9ySM9xy3gdL8qBafl9Uw\/\"]},{\"@type\":\"Person\",\"@id\":\"https:\/\/www.redacteur.com\/blog\/#\/schema\/person\/33c0ef04707fbe50a096f282050bb5f2\",\"name\":\"Laura Michaud\",\"image\":{\"@type\":\"ImageObject\",\"inLanguage\":\"fr-FR\",\"@id\":\"https:\/\/www.redacteur.com\/blog\/#\/schema\/person\/image\/\",\"url\":\"https:\/\/secure.gravatar.com\/avatar\/c3328cc0c887f98cec6b2979af3311ab6333fc7cc2d4847514cfec6a56fa08a7?s=96&d=mm&r=g\",\"contentUrl\":\"https:\/\/secure.gravatar.com\/avatar\/c3328cc0c887f98cec6b2979af3311ab6333fc7cc2d4847514cfec6a56fa08a7?s=96&d=mm&r=g\",\"caption\":\"Laura Michaud\"},\"description\":\"Laura connait tous les meilleurs outils pour g\u00e9rer des projets et une entreprise. Cr\u00e9ative, c'est aussi une sp\u00e9cialiste des outils de cr\u00e9ation graphique pour faire briller une entreprise.\",\"sameAs\":[\"https:\/\/www.linkedin.com\/in\/michaudlaura\/\"],\"url\":\"https:\/\/www.redacteur.com\/blog\/author\/laura\/\"}]}<\/script>\n<!-- \/ Yoast SEO plugin. -->","yoast_head_json":{"title":"Comment cr\u00e9er une ligne \u00e9ditoriale pour Facebook\u00a0? - Redacteur Blog","description":"De nos jours, les r\u00e9seaux sociaux constituent un excellent levier marketing. Mais pour exploiter pleinement leurs potentiels, il est imp\u00e9ratif d\u2019\u00e9tablir","robots":{"index":"index","follow":"follow","max-snippet":"max-snippet:-1","max-image-preview":"max-image-preview:large","max-video-preview":"max-video-preview:-1"},"canonical":"https:\/\/www.redacteur.com\/blog\/comment-creer-une-ligne-editoriale-facebook\/","og_locale":"fr_FR","og_type":"article","og_title":"Comment cr\u00e9er une ligne \u00e9ditoriale pour Facebook\u00a0? - Redacteur Blog","og_description":"De nos jours, les r\u00e9seaux sociaux constituent un excellent levier marketing. Mais pour exploiter pleinement leurs potentiels, il est imp\u00e9ratif d\u2019\u00e9tablir","og_url":"https:\/\/www.redacteur.com\/blog\/comment-creer-une-ligne-editoriale-facebook\/","og_site_name":"Redacteur.com","article_publisher":"https:\/\/www.facebook.com\/redacteurcom","article_published_time":"2022-10-31T09:50:00+00:00","og_image":[{"width":850,"height":600,"url":"https:\/\/www.redacteur.com\/blog\/wp-content\/uploads\/sites\/6\/2022\/08\/creer-ligne-editoriale-facebook.jpg","type":"image\/jpeg"}],"author":"Laura Michaud","twitter_card":"summary_large_image","twitter_creator":"@Redacteurcom","twitter_site":"@Redacteurcom","twitter_misc":{"\u00c9crit par":"Laura Michaud","Dur\u00e9e de lecture estim\u00e9e":"9 minutes"},"schema":{"@context":"https:\/\/schema.org","@graph":[{"@type":"Article","@id":"https:\/\/www.redacteur.com\/blog\/comment-creer-une-ligne-editoriale-facebook\/#article","isPartOf":{"@id":"https:\/\/www.redacteur.com\/blog\/comment-creer-une-ligne-editoriale-facebook\/"},"author":{"name":"Laura Michaud","@id":"https:\/\/www.redacteur.com\/blog\/#\/schema\/person\/33c0ef04707fbe50a096f282050bb5f2"},"headline":"Comment cr\u00e9er une ligne \u00e9ditoriale pour Facebook\u00a0?","datePublished":"2022-10-31T09:50:00+00:00","mainEntityOfPage":{"@id":"https:\/\/www.redacteur.com\/blog\/comment-creer-une-ligne-editoriale-facebook\/"},"wordCount":1797,"commentCount":0,"publisher":{"@id":"https:\/\/www.redacteur.com\/blog\/#organization"},"image":{"@id":"https:\/\/www.redacteur.com\/blog\/comment-creer-une-ligne-editoriale-facebook\/#primaryimage"},"thumbnailUrl":"https:\/\/www.redacteur.com\/blog\/wp-content\/uploads\/sites\/6\/2022\/08\/creer-ligne-editoriale-facebook.jpg","articleSection":["R\u00e9seaux sociaux"],"inLanguage":"fr-FR","potentialAction":[{"@type":"CommentAction","name":"Comment","target":["https:\/\/www.redacteur.com\/blog\/comment-creer-une-ligne-editoriale-facebook\/#respond"]}]},{"@type":"WebPage","@id":"https:\/\/www.redacteur.com\/blog\/comment-creer-une-ligne-editoriale-facebook\/","url":"https:\/\/www.redacteur.com\/blog\/comment-creer-une-ligne-editoriale-facebook\/","name":"Comment cr\u00e9er une ligne \u00e9ditoriale pour Facebook\u00a0? - Redacteur Blog","isPartOf":{"@id":"https:\/\/www.redacteur.com\/blog\/#website"},"primaryImageOfPage":{"@id":"https:\/\/www.redacteur.com\/blog\/comment-creer-une-ligne-editoriale-facebook\/#primaryimage"},"image":{"@id":"https:\/\/www.redacteur.com\/blog\/comment-creer-une-ligne-editoriale-facebook\/#primaryimage"},"thumbnailUrl":"https:\/\/www.redacteur.com\/blog\/wp-content\/uploads\/sites\/6\/2022\/08\/creer-ligne-editoriale-facebook.jpg","datePublished":"2022-10-31T09:50:00+00:00","description":"De nos jours, les r\u00e9seaux sociaux constituent un excellent levier marketing. Mais pour exploiter pleinement leurs potentiels, il est imp\u00e9ratif d\u2019\u00e9tablir","breadcrumb":{"@id":"https:\/\/www.redacteur.com\/blog\/comment-creer-une-ligne-editoriale-facebook\/#breadcrumb"},"inLanguage":"fr-FR","potentialAction":[{"@type":"ReadAction","target":["https:\/\/www.redacteur.com\/blog\/comment-creer-une-ligne-editoriale-facebook\/"]}]},{"@type":"ImageObject","inLanguage":"fr-FR","@id":"https:\/\/www.redacteur.com\/blog\/comment-creer-une-ligne-editoriale-facebook\/#primaryimage","url":"https:\/\/www.redacteur.com\/blog\/wp-content\/uploads\/sites\/6\/2022\/08\/creer-ligne-editoriale-facebook.jpg","contentUrl":"https:\/\/www.redacteur.com\/blog\/wp-content\/uploads\/sites\/6\/2022\/08\/creer-ligne-editoriale-facebook.jpg","width":850,"height":600,"caption":"Cr\u00e9er une ligne \u00e9ditoriale pour Facebook"},{"@type":"BreadcrumbList","@id":"https:\/\/www.redacteur.com\/blog\/comment-creer-une-ligne-editoriale-facebook\/#breadcrumb","itemListElement":[{"@type":"ListItem","position":1,"name":"Blog","item":"https:\/\/www.redacteur.com\/blog\/"},{"@type":"ListItem","position":2,"name":"Content marketing","item":"https:\/\/www.redacteur.com\/blog\/contenu-web\/"},{"@type":"ListItem","position":3,"name":"R\u00e9seaux sociaux","item":"https:\/\/www.redacteur.com\/blog\/contenu-web\/reseaux-sociaux\/"},{"@type":"ListItem","position":4,"name":"Comment cr\u00e9er une ligne \u00e9ditoriale pour Facebook\u00a0?"}]},{"@type":"WebSite","@id":"https:\/\/www.redacteur.com\/blog\/#website","url":"https:\/\/www.redacteur.com\/blog\/","name":"Redacteur.com","description":"redacteur","publisher":{"@id":"https:\/\/www.redacteur.com\/blog\/#organization"},"potentialAction":[{"@type":"SearchAction","target":{"@type":"EntryPoint","urlTemplate":"https:\/\/www.redacteur.com\/blog\/?s={search_term_string}"},"query-input":{"@type":"PropertyValueSpecification","valueRequired":true,"valueName":"search_term_string"}}],"inLanguage":"fr-FR"},{"@type":"Organization","@id":"https:\/\/www.redacteur.com\/blog\/#organization","name":"Redacteur.com","url":"https:\/\/www.redacteur.com\/blog\/","logo":{"@type":"ImageObject","inLanguage":"fr-FR","@id":"https:\/\/www.redacteur.com\/blog\/#\/schema\/logo\/image\/","url":"https:\/\/www.redacteur.com\/blog\/wp-content\/uploads\/sites\/6\/2022\/10\/logo-redacteur-blog.svg","contentUrl":"https:\/\/www.redacteur.com\/blog\/wp-content\/uploads\/sites\/6\/2022\/10\/logo-redacteur-blog.svg","width":1,"height":1,"caption":"Redacteur.com"},"image":{"@id":"https:\/\/www.redacteur.com\/blog\/#\/schema\/logo\/image\/"},"sameAs":["https:\/\/www.facebook.com\/redacteurcom","https:\/\/x.com\/Redacteurcom","https:\/\/www.linkedin.com\/company\/redacteur-com","https:\/\/www.youtube.com\/channel\/UCgj9ySM9xy3gdL8qBafl9Uw\/"]},{"@type":"Person","@id":"https:\/\/www.redacteur.com\/blog\/#\/schema\/person\/33c0ef04707fbe50a096f282050bb5f2","name":"Laura Michaud","image":{"@type":"ImageObject","inLanguage":"fr-FR","@id":"https:\/\/www.redacteur.com\/blog\/#\/schema\/person\/image\/","url":"https:\/\/secure.gravatar.com\/avatar\/c3328cc0c887f98cec6b2979af3311ab6333fc7cc2d4847514cfec6a56fa08a7?s=96&d=mm&r=g","contentUrl":"https:\/\/secure.gravatar.com\/avatar\/c3328cc0c887f98cec6b2979af3311ab6333fc7cc2d4847514cfec6a56fa08a7?s=96&d=mm&r=g","caption":"Laura Michaud"},"description":"Laura connait tous les meilleurs outils pour g\u00e9rer des projets et une entreprise. Cr\u00e9ative, c'est aussi une sp\u00e9cialiste des outils de cr\u00e9ation graphique pour faire briller une entreprise.","sameAs":["https:\/\/www.linkedin.com\/in\/michaudlaura\/"],"url":"https:\/\/www.redacteur.com\/blog\/author\/laura\/"}]}},"_links":{"self":[{"href":"https:\/\/www.redacteur.com\/blog\/wp-json\/wp\/v2\/posts\/32726","targetHints":{"allow":["GET"]}}],"collection":[{"href":"https:\/\/www.redacteur.com\/blog\/wp-json\/wp\/v2\/posts"}],"about":[{"href":"https:\/\/www.redacteur.com\/blog\/wp-json\/wp\/v2\/types\/post"}],"author":[{"embeddable":true,"href":"https:\/\/www.redacteur.com\/blog\/wp-json\/wp\/v2\/users\/1"}],"replies":[{"embeddable":true,"href":"https:\/\/www.redacteur.com\/blog\/wp-json\/wp\/v2\/comments?post=32726"}],"version-history":[{"count":0,"href":"https:\/\/www.redacteur.com\/blog\/wp-json\/wp\/v2\/posts\/32726\/revisions"}],"wp:featuredmedia":[{"embeddable":true,"href":"https:\/\/www.redacteur.com\/blog\/wp-json\/wp\/v2\/media\/32728"}],"wp:attachment":[{"href":"https:\/\/www.redacteur.com\/blog\/wp-json\/wp\/v2\/media?parent=32726"}],"wp:term":[{"taxonomy":"category","embeddable":true,"href":"https:\/\/www.redacteur.com\/blog\/wp-json\/wp\/v2\/categories?post=32726"},{"taxonomy":"post_tag","embeddable":true,"href":"https:\/\/www.redacteur.com\/blog\/wp-json\/wp\/v2\/tags?post=32726"}],"curies":[{"name":"wp","href":"https:\/\/api.w.org\/{rel}","templated":true}]}}