{"id":36378,"date":"2026-01-23T15:00:00","date_gmt":"2026-01-23T14:00:00","guid":{"rendered":"https:\/\/www.redacteur.com\/blog\/?p=36378"},"modified":"2026-01-23T15:00:00","modified_gmt":"2026-01-23T14:00:00","slug":"comite-editorial","status":"publish","type":"post","link":"https:\/\/www.redacteur.com\/blog\/comite-editorial\/","title":{"rendered":"Comment cr\u00e9er et animer un comit\u00e9 \u00e9ditorial&nbsp;?"},"content":{"rendered":"\n<p>Pour qu&#8217;une strat\u00e9gie de contenu soit efficace, plusieurs collaborateurs et \u00e9quipes de l\u2019entreprise doivent \u00eatre align\u00e9s et impliqu\u00e9s dans son ex\u00e9cution. C\u2019est l\u00e0 que la mise en place d\u2019un comit\u00e9 \u00e9ditorial se r\u00e9v\u00e8le indispensable.<\/p>\n\n\n\n<p>D\u00e9couvrez ce qu\u2019un <strong>comit\u00e9 \u00e9ditorial<\/strong> apporte \u00e0 votre content marketing, comment le composer et l\u2019animer pour optimiser votre strat\u00e9gie marketing, ainsi que les outils essentiels pour une collaboration performante&nbsp;!<\/p>\n\n\n\n<p>Pensez aussi \u00e0 r\u00e9pondre \u00e0 vos besoins en cr\u00e9ation d\u2019articles en faisant appel \u00e0 un <a href=\"https:\/\/www.redacteur.com\/redacteur-web\" target=\"_blank\" rel=\"noreferrer noopener\">r\u00e9dacteur web<\/a> freelance sur notre plateforme de r\u00e9daction Redacteur.com&nbsp;!<\/p>\n\n\n\n<h2 class=\"wp-block-heading\">Qu&#8217;est-ce qu&#8217;un comit\u00e9 \u00e9ditorial&nbsp;?<\/h2>\n\n\n\n<p>Un <strong>comit\u00e9 \u00e9ditorial regroupe des experts marketing<\/strong> aux sp\u00e9cialisations diverses (SEO, r\u00e9daction web, r\u00e9seaux sociaux\u2026) qui d\u00e9finissent l&#8217;ensemble du processus entourant la strat\u00e9gie content marketing de votre entreprise.<\/p>\n\n\n\n<p>Via des r\u00e9unions hebdomadaires ou mensuelles, selon votre activit\u00e9 et votre volume de parutions, les membres discutent et \u00e9changent sur tous les aspects li\u00e9s \u00e0 vos contenus&nbsp;: r\u00e9daction, promotion, distribution, r\u00e9utilisation, sponsorisation, etc.<\/p>\n\n\n\n<p>Au d\u00e9part, il d\u00e9cide des objectifs de votre content marketing, des normes de r\u00e9daction et du calendrier \u00e9ditorial. Par la suite, les r\u00e9unions du comit\u00e9 \u00e9ditorial aident \u00e0 coordonner les \u00e9quipes marketing pour assurer une strat\u00e9gie coh\u00e9rente sur tous les canaux et les aligner vers le m\u00eame objectif.<\/p>\n\n\n\n<h2 class=\"wp-block-heading\">Qui doit participer au comit\u00e9 \u00e9ditorial&nbsp;?<\/h2>\n\n\n\n<p><strong>Les membres du comit\u00e9 \u00e9ditorial<\/strong> comprennent des experts provenant des diff\u00e9rents services qui jouent un r\u00f4le dans l&#8217;ex\u00e9cution de la strat\u00e9gie de contenu. G\u00e9n\u00e9ralement, on y trouve&nbsp;:<\/p>\n\n\n\n<h3 class=\"wp-block-heading\">Un r\u00e9dacteur en chef<\/h3>\n\n\n\n<p>Ou un directeur de r\u00e9daction. Peu importe l\u2019appellation, le comit\u00e9 \u00e9ditorial doit \u00eatre dirig\u00e9 et anim\u00e9 par un sp\u00e9cialiste de la cr\u00e9ation de contenu. Le r\u00e9dacteur (ou la r\u00e9dactrice) en chef programme et dirige les r\u00e9unions du comit\u00e9 en d\u00e9finissant les ordres du jour.<\/p>\n\n\n\n<p>De plus, il g\u00e8re le calendrier \u00e9ditorial principal, propose et d\u00e9bat des sujets d\u2019articles et donne les lignes directrices pour am\u00e9liorer la strat\u00e9gie content marketing.<\/p>\n\n\n\n<h3 class=\"wp-block-heading\">Un content manager<\/h3>\n\n\n\n<p>Ce sp\u00e9cialiste du contenu au sens large va proposer des id\u00e9es de th\u00e8mes pour les prochains articles, livres blancs, newsletter et toute autre parution. Son r\u00f4le est de recenser toutes les actions \u00e0 entreprendre, que ce soit au niveau de la r\u00e9daction, de la distribution ou de la cr\u00e9ation graphique.<\/p>\n\n\n\n<p>Une fois le plan d\u2019action d\u00e9fini, il va manager son \u00e9quipe de r\u00e9dacteurs, graphistes, traducteurs, correcteurs ou encore community managers pour donner vie \u00e0 la strat\u00e9gie.<\/p>\n\n\n\n<h3 class=\"wp-block-heading\">Un responsable marketing<\/h3>\n\n\n\n<p>Les contenus doivent s\u2019imbriquer dans la strat\u00e9gie marketing de l\u2019entreprise et rejoindre les m\u00eames objectifs. <\/p>\n\n\n\n<p><strong>Le comit\u00e9 \u00e9ditorial<\/strong> cale les th\u00e8mes et le calendrier en fonction des autres actions marketing en cours&nbsp;: Google Ads, organisation de webinaire, promotion d\u2019un nouveau produit ou service, soldes, participation \u00e0 un salon, etc.<\/p>\n\n\n\n<p>Le but est d\u2019obtenir une ligne \u00e9ditoriale coh\u00e9rente avec l\u2019activit\u00e9 de l\u2019entreprise, ainsi que la saisonnalit\u00e9.<\/p>\n\n\n\n<figure class=\"wp-block-image size-full\"><img decoding=\"async\" width=\"700\" height=\"379\" src=\"https:\/\/www.redacteur.com\/blog\/wp-content\/uploads\/sites\/6\/2023\/03\/comite-editorial.webp\" alt=\"Participants \u00e0 un comit\u00e9 \u00e9ditorial\" class=\"wp-image-36380\" srcset=\"https:\/\/www.redacteur.com\/blog\/wp-content\/uploads\/sites\/6\/2023\/03\/comite-editorial.webp 700w, https:\/\/www.redacteur.com\/blog\/wp-content\/uploads\/sites\/6\/2023\/03\/comite-editorial-300x162.webp 300w, https:\/\/www.redacteur.com\/blog\/wp-content\/uploads\/sites\/6\/2023\/03\/comite-editorial-60x32.webp 60w, https:\/\/www.redacteur.com\/blog\/wp-content\/uploads\/sites\/6\/2023\/03\/comite-editorial-370x200.webp 370w, https:\/\/www.redacteur.com\/blog\/wp-content\/uploads\/sites\/6\/2023\/03\/comite-editorial-270x146.webp 270w, https:\/\/www.redacteur.com\/blog\/wp-content\/uploads\/sites\/6\/2023\/03\/comite-editorial-570x309.webp 570w\" sizes=\"(max-width: 700px) 100vw, 700px\" \/><\/figure>\n\n\n\n<h3 class=\"wp-block-heading\">Un responsable SEO<\/h3>\n\n\n\n<p>Qui dit cr\u00e9ation de contenu dit forc\u00e9ment r\u00e9f\u00e9rencement&nbsp;! Si vos articles doivent plaire \u00e0 vos prospects et clients avant tout, pensez aussi \u00e0 s\u00e9duire Google en saupoudrant vos contenus avec des mots-cl\u00e9s pertinents. <\/p>\n\n\n\n<p>Le responsable SEO donne des pistes sur les requ\u00eates utilis\u00e9es par vos leads et peut ainsi vous transmettre des id\u00e9es de sujets pertinents pour am\u00e9liorer votre classement dans les moteurs de recherche.<\/p>\n\n\n\n<h3 class=\"wp-block-heading\">Un social media manager<\/h3>\n\n\n\n<p>Le social media manager d\u00e9termine la strat\u00e9gie de distribution et de promotion sur les r\u00e9seaux sociaux. En participant au comit\u00e9 \u00e9ditorial, il peut mieux piloter ses actions et distinguer les articles \u00e0 partager sur LinkedIn de ceux \u00e0 promouvoir sur Facebook, par exemple.<\/p>\n\n\n\n<p>C\u2019est aussi le moment de discuter de la strat\u00e9gie publicitaire&nbsp;: quels seront les contenus \u00e0 sponsoriser et sur quelle(s) plateforme(s)&nbsp;?<\/p>\n\n\n\n<h2 class=\"wp-block-heading\">\u00c0 quoi sert le comit\u00e9 \u00e9ditorial&nbsp;?<\/h2>\n\n\n\n<p><strong>Les r\u00e9unions du comit\u00e9 \u00e9ditorial<\/strong> se doivent d\u2019\u00eatre productives pour accompagner la mise en \u0153uvre de la strat\u00e9gie content marketing.<\/p>\n\n\n\n<h3 class=\"wp-block-heading\">Trouver des id\u00e9es de contenus<\/h3>\n\n\n\n<p>C\u2019est l\u2019axe principal de votre content marketing&nbsp;: les id\u00e9es d\u2019articles&nbsp;! Quels sont les sujets \u00e0 exploiter dans les semaines \u00e0 venir&nbsp;? Le comit\u00e9 \u00e9ditorial liste des sujets de r\u00e9daction coh\u00e9rents avec les actualit\u00e9s de l\u2019entreprise et du secteur, mais aussi avec les besoins des clients ou prospects dans les semaines \u00e0 venir.<\/p>\n\n\n\n<h3 class=\"wp-block-heading\">Organiser la production et la publication<\/h3>\n\n\n\n<p>Maintenant que les id\u00e9es de contenus sont list\u00e9es, il faut les ajouter au planning \u00e9ditorial. Le comit\u00e9 s\u2019interroge aussi sur le format adapt\u00e9 \u00e0 chaque sujet&nbsp;: article de blog, infographie, vid\u00e9o p\u00e9dagogique, livre blanc, carrousel LinkedIn\u2026<\/p>\n\n\n\n<h3 class=\"wp-block-heading\">Mobiliser l&#8217;\u00e9quipe<\/h3>\n\n\n\n<p>Lors de ces r\u00e9unions, vous f\u00e9d\u00e9rez votre \u00e9quipe r\u00e9dactionnelle autour de la strat\u00e9gie content marketing. Le fait d\u2019\u00e9changer, de d\u00e9battre et de rassembler les diff\u00e9rentes parties prenantes renforce le sentiment d\u2019appartenance des collaborateurs. Ils observent les retomb\u00e9es de leur implication quotidienne, ce qui conserve leur motivation&nbsp;!<\/p>\n\n\n\n<h3 class=\"wp-block-heading\">Booster la cr\u00e9ativit\u00e9<\/h3>\n\n\n\n<p>Partager des id\u00e9es, pr\u00e9senter sa veille et discuter avec votre \u00e9quipe stimule la cr\u00e9ativit\u00e9. Chaque sp\u00e9cialiste peut ainsi trouver de nouvelles fa\u00e7ons de pr\u00e9senter le contenu ou des sujets pour animer ses propres canaux. Plus votre ligne \u00e9ditoriale est cr\u00e9ative, plus vous arriverez \u00e0 vous d\u00e9marquer des concurrents.<\/p>\n\n\n\n<h3 class=\"wp-block-heading\">Permettre la validation coll\u00e9giale des contenus \u00e0 publier<\/h3>\n\n\n\n<p>Le comit\u00e9 permet de vous mettre d\u2019accord sur les sujets et les formats \u00e0 publier. Le respect de la ligne \u00e9ditoriale est assur\u00e9, tout comme la pertinence du calendrier de publication. Vous augmentez ainsi les chances de succ\u00e8s de votre content marketing.<\/p>\n\n\n\n<h3 class=\"wp-block-heading\">Examiner et piloter les projets en temps r\u00e9el<\/h3>\n\n\n\n<p>Les r\u00e9unions du comit\u00e9 \u00e9ditorial repr\u00e9sentent aussi l\u2019occasion de faire le point sur les projets en cours. C\u2019est le moment d\u2019analyser les retomb\u00e9es de vos contenus pour voir si des changements doivent \u00eatre apport\u00e9s.<\/p>\n\n\n\n<h2 class=\"wp-block-heading\">Comment organiser un comit\u00e9 \u00e9ditorial&nbsp;?<\/h2>\n\n\n\n<p>Maintenant que <strong>le r\u00f4le d\u2019un comit\u00e9 \u00e9ditorial<\/strong> est bien d\u00e9fini, voyons comment l\u2019organiser pour optimiser votre content marketing.<\/p>\n\n\n\n<figure class=\"wp-block-image size-full\"><img decoding=\"async\" width=\"697\" height=\"262\" src=\"https:\/\/www.redacteur.com\/blog\/wp-content\/uploads\/sites\/6\/2023\/03\/brainstorming-comite-editorial.png\" alt=\"brainstorming comit\u00e9 \u00e9ditorial\" class=\"wp-image-41325\" srcset=\"https:\/\/www.redacteur.com\/blog\/wp-content\/uploads\/sites\/6\/2023\/03\/brainstorming-comite-editorial.png 697w, https:\/\/www.redacteur.com\/blog\/wp-content\/uploads\/sites\/6\/2023\/03\/brainstorming-comite-editorial-300x113.png 300w, https:\/\/www.redacteur.com\/blog\/wp-content\/uploads\/sites\/6\/2023\/03\/brainstorming-comite-editorial-60x23.png 60w, https:\/\/www.redacteur.com\/blog\/wp-content\/uploads\/sites\/6\/2023\/03\/brainstorming-comite-editorial-370x139.png 370w, https:\/\/www.redacteur.com\/blog\/wp-content\/uploads\/sites\/6\/2023\/03\/brainstorming-comite-editorial-270x101.png 270w, https:\/\/www.redacteur.com\/blog\/wp-content\/uploads\/sites\/6\/2023\/03\/brainstorming-comite-editorial-570x214.png 570w\" sizes=\"(max-width: 697px) 100vw, 697px\" \/><\/figure>\n\n\n\n<h3 class=\"wp-block-heading\">Mettre en place le comit\u00e9<\/h3>\n\n\n\n<p>Qui va participer \u00e0 ce comit\u00e9&nbsp;? Nous avons vu pr\u00e9c\u00e9demment les diff\u00e9rentes parties prenantes. Vous devez donc nommer chaque membre et les convaincre du bien-fond\u00e9 de cette \u00e9quipe de r\u00e9daction. Argumentez en faveur du gain de temps, de productivit\u00e9 et de cr\u00e9ativit\u00e9 de ce comit\u00e9&nbsp;!<\/p>\n\n\n\n<p>Avec eux, discutez des lignes directrices de ce rendez-vous et voyez s\u2019il doit \u00eatre hebdomadaire ou mensuel. S\u2019ils participent au fondement m\u00eame du comit\u00e9, ils seront plus enclins \u00e0 le rejoindre.<\/p>\n\n\n\n<h3 class=\"wp-block-heading\">D\u00e9finir les outils \u00e0 utiliser pendant le comit\u00e9 \u00e9ditorial<\/h3>\n\n\n\n<p><strong>L\u2019objectif du comit\u00e9 \u00e9ditorial<\/strong> est de r\u00e9fl\u00e9chir et partager des id\u00e9es. Pour mieux les visualiser, les analyser, puis les valider, un outil de brainstorming est id\u00e9al. Parmi les plus connus, vous trouverez&nbsp;:<\/p>\n\n\n\n<h4 class=\"wp-block-heading\">Draft.io<\/h4>\n\n\n\n<figure class=\"wp-block-image size-full\"><img decoding=\"async\" width=\"700\" height=\"359\" src=\"https:\/\/www.redacteur.com\/blog\/wp-content\/uploads\/sites\/6\/2023\/03\/draft.io_.webp\" alt=\"draft.io&nbsp;: outil de brainstorming pour comit\u00e9 \u00e9ditorial\" class=\"wp-image-36382\" srcset=\"https:\/\/www.redacteur.com\/blog\/wp-content\/uploads\/sites\/6\/2023\/03\/draft.io_.webp 700w, https:\/\/www.redacteur.com\/blog\/wp-content\/uploads\/sites\/6\/2023\/03\/draft.io_-300x154.webp 300w, https:\/\/www.redacteur.com\/blog\/wp-content\/uploads\/sites\/6\/2023\/03\/draft.io_-60x31.webp 60w, https:\/\/www.redacteur.com\/blog\/wp-content\/uploads\/sites\/6\/2023\/03\/draft.io_-370x190.webp 370w, https:\/\/www.redacteur.com\/blog\/wp-content\/uploads\/sites\/6\/2023\/03\/draft.io_-270x138.webp 270w, https:\/\/www.redacteur.com\/blog\/wp-content\/uploads\/sites\/6\/2023\/03\/draft.io_-585x300.webp 585w, https:\/\/www.redacteur.com\/blog\/wp-content\/uploads\/sites\/6\/2023\/03\/draft.io_-570x292.webp 570w\" sizes=\"(max-width: 700px) 100vw, 700px\" \/><\/figure>\n\n\n\n<p><a href=\"https:\/\/draft.io\/fr\/?source=redacteur-com-blog&amp;utm_source=redacteur-com-blog\" target=\"_blank\" rel=\"nofollow noopener noreferrer\">Draft.io<\/a>, qui dispose d\u2019une version gratuite, vous offre un espace de travail flexible et visuel o\u00f9 stocker et organiser vos id\u00e9es. Vous pouvez ensuite les transformer en cartes, maps, tableaux ou m\u00eame planning pour piloter vos d\u00e9cisions.<\/p>\n\n\n\n<h4 class=\"wp-block-heading\">Coggle<\/h4>\n\n\n\n<figure class=\"wp-block-image size-full\"><img decoding=\"async\" width=\"700\" height=\"379\" src=\"https:\/\/www.redacteur.com\/blog\/wp-content\/uploads\/sites\/6\/2023\/03\/coggle.webp\" alt=\"outil pour organiser comit\u00e9 \u00e9ditorial coggle\" class=\"wp-image-36384\" srcset=\"https:\/\/www.redacteur.com\/blog\/wp-content\/uploads\/sites\/6\/2023\/03\/coggle.webp 700w, https:\/\/www.redacteur.com\/blog\/wp-content\/uploads\/sites\/6\/2023\/03\/coggle-300x162.webp 300w, https:\/\/www.redacteur.com\/blog\/wp-content\/uploads\/sites\/6\/2023\/03\/coggle-60x32.webp 60w, https:\/\/www.redacteur.com\/blog\/wp-content\/uploads\/sites\/6\/2023\/03\/coggle-370x200.webp 370w, https:\/\/www.redacteur.com\/blog\/wp-content\/uploads\/sites\/6\/2023\/03\/coggle-270x146.webp 270w, https:\/\/www.redacteur.com\/blog\/wp-content\/uploads\/sites\/6\/2023\/03\/coggle-570x309.webp 570w\" sizes=\"(max-width: 700px) 100vw, 700px\" \/><\/figure>\n\n\n\n<p>Si vous avez beaucoup de contenus \u00e0 produire et un comit\u00e9 \u00e9ditorial \u00e9toff\u00e9, <a href=\"https:\/\/coggle.it\/?source=redacteur-com-blog&amp;utm_source=redacteur-com-blog\" target=\"_blank\" rel=\"nofollow noopener noreferrer\">Coggle<\/a> propose un dashboard en ligne tr\u00e8s puissante. <\/p>\n\n\n\n<p>Vous pourrez cr\u00e9er des cartes et diagrammes complexes pour donner vie \u00e0 vos clusters de contenus. C\u2019est l\u2019occasion d\u2019organiser les sujets par campagne marketing, canal ou format, en fonction de vos besoins.<\/p>\n\n\n\n<h4 class=\"wp-block-heading\">Lucidchart<\/h4>\n\n\n\n<figure class=\"wp-block-image size-full\"><img decoding=\"async\" width=\"700\" height=\"359\" src=\"https:\/\/www.redacteur.com\/blog\/wp-content\/uploads\/sites\/6\/2023\/03\/lucidchart.webp\" alt=\"lucidchart outil organiser id\u00e9es comit\u00e9 \u00e9ditorial\" class=\"wp-image-36383\" srcset=\"https:\/\/www.redacteur.com\/blog\/wp-content\/uploads\/sites\/6\/2023\/03\/lucidchart.webp 700w, https:\/\/www.redacteur.com\/blog\/wp-content\/uploads\/sites\/6\/2023\/03\/lucidchart-300x154.webp 300w, https:\/\/www.redacteur.com\/blog\/wp-content\/uploads\/sites\/6\/2023\/03\/lucidchart-60x31.webp 60w, https:\/\/www.redacteur.com\/blog\/wp-content\/uploads\/sites\/6\/2023\/03\/lucidchart-370x190.webp 370w, https:\/\/www.redacteur.com\/blog\/wp-content\/uploads\/sites\/6\/2023\/03\/lucidchart-270x138.webp 270w, https:\/\/www.redacteur.com\/blog\/wp-content\/uploads\/sites\/6\/2023\/03\/lucidchart-585x300.webp 585w, https:\/\/www.redacteur.com\/blog\/wp-content\/uploads\/sites\/6\/2023\/03\/lucidchart-570x292.webp 570w\" sizes=\"(max-width: 700px) 100vw, 700px\" \/><\/figure>\n\n\n\n<p>L\u2019outil en ligne <a href=\"https:\/\/www.lucidchart.com\/pages\/fr\/?source=redacteur-com-blog&amp;utm_source=redacteur-com-blog\" target=\"_blank\" rel=\"nofollow noopener noreferrer\">Lucidchart<\/a> transforme vos id\u00e9es en graphiques et diagrammes intelligents. Vous mettez de l\u2019ordre dans vos propositions pour prendre des d\u00e9cisions collectives, \u00e9clair\u00e9es et performantes&nbsp;!<\/p>\n\n\n\n<h3 class=\"wp-block-heading\">Pr\u00e9parer des activit\u00e9s<\/h3>\n\n\n\n<p>Pensez \u00e0 ajouter une touche ludique \u00e0 ce comit\u00e9 \u00e9ditorial. Ces r\u00e9unions sont aussi l\u2019occasion d\u2019organiser des team-building. Et pourquoi ne pas r\u00e9unir l\u2019\u00e9quipe dans un lieu diff\u00e9rent&nbsp;? Restaurant, espace de co-working, h\u00f4tel\u2026 Les endroits ne manquent pas&nbsp;!<\/p>\n\n\n\n<h2 class=\"wp-block-heading\">Comment animer un comit\u00e9 \u00e9ditorial&nbsp;?<\/h2>\n\n\n\n<p>Pour assurer <strong>le succ\u00e8s du comit\u00e9 \u00e9ditorial<\/strong>, il faut l\u2019animer efficacement. Dur\u00e9e, atelier, compte-rendu\u2026 Prenez le temps d\u2019apporter de la structure et un cadre \u00e0 vos r\u00e9unions.<\/p>\n\n\n\n<h3 class=\"wp-block-heading\">Quelle est la dur\u00e9e id\u00e9ale pour un comit\u00e9 \u00e9ditorial&nbsp;?<\/h3>\n\n\n\n<p>En fonction de la taille de l\u2019\u00e9quipe et de votre rythme de publication, la dur\u00e9e du comit\u00e9 \u00e9ditorial sera plus ou moins longue. Cependant, ces r\u00e9unions doivent \u00eatre efficaces avant tout&nbsp;! <\/p>\n\n\n\n<p>Dans le cas d\u2019une TPE, 30 minutes sont parfois suffisantes. Cela peut monter \u00e0 une heure si vous publiez quotidiennement sur les r\u00e9seaux sociaux et plusieurs fois par semaine sur le blog.<\/p>\n\n\n\n<p>\u00c9vitez de d\u00e9passer les deux heures. La concentration risque de diminuer en fin de s\u00e9ance\u2026<\/p>\n\n\n\n<h3 class=\"wp-block-heading\">\u00c0 quelle fr\u00e9quence faire vos comit\u00e9s \u00e9ditoriaux&nbsp;?<\/h3>\n\n\n\n<p>Hebdomadaire, mensuel, trimestriel&nbsp;? La fr\u00e9quence d\u00e9pend du volume de publications, mais aussi de votre d\u00e9pendance \u00e0 l\u2019actualit\u00e9. Si votre secteur d\u2019activit\u00e9 est en \u00e9volution constante, il faut rapprocher les r\u00e9unions.<\/p>\n\n\n\n<p>En fait, les questions \u00e0 se poser pour d\u00e9finir le rythme id\u00e9al sont&nbsp;:<\/p>\n\n\n\n<ul class=\"wp-block-list\">\n<li>\u00c0 quelle fr\u00e9quence devons-nous analyser la strat\u00e9gie content marketing&nbsp;?<\/li>\n\n\n\n<li>Combien de temps \u00e0 l\u2019avance souhaitons-nous d\u00e9finir le calendrier \u00e9ditorial&nbsp;?<\/li>\n<\/ul>\n\n\n\n<p>En fonction de ces r\u00e9ponses, organisez un comit\u00e9 \u00e9ditorial hebdomadaire, mensuel ou trimestriel&nbsp;! Cela d\u00e9pend aussi de la quantit\u00e9 de textes que vous devez produire, de la taille de l\u2019\u00e9quipe et de facteurs propres \u00e0 votre entreprise.<\/p>\n\n\n\n<h3 class=\"wp-block-heading\">Quels types d&#8217;ateliers faire pour animer un comit\u00e9 \u00e9ditorial&nbsp;?<\/h3>\n\n\n\n<p>Lors de la mise en place du comit\u00e9 \u00e9ditorial, vous pourriez d\u00e9marrer par une pr\u00e9sentation de l\u2019activit\u00e9 de chacun. Les membres peuvent d\u00e9rouler leur parcours, mais aussi leurs missions quotidiennes.<\/p>\n\n\n\n<p>Chaque rendez-vous peut aussi d\u00e9marrer par un quiz pr\u00e9par\u00e9 par le r\u00e9dacteur en chef ou le responsable marketing. Les questions porteront sur les nouvelles tendances du digital et\/ou sur les nouveaut\u00e9s du march\u00e9. C\u2019est un moyen ludique de partager sa veille et ses connaissances.<\/p>\n\n\n\n<p>N\u2019h\u00e9sitez pas \u00e0 r\u00e9aliser des ateliers diff\u00e9rents \u00e0 chaque comit\u00e9. Travaillez \u00e0 partir de persona pour trouver des id\u00e9es de sujets, r\u00e9alisez un benchmark concurrentiel pour le suivant, trouvez des titres d\u2019articles \u00e0 partir des produits ou des services de l\u2019entreprise. <\/p>\n\n\n\n<p>Les approches pour r\u00e9aliser vos comit\u00e9s \u00e9ditoriaux sont multiples et d\u00e9pendent \u00e9galement du secteur d\u2019activit\u00e9.<\/p>\n\n\n\n<h3 class=\"wp-block-heading\">Faire un compte-rendu du comit\u00e9<\/h3>\n\n\n\n<p>\u00c0 chaque r\u00e9union, vous devez d\u00e9signer un membre pour prendre des notes et envoyer un compte-rendu \u00e0 tout le monde. Id\u00e9alement, attribuez cette t\u00e2che \u00e0 tour de r\u00f4le. <\/p>\n\n\n\n<p>Ce document servira de feuille de route jusqu\u2019au prochain comit\u00e9. D\u2019ailleurs, \u00e0 chaque d\u00e9but de r\u00e9union, vous pouvez reprendre le compte-rendu pour v\u00e9rifier que tous les points ont bien \u00e9t\u00e9 trait\u00e9s.<\/p>\n\n\n\n<h2 class=\"wp-block-heading\">Notre astuce pour mettre en place un comit\u00e9 \u00e9ditorial<\/h2>\n\n\n\n<p><strong>La mise en place d&#8217;un comit\u00e9 \u00e9ditorial<\/strong> prend parfois du temps, mais sur le long terme, elle permet de gagner en productivit\u00e9 et en efficacit\u00e9. Vous vous assurez d\u2019avoir une ligne directrice performante pour votre marketing de contenu. Toutes les expertises convergent vers un m\u00eame objectif et travaillent ensemble pour l\u2019atteindre.<\/p>\n\n\n\n<p>Vous souhaitez \u00eatre accompagn\u00e9 dans la cr\u00e9ation de vos contenus et renforcer votre \u00e9quipe de r\u00e9daction&nbsp;? Passez commande des textes identifi\u00e9s lors de vos comit\u00e9s \u00e9ditoriaux en faisant appel \u00e0 un r\u00e9dacteur sur notre <a href=\"..\/..\/..\/\" target=\"_blank\" rel=\"noopener\">plateforme de r\u00e9daction<\/a>.<\/p>\n","protected":false},"excerpt":{"rendered":"<p>Pour qu&#8217;une strat\u00e9gie de contenu soit efficace, plusieurs collaborateurs et \u00e9quipes de l\u2019entreprise doivent \u00eatre align\u00e9s et impliqu\u00e9s dans son ex\u00e9cution. C\u2019est l\u00e0 que la mise en place d\u2019un comit\u00e9 \u00e9ditorial se r\u00e9v\u00e8le indispensable. D\u00e9couvrez ce qu\u2019un comit\u00e9 \u00e9ditorial apporte \u00e0 votre content marketing, comment le composer et l\u2019animer pour optimiser votre strat\u00e9gie marketing, ainsi [&hellip;]<\/p>\n","protected":false},"author":66,"featured_media":41316,"comment_status":"closed","ping_status":"closed","sticky":false,"template":"","format":"standard","meta":{"_acf_changed":false,"inline_featured_image":false,"footnotes":""},"categories":[27],"tags":[],"class_list":["post-36378","post","type-post","status-publish","format-standard","has-post-thumbnail","hentry","category-methodologie"],"acf":[],"yoast_head":"<!-- This site is optimized with the Yoast SEO plugin v25.9 - https:\/\/yoast.com\/wordpress\/plugins\/seo\/ -->\n<title>Comment cr\u00e9er et animer un comit\u00e9 \u00e9ditorial&nbsp;? - Redacteur Blog<\/title>\n<meta name=\"description\" content=\"Organiser un comit\u00e9 \u00e9ditorial permet \u00e0 votre \u00e9quipe de trouver des id\u00e9es de contenus \u00e0 publier sur votre site et sur vos r\u00e9seaux sociaux.\" \/>\n<meta name=\"robots\" content=\"index, follow, max-snippet:-1, max-image-preview:large, max-video-preview:-1\" \/>\n<link rel=\"canonical\" href=\"https:\/\/www.redacteur.com\/blog\/comite-editorial\/\" \/>\n<meta property=\"og:locale\" content=\"fr_FR\" \/>\n<meta property=\"og:type\" content=\"article\" \/>\n<meta property=\"og:title\" content=\"Comment cr\u00e9er et animer un comit\u00e9 \u00e9ditorial&nbsp;? - Redacteur Blog\" \/>\n<meta property=\"og:description\" content=\"Organiser un comit\u00e9 \u00e9ditorial permet \u00e0 votre \u00e9quipe de trouver des id\u00e9es de contenus \u00e0 publier sur votre site et sur vos r\u00e9seaux sociaux.\" \/>\n<meta property=\"og:url\" content=\"https:\/\/www.redacteur.com\/blog\/comite-editorial\/\" \/>\n<meta property=\"og:site_name\" content=\"Redacteur.com\" \/>\n<meta property=\"article:publisher\" content=\"https:\/\/www.facebook.com\/redacteurcom\" \/>\n<meta property=\"article:published_time\" content=\"2026-01-23T14:00:00+00:00\" \/>\n<meta property=\"og:image\" content=\"https:\/\/www.redacteur.com\/blog\/wp-content\/uploads\/sites\/6\/2023\/03\/comite-editorial.png\" \/>\n\t<meta property=\"og:image:width\" content=\"1024\" \/>\n\t<meta property=\"og:image:height\" content=\"618\" \/>\n\t<meta property=\"og:image:type\" content=\"image\/png\" \/>\n<meta name=\"author\" content=\"C\u00e9line Albarracin\" \/>\n<meta name=\"twitter:card\" content=\"summary_large_image\" \/>\n<meta name=\"twitter:creator\" content=\"@Redacteurcom\" \/>\n<meta name=\"twitter:site\" content=\"@Redacteurcom\" \/>\n<meta name=\"twitter:label1\" content=\"\u00c9crit par\" \/>\n\t<meta name=\"twitter:data1\" content=\"C\u00e9line Albarracin\" \/>\n\t<meta name=\"twitter:label2\" content=\"Dur\u00e9e de lecture estim\u00e9e\" \/>\n\t<meta name=\"twitter:data2\" content=\"11 minutes\" \/>\n<script type=\"application\/ld+json\" class=\"yoast-schema-graph\">{\"@context\":\"https:\/\/schema.org\",\"@graph\":[{\"@type\":\"Article\",\"@id\":\"https:\/\/www.redacteur.com\/blog\/comite-editorial\/#article\",\"isPartOf\":{\"@id\":\"https:\/\/www.redacteur.com\/blog\/comite-editorial\/\"},\"author\":{\"name\":\"C\u00e9line Albarracin\",\"@id\":\"https:\/\/www.redacteur.com\/blog\/#\/schema\/person\/aed1f234f8f0815e215275b45552fb19\"},\"headline\":\"Comment cr\u00e9er et animer un comit\u00e9 \u00e9ditorial&nbsp;?\",\"datePublished\":\"2026-01-23T14:00:00+00:00\",\"mainEntityOfPage\":{\"@id\":\"https:\/\/www.redacteur.com\/blog\/comite-editorial\/\"},\"wordCount\":1960,\"publisher\":{\"@id\":\"https:\/\/www.redacteur.com\/blog\/#organization\"},\"image\":{\"@id\":\"https:\/\/www.redacteur.com\/blog\/comite-editorial\/#primaryimage\"},\"thumbnailUrl\":\"https:\/\/www.redacteur.com\/blog\/wp-content\/uploads\/sites\/6\/2023\/03\/comite-editorial.png\",\"articleSection\":[\"M\u00e9thodologie\"],\"inLanguage\":\"fr-FR\"},{\"@type\":\"WebPage\",\"@id\":\"https:\/\/www.redacteur.com\/blog\/comite-editorial\/\",\"url\":\"https:\/\/www.redacteur.com\/blog\/comite-editorial\/\",\"name\":\"Comment cr\u00e9er et animer un comit\u00e9 \u00e9ditorial&nbsp;? - Redacteur Blog\",\"isPartOf\":{\"@id\":\"https:\/\/www.redacteur.com\/blog\/#website\"},\"primaryImageOfPage\":{\"@id\":\"https:\/\/www.redacteur.com\/blog\/comite-editorial\/#primaryimage\"},\"image\":{\"@id\":\"https:\/\/www.redacteur.com\/blog\/comite-editorial\/#primaryimage\"},\"thumbnailUrl\":\"https:\/\/www.redacteur.com\/blog\/wp-content\/uploads\/sites\/6\/2023\/03\/comite-editorial.png\",\"datePublished\":\"2026-01-23T14:00:00+00:00\",\"description\":\"Organiser un comit\u00e9 \u00e9ditorial permet \u00e0 votre \u00e9quipe de trouver des id\u00e9es de contenus \u00e0 publier sur votre site et sur vos r\u00e9seaux sociaux.\",\"breadcrumb\":{\"@id\":\"https:\/\/www.redacteur.com\/blog\/comite-editorial\/#breadcrumb\"},\"inLanguage\":\"fr-FR\",\"potentialAction\":[{\"@type\":\"ReadAction\",\"target\":[\"https:\/\/www.redacteur.com\/blog\/comite-editorial\/\"]}]},{\"@type\":\"ImageObject\",\"inLanguage\":\"fr-FR\",\"@id\":\"https:\/\/www.redacteur.com\/blog\/comite-editorial\/#primaryimage\",\"url\":\"https:\/\/www.redacteur.com\/blog\/wp-content\/uploads\/sites\/6\/2023\/03\/comite-editorial.png\",\"contentUrl\":\"https:\/\/www.redacteur.com\/blog\/wp-content\/uploads\/sites\/6\/2023\/03\/comite-editorial.png\",\"width\":1024,\"height\":618,\"caption\":\"comit\u00e9 \u00e9ditorial\"},{\"@type\":\"BreadcrumbList\",\"@id\":\"https:\/\/www.redacteur.com\/blog\/comite-editorial\/#breadcrumb\",\"itemListElement\":[{\"@type\":\"ListItem\",\"position\":1,\"name\":\"Blog\",\"item\":\"https:\/\/www.redacteur.com\/blog\/\"},{\"@type\":\"ListItem\",\"position\":2,\"name\":\"R\u00e9daction web\",\"item\":\"https:\/\/www.redacteur.com\/blog\/redaction-web\/\"},{\"@type\":\"ListItem\",\"position\":3,\"name\":\"M\u00e9thodologie\",\"item\":\"https:\/\/www.redacteur.com\/blog\/redaction-web\/methodologie\/\"},{\"@type\":\"ListItem\",\"position\":4,\"name\":\"Comment cr\u00e9er et animer un comit\u00e9 \u00e9ditorial&nbsp;?\"}]},{\"@type\":\"WebSite\",\"@id\":\"https:\/\/www.redacteur.com\/blog\/#website\",\"url\":\"https:\/\/www.redacteur.com\/blog\/\",\"name\":\"Redacteur.com\",\"description\":\"redacteur\",\"publisher\":{\"@id\":\"https:\/\/www.redacteur.com\/blog\/#organization\"},\"potentialAction\":[{\"@type\":\"SearchAction\",\"target\":{\"@type\":\"EntryPoint\",\"urlTemplate\":\"https:\/\/www.redacteur.com\/blog\/?s={search_term_string}\"},\"query-input\":{\"@type\":\"PropertyValueSpecification\",\"valueRequired\":true,\"valueName\":\"search_term_string\"}}],\"inLanguage\":\"fr-FR\"},{\"@type\":\"Organization\",\"@id\":\"https:\/\/www.redacteur.com\/blog\/#organization\",\"name\":\"Redacteur.com\",\"url\":\"https:\/\/www.redacteur.com\/blog\/\",\"logo\":{\"@type\":\"ImageObject\",\"inLanguage\":\"fr-FR\",\"@id\":\"https:\/\/www.redacteur.com\/blog\/#\/schema\/logo\/image\/\",\"url\":\"https:\/\/www.redacteur.com\/blog\/wp-content\/uploads\/sites\/6\/2022\/10\/logo-redacteur-blog.svg\",\"contentUrl\":\"https:\/\/www.redacteur.com\/blog\/wp-content\/uploads\/sites\/6\/2022\/10\/logo-redacteur-blog.svg\",\"width\":1,\"height\":1,\"caption\":\"Redacteur.com\"},\"image\":{\"@id\":\"https:\/\/www.redacteur.com\/blog\/#\/schema\/logo\/image\/\"},\"sameAs\":[\"https:\/\/www.facebook.com\/redacteurcom\",\"https:\/\/x.com\/Redacteurcom\",\"https:\/\/www.linkedin.com\/company\/redacteur-com\",\"https:\/\/www.youtube.com\/channel\/UCgj9ySM9xy3gdL8qBafl9Uw\/\"]},{\"@type\":\"Person\",\"@id\":\"https:\/\/www.redacteur.com\/blog\/#\/schema\/person\/aed1f234f8f0815e215275b45552fb19\",\"name\":\"C\u00e9line Albarracin\",\"image\":{\"@type\":\"ImageObject\",\"inLanguage\":\"fr-FR\",\"@id\":\"https:\/\/www.redacteur.com\/blog\/#\/schema\/person\/image\/\",\"url\":\"https:\/\/secure.gravatar.com\/avatar\/5f8037511ab6527c87ad67da2a340e5c46e1c82beb9df711e61099a1530ceebb?s=96&d=mm&r=g\",\"contentUrl\":\"https:\/\/secure.gravatar.com\/avatar\/5f8037511ab6527c87ad67da2a340e5c46e1c82beb9df711e61099a1530ceebb?s=96&d=mm&r=g\",\"caption\":\"C\u00e9line Albarracin\"},\"description\":\"C\u00e9line est une r\u00e9dactrice web sp\u00e9cialiste du SEO. Elle met en place des strat\u00e9gies de contenu pouss\u00e9es. C'est aussi une CM hors pair.\",\"sameAs\":[\"https:\/\/www.linkedin.com\/in\/celinealbarracin\/\"],\"url\":\"https:\/\/www.redacteur.com\/blog\/author\/celinealbarracin\/\"}]}<\/script>\n<!-- \/ Yoast SEO plugin. -->","yoast_head_json":{"title":"Comment cr\u00e9er et animer un comit\u00e9 \u00e9ditorial&nbsp;? - Redacteur Blog","description":"Organiser un comit\u00e9 \u00e9ditorial permet \u00e0 votre \u00e9quipe de trouver des id\u00e9es de contenus \u00e0 publier sur votre site et sur vos r\u00e9seaux sociaux.","robots":{"index":"index","follow":"follow","max-snippet":"max-snippet:-1","max-image-preview":"max-image-preview:large","max-video-preview":"max-video-preview:-1"},"canonical":"https:\/\/www.redacteur.com\/blog\/comite-editorial\/","og_locale":"fr_FR","og_type":"article","og_title":"Comment cr\u00e9er et animer un comit\u00e9 \u00e9ditorial&nbsp;? - Redacteur Blog","og_description":"Organiser un comit\u00e9 \u00e9ditorial permet \u00e0 votre \u00e9quipe de trouver des id\u00e9es de contenus \u00e0 publier sur votre site et sur vos r\u00e9seaux sociaux.","og_url":"https:\/\/www.redacteur.com\/blog\/comite-editorial\/","og_site_name":"Redacteur.com","article_publisher":"https:\/\/www.facebook.com\/redacteurcom","article_published_time":"2026-01-23T14:00:00+00:00","og_image":[{"width":1024,"height":618,"url":"https:\/\/www.redacteur.com\/blog\/wp-content\/uploads\/sites\/6\/2023\/03\/comite-editorial.png","type":"image\/png"}],"author":"C\u00e9line Albarracin","twitter_card":"summary_large_image","twitter_creator":"@Redacteurcom","twitter_site":"@Redacteurcom","twitter_misc":{"\u00c9crit par":"C\u00e9line Albarracin","Dur\u00e9e de lecture estim\u00e9e":"11 minutes"},"schema":{"@context":"https:\/\/schema.org","@graph":[{"@type":"Article","@id":"https:\/\/www.redacteur.com\/blog\/comite-editorial\/#article","isPartOf":{"@id":"https:\/\/www.redacteur.com\/blog\/comite-editorial\/"},"author":{"name":"C\u00e9line Albarracin","@id":"https:\/\/www.redacteur.com\/blog\/#\/schema\/person\/aed1f234f8f0815e215275b45552fb19"},"headline":"Comment cr\u00e9er et animer un comit\u00e9 \u00e9ditorial&nbsp;?","datePublished":"2026-01-23T14:00:00+00:00","mainEntityOfPage":{"@id":"https:\/\/www.redacteur.com\/blog\/comite-editorial\/"},"wordCount":1960,"publisher":{"@id":"https:\/\/www.redacteur.com\/blog\/#organization"},"image":{"@id":"https:\/\/www.redacteur.com\/blog\/comite-editorial\/#primaryimage"},"thumbnailUrl":"https:\/\/www.redacteur.com\/blog\/wp-content\/uploads\/sites\/6\/2023\/03\/comite-editorial.png","articleSection":["M\u00e9thodologie"],"inLanguage":"fr-FR"},{"@type":"WebPage","@id":"https:\/\/www.redacteur.com\/blog\/comite-editorial\/","url":"https:\/\/www.redacteur.com\/blog\/comite-editorial\/","name":"Comment cr\u00e9er et animer un comit\u00e9 \u00e9ditorial&nbsp;? - Redacteur Blog","isPartOf":{"@id":"https:\/\/www.redacteur.com\/blog\/#website"},"primaryImageOfPage":{"@id":"https:\/\/www.redacteur.com\/blog\/comite-editorial\/#primaryimage"},"image":{"@id":"https:\/\/www.redacteur.com\/blog\/comite-editorial\/#primaryimage"},"thumbnailUrl":"https:\/\/www.redacteur.com\/blog\/wp-content\/uploads\/sites\/6\/2023\/03\/comite-editorial.png","datePublished":"2026-01-23T14:00:00+00:00","description":"Organiser un comit\u00e9 \u00e9ditorial permet \u00e0 votre \u00e9quipe de trouver des id\u00e9es de contenus \u00e0 publier sur votre site et sur vos r\u00e9seaux sociaux.","breadcrumb":{"@id":"https:\/\/www.redacteur.com\/blog\/comite-editorial\/#breadcrumb"},"inLanguage":"fr-FR","potentialAction":[{"@type":"ReadAction","target":["https:\/\/www.redacteur.com\/blog\/comite-editorial\/"]}]},{"@type":"ImageObject","inLanguage":"fr-FR","@id":"https:\/\/www.redacteur.com\/blog\/comite-editorial\/#primaryimage","url":"https:\/\/www.redacteur.com\/blog\/wp-content\/uploads\/sites\/6\/2023\/03\/comite-editorial.png","contentUrl":"https:\/\/www.redacteur.com\/blog\/wp-content\/uploads\/sites\/6\/2023\/03\/comite-editorial.png","width":1024,"height":618,"caption":"comit\u00e9 \u00e9ditorial"},{"@type":"BreadcrumbList","@id":"https:\/\/www.redacteur.com\/blog\/comite-editorial\/#breadcrumb","itemListElement":[{"@type":"ListItem","position":1,"name":"Blog","item":"https:\/\/www.redacteur.com\/blog\/"},{"@type":"ListItem","position":2,"name":"R\u00e9daction web","item":"https:\/\/www.redacteur.com\/blog\/redaction-web\/"},{"@type":"ListItem","position":3,"name":"M\u00e9thodologie","item":"https:\/\/www.redacteur.com\/blog\/redaction-web\/methodologie\/"},{"@type":"ListItem","position":4,"name":"Comment cr\u00e9er et animer un comit\u00e9 \u00e9ditorial&nbsp;?"}]},{"@type":"WebSite","@id":"https:\/\/www.redacteur.com\/blog\/#website","url":"https:\/\/www.redacteur.com\/blog\/","name":"Redacteur.com","description":"redacteur","publisher":{"@id":"https:\/\/www.redacteur.com\/blog\/#organization"},"potentialAction":[{"@type":"SearchAction","target":{"@type":"EntryPoint","urlTemplate":"https:\/\/www.redacteur.com\/blog\/?s={search_term_string}"},"query-input":{"@type":"PropertyValueSpecification","valueRequired":true,"valueName":"search_term_string"}}],"inLanguage":"fr-FR"},{"@type":"Organization","@id":"https:\/\/www.redacteur.com\/blog\/#organization","name":"Redacteur.com","url":"https:\/\/www.redacteur.com\/blog\/","logo":{"@type":"ImageObject","inLanguage":"fr-FR","@id":"https:\/\/www.redacteur.com\/blog\/#\/schema\/logo\/image\/","url":"https:\/\/www.redacteur.com\/blog\/wp-content\/uploads\/sites\/6\/2022\/10\/logo-redacteur-blog.svg","contentUrl":"https:\/\/www.redacteur.com\/blog\/wp-content\/uploads\/sites\/6\/2022\/10\/logo-redacteur-blog.svg","width":1,"height":1,"caption":"Redacteur.com"},"image":{"@id":"https:\/\/www.redacteur.com\/blog\/#\/schema\/logo\/image\/"},"sameAs":["https:\/\/www.facebook.com\/redacteurcom","https:\/\/x.com\/Redacteurcom","https:\/\/www.linkedin.com\/company\/redacteur-com","https:\/\/www.youtube.com\/channel\/UCgj9ySM9xy3gdL8qBafl9Uw\/"]},{"@type":"Person","@id":"https:\/\/www.redacteur.com\/blog\/#\/schema\/person\/aed1f234f8f0815e215275b45552fb19","name":"C\u00e9line Albarracin","image":{"@type":"ImageObject","inLanguage":"fr-FR","@id":"https:\/\/www.redacteur.com\/blog\/#\/schema\/person\/image\/","url":"https:\/\/secure.gravatar.com\/avatar\/5f8037511ab6527c87ad67da2a340e5c46e1c82beb9df711e61099a1530ceebb?s=96&d=mm&r=g","contentUrl":"https:\/\/secure.gravatar.com\/avatar\/5f8037511ab6527c87ad67da2a340e5c46e1c82beb9df711e61099a1530ceebb?s=96&d=mm&r=g","caption":"C\u00e9line Albarracin"},"description":"C\u00e9line est une r\u00e9dactrice web sp\u00e9cialiste du SEO. Elle met en place des strat\u00e9gies de contenu pouss\u00e9es. C'est aussi une CM hors pair.","sameAs":["https:\/\/www.linkedin.com\/in\/celinealbarracin\/"],"url":"https:\/\/www.redacteur.com\/blog\/author\/celinealbarracin\/"}]}},"_links":{"self":[{"href":"https:\/\/www.redacteur.com\/blog\/wp-json\/wp\/v2\/posts\/36378","targetHints":{"allow":["GET"]}}],"collection":[{"href":"https:\/\/www.redacteur.com\/blog\/wp-json\/wp\/v2\/posts"}],"about":[{"href":"https:\/\/www.redacteur.com\/blog\/wp-json\/wp\/v2\/types\/post"}],"author":[{"embeddable":true,"href":"https:\/\/www.redacteur.com\/blog\/wp-json\/wp\/v2\/users\/66"}],"replies":[{"embeddable":true,"href":"https:\/\/www.redacteur.com\/blog\/wp-json\/wp\/v2\/comments?post=36378"}],"version-history":[{"count":0,"href":"https:\/\/www.redacteur.com\/blog\/wp-json\/wp\/v2\/posts\/36378\/revisions"}],"wp:featuredmedia":[{"embeddable":true,"href":"https:\/\/www.redacteur.com\/blog\/wp-json\/wp\/v2\/media\/41316"}],"wp:attachment":[{"href":"https:\/\/www.redacteur.com\/blog\/wp-json\/wp\/v2\/media?parent=36378"}],"wp:term":[{"taxonomy":"category","embeddable":true,"href":"https:\/\/www.redacteur.com\/blog\/wp-json\/wp\/v2\/categories?post=36378"},{"taxonomy":"post_tag","embeddable":true,"href":"https:\/\/www.redacteur.com\/blog\/wp-json\/wp\/v2\/tags?post=36378"}],"curies":[{"name":"wp","href":"https:\/\/api.w.org\/{rel}","templated":true}]}}